{"id":5811,"date":"2023-04-25T14:32:17","date_gmt":"2023-04-25T14:32:17","guid":{"rendered":"https:\/\/exciting-panini.13-37-234-21.plesk.page\/?p=5811"},"modified":"2024-08-06T11:06:32","modified_gmt":"2024-08-06T11:06:32","slug":"on-est-parfois-plus-responsable-quon-ne-le-pense-ou-quon-ne-le-souhaite","status":"publish","type":"post","link":"https:\/\/viqtor.eu\/sl\/on-est-parfois-plus-responsable-quon-ne-le-pense-ou-quon-ne-le-souhaite\/","title":{"rendered":"V\u010dasih smo bolj odgovorni, kot si mislimo ... ali kot si \u017eelimo biti."},"content":{"rendered":"<div data-elementor-type=\"wp-post\" data-elementor-id=\"5811\" class=\"elementor elementor-5811\" data-elementor-post-type=\"post\">\n\t\t\t\t\t\t<section class=\"elementor-section elementor-top-section elementor-element elementor-element-a8ddb20 ot-traditional elementor-section-boxed elementor-section-height-default elementor-section-height-default\" data-id=\"a8ddb20\" data-element_type=\"section\">\n\t\t\t\t\t\t<div class=\"elementor-container elementor-column-gap-default\">\n\t\t\t\t\t<div class=\"elementor-column elementor-col-100 elementor-top-column elementor-element elementor-element-8d4afb6 ot-flex-column-vertical\" data-id=\"8d4afb6\" data-element_type=\"column\">\n\t\t\t<div class=\"elementor-widget-wrap elementor-element-populated\">\n\t\t\t\t\t\t<div class=\"elementor-element elementor-element-9795236 elementor-widget elementor-widget-image\" data-id=\"9795236\" data-element_type=\"widget\" data-widget_type=\"image.default\">\n\t\t\t\t<div class=\"elementor-widget-container\">\n\t\t\t\t\t\t\t\t\t\t\t\t\t<img fetchpriority=\"high\" decoding=\"async\" width=\"1000\" height=\"645\" src=\"https:\/\/viqtor.eu\/wp-content\/uploads\/2023\/04\/On-est-parfois-plus-responsable-quon-ne-le-pense\u2026-ou-quon-ne-le-souhaite.jpg\" class=\"attachment-full size-full wp-image-12152\" alt=\"On est parfois plus responsable qu\u2019on ne le pense\u2026 ou qu\u2019on ne le souhaite\" srcset=\"https:\/\/viqtor.eu\/wp-content\/uploads\/2023\/04\/On-est-parfois-plus-responsable-quon-ne-le-pense\u2026-ou-quon-ne-le-souhaite.jpg 1000w, https:\/\/viqtor.eu\/wp-content\/uploads\/2023\/04\/On-est-parfois-plus-responsable-quon-ne-le-pense\u2026-ou-quon-ne-le-souhaite-300x194.jpg 300w, https:\/\/viqtor.eu\/wp-content\/uploads\/2023\/04\/On-est-parfois-plus-responsable-quon-ne-le-pense\u2026-ou-quon-ne-le-souhaite-768x495.jpg 768w, https:\/\/viqtor.eu\/wp-content\/uploads\/2023\/04\/On-est-parfois-plus-responsable-quon-ne-le-pense\u2026-ou-quon-ne-le-souhaite-720x464.jpg 720w\" sizes=\"(max-width: 1000px) 100vw, 1000px\" \/>\t\t\t\t\t\t\t\t\t\t\t\t\t<\/div>\n\t\t\t\t<\/div>\n\t\t\t\t\t<\/div>\n\t\t<\/div>\n\t\t\t\t\t<\/div>\n\t\t<\/section>\n\t\t\t\t<section class=\"elementor-section elementor-top-section elementor-element elementor-element-af19dd4 ot-traditional elementor-section-boxed elementor-section-height-default elementor-section-height-default\" data-id=\"af19dd4\" data-element_type=\"section\">\n\t\t\t\t\t\t<div class=\"elementor-container elementor-column-gap-default\">\n\t\t\t\t\t<div class=\"elementor-column elementor-col-100 elementor-top-column elementor-element elementor-element-a8fab76 ot-flex-column-vertical\" data-id=\"a8fab76\" data-element_type=\"column\">\n\t\t\t<div class=\"elementor-widget-wrap elementor-element-populated\">\n\t\t\t\t\t\t<div class=\"elementor-element elementor-element-98100d6 elementor-widget elementor-widget-heading\" data-id=\"98100d6\" data-element_type=\"widget\" data-widget_type=\"heading.default\">\n\t\t\t\t<div class=\"elementor-widget-container\">\n\t\t\t<h1 class=\"elementor-heading-title elementor-size-default\">V\u010dasih smo bolj odgovorni, kot si mislimo ... ali kot si \u017eelimo biti.<\/h1>\t\t<\/div>\n\t\t\t\t<\/div>\n\t\t\t\t\t<\/div>\n\t\t<\/div>\n\t\t\t\t\t<\/div>\n\t\t<\/section>\n\t\t\t\t<section class=\"elementor-section elementor-top-section elementor-element elementor-element-15c87ec3 ot-traditional elementor-section-boxed elementor-section-height-default elementor-section-height-default\" data-id=\"15c87ec3\" data-element_type=\"section\">\n\t\t\t\t\t\t<div class=\"elementor-container elementor-column-gap-default\">\n\t\t\t\t\t<div class=\"elementor-column elementor-col-100 elementor-top-column elementor-element elementor-element-29a30b2 ot-flex-column-vertical\" data-id=\"29a30b2\" data-element_type=\"column\">\n\t\t\t<div class=\"elementor-widget-wrap elementor-element-populated\">\n\t\t\t\t\t\t<div class=\"elementor-element elementor-element-415d2eeb elementor-widget elementor-widget-text-editor\" data-id=\"415d2eeb\" data-element_type=\"widget\" data-widget_type=\"text-editor.default\">\n\t\t\t\t<div class=\"elementor-widget-container\">\n\t\t\t\t\t\t\t<!-- wp:paragraph -->\n<p><strong>Pravna ura \u2013 september 2019.<br><\/strong><\/p>\n<!-- \/wp:paragraph -->\n\n<!-- wp:paragraph -->\n<p><em>To velja, ko na svoje spletno mesto namestite preprost vti\u010dnik, tudi \u010de nimate dostopa do podatkov, zbranih na ta na\u010din.<\/em> <\/p>\n<!-- \/wp:paragraph -->\n\n<!-- wp:paragraph -->\n<p>Nedavna sodba Sodi\u0161\u010da Evropske unije, znana kot &quot;Fashion ID&quot;, potrjuje to opa\u017eanje s pojasnitvijo odgovornosti upravljavcev spletnih strani, ki na svojo stran vstavijo ikono &quot;v\u0161e\u010d mi je&quot; na Facebooku.<\/p>\n<!-- \/wp:paragraph -->\n\n<!-- wp:paragraph -->\n<p><em>Vstavitev tega preprostega vti\u010dnika ima lahko torej za posledico, da je upravljavec spletnega mesta soodgovoren za obdelavo skupaj z dru\u017ebenim omre\u017ejem, ki te podatke zbira.<\/em><\/p>\n<!-- \/wp:paragraph -->\n\n<!-- wp:paragraph -->\n<p>S tehni\u010dnega vidika preprosta vstavitev vti\u010dnika na spletno stran omogo\u010da samodejno sporo\u010danje podatkov o povezavi obiskovalcev te strani zadevnemu dru\u017ebenemu omre\u017eju, ne glede na to, ali obiskovalci kliknejo ikono vti\u010dnika ali ne. V tem primeru so bili podatki obiskovalcev spletnega mesta Fashion ID, nem\u0161kega spletnega prodajalca modnih obla\u010dil, tako sistemati\u010dno posredovani Facebooku. To se dejansko dogaja na mnogih spletnih mestih danes, pa naj gre za spletno prodajo, novice ali bloge. In sklepanje, usmerjeno proti Facebooku v tem primeru, se lahko raz\u0161iri na katero koli dru\u017ebeno omre\u017eje ali drug subjekt, ki uporablja isto tehnologijo.<\/p>\n<!-- \/wp:paragraph -->\n\n<!-- wp:paragraph -->\n<p>Sodi\u0161\u010de je pojasnilo, da dejstvo, da upravljavec spletnega mesta nima dostopa do tako posredovanih podatkov, ne zmanj\u0161uje njegove odgovornosti. Odlo\u010dilni dejavnik ostaja dejstvo, da skupaj s Facebookom dolo\u010da namene in sredstva obdelave. Sodi\u0161\u010de morebitno skupno odgovornost spletnega mesta in Facebooka sklepa na vzajemne gospodarske koristi, ki jih imata s tem sodelovanjem: za Facebook obogatitev svoje baze podatkov, za upravljavca spletnega mesta pa optimizacija ogla\u0161evanja njegovih izdelkov na dru\u017ebenem omre\u017eju Facebook takoj, ko obiskovalec klikne ikono \u00bbv\u0161e\u010d mi je\u00ab.<\/p>\n<!-- \/wp:paragraph -->\n\n<!-- wp:paragraph -->\n<p>Sodi\u0161\u010de pojasnjuje, da se pravne odgovornosti in obveznosti razlikujejo glede na razli\u010dne vidike obdelave: v tem primeru Fashion ID ne more biti odgovoren za to, kako Facebook naknadno obdeluje podatke. Facebook mora za to obdelavo zagotoviti tudi posebno pravno podlago. Vendar pa mora upravljavec spletnega mesta svoje obiskovalce lo\u010deno obvestiti in pridobiti njihovo soglasje glede zbiranja in posredovanja teh podatkov dru\u017ebenemu omre\u017eju.<\/p>\n<!-- \/wp:paragraph -->\n\n<!-- wp:paragraph -->\n<p><em>Iz te pomembne sodbe se lahko nau\u010dimo ve\u010d lekcij. Zato je priporo\u010dljivo:<\/em><\/p>\n<!-- \/wp:paragraph -->\n\n<!-- wp:list -->\n<ul><!-- wp:list-item -->\n<li>Sistemati\u010dno preverjajte pogoje uporabe vti\u010dnikov na va\u0161em spletnem mestu in morebitne pogoje prenosa podatkov tretjim osebam,<\/li>\n<!-- \/wp:list-item -->\n\n<!-- wp:list-item -->\n<li>Preverite klavzule o odgovornosti v pogodbah s temi tretjimi osebami;<\/li>\n<!-- \/wp:list-item -->\n\n<!-- wp:list-item -->\n<li>Obiskovalce posebej obvestite o tej zbirki in pridobite njihovo lo\u010deno soglasje.<\/li>\n<!-- \/wp:list-item --><\/ul>\n<!-- \/wp:list -->\n\n<!-- wp:paragraph -->\n<p>Ti previdnostni ukrepi so \u0161e toliko bolj pomembni, ker je CNIL nedavno pojasnil stroge pogoje za pridobitev soglasja v zvezi s ciljanjem spletnega ogla\u0161evanja in napovedal, da bo svoje dejavnosti spremljanja v letu 2019 osredoto\u010dil na vpra\u0161anja porazdelitve odgovornosti med razli\u010dnimi stranmi, ki obdelujejo osebne podatke.&nbsp;<\/p>\n<!-- \/wp:paragraph -->\n\n<!-- wp:paragraph -->\n<p>Ta vpra\u0161anja se obravnavajo tudi na evropski ravni. EOVP, ki zdru\u017euje organe Evropske unije za varstvo podatkov (CNIL), je za\u010del razprave, v katere so bile vklju\u010dene razli\u010dne sektorske organizacije, da bi posodobil referen\u010dno mnenje nadzornih organov o identifikaciji in vlogi upravljavcev, skupnih upravljavcev in obdelovalcev.<\/p>\n<!-- \/wp:paragraph -->\n\n<!-- wp:paragraph -->\n<p><strong>In tudi:<\/strong><\/p>\n<!-- \/wp:paragraph -->\n\n<!-- wp:paragraph -->\n<p><span style=\"text-decoration: underline;\">\u2022 v Evropi:<\/span><\/p>\n<!-- \/wp:paragraph -->\n\n<!-- wp:paragraph -->\n<p><strong>Brexit:<\/strong><\/p>\n<!-- \/wp:paragraph -->\n\n<!-- wp:paragraph -->\n<p>Kak\u0161ni bi bili pogoji za prenos podatkov v Zdru\u017eeno kraljestvo, \u010de bi dr\u017eava zapustila Evropsko unijo brez dogovora? EOVP je v za\u010detku leta 2019 objavil opombo, v kateri je podrobno opisal pogoje in razli\u010dne veljavne pravne podlage. Britanski organ za varstvo podatkov na svoji uradni spletni strani odgovarja tudi na \u0161tevilna vpra\u0161anja.<\/p>\n<!-- \/wp:paragraph -->\n\n<!-- wp:paragraph -->\n<p><strong>Biometri\u010dni podatki:<\/strong><\/p>\n<!-- \/wp:paragraph -->\n\n<!-- wp:paragraph -->\n<p>\u0160vedski organ za varstvo podatkov je 21. avgusta izdal svojo prvo sankcijo v skladu z GDPR. \u0160oli je bila nalo\u017eena globa v vi\u0161ini 20.000 evrov zaradi uvedbe sistema za prepoznavanje obrazov u\u010dencev, kar je kr\u0161ilo ve\u010d na\u010del GDPR: neveljavno soglasje, ob\u010dutljivi biometri\u010dni podatki, pomanjkanje predhodne ocene u\u010dinka in neposvetovanje z organom za varstvo podatkov.<\/p>\n<!-- \/wp:paragraph -->\n\n<!-- wp:paragraph -->\n<p><strong>Oblak in za\u0161\u010dita podatkov:<\/strong><\/p>\n<!-- \/wp:paragraph -->\n\n<!-- wp:paragraph -->\n<p>Mo\u017enost evropskega ra\u010dunalni\u0161tva v oblaku z usklajenimi pravili je vse bli\u017eje. 29. avgusta je v Haagu potekalo prvo sre\u010danje dele\u017enikov iz javnega in zasebnega sektorja na evropski in mednarodni ravni.<\/p>\n<!-- \/wp:paragraph -->\n\n<!-- wp:paragraph -->\n<p>\u2022 na svetu:<\/p>\n<!-- \/wp:paragraph -->\n\n<!-- wp:paragraph -->\n<p><strong>Elektronski dokazi:<\/strong><\/p>\n<!-- \/wp:paragraph -->\n\n<!-- wp:paragraph -->\n<p>Pogoji, pod katerimi lahko pravosodni organi dostopajo do elektronskih dokazov (v nadaljevanju: e-dokazi), ki jih hranijo podjetja, so predmet razvoja v Evropi in na mednarodni ravni. Cilj je uskladiti ta pravila v Evropi, pa tudi dose\u010di dogovor z Zdru\u017eenimi dr\u017eavami o pogojih dostopa do teh podatkov v okviru boja proti kriminalu. V skladu z ameri\u0161kim &quot;zakonom o oblaku&quot; imajo Zdru\u017eene dr\u017eave Amerike od marca 2018 dostop do podatkov ameri\u0161kih podjetij s sede\u017eem v Evropi. Cilj je dose\u010di dogovor o teh pogojih dostopa na obeh straneh Atlantika v skladu s pravili o varstvu podatkov.<\/p>\n<!-- \/wp:paragraph -->\n\n<!-- wp:paragraph -->\n<p><strong>Standard ISO:<\/strong><\/p>\n<!-- \/wp:paragraph -->\n\n<!-- wp:paragraph -->\n<p>Novi standard ISO\/IEC\/27701 je bil objavljen v za\u010detku avgusta. Gre za raz\u0161iritev standardov ISO\/IEC 27001 in ISO\/IEC 27002, ki zajema upravljanje zasebnosti, in upo\u0161teva tudi zahteve GDPR.<\/p>\n<!-- \/wp:paragraph -->\n\n<!-- wp:paragraph {\"fontSize\":\"small\"} -->\n<p class=\"has-small-font-size\"><em>1 Sodba uporablja Direktivo 95\/46\/ES, ki jo je razveljavila Uredba (EU) 2016\/679 oziroma GDPR. Dolo\u010dbe o (so)odgovornosti pa so v novi uredbi ostale enake.<\/em><\/p>\n<!-- \/wp:paragraph -->\t\t\t\t\t\t<\/div>\n\t\t\t\t<\/div>\n\t\t\t\t\t<\/div>\n\t\t<\/div>\n\t\t\t\t\t<\/div>\n\t\t<\/section>\n\t\t\t\t<section class=\"elementor-section elementor-top-section elementor-element elementor-element-ca0d124 ot-traditional elementor-section-boxed elementor-section-height-default elementor-section-height-default\" data-id=\"ca0d124\" data-element_type=\"section\">\n\t\t\t\t\t\t<div class=\"elementor-container elementor-column-gap-default\">\n\t\t\t\t\t<div class=\"elementor-column elementor-col-100 elementor-top-column elementor-element elementor-element-cfc69c6 ot-flex-column-vertical\" data-id=\"cfc69c6\" data-element_type=\"column\">\n\t\t\t<div class=\"elementor-widget-wrap elementor-element-populated\">\n\t\t\t\t\t\t<div class=\"elementor-element elementor-element-34095e6 elementor-align-center elementor-widget elementor-widget-button\" data-id=\"34095e6\" data-element_type=\"widget\" data-widget_type=\"button.default\">\n\t\t\t\t<div class=\"elementor-widget-container\">\n\t\t\t\t\t<div class=\"elementor-button-wrapper\">\n\t\t\t<a class=\"elementor-button elementor-button-link elementor-size-lg\" href=\"https:\/\/app.viqtor.eu\/\">\n\t\t\t\t\t\t<span class=\"elementor-button-content-wrapper\">\n\t\t\t\t\t\t<span class=\"elementor-button-icon\">\n\t\t\t\t<i aria-hidden=\"true\" class=\"fas fa-long-arrow-alt-right\"><\/i>\t\t\t<\/span>\n\t\t\t\t\t\t\t\t\t<span class=\"elementor-button-text\">Odkrijte Viqtor\u00ae<\/span>\n\t\t\t\t\t<\/span>\n\t\t\t\t\t<\/a>\n\t\t<\/div>\n\t\t\t\t<\/div>\n\t\t\t\t<\/div>\n\t\t\t\t\t<\/div>\n\t\t<\/div>\n\t\t\t\t\t<\/div>\n\t\t<\/section>\n\t\t\t\t<\/div>","protected":false},"excerpt":{"rendered":"<p>V\u010dasih smo bolj odgovorni, kot si mislimo ... ali kot si \u017eelimo biti. Legal Watch \u2013 september 2019. To velja, ko na svoje spletno mesto namestimo preprost vti\u010dnik, tudi \u010de nimamo dostopa do podatkov, zbranih na ta na\u010din. Nedavna sodba Sodi\u0161\u010da z dne [\u2026]<\/p>","protected":false},"author":1,"featured_media":5835,"comment_status":"closed","ping_status":"open","sticky":false,"template":"elementor_header_footer","format":"standard","meta":{"_acf_changed":false,"footnotes":""},"categories":[35],"tags":[],"class_list":["post-5811","post","type-post","status-publish","format-standard","has-post-thumbnail","hentry","category-veille-juridique"],"acf":[],"yoast_head":"<!-- This site is optimized with the Yoast SEO plugin v23.6 - https:\/\/yoast.com\/wordpress\/plugins\/seo\/ -->\n<title>On est parfois plus responsable qu\u2019on ne le pense\u2026 ou qu\u2019on ne le souhaite - Viqtor<\/title>\n<meta name=\"description\" content=\"On est parfois plus responsable qu\u2019on ne le pense\u2026 ou qu\u2019on ne le souhaite - Viqtor\" \/>\n<meta name=\"robots\" content=\"index, follow, max-snippet:-1, max-image-preview:large, max-video-preview:-1\" \/>\n<link rel=\"canonical\" href=\"https:\/\/viqtor.eu\/sl\/on-est-parfois-plus-responsable-quon-ne-le-pense-ou-quon-ne-le-souhaite\/\" \/>\n<meta property=\"og:locale\" content=\"sl_SI\" \/>\n<meta property=\"og:type\" content=\"article\" \/>\n<meta property=\"og:title\" content=\"On est parfois plus responsable qu\u2019on ne le pense\u2026 ou qu\u2019on ne le souhaite - Viqtor\" \/>\n<meta property=\"og:description\" content=\"On est parfois plus responsable qu\u2019on ne le pense\u2026 ou qu\u2019on ne le souhaite - Viqtor\" \/>\n<meta property=\"og:url\" content=\"https:\/\/viqtor.eu\/sl\/on-est-parfois-plus-responsable-quon-ne-le-pense-ou-quon-ne-le-souhaite\/\" \/>\n<meta property=\"og:site_name\" content=\"Viqtor\" \/>\n<meta property=\"article:published_time\" content=\"2023-04-25T14:32:17+00:00\" \/>\n<meta property=\"article:modified_time\" content=\"2024-08-06T11:06:32+00:00\" \/>\n<meta property=\"og:image\" content=\"https:\/\/viqtor.eu\/wp-content\/uploads\/2026\/04\/widget-viqtor.png\" \/>\n\t<meta property=\"og:image:width\" content=\"1000\" \/>\n\t<meta property=\"og:image:height\" content=\"645\" \/>\n\t<meta property=\"og:image:type\" content=\"image\/jpeg\" \/>\n<meta name=\"author\" content=\"Bruno\" \/>\n<meta name=\"twitter:card\" content=\"summary_large_image\" \/>\n<meta name=\"twitter:label1\" content=\"Written by\" \/>\n\t<meta name=\"twitter:data1\" content=\"Bruno\" \/>\n\t<meta name=\"twitter:label2\" content=\"Est. reading time\" \/>\n\t<meta name=\"twitter:data2\" content=\"5 minut\" \/>\n<script type=\"application\/ld+json\" class=\"yoast-schema-graph\">{\"@context\":\"https:\/\/schema.org\",\"@graph\":[{\"@type\":\"Article\",\"@id\":\"https:\/\/viqtor.eu\/on-est-parfois-plus-responsable-quon-ne-le-pense-ou-quon-ne-le-souhaite\/#article\",\"isPartOf\":{\"@id\":\"https:\/\/viqtor.eu\/on-est-parfois-plus-responsable-quon-ne-le-pense-ou-quon-ne-le-souhaite\/\"},\"author\":{\"name\":\"Bruno\",\"@id\":\"https:\/\/viqtor.eu\/#\/schema\/person\/3dbd9cc82a28f6cf1695c92eda0099ad\"},\"headline\":\"On est parfois plus responsable qu\u2019on ne le pense\u2026 ou qu\u2019on ne le souhaite\",\"datePublished\":\"2023-04-25T14:32:17+00:00\",\"dateModified\":\"2024-08-06T11:06:32+00:00\",\"mainEntityOfPage\":{\"@id\":\"https:\/\/viqtor.eu\/on-est-parfois-plus-responsable-quon-ne-le-pense-ou-quon-ne-le-souhaite\/\"},\"wordCount\":1124,\"publisher\":{\"@id\":\"https:\/\/viqtor.eu\/#organization\"},\"image\":{\"@id\":\"https:\/\/viqtor.eu\/on-est-parfois-plus-responsable-quon-ne-le-pense-ou-quon-ne-le-souhaite\/#primaryimage\"},\"thumbnailUrl\":\"https:\/\/viqtor.eu\/wp-content\/uploads\/2023\/04\/shutterstock_1318808819.jpg\",\"articleSection\":[\"Veille juridique\"],\"inLanguage\":\"sl-SI\"},{\"@type\":\"WebPage\",\"@id\":\"https:\/\/viqtor.eu\/on-est-parfois-plus-responsable-quon-ne-le-pense-ou-quon-ne-le-souhaite\/\",\"url\":\"https:\/\/viqtor.eu\/on-est-parfois-plus-responsable-quon-ne-le-pense-ou-quon-ne-le-souhaite\/\",\"name\":\"On est parfois plus responsable qu\u2019on ne le pense\u2026 ou qu\u2019on ne le souhaite - Viqtor\",\"isPartOf\":{\"@id\":\"https:\/\/viqtor.eu\/#website\"},\"primaryImageOfPage\":{\"@id\":\"https:\/\/viqtor.eu\/on-est-parfois-plus-responsable-quon-ne-le-pense-ou-quon-ne-le-souhaite\/#primaryimage\"},\"image\":{\"@id\":\"https:\/\/viqtor.eu\/on-est-parfois-plus-responsable-quon-ne-le-pense-ou-quon-ne-le-souhaite\/#primaryimage\"},\"thumbnailUrl\":\"https:\/\/viqtor.eu\/wp-content\/uploads\/2023\/04\/shutterstock_1318808819.jpg\",\"datePublished\":\"2023-04-25T14:32:17+00:00\",\"dateModified\":\"2024-08-06T11:06:32+00:00\",\"description\":\"On est parfois plus responsable qu\u2019on ne le pense\u2026 ou qu\u2019on ne le souhaite - Viqtor\",\"breadcrumb\":{\"@id\":\"https:\/\/viqtor.eu\/on-est-parfois-plus-responsable-quon-ne-le-pense-ou-quon-ne-le-souhaite\/#breadcrumb\"},\"inLanguage\":\"sl-SI\",\"potentialAction\":[{\"@type\":\"ReadAction\",\"target\":[\"https:\/\/viqtor.eu\/on-est-parfois-plus-responsable-quon-ne-le-pense-ou-quon-ne-le-souhaite\/\"]}]},{\"@type\":\"ImageObject\",\"inLanguage\":\"sl-SI\",\"@id\":\"https:\/\/viqtor.eu\/on-est-parfois-plus-responsable-quon-ne-le-pense-ou-quon-ne-le-souhaite\/#primaryimage\",\"url\":\"https:\/\/viqtor.eu\/wp-content\/uploads\/2023\/04\/shutterstock_1318808819.jpg\",\"contentUrl\":\"https:\/\/viqtor.eu\/wp-content\/uploads\/2023\/04\/shutterstock_1318808819.jpg\",\"width\":1000,\"height\":645},{\"@type\":\"BreadcrumbList\",\"@id\":\"https:\/\/viqtor.eu\/on-est-parfois-plus-responsable-quon-ne-le-pense-ou-quon-ne-le-souhaite\/#breadcrumb\",\"itemListElement\":[{\"@type\":\"ListItem\",\"position\":1,\"name\":\"Accueil\",\"item\":\"https:\/\/viqtor.eu\/\"},{\"@type\":\"ListItem\",\"position\":2,\"name\":\"On est parfois plus responsable qu\u2019on ne le pense\u2026 ou qu\u2019on ne le souhaite\"}]},{\"@type\":\"WebSite\",\"@id\":\"https:\/\/viqtor.eu\/#website\",\"url\":\"https:\/\/viqtor.eu\/\",\"name\":\"Viqtor\",\"description\":\"Faites du RGPD une opportunit\u00e9 pour votre entreprise.\",\"publisher\":{\"@id\":\"https:\/\/viqtor.eu\/#organization\"},\"potentialAction\":[{\"@type\":\"SearchAction\",\"target\":{\"@type\":\"EntryPoint\",\"urlTemplate\":\"https:\/\/viqtor.eu\/?s={search_term_string}\"},\"query-input\":{\"@type\":\"PropertyValueSpecification\",\"valueRequired\":true,\"valueName\":\"search_term_string\"}}],\"inLanguage\":\"sl-SI\"},{\"@type\":\"Organization\",\"@id\":\"https:\/\/viqtor.eu\/#organization\",\"name\":\"viqtor.eu\",\"url\":\"https:\/\/viqtor.eu\/\",\"logo\":{\"@type\":\"ImageObject\",\"inLanguage\":\"sl-SI\",\"@id\":\"https:\/\/viqtor.eu\/#\/schema\/logo\/image\/\",\"url\":\"https:\/\/viqtor.eu\/wp-content\/uploads\/2023\/06\/favicon-noir.svg\",\"contentUrl\":\"https:\/\/viqtor.eu\/wp-content\/uploads\/2023\/06\/favicon-noir.svg\",\"width\":108,\"height\":86,\"caption\":\"viqtor.eu\"},\"image\":{\"@id\":\"https:\/\/viqtor.eu\/#\/schema\/logo\/image\/\"}},{\"@type\":\"Person\",\"@id\":\"https:\/\/viqtor.eu\/#\/schema\/person\/3dbd9cc82a28f6cf1695c92eda0099ad\",\"name\":\"Bruno\",\"image\":{\"@type\":\"ImageObject\",\"inLanguage\":\"sl-SI\",\"@id\":\"https:\/\/viqtor.eu\/#\/schema\/person\/image\/\",\"url\":\"https:\/\/secure.gravatar.com\/avatar\/e5a596f9489de15bfe046e97fb771f63589b601ca7e81ccc2bb9a23582f441a3?s=96&d=mm&r=g\",\"contentUrl\":\"https:\/\/secure.gravatar.com\/avatar\/e5a596f9489de15bfe046e97fb771f63589b601ca7e81ccc2bb9a23582f441a3?s=96&d=mm&r=g\",\"caption\":\"Bruno\"},\"sameAs\":[\"https:\/\/exciting-panini.13-37-234-21.plesk.page\"],\"url\":\"https:\/\/viqtor.eu\/sl\/author\/mouad_zxum2ebi\/\"}]}<\/script>\n<!-- \/ Yoast SEO plugin. -->","yoast_head_json":{"title":"On est parfois plus responsable qu\u2019on ne le pense\u2026 ou qu\u2019on ne le souhaite - Viqtor","description":"On est parfois plus responsable qu\u2019on ne le pense\u2026 ou qu\u2019on ne le souhaite - Viqtor","robots":{"index":"index","follow":"follow","max-snippet":"max-snippet:-1","max-image-preview":"max-image-preview:large","max-video-preview":"max-video-preview:-1"},"canonical":"https:\/\/viqtor.eu\/sl\/on-est-parfois-plus-responsable-quon-ne-le-pense-ou-quon-ne-le-souhaite\/","og_locale":"sl_SI","og_type":"article","og_title":"On est parfois plus responsable qu\u2019on ne le pense\u2026 ou qu\u2019on ne le souhaite - Viqtor","og_description":"On est parfois plus responsable qu\u2019on ne le pense\u2026 ou qu\u2019on ne le souhaite - Viqtor","og_url":"https:\/\/viqtor.eu\/sl\/on-est-parfois-plus-responsable-quon-ne-le-pense-ou-quon-ne-le-souhaite\/","og_site_name":"Viqtor","article_published_time":"2023-04-25T14:32:17+00:00","article_modified_time":"2024-08-06T11:06:32+00:00","og_image":[{"width":1000,"height":645,"url":"https:\/\/viqtor.eu\/wp-content\/uploads\/2026\/04\/widget-viqtor.png","type":"image\/jpeg"}],"author":"Bruno","twitter_card":"summary_large_image","twitter_misc":{"Written by":"Bruno","Est. reading time":"5 minut"},"schema":{"@context":"https:\/\/schema.org","@graph":[{"@type":"Article","@id":"https:\/\/viqtor.eu\/on-est-parfois-plus-responsable-quon-ne-le-pense-ou-quon-ne-le-souhaite\/#article","isPartOf":{"@id":"https:\/\/viqtor.eu\/on-est-parfois-plus-responsable-quon-ne-le-pense-ou-quon-ne-le-souhaite\/"},"author":{"name":"Bruno","@id":"https:\/\/viqtor.eu\/#\/schema\/person\/3dbd9cc82a28f6cf1695c92eda0099ad"},"headline":"On est parfois plus responsable qu\u2019on ne le pense\u2026 ou qu\u2019on ne le souhaite","datePublished":"2023-04-25T14:32:17+00:00","dateModified":"2024-08-06T11:06:32+00:00","mainEntityOfPage":{"@id":"https:\/\/viqtor.eu\/on-est-parfois-plus-responsable-quon-ne-le-pense-ou-quon-ne-le-souhaite\/"},"wordCount":1124,"publisher":{"@id":"https:\/\/viqtor.eu\/#organization"},"image":{"@id":"https:\/\/viqtor.eu\/on-est-parfois-plus-responsable-quon-ne-le-pense-ou-quon-ne-le-souhaite\/#primaryimage"},"thumbnailUrl":"https:\/\/viqtor.eu\/wp-content\/uploads\/2023\/04\/shutterstock_1318808819.jpg","articleSection":["Veille juridique"],"inLanguage":"sl-SI"},{"@type":"WebPage","@id":"https:\/\/viqtor.eu\/on-est-parfois-plus-responsable-quon-ne-le-pense-ou-quon-ne-le-souhaite\/","url":"https:\/\/viqtor.eu\/on-est-parfois-plus-responsable-quon-ne-le-pense-ou-quon-ne-le-souhaite\/","name":"On est parfois plus responsable qu\u2019on ne le pense\u2026 ou qu\u2019on ne le souhaite - Viqtor","isPartOf":{"@id":"https:\/\/viqtor.eu\/#website"},"primaryImageOfPage":{"@id":"https:\/\/viqtor.eu\/on-est-parfois-plus-responsable-quon-ne-le-pense-ou-quon-ne-le-souhaite\/#primaryimage"},"image":{"@id":"https:\/\/viqtor.eu\/on-est-parfois-plus-responsable-quon-ne-le-pense-ou-quon-ne-le-souhaite\/#primaryimage"},"thumbnailUrl":"https:\/\/viqtor.eu\/wp-content\/uploads\/2023\/04\/shutterstock_1318808819.jpg","datePublished":"2023-04-25T14:32:17+00:00","dateModified":"2024-08-06T11:06:32+00:00","description":"On est parfois plus responsable qu\u2019on ne le pense\u2026 ou qu\u2019on ne le souhaite - Viqtor","breadcrumb":{"@id":"https:\/\/viqtor.eu\/on-est-parfois-plus-responsable-quon-ne-le-pense-ou-quon-ne-le-souhaite\/#breadcrumb"},"inLanguage":"sl-SI","potentialAction":[{"@type":"ReadAction","target":["https:\/\/viqtor.eu\/on-est-parfois-plus-responsable-quon-ne-le-pense-ou-quon-ne-le-souhaite\/"]}]},{"@type":"ImageObject","inLanguage":"sl-SI","@id":"https:\/\/viqtor.eu\/on-est-parfois-plus-responsable-quon-ne-le-pense-ou-quon-ne-le-souhaite\/#primaryimage","url":"https:\/\/viqtor.eu\/wp-content\/uploads\/2023\/04\/shutterstock_1318808819.jpg","contentUrl":"https:\/\/viqtor.eu\/wp-content\/uploads\/2023\/04\/shutterstock_1318808819.jpg","width":1000,"height":645},{"@type":"BreadcrumbList","@id":"https:\/\/viqtor.eu\/on-est-parfois-plus-responsable-quon-ne-le-pense-ou-quon-ne-le-souhaite\/#breadcrumb","itemListElement":[{"@type":"ListItem","position":1,"name":"Accueil","item":"https:\/\/viqtor.eu\/"},{"@type":"ListItem","position":2,"name":"On est parfois plus responsable qu\u2019on ne le pense\u2026 ou qu\u2019on ne le souhaite"}]},{"@type":"WebSite","@id":"https:\/\/viqtor.eu\/#website","url":"https:\/\/viqtor.eu\/","name":"Viqtor","description":"Faites du RGPD une opportunit\u00e9 pour votre entreprise.","publisher":{"@id":"https:\/\/viqtor.eu\/#organization"},"potentialAction":[{"@type":"SearchAction","target":{"@type":"EntryPoint","urlTemplate":"https:\/\/viqtor.eu\/?s={search_term_string}"},"query-input":{"@type":"PropertyValueSpecification","valueRequired":true,"valueName":"search_term_string"}}],"inLanguage":"sl-SI"},{"@type":"Organization","@id":"https:\/\/viqtor.eu\/#organization","name":"viqtor.eu","url":"https:\/\/viqtor.eu\/","logo":{"@type":"ImageObject","inLanguage":"sl-SI","@id":"https:\/\/viqtor.eu\/#\/schema\/logo\/image\/","url":"https:\/\/viqtor.eu\/wp-content\/uploads\/2023\/06\/favicon-noir.svg","contentUrl":"https:\/\/viqtor.eu\/wp-content\/uploads\/2023\/06\/favicon-noir.svg","width":108,"height":86,"caption":"viqtor.eu"},"image":{"@id":"https:\/\/viqtor.eu\/#\/schema\/logo\/image\/"}},{"@type":"Person","@id":"https:\/\/viqtor.eu\/#\/schema\/person\/3dbd9cc82a28f6cf1695c92eda0099ad","name":"Bruno","image":{"@type":"ImageObject","inLanguage":"sl-SI","@id":"https:\/\/viqtor.eu\/#\/schema\/person\/image\/","url":"https:\/\/secure.gravatar.com\/avatar\/e5a596f9489de15bfe046e97fb771f63589b601ca7e81ccc2bb9a23582f441a3?s=96&d=mm&r=g","contentUrl":"https:\/\/secure.gravatar.com\/avatar\/e5a596f9489de15bfe046e97fb771f63589b601ca7e81ccc2bb9a23582f441a3?s=96&d=mm&r=g","caption":"Bruno"},"sameAs":["https:\/\/exciting-panini.13-37-234-21.plesk.page"],"url":"https:\/\/viqtor.eu\/sl\/author\/mouad_zxum2ebi\/"}]}},"_links":{"self":[{"href":"https:\/\/viqtor.eu\/sl\/wp-json\/wp\/v2\/posts\/5811","targetHints":{"allow":["GET"]}}],"collection":[{"href":"https:\/\/viqtor.eu\/sl\/wp-json\/wp\/v2\/posts"}],"about":[{"href":"https:\/\/viqtor.eu\/sl\/wp-json\/wp\/v2\/types\/post"}],"author":[{"embeddable":true,"href":"https:\/\/viqtor.eu\/sl\/wp-json\/wp\/v2\/users\/1"}],"replies":[{"embeddable":true,"href":"https:\/\/viqtor.eu\/sl\/wp-json\/wp\/v2\/comments?post=5811"}],"version-history":[{"count":8,"href":"https:\/\/viqtor.eu\/sl\/wp-json\/wp\/v2\/posts\/5811\/revisions"}],"predecessor-version":[{"id":12155,"href":"https:\/\/viqtor.eu\/sl\/wp-json\/wp\/v2\/posts\/5811\/revisions\/12155"}],"wp:featuredmedia":[{"embeddable":true,"href":"https:\/\/viqtor.eu\/sl\/wp-json\/wp\/v2\/media\/5835"}],"wp:attachment":[{"href":"https:\/\/viqtor.eu\/sl\/wp-json\/wp\/v2\/media?parent=5811"}],"wp:term":[{"taxonomy":"category","embeddable":true,"href":"https:\/\/viqtor.eu\/sl\/wp-json\/wp\/v2\/categories?post=5811"},{"taxonomy":"post_tag","embeddable":true,"href":"https:\/\/viqtor.eu\/sl\/wp-json\/wp\/v2\/tags?post=5811"}],"curies":[{"name":"wp","href":"https:\/\/api.w.org\/{rel}","templated":true}]}}