{"id":5777,"date":"2023-04-25T11:56:02","date_gmt":"2023-04-25T11:56:02","guid":{"rendered":"https:\/\/exciting-panini.13-37-234-21.plesk.page\/?p=5777"},"modified":"2024-08-06T10:00:38","modified_gmt":"2024-08-06T10:00:38","slug":"donnees-sensibles-un-champ-dapplication-particulierement-large","status":"publish","type":"post","link":"https:\/\/viqtor.eu\/sl\/donnees-sensibles-un-champ-dapplication-particulierement-large\/","title":{"rendered":"Ob\u010dutljivi podatki: \u0161e posebej \u0161iroko podro\u010dje uporabe"},"content":{"rendered":"<div data-elementor-type=\"wp-post\" data-elementor-id=\"5777\" class=\"elementor elementor-5777\" data-elementor-post-type=\"post\">\n\t\t\t\t\t\t<section class=\"elementor-section elementor-top-section elementor-element elementor-element-7b6b5d0 ot-traditional elementor-section-boxed elementor-section-height-default elementor-section-height-default\" data-id=\"7b6b5d0\" data-element_type=\"section\">\n\t\t\t\t\t\t<div class=\"elementor-container elementor-column-gap-default\">\n\t\t\t\t\t<div class=\"elementor-column elementor-col-100 elementor-top-column elementor-element elementor-element-b07cd9a ot-flex-column-vertical\" data-id=\"b07cd9a\" data-element_type=\"column\">\n\t\t\t<div class=\"elementor-widget-wrap elementor-element-populated\">\n\t\t\t\t\t\t<div class=\"elementor-element elementor-element-10050fb elementor-widget elementor-widget-image\" data-id=\"10050fb\" data-element_type=\"widget\" data-widget_type=\"image.default\">\n\t\t\t\t<div class=\"elementor-widget-container\">\n\t\t\t\t\t\t\t\t\t\t\t\t\t<img fetchpriority=\"high\" decoding=\"async\" width=\"1000\" height=\"479\" src=\"https:\/\/viqtor.eu\/wp-content\/uploads\/2023\/04\/Donnees-sensibles-un-champ-dapplication-particulierement-large.jpg\" class=\"attachment-full size-full wp-image-12091\" alt=\"Donn\u00e9es sensibles : un champ d\u2019application particuli\u00e8rement large\" srcset=\"https:\/\/viqtor.eu\/wp-content\/uploads\/2023\/04\/Donnees-sensibles-un-champ-dapplication-particulierement-large.jpg 1000w, https:\/\/viqtor.eu\/wp-content\/uploads\/2023\/04\/Donnees-sensibles-un-champ-dapplication-particulierement-large-300x144.jpg 300w, https:\/\/viqtor.eu\/wp-content\/uploads\/2023\/04\/Donnees-sensibles-un-champ-dapplication-particulierement-large-768x368.jpg 768w, https:\/\/viqtor.eu\/wp-content\/uploads\/2023\/04\/Donnees-sensibles-un-champ-dapplication-particulierement-large-720x345.jpg 720w\" sizes=\"(max-width: 1000px) 100vw, 1000px\" \/>\t\t\t\t\t\t\t\t\t\t\t\t\t<\/div>\n\t\t\t\t<\/div>\n\t\t\t\t\t<\/div>\n\t\t<\/div>\n\t\t\t\t\t<\/div>\n\t\t<\/section>\n\t\t\t\t<section class=\"elementor-section elementor-top-section elementor-element elementor-element-b595c38 ot-traditional elementor-section-boxed elementor-section-height-default elementor-section-height-default\" data-id=\"b595c38\" data-element_type=\"section\">\n\t\t\t\t\t\t<div class=\"elementor-container elementor-column-gap-default\">\n\t\t\t\t\t<div class=\"elementor-column elementor-col-100 elementor-top-column elementor-element elementor-element-f80555f ot-flex-column-vertical\" data-id=\"f80555f\" data-element_type=\"column\">\n\t\t\t<div class=\"elementor-widget-wrap elementor-element-populated\">\n\t\t\t\t\t\t<div class=\"elementor-element elementor-element-f478057 elementor-widget elementor-widget-heading\" data-id=\"f478057\" data-element_type=\"widget\" data-widget_type=\"heading.default\">\n\t\t\t\t<div class=\"elementor-widget-container\">\n\t\t\t<h1 class=\"elementor-heading-title elementor-size-default\">Ob\u010dutljivi podatki: \u0161e posebej \u0161iroko podro\u010dje uporabe<\/h1>\t\t<\/div>\n\t\t\t\t<\/div>\n\t\t\t\t\t<\/div>\n\t\t<\/div>\n\t\t\t\t\t<\/div>\n\t\t<\/section>\n\t\t\t\t<section class=\"elementor-section elementor-top-section elementor-element elementor-element-37e48750 ot-traditional elementor-section-boxed elementor-section-height-default elementor-section-height-default\" data-id=\"37e48750\" data-element_type=\"section\">\n\t\t\t\t\t\t<div class=\"elementor-container elementor-column-gap-default\">\n\t\t\t\t\t<div class=\"elementor-column elementor-col-100 elementor-top-column elementor-element elementor-element-ac3c688 ot-flex-column-vertical\" data-id=\"ac3c688\" data-element_type=\"column\">\n\t\t\t<div class=\"elementor-widget-wrap elementor-element-populated\">\n\t\t\t\t\t\t<div class=\"elementor-element elementor-element-5f8423b elementor-widget elementor-widget-text-editor\" data-id=\"5f8423b\" data-element_type=\"widget\" data-widget_type=\"text-editor.default\">\n\t\t\t\t<div class=\"elementor-widget-container\">\n\t\t\t\t\t\t\t<!-- wp:paragraph -->\n<p><strong>Pravna ura \u0161t. 50 \u2013 avgust 2022.<br><\/strong><\/p>\n<!-- \/wp:paragraph -->\n\n<!-- wp:paragraph -->\n<p>Te\u017eko je oceniti, ali so podatki, ki jih zbirate, ob\u010dutljivi ali ne, in odlo\u010diti, ali ti podatki zahtevajo posebno za\u0161\u010dito v skladu z GDPR.<\/p>\n<!-- \/wp:paragraph -->\n\n<!-- wp:paragraph -->\n<p>Te te\u017eave pri razlagi smo ponovili v na\u0161em uvodniku februarja lani.<\/p>\n<!-- \/wp:paragraph -->\n\n<!-- wp:paragraph -->\n<p><strong>Sodi\u0161\u010de Evropske unije je pravkar pojasnilo podro\u010dje uporabe sodbe z dne 1. avgusta 2022 <\/strong><strong>pojma ob\u010dutljivih podatkov oziroma natan\u010dneje posebnih kategorij podatkov.<\/strong><\/p>\n<!-- \/wp:paragraph -->\n\n<!-- wp:paragraph -->\n<p>In po mnenju sodi\u0161\u010da je to podro\u010dje uporabe \u0161e posebej \u0161iroko.<\/p>\n<!-- \/wp:paragraph -->\n\n<!-- wp:paragraph -->\n<p>Ne smemo pozabiti, da se \u010dlen 9 GDPR uporablja za podatke, ki razkrivajo domnevno rasno ali etni\u010dno poreklo, politi\u010dna mnenja, verska ali filozofska prepri\u010danja ali \u010dlanstvo v sindikatu, kot tudi za obdelavo genetskih podatkov, biometri\u010dnih podatkov za namene enoli\u010dne identifikacije posameznika, podatkov o zdravju ali podatkov o spolnem \u017eivljenju ali spolni usmerjenosti posameznika.<\/p>\n<!-- \/wp:paragraph -->\n\n<!-- wp:paragraph -->\n<p>Zadevna sodba se nana\u0161a na dolo\u010dbe litovskega zakona, namenjenega boju proti korupciji, ki od nekaterih uslu\u017ebencev javnega sektorja zahteva, da prijavijo svoje zasebne interese ter podatke o svojih zakoncih in dru\u017einah, skoraj vse pa bo objavljeno na internetu.<\/p>\n<!-- \/wp:paragraph -->\n\n<!-- wp:paragraph -->\n<p>Po ugovoru osebe, ki jo ta obveznost zadeva, mora Sodi\u0161\u010de odlo\u010diti<\/p>\n<!-- \/wp:paragraph -->\n\n<!-- wp:list -->\n<ul><!-- wp:list-item -->\n<li>O nujnosti spletnega razkritja podatkov o zakoncu<\/li>\n<!-- \/wp:list-item -->\n\n<!-- wp:list-item -->\n<li>Glede vpra\u0161anja, ali je treba te podatke o zakoncu \u0161teti za ob\u010dutljive podatke v smislu 9. \u010dlena GDPR, ker omogo\u010dajo sklepanje o spolni usmerjenosti zadevnih oseb. Sodi\u0161\u010de najprej meni, da spletno raz\u0161irjanje teh podatkov ni nujno za dosego zastavljenega cilja boja proti korupciji, nato pa pojasnjuje, da je treba pojem ob\u010dutljivih podatkov razlagati \u0161iroko.<\/li>\n<!-- \/wp:list-item --><\/ul>\n<!-- \/wp:list -->\n\n<!-- wp:paragraph -->\n<p>Do sedaj so se pojavljala nekatera vpra\u0161anja o razliki v izrazih, uporabljenih v besedilu 9. \u010dlena za urejanje podatkov, ki po eni strani &quot;razkrivajo&quot; politi\u010dna prepri\u010danja, \u010dlanstvo v sindikatu itd. ali po drugi strani &quot;nana\u0161ajo&quot; na zdravje ali spolno usmerjenost.<\/p>\n<!-- \/wp:paragraph -->\n\n<!-- wp:paragraph -->\n<p>Sodi\u0161\u010de meni, da je treba vse posebne kategorije podatkov razlagati \u0161iroko, ob upo\u0161tevanju konteksta in drugih dolo\u010db GDPR.<\/p>\n<!-- \/wp:paragraph -->\n\n<!-- wp:paragraph -->\n<p>V tem primeru torej vklju\u010duje podatke, ki lahko z intelektualno operacijo primerjave ali sklepanja razkrijejo spolno usmerjenost fizi\u010dne osebe.<\/p>\n<!-- \/wp:paragraph -->\n\n<!-- wp:paragraph -->\n<p><strong>Ta sodba bi lahko imela pomemben vpliv na obseg obveznosti tistih, ki so odgovorni za obdelavo \u201epotencialno\u201c ob\u010dutljivih podatkov.<\/strong><\/p>\n<!-- \/wp:paragraph -->\n\n<!-- wp:paragraph -->\n<p>Zdi se, da je CNIL do zdaj te obveznosti razlagal bolj restriktivno: januarja je navedel, da <em>\u201esamo dejanje fotografiranja ali snemanja slike, iz katere je mogo\u010de sklepati na dolo\u010dene elemente, ki omogo\u010dajo razbiranje osebnih podatkov\u201c <\/em><em>predstavljanje ob\u010dutljivih podatkov samo po sebi \u0161e ne pomeni obdelave ob\u010dutljivih podatkov (\u2026). To <\/em><em>Le \u010de se te slike obdelujejo za pridobivanje, razlago ali uporabo navedenih ob\u010dutljivih podatkov, se bo obdelava \u0161tela za del re\u017eima za obdelavo ob\u010dutljivih podatkov.<\/em><\/p>\n<!-- \/wp:paragraph -->\n\n<!-- wp:paragraph -->\n<p>Zdi se, da je odlo\u010dilni element v obrazlo\u017eitvi Sodi\u0161\u010da dejstvo, da so podatki javno dostopni: od tega trenutka naprej lahko kdorkoli zbira podatke, iz njih sklepa ob\u010dutljive informacije in jih obdeluje za namen, ki je popolnoma nepovezan s prvotnim namenom, s posledicami, ki bi se jih lahko bali zadevne osebe.<\/p>\n<!-- \/wp:paragraph -->\n\n<!-- wp:paragraph -->\n<p>Prav tako je treba vedeti, da sklepi, narejeni na podlagi razpolo\u017eljivih podatkov, niso nujno pravilni, da bi izpolnjevali zahteve GDPR: pravzaprav ni pomembno, ali so sklepi veljavni ali ne: napa\u010dni sklepi imajo lahko \u0161e bolj \u0161kodljive posledice za posameznike, na katere se nana\u0161ajo osebni podatki.<\/p>\n<!-- \/wp:paragraph -->\n\n<!-- wp:paragraph -->\n<p>Pri\u010dakuje se, da bo ta odlo\u010ditev vplivala na upravljavce podatkov, ki obdelujejo podatke v velikem obsegu in profilirajo uporabnike interneta, zlasti v okviru dru\u017ebenih omre\u017eij, saj bo zahtevala izrecno soglasje.<\/p>\n<!-- \/wp:paragraph -->\n\n<!-- wp:paragraph -->\n<p>Na koncu naj dodamo, da bodo\u010di predpisi za digitalne storitve in digitalne trge predvidevajo prepoved uporabe ob\u010dutljivih podatkov za ciljanje ogla\u0161evanja.<\/p>\n<!-- \/wp:paragraph -->\n\n<!-- wp:paragraph -->\n<p>V kombinaciji s \u0161iroko razlago ob\u010dutljivih podatkov s strani Sodi\u0161\u010da EU si lahko predstavljamo omejitev vedenjskega ogla\u0161evanja na evropski ravni, ki bo stro\u017eja od pri\u010dakovane.<\/p>\n<!-- \/wp:paragraph -->\n\n<!-- wp:paragraph -->\n<p><strong><span style=\"text-decoration: underline;\">In tudi <\/span><\/strong><\/p>\n<!-- \/wp:paragraph -->\n\n<!-- wp:paragraph -->\n<p><strong>Francija:<\/strong><\/p>\n<!-- \/wp:paragraph -->\n\n<!-- wp:paragraph -->\n<p><strong>ACCOR je bil pravkar kaznovan s 600.000 evri kazni <\/strong>zaradi komercialnega raziskovanja brez soglasja zadevnih oseb in zaradi nespo\u0161tovanja pravic strank in potencialnih strank.<\/p>\n<!-- \/wp:paragraph -->\n\n<!-- wp:paragraph -->\n<p>Obrazci za rezervacijo so privzeto vklju\u010devali vnaprej ozna\u010deno mo\u017enost, ki je omogo\u010dala samodejno po\u0161iljanje glasila strankam s komercialnimi ponudbami partnerjev.<\/p>\n<!-- \/wp:paragraph -->\n\n<!-- wp:paragraph -->\n<p>CNIL je opazil tudi ponavljajo\u010de se tehni\u010dne nepravilnosti, zaradi katerih mnogi ljudje niso mogli zavrniti prejemanja sporo\u010dil.<\/p>\n<!-- \/wp:paragraph -->\n\n<!-- wp:paragraph -->\n<p>Odlo\u010ditev CNIL je bila predmet postopka sodelovanja z organi drugih dr\u017eav EU, v katerih skupina ACCOR obdeluje podatke, na koncu katerega je Evropski odbor za varstvo podatkov CNIL odredil, naj zvi\u0161a znesek globe, da bi bil sprejeti ukrep bolj odvra\u010dilen.<\/p>\n<!-- \/wp:paragraph -->\n\n<!-- wp:paragraph -->\n<p>Med upo\u0161tevanimi elementi so \u0161tevilo kr\u0161itev, dejstvo, da se te kr\u0161itve nana\u0161ajo na ve\u010d temeljnih na\u010del varstva osebnih podatkov in predstavljajo znatno kr\u0161itev pravic posameznikov, pa tudi \u0161tevilo prizadetih posameznikov in finan\u010dno stanje podjetja.<\/p>\n<!-- \/wp:paragraph -->\n\n<!-- wp:paragraph -->\n<p><strong>Avgusta se je povezava s storitvijo France Connect s podatki iz ra\u010duna Ameli postala nemogo\u010da.<\/strong>, saj je gumb za povezavo deaktiviral Bercy.<\/p>\n<!-- \/wp:paragraph -->\n\n<!-- wp:paragraph -->\n<p>Vzrok je ponovni porast napadov la\u017enega predstavljanja z uporabo teh poverilnic. Generalni direktorat za javne finance naj bi si prizadeval za za\u0161\u010dito sistema France Connect in na\u010drtuje postopno prehajanje najob\u010dutljivej\u0161ih postopkov, zlasti tistih, ki omogo\u010dajo dostop do finan\u010dnih pla\u010dil, na varnej\u0161e storitve identifikacije.<\/p>\n<!-- \/wp:paragraph -->\n\n<!-- wp:paragraph -->\n<p><strong>25. avgusta je nevladna organizacija <\/strong><strong>noyb.eu je vlo\u017eil prito\u017ebo proti Googlu pri CNIL.<\/strong>.<\/p>\n<!-- \/wp:paragraph -->\n\n<!-- wp:paragraph -->\n<p>Google je obto\u017een, da je ignoriral sodbo Evropskega sodi\u0161\u010da (ESJ) o e-po\u0161tnih sporo\u010dilih za neposredno tr\u017eenje in uporabljal svojo e-po\u0161tno platformo Gmail za po\u0161iljanje ne\u017eelenih oglasnih e-po\u0161tnih sporo\u010dil brez veljavnega soglasja uporabnikov.<\/p>\n<!-- \/wp:paragraph -->\n\n<!-- wp:paragraph -->\n<p><strong>Francoskemu ogla\u0161evalskemu velikanu Criteo grozi 60 milijonov evrov kazni<\/strong><\/p>\n<!-- \/wp:paragraph -->\n\n<!-- wp:paragraph -->\n<p>kot del preiskave, ki jo je za\u010del CNIL.<\/p>\n<!-- \/wp:paragraph -->\n\n<!-- wp:paragraph -->\n<p>To je v tej fazi predhodna odlo\u010ditev, ki jo je 5. avgusta objavila organizacija, ki je vlo\u017eila prito\u017ebo, Privacy International.<\/p>\n<!-- \/wp:paragraph -->\n\n<!-- wp:paragraph -->\n<p><strong>Evropa:<\/strong><\/p>\n<!-- \/wp:paragraph -->\n\n<!-- wp:paragraph -->\n<p><strong>Kritizirana pooblastila EU za preiskovanje vohunske programske opreme <\/strong>med parlamentarno obravnavo v torek, 30. avgusta, na kateri je predstavnik Europola dejal, da je mandat agencije omejen na podporo dr\u017eavam \u010dlanicam, ki se odlo\u010dijo za za\u010detek preiskave.<\/p>\n<!-- \/wp:paragraph -->\n\n<!-- wp:paragraph -->\n<p>Do danes je znanih vsaj 14 evropskih vlad, ki so kupile vohunsko programsko opremo od skupine NSO, ki je ustvarila vohunsko programsko opremo Pegasus, strokovnjaki pa menijo, da v EU deluje \u0161e veliko drugih prodajalcev.<\/p>\n<!-- \/wp:paragraph -->\n\n<!-- wp:paragraph -->\n<p><strong>Nekdanji vodja varnosti pri Twitterju Peiter &quot;Mudge&quot; Zatko je vlo\u017eil to\u017ebo proti podjetju, ki je bila nedavno javno objavljena.<\/strong><\/p>\n<!-- \/wp:paragraph -->\n\n<!-- wp:paragraph -->\n<p>Dokument podrobno opisuje vrsto obrekljivih obto\u017eb o vpra\u0161anjih varnosti, zasebnosti in varstva podatkov (med drugim), pa tudi trditve, da je Twitter zavajal ali nameraval zavajati regionalne nadzorne organe glede skladnosti z lokalnimi zakoni.<\/p>\n<!-- \/wp:paragraph -->\n\n<!-- wp:paragraph -->\n<p>Primer sta prevzela irski in francoski nadzorni organ.<\/p>\n<!-- \/wp:paragraph -->\n\n<!-- wp:paragraph -->\n<p><strong>Irska komisija za varstvo podatkov je platformo dru\u017ebenih medijev Instagram oglobila s 405 milijoni evrov.<\/strong>, v lasti podjetja Meta, zaradi kr\u0161itve GDPR.<\/p>\n<!-- \/wp:paragraph -->\n\n<!-- wp:paragraph -->\n<p>Globa je druga najvi\u0161ja v skladu z GDPR po kazni v vi\u0161ini 746 milijonov evrov proti Amazonu in tretja za podjetje v lasti Mete, ki jo je nalo\u017eil irski regulator.<\/p>\n<!-- \/wp:paragraph -->\n\n<!-- wp:paragraph -->\n<p>Odlo\u010ditev se nana\u0161a na kr\u0161itve zasebnosti otrok s strani Instagrama, vklju\u010dno z objavo e-po\u0161tnih naslovov in telefonskih \u0161tevilk otrok.<\/p>\n<!-- \/wp:paragraph -->\n\n<!-- wp:paragraph -->\n<p><strong>Vi\u0161je de\u017eelno sodi\u0161\u010de v K\u00f6lnu (OLG K\u00f6ln) je posamezniku prisodilo 500 evrov zaradi <\/strong><strong>zamude, ki jo je upravljavec podatkov imel pri posredovanju zahtevanih informacij <\/strong>v skladu s 1. odstavkom 15. \u010dlena GDPR (prek GDPRhub).<\/p>\n<!-- \/wp:paragraph -->\n\n<!-- wp:paragraph -->\n<p>V podobnem primeru je italijanski organ za varstvo podatkov Deutsche Bank nalo\u017eil globo v vi\u0161ini 20.000 evrov, ker se ni pravo\u010dasno odzvala na zahtevo posameznika, na katerega se nana\u0161ajo osebni podatki (prek GDPRhub).<\/p>\n<!-- \/wp:paragraph -->\n\n<!-- wp:paragraph -->\n<p><strong>Gr\u0161ka agencija za varstvo podatkov je medicinsko-diagnosti\u010dni center oglobila s 30.000 evri zaradi <\/strong><strong>kr\u0161il na\u010delo celovitosti in zaupnosti podatkov <\/strong>: vodja je zaradi nezadostnih tehni\u010dnih in organizacijskih ukrepov izgubil mamografske slike.<\/p>\n<!-- \/wp:paragraph -->\n\n<!-- wp:paragraph -->\n<p>Poleg globe je organ za varstvo podatkov centru nalo\u017eil, da o kr\u0161itvi obvesti posameznike, na katere se nana\u0161ajo osebni podatki (prek GDPRhuba).<\/p>\n<!-- \/wp:paragraph -->\n\n<!-- wp:paragraph -->\n<p><strong>\u0160pansko vrhovno sodi\u0161\u010de je razsodilo, da uveljavljanje pravic posameznika pri upravljavcu podatkov (\u010dleni 15 do 22 GDPR) ni predpogoj za vlo\u017eitev prito\u017ebe. <\/strong>pri organu za varstvo podatkov: slednji lahko ukrepa, tudi \u010de posameznik, na katerega se nana\u0161ajo osebni podatki, ni najprej stopil v stik z upravljavcem (prek GDPRhuba).<\/p>\n<!-- \/wp:paragraph -->\n\n<!-- wp:paragraph -->\n<p><strong>V \u0160vici bo 1. septembra 2023 za\u010del veljati nov zakon o varstvu podatkov.<\/strong><\/p>\n<!-- \/wp:paragraph -->\n\n<!-- wp:paragraph -->\n<p>Nekateri komentatorji ugotavljajo, da bi bilo ve\u010d na\u010del manj omejevalnih od na\u010del GDPR, zlasti tista, ki se nana\u0161ajo na privolitev in poobla\u0161\u010deno osebo za varstvo podatkov.<\/p>\n<!-- \/wp:paragraph -->\n\n<!-- wp:paragraph -->\n<p>Varnostne zahteve pa so \u0161e posebej podrobne.<\/p>\n<!-- \/wp:paragraph -->\n\n<!-- wp:paragraph -->\n<p><strong>Mednarodno:<\/strong><\/p>\n<!-- \/wp:paragraph -->\n\n<!-- wp:paragraph -->\n<p><strong>Evropski subjekti lahko spadajo na podro\u010dje uporabe Zakona o ra\u010dunalni\u0161tvu v oblaku, tudi \u010de se nahajajo zunaj <\/strong><strong>Zdru\u017eenih dr\u017eav Amerike odlo\u010di o \u0161tudiji, ki jo je v imenu izvedla odvetni\u0161ka pisarna <\/strong><strong>Ministrstvo za pravosodje in varnost Nizozemske, objavljeno pa 26. julija.<\/strong><\/p>\n<!-- \/wp:paragraph -->\n\n<!-- wp:paragraph -->\n<p>Evropska podjetja lahko to tveganje zmanj\u0161ajo z vzpostavitvijo &quot;kitajskega zidu&quot; z Zdru\u017eenimi dr\u017eavami Amerike, zlasti tako, da ne zaposlujejo nobenih Ameri\u010danov ali nimajo ameri\u0161kih strank, kar bi lahko upravi\u010dilo posredovanje ZDA v skladu z zakonom o ra\u010dunalni\u0161tvu v oblaku.<\/p>\n<!-- \/wp:paragraph -->\n\n<!-- wp:paragraph -->\n<p>Vendar pa tudi ta za\u0161\u010dita ne bi bila zadostna, \u010de subjekt uporablja ameri\u0161ke tehnologije, saj zakon o oblaku dovoljuje dostop do podatkov prek podizvajalcev\/dobaviteljev strojne in programske opreme do\/od ponudnikov storitev v oblaku.<\/p>\n<!-- \/wp:paragraph -->\n\n<!-- wp:paragraph -->\n<p>Te ugotovitve so spro\u017eile razpravo o ponudbah, kot sta Bleu &quot;Trusted Cloud&quot; (Microsoftove tehnologije, ki jih ponujata Orange in Capgemini) in S3ns (Google s Thalesom).<\/p>\n<!-- \/wp:paragraph -->\n\n<!-- wp:paragraph -->\n<p>V Zdru\u017eenih dr\u017eavah Amerike se je Facebook strinjal s poravnavo v \u0161kandalu Cambridge Analytica, ki se nana\u0161a na dostop dru\u017ebe do zasebnih podatkov ve\u010d deset milijonov uporabnikov Facebooka med volilno kampanjo. \u0160kandal je izbruhnil po razkritjih \u017evi\u017ega\u010da dru\u017ebe Cambridge Analytica za Observer leta 2018, zaradi katerih je Facebook \u017ee pla\u010dal ve\u010d milijard evrov globe.<\/p>\n<!-- \/wp:paragraph -->\n\n<!-- wp:paragraph -->\n<p><strong>Na Kubi velja zakon o varstvu osebnih podatkov <\/strong>je bil objavljen v Uradnem listu 25. avgusta. Veljati bo za\u010del 180 dni po objavi.<\/p>\n<!-- \/wp:paragraph -->\n\n<!-- wp:paragraph -->\n<p><strong>Rusija je po podpisu Konvencije Sveta Evrope \u0161t. 108+ spremenila svoj zakon o varstvu podatkov.<\/strong><\/p>\n<!-- \/wp:paragraph -->\n\n<!-- wp:paragraph -->\n<p>Novi zvezni zakon \u0161t. 266 z dne 14. julija 2022 bistveno spreminja nekatere zakonodajne akte, ki urejajo obdelavo osebnih podatkov v Rusiji, in zdaj vklju\u010duje obveznost obve\u0161\u010danja o kr\u0161itvah varnosti podatkov.<\/p>\n<!-- \/wp:paragraph -->\n\n<!-- wp:paragraph -->\n<p>Nara\u0161\u010dajo\u010de politi\u010dne in varnostne napetosti med Pekingom in Zahodom so v Zdru\u017eenem kraljestvu spodbudile pozive k <strong>pregled prenosa genetskih podatkov na Kitajsko <\/strong>iz biomedicinske baze podatkov, ki vsebuje DNK pol milijona britanskih dr\u017eavljanov.<\/p>\n<!-- \/wp:paragraph -->\n\n<!-- wp:paragraph -->\n<p><strong>Najbolj\u0161i varnostni ukrepi ne \u0161\u010ditijo pred ranljivostmi podizvajalcev.<\/strong><\/p>\n<!-- \/wp:paragraph -->\n\n<!-- wp:paragraph -->\n<p>Twilio je 24. avgusta poro\u010dal, da so hekerji vdrli v njegove sisteme.<\/p>\n<!-- \/wp:paragraph -->\n\n<!-- wp:paragraph -->\n<p>Twilio svojim strankam ponuja storitve preverjanja, vklju\u010dno s podjetjem za \u0161ifrirana sporo\u010dila Signal.<\/p>\n<!-- \/wp:paragraph -->\n\n<!-- wp:paragraph -->\n<p>Ko uporabnik registrira svojo telefonsko \u0161tevilko, mu Twilio po\u0161lje SMS s potrditveno kodo, ki jo nato vnese v Signal.<\/p>\n<!-- \/wp:paragraph -->\n\n<!-- wp:paragraph -->\n<p>\u010ceprav je vpliv na Signal in njegove uporabnike omejen zaradi na\u010dina zasnove storitve, je to opozorilo za vse platforme ali storitve, ki bi jih lahko manipulirali za posredovanje poverilnic napadalcu.<\/p>\n<!-- \/wp:paragraph -->\n\n<!-- wp:paragraph -->\n<p><strong>Google LLC v Avstraliji kaznovan s 60 milijoni dolarjev <\/strong>dolarjev zaradi zavajanja potro\u0161nikov glede zbiranja in uporabe njihovih osebnih podatkov o lokaciji na telefonih Android.<\/p>\n<!-- \/wp:paragraph -->\n\n<!-- wp:paragraph -->\n<p>Anne Christine Lacoste<\/p>\n<!-- \/wp:paragraph -->\n\n<!-- wp:paragraph -->\n<p><em>Anne Christine Lacoste, partnerica odvetni\u0161ke pisarne Olivier Weber Avocat, je odvetnica, specializirana za pravo podatkov; bila je vodja mednarodnih odnosov pri Evropskem nadzorniku za varstvo podatkov in <\/em><em>si je prizadeval za implementacijo GDPR v Evropski uniji.<\/em><\/p>\n<!-- \/wp:paragraph -->\t\t\t\t\t\t<\/div>\n\t\t\t\t<\/div>\n\t\t\t\t\t<\/div>\n\t\t<\/div>\n\t\t\t\t\t<\/div>\n\t\t<\/section>\n\t\t\t\t<section class=\"elementor-section elementor-top-section elementor-element elementor-element-0cd1926 ot-traditional elementor-section-boxed elementor-section-height-default elementor-section-height-default\" data-id=\"0cd1926\" data-element_type=\"section\">\n\t\t\t\t\t\t<div class=\"elementor-container elementor-column-gap-default\">\n\t\t\t\t\t<div class=\"elementor-column elementor-col-100 elementor-top-column elementor-element elementor-element-dd30ea2 ot-flex-column-vertical\" data-id=\"dd30ea2\" data-element_type=\"column\">\n\t\t\t<div class=\"elementor-widget-wrap elementor-element-populated\">\n\t\t\t\t\t\t<div class=\"elementor-element elementor-element-c9613c3 elementor-align-center elementor-widget elementor-widget-button\" data-id=\"c9613c3\" data-element_type=\"widget\" data-widget_type=\"button.default\">\n\t\t\t\t<div class=\"elementor-widget-container\">\n\t\t\t\t\t<div class=\"elementor-button-wrapper\">\n\t\t\t<a class=\"elementor-button elementor-button-link elementor-size-lg\" href=\"https:\/\/app.viqtor.eu\/\">\n\t\t\t\t\t\t<span class=\"elementor-button-content-wrapper\">\n\t\t\t\t\t\t<span class=\"elementor-button-icon\">\n\t\t\t\t<i aria-hidden=\"true\" class=\"fas fa-long-arrow-alt-right\"><\/i>\t\t\t<\/span>\n\t\t\t\t\t\t\t\t\t<span class=\"elementor-button-text\">Odkrijte Viqtor\u00ae<\/span>\n\t\t\t\t\t<\/span>\n\t\t\t\t\t<\/a>\n\t\t<\/div>\n\t\t\t\t<\/div>\n\t\t\t\t<\/div>\n\t\t\t\t\t<\/div>\n\t\t<\/div>\n\t\t\t\t\t<\/div>\n\t\t<\/section>\n\t\t\t\t<\/div>","protected":false},"excerpt":{"rendered":"<p>Ob\u010dutljivi podatki: Pravno poro\u010dilo s \u0161e posebej \u0161irokim obsegom \u0161t. 50 \u2013 avgust 2022. Te\u017eko je oceniti ob\u010dutljivo naravo zbranih podatkov in odlo\u010diti, ali ti podatki zahtevajo posebno za\u0161\u010dito v skladu s Splo\u0161no uredbo o varstvu podatkov. Te te\u017eave pri razlagi smo omenili v na\u0161em uvodniku v [\u2026]<\/p>","protected":false},"author":1,"featured_media":5661,"comment_status":"closed","ping_status":"open","sticky":false,"template":"elementor_header_footer","format":"standard","meta":{"_acf_changed":false,"footnotes":""},"categories":[35],"tags":[],"class_list":["post-5777","post","type-post","status-publish","format-standard","has-post-thumbnail","hentry","category-veille-juridique"],"acf":[],"yoast_head":"<!-- This site is optimized with the Yoast SEO plugin v23.6 - https:\/\/yoast.com\/wordpress\/plugins\/seo\/ -->\n<title>Donn\u00e9es sensibles : un champ d\u2019application particuli\u00e8rement large - Viqtor<\/title>\n<meta name=\"description\" content=\"Donn\u00e9es sensibles : un champ d\u2019application particuli\u00e8rement large - Viqtor\" \/>\n<meta name=\"robots\" content=\"index, follow, max-snippet:-1, max-image-preview:large, max-video-preview:-1\" \/>\n<link rel=\"canonical\" href=\"https:\/\/viqtor.eu\/sl\/donnees-sensibles-un-champ-dapplication-particulierement-large\/\" \/>\n<meta property=\"og:locale\" content=\"sl_SI\" \/>\n<meta property=\"og:type\" content=\"article\" \/>\n<meta property=\"og:title\" content=\"Donn\u00e9es sensibles : un champ d\u2019application particuli\u00e8rement large - Viqtor\" \/>\n<meta property=\"og:description\" content=\"Donn\u00e9es sensibles : un champ d\u2019application particuli\u00e8rement large - Viqtor\" \/>\n<meta property=\"og:url\" content=\"https:\/\/viqtor.eu\/sl\/donnees-sensibles-un-champ-dapplication-particulierement-large\/\" \/>\n<meta property=\"og:site_name\" content=\"Viqtor\" \/>\n<meta property=\"article:published_time\" content=\"2023-04-25T11:56:02+00:00\" \/>\n<meta property=\"article:modified_time\" content=\"2024-08-06T10:00:38+00:00\" \/>\n<meta property=\"og:image\" content=\"https:\/\/viqtor.eu\/wp-content\/uploads\/2026\/04\/widget-viqtor.png\" \/>\n\t<meta property=\"og:image:width\" content=\"1000\" \/>\n\t<meta property=\"og:image:height\" content=\"479\" \/>\n\t<meta property=\"og:image:type\" content=\"image\/jpeg\" \/>\n<meta name=\"author\" content=\"Bruno\" \/>\n<meta name=\"twitter:card\" content=\"summary_large_image\" \/>\n<meta name=\"twitter:label1\" content=\"Written by\" \/>\n\t<meta name=\"twitter:data1\" content=\"Bruno\" \/>\n\t<meta name=\"twitter:label2\" content=\"Est. reading time\" \/>\n\t<meta name=\"twitter:data2\" content=\"12 minut\" \/>\n<script type=\"application\/ld+json\" class=\"yoast-schema-graph\">{\"@context\":\"https:\/\/schema.org\",\"@graph\":[{\"@type\":\"Article\",\"@id\":\"https:\/\/viqtor.eu\/donnees-sensibles-un-champ-dapplication-particulierement-large\/#article\",\"isPartOf\":{\"@id\":\"https:\/\/viqtor.eu\/donnees-sensibles-un-champ-dapplication-particulierement-large\/\"},\"author\":{\"name\":\"Bruno\",\"@id\":\"https:\/\/viqtor.eu\/#\/schema\/person\/3dbd9cc82a28f6cf1695c92eda0099ad\"},\"headline\":\"Donn\u00e9es sensibles : un champ d\u2019application particuli\u00e8rement large\",\"datePublished\":\"2023-04-25T11:56:02+00:00\",\"dateModified\":\"2024-08-06T10:00:38+00:00\",\"mainEntityOfPage\":{\"@id\":\"https:\/\/viqtor.eu\/donnees-sensibles-un-champ-dapplication-particulierement-large\/\"},\"wordCount\":2518,\"publisher\":{\"@id\":\"https:\/\/viqtor.eu\/#organization\"},\"image\":{\"@id\":\"https:\/\/viqtor.eu\/donnees-sensibles-un-champ-dapplication-particulierement-large\/#primaryimage\"},\"thumbnailUrl\":\"https:\/\/viqtor.eu\/wp-content\/uploads\/2023\/04\/shutterstock_1141709585.jpg\",\"articleSection\":[\"Veille juridique\"],\"inLanguage\":\"sl-SI\"},{\"@type\":\"WebPage\",\"@id\":\"https:\/\/viqtor.eu\/donnees-sensibles-un-champ-dapplication-particulierement-large\/\",\"url\":\"https:\/\/viqtor.eu\/donnees-sensibles-un-champ-dapplication-particulierement-large\/\",\"name\":\"Donn\u00e9es sensibles : un champ d\u2019application particuli\u00e8rement large - Viqtor\",\"isPartOf\":{\"@id\":\"https:\/\/viqtor.eu\/#website\"},\"primaryImageOfPage\":{\"@id\":\"https:\/\/viqtor.eu\/donnees-sensibles-un-champ-dapplication-particulierement-large\/#primaryimage\"},\"image\":{\"@id\":\"https:\/\/viqtor.eu\/donnees-sensibles-un-champ-dapplication-particulierement-large\/#primaryimage\"},\"thumbnailUrl\":\"https:\/\/viqtor.eu\/wp-content\/uploads\/2023\/04\/shutterstock_1141709585.jpg\",\"datePublished\":\"2023-04-25T11:56:02+00:00\",\"dateModified\":\"2024-08-06T10:00:38+00:00\",\"description\":\"Donn\u00e9es sensibles : un champ d\u2019application particuli\u00e8rement large - Viqtor\",\"breadcrumb\":{\"@id\":\"https:\/\/viqtor.eu\/donnees-sensibles-un-champ-dapplication-particulierement-large\/#breadcrumb\"},\"inLanguage\":\"sl-SI\",\"potentialAction\":[{\"@type\":\"ReadAction\",\"target\":[\"https:\/\/viqtor.eu\/donnees-sensibles-un-champ-dapplication-particulierement-large\/\"]}]},{\"@type\":\"ImageObject\",\"inLanguage\":\"sl-SI\",\"@id\":\"https:\/\/viqtor.eu\/donnees-sensibles-un-champ-dapplication-particulierement-large\/#primaryimage\",\"url\":\"https:\/\/viqtor.eu\/wp-content\/uploads\/2023\/04\/shutterstock_1141709585.jpg\",\"contentUrl\":\"https:\/\/viqtor.eu\/wp-content\/uploads\/2023\/04\/shutterstock_1141709585.jpg\",\"width\":1000,\"height\":479},{\"@type\":\"BreadcrumbList\",\"@id\":\"https:\/\/viqtor.eu\/donnees-sensibles-un-champ-dapplication-particulierement-large\/#breadcrumb\",\"itemListElement\":[{\"@type\":\"ListItem\",\"position\":1,\"name\":\"Accueil\",\"item\":\"https:\/\/viqtor.eu\/\"},{\"@type\":\"ListItem\",\"position\":2,\"name\":\"Donn\u00e9es sensibles : un champ d\u2019application particuli\u00e8rement large\"}]},{\"@type\":\"WebSite\",\"@id\":\"https:\/\/viqtor.eu\/#website\",\"url\":\"https:\/\/viqtor.eu\/\",\"name\":\"Viqtor\",\"description\":\"Faites du RGPD une opportunit\u00e9 pour votre entreprise.\",\"publisher\":{\"@id\":\"https:\/\/viqtor.eu\/#organization\"},\"potentialAction\":[{\"@type\":\"SearchAction\",\"target\":{\"@type\":\"EntryPoint\",\"urlTemplate\":\"https:\/\/viqtor.eu\/?s={search_term_string}\"},\"query-input\":{\"@type\":\"PropertyValueSpecification\",\"valueRequired\":true,\"valueName\":\"search_term_string\"}}],\"inLanguage\":\"sl-SI\"},{\"@type\":\"Organization\",\"@id\":\"https:\/\/viqtor.eu\/#organization\",\"name\":\"viqtor.eu\",\"url\":\"https:\/\/viqtor.eu\/\",\"logo\":{\"@type\":\"ImageObject\",\"inLanguage\":\"sl-SI\",\"@id\":\"https:\/\/viqtor.eu\/#\/schema\/logo\/image\/\",\"url\":\"https:\/\/viqtor.eu\/wp-content\/uploads\/2023\/06\/favicon-noir.svg\",\"contentUrl\":\"https:\/\/viqtor.eu\/wp-content\/uploads\/2023\/06\/favicon-noir.svg\",\"width\":108,\"height\":86,\"caption\":\"viqtor.eu\"},\"image\":{\"@id\":\"https:\/\/viqtor.eu\/#\/schema\/logo\/image\/\"}},{\"@type\":\"Person\",\"@id\":\"https:\/\/viqtor.eu\/#\/schema\/person\/3dbd9cc82a28f6cf1695c92eda0099ad\",\"name\":\"Bruno\",\"image\":{\"@type\":\"ImageObject\",\"inLanguage\":\"sl-SI\",\"@id\":\"https:\/\/viqtor.eu\/#\/schema\/person\/image\/\",\"url\":\"https:\/\/secure.gravatar.com\/avatar\/e5a596f9489de15bfe046e97fb771f63589b601ca7e81ccc2bb9a23582f441a3?s=96&d=mm&r=g\",\"contentUrl\":\"https:\/\/secure.gravatar.com\/avatar\/e5a596f9489de15bfe046e97fb771f63589b601ca7e81ccc2bb9a23582f441a3?s=96&d=mm&r=g\",\"caption\":\"Bruno\"},\"sameAs\":[\"https:\/\/exciting-panini.13-37-234-21.plesk.page\"],\"url\":\"https:\/\/viqtor.eu\/sl\/author\/mouad_zxum2ebi\/\"}]}<\/script>\n<!-- \/ Yoast SEO plugin. -->","yoast_head_json":{"title":"Donn\u00e9es sensibles : un champ d\u2019application particuli\u00e8rement large - Viqtor","description":"Donn\u00e9es sensibles : un champ d\u2019application particuli\u00e8rement large - Viqtor","robots":{"index":"index","follow":"follow","max-snippet":"max-snippet:-1","max-image-preview":"max-image-preview:large","max-video-preview":"max-video-preview:-1"},"canonical":"https:\/\/viqtor.eu\/sl\/donnees-sensibles-un-champ-dapplication-particulierement-large\/","og_locale":"sl_SI","og_type":"article","og_title":"Donn\u00e9es sensibles : un champ d\u2019application particuli\u00e8rement large - Viqtor","og_description":"Donn\u00e9es sensibles : un champ d\u2019application particuli\u00e8rement large - Viqtor","og_url":"https:\/\/viqtor.eu\/sl\/donnees-sensibles-un-champ-dapplication-particulierement-large\/","og_site_name":"Viqtor","article_published_time":"2023-04-25T11:56:02+00:00","article_modified_time":"2024-08-06T10:00:38+00:00","og_image":[{"width":1000,"height":479,"url":"https:\/\/viqtor.eu\/wp-content\/uploads\/2026\/04\/widget-viqtor.png","type":"image\/jpeg"}],"author":"Bruno","twitter_card":"summary_large_image","twitter_misc":{"Written by":"Bruno","Est. reading time":"12 minut"},"schema":{"@context":"https:\/\/schema.org","@graph":[{"@type":"Article","@id":"https:\/\/viqtor.eu\/donnees-sensibles-un-champ-dapplication-particulierement-large\/#article","isPartOf":{"@id":"https:\/\/viqtor.eu\/donnees-sensibles-un-champ-dapplication-particulierement-large\/"},"author":{"name":"Bruno","@id":"https:\/\/viqtor.eu\/#\/schema\/person\/3dbd9cc82a28f6cf1695c92eda0099ad"},"headline":"Donn\u00e9es sensibles : un champ d\u2019application particuli\u00e8rement large","datePublished":"2023-04-25T11:56:02+00:00","dateModified":"2024-08-06T10:00:38+00:00","mainEntityOfPage":{"@id":"https:\/\/viqtor.eu\/donnees-sensibles-un-champ-dapplication-particulierement-large\/"},"wordCount":2518,"publisher":{"@id":"https:\/\/viqtor.eu\/#organization"},"image":{"@id":"https:\/\/viqtor.eu\/donnees-sensibles-un-champ-dapplication-particulierement-large\/#primaryimage"},"thumbnailUrl":"https:\/\/viqtor.eu\/wp-content\/uploads\/2023\/04\/shutterstock_1141709585.jpg","articleSection":["Veille juridique"],"inLanguage":"sl-SI"},{"@type":"WebPage","@id":"https:\/\/viqtor.eu\/donnees-sensibles-un-champ-dapplication-particulierement-large\/","url":"https:\/\/viqtor.eu\/donnees-sensibles-un-champ-dapplication-particulierement-large\/","name":"Donn\u00e9es sensibles : un champ d\u2019application particuli\u00e8rement large - Viqtor","isPartOf":{"@id":"https:\/\/viqtor.eu\/#website"},"primaryImageOfPage":{"@id":"https:\/\/viqtor.eu\/donnees-sensibles-un-champ-dapplication-particulierement-large\/#primaryimage"},"image":{"@id":"https:\/\/viqtor.eu\/donnees-sensibles-un-champ-dapplication-particulierement-large\/#primaryimage"},"thumbnailUrl":"https:\/\/viqtor.eu\/wp-content\/uploads\/2023\/04\/shutterstock_1141709585.jpg","datePublished":"2023-04-25T11:56:02+00:00","dateModified":"2024-08-06T10:00:38+00:00","description":"Donn\u00e9es sensibles : un champ d\u2019application particuli\u00e8rement large - Viqtor","breadcrumb":{"@id":"https:\/\/viqtor.eu\/donnees-sensibles-un-champ-dapplication-particulierement-large\/#breadcrumb"},"inLanguage":"sl-SI","potentialAction":[{"@type":"ReadAction","target":["https:\/\/viqtor.eu\/donnees-sensibles-un-champ-dapplication-particulierement-large\/"]}]},{"@type":"ImageObject","inLanguage":"sl-SI","@id":"https:\/\/viqtor.eu\/donnees-sensibles-un-champ-dapplication-particulierement-large\/#primaryimage","url":"https:\/\/viqtor.eu\/wp-content\/uploads\/2023\/04\/shutterstock_1141709585.jpg","contentUrl":"https:\/\/viqtor.eu\/wp-content\/uploads\/2023\/04\/shutterstock_1141709585.jpg","width":1000,"height":479},{"@type":"BreadcrumbList","@id":"https:\/\/viqtor.eu\/donnees-sensibles-un-champ-dapplication-particulierement-large\/#breadcrumb","itemListElement":[{"@type":"ListItem","position":1,"name":"Accueil","item":"https:\/\/viqtor.eu\/"},{"@type":"ListItem","position":2,"name":"Donn\u00e9es sensibles : un champ d\u2019application particuli\u00e8rement large"}]},{"@type":"WebSite","@id":"https:\/\/viqtor.eu\/#website","url":"https:\/\/viqtor.eu\/","name":"Viqtor","description":"Faites du RGPD une opportunit\u00e9 pour votre entreprise.","publisher":{"@id":"https:\/\/viqtor.eu\/#organization"},"potentialAction":[{"@type":"SearchAction","target":{"@type":"EntryPoint","urlTemplate":"https:\/\/viqtor.eu\/?s={search_term_string}"},"query-input":{"@type":"PropertyValueSpecification","valueRequired":true,"valueName":"search_term_string"}}],"inLanguage":"sl-SI"},{"@type":"Organization","@id":"https:\/\/viqtor.eu\/#organization","name":"viqtor.eu","url":"https:\/\/viqtor.eu\/","logo":{"@type":"ImageObject","inLanguage":"sl-SI","@id":"https:\/\/viqtor.eu\/#\/schema\/logo\/image\/","url":"https:\/\/viqtor.eu\/wp-content\/uploads\/2023\/06\/favicon-noir.svg","contentUrl":"https:\/\/viqtor.eu\/wp-content\/uploads\/2023\/06\/favicon-noir.svg","width":108,"height":86,"caption":"viqtor.eu"},"image":{"@id":"https:\/\/viqtor.eu\/#\/schema\/logo\/image\/"}},{"@type":"Person","@id":"https:\/\/viqtor.eu\/#\/schema\/person\/3dbd9cc82a28f6cf1695c92eda0099ad","name":"Bruno","image":{"@type":"ImageObject","inLanguage":"sl-SI","@id":"https:\/\/viqtor.eu\/#\/schema\/person\/image\/","url":"https:\/\/secure.gravatar.com\/avatar\/e5a596f9489de15bfe046e97fb771f63589b601ca7e81ccc2bb9a23582f441a3?s=96&d=mm&r=g","contentUrl":"https:\/\/secure.gravatar.com\/avatar\/e5a596f9489de15bfe046e97fb771f63589b601ca7e81ccc2bb9a23582f441a3?s=96&d=mm&r=g","caption":"Bruno"},"sameAs":["https:\/\/exciting-panini.13-37-234-21.plesk.page"],"url":"https:\/\/viqtor.eu\/sl\/author\/mouad_zxum2ebi\/"}]}},"_links":{"self":[{"href":"https:\/\/viqtor.eu\/sl\/wp-json\/wp\/v2\/posts\/5777","targetHints":{"allow":["GET"]}}],"collection":[{"href":"https:\/\/viqtor.eu\/sl\/wp-json\/wp\/v2\/posts"}],"about":[{"href":"https:\/\/viqtor.eu\/sl\/wp-json\/wp\/v2\/types\/post"}],"author":[{"embeddable":true,"href":"https:\/\/viqtor.eu\/sl\/wp-json\/wp\/v2\/users\/1"}],"replies":[{"embeddable":true,"href":"https:\/\/viqtor.eu\/sl\/wp-json\/wp\/v2\/comments?post=5777"}],"version-history":[{"count":7,"href":"https:\/\/viqtor.eu\/sl\/wp-json\/wp\/v2\/posts\/5777\/revisions"}],"predecessor-version":[{"id":12098,"href":"https:\/\/viqtor.eu\/sl\/wp-json\/wp\/v2\/posts\/5777\/revisions\/12098"}],"wp:featuredmedia":[{"embeddable":true,"href":"https:\/\/viqtor.eu\/sl\/wp-json\/wp\/v2\/media\/5661"}],"wp:attachment":[{"href":"https:\/\/viqtor.eu\/sl\/wp-json\/wp\/v2\/media?parent=5777"}],"wp:term":[{"taxonomy":"category","embeddable":true,"href":"https:\/\/viqtor.eu\/sl\/wp-json\/wp\/v2\/categories?post=5777"},{"taxonomy":"post_tag","embeddable":true,"href":"https:\/\/viqtor.eu\/sl\/wp-json\/wp\/v2\/tags?post=5777"}],"curies":[{"name":"wp","href":"https:\/\/api.w.org\/{rel}","templated":true}]}}