{"id":5501,"date":"2023-04-19T13:27:53","date_gmt":"2023-04-19T13:27:53","guid":{"rendered":"https:\/\/exciting-panini.13-37-234-21.plesk.page\/?p=5501"},"modified":"2024-08-05T14:06:17","modified_gmt":"2024-08-05T14:06:17","slug":"lia-dans-tous-ses-etats","status":"publish","type":"post","link":"https:\/\/viqtor.eu\/sl\/lia-dans-tous-ses-etats\/","title":{"rendered":"Umetna inteligenca v vseh njenih oblikah."},"content":{"rendered":"<div data-elementor-type=\"wp-post\" data-elementor-id=\"5501\" class=\"elementor elementor-5501\" data-elementor-post-type=\"post\">\n\t\t\t\t\t\t<section class=\"elementor-section elementor-top-section elementor-element elementor-element-e53e145 ot-traditional elementor-section-boxed elementor-section-height-default elementor-section-height-default\" data-id=\"e53e145\" data-element_type=\"section\">\n\t\t\t\t\t\t<div class=\"elementor-container elementor-column-gap-default\">\n\t\t\t\t\t<div class=\"elementor-column elementor-col-100 elementor-top-column elementor-element elementor-element-43243b8 ot-flex-column-vertical\" data-id=\"43243b8\" data-element_type=\"column\">\n\t\t\t<div class=\"elementor-widget-wrap elementor-element-populated\">\n\t\t\t\t\t\t<div class=\"elementor-element elementor-element-6147fb8 elementor-widget elementor-widget-image\" data-id=\"6147fb8\" data-element_type=\"widget\" data-widget_type=\"image.default\">\n\t\t\t\t<div class=\"elementor-widget-container\">\n\t\t\t\t\t\t\t\t\t\t\t\t\t<img fetchpriority=\"high\" decoding=\"async\" width=\"500\" height=\"334\" src=\"https:\/\/viqtor.eu\/wp-content\/uploads\/2023\/04\/LIA-dans-tous-ses-etats.jpg\" class=\"attachment-full size-full wp-image-12036\" alt=\"L\u2019IA dans tous ses \u00e9tats.\" srcset=\"https:\/\/viqtor.eu\/wp-content\/uploads\/2023\/04\/LIA-dans-tous-ses-etats.jpg 500w, https:\/\/viqtor.eu\/wp-content\/uploads\/2023\/04\/LIA-dans-tous-ses-etats-300x200.jpg 300w\" sizes=\"(max-width: 500px) 100vw, 500px\" \/>\t\t\t\t\t\t\t\t\t\t\t\t\t<\/div>\n\t\t\t\t<\/div>\n\t\t\t\t\t<\/div>\n\t\t<\/div>\n\t\t\t\t\t<\/div>\n\t\t<\/section>\n\t\t\t\t<section class=\"elementor-section elementor-top-section elementor-element elementor-element-fec3aa9 ot-traditional elementor-section-boxed elementor-section-height-default elementor-section-height-default\" data-id=\"fec3aa9\" data-element_type=\"section\">\n\t\t\t\t\t\t<div class=\"elementor-container elementor-column-gap-default\">\n\t\t\t\t\t<div class=\"elementor-column elementor-col-100 elementor-top-column elementor-element elementor-element-0ffccd9 ot-flex-column-vertical\" data-id=\"0ffccd9\" data-element_type=\"column\">\n\t\t\t<div class=\"elementor-widget-wrap elementor-element-populated\">\n\t\t\t\t\t\t<div class=\"elementor-element elementor-element-26aa4fa elementor-widget elementor-widget-heading\" data-id=\"26aa4fa\" data-element_type=\"widget\" data-widget_type=\"heading.default\">\n\t\t\t\t<div class=\"elementor-widget-container\">\n\t\t\t<h1 class=\"elementor-heading-title elementor-size-default\">Umetna inteligenca v vseh njenih oblikah<\/h1>\t\t<\/div>\n\t\t\t\t<\/div>\n\t\t\t\t\t<\/div>\n\t\t<\/div>\n\t\t\t\t\t<\/div>\n\t\t<\/section>\n\t\t\t\t<section class=\"elementor-section elementor-top-section elementor-element elementor-element-3d1fa80a ot-traditional elementor-section-boxed elementor-section-height-default elementor-section-height-default\" data-id=\"3d1fa80a\" data-element_type=\"section\">\n\t\t\t\t\t\t<div class=\"elementor-container elementor-column-gap-default\">\n\t\t\t\t\t<div class=\"elementor-column elementor-col-100 elementor-top-column elementor-element elementor-element-59f82466 ot-flex-column-vertical\" data-id=\"59f82466\" data-element_type=\"column\">\n\t\t\t<div class=\"elementor-widget-wrap elementor-element-populated\">\n\t\t\t\t\t\t<div class=\"elementor-element elementor-element-64c0c4e5 elementor-widget elementor-widget-text-editor\" data-id=\"64c0c4e5\" data-element_type=\"widget\" data-widget_type=\"text-editor.default\">\n\t\t\t\t<div class=\"elementor-widget-container\">\n\t\t\t\t\t\t\t<!-- wp:paragraph -->\n<p>Pravna ura \u0161t. 52 \u2013 <strong>Oktober 2022<\/strong><\/p>\n<!-- \/wp:paragraph -->\n\n<!-- wp:paragraph -->\n<p><strong>CNIL je 17. oktobra 2022<\/strong> je s sankcijami proti podjetju Clearview AI v vi\u0161ini 20 milijonov evrov potrdila svojo pristojnost kot regulator na podro\u010dju umetne inteligence.<\/p>\n<!-- \/wp:paragraph -->\n\n<!-- wp:paragraph -->\n<p>Ta sankcija sledi uradnemu obvestilu, na katerega se ni odzvalo, in nesodelovanju podjetja med in\u0161pekcijskim postopkom.<\/p>\n<!-- \/wp:paragraph -->\n\n<!-- wp:paragraph -->\n<p>Sprejet po postopku posvetovanja na evropski ravni se pridru\u017euje sankcijam, ki jih je ve\u010d njenih kolegov izreklo proti istemu podjetju.<\/p>\n<!-- \/wp:paragraph -->\n\n<!-- wp:list -->\n<ul><!-- wp:list-item -->\n<li>CNIL ugotavlja, da ni pravne podlage za sistemati\u010dno in \u0161iroko raz\u0161irjeno zbiranje dvajsetih milijard slik obrazov, ki so javno dostopne na milijonih spletnih mest, slik, ki jih podjetje tr\u017ei zlasti organom pregona.<\/li>\n<!-- \/wp:list-item -->\n\n<!-- wp:list-item -->\n<li>CNIL meni, da bi moralo biti zbiranje podatkov zaradi posebej vsiljive narave in biometri\u010dne narave podatkov predmet predhodnega soglasja zadevnih oseb.<\/li>\n<!-- \/wp:list-item -->\n\n<!-- wp:list-item -->\n<li>Prav tako ugotavlja, da podjetje ne spo\u0161tuje pravic dostopa in izbrisa zadevnih oseb.<\/li>\n<!-- \/wp:list-item --><\/ul>\n<!-- \/wp:list -->\n\n<!-- wp:paragraph -->\n<p>Ta odlo\u010ditev prihaja v kontekstu vse natan\u010dnej\u0161ega nadzora umetne inteligence na nacionalni in mednarodni ravni.<\/p>\n<!-- \/wp:paragraph -->\n\n<!-- wp:paragraph -->\n<p><strong>Dr\u017eavni svet<\/strong> zato je konec poletja sprejel dva dokumenta, v katerih se izreka o upravljanju prihodnje evropske uredbe o umetni inteligenci:<\/p>\n<!-- \/wp:paragraph -->\n\n<!-- wp:paragraph -->\n<p>Dr\u017eavni svet v svojem dokumentu z dne 30. avgusta 2022 obravnava vpra\u0161anje kakovosti javnih storitev in postavlja temelje za francosko strategijo za umetno inteligenco.<\/p>\n<!-- \/wp:paragraph -->\n\n<!-- wp:paragraph -->\n<p>Med drugim spodbuja krepitev pristojnosti CNIL in njeno formalno odgovornost za regulacijo sistemov umetne inteligence.<\/p>\n<!-- \/wp:paragraph -->\n\n<!-- wp:paragraph -->\n<p>Zato priporo\u010da preoblikovanje CNIL, ki bi postal &quot;nacionalni nadzorni organ, odgovoren za regulacijo sistemov umetne inteligence, zlasti javnih, da bi utele\u0161al in ponotranjil dvojni izziv varovanja temeljnih pravic in svobo\u0161\u010din na eni strani ter inovacij in javnega delovanja na drugi strani.&quot;<\/p>\n<!-- \/wp:paragraph -->\n\n<!-- wp:paragraph -->\n<p><strong>Dr\u017eavni svet je 27. septembra<\/strong> objavila je tudi \u0161tudijo o nadzoru dru\u017ebenih omre\u017eij v kontekstu razvoja umetne inteligence, v kateri podaja 17 priporo\u010dil za ponovno uravnote\u017eenje sil v korist uporabnikov, opremljanje javnih organov v njihovi vlogi regulatorja in razmislek o dru\u017ebenih omre\u017ejih prihodnosti.<\/p>\n<!-- \/wp:paragraph -->\n\n<!-- wp:paragraph -->\n<p>S svoje strani, <strong>Parlament<\/strong> preu\u010duje vpra\u0161anje video nadzora in prepoznavanja obrazov: Pravna komisija Dr\u017eavnega zbora je 13. septembra za\u010dela misijo za ugotavljanje dejstev, ki jo je zaupala poslancu in \u010dlanu kolegija CNIL Philippu Latombeju.<\/p>\n<!-- \/wp:paragraph -->\n\n<!-- wp:paragraph -->\n<p>Poslanci bodo morali razumeti &quot;izzive uporabe varnostnih posnetkov v javni domeni za boj proti negotovosti&quot; in se bodo posebej posvetili prepoznavanju obrazov.<\/p>\n<!-- \/wp:paragraph -->\n\n<!-- wp:paragraph -->\n<p>To bo vklju\u010devalo pregled nedavno odobrenih naprav, kot so telesne kamere in droni, ter preu\u010ditev morebitnih novosti, kot so obogatene kamere, z namenom priprave zakonodajnega predloga.<\/p>\n<!-- \/wp:paragraph -->\n\n<!-- wp:paragraph -->\n<p>Omenimo \u0161e za\u010detek pogajanj za konvencijo <strong>Svet Evrope<\/strong> o umetni inteligenci, \u010dlovekovih pravicah, demokraciji in pravni dr\u017eavi.<\/p>\n<!-- \/wp:paragraph -->\n\n<!-- wp:paragraph -->\n<p>To bi bil prvi pravno zavezujo\u010d mednarodni instrument o umetni inteligenci.<\/p>\n<!-- \/wp:paragraph -->\n\n<!-- wp:paragraph -->\n<p>Ta konvencija bi dopolnila uredbo o umetni inteligenci, ki jo je predlagala Evropska komisija, z okrepitvijo varstva temeljnih pravic posameznikov.<\/p>\n<!-- \/wp:paragraph -->\n\n<!-- wp:paragraph -->\n<p>TA <strong>Evropski nadzornik za varstvo podatkov<\/strong> pozdravil je to pobudo, hkrati pa opozoril na sisteme umetne inteligence, ki po njegovem mnenju predstavljajo nesprejemljiva tveganja in bi jih bilo treba prepovedati, in sicer:<\/p>\n<!-- \/wp:paragraph -->\n\n<!-- wp:list -->\n<ul><!-- wp:list-item -->\n<li>Socialno to\u010dkovanje,<\/li>\n<!-- \/wp:list-item -->\n\n<!-- wp:list-item -->\n<li>Biometri\u010dna identifikacija v javnih prostorih,<\/li>\n<!-- \/wp:list-item -->\n\n<!-- wp:list-item -->\n<li>Kategorizacija posameznikov na podlagi biometri\u010dnih podatkov<\/li>\n<!-- \/wp:list-item -->\n\n<!-- wp:list-item -->\n<li>Kategorizacija posameznikov na podlagi njihovih zaznanih \u010dustev.<\/li>\n<!-- \/wp:list-item --><\/ul>\n<!-- \/wp:list -->\n\n<!-- wp:paragraph -->\n<p>Ne smemo pozabiti, da uredba o umetni inteligenci, ki jo je predlagala Evropska komisija, podpira ta pristop s prepovedjo najbolj vsiljivih tehnik umetne inteligence, kot so tiste, ki manipulirajo s posamezniki ali omogo\u010dajo socialno to\u010dkovanje.<\/p>\n<!-- \/wp:paragraph -->\n\n<!-- wp:paragraph -->\n<p>\u0160e vedno nezadostno za zagovornike svobo\u0161\u010din in pretirano za njene nasprotnike.<\/p>\n<!-- \/wp:paragraph -->\n\n<!-- wp:paragraph -->\n<p>Treba je opozoriti, da so Zdru\u017eene dr\u017eave konec oktobra ve\u010d prestolnicam in Evropski komisiji poslale neuradni dokument, s katerim so jih \u017eelele prepri\u010dati, naj omejijo podro\u010dje uporabe prihodnjih predpisov in raz\u0161irijo njihove izjeme, da bi ohranile ve\u010djo pro\u017enost pri morebitni uporabi umetne inteligence.<\/p>\n<!-- \/wp:paragraph -->\n\n<!-- wp:paragraph -->\n<p><strong>Zdru\u017eene dr\u017eave Amerike<\/strong> prav tako sami pripravljajo predpise o umetni inteligenci: 4. oktobra je predsednik Joe Biden predstavil \u00bbList of AI Rights\u00ab, ki opisuje pet jamstev, od katerih bi morali imeti koristi Ameri\u010dani:<\/p>\n<!-- \/wp:paragraph -->\n\n<!-- wp:list -->\n<ul><!-- wp:list-item -->\n<li>Varni in u\u010dinkoviti sistemi,<\/li>\n<!-- \/wp:list-item -->\n\n<!-- wp:list-item -->\n<li>Za\u0161\u010dita pred algoritemsko diskriminacijo,<\/li>\n<!-- \/wp:list-item -->\n\n<!-- wp:list-item -->\n<li>Zaupnost podatkov,<\/li>\n<!-- \/wp:list-item -->\n\n<!-- wp:list-item -->\n<li>Obvestila in pojasnila o delovanju umetne inteligence,<\/li>\n<!-- \/wp:list-item --><\/ul>\n<!-- \/wp:list -->\n\n<!-- wp:list -->\n<ul><!-- wp:list-item -->\n<li>\u010clove\u0161ke alternative avtomatiziranim odlo\u010ditvam.<\/li>\n<!-- \/wp:list-item --><\/ul>\n<!-- \/wp:list -->\n\n<!-- wp:paragraph -->\n<p>Nazadnje je treba opozoriti, da so se regulatorji za varstvo podatkov iz ve\u010d kot 120 dr\u017eav dogovorili o okviru za uporabo prepoznavanja obrazov v <strong>44. svetovna skup\u0161\u010dina o zasebnosti <\/strong>ki je potekal konec oktobra v Istanbulu.<\/p>\n<!-- \/wp:paragraph -->\n\n<!-- wp:paragraph -->\n<p>Resolucija zahteva, da subjekt, ki uporablja tehnologijo<\/p>\n<!-- \/wp:paragraph -->\n\n<!-- wp:list -->\n<ul><!-- wp:list-item -->\n<li>Ugotoviti \u201enjegov razumen, potreben in sorazmeren zna\u010daj\u201c,<\/li>\n<!-- \/wp:list-item -->\n\n<!-- wp:list-item -->\n<li>Ocenjuje spo\u0161tovanje pravic posameznikov<\/li>\n<!-- \/wp:list-item -->\n\n<!-- wp:list-item -->\n<li>Zagotavlja nemoteno uporabo tehnologije.<\/li>\n<!-- \/wp:list-item --><\/ul>\n<!-- \/wp:list -->\n\n<!-- wp:paragraph -->\n<p>Vzpostaviti je treba tudi jasne in u\u010dinkovite mehanizme odgovornosti.<\/p>\n<!-- \/wp:paragraph -->\n\n<!-- wp:paragraph -->\n<p><strong>In tudi<\/strong><\/p>\n<!-- \/wp:paragraph -->\n\n<!-- wp:paragraph -->\n<p><strong>Francija:<\/strong><\/p>\n<!-- \/wp:paragraph -->\n\n<!-- wp:paragraph -->\n<p><strong>Kibernetska kriminaliteta: <\/strong>Minister za digitalne zadeve in minister za zdravje sta napovedala prora\u010dun v vi\u0161ini 20 milijonov evrov v korist ANSSI za okrepitev podpore zdravstvenim ustanovam, ki so \u017ertve izsiljevalske programske opreme.<\/p>\n<!-- \/wp:paragraph -->\n\n<!-- wp:paragraph -->\n<p><strong>CNIL na svoji spletni strani objavlja izobra\u017eevalne vire za bolj\u0161o za\u0161\u010dito otrok, starih od 8 do 10 let, na internetu.<\/strong><\/p>\n<!-- \/wp:paragraph -->\n\n<!-- wp:paragraph -->\n<p>Ti viri so namenjeni star\u0161em, otrokom, u\u010diteljem in vzgojiteljem.<\/p>\n<!-- \/wp:paragraph -->\n\n<!-- wp:paragraph -->\n<p><strong>CNIL je 17. oktobra posodobil tudi svoje priporo\u010dilo glede preverjanja pristnosti z geslom.<\/strong><\/p>\n<!-- \/wp:paragraph -->\n\n<!-- wp:paragraph -->\n<p>V kontekstu pove\u010danih gro\u017eenj spletni varnosti CNIL razvija zlasti uporabnost re\u0161itev za mo\u010dno ali ve\u010dfaktorsko avtentikacijo in elektronskih potrdil.<\/p>\n<!-- \/wp:paragraph -->\n\n<!-- wp:paragraph -->\n<p><strong>Evropa:<\/strong><\/p>\n<!-- \/wp:paragraph -->\n\n<!-- wp:paragraph -->\n<p><strong>Evropski odbor za varstvo podatkov (EDPB) je sprejel posodobljene smernice o obve\u0161\u010danju o kr\u0161itvah varnosti podatkov, <\/strong>odprto za javno obravnavo do 29. 11. 2022.<\/p>\n<!-- \/wp:paragraph -->\n\n<!-- wp:paragraph -->\n<p>Posodobljeni oddelek se nana\u0161a na obve\u0161\u010danje o kr\u0161itvi varnosti s strani upravitelja s sede\u017eem zunaj Evropske unije.<\/p>\n<!-- \/wp:paragraph -->\n\n<!-- wp:paragraph -->\n<p>Dejstvo, da je ta vodja imenoval predstavnika v eni od dr\u017eav EU, ga po mnenju Evropskega odbora za varstvo podatkov ne odvezuje obse\u017enih obveznosti: besedilo zdaj dolo\u010da, da \u201ezgolj prisotnost predstavnika v dr\u017eavi \u010dlanici ne spro\u017ei delovanja enotnega okenca\u201c.<\/p>\n<!-- \/wp:paragraph -->\n\n<!-- wp:paragraph -->\n<p>Zato bo treba kr\u0161itev sporo\u010diti vsakemu organu, za katerega posamezniki, na katere se nana\u0161ajo osebni podatki, prebivajo v njihovi dr\u017eavi \u010dlanici.<\/p>\n<!-- \/wp:paragraph -->\n\n<!-- wp:paragraph -->\n<p><strong>Sodi\u0161\u010de Evropske unije je v sodbi z dne 20. oktobra razsodilo, da je nadaljnja obdelava <\/strong>ki obsega ustvarjanje baze podatkov iz obstoje\u010de baze podatkov za izvajanje testov in odpravljanje napak, je dovoljeno, \u010de<\/p>\n<!-- \/wp:paragraph -->\n\n<!-- wp:list {\"ordered\":true,\"type\":\"a\"} -->\n<ol type=\"a\"><!-- wp:list-item -->\n<li>obstaja \u201ekonkretna, logi\u010dna in dovolj tesna povezava med nameni za\u010detnega zbiranja in nadaljnjo obdelavo\u201c; in<\/li>\n<!-- \/wp:list-item -->\n\n<!-- wp:list-item -->\n<li>nadaljnja obdelava ne odstopa od legitimnih pri\u010dakovanj naro\u010dnikov.<\/li>\n<!-- \/wp:list-item --><\/ol>\n<!-- \/wp:list -->\n\n<!-- wp:paragraph -->\n<p>V obravnavani zadevi je Sodi\u0161\u010de menilo, da taka tesna povezava obstaja. Opozarja, da je treba podatke izbrisati, ko je izpolnjen (sekundarni) namen obdelave.<\/p>\n<!-- \/wp:paragraph -->\n\n<!-- wp:paragraph -->\n<p><strong>V sodbi z dne 27. oktobra v zvezi z belgijskim podjetjem Proximus<\/strong>Sodi\u0161\u010de odlo\u010da o obveznostih ponudnikov imenikov, kadar naro\u010dnik prekli\u010de soglasje za obdelavo svojih podatkov.<\/p>\n<!-- \/wp:paragraph -->\n\n<!-- wp:paragraph -->\n<p>Sodi\u0161\u010de meni, da lahko organ za varstvo podatkov od ponudnika javno dostopnih telefonskih imenikov kot upravljavca podatkov zahteva, da sprejme ustrezne ukrepe za obve\u0161\u010danje drugih upravljavcev podatkov (vklju\u010dno s ponudnikom telekomunikacijske storitve, od katerega so bili podatki sporo\u010deni) o preklicu naro\u010dnikove privolitve.<\/p>\n<!-- \/wp:paragraph -->\n\n<!-- wp:paragraph -->\n<p><strong>Uredba o evropskih digitalnih trgih (DMA) je bila objavljena 12. oktobra 2022.<\/strong><\/p>\n<!-- \/wp:paragraph -->\n\n<!-- wp:paragraph -->\n<p>To besedilo, katerega cilj je &quot;odpraviti nepo\u0161tene prakse podjetij, ki delujejo kot &quot;vratarji&quot; v gospodarstvu spletnih platform&quot;, bo za\u010delo veljati 2. maja 2023.<\/p>\n<!-- \/wp:paragraph -->\n\n<!-- wp:paragraph -->\n<p>Velike spletne platforme opredeljuje kot &quot;varuhe vrat&quot; in dolo\u010da seznam prepovedi in obveznosti, katerih namen je &quot;zagotavljanje po\u0161tenih in odprtih digitalnih trgov&quot;.<\/p>\n<!-- \/wp:paragraph -->\n\n<!-- wp:paragraph -->\n<p><strong>Predlog evropske uredbe o spolni zlorabi otrok (CSAR) je<\/strong> predmet \u0161tevilnih kritik civilne dru\u017ebe in za\u010detek kampanje \u00bbnehajte me skenirati\u00ab.<\/p>\n<!-- \/wp:paragraph -->\n\n<!-- wp:paragraph -->\n<p>Po mnenju zadevnih nevladnih organizacij predlog kljub hvalevrednim ciljem grozi, da bo &quot;temeljito ogrozil varno spletno komunikacijo in naredil internet manj varen za vse&quot;.<\/p>\n<!-- \/wp:paragraph -->\n\n<!-- wp:paragraph -->\n<p>Organi pregona nameravajo uporabiti avtomatizirano spletno skeniranje zasebnih komunikacij za ciljanje vsebin, povezanih s spolno zlorabo otrok.<\/p>\n<!-- \/wp:paragraph -->\n\n<!-- wp:paragraph -->\n<p>Vendar pa preiskava Irskega sveta za dr\u017eavljanske svobo\u0161\u010dine (ICCL) razkriva, da irska policija hrani osebne podatke \u2013 e-po\u0161to, uporabni\u0161ko ime, IP-naslov \u2013 tudi v primeru la\u017enih alarmov.<\/p>\n<!-- \/wp:paragraph -->\n\n<!-- wp:paragraph -->\n<p>Ogromno \u0161tevilo la\u017eno pozitivnih rezultatov \u2013 domnevno je uporabnih manj kot 10 poro\u010dil % \u2013 bi lahko policiji prepre\u010dilo tudi re\u0161evanje bistva problema.<\/p>\n<!-- \/wp:paragraph -->\n\n<!-- wp:paragraph -->\n<p><strong>Italijanski organ za varstvo podatkov <\/strong>odpira preiskavo aplikacije, ki ustvarja umetne glasove (\u00bbdeep fake\u00ab).<\/p>\n<!-- \/wp:paragraph -->\n\n<!-- wp:paragraph -->\n<p>Oblasti so za\u010dele preiskavo aplikacije Fakeyou, ki naj bi besedilne datoteke pretvarjala v glasove znanih ljudi, zlasti italijanskih.<\/p>\n<!-- \/wp:paragraph -->\n\n<!-- wp:paragraph -->\n<p>Poleg tega je italijanski organ za varstvo potro\u0161nikov razsodil, da znak s stilizirano kamero ni zadosten za obve\u0161\u010danje o uporabi video nadzornih kamer, in upravljavcu nalo\u017eil globo v vi\u0161ini 2000 evrov.<\/p>\n<!-- \/wp:paragraph -->\n\n<!-- wp:paragraph -->\n<p><strong>Irska oblast<\/strong> Organ za varstvo podatkov je na svojem spletnem mestu objavil zbirko ve\u010d kot 30 konkretnih \u0161tudij primerov, ki jih je obravnaval in niso vklju\u010dene v njegova letna poro\u010dila. Publikacija omogo\u010da bolj\u0161e razumevanje pristopa organa k temam, kot so spremljanje zaposlenih, video nadzor, pojem legitimnega interesa in zdru\u017eljivost namenov obdelave.<\/p>\n<!-- \/wp:paragraph -->\n\n<!-- wp:paragraph -->\n<p><strong>Nizozemsko prito\u017ebeno sodi\u0161\u010de v Arnhem-Leeuwardenu<\/strong> potrdil odredbo, da regulator avtorskih pravic ne more prisiliti ponudnika internetnih storitev, da po\u0161ilja opozorilna pisma domnevnim kr\u0161iteljem avtorskih pravic: ponudnik internetnih storitev nima pravne podlage za obdelavo osebnih podatkov v zvezi s kazenskimi obsodbami in prekr\u0161ki.<\/p>\n<!-- \/wp:paragraph -->\n\n<!-- wp:paragraph -->\n<p><strong>Agencija za varstvo podatkov Zdru\u017eenega kraljestva (ICO)<\/strong> sporo\u010da o biometri\u010dnih tehnologijah, kot so tehnologije za analizo \u010dustev, za katere pravi, da so nezrele in tvegajo diskriminacijo.<\/p>\n<!-- \/wp:paragraph -->\n\n<!-- wp:paragraph -->\n<p>Med ugotovljenimi tveganji so spremljanje fizi\u010dnega zdravja delavcev z uporabo prenosnih orodij za pregledovanje ter vizualno in vedenjsko opazovanje, vklju\u010dno z dr\u017eo telesa, govorom, gibi o\u010di in gibi glave, za prijavo \u0161tudentov na izpite.<\/p>\n<!-- \/wp:paragraph -->\n\n<!-- wp:paragraph -->\n<p>ICO objavlja tudi osnutek smernic o spremljanju zaposlenih.<\/p>\n<!-- \/wp:paragraph -->\n\n<!-- wp:paragraph -->\n<p>Komisija opozarja zlasti na nara\u0161\u010dajo\u010di trend &quot;dela od doma&quot; in problem spremljanja produktivnosti, saj so pri\u010dakovanja delavcev glede zasebnosti verjetno ve\u010dja doma kot na delovnem mestu.<\/p>\n<!-- \/wp:paragraph -->\n\n<!-- wp:paragraph -->\n<p>ICO tudi ugotavlja, da se \u00bbspremljanje pritiskov tipk uvr\u0161\u010da med vedenjske biometri\u010dne podatke, kadar je delavca mogo\u010de prepoznati na podlagi njegovega edinstvenega vzorca in ritma tipkanja.\u00ab Osnutek je odprt za posvetovanje do 11. januarja 2023.<\/p>\n<!-- \/wp:paragraph -->\n\n<!-- wp:paragraph -->\n<p><strong>Mednarodno:<\/strong><\/p>\n<!-- \/wp:paragraph -->\n\n<!-- wp:paragraph -->\n<p><strong>Prenos podatkov v Zdru\u017eene dr\u017eave Amerike<\/strong>Pomemben mejnik je bil dose\u017een 7. oktobra, ko je predsednik Biden podpisal izvr\u0161ni odlok o okrepitvi za\u0161\u010ditnih ukrepov za dejavnosti obve\u0161\u010devalnih dejavnosti Zdru\u017eenih dr\u017eav Amerike na podro\u010dju signalov.<\/p>\n<!-- \/wp:paragraph -->\n\n<!-- wp:paragraph -->\n<p>Namen te uredbe je omogo\u010diti izvajanje novega okvira za varstvo podatkov med Evropsko unijo in Zdru\u017eenimi dr\u017eavami Amerike po sodbi Sodi\u0161\u010da EU v zadevi Schrems II, zaradi katere je zasebnostni \u0161\u010dit postal zastarel.<\/p>\n<!-- \/wp:paragraph -->\n\n<!-- wp:paragraph -->\n<p>Sporazum bi lahko bil dokon\u010dno sklenjen v za\u010detku leta 2023, po mnenju Evropskega odbora za varstvo podatkov (EDPB) in sprejetju sklepa o ustreznosti s strani Evropske komisije.<\/p>\n<!-- \/wp:paragraph -->\n\n<!-- wp:paragraph -->\n<p>Negotovost glede sporazuma se nana\u0161a na obseg nadzornih pooblastil ameri\u0161kih oblasti in na pravna sredstva, ki jih imajo evropski dr\u017eavljani na voljo zoper ukrepe ZDA, sprejete proti njim.<\/p>\n<!-- \/wp:paragraph -->\n\n<!-- wp:paragraph -->\n<p>Dodajmo \u0161e, da je ta odlok, ker nima zakonske veljave, mogo\u010de razveljaviti, kar \u0161e pove\u010duje pravno negotovost.<\/p>\n<!-- \/wp:paragraph -->\t\t\t\t\t\t<\/div>\n\t\t\t\t<\/div>\n\t\t\t\t\t<\/div>\n\t\t<\/div>\n\t\t\t\t\t<\/div>\n\t\t<\/section>\n\t\t\t\t<section class=\"elementor-section elementor-top-section elementor-element elementor-element-483196b ot-traditional elementor-section-boxed elementor-section-height-default elementor-section-height-default\" data-id=\"483196b\" data-element_type=\"section\">\n\t\t\t\t\t\t<div class=\"elementor-container elementor-column-gap-default\">\n\t\t\t\t\t<div class=\"elementor-column elementor-col-100 elementor-top-column elementor-element elementor-element-99d2fac ot-flex-column-vertical\" data-id=\"99d2fac\" data-element_type=\"column\">\n\t\t\t<div class=\"elementor-widget-wrap elementor-element-populated\">\n\t\t\t\t\t\t<div class=\"elementor-element elementor-element-524f010 elementor-align-center elementor-widget elementor-widget-button\" data-id=\"524f010\" data-element_type=\"widget\" data-widget_type=\"button.default\">\n\t\t\t\t<div class=\"elementor-widget-container\">\n\t\t\t\t\t<div class=\"elementor-button-wrapper\">\n\t\t\t<a class=\"elementor-button elementor-button-link elementor-size-lg\" href=\"https:\/\/app.viqtor.eu\/\">\n\t\t\t\t\t\t<span class=\"elementor-button-content-wrapper\">\n\t\t\t\t\t\t<span class=\"elementor-button-icon\">\n\t\t\t\t<i aria-hidden=\"true\" class=\"fas fa-long-arrow-alt-right\"><\/i>\t\t\t<\/span>\n\t\t\t\t\t\t\t\t\t<span class=\"elementor-button-text\">Odkrijte Viqtor\u00ae<\/span>\n\t\t\t\t\t<\/span>\n\t\t\t\t\t<\/a>\n\t\t<\/div>\n\t\t\t\t<\/div>\n\t\t\t\t<\/div>\n\t\t\t\t\t<\/div>\n\t\t<\/div>\n\t\t\t\t\t<\/div>\n\t\t<\/section>\n\t\t\t\t<\/div>","protected":false},"excerpt":{"rendered":"<p>Umetna inteligenca v vseh njenih oblikah Pravno poro\u010dilo \u0161t. 52 \u2013 oktober 2022 CNIL je 17. oktobra 2022 potrdil svojo regulativno pristojnost na podro\u010dju umetne inteligence z globo v vi\u0161ini 20 milijonov evrov za Clearview AI. Ta sankcija sledi uradnemu obvestilu, na katerega se ni odzvalo, in [\u2026]<\/p>","protected":false},"author":1,"featured_media":5652,"comment_status":"closed","ping_status":"open","sticky":false,"template":"elementor_header_footer","format":"standard","meta":{"_acf_changed":false,"footnotes":""},"categories":[35],"tags":[],"class_list":["post-5501","post","type-post","status-publish","format-standard","has-post-thumbnail","hentry","category-veille-juridique"],"acf":[],"yoast_head":"<!-- This site is optimized with the Yoast SEO plugin v23.6 - https:\/\/yoast.com\/wordpress\/plugins\/seo\/ -->\n<title>L\u2019IA dans tous ses \u00e9tats. - Viqtor<\/title>\n<meta name=\"description\" content=\"L\u2019IA dans tous ses \u00e9tats. Veille juridique - Viqtor\" \/>\n<meta name=\"robots\" content=\"index, follow, max-snippet:-1, max-image-preview:large, max-video-preview:-1\" \/>\n<link rel=\"canonical\" href=\"https:\/\/viqtor.eu\/sl\/lia-dans-tous-ses-etats\/\" \/>\n<meta property=\"og:locale\" content=\"sl_SI\" \/>\n<meta property=\"og:type\" content=\"article\" \/>\n<meta property=\"og:title\" content=\"L\u2019IA dans tous ses \u00e9tats. - Viqtor\" \/>\n<meta property=\"og:description\" content=\"L\u2019IA dans tous ses \u00e9tats. Veille juridique - Viqtor\" \/>\n<meta property=\"og:url\" content=\"https:\/\/viqtor.eu\/sl\/lia-dans-tous-ses-etats\/\" \/>\n<meta property=\"og:site_name\" content=\"Viqtor\" \/>\n<meta property=\"article:published_time\" content=\"2023-04-19T13:27:53+00:00\" \/>\n<meta property=\"article:modified_time\" content=\"2024-08-05T14:06:17+00:00\" \/>\n<meta property=\"og:image\" content=\"https:\/\/viqtor.eu\/wp-content\/uploads\/2026\/04\/widget-viqtor.png\" \/>\n\t<meta property=\"og:image:width\" content=\"500\" \/>\n\t<meta property=\"og:image:height\" content=\"334\" \/>\n\t<meta property=\"og:image:type\" content=\"image\/jpeg\" \/>\n<meta name=\"author\" content=\"Bruno\" \/>\n<meta name=\"twitter:card\" content=\"summary_large_image\" \/>\n<meta name=\"twitter:label1\" content=\"Written by\" \/>\n\t<meta name=\"twitter:data1\" content=\"Bruno\" \/>\n\t<meta name=\"twitter:label2\" content=\"Est. reading time\" \/>\n\t<meta name=\"twitter:data2\" content=\"11 minut\" \/>\n<script type=\"application\/ld+json\" class=\"yoast-schema-graph\">{\"@context\":\"https:\/\/schema.org\",\"@graph\":[{\"@type\":\"Article\",\"@id\":\"https:\/\/viqtor.eu\/lia-dans-tous-ses-etats\/#article\",\"isPartOf\":{\"@id\":\"https:\/\/viqtor.eu\/lia-dans-tous-ses-etats\/\"},\"author\":{\"name\":\"Bruno\",\"@id\":\"https:\/\/viqtor.eu\/#\/schema\/person\/3dbd9cc82a28f6cf1695c92eda0099ad\"},\"headline\":\"L\u2019IA dans tous ses \u00e9tats.\",\"datePublished\":\"2023-04-19T13:27:53+00:00\",\"dateModified\":\"2024-08-05T14:06:17+00:00\",\"mainEntityOfPage\":{\"@id\":\"https:\/\/viqtor.eu\/lia-dans-tous-ses-etats\/\"},\"wordCount\":2388,\"publisher\":{\"@id\":\"https:\/\/viqtor.eu\/#organization\"},\"image\":{\"@id\":\"https:\/\/viqtor.eu\/lia-dans-tous-ses-etats\/#primaryimage\"},\"thumbnailUrl\":\"https:\/\/viqtor.eu\/wp-content\/uploads\/2023\/04\/shutterstock_680929729.jpg\",\"articleSection\":[\"Veille juridique\"],\"inLanguage\":\"sl-SI\"},{\"@type\":\"WebPage\",\"@id\":\"https:\/\/viqtor.eu\/lia-dans-tous-ses-etats\/\",\"url\":\"https:\/\/viqtor.eu\/lia-dans-tous-ses-etats\/\",\"name\":\"L\u2019IA dans tous ses \u00e9tats. - Viqtor\",\"isPartOf\":{\"@id\":\"https:\/\/viqtor.eu\/#website\"},\"primaryImageOfPage\":{\"@id\":\"https:\/\/viqtor.eu\/lia-dans-tous-ses-etats\/#primaryimage\"},\"image\":{\"@id\":\"https:\/\/viqtor.eu\/lia-dans-tous-ses-etats\/#primaryimage\"},\"thumbnailUrl\":\"https:\/\/viqtor.eu\/wp-content\/uploads\/2023\/04\/shutterstock_680929729.jpg\",\"datePublished\":\"2023-04-19T13:27:53+00:00\",\"dateModified\":\"2024-08-05T14:06:17+00:00\",\"description\":\"L\u2019IA dans tous ses \u00e9tats. Veille juridique - Viqtor\",\"breadcrumb\":{\"@id\":\"https:\/\/viqtor.eu\/lia-dans-tous-ses-etats\/#breadcrumb\"},\"inLanguage\":\"sl-SI\",\"potentialAction\":[{\"@type\":\"ReadAction\",\"target\":[\"https:\/\/viqtor.eu\/lia-dans-tous-ses-etats\/\"]}]},{\"@type\":\"ImageObject\",\"inLanguage\":\"sl-SI\",\"@id\":\"https:\/\/viqtor.eu\/lia-dans-tous-ses-etats\/#primaryimage\",\"url\":\"https:\/\/viqtor.eu\/wp-content\/uploads\/2023\/04\/shutterstock_680929729.jpg\",\"contentUrl\":\"https:\/\/viqtor.eu\/wp-content\/uploads\/2023\/04\/shutterstock_680929729.jpg\",\"width\":500,\"height\":334},{\"@type\":\"BreadcrumbList\",\"@id\":\"https:\/\/viqtor.eu\/lia-dans-tous-ses-etats\/#breadcrumb\",\"itemListElement\":[{\"@type\":\"ListItem\",\"position\":1,\"name\":\"Accueil\",\"item\":\"https:\/\/viqtor.eu\/\"},{\"@type\":\"ListItem\",\"position\":2,\"name\":\"L\u2019IA dans tous ses \u00e9tats.\"}]},{\"@type\":\"WebSite\",\"@id\":\"https:\/\/viqtor.eu\/#website\",\"url\":\"https:\/\/viqtor.eu\/\",\"name\":\"Viqtor\",\"description\":\"Faites du RGPD une opportunit\u00e9 pour votre entreprise.\",\"publisher\":{\"@id\":\"https:\/\/viqtor.eu\/#organization\"},\"potentialAction\":[{\"@type\":\"SearchAction\",\"target\":{\"@type\":\"EntryPoint\",\"urlTemplate\":\"https:\/\/viqtor.eu\/?s={search_term_string}\"},\"query-input\":{\"@type\":\"PropertyValueSpecification\",\"valueRequired\":true,\"valueName\":\"search_term_string\"}}],\"inLanguage\":\"sl-SI\"},{\"@type\":\"Organization\",\"@id\":\"https:\/\/viqtor.eu\/#organization\",\"name\":\"viqtor.eu\",\"url\":\"https:\/\/viqtor.eu\/\",\"logo\":{\"@type\":\"ImageObject\",\"inLanguage\":\"sl-SI\",\"@id\":\"https:\/\/viqtor.eu\/#\/schema\/logo\/image\/\",\"url\":\"https:\/\/viqtor.eu\/wp-content\/uploads\/2023\/06\/favicon-noir.svg\",\"contentUrl\":\"https:\/\/viqtor.eu\/wp-content\/uploads\/2023\/06\/favicon-noir.svg\",\"width\":108,\"height\":86,\"caption\":\"viqtor.eu\"},\"image\":{\"@id\":\"https:\/\/viqtor.eu\/#\/schema\/logo\/image\/\"}},{\"@type\":\"Person\",\"@id\":\"https:\/\/viqtor.eu\/#\/schema\/person\/3dbd9cc82a28f6cf1695c92eda0099ad\",\"name\":\"Bruno\",\"image\":{\"@type\":\"ImageObject\",\"inLanguage\":\"sl-SI\",\"@id\":\"https:\/\/viqtor.eu\/#\/schema\/person\/image\/\",\"url\":\"https:\/\/secure.gravatar.com\/avatar\/e5a596f9489de15bfe046e97fb771f63589b601ca7e81ccc2bb9a23582f441a3?s=96&d=mm&r=g\",\"contentUrl\":\"https:\/\/secure.gravatar.com\/avatar\/e5a596f9489de15bfe046e97fb771f63589b601ca7e81ccc2bb9a23582f441a3?s=96&d=mm&r=g\",\"caption\":\"Bruno\"},\"sameAs\":[\"https:\/\/exciting-panini.13-37-234-21.plesk.page\"],\"url\":\"https:\/\/viqtor.eu\/sl\/author\/mouad_zxum2ebi\/\"}]}<\/script>\n<!-- \/ Yoast SEO plugin. -->","yoast_head_json":{"title":"L\u2019IA dans tous ses \u00e9tats. - Viqtor","description":"L\u2019IA dans tous ses \u00e9tats. Veille juridique - Viqtor","robots":{"index":"index","follow":"follow","max-snippet":"max-snippet:-1","max-image-preview":"max-image-preview:large","max-video-preview":"max-video-preview:-1"},"canonical":"https:\/\/viqtor.eu\/sl\/lia-dans-tous-ses-etats\/","og_locale":"sl_SI","og_type":"article","og_title":"L\u2019IA dans tous ses \u00e9tats. - Viqtor","og_description":"L\u2019IA dans tous ses \u00e9tats. Veille juridique - Viqtor","og_url":"https:\/\/viqtor.eu\/sl\/lia-dans-tous-ses-etats\/","og_site_name":"Viqtor","article_published_time":"2023-04-19T13:27:53+00:00","article_modified_time":"2024-08-05T14:06:17+00:00","og_image":[{"width":500,"height":334,"url":"https:\/\/viqtor.eu\/wp-content\/uploads\/2026\/04\/widget-viqtor.png","type":"image\/jpeg"}],"author":"Bruno","twitter_card":"summary_large_image","twitter_misc":{"Written by":"Bruno","Est. reading time":"11 minut"},"schema":{"@context":"https:\/\/schema.org","@graph":[{"@type":"Article","@id":"https:\/\/viqtor.eu\/lia-dans-tous-ses-etats\/#article","isPartOf":{"@id":"https:\/\/viqtor.eu\/lia-dans-tous-ses-etats\/"},"author":{"name":"Bruno","@id":"https:\/\/viqtor.eu\/#\/schema\/person\/3dbd9cc82a28f6cf1695c92eda0099ad"},"headline":"L\u2019IA dans tous ses \u00e9tats.","datePublished":"2023-04-19T13:27:53+00:00","dateModified":"2024-08-05T14:06:17+00:00","mainEntityOfPage":{"@id":"https:\/\/viqtor.eu\/lia-dans-tous-ses-etats\/"},"wordCount":2388,"publisher":{"@id":"https:\/\/viqtor.eu\/#organization"},"image":{"@id":"https:\/\/viqtor.eu\/lia-dans-tous-ses-etats\/#primaryimage"},"thumbnailUrl":"https:\/\/viqtor.eu\/wp-content\/uploads\/2023\/04\/shutterstock_680929729.jpg","articleSection":["Veille juridique"],"inLanguage":"sl-SI"},{"@type":"WebPage","@id":"https:\/\/viqtor.eu\/lia-dans-tous-ses-etats\/","url":"https:\/\/viqtor.eu\/lia-dans-tous-ses-etats\/","name":"L\u2019IA dans tous ses \u00e9tats. - Viqtor","isPartOf":{"@id":"https:\/\/viqtor.eu\/#website"},"primaryImageOfPage":{"@id":"https:\/\/viqtor.eu\/lia-dans-tous-ses-etats\/#primaryimage"},"image":{"@id":"https:\/\/viqtor.eu\/lia-dans-tous-ses-etats\/#primaryimage"},"thumbnailUrl":"https:\/\/viqtor.eu\/wp-content\/uploads\/2023\/04\/shutterstock_680929729.jpg","datePublished":"2023-04-19T13:27:53+00:00","dateModified":"2024-08-05T14:06:17+00:00","description":"L\u2019IA dans tous ses \u00e9tats. Veille juridique - Viqtor","breadcrumb":{"@id":"https:\/\/viqtor.eu\/lia-dans-tous-ses-etats\/#breadcrumb"},"inLanguage":"sl-SI","potentialAction":[{"@type":"ReadAction","target":["https:\/\/viqtor.eu\/lia-dans-tous-ses-etats\/"]}]},{"@type":"ImageObject","inLanguage":"sl-SI","@id":"https:\/\/viqtor.eu\/lia-dans-tous-ses-etats\/#primaryimage","url":"https:\/\/viqtor.eu\/wp-content\/uploads\/2023\/04\/shutterstock_680929729.jpg","contentUrl":"https:\/\/viqtor.eu\/wp-content\/uploads\/2023\/04\/shutterstock_680929729.jpg","width":500,"height":334},{"@type":"BreadcrumbList","@id":"https:\/\/viqtor.eu\/lia-dans-tous-ses-etats\/#breadcrumb","itemListElement":[{"@type":"ListItem","position":1,"name":"Accueil","item":"https:\/\/viqtor.eu\/"},{"@type":"ListItem","position":2,"name":"L\u2019IA dans tous ses \u00e9tats."}]},{"@type":"WebSite","@id":"https:\/\/viqtor.eu\/#website","url":"https:\/\/viqtor.eu\/","name":"Viqtor","description":"Faites du RGPD une opportunit\u00e9 pour votre entreprise.","publisher":{"@id":"https:\/\/viqtor.eu\/#organization"},"potentialAction":[{"@type":"SearchAction","target":{"@type":"EntryPoint","urlTemplate":"https:\/\/viqtor.eu\/?s={search_term_string}"},"query-input":{"@type":"PropertyValueSpecification","valueRequired":true,"valueName":"search_term_string"}}],"inLanguage":"sl-SI"},{"@type":"Organization","@id":"https:\/\/viqtor.eu\/#organization","name":"viqtor.eu","url":"https:\/\/viqtor.eu\/","logo":{"@type":"ImageObject","inLanguage":"sl-SI","@id":"https:\/\/viqtor.eu\/#\/schema\/logo\/image\/","url":"https:\/\/viqtor.eu\/wp-content\/uploads\/2023\/06\/favicon-noir.svg","contentUrl":"https:\/\/viqtor.eu\/wp-content\/uploads\/2023\/06\/favicon-noir.svg","width":108,"height":86,"caption":"viqtor.eu"},"image":{"@id":"https:\/\/viqtor.eu\/#\/schema\/logo\/image\/"}},{"@type":"Person","@id":"https:\/\/viqtor.eu\/#\/schema\/person\/3dbd9cc82a28f6cf1695c92eda0099ad","name":"Bruno","image":{"@type":"ImageObject","inLanguage":"sl-SI","@id":"https:\/\/viqtor.eu\/#\/schema\/person\/image\/","url":"https:\/\/secure.gravatar.com\/avatar\/e5a596f9489de15bfe046e97fb771f63589b601ca7e81ccc2bb9a23582f441a3?s=96&d=mm&r=g","contentUrl":"https:\/\/secure.gravatar.com\/avatar\/e5a596f9489de15bfe046e97fb771f63589b601ca7e81ccc2bb9a23582f441a3?s=96&d=mm&r=g","caption":"Bruno"},"sameAs":["https:\/\/exciting-panini.13-37-234-21.plesk.page"],"url":"https:\/\/viqtor.eu\/sl\/author\/mouad_zxum2ebi\/"}]}},"_links":{"self":[{"href":"https:\/\/viqtor.eu\/sl\/wp-json\/wp\/v2\/posts\/5501","targetHints":{"allow":["GET"]}}],"collection":[{"href":"https:\/\/viqtor.eu\/sl\/wp-json\/wp\/v2\/posts"}],"about":[{"href":"https:\/\/viqtor.eu\/sl\/wp-json\/wp\/v2\/types\/post"}],"author":[{"embeddable":true,"href":"https:\/\/viqtor.eu\/sl\/wp-json\/wp\/v2\/users\/1"}],"replies":[{"embeddable":true,"href":"https:\/\/viqtor.eu\/sl\/wp-json\/wp\/v2\/comments?post=5501"}],"version-history":[{"count":8,"href":"https:\/\/viqtor.eu\/sl\/wp-json\/wp\/v2\/posts\/5501\/revisions"}],"predecessor-version":[{"id":12043,"href":"https:\/\/viqtor.eu\/sl\/wp-json\/wp\/v2\/posts\/5501\/revisions\/12043"}],"wp:featuredmedia":[{"embeddable":true,"href":"https:\/\/viqtor.eu\/sl\/wp-json\/wp\/v2\/media\/5652"}],"wp:attachment":[{"href":"https:\/\/viqtor.eu\/sl\/wp-json\/wp\/v2\/media?parent=5501"}],"wp:term":[{"taxonomy":"category","embeddable":true,"href":"https:\/\/viqtor.eu\/sl\/wp-json\/wp\/v2\/categories?post=5501"},{"taxonomy":"post_tag","embeddable":true,"href":"https:\/\/viqtor.eu\/sl\/wp-json\/wp\/v2\/tags?post=5501"}],"curies":[{"name":"wp","href":"https:\/\/api.w.org\/{rel}","templated":true}]}}