{"id":7695,"date":"2023-05-25T16:56:37","date_gmt":"2023-05-25T16:56:37","guid":{"rendered":"https:\/\/viqtor.eu\/?p=7695"},"modified":"2024-09-18T12:02:31","modified_gmt":"2024-09-18T12:02:31","slug":"dans-leclat-des-secrets","status":"publish","type":"post","link":"https:\/\/viqtor.eu\/pt\/dans-leclat-des-secrets\/","title":{"rendered":"no brilho dos segredos"},"content":{"rendered":"<div data-elementor-type=\"wp-post\" data-elementor-id=\"7695\" class=\"elementor elementor-7695\" data-elementor-post-type=\"post\">\n\t\t\t\t\t\t<section class=\"elementor-section elementor-top-section elementor-element elementor-element-3291e08 ot-traditional elementor-section-boxed elementor-section-height-default elementor-section-height-default\" data-id=\"3291e08\" data-element_type=\"section\">\n\t\t\t\t\t\t<div class=\"elementor-container elementor-column-gap-default\">\n\t\t\t\t\t<div class=\"elementor-column elementor-col-100 elementor-top-column elementor-element elementor-element-e9ada0b ot-flex-column-vertical\" data-id=\"e9ada0b\" data-element_type=\"column\">\n\t\t\t<div class=\"elementor-widget-wrap elementor-element-populated\">\n\t\t\t\t\t\t<div class=\"elementor-element elementor-element-83e3d4b elementor-widget elementor-widget-image\" data-id=\"83e3d4b\" data-element_type=\"widget\" data-widget_type=\"image.default\">\n\t\t\t\t<div class=\"elementor-widget-container\">\n\t\t\t\t\t\t\t\t\t\t\t\t\t<img decoding=\"async\" src=\"https:\/\/viqtor.eu\/wp-content\/uploads\/elementor\/thumbs\/FRIEDRICCH-NIETZSCHE-qqwihspnuxclazivu8kt1lbmc818ee7n6b44tk039k.jpeg\" title=\"FRIEDRICH NIETZSCHE\" alt=\"dans leclat des secrets\" loading=\"lazy\" \/>\t\t\t\t\t\t\t\t\t\t\t\t\t<\/div>\n\t\t\t\t<\/div>\n\t\t\t\t\t<\/div>\n\t\t<\/div>\n\t\t\t\t\t<\/div>\n\t\t<\/section>\n\t\t\t\t<section class=\"elementor-section elementor-top-section elementor-element elementor-element-7689d531 ot-traditional elementor-section-boxed elementor-section-height-default elementor-section-height-default\" data-id=\"7689d531\" data-element_type=\"section\">\n\t\t\t\t\t\t<div class=\"elementor-container elementor-column-gap-default\">\n\t\t\t\t\t<div class=\"elementor-column elementor-col-100 elementor-top-column elementor-element elementor-element-503e360e ot-flex-column-vertical\" data-id=\"503e360e\" data-element_type=\"column\">\n\t\t\t<div class=\"elementor-widget-wrap elementor-element-populated\">\n\t\t\t\t\t\t<div class=\"elementor-element elementor-element-2963c667 elementor-widget elementor-widget-text-editor\" data-id=\"2963c667\" data-element_type=\"widget\" data-widget_type=\"text-editor.default\">\n\t\t\t\t<div class=\"elementor-widget-container\">\n\t\t\t\t\t\t\t<!-- wp:heading {\"level\":1} -->\n<h1 class=\"wp-block-heading\">No Resplendor dos Segredos<\/h1>\n<!-- \/wp:heading -->\n\n<!-- wp:paragraph -->\n<p>No estilo de FRIEDRICH NIETZSCHE<\/p>\n<!-- \/wp:paragraph -->\n\n<!-- wp:paragraph -->\n<p><\/p>\n<!-- \/wp:paragraph -->\n\n<!-- wp:paragraph -->\n<p>Era uma vez, num mundo ca\u00f3tico e barulhento, um homem em busca da verdade e da liberdade. Seu nome era Emil, um esp\u00edrito livre movido por uma intensa vontade de poder e uma sede insaci\u00e1vel por conhecimento. Ele caminhava sozinho, vagando entre as multid\u00f5es que lotavam as movimentadas ruas da cidade.<\/p>\n<!-- \/wp:paragraph -->\n\n<!-- wp:paragraph -->\n<p>Emil tinha consci\u00eancia das for\u00e7as opressivas que governavam a sociedade. Conven\u00e7\u00f5es sociais, padr\u00f5es morais e as expectativas daqueles ao seu redor pareciam pesar sobre seus ombros. Ele sentia o peso dessas correntes invis\u00edveis que buscavam control\u00e1-lo, ditar sua conduta e reduzi-lo a um mero fantoche em um teatro de fantoches.<\/p>\n<!-- \/wp:paragraph -->\n\n<!-- wp:paragraph -->\n<p>Mas Emil n\u00e3o queria ser um brinquedo nas m\u00e3os dos outros. Desejava ardentemente preservar sua privacidade, seu jardim secreto, onde seus pensamentos mais profundos pudessem florescer livremente. Para ele, privacidade era muito mais do que uma quest\u00e3o de oculta\u00e7\u00e3o ou isolamento do mundo exterior. Era um meio de preservar sua integridade, sua vontade de poder e seu direito de definir sua pr\u00f3pria exist\u00eancia.<\/p>\n<!-- \/wp:paragraph -->\n\n<!-- wp:paragraph -->\n<p>Ent\u00e3o, Emil decidiu se retirar, para escapar do escrut\u00ednio e dos julgamentos precipitados. Deixou a cidade barulhenta e foi para um lugar remoto, longe da agita\u00e7\u00e3o da sociedade. L\u00e1, em meio \u00e0 natureza selvagem e intocada, encontrou um ref\u00fagio onde finalmente poderia ser ele mesmo, longe das m\u00e1scaras e restri\u00e7\u00f5es impostas pelo mundo.<\/p>\n<!-- \/wp:paragraph -->\n\n<!-- wp:paragraph -->\n<p>Nesse isolamento escolhido, Emil dedicou-se ao estudo, \u00e0 reflex\u00e3o e \u00e0 contempla\u00e7\u00e3o. Mergulhou nos escritos de fil\u00f3sofos e pensadores, buscando compreender a natureza da exist\u00eancia e o verdadeiro significado da liberdade. Todos os dias, escrevia seus pensamentos mais \u00edntimos em um di\u00e1rio, onde expressava suas ideias mais ousadas, seus sonhos mais ousados e suas aspira\u00e7\u00f5es mais profundas.<\/p>\n<!-- \/wp:paragraph -->\n\n<!-- wp:paragraph -->\n<p>Emil entendia que a privacidade n\u00e3o era uma fuga do mundo, mas sim uma forma de autoafirma\u00e7\u00e3o, uma maneira de resgatar a pr\u00f3pria vida. Ele acreditava firmemente no valor do indiv\u00edduo, em sua capacidade de se realizar plenamente e criar sua pr\u00f3pria realidade. Para ele, a privacidade era uma luta contra a aliena\u00e7\u00e3o, uma batalha para preservar a individualidade em um mundo que tendia a padronizar as mentes.<\/p>\n<!-- \/wp:paragraph -->\n\n<!-- wp:paragraph -->\n<p>Mas Emil sabia que a solid\u00e3o n\u00e3o era suficiente para alcan\u00e7ar a plena autorrealiza\u00e7\u00e3o. Ele sentia a necessidade de compartilhar suas ideias, descobertas, d\u00favidas e aspira\u00e7\u00f5es com pessoas que pensavam como ele. Sabia que trocar ideias e interagir com outras pessoas eram essenciais para ampliar seus horizontes e enriquecer sua pr\u00f3pria compreens\u00e3o do mundo.<\/p>\n<!-- \/wp:paragraph -->\n\n<!-- wp:paragraph -->\n<p>Assim, Emil buscou c\u00edrculos de indiv\u00edduos que compartilhassem sua sede de liberdade e sua busca pela verdade. Encontrou mentes iluminadas, pensadores rebeldes que desafiavam dogmas e conven\u00e7\u00f5es morais estabelecidos. Juntos, criaram espa\u00e7os onde podiam se expressar livremente, trocar ideias, debater e defender suas cren\u00e7as sem medo de repres\u00e1lias ou julgamentos.<\/p>\n<!-- \/wp:paragraph -->\n\n<!-- wp:paragraph -->\n<p>Emil compreendeu que a prote\u00e7\u00e3o da privacidade s\u00f3 poderia ser alcan\u00e7ada por meio da for\u00e7a coletiva. Ao unir suas vozes e mentes, eles se tornaram mais fortes, mais resilientes diante das for\u00e7as que buscavam sufoc\u00e1-los. Tornaram-se defensores da liberdade individual, guardi\u00f5es da vontade de poder de cada um, recusando-se a se submeter a press\u00f5es externas e \u00e0s normas impostas pela sociedade.<\/p>\n<!-- \/wp:paragraph -->\n\n<!-- wp:paragraph -->\n<p>Mas Emil sabia que proteger a privacidade n\u00e3o era isento de riscos. Ele sabia que aqueles que buscavam manter o status quo n\u00e3o permaneceriam inativos. Ele entendia que for\u00e7as opressoras buscariam desacredit\u00e1-los, denegri-los e silenci\u00e1-los. Seriam acusados de subvers\u00e3o, ego\u00edsmo ou at\u00e9 mesmo de perigo \u00e0 ordem estabelecida.<\/p>\n<!-- \/wp:paragraph -->\n\n<!-- wp:paragraph -->\n<p>Mas Emil e seus companheiros estavam prontos para enfrentar esses desafios. Sabiam que proteger sua privacidade era uma luta constante, uma batalha para preservar sua integridade e seu direito \u00e0 autonomia. Sabiam que a liberdade individual era um ideal precioso que merecia ser defendido com determina\u00e7\u00e3o e coragem.<\/p>\n<!-- \/wp:paragraph -->\n\n<!-- wp:paragraph -->\n<p>Assim, em meio \u00e0s reviravoltas da sociedade, Emil e seus companheiros se mantiveram firmes, desafiando for\u00e7as opressoras e resistindo \u00e0s tentativas de escraviz\u00e1-las. Eram rebeldes de pensamento, vision\u00e1rios que ousaram questionar verdades estabelecidas, valores impostos e conven\u00e7\u00f5es morais. Sua busca por liberdade e verdade foi uma fonte de inspira\u00e7\u00e3o para aqueles que se sentiam alienados, que buscavam preservar sua integridade e atingir seu pleno potencial.<\/p>\n<!-- \/wp:paragraph -->\n\n<!-- wp:paragraph -->\n<p>Para Emil e seus companheiros, a privacidade era um ato de rebeli\u00e3o, uma recusa em se conformar a um sistema que limitava sua liberdade e individualidade. Era uma afirma\u00e7\u00e3o de sua vontade de poder, uma declara\u00e7\u00e3o de seu direito de existir como seres \u00fanicos e aut\u00f4nomos. Era uma luta para criar um mundo onde todos pudessem florescer em seu pleno potencial, onde a diversidade de mentes fosse celebrada e onde a verdadeira liberdade fosse finalmente realizada.<\/p>\n<!-- \/wp:paragraph -->\n\n<!-- wp:paragraph -->\n<p>Assim terminou a hist\u00f3ria de Emil e seus companheiros, almas corajosas que ousaram desafiar as normas estabelecidas, preservar sua integridade e proteger sua privacidade. Sua busca por liberdade e verdade permanece um testemunho do valor inestim\u00e1vel da privacidade na autorrealiza\u00e7\u00e3o e no cumprimento do nosso destino.<\/p>\n<!-- \/wp:paragraph -->\t\t\t\t\t\t<\/div>\n\t\t\t\t<\/div>\n\t\t\t\t\t<\/div>\n\t\t<\/div>\n\t\t\t\t\t<\/div>\n\t\t<\/section>\n\t\t\t\t<section class=\"elementor-section elementor-top-section elementor-element elementor-element-b30b75f ot-traditional elementor-section-boxed elementor-section-height-default elementor-section-height-default\" data-id=\"b30b75f\" data-element_type=\"section\">\n\t\t\t\t\t\t<div class=\"elementor-container elementor-column-gap-default\">\n\t\t\t\t\t<div class=\"elementor-column elementor-col-100 elementor-top-column elementor-element elementor-element-703b570 ot-flex-column-vertical\" data-id=\"703b570\" data-element_type=\"column\">\n\t\t\t<div class=\"elementor-widget-wrap elementor-element-populated\">\n\t\t\t\t\t\t<div class=\"elementor-element elementor-element-c8b4fe1 elementor-align-center elementor-widget elementor-widget-button\" data-id=\"c8b4fe1\" data-element_type=\"widget\" data-widget_type=\"button.default\">\n\t\t\t\t<div class=\"elementor-widget-container\">\n\t\t\t\t\t<div class=\"elementor-button-wrapper\">\n\t\t\t<a class=\"elementor-button elementor-button-link elementor-size-lg\" href=\"https:\/\/app.viqtor.eu\/\">\n\t\t\t\t\t\t<span class=\"elementor-button-content-wrapper\">\n\t\t\t\t\t\t<span class=\"elementor-button-icon\">\n\t\t\t\t<i aria-hidden=\"true\" class=\"fas fa-long-arrow-alt-right\"><\/i>\t\t\t<\/span>\n\t\t\t\t\t\t\t\t\t<span class=\"elementor-button-text\">Descubra Viqtor\u00ae<\/span>\n\t\t\t\t\t<\/span>\n\t\t\t\t\t<\/a>\n\t\t<\/div>\n\t\t\t\t<\/div>\n\t\t\t\t<\/div>\n\t\t\t\t\t<\/div>\n\t\t<\/div>\n\t\t\t\t\t<\/div>\n\t\t<\/section>\n\t\t\t\t<\/div>","protected":false},"excerpt":{"rendered":"<p>No Esplendor dos Segredos, no estilo de Friedrich Nietzsche. Era uma vez, num mundo ca\u00f3tico e barulhento, um homem em busca da verdade e da liberdade. Seu nome era Emil, um esp\u00edrito livre movido por uma intensa vontade de poder e uma sede insaci\u00e1vel de conhecimento. Ele caminhava sozinho, vagando entre [\u2026]<\/p>","protected":false},"author":1,"featured_media":7697,"comment_status":"open","ping_status":"open","sticky":false,"template":"elementor_header_footer","format":"standard","meta":{"_acf_changed":false,"footnotes":""},"categories":[34],"tags":[],"class_list":["post-7695","post","type-post","status-publish","format-standard","has-post-thumbnail","hentry","category-chronique"],"acf":[],"yoast_head":"<!-- This site is optimized with the Yoast SEO plugin v23.6 - https:\/\/yoast.com\/wordpress\/plugins\/seo\/ -->\n<title>Dans l&#039;\u00c9clat des Secrets - Viqtor<\/title>\n<meta name=\"description\" content=\"Dans l&#039;\u00c9clat des Secrets - Viqtor\" \/>\n<meta name=\"robots\" content=\"index, follow, max-snippet:-1, max-image-preview:large, max-video-preview:-1\" \/>\n<link rel=\"canonical\" href=\"https:\/\/viqtor.eu\/pt\/dans-leclat-des-secrets\/\" \/>\n<meta property=\"og:locale\" content=\"pt_PT\" \/>\n<meta property=\"og:type\" content=\"article\" \/>\n<meta property=\"og:title\" content=\"Dans l&#039;\u00c9clat des Secrets - Viqtor\" \/>\n<meta property=\"og:description\" content=\"Dans l&#039;\u00c9clat des Secrets - Viqtor\" \/>\n<meta property=\"og:url\" content=\"https:\/\/viqtor.eu\/pt\/dans-leclat-des-secrets\/\" \/>\n<meta property=\"og:site_name\" content=\"Viqtor\" \/>\n<meta property=\"article:published_time\" content=\"2023-05-25T16:56:37+00:00\" \/>\n<meta property=\"article:modified_time\" content=\"2024-09-18T12:02:31+00:00\" \/>\n<meta property=\"og:image\" content=\"https:\/\/viqtor.eu\/wp-content\/uploads\/2026\/04\/widget-viqtor.png\" \/>\n\t<meta property=\"og:image:width\" content=\"960\" \/>\n\t<meta property=\"og:image:height\" content=\"960\" \/>\n\t<meta property=\"og:image:type\" content=\"image\/jpeg\" \/>\n<meta name=\"author\" content=\"Bruno\" \/>\n<meta name=\"twitter:card\" content=\"summary_large_image\" \/>\n<meta name=\"twitter:label1\" content=\"Escrito por\" \/>\n\t<meta name=\"twitter:data1\" content=\"Bruno\" \/>\n\t<meta name=\"twitter:label2\" content=\"Tempo estimado de leitura\" \/>\n\t<meta name=\"twitter:data2\" content=\"5 minutos\" \/>\n<script type=\"application\/ld+json\" class=\"yoast-schema-graph\">{\"@context\":\"https:\/\/schema.org\",\"@graph\":[{\"@type\":\"Article\",\"@id\":\"https:\/\/viqtor.eu\/dans-leclat-des-secrets\/#article\",\"isPartOf\":{\"@id\":\"https:\/\/viqtor.eu\/dans-leclat-des-secrets\/\"},\"author\":{\"name\":\"Bruno\",\"@id\":\"https:\/\/viqtor.eu\/#\/schema\/person\/3dbd9cc82a28f6cf1695c92eda0099ad\"},\"headline\":\"dans leclat des secrets\",\"datePublished\":\"2023-05-25T16:56:37+00:00\",\"dateModified\":\"2024-09-18T12:02:31+00:00\",\"mainEntityOfPage\":{\"@id\":\"https:\/\/viqtor.eu\/dans-leclat-des-secrets\/\"},\"wordCount\":1061,\"commentCount\":0,\"publisher\":{\"@id\":\"https:\/\/viqtor.eu\/#organization\"},\"image\":{\"@id\":\"https:\/\/viqtor.eu\/dans-leclat-des-secrets\/#primaryimage\"},\"thumbnailUrl\":\"https:\/\/viqtor.eu\/wp-content\/uploads\/2023\/05\/FRIEDRICCH-NIETZSCHE.jpeg\",\"articleSection\":[\"Chronique\"],\"inLanguage\":\"pt-PT\",\"potentialAction\":[{\"@type\":\"CommentAction\",\"name\":\"Comment\",\"target\":[\"https:\/\/viqtor.eu\/dans-leclat-des-secrets\/#respond\"]}]},{\"@type\":\"WebPage\",\"@id\":\"https:\/\/viqtor.eu\/dans-leclat-des-secrets\/\",\"url\":\"https:\/\/viqtor.eu\/dans-leclat-des-secrets\/\",\"name\":\"Dans l'\u00c9clat des Secrets - Viqtor\",\"isPartOf\":{\"@id\":\"https:\/\/viqtor.eu\/#website\"},\"primaryImageOfPage\":{\"@id\":\"https:\/\/viqtor.eu\/dans-leclat-des-secrets\/#primaryimage\"},\"image\":{\"@id\":\"https:\/\/viqtor.eu\/dans-leclat-des-secrets\/#primaryimage\"},\"thumbnailUrl\":\"https:\/\/viqtor.eu\/wp-content\/uploads\/2023\/05\/FRIEDRICCH-NIETZSCHE.jpeg\",\"datePublished\":\"2023-05-25T16:56:37+00:00\",\"dateModified\":\"2024-09-18T12:02:31+00:00\",\"description\":\"Dans l'\u00c9clat des Secrets - Viqtor\",\"breadcrumb\":{\"@id\":\"https:\/\/viqtor.eu\/dans-leclat-des-secrets\/#breadcrumb\"},\"inLanguage\":\"pt-PT\",\"potentialAction\":[{\"@type\":\"ReadAction\",\"target\":[\"https:\/\/viqtor.eu\/dans-leclat-des-secrets\/\"]}]},{\"@type\":\"ImageObject\",\"inLanguage\":\"pt-PT\",\"@id\":\"https:\/\/viqtor.eu\/dans-leclat-des-secrets\/#primaryimage\",\"url\":\"https:\/\/viqtor.eu\/wp-content\/uploads\/2023\/05\/FRIEDRICCH-NIETZSCHE.jpeg\",\"contentUrl\":\"https:\/\/viqtor.eu\/wp-content\/uploads\/2023\/05\/FRIEDRICCH-NIETZSCHE.jpeg\",\"width\":960,\"height\":960,\"caption\":\"dans leclat des secrets\"},{\"@type\":\"BreadcrumbList\",\"@id\":\"https:\/\/viqtor.eu\/dans-leclat-des-secrets\/#breadcrumb\",\"itemListElement\":[{\"@type\":\"ListItem\",\"position\":1,\"name\":\"Accueil\",\"item\":\"https:\/\/viqtor.eu\/\"},{\"@type\":\"ListItem\",\"position\":2,\"name\":\"dans leclat des secrets\"}]},{\"@type\":\"WebSite\",\"@id\":\"https:\/\/viqtor.eu\/#website\",\"url\":\"https:\/\/viqtor.eu\/\",\"name\":\"Viqtor\",\"description\":\"Faites du RGPD une opportunit\u00e9 pour votre entreprise.\",\"publisher\":{\"@id\":\"https:\/\/viqtor.eu\/#organization\"},\"potentialAction\":[{\"@type\":\"SearchAction\",\"target\":{\"@type\":\"EntryPoint\",\"urlTemplate\":\"https:\/\/viqtor.eu\/?s={search_term_string}\"},\"query-input\":{\"@type\":\"PropertyValueSpecification\",\"valueRequired\":true,\"valueName\":\"search_term_string\"}}],\"inLanguage\":\"pt-PT\"},{\"@type\":\"Organization\",\"@id\":\"https:\/\/viqtor.eu\/#organization\",\"name\":\"viqtor.eu\",\"url\":\"https:\/\/viqtor.eu\/\",\"logo\":{\"@type\":\"ImageObject\",\"inLanguage\":\"pt-PT\",\"@id\":\"https:\/\/viqtor.eu\/#\/schema\/logo\/image\/\",\"url\":\"https:\/\/viqtor.eu\/wp-content\/uploads\/2023\/06\/favicon-noir.svg\",\"contentUrl\":\"https:\/\/viqtor.eu\/wp-content\/uploads\/2023\/06\/favicon-noir.svg\",\"width\":108,\"height\":86,\"caption\":\"viqtor.eu\"},\"image\":{\"@id\":\"https:\/\/viqtor.eu\/#\/schema\/logo\/image\/\"}},{\"@type\":\"Person\",\"@id\":\"https:\/\/viqtor.eu\/#\/schema\/person\/3dbd9cc82a28f6cf1695c92eda0099ad\",\"name\":\"Bruno\",\"image\":{\"@type\":\"ImageObject\",\"inLanguage\":\"pt-PT\",\"@id\":\"https:\/\/viqtor.eu\/#\/schema\/person\/image\/\",\"url\":\"https:\/\/secure.gravatar.com\/avatar\/e5a596f9489de15bfe046e97fb771f63589b601ca7e81ccc2bb9a23582f441a3?s=96&d=mm&r=g\",\"contentUrl\":\"https:\/\/secure.gravatar.com\/avatar\/e5a596f9489de15bfe046e97fb771f63589b601ca7e81ccc2bb9a23582f441a3?s=96&d=mm&r=g\",\"caption\":\"Bruno\"},\"sameAs\":[\"https:\/\/exciting-panini.13-37-234-21.plesk.page\"],\"url\":\"https:\/\/viqtor.eu\/pt\/author\/mouad_zxum2ebi\/\"}]}<\/script>\n<!-- \/ Yoast SEO plugin. -->","yoast_head_json":{"title":"Dans l'\u00c9clat des Secrets - Viqtor","description":"Dans l'\u00c9clat des Secrets - Viqtor","robots":{"index":"index","follow":"follow","max-snippet":"max-snippet:-1","max-image-preview":"max-image-preview:large","max-video-preview":"max-video-preview:-1"},"canonical":"https:\/\/viqtor.eu\/pt\/dans-leclat-des-secrets\/","og_locale":"pt_PT","og_type":"article","og_title":"Dans l'\u00c9clat des Secrets - Viqtor","og_description":"Dans l'\u00c9clat des Secrets - Viqtor","og_url":"https:\/\/viqtor.eu\/pt\/dans-leclat-des-secrets\/","og_site_name":"Viqtor","article_published_time":"2023-05-25T16:56:37+00:00","article_modified_time":"2024-09-18T12:02:31+00:00","og_image":[{"width":960,"height":960,"url":"https:\/\/viqtor.eu\/wp-content\/uploads\/2026\/04\/widget-viqtor.png","type":"image\/jpeg"}],"author":"Bruno","twitter_card":"summary_large_image","twitter_misc":{"Escrito por":"Bruno","Tempo estimado de leitura":"5 minutos"},"schema":{"@context":"https:\/\/schema.org","@graph":[{"@type":"Article","@id":"https:\/\/viqtor.eu\/dans-leclat-des-secrets\/#article","isPartOf":{"@id":"https:\/\/viqtor.eu\/dans-leclat-des-secrets\/"},"author":{"name":"Bruno","@id":"https:\/\/viqtor.eu\/#\/schema\/person\/3dbd9cc82a28f6cf1695c92eda0099ad"},"headline":"dans leclat des secrets","datePublished":"2023-05-25T16:56:37+00:00","dateModified":"2024-09-18T12:02:31+00:00","mainEntityOfPage":{"@id":"https:\/\/viqtor.eu\/dans-leclat-des-secrets\/"},"wordCount":1061,"commentCount":0,"publisher":{"@id":"https:\/\/viqtor.eu\/#organization"},"image":{"@id":"https:\/\/viqtor.eu\/dans-leclat-des-secrets\/#primaryimage"},"thumbnailUrl":"https:\/\/viqtor.eu\/wp-content\/uploads\/2023\/05\/FRIEDRICCH-NIETZSCHE.jpeg","articleSection":["Chronique"],"inLanguage":"pt-PT","potentialAction":[{"@type":"CommentAction","name":"Comment","target":["https:\/\/viqtor.eu\/dans-leclat-des-secrets\/#respond"]}]},{"@type":"WebPage","@id":"https:\/\/viqtor.eu\/dans-leclat-des-secrets\/","url":"https:\/\/viqtor.eu\/dans-leclat-des-secrets\/","name":"Dans l'\u00c9clat des Secrets - Viqtor","isPartOf":{"@id":"https:\/\/viqtor.eu\/#website"},"primaryImageOfPage":{"@id":"https:\/\/viqtor.eu\/dans-leclat-des-secrets\/#primaryimage"},"image":{"@id":"https:\/\/viqtor.eu\/dans-leclat-des-secrets\/#primaryimage"},"thumbnailUrl":"https:\/\/viqtor.eu\/wp-content\/uploads\/2023\/05\/FRIEDRICCH-NIETZSCHE.jpeg","datePublished":"2023-05-25T16:56:37+00:00","dateModified":"2024-09-18T12:02:31+00:00","description":"Dans l'\u00c9clat des Secrets - Viqtor","breadcrumb":{"@id":"https:\/\/viqtor.eu\/dans-leclat-des-secrets\/#breadcrumb"},"inLanguage":"pt-PT","potentialAction":[{"@type":"ReadAction","target":["https:\/\/viqtor.eu\/dans-leclat-des-secrets\/"]}]},{"@type":"ImageObject","inLanguage":"pt-PT","@id":"https:\/\/viqtor.eu\/dans-leclat-des-secrets\/#primaryimage","url":"https:\/\/viqtor.eu\/wp-content\/uploads\/2023\/05\/FRIEDRICCH-NIETZSCHE.jpeg","contentUrl":"https:\/\/viqtor.eu\/wp-content\/uploads\/2023\/05\/FRIEDRICCH-NIETZSCHE.jpeg","width":960,"height":960,"caption":"dans leclat des secrets"},{"@type":"BreadcrumbList","@id":"https:\/\/viqtor.eu\/dans-leclat-des-secrets\/#breadcrumb","itemListElement":[{"@type":"ListItem","position":1,"name":"Accueil","item":"https:\/\/viqtor.eu\/"},{"@type":"ListItem","position":2,"name":"dans leclat des secrets"}]},{"@type":"WebSite","@id":"https:\/\/viqtor.eu\/#website","url":"https:\/\/viqtor.eu\/","name":"Viqtor","description":"Faites du RGPD une opportunit\u00e9 pour votre entreprise.","publisher":{"@id":"https:\/\/viqtor.eu\/#organization"},"potentialAction":[{"@type":"SearchAction","target":{"@type":"EntryPoint","urlTemplate":"https:\/\/viqtor.eu\/?s={search_term_string}"},"query-input":{"@type":"PropertyValueSpecification","valueRequired":true,"valueName":"search_term_string"}}],"inLanguage":"pt-PT"},{"@type":"Organization","@id":"https:\/\/viqtor.eu\/#organization","name":"viqtor.eu","url":"https:\/\/viqtor.eu\/","logo":{"@type":"ImageObject","inLanguage":"pt-PT","@id":"https:\/\/viqtor.eu\/#\/schema\/logo\/image\/","url":"https:\/\/viqtor.eu\/wp-content\/uploads\/2023\/06\/favicon-noir.svg","contentUrl":"https:\/\/viqtor.eu\/wp-content\/uploads\/2023\/06\/favicon-noir.svg","width":108,"height":86,"caption":"viqtor.eu"},"image":{"@id":"https:\/\/viqtor.eu\/#\/schema\/logo\/image\/"}},{"@type":"Person","@id":"https:\/\/viqtor.eu\/#\/schema\/person\/3dbd9cc82a28f6cf1695c92eda0099ad","name":"Bruno","image":{"@type":"ImageObject","inLanguage":"pt-PT","@id":"https:\/\/viqtor.eu\/#\/schema\/person\/image\/","url":"https:\/\/secure.gravatar.com\/avatar\/e5a596f9489de15bfe046e97fb771f63589b601ca7e81ccc2bb9a23582f441a3?s=96&d=mm&r=g","contentUrl":"https:\/\/secure.gravatar.com\/avatar\/e5a596f9489de15bfe046e97fb771f63589b601ca7e81ccc2bb9a23582f441a3?s=96&d=mm&r=g","caption":"Bruno"},"sameAs":["https:\/\/exciting-panini.13-37-234-21.plesk.page"],"url":"https:\/\/viqtor.eu\/pt\/author\/mouad_zxum2ebi\/"}]}},"_links":{"self":[{"href":"https:\/\/viqtor.eu\/pt\/wp-json\/wp\/v2\/posts\/7695","targetHints":{"allow":["GET"]}}],"collection":[{"href":"https:\/\/viqtor.eu\/pt\/wp-json\/wp\/v2\/posts"}],"about":[{"href":"https:\/\/viqtor.eu\/pt\/wp-json\/wp\/v2\/types\/post"}],"author":[{"embeddable":true,"href":"https:\/\/viqtor.eu\/pt\/wp-json\/wp\/v2\/users\/1"}],"replies":[{"embeddable":true,"href":"https:\/\/viqtor.eu\/pt\/wp-json\/wp\/v2\/comments?post=7695"}],"version-history":[{"count":9,"href":"https:\/\/viqtor.eu\/pt\/wp-json\/wp\/v2\/posts\/7695\/revisions"}],"predecessor-version":[{"id":12439,"href":"https:\/\/viqtor.eu\/pt\/wp-json\/wp\/v2\/posts\/7695\/revisions\/12439"}],"wp:featuredmedia":[{"embeddable":true,"href":"https:\/\/viqtor.eu\/pt\/wp-json\/wp\/v2\/media\/7697"}],"wp:attachment":[{"href":"https:\/\/viqtor.eu\/pt\/wp-json\/wp\/v2\/media?parent=7695"}],"wp:term":[{"taxonomy":"category","embeddable":true,"href":"https:\/\/viqtor.eu\/pt\/wp-json\/wp\/v2\/categories?post=7695"},{"taxonomy":"post_tag","embeddable":true,"href":"https:\/\/viqtor.eu\/pt\/wp-json\/wp\/v2\/tags?post=7695"}],"curies":[{"name":"wp","href":"https:\/\/api.w.org\/{rel}","templated":true}]}}