{"id":7679,"date":"2023-05-25T16:36:12","date_gmt":"2023-05-25T16:36:12","guid":{"rendered":"https:\/\/viqtor.eu\/?p=7679"},"modified":"2024-09-12T13:24:00","modified_gmt":"2024-09-12T13:24:00","slug":"les-maitres-de-lombre","status":"publish","type":"post","link":"https:\/\/viqtor.eu\/pt\/les-maitres-de-lombre\/","title":{"rendered":"Os Mestres da Sombra"},"content":{"rendered":"<div data-elementor-type=\"wp-post\" data-elementor-id=\"7679\" class=\"elementor elementor-7679\" data-elementor-post-type=\"post\">\n\t\t\t\t\t\t<section class=\"elementor-section elementor-top-section elementor-element elementor-element-fb7879b ot-traditional elementor-section-boxed elementor-section-height-default elementor-section-height-default\" data-id=\"fb7879b\" data-element_type=\"section\">\n\t\t\t\t\t\t<div class=\"elementor-container elementor-column-gap-default\">\n\t\t\t\t\t<div class=\"elementor-column elementor-col-100 elementor-top-column elementor-element elementor-element-2ec5936 ot-flex-column-vertical\" data-id=\"2ec5936\" data-element_type=\"column\">\n\t\t\t<div class=\"elementor-widget-wrap elementor-element-populated\">\n\t\t\t\t\t\t<div class=\"elementor-element elementor-element-de30381 elementor-widget elementor-widget-image\" data-id=\"de30381\" data-element_type=\"widget\" data-widget_type=\"image.default\">\n\t\t\t\t<div class=\"elementor-widget-container\">\n\t\t\t\t\t\t\t\t\t\t\t\t\t<img fetchpriority=\"high\" decoding=\"async\" width=\"640\" height=\"867\" src=\"https:\/\/viqtor.eu\/wp-content\/uploads\/2023\/05\/Bulgakov1910s.jpg\" class=\"attachment-full size-full wp-image-8061\" alt=\"Les Ma\u00eetres de l&#039;Ombre\" srcset=\"https:\/\/viqtor.eu\/wp-content\/uploads\/2023\/05\/Bulgakov1910s.jpg 640w, https:\/\/viqtor.eu\/wp-content\/uploads\/2023\/05\/Bulgakov1910s-221x300.jpg 221w\" sizes=\"(max-width: 640px) 100vw, 640px\" \/>\t\t\t\t\t\t\t\t\t\t\t\t\t<\/div>\n\t\t\t\t<\/div>\n\t\t\t\t\t<\/div>\n\t\t<\/div>\n\t\t\t\t\t<\/div>\n\t\t<\/section>\n\t\t\t\t<section class=\"elementor-section elementor-top-section elementor-element elementor-element-f956250 ot-traditional elementor-section-boxed elementor-section-height-default elementor-section-height-default\" data-id=\"f956250\" data-element_type=\"section\">\n\t\t\t\t\t\t<div class=\"elementor-container elementor-column-gap-default\">\n\t\t\t\t\t<div class=\"elementor-column elementor-col-100 elementor-top-column elementor-element elementor-element-bebcf5c ot-flex-column-vertical\" data-id=\"bebcf5c\" data-element_type=\"column\">\n\t\t\t<div class=\"elementor-widget-wrap elementor-element-populated\">\n\t\t\t\t\t\t<div class=\"elementor-element elementor-element-d621352 elementor-widget elementor-widget-heading\" data-id=\"d621352\" data-element_type=\"widget\" data-widget_type=\"heading.default\">\n\t\t\t\t<div class=\"elementor-widget-container\">\n\t\t\t<h1 class=\"elementor-heading-title elementor-size-default\">Os Mestres das Sombras<\/h1>\t\t<\/div>\n\t\t\t\t<\/div>\n\t\t\t\t\t<\/div>\n\t\t<\/div>\n\t\t\t\t\t<\/div>\n\t\t<\/section>\n\t\t\t\t<section class=\"elementor-section elementor-top-section elementor-element elementor-element-20a86307 ot-traditional elementor-section-boxed elementor-section-height-default elementor-section-height-default\" data-id=\"20a86307\" data-element_type=\"section\">\n\t\t\t\t\t\t<div class=\"elementor-container elementor-column-gap-default\">\n\t\t\t\t\t<div class=\"elementor-column elementor-col-100 elementor-top-column elementor-element elementor-element-114bf591 ot-flex-column-vertical\" data-id=\"114bf591\" data-element_type=\"column\">\n\t\t\t<div class=\"elementor-widget-wrap elementor-element-populated\">\n\t\t\t\t\t\t<div class=\"elementor-element elementor-element-3e96dcb4 elementor-widget elementor-widget-text-editor\" data-id=\"3e96dcb4\" data-element_type=\"widget\" data-widget_type=\"text-editor.default\">\n\t\t\t\t<div class=\"elementor-widget-container\">\n\t\t\t\t\t\t\t<!-- wp:paragraph -->\n<p>No estilo de MIKHAIL BULGAKOV<\/p>\n<!-- \/wp:paragraph -->\n\n<!-- wp:paragraph -->\n<p><\/p>\n<!-- \/wp:paragraph -->\n\n<!-- wp:paragraph -->\n<p>\u201cA privacidade \u00e9 uma busca eterna na paisagem mut\u00e1vel do nosso tempo. Como um romance enredado em mist\u00e9rios, ela nos lembra da import\u00e2ncia de preservar nossa integridade, nossa liberdade, nossa humanidade. \u00c9 um chamado \u00e0 vigil\u00e2ncia, ao comprometimento, \u00e0 afirma\u00e7\u00e3o do nosso direito \u00e0 privacidade e \u00e0 dignidade. Como os personagens de Bulgakov, somos os atores do nosso pr\u00f3prio destino, os guardi\u00f5es do nosso jardim secreto, e a\u00ed reside a verdadeira ess\u00eancia do nosso ser.\u201d<\/p>\n<!-- \/wp:paragraph -->\n\n<!-- wp:paragraph -->\n<p>Em uma cidade misteriosa, onde sombras dan\u00e7am nas paredes e segredos espreitam atr\u00e1s de cada porta, vive um homem solit\u00e1rio chamado Ivan. Ivan era um observador silencioso, um escritor em busca da verdade e da autenticidade. Ele viveu em uma \u00e9poca conturbada, onde a privacidade havia se tornado um bem raro e precioso, perseguido por for\u00e7as invis\u00edveis.<\/p>\n<!-- \/wp:paragraph -->\n\n<!-- wp:paragraph -->\n<p>Ivan acreditava que a privacidade era o \u00faltimo basti\u00e3o da individualidade, um espa\u00e7o sagrado onde pensamentos e emo\u00e7\u00f5es podiam florescer longe do escrut\u00ednio da sociedade. Mas ele se sentia espionado, como se cada palavra que ele dizia estivesse sendo ouvida, cada passo que ele dava estivesse sendo seguido.<\/p>\n<!-- \/wp:paragraph -->\n\n<!-- wp:paragraph -->\n<p>Um dia, enquanto caminhava pelos becos escuros da cidade, Ivan conheceu Elena, uma mulher enigm\u00e1tica de olhar penetrante e voz suave. Ela parecia compreender os tormentos de Ivan, as batalhas internas que ele travava para preservar sua privacidade.<\/p>\n<!-- \/wp:paragraph -->\n\n<!-- wp:paragraph -->\n<p>Elena compartilhava essa mesma busca, essa mesma sede por liberdade e intimidade. Ela sabia que a privacidade era um territ\u00f3rio fr\u00e1gil, amea\u00e7ado por olhares indiscretos e manipuladores inescrupulosos. Juntas, elas decidiram lutar para preservar esse espa\u00e7o, essa parte de si mesmas que era o \u00faltimo baluarte contra a domina\u00e7\u00e3o e a opress\u00e3o.<\/p>\n<!-- \/wp:paragraph -->\n\n<!-- wp:paragraph -->\n<p>Ivan e Elena tornaram-se guardi\u00f5es da privacidade, protetores da individualidade e defensores da liberdade. Reuniram-se secretamente com outras almas em busca de prote\u00e7\u00e3o, formando uma sociedade clandestina, uma rede de confian\u00e7a onde os segredos eram guardados.<\/p>\n<!-- \/wp:paragraph -->\n\n<!-- wp:paragraph -->\n<p>Eles trocavam ideias e estrat\u00e9gias para evitar intrus\u00f5es, proteger seus pensamentos mais profundos e suas emo\u00e7\u00f5es mais fr\u00e1geis. Moviam-se nas sombras, deixando rastros falsos e iscas para enganar aqueles que buscavam violar sua privacidade.<\/p>\n<!-- \/wp:paragraph -->\n\n<!-- wp:paragraph -->\n<p>Mas o poder opressor n\u00e3o se deixou intimidar. As for\u00e7as invis\u00edveis que buscavam controlar todos os aspectos da vida humana estavam preparadas para fazer qualquer coisa para p\u00f4r fim a essa resist\u00eancia. Ivan e Elena foram ca\u00e7ados, suas a\u00e7\u00f5es monitoradas e suas pr\u00f3prias exist\u00eancias amea\u00e7adas.<\/p>\n<!-- \/wp:paragraph -->\n\n<!-- wp:paragraph -->\n<p>No entanto, persistiram em sua busca, em seu desejo de preservar a privacidade como um direito humano fundamental. Sabiam que cada a\u00e7\u00e3o, cada palavra, cada defesa de sua privacidade era uma afirma\u00e7\u00e3o de sua humanidade e autonomia.<\/p>\n<!-- \/wp:paragraph -->\n\n<!-- wp:paragraph -->\n<p>Ivan escreveu hist\u00f3rias clandestinas sobre a vida privada, expondo os perigos da vigil\u00e2ncia excessiva e da viola\u00e7\u00e3o de segredos pessoais. Suas palavras ressoaram nos cora\u00e7\u00f5es daqueles que haviam perdido a esperan\u00e7a, nas mentes daqueles que lutavam para preservar sua integridade.<\/p>\n<!-- \/wp:paragraph -->\n\n<!-- wp:paragraph -->\n<p>A batalha pela privacidade era acirrada, mas Ivan e Elena estavam determinados. Eles sabiam que a privacidade n\u00e3o era um luxo, mas uma necessidade vital para a preserva\u00e7\u00e3o da alma humana.<\/p>\n<!-- \/wp:paragraph -->\n\n<!-- wp:paragraph -->\n<p>E assim continuaram sua luta, nas sombras e em segredo, carregando a tocha da privacidade para inspirar outros a se juntarem \u00e0 sua causa. Sabiam que, embora o caminho fosse longo e dif\u00edcil, proteger a privacidade era uma luta que valia a pena travar.<\/p>\n<!-- \/wp:paragraph -->\n\n<!-- wp:paragraph -->\n<p>Nesta cidade repleta de mist\u00e9rio e perigo, Ivan e Elena eram her\u00f3is an\u00f4nimos, emiss\u00e1rios da liberdade e da autonomia. Sua busca pela preserva\u00e7\u00e3o da privacidade era um poderoso lembrete da necessidade de resistir ao dom\u00ednio da sociedade e proteger os \u00faltimos espa\u00e7os \u00edntimos remanescentes.<\/p>\n<!-- \/wp:paragraph -->\n\n<!-- wp:paragraph -->\n<p>E enquanto o vento sussurra seus nomes pelos becos escuros, Ivan e Elena continuam a lutar, determinados a defender a privacidade, porque sabem que \u00e9 a\u00ed que reside a verdadeira ess\u00eancia da humanidade.<\/p>\n<!-- \/wp:paragraph -->\t\t\t\t\t\t<\/div>\n\t\t\t\t<\/div>\n\t\t\t\t\t<\/div>\n\t\t<\/div>\n\t\t\t\t\t<\/div>\n\t\t<\/section>\n\t\t\t\t<section class=\"elementor-section elementor-top-section elementor-element elementor-element-15fb5c6 ot-traditional elementor-section-boxed elementor-section-height-default elementor-section-height-default\" data-id=\"15fb5c6\" data-element_type=\"section\">\n\t\t\t\t\t\t<div class=\"elementor-container elementor-column-gap-default\">\n\t\t\t\t\t<div class=\"elementor-column elementor-col-100 elementor-top-column elementor-element elementor-element-bf006cb ot-flex-column-vertical\" data-id=\"bf006cb\" data-element_type=\"column\">\n\t\t\t<div class=\"elementor-widget-wrap elementor-element-populated\">\n\t\t\t\t\t\t<div class=\"elementor-element elementor-element-876b305 elementor-align-center elementor-widget elementor-widget-button\" data-id=\"876b305\" data-element_type=\"widget\" data-widget_type=\"button.default\">\n\t\t\t\t<div class=\"elementor-widget-container\">\n\t\t\t\t\t<div class=\"elementor-button-wrapper\">\n\t\t\t<a class=\"elementor-button elementor-button-link elementor-size-lg\" href=\"https:\/\/app.viqtor.eu\/\">\n\t\t\t\t\t\t<span class=\"elementor-button-content-wrapper\">\n\t\t\t\t\t\t<span class=\"elementor-button-icon\">\n\t\t\t\t<i aria-hidden=\"true\" class=\"fas fa-long-arrow-alt-right\"><\/i>\t\t\t<\/span>\n\t\t\t\t\t\t\t\t\t<span class=\"elementor-button-text\">Descubra Viqtor\u00ae<\/span>\n\t\t\t\t\t<\/span>\n\t\t\t\t\t<\/a>\n\t\t<\/div>\n\t\t\t\t<\/div>\n\t\t\t\t<\/div>\n\t\t\t\t\t<\/div>\n\t\t<\/div>\n\t\t\t\t\t<\/div>\n\t\t<\/section>\n\t\t\t\t<\/div>","protected":false},"excerpt":{"rendered":"<p>Os Mestres das Sombras No estilo de Mikhail Bulgakov \u201cA prote\u00e7\u00e3o da privacidade \u00e9 uma busca eterna no cen\u00e1rio mut\u00e1vel do nosso tempo. Como um romance emaranhado de mist\u00e9rios, ele nos lembra da import\u00e2ncia de preservar nossa integridade, nossa liberdade, nossa humanidade. \u00c9 um chamado \u00e0 vigil\u00e2ncia, ao comprometimento, a [\u2026]<\/p>","protected":false},"author":1,"featured_media":8061,"comment_status":"open","ping_status":"open","sticky":false,"template":"elementor_header_footer","format":"standard","meta":{"_acf_changed":false,"footnotes":""},"categories":[34],"tags":[],"class_list":["post-7679","post","type-post","status-publish","format-standard","has-post-thumbnail","hentry","category-chronique"],"acf":[],"yoast_head":"<!-- This site is optimized with the Yoast SEO plugin v23.6 - https:\/\/yoast.com\/wordpress\/plugins\/seo\/ -->\n<title>Les Ma\u00eetres de l&#039;Ombre - Viqtor<\/title>\n<meta name=\"description\" content=\"Les Ma\u00eetres de l&#039;Ombre Chronique - Viqtor\" \/>\n<meta name=\"robots\" content=\"index, follow, max-snippet:-1, max-image-preview:large, max-video-preview:-1\" \/>\n<link rel=\"canonical\" href=\"https:\/\/viqtor.eu\/pt\/les-maitres-de-lombre\/\" \/>\n<meta property=\"og:locale\" content=\"pt_PT\" \/>\n<meta property=\"og:type\" content=\"article\" \/>\n<meta property=\"og:title\" content=\"Les Ma\u00eetres de l&#039;Ombre - Viqtor\" \/>\n<meta property=\"og:description\" content=\"Les Ma\u00eetres de l&#039;Ombre Chronique - Viqtor\" \/>\n<meta property=\"og:url\" content=\"https:\/\/viqtor.eu\/pt\/les-maitres-de-lombre\/\" \/>\n<meta property=\"og:site_name\" content=\"Viqtor\" \/>\n<meta property=\"article:published_time\" content=\"2023-05-25T16:36:12+00:00\" \/>\n<meta property=\"article:modified_time\" content=\"2024-09-12T13:24:00+00:00\" \/>\n<meta property=\"og:image\" content=\"https:\/\/viqtor.eu\/wp-content\/uploads\/2026\/04\/widget-viqtor.png\" \/>\n\t<meta property=\"og:image:width\" content=\"640\" \/>\n\t<meta property=\"og:image:height\" content=\"867\" \/>\n\t<meta property=\"og:image:type\" content=\"image\/jpeg\" \/>\n<meta name=\"author\" content=\"Bruno\" \/>\n<meta name=\"twitter:card\" content=\"summary_large_image\" \/>\n<meta name=\"twitter:label1\" content=\"Escrito por\" \/>\n\t<meta name=\"twitter:data1\" content=\"Bruno\" \/>\n\t<meta name=\"twitter:label2\" content=\"Tempo estimado de leitura\" \/>\n\t<meta name=\"twitter:data2\" content=\"4 minutos\" \/>\n<script type=\"application\/ld+json\" class=\"yoast-schema-graph\">{\"@context\":\"https:\/\/schema.org\",\"@graph\":[{\"@type\":\"Article\",\"@id\":\"https:\/\/viqtor.eu\/les-maitres-de-lombre\/#article\",\"isPartOf\":{\"@id\":\"https:\/\/viqtor.eu\/les-maitres-de-lombre\/\"},\"author\":{\"name\":\"Bruno\",\"@id\":\"https:\/\/viqtor.eu\/#\/schema\/person\/3dbd9cc82a28f6cf1695c92eda0099ad\"},\"headline\":\"Les Ma\u00eetres de l&rsquo;Ombre\",\"datePublished\":\"2023-05-25T16:36:12+00:00\",\"dateModified\":\"2024-09-12T13:24:00+00:00\",\"mainEntityOfPage\":{\"@id\":\"https:\/\/viqtor.eu\/les-maitres-de-lombre\/\"},\"wordCount\":830,\"commentCount\":0,\"publisher\":{\"@id\":\"https:\/\/viqtor.eu\/#organization\"},\"image\":{\"@id\":\"https:\/\/viqtor.eu\/les-maitres-de-lombre\/#primaryimage\"},\"thumbnailUrl\":\"https:\/\/viqtor.eu\/wp-content\/uploads\/2023\/05\/Bulgakov1910s.jpg\",\"articleSection\":[\"Chronique\"],\"inLanguage\":\"pt-PT\",\"potentialAction\":[{\"@type\":\"CommentAction\",\"name\":\"Comment\",\"target\":[\"https:\/\/viqtor.eu\/les-maitres-de-lombre\/#respond\"]}]},{\"@type\":\"WebPage\",\"@id\":\"https:\/\/viqtor.eu\/les-maitres-de-lombre\/\",\"url\":\"https:\/\/viqtor.eu\/les-maitres-de-lombre\/\",\"name\":\"Les Ma\u00eetres de l'Ombre - Viqtor\",\"isPartOf\":{\"@id\":\"https:\/\/viqtor.eu\/#website\"},\"primaryImageOfPage\":{\"@id\":\"https:\/\/viqtor.eu\/les-maitres-de-lombre\/#primaryimage\"},\"image\":{\"@id\":\"https:\/\/viqtor.eu\/les-maitres-de-lombre\/#primaryimage\"},\"thumbnailUrl\":\"https:\/\/viqtor.eu\/wp-content\/uploads\/2023\/05\/Bulgakov1910s.jpg\",\"datePublished\":\"2023-05-25T16:36:12+00:00\",\"dateModified\":\"2024-09-12T13:24:00+00:00\",\"description\":\"Les Ma\u00eetres de l'Ombre Chronique - Viqtor\",\"breadcrumb\":{\"@id\":\"https:\/\/viqtor.eu\/les-maitres-de-lombre\/#breadcrumb\"},\"inLanguage\":\"pt-PT\",\"potentialAction\":[{\"@type\":\"ReadAction\",\"target\":[\"https:\/\/viqtor.eu\/les-maitres-de-lombre\/\"]}]},{\"@type\":\"ImageObject\",\"inLanguage\":\"pt-PT\",\"@id\":\"https:\/\/viqtor.eu\/les-maitres-de-lombre\/#primaryimage\",\"url\":\"https:\/\/viqtor.eu\/wp-content\/uploads\/2023\/05\/Bulgakov1910s.jpg\",\"contentUrl\":\"https:\/\/viqtor.eu\/wp-content\/uploads\/2023\/05\/Bulgakov1910s.jpg\",\"width\":640,\"height\":867,\"caption\":\"Les Ma\u00eetres de l'Ombre\"},{\"@type\":\"BreadcrumbList\",\"@id\":\"https:\/\/viqtor.eu\/les-maitres-de-lombre\/#breadcrumb\",\"itemListElement\":[{\"@type\":\"ListItem\",\"position\":1,\"name\":\"Accueil\",\"item\":\"https:\/\/viqtor.eu\/\"},{\"@type\":\"ListItem\",\"position\":2,\"name\":\"Les Ma\u00eetres de l&rsquo;Ombre\"}]},{\"@type\":\"WebSite\",\"@id\":\"https:\/\/viqtor.eu\/#website\",\"url\":\"https:\/\/viqtor.eu\/\",\"name\":\"Viqtor\",\"description\":\"Faites du RGPD une opportunit\u00e9 pour votre entreprise.\",\"publisher\":{\"@id\":\"https:\/\/viqtor.eu\/#organization\"},\"potentialAction\":[{\"@type\":\"SearchAction\",\"target\":{\"@type\":\"EntryPoint\",\"urlTemplate\":\"https:\/\/viqtor.eu\/?s={search_term_string}\"},\"query-input\":{\"@type\":\"PropertyValueSpecification\",\"valueRequired\":true,\"valueName\":\"search_term_string\"}}],\"inLanguage\":\"pt-PT\"},{\"@type\":\"Organization\",\"@id\":\"https:\/\/viqtor.eu\/#organization\",\"name\":\"viqtor.eu\",\"url\":\"https:\/\/viqtor.eu\/\",\"logo\":{\"@type\":\"ImageObject\",\"inLanguage\":\"pt-PT\",\"@id\":\"https:\/\/viqtor.eu\/#\/schema\/logo\/image\/\",\"url\":\"https:\/\/viqtor.eu\/wp-content\/uploads\/2023\/06\/favicon-noir.svg\",\"contentUrl\":\"https:\/\/viqtor.eu\/wp-content\/uploads\/2023\/06\/favicon-noir.svg\",\"width\":108,\"height\":86,\"caption\":\"viqtor.eu\"},\"image\":{\"@id\":\"https:\/\/viqtor.eu\/#\/schema\/logo\/image\/\"}},{\"@type\":\"Person\",\"@id\":\"https:\/\/viqtor.eu\/#\/schema\/person\/3dbd9cc82a28f6cf1695c92eda0099ad\",\"name\":\"Bruno\",\"image\":{\"@type\":\"ImageObject\",\"inLanguage\":\"pt-PT\",\"@id\":\"https:\/\/viqtor.eu\/#\/schema\/person\/image\/\",\"url\":\"https:\/\/secure.gravatar.com\/avatar\/e5a596f9489de15bfe046e97fb771f63589b601ca7e81ccc2bb9a23582f441a3?s=96&d=mm&r=g\",\"contentUrl\":\"https:\/\/secure.gravatar.com\/avatar\/e5a596f9489de15bfe046e97fb771f63589b601ca7e81ccc2bb9a23582f441a3?s=96&d=mm&r=g\",\"caption\":\"Bruno\"},\"sameAs\":[\"https:\/\/exciting-panini.13-37-234-21.plesk.page\"],\"url\":\"https:\/\/viqtor.eu\/pt\/author\/mouad_zxum2ebi\/\"}]}<\/script>\n<!-- \/ Yoast SEO plugin. -->","yoast_head_json":{"title":"Les Ma\u00eetres de l'Ombre - Viqtor","description":"Les Ma\u00eetres de l'Ombre Chronique - Viqtor","robots":{"index":"index","follow":"follow","max-snippet":"max-snippet:-1","max-image-preview":"max-image-preview:large","max-video-preview":"max-video-preview:-1"},"canonical":"https:\/\/viqtor.eu\/pt\/les-maitres-de-lombre\/","og_locale":"pt_PT","og_type":"article","og_title":"Les Ma\u00eetres de l'Ombre - Viqtor","og_description":"Les Ma\u00eetres de l'Ombre Chronique - Viqtor","og_url":"https:\/\/viqtor.eu\/pt\/les-maitres-de-lombre\/","og_site_name":"Viqtor","article_published_time":"2023-05-25T16:36:12+00:00","article_modified_time":"2024-09-12T13:24:00+00:00","og_image":[{"width":640,"height":867,"url":"https:\/\/viqtor.eu\/wp-content\/uploads\/2026\/04\/widget-viqtor.png","type":"image\/jpeg"}],"author":"Bruno","twitter_card":"summary_large_image","twitter_misc":{"Escrito por":"Bruno","Tempo estimado de leitura":"4 minutos"},"schema":{"@context":"https:\/\/schema.org","@graph":[{"@type":"Article","@id":"https:\/\/viqtor.eu\/les-maitres-de-lombre\/#article","isPartOf":{"@id":"https:\/\/viqtor.eu\/les-maitres-de-lombre\/"},"author":{"name":"Bruno","@id":"https:\/\/viqtor.eu\/#\/schema\/person\/3dbd9cc82a28f6cf1695c92eda0099ad"},"headline":"Les Ma\u00eetres de l&rsquo;Ombre","datePublished":"2023-05-25T16:36:12+00:00","dateModified":"2024-09-12T13:24:00+00:00","mainEntityOfPage":{"@id":"https:\/\/viqtor.eu\/les-maitres-de-lombre\/"},"wordCount":830,"commentCount":0,"publisher":{"@id":"https:\/\/viqtor.eu\/#organization"},"image":{"@id":"https:\/\/viqtor.eu\/les-maitres-de-lombre\/#primaryimage"},"thumbnailUrl":"https:\/\/viqtor.eu\/wp-content\/uploads\/2023\/05\/Bulgakov1910s.jpg","articleSection":["Chronique"],"inLanguage":"pt-PT","potentialAction":[{"@type":"CommentAction","name":"Comment","target":["https:\/\/viqtor.eu\/les-maitres-de-lombre\/#respond"]}]},{"@type":"WebPage","@id":"https:\/\/viqtor.eu\/les-maitres-de-lombre\/","url":"https:\/\/viqtor.eu\/les-maitres-de-lombre\/","name":"Les Ma\u00eetres de l'Ombre - Viqtor","isPartOf":{"@id":"https:\/\/viqtor.eu\/#website"},"primaryImageOfPage":{"@id":"https:\/\/viqtor.eu\/les-maitres-de-lombre\/#primaryimage"},"image":{"@id":"https:\/\/viqtor.eu\/les-maitres-de-lombre\/#primaryimage"},"thumbnailUrl":"https:\/\/viqtor.eu\/wp-content\/uploads\/2023\/05\/Bulgakov1910s.jpg","datePublished":"2023-05-25T16:36:12+00:00","dateModified":"2024-09-12T13:24:00+00:00","description":"Les Ma\u00eetres de l'Ombre Chronique - Viqtor","breadcrumb":{"@id":"https:\/\/viqtor.eu\/les-maitres-de-lombre\/#breadcrumb"},"inLanguage":"pt-PT","potentialAction":[{"@type":"ReadAction","target":["https:\/\/viqtor.eu\/les-maitres-de-lombre\/"]}]},{"@type":"ImageObject","inLanguage":"pt-PT","@id":"https:\/\/viqtor.eu\/les-maitres-de-lombre\/#primaryimage","url":"https:\/\/viqtor.eu\/wp-content\/uploads\/2023\/05\/Bulgakov1910s.jpg","contentUrl":"https:\/\/viqtor.eu\/wp-content\/uploads\/2023\/05\/Bulgakov1910s.jpg","width":640,"height":867,"caption":"Les Ma\u00eetres de l'Ombre"},{"@type":"BreadcrumbList","@id":"https:\/\/viqtor.eu\/les-maitres-de-lombre\/#breadcrumb","itemListElement":[{"@type":"ListItem","position":1,"name":"Accueil","item":"https:\/\/viqtor.eu\/"},{"@type":"ListItem","position":2,"name":"Les Ma\u00eetres de l&rsquo;Ombre"}]},{"@type":"WebSite","@id":"https:\/\/viqtor.eu\/#website","url":"https:\/\/viqtor.eu\/","name":"Viqtor","description":"Faites du RGPD une opportunit\u00e9 pour votre entreprise.","publisher":{"@id":"https:\/\/viqtor.eu\/#organization"},"potentialAction":[{"@type":"SearchAction","target":{"@type":"EntryPoint","urlTemplate":"https:\/\/viqtor.eu\/?s={search_term_string}"},"query-input":{"@type":"PropertyValueSpecification","valueRequired":true,"valueName":"search_term_string"}}],"inLanguage":"pt-PT"},{"@type":"Organization","@id":"https:\/\/viqtor.eu\/#organization","name":"viqtor.eu","url":"https:\/\/viqtor.eu\/","logo":{"@type":"ImageObject","inLanguage":"pt-PT","@id":"https:\/\/viqtor.eu\/#\/schema\/logo\/image\/","url":"https:\/\/viqtor.eu\/wp-content\/uploads\/2023\/06\/favicon-noir.svg","contentUrl":"https:\/\/viqtor.eu\/wp-content\/uploads\/2023\/06\/favicon-noir.svg","width":108,"height":86,"caption":"viqtor.eu"},"image":{"@id":"https:\/\/viqtor.eu\/#\/schema\/logo\/image\/"}},{"@type":"Person","@id":"https:\/\/viqtor.eu\/#\/schema\/person\/3dbd9cc82a28f6cf1695c92eda0099ad","name":"Bruno","image":{"@type":"ImageObject","inLanguage":"pt-PT","@id":"https:\/\/viqtor.eu\/#\/schema\/person\/image\/","url":"https:\/\/secure.gravatar.com\/avatar\/e5a596f9489de15bfe046e97fb771f63589b601ca7e81ccc2bb9a23582f441a3?s=96&d=mm&r=g","contentUrl":"https:\/\/secure.gravatar.com\/avatar\/e5a596f9489de15bfe046e97fb771f63589b601ca7e81ccc2bb9a23582f441a3?s=96&d=mm&r=g","caption":"Bruno"},"sameAs":["https:\/\/exciting-panini.13-37-234-21.plesk.page"],"url":"https:\/\/viqtor.eu\/pt\/author\/mouad_zxum2ebi\/"}]}},"_links":{"self":[{"href":"https:\/\/viqtor.eu\/pt\/wp-json\/wp\/v2\/posts\/7679","targetHints":{"allow":["GET"]}}],"collection":[{"href":"https:\/\/viqtor.eu\/pt\/wp-json\/wp\/v2\/posts"}],"about":[{"href":"https:\/\/viqtor.eu\/pt\/wp-json\/wp\/v2\/types\/post"}],"author":[{"embeddable":true,"href":"https:\/\/viqtor.eu\/pt\/wp-json\/wp\/v2\/users\/1"}],"replies":[{"embeddable":true,"href":"https:\/\/viqtor.eu\/pt\/wp-json\/wp\/v2\/comments?post=7679"}],"version-history":[{"count":5,"href":"https:\/\/viqtor.eu\/pt\/wp-json\/wp\/v2\/posts\/7679\/revisions"}],"predecessor-version":[{"id":12370,"href":"https:\/\/viqtor.eu\/pt\/wp-json\/wp\/v2\/posts\/7679\/revisions\/12370"}],"wp:featuredmedia":[{"embeddable":true,"href":"https:\/\/viqtor.eu\/pt\/wp-json\/wp\/v2\/media\/8061"}],"wp:attachment":[{"href":"https:\/\/viqtor.eu\/pt\/wp-json\/wp\/v2\/media?parent=7679"}],"wp:term":[{"taxonomy":"category","embeddable":true,"href":"https:\/\/viqtor.eu\/pt\/wp-json\/wp\/v2\/categories?post=7679"},{"taxonomy":"post_tag","embeddable":true,"href":"https:\/\/viqtor.eu\/pt\/wp-json\/wp\/v2\/tags?post=7679"}],"curies":[{"name":"wp","href":"https:\/\/api.w.org\/{rel}","templated":true}]}}