{"id":5900,"date":"2023-04-26T08:36:45","date_gmt":"2023-04-26T08:36:45","guid":{"rendered":"https:\/\/exciting-panini.13-37-234-21.plesk.page\/?p=5900"},"modified":"2024-08-06T13:38:05","modified_gmt":"2024-08-06T13:38:05","slug":"rgpd-les-donnees-personnelles-ont-bel-et-bien-change-de-statut","status":"publish","type":"post","link":"https:\/\/viqtor.eu\/pt\/rgpd-les-donnees-personnelles-ont-bel-et-bien-change-de-statut\/","title":{"rendered":"RGPD: Dados pessoais de fato mudaram de status"},"content":{"rendered":"<div data-elementor-type=\"wp-post\" data-elementor-id=\"5900\" class=\"elementor elementor-5900\" data-elementor-post-type=\"post\">\n\t\t\t\t\t\t<section class=\"elementor-section elementor-top-section elementor-element elementor-element-013692b ot-traditional elementor-section-boxed elementor-section-height-default elementor-section-height-default\" data-id=\"013692b\" data-element_type=\"section\">\n\t\t\t\t\t\t<div class=\"elementor-container elementor-column-gap-default\">\n\t\t\t\t\t<div class=\"elementor-column elementor-col-100 elementor-top-column elementor-element elementor-element-1f267a7 ot-flex-column-vertical\" data-id=\"1f267a7\" data-element_type=\"column\">\n\t\t\t<div class=\"elementor-widget-wrap elementor-element-populated\">\n\t\t\t\t\t\t<div class=\"elementor-element elementor-element-56b4669 elementor-widget elementor-widget-image\" data-id=\"56b4669\" data-element_type=\"widget\" data-widget_type=\"image.default\">\n\t\t\t\t<div class=\"elementor-widget-container\">\n\t\t\t\t\t\t\t\t\t\t\t\t\t<img fetchpriority=\"high\" decoding=\"async\" width=\"1000\" height=\"439\" src=\"https:\/\/viqtor.eu\/wp-content\/uploads\/2023\/04\/RGPD-les-donnees-personnelles-ont-bel-et-bien-change-de-statut.jpg\" class=\"attachment-full size-full wp-image-12233\" alt=\"RGPD\u00a0: les donn\u00e9es personnelles ont bel et bien chang\u00e9 de statut\" srcset=\"https:\/\/viqtor.eu\/wp-content\/uploads\/2023\/04\/RGPD-les-donnees-personnelles-ont-bel-et-bien-change-de-statut.jpg 1000w, https:\/\/viqtor.eu\/wp-content\/uploads\/2023\/04\/RGPD-les-donnees-personnelles-ont-bel-et-bien-change-de-statut-300x132.jpg 300w, https:\/\/viqtor.eu\/wp-content\/uploads\/2023\/04\/RGPD-les-donnees-personnelles-ont-bel-et-bien-change-de-statut-768x337.jpg 768w, https:\/\/viqtor.eu\/wp-content\/uploads\/2023\/04\/RGPD-les-donnees-personnelles-ont-bel-et-bien-change-de-statut-720x316.jpg 720w\" sizes=\"(max-width: 1000px) 100vw, 1000px\" \/>\t\t\t\t\t\t\t\t\t\t\t\t\t<\/div>\n\t\t\t\t<\/div>\n\t\t\t\t\t<\/div>\n\t\t<\/div>\n\t\t\t\t\t<\/div>\n\t\t<\/section>\n\t\t\t\t<section class=\"elementor-section elementor-top-section elementor-element elementor-element-eca951c ot-traditional elementor-section-boxed elementor-section-height-default elementor-section-height-default\" data-id=\"eca951c\" data-element_type=\"section\">\n\t\t\t\t\t\t<div class=\"elementor-container elementor-column-gap-default\">\n\t\t\t\t\t<div class=\"elementor-column elementor-col-100 elementor-top-column elementor-element elementor-element-fbcac59 ot-flex-column-vertical\" data-id=\"fbcac59\" data-element_type=\"column\">\n\t\t\t<div class=\"elementor-widget-wrap elementor-element-populated\">\n\t\t\t\t\t\t<div class=\"elementor-element elementor-element-df093d9 elementor-widget elementor-widget-heading\" data-id=\"df093d9\" data-element_type=\"widget\" data-widget_type=\"heading.default\">\n\t\t\t\t<div class=\"elementor-widget-container\">\n\t\t\t<h1 class=\"elementor-heading-title elementor-size-default\">RGPD: Dados pessoais de fato mudaram de status<\/h1>\t\t<\/div>\n\t\t\t\t<\/div>\n\t\t\t\t\t<\/div>\n\t\t<\/div>\n\t\t\t\t\t<\/div>\n\t\t<\/section>\n\t\t\t\t<section class=\"elementor-section elementor-top-section elementor-element elementor-element-3d488ad4 ot-traditional elementor-section-boxed elementor-section-height-default elementor-section-height-default\" data-id=\"3d488ad4\" data-element_type=\"section\">\n\t\t\t\t\t\t<div class=\"elementor-container elementor-column-gap-default\">\n\t\t\t\t\t<div class=\"elementor-column elementor-col-100 elementor-top-column elementor-element elementor-element-580a92ac ot-flex-column-vertical\" data-id=\"580a92ac\" data-element_type=\"column\">\n\t\t\t<div class=\"elementor-widget-wrap elementor-element-populated\">\n\t\t\t\t\t\t<div class=\"elementor-element elementor-element-3100b1 elementor-widget elementor-widget-text-editor\" data-id=\"3100b1\" data-element_type=\"widget\" data-widget_type=\"text-editor.default\">\n\t\t\t\t<div class=\"elementor-widget-container\">\n\t\t\t\t\t\t\t<!-- wp:paragraph -->\n<p><strong>Trecho do livro de Bruno DUMAY: DESCRI\u00c7\u00c3O DO RGPD \u2013 Para gestores, departamentos estrat\u00e9gicos e funcion\u00e1rios de empresas e organiza\u00e7\u00f5es \u2013 Pref\u00e1cio de Ga\u00eblle MONTEILLER<\/strong><\/p>\n<!-- \/wp:paragraph --><!-- wp:paragraph -->\n<p>O Regulamento Geral sobre a Prote\u00e7\u00e3o de Dados (RGPD) \u00e9 agora o padr\u00e3o europeu para a prote\u00e7\u00e3o de dados pessoais na Uni\u00e3o Europeia. Um &quot;regulamento&quot;, diferentemente de uma &quot;diretiva&quot;, \u00e9 aplic\u00e1vel em todos os estados-membros da UE, sem necessidade de transposi\u00e7\u00e3o para a legisla\u00e7\u00e3o nacional (sendo a Fran\u00e7a a Fran\u00e7a, uma lei sobre a prote\u00e7\u00e3o de dados pessoais est\u00e1 atualmente em discuss\u00e3o na Assembleia Nacional e no Senado).<\/p>\n<!-- \/wp:paragraph --><!-- wp:paragraph -->\n<p>O GDPR visa proteger os cidad\u00e3os da Uni\u00e3o Europeia contra o uso indesejado de suas informa\u00e7\u00f5es pessoais. A partir de 25 de maio de 2018, data de entrada em vigor do GDPR, uma empresa (ou associa\u00e7\u00e3o ou \u00f3rg\u00e3o governamental) n\u00e3o poder\u00e1 mais utilizar dados pessoais para finalidades para as quais seus clientes, usu\u00e1rios ou funcion\u00e1rios n\u00e3o tenham dado consentimento. O princ\u00edpio \u00e9 simples: os dados pertencem aos titulares dos dados, e esse direito \u00e9 imprescrit\u00edvel.<\/p>\n<!-- \/wp:paragraph --><!-- wp:paragraph -->\n<p>Caso um indiv\u00edduo se sinta prejudicado, pode facilmente levar o caso \u00e0 autoridade supervisora (CNIL, na Fran\u00e7a) e aos tribunais para fazer valer seus direitos. Caber\u00e1 ent\u00e3o \u00e0 empresa provar que agiu em conformidade com a regulamenta\u00e7\u00e3o. Caso contr\u00e1rio, as penalidades ser\u00e3o particularmente elevadas, podendo comprometer a viabilidade da empresa a longo prazo.<\/p>\n<!-- \/wp:paragraph --><!-- wp:paragraph -->\n<p>O resumo a seguir foi elaborado para permitir que gestores, departamentos estrat\u00e9gicos e, de modo geral, os respons\u00e1veis e envolvidos no processamento de dados compreendam suas obriga\u00e7\u00f5es e ajam em conformidade. Sem d\u00favida, alguns de voc\u00eas j\u00e1 est\u00e3o mais ou menos preparados, enquanto outros ainda n\u00e3o. De qualquer forma, o objetivo n\u00e3o \u00e9 impedi-los de trabalhar, mas sim ajud\u00e1-los a exercer sua profiss\u00e3o de acordo com as regras, que s\u00e3o exigentes e essenciais.<\/p>\n<!-- \/wp:paragraph --><!-- wp:paragraph -->\n<p>Como voc\u00ea descobrir\u00e1 nesta leitura, a regulamenta\u00e7\u00e3o e as novas regras do jogo que a constituem marcam o advento de uma nova era, e isso n\u00e3o \u00e9 um eufemismo. Porque se trata de uma revolu\u00e7\u00e3o que mudar\u00e1 nossos h\u00e1bitos e nos comprometer\u00e1 com um processo de transforma\u00e7\u00e3o profunda.<\/p>\n<!-- \/wp:paragraph --><!-- wp:paragraph -->\n<p>Uma vez alcan\u00e7ada a conformidade com o GDPR, \u00e9 preciso gerenci\u00e1-la para permanecer em conformidade, para se manter alinhada, como se costuma dizer. As empresas que a cumprem demonstrar\u00e3o grande transpar\u00eancia com seus clientes ou consumidores sobre seus produtos ou servi\u00e7os oferecidos e, assim, criar\u00e3o, fortalecer\u00e3o ou reconquistar\u00e3o sua confian\u00e7a.<\/p>\n<!-- \/wp:paragraph --><!-- wp:paragraph -->\n<p>O RGPD \u00e9 uma oportunidade fabulosa para as empresas que o aproveitarem com entusiasmo, seriedade e pragmatismo. \u00c9 at\u00e9 um grande desafio estrat\u00e9gico, sem d\u00favida uma alavanca para o crescimento e valor para os neg\u00f3cios e, em qualquer caso, uma garantia \u00e9tica da rela\u00e7\u00e3o com a pessoa, da rela\u00e7\u00e3o com o empregado ou colaborador, da rela\u00e7\u00e3o com o subcontratado ou parceiro, da rela\u00e7\u00e3o com o cliente... da rela\u00e7\u00e3o em geral. Ao purificar esses in\u00fameros aspectos da rela\u00e7\u00e3o com os outros, neste novo mundo onde as cartas s\u00e3o redistribu\u00eddas, haver\u00e1 mais espa\u00e7o para o respeito, a confian\u00e7a e a alegria de trabalhar, trocar ou negociar juntos. Bem-vindos, portanto, \u00e0 era da rela\u00e7\u00e3o humana, no sentido mais nobre da express\u00e3o!<!-- wp:button {\"textAlign\":\"center\",\"backgroundColor\":\"vivid-cyan-blue\"} --><!-- \/wp:button --><\/p>\n<!-- \/wp:paragraph --><!-- wp:buttons {\"layout\":{\"type\":\"flex\",\"justifyContent\":\"center\"}} --><!-- \/wp:buttons -->\t\t\t\t\t\t<\/div>\n\t\t\t\t<\/div>\n\t\t\t\t\t<\/div>\n\t\t<\/div>\n\t\t\t\t\t<\/div>\n\t\t<\/section>\n\t\t\t\t<section class=\"elementor-section elementor-top-section elementor-element elementor-element-b6bf5d5 ot-traditional elementor-section-boxed elementor-section-height-default elementor-section-height-default\" data-id=\"b6bf5d5\" data-element_type=\"section\">\n\t\t\t\t\t\t<div class=\"elementor-container elementor-column-gap-default\">\n\t\t\t\t\t<div class=\"elementor-column elementor-col-100 elementor-top-column elementor-element elementor-element-c1383e3 ot-flex-column-vertical\" data-id=\"c1383e3\" data-element_type=\"column\">\n\t\t\t<div class=\"elementor-widget-wrap elementor-element-populated\">\n\t\t\t\t\t\t<div class=\"elementor-element elementor-element-183bf8d elementor-align-center elementor-widget elementor-widget-button\" data-id=\"183bf8d\" data-element_type=\"widget\" data-widget_type=\"button.default\">\n\t\t\t\t<div class=\"elementor-widget-container\">\n\t\t\t\t\t<div class=\"elementor-button-wrapper\">\n\t\t\t<a class=\"elementor-button elementor-button-link elementor-size-lg\" href=\"https:\/\/app.viqtor.eu\/\">\n\t\t\t\t\t\t<span class=\"elementor-button-content-wrapper\">\n\t\t\t\t\t\t<span class=\"elementor-button-icon\">\n\t\t\t\t<i aria-hidden=\"true\" class=\"fas fa-long-arrow-alt-right\"><\/i>\t\t\t<\/span>\n\t\t\t\t\t\t\t\t\t<span class=\"elementor-button-text\">Descubra Viqtor\u00ae<\/span>\n\t\t\t\t\t<\/span>\n\t\t\t\t\t<\/a>\n\t\t<\/div>\n\t\t\t\t<\/div>\n\t\t\t\t<\/div>\n\t\t\t\t\t<\/div>\n\t\t<\/div>\n\t\t\t\t\t<\/div>\n\t\t<\/section>\n\t\t\t\t<\/div>","protected":false},"excerpt":{"rendered":"<p>RGPD: os dados pessoais mudaram de fato de status Trecho da obra de Bruno DUMAY: DESCRIP\u00c7\u00c3O DO RGPD \u2013 Para gestores, departamentos estrat\u00e9gicos e funcion\u00e1rios de empresas e organiza\u00e7\u00f5es \u2013 Pref\u00e1cio de Ga\u00eblle MONTEILLER O Regulamento Geral sobre a Prote\u00e7\u00e3o de Dados (RGPD) \u2013 em ingl\u00eas, General Data Protection Regulation (GDPR) [\u2026]<\/p>","protected":false},"author":1,"featured_media":5902,"comment_status":"closed","ping_status":"open","sticky":false,"template":"elementor_header_footer","format":"standard","meta":{"_acf_changed":false,"footnotes":""},"categories":[62],"tags":[38],"class_list":["post-5900","post","type-post","status-publish","format-standard","has-post-thumbnail","hentry","category-decryptage","tag-decryptage"],"acf":[],"yoast_head":"<!-- This site is optimized with the Yoast SEO plugin v23.6 - https:\/\/yoast.com\/wordpress\/plugins\/seo\/ -->\n<title>RGPD\u00a0: les donn\u00e9es personnelles ont bel et bien chang\u00e9 de statut - Viqtor<\/title>\n<meta name=\"description\" content=\"RGPD\u00a0: les donn\u00e9es personnelles ont bel et bien chang\u00e9 de statut - Viqtor\" \/>\n<meta name=\"robots\" content=\"index, follow, max-snippet:-1, max-image-preview:large, max-video-preview:-1\" \/>\n<link rel=\"canonical\" href=\"https:\/\/viqtor.eu\/pt\/rgpd-les-donnees-personnelles-ont-bel-et-bien-change-de-statut\/\" \/>\n<meta property=\"og:locale\" content=\"pt_PT\" \/>\n<meta property=\"og:type\" content=\"article\" \/>\n<meta property=\"og:title\" content=\"RGPD\u00a0: les donn\u00e9es personnelles ont bel et bien chang\u00e9 de statut - Viqtor\" \/>\n<meta property=\"og:description\" content=\"RGPD\u00a0: les donn\u00e9es personnelles ont bel et bien chang\u00e9 de statut - Viqtor\" \/>\n<meta property=\"og:url\" content=\"https:\/\/viqtor.eu\/pt\/rgpd-les-donnees-personnelles-ont-bel-et-bien-change-de-statut\/\" \/>\n<meta property=\"og:site_name\" content=\"Viqtor\" \/>\n<meta property=\"article:published_time\" content=\"2023-04-26T08:36:45+00:00\" \/>\n<meta property=\"article:modified_time\" content=\"2024-08-06T13:38:05+00:00\" \/>\n<meta property=\"og:image\" content=\"https:\/\/viqtor.eu\/wp-content\/uploads\/2026\/04\/widget-viqtor.png\" \/>\n\t<meta property=\"og:image:width\" content=\"1000\" \/>\n\t<meta property=\"og:image:height\" content=\"439\" \/>\n\t<meta property=\"og:image:type\" content=\"image\/jpeg\" \/>\n<meta name=\"author\" content=\"Bruno\" \/>\n<meta name=\"twitter:card\" content=\"summary_large_image\" \/>\n<meta name=\"twitter:label1\" content=\"Escrito por\" \/>\n\t<meta name=\"twitter:data1\" content=\"Bruno\" \/>\n\t<meta name=\"twitter:label2\" content=\"Tempo estimado de leitura\" \/>\n\t<meta name=\"twitter:data2\" content=\"4 minutos\" \/>\n<script type=\"application\/ld+json\" class=\"yoast-schema-graph\">{\"@context\":\"https:\/\/schema.org\",\"@graph\":[{\"@type\":\"Article\",\"@id\":\"https:\/\/viqtor.eu\/rgpd-les-donnees-personnelles-ont-bel-et-bien-change-de-statut\/#article\",\"isPartOf\":{\"@id\":\"https:\/\/viqtor.eu\/rgpd-les-donnees-personnelles-ont-bel-et-bien-change-de-statut\/\"},\"author\":{\"name\":\"Bruno\",\"@id\":\"https:\/\/viqtor.eu\/#\/schema\/person\/3dbd9cc82a28f6cf1695c92eda0099ad\"},\"headline\":\"RGPD\u00a0: les donn\u00e9es personnelles ont bel et bien chang\u00e9 de statut\",\"datePublished\":\"2023-04-26T08:36:45+00:00\",\"dateModified\":\"2024-08-06T13:38:05+00:00\",\"mainEntityOfPage\":{\"@id\":\"https:\/\/viqtor.eu\/rgpd-les-donnees-personnelles-ont-bel-et-bien-change-de-statut\/\"},\"wordCount\":662,\"publisher\":{\"@id\":\"https:\/\/viqtor.eu\/#organization\"},\"image\":{\"@id\":\"https:\/\/viqtor.eu\/rgpd-les-donnees-personnelles-ont-bel-et-bien-change-de-statut\/#primaryimage\"},\"thumbnailUrl\":\"https:\/\/viqtor.eu\/wp-content\/uploads\/2023\/04\/shutterstock_1823020430-1.jpg\",\"keywords\":[\"D\u00e9cryptage\"],\"articleSection\":[\"D\u00e9cryptage\"],\"inLanguage\":\"pt-PT\"},{\"@type\":\"WebPage\",\"@id\":\"https:\/\/viqtor.eu\/rgpd-les-donnees-personnelles-ont-bel-et-bien-change-de-statut\/\",\"url\":\"https:\/\/viqtor.eu\/rgpd-les-donnees-personnelles-ont-bel-et-bien-change-de-statut\/\",\"name\":\"RGPD\u00a0: les donn\u00e9es personnelles ont bel et bien chang\u00e9 de statut - Viqtor\",\"isPartOf\":{\"@id\":\"https:\/\/viqtor.eu\/#website\"},\"primaryImageOfPage\":{\"@id\":\"https:\/\/viqtor.eu\/rgpd-les-donnees-personnelles-ont-bel-et-bien-change-de-statut\/#primaryimage\"},\"image\":{\"@id\":\"https:\/\/viqtor.eu\/rgpd-les-donnees-personnelles-ont-bel-et-bien-change-de-statut\/#primaryimage\"},\"thumbnailUrl\":\"https:\/\/viqtor.eu\/wp-content\/uploads\/2023\/04\/shutterstock_1823020430-1.jpg\",\"datePublished\":\"2023-04-26T08:36:45+00:00\",\"dateModified\":\"2024-08-06T13:38:05+00:00\",\"description\":\"RGPD\u00a0: les donn\u00e9es personnelles ont bel et bien chang\u00e9 de statut - Viqtor\",\"breadcrumb\":{\"@id\":\"https:\/\/viqtor.eu\/rgpd-les-donnees-personnelles-ont-bel-et-bien-change-de-statut\/#breadcrumb\"},\"inLanguage\":\"pt-PT\",\"potentialAction\":[{\"@type\":\"ReadAction\",\"target\":[\"https:\/\/viqtor.eu\/rgpd-les-donnees-personnelles-ont-bel-et-bien-change-de-statut\/\"]}]},{\"@type\":\"ImageObject\",\"inLanguage\":\"pt-PT\",\"@id\":\"https:\/\/viqtor.eu\/rgpd-les-donnees-personnelles-ont-bel-et-bien-change-de-statut\/#primaryimage\",\"url\":\"https:\/\/viqtor.eu\/wp-content\/uploads\/2023\/04\/shutterstock_1823020430-1.jpg\",\"contentUrl\":\"https:\/\/viqtor.eu\/wp-content\/uploads\/2023\/04\/shutterstock_1823020430-1.jpg\",\"width\":1000,\"height\":439,\"caption\":\"traitement des donn\u00e9s personnels\"},{\"@type\":\"BreadcrumbList\",\"@id\":\"https:\/\/viqtor.eu\/rgpd-les-donnees-personnelles-ont-bel-et-bien-change-de-statut\/#breadcrumb\",\"itemListElement\":[{\"@type\":\"ListItem\",\"position\":1,\"name\":\"Accueil\",\"item\":\"https:\/\/viqtor.eu\/\"},{\"@type\":\"ListItem\",\"position\":2,\"name\":\"RGPD\u00a0: les donn\u00e9es personnelles ont bel et bien chang\u00e9 de statut\"}]},{\"@type\":\"WebSite\",\"@id\":\"https:\/\/viqtor.eu\/#website\",\"url\":\"https:\/\/viqtor.eu\/\",\"name\":\"Viqtor\",\"description\":\"Faites du RGPD une opportunit\u00e9 pour votre entreprise.\",\"publisher\":{\"@id\":\"https:\/\/viqtor.eu\/#organization\"},\"potentialAction\":[{\"@type\":\"SearchAction\",\"target\":{\"@type\":\"EntryPoint\",\"urlTemplate\":\"https:\/\/viqtor.eu\/?s={search_term_string}\"},\"query-input\":{\"@type\":\"PropertyValueSpecification\",\"valueRequired\":true,\"valueName\":\"search_term_string\"}}],\"inLanguage\":\"pt-PT\"},{\"@type\":\"Organization\",\"@id\":\"https:\/\/viqtor.eu\/#organization\",\"name\":\"viqtor.eu\",\"url\":\"https:\/\/viqtor.eu\/\",\"logo\":{\"@type\":\"ImageObject\",\"inLanguage\":\"pt-PT\",\"@id\":\"https:\/\/viqtor.eu\/#\/schema\/logo\/image\/\",\"url\":\"https:\/\/viqtor.eu\/wp-content\/uploads\/2023\/06\/favicon-noir.svg\",\"contentUrl\":\"https:\/\/viqtor.eu\/wp-content\/uploads\/2023\/06\/favicon-noir.svg\",\"width\":108,\"height\":86,\"caption\":\"viqtor.eu\"},\"image\":{\"@id\":\"https:\/\/viqtor.eu\/#\/schema\/logo\/image\/\"}},{\"@type\":\"Person\",\"@id\":\"https:\/\/viqtor.eu\/#\/schema\/person\/3dbd9cc82a28f6cf1695c92eda0099ad\",\"name\":\"Bruno\",\"image\":{\"@type\":\"ImageObject\",\"inLanguage\":\"pt-PT\",\"@id\":\"https:\/\/viqtor.eu\/#\/schema\/person\/image\/\",\"url\":\"https:\/\/secure.gravatar.com\/avatar\/e5a596f9489de15bfe046e97fb771f63589b601ca7e81ccc2bb9a23582f441a3?s=96&d=mm&r=g\",\"contentUrl\":\"https:\/\/secure.gravatar.com\/avatar\/e5a596f9489de15bfe046e97fb771f63589b601ca7e81ccc2bb9a23582f441a3?s=96&d=mm&r=g\",\"caption\":\"Bruno\"},\"sameAs\":[\"https:\/\/exciting-panini.13-37-234-21.plesk.page\"],\"url\":\"https:\/\/viqtor.eu\/pt\/author\/mouad_zxum2ebi\/\"}]}<\/script>\n<!-- \/ Yoast SEO plugin. -->","yoast_head_json":{"title":"RGPD\u00a0: les donn\u00e9es personnelles ont bel et bien chang\u00e9 de statut - Viqtor","description":"RGPD\u00a0: les donn\u00e9es personnelles ont bel et bien chang\u00e9 de statut - Viqtor","robots":{"index":"index","follow":"follow","max-snippet":"max-snippet:-1","max-image-preview":"max-image-preview:large","max-video-preview":"max-video-preview:-1"},"canonical":"https:\/\/viqtor.eu\/pt\/rgpd-les-donnees-personnelles-ont-bel-et-bien-change-de-statut\/","og_locale":"pt_PT","og_type":"article","og_title":"RGPD\u00a0: les donn\u00e9es personnelles ont bel et bien chang\u00e9 de statut - Viqtor","og_description":"RGPD\u00a0: les donn\u00e9es personnelles ont bel et bien chang\u00e9 de statut - Viqtor","og_url":"https:\/\/viqtor.eu\/pt\/rgpd-les-donnees-personnelles-ont-bel-et-bien-change-de-statut\/","og_site_name":"Viqtor","article_published_time":"2023-04-26T08:36:45+00:00","article_modified_time":"2024-08-06T13:38:05+00:00","og_image":[{"width":1000,"height":439,"url":"https:\/\/viqtor.eu\/wp-content\/uploads\/2026\/04\/widget-viqtor.png","type":"image\/jpeg"}],"author":"Bruno","twitter_card":"summary_large_image","twitter_misc":{"Escrito por":"Bruno","Tempo estimado de leitura":"4 minutos"},"schema":{"@context":"https:\/\/schema.org","@graph":[{"@type":"Article","@id":"https:\/\/viqtor.eu\/rgpd-les-donnees-personnelles-ont-bel-et-bien-change-de-statut\/#article","isPartOf":{"@id":"https:\/\/viqtor.eu\/rgpd-les-donnees-personnelles-ont-bel-et-bien-change-de-statut\/"},"author":{"name":"Bruno","@id":"https:\/\/viqtor.eu\/#\/schema\/person\/3dbd9cc82a28f6cf1695c92eda0099ad"},"headline":"RGPD\u00a0: les donn\u00e9es personnelles ont bel et bien chang\u00e9 de statut","datePublished":"2023-04-26T08:36:45+00:00","dateModified":"2024-08-06T13:38:05+00:00","mainEntityOfPage":{"@id":"https:\/\/viqtor.eu\/rgpd-les-donnees-personnelles-ont-bel-et-bien-change-de-statut\/"},"wordCount":662,"publisher":{"@id":"https:\/\/viqtor.eu\/#organization"},"image":{"@id":"https:\/\/viqtor.eu\/rgpd-les-donnees-personnelles-ont-bel-et-bien-change-de-statut\/#primaryimage"},"thumbnailUrl":"https:\/\/viqtor.eu\/wp-content\/uploads\/2023\/04\/shutterstock_1823020430-1.jpg","keywords":["D\u00e9cryptage"],"articleSection":["D\u00e9cryptage"],"inLanguage":"pt-PT"},{"@type":"WebPage","@id":"https:\/\/viqtor.eu\/rgpd-les-donnees-personnelles-ont-bel-et-bien-change-de-statut\/","url":"https:\/\/viqtor.eu\/rgpd-les-donnees-personnelles-ont-bel-et-bien-change-de-statut\/","name":"RGPD\u00a0: les donn\u00e9es personnelles ont bel et bien chang\u00e9 de statut - Viqtor","isPartOf":{"@id":"https:\/\/viqtor.eu\/#website"},"primaryImageOfPage":{"@id":"https:\/\/viqtor.eu\/rgpd-les-donnees-personnelles-ont-bel-et-bien-change-de-statut\/#primaryimage"},"image":{"@id":"https:\/\/viqtor.eu\/rgpd-les-donnees-personnelles-ont-bel-et-bien-change-de-statut\/#primaryimage"},"thumbnailUrl":"https:\/\/viqtor.eu\/wp-content\/uploads\/2023\/04\/shutterstock_1823020430-1.jpg","datePublished":"2023-04-26T08:36:45+00:00","dateModified":"2024-08-06T13:38:05+00:00","description":"RGPD\u00a0: les donn\u00e9es personnelles ont bel et bien chang\u00e9 de statut - Viqtor","breadcrumb":{"@id":"https:\/\/viqtor.eu\/rgpd-les-donnees-personnelles-ont-bel-et-bien-change-de-statut\/#breadcrumb"},"inLanguage":"pt-PT","potentialAction":[{"@type":"ReadAction","target":["https:\/\/viqtor.eu\/rgpd-les-donnees-personnelles-ont-bel-et-bien-change-de-statut\/"]}]},{"@type":"ImageObject","inLanguage":"pt-PT","@id":"https:\/\/viqtor.eu\/rgpd-les-donnees-personnelles-ont-bel-et-bien-change-de-statut\/#primaryimage","url":"https:\/\/viqtor.eu\/wp-content\/uploads\/2023\/04\/shutterstock_1823020430-1.jpg","contentUrl":"https:\/\/viqtor.eu\/wp-content\/uploads\/2023\/04\/shutterstock_1823020430-1.jpg","width":1000,"height":439,"caption":"traitement des donn\u00e9s personnels"},{"@type":"BreadcrumbList","@id":"https:\/\/viqtor.eu\/rgpd-les-donnees-personnelles-ont-bel-et-bien-change-de-statut\/#breadcrumb","itemListElement":[{"@type":"ListItem","position":1,"name":"Accueil","item":"https:\/\/viqtor.eu\/"},{"@type":"ListItem","position":2,"name":"RGPD\u00a0: les donn\u00e9es personnelles ont bel et bien chang\u00e9 de statut"}]},{"@type":"WebSite","@id":"https:\/\/viqtor.eu\/#website","url":"https:\/\/viqtor.eu\/","name":"Viqtor","description":"Faites du RGPD une opportunit\u00e9 pour votre entreprise.","publisher":{"@id":"https:\/\/viqtor.eu\/#organization"},"potentialAction":[{"@type":"SearchAction","target":{"@type":"EntryPoint","urlTemplate":"https:\/\/viqtor.eu\/?s={search_term_string}"},"query-input":{"@type":"PropertyValueSpecification","valueRequired":true,"valueName":"search_term_string"}}],"inLanguage":"pt-PT"},{"@type":"Organization","@id":"https:\/\/viqtor.eu\/#organization","name":"viqtor.eu","url":"https:\/\/viqtor.eu\/","logo":{"@type":"ImageObject","inLanguage":"pt-PT","@id":"https:\/\/viqtor.eu\/#\/schema\/logo\/image\/","url":"https:\/\/viqtor.eu\/wp-content\/uploads\/2023\/06\/favicon-noir.svg","contentUrl":"https:\/\/viqtor.eu\/wp-content\/uploads\/2023\/06\/favicon-noir.svg","width":108,"height":86,"caption":"viqtor.eu"},"image":{"@id":"https:\/\/viqtor.eu\/#\/schema\/logo\/image\/"}},{"@type":"Person","@id":"https:\/\/viqtor.eu\/#\/schema\/person\/3dbd9cc82a28f6cf1695c92eda0099ad","name":"Bruno","image":{"@type":"ImageObject","inLanguage":"pt-PT","@id":"https:\/\/viqtor.eu\/#\/schema\/person\/image\/","url":"https:\/\/secure.gravatar.com\/avatar\/e5a596f9489de15bfe046e97fb771f63589b601ca7e81ccc2bb9a23582f441a3?s=96&d=mm&r=g","contentUrl":"https:\/\/secure.gravatar.com\/avatar\/e5a596f9489de15bfe046e97fb771f63589b601ca7e81ccc2bb9a23582f441a3?s=96&d=mm&r=g","caption":"Bruno"},"sameAs":["https:\/\/exciting-panini.13-37-234-21.plesk.page"],"url":"https:\/\/viqtor.eu\/pt\/author\/mouad_zxum2ebi\/"}]}},"_links":{"self":[{"href":"https:\/\/viqtor.eu\/pt\/wp-json\/wp\/v2\/posts\/5900","targetHints":{"allow":["GET"]}}],"collection":[{"href":"https:\/\/viqtor.eu\/pt\/wp-json\/wp\/v2\/posts"}],"about":[{"href":"https:\/\/viqtor.eu\/pt\/wp-json\/wp\/v2\/types\/post"}],"author":[{"embeddable":true,"href":"https:\/\/viqtor.eu\/pt\/wp-json\/wp\/v2\/users\/1"}],"replies":[{"embeddable":true,"href":"https:\/\/viqtor.eu\/pt\/wp-json\/wp\/v2\/comments?post=5900"}],"version-history":[{"count":16,"href":"https:\/\/viqtor.eu\/pt\/wp-json\/wp\/v2\/posts\/5900\/revisions"}],"predecessor-version":[{"id":12240,"href":"https:\/\/viqtor.eu\/pt\/wp-json\/wp\/v2\/posts\/5900\/revisions\/12240"}],"wp:featuredmedia":[{"embeddable":true,"href":"https:\/\/viqtor.eu\/pt\/wp-json\/wp\/v2\/media\/5902"}],"wp:attachment":[{"href":"https:\/\/viqtor.eu\/pt\/wp-json\/wp\/v2\/media?parent=5900"}],"wp:term":[{"taxonomy":"category","embeddable":true,"href":"https:\/\/viqtor.eu\/pt\/wp-json\/wp\/v2\/categories?post=5900"},{"taxonomy":"post_tag","embeddable":true,"href":"https:\/\/viqtor.eu\/pt\/wp-json\/wp\/v2\/tags?post=5900"}],"curies":[{"name":"wp","href":"https:\/\/api.w.org\/{rel}","templated":true}]}}