{"id":5814,"date":"2023-04-25T14:40:45","date_gmt":"2023-04-25T14:40:45","guid":{"rendered":"https:\/\/exciting-panini.13-37-234-21.plesk.page\/?p=5814"},"modified":"2024-08-06T11:13:14","modified_gmt":"2024-08-06T11:13:14","slug":"reconnaissance-faciale-intelligence-artificielle-et-ethique-le-debat-prend-de-lampleur","status":"publish","type":"post","link":"https:\/\/viqtor.eu\/pt\/reconnaissance-faciale-intelligence-artificielle-et-ethique-le-debat-prend-de-lampleur\/","title":{"rendered":"Reconhecimento facial, intelig\u00eancia artificial e \u00e9tica: o debate ganha for\u00e7a"},"content":{"rendered":"<div data-elementor-type=\"wp-post\" data-elementor-id=\"5814\" class=\"elementor elementor-5814\" data-elementor-post-type=\"post\">\n\t\t\t\t\t\t<section class=\"elementor-section elementor-top-section elementor-element elementor-element-ac698a3 ot-traditional elementor-section-boxed elementor-section-height-default elementor-section-height-default\" data-id=\"ac698a3\" data-element_type=\"section\">\n\t\t\t\t\t\t<div class=\"elementor-container elementor-column-gap-default\">\n\t\t\t\t\t<div class=\"elementor-column elementor-col-100 elementor-top-column elementor-element elementor-element-b3ef650 ot-flex-column-vertical\" data-id=\"b3ef650\" data-element_type=\"column\">\n\t\t\t<div class=\"elementor-widget-wrap elementor-element-populated\">\n\t\t\t\t\t\t<div class=\"elementor-element elementor-element-6c9b92e elementor-widget elementor-widget-image\" data-id=\"6c9b92e\" data-element_type=\"widget\" data-widget_type=\"image.default\">\n\t\t\t\t<div class=\"elementor-widget-container\">\n\t\t\t\t\t\t\t\t\t\t\t\t\t<img fetchpriority=\"high\" decoding=\"async\" width=\"1000\" height=\"664\" src=\"https:\/\/viqtor.eu\/wp-content\/uploads\/2023\/04\/Reconnaissance-faciale-intelligence-artificielle-et-ethique.jpg\" class=\"attachment-full size-full wp-image-12158\" alt=\"Reconnaissance faciale, intelligence artificielle et \u00e9thique : le d\u00e9bat prend de l\u2019ampleur\" srcset=\"https:\/\/viqtor.eu\/wp-content\/uploads\/2023\/04\/Reconnaissance-faciale-intelligence-artificielle-et-ethique.jpg 1000w, https:\/\/viqtor.eu\/wp-content\/uploads\/2023\/04\/Reconnaissance-faciale-intelligence-artificielle-et-ethique-300x199.jpg 300w, https:\/\/viqtor.eu\/wp-content\/uploads\/2023\/04\/Reconnaissance-faciale-intelligence-artificielle-et-ethique-768x510.jpg 768w, https:\/\/viqtor.eu\/wp-content\/uploads\/2023\/04\/Reconnaissance-faciale-intelligence-artificielle-et-ethique-720x478.jpg 720w\" sizes=\"(max-width: 1000px) 100vw, 1000px\" \/>\t\t\t\t\t\t\t\t\t\t\t\t\t<\/div>\n\t\t\t\t<\/div>\n\t\t\t\t\t<\/div>\n\t\t<\/div>\n\t\t\t\t\t<\/div>\n\t\t<\/section>\n\t\t\t\t<section class=\"elementor-section elementor-top-section elementor-element elementor-element-5067a27 ot-traditional elementor-section-boxed elementor-section-height-default elementor-section-height-default\" data-id=\"5067a27\" data-element_type=\"section\">\n\t\t\t\t\t\t<div class=\"elementor-container elementor-column-gap-default\">\n\t\t\t\t\t<div class=\"elementor-column elementor-col-100 elementor-top-column elementor-element elementor-element-5f06033 ot-flex-column-vertical\" data-id=\"5f06033\" data-element_type=\"column\">\n\t\t\t<div class=\"elementor-widget-wrap elementor-element-populated\">\n\t\t\t\t\t\t<div class=\"elementor-element elementor-element-ea2ecb8 elementor-widget elementor-widget-heading\" data-id=\"ea2ecb8\" data-element_type=\"widget\" data-widget_type=\"heading.default\">\n\t\t\t\t<div class=\"elementor-widget-container\">\n\t\t\t<h1 class=\"elementor-heading-title elementor-size-default\">Reconhecimento facial, intelig\u00eancia artificial e \u00e9tica: o debate ganha for\u00e7a<\/h1>\t\t<\/div>\n\t\t\t\t<\/div>\n\t\t\t\t\t<\/div>\n\t\t<\/div>\n\t\t\t\t\t<\/div>\n\t\t<\/section>\n\t\t\t\t<section class=\"elementor-section elementor-top-section elementor-element elementor-element-3f8c922f ot-traditional elementor-section-boxed elementor-section-height-default elementor-section-height-default\" data-id=\"3f8c922f\" data-element_type=\"section\">\n\t\t\t\t\t\t<div class=\"elementor-container elementor-column-gap-default\">\n\t\t\t\t\t<div class=\"elementor-column elementor-col-100 elementor-top-column elementor-element elementor-element-4c3153b1 ot-flex-column-vertical\" data-id=\"4c3153b1\" data-element_type=\"column\">\n\t\t\t<div class=\"elementor-widget-wrap elementor-element-populated\">\n\t\t\t\t\t\t<div class=\"elementor-element elementor-element-3760b347 elementor-widget elementor-widget-text-editor\" data-id=\"3760b347\" data-element_type=\"widget\" data-widget_type=\"text-editor.default\">\n\t\t\t\t<div class=\"elementor-widget-container\">\n\t\t\t\t\t\t\t<!-- wp:paragraph -->\n<p>Legal Watch \u2013 Outubro de 2019.<strong><br><\/strong><\/p>\n<!-- \/wp:paragraph -->\n\n<!-- wp:paragraph -->\n<p>Pagar com o rosto em vez de cart\u00e3o de cr\u00e9dito, usar c\u00e2meras da Amazon para combater o crime, como fez a pol\u00edcia de Orlando, nos Estados Unidos, gerenciar os movimentos de atletas e jornalistas nos Jogos Ol\u00edmpicos de T\u00f3quio usando reconhecimento facial ou, mais perto de casa, testar o reconhecimento facial em vias p\u00fablicas, como em Nice, s\u00e3o todos projetos que deixam voc\u00ea sonhando... ou com ins\u00f4nia.<\/p>\n<!-- \/wp:paragraph -->\n\n<!-- wp:paragraph -->\n<p>Seja na Europa ou em todo o mundo, as perspectivas reveladas pelos desenvolvimentos da intelig\u00eancia artificial, combinadas em particular com o reconhecimento facial, o processamento de impress\u00f5es vocais ou o reconhecimento de emo\u00e7\u00f5es, est\u00e3o provocando cada vez mais rea\u00e7\u00f5es.<\/p>\n<!-- \/wp:paragraph -->\n\n<!-- wp:paragraph -->\n<p>Quest\u00f5es \u00e9ticas, em particular, est\u00e3o agora no topo das prioridades da nova presidente da Comiss\u00e3o Europeia, Ursula Von der Leyen.<\/p>\n<!-- \/wp:paragraph -->\n\n<!-- wp:paragraph -->\n<p>Ela anunciou que pretende apresentar uma proposta legislativa nos primeiros 100 dias de seu mandato com vistas a uma abordagem europeia coordenada \u00e0s implica\u00e7\u00f5es humanas e \u00e9ticas da intelig\u00eancia artificial.<\/p>\n<!-- \/wp:paragraph -->\n\n<!-- wp:paragraph -->\n<p>Tamb\u00e9m examinar\u00e1 maneiras de promover a inova\u00e7\u00e3o usando big data.<\/p>\n<!-- \/wp:paragraph -->\n\n<!-- wp:paragraph -->\n<p>Um grupo de especialistas criado pela Comiss\u00e3o Europeia, visando respeitar os direitos humanos, lan\u00e7ou as bases para uma intelig\u00eancia artificial &quot;confi\u00e1vel&quot;.<\/p>\n<!-- \/wp:paragraph -->\n\n<!-- wp:paragraph -->\n<p>Na sua publica\u00e7\u00e3o de diretrizes em abril de 2019, identificou tr\u00eas caracter\u00edsticas: a IA deve ser<\/p>\n<!-- \/wp:paragraph -->\n\n<!-- wp:list {\"ordered\":true,\"type\":\"a\"} -->\n<ol type=\"a\"><!-- wp:list-item -->\n<li>Legal, garantindo a conformidade com as leis e regulamentos aplic\u00e1veis;<\/li>\n<!-- \/wp:list-item -->\n\n<!-- wp:list-item -->\n<li>\u00c9tica, garantindo a ades\u00e3o aos princ\u00edpios e valores \u00e9ticos; e<\/li>\n<!-- \/wp:list-item -->\n\n<!-- wp:list-item -->\n<li>Robusto, \u201ctanto t\u00e9cnica quanto socialmente porque, mesmo com boas inten\u00e7\u00f5es, os sistemas de IA podem causar danos n\u00e3o intencionais\u201d.<\/li>\n<!-- \/wp:list-item --><\/ol>\n<!-- \/wp:list -->\n\n<!-- wp:paragraph -->\n<p>A \u00e9tica, em rela\u00e7\u00e3o \u00e0 intelig\u00eancia artificial, j\u00e1 foi tema da \u00faltima confer\u00eancia internacional de Comiss\u00e1rios de Prote\u00e7\u00e3o de Dados e deu origem a uma declara\u00e7\u00e3o p\u00fablica.<\/p>\n<!-- \/wp:paragraph -->\n\n<!-- wp:paragraph -->\n<p>Isso menciona as vantagens, mas tamb\u00e9m os riscos associados a essas novas tecnologias e, em particular, os preconceitos e a discrimina\u00e7\u00e3o que podem resultar delas.<\/p>\n<!-- \/wp:paragraph -->\n\n<!-- wp:paragraph -->\n<p>Ela relembra v\u00e1rios princ\u00edpios essenciais que visam garantir a confian\u00e7a individual e, ao mesmo tempo, promover a inova\u00e7\u00e3o, incluindo o princ\u00edpio da lealdade e a transpar\u00eancia dos sistemas de intelig\u00eancia artificial.<\/p>\n<!-- \/wp:paragraph -->\n\n<!-- wp:paragraph -->\n<p>Por fim, defende princ\u00edpios comuns de governan\u00e7a em n\u00edvel internacional.<\/p>\n<!-- \/wp:paragraph -->\n\n<!-- wp:paragraph -->\n<p>Vale destacar tamb\u00e9m que, em 11 de setembro, o Conselho da Europa criou um comit\u00ea ad hoc respons\u00e1vel por analisar as condi\u00e7\u00f5es para um quadro jur\u00eddico para o desenvolvimento, o design e a aplica\u00e7\u00e3o da intelig\u00eancia artificial.<\/p>\n<!-- \/wp:paragraph -->\n\n<!-- wp:paragraph -->\n<p>Por fim, a Ag\u00eancia dos Direitos Fundamentais da Uni\u00e3o Europeia abordou a quest\u00e3o do reconhecimento facial durante um semin\u00e1rio nos dias 19 e 20 de setembro, com o objetivo de publicar um documento sobre o assunto em novembro de 2019.<\/p>\n<!-- \/wp:paragraph -->\n\n<!-- wp:paragraph -->\n<p>E hoje?<\/p>\n<!-- \/wp:paragraph -->\n\n<!-- wp:paragraph -->\n<p>Embora o esclarecimento dos aspectos \u00e9ticos seja obviamente desej\u00e1vel, de um ponto de vista estritamente legal, o GDPR se aplica totalmente aos sistemas de reconhecimento facial ou de voz, que constituem o processamento de dados biom\u00e9tricos.<\/p>\n<!-- \/wp:paragraph -->\n\n<!-- wp:paragraph -->\n<p>Esses dados s\u00e3o, portanto, protegidos de forma mais rigorosa e, em princ\u00edpio, exigem o consentimento dos titulares dos dados. Dada a sensibilidade do tratamento, tamb\u00e9m deve ser realizada uma avalia\u00e7\u00e3o de impacto. Neste contexto, deve ser dada especial aten\u00e7\u00e3o aos aspetos acima mencionados, em particular aos riscos de discrimina\u00e7\u00e3o, \u00e0s expectativas razo\u00e1veis dos titulares dos dados e \u00e0 transpar\u00eancia do tratamento.<\/p>\n<!-- \/wp:paragraph -->\n\n<!-- wp:paragraph -->\n<p>E tamb\u00e9m:<\/p>\n<!-- \/wp:paragraph -->\n\n<!-- wp:list -->\n<ul><!-- wp:list-item -->\n<li>Na Fran\u00e7a:<\/li>\n<!-- \/wp:list-item --><\/ul>\n<!-- \/wp:list -->\n\n<!-- wp:paragraph -->\n<p><strong>Outubro \u00e9 o m\u00eas da seguran\u00e7a cibern\u00e9tica.<\/strong><\/p>\n<!-- \/wp:paragraph -->\n\n<!-- wp:paragraph -->\n<p>Cerca de trinta parceiros, incluindo ANSSI e CNIL, est\u00e3o comprometidos em conscientizar profissionais e indiv\u00edduos sobre quest\u00f5es de seguran\u00e7a e digitais.<\/p>\n<!-- \/wp:paragraph -->\n\n<!-- wp:paragraph -->\n<p>Desde 26 de setembro, dois organismos de certifica\u00e7\u00e3o foram aprovados pela CNIL.<\/p>\n<!-- \/wp:paragraph -->\n\n<!-- wp:list -->\n<ul><!-- wp:list-item -->\n<li>Na Europa:<\/li>\n<!-- \/wp:list-item --><\/ul>\n<!-- \/wp:list -->\n\n<!-- wp:paragraph -->\n<p><strong>Direito ao esquecimento e validade do consentimento online: Tr\u00eas decis\u00f5es importantes do Tribunal de Justi\u00e7a da Uni\u00e3o Europeia esclarecem o quadro jur\u00eddico.<\/strong><\/p>\n<!-- \/wp:paragraph -->\n\n<!-- wp:paragraph -->\n<p><strong>No ac\u00f3rd\u00e3o \u201cPlanet49\u201d de 1 de outubro de 2019<\/strong>, o Tribunal especifica que, para recolher legalmente informa\u00e7\u00f5es com base em cookies, n\u00e3o basta uma caixa pr\u00e9-marcada: a coloca\u00e7\u00e3o de cookies requer o consentimento ativo e espec\u00edfico dos utilizadores da Internet.<\/p>\n<!-- \/wp:paragraph -->\n\n<!-- wp:paragraph -->\n<p>O internauta tamb\u00e9m deve ser informado sobre a dura\u00e7\u00e3o do funcionamento dos cookies e se terceiros podem ou n\u00e3o acess\u00e1-los.<\/p>\n<!-- \/wp:paragraph -->\n\n<!-- wp:paragraph -->\n<p>Este ac\u00f3rd\u00e3o corrobora as comunica\u00e7\u00f5es recentes das autoridades de supervis\u00e3o sobre as condi\u00e7\u00f5es de utiliza\u00e7\u00e3o de cookies, incluindo a da CNIL.<\/p>\n<!-- \/wp:paragraph -->\n\n<!-- wp:paragraph -->\n<p>Em <strong>a decis\u00e3o \u201cGoogle\u201d de 24 de setembro<\/strong>, o Tribunal esclarece que o direito ao esquecimento n\u00e3o se aplica sistematicamente aos motores de busca fora da Uni\u00e3o Europeia.<\/p>\n<!-- \/wp:paragraph -->\n\n<!-- wp:paragraph -->\n<p>Na UE, aplica-se, por exemplo, ao google.fr e a outras extens\u00f5es europeias. No entanto, tamb\u00e9m cabe ao mecanismo de busca implementar medidas para desencorajar os internautas de acessar os links em quest\u00e3o em vers\u00f5es n\u00e3o pertencentes \u00e0 UE desse mecanismo de busca de um dos Estados-Membros.<\/p>\n<!-- \/wp:paragraph -->\n\n<!-- wp:paragraph -->\n<p>O final do julgamento \u00e9 importante porque o Tribunal consagra o poder discricion\u00e1rio das autoridades de supervis\u00e3o: embora n\u00e3o seja obrigat\u00f3rio desreferenciar um link fora da UE, a autoridade mant\u00e9m o poder de ordenar que o mecanismo de busca o desreferencie em geral, ap\u00f3s ponderar os direitos da pessoa em quest\u00e3o e a liberdade de informa\u00e7\u00e3o.<\/p>\n<!-- \/wp:paragraph -->\n\n<!-- wp:paragraph -->\n<p>\u00c9 este mesmo acto de equil\u00edbrio que est\u00e1 no cerne do segundo julgamento do <strong>24 de setembro<\/strong> : o Tribunal confirma em <strong>o julgamento GC ea v\/ CNIL<\/strong> que o princ\u00edpio da proibi\u00e7\u00e3o do tratamento de dados sens\u00edveis tamb\u00e9m se aplica aos motores de busca, mas deve ser feita uma an\u00e1lise caso a caso entre os direitos fundamentais de quem solicita a desreferencia\u00e7\u00e3o e os dos utilizadores da Internet potencialmente interessados nestas informa\u00e7\u00f5es. <\/p>\n<!-- \/wp:paragraph -->\n\n<!-- wp:paragraph -->\n<p>Caso o mecanismo de busca n\u00e3o remova a referencia\u00e7\u00e3o, o Tribunal imp\u00f5e, pelo menos para os dados judiciais, a obriga\u00e7\u00e3o de apresentar os resultados em uma ordem que destaque a informa\u00e7\u00e3o atual.<\/p>\n<!-- \/wp:paragraph -->\t\t\t\t\t\t<\/div>\n\t\t\t\t<\/div>\n\t\t\t\t\t<\/div>\n\t\t<\/div>\n\t\t\t\t\t<\/div>\n\t\t<\/section>\n\t\t\t\t<section class=\"elementor-section elementor-top-section elementor-element elementor-element-37f5a2a ot-traditional elementor-section-boxed elementor-section-height-default elementor-section-height-default\" data-id=\"37f5a2a\" data-element_type=\"section\">\n\t\t\t\t\t\t<div class=\"elementor-container elementor-column-gap-default\">\n\t\t\t\t\t<div class=\"elementor-column elementor-col-100 elementor-top-column elementor-element elementor-element-60d3b42 ot-flex-column-vertical\" data-id=\"60d3b42\" data-element_type=\"column\">\n\t\t\t<div class=\"elementor-widget-wrap elementor-element-populated\">\n\t\t\t\t\t\t<div class=\"elementor-element elementor-element-873965a elementor-align-center elementor-widget elementor-widget-button\" data-id=\"873965a\" data-element_type=\"widget\" data-widget_type=\"button.default\">\n\t\t\t\t<div class=\"elementor-widget-container\">\n\t\t\t\t\t<div class=\"elementor-button-wrapper\">\n\t\t\t<a class=\"elementor-button elementor-button-link elementor-size-lg\" href=\"https:\/\/app.viqtor.eu\/\">\n\t\t\t\t\t\t<span class=\"elementor-button-content-wrapper\">\n\t\t\t\t\t\t<span class=\"elementor-button-icon\">\n\t\t\t\t<i aria-hidden=\"true\" class=\"fas fa-long-arrow-alt-right\"><\/i>\t\t\t<\/span>\n\t\t\t\t\t\t\t\t\t<span class=\"elementor-button-text\">Descubra Viqtor\u00ae<\/span>\n\t\t\t\t\t<\/span>\n\t\t\t\t\t<\/a>\n\t\t<\/div>\n\t\t\t\t<\/div>\n\t\t\t\t<\/div>\n\t\t\t\t\t<\/div>\n\t\t<\/div>\n\t\t\t\t\t<\/div>\n\t\t<\/section>\n\t\t\t\t<\/div>","protected":false},"excerpt":{"rendered":"<p>Reconhecimento facial, intelig\u00eancia artificial e \u00e9tica: o debate ganha for\u00e7a Legal Watch \u2013 Outubro de 2019. Pagar com o rosto em vez de cart\u00e3o de cr\u00e9dito, usar c\u00e2meras da Amazon para combater o crime, como fez a pol\u00edcia de Orlando, nos Estados Unidos, gerenciar a movimenta\u00e7\u00e3o de atletas e jornalistas nos Jogos Ol\u00edmpicos em [\u2026]<\/p>","protected":false},"author":1,"featured_media":5829,"comment_status":"closed","ping_status":"open","sticky":false,"template":"elementor_header_footer","format":"standard","meta":{"_acf_changed":false,"footnotes":""},"categories":[35],"tags":[],"class_list":["post-5814","post","type-post","status-publish","format-standard","has-post-thumbnail","hentry","category-veille-juridique"],"acf":[],"yoast_head":"<!-- This site is optimized with the Yoast SEO plugin v23.6 - https:\/\/yoast.com\/wordpress\/plugins\/seo\/ -->\n<title>Reconnaissance faciale, intelligence artificielle et \u00e9thique : le d\u00e9bat prend de l\u2019ampleur - Viqtor<\/title>\n<meta name=\"description\" content=\"Reconnaissance faciale, intelligence artificielle et \u00e9thique : le d\u00e9bat prend de l\u2019ampleur - Viqtor\" \/>\n<meta name=\"robots\" content=\"index, follow, max-snippet:-1, max-image-preview:large, max-video-preview:-1\" \/>\n<link rel=\"canonical\" href=\"https:\/\/viqtor.eu\/pt\/reconnaissance-faciale-intelligence-artificielle-et-ethique-le-debat-prend-de-lampleur\/\" \/>\n<meta property=\"og:locale\" content=\"pt_PT\" \/>\n<meta property=\"og:type\" content=\"article\" \/>\n<meta property=\"og:title\" content=\"Reconnaissance faciale, intelligence artificielle et \u00e9thique : le d\u00e9bat prend de l\u2019ampleur - Viqtor\" \/>\n<meta property=\"og:description\" content=\"Reconnaissance faciale, intelligence artificielle et \u00e9thique : le d\u00e9bat prend de l\u2019ampleur - Viqtor\" \/>\n<meta property=\"og:url\" content=\"https:\/\/viqtor.eu\/pt\/reconnaissance-faciale-intelligence-artificielle-et-ethique-le-debat-prend-de-lampleur\/\" \/>\n<meta property=\"og:site_name\" content=\"Viqtor\" \/>\n<meta property=\"article:published_time\" content=\"2023-04-25T14:40:45+00:00\" \/>\n<meta property=\"article:modified_time\" content=\"2024-08-06T11:13:14+00:00\" \/>\n<meta property=\"og:image\" content=\"https:\/\/viqtor.eu\/wp-content\/uploads\/2026\/04\/widget-viqtor.png\" \/>\n\t<meta property=\"og:image:width\" content=\"1000\" \/>\n\t<meta property=\"og:image:height\" content=\"664\" \/>\n\t<meta property=\"og:image:type\" content=\"image\/jpeg\" \/>\n<meta name=\"author\" content=\"Bruno\" \/>\n<meta name=\"twitter:card\" content=\"summary_large_image\" \/>\n<meta name=\"twitter:label1\" content=\"Escrito por\" \/>\n\t<meta name=\"twitter:data1\" content=\"Bruno\" \/>\n\t<meta name=\"twitter:label2\" content=\"Tempo estimado de leitura\" \/>\n\t<meta name=\"twitter:data2\" content=\"6 minutos\" \/>\n<script type=\"application\/ld+json\" class=\"yoast-schema-graph\">{\"@context\":\"https:\/\/schema.org\",\"@graph\":[{\"@type\":\"Article\",\"@id\":\"https:\/\/viqtor.eu\/reconnaissance-faciale-intelligence-artificielle-et-ethique-le-debat-prend-de-lampleur\/#article\",\"isPartOf\":{\"@id\":\"https:\/\/viqtor.eu\/reconnaissance-faciale-intelligence-artificielle-et-ethique-le-debat-prend-de-lampleur\/\"},\"author\":{\"name\":\"Bruno\",\"@id\":\"https:\/\/viqtor.eu\/#\/schema\/person\/3dbd9cc82a28f6cf1695c92eda0099ad\"},\"headline\":\"Reconnaissance faciale, intelligence artificielle et \u00e9thique : le d\u00e9bat prend de l\u2019ampleur\",\"datePublished\":\"2023-04-25T14:40:45+00:00\",\"dateModified\":\"2024-08-06T11:13:14+00:00\",\"mainEntityOfPage\":{\"@id\":\"https:\/\/viqtor.eu\/reconnaissance-faciale-intelligence-artificielle-et-ethique-le-debat-prend-de-lampleur\/\"},\"wordCount\":1116,\"publisher\":{\"@id\":\"https:\/\/viqtor.eu\/#organization\"},\"image\":{\"@id\":\"https:\/\/viqtor.eu\/reconnaissance-faciale-intelligence-artificielle-et-ethique-le-debat-prend-de-lampleur\/#primaryimage\"},\"thumbnailUrl\":\"https:\/\/viqtor.eu\/wp-content\/uploads\/2023\/04\/shutterstock_233471317.jpg\",\"articleSection\":[\"Veille juridique\"],\"inLanguage\":\"pt-PT\"},{\"@type\":\"WebPage\",\"@id\":\"https:\/\/viqtor.eu\/reconnaissance-faciale-intelligence-artificielle-et-ethique-le-debat-prend-de-lampleur\/\",\"url\":\"https:\/\/viqtor.eu\/reconnaissance-faciale-intelligence-artificielle-et-ethique-le-debat-prend-de-lampleur\/\",\"name\":\"Reconnaissance faciale, intelligence artificielle et \u00e9thique : le d\u00e9bat prend de l\u2019ampleur - Viqtor\",\"isPartOf\":{\"@id\":\"https:\/\/viqtor.eu\/#website\"},\"primaryImageOfPage\":{\"@id\":\"https:\/\/viqtor.eu\/reconnaissance-faciale-intelligence-artificielle-et-ethique-le-debat-prend-de-lampleur\/#primaryimage\"},\"image\":{\"@id\":\"https:\/\/viqtor.eu\/reconnaissance-faciale-intelligence-artificielle-et-ethique-le-debat-prend-de-lampleur\/#primaryimage\"},\"thumbnailUrl\":\"https:\/\/viqtor.eu\/wp-content\/uploads\/2023\/04\/shutterstock_233471317.jpg\",\"datePublished\":\"2023-04-25T14:40:45+00:00\",\"dateModified\":\"2024-08-06T11:13:14+00:00\",\"description\":\"Reconnaissance faciale, intelligence artificielle et \u00e9thique : le d\u00e9bat prend de l\u2019ampleur - Viqtor\",\"breadcrumb\":{\"@id\":\"https:\/\/viqtor.eu\/reconnaissance-faciale-intelligence-artificielle-et-ethique-le-debat-prend-de-lampleur\/#breadcrumb\"},\"inLanguage\":\"pt-PT\",\"potentialAction\":[{\"@type\":\"ReadAction\",\"target\":[\"https:\/\/viqtor.eu\/reconnaissance-faciale-intelligence-artificielle-et-ethique-le-debat-prend-de-lampleur\/\"]}]},{\"@type\":\"ImageObject\",\"inLanguage\":\"pt-PT\",\"@id\":\"https:\/\/viqtor.eu\/reconnaissance-faciale-intelligence-artificielle-et-ethique-le-debat-prend-de-lampleur\/#primaryimage\",\"url\":\"https:\/\/viqtor.eu\/wp-content\/uploads\/2023\/04\/shutterstock_233471317.jpg\",\"contentUrl\":\"https:\/\/viqtor.eu\/wp-content\/uploads\/2023\/04\/shutterstock_233471317.jpg\",\"width\":1000,\"height\":664},{\"@type\":\"BreadcrumbList\",\"@id\":\"https:\/\/viqtor.eu\/reconnaissance-faciale-intelligence-artificielle-et-ethique-le-debat-prend-de-lampleur\/#breadcrumb\",\"itemListElement\":[{\"@type\":\"ListItem\",\"position\":1,\"name\":\"Accueil\",\"item\":\"https:\/\/viqtor.eu\/\"},{\"@type\":\"ListItem\",\"position\":2,\"name\":\"Reconnaissance faciale, intelligence artificielle et \u00e9thique : le d\u00e9bat prend de l\u2019ampleur\"}]},{\"@type\":\"WebSite\",\"@id\":\"https:\/\/viqtor.eu\/#website\",\"url\":\"https:\/\/viqtor.eu\/\",\"name\":\"Viqtor\",\"description\":\"Faites du RGPD une opportunit\u00e9 pour votre entreprise.\",\"publisher\":{\"@id\":\"https:\/\/viqtor.eu\/#organization\"},\"potentialAction\":[{\"@type\":\"SearchAction\",\"target\":{\"@type\":\"EntryPoint\",\"urlTemplate\":\"https:\/\/viqtor.eu\/?s={search_term_string}\"},\"query-input\":{\"@type\":\"PropertyValueSpecification\",\"valueRequired\":true,\"valueName\":\"search_term_string\"}}],\"inLanguage\":\"pt-PT\"},{\"@type\":\"Organization\",\"@id\":\"https:\/\/viqtor.eu\/#organization\",\"name\":\"viqtor.eu\",\"url\":\"https:\/\/viqtor.eu\/\",\"logo\":{\"@type\":\"ImageObject\",\"inLanguage\":\"pt-PT\",\"@id\":\"https:\/\/viqtor.eu\/#\/schema\/logo\/image\/\",\"url\":\"https:\/\/viqtor.eu\/wp-content\/uploads\/2023\/06\/favicon-noir.svg\",\"contentUrl\":\"https:\/\/viqtor.eu\/wp-content\/uploads\/2023\/06\/favicon-noir.svg\",\"width\":108,\"height\":86,\"caption\":\"viqtor.eu\"},\"image\":{\"@id\":\"https:\/\/viqtor.eu\/#\/schema\/logo\/image\/\"}},{\"@type\":\"Person\",\"@id\":\"https:\/\/viqtor.eu\/#\/schema\/person\/3dbd9cc82a28f6cf1695c92eda0099ad\",\"name\":\"Bruno\",\"image\":{\"@type\":\"ImageObject\",\"inLanguage\":\"pt-PT\",\"@id\":\"https:\/\/viqtor.eu\/#\/schema\/person\/image\/\",\"url\":\"https:\/\/secure.gravatar.com\/avatar\/e5a596f9489de15bfe046e97fb771f63589b601ca7e81ccc2bb9a23582f441a3?s=96&d=mm&r=g\",\"contentUrl\":\"https:\/\/secure.gravatar.com\/avatar\/e5a596f9489de15bfe046e97fb771f63589b601ca7e81ccc2bb9a23582f441a3?s=96&d=mm&r=g\",\"caption\":\"Bruno\"},\"sameAs\":[\"https:\/\/exciting-panini.13-37-234-21.plesk.page\"],\"url\":\"https:\/\/viqtor.eu\/pt\/author\/mouad_zxum2ebi\/\"}]}<\/script>\n<!-- \/ Yoast SEO plugin. -->","yoast_head_json":{"title":"Reconnaissance faciale, intelligence artificielle et \u00e9thique : le d\u00e9bat prend de l\u2019ampleur - Viqtor","description":"Reconnaissance faciale, intelligence artificielle et \u00e9thique : le d\u00e9bat prend de l\u2019ampleur - Viqtor","robots":{"index":"index","follow":"follow","max-snippet":"max-snippet:-1","max-image-preview":"max-image-preview:large","max-video-preview":"max-video-preview:-1"},"canonical":"https:\/\/viqtor.eu\/pt\/reconnaissance-faciale-intelligence-artificielle-et-ethique-le-debat-prend-de-lampleur\/","og_locale":"pt_PT","og_type":"article","og_title":"Reconnaissance faciale, intelligence artificielle et \u00e9thique : le d\u00e9bat prend de l\u2019ampleur - Viqtor","og_description":"Reconnaissance faciale, intelligence artificielle et \u00e9thique : le d\u00e9bat prend de l\u2019ampleur - Viqtor","og_url":"https:\/\/viqtor.eu\/pt\/reconnaissance-faciale-intelligence-artificielle-et-ethique-le-debat-prend-de-lampleur\/","og_site_name":"Viqtor","article_published_time":"2023-04-25T14:40:45+00:00","article_modified_time":"2024-08-06T11:13:14+00:00","og_image":[{"width":1000,"height":664,"url":"https:\/\/viqtor.eu\/wp-content\/uploads\/2026\/04\/widget-viqtor.png","type":"image\/jpeg"}],"author":"Bruno","twitter_card":"summary_large_image","twitter_misc":{"Escrito por":"Bruno","Tempo estimado de leitura":"6 minutos"},"schema":{"@context":"https:\/\/schema.org","@graph":[{"@type":"Article","@id":"https:\/\/viqtor.eu\/reconnaissance-faciale-intelligence-artificielle-et-ethique-le-debat-prend-de-lampleur\/#article","isPartOf":{"@id":"https:\/\/viqtor.eu\/reconnaissance-faciale-intelligence-artificielle-et-ethique-le-debat-prend-de-lampleur\/"},"author":{"name":"Bruno","@id":"https:\/\/viqtor.eu\/#\/schema\/person\/3dbd9cc82a28f6cf1695c92eda0099ad"},"headline":"Reconnaissance faciale, intelligence artificielle et \u00e9thique : le d\u00e9bat prend de l\u2019ampleur","datePublished":"2023-04-25T14:40:45+00:00","dateModified":"2024-08-06T11:13:14+00:00","mainEntityOfPage":{"@id":"https:\/\/viqtor.eu\/reconnaissance-faciale-intelligence-artificielle-et-ethique-le-debat-prend-de-lampleur\/"},"wordCount":1116,"publisher":{"@id":"https:\/\/viqtor.eu\/#organization"},"image":{"@id":"https:\/\/viqtor.eu\/reconnaissance-faciale-intelligence-artificielle-et-ethique-le-debat-prend-de-lampleur\/#primaryimage"},"thumbnailUrl":"https:\/\/viqtor.eu\/wp-content\/uploads\/2023\/04\/shutterstock_233471317.jpg","articleSection":["Veille juridique"],"inLanguage":"pt-PT"},{"@type":"WebPage","@id":"https:\/\/viqtor.eu\/reconnaissance-faciale-intelligence-artificielle-et-ethique-le-debat-prend-de-lampleur\/","url":"https:\/\/viqtor.eu\/reconnaissance-faciale-intelligence-artificielle-et-ethique-le-debat-prend-de-lampleur\/","name":"Reconnaissance faciale, intelligence artificielle et \u00e9thique : le d\u00e9bat prend de l\u2019ampleur - Viqtor","isPartOf":{"@id":"https:\/\/viqtor.eu\/#website"},"primaryImageOfPage":{"@id":"https:\/\/viqtor.eu\/reconnaissance-faciale-intelligence-artificielle-et-ethique-le-debat-prend-de-lampleur\/#primaryimage"},"image":{"@id":"https:\/\/viqtor.eu\/reconnaissance-faciale-intelligence-artificielle-et-ethique-le-debat-prend-de-lampleur\/#primaryimage"},"thumbnailUrl":"https:\/\/viqtor.eu\/wp-content\/uploads\/2023\/04\/shutterstock_233471317.jpg","datePublished":"2023-04-25T14:40:45+00:00","dateModified":"2024-08-06T11:13:14+00:00","description":"Reconnaissance faciale, intelligence artificielle et \u00e9thique : le d\u00e9bat prend de l\u2019ampleur - Viqtor","breadcrumb":{"@id":"https:\/\/viqtor.eu\/reconnaissance-faciale-intelligence-artificielle-et-ethique-le-debat-prend-de-lampleur\/#breadcrumb"},"inLanguage":"pt-PT","potentialAction":[{"@type":"ReadAction","target":["https:\/\/viqtor.eu\/reconnaissance-faciale-intelligence-artificielle-et-ethique-le-debat-prend-de-lampleur\/"]}]},{"@type":"ImageObject","inLanguage":"pt-PT","@id":"https:\/\/viqtor.eu\/reconnaissance-faciale-intelligence-artificielle-et-ethique-le-debat-prend-de-lampleur\/#primaryimage","url":"https:\/\/viqtor.eu\/wp-content\/uploads\/2023\/04\/shutterstock_233471317.jpg","contentUrl":"https:\/\/viqtor.eu\/wp-content\/uploads\/2023\/04\/shutterstock_233471317.jpg","width":1000,"height":664},{"@type":"BreadcrumbList","@id":"https:\/\/viqtor.eu\/reconnaissance-faciale-intelligence-artificielle-et-ethique-le-debat-prend-de-lampleur\/#breadcrumb","itemListElement":[{"@type":"ListItem","position":1,"name":"Accueil","item":"https:\/\/viqtor.eu\/"},{"@type":"ListItem","position":2,"name":"Reconnaissance faciale, intelligence artificielle et \u00e9thique : le d\u00e9bat prend de l\u2019ampleur"}]},{"@type":"WebSite","@id":"https:\/\/viqtor.eu\/#website","url":"https:\/\/viqtor.eu\/","name":"Viqtor","description":"Faites du RGPD une opportunit\u00e9 pour votre entreprise.","publisher":{"@id":"https:\/\/viqtor.eu\/#organization"},"potentialAction":[{"@type":"SearchAction","target":{"@type":"EntryPoint","urlTemplate":"https:\/\/viqtor.eu\/?s={search_term_string}"},"query-input":{"@type":"PropertyValueSpecification","valueRequired":true,"valueName":"search_term_string"}}],"inLanguage":"pt-PT"},{"@type":"Organization","@id":"https:\/\/viqtor.eu\/#organization","name":"viqtor.eu","url":"https:\/\/viqtor.eu\/","logo":{"@type":"ImageObject","inLanguage":"pt-PT","@id":"https:\/\/viqtor.eu\/#\/schema\/logo\/image\/","url":"https:\/\/viqtor.eu\/wp-content\/uploads\/2023\/06\/favicon-noir.svg","contentUrl":"https:\/\/viqtor.eu\/wp-content\/uploads\/2023\/06\/favicon-noir.svg","width":108,"height":86,"caption":"viqtor.eu"},"image":{"@id":"https:\/\/viqtor.eu\/#\/schema\/logo\/image\/"}},{"@type":"Person","@id":"https:\/\/viqtor.eu\/#\/schema\/person\/3dbd9cc82a28f6cf1695c92eda0099ad","name":"Bruno","image":{"@type":"ImageObject","inLanguage":"pt-PT","@id":"https:\/\/viqtor.eu\/#\/schema\/person\/image\/","url":"https:\/\/secure.gravatar.com\/avatar\/e5a596f9489de15bfe046e97fb771f63589b601ca7e81ccc2bb9a23582f441a3?s=96&d=mm&r=g","contentUrl":"https:\/\/secure.gravatar.com\/avatar\/e5a596f9489de15bfe046e97fb771f63589b601ca7e81ccc2bb9a23582f441a3?s=96&d=mm&r=g","caption":"Bruno"},"sameAs":["https:\/\/exciting-panini.13-37-234-21.plesk.page"],"url":"https:\/\/viqtor.eu\/pt\/author\/mouad_zxum2ebi\/"}]}},"_links":{"self":[{"href":"https:\/\/viqtor.eu\/pt\/wp-json\/wp\/v2\/posts\/5814","targetHints":{"allow":["GET"]}}],"collection":[{"href":"https:\/\/viqtor.eu\/pt\/wp-json\/wp\/v2\/posts"}],"about":[{"href":"https:\/\/viqtor.eu\/pt\/wp-json\/wp\/v2\/types\/post"}],"author":[{"embeddable":true,"href":"https:\/\/viqtor.eu\/pt\/wp-json\/wp\/v2\/users\/1"}],"replies":[{"embeddable":true,"href":"https:\/\/viqtor.eu\/pt\/wp-json\/wp\/v2\/comments?post=5814"}],"version-history":[{"count":8,"href":"https:\/\/viqtor.eu\/pt\/wp-json\/wp\/v2\/posts\/5814\/revisions"}],"predecessor-version":[{"id":12164,"href":"https:\/\/viqtor.eu\/pt\/wp-json\/wp\/v2\/posts\/5814\/revisions\/12164"}],"wp:featuredmedia":[{"embeddable":true,"href":"https:\/\/viqtor.eu\/pt\/wp-json\/wp\/v2\/media\/5829"}],"wp:attachment":[{"href":"https:\/\/viqtor.eu\/pt\/wp-json\/wp\/v2\/media?parent=5814"}],"wp:term":[{"taxonomy":"category","embeddable":true,"href":"https:\/\/viqtor.eu\/pt\/wp-json\/wp\/v2\/categories?post=5814"},{"taxonomy":"post_tag","embeddable":true,"href":"https:\/\/viqtor.eu\/pt\/wp-json\/wp\/v2\/tags?post=5814"}],"curies":[{"name":"wp","href":"https:\/\/api.w.org\/{rel}","templated":true}]}}