{"id":5811,"date":"2023-04-25T14:32:17","date_gmt":"2023-04-25T14:32:17","guid":{"rendered":"https:\/\/exciting-panini.13-37-234-21.plesk.page\/?p=5811"},"modified":"2024-08-06T11:06:32","modified_gmt":"2024-08-06T11:06:32","slug":"on-est-parfois-plus-responsable-quon-ne-le-pense-ou-quon-ne-le-souhaite","status":"publish","type":"post","link":"https:\/\/viqtor.eu\/pt\/on-est-parfois-plus-responsable-quon-ne-le-pense-ou-quon-ne-le-souhaite\/","title":{"rendered":"\u00c0s vezes somos mais respons\u00e1veis do que pensamos... ou do que queremos ser."},"content":{"rendered":"<div data-elementor-type=\"wp-post\" data-elementor-id=\"5811\" class=\"elementor elementor-5811\" data-elementor-post-type=\"post\">\n\t\t\t\t\t\t<section class=\"elementor-section elementor-top-section elementor-element elementor-element-a8ddb20 ot-traditional elementor-section-boxed elementor-section-height-default elementor-section-height-default\" data-id=\"a8ddb20\" data-element_type=\"section\">\n\t\t\t\t\t\t<div class=\"elementor-container elementor-column-gap-default\">\n\t\t\t\t\t<div class=\"elementor-column elementor-col-100 elementor-top-column elementor-element elementor-element-8d4afb6 ot-flex-column-vertical\" data-id=\"8d4afb6\" data-element_type=\"column\">\n\t\t\t<div class=\"elementor-widget-wrap elementor-element-populated\">\n\t\t\t\t\t\t<div class=\"elementor-element elementor-element-9795236 elementor-widget elementor-widget-image\" data-id=\"9795236\" data-element_type=\"widget\" data-widget_type=\"image.default\">\n\t\t\t\t<div class=\"elementor-widget-container\">\n\t\t\t\t\t\t\t\t\t\t\t\t\t<img fetchpriority=\"high\" decoding=\"async\" width=\"1000\" height=\"645\" src=\"https:\/\/viqtor.eu\/wp-content\/uploads\/2023\/04\/On-est-parfois-plus-responsable-quon-ne-le-pense\u2026-ou-quon-ne-le-souhaite.jpg\" class=\"attachment-full size-full wp-image-12152\" alt=\"On est parfois plus responsable qu\u2019on ne le pense\u2026 ou qu\u2019on ne le souhaite\" srcset=\"https:\/\/viqtor.eu\/wp-content\/uploads\/2023\/04\/On-est-parfois-plus-responsable-quon-ne-le-pense\u2026-ou-quon-ne-le-souhaite.jpg 1000w, https:\/\/viqtor.eu\/wp-content\/uploads\/2023\/04\/On-est-parfois-plus-responsable-quon-ne-le-pense\u2026-ou-quon-ne-le-souhaite-300x194.jpg 300w, https:\/\/viqtor.eu\/wp-content\/uploads\/2023\/04\/On-est-parfois-plus-responsable-quon-ne-le-pense\u2026-ou-quon-ne-le-souhaite-768x495.jpg 768w, https:\/\/viqtor.eu\/wp-content\/uploads\/2023\/04\/On-est-parfois-plus-responsable-quon-ne-le-pense\u2026-ou-quon-ne-le-souhaite-720x464.jpg 720w\" sizes=\"(max-width: 1000px) 100vw, 1000px\" \/>\t\t\t\t\t\t\t\t\t\t\t\t\t<\/div>\n\t\t\t\t<\/div>\n\t\t\t\t\t<\/div>\n\t\t<\/div>\n\t\t\t\t\t<\/div>\n\t\t<\/section>\n\t\t\t\t<section class=\"elementor-section elementor-top-section elementor-element elementor-element-af19dd4 ot-traditional elementor-section-boxed elementor-section-height-default elementor-section-height-default\" data-id=\"af19dd4\" data-element_type=\"section\">\n\t\t\t\t\t\t<div class=\"elementor-container elementor-column-gap-default\">\n\t\t\t\t\t<div class=\"elementor-column elementor-col-100 elementor-top-column elementor-element elementor-element-a8fab76 ot-flex-column-vertical\" data-id=\"a8fab76\" data-element_type=\"column\">\n\t\t\t<div class=\"elementor-widget-wrap elementor-element-populated\">\n\t\t\t\t\t\t<div class=\"elementor-element elementor-element-98100d6 elementor-widget elementor-widget-heading\" data-id=\"98100d6\" data-element_type=\"widget\" data-widget_type=\"heading.default\">\n\t\t\t\t<div class=\"elementor-widget-container\">\n\t\t\t<h1 class=\"elementor-heading-title elementor-size-default\">\u00c0s vezes somos mais respons\u00e1veis do que pensamos... ou do que queremos ser.<\/h1>\t\t<\/div>\n\t\t\t\t<\/div>\n\t\t\t\t\t<\/div>\n\t\t<\/div>\n\t\t\t\t\t<\/div>\n\t\t<\/section>\n\t\t\t\t<section class=\"elementor-section elementor-top-section elementor-element elementor-element-15c87ec3 ot-traditional elementor-section-boxed elementor-section-height-default elementor-section-height-default\" data-id=\"15c87ec3\" data-element_type=\"section\">\n\t\t\t\t\t\t<div class=\"elementor-container elementor-column-gap-default\">\n\t\t\t\t\t<div class=\"elementor-column elementor-col-100 elementor-top-column elementor-element elementor-element-29a30b2 ot-flex-column-vertical\" data-id=\"29a30b2\" data-element_type=\"column\">\n\t\t\t<div class=\"elementor-widget-wrap elementor-element-populated\">\n\t\t\t\t\t\t<div class=\"elementor-element elementor-element-415d2eeb elementor-widget elementor-widget-text-editor\" data-id=\"415d2eeb\" data-element_type=\"widget\" data-widget_type=\"text-editor.default\">\n\t\t\t\t<div class=\"elementor-widget-container\">\n\t\t\t\t\t\t\t<!-- wp:paragraph -->\n<p><strong>Legal Watch \u2013 setembro de 2019.<br><\/strong><\/p>\n<!-- \/wp:paragraph -->\n\n<!-- wp:paragraph -->\n<p><em>Este \u00e9 o caso quando voc\u00ea instala um plug-in simples no seu site, mesmo que n\u00e3o tenha acesso aos dados coletados por esse meio.<\/em> <\/p>\n<!-- \/wp:paragraph -->\n\n<!-- wp:paragraph -->\n<p>Uma decis\u00e3o recente do Tribunal de Justi\u00e7a da Uni\u00e3o Europeia, conhecida como &quot;Fashion ID&quot;, confirma essa observa\u00e7\u00e3o ao esclarecer a responsabilidade dos administradores de sites que inserem um \u00edcone de &quot;curtir&quot; do Facebook em suas p\u00e1ginas.<\/p>\n<!-- \/wp:paragraph -->\n\n<!-- wp:paragraph -->\n<p><em>A inser\u00e7\u00e3o deste simples plug-in pode, portanto, ter como consequ\u00eancia tornar o gestor do site solidariamente respons\u00e1vel pelo processamento com a rede social que coleta esses dados.<\/em><\/p>\n<!-- \/wp:paragraph -->\n\n<!-- wp:paragraph -->\n<p>Do ponto de vista t\u00e9cnico, a simples inser\u00e7\u00e3o de um plug-in em uma p\u00e1gina da web permite a comunica\u00e7\u00e3o autom\u00e1tica dos dados de conex\u00e3o dos visitantes dessa p\u00e1gina \u00e0 rede social em quest\u00e3o, independentemente de os visitantes clicarem ou n\u00e3o no \u00edcone do plug-in. Nesse caso, os dados dos visitantes do site Fashion ID, uma loja online alem\u00e3 de roupas de moda, foram transmitidos sistematicamente ao Facebook. \u00c9 o que acontece atualmente com muitos sites, sejam eles de vendas online, sites de not\u00edcias ou blogs. E o racioc\u00ednio direcionado ao Facebook, neste caso, pode ser estendido a qualquer rede social ou outra entidade que utilize a mesma tecnologia.<\/p>\n<!-- \/wp:paragraph -->\n\n<!-- wp:paragraph -->\n<p>O Tribunal de Justi\u00e7a esclareceu que o fato de o administrador do site n\u00e3o ter acesso aos dados assim transmitidos n\u00e3o diminui sua responsabilidade. O fato de ele determinar, em conjunto com o Facebook, as finalidades e os meios do tratamento continua sendo o fator decisivo. O Tribunal deduz a poss\u00edvel responsabilidade solid\u00e1ria do site e do Facebook dos benef\u00edcios econ\u00f4micos m\u00fatuos que derivam dessa coopera\u00e7\u00e3o: para o Facebook, o enriquecimento de seu banco de dados, e para o administrador do site, a otimiza\u00e7\u00e3o da publicidade de seus produtos na rede social Facebook assim que um visitante clica no \u00edcone &quot;curtir&quot;.<\/p>\n<!-- \/wp:paragraph -->\n\n<!-- wp:paragraph -->\n<p>O Tribunal esclarece que as responsabilidades e obriga\u00e7\u00f5es legais variam dependendo dos diferentes aspectos do tratamento: neste caso, a Fashion ID n\u00e3o pode ser responsabilizada pela forma como o Facebook processa os dados posteriormente. O Facebook tamb\u00e9m deve fornecer uma base legal espec\u00edfica para esse tratamento. No entanto, o operador do site \u00e9 obrigado a informar e obter o consentimento de seus visitantes separadamente sobre a coleta e transmiss\u00e3o desses dados \u00e0 rede social.<\/p>\n<!-- \/wp:paragraph -->\n\n<!-- wp:paragraph -->\n<p><em>V\u00e1rias li\u00e7\u00f5es podem ser aprendidas com esta importante decis\u00e3o. Portanto, \u00e9 aconselh\u00e1vel:<\/em><\/p>\n<!-- \/wp:paragraph -->\n\n<!-- wp:list -->\n<ul><!-- wp:list-item -->\n<li>Verifique sistematicamente as condi\u00e7\u00f5es de utiliza\u00e7\u00e3o dos plug-ins no seu site, bem como as poss\u00edveis condi\u00e7\u00f5es de transmiss\u00e3o de dados a terceiros,<\/li>\n<!-- \/wp:list-item -->\n\n<!-- wp:list-item -->\n<li>Verifique as cl\u00e1usulas de responsabilidade nos contratos com esses terceiros;<\/li>\n<!-- \/wp:list-item -->\n\n<!-- wp:list-item -->\n<li>Informe os visitantes especificamente sobre esta coleta e obtenha seu consentimento separadamente.<\/li>\n<!-- \/wp:list-item --><\/ul>\n<!-- \/wp:list -->\n\n<!-- wp:paragraph -->\n<p>Essas precau\u00e7\u00f5es s\u00e3o ainda mais relevantes porque a CNIL esclareceu recentemente as condi\u00e7\u00f5es estritas para a obten\u00e7\u00e3o de consentimento em rela\u00e7\u00e3o \u00e0 segmenta\u00e7\u00e3o de publicidade online e anunciou que concentraria suas atividades de monitoramento em 2019 em quest\u00f5es de distribui\u00e7\u00e3o de responsabilidades entre as diferentes partes que processam dados pessoais.&nbsp;<\/p>\n<!-- \/wp:paragraph -->\n\n<!-- wp:paragraph -->\n<p>Essas quest\u00f5es tamb\u00e9m est\u00e3o sendo abordadas em n\u00edvel europeu. O CEPD, que re\u00fane as autoridades de prote\u00e7\u00e3o de dados da Uni\u00e3o Europeia (CNILs), iniciou discuss\u00f5es envolvendo diversas organiza\u00e7\u00f5es setoriais para atualizar o parecer de refer\u00eancia das autoridades de supervis\u00e3o sobre a identifica\u00e7\u00e3o e o papel dos respons\u00e1veis pelo tratamento, respons\u00e1veis conjuntos pelo tratamento e subcontratantes.<\/p>\n<!-- \/wp:paragraph -->\n\n<!-- wp:paragraph -->\n<p><strong>E tamb\u00e9m:<\/strong><\/p>\n<!-- \/wp:paragraph -->\n\n<!-- wp:paragraph -->\n<p><span style=\"text-decoration: underline;\">\u2022 na Europa:<\/span><\/p>\n<!-- \/wp:paragraph -->\n\n<!-- wp:paragraph -->\n<p><strong>Brexit:<\/strong><\/p>\n<!-- \/wp:paragraph -->\n\n<!-- wp:paragraph -->\n<p>Quais seriam as condi\u00e7\u00f5es para transfer\u00eancias de dados para o Reino Unido caso o pa\u00eds deixasse a Uni\u00e3o Europeia sem um acordo? O CEPD publicou uma nota no in\u00edcio de 2019 detalhando as condi\u00e7\u00f5es e as diversas bases legais aplic\u00e1veis. A autoridade brit\u00e2nica de prote\u00e7\u00e3o de dados tamb\u00e9m responde a muitas perguntas em seu site oficial.<\/p>\n<!-- \/wp:paragraph -->\n\n<!-- wp:paragraph -->\n<p><strong>Biometria:<\/strong><\/p>\n<!-- \/wp:paragraph -->\n\n<!-- wp:paragraph -->\n<p>A Autoridade Sueca de Prote\u00e7\u00e3o de Dados emitiu sua primeira san\u00e7\u00e3o sob o GDPR em 21 de agosto. Uma multa de \u20ac 20.000 foi imposta a uma escola por implementar um sistema de reconhecimento facial para alunos, violando v\u00e1rios princ\u00edpios do GDPR: consentimento inv\u00e1lido, dados biom\u00e9tricos sens\u00edveis, falta de avalia\u00e7\u00e3o pr\u00e9via de impacto e falha em consultar a autoridade de prote\u00e7\u00e3o de dados.<\/p>\n<!-- \/wp:paragraph -->\n\n<!-- wp:paragraph -->\n<p><strong>Nuvem e prote\u00e7\u00e3o de dados:<\/strong><\/p>\n<!-- \/wp:paragraph -->\n\n<!-- wp:paragraph -->\n<p>A perspectiva de uma nuvem europeia com regras harmonizadas est\u00e1 cada vez mais pr\u00f3xima. Em 29 de agosto, ocorreu em Haia a primeira reuni\u00e3o de partes interessadas dos setores p\u00fablico e privado, a n\u00edvel europeu e internacional.<\/p>\n<!-- \/wp:paragraph -->\n\n<!-- wp:paragraph -->\n<p>\u2022 no mundo:<\/p>\n<!-- \/wp:paragraph -->\n\n<!-- wp:paragraph -->\n<p><strong>Provas eletr\u00f4nicas:<\/strong><\/p>\n<!-- \/wp:paragraph -->\n\n<!-- wp:paragraph -->\n<p>As condi\u00e7\u00f5es sob as quais as autoridades judiciais podem acessar provas eletr\u00f4nicas (&quot;e-evid\u00eancias&quot;) mantidas por empresas est\u00e3o sendo objeto de desenvolvimentos na Europa e internacionalmente. O objetivo \u00e9 harmonizar essas regras na Europa, mas tamb\u00e9m chegar a um acordo com os Estados Unidos sobre as condi\u00e7\u00f5es de acesso a esses dados, como parte do combate \u00e0 criminalidade. De acordo com o &quot;Cloud Act&quot; americano, os Estados Unidos t\u00eam acesso aos dados de empresas americanas sediadas na Europa desde mar\u00e7o de 2018. O objetivo \u00e9 chegar a um acordo sobre essas condi\u00e7\u00f5es de acesso em ambos os lados do Atl\u00e2ntico, em conformidade com as regras de prote\u00e7\u00e3o de dados.<\/p>\n<!-- \/wp:paragraph -->\n\n<!-- wp:paragraph -->\n<p><strong>Norma ISO:<\/strong><\/p>\n<!-- \/wp:paragraph -->\n\n<!-- wp:paragraph -->\n<p>A nova norma ISO\/IEC\/27701 foi publicada no in\u00edcio de agosto. Ela \u00e9 uma extens\u00e3o da ISO\/IEC 27001 e da ISO\/IEC 27002 para abranger a gest\u00e3o da privacidade e tamb\u00e9m leva em considera\u00e7\u00e3o os requisitos do GDPR.<\/p>\n<!-- \/wp:paragraph -->\n\n<!-- wp:paragraph {\"fontSize\":\"small\"} -->\n<p class=\"has-small-font-size\"><em>1 O ac\u00f3rd\u00e3o aplica a Diretiva 95\/46\/CE, revogada pelo Regulamento (UE) 2016\/679 ou RGPD. As disposi\u00e7\u00f5es relativas \u00e0 (co)responsabilidade permaneceram, no entanto, id\u00eanticas no novo Regulamento.<\/em><\/p>\n<!-- \/wp:paragraph -->\t\t\t\t\t\t<\/div>\n\t\t\t\t<\/div>\n\t\t\t\t\t<\/div>\n\t\t<\/div>\n\t\t\t\t\t<\/div>\n\t\t<\/section>\n\t\t\t\t<section class=\"elementor-section elementor-top-section elementor-element elementor-element-ca0d124 ot-traditional elementor-section-boxed elementor-section-height-default elementor-section-height-default\" data-id=\"ca0d124\" data-element_type=\"section\">\n\t\t\t\t\t\t<div class=\"elementor-container elementor-column-gap-default\">\n\t\t\t\t\t<div class=\"elementor-column elementor-col-100 elementor-top-column elementor-element elementor-element-cfc69c6 ot-flex-column-vertical\" data-id=\"cfc69c6\" data-element_type=\"column\">\n\t\t\t<div class=\"elementor-widget-wrap elementor-element-populated\">\n\t\t\t\t\t\t<div class=\"elementor-element elementor-element-34095e6 elementor-align-center elementor-widget elementor-widget-button\" data-id=\"34095e6\" data-element_type=\"widget\" data-widget_type=\"button.default\">\n\t\t\t\t<div class=\"elementor-widget-container\">\n\t\t\t\t\t<div class=\"elementor-button-wrapper\">\n\t\t\t<a class=\"elementor-button elementor-button-link elementor-size-lg\" href=\"https:\/\/app.viqtor.eu\/\">\n\t\t\t\t\t\t<span class=\"elementor-button-content-wrapper\">\n\t\t\t\t\t\t<span class=\"elementor-button-icon\">\n\t\t\t\t<i aria-hidden=\"true\" class=\"fas fa-long-arrow-alt-right\"><\/i>\t\t\t<\/span>\n\t\t\t\t\t\t\t\t\t<span class=\"elementor-button-text\">Descubra Viqtor\u00ae<\/span>\n\t\t\t\t\t<\/span>\n\t\t\t\t\t<\/a>\n\t\t<\/div>\n\t\t\t\t<\/div>\n\t\t\t\t<\/div>\n\t\t\t\t\t<\/div>\n\t\t<\/div>\n\t\t\t\t\t<\/div>\n\t\t<\/section>\n\t\t\t\t<\/div>","protected":false},"excerpt":{"rendered":"<p>\u00c0s vezes, somos mais respons\u00e1veis do que pensamos... ou do que gostar\u00edamos de ser. Legal Watch \u2013 Setembro de 2019. \u00c9 o caso quando instalamos um simples plug-in em nosso site, mesmo que n\u00e3o tenhamos acesso aos dados coletados por esse meio. Uma decis\u00e3o recente do Tribunal de Justi\u00e7a de [\u2026]<\/p>","protected":false},"author":1,"featured_media":5835,"comment_status":"closed","ping_status":"open","sticky":false,"template":"elementor_header_footer","format":"standard","meta":{"_acf_changed":false,"footnotes":""},"categories":[35],"tags":[],"class_list":["post-5811","post","type-post","status-publish","format-standard","has-post-thumbnail","hentry","category-veille-juridique"],"acf":[],"yoast_head":"<!-- This site is optimized with the Yoast SEO plugin v23.6 - https:\/\/yoast.com\/wordpress\/plugins\/seo\/ -->\n<title>On est parfois plus responsable qu\u2019on ne le pense\u2026 ou qu\u2019on ne le souhaite - Viqtor<\/title>\n<meta name=\"description\" content=\"On est parfois plus responsable qu\u2019on ne le pense\u2026 ou qu\u2019on ne le souhaite - Viqtor\" \/>\n<meta name=\"robots\" content=\"index, follow, max-snippet:-1, max-image-preview:large, max-video-preview:-1\" \/>\n<link rel=\"canonical\" href=\"https:\/\/viqtor.eu\/pt\/on-est-parfois-plus-responsable-quon-ne-le-pense-ou-quon-ne-le-souhaite\/\" \/>\n<meta property=\"og:locale\" content=\"pt_PT\" \/>\n<meta property=\"og:type\" content=\"article\" \/>\n<meta property=\"og:title\" content=\"On est parfois plus responsable qu\u2019on ne le pense\u2026 ou qu\u2019on ne le souhaite - Viqtor\" \/>\n<meta property=\"og:description\" content=\"On est parfois plus responsable qu\u2019on ne le pense\u2026 ou qu\u2019on ne le souhaite - Viqtor\" \/>\n<meta property=\"og:url\" content=\"https:\/\/viqtor.eu\/pt\/on-est-parfois-plus-responsable-quon-ne-le-pense-ou-quon-ne-le-souhaite\/\" \/>\n<meta property=\"og:site_name\" content=\"Viqtor\" \/>\n<meta property=\"article:published_time\" content=\"2023-04-25T14:32:17+00:00\" \/>\n<meta property=\"article:modified_time\" content=\"2024-08-06T11:06:32+00:00\" \/>\n<meta property=\"og:image\" content=\"https:\/\/viqtor.eu\/wp-content\/uploads\/2026\/04\/widget-viqtor.png\" \/>\n\t<meta property=\"og:image:width\" content=\"1000\" \/>\n\t<meta property=\"og:image:height\" content=\"645\" \/>\n\t<meta property=\"og:image:type\" content=\"image\/jpeg\" \/>\n<meta name=\"author\" content=\"Bruno\" \/>\n<meta name=\"twitter:card\" content=\"summary_large_image\" \/>\n<meta name=\"twitter:label1\" content=\"Escrito por\" \/>\n\t<meta name=\"twitter:data1\" content=\"Bruno\" \/>\n\t<meta name=\"twitter:label2\" content=\"Tempo estimado de leitura\" \/>\n\t<meta name=\"twitter:data2\" content=\"5 minutos\" \/>\n<script type=\"application\/ld+json\" class=\"yoast-schema-graph\">{\"@context\":\"https:\/\/schema.org\",\"@graph\":[{\"@type\":\"Article\",\"@id\":\"https:\/\/viqtor.eu\/on-est-parfois-plus-responsable-quon-ne-le-pense-ou-quon-ne-le-souhaite\/#article\",\"isPartOf\":{\"@id\":\"https:\/\/viqtor.eu\/on-est-parfois-plus-responsable-quon-ne-le-pense-ou-quon-ne-le-souhaite\/\"},\"author\":{\"name\":\"Bruno\",\"@id\":\"https:\/\/viqtor.eu\/#\/schema\/person\/3dbd9cc82a28f6cf1695c92eda0099ad\"},\"headline\":\"On est parfois plus responsable qu\u2019on ne le pense\u2026 ou qu\u2019on ne le souhaite\",\"datePublished\":\"2023-04-25T14:32:17+00:00\",\"dateModified\":\"2024-08-06T11:06:32+00:00\",\"mainEntityOfPage\":{\"@id\":\"https:\/\/viqtor.eu\/on-est-parfois-plus-responsable-quon-ne-le-pense-ou-quon-ne-le-souhaite\/\"},\"wordCount\":1124,\"publisher\":{\"@id\":\"https:\/\/viqtor.eu\/#organization\"},\"image\":{\"@id\":\"https:\/\/viqtor.eu\/on-est-parfois-plus-responsable-quon-ne-le-pense-ou-quon-ne-le-souhaite\/#primaryimage\"},\"thumbnailUrl\":\"https:\/\/viqtor.eu\/wp-content\/uploads\/2023\/04\/shutterstock_1318808819.jpg\",\"articleSection\":[\"Veille juridique\"],\"inLanguage\":\"pt-PT\"},{\"@type\":\"WebPage\",\"@id\":\"https:\/\/viqtor.eu\/on-est-parfois-plus-responsable-quon-ne-le-pense-ou-quon-ne-le-souhaite\/\",\"url\":\"https:\/\/viqtor.eu\/on-est-parfois-plus-responsable-quon-ne-le-pense-ou-quon-ne-le-souhaite\/\",\"name\":\"On est parfois plus responsable qu\u2019on ne le pense\u2026 ou qu\u2019on ne le souhaite - Viqtor\",\"isPartOf\":{\"@id\":\"https:\/\/viqtor.eu\/#website\"},\"primaryImageOfPage\":{\"@id\":\"https:\/\/viqtor.eu\/on-est-parfois-plus-responsable-quon-ne-le-pense-ou-quon-ne-le-souhaite\/#primaryimage\"},\"image\":{\"@id\":\"https:\/\/viqtor.eu\/on-est-parfois-plus-responsable-quon-ne-le-pense-ou-quon-ne-le-souhaite\/#primaryimage\"},\"thumbnailUrl\":\"https:\/\/viqtor.eu\/wp-content\/uploads\/2023\/04\/shutterstock_1318808819.jpg\",\"datePublished\":\"2023-04-25T14:32:17+00:00\",\"dateModified\":\"2024-08-06T11:06:32+00:00\",\"description\":\"On est parfois plus responsable qu\u2019on ne le pense\u2026 ou qu\u2019on ne le souhaite - Viqtor\",\"breadcrumb\":{\"@id\":\"https:\/\/viqtor.eu\/on-est-parfois-plus-responsable-quon-ne-le-pense-ou-quon-ne-le-souhaite\/#breadcrumb\"},\"inLanguage\":\"pt-PT\",\"potentialAction\":[{\"@type\":\"ReadAction\",\"target\":[\"https:\/\/viqtor.eu\/on-est-parfois-plus-responsable-quon-ne-le-pense-ou-quon-ne-le-souhaite\/\"]}]},{\"@type\":\"ImageObject\",\"inLanguage\":\"pt-PT\",\"@id\":\"https:\/\/viqtor.eu\/on-est-parfois-plus-responsable-quon-ne-le-pense-ou-quon-ne-le-souhaite\/#primaryimage\",\"url\":\"https:\/\/viqtor.eu\/wp-content\/uploads\/2023\/04\/shutterstock_1318808819.jpg\",\"contentUrl\":\"https:\/\/viqtor.eu\/wp-content\/uploads\/2023\/04\/shutterstock_1318808819.jpg\",\"width\":1000,\"height\":645},{\"@type\":\"BreadcrumbList\",\"@id\":\"https:\/\/viqtor.eu\/on-est-parfois-plus-responsable-quon-ne-le-pense-ou-quon-ne-le-souhaite\/#breadcrumb\",\"itemListElement\":[{\"@type\":\"ListItem\",\"position\":1,\"name\":\"Accueil\",\"item\":\"https:\/\/viqtor.eu\/\"},{\"@type\":\"ListItem\",\"position\":2,\"name\":\"On est parfois plus responsable qu\u2019on ne le pense\u2026 ou qu\u2019on ne le souhaite\"}]},{\"@type\":\"WebSite\",\"@id\":\"https:\/\/viqtor.eu\/#website\",\"url\":\"https:\/\/viqtor.eu\/\",\"name\":\"Viqtor\",\"description\":\"Faites du RGPD une opportunit\u00e9 pour votre entreprise.\",\"publisher\":{\"@id\":\"https:\/\/viqtor.eu\/#organization\"},\"potentialAction\":[{\"@type\":\"SearchAction\",\"target\":{\"@type\":\"EntryPoint\",\"urlTemplate\":\"https:\/\/viqtor.eu\/?s={search_term_string}\"},\"query-input\":{\"@type\":\"PropertyValueSpecification\",\"valueRequired\":true,\"valueName\":\"search_term_string\"}}],\"inLanguage\":\"pt-PT\"},{\"@type\":\"Organization\",\"@id\":\"https:\/\/viqtor.eu\/#organization\",\"name\":\"viqtor.eu\",\"url\":\"https:\/\/viqtor.eu\/\",\"logo\":{\"@type\":\"ImageObject\",\"inLanguage\":\"pt-PT\",\"@id\":\"https:\/\/viqtor.eu\/#\/schema\/logo\/image\/\",\"url\":\"https:\/\/viqtor.eu\/wp-content\/uploads\/2023\/06\/favicon-noir.svg\",\"contentUrl\":\"https:\/\/viqtor.eu\/wp-content\/uploads\/2023\/06\/favicon-noir.svg\",\"width\":108,\"height\":86,\"caption\":\"viqtor.eu\"},\"image\":{\"@id\":\"https:\/\/viqtor.eu\/#\/schema\/logo\/image\/\"}},{\"@type\":\"Person\",\"@id\":\"https:\/\/viqtor.eu\/#\/schema\/person\/3dbd9cc82a28f6cf1695c92eda0099ad\",\"name\":\"Bruno\",\"image\":{\"@type\":\"ImageObject\",\"inLanguage\":\"pt-PT\",\"@id\":\"https:\/\/viqtor.eu\/#\/schema\/person\/image\/\",\"url\":\"https:\/\/secure.gravatar.com\/avatar\/e5a596f9489de15bfe046e97fb771f63589b601ca7e81ccc2bb9a23582f441a3?s=96&d=mm&r=g\",\"contentUrl\":\"https:\/\/secure.gravatar.com\/avatar\/e5a596f9489de15bfe046e97fb771f63589b601ca7e81ccc2bb9a23582f441a3?s=96&d=mm&r=g\",\"caption\":\"Bruno\"},\"sameAs\":[\"https:\/\/exciting-panini.13-37-234-21.plesk.page\"],\"url\":\"https:\/\/viqtor.eu\/pt\/author\/mouad_zxum2ebi\/\"}]}<\/script>\n<!-- \/ Yoast SEO plugin. -->","yoast_head_json":{"title":"On est parfois plus responsable qu\u2019on ne le pense\u2026 ou qu\u2019on ne le souhaite - Viqtor","description":"On est parfois plus responsable qu\u2019on ne le pense\u2026 ou qu\u2019on ne le souhaite - Viqtor","robots":{"index":"index","follow":"follow","max-snippet":"max-snippet:-1","max-image-preview":"max-image-preview:large","max-video-preview":"max-video-preview:-1"},"canonical":"https:\/\/viqtor.eu\/pt\/on-est-parfois-plus-responsable-quon-ne-le-pense-ou-quon-ne-le-souhaite\/","og_locale":"pt_PT","og_type":"article","og_title":"On est parfois plus responsable qu\u2019on ne le pense\u2026 ou qu\u2019on ne le souhaite - Viqtor","og_description":"On est parfois plus responsable qu\u2019on ne le pense\u2026 ou qu\u2019on ne le souhaite - Viqtor","og_url":"https:\/\/viqtor.eu\/pt\/on-est-parfois-plus-responsable-quon-ne-le-pense-ou-quon-ne-le-souhaite\/","og_site_name":"Viqtor","article_published_time":"2023-04-25T14:32:17+00:00","article_modified_time":"2024-08-06T11:06:32+00:00","og_image":[{"width":1000,"height":645,"url":"https:\/\/viqtor.eu\/wp-content\/uploads\/2026\/04\/widget-viqtor.png","type":"image\/jpeg"}],"author":"Bruno","twitter_card":"summary_large_image","twitter_misc":{"Escrito por":"Bruno","Tempo estimado de leitura":"5 minutos"},"schema":{"@context":"https:\/\/schema.org","@graph":[{"@type":"Article","@id":"https:\/\/viqtor.eu\/on-est-parfois-plus-responsable-quon-ne-le-pense-ou-quon-ne-le-souhaite\/#article","isPartOf":{"@id":"https:\/\/viqtor.eu\/on-est-parfois-plus-responsable-quon-ne-le-pense-ou-quon-ne-le-souhaite\/"},"author":{"name":"Bruno","@id":"https:\/\/viqtor.eu\/#\/schema\/person\/3dbd9cc82a28f6cf1695c92eda0099ad"},"headline":"On est parfois plus responsable qu\u2019on ne le pense\u2026 ou qu\u2019on ne le souhaite","datePublished":"2023-04-25T14:32:17+00:00","dateModified":"2024-08-06T11:06:32+00:00","mainEntityOfPage":{"@id":"https:\/\/viqtor.eu\/on-est-parfois-plus-responsable-quon-ne-le-pense-ou-quon-ne-le-souhaite\/"},"wordCount":1124,"publisher":{"@id":"https:\/\/viqtor.eu\/#organization"},"image":{"@id":"https:\/\/viqtor.eu\/on-est-parfois-plus-responsable-quon-ne-le-pense-ou-quon-ne-le-souhaite\/#primaryimage"},"thumbnailUrl":"https:\/\/viqtor.eu\/wp-content\/uploads\/2023\/04\/shutterstock_1318808819.jpg","articleSection":["Veille juridique"],"inLanguage":"pt-PT"},{"@type":"WebPage","@id":"https:\/\/viqtor.eu\/on-est-parfois-plus-responsable-quon-ne-le-pense-ou-quon-ne-le-souhaite\/","url":"https:\/\/viqtor.eu\/on-est-parfois-plus-responsable-quon-ne-le-pense-ou-quon-ne-le-souhaite\/","name":"On est parfois plus responsable qu\u2019on ne le pense\u2026 ou qu\u2019on ne le souhaite - Viqtor","isPartOf":{"@id":"https:\/\/viqtor.eu\/#website"},"primaryImageOfPage":{"@id":"https:\/\/viqtor.eu\/on-est-parfois-plus-responsable-quon-ne-le-pense-ou-quon-ne-le-souhaite\/#primaryimage"},"image":{"@id":"https:\/\/viqtor.eu\/on-est-parfois-plus-responsable-quon-ne-le-pense-ou-quon-ne-le-souhaite\/#primaryimage"},"thumbnailUrl":"https:\/\/viqtor.eu\/wp-content\/uploads\/2023\/04\/shutterstock_1318808819.jpg","datePublished":"2023-04-25T14:32:17+00:00","dateModified":"2024-08-06T11:06:32+00:00","description":"On est parfois plus responsable qu\u2019on ne le pense\u2026 ou qu\u2019on ne le souhaite - Viqtor","breadcrumb":{"@id":"https:\/\/viqtor.eu\/on-est-parfois-plus-responsable-quon-ne-le-pense-ou-quon-ne-le-souhaite\/#breadcrumb"},"inLanguage":"pt-PT","potentialAction":[{"@type":"ReadAction","target":["https:\/\/viqtor.eu\/on-est-parfois-plus-responsable-quon-ne-le-pense-ou-quon-ne-le-souhaite\/"]}]},{"@type":"ImageObject","inLanguage":"pt-PT","@id":"https:\/\/viqtor.eu\/on-est-parfois-plus-responsable-quon-ne-le-pense-ou-quon-ne-le-souhaite\/#primaryimage","url":"https:\/\/viqtor.eu\/wp-content\/uploads\/2023\/04\/shutterstock_1318808819.jpg","contentUrl":"https:\/\/viqtor.eu\/wp-content\/uploads\/2023\/04\/shutterstock_1318808819.jpg","width":1000,"height":645},{"@type":"BreadcrumbList","@id":"https:\/\/viqtor.eu\/on-est-parfois-plus-responsable-quon-ne-le-pense-ou-quon-ne-le-souhaite\/#breadcrumb","itemListElement":[{"@type":"ListItem","position":1,"name":"Accueil","item":"https:\/\/viqtor.eu\/"},{"@type":"ListItem","position":2,"name":"On est parfois plus responsable qu\u2019on ne le pense\u2026 ou qu\u2019on ne le souhaite"}]},{"@type":"WebSite","@id":"https:\/\/viqtor.eu\/#website","url":"https:\/\/viqtor.eu\/","name":"Viqtor","description":"Faites du RGPD une opportunit\u00e9 pour votre entreprise.","publisher":{"@id":"https:\/\/viqtor.eu\/#organization"},"potentialAction":[{"@type":"SearchAction","target":{"@type":"EntryPoint","urlTemplate":"https:\/\/viqtor.eu\/?s={search_term_string}"},"query-input":{"@type":"PropertyValueSpecification","valueRequired":true,"valueName":"search_term_string"}}],"inLanguage":"pt-PT"},{"@type":"Organization","@id":"https:\/\/viqtor.eu\/#organization","name":"viqtor.eu","url":"https:\/\/viqtor.eu\/","logo":{"@type":"ImageObject","inLanguage":"pt-PT","@id":"https:\/\/viqtor.eu\/#\/schema\/logo\/image\/","url":"https:\/\/viqtor.eu\/wp-content\/uploads\/2023\/06\/favicon-noir.svg","contentUrl":"https:\/\/viqtor.eu\/wp-content\/uploads\/2023\/06\/favicon-noir.svg","width":108,"height":86,"caption":"viqtor.eu"},"image":{"@id":"https:\/\/viqtor.eu\/#\/schema\/logo\/image\/"}},{"@type":"Person","@id":"https:\/\/viqtor.eu\/#\/schema\/person\/3dbd9cc82a28f6cf1695c92eda0099ad","name":"Bruno","image":{"@type":"ImageObject","inLanguage":"pt-PT","@id":"https:\/\/viqtor.eu\/#\/schema\/person\/image\/","url":"https:\/\/secure.gravatar.com\/avatar\/e5a596f9489de15bfe046e97fb771f63589b601ca7e81ccc2bb9a23582f441a3?s=96&d=mm&r=g","contentUrl":"https:\/\/secure.gravatar.com\/avatar\/e5a596f9489de15bfe046e97fb771f63589b601ca7e81ccc2bb9a23582f441a3?s=96&d=mm&r=g","caption":"Bruno"},"sameAs":["https:\/\/exciting-panini.13-37-234-21.plesk.page"],"url":"https:\/\/viqtor.eu\/pt\/author\/mouad_zxum2ebi\/"}]}},"_links":{"self":[{"href":"https:\/\/viqtor.eu\/pt\/wp-json\/wp\/v2\/posts\/5811","targetHints":{"allow":["GET"]}}],"collection":[{"href":"https:\/\/viqtor.eu\/pt\/wp-json\/wp\/v2\/posts"}],"about":[{"href":"https:\/\/viqtor.eu\/pt\/wp-json\/wp\/v2\/types\/post"}],"author":[{"embeddable":true,"href":"https:\/\/viqtor.eu\/pt\/wp-json\/wp\/v2\/users\/1"}],"replies":[{"embeddable":true,"href":"https:\/\/viqtor.eu\/pt\/wp-json\/wp\/v2\/comments?post=5811"}],"version-history":[{"count":8,"href":"https:\/\/viqtor.eu\/pt\/wp-json\/wp\/v2\/posts\/5811\/revisions"}],"predecessor-version":[{"id":12155,"href":"https:\/\/viqtor.eu\/pt\/wp-json\/wp\/v2\/posts\/5811\/revisions\/12155"}],"wp:featuredmedia":[{"embeddable":true,"href":"https:\/\/viqtor.eu\/pt\/wp-json\/wp\/v2\/media\/5835"}],"wp:attachment":[{"href":"https:\/\/viqtor.eu\/pt\/wp-json\/wp\/v2\/media?parent=5811"}],"wp:term":[{"taxonomy":"category","embeddable":true,"href":"https:\/\/viqtor.eu\/pt\/wp-json\/wp\/v2\/categories?post=5811"},{"taxonomy":"post_tag","embeddable":true,"href":"https:\/\/viqtor.eu\/pt\/wp-json\/wp\/v2\/tags?post=5811"}],"curies":[{"name":"wp","href":"https:\/\/api.w.org\/{rel}","templated":true}]}}