{"id":5772,"date":"2023-04-25T11:33:43","date_gmt":"2023-04-25T11:33:43","guid":{"rendered":"https:\/\/exciting-panini.13-37-234-21.plesk.page\/?p=5772"},"modified":"2024-08-06T09:12:24","modified_gmt":"2024-08-06T09:12:24","slug":"dark-patterns-ce-que-vous-avez-toujours-voulu-savoir-sans-oser-le-demander","status":"publish","type":"post","link":"https:\/\/viqtor.eu\/pt\/dark-patterns-ce-que-vous-avez-toujours-voulu-savoir-sans-oser-le-demander\/","title":{"rendered":"Padr\u00f5es obscuros: o que voc\u00ea sempre quis saber, mas tinha medo de perguntar..."},"content":{"rendered":"<div data-elementor-type=\"wp-post\" data-elementor-id=\"5772\" class=\"elementor elementor-5772\" data-elementor-post-type=\"post\">\n\t\t\t\t\t\t<section class=\"elementor-section elementor-top-section elementor-element elementor-element-3cb8d02 ot-traditional elementor-section-boxed elementor-section-height-default elementor-section-height-default\" data-id=\"3cb8d02\" data-element_type=\"section\">\n\t\t\t\t\t\t<div class=\"elementor-container elementor-column-gap-default\">\n\t\t\t\t\t<div class=\"elementor-column elementor-col-100 elementor-top-column elementor-element elementor-element-119344c ot-flex-column-vertical\" data-id=\"119344c\" data-element_type=\"column\">\n\t\t\t<div class=\"elementor-widget-wrap elementor-element-populated\">\n\t\t\t\t\t\t<div class=\"elementor-element elementor-element-128b6a7 elementor-widget elementor-widget-image\" data-id=\"128b6a7\" data-element_type=\"widget\" data-widget_type=\"image.default\">\n\t\t\t\t<div class=\"elementor-widget-container\">\n\t\t\t\t\t\t\t\t\t\t\t\t\t<img fetchpriority=\"high\" decoding=\"async\" width=\"1000\" height=\"667\" src=\"https:\/\/viqtor.eu\/wp-content\/uploads\/2023\/04\/Dark-patterns-ce-que-vous-avez-toujours-voulu-savoir-sans-oser-le-demander.jpg\" class=\"attachment-full size-full wp-image-12079\" alt=\"Dark patterns : ce que vous avez toujours voulu savoir sans oser le demander...\" srcset=\"https:\/\/viqtor.eu\/wp-content\/uploads\/2023\/04\/Dark-patterns-ce-que-vous-avez-toujours-voulu-savoir-sans-oser-le-demander.jpg 1000w, https:\/\/viqtor.eu\/wp-content\/uploads\/2023\/04\/Dark-patterns-ce-que-vous-avez-toujours-voulu-savoir-sans-oser-le-demander-300x200.jpg 300w, https:\/\/viqtor.eu\/wp-content\/uploads\/2023\/04\/Dark-patterns-ce-que-vous-avez-toujours-voulu-savoir-sans-oser-le-demander-768x512.jpg 768w, https:\/\/viqtor.eu\/wp-content\/uploads\/2023\/04\/Dark-patterns-ce-que-vous-avez-toujours-voulu-savoir-sans-oser-le-demander-720x480.jpg 720w\" sizes=\"(max-width: 1000px) 100vw, 1000px\" \/>\t\t\t\t\t\t\t\t\t\t\t\t\t<\/div>\n\t\t\t\t<\/div>\n\t\t\t\t\t<\/div>\n\t\t<\/div>\n\t\t\t\t\t<\/div>\n\t\t<\/section>\n\t\t\t\t<section class=\"elementor-section elementor-top-section elementor-element elementor-element-77648a6 ot-traditional elementor-section-boxed elementor-section-height-default elementor-section-height-default\" data-id=\"77648a6\" data-element_type=\"section\">\n\t\t\t\t\t\t<div class=\"elementor-container elementor-column-gap-default\">\n\t\t\t\t\t<div class=\"elementor-column elementor-col-100 elementor-top-column elementor-element elementor-element-3d27c23 ot-flex-column-vertical\" data-id=\"3d27c23\" data-element_type=\"column\">\n\t\t\t<div class=\"elementor-widget-wrap elementor-element-populated\">\n\t\t\t\t\t\t<div class=\"elementor-element elementor-element-5f812c2 elementor-widget elementor-widget-heading\" data-id=\"5f812c2\" data-element_type=\"widget\" data-widget_type=\"heading.default\">\n\t\t\t\t<div class=\"elementor-widget-container\">\n\t\t\t<h1 class=\"elementor-heading-title elementor-size-default\">Padr\u00f5es obscuros: o que voc\u00ea sempre quis saber, mas tinha medo de perguntar...<\/h1>\t\t<\/div>\n\t\t\t\t<\/div>\n\t\t\t\t\t<\/div>\n\t\t<\/div>\n\t\t\t\t\t<\/div>\n\t\t<\/section>\n\t\t\t\t<section class=\"elementor-section elementor-top-section elementor-element elementor-element-252eb126 ot-traditional elementor-section-boxed elementor-section-height-default elementor-section-height-default\" data-id=\"252eb126\" data-element_type=\"section\">\n\t\t\t\t\t\t<div class=\"elementor-container elementor-column-gap-default\">\n\t\t\t\t\t<div class=\"elementor-column elementor-col-100 elementor-top-column elementor-element elementor-element-ed75770 ot-flex-column-vertical\" data-id=\"ed75770\" data-element_type=\"column\">\n\t\t\t<div class=\"elementor-widget-wrap elementor-element-populated\">\n\t\t\t\t\t\t<div class=\"elementor-element elementor-element-7f2f11ca elementor-widget elementor-widget-text-editor\" data-id=\"7f2f11ca\" data-element_type=\"widget\" data-widget_type=\"text-editor.default\">\n\t\t\t\t<div class=\"elementor-widget-container\">\n\t\t\t\t\t\t\t<!-- wp:paragraph -->\n<p><strong>Legal Watch n\u00ba 45 \u2013 mar\u00e7o de 2022.<br \/><\/strong><\/p>\n<!-- \/wp:paragraph --><!-- wp:paragraph -->\n<p>Este termo ingl\u00eas dif\u00edcil de traduzir \u00e9 encontrado em muitas publica\u00e7\u00f5es sobre tecnologia da informa\u00e7\u00e3o.\u00a0<\/p>\n<!-- \/wp:paragraph --><!-- wp:paragraph -->\n<p>Semelhantes ao &quot;nudging&quot;, que visa encorajar sutilmente os usu\u00e1rios da Internet a adotarem o comportamento desejado, os &quot;dark patterns&quot; visam o mesmo objetivo por meio do design de interfaces da web.<\/p>\n<!-- \/wp:paragraph --><!-- wp:paragraph -->\n<p>Em 14 de mar\u00e7o, o Conselho Europeu de Prote\u00e7\u00e3o de Dados adotou diretrizes sobre &quot;padr\u00f5es obscuros&quot; nas interfaces de plataformas de m\u00eddia social.\u00a0<\/p>\n<!-- \/wp:paragraph --><!-- wp:paragraph -->\n<p>O documento, que est\u00e1 sujeito a consulta p\u00fablica, \u00e9 direcionado aos usu\u00e1rios para ajud\u00e1-los a identificar essas t\u00e9cnicas, e aos designers, a quem oferece as melhores pr\u00e1ticas para facilitar a conformidade com o GDPR.\u00a0<\/p>\n<!-- \/wp:paragraph --><!-- wp:paragraph -->\n<p>O documento lista, no que se assemelha a um invent\u00e1rio no estilo Pr\u00e9vert, diferentes pr\u00e1ticas:\u00a0<\/p>\n<!-- \/wp:paragraph --><!-- wp:list -->\n<ul><!-- wp:list-item -->\n<li><strong>Sobrecarga de informa\u00e7\u00e3o<\/strong> confronta o usu\u00e1rio com uma avalanche de dados ou op\u00e7\u00f5es (por exemplo, uma lista infinita de destinat\u00e1rios de cookies), levando-o a compartilhar mais informa\u00e7\u00f5es do que deseja.\u00a0<\/li>\n<!-- \/wp:list-item --><\/ul>\n<!-- \/wp:list --><!-- wp:list -->\n<ul><!-- wp:list-item -->\n<li><strong>Pular<\/strong> leva o usu\u00e1rio a esquecer de verificar certas condi\u00e7\u00f5es de uso de seus dados, por exemplo, desviando sua aten\u00e7\u00e3o para outro lugar.<\/li>\n<!-- \/wp:list-item --><\/ul>\n<!-- \/wp:list --><!-- wp:list -->\n<ul><!-- wp:list-item -->\n<li><strong>Mexendo<\/strong> influencia as escolhas dos usu\u00e1rios ao jogar com suas emo\u00e7\u00f5es (por exemplo, para encoraj\u00e1-los a n\u00e3o cancelar a assinatura de uma rede social)<\/li>\n<!-- \/wp:list-item --><\/ul>\n<!-- \/wp:list --><!-- wp:list -->\n<ul><!-- wp:list-item -->\n<li><strong>Obstru\u00e7\u00e3o (dificultando)<\/strong> impede que os internautas fa\u00e7am suas escolhas por meio de links n\u00e3o funcionais, informa\u00e7\u00f5es mais longas do que o necess\u00e1rio ou enganosas.<\/li>\n<!-- \/wp:list-item --><\/ul>\n<!-- \/wp:list --><!-- wp:list -->\n<ul><!-- wp:list-item -->\n<li><strong>Inconsist\u00eancia de design (inconstante)<\/strong> dificultar\u00e1 a navega\u00e7\u00e3o pelas ferramentas de controle, por meio de uma apresenta\u00e7\u00e3o de informa\u00e7\u00f5es descontextualizada ou n\u00e3o hier\u00e1rquica.<\/li>\n<!-- \/wp:list-item --><\/ul>\n<!-- \/wp:list --><!-- wp:list -->\n<ul><!-- wp:list-item -->\n<li><strong>Por fim, o design pode deixar o internauta no escuro,<\/strong> uso de informa\u00e7\u00f5es conflitantes e amb\u00edguas (bot\u00f5es de cores diferentes ativados ou desativados por padr\u00e3o) ou uma descontinuidade nos idiomas usados (troca do franc\u00eas para o ingl\u00eas).<\/li>\n<!-- \/wp:list-item --><\/ul>\n<!-- \/wp:list --><!-- wp:paragraph -->\n<p>Seria quase poss\u00edvel ficarmos maravilhados com tais t\u00e9cnicas e imagina\u00e7\u00e3o, se essas pr\u00e1ticas n\u00e3o fossem ilegais porque s\u00e3o contr\u00e1rias ao princ\u00edpio de lealdade estabelecido no Artigo 5(1)(a) do RGPD, bem como aos princ\u00edpios de transpar\u00eancia, minimiza\u00e7\u00e3o de dados, responsabiliza\u00e7\u00e3o, finalidade e validade do consentimento.<\/p>\n<!-- \/wp:paragraph --><!-- wp:paragraph -->\n<p>As diretrizes do EDPB fornecem exemplos para cada tipo de t\u00e9cnica e conselhos para simplificar as escolhas dos usu\u00e1rios.\u00a0<\/p>\n<!-- \/wp:paragraph --><!-- wp:paragraph -->\n<p>Boas pr\u00e1ticas incluem:\u00a0<\/p>\n<!-- \/wp:paragraph --><!-- wp:list -->\n<ul><!-- wp:list-item -->\n<li>Usando atalhos para habilitar a\u00e7\u00f5es r\u00e1pidas (cancelar assinatura de uma conta).<\/li>\n<!-- \/wp:list-item --><\/ul>\n<!-- \/wp:list --><!-- wp:list -->\n<ul><!-- wp:list-item -->\n<li>O uso de banners ou pop-ups em caso de altera\u00e7\u00e3o ou risco espec\u00edfico (viola\u00e7\u00e3o de seguran\u00e7a, por exemplo).<\/li>\n<!-- \/wp:list-item --><\/ul>\n<!-- \/wp:list --><!-- wp:list -->\n<ul><!-- wp:list-item -->\n<li>O uso de uma linguagem simples e consistente.<\/li>\n<!-- \/wp:list-item --><\/ul>\n<!-- \/wp:list --><!-- wp:list -->\n<ul><!-- wp:list-item -->\n<li>Uma lista de defini\u00e7\u00f5es.<\/li>\n<!-- \/wp:list-item --><\/ul>\n<!-- \/wp:list --><!-- wp:list -->\n<ul><!-- wp:list-item -->\n<li>O uso de exemplos.<\/li>\n<!-- \/wp:list-item --><\/ul>\n<!-- \/wp:list --><!-- wp:list -->\n<ul><!-- wp:list-item -->\n<li>Explica\u00e7\u00e3o das consequ\u00eancias das diferentes op\u00e7\u00f5es propostas.<\/li>\n<!-- \/wp:list-item --><\/ul>\n<!-- \/wp:list --><!-- wp:list -->\n<ul><!-- wp:list-item -->\n<li>A exibi\u00e7\u00e3o sistem\u00e1tica do mapa do site e um bot\u00e3o \u201cvoltar\u201d que permite ao usu\u00e1rio retomar sua navega\u00e7\u00e3o.<\/li>\n<!-- \/wp:list-item --><\/ul>\n<!-- \/wp:list --><!-- wp:paragraph -->\n<p>Cabe destacar que as decis\u00f5es da CNIL de janeiro passado contra o Google e o Facebook, que multaram essas empresas em 150 e 60 milh\u00f5es de euros, respectivamente, punem o uso de padr\u00f5es obscuros no uso de cookies: as interfaces ofereciam uma op\u00e7\u00e3o simples para ativar os cookies, com um clique, enquanto v\u00e1rias a\u00e7\u00f5es eram necess\u00e1rias para recusar todos os cookies.\u00a0<\/p>\n<!-- \/wp:paragraph --><!-- wp:paragraph -->\n<p>Embora a aten\u00e7\u00e3o das autoridades de supervis\u00e3o tenha se concentrado at\u00e9 agora nos cookies, um conjunto mais amplo de pr\u00e1ticas est\u00e1 agora em jogo. O papel dos designers de interface est\u00e1 se tornando cada vez mais crucial.<\/p>\n<!-- \/wp:paragraph --><!-- wp:heading {\"level\":1} -->\n<p class=\"wp-block-heading\"><strong>E tamb\u00e9m<\/strong><\/p>\n<!-- \/wp:heading --><!-- wp:paragraph -->\n<p><strong>Fran\u00e7a:<\/strong><\/p>\n<!-- \/wp:paragraph --><!-- wp:paragraph -->\n<p><strong>Uma investiga\u00e7\u00e3o judicial foi aberta pela se\u00e7\u00e3o de crimes cibern\u00e9ticos do Minist\u00e9rio P\u00fablico de Paris sobre um vazamento massivo de dados m\u00e9dicos.\u00a0<\/strong><\/p>\n<!-- \/wp:paragraph --><!-- wp:paragraph -->\n<p>Acredita-se que o vazamento de dados tenha afetado aproximadamente 500.000 pessoas e tenha se originado de cerca de trinta laborat\u00f3rios de biologia m\u00e9dica. Investiga\u00e7\u00f5es tamb\u00e9m est\u00e3o sendo conduzidas pela ANSSI e pela CNIL, em conjunto com a editora do software de gerenciamento utilizado pelos laborat\u00f3rios.<\/p>\n<!-- \/wp:paragraph --><!-- wp:paragraph -->\n<p><strong>Outro grande vazamento de dados levou o Fundo Nacional de Seguro de Sa\u00fade a emitir uma declara\u00e7\u00e3o em 17 de mar\u00e7o afirmando que as contas de pelo menos 19 profissionais de sa\u00fade no portal Amelipro foram comprometidas por hackers. <\/strong>\u00a0<\/p>\n<!-- \/wp:paragraph --><!-- wp:paragraph -->\n<p>Os dados de identifica\u00e7\u00e3o e n\u00fameros de previd\u00eancia social de aproximadamente 500.000 segurados s\u00e3o afetados por esse ataque cibern\u00e9tico.<\/p>\n<!-- \/wp:paragraph --><!-- wp:paragraph -->\n<p><strong>Ainda no setor da sa\u00fade, o prontu\u00e1rio m\u00e9dico compartilhado (PDC) foi integrado ao espa\u00e7o digital de sa\u00fade (ENS, ou \u201cMeu espa\u00e7o de sa\u00fade\u201d) em janeiro de 2022. <\/strong>\u00a0<\/p>\n<!-- \/wp:paragraph --><!-- wp:paragraph -->\n<p>A CNIL disponibiliza em seu site um lembrete sobre como esses dois sistemas funcionam e os direitos das pessoas envolvidas.<\/p>\n<!-- \/wp:paragraph --><!-- wp:paragraph -->\n<p><strong>Em 28 de junho de 2022, a CNIL organizar\u00e1 a primeira edi\u00e7\u00e3o do Privacy Research Day em Paris.<\/strong>, uma confer\u00eancia internacional dedicada \u00e0 pesquisa no campo da privacidade e prote\u00e7\u00e3o de dados pessoais.<\/p>\n<!-- \/wp:paragraph --><!-- wp:paragraph -->\n<p><strong>Europa:\u00a0<\/strong><\/p>\n<!-- \/wp:paragraph --><!-- wp:paragraph -->\n<p><strong>Um acordo est\u00e1 em vista entre a Europa e os Estados Unidos sobre a transfer\u00eancia de dados pessoais.\u00a0<\/strong><\/p>\n<!-- \/wp:paragraph --><!-- wp:paragraph -->\n<p>Ursula Von der Leyen e Joe Biden anunciaram um acordo pol\u00edtico sobre o assunto em 25 de mar\u00e7o, an\u00fancio esclarecido pelo comiss\u00e1rio europeu para a Justi\u00e7a, Didier Reynders, que indicou que se tratava de um acordo sobre os &quot;princ\u00edpios&quot; de um futuro acordo transatl\u00e2ntico.\u00a0<\/p>\n<!-- \/wp:paragraph --><!-- wp:paragraph -->\n<p>O novo quadro legal sucederia os &quot;Princ\u00edpios Safe Harbour&quot; e o &quot;Privacy Shield&quot;, ambos declarados obsoletos pelo Tribunal de Justi\u00e7a Europeu por n\u00e3o conformidade com os princ\u00edpios europeus de prote\u00e7\u00e3o de dados.\u00a0<\/p>\n<!-- \/wp:paragraph --><!-- wp:paragraph -->\n<p><strong>A extens\u00e3o proposta pela Comiss\u00e3o Europeia dos regulamentos do certificado Covid (EUDCC) est\u00e1 na mira das autoridades de prote\u00e7\u00e3o de dados.<\/strong>\u00a0<\/p>\n<!-- \/wp:paragraph --><!-- wp:paragraph -->\n<p>O AEPD e o CEPD expressaram reservas quanto \u00e0 falta de uma avalia\u00e7\u00e3o de impacto antes das propostas da Comiss\u00e3o para renovar esses certificados por um ano. \u00a0<\/p>\n<!-- \/wp:paragraph --><!-- wp:paragraph -->\n<p>O Comit\u00e9 e a Autoridade Europeia para a Prote\u00e7\u00e3o de Dados reconheceram, contudo, que a extens\u00e3o dos tipos de testes aceites e a inclus\u00e3o no certificado do n\u00famero de doses administradas n\u00e3o alteraram substancialmente as disposi\u00e7\u00f5es atuais.<\/p>\n<!-- \/wp:paragraph --><!-- wp:paragraph -->\n<p><strong>Em meados de mar\u00e7o, funcion\u00e1rios da Amazon entraram com uma solicita\u00e7\u00e3o em massa de acesso aos dados que a empresa mant\u00e9m sobre eles, a fim de verificar as condi\u00e7\u00f5es de vigil\u00e2ncia em seus locais de trabalho. <\/strong>\u00a0<\/p>\n<!-- \/wp:paragraph --><!-- wp:paragraph -->\n<p>Os requerentes, da Alemanha, Reino Unido, It\u00e1lia, Pol\u00f4nia e Eslov\u00e1quia, fizeram sua solicita\u00e7\u00e3o nos termos do Artigo 15 do GDPR em coopera\u00e7\u00e3o com o Sindicato Global dos Trabalhadores (UNI) e a ONG NOYB.\u00a0\u00a0<\/p>\n<!-- \/wp:paragraph --><!-- wp:paragraph -->\n<p>Al\u00e9m das suas diretrizes sobre \u201cpadr\u00f5es obscuros\u201d nas redes sociais,<strong> O Conselho Europeu para a Prote\u00e7\u00e3o de Dados adotou diretrizes sobre a aplica\u00e7\u00e3o do Artigo 60 do GDPR referente \u00e0 coopera\u00e7\u00e3o entre autoridades de prote\u00e7\u00e3o de dados em sua reuni\u00e3o plen\u00e1ria de 14 de mar\u00e7o.<\/strong>\u00a0<\/p>\n<!-- \/wp:paragraph --><!-- wp:paragraph -->\n<p>Este documento visa melhorar a aplica\u00e7\u00e3o das disposi\u00e7\u00f5es da janela \u00fanica.\u00a0<\/p>\n<!-- \/wp:paragraph --><!-- wp:paragraph -->\n<p>O sistema prev\u00ea uma autoridade de contato para empresas estabelecidas na Uni\u00e3o Europeia com base em seu principal local de estabelecimento e um procedimento de coopera\u00e7\u00e3o com todas as outras autoridades envolvidas devido a reclama\u00e7\u00f5es ou estabelecimentos anexados em seu pa\u00eds.\u00a0<\/p>\n<!-- \/wp:paragraph --><!-- wp:paragraph -->\n<p><strong>A Autoridade Italiana de Prote\u00e7\u00e3o de Dados multou a Clearview IA em \u20ac 20.000.000 em 10 de fevereiro.<\/strong> por usar sistemas de reconhecimento biom\u00e9trico em fontes p\u00fablicas da internet, em viola\u00e7\u00e3o ao GDPR. Ordenou a exclus\u00e3o dos dados. <strong>A Autoridade de Prote\u00e7\u00e3o de Dados do Reino Unido multou um escrit\u00f3rio de advocacia em \u20ac 117.000 em 28 de fevereiro.<\/strong> por viola\u00e7\u00e3o dos artigos 5(1)(f) e 32 do RGPD e, em particular, por n\u00e3o implementa\u00e7\u00e3o de medidas de seguran\u00e7a adequadas.\u00a0<\/p>\n<!-- \/wp:paragraph --><!-- wp:paragraph -->\n<p><strong>Espanha aprovou c\u00f3digo de conduta em 17 de fevereiro<\/strong> sobre prote\u00e7\u00e3o de dados no contexto de ensaios cl\u00ednicos e farmacovigil\u00e2ncia.<\/p>\n<!-- \/wp:paragraph --><!-- wp:paragraph -->\n<p><strong>A Autoridade Irlandesa de Prote\u00e7\u00e3o de Dados multou a Meta (antiga Facebook) em \u20ac 17 milh\u00f5es em 15 de mar\u00e7o ap\u00f3s v\u00e1rias viola\u00e7\u00f5es de seguran\u00e7a.<\/strong> : a autoridade de supervis\u00e3o considerou que a empresa n\u00e3o havia tomado as medidas t\u00e9cnicas e organizacionais necess\u00e1rias para garantir a seguran\u00e7a dos dados.\u00a0<\/p>\n<!-- \/wp:paragraph --><!-- wp:paragraph -->\n<p>A decis\u00e3o foi tomada ap\u00f3s um procedimento de coopera\u00e7\u00e3o com as outras autoridades europeias de supervis\u00e3o envolvidas no caso (art. 60 do RGPD).<\/p>\n<!-- \/wp:paragraph --><!-- wp:paragraph -->\n<p><strong>Na Alemanha, a Autoridade de Prote\u00e7\u00e3o de Dados de Bremen multou uma empresa de administra\u00e7\u00e3o de im\u00f3veis (Brebau GmbH) em \u20ac 1.900.000 em 3 de mar\u00e7o por processar ilegalmente dados confidenciais.<\/strong> envolvendo mais de 9.500 inquilinos candidatos.\u00a0<\/p>\n<!-- \/wp:paragraph --><!-- wp:paragraph -->\n<p>Cor da pele, religi\u00e3o, orienta\u00e7\u00e3o sexual, estado de sa\u00fade, penteado e odor corporal estavam entre os dados processados.<\/p>\n<!-- \/wp:paragraph --><!-- wp:paragraph -->\n<p><strong>Internacional:\u00a0<\/strong><\/p>\n<!-- \/wp:paragraph --><!-- wp:paragraph -->\n<p>Em uma ordem de liquida\u00e7\u00e3o datada de 4 de mar\u00e7o, <strong>A Comiss\u00e3o Federal de Com\u00e9rcio dos Estados Unidos exige que a WW International (Weight Watchers) destrua algoritmos ou modelos de intelig\u00eancia artificial projetados usando dados pessoais de menores. <\/strong>sem consentimento pr\u00e9vio dos pais.\u00a0<\/p>\n<!-- \/wp:paragraph --><!-- wp:paragraph -->\n<p>A empresa tamb\u00e9m foi multada em US$ 1,5 milh\u00e3o e obrigada a destruir os dados coletados ilegalmente.\u00a0<\/p>\n<!-- \/wp:paragraph --><!-- wp:paragraph -->\n<p>Esta \u00e9 a terceira vez que a FTC exige a destrui\u00e7\u00e3o de um algoritmo de intelig\u00eancia artificial em uma ordem de acordo.\u00a0\u00a0<\/p>\n<!-- \/wp:paragraph --><!-- wp:paragraph -->\n<p>O <strong>Sri Lanka<\/strong> adotou uma lei sobre a prote\u00e7\u00e3o de dados pessoais em 19 de mar\u00e7o de 2022.<\/p>\n<!-- \/wp:paragraph --><!-- wp:paragraph -->\n<p><strong>A Nokia, que anunciou que estava interrompendo suas opera\u00e7\u00f5es na R\u00fassia devido \u00e0 guerra na Ucr\u00e2nia, \u00e9 acusada de deixar para tr\u00e1s um sistema de telecomunica\u00e7\u00f5es que permitia a vigil\u00e2ncia da popula\u00e7\u00e3o russa.\u00a0<\/strong><\/p>\n<!-- \/wp:paragraph --><!-- wp:paragraph -->\n<p>De acordo com documentos internos revelados pelo New York Times, a Nokia vem fornecendo \u00e0 R\u00fassia equipamentos e servi\u00e7os h\u00e1 mais de cinco anos para conectar o sistema de vigil\u00e2ncia russo SORM (Sistema para Atividades Investigativas Operacionais) ao maior servi\u00e7o de telecomunica\u00e7\u00f5es da R\u00fassia, o MTS.<\/p>\n<!-- \/wp:paragraph --><!-- wp:paragraph -->\n<p>Ana Cristina Lacoste\u00a0 <em>S\u00f3cia da Olivier Weber Avocat, Anne Christine Lacoste \u00e9 advogada especializada em direito de dados; foi chefe de rela\u00e7\u00f5es internacionais da Autoridade Europeia para a Prote\u00e7\u00e3o de Dados e trabalhou na implementa\u00e7\u00e3o do RGPD na Uni\u00e3o Europeia.<\/em><\/p>\n<!-- \/wp:paragraph -->\t\t\t\t\t\t<\/div>\n\t\t\t\t<\/div>\n\t\t\t\t\t<\/div>\n\t\t<\/div>\n\t\t\t\t\t<\/div>\n\t\t<\/section>\n\t\t\t\t<section class=\"elementor-section elementor-top-section elementor-element elementor-element-bcb7049 ot-traditional elementor-section-boxed elementor-section-height-default elementor-section-height-default\" data-id=\"bcb7049\" data-element_type=\"section\">\n\t\t\t\t\t\t<div class=\"elementor-container elementor-column-gap-default\">\n\t\t\t\t\t<div class=\"elementor-column elementor-col-100 elementor-top-column elementor-element elementor-element-4381f20 ot-flex-column-vertical\" data-id=\"4381f20\" data-element_type=\"column\">\n\t\t\t<div class=\"elementor-widget-wrap elementor-element-populated\">\n\t\t\t\t\t\t<div class=\"elementor-element elementor-element-82be52f elementor-align-center elementor-widget elementor-widget-button\" data-id=\"82be52f\" data-element_type=\"widget\" data-widget_type=\"button.default\">\n\t\t\t\t<div class=\"elementor-widget-container\">\n\t\t\t\t\t<div class=\"elementor-button-wrapper\">\n\t\t\t<a class=\"elementor-button elementor-button-link elementor-size-lg\" href=\"https:\/\/app.viqtor.eu\/\">\n\t\t\t\t\t\t<span class=\"elementor-button-content-wrapper\">\n\t\t\t\t\t\t<span class=\"elementor-button-icon\">\n\t\t\t\t<i aria-hidden=\"true\" class=\"fas fa-long-arrow-alt-right\"><\/i>\t\t\t<\/span>\n\t\t\t\t\t\t\t\t\t<span class=\"elementor-button-text\">Descubra Viqtor\u00ae<\/span>\n\t\t\t\t\t<\/span>\n\t\t\t\t\t<\/a>\n\t\t<\/div>\n\t\t\t\t<\/div>\n\t\t\t\t<\/div>\n\t\t\t\t\t<\/div>\n\t\t<\/div>\n\t\t\t\t\t<\/div>\n\t\t<\/section>\n\t\t\t\t<\/div>","protected":false},"excerpt":{"rendered":"<p>Padr\u00f5es obscuros: o que voc\u00ea sempre quis saber, mas tinha medo de perguntar\u2026 Legal Watch n\u00ba 45 \u2013 mar\u00e7o de 2022. Este termo em ingl\u00eas, de dif\u00edcil tradu\u00e7\u00e3o, \u00e9 encontrado em muitas publica\u00e7\u00f5es sobre tecnologia da informa\u00e7\u00e3o. Relacionado ao \u201cnudging\u201d, que visa encorajar sutilmente os usu\u00e1rios da internet a adotarem o comportamento desejado, \u201c[\u2026]<\/p>","protected":false},"author":1,"featured_media":5776,"comment_status":"closed","ping_status":"open","sticky":false,"template":"elementor_header_footer","format":"standard","meta":{"_acf_changed":false,"footnotes":""},"categories":[35],"tags":[],"class_list":["post-5772","post","type-post","status-publish","format-standard","has-post-thumbnail","hentry","category-veille-juridique"],"acf":[],"yoast_head":"<!-- This site is optimized with the Yoast SEO plugin v23.6 - https:\/\/yoast.com\/wordpress\/plugins\/seo\/ -->\n<title>Dark patterns : ce que vous avez toujours voulu savoir sans oser le demander... - Viqtor<\/title>\n<meta name=\"description\" content=\"Dark patterns : ce que vous avez toujours voulu savoir sans oser le demander... - Viqtor\" \/>\n<meta name=\"robots\" content=\"index, follow, max-snippet:-1, max-image-preview:large, max-video-preview:-1\" \/>\n<link rel=\"canonical\" href=\"https:\/\/viqtor.eu\/pt\/dark-patterns-ce-que-vous-avez-toujours-voulu-savoir-sans-oser-le-demander\/\" \/>\n<meta property=\"og:locale\" content=\"pt_PT\" \/>\n<meta property=\"og:type\" content=\"article\" \/>\n<meta property=\"og:title\" content=\"Dark patterns : ce que vous avez toujours voulu savoir sans oser le demander... - Viqtor\" \/>\n<meta property=\"og:description\" content=\"Dark patterns : ce que vous avez toujours voulu savoir sans oser le demander... - Viqtor\" \/>\n<meta property=\"og:url\" content=\"https:\/\/viqtor.eu\/pt\/dark-patterns-ce-que-vous-avez-toujours-voulu-savoir-sans-oser-le-demander\/\" \/>\n<meta property=\"og:site_name\" content=\"Viqtor\" \/>\n<meta property=\"article:published_time\" content=\"2023-04-25T11:33:43+00:00\" \/>\n<meta property=\"article:modified_time\" content=\"2024-08-06T09:12:24+00:00\" \/>\n<meta property=\"og:image\" content=\"https:\/\/viqtor.eu\/wp-content\/uploads\/2026\/04\/widget-viqtor.png\" \/>\n\t<meta property=\"og:image:width\" content=\"1000\" \/>\n\t<meta property=\"og:image:height\" content=\"667\" \/>\n\t<meta property=\"og:image:type\" content=\"image\/jpeg\" \/>\n<meta name=\"author\" content=\"Bruno\" \/>\n<meta name=\"twitter:card\" content=\"summary_large_image\" \/>\n<meta name=\"twitter:label1\" content=\"Escrito por\" \/>\n\t<meta name=\"twitter:data1\" content=\"Bruno\" \/>\n\t<meta name=\"twitter:label2\" content=\"Tempo estimado de leitura\" \/>\n\t<meta name=\"twitter:data2\" content=\"9 minutos\" \/>\n<script type=\"application\/ld+json\" class=\"yoast-schema-graph\">{\"@context\":\"https:\/\/schema.org\",\"@graph\":[{\"@type\":\"Article\",\"@id\":\"https:\/\/viqtor.eu\/dark-patterns-ce-que-vous-avez-toujours-voulu-savoir-sans-oser-le-demander\/#article\",\"isPartOf\":{\"@id\":\"https:\/\/viqtor.eu\/dark-patterns-ce-que-vous-avez-toujours-voulu-savoir-sans-oser-le-demander\/\"},\"author\":{\"name\":\"Bruno\",\"@id\":\"https:\/\/viqtor.eu\/#\/schema\/person\/3dbd9cc82a28f6cf1695c92eda0099ad\"},\"headline\":\"Dark patterns : ce que vous avez toujours voulu savoir sans oser le demander&#8230;\",\"datePublished\":\"2023-04-25T11:33:43+00:00\",\"dateModified\":\"2024-08-06T09:12:24+00:00\",\"mainEntityOfPage\":{\"@id\":\"https:\/\/viqtor.eu\/dark-patterns-ce-que-vous-avez-toujours-voulu-savoir-sans-oser-le-demander\/\"},\"wordCount\":1800,\"publisher\":{\"@id\":\"https:\/\/viqtor.eu\/#organization\"},\"image\":{\"@id\":\"https:\/\/viqtor.eu\/dark-patterns-ce-que-vous-avez-toujours-voulu-savoir-sans-oser-le-demander\/#primaryimage\"},\"thumbnailUrl\":\"https:\/\/viqtor.eu\/wp-content\/uploads\/2023\/04\/shutterstock_317415725.jpg\",\"articleSection\":[\"Veille juridique\"],\"inLanguage\":\"pt-PT\"},{\"@type\":\"WebPage\",\"@id\":\"https:\/\/viqtor.eu\/dark-patterns-ce-que-vous-avez-toujours-voulu-savoir-sans-oser-le-demander\/\",\"url\":\"https:\/\/viqtor.eu\/dark-patterns-ce-que-vous-avez-toujours-voulu-savoir-sans-oser-le-demander\/\",\"name\":\"Dark patterns : ce que vous avez toujours voulu savoir sans oser le demander... - Viqtor\",\"isPartOf\":{\"@id\":\"https:\/\/viqtor.eu\/#website\"},\"primaryImageOfPage\":{\"@id\":\"https:\/\/viqtor.eu\/dark-patterns-ce-que-vous-avez-toujours-voulu-savoir-sans-oser-le-demander\/#primaryimage\"},\"image\":{\"@id\":\"https:\/\/viqtor.eu\/dark-patterns-ce-que-vous-avez-toujours-voulu-savoir-sans-oser-le-demander\/#primaryimage\"},\"thumbnailUrl\":\"https:\/\/viqtor.eu\/wp-content\/uploads\/2023\/04\/shutterstock_317415725.jpg\",\"datePublished\":\"2023-04-25T11:33:43+00:00\",\"dateModified\":\"2024-08-06T09:12:24+00:00\",\"description\":\"Dark patterns : ce que vous avez toujours voulu savoir sans oser le demander... - Viqtor\",\"breadcrumb\":{\"@id\":\"https:\/\/viqtor.eu\/dark-patterns-ce-que-vous-avez-toujours-voulu-savoir-sans-oser-le-demander\/#breadcrumb\"},\"inLanguage\":\"pt-PT\",\"potentialAction\":[{\"@type\":\"ReadAction\",\"target\":[\"https:\/\/viqtor.eu\/dark-patterns-ce-que-vous-avez-toujours-voulu-savoir-sans-oser-le-demander\/\"]}]},{\"@type\":\"ImageObject\",\"inLanguage\":\"pt-PT\",\"@id\":\"https:\/\/viqtor.eu\/dark-patterns-ce-que-vous-avez-toujours-voulu-savoir-sans-oser-le-demander\/#primaryimage\",\"url\":\"https:\/\/viqtor.eu\/wp-content\/uploads\/2023\/04\/shutterstock_317415725.jpg\",\"contentUrl\":\"https:\/\/viqtor.eu\/wp-content\/uploads\/2023\/04\/shutterstock_317415725.jpg\",\"width\":1000,\"height\":667},{\"@type\":\"BreadcrumbList\",\"@id\":\"https:\/\/viqtor.eu\/dark-patterns-ce-que-vous-avez-toujours-voulu-savoir-sans-oser-le-demander\/#breadcrumb\",\"itemListElement\":[{\"@type\":\"ListItem\",\"position\":1,\"name\":\"Accueil\",\"item\":\"https:\/\/viqtor.eu\/\"},{\"@type\":\"ListItem\",\"position\":2,\"name\":\"Dark patterns : ce que vous avez toujours voulu savoir sans oser le demander&#8230;\"}]},{\"@type\":\"WebSite\",\"@id\":\"https:\/\/viqtor.eu\/#website\",\"url\":\"https:\/\/viqtor.eu\/\",\"name\":\"Viqtor\",\"description\":\"Faites du RGPD une opportunit\u00e9 pour votre entreprise.\",\"publisher\":{\"@id\":\"https:\/\/viqtor.eu\/#organization\"},\"potentialAction\":[{\"@type\":\"SearchAction\",\"target\":{\"@type\":\"EntryPoint\",\"urlTemplate\":\"https:\/\/viqtor.eu\/?s={search_term_string}\"},\"query-input\":{\"@type\":\"PropertyValueSpecification\",\"valueRequired\":true,\"valueName\":\"search_term_string\"}}],\"inLanguage\":\"pt-PT\"},{\"@type\":\"Organization\",\"@id\":\"https:\/\/viqtor.eu\/#organization\",\"name\":\"viqtor.eu\",\"url\":\"https:\/\/viqtor.eu\/\",\"logo\":{\"@type\":\"ImageObject\",\"inLanguage\":\"pt-PT\",\"@id\":\"https:\/\/viqtor.eu\/#\/schema\/logo\/image\/\",\"url\":\"https:\/\/viqtor.eu\/wp-content\/uploads\/2023\/06\/favicon-noir.svg\",\"contentUrl\":\"https:\/\/viqtor.eu\/wp-content\/uploads\/2023\/06\/favicon-noir.svg\",\"width\":108,\"height\":86,\"caption\":\"viqtor.eu\"},\"image\":{\"@id\":\"https:\/\/viqtor.eu\/#\/schema\/logo\/image\/\"}},{\"@type\":\"Person\",\"@id\":\"https:\/\/viqtor.eu\/#\/schema\/person\/3dbd9cc82a28f6cf1695c92eda0099ad\",\"name\":\"Bruno\",\"image\":{\"@type\":\"ImageObject\",\"inLanguage\":\"pt-PT\",\"@id\":\"https:\/\/viqtor.eu\/#\/schema\/person\/image\/\",\"url\":\"https:\/\/secure.gravatar.com\/avatar\/e5a596f9489de15bfe046e97fb771f63589b601ca7e81ccc2bb9a23582f441a3?s=96&d=mm&r=g\",\"contentUrl\":\"https:\/\/secure.gravatar.com\/avatar\/e5a596f9489de15bfe046e97fb771f63589b601ca7e81ccc2bb9a23582f441a3?s=96&d=mm&r=g\",\"caption\":\"Bruno\"},\"sameAs\":[\"https:\/\/exciting-panini.13-37-234-21.plesk.page\"],\"url\":\"https:\/\/viqtor.eu\/pt\/author\/mouad_zxum2ebi\/\"}]}<\/script>\n<!-- \/ Yoast SEO plugin. -->","yoast_head_json":{"title":"Dark patterns : ce que vous avez toujours voulu savoir sans oser le demander... - Viqtor","description":"Dark patterns : ce que vous avez toujours voulu savoir sans oser le demander... - Viqtor","robots":{"index":"index","follow":"follow","max-snippet":"max-snippet:-1","max-image-preview":"max-image-preview:large","max-video-preview":"max-video-preview:-1"},"canonical":"https:\/\/viqtor.eu\/pt\/dark-patterns-ce-que-vous-avez-toujours-voulu-savoir-sans-oser-le-demander\/","og_locale":"pt_PT","og_type":"article","og_title":"Dark patterns : ce que vous avez toujours voulu savoir sans oser le demander... - Viqtor","og_description":"Dark patterns : ce que vous avez toujours voulu savoir sans oser le demander... - Viqtor","og_url":"https:\/\/viqtor.eu\/pt\/dark-patterns-ce-que-vous-avez-toujours-voulu-savoir-sans-oser-le-demander\/","og_site_name":"Viqtor","article_published_time":"2023-04-25T11:33:43+00:00","article_modified_time":"2024-08-06T09:12:24+00:00","og_image":[{"width":1000,"height":667,"url":"https:\/\/viqtor.eu\/wp-content\/uploads\/2026\/04\/widget-viqtor.png","type":"image\/jpeg"}],"author":"Bruno","twitter_card":"summary_large_image","twitter_misc":{"Escrito por":"Bruno","Tempo estimado de leitura":"9 minutos"},"schema":{"@context":"https:\/\/schema.org","@graph":[{"@type":"Article","@id":"https:\/\/viqtor.eu\/dark-patterns-ce-que-vous-avez-toujours-voulu-savoir-sans-oser-le-demander\/#article","isPartOf":{"@id":"https:\/\/viqtor.eu\/dark-patterns-ce-que-vous-avez-toujours-voulu-savoir-sans-oser-le-demander\/"},"author":{"name":"Bruno","@id":"https:\/\/viqtor.eu\/#\/schema\/person\/3dbd9cc82a28f6cf1695c92eda0099ad"},"headline":"Dark patterns : ce que vous avez toujours voulu savoir sans oser le demander&#8230;","datePublished":"2023-04-25T11:33:43+00:00","dateModified":"2024-08-06T09:12:24+00:00","mainEntityOfPage":{"@id":"https:\/\/viqtor.eu\/dark-patterns-ce-que-vous-avez-toujours-voulu-savoir-sans-oser-le-demander\/"},"wordCount":1800,"publisher":{"@id":"https:\/\/viqtor.eu\/#organization"},"image":{"@id":"https:\/\/viqtor.eu\/dark-patterns-ce-que-vous-avez-toujours-voulu-savoir-sans-oser-le-demander\/#primaryimage"},"thumbnailUrl":"https:\/\/viqtor.eu\/wp-content\/uploads\/2023\/04\/shutterstock_317415725.jpg","articleSection":["Veille juridique"],"inLanguage":"pt-PT"},{"@type":"WebPage","@id":"https:\/\/viqtor.eu\/dark-patterns-ce-que-vous-avez-toujours-voulu-savoir-sans-oser-le-demander\/","url":"https:\/\/viqtor.eu\/dark-patterns-ce-que-vous-avez-toujours-voulu-savoir-sans-oser-le-demander\/","name":"Dark patterns : ce que vous avez toujours voulu savoir sans oser le demander... - Viqtor","isPartOf":{"@id":"https:\/\/viqtor.eu\/#website"},"primaryImageOfPage":{"@id":"https:\/\/viqtor.eu\/dark-patterns-ce-que-vous-avez-toujours-voulu-savoir-sans-oser-le-demander\/#primaryimage"},"image":{"@id":"https:\/\/viqtor.eu\/dark-patterns-ce-que-vous-avez-toujours-voulu-savoir-sans-oser-le-demander\/#primaryimage"},"thumbnailUrl":"https:\/\/viqtor.eu\/wp-content\/uploads\/2023\/04\/shutterstock_317415725.jpg","datePublished":"2023-04-25T11:33:43+00:00","dateModified":"2024-08-06T09:12:24+00:00","description":"Dark patterns : ce que vous avez toujours voulu savoir sans oser le demander... - Viqtor","breadcrumb":{"@id":"https:\/\/viqtor.eu\/dark-patterns-ce-que-vous-avez-toujours-voulu-savoir-sans-oser-le-demander\/#breadcrumb"},"inLanguage":"pt-PT","potentialAction":[{"@type":"ReadAction","target":["https:\/\/viqtor.eu\/dark-patterns-ce-que-vous-avez-toujours-voulu-savoir-sans-oser-le-demander\/"]}]},{"@type":"ImageObject","inLanguage":"pt-PT","@id":"https:\/\/viqtor.eu\/dark-patterns-ce-que-vous-avez-toujours-voulu-savoir-sans-oser-le-demander\/#primaryimage","url":"https:\/\/viqtor.eu\/wp-content\/uploads\/2023\/04\/shutterstock_317415725.jpg","contentUrl":"https:\/\/viqtor.eu\/wp-content\/uploads\/2023\/04\/shutterstock_317415725.jpg","width":1000,"height":667},{"@type":"BreadcrumbList","@id":"https:\/\/viqtor.eu\/dark-patterns-ce-que-vous-avez-toujours-voulu-savoir-sans-oser-le-demander\/#breadcrumb","itemListElement":[{"@type":"ListItem","position":1,"name":"Accueil","item":"https:\/\/viqtor.eu\/"},{"@type":"ListItem","position":2,"name":"Dark patterns : ce que vous avez toujours voulu savoir sans oser le demander&#8230;"}]},{"@type":"WebSite","@id":"https:\/\/viqtor.eu\/#website","url":"https:\/\/viqtor.eu\/","name":"Viqtor","description":"Faites du RGPD une opportunit\u00e9 pour votre entreprise.","publisher":{"@id":"https:\/\/viqtor.eu\/#organization"},"potentialAction":[{"@type":"SearchAction","target":{"@type":"EntryPoint","urlTemplate":"https:\/\/viqtor.eu\/?s={search_term_string}"},"query-input":{"@type":"PropertyValueSpecification","valueRequired":true,"valueName":"search_term_string"}}],"inLanguage":"pt-PT"},{"@type":"Organization","@id":"https:\/\/viqtor.eu\/#organization","name":"viqtor.eu","url":"https:\/\/viqtor.eu\/","logo":{"@type":"ImageObject","inLanguage":"pt-PT","@id":"https:\/\/viqtor.eu\/#\/schema\/logo\/image\/","url":"https:\/\/viqtor.eu\/wp-content\/uploads\/2023\/06\/favicon-noir.svg","contentUrl":"https:\/\/viqtor.eu\/wp-content\/uploads\/2023\/06\/favicon-noir.svg","width":108,"height":86,"caption":"viqtor.eu"},"image":{"@id":"https:\/\/viqtor.eu\/#\/schema\/logo\/image\/"}},{"@type":"Person","@id":"https:\/\/viqtor.eu\/#\/schema\/person\/3dbd9cc82a28f6cf1695c92eda0099ad","name":"Bruno","image":{"@type":"ImageObject","inLanguage":"pt-PT","@id":"https:\/\/viqtor.eu\/#\/schema\/person\/image\/","url":"https:\/\/secure.gravatar.com\/avatar\/e5a596f9489de15bfe046e97fb771f63589b601ca7e81ccc2bb9a23582f441a3?s=96&d=mm&r=g","contentUrl":"https:\/\/secure.gravatar.com\/avatar\/e5a596f9489de15bfe046e97fb771f63589b601ca7e81ccc2bb9a23582f441a3?s=96&d=mm&r=g","caption":"Bruno"},"sameAs":["https:\/\/exciting-panini.13-37-234-21.plesk.page"],"url":"https:\/\/viqtor.eu\/pt\/author\/mouad_zxum2ebi\/"}]}},"_links":{"self":[{"href":"https:\/\/viqtor.eu\/pt\/wp-json\/wp\/v2\/posts\/5772","targetHints":{"allow":["GET"]}}],"collection":[{"href":"https:\/\/viqtor.eu\/pt\/wp-json\/wp\/v2\/posts"}],"about":[{"href":"https:\/\/viqtor.eu\/pt\/wp-json\/wp\/v2\/types\/post"}],"author":[{"embeddable":true,"href":"https:\/\/viqtor.eu\/pt\/wp-json\/wp\/v2\/users\/1"}],"replies":[{"embeddable":true,"href":"https:\/\/viqtor.eu\/pt\/wp-json\/wp\/v2\/comments?post=5772"}],"version-history":[{"count":10,"href":"https:\/\/viqtor.eu\/pt\/wp-json\/wp\/v2\/posts\/5772\/revisions"}],"predecessor-version":[{"id":12089,"href":"https:\/\/viqtor.eu\/pt\/wp-json\/wp\/v2\/posts\/5772\/revisions\/12089"}],"wp:featuredmedia":[{"embeddable":true,"href":"https:\/\/viqtor.eu\/pt\/wp-json\/wp\/v2\/media\/5776"}],"wp:attachment":[{"href":"https:\/\/viqtor.eu\/pt\/wp-json\/wp\/v2\/media?parent=5772"}],"wp:term":[{"taxonomy":"category","embeddable":true,"href":"https:\/\/viqtor.eu\/pt\/wp-json\/wp\/v2\/categories?post=5772"},{"taxonomy":"post_tag","embeddable":true,"href":"https:\/\/viqtor.eu\/pt\/wp-json\/wp\/v2\/tags?post=5772"}],"curies":[{"name":"wp","href":"https:\/\/api.w.org\/{rel}","templated":true}]}}