{"id":5482,"date":"2023-04-19T12:59:03","date_gmt":"2023-04-19T12:59:03","guid":{"rendered":"https:\/\/exciting-panini.13-37-234-21.plesk.page\/?p=5482"},"modified":"2024-07-26T11:08:07","modified_gmt":"2024-07-26T11:08:07","slug":"une-nouvelle-annee-sous-le-signe-de-lexpectative","status":"publish","type":"post","link":"https:\/\/viqtor.eu\/pt\/une-nouvelle-annee-sous-le-signe-de-lexpectative\/","title":{"rendered":"Um novo ano sob o signo da expectativa"},"content":{"rendered":"<div data-elementor-type=\"wp-post\" data-elementor-id=\"5482\" class=\"elementor elementor-5482\" data-elementor-post-type=\"post\">\n\t\t\t\t\t\t<section class=\"elementor-section elementor-top-section elementor-element elementor-element-66e4055 ot-traditional elementor-section-boxed elementor-section-height-default elementor-section-height-default\" data-id=\"66e4055\" data-element_type=\"section\">\n\t\t\t\t\t\t<div class=\"elementor-container elementor-column-gap-default\">\n\t\t\t\t\t<div class=\"elementor-column elementor-col-100 elementor-top-column elementor-element elementor-element-8910f96 ot-flex-column-vertical\" data-id=\"8910f96\" data-element_type=\"column\">\n\t\t\t<div class=\"elementor-widget-wrap elementor-element-populated\">\n\t\t\t\t\t\t<div class=\"elementor-element elementor-element-25af599 elementor-widget elementor-widget-image\" data-id=\"25af599\" data-element_type=\"widget\" data-widget_type=\"image.default\">\n\t\t\t\t<div class=\"elementor-widget-container\">\n\t\t\t\t\t\t\t\t\t\t\t\t\t<img fetchpriority=\"high\" decoding=\"async\" width=\"1000\" height=\"667\" src=\"https:\/\/viqtor.eu\/wp-content\/uploads\/2023\/04\/Une-nouvelle-annee-sous-le-signe-de-lexpectative.jpg\" class=\"attachment-full size-full wp-image-11968\" alt=\"Une nouvelle ann\u00e9e sous le signe de l\u2019expectative\" srcset=\"https:\/\/viqtor.eu\/wp-content\/uploads\/2023\/04\/Une-nouvelle-annee-sous-le-signe-de-lexpectative.jpg 1000w, https:\/\/viqtor.eu\/wp-content\/uploads\/2023\/04\/Une-nouvelle-annee-sous-le-signe-de-lexpectative-300x200.jpg 300w, https:\/\/viqtor.eu\/wp-content\/uploads\/2023\/04\/Une-nouvelle-annee-sous-le-signe-de-lexpectative-768x512.jpg 768w, https:\/\/viqtor.eu\/wp-content\/uploads\/2023\/04\/Une-nouvelle-annee-sous-le-signe-de-lexpectative-720x480.jpg 720w\" sizes=\"(max-width: 1000px) 100vw, 1000px\" \/>\t\t\t\t\t\t\t\t\t\t\t\t\t<\/div>\n\t\t\t\t<\/div>\n\t\t\t\t\t<\/div>\n\t\t<\/div>\n\t\t\t\t\t<\/div>\n\t\t<\/section>\n\t\t\t\t<section class=\"elementor-section elementor-top-section elementor-element elementor-element-a1d04bb ot-traditional elementor-section-boxed elementor-section-height-default elementor-section-height-default\" data-id=\"a1d04bb\" data-element_type=\"section\">\n\t\t\t\t\t\t<div class=\"elementor-container elementor-column-gap-default\">\n\t\t\t\t\t<div class=\"elementor-column elementor-col-100 elementor-top-column elementor-element elementor-element-9986493 ot-flex-column-vertical\" data-id=\"9986493\" data-element_type=\"column\">\n\t\t\t<div class=\"elementor-widget-wrap elementor-element-populated\">\n\t\t\t\t\t\t<div class=\"elementor-element elementor-element-12bd625 elementor-widget elementor-widget-heading\" data-id=\"12bd625\" data-element_type=\"widget\" data-widget_type=\"heading.default\">\n\t\t\t\t<div class=\"elementor-widget-container\">\n\t\t\t<h1 class=\"elementor-heading-title elementor-size-default\">Um novo ano sob o signo da expectativa<\/h1>\t\t<\/div>\n\t\t\t\t<\/div>\n\t\t\t\t\t<\/div>\n\t\t<\/div>\n\t\t\t\t\t<\/div>\n\t\t<\/section>\n\t\t\t\t<section class=\"elementor-section elementor-top-section elementor-element elementor-element-3f193bf7 ot-traditional elementor-section-boxed elementor-section-height-default elementor-section-height-default\" data-id=\"3f193bf7\" data-element_type=\"section\">\n\t\t\t\t\t\t<div class=\"elementor-container elementor-column-gap-default\">\n\t\t\t\t\t<div class=\"elementor-column elementor-col-100 elementor-top-column elementor-element elementor-element-1cbcde6e ot-flex-column-vertical\" data-id=\"1cbcde6e\" data-element_type=\"column\">\n\t\t\t<div class=\"elementor-widget-wrap elementor-element-populated\">\n\t\t\t\t\t\t<div class=\"elementor-element elementor-element-3e836090 elementor-widget elementor-widget-text-editor\" data-id=\"3e836090\" data-element_type=\"widget\" data-widget_type=\"text-editor.default\">\n\t\t\t\t<div class=\"elementor-widget-container\">\n\t\t\t\t\t\t\t<!-- wp:paragraph -->\n<p>Legal Watch n\u00ba 42 \u2013 <strong>Dezembro de 202<\/strong>1<\/p>\n<!-- \/wp:paragraph -->\n\n<!-- wp:paragraph -->\n<p><strong>Um novo ano sob o signo da expectativa<\/strong><\/p>\n<!-- \/wp:paragraph -->\n\n<!-- wp:paragraph -->\n<p>Em termos de prote\u00e7\u00e3o de dados, o ano que se inicia n\u00e3o anuncia grandes novidades, mas sim uma evolu\u00e7\u00e3o e talvez decis\u00f5es estrat\u00e9gicas sobre algumas quest\u00f5es atuais.<\/p>\n<!-- \/wp:paragraph -->\n\n<!-- wp:paragraph -->\n<p>Vamos nos concentrar em tr\u00eas delas: a implementa\u00e7\u00e3o do GDPR pelas autoridades de supervis\u00e3o, quest\u00f5es de sa\u00fade e a regulamenta\u00e7\u00e3o de gigantes digitais.<\/p>\n<!-- \/wp:paragraph -->\n\n<!-- wp:paragraph -->\n<p><strong>Um dos temas recorrentes desde que o GDPR entrou em vigor diz respeito \u00e0 seriedade de sua implementa\u00e7\u00e3o pelas autoridades nacionais de prote\u00e7\u00e3o de dados.<\/strong> e a grande diferen\u00e7a entre o n\u00famero e a gravidade das san\u00e7\u00f5es adotadas, dependendo se o respons\u00e1vel est\u00e1 na Irlanda ou na Espanha, por exemplo.<\/p>\n<!-- \/wp:paragraph -->\n\n<!-- wp:paragraph -->\n<p>Este \u00faltimo pa\u00eds parece ser um dos que impuseram o maior n\u00famero de san\u00e7\u00f5es, enquanto Luxemburgo e a CNIL podem reivindicar as multas mais altas contra a GAFAM (lembre-se da multa de 746 milh\u00f5es de euros imposta por Luxemburgo \u00e0 empresa Amazon).<\/p>\n<!-- \/wp:paragraph -->\n\n<!-- wp:paragraph -->\n<p>No outro extremo do espectro est\u00e1 a autoridade de prote\u00e7\u00e3o de dados da Irlanda, que tem sido criticada abertamente por alguns de seus pares, bem como pelo vice-presidente da Comiss\u00e3o Europeia, por sua neglig\u00eancia com os principais players da web.<\/p>\n<!-- \/wp:paragraph -->\n\n<!-- wp:paragraph -->\n<p>Para fortalecer a coes\u00e3o e a efic\u00e1cia dos procedimentos de controle na Europa, alguns falam em fortalecer os poderes do Conselho Europeu de Prote\u00e7\u00e3o de Dados (CEPD).<\/p>\n<!-- \/wp:paragraph -->\n\n<!-- wp:paragraph -->\n<p>A quest\u00e3o ser\u00e1 abordada em uma confer\u00eancia organizada pela Autoridade Europeia para a Prote\u00e7\u00e3o de Dados nos dias 16 e 17 de junho, em Bruxelas.<\/p>\n<!-- \/wp:paragraph -->\n\n<!-- wp:paragraph -->\n<p><strong>O processamento de dados de sa\u00fade constitui, na sequ\u00eancia da crise sanit\u00e1ria, outro grande assunto de preocupa\u00e7\u00e3o.<\/strong>.<\/p>\n<!-- \/wp:paragraph -->\n\n<!-- wp:paragraph -->\n<p>Est\u00e3o preocupados<\/p>\n<!-- \/wp:paragraph -->\n\n<!-- wp:list -->\n<ul><!-- wp:list-item -->\n<li>Perguntas relacionadas \u00e0s condi\u00e7\u00f5es de pesquisa m\u00e9dica,<\/li>\n<!-- \/wp:list-item -->\n\n<!-- wp:list-item -->\n<li>O tratamento de dados gen\u00e9ticos e os riscos de revenda por certos laborat\u00f3rios de dados recolhidos no \u00e2mbito de testes de rastreio, como demonstra o recente caso brit\u00e2nico da empresa Signpost Diagnostics,<\/li>\n<!-- \/wp:list-item -->\n\n<!-- wp:list-item -->\n<li>Rastreamento de indiv\u00edduos por meio de aplicativos e outros passes de sa\u00fade,&nbsp;<\/li>\n<!-- \/wp:list-item --><\/ul>\n<!-- \/wp:list -->\n\n<!-- wp:list -->\n<ul><!-- wp:list-item -->\n<li>E, finalmente, os riscos relacionados \u00e0 seguran\u00e7a de dados: estamos pensando em particular na viola\u00e7\u00e3o de dados referente aos resultados dos testes de Covid da empresa FranceTest, que foi formalmente ordenada pela CNIL em outubro passado para proteger seus dados, ou no vazamento de dados referente \u00e0 Assistance Publique-H\u00f4pitaux de Paris.<\/li>\n<!-- \/wp:list-item --><\/ul>\n<!-- \/wp:list -->\n\n<!-- wp:paragraph -->\n<p>Embora a CNIL publique regularmente as suas posi\u00e7\u00f5es sobre esta mat\u00e9ria, notamos que na sua delibera\u00e7\u00e3o ao parlamento datada de 30 de novembro, indicou que estava \u00e0 espera que o governo fornecesse elementos destinados a apoiar a efic\u00e1cia dos ficheiros e meios de controlo implementados.<\/p>\n<!-- \/wp:paragraph -->\n\n<!-- wp:paragraph -->\n<p><strong>Uma terceira quest\u00e3o atual diz respeito \u00e0s iniciativas regulat\u00f3rias da Uni\u00e3o Europeia relativas a servi\u00e7os digitais e intelig\u00eancia artificial.<\/strong><\/p>\n<!-- \/wp:paragraph -->\n\n<!-- wp:paragraph -->\n<p>Al\u00e9m da gest\u00e3o de cookies, que permanece na mira das autoridades nacionais, o legislador europeu est\u00e1 preocupado com o crescente poder dos gigantes da web, esses intermedi\u00e1rios em posi\u00e7\u00e3o dominante que fornecem servi\u00e7os de mensagens e redes sociais.<\/p>\n<!-- \/wp:paragraph -->\n\n<!-- wp:paragraph -->\n<p>Tamb\u00e9m est\u00e1 em quest\u00e3o o uso da biometria e da intelig\u00eancia artificial para fins de cria\u00e7\u00e3o de perfis cada vez mais intrusivos, e a manipula\u00e7\u00e3o de usu\u00e1rios da Internet sem seu conhecimento (padr\u00f5es obscuros) por meio da apresenta\u00e7\u00e3o de conte\u00fado direcionado.<\/p>\n<!-- \/wp:paragraph -->\n\n<!-- wp:paragraph -->\n<p>V\u00e1rios textos est\u00e3o em processo de ado\u00e7\u00e3o em n\u00edvel europeu, incluindo duas propostas da Comiss\u00e3o Europeia sobre mercados digitais e servi\u00e7os digitais, e uma proposta relativa \u00e0 intelig\u00eancia artificial.&nbsp;<\/p>\n<!-- \/wp:paragraph -->\n\n<!-- wp:paragraph -->\n<p>O Parlamento Europeu adotou sua posi\u00e7\u00e3o sobre a proposta sobre mercados digitais em 5 de dezembro.<\/p>\n<!-- \/wp:paragraph -->\n\n<!-- wp:paragraph -->\n<p>Entre as mudan\u00e7as feitas no texto est\u00e1 a adi\u00e7\u00e3o de um requisito de interoperabilidade entre os servi\u00e7os das principais plataformas de mensagens instant\u00e2neas e redes sociais, com o objetivo de permitir que os usu\u00e1rios troquem facilmente de provedor de servi\u00e7os e combatam posi\u00e7\u00f5es dominantes.<\/p>\n<!-- \/wp:paragraph -->\n\n<!-- wp:paragraph -->\n<p>No in\u00edcio da Presid\u00eancia Francesa do Conselho da Uni\u00e3o Europeia, o Supervisor Europeu de Prote\u00e7\u00e3o de Dados acaba de apresentar seus melhores votos de sucesso ao governo franc\u00eas, ao mesmo tempo em que enfatiza a import\u00e2ncia dessas tr\u00eas grandes quest\u00f5es relacionadas \u00e0 tecnologia digital e \u00e0 intelig\u00eancia artificial e indica que monitorar\u00e1 de perto os desenvolvimentos nessas \u00e1reas.<\/p>\n<!-- \/wp:paragraph -->\n\n<!-- wp:paragraph -->\n<p>Embora algumas prioridades j\u00e1 pare\u00e7am bem identificadas, esperemos que este novo ano nos traga a sua cota de boas surpresas, bem como grandes lufadas de ar fresco, finalmente.<\/p>\n<!-- \/wp:paragraph -->\n\n<!-- wp:paragraph -->\n<p><strong>E tamb\u00e9m<\/strong><\/p>\n<!-- \/wp:paragraph -->\n\n<!-- wp:paragraph -->\n<p><strong><u>Fran\u00e7a:<\/u><\/strong><\/p>\n<!-- \/wp:paragraph -->\n\n<!-- wp:paragraph -->\n<p>A CNIL sancionou a empresa em 6 de janeiro <strong>Google<\/strong> no valor de 150 milh\u00f5es de euros, e a empresa <strong>Facebook<\/strong> at\u00e9 60 milh\u00f5es de euros, por incumprimento de disposi\u00e7\u00f5es legais relativas a cookies.<\/p>\n<!-- \/wp:paragraph -->\n\n<!-- wp:paragraph -->\n<p>Em 28 de dezembro, a CNIL aplicou uma multa de 300.000 euros \u00e0 empresa. <strong>CELULAR GR\u00c1TIS,<\/strong> em especial por n\u00e3o ter respeitado os direitos dos indiv\u00edduos e a seguran\u00e7a dos dados dos seus utilizadores.<\/p>\n<!-- \/wp:paragraph -->\n\n<!-- wp:paragraph -->\n<p>Na mesma data, tamb\u00e9m sancionou a empresa <strong>SLIMPAY<\/strong>, que oferece solu\u00e7\u00f5es de pagamento aos seus clientes, foi multada em 180.000 euros por n\u00e3o proteger adequadamente os dados pessoais dos usu\u00e1rios e n\u00e3o inform\u00e1-los sobre uma viola\u00e7\u00e3o de dados.<\/p>\n<!-- \/wp:paragraph -->\n\n<!-- wp:paragraph -->\n<p>O presidente da CNIL notificou formalmente a empresa em 26 de novembro <strong>CLEARVIEW AI<\/strong> parar de coletar fotografias e v\u00eddeos dispon\u00edveis on-line e excluir os dados dentro de 2 meses.<\/p>\n<!-- \/wp:paragraph -->\n\n<!-- wp:paragraph -->\n<p>A empresa desenvolveu um software de reconhecimento facial cujo banco de dados \u00e9 baseado na extra\u00e7\u00e3o de fotografias e v\u00eddeos dispon\u00edveis publicamente na internet.<\/p>\n<!-- \/wp:paragraph -->\n\n<!-- wp:paragraph -->\n<p>UM <strong>nova vers\u00e3o do guia do desenvolvedor CNIL<\/strong> acaba de ser publicado. Este guia oferece novo conte\u00fado desenvolvido para auxiliar profissionais de desenvolvimento web e de aplicativos a garantir que seu trabalho esteja em conformidade.<\/p>\n<!-- \/wp:paragraph -->\n\n<!-- wp:paragraph -->\n<p>L\u00e1 <strong>SNCF<\/strong> Em dezembro, a empresa moveu seus 7.000 servidores e 250 aplicativos para a nuvem da Amazon, especificamente para tr\u00eas data centers na regi\u00e3o de Paris.<\/p>\n<!-- \/wp:paragraph -->\n\n<!-- wp:paragraph -->\n<p>O objetivo da empresa tamb\u00e9m \u00e9 expandir o uso de intelig\u00eancia artificial.<\/p>\n<!-- \/wp:paragraph -->\n\n<!-- wp:paragraph -->\n<p><strong><u>Europa<\/u><\/strong><\/p>\n<!-- \/wp:paragraph -->\n\n<!-- wp:paragraph -->\n<p>O <strong>Conselho Europeu para a Prote\u00e7\u00e3o de Dados<\/strong> publicou diretrizes em 14 de dezembro para ajudar os controladores de dados a gerenciar viola\u00e7\u00f5es de seguran\u00e7a.<\/p>\n<!-- \/wp:paragraph -->\n\n<!-- wp:paragraph -->\n<p>O texto inclui um grande n\u00famero de exemplos e desenvolve as medidas a serem tomadas dependendo do tipo de infra\u00e7\u00e3o.<\/p>\n<!-- \/wp:paragraph -->\n\n<!-- wp:paragraph -->\n<p><strong>Ag\u00eancia da Uni\u00e3o Europeia para os Direitos Fundamentais<\/strong> (FRA) est\u00e1 publicando, em colabora\u00e7\u00e3o com as autoridades de prote\u00e7\u00e3o de dados, um guia destinado a informar melhor os requerentes de asilo e os migrantes sobre o uso feito de suas impress\u00f5es digitais.<\/p>\n<!-- \/wp:paragraph -->\n\n<!-- wp:paragraph -->\n<p>Quando parados na fronteira externa da Uni\u00e3o Europeia, eles s\u00e3o obrigados a fornecer suas impress\u00f5es digitais, que s\u00e3o armazenadas no arquivo Eurodac.<\/p>\n<!-- \/wp:paragraph -->\n\n<!-- wp:paragraph -->\n<p><strong>O Tribunal Administrativo de Wiesbaden<\/strong> Em 1\u00ba de dezembro, uma empresa alem\u00e3 ordenou \u00e0 Universidade de Ci\u00eancias Aplicadas RheinMain que suspendesse totalmente o uso do gerenciador de consentimento \u201cCookiebot\u201d. O motivo foi a transfer\u00eancia ilegal de dados de visitantes do site para os Estados Unidos.<\/p>\n<!-- \/wp:paragraph -->\n\n<!-- wp:paragraph -->\n<p><strong>Autoridade Finlandesa de Prote\u00e7\u00e3o de Dados<\/strong> multou uma empresa de psicoterapia em mais de \u20ac 600.000 em 7 de dezembro por n\u00e3o garantir adequadamente a seguran\u00e7a dos dados de seus pacientes e n\u00e3o inform\u00e1-los sobre duas viola\u00e7\u00f5es de seguran\u00e7a que levaram \u00e0 chantagem contra os pacientes em quest\u00e3o e a pr\u00f3pria empresa.<\/p>\n<!-- \/wp:paragraph -->\n\n<!-- wp:paragraph -->\n<p><strong>Autoridade Norueguesa de Prote\u00e7\u00e3o de Dados <\/strong>imp\u00f4s uma multa de 6.300.000 euros contra <strong>Grindr <\/strong>compartilhar dados de seus usu\u00e1rios com terceiros para fins de cria\u00e7\u00e3o de perfil e publicidade, sem o consentimento deles.<\/p>\n<!-- \/wp:paragraph -->\n\n<!-- wp:paragraph -->\n<p><strong>Administra\u00e7\u00e3o Tribut\u00e1ria Holandesa<\/strong> foi multado em EUR 2.750.000 por processamento de dados sem base legal e em viola\u00e7\u00e3o do princ\u00edpio de justi\u00e7a (artigos 5(1)(a) e 6(1)(e) do RGPD.<\/p>\n<!-- \/wp:paragraph -->\n\n<!-- wp:paragraph -->\n<p><strong>Minist\u00e9rio da Defesa Belga<\/strong> foi v\u00edtima de um grave ataque cibern\u00e9tico em 20 de dezembro, causado pelo malware Log4Shell, que impactou as atividades da administra\u00e7\u00e3o por v\u00e1rios dias.&nbsp;<\/p>\n<!-- \/wp:paragraph -->\n\n<!-- wp:paragraph -->\n<p><strong>Autoridade Belga de Prote\u00e7\u00e3o de Dados<\/strong> multou uma empresa em 10.000 euros por comprar um banco de dados para fins de marketing direto sem verificar se os dados haviam sido coletados legalmente.<\/p>\n<!-- \/wp:paragraph -->\n\n<!-- wp:paragraph -->\n<p>A empresa tamb\u00e9m n\u00e3o informou os indiv\u00edduos envolvidos sobre essa coleta indireta, nem respondeu \u00e0 solicita\u00e7\u00e3o de acesso de um indiv\u00edduo.<\/p>\n<!-- \/wp:paragraph -->\n\n<!-- wp:paragraph -->\n<p><strong>Internacional:<\/strong><\/p>\n<!-- \/wp:paragraph -->\n\n<!-- wp:paragraph -->\n<p><strong>Amazon <\/strong>entrou com v\u00e1rios pedidos de patente para tecnologias biom\u00e9tricas projetadas para permitir que c\u00e2meras de videofone detectem indiv\u00edduos suspeitos com base em v\u00e1rios crit\u00e9rios: cheiro, textura da pele, impress\u00f5es digitais, olhos, voz e andar.<\/p>\n<!-- \/wp:paragraph -->\n\n<!-- wp:paragraph -->\n<p>L\u00e1 <strong>Cor\u00e9ia do Sul<\/strong> tem sido considerado como fornecendo um n\u00edvel adequado de prote\u00e7\u00e3o desde 17 de dezembro. A decis\u00e3o da Comiss\u00e3o Europeia ocorre alguns meses ap\u00f3s a conclus\u00e3o de um acordo de livre com\u00e9rcio entre a Uni\u00e3o Europeia e a Coreia, que entrou em vigor em julho de 2021.<\/p>\n<!-- \/wp:paragraph -->\n\n<!-- wp:paragraph -->\n<p>A partir de 15 de fevereiro, o <strong>Governo chin\u00eas<\/strong> sujeitar\u00e1 empresas chinesas com opera\u00e7\u00f5es comerciais internacionais a uma s\u00e9rie de controles de seguran\u00e7a cibern\u00e9tica.<\/p>\n<!-- \/wp:paragraph -->\n\n<!-- wp:paragraph -->\n<p>As verifica\u00e7\u00f5es visam limitar a transmiss\u00e3o de dados estrat\u00e9gicos para fora do pa\u00eds.<\/p>\n<!-- \/wp:paragraph -->\t\t\t\t\t\t<\/div>\n\t\t\t\t<\/div>\n\t\t\t\t\t<\/div>\n\t\t<\/div>\n\t\t\t\t\t<\/div>\n\t\t<\/section>\n\t\t\t\t<section class=\"elementor-section elementor-top-section elementor-element elementor-element-f5ca4a4 ot-traditional elementor-section-boxed elementor-section-height-default elementor-section-height-default\" data-id=\"f5ca4a4\" data-element_type=\"section\">\n\t\t\t\t\t\t<div class=\"elementor-container elementor-column-gap-default\">\n\t\t\t\t\t<div class=\"elementor-column elementor-col-100 elementor-top-column elementor-element elementor-element-c5b76f1 ot-flex-column-vertical\" data-id=\"c5b76f1\" data-element_type=\"column\">\n\t\t\t<div class=\"elementor-widget-wrap elementor-element-populated\">\n\t\t\t\t\t\t<div class=\"elementor-element elementor-element-745b208 elementor-align-center elementor-widget elementor-widget-button\" data-id=\"745b208\" data-element_type=\"widget\" data-widget_type=\"button.default\">\n\t\t\t\t<div class=\"elementor-widget-container\">\n\t\t\t\t\t<div class=\"elementor-button-wrapper\">\n\t\t\t<a class=\"elementor-button elementor-button-link elementor-size-lg\" href=\"https:\/\/app.viqtor.eu\/\">\n\t\t\t\t\t\t<span class=\"elementor-button-content-wrapper\">\n\t\t\t\t\t\t<span class=\"elementor-button-icon\">\n\t\t\t\t<i aria-hidden=\"true\" class=\"fas fa-long-arrow-alt-right\"><\/i>\t\t\t<\/span>\n\t\t\t\t\t\t\t\t\t<span class=\"elementor-button-text\">Descubra Viqtor\u00ae<\/span>\n\t\t\t\t\t<\/span>\n\t\t\t\t\t<\/a>\n\t\t<\/div>\n\t\t\t\t<\/div>\n\t\t\t\t<\/div>\n\t\t\t\t\t<\/div>\n\t\t<\/div>\n\t\t\t\t\t<\/div>\n\t\t<\/section>\n\t\t\t\t<\/div>","protected":false},"excerpt":{"rendered":"<p>Um novo ano sob o signo da expectativa Legal Watch n\u00ba 42 \u2013 Dezembro de 2021 Um novo ano sob o signo da expectativa Em termos de prote\u00e7\u00e3o de dados, o ano que se inicia n\u00e3o anuncia grandes novidades, mas sim uma evolu\u00e7\u00e3o e, talvez, decis\u00f5es estrat\u00e9gicas em rela\u00e7\u00e3o a certas quest\u00f5es atuais. Vamos nos concentrar em tr\u00eas delas: a [\u2026]<\/p>","protected":false},"author":1,"featured_media":5672,"comment_status":"closed","ping_status":"open","sticky":false,"template":"elementor_header_footer","format":"standard","meta":{"_acf_changed":false,"footnotes":""},"categories":[35],"tags":[],"class_list":["post-5482","post","type-post","status-publish","format-standard","has-post-thumbnail","hentry","category-veille-juridique"],"acf":[],"yoast_head":"<!-- This site is optimized with the Yoast SEO plugin v23.6 - https:\/\/yoast.com\/wordpress\/plugins\/seo\/ -->\n<title>Une nouvelle ann\u00e9e sous le signe de l\u2019expectative - Viqtor<\/title>\n<meta name=\"description\" content=\"Une nouvelle ann\u00e9e sous le signe de l\u2019expectative - Viqtor\" \/>\n<meta name=\"robots\" content=\"index, follow, max-snippet:-1, max-image-preview:large, max-video-preview:-1\" \/>\n<link rel=\"canonical\" href=\"https:\/\/viqtor.eu\/pt\/une-nouvelle-annee-sous-le-signe-de-lexpectative\/\" \/>\n<meta property=\"og:locale\" content=\"pt_PT\" \/>\n<meta property=\"og:type\" content=\"article\" \/>\n<meta property=\"og:title\" content=\"Une nouvelle ann\u00e9e sous le signe de l\u2019expectative - Viqtor\" \/>\n<meta property=\"og:description\" content=\"Une nouvelle ann\u00e9e sous le signe de l\u2019expectative - Viqtor\" \/>\n<meta property=\"og:url\" content=\"https:\/\/viqtor.eu\/pt\/une-nouvelle-annee-sous-le-signe-de-lexpectative\/\" \/>\n<meta property=\"og:site_name\" content=\"Viqtor\" \/>\n<meta property=\"article:published_time\" content=\"2023-04-19T12:59:03+00:00\" \/>\n<meta property=\"article:modified_time\" content=\"2024-07-26T11:08:07+00:00\" \/>\n<meta property=\"og:image\" content=\"https:\/\/viqtor.eu\/wp-content\/uploads\/2026\/04\/widget-viqtor.png\" \/>\n\t<meta property=\"og:image:width\" content=\"1000\" \/>\n\t<meta property=\"og:image:height\" content=\"667\" \/>\n\t<meta property=\"og:image:type\" content=\"image\/jpeg\" \/>\n<meta name=\"author\" content=\"Bruno\" \/>\n<meta name=\"twitter:card\" content=\"summary_large_image\" \/>\n<meta name=\"twitter:label1\" content=\"Escrito por\" \/>\n\t<meta name=\"twitter:data1\" content=\"Bruno\" \/>\n\t<meta name=\"twitter:label2\" content=\"Tempo estimado de leitura\" \/>\n\t<meta name=\"twitter:data2\" content=\"8 minutos\" \/>\n<script type=\"application\/ld+json\" class=\"yoast-schema-graph\">{\"@context\":\"https:\/\/schema.org\",\"@graph\":[{\"@type\":\"Article\",\"@id\":\"https:\/\/viqtor.eu\/une-nouvelle-annee-sous-le-signe-de-lexpectative\/#article\",\"isPartOf\":{\"@id\":\"https:\/\/viqtor.eu\/une-nouvelle-annee-sous-le-signe-de-lexpectative\/\"},\"author\":{\"name\":\"Bruno\",\"@id\":\"https:\/\/viqtor.eu\/#\/schema\/person\/3dbd9cc82a28f6cf1695c92eda0099ad\"},\"headline\":\"Une nouvelle ann\u00e9e sous le signe de l\u2019expectative\",\"datePublished\":\"2023-04-19T12:59:03+00:00\",\"dateModified\":\"2024-07-26T11:08:07+00:00\",\"mainEntityOfPage\":{\"@id\":\"https:\/\/viqtor.eu\/une-nouvelle-annee-sous-le-signe-de-lexpectative\/\"},\"wordCount\":1752,\"publisher\":{\"@id\":\"https:\/\/viqtor.eu\/#organization\"},\"image\":{\"@id\":\"https:\/\/viqtor.eu\/une-nouvelle-annee-sous-le-signe-de-lexpectative\/#primaryimage\"},\"thumbnailUrl\":\"https:\/\/viqtor.eu\/wp-content\/uploads\/2023\/04\/shutterstock_1827228413.jpg\",\"articleSection\":[\"Veille juridique\"],\"inLanguage\":\"pt-PT\"},{\"@type\":\"WebPage\",\"@id\":\"https:\/\/viqtor.eu\/une-nouvelle-annee-sous-le-signe-de-lexpectative\/\",\"url\":\"https:\/\/viqtor.eu\/une-nouvelle-annee-sous-le-signe-de-lexpectative\/\",\"name\":\"Une nouvelle ann\u00e9e sous le signe de l\u2019expectative - Viqtor\",\"isPartOf\":{\"@id\":\"https:\/\/viqtor.eu\/#website\"},\"primaryImageOfPage\":{\"@id\":\"https:\/\/viqtor.eu\/une-nouvelle-annee-sous-le-signe-de-lexpectative\/#primaryimage\"},\"image\":{\"@id\":\"https:\/\/viqtor.eu\/une-nouvelle-annee-sous-le-signe-de-lexpectative\/#primaryimage\"},\"thumbnailUrl\":\"https:\/\/viqtor.eu\/wp-content\/uploads\/2023\/04\/shutterstock_1827228413.jpg\",\"datePublished\":\"2023-04-19T12:59:03+00:00\",\"dateModified\":\"2024-07-26T11:08:07+00:00\",\"description\":\"Une nouvelle ann\u00e9e sous le signe de l\u2019expectative - Viqtor\",\"breadcrumb\":{\"@id\":\"https:\/\/viqtor.eu\/une-nouvelle-annee-sous-le-signe-de-lexpectative\/#breadcrumb\"},\"inLanguage\":\"pt-PT\",\"potentialAction\":[{\"@type\":\"ReadAction\",\"target\":[\"https:\/\/viqtor.eu\/une-nouvelle-annee-sous-le-signe-de-lexpectative\/\"]}]},{\"@type\":\"ImageObject\",\"inLanguage\":\"pt-PT\",\"@id\":\"https:\/\/viqtor.eu\/une-nouvelle-annee-sous-le-signe-de-lexpectative\/#primaryimage\",\"url\":\"https:\/\/viqtor.eu\/wp-content\/uploads\/2023\/04\/shutterstock_1827228413.jpg\",\"contentUrl\":\"https:\/\/viqtor.eu\/wp-content\/uploads\/2023\/04\/shutterstock_1827228413.jpg\",\"width\":1000,\"height\":667},{\"@type\":\"BreadcrumbList\",\"@id\":\"https:\/\/viqtor.eu\/une-nouvelle-annee-sous-le-signe-de-lexpectative\/#breadcrumb\",\"itemListElement\":[{\"@type\":\"ListItem\",\"position\":1,\"name\":\"Accueil\",\"item\":\"https:\/\/viqtor.eu\/\"},{\"@type\":\"ListItem\",\"position\":2,\"name\":\"Une nouvelle ann\u00e9e sous le signe de l\u2019expectative\"}]},{\"@type\":\"WebSite\",\"@id\":\"https:\/\/viqtor.eu\/#website\",\"url\":\"https:\/\/viqtor.eu\/\",\"name\":\"Viqtor\",\"description\":\"Faites du RGPD une opportunit\u00e9 pour votre entreprise.\",\"publisher\":{\"@id\":\"https:\/\/viqtor.eu\/#organization\"},\"potentialAction\":[{\"@type\":\"SearchAction\",\"target\":{\"@type\":\"EntryPoint\",\"urlTemplate\":\"https:\/\/viqtor.eu\/?s={search_term_string}\"},\"query-input\":{\"@type\":\"PropertyValueSpecification\",\"valueRequired\":true,\"valueName\":\"search_term_string\"}}],\"inLanguage\":\"pt-PT\"},{\"@type\":\"Organization\",\"@id\":\"https:\/\/viqtor.eu\/#organization\",\"name\":\"viqtor.eu\",\"url\":\"https:\/\/viqtor.eu\/\",\"logo\":{\"@type\":\"ImageObject\",\"inLanguage\":\"pt-PT\",\"@id\":\"https:\/\/viqtor.eu\/#\/schema\/logo\/image\/\",\"url\":\"https:\/\/viqtor.eu\/wp-content\/uploads\/2023\/06\/favicon-noir.svg\",\"contentUrl\":\"https:\/\/viqtor.eu\/wp-content\/uploads\/2023\/06\/favicon-noir.svg\",\"width\":108,\"height\":86,\"caption\":\"viqtor.eu\"},\"image\":{\"@id\":\"https:\/\/viqtor.eu\/#\/schema\/logo\/image\/\"}},{\"@type\":\"Person\",\"@id\":\"https:\/\/viqtor.eu\/#\/schema\/person\/3dbd9cc82a28f6cf1695c92eda0099ad\",\"name\":\"Bruno\",\"image\":{\"@type\":\"ImageObject\",\"inLanguage\":\"pt-PT\",\"@id\":\"https:\/\/viqtor.eu\/#\/schema\/person\/image\/\",\"url\":\"https:\/\/secure.gravatar.com\/avatar\/e5a596f9489de15bfe046e97fb771f63589b601ca7e81ccc2bb9a23582f441a3?s=96&d=mm&r=g\",\"contentUrl\":\"https:\/\/secure.gravatar.com\/avatar\/e5a596f9489de15bfe046e97fb771f63589b601ca7e81ccc2bb9a23582f441a3?s=96&d=mm&r=g\",\"caption\":\"Bruno\"},\"sameAs\":[\"https:\/\/exciting-panini.13-37-234-21.plesk.page\"],\"url\":\"https:\/\/viqtor.eu\/pt\/author\/mouad_zxum2ebi\/\"}]}<\/script>\n<!-- \/ Yoast SEO plugin. -->","yoast_head_json":{"title":"Une nouvelle ann\u00e9e sous le signe de l\u2019expectative - Viqtor","description":"Une nouvelle ann\u00e9e sous le signe de l\u2019expectative - Viqtor","robots":{"index":"index","follow":"follow","max-snippet":"max-snippet:-1","max-image-preview":"max-image-preview:large","max-video-preview":"max-video-preview:-1"},"canonical":"https:\/\/viqtor.eu\/pt\/une-nouvelle-annee-sous-le-signe-de-lexpectative\/","og_locale":"pt_PT","og_type":"article","og_title":"Une nouvelle ann\u00e9e sous le signe de l\u2019expectative - Viqtor","og_description":"Une nouvelle ann\u00e9e sous le signe de l\u2019expectative - Viqtor","og_url":"https:\/\/viqtor.eu\/pt\/une-nouvelle-annee-sous-le-signe-de-lexpectative\/","og_site_name":"Viqtor","article_published_time":"2023-04-19T12:59:03+00:00","article_modified_time":"2024-07-26T11:08:07+00:00","og_image":[{"width":1000,"height":667,"url":"https:\/\/viqtor.eu\/wp-content\/uploads\/2026\/04\/widget-viqtor.png","type":"image\/jpeg"}],"author":"Bruno","twitter_card":"summary_large_image","twitter_misc":{"Escrito por":"Bruno","Tempo estimado de leitura":"8 minutos"},"schema":{"@context":"https:\/\/schema.org","@graph":[{"@type":"Article","@id":"https:\/\/viqtor.eu\/une-nouvelle-annee-sous-le-signe-de-lexpectative\/#article","isPartOf":{"@id":"https:\/\/viqtor.eu\/une-nouvelle-annee-sous-le-signe-de-lexpectative\/"},"author":{"name":"Bruno","@id":"https:\/\/viqtor.eu\/#\/schema\/person\/3dbd9cc82a28f6cf1695c92eda0099ad"},"headline":"Une nouvelle ann\u00e9e sous le signe de l\u2019expectative","datePublished":"2023-04-19T12:59:03+00:00","dateModified":"2024-07-26T11:08:07+00:00","mainEntityOfPage":{"@id":"https:\/\/viqtor.eu\/une-nouvelle-annee-sous-le-signe-de-lexpectative\/"},"wordCount":1752,"publisher":{"@id":"https:\/\/viqtor.eu\/#organization"},"image":{"@id":"https:\/\/viqtor.eu\/une-nouvelle-annee-sous-le-signe-de-lexpectative\/#primaryimage"},"thumbnailUrl":"https:\/\/viqtor.eu\/wp-content\/uploads\/2023\/04\/shutterstock_1827228413.jpg","articleSection":["Veille juridique"],"inLanguage":"pt-PT"},{"@type":"WebPage","@id":"https:\/\/viqtor.eu\/une-nouvelle-annee-sous-le-signe-de-lexpectative\/","url":"https:\/\/viqtor.eu\/une-nouvelle-annee-sous-le-signe-de-lexpectative\/","name":"Une nouvelle ann\u00e9e sous le signe de l\u2019expectative - Viqtor","isPartOf":{"@id":"https:\/\/viqtor.eu\/#website"},"primaryImageOfPage":{"@id":"https:\/\/viqtor.eu\/une-nouvelle-annee-sous-le-signe-de-lexpectative\/#primaryimage"},"image":{"@id":"https:\/\/viqtor.eu\/une-nouvelle-annee-sous-le-signe-de-lexpectative\/#primaryimage"},"thumbnailUrl":"https:\/\/viqtor.eu\/wp-content\/uploads\/2023\/04\/shutterstock_1827228413.jpg","datePublished":"2023-04-19T12:59:03+00:00","dateModified":"2024-07-26T11:08:07+00:00","description":"Une nouvelle ann\u00e9e sous le signe de l\u2019expectative - Viqtor","breadcrumb":{"@id":"https:\/\/viqtor.eu\/une-nouvelle-annee-sous-le-signe-de-lexpectative\/#breadcrumb"},"inLanguage":"pt-PT","potentialAction":[{"@type":"ReadAction","target":["https:\/\/viqtor.eu\/une-nouvelle-annee-sous-le-signe-de-lexpectative\/"]}]},{"@type":"ImageObject","inLanguage":"pt-PT","@id":"https:\/\/viqtor.eu\/une-nouvelle-annee-sous-le-signe-de-lexpectative\/#primaryimage","url":"https:\/\/viqtor.eu\/wp-content\/uploads\/2023\/04\/shutterstock_1827228413.jpg","contentUrl":"https:\/\/viqtor.eu\/wp-content\/uploads\/2023\/04\/shutterstock_1827228413.jpg","width":1000,"height":667},{"@type":"BreadcrumbList","@id":"https:\/\/viqtor.eu\/une-nouvelle-annee-sous-le-signe-de-lexpectative\/#breadcrumb","itemListElement":[{"@type":"ListItem","position":1,"name":"Accueil","item":"https:\/\/viqtor.eu\/"},{"@type":"ListItem","position":2,"name":"Une nouvelle ann\u00e9e sous le signe de l\u2019expectative"}]},{"@type":"WebSite","@id":"https:\/\/viqtor.eu\/#website","url":"https:\/\/viqtor.eu\/","name":"Viqtor","description":"Faites du RGPD une opportunit\u00e9 pour votre entreprise.","publisher":{"@id":"https:\/\/viqtor.eu\/#organization"},"potentialAction":[{"@type":"SearchAction","target":{"@type":"EntryPoint","urlTemplate":"https:\/\/viqtor.eu\/?s={search_term_string}"},"query-input":{"@type":"PropertyValueSpecification","valueRequired":true,"valueName":"search_term_string"}}],"inLanguage":"pt-PT"},{"@type":"Organization","@id":"https:\/\/viqtor.eu\/#organization","name":"viqtor.eu","url":"https:\/\/viqtor.eu\/","logo":{"@type":"ImageObject","inLanguage":"pt-PT","@id":"https:\/\/viqtor.eu\/#\/schema\/logo\/image\/","url":"https:\/\/viqtor.eu\/wp-content\/uploads\/2023\/06\/favicon-noir.svg","contentUrl":"https:\/\/viqtor.eu\/wp-content\/uploads\/2023\/06\/favicon-noir.svg","width":108,"height":86,"caption":"viqtor.eu"},"image":{"@id":"https:\/\/viqtor.eu\/#\/schema\/logo\/image\/"}},{"@type":"Person","@id":"https:\/\/viqtor.eu\/#\/schema\/person\/3dbd9cc82a28f6cf1695c92eda0099ad","name":"Bruno","image":{"@type":"ImageObject","inLanguage":"pt-PT","@id":"https:\/\/viqtor.eu\/#\/schema\/person\/image\/","url":"https:\/\/secure.gravatar.com\/avatar\/e5a596f9489de15bfe046e97fb771f63589b601ca7e81ccc2bb9a23582f441a3?s=96&d=mm&r=g","contentUrl":"https:\/\/secure.gravatar.com\/avatar\/e5a596f9489de15bfe046e97fb771f63589b601ca7e81ccc2bb9a23582f441a3?s=96&d=mm&r=g","caption":"Bruno"},"sameAs":["https:\/\/exciting-panini.13-37-234-21.plesk.page"],"url":"https:\/\/viqtor.eu\/pt\/author\/mouad_zxum2ebi\/"}]}},"_links":{"self":[{"href":"https:\/\/viqtor.eu\/pt\/wp-json\/wp\/v2\/posts\/5482","targetHints":{"allow":["GET"]}}],"collection":[{"href":"https:\/\/viqtor.eu\/pt\/wp-json\/wp\/v2\/posts"}],"about":[{"href":"https:\/\/viqtor.eu\/pt\/wp-json\/wp\/v2\/types\/post"}],"author":[{"embeddable":true,"href":"https:\/\/viqtor.eu\/pt\/wp-json\/wp\/v2\/users\/1"}],"replies":[{"embeddable":true,"href":"https:\/\/viqtor.eu\/pt\/wp-json\/wp\/v2\/comments?post=5482"}],"version-history":[{"count":9,"href":"https:\/\/viqtor.eu\/pt\/wp-json\/wp\/v2\/posts\/5482\/revisions"}],"predecessor-version":[{"id":11976,"href":"https:\/\/viqtor.eu\/pt\/wp-json\/wp\/v2\/posts\/5482\/revisions\/11976"}],"wp:featuredmedia":[{"embeddable":true,"href":"https:\/\/viqtor.eu\/pt\/wp-json\/wp\/v2\/media\/5672"}],"wp:attachment":[{"href":"https:\/\/viqtor.eu\/pt\/wp-json\/wp\/v2\/media?parent=5482"}],"wp:term":[{"taxonomy":"category","embeddable":true,"href":"https:\/\/viqtor.eu\/pt\/wp-json\/wp\/v2\/categories?post=5482"},{"taxonomy":"post_tag","embeddable":true,"href":"https:\/\/viqtor.eu\/pt\/wp-json\/wp\/v2\/tags?post=5482"}],"curies":[{"name":"wp","href":"https:\/\/api.w.org\/{rel}","templated":true}]}}