{"id":5466,"date":"2023-04-19T12:34:24","date_gmt":"2023-04-19T12:34:24","guid":{"rendered":"https:\/\/exciting-panini.13-37-234-21.plesk.page\/?p=5466"},"modified":"2024-07-23T13:53:56","modified_gmt":"2024-07-23T13:53:56","slug":"exercice-des-droits-dacces-portabilite","status":"publish","type":"post","link":"https:\/\/viqtor.eu\/pt\/exercice-des-droits-dacces-portabilite\/","title":{"rendered":"Exerc\u00edcio de direitos de acesso, portabilidade: quais s\u00e3o os poderes de um representante?"},"content":{"rendered":"<div data-elementor-type=\"wp-post\" data-elementor-id=\"5466\" class=\"elementor elementor-5466\" data-elementor-post-type=\"post\">\n\t\t\t\t\t\t<section class=\"elementor-section elementor-top-section elementor-element elementor-element-18b645b ot-traditional elementor-section-boxed elementor-section-height-default elementor-section-height-default\" data-id=\"18b645b\" data-element_type=\"section\">\n\t\t\t\t\t\t<div class=\"elementor-container elementor-column-gap-default\">\n\t\t\t\t\t<div class=\"elementor-column elementor-col-100 elementor-top-column elementor-element elementor-element-e954d34 ot-flex-column-vertical\" data-id=\"e954d34\" data-element_type=\"column\">\n\t\t\t<div class=\"elementor-widget-wrap elementor-element-populated\">\n\t\t\t\t\t\t<div class=\"elementor-element elementor-element-bacfd49 elementor-widget elementor-widget-image\" data-id=\"bacfd49\" data-element_type=\"widget\" data-widget_type=\"image.default\">\n\t\t\t\t<div class=\"elementor-widget-container\">\n\t\t\t\t\t\t\t\t\t\t\t\t\t<img fetchpriority=\"high\" decoding=\"async\" width=\"1000\" height=\"667\" src=\"https:\/\/viqtor.eu\/wp-content\/uploads\/2023\/04\/Exercice-des-droits-dacces-portabilite.jpg\" class=\"attachment-full size-full wp-image-11919\" alt=\"Exercice des droits d\u2019acc\u00e8s, portabilit\u00e9 : quels sont les pouvoirs d\u2019un mandataire ?\" srcset=\"https:\/\/viqtor.eu\/wp-content\/uploads\/2023\/04\/Exercice-des-droits-dacces-portabilite.jpg 1000w, https:\/\/viqtor.eu\/wp-content\/uploads\/2023\/04\/Exercice-des-droits-dacces-portabilite-300x200.jpg 300w, https:\/\/viqtor.eu\/wp-content\/uploads\/2023\/04\/Exercice-des-droits-dacces-portabilite-768x512.jpg 768w, https:\/\/viqtor.eu\/wp-content\/uploads\/2023\/04\/Exercice-des-droits-dacces-portabilite-720x480.jpg 720w\" sizes=\"(max-width: 1000px) 100vw, 1000px\" \/>\t\t\t\t\t\t\t\t\t\t\t\t\t<\/div>\n\t\t\t\t<\/div>\n\t\t\t\t\t<\/div>\n\t\t<\/div>\n\t\t\t\t\t<\/div>\n\t\t<\/section>\n\t\t\t\t<section class=\"elementor-section elementor-top-section elementor-element elementor-element-2236dea ot-traditional elementor-section-boxed elementor-section-height-default elementor-section-height-default\" data-id=\"2236dea\" data-element_type=\"section\">\n\t\t\t\t\t\t<div class=\"elementor-container elementor-column-gap-default\">\n\t\t\t\t\t<div class=\"elementor-column elementor-col-100 elementor-top-column elementor-element elementor-element-3ec3319 ot-flex-column-vertical\" data-id=\"3ec3319\" data-element_type=\"column\">\n\t\t\t<div class=\"elementor-widget-wrap elementor-element-populated\">\n\t\t\t\t\t\t<div class=\"elementor-element elementor-element-bcc3cb4 elementor-widget elementor-widget-heading\" data-id=\"bcc3cb4\" data-element_type=\"widget\" data-widget_type=\"heading.default\">\n\t\t\t\t<div class=\"elementor-widget-container\">\n\t\t\t<h1 class=\"elementor-heading-title elementor-size-default\">Exerc\u00edcio de direitos de acesso, portabilidade: quais s\u00e3o os poderes de um representante?<\/h1>\t\t<\/div>\n\t\t\t\t<\/div>\n\t\t\t\t\t<\/div>\n\t\t<\/div>\n\t\t\t\t\t<\/div>\n\t\t<\/section>\n\t\t\t\t<section class=\"elementor-section elementor-top-section elementor-element elementor-element-4440a22 ot-traditional elementor-section-boxed elementor-section-height-default elementor-section-height-default\" data-id=\"4440a22\" data-element_type=\"section\">\n\t\t\t\t\t\t<div class=\"elementor-container elementor-column-gap-default\">\n\t\t\t\t\t<div class=\"elementor-column elementor-col-100 elementor-top-column elementor-element elementor-element-57f16ee0 ot-flex-column-vertical\" data-id=\"57f16ee0\" data-element_type=\"column\">\n\t\t\t<div class=\"elementor-widget-wrap elementor-element-populated\">\n\t\t\t\t\t\t<div class=\"elementor-element elementor-element-3e202a2f elementor-widget elementor-widget-text-editor\" data-id=\"3e202a2f\" data-element_type=\"widget\" data-widget_type=\"text-editor.default\">\n\t\t\t\t<div class=\"elementor-widget-container\">\n\t\t\t\t\t\t\t<!-- wp:paragraph -->\n<p>Legal Watch n\u00ba 35 \u2013 <strong>Maio de 2021<\/strong><\/p>\n<!-- \/wp:paragraph -->\n\n<!-- wp:paragraph -->\n<p><a><strong>Exerc\u00edcio de direitos de acesso, portabilidade: quais s\u00e3o os poderes de um representante?<\/strong><\/a> Alguns respons\u00e1veis pelo tratamento de dados conseguiram expressar legitimamente a sua perplexidade ao receberem uma <strong>solicita\u00e7\u00e3o de uma empresa encarregada de obter dados de seu cadastro de clientes<\/strong>, especialmente quando a solicita\u00e7\u00e3o cont\u00e9m requisitos particularmente amplos, por exemplo, relativos \u00e0 transfer\u00eancia de dados pessoais sem limita\u00e7\u00e3o de tempo ou que exijam acesso autom\u00e1tico aos dados.<\/p>\n<!-- \/wp:paragraph -->\n\n<!-- wp:paragraph -->\n<p>O gestor pode legitimamente questionar os riscos da reutiliza\u00e7\u00e3o dos dados dos seus clientes e as poss\u00edveis distor\u00e7\u00f5es da concorr\u00eancia que da\u00ed resultariam.<\/p>\n<!-- \/wp:paragraph -->\n\n<!-- wp:paragraph -->\n<p>Em princ\u00edpio, por\u00e9m, a pr\u00e1tica \u00e9 legal.<\/p>\n<!-- \/wp:paragraph -->\n\n<!-- wp:paragraph -->\n<p>Est\u00e1 previsto no RGPD e no artigo 77.\u00ba do decreto de execu\u00e7\u00e3o da Lei de Prote\u00e7\u00e3o de Dados e visa facilitar o exerc\u00edcio dos direitos de acesso, oposi\u00e7\u00e3o ou mesmo portabilidade dos dados, permitindo que os interessados recorram a um representante para exercer os seus direitos.<\/p>\n<!-- \/wp:paragraph -->\n\n<!-- wp:paragraph -->\n<p><strong>Como podemos preservar o controle dos indiv\u00edduos sobre seus dados, permitindo que terceiros exer\u00e7am esses direitos e, ao mesmo tempo, evitando os abusos que podem resultar de mandatos abusivos?<\/strong><\/p>\n<!-- \/wp:paragraph -->\n\n<!-- wp:paragraph -->\n<p>Cabe ao agente definir claramente o alcance do seu mandato, e ao gestor que recebe tal solicita\u00e7\u00e3o verificar a validade desse mandato.<\/p>\n<!-- \/wp:paragraph -->\n\n<!-- wp:paragraph -->\n<p>A CNIL lan\u00e7ou recentemente uma consulta p\u00fablica sobre um projeto de recomenda\u00e7\u00e3o que visa esclarecer a estrutura desta nova pr\u00e1tica.<\/p>\n<!-- \/wp:paragraph -->\n\n<!-- wp:paragraph -->\n<p>Tamb\u00e9m publicou um mandato padr\u00e3o que pode servir como refer\u00eancia para agentes e controladores de dados.<\/p>\n<!-- \/wp:paragraph -->\n\n<!-- wp:paragraph -->\n<p><strong>Certos aspectos merecem aten\u00e7\u00e3o especial e podem justificar que o controlador de dados solicite detalhes adicionais antes de transmitir os dados em quest\u00e3o.<\/strong><\/p>\n<!-- \/wp:paragraph -->\n\n<!-- wp:paragraph -->\n<p>\u2022 Dados que permitam identificar claramente, no mandato, a pessoa em benef\u00edcio de quem os direitos s\u00e3o exercidos (por exemplo, identificador, data de nascimento, data da \u00faltima liga\u00e7\u00e3o)<\/p>\n<!-- \/wp:paragraph -->\n\n<!-- wp:paragraph -->\n<p>\u2022 A identifica\u00e7\u00e3o do destinat\u00e1rio a quem os dados s\u00e3o transmitidos (que pode ser o agente ou o interessado)<\/p>\n<!-- \/wp:paragraph -->\n\n<!-- wp:paragraph -->\n<p>\u2022 A autenticidade do mandato (exist\u00eancia de assinatura eletr\u00f4nica), seu escopo e dura\u00e7\u00e3o. Os dados ou categorias de dados devem ser especificados. A CNIL considera que um mandato estabelecido por tempo indeterminado n\u00e3o atende aos requisitos da lei.<\/p>\n<!-- \/wp:paragraph -->\n\n<!-- wp:paragraph -->\n<p>\u2022 Se a transfer\u00eancia for realizada eletronicamente, em particular por meio de uma interface de programa\u00e7\u00e3o de aplicativos (API), esta deve ser est\u00e1vel, ter um alto n\u00edvel de disponibilidade e integrar medidas de seguran\u00e7a adaptadas aos riscos. A CNIL tem reservas quanto \u00e0s t\u00e9cnicas de scraping que permitem a recupera\u00e7\u00e3o do nome de usu\u00e1rio e da senha da pessoa em quest\u00e3o para a extra\u00e7\u00e3o autom\u00e1tica dos dados.<\/p>\n<!-- \/wp:paragraph -->\n\n<!-- wp:paragraph -->\n<p><strong>Caso o respons\u00e1vel pelo tratamento tenha d\u00favidas sobre a validade de um mandato, dever\u00e1 justificar a sua recusa em conceder o pedido de acesso, em conformidade com o artigo 12.6 do RGPD.<\/strong><\/p>\n<!-- \/wp:paragraph -->\n\n<!-- wp:paragraph -->\n<p>Este pode ser o caso, por exemplo, se houver d\u00favidas razo\u00e1veis sobre a identidade da pessoa em quest\u00e3o, o que exigir\u00e1 a coleta de informa\u00e7\u00f5es adicionais dessa pessoa ou do agente.<\/p>\n<!-- \/wp:paragraph -->\n\n<!-- wp:paragraph -->\n<p>No caso de um mandato, como para um pedido de acesso cl\u00e1ssico, o prazo de resposta do respons\u00e1vel pelo tratamento \u00e9 de um m\u00eas.<\/p>\n<!-- \/wp:paragraph -->\n\n<!-- wp:paragraph -->\n<p><strong>E quanto \u00e0 poss\u00edvel reutiliza\u00e7\u00e3o desses dados pelo agente para seus pr\u00f3prios fins?<\/strong><\/p>\n<!-- \/wp:paragraph -->\n\n<!-- wp:paragraph -->\n<p>Esta \u00e9 uma opera\u00e7\u00e3o de processamento separada que deve estar em conformidade com os requisitos de legalidade do GDPR.<\/p>\n<!-- \/wp:paragraph -->\n\n<!-- wp:paragraph -->\n<p>A pessoa em causa dever\u00e1, em qualquer caso, ter a op\u00e7\u00e3o de aceitar ou n\u00e3o, caso a caso, cada reutiliza\u00e7\u00e3o que seja prevista pelo agente.<\/p>\n<!-- \/wp:paragraph -->\n\n<!-- wp:paragraph -->\n<p>Note-se que a CNIL, tal como o Comit\u00e9 Europeu de Prote\u00e7\u00e3o de Dados, considera que &quot;os agentes n\u00e3o devem reutilizar dados relativos a terceiros para os seus pr\u00f3prios fins&quot;, o que seria considerado uma viola\u00e7\u00e3o dos direitos e liberdades de terceiros.<\/p>\n<!-- \/wp:paragraph -->\n\n<!-- wp:paragraph -->\n<p><\/p>\n<!-- \/wp:paragraph -->\n\n<!-- wp:paragraph -->\n<p><strong>E tamb\u00e9m<\/strong><\/p>\n<!-- \/wp:paragraph -->\n\n<!-- wp:paragraph -->\n<p><strong>Fran\u00e7a:<\/strong><\/p>\n<!-- \/wp:paragraph -->\n\n<!-- wp:paragraph -->\n<p><strong>No seu relat\u00f3rio de atividades de 2020, a CNIL<\/strong> faz um balan\u00e7o dos destaques do ano e, em particular, do impacto da crise pand\u00eamica nos direitos fundamentais.<\/p>\n<!-- \/wp:paragraph -->\n\n<!-- wp:paragraph -->\n<p>Tr\u00eas anos ap\u00f3s a entrada em vigor do RGPD, ela observa uma <strong>aumento constante do n\u00famero de reclama\u00e7\u00f5es<\/strong> \u2013 mais de 62% este ano, e emitiu 14 san\u00e7\u00f5es, incluindo 11 multas, totalizando 138 milh\u00f5es de euros.<\/p>\n<!-- \/wp:paragraph -->\n\n<!-- wp:paragraph -->\n<p>O <strong>Prioridades da Comiss\u00e3o<\/strong> incluir<\/p>\n<!-- \/wp:paragraph -->\n\n<!-- wp:list -->\n<ul><!-- wp:list-item -->\n<li>As novas regras relativas aos cookies (cerca de vinte organiza\u00e7\u00f5es foram verificadas recentemente),<\/li>\n<!-- \/wp:list-item -->\n\n<!-- wp:list-item -->\n<li>Ciberseguran\u00e7a e<\/li>\n<!-- \/wp:list-item -->\n\n<!-- wp:list-item -->\n<li>Soberania digital.<\/li>\n<!-- \/wp:list-item --><\/ul>\n<!-- \/wp:list -->\n\n<!-- wp:paragraph -->\n<p>A CNIL tamb\u00e9m anuncia trabalhos prospectivos dedicados \u00e0 liga\u00e7\u00e3o entre a prote\u00e7\u00e3o de dados e as quest\u00f5es ambientais ligadas \u00e0s mudan\u00e7as clim\u00e1ticas.<\/p>\n<!-- \/wp:paragraph -->\n\n<!-- wp:paragraph -->\n<p>A CNIL tamb\u00e9m anunciou <strong>cheques em farm\u00e1cias<\/strong> para verificar as condi\u00e7\u00f5es de coleta de dados de seus clientes pela empresa Iqvia para fins de an\u00e1lise de patologias.<\/p>\n<!-- \/wp:paragraph -->\n\n<!-- wp:paragraph -->\n<p>Essas verifica\u00e7\u00f5es ocorrem ap\u00f3s a divulga\u00e7\u00e3o, em meados de maio, de um relat\u00f3rio sobre a explora\u00e7\u00e3o de dados pessoais que provocou in\u00fameras rea\u00e7\u00f5es.<\/p>\n<!-- \/wp:paragraph -->\n\n<!-- wp:paragraph -->\n<p>A Comiss\u00e3o indicou finalmente que era <strong>a favor da cria\u00e7\u00e3o de um passe de sa\u00fade<\/strong> desde que sejam fornecidas garantias para o tratamento de dados e que o passe seja utilizado apenas enquanto durar a crise sanit\u00e1ria.<\/p>\n<!-- \/wp:paragraph -->\n\n<!-- wp:paragraph -->\n<p>Em 3 de junho, publicou seu terceiro parecer sobre medidas de combate \u00e0 pandemia.<\/p>\n<!-- \/wp:paragraph -->\n\n<!-- wp:paragraph -->\n<p><strong>O Conselho Constitucional decidiu em 20 de maio sobre a lei de \u201cSeguran\u00e7a Global\u201d.<\/strong><\/p>\n<!-- \/wp:paragraph -->\n\n<!-- wp:paragraph -->\n<p>Censura o artigo 24.\u00ba relativo \u00e0 criminaliza\u00e7\u00e3o da divulga\u00e7\u00e3o \u201cmaliciosa\u201d da imagem das for\u00e7as de seguran\u00e7a, bem como grande parte dos artigos 47.\u00ba e 48.\u00ba que organizavam a vigil\u00e2ncia por drones, nomeadamente durante manifesta\u00e7\u00f5es, e a utiliza\u00e7\u00e3o de c\u00e2maras a bordo. <strong>ve\u00edculos e aeronaves de aplica\u00e7\u00e3o da lei.<\/strong><\/p>\n<!-- \/wp:paragraph -->\n\n<!-- wp:paragraph -->\n<p><strong>Europa:<\/strong><\/p>\n<!-- \/wp:paragraph -->\n\n<!-- wp:paragraph -->\n<p>V\u00e1rios intervenientes da sociedade civil iniciaram em 26 de maio <strong>reclama\u00e7\u00f5es contra a empresa de reconhecimento facial Clearview,<\/strong> principalmente na Fran\u00e7a, \u00c1ustria, It\u00e1lia, Gr\u00e9cia e Reino Unido.<\/p>\n<!-- \/wp:paragraph -->\n\n<!-- wp:paragraph -->\n<p>L\u00e1 <strong>Tribunal Europeu dos Direitos Humanos<\/strong> Em 25 de maio, a Suprema Corte do Reino Unido decidiu por unanimidade que o regime de vigil\u00e2ncia generalizada do Reino Unido, tornado p\u00fablico por Edward Snowden em 2013, viola o Artigo 8 da Conven\u00e7\u00e3o Europeia dos Direitos Humanos relativo \u00e0 prote\u00e7\u00e3o da privacidade.<\/p>\n<!-- \/wp:paragraph -->\n\n<!-- wp:paragraph -->\n<p><strong>O Conselho Europeu para a Prote\u00e7\u00e3o de Dados<\/strong> adotou dois c\u00f3digos de conduta em 20 de maio, ap\u00f3s o desenvolvimento de decis\u00f5es das autoridades francesas e belgas sobre a nuvem: para a B\u00e9lgica, esta \u00e9 uma decis\u00e3o referente ao c\u00f3digo de conduta da UE sobre a nuvem, e para a Fran\u00e7a, o CISPE, referente aos provedores europeus de servi\u00e7os de infraestrutura de nuvem.<\/p>\n<!-- \/wp:paragraph -->\n\n<!-- wp:paragraph -->\n<p>O Comit\u00ea tamb\u00e9m publicou seu relat\u00f3rio de atividades de 2020 em 2 de junho.<\/p>\n<!-- \/wp:paragraph -->\n\n<!-- wp:paragraph -->\n<p><strong>A Autoridade Europeia para a Prote\u00e7\u00e3o de Dados<\/strong> inicia duas investiga\u00e7\u00f5es sobre o uso dos servi\u00e7os de nuvem da Amazon e da Microsoft por institui\u00e7\u00f5es europeias.<\/p>\n<!-- \/wp:paragraph -->\n\n<!-- wp:paragraph -->\n<p>Essas investiga\u00e7\u00f5es visam verificar as condi\u00e7\u00f5es de processamento e, em particular, as transfer\u00eancias de dados por essas empresas para os Estados Unidos \u00e0 luz da decis\u00e3o Schrems II do Tribunal de Justi\u00e7a Europeu.<\/p>\n<!-- \/wp:paragraph -->\n\n<!-- wp:paragraph -->\n<p><strong>A Uni\u00e3o Europeia<\/strong> anunciou publicamente no in\u00edcio de junho que, para chegar a um acordo sobre transfer\u00eancias de dados para os Estados Unidos, este \u00faltimo teria que adotar leis vinculativas que permitissem aos cidad\u00e3os europeus se defenderem em tribunal contra a coleta massiva de seus dados pelo governo americano.<\/p>\n<!-- \/wp:paragraph -->\n\n<!-- wp:paragraph -->\n<p><strong>Internacional:<\/strong><\/p>\n<!-- \/wp:paragraph -->\n\n<!-- wp:paragraph -->\n<p>Um estudo recente publicado pela Privacy Laws and Business (G. Greenleaf) faz a <strong>atualiza\u00e7\u00e3o global de privacidade<\/strong>O relat\u00f3rio afirma que o n\u00famero de pa\u00edses que adotaram leis de prote\u00e7\u00e3o de dados aumentou de 132 para 145, enquanto outros 23 pa\u00edses t\u00eam projetos de lei em andamento.<\/p>\n<!-- \/wp:paragraph -->\n\n<!-- wp:paragraph -->\n<p><strong>Brasil:<\/strong> Assim como v\u00e1rias de suas contrapartes europeias, a autoridade supervisora brasileira est\u00e1 solicitando que o WhatsApp suspenda sua nova pol\u00edtica de privacidade at\u00e9 que a investiga\u00e7\u00e3o sobre suas consequ\u00eancias em termos de prote\u00e7\u00e3o de dados e concorr\u00eancia seja conclu\u00edda.<\/p>\n<!-- \/wp:paragraph -->\n\n<!-- wp:paragraph -->\n<p><em>Ana Cristina Lacoste<\/em><\/p>\n<!-- \/wp:paragraph -->\n\n<!-- wp:paragraph -->\n<p><em>S\u00f3cia da Olivier Weber Avocat, Anne Christine Lacoste \u00e9 advogada especializada em direito de dados; foi chefe de rela\u00e7\u00f5es internacionais da Autoridade Europeia para a Prote\u00e7\u00e3o de Dados e trabalhou na implementa\u00e7\u00e3o do RGPD na Uni\u00e3o Europeia.<\/em><\/p>\n<!-- \/wp:paragraph -->\t\t\t\t\t\t<\/div>\n\t\t\t\t<\/div>\n\t\t\t\t\t<\/div>\n\t\t<\/div>\n\t\t\t\t\t<\/div>\n\t\t<\/section>\n\t\t\t\t<section class=\"elementor-section elementor-top-section elementor-element elementor-element-2b9662a ot-traditional elementor-section-boxed elementor-section-height-default elementor-section-height-default\" data-id=\"2b9662a\" data-element_type=\"section\">\n\t\t\t\t\t\t<div class=\"elementor-container elementor-column-gap-default\">\n\t\t\t\t\t<div class=\"elementor-column elementor-col-100 elementor-top-column elementor-element elementor-element-c5960b9 ot-flex-column-vertical\" data-id=\"c5960b9\" data-element_type=\"column\">\n\t\t\t<div class=\"elementor-widget-wrap elementor-element-populated\">\n\t\t\t\t\t\t<div class=\"elementor-element elementor-element-4298e35 elementor-align-center elementor-widget elementor-widget-button\" data-id=\"4298e35\" data-element_type=\"widget\" data-widget_type=\"button.default\">\n\t\t\t\t<div class=\"elementor-widget-container\">\n\t\t\t\t\t<div class=\"elementor-button-wrapper\">\n\t\t\t<a class=\"elementor-button elementor-button-link elementor-size-lg\" href=\"https:\/\/app.viqtor.eu\/\">\n\t\t\t\t\t\t<span class=\"elementor-button-content-wrapper\">\n\t\t\t\t\t\t<span class=\"elementor-button-icon\">\n\t\t\t\t<i aria-hidden=\"true\" class=\"fas fa-long-arrow-alt-right\"><\/i>\t\t\t<\/span>\n\t\t\t\t\t\t\t\t\t<span class=\"elementor-button-text\">Descubra Viqtor\u00ae<\/span>\n\t\t\t\t\t<\/span>\n\t\t\t\t\t<\/a>\n\t\t<\/div>\n\t\t\t\t<\/div>\n\t\t\t\t<\/div>\n\t\t\t\t\t<\/div>\n\t\t<\/div>\n\t\t\t\t\t<\/div>\n\t\t<\/section>\n\t\t\t\t<\/div>","protected":false},"excerpt":{"rendered":"<p>Exerc\u00edcio de direitos de acesso, portabilidade: quais s\u00e3o os poderes de um agente? Legal Watch n\u00ba 35 \u2013 maio de 2021 Exerc\u00edcio de direitos de acesso, portabilidade: quais s\u00e3o os poderes de um agente? Alguns controladores de dados expressaram legitimamente sua perplexidade ao receber uma solicita\u00e7\u00e3o de uma empresa encarregada de obter [\u2026]<\/p>","protected":false},"author":1,"featured_media":5697,"comment_status":"closed","ping_status":"open","sticky":false,"template":"elementor_header_footer","format":"standard","meta":{"_acf_changed":false,"footnotes":""},"categories":[35],"tags":[],"class_list":["post-5466","post","type-post","status-publish","format-standard","has-post-thumbnail","hentry","category-veille-juridique"],"acf":[],"yoast_head":"<!-- This site is optimized with the Yoast SEO plugin v23.6 - https:\/\/yoast.com\/wordpress\/plugins\/seo\/ -->\n<title>Exercice des droits d\u2019acc\u00e8s, portabilit\u00e9 : quels sont les pouvoirs d\u2019un mandataire ? - Viqtor<\/title>\n<meta name=\"description\" content=\"Exercice des droits d\u2019acc\u00e8s, portabilit\u00e9 : quels sont les pouvoirs d\u2019un mandataire ? Veille juridique - Viqtor\" \/>\n<meta name=\"robots\" content=\"index, follow, max-snippet:-1, max-image-preview:large, max-video-preview:-1\" \/>\n<link rel=\"canonical\" href=\"https:\/\/viqtor.eu\/pt\/exercice-des-droits-dacces-portabilite\/\" \/>\n<meta property=\"og:locale\" content=\"pt_PT\" \/>\n<meta property=\"og:type\" content=\"article\" \/>\n<meta property=\"og:title\" content=\"Exercice des droits d\u2019acc\u00e8s, portabilit\u00e9 : quels sont les pouvoirs d\u2019un mandataire ? - Viqtor\" \/>\n<meta property=\"og:description\" content=\"Exercice des droits d\u2019acc\u00e8s, portabilit\u00e9 : quels sont les pouvoirs d\u2019un mandataire ? Veille juridique - Viqtor\" \/>\n<meta property=\"og:url\" content=\"https:\/\/viqtor.eu\/pt\/exercice-des-droits-dacces-portabilite\/\" \/>\n<meta property=\"og:site_name\" content=\"Viqtor\" \/>\n<meta property=\"article:published_time\" content=\"2023-04-19T12:34:24+00:00\" \/>\n<meta property=\"article:modified_time\" content=\"2024-07-23T13:53:56+00:00\" \/>\n<meta property=\"og:image\" content=\"https:\/\/viqtor.eu\/wp-content\/uploads\/2026\/04\/widget-viqtor.png\" \/>\n\t<meta property=\"og:image:width\" content=\"1000\" \/>\n\t<meta property=\"og:image:height\" content=\"667\" \/>\n\t<meta property=\"og:image:type\" content=\"image\/jpeg\" \/>\n<meta name=\"author\" content=\"Bruno\" \/>\n<meta name=\"twitter:card\" content=\"summary_large_image\" \/>\n<meta name=\"twitter:label1\" content=\"Escrito por\" \/>\n\t<meta name=\"twitter:data1\" content=\"Bruno\" \/>\n\t<meta name=\"twitter:label2\" content=\"Tempo estimado de leitura\" \/>\n\t<meta name=\"twitter:data2\" content=\"8 minutos\" \/>\n<script type=\"application\/ld+json\" class=\"yoast-schema-graph\">{\"@context\":\"https:\/\/schema.org\",\"@graph\":[{\"@type\":\"Article\",\"@id\":\"https:\/\/viqtor.eu\/exercice-des-droits-dacces-portabilite\/#article\",\"isPartOf\":{\"@id\":\"https:\/\/viqtor.eu\/exercice-des-droits-dacces-portabilite\/\"},\"author\":{\"name\":\"Bruno\",\"@id\":\"https:\/\/viqtor.eu\/#\/schema\/person\/3dbd9cc82a28f6cf1695c92eda0099ad\"},\"headline\":\"Exercice des droits d\u2019acc\u00e8s, portabilit\u00e9 : quels sont les pouvoirs d\u2019un mandataire ?\",\"datePublished\":\"2023-04-19T12:34:24+00:00\",\"dateModified\":\"2024-07-23T13:53:56+00:00\",\"mainEntityOfPage\":{\"@id\":\"https:\/\/viqtor.eu\/exercice-des-droits-dacces-portabilite\/\"},\"wordCount\":1603,\"publisher\":{\"@id\":\"https:\/\/viqtor.eu\/#organization\"},\"image\":{\"@id\":\"https:\/\/viqtor.eu\/exercice-des-droits-dacces-portabilite\/#primaryimage\"},\"thumbnailUrl\":\"https:\/\/viqtor.eu\/wp-content\/uploads\/2023\/04\/shutterstock_471720524.jpg\",\"articleSection\":[\"Veille juridique\"],\"inLanguage\":\"pt-PT\"},{\"@type\":\"WebPage\",\"@id\":\"https:\/\/viqtor.eu\/exercice-des-droits-dacces-portabilite\/\",\"url\":\"https:\/\/viqtor.eu\/exercice-des-droits-dacces-portabilite\/\",\"name\":\"Exercice des droits d\u2019acc\u00e8s, portabilit\u00e9 : quels sont les pouvoirs d\u2019un mandataire ? - Viqtor\",\"isPartOf\":{\"@id\":\"https:\/\/viqtor.eu\/#website\"},\"primaryImageOfPage\":{\"@id\":\"https:\/\/viqtor.eu\/exercice-des-droits-dacces-portabilite\/#primaryimage\"},\"image\":{\"@id\":\"https:\/\/viqtor.eu\/exercice-des-droits-dacces-portabilite\/#primaryimage\"},\"thumbnailUrl\":\"https:\/\/viqtor.eu\/wp-content\/uploads\/2023\/04\/shutterstock_471720524.jpg\",\"datePublished\":\"2023-04-19T12:34:24+00:00\",\"dateModified\":\"2024-07-23T13:53:56+00:00\",\"description\":\"Exercice des droits d\u2019acc\u00e8s, portabilit\u00e9 : quels sont les pouvoirs d\u2019un mandataire ? Veille juridique - Viqtor\",\"breadcrumb\":{\"@id\":\"https:\/\/viqtor.eu\/exercice-des-droits-dacces-portabilite\/#breadcrumb\"},\"inLanguage\":\"pt-PT\",\"potentialAction\":[{\"@type\":\"ReadAction\",\"target\":[\"https:\/\/viqtor.eu\/exercice-des-droits-dacces-portabilite\/\"]}]},{\"@type\":\"ImageObject\",\"inLanguage\":\"pt-PT\",\"@id\":\"https:\/\/viqtor.eu\/exercice-des-droits-dacces-portabilite\/#primaryimage\",\"url\":\"https:\/\/viqtor.eu\/wp-content\/uploads\/2023\/04\/shutterstock_471720524.jpg\",\"contentUrl\":\"https:\/\/viqtor.eu\/wp-content\/uploads\/2023\/04\/shutterstock_471720524.jpg\",\"width\":1000,\"height\":667,\"caption\":\"Un DPO ou un Correspondant \u00e0 la protection des donn\u00e9es\"},{\"@type\":\"BreadcrumbList\",\"@id\":\"https:\/\/viqtor.eu\/exercice-des-droits-dacces-portabilite\/#breadcrumb\",\"itemListElement\":[{\"@type\":\"ListItem\",\"position\":1,\"name\":\"Accueil\",\"item\":\"https:\/\/viqtor.eu\/\"},{\"@type\":\"ListItem\",\"position\":2,\"name\":\"Exercice des droits d\u2019acc\u00e8s, portabilit\u00e9 : quels sont les pouvoirs d\u2019un mandataire ?\"}]},{\"@type\":\"WebSite\",\"@id\":\"https:\/\/viqtor.eu\/#website\",\"url\":\"https:\/\/viqtor.eu\/\",\"name\":\"Viqtor\",\"description\":\"Faites du RGPD une opportunit\u00e9 pour votre entreprise.\",\"publisher\":{\"@id\":\"https:\/\/viqtor.eu\/#organization\"},\"potentialAction\":[{\"@type\":\"SearchAction\",\"target\":{\"@type\":\"EntryPoint\",\"urlTemplate\":\"https:\/\/viqtor.eu\/?s={search_term_string}\"},\"query-input\":{\"@type\":\"PropertyValueSpecification\",\"valueRequired\":true,\"valueName\":\"search_term_string\"}}],\"inLanguage\":\"pt-PT\"},{\"@type\":\"Organization\",\"@id\":\"https:\/\/viqtor.eu\/#organization\",\"name\":\"viqtor.eu\",\"url\":\"https:\/\/viqtor.eu\/\",\"logo\":{\"@type\":\"ImageObject\",\"inLanguage\":\"pt-PT\",\"@id\":\"https:\/\/viqtor.eu\/#\/schema\/logo\/image\/\",\"url\":\"https:\/\/viqtor.eu\/wp-content\/uploads\/2023\/06\/favicon-noir.svg\",\"contentUrl\":\"https:\/\/viqtor.eu\/wp-content\/uploads\/2023\/06\/favicon-noir.svg\",\"width\":108,\"height\":86,\"caption\":\"viqtor.eu\"},\"image\":{\"@id\":\"https:\/\/viqtor.eu\/#\/schema\/logo\/image\/\"}},{\"@type\":\"Person\",\"@id\":\"https:\/\/viqtor.eu\/#\/schema\/person\/3dbd9cc82a28f6cf1695c92eda0099ad\",\"name\":\"Bruno\",\"image\":{\"@type\":\"ImageObject\",\"inLanguage\":\"pt-PT\",\"@id\":\"https:\/\/viqtor.eu\/#\/schema\/person\/image\/\",\"url\":\"https:\/\/secure.gravatar.com\/avatar\/e5a596f9489de15bfe046e97fb771f63589b601ca7e81ccc2bb9a23582f441a3?s=96&d=mm&r=g\",\"contentUrl\":\"https:\/\/secure.gravatar.com\/avatar\/e5a596f9489de15bfe046e97fb771f63589b601ca7e81ccc2bb9a23582f441a3?s=96&d=mm&r=g\",\"caption\":\"Bruno\"},\"sameAs\":[\"https:\/\/exciting-panini.13-37-234-21.plesk.page\"],\"url\":\"https:\/\/viqtor.eu\/pt\/author\/mouad_zxum2ebi\/\"}]}<\/script>\n<!-- \/ Yoast SEO plugin. -->","yoast_head_json":{"title":"Exercice des droits d\u2019acc\u00e8s, portabilit\u00e9 : quels sont les pouvoirs d\u2019un mandataire ? - Viqtor","description":"Exercice des droits d\u2019acc\u00e8s, portabilit\u00e9 : quels sont les pouvoirs d\u2019un mandataire ? Veille juridique - Viqtor","robots":{"index":"index","follow":"follow","max-snippet":"max-snippet:-1","max-image-preview":"max-image-preview:large","max-video-preview":"max-video-preview:-1"},"canonical":"https:\/\/viqtor.eu\/pt\/exercice-des-droits-dacces-portabilite\/","og_locale":"pt_PT","og_type":"article","og_title":"Exercice des droits d\u2019acc\u00e8s, portabilit\u00e9 : quels sont les pouvoirs d\u2019un mandataire ? - Viqtor","og_description":"Exercice des droits d\u2019acc\u00e8s, portabilit\u00e9 : quels sont les pouvoirs d\u2019un mandataire ? Veille juridique - Viqtor","og_url":"https:\/\/viqtor.eu\/pt\/exercice-des-droits-dacces-portabilite\/","og_site_name":"Viqtor","article_published_time":"2023-04-19T12:34:24+00:00","article_modified_time":"2024-07-23T13:53:56+00:00","og_image":[{"width":1000,"height":667,"url":"https:\/\/viqtor.eu\/wp-content\/uploads\/2026\/04\/widget-viqtor.png","type":"image\/jpeg"}],"author":"Bruno","twitter_card":"summary_large_image","twitter_misc":{"Escrito por":"Bruno","Tempo estimado de leitura":"8 minutos"},"schema":{"@context":"https:\/\/schema.org","@graph":[{"@type":"Article","@id":"https:\/\/viqtor.eu\/exercice-des-droits-dacces-portabilite\/#article","isPartOf":{"@id":"https:\/\/viqtor.eu\/exercice-des-droits-dacces-portabilite\/"},"author":{"name":"Bruno","@id":"https:\/\/viqtor.eu\/#\/schema\/person\/3dbd9cc82a28f6cf1695c92eda0099ad"},"headline":"Exercice des droits d\u2019acc\u00e8s, portabilit\u00e9 : quels sont les pouvoirs d\u2019un mandataire ?","datePublished":"2023-04-19T12:34:24+00:00","dateModified":"2024-07-23T13:53:56+00:00","mainEntityOfPage":{"@id":"https:\/\/viqtor.eu\/exercice-des-droits-dacces-portabilite\/"},"wordCount":1603,"publisher":{"@id":"https:\/\/viqtor.eu\/#organization"},"image":{"@id":"https:\/\/viqtor.eu\/exercice-des-droits-dacces-portabilite\/#primaryimage"},"thumbnailUrl":"https:\/\/viqtor.eu\/wp-content\/uploads\/2023\/04\/shutterstock_471720524.jpg","articleSection":["Veille juridique"],"inLanguage":"pt-PT"},{"@type":"WebPage","@id":"https:\/\/viqtor.eu\/exercice-des-droits-dacces-portabilite\/","url":"https:\/\/viqtor.eu\/exercice-des-droits-dacces-portabilite\/","name":"Exercice des droits d\u2019acc\u00e8s, portabilit\u00e9 : quels sont les pouvoirs d\u2019un mandataire ? - Viqtor","isPartOf":{"@id":"https:\/\/viqtor.eu\/#website"},"primaryImageOfPage":{"@id":"https:\/\/viqtor.eu\/exercice-des-droits-dacces-portabilite\/#primaryimage"},"image":{"@id":"https:\/\/viqtor.eu\/exercice-des-droits-dacces-portabilite\/#primaryimage"},"thumbnailUrl":"https:\/\/viqtor.eu\/wp-content\/uploads\/2023\/04\/shutterstock_471720524.jpg","datePublished":"2023-04-19T12:34:24+00:00","dateModified":"2024-07-23T13:53:56+00:00","description":"Exercice des droits d\u2019acc\u00e8s, portabilit\u00e9 : quels sont les pouvoirs d\u2019un mandataire ? Veille juridique - Viqtor","breadcrumb":{"@id":"https:\/\/viqtor.eu\/exercice-des-droits-dacces-portabilite\/#breadcrumb"},"inLanguage":"pt-PT","potentialAction":[{"@type":"ReadAction","target":["https:\/\/viqtor.eu\/exercice-des-droits-dacces-portabilite\/"]}]},{"@type":"ImageObject","inLanguage":"pt-PT","@id":"https:\/\/viqtor.eu\/exercice-des-droits-dacces-portabilite\/#primaryimage","url":"https:\/\/viqtor.eu\/wp-content\/uploads\/2023\/04\/shutterstock_471720524.jpg","contentUrl":"https:\/\/viqtor.eu\/wp-content\/uploads\/2023\/04\/shutterstock_471720524.jpg","width":1000,"height":667,"caption":"Un DPO ou un Correspondant \u00e0 la protection des donn\u00e9es"},{"@type":"BreadcrumbList","@id":"https:\/\/viqtor.eu\/exercice-des-droits-dacces-portabilite\/#breadcrumb","itemListElement":[{"@type":"ListItem","position":1,"name":"Accueil","item":"https:\/\/viqtor.eu\/"},{"@type":"ListItem","position":2,"name":"Exercice des droits d\u2019acc\u00e8s, portabilit\u00e9 : quels sont les pouvoirs d\u2019un mandataire ?"}]},{"@type":"WebSite","@id":"https:\/\/viqtor.eu\/#website","url":"https:\/\/viqtor.eu\/","name":"Viqtor","description":"Faites du RGPD une opportunit\u00e9 pour votre entreprise.","publisher":{"@id":"https:\/\/viqtor.eu\/#organization"},"potentialAction":[{"@type":"SearchAction","target":{"@type":"EntryPoint","urlTemplate":"https:\/\/viqtor.eu\/?s={search_term_string}"},"query-input":{"@type":"PropertyValueSpecification","valueRequired":true,"valueName":"search_term_string"}}],"inLanguage":"pt-PT"},{"@type":"Organization","@id":"https:\/\/viqtor.eu\/#organization","name":"viqtor.eu","url":"https:\/\/viqtor.eu\/","logo":{"@type":"ImageObject","inLanguage":"pt-PT","@id":"https:\/\/viqtor.eu\/#\/schema\/logo\/image\/","url":"https:\/\/viqtor.eu\/wp-content\/uploads\/2023\/06\/favicon-noir.svg","contentUrl":"https:\/\/viqtor.eu\/wp-content\/uploads\/2023\/06\/favicon-noir.svg","width":108,"height":86,"caption":"viqtor.eu"},"image":{"@id":"https:\/\/viqtor.eu\/#\/schema\/logo\/image\/"}},{"@type":"Person","@id":"https:\/\/viqtor.eu\/#\/schema\/person\/3dbd9cc82a28f6cf1695c92eda0099ad","name":"Bruno","image":{"@type":"ImageObject","inLanguage":"pt-PT","@id":"https:\/\/viqtor.eu\/#\/schema\/person\/image\/","url":"https:\/\/secure.gravatar.com\/avatar\/e5a596f9489de15bfe046e97fb771f63589b601ca7e81ccc2bb9a23582f441a3?s=96&d=mm&r=g","contentUrl":"https:\/\/secure.gravatar.com\/avatar\/e5a596f9489de15bfe046e97fb771f63589b601ca7e81ccc2bb9a23582f441a3?s=96&d=mm&r=g","caption":"Bruno"},"sameAs":["https:\/\/exciting-panini.13-37-234-21.plesk.page"],"url":"https:\/\/viqtor.eu\/pt\/author\/mouad_zxum2ebi\/"}]}},"_links":{"self":[{"href":"https:\/\/viqtor.eu\/pt\/wp-json\/wp\/v2\/posts\/5466","targetHints":{"allow":["GET"]}}],"collection":[{"href":"https:\/\/viqtor.eu\/pt\/wp-json\/wp\/v2\/posts"}],"about":[{"href":"https:\/\/viqtor.eu\/pt\/wp-json\/wp\/v2\/types\/post"}],"author":[{"embeddable":true,"href":"https:\/\/viqtor.eu\/pt\/wp-json\/wp\/v2\/users\/1"}],"replies":[{"embeddable":true,"href":"https:\/\/viqtor.eu\/pt\/wp-json\/wp\/v2\/comments?post=5466"}],"version-history":[{"count":5,"href":"https:\/\/viqtor.eu\/pt\/wp-json\/wp\/v2\/posts\/5466\/revisions"}],"predecessor-version":[{"id":11923,"href":"https:\/\/viqtor.eu\/pt\/wp-json\/wp\/v2\/posts\/5466\/revisions\/11923"}],"wp:featuredmedia":[{"embeddable":true,"href":"https:\/\/viqtor.eu\/pt\/wp-json\/wp\/v2\/media\/5697"}],"wp:attachment":[{"href":"https:\/\/viqtor.eu\/pt\/wp-json\/wp\/v2\/media?parent=5466"}],"wp:term":[{"taxonomy":"category","embeddable":true,"href":"https:\/\/viqtor.eu\/pt\/wp-json\/wp\/v2\/categories?post=5466"},{"taxonomy":"post_tag","embeddable":true,"href":"https:\/\/viqtor.eu\/pt\/wp-json\/wp\/v2\/tags?post=5466"}],"curies":[{"name":"wp","href":"https:\/\/api.w.org\/{rel}","templated":true}]}}