{"id":5454,"date":"2023-04-19T10:34:16","date_gmt":"2023-04-19T10:34:16","guid":{"rendered":"https:\/\/exciting-panini.13-37-234-21.plesk.page\/?p=5454"},"modified":"2024-07-22T13:10:50","modified_gmt":"2024-07-22T13:10:50","slug":"lactualite-des-autorites-de-controle","status":"publish","type":"post","link":"https:\/\/viqtor.eu\/pt\/lactualite-des-autorites-de-controle\/","title":{"rendered":"Not\u00edcias das autoridades de supervis\u00e3o: celebra\u00e7\u00f5es e supervis\u00e3o"},"content":{"rendered":"<div data-elementor-type=\"wp-post\" data-elementor-id=\"5454\" class=\"elementor elementor-5454\" data-elementor-post-type=\"post\">\n\t\t\t\t\t\t<section class=\"elementor-section elementor-top-section elementor-element elementor-element-2f47dae ot-traditional elementor-section-boxed elementor-section-height-default elementor-section-height-default\" data-id=\"2f47dae\" data-element_type=\"section\">\n\t\t\t\t\t\t<div class=\"elementor-container elementor-column-gap-default\">\n\t\t\t\t\t<div class=\"elementor-column elementor-col-100 elementor-top-column elementor-element elementor-element-1f70fcb ot-flex-column-vertical\" data-id=\"1f70fcb\" data-element_type=\"column\">\n\t\t\t<div class=\"elementor-widget-wrap elementor-element-populated\">\n\t\t\t\t\t\t<div class=\"elementor-element elementor-element-9b58475 elementor-widget elementor-widget-image\" data-id=\"9b58475\" data-element_type=\"widget\" data-widget_type=\"image.default\">\n\t\t\t\t<div class=\"elementor-widget-container\">\n\t\t\t\t\t\t\t\t\t\t\t\t\t<img fetchpriority=\"high\" decoding=\"async\" width=\"1000\" height=\"667\" src=\"https:\/\/viqtor.eu\/wp-content\/uploads\/2023\/04\/Lactualite-des-autorites-de-controle.jpg\" class=\"attachment-full size-full wp-image-11883\" alt=\"L\u2019actualit\u00e9 des autorit\u00e9s de contr\u00f4le : c\u00e9l\u00e9brations et supervision\" srcset=\"https:\/\/viqtor.eu\/wp-content\/uploads\/2023\/04\/Lactualite-des-autorites-de-controle.jpg 1000w, https:\/\/viqtor.eu\/wp-content\/uploads\/2023\/04\/Lactualite-des-autorites-de-controle-300x200.jpg 300w, https:\/\/viqtor.eu\/wp-content\/uploads\/2023\/04\/Lactualite-des-autorites-de-controle-768x512.jpg 768w, https:\/\/viqtor.eu\/wp-content\/uploads\/2023\/04\/Lactualite-des-autorites-de-controle-720x480.jpg 720w\" sizes=\"(max-width: 1000px) 100vw, 1000px\" \/>\t\t\t\t\t\t\t\t\t\t\t\t\t<\/div>\n\t\t\t\t<\/div>\n\t\t\t\t\t<\/div>\n\t\t<\/div>\n\t\t\t\t\t<\/div>\n\t\t<\/section>\n\t\t\t\t<section class=\"elementor-section elementor-top-section elementor-element elementor-element-5e0a253 ot-traditional elementor-section-boxed elementor-section-height-default elementor-section-height-default\" data-id=\"5e0a253\" data-element_type=\"section\">\n\t\t\t\t\t\t<div class=\"elementor-container elementor-column-gap-default\">\n\t\t\t\t\t<div class=\"elementor-column elementor-col-100 elementor-top-column elementor-element elementor-element-1a009e4 ot-flex-column-vertical\" data-id=\"1a009e4\" data-element_type=\"column\">\n\t\t\t<div class=\"elementor-widget-wrap elementor-element-populated\">\n\t\t\t\t\t\t<div class=\"elementor-element elementor-element-f3a6376 elementor-widget elementor-widget-heading\" data-id=\"f3a6376\" data-element_type=\"widget\" data-widget_type=\"heading.default\">\n\t\t\t\t<div class=\"elementor-widget-container\">\n\t\t\t<h1 class=\"elementor-heading-title elementor-size-default\">Not\u00edcias das autoridades de supervis\u00e3o: celebra\u00e7\u00f5es e supervis\u00e3o<\/h1>\t\t<\/div>\n\t\t\t\t<\/div>\n\t\t\t\t\t<\/div>\n\t\t<\/div>\n\t\t\t\t\t<\/div>\n\t\t<\/section>\n\t\t\t\t<section class=\"elementor-section elementor-top-section elementor-element elementor-element-2b48906 ot-traditional elementor-section-boxed elementor-section-height-default elementor-section-height-default\" data-id=\"2b48906\" data-element_type=\"section\">\n\t\t\t\t\t\t<div class=\"elementor-container elementor-column-gap-default\">\n\t\t\t\t\t<div class=\"elementor-column elementor-col-100 elementor-top-column elementor-element elementor-element-3d4484f4 ot-flex-column-vertical\" data-id=\"3d4484f4\" data-element_type=\"column\">\n\t\t\t<div class=\"elementor-widget-wrap elementor-element-populated\">\n\t\t\t\t\t\t<div class=\"elementor-element elementor-element-2e3f7675 elementor-widget elementor-widget-text-editor\" data-id=\"2e3f7675\" data-element_type=\"widget\" data-widget_type=\"text-editor.default\">\n\t\t\t\t<div class=\"elementor-widget-container\">\n\t\t\t\t\t\t\t<!-- wp:paragraph -->\n<p>Legal Watch n\u00ba 31 \u2013 <strong>Janeiro de 2021<\/strong><\/p>\n<!-- \/wp:paragraph -->\n\n<!-- wp:paragraph -->\n<p><strong>Not\u00edcias das autoridades de supervis\u00e3o: celebra\u00e7\u00f5es e supervis\u00e3o<\/strong>Os \u00faltimos dias foram uma oportunidade de comemorar (virtualmente) v\u00e1rios anivers\u00e1rios.<\/p>\n<!-- \/wp:paragraph -->\n\n<!-- wp:paragraph -->\n<p>Em 28 de janeiro, as partes interessadas na privacidade na Europa, \u00c1frica, Am\u00e9ricas e regi\u00e3o da \u00c1sia-Pac\u00edfico organizaram v\u00e1rios eventos para marcar o 15\u00ba anivers\u00e1rio da<strong> Dia da Prote\u00e7\u00e3o de Dados<\/strong>.<\/p>\n<!-- \/wp:paragraph -->\n\n<!-- wp:paragraph -->\n<p>Acrescentemos que a Conven\u00e7\u00e3o 108 (Conven\u00e7\u00e3o do Conselho da Europa sobre a Prote\u00e7\u00e3o de Dados Pessoais) celebra este ano o seu 40.\u00ba anivers\u00e1rio.<\/p>\n<!-- \/wp:paragraph -->\n\n<!-- wp:paragraph -->\n<p>A ocasi\u00e3o para uma avalia\u00e7\u00e3o e uma Declara\u00e7\u00e3o oficial enfatizando a necessidade de preservar &quot;a dignidade e a integridade humanas na era das decis\u00f5es automatizadas tomadas por intelig\u00eancia artificial e algoritmos&quot; e de desenvolver um espa\u00e7o jur\u00eddico comum em escala internacional para facilitar a circula\u00e7\u00e3o de dados entre pa\u00edses.<\/p>\n<!-- \/wp:paragraph -->\n\n<!-- wp:paragraph -->\n<p>A tecnologia digital est\u00e1, portanto, no centro dos debates atuais, com uma declara\u00e7\u00e3o do Comit\u00e9 de Ministros do Conselho da Europa sobre a salvaguarda do direito \u00e0 prote\u00e7\u00e3o de dados no ambiente digital e a ado\u00e7\u00e3o de diretrizes sobre reconhecimento facial.<\/p>\n<!-- \/wp:paragraph -->\n\n<!-- wp:paragraph -->\n<p>Uma das mais importantes confer\u00eancias internacionais sobre prote\u00e7\u00e3o de dados, <strong>\u201cComputadores, Privacidade e Prote\u00e7\u00e3o de Dados\u201d, <\/strong>que ocorreu no final de janeiro, confirma essas preocupa\u00e7\u00f5es com tr\u00eas dias de discuss\u00f5es on-line sobre o tema &quot;fazer valer os direitos em um mundo em mudan\u00e7a&quot;.&nbsp;<\/p>\n<!-- \/wp:paragraph -->\n\n<!-- wp:paragraph -->\n<p>Embora as autoridades de prote\u00e7\u00e3o de dados tenham recebido maiores poderes para aplicar o GDPR, ainda h\u00e1 d\u00favidas sobre sua estrat\u00e9gia, a coopera\u00e7\u00e3o europeia e a efic\u00e1cia das san\u00e7\u00f5es \u00e0 luz da influ\u00eancia de grandes empresas de tecnologia, como Google e Amazon.<\/p>\n<!-- \/wp:paragraph -->\n\n<!-- wp:paragraph -->\n<p><strong>Multas aplicadas na Europa em 2020 totalizam \u20ac 272,5 milh\u00f5es<\/strong>, e os tr\u00eas pa\u00edses mais ativos nesse sentido s\u00e3o It\u00e1lia, Alemanha e Fran\u00e7a, conforme indicado em um relat\u00f3rio recente da DLA Piper sobre o assunto.<\/p>\n<!-- \/wp:paragraph -->\n\n<!-- wp:paragraph -->\n<p>A CNIL n\u00e3o est\u00e1 isenta de san\u00e7\u00f5es, seja contra grandes players digitais, seja contra as VSEs ou PMEs, com multas adaptadas ao faturamento dos respons\u00e1veis.<\/p>\n<!-- \/wp:paragraph -->\n\n<!-- wp:paragraph -->\n<p><\/p>\n<!-- \/wp:paragraph -->\n\n<!-- wp:paragraph -->\n<p>Mas, embora as multinacionais possam reservar certas quantias como parte de um procedimento de san\u00e7\u00e3o, o impacto em estruturas menores pode ser significativo, em termos financeiros ou em termos de imagem p\u00fablica.<\/p>\n<!-- \/wp:paragraph -->\n\n<!-- wp:paragraph -->\n<p>Concretamente, as \u00faltimas san\u00e7\u00f5es da CNIL por viola\u00e7\u00e3o do RGPD foram justificadas por viola\u00e7\u00f5es de regras de seguran\u00e7a e n\u00e3o conformidade com regras de prospec\u00e7\u00e3o comercial.<\/p>\n<!-- \/wp:paragraph -->\n\n<!-- wp:paragraph -->\n<p>Ent\u00e3o o <strong>Empresa Nestor foi multada em 20 mil euros<\/strong> por n\u00e3o ter cumprido a sua obriga\u00e7\u00e3o de obter o consentimento dos potenciais clientes e por n\u00e3o ter respeitado os direitos das pessoas em causa (informa\u00e7\u00e3o, acesso).<\/p>\n<!-- \/wp:paragraph -->\n\n<!-- wp:paragraph -->\n<p>A falta de medidas de seguran\u00e7a adequadas tamb\u00e9m est\u00e1 na mira da CNIL, tanto neste caso como no mais recente envolvendo um ataque de preenchimento de credenciais: <strong>o gerente e seu subcontratado <\/strong>omitiu certas prote\u00e7\u00f5es essenciais, como limitar o n\u00famero de solicita\u00e7\u00f5es permitidas em uma p\u00e1gina da web e o uso de CAPTCHA.<\/p>\n<!-- \/wp:paragraph -->\n\n<!-- wp:paragraph -->\n<p>Nesse caso <strong>A CNIL aplicou multas de 150.000 e 75.000 euros, respetivamente<\/strong>Ela aproveitou a oportunidade para lembrar em seu site as medidas que visam proteger os dados pessoais desse tipo de ataque.<\/p>\n<!-- \/wp:paragraph -->\n\n<!-- wp:paragraph -->\n<p>A CNIL tamb\u00e9m se concentra no uso de cookies e em como os sites cumprem suas diretrizes.<\/p>\n<!-- \/wp:paragraph -->\n\n<!-- wp:paragraph -->\n<p>Como lembrete, publicou diretrizes sobre este assunto no final de 2020, especificando em particular como obter o consentimento dos usu\u00e1rios da Internet para o uso de rastreadores.<\/p>\n<!-- \/wp:paragraph -->\n\n<!-- wp:paragraph -->\n<p><strong>E tamb\u00e9m<\/strong><\/p>\n<!-- \/wp:paragraph -->\n\n<!-- wp:paragraph -->\n<p>Fran\u00e7a:<\/p>\n<!-- \/wp:paragraph -->\n\n<!-- wp:paragraph -->\n<p>Em 26 de janeiro, a CNIL emitiu seu parecer sobre a <strong>projeto de lei sobre seguran\u00e7a global<\/strong>.<\/p>\n<!-- \/wp:paragraph -->\n\n<!-- wp:paragraph -->\n<p>Ela tem reservas quanto ao uso de drones e defende a experimenta\u00e7\u00e3o pr\u00e9via, citando a captura ampliada de imagens que essa tecnologia permite, com rastreamento de pessoas em seus movimentos, sem que elas saibam e por um per\u00edodo de tempo potencialmente longo.<\/p>\n<!-- \/wp:paragraph -->\n\n<!-- wp:paragraph -->\n<p>Ela acrescenta que esses dispositivos de vigil\u00e2ncia provavelmente ter\u00e3o um impacto maior do que as c\u00e2meras tradicionais no exerc\u00edcio de outras liberdades fundamentais pelos cidad\u00e3os (direito de manifesta\u00e7\u00e3o, liberdade de culto, liberdade de express\u00e3o).<\/p>\n<!-- \/wp:paragraph -->\n\n<!-- wp:paragraph -->\n<p>Questiona tamb\u00e9m as condi\u00e7\u00f5es de utiliza\u00e7\u00e3o das c\u00e2meras instaladas em determinados ve\u00edculos, bem como a videovigil\u00e2ncia, em especial a transmiss\u00e3o de imagens em tempo real para as autoridades policiais.<\/p>\n<!-- \/wp:paragraph -->\n\n<!-- wp:paragraph -->\n<p><\/p>\n<!-- \/wp:paragraph -->\n\n<!-- wp:paragraph -->\n<p>Europa:<\/p>\n<!-- \/wp:paragraph -->\n\n<!-- wp:list -->\n<ul><!-- wp:list-item -->\n<li>A autoridade de supervis\u00e3o norueguesa pretende impor <strong>Grindr<\/strong> uma multa de 10 milh\u00f5es de euros por<\/li>\n<!-- \/wp:list-item --><\/ul>\n<!-- \/wp:list -->\n\n<!-- wp:paragraph -->\n<p>O aplicativo n\u00e3o s\u00f3 oferece apenas termos e condi\u00e7\u00f5es do tipo &quot;pegue ou deixe&quot; que n\u00e3o permitem que os usu\u00e1rios consintam ou n\u00e3o com o compartilhamento de seus dados, como tamb\u00e9m nenhuma informa\u00e7\u00e3o foi fornecida a eles sobre esse compartilhamento de dados (sens\u00edveis) com a plataforma de publicidade MoPub usada pelo Twitter, permitindo o compartilhamento posterior com mais de cem clientes.&nbsp;<\/p>\n<!-- \/wp:paragraph -->\n\n<!-- wp:list -->\n<ul><!-- wp:list-item -->\n<li>Na It\u00e1lia, a autoridade de prote\u00e7\u00e3o de dados ordenou o bloqueio por <strong>TikTok d<\/strong>e qualquer uso de dados de usu\u00e1rios cuja idade n\u00e3o seja verificada.&nbsp;<\/li>\n<!-- \/wp:list-item --><\/ul>\n<!-- \/wp:list -->\n\n<!-- wp:paragraph -->\n<p>Ela acusa o TikTok de ter um sistema de verifica\u00e7\u00e3o falho que corre o risco de expor menores de 13 anos a conte\u00fado inapropriado.<\/p>\n<!-- \/wp:paragraph -->\n\n<!-- wp:paragraph -->\n<p>Esta decis\u00e3o, tomada com urg\u00eancia, surge na sequ\u00eancia de uma trag\u00e9dia que custou a vida a uma menina de dez anos que participou num desafio na rede social que se tornou viral (o jogo do cachecol).<\/p>\n<!-- \/wp:paragraph -->\n\n<!-- wp:list -->\n<ul><!-- wp:list-item -->\n<li>A autoridade belga de prote\u00e7\u00e3o de dados notificou o governo sobre as condi\u00e7\u00f5es, consideradas muito amplas, sob as quais o Escrit\u00f3rio Nacional de Previd\u00eancia Social pode compartilhar dados pessoais. <strong>dados de sa\u00fade da covid<\/strong>.<\/li>\n<!-- \/wp:list-item --><\/ul>\n<!-- \/wp:list -->\n\n<!-- wp:paragraph -->\n<p>Pede um ajuste no texto do decreto real que especifica as condi\u00e7\u00f5es para o compartilhamento de dados.<\/p>\n<!-- \/wp:paragraph -->\n\n<!-- wp:paragraph -->\n<p>Internacional:<\/p>\n<!-- \/wp:paragraph -->\n\n<!-- wp:paragraph -->\n<p>O estado de Nova York acaba de aprovar uma lei que suspende o uso e a compra de tecnologia de reconhecimento facial e outros identificadores biom\u00e9tricos nas escolas at\u00e9 julho de 2022.<\/p>\n<!-- \/wp:paragraph -->\n\n<!-- wp:paragraph -->\n<p>O governador de Nova York instrui o Comiss\u00e1rio de Educa\u00e7\u00e3o a conduzir um estudo sobre a adequa\u00e7\u00e3o dessa tecnologia no ambiente educacional.<\/p>\n<!-- \/wp:paragraph -->\n\n<!-- wp:paragraph -->\n<p><em>Ana Cristina Lacoste<\/em><\/p>\n<!-- \/wp:paragraph -->\n\n<!-- wp:paragraph -->\n<p><em>S\u00f3cia da Olivier Weber Avocat, Anne Christine Lacoste \u00e9 advogada especializada em direito de dados; foi chefe de rela\u00e7\u00f5es internacionais da Autoridade Europeia para a Prote\u00e7\u00e3o de Dados e trabalhou na implementa\u00e7\u00e3o do RGPD na Uni\u00e3o Europeia.<\/em><\/p>\n<!-- \/wp:paragraph -->\t\t\t\t\t\t<\/div>\n\t\t\t\t<\/div>\n\t\t\t\t\t<\/div>\n\t\t<\/div>\n\t\t\t\t\t<\/div>\n\t\t<\/section>\n\t\t\t\t<section class=\"elementor-section elementor-top-section elementor-element elementor-element-4bb3884 ot-traditional elementor-section-boxed elementor-section-height-default elementor-section-height-default\" data-id=\"4bb3884\" data-element_type=\"section\">\n\t\t\t\t\t\t<div class=\"elementor-container elementor-column-gap-default\">\n\t\t\t\t\t<div class=\"elementor-column elementor-col-100 elementor-top-column elementor-element elementor-element-0d6fb48 ot-flex-column-vertical\" data-id=\"0d6fb48\" data-element_type=\"column\">\n\t\t\t<div class=\"elementor-widget-wrap elementor-element-populated\">\n\t\t\t\t\t\t<div class=\"elementor-element elementor-element-225dbcc elementor-align-center elementor-widget elementor-widget-button\" data-id=\"225dbcc\" data-element_type=\"widget\" data-widget_type=\"button.default\">\n\t\t\t\t<div class=\"elementor-widget-container\">\n\t\t\t\t\t<div class=\"elementor-button-wrapper\">\n\t\t\t<a class=\"elementor-button elementor-button-link elementor-size-lg\" href=\"https:\/\/app.viqtor.eu\/\">\n\t\t\t\t\t\t<span class=\"elementor-button-content-wrapper\">\n\t\t\t\t\t\t<span class=\"elementor-button-icon\">\n\t\t\t\t<i aria-hidden=\"true\" class=\"fas fa-long-arrow-alt-right\"><\/i>\t\t\t<\/span>\n\t\t\t\t\t\t\t\t\t<span class=\"elementor-button-text\">Descubra Viqtor\u00ae<\/span>\n\t\t\t\t\t<\/span>\n\t\t\t\t\t<\/a>\n\t\t<\/div>\n\t\t\t\t<\/div>\n\t\t\t\t<\/div>\n\t\t\t\t\t<\/div>\n\t\t<\/div>\n\t\t\t\t\t<\/div>\n\t\t<\/section>\n\t\t\t\t<\/div>","protected":false},"excerpt":{"rendered":"<p>Not\u00edcias Regulat\u00f3rias: Celebra\u00e7\u00f5es e Supervis\u00e3o Legal Watch n\u00ba 31 \u2013 Janeiro de 2021 Not\u00edcias Regulat\u00f3rias: Celebra\u00e7\u00f5es e Supervis\u00e3o. Os \u00faltimos dias foram uma oportunidade para celebrar (virtualmente) v\u00e1rios anivers\u00e1rios. Em 28 de janeiro, as partes interessadas em privacidade na Europa, \u00c1frica, Am\u00e9ricas e [\u2026]<\/p>","protected":false},"author":1,"featured_media":5709,"comment_status":"closed","ping_status":"open","sticky":false,"template":"elementor_header_footer","format":"standard","meta":{"_acf_changed":false,"footnotes":""},"categories":[35],"tags":[],"class_list":["post-5454","post","type-post","status-publish","format-standard","has-post-thumbnail","hentry","category-veille-juridique"],"acf":[],"yoast_head":"<!-- This site is optimized with the Yoast SEO plugin v23.6 - https:\/\/yoast.com\/wordpress\/plugins\/seo\/ -->\n<title>L\u2019actualit\u00e9 des autorit\u00e9s de contr\u00f4le : c\u00e9l\u00e9brations et supervision - Viqtor<\/title>\n<meta name=\"description\" content=\"L\u2019actualit\u00e9 des autorit\u00e9s de contr\u00f4le : c\u00e9l\u00e9brations et supervision Veille juridique - Viqtor\" \/>\n<meta name=\"robots\" content=\"index, follow, max-snippet:-1, max-image-preview:large, max-video-preview:-1\" \/>\n<link rel=\"canonical\" href=\"https:\/\/viqtor.eu\/pt\/lactualite-des-autorites-de-controle\/\" \/>\n<meta property=\"og:locale\" content=\"pt_PT\" \/>\n<meta property=\"og:type\" content=\"article\" \/>\n<meta property=\"og:title\" content=\"L\u2019actualit\u00e9 des autorit\u00e9s de contr\u00f4le : c\u00e9l\u00e9brations et supervision - Viqtor\" \/>\n<meta property=\"og:description\" content=\"L\u2019actualit\u00e9 des autorit\u00e9s de contr\u00f4le : c\u00e9l\u00e9brations et supervision Veille juridique - Viqtor\" \/>\n<meta property=\"og:url\" content=\"https:\/\/viqtor.eu\/pt\/lactualite-des-autorites-de-controle\/\" \/>\n<meta property=\"og:site_name\" content=\"Viqtor\" \/>\n<meta property=\"article:published_time\" content=\"2023-04-19T10:34:16+00:00\" \/>\n<meta property=\"article:modified_time\" content=\"2024-07-22T13:10:50+00:00\" \/>\n<meta property=\"og:image\" content=\"https:\/\/viqtor.eu\/wp-content\/uploads\/2026\/04\/widget-viqtor.png\" \/>\n\t<meta property=\"og:image:width\" content=\"1000\" \/>\n\t<meta property=\"og:image:height\" content=\"667\" \/>\n\t<meta property=\"og:image:type\" content=\"image\/jpeg\" \/>\n<meta name=\"author\" content=\"Bruno\" \/>\n<meta name=\"twitter:card\" content=\"summary_large_image\" \/>\n<meta name=\"twitter:label1\" content=\"Escrito por\" \/>\n\t<meta name=\"twitter:data1\" content=\"Bruno\" \/>\n\t<meta name=\"twitter:label2\" content=\"Tempo estimado de leitura\" \/>\n\t<meta name=\"twitter:data2\" content=\"6 minutos\" \/>\n<script type=\"application\/ld+json\" class=\"yoast-schema-graph\">{\"@context\":\"https:\/\/schema.org\",\"@graph\":[{\"@type\":\"Article\",\"@id\":\"https:\/\/viqtor.eu\/lactualite-des-autorites-de-controle\/#article\",\"isPartOf\":{\"@id\":\"https:\/\/viqtor.eu\/lactualite-des-autorites-de-controle\/\"},\"author\":{\"name\":\"Bruno\",\"@id\":\"https:\/\/viqtor.eu\/#\/schema\/person\/3dbd9cc82a28f6cf1695c92eda0099ad\"},\"headline\":\"L\u2019actualit\u00e9 des autorit\u00e9s de contr\u00f4le : c\u00e9l\u00e9brations et supervision\",\"datePublished\":\"2023-04-19T10:34:16+00:00\",\"dateModified\":\"2024-07-22T13:10:50+00:00\",\"mainEntityOfPage\":{\"@id\":\"https:\/\/viqtor.eu\/lactualite-des-autorites-de-controle\/\"},\"wordCount\":1189,\"publisher\":{\"@id\":\"https:\/\/viqtor.eu\/#organization\"},\"image\":{\"@id\":\"https:\/\/viqtor.eu\/lactualite-des-autorites-de-controle\/#primaryimage\"},\"thumbnailUrl\":\"https:\/\/viqtor.eu\/wp-content\/uploads\/2023\/04\/shutterstock_507250789.jpg\",\"articleSection\":[\"Veille juridique\"],\"inLanguage\":\"pt-PT\"},{\"@type\":\"WebPage\",\"@id\":\"https:\/\/viqtor.eu\/lactualite-des-autorites-de-controle\/\",\"url\":\"https:\/\/viqtor.eu\/lactualite-des-autorites-de-controle\/\",\"name\":\"L\u2019actualit\u00e9 des autorit\u00e9s de contr\u00f4le : c\u00e9l\u00e9brations et supervision - Viqtor\",\"isPartOf\":{\"@id\":\"https:\/\/viqtor.eu\/#website\"},\"primaryImageOfPage\":{\"@id\":\"https:\/\/viqtor.eu\/lactualite-des-autorites-de-controle\/#primaryimage\"},\"image\":{\"@id\":\"https:\/\/viqtor.eu\/lactualite-des-autorites-de-controle\/#primaryimage\"},\"thumbnailUrl\":\"https:\/\/viqtor.eu\/wp-content\/uploads\/2023\/04\/shutterstock_507250789.jpg\",\"datePublished\":\"2023-04-19T10:34:16+00:00\",\"dateModified\":\"2024-07-22T13:10:50+00:00\",\"description\":\"L\u2019actualit\u00e9 des autorit\u00e9s de contr\u00f4le : c\u00e9l\u00e9brations et supervision Veille juridique - Viqtor\",\"breadcrumb\":{\"@id\":\"https:\/\/viqtor.eu\/lactualite-des-autorites-de-controle\/#breadcrumb\"},\"inLanguage\":\"pt-PT\",\"potentialAction\":[{\"@type\":\"ReadAction\",\"target\":[\"https:\/\/viqtor.eu\/lactualite-des-autorites-de-controle\/\"]}]},{\"@type\":\"ImageObject\",\"inLanguage\":\"pt-PT\",\"@id\":\"https:\/\/viqtor.eu\/lactualite-des-autorites-de-controle\/#primaryimage\",\"url\":\"https:\/\/viqtor.eu\/wp-content\/uploads\/2023\/04\/shutterstock_507250789.jpg\",\"contentUrl\":\"https:\/\/viqtor.eu\/wp-content\/uploads\/2023\/04\/shutterstock_507250789.jpg\",\"width\":1000,\"height\":667},{\"@type\":\"BreadcrumbList\",\"@id\":\"https:\/\/viqtor.eu\/lactualite-des-autorites-de-controle\/#breadcrumb\",\"itemListElement\":[{\"@type\":\"ListItem\",\"position\":1,\"name\":\"Accueil\",\"item\":\"https:\/\/viqtor.eu\/\"},{\"@type\":\"ListItem\",\"position\":2,\"name\":\"L\u2019actualit\u00e9 des autorit\u00e9s de contr\u00f4le : c\u00e9l\u00e9brations et supervision\"}]},{\"@type\":\"WebSite\",\"@id\":\"https:\/\/viqtor.eu\/#website\",\"url\":\"https:\/\/viqtor.eu\/\",\"name\":\"Viqtor\",\"description\":\"Faites du RGPD une opportunit\u00e9 pour votre entreprise.\",\"publisher\":{\"@id\":\"https:\/\/viqtor.eu\/#organization\"},\"potentialAction\":[{\"@type\":\"SearchAction\",\"target\":{\"@type\":\"EntryPoint\",\"urlTemplate\":\"https:\/\/viqtor.eu\/?s={search_term_string}\"},\"query-input\":{\"@type\":\"PropertyValueSpecification\",\"valueRequired\":true,\"valueName\":\"search_term_string\"}}],\"inLanguage\":\"pt-PT\"},{\"@type\":\"Organization\",\"@id\":\"https:\/\/viqtor.eu\/#organization\",\"name\":\"viqtor.eu\",\"url\":\"https:\/\/viqtor.eu\/\",\"logo\":{\"@type\":\"ImageObject\",\"inLanguage\":\"pt-PT\",\"@id\":\"https:\/\/viqtor.eu\/#\/schema\/logo\/image\/\",\"url\":\"https:\/\/viqtor.eu\/wp-content\/uploads\/2023\/06\/favicon-noir.svg\",\"contentUrl\":\"https:\/\/viqtor.eu\/wp-content\/uploads\/2023\/06\/favicon-noir.svg\",\"width\":108,\"height\":86,\"caption\":\"viqtor.eu\"},\"image\":{\"@id\":\"https:\/\/viqtor.eu\/#\/schema\/logo\/image\/\"}},{\"@type\":\"Person\",\"@id\":\"https:\/\/viqtor.eu\/#\/schema\/person\/3dbd9cc82a28f6cf1695c92eda0099ad\",\"name\":\"Bruno\",\"image\":{\"@type\":\"ImageObject\",\"inLanguage\":\"pt-PT\",\"@id\":\"https:\/\/viqtor.eu\/#\/schema\/person\/image\/\",\"url\":\"https:\/\/secure.gravatar.com\/avatar\/e5a596f9489de15bfe046e97fb771f63589b601ca7e81ccc2bb9a23582f441a3?s=96&d=mm&r=g\",\"contentUrl\":\"https:\/\/secure.gravatar.com\/avatar\/e5a596f9489de15bfe046e97fb771f63589b601ca7e81ccc2bb9a23582f441a3?s=96&d=mm&r=g\",\"caption\":\"Bruno\"},\"sameAs\":[\"https:\/\/exciting-panini.13-37-234-21.plesk.page\"],\"url\":\"https:\/\/viqtor.eu\/pt\/author\/mouad_zxum2ebi\/\"}]}<\/script>\n<!-- \/ Yoast SEO plugin. -->","yoast_head_json":{"title":"L\u2019actualit\u00e9 des autorit\u00e9s de contr\u00f4le : c\u00e9l\u00e9brations et supervision - Viqtor","description":"L\u2019actualit\u00e9 des autorit\u00e9s de contr\u00f4le : c\u00e9l\u00e9brations et supervision Veille juridique - Viqtor","robots":{"index":"index","follow":"follow","max-snippet":"max-snippet:-1","max-image-preview":"max-image-preview:large","max-video-preview":"max-video-preview:-1"},"canonical":"https:\/\/viqtor.eu\/pt\/lactualite-des-autorites-de-controle\/","og_locale":"pt_PT","og_type":"article","og_title":"L\u2019actualit\u00e9 des autorit\u00e9s de contr\u00f4le : c\u00e9l\u00e9brations et supervision - Viqtor","og_description":"L\u2019actualit\u00e9 des autorit\u00e9s de contr\u00f4le : c\u00e9l\u00e9brations et supervision Veille juridique - Viqtor","og_url":"https:\/\/viqtor.eu\/pt\/lactualite-des-autorites-de-controle\/","og_site_name":"Viqtor","article_published_time":"2023-04-19T10:34:16+00:00","article_modified_time":"2024-07-22T13:10:50+00:00","og_image":[{"width":1000,"height":667,"url":"https:\/\/viqtor.eu\/wp-content\/uploads\/2026\/04\/widget-viqtor.png","type":"image\/jpeg"}],"author":"Bruno","twitter_card":"summary_large_image","twitter_misc":{"Escrito por":"Bruno","Tempo estimado de leitura":"6 minutos"},"schema":{"@context":"https:\/\/schema.org","@graph":[{"@type":"Article","@id":"https:\/\/viqtor.eu\/lactualite-des-autorites-de-controle\/#article","isPartOf":{"@id":"https:\/\/viqtor.eu\/lactualite-des-autorites-de-controle\/"},"author":{"name":"Bruno","@id":"https:\/\/viqtor.eu\/#\/schema\/person\/3dbd9cc82a28f6cf1695c92eda0099ad"},"headline":"L\u2019actualit\u00e9 des autorit\u00e9s de contr\u00f4le : c\u00e9l\u00e9brations et supervision","datePublished":"2023-04-19T10:34:16+00:00","dateModified":"2024-07-22T13:10:50+00:00","mainEntityOfPage":{"@id":"https:\/\/viqtor.eu\/lactualite-des-autorites-de-controle\/"},"wordCount":1189,"publisher":{"@id":"https:\/\/viqtor.eu\/#organization"},"image":{"@id":"https:\/\/viqtor.eu\/lactualite-des-autorites-de-controle\/#primaryimage"},"thumbnailUrl":"https:\/\/viqtor.eu\/wp-content\/uploads\/2023\/04\/shutterstock_507250789.jpg","articleSection":["Veille juridique"],"inLanguage":"pt-PT"},{"@type":"WebPage","@id":"https:\/\/viqtor.eu\/lactualite-des-autorites-de-controle\/","url":"https:\/\/viqtor.eu\/lactualite-des-autorites-de-controle\/","name":"L\u2019actualit\u00e9 des autorit\u00e9s de contr\u00f4le : c\u00e9l\u00e9brations et supervision - Viqtor","isPartOf":{"@id":"https:\/\/viqtor.eu\/#website"},"primaryImageOfPage":{"@id":"https:\/\/viqtor.eu\/lactualite-des-autorites-de-controle\/#primaryimage"},"image":{"@id":"https:\/\/viqtor.eu\/lactualite-des-autorites-de-controle\/#primaryimage"},"thumbnailUrl":"https:\/\/viqtor.eu\/wp-content\/uploads\/2023\/04\/shutterstock_507250789.jpg","datePublished":"2023-04-19T10:34:16+00:00","dateModified":"2024-07-22T13:10:50+00:00","description":"L\u2019actualit\u00e9 des autorit\u00e9s de contr\u00f4le : c\u00e9l\u00e9brations et supervision Veille juridique - Viqtor","breadcrumb":{"@id":"https:\/\/viqtor.eu\/lactualite-des-autorites-de-controle\/#breadcrumb"},"inLanguage":"pt-PT","potentialAction":[{"@type":"ReadAction","target":["https:\/\/viqtor.eu\/lactualite-des-autorites-de-controle\/"]}]},{"@type":"ImageObject","inLanguage":"pt-PT","@id":"https:\/\/viqtor.eu\/lactualite-des-autorites-de-controle\/#primaryimage","url":"https:\/\/viqtor.eu\/wp-content\/uploads\/2023\/04\/shutterstock_507250789.jpg","contentUrl":"https:\/\/viqtor.eu\/wp-content\/uploads\/2023\/04\/shutterstock_507250789.jpg","width":1000,"height":667},{"@type":"BreadcrumbList","@id":"https:\/\/viqtor.eu\/lactualite-des-autorites-de-controle\/#breadcrumb","itemListElement":[{"@type":"ListItem","position":1,"name":"Accueil","item":"https:\/\/viqtor.eu\/"},{"@type":"ListItem","position":2,"name":"L\u2019actualit\u00e9 des autorit\u00e9s de contr\u00f4le : c\u00e9l\u00e9brations et supervision"}]},{"@type":"WebSite","@id":"https:\/\/viqtor.eu\/#website","url":"https:\/\/viqtor.eu\/","name":"Viqtor","description":"Faites du RGPD une opportunit\u00e9 pour votre entreprise.","publisher":{"@id":"https:\/\/viqtor.eu\/#organization"},"potentialAction":[{"@type":"SearchAction","target":{"@type":"EntryPoint","urlTemplate":"https:\/\/viqtor.eu\/?s={search_term_string}"},"query-input":{"@type":"PropertyValueSpecification","valueRequired":true,"valueName":"search_term_string"}}],"inLanguage":"pt-PT"},{"@type":"Organization","@id":"https:\/\/viqtor.eu\/#organization","name":"viqtor.eu","url":"https:\/\/viqtor.eu\/","logo":{"@type":"ImageObject","inLanguage":"pt-PT","@id":"https:\/\/viqtor.eu\/#\/schema\/logo\/image\/","url":"https:\/\/viqtor.eu\/wp-content\/uploads\/2023\/06\/favicon-noir.svg","contentUrl":"https:\/\/viqtor.eu\/wp-content\/uploads\/2023\/06\/favicon-noir.svg","width":108,"height":86,"caption":"viqtor.eu"},"image":{"@id":"https:\/\/viqtor.eu\/#\/schema\/logo\/image\/"}},{"@type":"Person","@id":"https:\/\/viqtor.eu\/#\/schema\/person\/3dbd9cc82a28f6cf1695c92eda0099ad","name":"Bruno","image":{"@type":"ImageObject","inLanguage":"pt-PT","@id":"https:\/\/viqtor.eu\/#\/schema\/person\/image\/","url":"https:\/\/secure.gravatar.com\/avatar\/e5a596f9489de15bfe046e97fb771f63589b601ca7e81ccc2bb9a23582f441a3?s=96&d=mm&r=g","contentUrl":"https:\/\/secure.gravatar.com\/avatar\/e5a596f9489de15bfe046e97fb771f63589b601ca7e81ccc2bb9a23582f441a3?s=96&d=mm&r=g","caption":"Bruno"},"sameAs":["https:\/\/exciting-panini.13-37-234-21.plesk.page"],"url":"https:\/\/viqtor.eu\/pt\/author\/mouad_zxum2ebi\/"}]}},"_links":{"self":[{"href":"https:\/\/viqtor.eu\/pt\/wp-json\/wp\/v2\/posts\/5454","targetHints":{"allow":["GET"]}}],"collection":[{"href":"https:\/\/viqtor.eu\/pt\/wp-json\/wp\/v2\/posts"}],"about":[{"href":"https:\/\/viqtor.eu\/pt\/wp-json\/wp\/v2\/types\/post"}],"author":[{"embeddable":true,"href":"https:\/\/viqtor.eu\/pt\/wp-json\/wp\/v2\/users\/1"}],"replies":[{"embeddable":true,"href":"https:\/\/viqtor.eu\/pt\/wp-json\/wp\/v2\/comments?post=5454"}],"version-history":[{"count":14,"href":"https:\/\/viqtor.eu\/pt\/wp-json\/wp\/v2\/posts\/5454\/revisions"}],"predecessor-version":[{"id":11896,"href":"https:\/\/viqtor.eu\/pt\/wp-json\/wp\/v2\/posts\/5454\/revisions\/11896"}],"wp:featuredmedia":[{"embeddable":true,"href":"https:\/\/viqtor.eu\/pt\/wp-json\/wp\/v2\/media\/5709"}],"wp:attachment":[{"href":"https:\/\/viqtor.eu\/pt\/wp-json\/wp\/v2\/media?parent=5454"}],"wp:term":[{"taxonomy":"category","embeddable":true,"href":"https:\/\/viqtor.eu\/pt\/wp-json\/wp\/v2\/categories?post=5454"},{"taxonomy":"post_tag","embeddable":true,"href":"https:\/\/viqtor.eu\/pt\/wp-json\/wp\/v2\/tags?post=5454"}],"curies":[{"name":"wp","href":"https:\/\/api.w.org\/{rel}","templated":true}]}}