{"id":5318,"date":"2023-04-18T11:07:17","date_gmt":"2023-04-18T11:07:17","guid":{"rendered":"https:\/\/exciting-panini.13-37-234-21.plesk.page\/?p=5318"},"modified":"2024-07-03T11:11:47","modified_gmt":"2024-07-03T11:11:47","slug":"la-protection-des-donnees-en-pleine-effervescence","status":"publish","type":"post","link":"https:\/\/viqtor.eu\/pt\/la-protection-des-donnees-en-pleine-effervescence\/","title":{"rendered":"Prote\u00e7\u00e3o de dados a todo vapor"},"content":{"rendered":"<div data-elementor-type=\"wp-post\" data-elementor-id=\"5318\" class=\"elementor elementor-5318\" data-elementor-post-type=\"post\">\n\t\t\t\t\t\t<section class=\"elementor-section elementor-top-section elementor-element elementor-element-3bf6c52 ot-traditional elementor-section-boxed elementor-section-height-default elementor-section-height-default\" data-id=\"3bf6c52\" data-element_type=\"section\">\n\t\t\t\t\t\t<div class=\"elementor-container elementor-column-gap-default\">\n\t\t\t\t\t<div class=\"elementor-column elementor-col-100 elementor-top-column elementor-element elementor-element-7925bf4 ot-flex-column-vertical\" data-id=\"7925bf4\" data-element_type=\"column\">\n\t\t\t<div class=\"elementor-widget-wrap elementor-element-populated\">\n\t\t\t\t\t\t<div class=\"elementor-element elementor-element-ffd3f77 elementor-widget elementor-widget-image\" data-id=\"ffd3f77\" data-element_type=\"widget\" data-widget_type=\"image.default\">\n\t\t\t\t<div class=\"elementor-widget-container\">\n\t\t\t\t\t\t\t\t\t\t\t\t\t<img fetchpriority=\"high\" decoding=\"async\" width=\"1000\" height=\"563\" src=\"https:\/\/viqtor.eu\/wp-content\/uploads\/2023\/04\/La-protection-des-donnees-en-pleine-effervescence.webp\" class=\"attachment-full size-full wp-image-11732\" alt=\"La protection des donn\u00e9es en pleine effervescence\" srcset=\"https:\/\/viqtor.eu\/wp-content\/uploads\/2023\/04\/La-protection-des-donnees-en-pleine-effervescence.webp 1000w, https:\/\/viqtor.eu\/wp-content\/uploads\/2023\/04\/La-protection-des-donnees-en-pleine-effervescence-300x169.webp 300w, https:\/\/viqtor.eu\/wp-content\/uploads\/2023\/04\/La-protection-des-donnees-en-pleine-effervescence-768x432.webp 768w, https:\/\/viqtor.eu\/wp-content\/uploads\/2023\/04\/La-protection-des-donnees-en-pleine-effervescence-720x405.webp 720w\" sizes=\"(max-width: 1000px) 100vw, 1000px\" \/>\t\t\t\t\t\t\t\t\t\t\t\t\t<\/div>\n\t\t\t\t<\/div>\n\t\t\t\t\t<\/div>\n\t\t<\/div>\n\t\t\t\t\t<\/div>\n\t\t<\/section>\n\t\t\t\t<section class=\"elementor-section elementor-top-section elementor-element elementor-element-f35a64f ot-traditional elementor-section-boxed elementor-section-height-default elementor-section-height-default\" data-id=\"f35a64f\" data-element_type=\"section\">\n\t\t\t\t\t\t<div class=\"elementor-container elementor-column-gap-default\">\n\t\t\t\t\t<div class=\"elementor-column elementor-col-100 elementor-top-column elementor-element elementor-element-3094181 ot-flex-column-vertical\" data-id=\"3094181\" data-element_type=\"column\">\n\t\t\t<div class=\"elementor-widget-wrap elementor-element-populated\">\n\t\t\t\t\t\t<div class=\"elementor-element elementor-element-2e2e49d elementor-widget elementor-widget-heading\" data-id=\"2e2e49d\" data-element_type=\"widget\" data-widget_type=\"heading.default\">\n\t\t\t\t<div class=\"elementor-widget-container\">\n\t\t\t<h1 class=\"elementor-heading-title elementor-size-default\">Prote\u00e7\u00e3o de dados a todo vapor<\/h1>\t\t<\/div>\n\t\t\t\t<\/div>\n\t\t\t\t\t<\/div>\n\t\t<\/div>\n\t\t\t\t\t<\/div>\n\t\t<\/section>\n\t\t\t\t<section class=\"elementor-section elementor-top-section elementor-element elementor-element-358b87ac ot-traditional elementor-section-boxed elementor-section-height-default elementor-section-height-default\" data-id=\"358b87ac\" data-element_type=\"section\">\n\t\t\t\t\t\t<div class=\"elementor-container elementor-column-gap-default\">\n\t\t\t\t\t<div class=\"elementor-column elementor-col-100 elementor-top-column elementor-element elementor-element-52fd0ebc ot-flex-column-vertical\" data-id=\"52fd0ebc\" data-element_type=\"column\">\n\t\t\t<div class=\"elementor-widget-wrap elementor-element-populated\">\n\t\t\t\t\t\t<div class=\"elementor-element elementor-element-32cbe82f elementor-widget elementor-widget-text-editor\" data-id=\"32cbe82f\" data-element_type=\"widget\" data-widget_type=\"text-editor.default\">\n\t\t\t\t<div class=\"elementor-widget-container\">\n\t\t\t\t\t\t\t<!-- wp:paragraph -->\n<p>Legal Watch n\u00ba 20 \u2013 10 de fevereiro de 2020<\/p>\n<!-- \/wp:paragraph -->\n\n<!-- wp:paragraph -->\n<p>Eis o que recordamos das primeiras semanas deste novo ano, com in\u00fameros debates por ocasi\u00e3o de acontecimentos significativos:<\/p>\n<!-- \/wp:paragraph -->\n\n<!-- wp:list -->\n<ul><!-- wp:list-item -->\n<li>Dia Internacional da Prote\u00e7\u00e3o de Dados, 28 de janeiro,<\/li>\n<!-- \/wp:list-item -->\n\n<!-- wp:list-item -->\n<li>A confer\u00eancia internacional sobre protec\u00e7\u00e3o de dados organizada na semana anterior em Bruxelas pelo sector acad\u00e9mico e<\/li>\n<!-- \/wp:list-item -->\n\n<!-- wp:list-item -->\n<li>O F\u00f3rum Internacional de Seguran\u00e7a Cibern\u00e9tica em Lille nos \u00faltimos dias de janeiro.<\/li>\n<!-- \/wp:list-item --><\/ul>\n<!-- \/wp:list -->\n\n<!-- wp:paragraph -->\n<p>Fevereiro n\u00e3o ficar\u00e1 de fora, com a confer\u00eancia &quot;prote\u00e7\u00e3o intensiva de dados&quot; em Paris, organizada pela Associa\u00e7\u00e3o Internacional de DPOs (IAPP).<\/p>\n<!-- \/wp:paragraph -->\n\n<!-- wp:paragraph -->\n<p>Entre os diversos temas abordados, dois se destacam: a intensifica\u00e7\u00e3o dos debates em torno do reconhecimento facial e a situa\u00e7\u00e3o espec\u00edfica das VSEs e PMEs em rela\u00e7\u00e3o ao RGPD.<\/p>\n<!-- \/wp:paragraph -->\n\n<!-- wp:paragraph -->\n<p><strong><u>Reconhecimento facial em quest\u00e3o<\/u><\/strong><\/p>\n<!-- \/wp:paragraph -->\n\n<!-- wp:paragraph -->\n<p>O que acendeu o rastilho no final de Janeiro foi a hip\u00f3tese, avan\u00e7ada num livro branco pela Comiss\u00e3o Europeia, de uma <strong>morat\u00f3ria<\/strong> sobre reconhecimento facial em locais p\u00fablicos.<\/p>\n<!-- \/wp:paragraph -->\n\n<!-- wp:paragraph -->\n<p>Este documento, em fase de rascunho, n\u00e3o se destinava \u00e0 distribui\u00e7\u00e3o, e a Comiss\u00e3o anunciou desde ent\u00e3o que est\u00e1 abandonando a possibilidade de uma morat\u00f3ria e priorizando outras vias de regulamenta\u00e7\u00e3o.<\/p>\n<!-- \/wp:paragraph -->\n\n<!-- wp:paragraph -->\n<p>Ela apresentar\u00e1 seu artigo sobre intelig\u00eancia artificial em 19 de fevereiro.<\/p>\n<!-- \/wp:paragraph -->\n\n<!-- wp:paragraph -->\n<p><strong>A ideia de regulamentar mais rigorosamente, ou mesmo proibir, o reconhecimento autom\u00e1tico de pessoas em determinados locais<\/strong>, est\u00e1 abrindo caminho entre os reguladores, bem como nos setores p\u00fablico e privado, e at\u00e9 mesmo al\u00e9m da Europa.<\/p>\n<!-- \/wp:paragraph -->\n\n<!-- wp:paragraph -->\n<p>A Autoridade Europeia para a Prote\u00e7\u00e3o de Dados (EDPS) e o Comiss\u00e1rio para a Prote\u00e7\u00e3o de Dados do Conselho da Europa, entre outros, manifestaram-se sobre este assunto.<\/p>\n<!-- \/wp:paragraph -->\n\n<!-- wp:paragraph -->\n<p>O Conselho Europeu para a Prote\u00e7\u00e3o de Dados (EDPB) tamb\u00e9m aborda a quest\u00e3o em suas \u00faltimas diretrizes adotadas no final de janeiro.<\/p>\n<!-- \/wp:paragraph -->\n\n<!-- wp:paragraph -->\n<p>Cada vez mais cidades, como S\u00e3o Francisco e Cambridge, baniram essa tecnologia de seus espa\u00e7os p\u00fablicos.<\/p>\n<!-- \/wp:paragraph -->\n\n<!-- wp:paragraph -->\n<p>Os usos potenciais dos dados criam tanta incerteza que gigantes da tecnologia como a Microsoft tamb\u00e9m est\u00e3o pedindo maior clareza.<\/p>\n<!-- \/wp:paragraph -->\n\n<!-- wp:paragraph -->\n<p>Entre os argumentos apresentados, destacamos em particular a <strong>riscos de discrimina\u00e7\u00e3o<\/strong> com base na origem \u00e9tnica e outros preconceitos que levam a muitos \u201cfalsos positivos\u201d.<\/p>\n<!-- \/wp:paragraph -->\n\n<!-- wp:paragraph -->\n<p>A perspectiva de um espa\u00e7o p\u00fablico sob vigil\u00e2ncia total tamb\u00e9m levanta quest\u00f5es \u00e0 luz das atuais possibilidades de coleta de dados: estamos pensando no banco de dados Clearview, a empresa que armazena rostos acess\u00edveis em todas as redes sociais para vend\u00ea-los \u00e0s autoridades policiais nos Estados Unidos, e que foi manchete no in\u00edcio deste ano.<\/p>\n<!-- \/wp:paragraph -->\n\n<!-- wp:paragraph -->\n<p>A dimens\u00e3o internacional do problema tamb\u00e9m merece ser destacada.<\/p>\n<!-- \/wp:paragraph -->\n\n<!-- wp:paragraph -->\n<p>Isso \u00e9 evidenciado pela recente quest\u00e3o parlamentar em n\u00edvel europeu sobre o projeto &quot;Cidade Segura&quot;, desenvolvido na S\u00e9rvia, com base na tecnologia chinesa de reconhecimento facial.&nbsp;<\/p>\n<!-- \/wp:paragraph -->\n\n<!-- wp:table -->\n<figure class=\"wp-block-table\"><table><tbody><tr><td>BOLETIM RESTRITO<\/td><\/tr><\/tbody><\/table><\/figure>\n<!-- \/wp:table -->\n\n<!-- wp:paragraph -->\n<p><strong><u>A situa\u00e7\u00e3o das VSE e das PME<\/u><\/strong><\/p>\n<!-- \/wp:paragraph -->\n\n<!-- wp:paragraph -->\n<p>Os debates que ocorreram durante os v\u00e1rios eventos de janeiro destacaram os principais desafios enfrentados pelas (muito) pequenas e m\u00e9dias empresas.<\/p>\n<!-- \/wp:paragraph -->\n\n<!-- wp:paragraph -->\n<p>Se representam a maior parte da economia europeia, <strong>eles s\u00e3o os mais carentes<\/strong> ao abordar quest\u00f5es de seguran\u00e7a de sua plataforma de TI, uso da nuvem, terceiriza\u00e7\u00e3o e uso de ferramentas de autoavalia\u00e7\u00e3o (auditorias).<\/p>\n<!-- \/wp:paragraph -->\n\n<!-- wp:paragraph -->\n<p>Diante dessas quest\u00f5es<strong>, v\u00e1rias iniciativas<\/strong> viram a luz do dia.&nbsp;<\/p>\n<!-- \/wp:paragraph -->\n\n<!-- wp:paragraph -->\n<p>A ENISA (Ag\u00eancia Europeia de Seguran\u00e7a Cibern\u00e9tica) lan\u00e7ou uma plataforma online em 28 de janeiro para ajudar empresas, especialmente PMEs, a proteger seus dados.<\/p>\n<!-- \/wp:paragraph -->\n\n<!-- wp:paragraph -->\n<p>H\u00e1 tamb\u00e9m duas iniciativas destinadas a ajudar os desenvolvedores de sites: o guia da CNIL e o da organiza\u00e7\u00e3o EDRI, que visam apoiar o desenvolvimento de sites em conformidade com o GDPR.<\/p>\n<!-- \/wp:paragraph -->\n\n<!-- wp:paragraph -->\n<p>Embora a escolha de uma nuvem segura (e idealmente europeia) continue complexa, vale destacar os esfor\u00e7os dos reguladores europeus nesse sentido. A Microsoft, por exemplo, acaba de modificar as condi\u00e7\u00f5es contratuais do Office 365 sob press\u00e3o da EDPS e dos Pa\u00edses Baixos, a fim de torn\u00e1-las compat\u00edveis com o GDPR.<\/p>\n<!-- \/wp:paragraph -->\n\n<!-- wp:paragraph -->\n<p><strong>E tamb\u00e9m:<\/strong><\/p>\n<!-- \/wp:paragraph -->\n\n<!-- wp:paragraph -->\n<p><strong>Na Fran\u00e7a:<\/strong><\/p>\n<!-- \/wp:paragraph -->\n\n<!-- wp:paragraph -->\n<p>Conforme anunciado, a CNIL publicou em 14 de janeiro de 2020 um projeto de recomenda\u00e7\u00e3o relativo \u00e0<strong>uso de cookies e outros rastreadores<\/strong>.<\/p>\n<!-- \/wp:paragraph -->\n\n<!-- wp:paragraph -->\n<p>O objetivo \u00e9 esclarecer as condi\u00e7\u00f5es para a obten\u00e7\u00e3o do consentimento e inclui exemplos concretos de avisos aos usu\u00e1rios da internet. O texto est\u00e1 aberto para consulta at\u00e9 25 de fevereiro.<\/p>\n<!-- \/wp:paragraph -->\n\n<!-- wp:paragraph -->\n<p><\/p>\n<!-- \/wp:paragraph -->\n\n<!-- wp:paragraph -->\n<p><strong>Na Europa:<\/strong><\/p>\n<!-- \/wp:paragraph -->\n\n<!-- wp:paragraph -->\n<p>L\u00e1 <strong>Sa\u00edda do Reino Unido da Uni\u00e3o Europeia<\/strong> ter\u00e1 consequ\u00eancias nas transfer\u00eancias de dados.<\/p>\n<!-- \/wp:paragraph -->\n\n<!-- wp:paragraph -->\n<p>No entanto haver\u00e1 <strong>nenhuma mudan\u00e7a durante o ano de 2020<\/strong>, um ano de transi\u00e7\u00e3o durante o qual a Comiss\u00e3o Europeia avaliar\u00e1 o n\u00edvel de prote\u00e7\u00e3o oferecido pelo Reino Unido para adotar uma poss\u00edvel decis\u00e3o de adequa\u00e7\u00e3o.&nbsp;<\/p>\n<!-- \/wp:paragraph -->\n\n<!-- wp:paragraph -->\n<p>Os comunicados de imprensa do ICO (autoridade supervisora brit\u00e2nica) e da CNIL especificam esses elementos.<\/p>\n<!-- \/wp:paragraph -->\n\n<!-- wp:paragraph -->\n<p><strong>Internacional:<\/strong><\/p>\n<!-- \/wp:paragraph -->\n\n<!-- wp:list -->\n<ul><!-- wp:list-item -->\n<li><strong>ESTADOS UNIDOS <\/strong>:Na sequ\u00eancia da entrada em vigor no in\u00edcio de 2020 da <strong>Lei de Privacidade do Consumidor da Calif\u00f3rnia<\/strong>, \u00e9 a vez do Estado de Washington preparar um projeto de lei de privacidade.<\/li>\n<!-- \/wp:list-item --><\/ul>\n<!-- \/wp:list -->\n\n<!-- wp:list -->\n<ul><!-- wp:list-item -->\n<li><strong>Indon\u00e9sia<\/strong> : um <strong>lei de prote\u00e7\u00e3o de dados<\/strong> foi apresentada ao parlamento em 28 de janeiro. Sua vers\u00e3o mais recente, datada de 6 de dezembro de 2019, fortemente inspirada no GDPR, aplica-se aos setores p\u00fablico e privado.<\/li>\n<!-- \/wp:list-item --><\/ul>\n<!-- \/wp:list -->\n\n<!-- wp:paragraph -->\n<p>Como lembrete, a lista de pa\u00edses cujas leis s\u00e3o consideradas adequadas pela Uni\u00e3o Europeia, facilitando assim as transfer\u00eancias de dados para esses pa\u00edses, est\u00e1 dispon\u00edvel aqui.<\/p>\n<!-- \/wp:paragraph -->\n\n<!-- wp:list -->\n<ul><!-- wp:list-item -->\n<li><em>Andorra,<\/em><\/li>\n<!-- \/wp:list-item -->\n\n<!-- wp:list-item -->\n<li><em>Argentina,<\/em><\/li>\n<!-- \/wp:list-item -->\n\n<!-- wp:list-item -->\n<li><em>Canad\u00e1 (organiza\u00e7\u00f5es comerciais),<\/em><\/li>\n<!-- \/wp:list-item -->\n\n<!-- wp:list-item -->\n<li><em>Ilhas Faro\u00e9,<\/em><\/li>\n<!-- \/wp:list-item -->\n\n<!-- wp:list-item -->\n<li><em>Guernsey,<\/em><\/li>\n<!-- \/wp:list-item -->\n\n<!-- wp:list-item -->\n<li><em>Israel,<\/em><\/li>\n<!-- \/wp:list-item -->\n\n<!-- wp:list-item -->\n<li><em>Ilha de Man,<\/em><\/li>\n<!-- \/wp:list-item -->\n\n<!-- wp:list-item -->\n<li><em>Jap\u00e3o,<\/em><\/li>\n<!-- \/wp:list-item -->\n\n<!-- wp:list-item -->\n<li><em>Jersey,<\/em><\/li>\n<!-- \/wp:list-item -->\n\n<!-- wp:list-item -->\n<li><em>Nova Zel\u00e2ndia,<\/em><\/li>\n<!-- \/wp:list-item -->\n\n<!-- wp:list-item -->\n<li><em>Su\u00ed\u00e7a,<\/em><\/li>\n<!-- \/wp:list-item -->\n\n<!-- wp:list-item -->\n<li><em>Uruguai e o<\/em><\/li>\n<!-- \/wp:list-item -->\n\n<!-- wp:list-item -->\n<li><em>Estados Unidos da Am\u00e9rica (limitado \u00e0 estrutura do Escudo de Privacidade)<\/em><\/li>\n<!-- \/wp:list-item --><\/ul>\n<!-- \/wp:list -->\n\n<!-- wp:paragraph -->\n<p>Ana Cristina Lacoste<\/p>\n<!-- \/wp:paragraph -->\n\n<!-- wp:paragraph -->\n<p><em>S\u00f3cia da Olivier Weber Avocat, Anne Christine Lacoste \u00e9 advogada especializada em direito de dados; foi chefe de rela\u00e7\u00f5es internacionais da Autoridade Europeia para a Prote\u00e7\u00e3o de Dados e trabalhou na implementa\u00e7\u00e3o do RGPD na Uni\u00e3o Europeia.<\/em><\/p>\n<!-- \/wp:paragraph -->\n\n<!-- wp:paragraph -->\n<p><\/p>\n<!-- \/wp:paragraph -->\t\t\t\t\t\t<\/div>\n\t\t\t\t<\/div>\n\t\t\t\t\t<\/div>\n\t\t<\/div>\n\t\t\t\t\t<\/div>\n\t\t<\/section>\n\t\t\t\t<section class=\"elementor-section elementor-top-section elementor-element elementor-element-04e81e5 ot-traditional elementor-section-boxed elementor-section-height-default elementor-section-height-default\" data-id=\"04e81e5\" data-element_type=\"section\">\n\t\t\t\t\t\t<div class=\"elementor-container elementor-column-gap-default\">\n\t\t\t\t\t<div class=\"elementor-column elementor-col-100 elementor-top-column elementor-element elementor-element-a75a702 ot-flex-column-vertical\" data-id=\"a75a702\" data-element_type=\"column\">\n\t\t\t<div class=\"elementor-widget-wrap elementor-element-populated\">\n\t\t\t\t\t\t<div class=\"elementor-element elementor-element-69d9df9 elementor-align-center elementor-widget elementor-widget-button\" data-id=\"69d9df9\" data-element_type=\"widget\" data-widget_type=\"button.default\">\n\t\t\t\t<div class=\"elementor-widget-container\">\n\t\t\t\t\t<div class=\"elementor-button-wrapper\">\n\t\t\t<a class=\"elementor-button elementor-button-link elementor-size-lg\" href=\"https:\/\/app.viqtor.eu\/\">\n\t\t\t\t\t\t<span class=\"elementor-button-content-wrapper\">\n\t\t\t\t\t\t<span class=\"elementor-button-icon\">\n\t\t\t\t<i aria-hidden=\"true\" class=\"fas fa-long-arrow-alt-right\"><\/i>\t\t\t<\/span>\n\t\t\t\t\t\t\t\t\t<span class=\"elementor-button-text\">Descubra Viqtor\u00ae<\/span>\n\t\t\t\t\t<\/span>\n\t\t\t\t\t<\/a>\n\t\t<\/div>\n\t\t\t\t<\/div>\n\t\t\t\t<\/div>\n\t\t\t\t\t<\/div>\n\t\t<\/div>\n\t\t\t\t\t<\/div>\n\t\t<\/section>\n\t\t\t\t<\/div>","protected":false},"excerpt":{"rendered":"<p>Prote\u00e7\u00e3o de dados a todo vapor Legal Watch n\u00ba 20 \u2013 10 de fevereiro de 2020 \u00c9 o que lembramos das primeiras semanas deste novo ano, com in\u00fameros debates por ocasi\u00e3o de eventos significativos: fevereiro n\u00e3o ficar\u00e1 de fora, com a confer\u00eancia \u201cprote\u00e7\u00e3o intensiva de dados\u201d em Paris, organizada pela associa\u00e7\u00e3o internacional [\u2026]<\/p>","protected":false},"author":1,"featured_media":5747,"comment_status":"closed","ping_status":"open","sticky":false,"template":"elementor_header_footer","format":"standard","meta":{"_acf_changed":false,"footnotes":""},"categories":[35],"tags":[],"class_list":["post-5318","post","type-post","status-publish","format-standard","has-post-thumbnail","hentry","category-veille-juridique"],"acf":[],"yoast_head":"<!-- This site is optimized with the Yoast SEO plugin v23.6 - https:\/\/yoast.com\/wordpress\/plugins\/seo\/ -->\n<title>La protection des donn\u00e9es en pleine effervescence - Viqtor<\/title>\n<meta name=\"description\" content=\"La protection des donn\u00e9es en pleine effervescence Veille juridique - Viqtor\" \/>\n<meta name=\"robots\" content=\"index, follow, max-snippet:-1, max-image-preview:large, max-video-preview:-1\" \/>\n<link rel=\"canonical\" href=\"https:\/\/viqtor.eu\/pt\/la-protection-des-donnees-en-pleine-effervescence\/\" \/>\n<meta property=\"og:locale\" content=\"pt_PT\" \/>\n<meta property=\"og:type\" content=\"article\" \/>\n<meta property=\"og:title\" content=\"La protection des donn\u00e9es en pleine effervescence - Viqtor\" \/>\n<meta property=\"og:description\" content=\"La protection des donn\u00e9es en pleine effervescence Veille juridique - Viqtor\" \/>\n<meta property=\"og:url\" content=\"https:\/\/viqtor.eu\/pt\/la-protection-des-donnees-en-pleine-effervescence\/\" \/>\n<meta property=\"og:site_name\" content=\"Viqtor\" \/>\n<meta property=\"article:published_time\" content=\"2023-04-18T11:07:17+00:00\" \/>\n<meta property=\"article:modified_time\" content=\"2024-07-03T11:11:47+00:00\" \/>\n<meta property=\"og:image\" content=\"https:\/\/viqtor.eu\/wp-content\/uploads\/2026\/04\/widget-viqtor.png\" \/>\n\t<meta property=\"og:image:width\" content=\"1000\" \/>\n\t<meta property=\"og:image:height\" content=\"563\" \/>\n\t<meta property=\"og:image:type\" content=\"image\/jpeg\" \/>\n<meta name=\"author\" content=\"Bruno\" \/>\n<meta name=\"twitter:card\" content=\"summary_large_image\" \/>\n<meta name=\"twitter:label1\" content=\"Escrito por\" \/>\n\t<meta name=\"twitter:data1\" content=\"Bruno\" \/>\n\t<meta name=\"twitter:label2\" content=\"Tempo estimado de leitura\" \/>\n\t<meta name=\"twitter:data2\" content=\"6 minutos\" \/>\n<script type=\"application\/ld+json\" class=\"yoast-schema-graph\">{\"@context\":\"https:\/\/schema.org\",\"@graph\":[{\"@type\":\"Article\",\"@id\":\"https:\/\/viqtor.eu\/la-protection-des-donnees-en-pleine-effervescence\/#article\",\"isPartOf\":{\"@id\":\"https:\/\/viqtor.eu\/la-protection-des-donnees-en-pleine-effervescence\/\"},\"author\":{\"name\":\"Bruno\",\"@id\":\"https:\/\/viqtor.eu\/#\/schema\/person\/3dbd9cc82a28f6cf1695c92eda0099ad\"},\"headline\":\"La protection des donn\u00e9es en pleine effervescence\",\"datePublished\":\"2023-04-18T11:07:17+00:00\",\"dateModified\":\"2024-07-03T11:11:47+00:00\",\"mainEntityOfPage\":{\"@id\":\"https:\/\/viqtor.eu\/la-protection-des-donnees-en-pleine-effervescence\/\"},\"wordCount\":1104,\"publisher\":{\"@id\":\"https:\/\/viqtor.eu\/#organization\"},\"image\":{\"@id\":\"https:\/\/viqtor.eu\/la-protection-des-donnees-en-pleine-effervescence\/#primaryimage\"},\"thumbnailUrl\":\"https:\/\/viqtor.eu\/wp-content\/uploads\/2023\/04\/shutterstock_1490310101.jpg\",\"articleSection\":[\"Veille juridique\"],\"inLanguage\":\"pt-PT\"},{\"@type\":\"WebPage\",\"@id\":\"https:\/\/viqtor.eu\/la-protection-des-donnees-en-pleine-effervescence\/\",\"url\":\"https:\/\/viqtor.eu\/la-protection-des-donnees-en-pleine-effervescence\/\",\"name\":\"La protection des donn\u00e9es en pleine effervescence - Viqtor\",\"isPartOf\":{\"@id\":\"https:\/\/viqtor.eu\/#website\"},\"primaryImageOfPage\":{\"@id\":\"https:\/\/viqtor.eu\/la-protection-des-donnees-en-pleine-effervescence\/#primaryimage\"},\"image\":{\"@id\":\"https:\/\/viqtor.eu\/la-protection-des-donnees-en-pleine-effervescence\/#primaryimage\"},\"thumbnailUrl\":\"https:\/\/viqtor.eu\/wp-content\/uploads\/2023\/04\/shutterstock_1490310101.jpg\",\"datePublished\":\"2023-04-18T11:07:17+00:00\",\"dateModified\":\"2024-07-03T11:11:47+00:00\",\"description\":\"La protection des donn\u00e9es en pleine effervescence Veille juridique - Viqtor\",\"breadcrumb\":{\"@id\":\"https:\/\/viqtor.eu\/la-protection-des-donnees-en-pleine-effervescence\/#breadcrumb\"},\"inLanguage\":\"pt-PT\",\"potentialAction\":[{\"@type\":\"ReadAction\",\"target\":[\"https:\/\/viqtor.eu\/la-protection-des-donnees-en-pleine-effervescence\/\"]}]},{\"@type\":\"ImageObject\",\"inLanguage\":\"pt-PT\",\"@id\":\"https:\/\/viqtor.eu\/la-protection-des-donnees-en-pleine-effervescence\/#primaryimage\",\"url\":\"https:\/\/viqtor.eu\/wp-content\/uploads\/2023\/04\/shutterstock_1490310101.jpg\",\"contentUrl\":\"https:\/\/viqtor.eu\/wp-content\/uploads\/2023\/04\/shutterstock_1490310101.jpg\",\"width\":1000,\"height\":563},{\"@type\":\"BreadcrumbList\",\"@id\":\"https:\/\/viqtor.eu\/la-protection-des-donnees-en-pleine-effervescence\/#breadcrumb\",\"itemListElement\":[{\"@type\":\"ListItem\",\"position\":1,\"name\":\"Accueil\",\"item\":\"https:\/\/viqtor.eu\/\"},{\"@type\":\"ListItem\",\"position\":2,\"name\":\"La protection des donn\u00e9es en pleine effervescence\"}]},{\"@type\":\"WebSite\",\"@id\":\"https:\/\/viqtor.eu\/#website\",\"url\":\"https:\/\/viqtor.eu\/\",\"name\":\"Viqtor\",\"description\":\"Faites du RGPD une opportunit\u00e9 pour votre entreprise.\",\"publisher\":{\"@id\":\"https:\/\/viqtor.eu\/#organization\"},\"potentialAction\":[{\"@type\":\"SearchAction\",\"target\":{\"@type\":\"EntryPoint\",\"urlTemplate\":\"https:\/\/viqtor.eu\/?s={search_term_string}\"},\"query-input\":{\"@type\":\"PropertyValueSpecification\",\"valueRequired\":true,\"valueName\":\"search_term_string\"}}],\"inLanguage\":\"pt-PT\"},{\"@type\":\"Organization\",\"@id\":\"https:\/\/viqtor.eu\/#organization\",\"name\":\"viqtor.eu\",\"url\":\"https:\/\/viqtor.eu\/\",\"logo\":{\"@type\":\"ImageObject\",\"inLanguage\":\"pt-PT\",\"@id\":\"https:\/\/viqtor.eu\/#\/schema\/logo\/image\/\",\"url\":\"https:\/\/viqtor.eu\/wp-content\/uploads\/2023\/06\/favicon-noir.svg\",\"contentUrl\":\"https:\/\/viqtor.eu\/wp-content\/uploads\/2023\/06\/favicon-noir.svg\",\"width\":108,\"height\":86,\"caption\":\"viqtor.eu\"},\"image\":{\"@id\":\"https:\/\/viqtor.eu\/#\/schema\/logo\/image\/\"}},{\"@type\":\"Person\",\"@id\":\"https:\/\/viqtor.eu\/#\/schema\/person\/3dbd9cc82a28f6cf1695c92eda0099ad\",\"name\":\"Bruno\",\"image\":{\"@type\":\"ImageObject\",\"inLanguage\":\"pt-PT\",\"@id\":\"https:\/\/viqtor.eu\/#\/schema\/person\/image\/\",\"url\":\"https:\/\/secure.gravatar.com\/avatar\/e5a596f9489de15bfe046e97fb771f63589b601ca7e81ccc2bb9a23582f441a3?s=96&d=mm&r=g\",\"contentUrl\":\"https:\/\/secure.gravatar.com\/avatar\/e5a596f9489de15bfe046e97fb771f63589b601ca7e81ccc2bb9a23582f441a3?s=96&d=mm&r=g\",\"caption\":\"Bruno\"},\"sameAs\":[\"https:\/\/exciting-panini.13-37-234-21.plesk.page\"],\"url\":\"https:\/\/viqtor.eu\/pt\/author\/mouad_zxum2ebi\/\"}]}<\/script>\n<!-- \/ Yoast SEO plugin. -->","yoast_head_json":{"title":"La protection des donn\u00e9es en pleine effervescence - Viqtor","description":"La protection des donn\u00e9es en pleine effervescence Veille juridique - Viqtor","robots":{"index":"index","follow":"follow","max-snippet":"max-snippet:-1","max-image-preview":"max-image-preview:large","max-video-preview":"max-video-preview:-1"},"canonical":"https:\/\/viqtor.eu\/pt\/la-protection-des-donnees-en-pleine-effervescence\/","og_locale":"pt_PT","og_type":"article","og_title":"La protection des donn\u00e9es en pleine effervescence - Viqtor","og_description":"La protection des donn\u00e9es en pleine effervescence Veille juridique - Viqtor","og_url":"https:\/\/viqtor.eu\/pt\/la-protection-des-donnees-en-pleine-effervescence\/","og_site_name":"Viqtor","article_published_time":"2023-04-18T11:07:17+00:00","article_modified_time":"2024-07-03T11:11:47+00:00","og_image":[{"width":1000,"height":563,"url":"https:\/\/viqtor.eu\/wp-content\/uploads\/2026\/04\/widget-viqtor.png","type":"image\/jpeg"}],"author":"Bruno","twitter_card":"summary_large_image","twitter_misc":{"Escrito por":"Bruno","Tempo estimado de leitura":"6 minutos"},"schema":{"@context":"https:\/\/schema.org","@graph":[{"@type":"Article","@id":"https:\/\/viqtor.eu\/la-protection-des-donnees-en-pleine-effervescence\/#article","isPartOf":{"@id":"https:\/\/viqtor.eu\/la-protection-des-donnees-en-pleine-effervescence\/"},"author":{"name":"Bruno","@id":"https:\/\/viqtor.eu\/#\/schema\/person\/3dbd9cc82a28f6cf1695c92eda0099ad"},"headline":"La protection des donn\u00e9es en pleine effervescence","datePublished":"2023-04-18T11:07:17+00:00","dateModified":"2024-07-03T11:11:47+00:00","mainEntityOfPage":{"@id":"https:\/\/viqtor.eu\/la-protection-des-donnees-en-pleine-effervescence\/"},"wordCount":1104,"publisher":{"@id":"https:\/\/viqtor.eu\/#organization"},"image":{"@id":"https:\/\/viqtor.eu\/la-protection-des-donnees-en-pleine-effervescence\/#primaryimage"},"thumbnailUrl":"https:\/\/viqtor.eu\/wp-content\/uploads\/2023\/04\/shutterstock_1490310101.jpg","articleSection":["Veille juridique"],"inLanguage":"pt-PT"},{"@type":"WebPage","@id":"https:\/\/viqtor.eu\/la-protection-des-donnees-en-pleine-effervescence\/","url":"https:\/\/viqtor.eu\/la-protection-des-donnees-en-pleine-effervescence\/","name":"La protection des donn\u00e9es en pleine effervescence - Viqtor","isPartOf":{"@id":"https:\/\/viqtor.eu\/#website"},"primaryImageOfPage":{"@id":"https:\/\/viqtor.eu\/la-protection-des-donnees-en-pleine-effervescence\/#primaryimage"},"image":{"@id":"https:\/\/viqtor.eu\/la-protection-des-donnees-en-pleine-effervescence\/#primaryimage"},"thumbnailUrl":"https:\/\/viqtor.eu\/wp-content\/uploads\/2023\/04\/shutterstock_1490310101.jpg","datePublished":"2023-04-18T11:07:17+00:00","dateModified":"2024-07-03T11:11:47+00:00","description":"La protection des donn\u00e9es en pleine effervescence Veille juridique - Viqtor","breadcrumb":{"@id":"https:\/\/viqtor.eu\/la-protection-des-donnees-en-pleine-effervescence\/#breadcrumb"},"inLanguage":"pt-PT","potentialAction":[{"@type":"ReadAction","target":["https:\/\/viqtor.eu\/la-protection-des-donnees-en-pleine-effervescence\/"]}]},{"@type":"ImageObject","inLanguage":"pt-PT","@id":"https:\/\/viqtor.eu\/la-protection-des-donnees-en-pleine-effervescence\/#primaryimage","url":"https:\/\/viqtor.eu\/wp-content\/uploads\/2023\/04\/shutterstock_1490310101.jpg","contentUrl":"https:\/\/viqtor.eu\/wp-content\/uploads\/2023\/04\/shutterstock_1490310101.jpg","width":1000,"height":563},{"@type":"BreadcrumbList","@id":"https:\/\/viqtor.eu\/la-protection-des-donnees-en-pleine-effervescence\/#breadcrumb","itemListElement":[{"@type":"ListItem","position":1,"name":"Accueil","item":"https:\/\/viqtor.eu\/"},{"@type":"ListItem","position":2,"name":"La protection des donn\u00e9es en pleine effervescence"}]},{"@type":"WebSite","@id":"https:\/\/viqtor.eu\/#website","url":"https:\/\/viqtor.eu\/","name":"Viqtor","description":"Faites du RGPD une opportunit\u00e9 pour votre entreprise.","publisher":{"@id":"https:\/\/viqtor.eu\/#organization"},"potentialAction":[{"@type":"SearchAction","target":{"@type":"EntryPoint","urlTemplate":"https:\/\/viqtor.eu\/?s={search_term_string}"},"query-input":{"@type":"PropertyValueSpecification","valueRequired":true,"valueName":"search_term_string"}}],"inLanguage":"pt-PT"},{"@type":"Organization","@id":"https:\/\/viqtor.eu\/#organization","name":"viqtor.eu","url":"https:\/\/viqtor.eu\/","logo":{"@type":"ImageObject","inLanguage":"pt-PT","@id":"https:\/\/viqtor.eu\/#\/schema\/logo\/image\/","url":"https:\/\/viqtor.eu\/wp-content\/uploads\/2023\/06\/favicon-noir.svg","contentUrl":"https:\/\/viqtor.eu\/wp-content\/uploads\/2023\/06\/favicon-noir.svg","width":108,"height":86,"caption":"viqtor.eu"},"image":{"@id":"https:\/\/viqtor.eu\/#\/schema\/logo\/image\/"}},{"@type":"Person","@id":"https:\/\/viqtor.eu\/#\/schema\/person\/3dbd9cc82a28f6cf1695c92eda0099ad","name":"Bruno","image":{"@type":"ImageObject","inLanguage":"pt-PT","@id":"https:\/\/viqtor.eu\/#\/schema\/person\/image\/","url":"https:\/\/secure.gravatar.com\/avatar\/e5a596f9489de15bfe046e97fb771f63589b601ca7e81ccc2bb9a23582f441a3?s=96&d=mm&r=g","contentUrl":"https:\/\/secure.gravatar.com\/avatar\/e5a596f9489de15bfe046e97fb771f63589b601ca7e81ccc2bb9a23582f441a3?s=96&d=mm&r=g","caption":"Bruno"},"sameAs":["https:\/\/exciting-panini.13-37-234-21.plesk.page"],"url":"https:\/\/viqtor.eu\/pt\/author\/mouad_zxum2ebi\/"}]}},"_links":{"self":[{"href":"https:\/\/viqtor.eu\/pt\/wp-json\/wp\/v2\/posts\/5318","targetHints":{"allow":["GET"]}}],"collection":[{"href":"https:\/\/viqtor.eu\/pt\/wp-json\/wp\/v2\/posts"}],"about":[{"href":"https:\/\/viqtor.eu\/pt\/wp-json\/wp\/v2\/types\/post"}],"author":[{"embeddable":true,"href":"https:\/\/viqtor.eu\/pt\/wp-json\/wp\/v2\/users\/1"}],"replies":[{"embeddable":true,"href":"https:\/\/viqtor.eu\/pt\/wp-json\/wp\/v2\/comments?post=5318"}],"version-history":[{"count":5,"href":"https:\/\/viqtor.eu\/pt\/wp-json\/wp\/v2\/posts\/5318\/revisions"}],"predecessor-version":[{"id":11735,"href":"https:\/\/viqtor.eu\/pt\/wp-json\/wp\/v2\/posts\/5318\/revisions\/11735"}],"wp:featuredmedia":[{"embeddable":true,"href":"https:\/\/viqtor.eu\/pt\/wp-json\/wp\/v2\/media\/5747"}],"wp:attachment":[{"href":"https:\/\/viqtor.eu\/pt\/wp-json\/wp\/v2\/media?parent=5318"}],"wp:term":[{"taxonomy":"category","embeddable":true,"href":"https:\/\/viqtor.eu\/pt\/wp-json\/wp\/v2\/categories?post=5318"},{"taxonomy":"post_tag","embeddable":true,"href":"https:\/\/viqtor.eu\/pt\/wp-json\/wp\/v2\/tags?post=5318"}],"curies":[{"name":"wp","href":"https:\/\/api.w.org\/{rel}","templated":true}]}}