{"id":5844,"date":"2023-04-25T15:05:08","date_gmt":"2023-04-25T15:05:08","guid":{"rendered":"https:\/\/exciting-panini.13-37-234-21.plesk.page\/?p=5844"},"modified":"2024-08-06T12:18:14","modified_gmt":"2024-08-06T12:18:14","slug":"le-role-du-delegue-a-la-protection-des-donnees-dpd-ou-dpo","status":"publish","type":"post","link":"https:\/\/viqtor.eu\/nl\/le-role-du-delegue-a-la-protection-des-donnees-dpd-ou-dpo\/","title":{"rendered":"De rol van de Functionaris Gegevensbescherming (FG)"},"content":{"rendered":"<div data-elementor-type=\"wp-post\" data-elementor-id=\"5844\" class=\"elementor elementor-5844\" data-elementor-post-type=\"post\">\n\t\t\t\t\t\t<section class=\"elementor-section elementor-top-section elementor-element elementor-element-5c3d50f ot-traditional elementor-section-boxed elementor-section-height-default elementor-section-height-default\" data-id=\"5c3d50f\" data-element_type=\"section\">\n\t\t\t\t\t\t<div class=\"elementor-container elementor-column-gap-default\">\n\t\t\t\t\t<div class=\"elementor-column elementor-col-100 elementor-top-column elementor-element elementor-element-414bee4 ot-flex-column-vertical\" data-id=\"414bee4\" data-element_type=\"column\">\n\t\t\t<div class=\"elementor-widget-wrap elementor-element-populated\">\n\t\t\t\t\t\t<div class=\"elementor-element elementor-element-f546bfd elementor-widget elementor-widget-image\" data-id=\"f546bfd\" data-element_type=\"widget\" data-widget_type=\"image.default\">\n\t\t\t\t<div class=\"elementor-widget-container\">\n\t\t\t\t\t\t\t\t\t\t\t\t\t<img fetchpriority=\"high\" decoding=\"async\" width=\"1000\" height=\"667\" src=\"https:\/\/viqtor.eu\/wp-content\/uploads\/2023\/04\/Le-role-du-Delegue-a-la-protection-des-donnees-DPD-ou-DPO.jpg\" class=\"attachment-full size-full wp-image-12193\" alt=\"Le r\u00f4le du D\u00e9l\u00e9gu\u00e9 \u00e0 la protection des donn\u00e9es (DPD ou DPO)\" srcset=\"https:\/\/viqtor.eu\/wp-content\/uploads\/2023\/04\/Le-role-du-Delegue-a-la-protection-des-donnees-DPD-ou-DPO.jpg 1000w, https:\/\/viqtor.eu\/wp-content\/uploads\/2023\/04\/Le-role-du-Delegue-a-la-protection-des-donnees-DPD-ou-DPO-300x200.jpg 300w, https:\/\/viqtor.eu\/wp-content\/uploads\/2023\/04\/Le-role-du-Delegue-a-la-protection-des-donnees-DPD-ou-DPO-768x512.jpg 768w, https:\/\/viqtor.eu\/wp-content\/uploads\/2023\/04\/Le-role-du-Delegue-a-la-protection-des-donnees-DPD-ou-DPO-720x480.jpg 720w\" sizes=\"(max-width: 1000px) 100vw, 1000px\" \/>\t\t\t\t\t\t\t\t\t\t\t\t\t<\/div>\n\t\t\t\t<\/div>\n\t\t\t\t\t<\/div>\n\t\t<\/div>\n\t\t\t\t\t<\/div>\n\t\t<\/section>\n\t\t\t\t<section class=\"elementor-section elementor-top-section elementor-element elementor-element-f256bdc ot-traditional elementor-section-boxed elementor-section-height-default elementor-section-height-default\" data-id=\"f256bdc\" data-element_type=\"section\">\n\t\t\t\t\t\t<div class=\"elementor-container elementor-column-gap-default\">\n\t\t\t\t\t<div class=\"elementor-column elementor-col-100 elementor-top-column elementor-element elementor-element-0fbc7db ot-flex-column-vertical\" data-id=\"0fbc7db\" data-element_type=\"column\">\n\t\t\t<div class=\"elementor-widget-wrap elementor-element-populated\">\n\t\t\t\t\t\t<div class=\"elementor-element elementor-element-d930e04 elementor-widget elementor-widget-heading\" data-id=\"d930e04\" data-element_type=\"widget\" data-widget_type=\"heading.default\">\n\t\t\t\t<div class=\"elementor-widget-container\">\n\t\t\t<h1 class=\"elementor-heading-title elementor-size-default\">De rol van de Functionaris Gegevensbescherming (FG)<\/h1>\t\t<\/div>\n\t\t\t\t<\/div>\n\t\t\t\t\t<\/div>\n\t\t<\/div>\n\t\t\t\t\t<\/div>\n\t\t<\/section>\n\t\t\t\t<section class=\"elementor-section elementor-top-section elementor-element elementor-element-347d9a81 ot-traditional elementor-section-boxed elementor-section-height-default elementor-section-height-default\" data-id=\"347d9a81\" data-element_type=\"section\">\n\t\t\t\t\t\t<div class=\"elementor-container elementor-column-gap-default\">\n\t\t\t\t\t<div class=\"elementor-column elementor-col-100 elementor-top-column elementor-element elementor-element-4ec7fdcb ot-flex-column-vertical\" data-id=\"4ec7fdcb\" data-element_type=\"column\">\n\t\t\t<div class=\"elementor-widget-wrap elementor-element-populated\">\n\t\t\t\t\t\t<div class=\"elementor-element elementor-element-246a3cd7 elementor-widget elementor-widget-text-editor\" data-id=\"246a3cd7\" data-element_type=\"widget\" data-widget_type=\"text-editor.default\">\n\t\t\t\t<div class=\"elementor-widget-container\">\n\t\t\t\t\t\t\t<!-- wp:paragraph -->\n<p><strong>Fragment uit het boek van Bruno DUMAY: GDPR DECRYPTION \u2013 Voor managers, strategische afdelingen en medewerkers van bedrijven en organisaties \u2013 Voorwoord door Ga\u00eblle MONTEILLER<\/strong><\/p>\n<!-- \/wp:paragraph --><!-- wp:paragraph -->\n<p>Naast de effectbeoordeling is de functionaris voor gegevensbescherming (FG) de tweede emblematische creatie van de AVG. In Frankrijk vervangt deze logischerwijs de functionaris voor gegevensbescherming (FG) en de functionaris voor gegevensbescherming (FG). Opgemerkt dient echter te worden dat de Europese Unie de aanstelling van een FG al lang aanbeveelt in grote administratieve en economische structuren, en dat sommige deze aanbeveling hebben gevolgd.<\/p>\n<!-- \/wp:paragraph --><!-- wp:paragraph -->\n<p>De G29 heeft gewerkt aan de rol van de DPO en een aantal &quot;richtlijnen&quot; aangenomen, die op 5 april 2017 zijn afgerond. Deze details helpen ons de contouren en inhoud van deze sleutelpositie te schetsen.<\/p>\n<!-- \/wp:paragraph --><!-- wp:paragraph -->\n<p>De aanwijzing van een FG is verplicht voor (art. 37-1):<\/p>\n<!-- \/wp:paragraph --><!-- wp:paragraph -->\n<p>\u2013 overheidsinstanties;<\/p>\n<!-- \/wp:paragraph --><!-- wp:paragraph -->\n<p>\u2013 organisaties waarvan de kernactiviteiten vereisen dat zij op grote schaal regelmatig en systematisch personen monitoren. De G29 maakt onderscheid tussen ondersteunende activiteiten, zoals salarisadministratie of IT, en kernactiviteiten die betrekking hebben op de kernactiviteiten van de organisatie (bijvoorbeeld gezondheidsgegevens voor een ziekenhuis). Evenzo hanteert de G29 een zeer brede opvatting van het concept &quot;regelmatige en systematische monitoring&quot;, dat niet beperkt is tot de online omgeving;<\/p>\n<!-- \/wp:paragraph --><!-- wp:paragraph -->\n<p>\u2013 organisaties waarvan de kerntaken ertoe leiden dat zij op grote schaal \u2018gevoelige\u2019 gegevens of gegevens met betrekking tot strafrechtelijke veroordelingen en strafbare feiten verwerken (G29 biedt belangrijke elementen voor het bepalen van wat onder \u2018grote schaal\u2019 wordt verstaan).<\/p>\n<!-- \/wp:paragraph --><!-- wp:paragraph -->\n<p>Een groep bedrijven, of een groep overheidsinstanties, mag \u00e9\u00e9n DPO aanstellen (art. 37-2 en 37-3). Uiteraard wordt de aanstelling van een DPO sterk aanbevolen door de G29, ook hier als goede praktijk.<\/p>\n<!-- \/wp:paragraph --><!-- wp:paragraph -->\n<p>De functionaris voor gegevensbescherming wordt door de verwerkingsverantwoordelijke, en in voorkomend geval de verwerker, aangesteld op basis van zijn of haar professionele kwaliteiten, &quot;met name zijn of haar specialistische kennis van de wetgeving en de praktijk inzake gegevensbescherming, en zijn of haar vermogen om zijn of haar taken uit te voeren&quot; (art. 37-5). Hoe complexer de verwerkingen, hoe hoger de verwachte vaardigheden.<\/p>\n<!-- \/wp:paragraph --><!-- wp:paragraph -->\n<p>De FG kan intern of extern aan de organisatie werkzaam zijn en in het laatste geval zijn\/haar taak op contractbasis uitvoeren. Indien de dienstverlener een team vormt, moeten de taken van elk lid worden gespecificeerd en moet een teamleider worden aangewezen. De WP29 beveelt aan dat de FG gemakkelijk bereikbaar is en daarom in de Europese Unie gevestigd is. Echter, met name wanneer de verwerkingsverantwoordelijke of de verwerker buiten de Europese Unie gevestigd is, is het acceptabel dat de FG buiten de EU gevestigd is, indien hij\/zij op die manier effectiever kan optreden.<\/p>\n<!-- \/wp:paragraph --><!-- wp:paragraph -->\n<p>De FG vervult niet slechts een symbolische rol. Hij moet door de verwerkingsverantwoordelijke en de verwerker worden betrokken &quot;bij alle aangelegenheden die verband houden met de bescherming van persoonsgegevens&quot; (art. 38-1). Hij kan worden gecontacteerd door iedereen van wie persoonsgegevens worden verwerkt (art. 38-4). Hij beschikt over de &quot;noodzakelijke middelen&quot; om zijn taken uit te voeren, hij heeft toegang tot de gegevens en verwerkingen, en hij moet zelfs &quot;zijn gespecialiseerde kennis kunnen onderhouden&quot; (art. 38-2). Met &quot;noodzakelijke middelen&quot; bedoelt de G29 ook ondersteuning door middel van toezicht, voldoende tijd, materi\u00eble omstandigheden en opleiding. De FG is in zekere zin geheiligd.<\/p>\n<!-- \/wp:paragraph --><!-- wp:paragraph -->\n<p>Temeer daar zijn onafhankelijkheid gewaarborgd is. Hij kan immers geen &quot;instructies ontvangen met betrekking tot de uitoefening van de opdrachten&quot; (art. 38-3). De verwerkingsverantwoordelijke en de onderaannemer hebben geen enkele macht over hem (ze hebben wel de bevoegdheid hem aan te stellen), die enkel verantwoording verschuldigd is aan het &quot;hoogste niveau&quot; van hun management. Hij is bovendien onderworpen aan het beroepsgeheim en de geheimhoudingsplicht (art. 38-5).<\/p>\n<!-- \/wp:paragraph --><!-- wp:paragraph -->\n<p>Ondanks hun status is de FG niet aansprakelijk voor niet-naleving van de AVG door de organisatie die hen inhuurt. Alleen de verwerkingsverantwoordelijke en\/of de verwerker zijn aansprakelijk. Strafrechtelijke aansprakelijkheid kan alleen worden opgelegd in geval van medeplichtigheid aan een opzettelijke schending.<\/p>\n<!-- \/wp:paragraph --><!-- wp:paragraph -->\n<p>De functionaris voor gegevensbescherming kan andere taken en bevoegdheden uitoefenen, die geen belangenconflicten met zich mee mogen brengen (art. 38-6). Het is daarom onmogelijk voor hem om functies uit te oefenen die hem ertoe zouden brengen te beslissen over de doeleinden en middelen van de verwerking van persoonsgegevens. Een functionaris voor gegevensbescherming kan daarom nauwelijks managementfuncties binnen de organisatie uitoefenen of werken binnen de afdeling die verantwoordelijk is voor gegevensbeheer. In 2015 voerde de CNIL een onderzoek uit om de profielen van functionarissen voor gegevensbescherming te bepalen; daaruit bleek dat er geen typisch profiel was: 47 % hadden een technisch profiel, 19 % een juridisch profiel en 10 % een administratief profiel. Het is waarschijnlijk dat deze afwezigheid van een typisch profiel, althans in eerste instantie, bij functionaris voor gegevensbescherming zal voorkomen.<\/p>\n<!-- \/wp:paragraph --><!-- wp:paragraph -->\n<p>Artikel 39 van de AVG somt de taken van de gedelegeerde op:<\/p>\n<!-- \/wp:paragraph --><!-- wp:paragraph -->\n<p>\u2013 de verwerkingsverantwoordelijke, de verwerker en de werknemers die de verwerking uitvoeren, informeren en adviseren over hun verplichtingen met betrekking tot de regels inzake de verwerking van persoonsgegevens;<\/p>\n<!-- \/wp:paragraph --><!-- wp:paragraph -->\n<p>\u2013 toezicht houden op de naleving van de regelgeving, maar ook bewustwording cre\u00ebren en het personeel dat betrokken is bij de verwerkingsprocessen opleiden;<\/p>\n<!-- \/wp:paragraph --><!-- wp:paragraph -->\n<p>\u2013 desgevraagd advies geven over de impactbeoordeling. De richtlijnen van WP29 geven de DPO duidelijk een belangrijke rol in deze beoordeling. Hij of zij moet worden geraadpleegd over de actualiteit, methodologie en inhoud, en vervolgens de kwaliteit ervan beoordelen;<\/p>\n<!-- \/wp:paragraph --><!-- wp:paragraph -->\n<p>\u2013 samenwerken met de toezichthoudende autoriteit en het aanspreekpunt voor deze autoriteit zijn. Op het moment van schrijven is de CNIL bezig met het ontwikkelen van een formulier voor het aanwijzen van de FG.<\/p>\n<!-- \/wp:paragraph --><!-- wp:paragraph -->\n<p>Het staat niet in het artikel, maar de G29 voegt een extra, optionele, taak toe aan de DPO: &quot;Niets belet de verwerkingsverantwoordelijke of de verwerker om de DPO te belasten met de taak om een register bij te houden van de verwerkingsoperaties die onder de verantwoordelijkheid van de verwerkingsverantwoordelijke of de verwerker worden uitgevoerd.&quot; Is dit wellicht een suggestie om de informatiestroom tussen de verschillende actoren te vergemakkelijken?<\/p>\n<!-- \/wp:paragraph --><!-- wp:paragraph -->\n<p>Dit zou niet nutteloos zijn. Want na de analyse van deze functie stellen we vast dat het niet gemakkelijk zal zijn om, zelfs niet in een groot bedrijf, iemand te vinden die competent is om deze belangrijke rol te vervullen en die bovendien niet verantwoordelijk is voor de verwerking van gegevens om belangenconflicten te voorkomen. Het is immers niet gemakkelijk om op de hoogte te zijn van de bepalingen van een verordening, en vooral niet van de gevolgen ervan, wanneer men ze niet zelf hoeft toe te passen in het kader van zijn werk.<\/p>\n<!-- \/wp:paragraph --><!-- wp:paragraph -->\n<p>Op dit punt is de probleemstelling voor het benoemen van uw DPO eenvoudig, ook al zijn het eigenlijk drie afzonderlijke stellingen:<\/p>\n<!-- \/wp:paragraph --><!-- wp:paragraph -->\n<p>Bij een interne benoeming moeten meerdere obstakels worden overwonnen, zoals het sociale aspect en de heronderhandeling van de arbeidsovereenkomst. In dit geval is het dan ook een veilige gok dat de reikwijdte van deze nieuwe missie niet bekend was bij de initi\u00eble ondertekening van het contract. Als we het begrip risico, de directe en exclusieve ondergeschiktheid aan de governance van het bedrijf en niets anders, toevoegen, is het een substanti\u00eble wijziging van het contract, het is dus een nieuwe arbeidsovereenkomst. En wie zal het intern beoordelen en controleren? En wie zal zijn of haar werk doen, aangezien zij niet langer rechter en arbiter kunnen zijn...<\/p>\n<!-- \/wp:paragraph --><!-- wp:paragraph -->\n<p>Neem hem aan en de vraag stijgt enorm. Het profiel is zo gewild bij grote en middelgrote bedrijven dat er sprake is van een ware inflatie, door een tekort. En het probleem blijft: wie gaat hem beoordelen en monitoren?<\/p>\n<!-- \/wp:paragraph --><!-- wp:paragraph -->\n<p>Waarom zouden we deze FG-functie dan niet delegeren aan een be\u00ebdigd professional, die zijn of haar rol kan uitoefenen met een bekwaamheid en onafhankelijkheid die intern moeilijk te verenigen is? De verordening zegt niets over deze mogelijkheid, en het zal in de praktijk moeten blijken of dit denkbaar en wenselijk is (niets belet ons om de CNIL hierover te ondervragen). Hoe dan ook, het lijkt ons interessant, een garantie voor een goede relatie tussen de verwerkingsverantwoordelijke en de functionaris voor gegevensbescherming.<\/p>\n<!-- \/wp:paragraph --><!-- wp:paragraph -->\n<p>Tot slot kunnen wij er ook voor kiezen om geen DPO aan te stellen, omdat u daartoe niet strikt verplicht bent.<\/p>\n<!-- \/wp:buttons -->\t\t\t\t\t\t<\/div>\n\t\t\t\t<\/div>\n\t\t\t\t\t<\/div>\n\t\t<\/div>\n\t\t\t\t\t<\/div>\n\t\t<\/section>\n\t\t\t\t<section class=\"elementor-section elementor-top-section elementor-element elementor-element-6971a3e ot-traditional elementor-section-boxed elementor-section-height-default elementor-section-height-default\" data-id=\"6971a3e\" data-element_type=\"section\">\n\t\t\t\t\t\t<div class=\"elementor-container elementor-column-gap-default\">\n\t\t\t\t\t<div class=\"elementor-column elementor-col-100 elementor-top-column elementor-element elementor-element-10a3a56 ot-flex-column-vertical\" data-id=\"10a3a56\" data-element_type=\"column\">\n\t\t\t<div class=\"elementor-widget-wrap elementor-element-populated\">\n\t\t\t\t\t\t<div class=\"elementor-element elementor-element-20edfeb elementor-align-center elementor-widget elementor-widget-button\" data-id=\"20edfeb\" data-element_type=\"widget\" data-widget_type=\"button.default\">\n\t\t\t\t<div class=\"elementor-widget-container\">\n\t\t\t\t\t<div class=\"elementor-button-wrapper\">\n\t\t\t<a class=\"elementor-button elementor-button-link elementor-size-lg\" href=\"https:\/\/app.viqtor.eu\/\">\n\t\t\t\t\t\t<span class=\"elementor-button-content-wrapper\">\n\t\t\t\t\t\t<span class=\"elementor-button-icon\">\n\t\t\t\t<i aria-hidden=\"true\" class=\"fas fa-long-arrow-alt-right\"><\/i>\t\t\t<\/span>\n\t\t\t\t\t\t\t\t\t<span class=\"elementor-button-text\">Ontdek Viqtor\u00ae<\/span>\n\t\t\t\t\t<\/span>\n\t\t\t\t\t<\/a>\n\t\t<\/div>\n\t\t\t\t<\/div>\n\t\t\t\t<\/div>\n\t\t\t\t\t<\/div>\n\t\t<\/div>\n\t\t\t\t\t<\/div>\n\t\t<\/section>\n\t\t\t\t<\/div>","protected":false},"excerpt":{"rendered":"<p>De rol van de Functionaris voor Gegevensbescherming (DPO) Uittreksel uit het werk van Bruno DUMAY: GDPR-DECRYPTIE \u2013 Voor managers, strategische afdelingen en medewerkers van bedrijven en organisaties \u2013 Voorwoord door Ga\u00eblle MONTEILLER Met de impactanalyse zal de Functionaris voor Gegevensbescherming, DPO (in het Engels gegevensbescherming [\u2026]<\/p>","protected":false},"author":1,"featured_media":5852,"comment_status":"closed","ping_status":"open","sticky":false,"template":"elementor_header_footer","format":"standard","meta":{"_acf_changed":false,"footnotes":""},"categories":[62],"tags":[38],"class_list":["post-5844","post","type-post","status-publish","format-standard","has-post-thumbnail","hentry","category-decryptage","tag-decryptage"],"acf":[],"yoast_head":"<!-- This site is optimized with the Yoast SEO plugin v23.6 - https:\/\/yoast.com\/wordpress\/plugins\/seo\/ -->\n<title>Le r\u00f4le du D\u00e9l\u00e9gu\u00e9 \u00e0 la protection des donn\u00e9es (DPD ou DPO) - Viqtor<\/title>\n<meta name=\"description\" content=\"Le r\u00f4le du D\u00e9l\u00e9gu\u00e9 \u00e0 la protection des donn\u00e9es (DPD ou DPO) - Viqtor\" \/>\n<meta name=\"robots\" content=\"index, follow, max-snippet:-1, max-image-preview:large, max-video-preview:-1\" \/>\n<link rel=\"canonical\" href=\"https:\/\/viqtor.eu\/nl\/le-role-du-delegue-a-la-protection-des-donnees-dpd-ou-dpo\/\" \/>\n<meta property=\"og:locale\" content=\"nl_NL\" \/>\n<meta property=\"og:type\" content=\"article\" \/>\n<meta property=\"og:title\" content=\"Le r\u00f4le du D\u00e9l\u00e9gu\u00e9 \u00e0 la protection des donn\u00e9es (DPD ou DPO) - Viqtor\" \/>\n<meta property=\"og:description\" content=\"Le r\u00f4le du D\u00e9l\u00e9gu\u00e9 \u00e0 la protection des donn\u00e9es (DPD ou DPO) - Viqtor\" \/>\n<meta property=\"og:url\" content=\"https:\/\/viqtor.eu\/nl\/le-role-du-delegue-a-la-protection-des-donnees-dpd-ou-dpo\/\" \/>\n<meta property=\"og:site_name\" content=\"Viqtor\" \/>\n<meta property=\"article:published_time\" content=\"2023-04-25T15:05:08+00:00\" \/>\n<meta property=\"article:modified_time\" content=\"2024-08-06T12:18:14+00:00\" \/>\n<meta property=\"og:image\" content=\"https:\/\/viqtor.eu\/wp-content\/uploads\/2026\/04\/widget-viqtor.png\" \/>\n\t<meta property=\"og:image:width\" content=\"1000\" \/>\n\t<meta property=\"og:image:height\" content=\"667\" \/>\n\t<meta property=\"og:image:type\" content=\"image\/jpeg\" \/>\n<meta name=\"author\" content=\"Bruno\" \/>\n<meta name=\"twitter:card\" content=\"summary_large_image\" \/>\n<meta name=\"twitter:label1\" content=\"Geschreven door\" \/>\n\t<meta name=\"twitter:data1\" content=\"Bruno\" \/>\n\t<meta name=\"twitter:label2\" content=\"Verwachte leestijd\" \/>\n\t<meta name=\"twitter:data2\" content=\"8 minuten\" \/>\n<script type=\"application\/ld+json\" class=\"yoast-schema-graph\">{\"@context\":\"https:\/\/schema.org\",\"@graph\":[{\"@type\":\"Article\",\"@id\":\"https:\/\/viqtor.eu\/le-role-du-delegue-a-la-protection-des-donnees-dpd-ou-dpo\/#article\",\"isPartOf\":{\"@id\":\"https:\/\/viqtor.eu\/le-role-du-delegue-a-la-protection-des-donnees-dpd-ou-dpo\/\"},\"author\":{\"name\":\"Bruno\",\"@id\":\"https:\/\/viqtor.eu\/#\/schema\/person\/3dbd9cc82a28f6cf1695c92eda0099ad\"},\"headline\":\"Le r\u00f4le du D\u00e9l\u00e9gu\u00e9 \u00e0 la protection des donn\u00e9es (DPD ou DPO)\",\"datePublished\":\"2023-04-25T15:05:08+00:00\",\"dateModified\":\"2024-08-06T12:18:14+00:00\",\"mainEntityOfPage\":{\"@id\":\"https:\/\/viqtor.eu\/le-role-du-delegue-a-la-protection-des-donnees-dpd-ou-dpo\/\"},\"wordCount\":1588,\"publisher\":{\"@id\":\"https:\/\/viqtor.eu\/#organization\"},\"image\":{\"@id\":\"https:\/\/viqtor.eu\/le-role-du-delegue-a-la-protection-des-donnees-dpd-ou-dpo\/#primaryimage\"},\"thumbnailUrl\":\"https:\/\/viqtor.eu\/wp-content\/uploads\/2023\/04\/shutterstock_2000247368-1.jpg\",\"keywords\":[\"D\u00e9cryptage\"],\"articleSection\":[\"D\u00e9cryptage\"],\"inLanguage\":\"nl-NL\"},{\"@type\":\"WebPage\",\"@id\":\"https:\/\/viqtor.eu\/le-role-du-delegue-a-la-protection-des-donnees-dpd-ou-dpo\/\",\"url\":\"https:\/\/viqtor.eu\/le-role-du-delegue-a-la-protection-des-donnees-dpd-ou-dpo\/\",\"name\":\"Le r\u00f4le du D\u00e9l\u00e9gu\u00e9 \u00e0 la protection des donn\u00e9es (DPD ou DPO) - Viqtor\",\"isPartOf\":{\"@id\":\"https:\/\/viqtor.eu\/#website\"},\"primaryImageOfPage\":{\"@id\":\"https:\/\/viqtor.eu\/le-role-du-delegue-a-la-protection-des-donnees-dpd-ou-dpo\/#primaryimage\"},\"image\":{\"@id\":\"https:\/\/viqtor.eu\/le-role-du-delegue-a-la-protection-des-donnees-dpd-ou-dpo\/#primaryimage\"},\"thumbnailUrl\":\"https:\/\/viqtor.eu\/wp-content\/uploads\/2023\/04\/shutterstock_2000247368-1.jpg\",\"datePublished\":\"2023-04-25T15:05:08+00:00\",\"dateModified\":\"2024-08-06T12:18:14+00:00\",\"description\":\"Le r\u00f4le du D\u00e9l\u00e9gu\u00e9 \u00e0 la protection des donn\u00e9es (DPD ou DPO) - Viqtor\",\"breadcrumb\":{\"@id\":\"https:\/\/viqtor.eu\/le-role-du-delegue-a-la-protection-des-donnees-dpd-ou-dpo\/#breadcrumb\"},\"inLanguage\":\"nl-NL\",\"potentialAction\":[{\"@type\":\"ReadAction\",\"target\":[\"https:\/\/viqtor.eu\/le-role-du-delegue-a-la-protection-des-donnees-dpd-ou-dpo\/\"]}]},{\"@type\":\"ImageObject\",\"inLanguage\":\"nl-NL\",\"@id\":\"https:\/\/viqtor.eu\/le-role-du-delegue-a-la-protection-des-donnees-dpd-ou-dpo\/#primaryimage\",\"url\":\"https:\/\/viqtor.eu\/wp-content\/uploads\/2023\/04\/shutterstock_2000247368-1.jpg\",\"contentUrl\":\"https:\/\/viqtor.eu\/wp-content\/uploads\/2023\/04\/shutterstock_2000247368-1.jpg\",\"width\":1000,\"height\":667,\"caption\":\"Le r\u00f4le du D\u00e9l\u00e9gu\u00e9 \u00e0 la protection des donn\u00e9es (DPD ou DPO)\"},{\"@type\":\"BreadcrumbList\",\"@id\":\"https:\/\/viqtor.eu\/le-role-du-delegue-a-la-protection-des-donnees-dpd-ou-dpo\/#breadcrumb\",\"itemListElement\":[{\"@type\":\"ListItem\",\"position\":1,\"name\":\"Accueil\",\"item\":\"https:\/\/viqtor.eu\/\"},{\"@type\":\"ListItem\",\"position\":2,\"name\":\"Le r\u00f4le du D\u00e9l\u00e9gu\u00e9 \u00e0 la protection des donn\u00e9es (DPD ou DPO)\"}]},{\"@type\":\"WebSite\",\"@id\":\"https:\/\/viqtor.eu\/#website\",\"url\":\"https:\/\/viqtor.eu\/\",\"name\":\"Viqtor\",\"description\":\"Faites du RGPD une opportunit\u00e9 pour votre entreprise.\",\"publisher\":{\"@id\":\"https:\/\/viqtor.eu\/#organization\"},\"potentialAction\":[{\"@type\":\"SearchAction\",\"target\":{\"@type\":\"EntryPoint\",\"urlTemplate\":\"https:\/\/viqtor.eu\/?s={search_term_string}\"},\"query-input\":{\"@type\":\"PropertyValueSpecification\",\"valueRequired\":true,\"valueName\":\"search_term_string\"}}],\"inLanguage\":\"nl-NL\"},{\"@type\":\"Organization\",\"@id\":\"https:\/\/viqtor.eu\/#organization\",\"name\":\"viqtor.eu\",\"url\":\"https:\/\/viqtor.eu\/\",\"logo\":{\"@type\":\"ImageObject\",\"inLanguage\":\"nl-NL\",\"@id\":\"https:\/\/viqtor.eu\/#\/schema\/logo\/image\/\",\"url\":\"https:\/\/viqtor.eu\/wp-content\/uploads\/2023\/06\/favicon-noir.svg\",\"contentUrl\":\"https:\/\/viqtor.eu\/wp-content\/uploads\/2023\/06\/favicon-noir.svg\",\"width\":108,\"height\":86,\"caption\":\"viqtor.eu\"},\"image\":{\"@id\":\"https:\/\/viqtor.eu\/#\/schema\/logo\/image\/\"}},{\"@type\":\"Person\",\"@id\":\"https:\/\/viqtor.eu\/#\/schema\/person\/3dbd9cc82a28f6cf1695c92eda0099ad\",\"name\":\"Bruno\",\"image\":{\"@type\":\"ImageObject\",\"inLanguage\":\"nl-NL\",\"@id\":\"https:\/\/viqtor.eu\/#\/schema\/person\/image\/\",\"url\":\"https:\/\/secure.gravatar.com\/avatar\/e5a596f9489de15bfe046e97fb771f63589b601ca7e81ccc2bb9a23582f441a3?s=96&d=mm&r=g\",\"contentUrl\":\"https:\/\/secure.gravatar.com\/avatar\/e5a596f9489de15bfe046e97fb771f63589b601ca7e81ccc2bb9a23582f441a3?s=96&d=mm&r=g\",\"caption\":\"Bruno\"},\"sameAs\":[\"https:\/\/exciting-panini.13-37-234-21.plesk.page\"],\"url\":\"https:\/\/viqtor.eu\/nl\/author\/mouad_zxum2ebi\/\"}]}<\/script>\n<!-- \/ Yoast SEO plugin. -->","yoast_head_json":{"title":"Le r\u00f4le du D\u00e9l\u00e9gu\u00e9 \u00e0 la protection des donn\u00e9es (DPD ou DPO) - Viqtor","description":"Le r\u00f4le du D\u00e9l\u00e9gu\u00e9 \u00e0 la protection des donn\u00e9es (DPD ou DPO) - Viqtor","robots":{"index":"index","follow":"follow","max-snippet":"max-snippet:-1","max-image-preview":"max-image-preview:large","max-video-preview":"max-video-preview:-1"},"canonical":"https:\/\/viqtor.eu\/nl\/le-role-du-delegue-a-la-protection-des-donnees-dpd-ou-dpo\/","og_locale":"nl_NL","og_type":"article","og_title":"Le r\u00f4le du D\u00e9l\u00e9gu\u00e9 \u00e0 la protection des donn\u00e9es (DPD ou DPO) - Viqtor","og_description":"Le r\u00f4le du D\u00e9l\u00e9gu\u00e9 \u00e0 la protection des donn\u00e9es (DPD ou DPO) - Viqtor","og_url":"https:\/\/viqtor.eu\/nl\/le-role-du-delegue-a-la-protection-des-donnees-dpd-ou-dpo\/","og_site_name":"Viqtor","article_published_time":"2023-04-25T15:05:08+00:00","article_modified_time":"2024-08-06T12:18:14+00:00","og_image":[{"width":1000,"height":667,"url":"https:\/\/viqtor.eu\/wp-content\/uploads\/2026\/04\/widget-viqtor.png","type":"image\/jpeg"}],"author":"Bruno","twitter_card":"summary_large_image","twitter_misc":{"Geschreven door":"Bruno","Verwachte leestijd":"8 minuten"},"schema":{"@context":"https:\/\/schema.org","@graph":[{"@type":"Article","@id":"https:\/\/viqtor.eu\/le-role-du-delegue-a-la-protection-des-donnees-dpd-ou-dpo\/#article","isPartOf":{"@id":"https:\/\/viqtor.eu\/le-role-du-delegue-a-la-protection-des-donnees-dpd-ou-dpo\/"},"author":{"name":"Bruno","@id":"https:\/\/viqtor.eu\/#\/schema\/person\/3dbd9cc82a28f6cf1695c92eda0099ad"},"headline":"Le r\u00f4le du D\u00e9l\u00e9gu\u00e9 \u00e0 la protection des donn\u00e9es (DPD ou DPO)","datePublished":"2023-04-25T15:05:08+00:00","dateModified":"2024-08-06T12:18:14+00:00","mainEntityOfPage":{"@id":"https:\/\/viqtor.eu\/le-role-du-delegue-a-la-protection-des-donnees-dpd-ou-dpo\/"},"wordCount":1588,"publisher":{"@id":"https:\/\/viqtor.eu\/#organization"},"image":{"@id":"https:\/\/viqtor.eu\/le-role-du-delegue-a-la-protection-des-donnees-dpd-ou-dpo\/#primaryimage"},"thumbnailUrl":"https:\/\/viqtor.eu\/wp-content\/uploads\/2023\/04\/shutterstock_2000247368-1.jpg","keywords":["D\u00e9cryptage"],"articleSection":["D\u00e9cryptage"],"inLanguage":"nl-NL"},{"@type":"WebPage","@id":"https:\/\/viqtor.eu\/le-role-du-delegue-a-la-protection-des-donnees-dpd-ou-dpo\/","url":"https:\/\/viqtor.eu\/le-role-du-delegue-a-la-protection-des-donnees-dpd-ou-dpo\/","name":"Le r\u00f4le du D\u00e9l\u00e9gu\u00e9 \u00e0 la protection des donn\u00e9es (DPD ou DPO) - Viqtor","isPartOf":{"@id":"https:\/\/viqtor.eu\/#website"},"primaryImageOfPage":{"@id":"https:\/\/viqtor.eu\/le-role-du-delegue-a-la-protection-des-donnees-dpd-ou-dpo\/#primaryimage"},"image":{"@id":"https:\/\/viqtor.eu\/le-role-du-delegue-a-la-protection-des-donnees-dpd-ou-dpo\/#primaryimage"},"thumbnailUrl":"https:\/\/viqtor.eu\/wp-content\/uploads\/2023\/04\/shutterstock_2000247368-1.jpg","datePublished":"2023-04-25T15:05:08+00:00","dateModified":"2024-08-06T12:18:14+00:00","description":"Le r\u00f4le du D\u00e9l\u00e9gu\u00e9 \u00e0 la protection des donn\u00e9es (DPD ou DPO) - Viqtor","breadcrumb":{"@id":"https:\/\/viqtor.eu\/le-role-du-delegue-a-la-protection-des-donnees-dpd-ou-dpo\/#breadcrumb"},"inLanguage":"nl-NL","potentialAction":[{"@type":"ReadAction","target":["https:\/\/viqtor.eu\/le-role-du-delegue-a-la-protection-des-donnees-dpd-ou-dpo\/"]}]},{"@type":"ImageObject","inLanguage":"nl-NL","@id":"https:\/\/viqtor.eu\/le-role-du-delegue-a-la-protection-des-donnees-dpd-ou-dpo\/#primaryimage","url":"https:\/\/viqtor.eu\/wp-content\/uploads\/2023\/04\/shutterstock_2000247368-1.jpg","contentUrl":"https:\/\/viqtor.eu\/wp-content\/uploads\/2023\/04\/shutterstock_2000247368-1.jpg","width":1000,"height":667,"caption":"Le r\u00f4le du D\u00e9l\u00e9gu\u00e9 \u00e0 la protection des donn\u00e9es (DPD ou DPO)"},{"@type":"BreadcrumbList","@id":"https:\/\/viqtor.eu\/le-role-du-delegue-a-la-protection-des-donnees-dpd-ou-dpo\/#breadcrumb","itemListElement":[{"@type":"ListItem","position":1,"name":"Accueil","item":"https:\/\/viqtor.eu\/"},{"@type":"ListItem","position":2,"name":"Le r\u00f4le du D\u00e9l\u00e9gu\u00e9 \u00e0 la protection des donn\u00e9es (DPD ou DPO)"}]},{"@type":"WebSite","@id":"https:\/\/viqtor.eu\/#website","url":"https:\/\/viqtor.eu\/","name":"Viqtor","description":"Faites du RGPD une opportunit\u00e9 pour votre entreprise.","publisher":{"@id":"https:\/\/viqtor.eu\/#organization"},"potentialAction":[{"@type":"SearchAction","target":{"@type":"EntryPoint","urlTemplate":"https:\/\/viqtor.eu\/?s={search_term_string}"},"query-input":{"@type":"PropertyValueSpecification","valueRequired":true,"valueName":"search_term_string"}}],"inLanguage":"nl-NL"},{"@type":"Organization","@id":"https:\/\/viqtor.eu\/#organization","name":"viqtor.eu","url":"https:\/\/viqtor.eu\/","logo":{"@type":"ImageObject","inLanguage":"nl-NL","@id":"https:\/\/viqtor.eu\/#\/schema\/logo\/image\/","url":"https:\/\/viqtor.eu\/wp-content\/uploads\/2023\/06\/favicon-noir.svg","contentUrl":"https:\/\/viqtor.eu\/wp-content\/uploads\/2023\/06\/favicon-noir.svg","width":108,"height":86,"caption":"viqtor.eu"},"image":{"@id":"https:\/\/viqtor.eu\/#\/schema\/logo\/image\/"}},{"@type":"Person","@id":"https:\/\/viqtor.eu\/#\/schema\/person\/3dbd9cc82a28f6cf1695c92eda0099ad","name":"Bruno","image":{"@type":"ImageObject","inLanguage":"nl-NL","@id":"https:\/\/viqtor.eu\/#\/schema\/person\/image\/","url":"https:\/\/secure.gravatar.com\/avatar\/e5a596f9489de15bfe046e97fb771f63589b601ca7e81ccc2bb9a23582f441a3?s=96&d=mm&r=g","contentUrl":"https:\/\/secure.gravatar.com\/avatar\/e5a596f9489de15bfe046e97fb771f63589b601ca7e81ccc2bb9a23582f441a3?s=96&d=mm&r=g","caption":"Bruno"},"sameAs":["https:\/\/exciting-panini.13-37-234-21.plesk.page"],"url":"https:\/\/viqtor.eu\/nl\/author\/mouad_zxum2ebi\/"}]}},"_links":{"self":[{"href":"https:\/\/viqtor.eu\/nl\/wp-json\/wp\/v2\/posts\/5844","targetHints":{"allow":["GET"]}}],"collection":[{"href":"https:\/\/viqtor.eu\/nl\/wp-json\/wp\/v2\/posts"}],"about":[{"href":"https:\/\/viqtor.eu\/nl\/wp-json\/wp\/v2\/types\/post"}],"author":[{"embeddable":true,"href":"https:\/\/viqtor.eu\/nl\/wp-json\/wp\/v2\/users\/1"}],"replies":[{"embeddable":true,"href":"https:\/\/viqtor.eu\/nl\/wp-json\/wp\/v2\/comments?post=5844"}],"version-history":[{"count":17,"href":"https:\/\/viqtor.eu\/nl\/wp-json\/wp\/v2\/posts\/5844\/revisions"}],"predecessor-version":[{"id":12200,"href":"https:\/\/viqtor.eu\/nl\/wp-json\/wp\/v2\/posts\/5844\/revisions\/12200"}],"wp:featuredmedia":[{"embeddable":true,"href":"https:\/\/viqtor.eu\/nl\/wp-json\/wp\/v2\/media\/5852"}],"wp:attachment":[{"href":"https:\/\/viqtor.eu\/nl\/wp-json\/wp\/v2\/media?parent=5844"}],"wp:term":[{"taxonomy":"category","embeddable":true,"href":"https:\/\/viqtor.eu\/nl\/wp-json\/wp\/v2\/categories?post=5844"},{"taxonomy":"post_tag","embeddable":true,"href":"https:\/\/viqtor.eu\/nl\/wp-json\/wp\/v2\/tags?post=5844"}],"curies":[{"name":"wp","href":"https:\/\/api.w.org\/{rel}","templated":true}]}}