{"id":5823,"date":"2023-04-25T14:52:24","date_gmt":"2023-04-25T14:52:24","guid":{"rendered":"https:\/\/exciting-panini.13-37-234-21.plesk.page\/?p=5823"},"modified":"2024-08-06T11:33:57","modified_gmt":"2024-08-06T11:33:57","slug":"la-responsabilite-partagee-des-sous-traitants","status":"publish","type":"post","link":"https:\/\/viqtor.eu\/nl\/la-responsabilite-partagee-des-sous-traitants\/","title":{"rendered":"Gedeelde verantwoordelijkheid van onderaannemers"},"content":{"rendered":"<div data-elementor-type=\"wp-post\" data-elementor-id=\"5823\" class=\"elementor elementor-5823\" data-elementor-post-type=\"post\">\n\t\t\t\t\t\t<section class=\"elementor-section elementor-top-section elementor-element elementor-element-bc30a27 ot-traditional elementor-section-boxed elementor-section-height-default elementor-section-height-default\" data-id=\"bc30a27\" data-element_type=\"section\">\n\t\t\t\t\t\t<div class=\"elementor-container elementor-column-gap-default\">\n\t\t\t\t\t<div class=\"elementor-column elementor-col-100 elementor-top-column elementor-element elementor-element-af873c8 ot-flex-column-vertical\" data-id=\"af873c8\" data-element_type=\"column\">\n\t\t\t<div class=\"elementor-widget-wrap elementor-element-populated\">\n\t\t\t\t\t\t<div class=\"elementor-element elementor-element-f2dd63c elementor-widget elementor-widget-image\" data-id=\"f2dd63c\" data-element_type=\"widget\" data-widget_type=\"image.default\">\n\t\t\t\t<div class=\"elementor-widget-container\">\n\t\t\t\t\t\t\t\t\t\t\t\t\t<img fetchpriority=\"high\" decoding=\"async\" width=\"2048\" height=\"1152\" src=\"https:\/\/viqtor.eu\/wp-content\/uploads\/2023\/04\/La-responsabilite-partagee-des-sous-traitants.jpg\" class=\"attachment-full size-full wp-image-12173\" alt=\"La responsabilit\u00e9 partag\u00e9e des sous-traitants\" srcset=\"https:\/\/viqtor.eu\/wp-content\/uploads\/2023\/04\/La-responsabilite-partagee-des-sous-traitants.jpg 2048w, https:\/\/viqtor.eu\/wp-content\/uploads\/2023\/04\/La-responsabilite-partagee-des-sous-traitants-300x169.jpg 300w, https:\/\/viqtor.eu\/wp-content\/uploads\/2023\/04\/La-responsabilite-partagee-des-sous-traitants-1024x576.jpg 1024w, https:\/\/viqtor.eu\/wp-content\/uploads\/2023\/04\/La-responsabilite-partagee-des-sous-traitants-768x432.jpg 768w, https:\/\/viqtor.eu\/wp-content\/uploads\/2023\/04\/La-responsabilite-partagee-des-sous-traitants-1536x864.jpg 1536w, https:\/\/viqtor.eu\/wp-content\/uploads\/2023\/04\/La-responsabilite-partagee-des-sous-traitants-720x405.jpg 720w\" sizes=\"(max-width: 2048px) 100vw, 2048px\" \/>\t\t\t\t\t\t\t\t\t\t\t\t\t<\/div>\n\t\t\t\t<\/div>\n\t\t\t\t\t<\/div>\n\t\t<\/div>\n\t\t\t\t\t<\/div>\n\t\t<\/section>\n\t\t\t\t<section class=\"elementor-section elementor-top-section elementor-element elementor-element-1d10800 ot-traditional elementor-section-boxed elementor-section-height-default elementor-section-height-default\" data-id=\"1d10800\" data-element_type=\"section\">\n\t\t\t\t\t\t<div class=\"elementor-container elementor-column-gap-default\">\n\t\t\t\t\t<div class=\"elementor-column elementor-col-100 elementor-top-column elementor-element elementor-element-c3533f5 ot-flex-column-vertical\" data-id=\"c3533f5\" data-element_type=\"column\">\n\t\t\t<div class=\"elementor-widget-wrap elementor-element-populated\">\n\t\t\t\t\t\t<div class=\"elementor-element elementor-element-403f333 elementor-widget elementor-widget-heading\" data-id=\"403f333\" data-element_type=\"widget\" data-widget_type=\"heading.default\">\n\t\t\t\t<div class=\"elementor-widget-container\">\n\t\t\t<h1 class=\"elementor-heading-title elementor-size-default\">Gedeelde verantwoordelijkheid van onderaannemers<\/h1>\t\t<\/div>\n\t\t\t\t<\/div>\n\t\t\t\t\t<\/div>\n\t\t<\/div>\n\t\t\t\t\t<\/div>\n\t\t<\/section>\n\t\t\t\t<section class=\"elementor-section elementor-top-section elementor-element elementor-element-602d6545 ot-traditional elementor-section-boxed elementor-section-height-default elementor-section-height-default\" data-id=\"602d6545\" data-element_type=\"section\">\n\t\t\t\t\t\t<div class=\"elementor-container elementor-column-gap-default\">\n\t\t\t\t\t<div class=\"elementor-column elementor-col-100 elementor-top-column elementor-element elementor-element-9af1cc7 ot-flex-column-vertical\" data-id=\"9af1cc7\" data-element_type=\"column\">\n\t\t\t<div class=\"elementor-widget-wrap elementor-element-populated\">\n\t\t\t\t\t\t<div class=\"elementor-element elementor-element-6c7bcdc7 elementor-widget elementor-widget-text-editor\" data-id=\"6c7bcdc7\" data-element_type=\"widget\" data-widget_type=\"text-editor.default\">\n\t\t\t\t<div class=\"elementor-widget-container\">\n\t\t\t\t\t\t\t<!-- wp:paragraph -->\n<p><strong>Fragment uit het boek van Bruno DUMAY: GDPR DECRYPTION \u2013 Voor managers, strategische afdelingen en medewerkers van bedrijven en organisaties \u2013 Voorwoord door Ga\u00eblle MONTEILLER<\/strong><\/p>\n<!-- \/wp:paragraph --><!-- wp:paragraph -->\n<p>In de tekst worden verwerkers naast verwerkingsverantwoordelijken genoemd. Volgens artikel 4-8 is een verwerker &quot;een natuurlijke persoon of rechtspersoon, een overheidsinstantie, een dienst of een ander orgaan die\/dat ten behoeve van de verwerkingsverantwoordelijke persoonsgegevens verwerkt&quot;. Deze mag alleen handelen binnen het kader van een overeenkomst of andere rechtshandeling van de Europese Unie, waarin de verplichtingen inzake gegevensbescherming worden herhaald (artikel 28-3).<\/p>\n<!-- \/wp:paragraph --><!-- wp:paragraph -->\n<p>In september 2017 publiceerde de CNIL een handleiding voor onderaannemers, waarin de rol en aard van onderaannemers in de gegevensverwerkings- en gegevensbeschermingsketen worden verduidelijkt.<\/p>\n<!-- \/wp:paragraph --><!-- wp:paragraph -->\n<p>Ondanks de precieze definitie kan de term onderaannemer op veel structuren worden toegepast, waaronder:<\/p>\n<!-- \/wp:paragraph --><!-- wp:paragraph -->\n<p>\u201c\u2013 IT-dienstverleners (hosting, onderhoud, enz.), software-integratoren, IT-beveiligingsbedrijven, digitale servicebedrijven of voorheen IT-service- en engineeringbedrijven (SSII) die toegang hebben tot de gegevens;<\/p>\n<!-- \/wp:paragraph --><!-- wp:paragraph -->\n<p>\u2013 marketing- of communicatiebureaus die ten behoeve van opdrachtgevers persoonsgegevens verwerken;<\/p>\n<!-- \/wp:paragraph --><!-- wp:paragraph -->\n<p>\u2013 meer in het algemeen elke organisatie die een dienst of voorziening aanbiedt waarbij persoonsgegevens worden verwerkt namens een andere organisatie;<\/p>\n<!-- \/wp:paragraph --><!-- wp:paragraph -->\n<p>\u2013 ook een overheidsorgaan of een vereniging kan een dergelijke kwalificatie verlangen\u201d.<\/p>\n<!-- \/wp:paragraph --><!-- wp:paragraph -->\n<p>Houd er rekening mee dat bij de verwerking van gegevens in eigen naam (bijvoorbeeld personeelsbeheer) de onderaannemer de verwerkingsverantwoordelijke is. Dit geldt ook als hij zelf het doel en de middelen van de verwerking bepaalt.<\/p>\n<!-- \/wp:paragraph --><!-- wp:paragraph -->\n<p>Bij twijfel over de status \u2013 verwerkingsverantwoordelijke of verwerker \u2013 verwijst de CNIL naar het advies van de Europese toezichthoudende autoriteiten van 16 februari 2010, waarin een aantal aanwijzingen worden gegeven die kunnen worden gebruikt:<\/p>\n<!-- \/wp:paragraph --><!-- wp:paragraph -->\n<p>\u2013 de autonomie van de dienstverlener bij het uitvoeren van zijn dienst;<\/p>\n<!-- \/wp:paragraph --><!-- wp:paragraph -->\n<p>\u2013 monitoring van de dienstverlening;<\/p>\n<!-- \/wp:paragraph --><!-- wp:paragraph -->\n<p>\u2013 de toegevoegde waarde, dat wil zeggen de expertise, die de dienstverlener levert;<\/p>\n<!-- \/wp:paragraph --><!-- wp:paragraph -->\n<p>\u2013 de mate van transparantie met betrekking tot het gebruik van een dienstverlener (is de identiteit ervan bekend bij de betrokkenen die gebruikmaken van de diensten van de cli\u00ebnt?).<\/p>\n<!-- \/wp:paragraph --><!-- wp:paragraph -->\n<p>Volgens de AVG is de verwerker medeverantwoordelijk. Hij &quot;staat de verwerkingsverantwoordelijke bij bij het waarborgen van de naleving van de verplichtingen&quot; (art. 28-3f). Hij houdt een &quot;register bij van alle categorie\u00ebn verwerkingsactiviteiten die namens de verwerkingsverantwoordelijke worden uitgevoerd&quot; (art. 30-2). En meestal moet hij ook een functionaris voor gegevensbescherming aanstellen (art. 37), waar we later op terugkomen.<\/p>\n<!-- \/wp:paragraph --><!-- wp:paragraph -->\n<p>De CNIL specificeert in haar gids wat wordt bedoeld met de \u201cvoldoende garanties\u201d die de onderaannemer moet bieden om zijn werk te kunnen uitvoeren:<\/p>\n<!-- \/wp:paragraph --><!-- wp:paragraph -->\n<p>\u2013 transparantie en traceerbaarheid (contract, instructies, register en alle informatie die nodig is om de naleving van de verplichtingen aan te tonen);<\/p>\n<!-- \/wp:paragraph --><!-- wp:paragraph -->\n<p>\u2013 gegevensbescherming door ontwerp en standaardinstellingen (minimale verwerking, gerelateerd aan het doel en uitsluitend dat doel, beperkte duur);<\/p>\n<!-- \/wp:paragraph --><!-- wp:paragraph -->\n<p>\u2013 beveiliging van de verwerkte gegevens (vertrouwelijkheid, melding bij een datalek, verwijdering of teruggave van gegevens bij be\u00ebindiging van de dienstverlening);<\/p>\n<!-- \/wp:paragraph --><!-- wp:paragraph -->\n<p>\u2013 bijstand, waarschuwing en advies.<\/p>\n<!-- \/wp:paragraph --><!-- wp:paragraph -->\n<p>Indien de onderaannemer ook onderaannemers inschakelt, moet hij vooraf schriftelijke toestemming verkrijgen van de verwerkingsverantwoordelijke (art. 28-2). Deze tweede onderaannemer is onderworpen aan dezelfde verplichtingen, zelfs indien hij buiten de Europese Unie is gevestigd. Indien hij deze niet nakomt, is de eerste onderaannemer aansprakelijk. Met andere woorden, in geval van een probleem kan men zich niet verontschuldigen door de locatie van een dienstverlener in Marokko of Singapore aan te voeren om verwerking te rechtvaardigen die niet in overeenstemming is met de AVG.<\/p>\n<!-- \/wp:paragraph --><!-- wp:paragraph -->\n<p>De CNIL adviseert om de huidige contracten via amendementen aan te passen, zodat daarin de verplichte clausules worden opgenomen die de Europese verordening voorschrijft.<\/p>\n<!-- \/wp:paragraph --><!-- wp:paragraph -->\n<p>Indien een onderaannemer in meerdere EU-landen actief is, is een one-stop-shop mogelijk. Artikel 56-1 bepaalt dat de &quot;leidende autoriteit&quot; die van de hoofdvestiging is. Indien een onderaannemer geen vestiging in de EU heeft, moet hij een vertegenwoordiger aanwijzen die als contactpersoon fungeert voor de betrokkenen en de toezichthoudende autoriteiten.<\/p>\n<!-- \/wp:paragraph --><!-- wp:paragraph -->\n<p>De sancties die aan een onderaannemer worden opgelegd als die zijn verplichtingen niet nakomt, kunnen even streng zijn als de sancties die aan een verwerkingsverantwoordelijke worden opgelegd.<\/p>\n<!-- \/wp:buttons -->\t\t\t\t\t\t<\/div>\n\t\t\t\t<\/div>\n\t\t\t\t\t<\/div>\n\t\t<\/div>\n\t\t\t\t\t<\/div>\n\t\t<\/section>\n\t\t\t\t<section class=\"elementor-section elementor-top-section elementor-element elementor-element-bc778de ot-traditional elementor-section-boxed elementor-section-height-default elementor-section-height-default\" data-id=\"bc778de\" data-element_type=\"section\">\n\t\t\t\t\t\t<div class=\"elementor-container elementor-column-gap-default\">\n\t\t\t\t\t<div class=\"elementor-column elementor-col-100 elementor-top-column elementor-element elementor-element-f5b5e26 ot-flex-column-vertical\" data-id=\"f5b5e26\" data-element_type=\"column\">\n\t\t\t<div class=\"elementor-widget-wrap elementor-element-populated\">\n\t\t\t\t\t\t<div class=\"elementor-element elementor-element-337ac6f elementor-align-center elementor-widget elementor-widget-button\" data-id=\"337ac6f\" data-element_type=\"widget\" data-widget_type=\"button.default\">\n\t\t\t\t<div class=\"elementor-widget-container\">\n\t\t\t\t\t<div class=\"elementor-button-wrapper\">\n\t\t\t<a class=\"elementor-button elementor-button-link elementor-size-lg\" href=\"https:\/\/app.viqtor.eu\/\">\n\t\t\t\t\t\t<span class=\"elementor-button-content-wrapper\">\n\t\t\t\t\t\t<span class=\"elementor-button-icon\">\n\t\t\t\t<i aria-hidden=\"true\" class=\"fas fa-long-arrow-alt-right\"><\/i>\t\t\t<\/span>\n\t\t\t\t\t\t\t\t\t<span class=\"elementor-button-text\">Ontdek Viqtor\u00ae<\/span>\n\t\t\t\t\t<\/span>\n\t\t\t\t\t<\/a>\n\t\t<\/div>\n\t\t\t\t<\/div>\n\t\t\t\t<\/div>\n\t\t\t\t\t<\/div>\n\t\t<\/div>\n\t\t\t\t\t<\/div>\n\t\t<\/section>\n\t\t\t\t<\/div>","protected":false},"excerpt":{"rendered":"<p>De gedeelde verantwoordelijkheid van onderaannemers Uittreksel uit het boek van Bruno DUMAY: GDPR DECRYPTION \u2013 Voor managers, strategische afdelingen en medewerkers van bedrijven en organisaties \u2013 Voorwoord door Ga\u00eblle MONTEILLER In de tekst worden onderaannemers naast verwerkingsverantwoordelijken genoemd. Volgens artikel 4-8 is de onderaannemer [\u2026]<\/p>","protected":false},"author":1,"featured_media":5830,"comment_status":"closed","ping_status":"open","sticky":false,"template":"elementor_header_footer","format":"standard","meta":{"_acf_changed":false,"footnotes":""},"categories":[62],"tags":[38],"class_list":["post-5823","post","type-post","status-publish","format-standard","has-post-thumbnail","hentry","category-decryptage","tag-decryptage"],"acf":[],"yoast_head":"<!-- This site is optimized with the Yoast SEO plugin v23.6 - https:\/\/yoast.com\/wordpress\/plugins\/seo\/ -->\n<title>La responsabilit\u00e9 partag\u00e9e des sous-traitants - Viqtor<\/title>\n<meta name=\"description\" content=\"La responsabilit\u00e9 partag\u00e9e des sous-traitants - Viqtor\" \/>\n<meta name=\"robots\" content=\"index, follow, max-snippet:-1, max-image-preview:large, max-video-preview:-1\" \/>\n<link rel=\"canonical\" href=\"https:\/\/viqtor.eu\/nl\/la-responsabilite-partagee-des-sous-traitants\/\" \/>\n<meta property=\"og:locale\" content=\"nl_NL\" \/>\n<meta property=\"og:type\" content=\"article\" \/>\n<meta property=\"og:title\" content=\"La responsabilit\u00e9 partag\u00e9e des sous-traitants - Viqtor\" \/>\n<meta property=\"og:description\" content=\"La responsabilit\u00e9 partag\u00e9e des sous-traitants - Viqtor\" \/>\n<meta property=\"og:url\" content=\"https:\/\/viqtor.eu\/nl\/la-responsabilite-partagee-des-sous-traitants\/\" \/>\n<meta property=\"og:site_name\" content=\"Viqtor\" \/>\n<meta property=\"article:published_time\" content=\"2023-04-25T14:52:24+00:00\" \/>\n<meta property=\"article:modified_time\" content=\"2024-08-06T11:33:57+00:00\" \/>\n<meta property=\"og:image\" content=\"https:\/\/viqtor.eu\/wp-content\/uploads\/2026\/04\/widget-viqtor.png\" \/>\n\t<meta property=\"og:image:width\" content=\"2560\" \/>\n\t<meta property=\"og:image:height\" content=\"1440\" \/>\n\t<meta property=\"og:image:type\" content=\"image\/jpeg\" \/>\n<meta name=\"author\" content=\"Bruno\" \/>\n<meta name=\"twitter:card\" content=\"summary_large_image\" \/>\n<meta name=\"twitter:label1\" content=\"Geschreven door\" \/>\n\t<meta name=\"twitter:data1\" content=\"Bruno\" \/>\n\t<meta name=\"twitter:label2\" content=\"Verwachte leestijd\" \/>\n\t<meta name=\"twitter:data2\" content=\"4 minuten\" \/>\n<script type=\"application\/ld+json\" class=\"yoast-schema-graph\">{\"@context\":\"https:\/\/schema.org\",\"@graph\":[{\"@type\":\"Article\",\"@id\":\"https:\/\/viqtor.eu\/la-responsabilite-partagee-des-sous-traitants\/#article\",\"isPartOf\":{\"@id\":\"https:\/\/viqtor.eu\/la-responsabilite-partagee-des-sous-traitants\/\"},\"author\":{\"name\":\"Bruno\",\"@id\":\"https:\/\/viqtor.eu\/#\/schema\/person\/3dbd9cc82a28f6cf1695c92eda0099ad\"},\"headline\":\"La responsabilit\u00e9 partag\u00e9e des sous-traitants\",\"datePublished\":\"2023-04-25T14:52:24+00:00\",\"dateModified\":\"2024-08-06T11:33:57+00:00\",\"mainEntityOfPage\":{\"@id\":\"https:\/\/viqtor.eu\/la-responsabilite-partagee-des-sous-traitants\/\"},\"wordCount\":809,\"publisher\":{\"@id\":\"https:\/\/viqtor.eu\/#organization\"},\"image\":{\"@id\":\"https:\/\/viqtor.eu\/la-responsabilite-partagee-des-sous-traitants\/#primaryimage\"},\"thumbnailUrl\":\"https:\/\/viqtor.eu\/wp-content\/uploads\/2023\/04\/shutterstock_1504571753-scaled.jpg\",\"keywords\":[\"D\u00e9cryptage\"],\"articleSection\":[\"D\u00e9cryptage\"],\"inLanguage\":\"nl-NL\"},{\"@type\":\"WebPage\",\"@id\":\"https:\/\/viqtor.eu\/la-responsabilite-partagee-des-sous-traitants\/\",\"url\":\"https:\/\/viqtor.eu\/la-responsabilite-partagee-des-sous-traitants\/\",\"name\":\"La responsabilit\u00e9 partag\u00e9e des sous-traitants - Viqtor\",\"isPartOf\":{\"@id\":\"https:\/\/viqtor.eu\/#website\"},\"primaryImageOfPage\":{\"@id\":\"https:\/\/viqtor.eu\/la-responsabilite-partagee-des-sous-traitants\/#primaryimage\"},\"image\":{\"@id\":\"https:\/\/viqtor.eu\/la-responsabilite-partagee-des-sous-traitants\/#primaryimage\"},\"thumbnailUrl\":\"https:\/\/viqtor.eu\/wp-content\/uploads\/2023\/04\/shutterstock_1504571753-scaled.jpg\",\"datePublished\":\"2023-04-25T14:52:24+00:00\",\"dateModified\":\"2024-08-06T11:33:57+00:00\",\"description\":\"La responsabilit\u00e9 partag\u00e9e des sous-traitants - Viqtor\",\"breadcrumb\":{\"@id\":\"https:\/\/viqtor.eu\/la-responsabilite-partagee-des-sous-traitants\/#breadcrumb\"},\"inLanguage\":\"nl-NL\",\"potentialAction\":[{\"@type\":\"ReadAction\",\"target\":[\"https:\/\/viqtor.eu\/la-responsabilite-partagee-des-sous-traitants\/\"]}]},{\"@type\":\"ImageObject\",\"inLanguage\":\"nl-NL\",\"@id\":\"https:\/\/viqtor.eu\/la-responsabilite-partagee-des-sous-traitants\/#primaryimage\",\"url\":\"https:\/\/viqtor.eu\/wp-content\/uploads\/2023\/04\/shutterstock_1504571753-scaled.jpg\",\"contentUrl\":\"https:\/\/viqtor.eu\/wp-content\/uploads\/2023\/04\/shutterstock_1504571753-scaled.jpg\",\"width\":2560,\"height\":1440},{\"@type\":\"BreadcrumbList\",\"@id\":\"https:\/\/viqtor.eu\/la-responsabilite-partagee-des-sous-traitants\/#breadcrumb\",\"itemListElement\":[{\"@type\":\"ListItem\",\"position\":1,\"name\":\"Accueil\",\"item\":\"https:\/\/viqtor.eu\/\"},{\"@type\":\"ListItem\",\"position\":2,\"name\":\"La responsabilit\u00e9 partag\u00e9e des sous-traitants\"}]},{\"@type\":\"WebSite\",\"@id\":\"https:\/\/viqtor.eu\/#website\",\"url\":\"https:\/\/viqtor.eu\/\",\"name\":\"Viqtor\",\"description\":\"Faites du RGPD une opportunit\u00e9 pour votre entreprise.\",\"publisher\":{\"@id\":\"https:\/\/viqtor.eu\/#organization\"},\"potentialAction\":[{\"@type\":\"SearchAction\",\"target\":{\"@type\":\"EntryPoint\",\"urlTemplate\":\"https:\/\/viqtor.eu\/?s={search_term_string}\"},\"query-input\":{\"@type\":\"PropertyValueSpecification\",\"valueRequired\":true,\"valueName\":\"search_term_string\"}}],\"inLanguage\":\"nl-NL\"},{\"@type\":\"Organization\",\"@id\":\"https:\/\/viqtor.eu\/#organization\",\"name\":\"viqtor.eu\",\"url\":\"https:\/\/viqtor.eu\/\",\"logo\":{\"@type\":\"ImageObject\",\"inLanguage\":\"nl-NL\",\"@id\":\"https:\/\/viqtor.eu\/#\/schema\/logo\/image\/\",\"url\":\"https:\/\/viqtor.eu\/wp-content\/uploads\/2023\/06\/favicon-noir.svg\",\"contentUrl\":\"https:\/\/viqtor.eu\/wp-content\/uploads\/2023\/06\/favicon-noir.svg\",\"width\":108,\"height\":86,\"caption\":\"viqtor.eu\"},\"image\":{\"@id\":\"https:\/\/viqtor.eu\/#\/schema\/logo\/image\/\"}},{\"@type\":\"Person\",\"@id\":\"https:\/\/viqtor.eu\/#\/schema\/person\/3dbd9cc82a28f6cf1695c92eda0099ad\",\"name\":\"Bruno\",\"image\":{\"@type\":\"ImageObject\",\"inLanguage\":\"nl-NL\",\"@id\":\"https:\/\/viqtor.eu\/#\/schema\/person\/image\/\",\"url\":\"https:\/\/secure.gravatar.com\/avatar\/e5a596f9489de15bfe046e97fb771f63589b601ca7e81ccc2bb9a23582f441a3?s=96&d=mm&r=g\",\"contentUrl\":\"https:\/\/secure.gravatar.com\/avatar\/e5a596f9489de15bfe046e97fb771f63589b601ca7e81ccc2bb9a23582f441a3?s=96&d=mm&r=g\",\"caption\":\"Bruno\"},\"sameAs\":[\"https:\/\/exciting-panini.13-37-234-21.plesk.page\"],\"url\":\"https:\/\/viqtor.eu\/nl\/author\/mouad_zxum2ebi\/\"}]}<\/script>\n<!-- \/ Yoast SEO plugin. -->","yoast_head_json":{"title":"La responsabilit\u00e9 partag\u00e9e des sous-traitants - Viqtor","description":"La responsabilit\u00e9 partag\u00e9e des sous-traitants - Viqtor","robots":{"index":"index","follow":"follow","max-snippet":"max-snippet:-1","max-image-preview":"max-image-preview:large","max-video-preview":"max-video-preview:-1"},"canonical":"https:\/\/viqtor.eu\/nl\/la-responsabilite-partagee-des-sous-traitants\/","og_locale":"nl_NL","og_type":"article","og_title":"La responsabilit\u00e9 partag\u00e9e des sous-traitants - Viqtor","og_description":"La responsabilit\u00e9 partag\u00e9e des sous-traitants - Viqtor","og_url":"https:\/\/viqtor.eu\/nl\/la-responsabilite-partagee-des-sous-traitants\/","og_site_name":"Viqtor","article_published_time":"2023-04-25T14:52:24+00:00","article_modified_time":"2024-08-06T11:33:57+00:00","og_image":[{"width":2560,"height":1440,"url":"https:\/\/viqtor.eu\/wp-content\/uploads\/2026\/04\/widget-viqtor.png","type":"image\/jpeg"}],"author":"Bruno","twitter_card":"summary_large_image","twitter_misc":{"Geschreven door":"Bruno","Verwachte leestijd":"4 minuten"},"schema":{"@context":"https:\/\/schema.org","@graph":[{"@type":"Article","@id":"https:\/\/viqtor.eu\/la-responsabilite-partagee-des-sous-traitants\/#article","isPartOf":{"@id":"https:\/\/viqtor.eu\/la-responsabilite-partagee-des-sous-traitants\/"},"author":{"name":"Bruno","@id":"https:\/\/viqtor.eu\/#\/schema\/person\/3dbd9cc82a28f6cf1695c92eda0099ad"},"headline":"La responsabilit\u00e9 partag\u00e9e des sous-traitants","datePublished":"2023-04-25T14:52:24+00:00","dateModified":"2024-08-06T11:33:57+00:00","mainEntityOfPage":{"@id":"https:\/\/viqtor.eu\/la-responsabilite-partagee-des-sous-traitants\/"},"wordCount":809,"publisher":{"@id":"https:\/\/viqtor.eu\/#organization"},"image":{"@id":"https:\/\/viqtor.eu\/la-responsabilite-partagee-des-sous-traitants\/#primaryimage"},"thumbnailUrl":"https:\/\/viqtor.eu\/wp-content\/uploads\/2023\/04\/shutterstock_1504571753-scaled.jpg","keywords":["D\u00e9cryptage"],"articleSection":["D\u00e9cryptage"],"inLanguage":"nl-NL"},{"@type":"WebPage","@id":"https:\/\/viqtor.eu\/la-responsabilite-partagee-des-sous-traitants\/","url":"https:\/\/viqtor.eu\/la-responsabilite-partagee-des-sous-traitants\/","name":"La responsabilit\u00e9 partag\u00e9e des sous-traitants - Viqtor","isPartOf":{"@id":"https:\/\/viqtor.eu\/#website"},"primaryImageOfPage":{"@id":"https:\/\/viqtor.eu\/la-responsabilite-partagee-des-sous-traitants\/#primaryimage"},"image":{"@id":"https:\/\/viqtor.eu\/la-responsabilite-partagee-des-sous-traitants\/#primaryimage"},"thumbnailUrl":"https:\/\/viqtor.eu\/wp-content\/uploads\/2023\/04\/shutterstock_1504571753-scaled.jpg","datePublished":"2023-04-25T14:52:24+00:00","dateModified":"2024-08-06T11:33:57+00:00","description":"La responsabilit\u00e9 partag\u00e9e des sous-traitants - Viqtor","breadcrumb":{"@id":"https:\/\/viqtor.eu\/la-responsabilite-partagee-des-sous-traitants\/#breadcrumb"},"inLanguage":"nl-NL","potentialAction":[{"@type":"ReadAction","target":["https:\/\/viqtor.eu\/la-responsabilite-partagee-des-sous-traitants\/"]}]},{"@type":"ImageObject","inLanguage":"nl-NL","@id":"https:\/\/viqtor.eu\/la-responsabilite-partagee-des-sous-traitants\/#primaryimage","url":"https:\/\/viqtor.eu\/wp-content\/uploads\/2023\/04\/shutterstock_1504571753-scaled.jpg","contentUrl":"https:\/\/viqtor.eu\/wp-content\/uploads\/2023\/04\/shutterstock_1504571753-scaled.jpg","width":2560,"height":1440},{"@type":"BreadcrumbList","@id":"https:\/\/viqtor.eu\/la-responsabilite-partagee-des-sous-traitants\/#breadcrumb","itemListElement":[{"@type":"ListItem","position":1,"name":"Accueil","item":"https:\/\/viqtor.eu\/"},{"@type":"ListItem","position":2,"name":"La responsabilit\u00e9 partag\u00e9e des sous-traitants"}]},{"@type":"WebSite","@id":"https:\/\/viqtor.eu\/#website","url":"https:\/\/viqtor.eu\/","name":"Viqtor","description":"Faites du RGPD une opportunit\u00e9 pour votre entreprise.","publisher":{"@id":"https:\/\/viqtor.eu\/#organization"},"potentialAction":[{"@type":"SearchAction","target":{"@type":"EntryPoint","urlTemplate":"https:\/\/viqtor.eu\/?s={search_term_string}"},"query-input":{"@type":"PropertyValueSpecification","valueRequired":true,"valueName":"search_term_string"}}],"inLanguage":"nl-NL"},{"@type":"Organization","@id":"https:\/\/viqtor.eu\/#organization","name":"viqtor.eu","url":"https:\/\/viqtor.eu\/","logo":{"@type":"ImageObject","inLanguage":"nl-NL","@id":"https:\/\/viqtor.eu\/#\/schema\/logo\/image\/","url":"https:\/\/viqtor.eu\/wp-content\/uploads\/2023\/06\/favicon-noir.svg","contentUrl":"https:\/\/viqtor.eu\/wp-content\/uploads\/2023\/06\/favicon-noir.svg","width":108,"height":86,"caption":"viqtor.eu"},"image":{"@id":"https:\/\/viqtor.eu\/#\/schema\/logo\/image\/"}},{"@type":"Person","@id":"https:\/\/viqtor.eu\/#\/schema\/person\/3dbd9cc82a28f6cf1695c92eda0099ad","name":"Bruno","image":{"@type":"ImageObject","inLanguage":"nl-NL","@id":"https:\/\/viqtor.eu\/#\/schema\/person\/image\/","url":"https:\/\/secure.gravatar.com\/avatar\/e5a596f9489de15bfe046e97fb771f63589b601ca7e81ccc2bb9a23582f441a3?s=96&d=mm&r=g","contentUrl":"https:\/\/secure.gravatar.com\/avatar\/e5a596f9489de15bfe046e97fb771f63589b601ca7e81ccc2bb9a23582f441a3?s=96&d=mm&r=g","caption":"Bruno"},"sameAs":["https:\/\/exciting-panini.13-37-234-21.plesk.page"],"url":"https:\/\/viqtor.eu\/nl\/author\/mouad_zxum2ebi\/"}]}},"_links":{"self":[{"href":"https:\/\/viqtor.eu\/nl\/wp-json\/wp\/v2\/posts\/5823","targetHints":{"allow":["GET"]}}],"collection":[{"href":"https:\/\/viqtor.eu\/nl\/wp-json\/wp\/v2\/posts"}],"about":[{"href":"https:\/\/viqtor.eu\/nl\/wp-json\/wp\/v2\/types\/post"}],"author":[{"embeddable":true,"href":"https:\/\/viqtor.eu\/nl\/wp-json\/wp\/v2\/users\/1"}],"replies":[{"embeddable":true,"href":"https:\/\/viqtor.eu\/nl\/wp-json\/wp\/v2\/comments?post=5823"}],"version-history":[{"count":13,"href":"https:\/\/viqtor.eu\/nl\/wp-json\/wp\/v2\/posts\/5823\/revisions"}],"predecessor-version":[{"id":12176,"href":"https:\/\/viqtor.eu\/nl\/wp-json\/wp\/v2\/posts\/5823\/revisions\/12176"}],"wp:featuredmedia":[{"embeddable":true,"href":"https:\/\/viqtor.eu\/nl\/wp-json\/wp\/v2\/media\/5830"}],"wp:attachment":[{"href":"https:\/\/viqtor.eu\/nl\/wp-json\/wp\/v2\/media?parent=5823"}],"wp:term":[{"taxonomy":"category","embeddable":true,"href":"https:\/\/viqtor.eu\/nl\/wp-json\/wp\/v2\/categories?post=5823"},{"taxonomy":"post_tag","embeddable":true,"href":"https:\/\/viqtor.eu\/nl\/wp-json\/wp\/v2\/tags?post=5823"}],"curies":[{"name":"wp","href":"https:\/\/api.w.org\/{rel}","templated":true}]}}