{"id":5454,"date":"2023-04-19T10:34:16","date_gmt":"2023-04-19T10:34:16","guid":{"rendered":"https:\/\/exciting-panini.13-37-234-21.plesk.page\/?p=5454"},"modified":"2024-07-22T13:10:50","modified_gmt":"2024-07-22T13:10:50","slug":"lactualite-des-autorites-de-controle","status":"publish","type":"post","link":"https:\/\/viqtor.eu\/nl\/lactualite-des-autorites-de-controle\/","title":{"rendered":"Nieuws van de toezichthoudende autoriteiten: feesten en toezicht"},"content":{"rendered":"<div data-elementor-type=\"wp-post\" data-elementor-id=\"5454\" class=\"elementor elementor-5454\" data-elementor-post-type=\"post\">\n\t\t\t\t\t\t<section class=\"elementor-section elementor-top-section elementor-element elementor-element-2f47dae ot-traditional elementor-section-boxed elementor-section-height-default elementor-section-height-default\" data-id=\"2f47dae\" data-element_type=\"section\">\n\t\t\t\t\t\t<div class=\"elementor-container elementor-column-gap-default\">\n\t\t\t\t\t<div class=\"elementor-column elementor-col-100 elementor-top-column elementor-element elementor-element-1f70fcb ot-flex-column-vertical\" data-id=\"1f70fcb\" data-element_type=\"column\">\n\t\t\t<div class=\"elementor-widget-wrap elementor-element-populated\">\n\t\t\t\t\t\t<div class=\"elementor-element elementor-element-9b58475 elementor-widget elementor-widget-image\" data-id=\"9b58475\" data-element_type=\"widget\" data-widget_type=\"image.default\">\n\t\t\t\t<div class=\"elementor-widget-container\">\n\t\t\t\t\t\t\t\t\t\t\t\t\t<img fetchpriority=\"high\" decoding=\"async\" width=\"1000\" height=\"667\" src=\"https:\/\/viqtor.eu\/wp-content\/uploads\/2023\/04\/Lactualite-des-autorites-de-controle.jpg\" class=\"attachment-full size-full wp-image-11883\" alt=\"L\u2019actualit\u00e9 des autorit\u00e9s de contr\u00f4le : c\u00e9l\u00e9brations et supervision\" srcset=\"https:\/\/viqtor.eu\/wp-content\/uploads\/2023\/04\/Lactualite-des-autorites-de-controle.jpg 1000w, https:\/\/viqtor.eu\/wp-content\/uploads\/2023\/04\/Lactualite-des-autorites-de-controle-300x200.jpg 300w, https:\/\/viqtor.eu\/wp-content\/uploads\/2023\/04\/Lactualite-des-autorites-de-controle-768x512.jpg 768w, https:\/\/viqtor.eu\/wp-content\/uploads\/2023\/04\/Lactualite-des-autorites-de-controle-720x480.jpg 720w\" sizes=\"(max-width: 1000px) 100vw, 1000px\" \/>\t\t\t\t\t\t\t\t\t\t\t\t\t<\/div>\n\t\t\t\t<\/div>\n\t\t\t\t\t<\/div>\n\t\t<\/div>\n\t\t\t\t\t<\/div>\n\t\t<\/section>\n\t\t\t\t<section class=\"elementor-section elementor-top-section elementor-element elementor-element-5e0a253 ot-traditional elementor-section-boxed elementor-section-height-default elementor-section-height-default\" data-id=\"5e0a253\" data-element_type=\"section\">\n\t\t\t\t\t\t<div class=\"elementor-container elementor-column-gap-default\">\n\t\t\t\t\t<div class=\"elementor-column elementor-col-100 elementor-top-column elementor-element elementor-element-1a009e4 ot-flex-column-vertical\" data-id=\"1a009e4\" data-element_type=\"column\">\n\t\t\t<div class=\"elementor-widget-wrap elementor-element-populated\">\n\t\t\t\t\t\t<div class=\"elementor-element elementor-element-f3a6376 elementor-widget elementor-widget-heading\" data-id=\"f3a6376\" data-element_type=\"widget\" data-widget_type=\"heading.default\">\n\t\t\t\t<div class=\"elementor-widget-container\">\n\t\t\t<h1 class=\"elementor-heading-title elementor-size-default\">Nieuws van de toezichthoudende autoriteiten: feesten en toezicht<\/h1>\t\t<\/div>\n\t\t\t\t<\/div>\n\t\t\t\t\t<\/div>\n\t\t<\/div>\n\t\t\t\t\t<\/div>\n\t\t<\/section>\n\t\t\t\t<section class=\"elementor-section elementor-top-section elementor-element elementor-element-2b48906 ot-traditional elementor-section-boxed elementor-section-height-default elementor-section-height-default\" data-id=\"2b48906\" data-element_type=\"section\">\n\t\t\t\t\t\t<div class=\"elementor-container elementor-column-gap-default\">\n\t\t\t\t\t<div class=\"elementor-column elementor-col-100 elementor-top-column elementor-element elementor-element-3d4484f4 ot-flex-column-vertical\" data-id=\"3d4484f4\" data-element_type=\"column\">\n\t\t\t<div class=\"elementor-widget-wrap elementor-element-populated\">\n\t\t\t\t\t\t<div class=\"elementor-element elementor-element-2e3f7675 elementor-widget elementor-widget-text-editor\" data-id=\"2e3f7675\" data-element_type=\"widget\" data-widget_type=\"text-editor.default\">\n\t\t\t\t<div class=\"elementor-widget-container\">\n\t\t\t\t\t\t\t<!-- wp:paragraph -->\n<p>Juridische Watch nr. 31 \u2013 <strong>Januari 2021<\/strong><\/p>\n<!-- \/wp:paragraph -->\n\n<!-- wp:paragraph -->\n<p><strong>Nieuws van de toezichthoudende autoriteiten: feesten en toezicht<\/strong>De afgelopen dagen waren het de momenten waarop we (virtueel) verschillende verjaardagen konden vieren.<\/p>\n<!-- \/wp:paragraph -->\n\n<!-- wp:paragraph -->\n<p>Op 28 januari organiseerden privacybelanghebbenden in Europa, Afrika, Noord- en Zuid-Amerika en de regio Azi\u00eb-Pacific verschillende evenementen om de 15e verjaardag van de<strong> Dag van de Gegevensbescherming<\/strong>.<\/p>\n<!-- \/wp:paragraph -->\n\n<!-- wp:paragraph -->\n<p>We willen er graag aan toevoegen dat Verdrag 108 (Verdrag van de Raad van Europa inzake de bescherming van persoonsgegevens) dit jaar zijn 40-jarig jubileum viert.<\/p>\n<!-- \/wp:paragraph -->\n\n<!-- wp:paragraph -->\n<p>De aanleiding voor een evaluatie en een offici\u00eble verklaring waarin de nadruk wordt gelegd op de noodzaak om &quot;de menselijke waardigheid en integriteit te behouden in het tijdperk van geautomatiseerde beslissingen genomen door kunstmatige intelligentie en algoritmen&quot; en om een gemeenschappelijke juridische ruimte op internationaal niveau te ontwikkelen om de uitwisseling van gegevens tussen landen te vergemakkelijken.<\/p>\n<!-- \/wp:paragraph -->\n\n<!-- wp:paragraph -->\n<p>Digitale technologie staat dan ook centraal in de huidige debatten, met een verklaring van het Comit\u00e9 van Ministers van de Raad van Europa over het waarborgen van het recht op gegevensbescherming in de digitale omgeving en de goedkeuring van richtsnoeren over gezichtsherkenning.<\/p>\n<!-- \/wp:paragraph -->\n\n<!-- wp:paragraph -->\n<p>Een van de belangrijkste internationale conferenties over gegevensbescherming, <strong>\u201cComputers, privacy en gegevensbescherming\u201d, <\/strong>die eind januari plaatsvond, bevestigde deze zorgen met drie dagen van online discussies over het thema &quot;handhaving van rechten in een veranderende wereld&quot;.&nbsp;<\/p>\n<!-- \/wp:paragraph -->\n\n<!-- wp:paragraph -->\n<p>Hoewel gegevensbeschermingsautoriteiten meer bevoegdheden hebben gekregen om de AVG te handhaven, blijven er vragen bestaan over hun strategie, de Europese samenwerking en de effectiviteit van sancties in het licht van de invloed van &#039;grote technologiebedrijven&#039; zoals Google en Amazon.<\/p>\n<!-- \/wp:paragraph -->\n\n<!-- wp:paragraph -->\n<p><strong>De in 2020 in Europa opgelegde boetes bedragen in totaal \u20ac 272,5 miljoen<\/strong>, en de drie meest actieve landen op dit gebied zijn Itali\u00eb, Duitsland en Frankrijk, zoals blijkt uit een recent rapport van DLA Piper over dit onderwerp.<\/p>\n<!-- \/wp:paragraph -->\n\n<!-- wp:paragraph -->\n<p>De CNIL heeft geen gebrek aan sancties, zowel tegen grote spelers in de digitale wereld als tegen micro- en kleine bedrijven (MKB), met boetes die zijn aangepast aan de omzet van de verantwoordelijken.<\/p>\n<!-- \/wp:paragraph -->\n\n<!-- wp:paragraph -->\n<p><\/p>\n<!-- \/wp:paragraph -->\n\n<!-- wp:paragraph -->\n<p>Multinationals kunnen weliswaar bepaalde bedragen opzijzetten als onderdeel van een sanctieprocedure, maar voor kleinere structuren kan de impact aanzienlijk zijn, zowel financieel als qua imago.<\/p>\n<!-- \/wp:paragraph -->\n\n<!-- wp:paragraph -->\n<p>Concreet werden de laatste sancties van de CNIL wegens schending van de AVG gerechtvaardigd door schendingen van de veiligheidsregels en het niet naleven van de regels inzake commerci\u00eble prospectie.<\/p>\n<!-- \/wp:paragraph -->\n\n<!-- wp:paragraph -->\n<p>Dus de <strong>Nestor-bedrijf kreeg boete van 20.000 euro<\/strong> omdat zij niet heeft voldaan aan haar verplichting om de toestemming van de potenti\u00eble klanten te verkrijgen, en omdat zij de rechten van de betrokken personen (informatie, toegang) niet heeft gerespecteerd.<\/p>\n<!-- \/wp:paragraph -->\n\n<!-- wp:paragraph -->\n<p>Ook de CNIL is van mening dat er onvoldoende veiligheidsmaatregelen zijn getroffen, zowel in dit geval als in het recentere geval van de credential stuffing-aanval: <strong>de manager en zijn onderaannemer <\/strong>ontbraken een aantal essenti\u00eble beschermingsmaatregelen, zoals het beperken van het aantal toegestane verzoeken op een webpagina en het gebruik van CAPTCHA.<\/p>\n<!-- \/wp:paragraph -->\n\n<!-- wp:paragraph -->\n<p>In dit geval <strong>De CNIL legde boetes op van respectievelijk 150.000 en 75.000 euro<\/strong>Zij maakte van de gelegenheid gebruik om mensen op haar website te herinneren aan de maatregelen die bedoeld zijn om persoonsgegevens te beschermen tegen dit soort aanvallen.<\/p>\n<!-- \/wp:paragraph -->\n\n<!-- wp:paragraph -->\n<p>De CNIL richt zich ook op het gebruik van cookies en de wijze waarop websites aan haar richtlijnen voldoen.<\/p>\n<!-- \/wp:paragraph -->\n\n<!-- wp:paragraph -->\n<p>Ter herinnering: eind 2020 heeft de Commissie richtsnoeren over dit onderwerp gepubliceerd. Daarin staat met name hoe de toestemming van internetgebruikers voor het gebruik van trackers kan worden verkregen.<\/p>\n<!-- \/wp:paragraph -->\n\n<!-- wp:paragraph -->\n<p><strong>En ook<\/strong><\/p>\n<!-- \/wp:paragraph -->\n\n<!-- wp:paragraph -->\n<p>Frankrijk:<\/p>\n<!-- \/wp:paragraph -->\n\n<!-- wp:paragraph -->\n<p>Op 26 januari heeft de CNIL haar advies uitgebracht over de <strong>wetsvoorstel betreffende mondiale veiligheid<\/strong>.<\/p>\n<!-- \/wp:paragraph -->\n\n<!-- wp:paragraph -->\n<p>Ze heeft bedenkingen bij het gebruik van drones en pleit voor voorafgaande experimenten. Ze wijst daarbij op de uitgebreide mogelijkheden die deze technologie biedt om beelden vast te leggen, waarbij mensen in hun bewegingen kunnen worden gevolgd, zonder dat ze het weten en gedurende een mogelijk lange periode.<\/p>\n<!-- \/wp:paragraph -->\n\n<!-- wp:paragraph -->\n<p>Zij voegt eraan toe dat deze bewakingsapparatuur waarschijnlijk een grotere impact heeft dan traditionele camera&#039;s op de uitoefening van andere fundamentele vrijheden door burgers (het recht om te demonstreren, de vrijheid van godsdienst, de vrijheid van meningsuiting).<\/p>\n<!-- \/wp:paragraph -->\n\n<!-- wp:paragraph -->\n<p>Ook worden de voorwaarden voor het gebruik van camera&#039;s die in bepaalde voertuigen zijn ge\u00efnstalleerd en de videobewaking, met name de realtime-overdracht van beelden naar de rechtshandhaving, ter discussie gesteld.<\/p>\n<!-- \/wp:paragraph -->\n\n<!-- wp:paragraph -->\n<p><\/p>\n<!-- \/wp:paragraph -->\n\n<!-- wp:paragraph -->\n<p>Europa:<\/p>\n<!-- \/wp:paragraph -->\n\n<!-- wp:list -->\n<ul><!-- wp:list-item -->\n<li>De Noorse toezichthoudende autoriteit is van plan om een boete op te leggen aan: <strong>Grindr<\/strong> een boete van 10 miljoen euro voor<\/li>\n<!-- \/wp:list-item --><\/ul>\n<!-- \/wp:list -->\n\n<!-- wp:paragraph -->\n<p>Niet alleen biedt de app alleen maar &#039;take it or leave it&#039;-voorwaarden die gebruikers niet toestaan om hun toestemming te geven of niet om hun gegevens te delen, ook werd er geen informatie verstrekt over het delen van deze (gevoelige) gegevens met het MoPub-advertentieplatform dat door Twitter wordt gebruikt, waardoor vervolgens gegevens met meer dan honderd klanten kunnen worden gedeeld.&nbsp;<\/p>\n<!-- \/wp:paragraph -->\n\n<!-- wp:list -->\n<ul><!-- wp:list-item -->\n<li>In Itali\u00eb heeft de gegevensbeschermingsautoriteit de blokkering bevolen door <strong>TikTok d<\/strong>en elk gebruik van gegevens van gebruikers waarvan de leeftijd niet is geverifieerd.&nbsp;<\/li>\n<!-- \/wp:list-item --><\/ul>\n<!-- \/wp:list -->\n\n<!-- wp:paragraph -->\n<p>Ze beschuldigt TikTok van een gebrekkig verificatiesysteem, waardoor minderjarigen onder de 13 jaar mogelijk worden blootgesteld aan ongepaste content.<\/p>\n<!-- \/wp:paragraph -->\n\n<!-- wp:paragraph -->\n<p>Dit spoedbesluit volgt op een tragedie waarbij een tienjarig meisje om het leven kwam toen ze op het sociale netwerk deelnam aan een uitdaging die viraal ging (het sjaalspel).<\/p>\n<!-- \/wp:paragraph -->\n\n<!-- wp:list -->\n<ul><!-- wp:list-item -->\n<li>De Belgische Gegevensbeschermingsautoriteit heeft de overheid op de hoogte gebracht van de voorwaarden waaronder de Rijksdienst voor Sociale Zekerheid persoonsgegevens mag delen, en die te ruim worden geacht. <strong>COVID-gezondheidsgegevens<\/strong>.<\/li>\n<!-- \/wp:list-item --><\/ul>\n<!-- \/wp:list -->\n\n<!-- wp:paragraph -->\n<p>Er wordt gevraagd om een aanpassing van de tekst van het koninklijk besluit waarin de voorwaarden voor het delen van gegevens worden vastgelegd.<\/p>\n<!-- \/wp:paragraph -->\n\n<!-- wp:paragraph -->\n<p>Internationaal :<\/p>\n<!-- \/wp:paragraph -->\n\n<!-- wp:paragraph -->\n<p>De staat New York heeft zojuist een wet aangenomen die het gebruik en de aankoop van gezichtsherkenningstechnologie en andere biometrische identificatiemiddelen op scholen opschort tot juli 2022.<\/p>\n<!-- \/wp:paragraph -->\n\n<!-- wp:paragraph -->\n<p>De gouverneur van New York geeft de Commissaris van Onderwijs opdracht een onderzoek uit te voeren naar de geschiktheid van deze technologie in de onderwijsomgeving.<\/p>\n<!-- \/wp:paragraph -->\n\n<!-- wp:paragraph -->\n<p><em>Anne Christine Lacoste<\/em><\/p>\n<!-- \/wp:paragraph -->\n\n<!-- wp:paragraph -->\n<p><em>Anne Christine Lacoste is partner bij Olivier Weber Avocat en is een advocaat gespecialiseerd in gegevensrecht. Zij was hoofd internationale betrekkingen bij de Europese Toezichthouder voor gegevensbescherming en werkte aan de implementatie van de AVG in de Europese Unie.<\/em><\/p>\n<!-- \/wp:paragraph -->\t\t\t\t\t\t<\/div>\n\t\t\t\t<\/div>\n\t\t\t\t\t<\/div>\n\t\t<\/div>\n\t\t\t\t\t<\/div>\n\t\t<\/section>\n\t\t\t\t<section class=\"elementor-section elementor-top-section elementor-element elementor-element-4bb3884 ot-traditional elementor-section-boxed elementor-section-height-default elementor-section-height-default\" data-id=\"4bb3884\" data-element_type=\"section\">\n\t\t\t\t\t\t<div class=\"elementor-container elementor-column-gap-default\">\n\t\t\t\t\t<div class=\"elementor-column elementor-col-100 elementor-top-column elementor-element elementor-element-0d6fb48 ot-flex-column-vertical\" data-id=\"0d6fb48\" data-element_type=\"column\">\n\t\t\t<div class=\"elementor-widget-wrap elementor-element-populated\">\n\t\t\t\t\t\t<div class=\"elementor-element elementor-element-225dbcc elementor-align-center elementor-widget elementor-widget-button\" data-id=\"225dbcc\" data-element_type=\"widget\" data-widget_type=\"button.default\">\n\t\t\t\t<div class=\"elementor-widget-container\">\n\t\t\t\t\t<div class=\"elementor-button-wrapper\">\n\t\t\t<a class=\"elementor-button elementor-button-link elementor-size-lg\" href=\"https:\/\/app.viqtor.eu\/\">\n\t\t\t\t\t\t<span class=\"elementor-button-content-wrapper\">\n\t\t\t\t\t\t<span class=\"elementor-button-icon\">\n\t\t\t\t<i aria-hidden=\"true\" class=\"fas fa-long-arrow-alt-right\"><\/i>\t\t\t<\/span>\n\t\t\t\t\t\t\t\t\t<span class=\"elementor-button-text\">Ontdek Viqtor\u00ae<\/span>\n\t\t\t\t\t<\/span>\n\t\t\t\t\t<\/a>\n\t\t<\/div>\n\t\t\t\t<\/div>\n\t\t\t\t<\/div>\n\t\t\t\t\t<\/div>\n\t\t<\/div>\n\t\t\t\t\t<\/div>\n\t\t<\/section>\n\t\t\t\t<\/div>","protected":false},"excerpt":{"rendered":"<p>Regelgevingsnieuws: Feesten en Toezicht Legal Watch nr. 31 \u2013 januari 2021 Regelgevingsnieuws: Feesten en Toezicht. De afgelopen dagen hebben we (virtueel) verschillende jubilea gevierd. Op 28 januari hebben privacybelanghebbenden in Europa, Afrika, Noord- en Zuid-Amerika [\u2026]<\/p>","protected":false},"author":1,"featured_media":5709,"comment_status":"closed","ping_status":"open","sticky":false,"template":"elementor_header_footer","format":"standard","meta":{"_acf_changed":false,"footnotes":""},"categories":[35],"tags":[],"class_list":["post-5454","post","type-post","status-publish","format-standard","has-post-thumbnail","hentry","category-veille-juridique"],"acf":[],"yoast_head":"<!-- This site is optimized with the Yoast SEO plugin v23.6 - https:\/\/yoast.com\/wordpress\/plugins\/seo\/ -->\n<title>L\u2019actualit\u00e9 des autorit\u00e9s de contr\u00f4le : c\u00e9l\u00e9brations et supervision - Viqtor<\/title>\n<meta name=\"description\" content=\"L\u2019actualit\u00e9 des autorit\u00e9s de contr\u00f4le : c\u00e9l\u00e9brations et supervision Veille juridique - Viqtor\" \/>\n<meta name=\"robots\" content=\"index, follow, max-snippet:-1, max-image-preview:large, max-video-preview:-1\" \/>\n<link rel=\"canonical\" href=\"https:\/\/viqtor.eu\/nl\/lactualite-des-autorites-de-controle\/\" \/>\n<meta property=\"og:locale\" content=\"nl_NL\" \/>\n<meta property=\"og:type\" content=\"article\" \/>\n<meta property=\"og:title\" content=\"L\u2019actualit\u00e9 des autorit\u00e9s de contr\u00f4le : c\u00e9l\u00e9brations et supervision - Viqtor\" \/>\n<meta property=\"og:description\" content=\"L\u2019actualit\u00e9 des autorit\u00e9s de contr\u00f4le : c\u00e9l\u00e9brations et supervision Veille juridique - Viqtor\" \/>\n<meta property=\"og:url\" content=\"https:\/\/viqtor.eu\/nl\/lactualite-des-autorites-de-controle\/\" \/>\n<meta property=\"og:site_name\" content=\"Viqtor\" \/>\n<meta property=\"article:published_time\" content=\"2023-04-19T10:34:16+00:00\" \/>\n<meta property=\"article:modified_time\" content=\"2024-07-22T13:10:50+00:00\" \/>\n<meta property=\"og:image\" content=\"https:\/\/viqtor.eu\/wp-content\/uploads\/2026\/04\/widget-viqtor.png\" \/>\n\t<meta property=\"og:image:width\" content=\"1000\" \/>\n\t<meta property=\"og:image:height\" content=\"667\" \/>\n\t<meta property=\"og:image:type\" content=\"image\/jpeg\" \/>\n<meta name=\"author\" content=\"Bruno\" \/>\n<meta name=\"twitter:card\" content=\"summary_large_image\" \/>\n<meta name=\"twitter:label1\" content=\"Geschreven door\" \/>\n\t<meta name=\"twitter:data1\" content=\"Bruno\" \/>\n\t<meta name=\"twitter:label2\" content=\"Verwachte leestijd\" \/>\n\t<meta name=\"twitter:data2\" content=\"6 minuten\" \/>\n<script type=\"application\/ld+json\" class=\"yoast-schema-graph\">{\"@context\":\"https:\/\/schema.org\",\"@graph\":[{\"@type\":\"Article\",\"@id\":\"https:\/\/viqtor.eu\/lactualite-des-autorites-de-controle\/#article\",\"isPartOf\":{\"@id\":\"https:\/\/viqtor.eu\/lactualite-des-autorites-de-controle\/\"},\"author\":{\"name\":\"Bruno\",\"@id\":\"https:\/\/viqtor.eu\/#\/schema\/person\/3dbd9cc82a28f6cf1695c92eda0099ad\"},\"headline\":\"L\u2019actualit\u00e9 des autorit\u00e9s de contr\u00f4le : c\u00e9l\u00e9brations et supervision\",\"datePublished\":\"2023-04-19T10:34:16+00:00\",\"dateModified\":\"2024-07-22T13:10:50+00:00\",\"mainEntityOfPage\":{\"@id\":\"https:\/\/viqtor.eu\/lactualite-des-autorites-de-controle\/\"},\"wordCount\":1189,\"publisher\":{\"@id\":\"https:\/\/viqtor.eu\/#organization\"},\"image\":{\"@id\":\"https:\/\/viqtor.eu\/lactualite-des-autorites-de-controle\/#primaryimage\"},\"thumbnailUrl\":\"https:\/\/viqtor.eu\/wp-content\/uploads\/2023\/04\/shutterstock_507250789.jpg\",\"articleSection\":[\"Veille juridique\"],\"inLanguage\":\"nl-NL\"},{\"@type\":\"WebPage\",\"@id\":\"https:\/\/viqtor.eu\/lactualite-des-autorites-de-controle\/\",\"url\":\"https:\/\/viqtor.eu\/lactualite-des-autorites-de-controle\/\",\"name\":\"L\u2019actualit\u00e9 des autorit\u00e9s de contr\u00f4le : c\u00e9l\u00e9brations et supervision - Viqtor\",\"isPartOf\":{\"@id\":\"https:\/\/viqtor.eu\/#website\"},\"primaryImageOfPage\":{\"@id\":\"https:\/\/viqtor.eu\/lactualite-des-autorites-de-controle\/#primaryimage\"},\"image\":{\"@id\":\"https:\/\/viqtor.eu\/lactualite-des-autorites-de-controle\/#primaryimage\"},\"thumbnailUrl\":\"https:\/\/viqtor.eu\/wp-content\/uploads\/2023\/04\/shutterstock_507250789.jpg\",\"datePublished\":\"2023-04-19T10:34:16+00:00\",\"dateModified\":\"2024-07-22T13:10:50+00:00\",\"description\":\"L\u2019actualit\u00e9 des autorit\u00e9s de contr\u00f4le : c\u00e9l\u00e9brations et supervision Veille juridique - Viqtor\",\"breadcrumb\":{\"@id\":\"https:\/\/viqtor.eu\/lactualite-des-autorites-de-controle\/#breadcrumb\"},\"inLanguage\":\"nl-NL\",\"potentialAction\":[{\"@type\":\"ReadAction\",\"target\":[\"https:\/\/viqtor.eu\/lactualite-des-autorites-de-controle\/\"]}]},{\"@type\":\"ImageObject\",\"inLanguage\":\"nl-NL\",\"@id\":\"https:\/\/viqtor.eu\/lactualite-des-autorites-de-controle\/#primaryimage\",\"url\":\"https:\/\/viqtor.eu\/wp-content\/uploads\/2023\/04\/shutterstock_507250789.jpg\",\"contentUrl\":\"https:\/\/viqtor.eu\/wp-content\/uploads\/2023\/04\/shutterstock_507250789.jpg\",\"width\":1000,\"height\":667},{\"@type\":\"BreadcrumbList\",\"@id\":\"https:\/\/viqtor.eu\/lactualite-des-autorites-de-controle\/#breadcrumb\",\"itemListElement\":[{\"@type\":\"ListItem\",\"position\":1,\"name\":\"Accueil\",\"item\":\"https:\/\/viqtor.eu\/\"},{\"@type\":\"ListItem\",\"position\":2,\"name\":\"L\u2019actualit\u00e9 des autorit\u00e9s de contr\u00f4le : c\u00e9l\u00e9brations et supervision\"}]},{\"@type\":\"WebSite\",\"@id\":\"https:\/\/viqtor.eu\/#website\",\"url\":\"https:\/\/viqtor.eu\/\",\"name\":\"Viqtor\",\"description\":\"Faites du RGPD une opportunit\u00e9 pour votre entreprise.\",\"publisher\":{\"@id\":\"https:\/\/viqtor.eu\/#organization\"},\"potentialAction\":[{\"@type\":\"SearchAction\",\"target\":{\"@type\":\"EntryPoint\",\"urlTemplate\":\"https:\/\/viqtor.eu\/?s={search_term_string}\"},\"query-input\":{\"@type\":\"PropertyValueSpecification\",\"valueRequired\":true,\"valueName\":\"search_term_string\"}}],\"inLanguage\":\"nl-NL\"},{\"@type\":\"Organization\",\"@id\":\"https:\/\/viqtor.eu\/#organization\",\"name\":\"viqtor.eu\",\"url\":\"https:\/\/viqtor.eu\/\",\"logo\":{\"@type\":\"ImageObject\",\"inLanguage\":\"nl-NL\",\"@id\":\"https:\/\/viqtor.eu\/#\/schema\/logo\/image\/\",\"url\":\"https:\/\/viqtor.eu\/wp-content\/uploads\/2023\/06\/favicon-noir.svg\",\"contentUrl\":\"https:\/\/viqtor.eu\/wp-content\/uploads\/2023\/06\/favicon-noir.svg\",\"width\":108,\"height\":86,\"caption\":\"viqtor.eu\"},\"image\":{\"@id\":\"https:\/\/viqtor.eu\/#\/schema\/logo\/image\/\"}},{\"@type\":\"Person\",\"@id\":\"https:\/\/viqtor.eu\/#\/schema\/person\/3dbd9cc82a28f6cf1695c92eda0099ad\",\"name\":\"Bruno\",\"image\":{\"@type\":\"ImageObject\",\"inLanguage\":\"nl-NL\",\"@id\":\"https:\/\/viqtor.eu\/#\/schema\/person\/image\/\",\"url\":\"https:\/\/secure.gravatar.com\/avatar\/e5a596f9489de15bfe046e97fb771f63589b601ca7e81ccc2bb9a23582f441a3?s=96&d=mm&r=g\",\"contentUrl\":\"https:\/\/secure.gravatar.com\/avatar\/e5a596f9489de15bfe046e97fb771f63589b601ca7e81ccc2bb9a23582f441a3?s=96&d=mm&r=g\",\"caption\":\"Bruno\"},\"sameAs\":[\"https:\/\/exciting-panini.13-37-234-21.plesk.page\"],\"url\":\"https:\/\/viqtor.eu\/nl\/author\/mouad_zxum2ebi\/\"}]}<\/script>\n<!-- \/ Yoast SEO plugin. -->","yoast_head_json":{"title":"L\u2019actualit\u00e9 des autorit\u00e9s de contr\u00f4le : c\u00e9l\u00e9brations et supervision - Viqtor","description":"L\u2019actualit\u00e9 des autorit\u00e9s de contr\u00f4le : c\u00e9l\u00e9brations et supervision Veille juridique - Viqtor","robots":{"index":"index","follow":"follow","max-snippet":"max-snippet:-1","max-image-preview":"max-image-preview:large","max-video-preview":"max-video-preview:-1"},"canonical":"https:\/\/viqtor.eu\/nl\/lactualite-des-autorites-de-controle\/","og_locale":"nl_NL","og_type":"article","og_title":"L\u2019actualit\u00e9 des autorit\u00e9s de contr\u00f4le : c\u00e9l\u00e9brations et supervision - Viqtor","og_description":"L\u2019actualit\u00e9 des autorit\u00e9s de contr\u00f4le : c\u00e9l\u00e9brations et supervision Veille juridique - Viqtor","og_url":"https:\/\/viqtor.eu\/nl\/lactualite-des-autorites-de-controle\/","og_site_name":"Viqtor","article_published_time":"2023-04-19T10:34:16+00:00","article_modified_time":"2024-07-22T13:10:50+00:00","og_image":[{"width":1000,"height":667,"url":"https:\/\/viqtor.eu\/wp-content\/uploads\/2026\/04\/widget-viqtor.png","type":"image\/jpeg"}],"author":"Bruno","twitter_card":"summary_large_image","twitter_misc":{"Geschreven door":"Bruno","Verwachte leestijd":"6 minuten"},"schema":{"@context":"https:\/\/schema.org","@graph":[{"@type":"Article","@id":"https:\/\/viqtor.eu\/lactualite-des-autorites-de-controle\/#article","isPartOf":{"@id":"https:\/\/viqtor.eu\/lactualite-des-autorites-de-controle\/"},"author":{"name":"Bruno","@id":"https:\/\/viqtor.eu\/#\/schema\/person\/3dbd9cc82a28f6cf1695c92eda0099ad"},"headline":"L\u2019actualit\u00e9 des autorit\u00e9s de contr\u00f4le : c\u00e9l\u00e9brations et supervision","datePublished":"2023-04-19T10:34:16+00:00","dateModified":"2024-07-22T13:10:50+00:00","mainEntityOfPage":{"@id":"https:\/\/viqtor.eu\/lactualite-des-autorites-de-controle\/"},"wordCount":1189,"publisher":{"@id":"https:\/\/viqtor.eu\/#organization"},"image":{"@id":"https:\/\/viqtor.eu\/lactualite-des-autorites-de-controle\/#primaryimage"},"thumbnailUrl":"https:\/\/viqtor.eu\/wp-content\/uploads\/2023\/04\/shutterstock_507250789.jpg","articleSection":["Veille juridique"],"inLanguage":"nl-NL"},{"@type":"WebPage","@id":"https:\/\/viqtor.eu\/lactualite-des-autorites-de-controle\/","url":"https:\/\/viqtor.eu\/lactualite-des-autorites-de-controle\/","name":"L\u2019actualit\u00e9 des autorit\u00e9s de contr\u00f4le : c\u00e9l\u00e9brations et supervision - Viqtor","isPartOf":{"@id":"https:\/\/viqtor.eu\/#website"},"primaryImageOfPage":{"@id":"https:\/\/viqtor.eu\/lactualite-des-autorites-de-controle\/#primaryimage"},"image":{"@id":"https:\/\/viqtor.eu\/lactualite-des-autorites-de-controle\/#primaryimage"},"thumbnailUrl":"https:\/\/viqtor.eu\/wp-content\/uploads\/2023\/04\/shutterstock_507250789.jpg","datePublished":"2023-04-19T10:34:16+00:00","dateModified":"2024-07-22T13:10:50+00:00","description":"L\u2019actualit\u00e9 des autorit\u00e9s de contr\u00f4le : c\u00e9l\u00e9brations et supervision Veille juridique - Viqtor","breadcrumb":{"@id":"https:\/\/viqtor.eu\/lactualite-des-autorites-de-controle\/#breadcrumb"},"inLanguage":"nl-NL","potentialAction":[{"@type":"ReadAction","target":["https:\/\/viqtor.eu\/lactualite-des-autorites-de-controle\/"]}]},{"@type":"ImageObject","inLanguage":"nl-NL","@id":"https:\/\/viqtor.eu\/lactualite-des-autorites-de-controle\/#primaryimage","url":"https:\/\/viqtor.eu\/wp-content\/uploads\/2023\/04\/shutterstock_507250789.jpg","contentUrl":"https:\/\/viqtor.eu\/wp-content\/uploads\/2023\/04\/shutterstock_507250789.jpg","width":1000,"height":667},{"@type":"BreadcrumbList","@id":"https:\/\/viqtor.eu\/lactualite-des-autorites-de-controle\/#breadcrumb","itemListElement":[{"@type":"ListItem","position":1,"name":"Accueil","item":"https:\/\/viqtor.eu\/"},{"@type":"ListItem","position":2,"name":"L\u2019actualit\u00e9 des autorit\u00e9s de contr\u00f4le : c\u00e9l\u00e9brations et supervision"}]},{"@type":"WebSite","@id":"https:\/\/viqtor.eu\/#website","url":"https:\/\/viqtor.eu\/","name":"Viqtor","description":"Faites du RGPD une opportunit\u00e9 pour votre entreprise.","publisher":{"@id":"https:\/\/viqtor.eu\/#organization"},"potentialAction":[{"@type":"SearchAction","target":{"@type":"EntryPoint","urlTemplate":"https:\/\/viqtor.eu\/?s={search_term_string}"},"query-input":{"@type":"PropertyValueSpecification","valueRequired":true,"valueName":"search_term_string"}}],"inLanguage":"nl-NL"},{"@type":"Organization","@id":"https:\/\/viqtor.eu\/#organization","name":"viqtor.eu","url":"https:\/\/viqtor.eu\/","logo":{"@type":"ImageObject","inLanguage":"nl-NL","@id":"https:\/\/viqtor.eu\/#\/schema\/logo\/image\/","url":"https:\/\/viqtor.eu\/wp-content\/uploads\/2023\/06\/favicon-noir.svg","contentUrl":"https:\/\/viqtor.eu\/wp-content\/uploads\/2023\/06\/favicon-noir.svg","width":108,"height":86,"caption":"viqtor.eu"},"image":{"@id":"https:\/\/viqtor.eu\/#\/schema\/logo\/image\/"}},{"@type":"Person","@id":"https:\/\/viqtor.eu\/#\/schema\/person\/3dbd9cc82a28f6cf1695c92eda0099ad","name":"Bruno","image":{"@type":"ImageObject","inLanguage":"nl-NL","@id":"https:\/\/viqtor.eu\/#\/schema\/person\/image\/","url":"https:\/\/secure.gravatar.com\/avatar\/e5a596f9489de15bfe046e97fb771f63589b601ca7e81ccc2bb9a23582f441a3?s=96&d=mm&r=g","contentUrl":"https:\/\/secure.gravatar.com\/avatar\/e5a596f9489de15bfe046e97fb771f63589b601ca7e81ccc2bb9a23582f441a3?s=96&d=mm&r=g","caption":"Bruno"},"sameAs":["https:\/\/exciting-panini.13-37-234-21.plesk.page"],"url":"https:\/\/viqtor.eu\/nl\/author\/mouad_zxum2ebi\/"}]}},"_links":{"self":[{"href":"https:\/\/viqtor.eu\/nl\/wp-json\/wp\/v2\/posts\/5454","targetHints":{"allow":["GET"]}}],"collection":[{"href":"https:\/\/viqtor.eu\/nl\/wp-json\/wp\/v2\/posts"}],"about":[{"href":"https:\/\/viqtor.eu\/nl\/wp-json\/wp\/v2\/types\/post"}],"author":[{"embeddable":true,"href":"https:\/\/viqtor.eu\/nl\/wp-json\/wp\/v2\/users\/1"}],"replies":[{"embeddable":true,"href":"https:\/\/viqtor.eu\/nl\/wp-json\/wp\/v2\/comments?post=5454"}],"version-history":[{"count":14,"href":"https:\/\/viqtor.eu\/nl\/wp-json\/wp\/v2\/posts\/5454\/revisions"}],"predecessor-version":[{"id":11896,"href":"https:\/\/viqtor.eu\/nl\/wp-json\/wp\/v2\/posts\/5454\/revisions\/11896"}],"wp:featuredmedia":[{"embeddable":true,"href":"https:\/\/viqtor.eu\/nl\/wp-json\/wp\/v2\/media\/5709"}],"wp:attachment":[{"href":"https:\/\/viqtor.eu\/nl\/wp-json\/wp\/v2\/media?parent=5454"}],"wp:term":[{"taxonomy":"category","embeddable":true,"href":"https:\/\/viqtor.eu\/nl\/wp-json\/wp\/v2\/categories?post=5454"},{"taxonomy":"post_tag","embeddable":true,"href":"https:\/\/viqtor.eu\/nl\/wp-json\/wp\/v2\/tags?post=5454"}],"curies":[{"name":"wp","href":"https:\/\/api.w.org\/{rel}","templated":true}]}}