{"id":12998,"date":"2025-04-28T19:20:32","date_gmt":"2025-04-28T19:20:32","guid":{"rendered":"https:\/\/viqtor.eu\/?p=12998"},"modified":"2026-01-23T16:20:19","modified_gmt":"2026-01-23T16:20:19","slug":"les-impacts-du-rgpd-sur-le-marketing-digital","status":"publish","type":"post","link":"https:\/\/viqtor.eu\/nl\/les-impacts-du-rgpd-sur-le-marketing-digital\/","title":{"rendered":"De impact van de AVG op digitale marketing"},"content":{"rendered":"<div data-elementor-type=\"wp-post\" data-elementor-id=\"12998\" class=\"elementor elementor-12998\" data-elementor-post-type=\"post\">\n\t\t\t\t\t\t<section class=\"elementor-section elementor-top-section elementor-element elementor-element-c9be6fe ot-traditional elementor-section-boxed elementor-section-height-default elementor-section-height-default\" data-id=\"c9be6fe\" data-element_type=\"section\" data-settings=\"{&quot;background_background&quot;:&quot;classic&quot;}\">\n\t\t\t\t\t\t<div class=\"elementor-container elementor-column-gap-default\">\n\t\t\t\t\t<div class=\"elementor-column elementor-col-100 elementor-top-column elementor-element elementor-element-4e2ef8c ot-flex-column-vertical elementor-invisible\" data-id=\"4e2ef8c\" data-element_type=\"column\" data-settings=\"{&quot;animation&quot;:&quot;fadeInLeft&quot;,&quot;background_background&quot;:&quot;classic&quot;}\">\n\t\t\t<div class=\"elementor-widget-wrap elementor-element-populated\">\n\t\t\t\t\t<div class=\"elementor-background-overlay\"><\/div>\n\t\t\t\t\t\t<div class=\"elementor-element elementor-element-6f0d5bd elementor-widget elementor-widget-heading\" data-id=\"6f0d5bd\" data-element_type=\"widget\" data-widget_type=\"heading.default\">\n\t\t\t\t<div class=\"elementor-widget-container\">\n\t\t\t<h1 class=\"elementor-heading-title elementor-size-default\">De impact van de AVG op digitale marketing<\/h1>\t\t<\/div>\n\t\t\t\t<\/div>\n\t\t\t\t<div class=\"elementor-element elementor-element-ec50a8b elementor-widget__width-inherit elementor-align-center elementor-widget elementor-widget-button\" data-id=\"ec50a8b\" data-element_type=\"widget\" data-widget_type=\"button.default\">\n\t\t\t\t<div class=\"elementor-widget-container\">\n\t\t\t\t\t<div class=\"elementor-button-wrapper\">\n\t\t\t<a class=\"elementor-button elementor-button-link elementor-size-sm\" href=\"https:\/\/viqtor.eu\/nl\/demander-une-demo\/\">\n\t\t\t\t\t\t<span class=\"elementor-button-content-wrapper\">\n\t\t\t\t\t\t<span class=\"elementor-button-icon\">\n\t\t\t\t<i aria-hidden=\"true\" class=\"fas fa-long-arrow-alt-right\"><\/i>\t\t\t<\/span>\n\t\t\t\t\t\t\t\t\t<span class=\"elementor-button-text\">Vraag een demo aan<\/span>\n\t\t\t\t\t<\/span>\n\t\t\t\t\t<\/a>\n\t\t<\/div>\n\t\t\t\t<\/div>\n\t\t\t\t<\/div>\n\t\t\t\t\t<\/div>\n\t\t<\/div>\n\t\t\t\t\t<\/div>\n\t\t<\/section>\n\t\t\t\t<section class=\"elementor-section elementor-top-section elementor-element elementor-element-315f2d0 ot-traditional elementor-section-boxed elementor-section-height-default elementor-section-height-default\" data-id=\"315f2d0\" data-element_type=\"section\">\n\t\t\t\t\t\t<div class=\"elementor-container elementor-column-gap-default\">\n\t\t\t\t\t<div class=\"elementor-column elementor-col-66 elementor-top-column elementor-element elementor-element-6e001c9 ot-flex-column-vertical\" data-id=\"6e001c9\" data-element_type=\"column\">\n\t\t\t<div class=\"elementor-widget-wrap elementor-element-populated\">\n\t\t\t\t\t\t<div class=\"elementor-element elementor-element-4bca12c elementor-absolute elementor-widget elementor-widget-text-editor\" data-id=\"4bca12c\" data-element_type=\"widget\" data-settings=\"{&quot;_position&quot;:&quot;absolute&quot;}\" data-widget_type=\"text-editor.default\">\n\t\t\t\t<div class=\"elementor-widget-container\">\n\t\t\t\t\t\t\t<p data-pm-slice=\"1 1 []\">Sinds de inwerkingtreding in mei 2018 is de Algemene Verordening Gegevensbescherming van kracht. <strong>(AVG)<\/strong> heeft de wereld van digitale marketing in Europa en daarbuiten aanzienlijk veranderd. Deze wet stelt strenge regels aan het verzamelen, verwerken en bewaren van persoonsgegevens van Europese burgers. In dit artikel gaan we uitgebreid in op de significante impact van de AVG op digitale marketing en hoe bedrijven hun strategie kunnen aanpassen om compliant te blijven en tegelijkertijd hun marketingprestaties te ondersteunen.<\/p>\t\t\t\t\t\t<\/div>\n\t\t\t\t<\/div>\n\t\t\t\t\t<\/div>\n\t\t<\/div>\n\t\t\t\t<div class=\"elementor-column elementor-col-33 elementor-top-column elementor-element elementor-element-325d036 ot-flex-column-vertical\" data-id=\"325d036\" data-element_type=\"column\">\n\t\t\t<div class=\"elementor-widget-wrap elementor-element-populated\">\n\t\t\t\t\t\t<div class=\"elementor-element elementor-element-c250f0c elementor-widget elementor-widget-image\" data-id=\"c250f0c\" data-element_type=\"widget\" data-widget_type=\"image.default\">\n\t\t\t\t<div class=\"elementor-widget-container\">\n\t\t\t\t\t\t\t\t\t\t\t\t\t<img fetchpriority=\"high\" decoding=\"async\" width=\"500\" height=\"334\" src=\"https:\/\/viqtor.eu\/wp-content\/uploads\/2025\/04\/shutterstock_1064023040.jpg\" class=\"attachment-large size-large wp-image-13026\" alt=\"\" srcset=\"https:\/\/viqtor.eu\/wp-content\/uploads\/2025\/04\/shutterstock_1064023040.jpg 500w, https:\/\/viqtor.eu\/wp-content\/uploads\/2025\/04\/shutterstock_1064023040-300x200.jpg 300w\" sizes=\"(max-width: 500px) 100vw, 500px\" \/>\t\t\t\t\t\t\t\t\t\t\t\t\t<\/div>\n\t\t\t\t<\/div>\n\t\t\t\t\t<\/div>\n\t\t<\/div>\n\t\t\t\t\t<\/div>\n\t\t<\/section>\n\t\t\t\t<section class=\"elementor-section elementor-top-section elementor-element elementor-element-1ca74cb ot-traditional elementor-section-boxed elementor-section-height-default elementor-section-height-default\" data-id=\"1ca74cb\" data-element_type=\"section\">\n\t\t\t\t\t\t<div class=\"elementor-container elementor-column-gap-default\">\n\t\t\t\t\t<div class=\"elementor-column elementor-col-100 elementor-top-column elementor-element elementor-element-2474490 ot-flex-column-vertical\" data-id=\"2474490\" data-element_type=\"column\">\n\t\t\t<div class=\"elementor-widget-wrap elementor-element-populated\">\n\t\t\t\t\t\t<div class=\"elementor-element elementor-element-e6a211b elementor-align-center elementor-widget elementor-widget-button\" data-id=\"e6a211b\" data-element_type=\"widget\" data-widget_type=\"button.default\">\n\t\t\t\t<div class=\"elementor-widget-container\">\n\t\t\t\t\t<div class=\"elementor-button-wrapper\">\n\t\t\t<a class=\"elementor-button elementor-button-link elementor-size-lg\" href=\"https:\/\/app.viqtor.eu\/\">\n\t\t\t\t\t\t<span class=\"elementor-button-content-wrapper\">\n\t\t\t\t\t\t<span class=\"elementor-button-icon\">\n\t\t\t\t<i aria-hidden=\"true\" class=\"fas fa-long-arrow-alt-right\"><\/i>\t\t\t<\/span>\n\t\t\t\t\t\t\t\t\t<span class=\"elementor-button-text\">Ontdek Viqtor\u00ae<\/span>\n\t\t\t\t\t<\/span>\n\t\t\t\t\t<\/a>\n\t\t<\/div>\n\t\t\t\t<\/div>\n\t\t\t\t<\/div>\n\t\t\t\t\t<\/div>\n\t\t<\/div>\n\t\t\t\t\t<\/div>\n\t\t<\/section>\n\t\t\t\t<section class=\"elementor-section elementor-top-section elementor-element elementor-element-16cb85e ot-traditional elementor-section-boxed elementor-section-height-default elementor-section-height-default\" data-id=\"16cb85e\" data-element_type=\"section\" data-settings=\"{&quot;background_background&quot;:&quot;classic&quot;}\">\n\t\t\t\t\t\t<div class=\"elementor-container elementor-column-gap-default\">\n\t\t\t\t\t<div class=\"elementor-column elementor-col-100 elementor-top-column elementor-element elementor-element-02a6caf ot-flex-column-vertical\" data-id=\"02a6caf\" data-element_type=\"column\">\n\t\t\t<div class=\"elementor-widget-wrap elementor-element-populated\">\n\t\t\t\t\t\t<div class=\"elementor-element elementor-element-39d0de0 elementor-widget elementor-widget-text-editor\" data-id=\"39d0de0\" data-element_type=\"widget\" data-widget_type=\"text-editor.default\">\n\t\t\t\t<div class=\"elementor-widget-container\">\n\t\t\t\t\t\t\t<h2 class=\"\" data-start=\"764\" data-end=\"824\">Gegevensverzameling: transparantie en toestemming<\/h2><p class=\"\" data-start=\"826\" data-end=\"1184\">V\u00f3\u00f3r de AVG verzamelden veel bedrijven vrijelijk gebruikersgegevens, vaak zonder uitdrukkelijke toestemming. Nu moet toestemming duidelijk, vrij en ge\u00efnformeerd zijn. Registratieformulieren, pop-ups en cookies moeten de gebruiker duidelijk informeren over het doel van de gegevensverzameling.<\/p><p class=\"\" data-start=\"1186\" data-end=\"1225\"><strong data-start=\"1186\" data-end=\"1223\">Impact op digitale marketing:<\/strong><\/p><ul data-start=\"1226\" data-end=\"1453\"><li class=\"\" data-start=\"1226\" data-end=\"1305\"><p class=\"\" data-start=\"1228\" data-end=\"1305\">Formulieren moeten worden gecontroleerd om expliciete toestemming te verkrijgen.<\/p><\/li><li class=\"\" data-start=\"1306\" data-end=\"1387\"><p class=\"\" data-start=\"1308\" data-end=\"1387\">Mogelijke afname van het aantal contacten in marketingdatabases.<\/p><\/li><li class=\"\" data-start=\"1388\" data-end=\"1453\"><div id=\"output_text\" class=\"scroll-div\" contenteditable=\"true\"><span class=\"sw\">Prioriteren<\/span>\u00a0de kwaliteit van\u00a0<span class=\"sw\">vooruitzichten<\/span>\u00a0in plaats van kwantiteit.<\/div><\/li><\/ul><h2 class=\"\" data-start=\"1455\" data-end=\"1518\">Meer gereguleerde personalisatie en advertentietargeting<\/h2><p class=\"\" data-start=\"1520\" data-end=\"1759\">Digitale marketing is sterk afhankelijk van de personalisatie en targeting van advertentiecampagnes. Volgens de AVG is voor het gebruik van persoonsgegevens om gebruikersprofielen aan te maken expliciete toestemming vereist.<\/p><p class=\"\" data-start=\"1761\" data-end=\"1775\"><strong data-start=\"1761\" data-end=\"1773\">Invloed :<\/strong><\/p><ul data-start=\"1776\" data-end=\"1975\"><li class=\"\" data-start=\"1776\" data-end=\"1839\"><p class=\"\" data-start=\"1778\" data-end=\"1839\">Het ingewikkelder maken van retargeting en marketingautomatisering.<\/p><\/li><li class=\"\" data-start=\"1840\" data-end=\"1903\"><p class=\"\" data-start=\"1842\" data-end=\"1903\">U moet geanonimiseerde of gesegmenteerde gegevens gebruiken.<\/p><\/li><li class=\"\" data-start=\"1904\" data-end=\"1975\"><p class=\"\" data-start=\"1906\" data-end=\"1975\">De nadruk ligt op het cre\u00ebren van algemene, maar aantrekkelijke content.<\/p><\/li><\/ul><h2 class=\"\" data-start=\"1977\" data-end=\"2023\">Cookies en gebruikerstracking<\/h2><p class=\"\" data-start=\"2025\" data-end=\"2285\">Cookies, essentieel voor het analyseren van bezoekersgedrag, worden direct be\u00efnvloed door de AVG (en nog meer door de aankomende ePrivacy-richtlijn). Websites moeten een <strong data-start=\"2218\" data-end=\"2238\">expliciete overeenkomst<\/strong> voor het gebruik van niet-essenti\u00eble cookies.<\/p><p class=\"\" data-start=\"2287\" data-end=\"2301\"><strong data-start=\"2287\" data-end=\"2299\">Invloed :<\/strong><\/p><ul data-start=\"2302\" data-end=\"2493\"><li class=\"\" data-start=\"2302\" data-end=\"2358\"><p class=\"\" data-start=\"2304\" data-end=\"2358\">Implementatie van geavanceerdere cookiebanners.<\/p><\/li><li class=\"\" data-start=\"2359\" data-end=\"2418\"><p class=\"\" data-start=\"2361\" data-end=\"2418\">Mogelijke daling van de trackingpercentages op websites.<\/p><\/li><li class=\"\" data-start=\"2419\" data-end=\"2493\"><p class=\"\" data-start=\"2421\" data-end=\"2493\">Opkomst van cookie-vrije oplossingen voor prestatiemeting.<\/p><\/li><\/ul><h2 class=\"\" data-start=\"2495\" data-end=\"2535\">Versterking van de klantrelaties<\/h2><p class=\"\" data-start=\"2537\" data-end=\"2704\">De AVG vereist dat merken transparanter en ethischer te werk gaan in hun communicatie met klanten.<\/p><p class=\"\" data-start=\"2706\" data-end=\"2728\"><strong data-start=\"2706\" data-end=\"2726\">Positieve impact:<\/strong><\/p><ul data-start=\"2729\" data-end=\"2935\"><li class=\"\" data-start=\"2729\" data-end=\"2777\"><p class=\"\" data-start=\"2731\" data-end=\"2777\">Meer loyaliteit door transparantie.<\/p><\/li><li class=\"\" data-start=\"2778\" data-end=\"2853\"><div id=\"output_text\" class=\"scroll-div\" contenteditable=\"true\"><p>Waardering van merken die\u00a0<span class=\"sw\">beschermen<\/span>\u00a0gebruikersprivacy.<\/p><\/div><\/li><li class=\"\" data-start=\"2854\" data-end=\"2935\"><div id=\"output_text\" class=\"scroll-div\" contenteditable=\"true\">Kans om\u00a0<span class=\"sw\">opvallen<\/span>\u00a0op de markt in\u00a0<span class=\"sw\">tonen<\/span> een ethische benadering.<\/div><\/li><\/ul><h2 class=\"\" data-start=\"2937\" data-end=\"2979\">Het aanpassen van contentstrategie\u00ebn<\/h2><p class=\"\" data-start=\"2981\" data-end=\"3238\">Om de verminderde toegang tot persoonsgegevens te compenseren, investeren bedrijven meer in effectieve contentstrategie\u00ebn. Contentmarketing wordt een pijler voor het aantrekken van prospects zonder ingrijpende gegevensverzameling.<\/p><p class=\"\" data-start=\"3240\" data-end=\"3254\"><strong data-start=\"3240\" data-end=\"3252\">Invloed :<\/strong><\/p><ul data-start=\"3255\" data-end=\"3552\"><li class=\"\" data-start=\"3255\" data-end=\"3344\"><div id=\"output_text\" class=\"scroll-div\" contenteditable=\"true\" spellcheck=\"false\" data-qb-tmp-id=\"lt-405968\" data-gramm=\"false\"><p>Ontwikkeling van blogs, boeken\u00a0<span class=\"sw\">informatief,<\/span>\u00a0<span class=\"sw\">grafische afbeeldingen<\/span>\u00a0Voor\u00a0<span class=\"sw\">aantrekken<\/span>\u00a0verkeer\u00a0<span class=\"sw\">natuurlijk.<\/span><\/p><\/div><\/li><li class=\"\" data-start=\"3345\" data-end=\"3420\"><p class=\"\" data-start=\"3347\" data-end=\"3420\">Verbeterde SEO-optimalisatie om op natuurlijke wijze uw doelgroep te bereiken.<\/p><\/li><li class=\"\" data-start=\"3421\" data-end=\"3552\"><p class=\"\" data-start=\"3423\" data-end=\"3552\">Gebruik van first-party data (gegevens die rechtstreeks van de gebruiker worden verzameld) als hefboom voor klantkennis.<\/p><\/li><\/ul><h2>Verhoogde nalevingskosten<\/h2><p class=\"\" data-start=\"3621\" data-end=\"3761\">Zorg ervoor dat u de <strong>AVG<\/strong> leidt tot aanzienlijke kosten: audits, DPO (functionaris voor gegevensbescherming), updaten van CRM- en CMS-tools.<\/p><p class=\"\" data-start=\"3763\" data-end=\"3777\"><strong data-start=\"3763\" data-end=\"3775\">Invloed :<\/strong><\/p><ul data-start=\"3778\" data-end=\"3917\"><li class=\"\" data-start=\"3778\" data-end=\"3842\"><p class=\"\" data-start=\"3780\" data-end=\"3842\">Compliance moet in het marketingbudget worden opgenomen.<\/p><\/li><li class=\"\" data-start=\"3843\" data-end=\"3917\"><p class=\"\" data-start=\"3845\" data-end=\"3917\">De opkomst van nieuwe martech-oplossingen gericht op \u201cprivacy by design\u201d.<\/p><\/li><\/ul><p class=\"\" data-start=\"3934\" data-end=\"4431\">De AVG heeft de regels voor digitale marketing radicaal veranderd. Hoewel het aanzienlijke beperkingen oplegt, biedt het merken ook een unieke kans om hun klantrelaties te heroverwegen op het gebied van vertrouwen en privacy. Bedrijven die deze nieuwe eisen in hun marketingstrategie integreren, zullen niet alleen voldoen aan de eisen, maar ook beter gepositioneerd zijn om een publiek aan te trekken dat zich steeds meer bewust is van gegevensbescherming.<\/p><p class=\"\" data-start=\"4433\" data-end=\"4450\"><strong data-start=\"4433\" data-end=\"4448\">Om te onthouden:<\/strong><\/p><ul data-start=\"4451\" data-end=\"4677\"><li class=\"\" data-start=\"4451\" data-end=\"4531\"><p class=\"\" data-start=\"4453\" data-end=\"4531\">Transparantie en toestemming zijn essenti\u00eble pijlers geworden.<\/p><\/li><li class=\"\" data-start=\"4532\" data-end=\"4602\"><p class=\"\" data-start=\"4534\" data-end=\"4602\">Contentmarketing en SEO zijn belangrijker dan ooit.<\/p><\/li><li class=\"\" data-start=\"4603\" data-end=\"4677\"><p class=\"\" data-start=\"4605\" data-end=\"4677\">Het respecteren van privacy is een bron van duurzaam concurrentievoordeel.<\/p><\/li><\/ul>\t\t\t\t\t\t<\/div>\n\t\t\t\t<\/div>\n\t\t\t\t\t<\/div>\n\t\t<\/div>\n\t\t\t\t\t<\/div>\n\t\t<\/section>\n\t\t\t\t<section class=\"elementor-section elementor-top-section elementor-element elementor-element-ae79c0d ot-traditional elementor-section-boxed elementor-section-height-default elementor-section-height-default\" data-id=\"ae79c0d\" data-element_type=\"section\">\n\t\t\t\t\t\t<div class=\"elementor-container elementor-column-gap-default\">\n\t\t\t\t\t<div class=\"elementor-column elementor-col-100 elementor-top-column elementor-element elementor-element-44593c9 ot-flex-column-vertical\" data-id=\"44593c9\" data-element_type=\"column\">\n\t\t\t<div class=\"elementor-widget-wrap elementor-element-populated\">\n\t\t\t\t\t\t<div class=\"elementor-element elementor-element-adf5028 elementor-align-center elementor-widget elementor-widget-button\" data-id=\"adf5028\" data-element_type=\"widget\" data-widget_type=\"button.default\">\n\t\t\t\t<div class=\"elementor-widget-container\">\n\t\t\t\t\t<div class=\"elementor-button-wrapper\">\n\t\t\t<a class=\"elementor-button elementor-button-link elementor-size-lg\" href=\"https:\/\/app.viqtor.eu\/\">\n\t\t\t\t\t\t<span class=\"elementor-button-content-wrapper\">\n\t\t\t\t\t\t<span class=\"elementor-button-icon\">\n\t\t\t\t<i aria-hidden=\"true\" class=\"fas fa-long-arrow-alt-right\"><\/i>\t\t\t<\/span>\n\t\t\t\t\t\t\t\t\t<span class=\"elementor-button-text\">Ontdek Viqtor\u00ae<\/span>\n\t\t\t\t\t<\/span>\n\t\t\t\t\t<\/a>\n\t\t<\/div>\n\t\t\t\t<\/div>\n\t\t\t\t<\/div>\n\t\t\t\t\t<\/div>\n\t\t<\/div>\n\t\t\t\t\t<\/div>\n\t\t<\/section>\n\t\t\t\t<section class=\"elementor-section elementor-top-section elementor-element elementor-element-56a956f ot-traditional elementor-section-boxed elementor-section-height-default elementor-section-height-default\" data-id=\"56a956f\" data-element_type=\"section\">\n\t\t\t\t\t\t<div class=\"elementor-container elementor-column-gap-default\">\n\t\t\t\t\t<div class=\"elementor-column elementor-col-100 elementor-top-column elementor-element elementor-element-c578332 ot-flex-column-vertical\" data-id=\"c578332\" data-element_type=\"column\">\n\t\t\t<div class=\"elementor-widget-wrap elementor-element-populated\">\n\t\t\t\t\t\t<section class=\"elementor-section elementor-inner-section elementor-element elementor-element-963e7a1 elementor-section-content-middle ot-traditional elementor-section-boxed elementor-section-height-default elementor-section-height-default\" data-id=\"963e7a1\" data-element_type=\"section\">\n\t\t\t\t\t\t<div class=\"elementor-container elementor-column-gap-default\">\n\t\t\t\t\t<div class=\"elementor-column elementor-col-50 elementor-inner-column elementor-element elementor-element-b3df60d ot-flex-column-vertical\" data-id=\"b3df60d\" data-element_type=\"column\">\n\t\t\t<div class=\"elementor-widget-wrap elementor-element-populated\">\n\t\t\t\t\t\t<div class=\"elementor-element elementor-element-d16d9be elementor-widget elementor-widget-iheading\" data-id=\"d16d9be\" data-element_type=\"widget\" data-widget_type=\"iheading.default\">\n\t\t\t\t<div class=\"elementor-widget-container\">\n\t\t\t\t\t<div class=\"ot-heading\">\r\n\t        \t            <span>\/\/ NIEUWS<\/span>\r\n\t        <h2 class=\"main-heading\">Lees het laatste nieuws<\/h2>\t    <\/div>\r\n\t    \t\t<\/div>\n\t\t\t\t<\/div>\n\t\t\t\t\t<\/div>\n\t\t<\/div>\n\t\t\t\t<div class=\"elementor-column elementor-col-50 elementor-inner-column elementor-element elementor-element-568a726 ot-flex-column-vertical\" data-id=\"568a726\" data-element_type=\"column\">\n\t\t\t<div class=\"elementor-widget-wrap\">\n\t\t\t\t\t\t\t<\/div>\n\t\t<\/div>\n\t\t\t\t\t<\/div>\n\t\t<\/section>\n\t\t\t\t\t<\/div>\n\t\t<\/div>\n\t\t\t\t\t<\/div>\n\t\t<\/section>\n\t\t\t\t<section class=\"elementor-section elementor-top-section elementor-element elementor-element-8992c4d ot-traditional elementor-section-boxed elementor-section-height-default elementor-section-height-default\" data-id=\"8992c4d\" data-element_type=\"section\">\n\t\t\t\t\t\t<div class=\"elementor-container elementor-column-gap-default\">\n\t\t\t\t\t<div class=\"elementor-column elementor-col-100 elementor-top-column elementor-element elementor-element-c7a2ed6 ot-flex-column-vertical\" data-id=\"c7a2ed6\" data-element_type=\"column\">\n\t\t\t<div class=\"elementor-widget-wrap elementor-element-populated\">\n\t\t\t\t\t\t<div class=\"elementor-element elementor-element-6750e8f elementor-widget elementor-widget-ipost_carousel\" data-id=\"6750e8f\" data-element_type=\"widget\" data-widget_type=\"ipost_carousel.default\">\n\t\t\t\t<div class=\"elementor-widget-container\">\n\t\t\t\r\n\t\t<div class=\"post-carousel pgrid\" data-show=\"3\" data-scroll=\"2\" data-dots=\"false\" data-arrow=\"true\">\r\n         \r\n\r\n\t\t\t\t<article class=\"post-box blog-item\">\r\n\t\t\t\t\t<div class=\"post-inner\">\r\n\t\t\t\t\t    \t\t\t\t\t        <div class=\"entry-media\">\r\n\t\t\t\t\t\t\t\t<div class=\"post-cat\"><span class=\"posted-in\"><a href=\"https:\/\/viqtor.eu\/nl\/category\/blog\/\" rel=\"category tag\">Blog<\/a><\/span><\/div>\t\t\t\t\t\t\t\t<a href=\"https:\/\/viqtor.eu\/nl\/les-impacts-du-rgpd-sur-le-marketing-digital\/\">\r\n\t\t\t\t\t\t\t\t\t<img decoding=\"async\" width=\"601\" height=\"520\" src=\"https:\/\/viqtor.eu\/wp-content\/uploads\/2025\/04\/shutterstock_2595007207-601x520.jpg\" class=\"attachment-engitech-slider-post-thumbnail size-engitech-slider-post-thumbnail wp-post-image\" alt=\"\" \/>\t\t\t\t\t\t\t\t<\/a>\r\n\t\t\t\t\t\t\t<\/div>\t\t\t\t\t       \r\n\t\t\t\t\t    \t\t\t\t\t    <div class=\"inner-post\">\r\n\t\t\t\t\t\t\t<div class=\"entry-header\">\r\n\r\n\t\t\t\t\t\t\t\t\r\n\t\t\t\t\t\t\t\t<h3 class=\"entry-title\"><a href=\"https:\/\/viqtor.eu\/nl\/les-impacts-du-rgpd-sur-le-marketing-digital\/\" rel=\"bookmark\">De impact van de AVG op digitale marketing<\/a><\/h3>\r\n\t\t\t\t\t\t\t<\/div><!-- .entry-header -->\r\n\t\t\t\t\t\t\t\r\n\t\t\t\t\t\t\t<div class=\"btn-readmore\">\r\n\t\t\t\t\t\t\t\t<a href=\"https:\/\/viqtor.eu\/nl\/les-impacts-du-rgpd-sur-le-marketing-digital\/\"><i class=\"flaticon-right-arrow-1\"><\/i>Lees verder<\/a>\t\t\t\t\t\t\t<\/div>\r\n\t\t\t\t\t\t<\/div>\r\n\t\t\t\t\t<\/div>\r\n\t\t\t\t<\/article>\r\n\r\n\t         \r\n\r\n\t\t\t\t<article class=\"post-box blog-item\">\r\n\t\t\t\t\t<div class=\"post-inner\">\r\n\t\t\t\t\t    \t\t\t\t\t        <div class=\"entry-media\">\r\n\t\t\t\t\t\t\t\t<div class=\"post-cat\"><span class=\"posted-in\"><a href=\"https:\/\/viqtor.eu\/nl\/category\/blog\/\" rel=\"category tag\">Blog<\/a><\/span><\/div>\t\t\t\t\t\t\t\t<a href=\"https:\/\/viqtor.eu\/nl\/rgpd-et-intelligence-artificielle-quels-sont-les-defis-a-venir\/\">\r\n\t\t\t\t\t\t\t\t\t<img decoding=\"async\" width=\"601\" height=\"520\" src=\"https:\/\/viqtor.eu\/wp-content\/uploads\/2023\/05\/A-qui-sapplique-le-Reglement-General-sur-la-Protection-des-Donnees-RGPD-601x520.webp\" class=\"attachment-engitech-slider-post-thumbnail size-engitech-slider-post-thumbnail wp-post-image\" alt=\"\u00c0 qui s\u2019applique le R\u00e8glement G\u00e9n\u00e9ral sur la Protection des Donn\u00e9es (RGPD)\" \/>\t\t\t\t\t\t\t\t<\/a>\r\n\t\t\t\t\t\t\t<\/div>\t\t\t\t\t       \r\n\t\t\t\t\t    \t\t\t\t\t    <div class=\"inner-post\">\r\n\t\t\t\t\t\t\t<div class=\"entry-header\">\r\n\r\n\t\t\t\t\t\t\t\t\r\n\t\t\t\t\t\t\t\t<h3 class=\"entry-title\"><a href=\"https:\/\/viqtor.eu\/nl\/rgpd-et-intelligence-artificielle-quels-sont-les-defis-a-venir\/\" rel=\"bookmark\">AVG en kunstmatige intelligentie: wat zijn de uitdagingen voor de toekomst?<\/a><\/h3>\r\n\t\t\t\t\t\t\t<\/div><!-- .entry-header -->\r\n\t\t\t\t\t\t\t\r\n\t\t\t\t\t\t\t<div class=\"btn-readmore\">\r\n\t\t\t\t\t\t\t\t<a href=\"https:\/\/viqtor.eu\/nl\/rgpd-et-intelligence-artificielle-quels-sont-les-defis-a-venir\/\"><i class=\"flaticon-right-arrow-1\"><\/i>Lees verder<\/a>\t\t\t\t\t\t\t<\/div>\r\n\t\t\t\t\t\t<\/div>\r\n\t\t\t\t\t<\/div>\r\n\t\t\t\t<\/article>\r\n\r\n\t         \r\n\r\n\t\t\t\t<article class=\"post-box blog-item\">\r\n\t\t\t\t\t<div class=\"post-inner\">\r\n\t\t\t\t\t    \t\t\t\t\t        <div class=\"entry-media\">\r\n\t\t\t\t\t\t\t\t<div class=\"post-cat\"><span class=\"posted-in\"><a href=\"https:\/\/viqtor.eu\/nl\/category\/blog\/\" rel=\"category tag\">Blog<\/a><\/span><\/div>\t\t\t\t\t\t\t\t<a href=\"https:\/\/viqtor.eu\/nl\/rgpd-et-cloud-computing-comment-etre-conforme\/\">\r\n\t\t\t\t\t\t\t\t\t<img loading=\"lazy\" decoding=\"async\" width=\"500\" height=\"334\" src=\"https:\/\/viqtor.eu\/wp-content\/uploads\/2025\/04\/shutterstock_1383796784.jpg\" class=\"attachment-engitech-slider-post-thumbnail size-engitech-slider-post-thumbnail wp-post-image\" alt=\"RGPD et cloud computing : comment \u00eatre conforme ?\" srcset=\"https:\/\/viqtor.eu\/wp-content\/uploads\/2025\/04\/shutterstock_1383796784.jpg 500w, https:\/\/viqtor.eu\/wp-content\/uploads\/2025\/04\/shutterstock_1383796784-300x200.jpg 300w\" sizes=\"(max-width: 500px) 100vw, 500px\" \/>\t\t\t\t\t\t\t\t<\/a>\r\n\t\t\t\t\t\t\t<\/div>\t\t\t\t\t       \r\n\t\t\t\t\t    \t\t\t\t\t    <div class=\"inner-post\">\r\n\t\t\t\t\t\t\t<div class=\"entry-header\">\r\n\r\n\t\t\t\t\t\t\t\t\r\n\t\t\t\t\t\t\t\t<h3 class=\"entry-title\"><a href=\"https:\/\/viqtor.eu\/nl\/rgpd-et-cloud-computing-comment-etre-conforme\/\" rel=\"bookmark\">AVG en cloud computing: hoe kunt u voldoen aan de AVG?<\/a><\/h3>\r\n\t\t\t\t\t\t\t<\/div><!-- .entry-header -->\r\n\t\t\t\t\t\t\t\r\n\t\t\t\t\t\t\t<div class=\"btn-readmore\">\r\n\t\t\t\t\t\t\t\t<a href=\"https:\/\/viqtor.eu\/nl\/rgpd-et-cloud-computing-comment-etre-conforme\/\"><i class=\"flaticon-right-arrow-1\"><\/i>Lees verder<\/a>\t\t\t\t\t\t\t<\/div>\r\n\t\t\t\t\t\t<\/div>\r\n\t\t\t\t\t<\/div>\r\n\t\t\t\t<\/article>\r\n\r\n\t         \r\n\r\n\t\t\t\t<article class=\"post-box blog-item\">\r\n\t\t\t\t\t<div class=\"post-inner\">\r\n\t\t\t\t\t    \t\t\t\t\t        <div class=\"entry-media\">\r\n\t\t\t\t\t\t\t\t<div class=\"post-cat\"><span class=\"posted-in\"><a href=\"https:\/\/viqtor.eu\/nl\/category\/blog\/\" rel=\"category tag\">Blog<\/a><\/span><\/div>\t\t\t\t\t\t\t\t<a href=\"https:\/\/viqtor.eu\/nl\/5-criteres-pour-choisir-son-logiciel-de-conformite-rgpd-en-2025\/\">\r\n\t\t\t\t\t\t\t\t\t<img loading=\"lazy\" decoding=\"async\" width=\"601\" height=\"510\" src=\"https:\/\/viqtor.eu\/wp-content\/uploads\/2024\/10\/Les-etapes-cles-pour-une-mise-en-conformite-RGPD-reussie-601x510.webp\" class=\"attachment-engitech-slider-post-thumbnail size-engitech-slider-post-thumbnail wp-post-image\" alt=\"Les \u00e9tapes cl\u00e9s pour une mise en conformit\u00e9 RGPD r\u00e9ussie\" \/>\t\t\t\t\t\t\t\t<\/a>\r\n\t\t\t\t\t\t\t<\/div>\t\t\t\t\t       \r\n\t\t\t\t\t    \t\t\t\t\t    <div class=\"inner-post\">\r\n\t\t\t\t\t\t\t<div class=\"entry-header\">\r\n\r\n\t\t\t\t\t\t\t\t\r\n\t\t\t\t\t\t\t\t<h3 class=\"entry-title\"><a href=\"https:\/\/viqtor.eu\/nl\/5-criteres-pour-choisir-son-logiciel-de-conformite-rgpd-en-2025\/\" rel=\"bookmark\">5 criteria voor het kiezen van uw AVG-compliancesoftware in 2025?<\/a><\/h3>\r\n\t\t\t\t\t\t\t<\/div><!-- .entry-header -->\r\n\t\t\t\t\t\t\t\r\n\t\t\t\t\t\t\t<div class=\"btn-readmore\">\r\n\t\t\t\t\t\t\t\t<a href=\"https:\/\/viqtor.eu\/nl\/5-criteres-pour-choisir-son-logiciel-de-conformite-rgpd-en-2025\/\"><i class=\"flaticon-right-arrow-1\"><\/i>Lees verder<\/a>\t\t\t\t\t\t\t<\/div>\r\n\t\t\t\t\t\t<\/div>\r\n\t\t\t\t\t<\/div>\r\n\t\t\t\t<\/article>\r\n\r\n\t         \r\n\r\n\t\t\t\t<article class=\"post-box blog-item\">\r\n\t\t\t\t\t<div class=\"post-inner\">\r\n\t\t\t\t\t    \t\t\t\t\t        <div class=\"entry-media\">\r\n\t\t\t\t\t\t\t\t<div class=\"post-cat\"><span class=\"posted-in\"><a href=\"https:\/\/viqtor.eu\/nl\/category\/blog\/\" rel=\"category tag\">Blog<\/a><\/span><\/div>\t\t\t\t\t\t\t\t<a href=\"https:\/\/viqtor.eu\/nl\/quels-sont-les-risques-en-cas-de-non-conformite-au-rgpd\/\">\r\n\t\t\t\t\t\t\t\t\t<img loading=\"lazy\" decoding=\"async\" width=\"601\" height=\"520\" src=\"https:\/\/viqtor.eu\/wp-content\/uploads\/2023\/04\/Securite-des-donnees-lerreur-est-humaine-601x520.webp\" class=\"attachment-engitech-slider-post-thumbnail size-engitech-slider-post-thumbnail wp-post-image\" alt=\"S\u00e9curit\u00e9 des donn\u00e9es l\u2019erreur est humaine\" \/>\t\t\t\t\t\t\t\t<\/a>\r\n\t\t\t\t\t\t\t<\/div>\t\t\t\t\t       \r\n\t\t\t\t\t    \t\t\t\t\t    <div class=\"inner-post\">\r\n\t\t\t\t\t\t\t<div class=\"entry-header\">\r\n\r\n\t\t\t\t\t\t\t\t\r\n\t\t\t\t\t\t\t\t<h3 class=\"entry-title\"><a href=\"https:\/\/viqtor.eu\/nl\/quels-sont-les-risques-en-cas-de-non-conformite-au-rgpd\/\" rel=\"bookmark\">Wat zijn de risico&#039;s van niet-naleving van de AVG?<\/a><\/h3>\r\n\t\t\t\t\t\t\t<\/div><!-- .entry-header -->\r\n\t\t\t\t\t\t\t\r\n\t\t\t\t\t\t\t<div class=\"btn-readmore\">\r\n\t\t\t\t\t\t\t\t<a href=\"https:\/\/viqtor.eu\/nl\/quels-sont-les-risques-en-cas-de-non-conformite-au-rgpd\/\"><i class=\"flaticon-right-arrow-1\"><\/i>Lees verder<\/a>\t\t\t\t\t\t\t<\/div>\r\n\t\t\t\t\t\t<\/div>\r\n\t\t\t\t\t<\/div>\r\n\t\t\t\t<\/article>\r\n\r\n\t         \r\n\r\n\t\t\t\t<article class=\"post-box blog-item\">\r\n\t\t\t\t\t<div class=\"post-inner\">\r\n\t\t\t\t\t    \t\t\t\t\t        <div class=\"entry-media\">\r\n\t\t\t\t\t\t\t\t<div class=\"post-cat\"><span class=\"posted-in\"><a href=\"https:\/\/viqtor.eu\/nl\/category\/blog\/\" rel=\"category tag\">Blog<\/a><\/span><\/div>\t\t\t\t\t\t\t\t<a href=\"https:\/\/viqtor.eu\/nl\/rgpd-et-cookies-comment-se-conformer-aux-dernieres-exigences-de-la-cnil\/\">\r\n\t\t\t\t\t\t\t\t\t<img loading=\"lazy\" decoding=\"async\" width=\"601\" height=\"520\" src=\"https:\/\/viqtor.eu\/wp-content\/uploads\/2023\/04\/Exercice-des-droits-dacces-portabilite-601x520.jpg\" class=\"attachment-engitech-slider-post-thumbnail size-engitech-slider-post-thumbnail wp-post-image\" alt=\"Exercice des droits d\u2019acc\u00e8s, portabilit\u00e9 : quels sont les pouvoirs d\u2019un mandataire ?\" \/>\t\t\t\t\t\t\t\t<\/a>\r\n\t\t\t\t\t\t\t<\/div>\t\t\t\t\t       \r\n\t\t\t\t\t    \t\t\t\t\t    <div class=\"inner-post\">\r\n\t\t\t\t\t\t\t<div class=\"entry-header\">\r\n\r\n\t\t\t\t\t\t\t\t\r\n\t\t\t\t\t\t\t\t<h3 class=\"entry-title\"><a href=\"https:\/\/viqtor.eu\/nl\/rgpd-et-cookies-comment-se-conformer-aux-dernieres-exigences-de-la-cnil\/\" rel=\"bookmark\">AVG en cookies: hoe voldoet u aan de nieuwste CNIL-vereisten?<\/a><\/h3>\r\n\t\t\t\t\t\t\t<\/div><!-- .entry-header -->\r\n\t\t\t\t\t\t\t\r\n\t\t\t\t\t\t\t<div class=\"btn-readmore\">\r\n\t\t\t\t\t\t\t\t<a href=\"https:\/\/viqtor.eu\/nl\/rgpd-et-cookies-comment-se-conformer-aux-dernieres-exigences-de-la-cnil\/\"><i class=\"flaticon-right-arrow-1\"><\/i>Lees verder<\/a>\t\t\t\t\t\t\t<\/div>\r\n\t\t\t\t\t\t<\/div>\r\n\t\t\t\t\t<\/div>\r\n\t\t\t\t<\/article>\r\n\r\n\t         \r\n\r\n\t\t\t\t<article class=\"post-box blog-item\">\r\n\t\t\t\t\t<div class=\"post-inner\">\r\n\t\t\t\t\t    \t\t\t\t\t        <div class=\"entry-media\">\r\n\t\t\t\t\t\t\t\t<div class=\"post-cat\"><span class=\"posted-in\"><a href=\"https:\/\/viqtor.eu\/nl\/category\/blog\/\" rel=\"category tag\">Blog<\/a><\/span><\/div>\t\t\t\t\t\t\t\t<a href=\"https:\/\/viqtor.eu\/nl\/les-8-erreurs-a-eviter-lors-de-la-mise-en-conformite-rgpd\/\">\r\n\t\t\t\t\t\t\t\t\t<img loading=\"lazy\" decoding=\"async\" width=\"601\" height=\"520\" src=\"https:\/\/viqtor.eu\/wp-content\/uploads\/2023\/04\/Exercice-des-droits-dacces-portabilite-601x520.jpg\" class=\"attachment-engitech-slider-post-thumbnail size-engitech-slider-post-thumbnail wp-post-image\" alt=\"Exercice des droits d\u2019acc\u00e8s, portabilit\u00e9 : quels sont les pouvoirs d\u2019un mandataire ?\" \/>\t\t\t\t\t\t\t\t<\/a>\r\n\t\t\t\t\t\t\t<\/div>\t\t\t\t\t       \r\n\t\t\t\t\t    \t\t\t\t\t    <div class=\"inner-post\">\r\n\t\t\t\t\t\t\t<div class=\"entry-header\">\r\n\r\n\t\t\t\t\t\t\t\t\r\n\t\t\t\t\t\t\t\t<h3 class=\"entry-title\"><a href=\"https:\/\/viqtor.eu\/nl\/les-8-erreurs-a-eviter-lors-de-la-mise-en-conformite-rgpd\/\" rel=\"bookmark\">De 8 fouten die u moet vermijden bij het naleven van de AVG<\/a><\/h3>\r\n\t\t\t\t\t\t\t<\/div><!-- .entry-header -->\r\n\t\t\t\t\t\t\t\r\n\t\t\t\t\t\t\t<div class=\"btn-readmore\">\r\n\t\t\t\t\t\t\t\t<a href=\"https:\/\/viqtor.eu\/nl\/les-8-erreurs-a-eviter-lors-de-la-mise-en-conformite-rgpd\/\"><i class=\"flaticon-right-arrow-1\"><\/i>Lees verder<\/a>\t\t\t\t\t\t\t<\/div>\r\n\t\t\t\t\t\t<\/div>\r\n\t\t\t\t\t<\/div>\r\n\t\t\t\t<\/article>\r\n\r\n\t         \r\n\r\n\t\t\t\t<article class=\"post-box blog-item\">\r\n\t\t\t\t\t<div class=\"post-inner\">\r\n\t\t\t\t\t    \t\t\t\t\t        <div class=\"entry-media\">\r\n\t\t\t\t\t\t\t\t<div class=\"post-cat\"><span class=\"posted-in\"><a href=\"https:\/\/viqtor.eu\/nl\/category\/blog\/\" rel=\"category tag\">Blog<\/a><\/span><\/div>\t\t\t\t\t\t\t\t<a href=\"https:\/\/viqtor.eu\/nl\/checklist-rgpd-pour-les-tpe-pme-les-etapes-essentielles-pour-etre-conforme-en-2025\/\">\r\n\t\t\t\t\t\t\t\t\t<img loading=\"lazy\" decoding=\"async\" width=\"601\" height=\"520\" src=\"https:\/\/viqtor.eu\/wp-content\/uploads\/2023\/04\/Decisions-automatisees-comment-le-RGPD-est-il-mis-en-oeuvre-601x520.jpg\" class=\"attachment-engitech-slider-post-thumbnail size-engitech-slider-post-thumbnail wp-post-image\" alt=\"D\u00e9cisions automatis\u00e9es : comment le RGPD est-il mis en \u0153uvre ?\" \/>\t\t\t\t\t\t\t\t<\/a>\r\n\t\t\t\t\t\t\t<\/div>\t\t\t\t\t       \r\n\t\t\t\t\t    \t\t\t\t\t    <div class=\"inner-post\">\r\n\t\t\t\t\t\t\t<div class=\"entry-header\">\r\n\r\n\t\t\t\t\t\t\t\t\r\n\t\t\t\t\t\t\t\t<h3 class=\"entry-title\"><a href=\"https:\/\/viqtor.eu\/nl\/checklist-rgpd-pour-les-tpe-pme-les-etapes-essentielles-pour-etre-conforme-en-2025\/\" rel=\"bookmark\">AVG-checklist voor MKB-bedrijven: de essenti\u00eble stappen om in 2025 te voldoen aan de AVG<\/a><\/h3>\r\n\t\t\t\t\t\t\t<\/div><!-- .entry-header -->\r\n\t\t\t\t\t\t\t\r\n\t\t\t\t\t\t\t<div class=\"btn-readmore\">\r\n\t\t\t\t\t\t\t\t<a href=\"https:\/\/viqtor.eu\/nl\/checklist-rgpd-pour-les-tpe-pme-les-etapes-essentielles-pour-etre-conforme-en-2025\/\"><i class=\"flaticon-right-arrow-1\"><\/i>Lees verder<\/a>\t\t\t\t\t\t\t<\/div>\r\n\t\t\t\t\t\t<\/div>\r\n\t\t\t\t\t<\/div>\r\n\t\t\t\t<\/article>\r\n\r\n\t         \r\n\r\n\t\t\t\t<article class=\"post-box blog-item\">\r\n\t\t\t\t\t<div class=\"post-inner\">\r\n\t\t\t\t\t    \t\t\t\t\t        <div class=\"entry-media\">\r\n\t\t\t\t\t\t\t\t<div class=\"post-cat\"><span class=\"posted-in\"><a href=\"https:\/\/viqtor.eu\/nl\/category\/blog\/\" rel=\"category tag\">Blog<\/a><\/span><\/div>\t\t\t\t\t\t\t\t<a href=\"https:\/\/viqtor.eu\/nl\/pourquoi-le-rgpd-est-un-element-cle-de-la-cyber-securite-dune-entreprise\/\">\r\n\t\t\t\t\t\t\t\t\t<img loading=\"lazy\" decoding=\"async\" width=\"601\" height=\"504\" src=\"https:\/\/viqtor.eu\/wp-content\/uploads\/2024\/10\/Pourquoi-le-RGPD-est-un-element-cle-de-la-cyber-securite-dune-entreprise-601x504.webp\" class=\"attachment-engitech-slider-post-thumbnail size-engitech-slider-post-thumbnail wp-post-image\" alt=\"Pourquoi le RGPD est un \u00e9l\u00e9ment cl\u00e9 de la cyber s\u00e9curit\u00e9 d&#039;une entreprise\" \/>\t\t\t\t\t\t\t\t<\/a>\r\n\t\t\t\t\t\t\t<\/div>\t\t\t\t\t       \r\n\t\t\t\t\t    \t\t\t\t\t    <div class=\"inner-post\">\r\n\t\t\t\t\t\t\t<div class=\"entry-header\">\r\n\r\n\t\t\t\t\t\t\t\t\r\n\t\t\t\t\t\t\t\t<h3 class=\"entry-title\"><a href=\"https:\/\/viqtor.eu\/nl\/pourquoi-le-rgpd-est-un-element-cle-de-la-cyber-securite-dune-entreprise\/\" rel=\"bookmark\">Waarom AVG een belangrijk onderdeel is van de cyberbeveiliging van een bedrijf<\/a><\/h3>\r\n\t\t\t\t\t\t\t<\/div><!-- .entry-header -->\r\n\t\t\t\t\t\t\t\r\n\t\t\t\t\t\t\t<div class=\"btn-readmore\">\r\n\t\t\t\t\t\t\t\t<a href=\"https:\/\/viqtor.eu\/nl\/pourquoi-le-rgpd-est-un-element-cle-de-la-cyber-securite-dune-entreprise\/\"><i class=\"flaticon-right-arrow-1\"><\/i>Lees verder<\/a>\t\t\t\t\t\t\t<\/div>\r\n\t\t\t\t\t\t<\/div>\r\n\t\t\t\t\t<\/div>\r\n\t\t\t\t<\/article>\r\n\r\n\t        \t    <\/div>\r\n\t\t\t\t<\/div>\n\t\t\t\t<\/div>\n\t\t\t\t\t<\/div>\n\t\t<\/div>\n\t\t\t\t\t<\/div>\n\t\t<\/section>\n\t\t\t\t<section class=\"elementor-section elementor-top-section elementor-element elementor-element-3d46efd ot-traditional elementor-section-boxed elementor-section-height-default elementor-section-height-default\" data-id=\"3d46efd\" data-element_type=\"section\">\n\t\t\t\t\t\t<div class=\"elementor-container elementor-column-gap-default\">\n\t\t\t\t\t<div class=\"elementor-column elementor-col-100 elementor-top-column elementor-element elementor-element-704b582 ot-flex-column-vertical\" data-id=\"704b582\" data-element_type=\"column\">\n\t\t\t<div class=\"elementor-widget-wrap elementor-element-populated\">\n\t\t\t\t\t\t<div class=\"elementor-element elementor-element-122dcab elementor-align-center elementor-widget elementor-widget-button\" data-id=\"122dcab\" data-element_type=\"widget\" data-widget_type=\"button.default\">\n\t\t\t\t<div class=\"elementor-widget-container\">\n\t\t\t\t\t<div class=\"elementor-button-wrapper\">\n\t\t\t<a class=\"elementor-button elementor-button-link elementor-size-lg\" href=\"https:\/\/viqtor.eu\/nl\/blog\/\">\n\t\t\t\t\t\t<span class=\"elementor-button-content-wrapper\">\n\t\t\t\t\t\t<span class=\"elementor-button-icon\">\n\t\t\t\t<i aria-hidden=\"true\" class=\"fas fa-long-arrow-alt-right\"><\/i>\t\t\t<\/span>\n\t\t\t\t\t\t\t\t\t<span class=\"elementor-button-text\">AL HET NIEUWS<\/span>\n\t\t\t\t\t<\/span>\n\t\t\t\t\t<\/a>\n\t\t<\/div>\n\t\t\t\t<\/div>\n\t\t\t\t<\/div>\n\t\t\t\t\t<\/div>\n\t\t<\/div>\n\t\t\t\t\t<\/div>\n\t\t<\/section>\n\t\t\t\t<\/div>","protected":false},"excerpt":{"rendered":"<p>De impact van de AVG op digitale marketing Vraag een demo aan Sinds de inwerkingtreding in mei 2018 heeft de Algemene Verordening Gegevensbescherming (AVG) de wereld van digitale marketing in Europa en daarbuiten aanzienlijk veranderd. Deze wet stelt strenge regels aan het verzamelen, verwerken en bewaren van [\u2026]<\/p>","protected":false},"author":1,"featured_media":13492,"comment_status":"open","ping_status":"open","sticky":false,"template":"elementor_header_footer","format":"standard","meta":{"_acf_changed":false,"footnotes":""},"categories":[37],"tags":[],"class_list":["post-12998","post","type-post","status-publish","format-standard","has-post-thumbnail","hentry","category-blog"],"acf":[],"yoast_head":"<!-- This site is optimized with the Yoast SEO plugin v23.6 - https:\/\/yoast.com\/wordpress\/plugins\/seo\/ -->\n<title>Les impacts du RGPD sur le marketing digital<\/title>\n<meta name=\"description\" content=\"Comment le RGPD impacte-t-il le marketing digital\u202f? Collecte de donn\u00e9es, cookies, publicit\u00e9 cibl\u00e9e\u00a0 : adaptez vos strat\u00e9gies aux nouvelles obligations.\" \/>\n<meta name=\"robots\" content=\"index, follow, max-snippet:-1, max-image-preview:large, max-video-preview:-1\" \/>\n<link rel=\"canonical\" href=\"https:\/\/viqtor.eu\/nl\/les-impacts-du-rgpd-sur-le-marketing-digital\/\" \/>\n<meta property=\"og:locale\" content=\"nl_NL\" \/>\n<meta property=\"og:type\" content=\"article\" \/>\n<meta property=\"og:title\" content=\"Les impacts du RGPD sur le marketing digital\" \/>\n<meta property=\"og:description\" content=\"Comment le RGPD impacte-t-il le marketing digital\u202f? Collecte de donn\u00e9es, cookies, publicit\u00e9 cibl\u00e9e\u00a0 : adaptez vos strat\u00e9gies aux nouvelles obligations.\" \/>\n<meta property=\"og:url\" content=\"https:\/\/viqtor.eu\/nl\/les-impacts-du-rgpd-sur-le-marketing-digital\/\" \/>\n<meta property=\"og:site_name\" content=\"Viqtor\" \/>\n<meta property=\"article:published_time\" content=\"2025-04-28T19:20:32+00:00\" \/>\n<meta property=\"article:modified_time\" content=\"2026-01-23T16:20:19+00:00\" \/>\n<meta property=\"og:image\" content=\"https:\/\/viqtor.eu\/wp-content\/uploads\/2026\/04\/widget-viqtor.png\" \/>\n\t<meta property=\"og:image:width\" content=\"1024\" \/>\n\t<meta property=\"og:image:height\" content=\"1024\" \/>\n\t<meta property=\"og:image:type\" content=\"image\/jpeg\" \/>\n<meta name=\"author\" content=\"Bruno\" \/>\n<meta name=\"twitter:card\" content=\"summary_large_image\" \/>\n<meta name=\"twitter:label1\" content=\"Geschreven door\" \/>\n\t<meta name=\"twitter:data1\" content=\"Bruno\" \/>\n\t<meta name=\"twitter:label2\" content=\"Verwachte leestijd\" \/>\n\t<meta name=\"twitter:data2\" content=\"6 minuten\" \/>\n<script type=\"application\/ld+json\" class=\"yoast-schema-graph\">{\"@context\":\"https:\/\/schema.org\",\"@graph\":[{\"@type\":\"Article\",\"@id\":\"https:\/\/viqtor.eu\/les-impacts-du-rgpd-sur-le-marketing-digital\/#article\",\"isPartOf\":{\"@id\":\"https:\/\/viqtor.eu\/les-impacts-du-rgpd-sur-le-marketing-digital\/\"},\"author\":{\"name\":\"Bruno\",\"@id\":\"https:\/\/viqtor.eu\/#\/schema\/person\/3dbd9cc82a28f6cf1695c92eda0099ad\"},\"headline\":\"Les impacts du RGPD sur le marketing digital\",\"datePublished\":\"2025-04-28T19:20:32+00:00\",\"dateModified\":\"2026-01-23T16:20:19+00:00\",\"mainEntityOfPage\":{\"@id\":\"https:\/\/viqtor.eu\/les-impacts-du-rgpd-sur-le-marketing-digital\/\"},\"wordCount\":845,\"commentCount\":0,\"publisher\":{\"@id\":\"https:\/\/viqtor.eu\/#organization\"},\"image\":{\"@id\":\"https:\/\/viqtor.eu\/les-impacts-du-rgpd-sur-le-marketing-digital\/#primaryimage\"},\"thumbnailUrl\":\"https:\/\/viqtor.eu\/wp-content\/uploads\/2025\/04\/shutterstock_2595007207.jpg\",\"articleSection\":[\"Blog\"],\"inLanguage\":\"nl-NL\",\"potentialAction\":[{\"@type\":\"CommentAction\",\"name\":\"Comment\",\"target\":[\"https:\/\/viqtor.eu\/les-impacts-du-rgpd-sur-le-marketing-digital\/#respond\"]}]},{\"@type\":\"WebPage\",\"@id\":\"https:\/\/viqtor.eu\/les-impacts-du-rgpd-sur-le-marketing-digital\/\",\"url\":\"https:\/\/viqtor.eu\/les-impacts-du-rgpd-sur-le-marketing-digital\/\",\"name\":\"Les impacts du RGPD sur le marketing digital\",\"isPartOf\":{\"@id\":\"https:\/\/viqtor.eu\/#website\"},\"primaryImageOfPage\":{\"@id\":\"https:\/\/viqtor.eu\/les-impacts-du-rgpd-sur-le-marketing-digital\/#primaryimage\"},\"image\":{\"@id\":\"https:\/\/viqtor.eu\/les-impacts-du-rgpd-sur-le-marketing-digital\/#primaryimage\"},\"thumbnailUrl\":\"https:\/\/viqtor.eu\/wp-content\/uploads\/2025\/04\/shutterstock_2595007207.jpg\",\"datePublished\":\"2025-04-28T19:20:32+00:00\",\"dateModified\":\"2026-01-23T16:20:19+00:00\",\"description\":\"Comment le RGPD impacte-t-il le marketing digital\u202f? Collecte de donn\u00e9es, cookies, publicit\u00e9 cibl\u00e9e\u00a0 : adaptez vos strat\u00e9gies aux nouvelles obligations.\",\"breadcrumb\":{\"@id\":\"https:\/\/viqtor.eu\/les-impacts-du-rgpd-sur-le-marketing-digital\/#breadcrumb\"},\"inLanguage\":\"nl-NL\",\"potentialAction\":[{\"@type\":\"ReadAction\",\"target\":[\"https:\/\/viqtor.eu\/les-impacts-du-rgpd-sur-le-marketing-digital\/\"]}]},{\"@type\":\"ImageObject\",\"inLanguage\":\"nl-NL\",\"@id\":\"https:\/\/viqtor.eu\/les-impacts-du-rgpd-sur-le-marketing-digital\/#primaryimage\",\"url\":\"https:\/\/viqtor.eu\/wp-content\/uploads\/2025\/04\/shutterstock_2595007207.jpg\",\"contentUrl\":\"https:\/\/viqtor.eu\/wp-content\/uploads\/2025\/04\/shutterstock_2595007207.jpg\",\"width\":1024,\"height\":1024},{\"@type\":\"BreadcrumbList\",\"@id\":\"https:\/\/viqtor.eu\/les-impacts-du-rgpd-sur-le-marketing-digital\/#breadcrumb\",\"itemListElement\":[{\"@type\":\"ListItem\",\"position\":1,\"name\":\"Accueil\",\"item\":\"https:\/\/viqtor.eu\/\"},{\"@type\":\"ListItem\",\"position\":2,\"name\":\"Les impacts du RGPD sur le marketing digital\"}]},{\"@type\":\"WebSite\",\"@id\":\"https:\/\/viqtor.eu\/#website\",\"url\":\"https:\/\/viqtor.eu\/\",\"name\":\"Viqtor\",\"description\":\"Faites du RGPD une opportunit\u00e9 pour votre entreprise.\",\"publisher\":{\"@id\":\"https:\/\/viqtor.eu\/#organization\"},\"potentialAction\":[{\"@type\":\"SearchAction\",\"target\":{\"@type\":\"EntryPoint\",\"urlTemplate\":\"https:\/\/viqtor.eu\/?s={search_term_string}\"},\"query-input\":{\"@type\":\"PropertyValueSpecification\",\"valueRequired\":true,\"valueName\":\"search_term_string\"}}],\"inLanguage\":\"nl-NL\"},{\"@type\":\"Organization\",\"@id\":\"https:\/\/viqtor.eu\/#organization\",\"name\":\"viqtor.eu\",\"url\":\"https:\/\/viqtor.eu\/\",\"logo\":{\"@type\":\"ImageObject\",\"inLanguage\":\"nl-NL\",\"@id\":\"https:\/\/viqtor.eu\/#\/schema\/logo\/image\/\",\"url\":\"https:\/\/viqtor.eu\/wp-content\/uploads\/2023\/06\/favicon-noir.svg\",\"contentUrl\":\"https:\/\/viqtor.eu\/wp-content\/uploads\/2023\/06\/favicon-noir.svg\",\"width\":108,\"height\":86,\"caption\":\"viqtor.eu\"},\"image\":{\"@id\":\"https:\/\/viqtor.eu\/#\/schema\/logo\/image\/\"}},{\"@type\":\"Person\",\"@id\":\"https:\/\/viqtor.eu\/#\/schema\/person\/3dbd9cc82a28f6cf1695c92eda0099ad\",\"name\":\"Bruno\",\"image\":{\"@type\":\"ImageObject\",\"inLanguage\":\"nl-NL\",\"@id\":\"https:\/\/viqtor.eu\/#\/schema\/person\/image\/\",\"url\":\"https:\/\/secure.gravatar.com\/avatar\/e5a596f9489de15bfe046e97fb771f63589b601ca7e81ccc2bb9a23582f441a3?s=96&d=mm&r=g\",\"contentUrl\":\"https:\/\/secure.gravatar.com\/avatar\/e5a596f9489de15bfe046e97fb771f63589b601ca7e81ccc2bb9a23582f441a3?s=96&d=mm&r=g\",\"caption\":\"Bruno\"},\"sameAs\":[\"https:\/\/exciting-panini.13-37-234-21.plesk.page\"],\"url\":\"https:\/\/viqtor.eu\/nl\/author\/mouad_zxum2ebi\/\"}]}<\/script>\n<!-- \/ Yoast SEO plugin. -->","yoast_head_json":{"title":"Les impacts du RGPD sur le marketing digital","description":"Comment le RGPD impacte-t-il le marketing digital\u202f? Collecte de donn\u00e9es, cookies, publicit\u00e9 cibl\u00e9e\u00a0 : adaptez vos strat\u00e9gies aux nouvelles obligations.","robots":{"index":"index","follow":"follow","max-snippet":"max-snippet:-1","max-image-preview":"max-image-preview:large","max-video-preview":"max-video-preview:-1"},"canonical":"https:\/\/viqtor.eu\/nl\/les-impacts-du-rgpd-sur-le-marketing-digital\/","og_locale":"nl_NL","og_type":"article","og_title":"Les impacts du RGPD sur le marketing digital","og_description":"Comment le RGPD impacte-t-il le marketing digital\u202f? Collecte de donn\u00e9es, cookies, publicit\u00e9 cibl\u00e9e\u00a0 : adaptez vos strat\u00e9gies aux nouvelles obligations.","og_url":"https:\/\/viqtor.eu\/nl\/les-impacts-du-rgpd-sur-le-marketing-digital\/","og_site_name":"Viqtor","article_published_time":"2025-04-28T19:20:32+00:00","article_modified_time":"2026-01-23T16:20:19+00:00","og_image":[{"width":1024,"height":1024,"url":"https:\/\/viqtor.eu\/wp-content\/uploads\/2026\/04\/widget-viqtor.png","type":"image\/jpeg"}],"author":"Bruno","twitter_card":"summary_large_image","twitter_misc":{"Geschreven door":"Bruno","Verwachte leestijd":"6 minuten"},"schema":{"@context":"https:\/\/schema.org","@graph":[{"@type":"Article","@id":"https:\/\/viqtor.eu\/les-impacts-du-rgpd-sur-le-marketing-digital\/#article","isPartOf":{"@id":"https:\/\/viqtor.eu\/les-impacts-du-rgpd-sur-le-marketing-digital\/"},"author":{"name":"Bruno","@id":"https:\/\/viqtor.eu\/#\/schema\/person\/3dbd9cc82a28f6cf1695c92eda0099ad"},"headline":"Les impacts du RGPD sur le marketing digital","datePublished":"2025-04-28T19:20:32+00:00","dateModified":"2026-01-23T16:20:19+00:00","mainEntityOfPage":{"@id":"https:\/\/viqtor.eu\/les-impacts-du-rgpd-sur-le-marketing-digital\/"},"wordCount":845,"commentCount":0,"publisher":{"@id":"https:\/\/viqtor.eu\/#organization"},"image":{"@id":"https:\/\/viqtor.eu\/les-impacts-du-rgpd-sur-le-marketing-digital\/#primaryimage"},"thumbnailUrl":"https:\/\/viqtor.eu\/wp-content\/uploads\/2025\/04\/shutterstock_2595007207.jpg","articleSection":["Blog"],"inLanguage":"nl-NL","potentialAction":[{"@type":"CommentAction","name":"Comment","target":["https:\/\/viqtor.eu\/les-impacts-du-rgpd-sur-le-marketing-digital\/#respond"]}]},{"@type":"WebPage","@id":"https:\/\/viqtor.eu\/les-impacts-du-rgpd-sur-le-marketing-digital\/","url":"https:\/\/viqtor.eu\/les-impacts-du-rgpd-sur-le-marketing-digital\/","name":"Les impacts du RGPD sur le marketing digital","isPartOf":{"@id":"https:\/\/viqtor.eu\/#website"},"primaryImageOfPage":{"@id":"https:\/\/viqtor.eu\/les-impacts-du-rgpd-sur-le-marketing-digital\/#primaryimage"},"image":{"@id":"https:\/\/viqtor.eu\/les-impacts-du-rgpd-sur-le-marketing-digital\/#primaryimage"},"thumbnailUrl":"https:\/\/viqtor.eu\/wp-content\/uploads\/2025\/04\/shutterstock_2595007207.jpg","datePublished":"2025-04-28T19:20:32+00:00","dateModified":"2026-01-23T16:20:19+00:00","description":"Comment le RGPD impacte-t-il le marketing digital\u202f? Collecte de donn\u00e9es, cookies, publicit\u00e9 cibl\u00e9e\u00a0 : adaptez vos strat\u00e9gies aux nouvelles obligations.","breadcrumb":{"@id":"https:\/\/viqtor.eu\/les-impacts-du-rgpd-sur-le-marketing-digital\/#breadcrumb"},"inLanguage":"nl-NL","potentialAction":[{"@type":"ReadAction","target":["https:\/\/viqtor.eu\/les-impacts-du-rgpd-sur-le-marketing-digital\/"]}]},{"@type":"ImageObject","inLanguage":"nl-NL","@id":"https:\/\/viqtor.eu\/les-impacts-du-rgpd-sur-le-marketing-digital\/#primaryimage","url":"https:\/\/viqtor.eu\/wp-content\/uploads\/2025\/04\/shutterstock_2595007207.jpg","contentUrl":"https:\/\/viqtor.eu\/wp-content\/uploads\/2025\/04\/shutterstock_2595007207.jpg","width":1024,"height":1024},{"@type":"BreadcrumbList","@id":"https:\/\/viqtor.eu\/les-impacts-du-rgpd-sur-le-marketing-digital\/#breadcrumb","itemListElement":[{"@type":"ListItem","position":1,"name":"Accueil","item":"https:\/\/viqtor.eu\/"},{"@type":"ListItem","position":2,"name":"Les impacts du RGPD sur le marketing digital"}]},{"@type":"WebSite","@id":"https:\/\/viqtor.eu\/#website","url":"https:\/\/viqtor.eu\/","name":"Viqtor","description":"Faites du RGPD une opportunit\u00e9 pour votre entreprise.","publisher":{"@id":"https:\/\/viqtor.eu\/#organization"},"potentialAction":[{"@type":"SearchAction","target":{"@type":"EntryPoint","urlTemplate":"https:\/\/viqtor.eu\/?s={search_term_string}"},"query-input":{"@type":"PropertyValueSpecification","valueRequired":true,"valueName":"search_term_string"}}],"inLanguage":"nl-NL"},{"@type":"Organization","@id":"https:\/\/viqtor.eu\/#organization","name":"viqtor.eu","url":"https:\/\/viqtor.eu\/","logo":{"@type":"ImageObject","inLanguage":"nl-NL","@id":"https:\/\/viqtor.eu\/#\/schema\/logo\/image\/","url":"https:\/\/viqtor.eu\/wp-content\/uploads\/2023\/06\/favicon-noir.svg","contentUrl":"https:\/\/viqtor.eu\/wp-content\/uploads\/2023\/06\/favicon-noir.svg","width":108,"height":86,"caption":"viqtor.eu"},"image":{"@id":"https:\/\/viqtor.eu\/#\/schema\/logo\/image\/"}},{"@type":"Person","@id":"https:\/\/viqtor.eu\/#\/schema\/person\/3dbd9cc82a28f6cf1695c92eda0099ad","name":"Bruno","image":{"@type":"ImageObject","inLanguage":"nl-NL","@id":"https:\/\/viqtor.eu\/#\/schema\/person\/image\/","url":"https:\/\/secure.gravatar.com\/avatar\/e5a596f9489de15bfe046e97fb771f63589b601ca7e81ccc2bb9a23582f441a3?s=96&d=mm&r=g","contentUrl":"https:\/\/secure.gravatar.com\/avatar\/e5a596f9489de15bfe046e97fb771f63589b601ca7e81ccc2bb9a23582f441a3?s=96&d=mm&r=g","caption":"Bruno"},"sameAs":["https:\/\/exciting-panini.13-37-234-21.plesk.page"],"url":"https:\/\/viqtor.eu\/nl\/author\/mouad_zxum2ebi\/"}]}},"_links":{"self":[{"href":"https:\/\/viqtor.eu\/nl\/wp-json\/wp\/v2\/posts\/12998","targetHints":{"allow":["GET"]}}],"collection":[{"href":"https:\/\/viqtor.eu\/nl\/wp-json\/wp\/v2\/posts"}],"about":[{"href":"https:\/\/viqtor.eu\/nl\/wp-json\/wp\/v2\/types\/post"}],"author":[{"embeddable":true,"href":"https:\/\/viqtor.eu\/nl\/wp-json\/wp\/v2\/users\/1"}],"replies":[{"embeddable":true,"href":"https:\/\/viqtor.eu\/nl\/wp-json\/wp\/v2\/comments?post=12998"}],"version-history":[{"count":28,"href":"https:\/\/viqtor.eu\/nl\/wp-json\/wp\/v2\/posts\/12998\/revisions"}],"predecessor-version":[{"id":13029,"href":"https:\/\/viqtor.eu\/nl\/wp-json\/wp\/v2\/posts\/12998\/revisions\/13029"}],"wp:featuredmedia":[{"embeddable":true,"href":"https:\/\/viqtor.eu\/nl\/wp-json\/wp\/v2\/media\/13492"}],"wp:attachment":[{"href":"https:\/\/viqtor.eu\/nl\/wp-json\/wp\/v2\/media?parent=12998"}],"wp:term":[{"taxonomy":"category","embeddable":true,"href":"https:\/\/viqtor.eu\/nl\/wp-json\/wp\/v2\/categories?post=12998"},{"taxonomy":"post_tag","embeddable":true,"href":"https:\/\/viqtor.eu\/nl\/wp-json\/wp\/v2\/tags?post=12998"}],"curies":[{"name":"wp","href":"https:\/\/api.w.org\/{rel}","templated":true}]}}