{"id":5505,"date":"2023-04-19T13:36:30","date_gmt":"2023-04-19T13:36:30","guid":{"rendered":"https:\/\/exciting-panini.13-37-234-21.plesk.page\/?p=5505"},"modified":"2024-08-05T14:57:02","modified_gmt":"2024-08-05T14:57:02","slug":"donnees-a-caractere-personnel","status":"publish","type":"post","link":"https:\/\/viqtor.eu\/lv\/donnees-a-caractere-personnel\/","title":{"rendered":"Personas dati: vai pamatties\u012bbu izmanto\u0161anu var tirgot?"},"content":{"rendered":"<div data-elementor-type=\"wp-post\" data-elementor-id=\"5505\" class=\"elementor elementor-5505\" data-elementor-post-type=\"post\">\n\t\t\t\t\t\t<section class=\"elementor-section elementor-top-section elementor-element elementor-element-b6df41d ot-traditional elementor-section-boxed elementor-section-height-default elementor-section-height-default\" data-id=\"b6df41d\" data-element_type=\"section\">\n\t\t\t\t\t\t<div class=\"elementor-container elementor-column-gap-default\">\n\t\t\t\t\t<div class=\"elementor-column elementor-col-100 elementor-top-column elementor-element elementor-element-5533917 ot-flex-column-vertical\" data-id=\"5533917\" data-element_type=\"column\">\n\t\t\t<div class=\"elementor-widget-wrap elementor-element-populated\">\n\t\t\t\t\t\t<div class=\"elementor-element elementor-element-0b5957d elementor-widget elementor-widget-image\" data-id=\"0b5957d\" data-element_type=\"widget\" data-widget_type=\"image.default\">\n\t\t\t\t<div class=\"elementor-widget-container\">\n\t\t\t\t\t\t\t\t\t\t\t\t\t<img fetchpriority=\"high\" decoding=\"async\" width=\"500\" height=\"334\" src=\"https:\/\/viqtor.eu\/wp-content\/uploads\/2023\/04\/Donnees-a-caractere-personnel-peut-on-marchander-lusage-dun-droit-fondamental.jpg\" class=\"attachment-full size-full wp-image-12054\" alt=\"Donn\u00e9es \u00e0 caract\u00e8re personnel\u00a0: peut-on marchander l\u2019usage d\u2019un droit fondamental\u00a0?\" srcset=\"https:\/\/viqtor.eu\/wp-content\/uploads\/2023\/04\/Donnees-a-caractere-personnel-peut-on-marchander-lusage-dun-droit-fondamental.jpg 500w, https:\/\/viqtor.eu\/wp-content\/uploads\/2023\/04\/Donnees-a-caractere-personnel-peut-on-marchander-lusage-dun-droit-fondamental-300x200.jpg 300w\" sizes=\"(max-width: 500px) 100vw, 500px\" \/>\t\t\t\t\t\t\t\t\t\t\t\t\t<\/div>\n\t\t\t\t<\/div>\n\t\t\t\t\t<\/div>\n\t\t<\/div>\n\t\t\t\t\t<\/div>\n\t\t<\/section>\n\t\t\t\t<section class=\"elementor-section elementor-top-section elementor-element elementor-element-98c3afa ot-traditional elementor-section-boxed elementor-section-height-default elementor-section-height-default\" data-id=\"98c3afa\" data-element_type=\"section\">\n\t\t\t\t\t\t<div class=\"elementor-container elementor-column-gap-default\">\n\t\t\t\t\t<div class=\"elementor-column elementor-col-100 elementor-top-column elementor-element elementor-element-60b6b0c ot-flex-column-vertical\" data-id=\"60b6b0c\" data-element_type=\"column\">\n\t\t\t<div class=\"elementor-widget-wrap elementor-element-populated\">\n\t\t\t\t\t\t<div class=\"elementor-element elementor-element-a6a56cb elementor-widget elementor-widget-heading\" data-id=\"a6a56cb\" data-element_type=\"widget\" data-widget_type=\"heading.default\">\n\t\t\t\t<div class=\"elementor-widget-container\">\n\t\t\t<h1 class=\"elementor-heading-title elementor-size-default\">Personas dati: vai pamatties\u012bbu izmanto\u0161anu var tirgot?<\/h1>\t\t<\/div>\n\t\t\t\t<\/div>\n\t\t\t\t\t<\/div>\n\t\t<\/div>\n\t\t\t\t\t<\/div>\n\t\t<\/section>\n\t\t\t\t<section class=\"elementor-section elementor-top-section elementor-element elementor-element-7b3951fb ot-traditional elementor-section-boxed elementor-section-height-default elementor-section-height-default\" data-id=\"7b3951fb\" data-element_type=\"section\">\n\t\t\t\t\t\t<div class=\"elementor-container elementor-column-gap-default\">\n\t\t\t\t\t<div class=\"elementor-column elementor-col-100 elementor-top-column elementor-element elementor-element-2c4b5df9 ot-flex-column-vertical\" data-id=\"2c4b5df9\" data-element_type=\"column\">\n\t\t\t<div class=\"elementor-widget-wrap elementor-element-populated\">\n\t\t\t\t\t\t<div class=\"elementor-element elementor-element-4614761b elementor-widget elementor-widget-text-editor\" data-id=\"4614761b\" data-element_type=\"widget\" data-widget_type=\"text-editor.default\">\n\t\t\t\t<div class=\"elementor-widget-container\">\n\t\t\t\t\t\t\t<!-- wp:paragraph -->\n<p>Juridisk\u0101 uzraudz\u012bba Nr.\u00a054\u00a0\u2014 <strong>2022. gada decembris<\/strong><\/p>\n<!-- \/wp:paragraph -->\n\n<!-- wp:paragraph {\"textColor\":\"black\"} -->\n<p class=\"has-black-color has-text-color\"><a>Personas dati: vai pamatties\u012bbu izmanto\u0161anu var tirgot?<\/a> Koment\u0113t tiesved\u012bbu pret Meta, Facebook, WhatsApp un Instagram m\u0101tesuz\u0146\u0113mumu, var\u0113tu k\u013c\u016bt nogurdino\u0161i, jo tas piesaista datu aizsardz\u012bbas iest\u0101\u017eu dusmas.&nbsp;<\/p>\n<!-- \/wp:paragraph -->\n\n<!-- wp:paragraph -->\n<p>Uz\u0146\u0113mums faktiski ir bijis GAFAM uz\u0146\u0113mums, kam piem\u0113rotas visliel\u0101k\u0101s sankcijas kop\u0161 GDPR st\u0101\u0161an\u0101s sp\u0113k\u0101, un tam tikko tika piem\u0113rots v\u0113l 390 miljonu eiro sods.<\/p>\n<!-- \/wp:paragraph -->\n\n<!-- wp:paragraph -->\n<p>Tom\u0113r nesen pie\u0146emtie Eiropas Datu aizsardz\u012bbas kol\u0113\u0123ijas (EDPB) l\u0113mumi, kurus \u012arijas datu aizsardz\u012bbas iest\u0101de \u012bstenoja \u0161\u012b gada s\u0101kum\u0101, ir peln\u012bju\u0161i m\u016bsu uzman\u012bbu vair\u0101k nek\u0101 viena iemesla d\u0113\u013c.<\/p>\n<!-- \/wp:paragraph -->\n\n<!-- wp:paragraph -->\n<p>No vienas puses, t\u0101p\u0113c, ka tie ir v\u0101rdu kara epilogs starp \u012arijas datu aizsardz\u012bbas iest\u0101di un t\u0101s Eiropas iest\u0101d\u0113m, un, no otras puses, t\u0101p\u0113c, ka tie preciz\u0113 rekl\u0101mas profil\u0113\u0161anas tiesisko regul\u0113jumu kontekst\u0101, kas sniedzas t\u0101l\u0101k par konkr\u0113to Meta gad\u012bjumu.<\/p>\n<!-- \/wp:paragraph -->\n\n<!-- wp:paragraph -->\n<p><strong>EDAK 6. decembr\u012b pie\u0146emtie l\u0113mumi tika pie\u0146emti Eiropas str\u012bdu iz\u0161\u0137ir\u0161anas proced\u016bras ietvaros (VDAR 65. pants).<\/strong> starp valstu datu aizsardz\u012bbas iest\u0101d\u0113m.<\/p>\n<!-- \/wp:paragraph -->\n\n<!-- wp:paragraph -->\n<p>P\u0113c tam 4. janv\u0101r\u012b tika public\u0113ta \u012arijas iest\u0101des gal\u012bg\u0101 nost\u0101ja, kas atbilst EDAK secin\u0101jumiem.<\/p>\n<!-- \/wp:paragraph -->\n\n<!-- wp:paragraph -->\n<p>K\u0101 l\u012bdere \u0161aj\u0101 jaut\u0101jum\u0101, \u012arija non\u0101ca domstarp\u012bb\u0101s ar saviem kol\u0113\u0123iem jaut\u0101jumos par vair\u0101k\u0101m datu apstr\u0101des darb\u012bb\u0101m, ko veic Facebook, WhatsApp un Instagram.<\/p>\n<!-- \/wp:paragraph -->\n\n<!-- wp:paragraph -->\n<p>EDAK pie\u0146emtie l\u0113mumi atrisina str\u012bdu tr\u012bs galvenajos punktos: apstr\u0101des juridiskais pamats (VDAR 6. pants), datu aizsardz\u012bbas principi (VDAR 5. pants) un korekt\u012bvu pas\u0101kumu, tostarp naudas sodu, izmanto\u0161ana.<\/p>\n<!-- \/wp:paragraph -->\n\n<!-- wp:paragraph -->\n<p>M\u016bs \u012bpa\u0161i interes\u0113 jaut\u0101jums par uz\u0146\u0113muma apstr\u0101des juridisko pamatu, un Meta \u2013 ar \u012arijas iest\u0101des atbalstu \u2013 apsver, ka lietot\u0101ju dati var\u0113tu tikt v\u0101kti uzved\u012bbas rekl\u0101mas (vai pakalpojumu uzlabo\u0161anas WhatsApp gad\u012bjum\u0101) nol\u016bkos, izmantojot l\u012bguma izpildes juridisko pamatu.<\/p>\n<!-- \/wp:paragraph -->\n\n<!-- wp:paragraph -->\n<p>J\u0101atz\u012bm\u0113, ka l\u012bdz GDPR st\u0101\u0161an\u0101s sp\u0113k\u0101 Meta le\u0123itimiz\u0113ja uzved\u012bbas rekl\u0101mu, ieg\u016bstot lietot\u0101ja piekri\u0161anu.<\/p>\n<!-- \/wp:paragraph -->\n\n<!-- wp:paragraph -->\n<p>Uz\u0146\u0113mums 2018. gada 25. maij\u0101 groz\u012bja savus visp\u0101r\u0113jos nosac\u012bjumus, iek\u013caujot \u0161o rekl\u0101mas m\u0113r\u0137auditorijas atlases m\u0113r\u0137i, kas tagad tiek uzskat\u012bts par neat\u0146emamu t\u0101 pied\u0101v\u0101t\u0101 pakalpojuma sast\u0101vda\u013cu un de facto ierobe\u017eo lietot\u0101ju kontroli p\u0101r savu datu izmanto\u0161anu.<\/p>\n<!-- \/wp:paragraph -->\n\n<!-- wp:paragraph -->\n<p>Uz\u0146\u0113mums apgalvoja, ka tam nav j\u0101sa\u0146em piekri\u0161ana, jo \u0161\u012b tie\u0161saistes m\u0113r\u0137auditorijas atlase ir da\u013ca no pakalpojuma, ko tas sniedz lietot\u0101jiem.<\/p>\n<!-- \/wp:paragraph -->\n\n<!-- wp:paragraph -->\n<p>Atg\u0101din\u0101sim, ka piekri\u0161ana, t\u0101pat k\u0101 datu nepiecie\u0161am\u012bba l\u012bguma izpildes kontekst\u0101, ir starp se\u0161iem VDAR 6. panta 1. punkta juridiskajiem pamatiem, kas \u013cauj pamatot apstr\u0101des likum\u012bbu.<\/p>\n<!-- \/wp:paragraph -->\n\n<!-- wp:paragraph -->\n<p>Vai \u0161ie juridiskie pamati ir savstarp\u0113ji aizvietojami?<\/p>\n<!-- \/wp:paragraph -->\n\n<!-- wp:paragraph -->\n<p>Eiropas doktr\u012bna \u0161aj\u0101 jaut\u0101jum\u0101 ir skaidra un tikko ir apstiprin\u0101ta: l\u012bgumisk\u0101 nepiecie\u0161am\u012bba ir j\u0101interpret\u0113 \u0161auri, un apkopotajiem datiem ir j\u0101b\u016bt stingri nepiecie\u0161amiem sniegtajam pakalpojumam, k\u0101 tas ir, piem\u0113ram, kred\u012btkar\u0161u datu v\u0101k\u0161anas gad\u012bjum\u0101 tie\u0161saistes maks\u0101jumiem.<\/p>\n<!-- \/wp:paragraph -->\n\n<!-- wp:paragraph -->\n<p>Sav\u0101 2019. gada 8. oktobra atzinum\u0101 par tie\u0161saistes pakalpojumiem EDAK jau pauda viedokli, ka uzved\u012bbas rekl\u0101ma nav nepiecie\u0161ams tie\u0161saistes pakalpojumu elements.<\/p>\n<!-- \/wp:paragraph -->\n\n<!-- wp:paragraph -->\n<p>Tie\u0161saistes mazumtirgot\u0101js, kas, piem\u0113ram, v\u0113las izveidot lietot\u0101ja gaumes un dz\u012bvesveida izv\u0113les profilus, pamatojoties uz apmekl\u0113jumiem t\u0101 t\u012bmek\u013ca vietn\u0113, nevar pa\u013cauties uz pirkuma l\u012bguma izpildi, lai izveidotu \u0161os profilus.<\/p>\n<!-- \/wp:paragraph -->\n\n<!-- wp:paragraph -->\n<p>Pat ja profil\u0113\u0161ana l\u012bgum\u0101 ir \u012bpa\u0161i min\u0113ta, \u0161is fakts vien nepadara to par \u201cnepiecie\u0161amu\u201d l\u012bguma izpildei.<\/p>\n<!-- \/wp:paragraph -->\n\n<!-- wp:paragraph -->\n<p>Ja tie\u0161saistes mazumtirgot\u0101js v\u0113las veikt \u0161o profil\u0113\u0161anu, tam j\u0101pa\u013caujas uz citu juridisko pamatu.<\/p>\n<!-- \/wp:paragraph -->\n\n<!-- wp:paragraph -->\n<p>\u0160o nost\u0101ju EDAK apstiprin\u0101ja sav\u0101s 2021. gada 13. apr\u012b\u013ca vadl\u012bnij\u0101s par soci\u0101lo mediju lietot\u0101ju m\u0113r\u0137auditorijas atlasi.<\/p>\n<!-- \/wp:paragraph -->\n\n<!-- wp:paragraph -->\n<p>Tom\u0113r tiek atz\u012bm\u0113ts, ka arvien vair\u0101k tie\u0161saistes pakalpojumu tiek pasniegti k\u0101 bezmaksas, lai gan paties\u012bb\u0101 par tiem tiek maks\u0101ts, izmantojot lietot\u0101ju datus, kas ir tie\u0161saistes pakalpojuma ekvivalents.<\/p>\n<!-- \/wp:paragraph -->\n\n<!-- wp:paragraph -->\n<p>Vai t\u0101p\u0113c m\u0113s varam &quot;maks\u0101t ar saviem datiem&quot;?<\/p>\n<!-- \/wp:paragraph -->\n\n<!-- wp:paragraph -->\n<p>\u0160is datu l\u012bgumiskuma jaut\u0101jums nav jauns, ta\u010du m\u016bsdien\u0101s tas rodas ar zin\u0101mu asumu.<\/p>\n<!-- \/wp:paragraph -->\n\n<!-- wp:paragraph -->\n<p>Pat ja rekl\u0101mas kalpo pakalpojuma atbalstam, apstr\u0101de tie\u0161\u0101 m\u0101rketinga nol\u016bkos princip\u0101 tiek uzskat\u012bta par at\u0161\u0137ir\u012bgu no datu subjekta un pakalpojumu sniedz\u0113ja l\u012bguma objekt\u012bv\u0101 m\u0113r\u0137a, kas noz\u012bm\u0113, ka lietot\u0101jam ir j\u0101patur br\u012bv\u012bba piekrist vai nepiekrist m\u0113r\u0137tiec\u012bgai rekl\u0101mai.<\/p>\n<!-- \/wp:paragraph -->\n\n<!-- wp:paragraph -->\n<p>2017.\u00a0gad\u0101 Eiropas Datu aizsardz\u012bbas uzraudz\u012bt\u0101js atzinum\u0101 par l\u012bgumiem digit\u0101lo pakalpojumu snieg\u0161anai br\u012bdin\u0101ja &quot;no jebk\u0101diem jauniem noteikumiem, kas ieviestu ideju, ka cilv\u0113ki var nor\u0113\u0137in\u0101ties ar saviem datiem t\u0101pat k\u0101 ar naudu&quot;.<\/p>\n<!-- \/wp:paragraph -->\n\n<!-- wp:paragraph -->\n<p>Patie\u0161\u0101m, pamatties\u012bbas, piem\u0113ram, ties\u012bbas uz personas datu aizsardz\u012bbu, nevar reduc\u0113t tikai uz pat\u0113r\u0113t\u0101ju interes\u0113m, un personas datus nevar uzskat\u012bt par vienk\u0101r\u0161u preci.<\/p>\n<!-- \/wp:paragraph -->\n\n<!-- wp:paragraph -->\n<p>Da\u017ei uzskat\u012bs, ka maks\u0101\u0161ana ar saviem datiem nenoz\u012bm\u0113 atteik\u0161anos no sav\u0101m pamatties\u012bb\u0101m.<\/p>\n<!-- \/wp:paragraph -->\n\n<!-- wp:paragraph -->\n<p>J\u0101atz\u012bm\u0113 ar\u012b CNIL neskaidr\u0101 nost\u0101ja attiec\u012bb\u0101 uz &quot;maksas sien\u0101m&quot;, kas padara piek\u013cuvi t\u012bmek\u013ca vietnei atkar\u012bgu no maksas lietot\u0101jiem, kuri atsak\u0101s no s\u012bkfailu izmanto\u0161anas, un Komisija sav\u0101 t\u012bmek\u013ca vietn\u0113 nor\u0101da, ka t\u0101 izskata \u0161os jaut\u0101jumus katr\u0101 gad\u012bjum\u0101 atsevi\u0161\u0137i.<\/p>\n<!-- \/wp:paragraph -->\n\n<!-- wp:paragraph -->\n<p>Vai t\u0101p\u0113c mums vajadz\u0113tu sagaid\u012bt, ka Meta iekas\u0113s maksu no lietot\u0101jiem, kuri atsak\u0101s no rekl\u0101mas profil\u0113\u0161anas?<\/p>\n<!-- \/wp:paragraph -->\n\n<!-- wp:paragraph -->\n<p>K\u0101 pareizi nor\u0101da NVO NOYB, kas iesniedza s\u016bdz\u012bbu pret Meta, EDAK atrisin\u0101tais str\u012bds attiecas tikai uz \u0161o profil\u0113\u0161anu un neietekm\u0113 citus rekl\u0101mas veidus, piem\u0113ram, kontekstu\u0101lo rekl\u0101mu, kas balst\u012bta uz lapas saturu.<\/p>\n<!-- \/wp:paragraph -->\n\n<!-- wp:paragraph -->\n<p>EDAK nost\u0101jai noteikti b\u016bs ietekme uz Meta finans\u0113m, ta\u010du t\u0101 piln\u012bb\u0101 neizsl\u0113dz rekl\u0101mu.<\/p>\n<!-- \/wp:paragraph -->\n\n<!-- wp:paragraph -->\n<p>Glu\u017ei pret\u0113ji, tam vajadz\u0113tu atjaunot vesel\u012bgu konkurenci starp Meta un citiem tie\u0161saistes pakalpojumu sniedz\u0113jiem, k\u0101 ar\u012b starp uz\u0146\u0113mumiem, uz kuriem attiecas \u012arijas ties\u012bbu akti, un tiem, kas dibin\u0101ti citur Eirop\u0101.<\/p>\n<!-- \/wp:paragraph -->\n\n<!-- wp:paragraph -->\n<p><strong>Un ar\u012b<\/strong><\/p>\n<!-- \/wp:paragraph -->\n\n<!-- wp:paragraph -->\n<p><strong>Francija:<\/strong><\/p>\n<!-- \/wp:paragraph -->\n\n<!-- wp:paragraph -->\n<p><strong>2022. gada 19. decembr\u012b CNIL noteica uz\u0146\u0113mumam sankcijas. <a>MICROSOFT IRELAND OPERATIONS LIMITED<\/a> l\u012bdz 60 miljonu eiro apm\u0113r\u0101 par nelikum\u012bgu s\u012bkfailu izmanto\u0161anu sav\u0101 mekl\u0113t\u0101jprogramm\u0101 \u201cbing.com\u201d.<\/strong><\/p>\n<!-- \/wp:paragraph -->\n\n<!-- wp:paragraph -->\n<p>Uz\u0146\u0113mums tiek aps\u016bdz\u0113ts par to, ka nav ieviesis meh\u0101nismu, kas \u013cautu cilv\u0113kiem tikpat viegli atteikties no s\u012bkdatn\u0113m, k\u0101 t\u0101s pie\u0146emt.<\/p>\n<!-- \/wp:paragraph -->\n\n<!-- wp:paragraph -->\n<p>CNIL pamato \u0161o summu ar apstr\u0101des apjomu, attiec\u012bgo personu skaitu un pe\u013c\u0146u, ko uz\u0146\u0113mums g\u016bst no rekl\u0101mas ie\u0146\u0113mumiem, kas netie\u0161i ieg\u016bti no s\u012bkfailu apkopotajiem datiem.<\/p>\n<!-- \/wp:paragraph -->\n\n<!-- wp:paragraph -->\n<p><strong>2022. gada 30. novembr\u012b CNIL uz\u0146\u0113mumam FREE piesprieda 300\u00a0000 eiro sodu.<\/strong><\/p>\n<!-- \/wp:paragraph -->\n\n<!-- wp:paragraph -->\n<p>P\u0101rbaud\u0113s tika atkl\u0101ti vair\u0101ki p\u0101rk\u0101pumi, jo \u012bpa\u0161i attiec\u012bb\u0101 uz attiec\u012bgo personu ties\u012bb\u0101m (piek\u013cuves ties\u012bbas un ties\u012bbas uz dz\u0113\u0161anu) un datu dro\u0161\u012bbu: Komisija izc\u0113la paro\u013cu v\u0101jo dro\u0161\u012bbu, paro\u013cu glab\u0101\u0161anu un p\u0101rs\u016bt\u012b\u0161anu skaidr\u0101 tekst\u0101, k\u0101 ar\u012b aptuveni 4100 slikti atjaunotu &quot;Freebox&quot; kast\u012b\u0161u atk\u0101rtotu apriti.<\/p>\n<!-- \/wp:paragraph -->\n\n<!-- wp:paragraph -->\n<p>T\u0101 ar\u012b noraid\u012bja argumentu, ka p\u0101rzi\u0146a personas datu avoti b\u016btu j\u0101uzskata par &quot;komercnosl\u0113pumiem&quot;.<\/p>\n<!-- \/wp:paragraph -->\n\n<!-- wp:paragraph -->\n<p><strong>2022. gada 5. decembra publik\u0101cij\u0101 CNIL atg\u0101dina noteikumus, kas j\u0101iev\u0113ro, p\u0101rdodot klientu failus komerci\u0101liem m\u0113r\u0137iem:<\/strong> fail\u0101 dr\u012bkst b\u016bt tikai akt\u012bvo klientu dati, un ne ilg\u0101k k\u0101 tr\u012bs gadus p\u0113c komercattiec\u012bbu beig\u0101m dr\u012bkst p\u0101rdot tikai to klientu datus, kuri nav iebildu\u0161i pret savu datu nos\u016bt\u012b\u0161anu vai ir devu\u0161i tam piekri\u0161anu, un pirc\u0113jam ir j\u0101nodro\u0161ina fizisko personu ties\u012bbu iev\u0113ro\u0161ana (jo \u012bpa\u0161i skaidra inform\u0101cija un piekri\u0161ana elektroniskai mekl\u0113\u0161anai).<\/p>\n<!-- \/wp:paragraph -->\n\n<!-- wp:paragraph -->\n<p><strong>CNIL beidzot pie\u0161\u0137\u012bra sankcijas \u0161\u012b gada 4. janv\u0101r\u012b. <a>APPLE STARPTAUTISK\u0100 IZPLAT\u012a\u0160ANA <\/a>l\u012bdz 8 miljoniem eiro<\/strong> par to, ka pirms rekl\u0101mas nol\u016bkos izmantojamo identifikatoru ievieto\u0161anas un\/vai ierakst\u012b\u0161anas vi\u0146u ier\u012bc\u0113s netika ieg\u016bta no Francijas iPhone lietot\u0101jiem, kuri izmanto veco iOS 14.6 versiju.<\/p>\n<!-- \/wp:paragraph -->\n\n<!-- wp:paragraph -->\n<p><strong>Eiropa:<\/strong><\/p>\n<!-- \/wp:paragraph -->\n\n<!-- wp:paragraph -->\n<p><strong>ES Padomes Zviedrijas prezident\u016bra 14. decembr\u012b public\u0113ja savas priorit\u0101tes n\u0101kamajiem se\u0161iem m\u0113ne\u0161iem: digit\u0101l\u0101s tehnolo\u0123ijas nav darba k\u0101rt\u012bbas aug\u0161gal\u0101.<\/strong>, \u0146emot v\u0113r\u0101 pa\u0161reiz\u0113j\u0101s debates par ekonomisko un ener\u0123\u0113tisko dro\u0161\u012bbu un notur\u012bbu Krievijas un Ukrainas konflikta kontekst\u0101.<\/p>\n<!-- \/wp:paragraph -->\n\n<!-- wp:paragraph -->\n<p>Tom\u0113r Zviedrija preciz\u0113, ka t\u0101 turpin\u0101s ies\u0101kto darbu saist\u012bb\u0101 ar datu regulu (&quot;Datu likums&quot;), &quot;priv\u0101tuma un elektronisk\u0101s komunik\u0101cijas&quot; regulu, k\u0101 ar\u012b priek\u0161likumu regulai par Eiropas vesel\u012bbas datu telpu.<\/p>\n<!-- \/wp:paragraph -->\n\n<!-- wp:paragraph -->\n<p><a><strong>Eiropas Komisija 2022. gada 13. decembr\u012b public\u0113ja ilgi gaid\u012bto atbilst\u012bbas l\u0113muma projektu attiec\u012bb\u0101 uz datu aizsardz\u012bbas l\u012bmeni Amerikas Savienotaj\u0101s Valst\u012bs.<\/strong><\/a><\/p>\n<!-- \/wp:paragraph -->\n\n<!-- wp:paragraph -->\n<p>\u0160\u012b l\u0113muma m\u0113r\u0137is ir nodro\u0161in\u0101t ilgsto\u0161u juridisko pamatu datu p\u0101rs\u016bt\u012b\u0161anai starp ES un ASV p\u0113c ES Tiesas 2020.\u00a0gada j\u016blija l\u0113muma \u201cSchrems II\u201d liet\u0101, ar kuru tika atz\u012bts par sp\u0113k\u0101 neeso\u0161u \u201cPriv\u0101tuma vairogs\u201d.<\/p>\n<!-- \/wp:paragraph -->\n\n<!-- wp:paragraph -->\n<p>Pirms gal\u012bg\u0101 l\u0113muma pie\u0146em\u0161anas projekts v\u0113l ir j\u0101p\u0101rskata Eiropas Datu aizsardz\u012bbas kol\u0113\u0123ij\u0101 (EDAK) un j\u0101apstiprina ES dal\u012bbvalstu p\u0101rst\u0101vju komitej\u0101.<\/p>\n<!-- \/wp:paragraph -->\n\n<!-- wp:paragraph -->\n<p>Ar\u012b Eiropas Parlamentam ir ties\u012bbas p\u0101rskat\u012bt l\u0113mumus par atbilst\u012bbu.<\/p>\n<!-- \/wp:paragraph -->\n\n<!-- wp:paragraph -->\n<p><strong>Eiropas Komisija 2022. gada 15. decembr\u012b public\u0113ja deklar\u0101ciju par digit\u0101laj\u0101m ties\u012bb\u0101m un principiem digit\u0101laj\u0101 desmitgad\u0113<\/strong>.<\/p>\n<!-- \/wp:paragraph -->\n\n<!-- wp:paragraph -->\n<p>Deklar\u0101cijas m\u0113r\u0137is ir sniegt nor\u0101d\u012bjumus politikas veidot\u0101jiem vi\u0146u digit\u0101l\u0101s transform\u0101cijas v\u012bzij\u0101 \u0161\u0101dos virzienos: uz pilso\u0146iem v\u0113rsta digit\u0101l\u0101 transform\u0101cija, atbalstot solidarit\u0101ti un iek\u013cau\u0161anu, atg\u0101dinot par izv\u0113les br\u012bv\u012bbas noz\u012bmi mijiedarb\u012bb\u0101 ar algoritmiem un m\u0101ksl\u012bg\u0101 intelekta sist\u0113m\u0101m, k\u0101 ar\u012b palielinot dro\u0161\u012bbu, aizsardz\u012bbu un iesp\u0113ju papla\u0161in\u0101\u0161anu, jo \u012bpa\u0161i b\u0113rniem un jaunie\u0161iem, vienlaikus garant\u0113jot ties\u012bbas uz priv\u0101tumu un personu kontroli p\u0101r saviem datiem.<\/p>\n<!-- \/wp:paragraph -->\n\n<!-- wp:paragraph -->\n<p><strong>P\u0113c gadu ilgas izmekl\u0113\u0161anas ES ombuds ir public\u0113jis savu 2022. gada 19. decembra l\u0113mumu par \u012arijas Pilso\u0146u br\u012bv\u012bbu padomes (ICCL) s\u016bdz\u012bbu pret Eiropas Komisiju par nesp\u0113ju pien\u0101c\u012bgi uzraudz\u012bt GDPR piem\u0113ro\u0161anu \u012arij\u0101.<\/strong><\/p>\n<!-- \/wp:paragraph -->\n\n<!-- wp:paragraph -->\n<p>\u0160is l\u0113mums uzsver nepiecie\u0161am\u012bbu Eiropas Komisijai lab\u0101k uzraudz\u012bt katras lielo tehnolo\u0123iju uz\u0146\u0113mumu lietas virz\u012bbu, kas iesniegta \u012arijas Datu aizsardz\u012bbas komisij\u0101.<\/p>\n<!-- \/wp:paragraph -->\n\n<!-- wp:paragraph -->\n<p><strong>Eiropas Savien\u012bbas Tiesa 8.\u00a0decembra spriedum\u0101 preciz\u0113ja nosac\u012bjumus, saska\u0146\u0101 ar kuriem Eiropas pilso\u0146i var pan\u0101kt, lai Google dz\u0113stu ar vi\u0146iem saist\u012btus mekl\u0113\u0161anas rezult\u0101tus.<\/strong><\/p>\n<!-- \/wp:paragraph -->\n\n<!-- wp:paragraph -->\n<p>Lieta bija saist\u012bta ar diviem invest\u012bciju p\u0101rvaldniekiem, kuri l\u016bdza Google no\u0146emt mekl\u0113\u0161anas rezult\u0101tus, kas tika veikti, izmantojot vi\u0146u v\u0101rdus, un kuros bija saites uz noteiktiem rakstiem, kuros tika kritiz\u0113ts vi\u0146u invest\u012bciju modelis.<\/p>\n<!-- \/wp:paragraph -->\n\n<!-- wp:paragraph -->\n<p>Tiesa l\u0113ma, ka &quot;ties\u012bbas uz v\u0101rda un inform\u0101cijas br\u012bv\u012bbu nevar \u0146emt v\u0113r\u0101, ja vismaz da\u013ca \u2014 kas nav mazsvar\u012bga \u2014 no atsauces satur\u0101 atrodam\u0101s inform\u0101cijas izr\u0101d\u0101s neprec\u012bza.&quot; Person\u0101m, kuras v\u0113las no\u0146emt neprec\u012bzus rezult\u0101tus no mekl\u0113t\u0101jprogramm\u0101m, ir j\u0101sniedz pietiekami (un pamatoti) pier\u0101d\u012bjumi, ka par vi\u0146\u0101m teiktais ir nepatiess.<\/p>\n<!-- \/wp:paragraph -->\n\n<!-- wp:paragraph -->\n<p><strong>N\u012bderlandes Datu aizsardz\u012bbas iest\u0101de 22. decembr\u012b public\u0113ja pazi\u0146ojumu par sav\u0101m pilnvar\u0101m uzraudz\u012bt algoritmus p\u0101rredzam\u012bbas, diskrimin\u0101cijas un patva\u013c\u012bbas jaut\u0101jumos.<\/strong><\/p>\n<!-- \/wp:paragraph -->\n\n<!-- wp:paragraph -->\n<p><strong>Ar\u012b N\u012bderland\u0113 p\u0113t\u012bjums, ko veica N\u012bderlandes priv\u0101tuma grupa Incogni, atkl\u0101j, ka<\/strong> ka daudz\u0101m popul\u0101r\u0101m iepirk\u0161an\u0101s lietotn\u0113m, tostarp Amazon, ir ap\u0161aub\u0101ma prakse attiec\u012bb\u0101 uz piek\u013cuves at\u013cauju koplieto\u0161anu ar rekl\u0101mas bibliot\u0113k\u0101m, kas \u013cauj rekl\u0101mas t\u012bkliem netie\u0161i piek\u013c\u016bt ier\u012bcei.&nbsp;<\/p>\n<!-- \/wp:paragraph -->\n\n<!-- wp:paragraph -->\n<p><strong>Grie\u0137ijas iest\u0101de <\/strong>Datu aizsardz\u012bbas iest\u0101de ir piem\u0113rojusi Vodafone PANAFON SA 150\u00a0000 eiro sodu par to, ka t\u0101 nav veikusi atbilsto\u0161us tehniskus un organizatoriskus pas\u0101kumus savu elektronisko sakaru pakalpojumu dro\u0161\u012bbas aizsardz\u012bbai.<\/p>\n<!-- \/wp:paragraph -->\n\n<!-- wp:paragraph -->\n<p><strong>Islandes iest\u0101de<\/strong> Datu aizsardz\u012bbas iest\u0101de lika autoservisam izpild\u012bt piek\u013cuves piepras\u012bjumu saska\u0146\u0101 ar VDAR 15. pantu un sniegt datu subjektam datus par visiem remontdarbiem un apkop\u0113m, kas veiktas vi\u0146a automa\u0161\u012bnai laik\u0101, kad t\u0101 atrad\u0101s vi\u0146a \u012bpa\u0161um\u0101.<\/p>\n<!-- \/wp:paragraph -->\n\n<!-- wp:paragraph -->\n<p><strong>Portug\u0101les iest\u0101de<\/strong> Datu aizsardz\u012bbas iest\u0101de ir izteikusi Setubalas pa\u0161vald\u012bbai r\u0101jienu un sod\u012bjusi to ar 170\u00a0000 eiro lielu naudas sodu par integrit\u0101tes un konfidencialit\u0101tes principa, glab\u0101\u0161anas ierobe\u017eojuma principa, GDPR 13.\u00a0pant\u0101 paredz\u0113to inform\u0101cijas snieg\u0161anas pien\u0101kumu p\u0101rk\u0101p\u0161anu un datu aizsardz\u012bbas speci\u0101lista neiecel\u0161anu saist\u012bb\u0101 ar Ukrainas b\u0113g\u013cu, kuri Portug\u0101l\u0113 izmantoja t\u0101lru\u0146a pal\u012bdz\u012bbas l\u012bniju, personas datu v\u0101k\u0161anu.<\/p>\n<!-- \/wp:paragraph -->\n\n<!-- wp:paragraph -->\n<p>Portug\u0101les Datu aizsardz\u012bbas iest\u0101de ar\u012b sod\u012bja Nacion\u0101lo statistikas instit\u016btu par neatbilst\u012bbu GDPR, tostarp par 2021. gada tautas skait\u012b\u0161anas personas datu nos\u016bt\u012b\u0161anu uz Amerikas Savienotaj\u0101m Valst\u012bm un par datu aizsardz\u012bbas ietekmes nov\u0113rt\u0113juma neveik\u0161anu.<\/p>\n<!-- \/wp:paragraph -->\n\n<!-- wp:paragraph -->\n<p><strong>It\u0101lijas iest\u0101de<\/strong> Datu aizsardz\u012bbas iest\u0101de ir piem\u0113rojusi 2\u00a0000\u00a0000 eiro sodu uz\u0146\u0113mumam \u201cAlpha Exploration\u201d par soci\u0101l\u0101 t\u012bkla \u201cClubhouse\u201d darb\u012bbu, p\u0101rk\u0101pjot GDPR noteikumus par likum\u012bbu un p\u0101rredzam\u012bbu, par to, ka tas nav nov\u0113rt\u0113jis ar apstr\u0101di saist\u012btos riskus, un par ES p\u0101rst\u0101vja iecel\u0161anu bez nepiecie\u0161am\u0101 mand\u0101ta r\u012bkoties p\u0101rzi\u0146a v\u0101rd\u0101.<\/p>\n<!-- \/wp:paragraph -->\n\n<!-- wp:paragraph -->\n<p>It\u0101lijas datu aizsardz\u012bbas iest\u0101de ar\u012b piesprieda telekomunik\u0101ciju operatoram \u201cVodafone Italia\u201d 500\u00a0000 eiro sodu par personas datu apstr\u0101di tie\u0161\u0101 m\u0101rketinga nol\u016bkos bez juridiska pamata, par visp\u0101r\u0113jas piekri\u0161anas ieg\u016b\u0161anu atsevi\u0161\u0137\u0101m datu apstr\u0101des darb\u012bb\u0101m un par inform\u0101cijas snieg\u0161anu par personas datu apstr\u0101di nesaprotam\u0101 veid\u0101.<\/p>\n<!-- \/wp:paragraph -->\n\n<!-- wp:paragraph -->\n<p><strong>Sp\u0101nijas iest\u0101de<\/strong> Datu aizsardz\u012bbas iest\u0101de piesprieda 16 gadus vecam pusaudzim 5000 eiro naudas sodu par WhatsApp sa\u0146emto video un fotoatt\u0113lu izmanto\u0161anu, lai \u0161anta\u017e\u0113tu 13 gadus vecu nepilngad\u012bgo, kur\u0161 nevar\u0113ja sniegt der\u012bgu piekri\u0161anu. Datu aizsardz\u012bbas iest\u0101de ar\u012b lika pusaudzim dz\u0113st visus p\u0101r\u0113jos attiec\u012bg\u0101s personas personas datus un zi\u0146ot par \u0161aj\u0101 sakar\u0101 veiktajiem pas\u0101kumiem.&nbsp;<\/p>\n<!-- \/wp:paragraph -->\n\n<!-- wp:paragraph -->\n<p><strong>Starptautisk\u0101<\/strong><\/p>\n<!-- \/wp:paragraph -->\n\n<!-- wp:paragraph -->\n<p><strong>ASV: <a>Videosp\u0113les Fortnite izstr\u0101d\u0101t\u0101jam Epic Games b\u016bs j\u0101maks\u0101 vair\u0101k nek\u0101 pusmiljards dol\u0101ru<\/a><\/strong> par B\u0113rnu priv\u0101tuma aizsardz\u012bbas likuma (COPPA) p\u0101rk\u0101p\u0161anu, noklus\u0113juma priv\u0101tuma iestat\u012bjumu mai\u0146u un lietot\u0101ju maldin\u0101\u0161anu, lai tie veiktu nev\u0113lamus pirkumus.<\/p>\n<!-- \/wp:paragraph -->\n\n<!-- wp:paragraph -->\n<p>Feder\u0101l\u0101s tirdzniec\u012bbas komisijas izl\u012bgumus ar Epic Games FTC publiskoja 15. decembr\u012b.<\/p>\n<!-- \/wp:paragraph -->\n\n<!-- wp:paragraph -->\n<p>29. decembra publik\u0101cij\u0101 <strong>Laikraksts &quot;The Guardian&quot; zi\u0146o, ka \u0136\u012bnas nov\u0113ro\u0161anas kameru ra\u017eot\u0101js &quot;Hikvision&quot; ir izstr\u0101d\u0101jis programmat\u016bras platformu policijas atbalstam.<\/strong> sekot l\u012bdzi protest\u0113t\u0101ju aktivit\u0101t\u0113m.<\/p>\n<!-- \/wp:paragraph -->\n\n<!-- wp:paragraph -->\n<p>T\u0101d\u0113j\u0101di \u0136\u012bnas policija var\u0113tu iestat\u012bt br\u012bdin\u0101jumus par da\u017e\u0101da veida demonstr\u0101cij\u0101m, piem\u0113ram, &quot;p\u016b\u013ca pulc\u0113\u0161anos, kas trauc\u0113 k\u0101rt\u012bbu sabiedrisk\u0101s viet\u0101s&quot;, &quot;nelikum\u012bgu pulc\u0113\u0161anos, g\u0101jienu, demonstr\u0101ciju&quot; un &quot;pet\u012bciju&quot; draudiem.<\/p>\n<!-- \/wp:paragraph -->\n\n<!-- wp:paragraph -->\n<p><strong>ESAO valstis pirmo starpvald\u012bbu nol\u012bgumu par priv\u0101tumu pie\u0146\u0113ma 2022. gada 14. decembr\u012b.<\/strong> piek\u013c\u016bstot personas datiem valsts dro\u0161\u012bbas un ties\u012bbaizsardz\u012bbas nol\u016bkos.<\/p>\n<!-- \/wp:paragraph -->\n\n<!-- wp:paragraph -->\n<p>\u0160ie principi nosaka, k\u0101 tiesiskais regul\u0113jums regul\u0113 vald\u012bbas piek\u013cuvi, juridiskos standartus, kas tiek piem\u0113roti, pieprasot piek\u013cuvi, k\u0101 piek\u013cuve tiek apstiprin\u0101ta un k\u0101 tiek apstr\u0101d\u0101ti ieg\u016btie dati, k\u0101 ar\u012b centienus nodro\u0161in\u0101t p\u0101rredzam\u012bbu sabiedr\u012bbai.<\/p>\n<!-- \/wp:paragraph -->\n\n<!-- wp:paragraph -->\n<p>No <strong>tehniskie risin\u0101jumi<\/strong> tiek izstr\u0101d\u0101ti, lai gan lietot\u0101ji var\u0113tu kontrol\u0113t savu datu izmanto\u0161anu, gan datu p\u0101rzi\u0146i var\u0113tu p\u0101rvald\u012bt tie\u0161saistes datus saska\u0146\u0101 ar datu aizsardz\u012bbas principiem.<\/p>\n<!-- \/wp:paragraph -->\n\n<!-- wp:paragraph -->\n<p>Papildus glob\u0101lajai priv\u0101tuma kontrolei (Global Privacy Control), kuras izmanto\u0161ana tagad papla\u0161in\u0101s tie\u0161saistes piekri\u0161anas p\u0101rvald\u012bbas kontekst\u0101, CookieFirst piekri\u0161anas p\u0101rvald\u012bbas platforma pied\u0101v\u0101 lietot\u0101jiem uzlabotu kontroli p\u0101r tre\u0161o pu\u0161u pakalpojumiem un to iestat\u012btaj\u0101m s\u012bkdatn\u0113m, k\u0101 ar\u012b datu glab\u0101\u0161anai izmanto ES b\u0101z\u0113tus apak\u0161uz\u0146\u0113m\u0113jus.<\/p>\n<!-- \/wp:paragraph -->\n\n<!-- wp:paragraph -->\n<p>Anna Krist\u012bna Lakoste<\/p>\n<!-- \/wp:paragraph -->\n\n<!-- wp:paragraph -->\n<p><em>Olivier Weber Avocat partnere Anna Krist\u012bne Lakosta ir juriste, kas specializ\u0113jas datu ties\u012bb\u0101s; vi\u0146a bija Eiropas Datu aizsardz\u012bbas uzraudz\u012bt\u0101ja starptautisko attiec\u012bbu vad\u012bt\u0101ja un str\u0101d\u0101ja pie GDPR ievie\u0161anas Eiropas Savien\u012bb\u0101.<\/em><\/p>\n<!-- \/wp:paragraph -->\t\t\t\t\t\t<\/div>\n\t\t\t\t<\/div>\n\t\t\t\t\t<\/div>\n\t\t<\/div>\n\t\t\t\t\t<\/div>\n\t\t<\/section>\n\t\t\t\t<section class=\"elementor-section elementor-top-section elementor-element elementor-element-6eb136a ot-traditional elementor-section-boxed elementor-section-height-default elementor-section-height-default\" data-id=\"6eb136a\" data-element_type=\"section\">\n\t\t\t\t\t\t<div class=\"elementor-container elementor-column-gap-default\">\n\t\t\t\t\t<div class=\"elementor-column elementor-col-100 elementor-top-column elementor-element elementor-element-ec4eff4 ot-flex-column-vertical\" data-id=\"ec4eff4\" data-element_type=\"column\">\n\t\t\t<div class=\"elementor-widget-wrap elementor-element-populated\">\n\t\t\t\t\t\t<div class=\"elementor-element elementor-element-f2f66ce elementor-align-center elementor-widget elementor-widget-button\" data-id=\"f2f66ce\" data-element_type=\"widget\" data-widget_type=\"button.default\">\n\t\t\t\t<div class=\"elementor-widget-container\">\n\t\t\t\t\t<div class=\"elementor-button-wrapper\">\n\t\t\t<a class=\"elementor-button elementor-button-link elementor-size-lg\" href=\"https:\/\/app.viqtor.eu\/\">\n\t\t\t\t\t\t<span class=\"elementor-button-content-wrapper\">\n\t\t\t\t\t\t<span class=\"elementor-button-icon\">\n\t\t\t\t<i aria-hidden=\"true\" class=\"fas fa-long-arrow-alt-right\"><\/i>\t\t\t<\/span>\n\t\t\t\t\t\t\t\t\t<span class=\"elementor-button-text\">Atkl\u0101jiet Viqtor\u00ae<\/span>\n\t\t\t\t\t<\/span>\n\t\t\t\t\t<\/a>\n\t\t<\/div>\n\t\t\t\t<\/div>\n\t\t\t\t<\/div>\n\t\t\t\t\t<\/div>\n\t\t<\/div>\n\t\t\t\t\t<\/div>\n\t\t<\/section>\n\t\t\t\t<\/div>","protected":false},"excerpt":{"rendered":"<p>Personas dati: vai par pamatties\u012bbu izmanto\u0161anu var kaul\u0113ties? Legal Watch Nr.\u00a054\u00a0\u2013 2022.\u00a0gada decembris Personas dati: vai par pamatties\u012bbu izmanto\u0161anu var kaul\u0113ties? Koment\u0113t tiesved\u012bbu pret Meta, Facebook, WhatsApp un Instagram m\u0101tesuz\u0146\u0113mumu, var\u0113tu k\u013c\u016bt nogurdino\u0161i, jo tas izraisa datu aizsardz\u012bbas iest\u0101\u017eu dusmas. [\u2026]<\/p>","protected":false},"author":1,"featured_media":5645,"comment_status":"closed","ping_status":"open","sticky":false,"template":"elementor_header_footer","format":"standard","meta":{"_acf_changed":false,"footnotes":""},"categories":[35],"tags":[],"class_list":["post-5505","post","type-post","status-publish","format-standard","has-post-thumbnail","hentry","category-veille-juridique"],"acf":[],"yoast_head":"<!-- This site is optimized with the Yoast SEO plugin v23.6 - https:\/\/yoast.com\/wordpress\/plugins\/seo\/ -->\n<title>Donn\u00e9es \u00e0 caract\u00e8re personnel\u00a0: peut-on marchander l\u2019usage d\u2019un droit fondamental\u00a0? - Viqtor<\/title>\n<meta name=\"description\" content=\"Donn\u00e9es \u00e0 caract\u00e8re personnel\u00a0: peut-on marchander l\u2019usage d\u2019un droit fondamental\u00a0? Veille juridique - Viqtor\" \/>\n<meta name=\"robots\" content=\"index, follow, max-snippet:-1, max-image-preview:large, max-video-preview:-1\" \/>\n<link rel=\"canonical\" href=\"https:\/\/viqtor.eu\/lv\/donnees-a-caractere-personnel\/\" \/>\n<meta property=\"og:locale\" content=\"lv_LV\" \/>\n<meta property=\"og:type\" content=\"article\" \/>\n<meta property=\"og:title\" content=\"Donn\u00e9es \u00e0 caract\u00e8re personnel\u00a0: peut-on marchander l\u2019usage d\u2019un droit fondamental\u00a0? - Viqtor\" \/>\n<meta property=\"og:description\" content=\"Donn\u00e9es \u00e0 caract\u00e8re personnel\u00a0: peut-on marchander l\u2019usage d\u2019un droit fondamental\u00a0? Veille juridique - Viqtor\" \/>\n<meta property=\"og:url\" content=\"https:\/\/viqtor.eu\/lv\/donnees-a-caractere-personnel\/\" \/>\n<meta property=\"og:site_name\" content=\"Viqtor\" \/>\n<meta property=\"article:published_time\" content=\"2023-04-19T13:36:30+00:00\" \/>\n<meta property=\"article:modified_time\" content=\"2024-08-05T14:57:02+00:00\" \/>\n<meta property=\"og:image\" content=\"https:\/\/viqtor.eu\/wp-content\/uploads\/2026\/04\/widget-viqtor.png\" \/>\n\t<meta property=\"og:image:width\" content=\"500\" \/>\n\t<meta property=\"og:image:height\" content=\"334\" \/>\n\t<meta property=\"og:image:type\" content=\"image\/jpeg\" \/>\n<meta name=\"author\" content=\"Bruno\" \/>\n<meta name=\"twitter:card\" content=\"summary_large_image\" \/>\n<meta name=\"twitter:label1\" content=\"Written by\" \/>\n\t<meta name=\"twitter:data1\" content=\"Bruno\" \/>\n\t<meta name=\"twitter:label2\" content=\"Est. reading time\" \/>\n\t<meta name=\"twitter:data2\" content=\"15 min\u016b\u0161u\" \/>\n<script type=\"application\/ld+json\" class=\"yoast-schema-graph\">{\"@context\":\"https:\/\/schema.org\",\"@graph\":[{\"@type\":\"Article\",\"@id\":\"https:\/\/viqtor.eu\/donnees-a-caractere-personnel\/#article\",\"isPartOf\":{\"@id\":\"https:\/\/viqtor.eu\/donnees-a-caractere-personnel\/\"},\"author\":{\"name\":\"Bruno\",\"@id\":\"https:\/\/viqtor.eu\/#\/schema\/person\/3dbd9cc82a28f6cf1695c92eda0099ad\"},\"headline\":\"Donn\u00e9es \u00e0 caract\u00e8re personnel\u00a0: peut-on marchander l\u2019usage d\u2019un droit fondamental\u00a0?\",\"datePublished\":\"2023-04-19T13:36:30+00:00\",\"dateModified\":\"2024-08-05T14:57:02+00:00\",\"mainEntityOfPage\":{\"@id\":\"https:\/\/viqtor.eu\/donnees-a-caractere-personnel\/\"},\"wordCount\":3221,\"publisher\":{\"@id\":\"https:\/\/viqtor.eu\/#organization\"},\"image\":{\"@id\":\"https:\/\/viqtor.eu\/donnees-a-caractere-personnel\/#primaryimage\"},\"thumbnailUrl\":\"https:\/\/viqtor.eu\/wp-content\/uploads\/2023\/04\/shutterstock_2209159749.jpg\",\"articleSection\":[\"Veille juridique\"],\"inLanguage\":\"lv-LV\"},{\"@type\":\"WebPage\",\"@id\":\"https:\/\/viqtor.eu\/donnees-a-caractere-personnel\/\",\"url\":\"https:\/\/viqtor.eu\/donnees-a-caractere-personnel\/\",\"name\":\"Donn\u00e9es \u00e0 caract\u00e8re personnel\u00a0: peut-on marchander l\u2019usage d\u2019un droit fondamental\u00a0? - Viqtor\",\"isPartOf\":{\"@id\":\"https:\/\/viqtor.eu\/#website\"},\"primaryImageOfPage\":{\"@id\":\"https:\/\/viqtor.eu\/donnees-a-caractere-personnel\/#primaryimage\"},\"image\":{\"@id\":\"https:\/\/viqtor.eu\/donnees-a-caractere-personnel\/#primaryimage\"},\"thumbnailUrl\":\"https:\/\/viqtor.eu\/wp-content\/uploads\/2023\/04\/shutterstock_2209159749.jpg\",\"datePublished\":\"2023-04-19T13:36:30+00:00\",\"dateModified\":\"2024-08-05T14:57:02+00:00\",\"description\":\"Donn\u00e9es \u00e0 caract\u00e8re personnel\u00a0: peut-on marchander l\u2019usage d\u2019un droit fondamental\u00a0? Veille juridique - Viqtor\",\"breadcrumb\":{\"@id\":\"https:\/\/viqtor.eu\/donnees-a-caractere-personnel\/#breadcrumb\"},\"inLanguage\":\"lv-LV\",\"potentialAction\":[{\"@type\":\"ReadAction\",\"target\":[\"https:\/\/viqtor.eu\/donnees-a-caractere-personnel\/\"]}]},{\"@type\":\"ImageObject\",\"inLanguage\":\"lv-LV\",\"@id\":\"https:\/\/viqtor.eu\/donnees-a-caractere-personnel\/#primaryimage\",\"url\":\"https:\/\/viqtor.eu\/wp-content\/uploads\/2023\/04\/shutterstock_2209159749.jpg\",\"contentUrl\":\"https:\/\/viqtor.eu\/wp-content\/uploads\/2023\/04\/shutterstock_2209159749.jpg\",\"width\":500,\"height\":334},{\"@type\":\"BreadcrumbList\",\"@id\":\"https:\/\/viqtor.eu\/donnees-a-caractere-personnel\/#breadcrumb\",\"itemListElement\":[{\"@type\":\"ListItem\",\"position\":1,\"name\":\"Accueil\",\"item\":\"https:\/\/viqtor.eu\/\"},{\"@type\":\"ListItem\",\"position\":2,\"name\":\"Donn\u00e9es \u00e0 caract\u00e8re personnel\u00a0: peut-on marchander l\u2019usage d\u2019un droit fondamental\u00a0?\"}]},{\"@type\":\"WebSite\",\"@id\":\"https:\/\/viqtor.eu\/#website\",\"url\":\"https:\/\/viqtor.eu\/\",\"name\":\"Viqtor\",\"description\":\"Faites du RGPD une opportunit\u00e9 pour votre entreprise.\",\"publisher\":{\"@id\":\"https:\/\/viqtor.eu\/#organization\"},\"potentialAction\":[{\"@type\":\"SearchAction\",\"target\":{\"@type\":\"EntryPoint\",\"urlTemplate\":\"https:\/\/viqtor.eu\/?s={search_term_string}\"},\"query-input\":{\"@type\":\"PropertyValueSpecification\",\"valueRequired\":true,\"valueName\":\"search_term_string\"}}],\"inLanguage\":\"lv-LV\"},{\"@type\":\"Organization\",\"@id\":\"https:\/\/viqtor.eu\/#organization\",\"name\":\"viqtor.eu\",\"url\":\"https:\/\/viqtor.eu\/\",\"logo\":{\"@type\":\"ImageObject\",\"inLanguage\":\"lv-LV\",\"@id\":\"https:\/\/viqtor.eu\/#\/schema\/logo\/image\/\",\"url\":\"https:\/\/viqtor.eu\/wp-content\/uploads\/2023\/06\/favicon-noir.svg\",\"contentUrl\":\"https:\/\/viqtor.eu\/wp-content\/uploads\/2023\/06\/favicon-noir.svg\",\"width\":108,\"height\":86,\"caption\":\"viqtor.eu\"},\"image\":{\"@id\":\"https:\/\/viqtor.eu\/#\/schema\/logo\/image\/\"}},{\"@type\":\"Person\",\"@id\":\"https:\/\/viqtor.eu\/#\/schema\/person\/3dbd9cc82a28f6cf1695c92eda0099ad\",\"name\":\"Bruno\",\"image\":{\"@type\":\"ImageObject\",\"inLanguage\":\"lv-LV\",\"@id\":\"https:\/\/viqtor.eu\/#\/schema\/person\/image\/\",\"url\":\"https:\/\/secure.gravatar.com\/avatar\/e5a596f9489de15bfe046e97fb771f63589b601ca7e81ccc2bb9a23582f441a3?s=96&d=mm&r=g\",\"contentUrl\":\"https:\/\/secure.gravatar.com\/avatar\/e5a596f9489de15bfe046e97fb771f63589b601ca7e81ccc2bb9a23582f441a3?s=96&d=mm&r=g\",\"caption\":\"Bruno\"},\"sameAs\":[\"https:\/\/exciting-panini.13-37-234-21.plesk.page\"],\"url\":\"https:\/\/viqtor.eu\/lv\/author\/mouad_zxum2ebi\/\"}]}<\/script>\n<!-- \/ Yoast SEO plugin. -->","yoast_head_json":{"title":"Donn\u00e9es \u00e0 caract\u00e8re personnel\u00a0: peut-on marchander l\u2019usage d\u2019un droit fondamental\u00a0? - Viqtor","description":"Donn\u00e9es \u00e0 caract\u00e8re personnel\u00a0: peut-on marchander l\u2019usage d\u2019un droit fondamental\u00a0? Veille juridique - Viqtor","robots":{"index":"index","follow":"follow","max-snippet":"max-snippet:-1","max-image-preview":"max-image-preview:large","max-video-preview":"max-video-preview:-1"},"canonical":"https:\/\/viqtor.eu\/lv\/donnees-a-caractere-personnel\/","og_locale":"lv_LV","og_type":"article","og_title":"Donn\u00e9es \u00e0 caract\u00e8re personnel\u00a0: peut-on marchander l\u2019usage d\u2019un droit fondamental\u00a0? - Viqtor","og_description":"Donn\u00e9es \u00e0 caract\u00e8re personnel\u00a0: peut-on marchander l\u2019usage d\u2019un droit fondamental\u00a0? Veille juridique - Viqtor","og_url":"https:\/\/viqtor.eu\/lv\/donnees-a-caractere-personnel\/","og_site_name":"Viqtor","article_published_time":"2023-04-19T13:36:30+00:00","article_modified_time":"2024-08-05T14:57:02+00:00","og_image":[{"width":500,"height":334,"url":"https:\/\/viqtor.eu\/wp-content\/uploads\/2026\/04\/widget-viqtor.png","type":"image\/jpeg"}],"author":"Bruno","twitter_card":"summary_large_image","twitter_misc":{"Written by":"Bruno","Est. reading time":"15 min\u016b\u0161u"},"schema":{"@context":"https:\/\/schema.org","@graph":[{"@type":"Article","@id":"https:\/\/viqtor.eu\/donnees-a-caractere-personnel\/#article","isPartOf":{"@id":"https:\/\/viqtor.eu\/donnees-a-caractere-personnel\/"},"author":{"name":"Bruno","@id":"https:\/\/viqtor.eu\/#\/schema\/person\/3dbd9cc82a28f6cf1695c92eda0099ad"},"headline":"Donn\u00e9es \u00e0 caract\u00e8re personnel\u00a0: peut-on marchander l\u2019usage d\u2019un droit fondamental\u00a0?","datePublished":"2023-04-19T13:36:30+00:00","dateModified":"2024-08-05T14:57:02+00:00","mainEntityOfPage":{"@id":"https:\/\/viqtor.eu\/donnees-a-caractere-personnel\/"},"wordCount":3221,"publisher":{"@id":"https:\/\/viqtor.eu\/#organization"},"image":{"@id":"https:\/\/viqtor.eu\/donnees-a-caractere-personnel\/#primaryimage"},"thumbnailUrl":"https:\/\/viqtor.eu\/wp-content\/uploads\/2023\/04\/shutterstock_2209159749.jpg","articleSection":["Veille juridique"],"inLanguage":"lv-LV"},{"@type":"WebPage","@id":"https:\/\/viqtor.eu\/donnees-a-caractere-personnel\/","url":"https:\/\/viqtor.eu\/donnees-a-caractere-personnel\/","name":"Donn\u00e9es \u00e0 caract\u00e8re personnel\u00a0: peut-on marchander l\u2019usage d\u2019un droit fondamental\u00a0? - Viqtor","isPartOf":{"@id":"https:\/\/viqtor.eu\/#website"},"primaryImageOfPage":{"@id":"https:\/\/viqtor.eu\/donnees-a-caractere-personnel\/#primaryimage"},"image":{"@id":"https:\/\/viqtor.eu\/donnees-a-caractere-personnel\/#primaryimage"},"thumbnailUrl":"https:\/\/viqtor.eu\/wp-content\/uploads\/2023\/04\/shutterstock_2209159749.jpg","datePublished":"2023-04-19T13:36:30+00:00","dateModified":"2024-08-05T14:57:02+00:00","description":"Donn\u00e9es \u00e0 caract\u00e8re personnel\u00a0: peut-on marchander l\u2019usage d\u2019un droit fondamental\u00a0? Veille juridique - Viqtor","breadcrumb":{"@id":"https:\/\/viqtor.eu\/donnees-a-caractere-personnel\/#breadcrumb"},"inLanguage":"lv-LV","potentialAction":[{"@type":"ReadAction","target":["https:\/\/viqtor.eu\/donnees-a-caractere-personnel\/"]}]},{"@type":"ImageObject","inLanguage":"lv-LV","@id":"https:\/\/viqtor.eu\/donnees-a-caractere-personnel\/#primaryimage","url":"https:\/\/viqtor.eu\/wp-content\/uploads\/2023\/04\/shutterstock_2209159749.jpg","contentUrl":"https:\/\/viqtor.eu\/wp-content\/uploads\/2023\/04\/shutterstock_2209159749.jpg","width":500,"height":334},{"@type":"BreadcrumbList","@id":"https:\/\/viqtor.eu\/donnees-a-caractere-personnel\/#breadcrumb","itemListElement":[{"@type":"ListItem","position":1,"name":"Accueil","item":"https:\/\/viqtor.eu\/"},{"@type":"ListItem","position":2,"name":"Donn\u00e9es \u00e0 caract\u00e8re personnel\u00a0: peut-on marchander l\u2019usage d\u2019un droit fondamental\u00a0?"}]},{"@type":"WebSite","@id":"https:\/\/viqtor.eu\/#website","url":"https:\/\/viqtor.eu\/","name":"Viqtor","description":"Faites du RGPD une opportunit\u00e9 pour votre entreprise.","publisher":{"@id":"https:\/\/viqtor.eu\/#organization"},"potentialAction":[{"@type":"SearchAction","target":{"@type":"EntryPoint","urlTemplate":"https:\/\/viqtor.eu\/?s={search_term_string}"},"query-input":{"@type":"PropertyValueSpecification","valueRequired":true,"valueName":"search_term_string"}}],"inLanguage":"lv-LV"},{"@type":"Organization","@id":"https:\/\/viqtor.eu\/#organization","name":"viqtor.eu","url":"https:\/\/viqtor.eu\/","logo":{"@type":"ImageObject","inLanguage":"lv-LV","@id":"https:\/\/viqtor.eu\/#\/schema\/logo\/image\/","url":"https:\/\/viqtor.eu\/wp-content\/uploads\/2023\/06\/favicon-noir.svg","contentUrl":"https:\/\/viqtor.eu\/wp-content\/uploads\/2023\/06\/favicon-noir.svg","width":108,"height":86,"caption":"viqtor.eu"},"image":{"@id":"https:\/\/viqtor.eu\/#\/schema\/logo\/image\/"}},{"@type":"Person","@id":"https:\/\/viqtor.eu\/#\/schema\/person\/3dbd9cc82a28f6cf1695c92eda0099ad","name":"Bruno","image":{"@type":"ImageObject","inLanguage":"lv-LV","@id":"https:\/\/viqtor.eu\/#\/schema\/person\/image\/","url":"https:\/\/secure.gravatar.com\/avatar\/e5a596f9489de15bfe046e97fb771f63589b601ca7e81ccc2bb9a23582f441a3?s=96&d=mm&r=g","contentUrl":"https:\/\/secure.gravatar.com\/avatar\/e5a596f9489de15bfe046e97fb771f63589b601ca7e81ccc2bb9a23582f441a3?s=96&d=mm&r=g","caption":"Bruno"},"sameAs":["https:\/\/exciting-panini.13-37-234-21.plesk.page"],"url":"https:\/\/viqtor.eu\/lv\/author\/mouad_zxum2ebi\/"}]}},"_links":{"self":[{"href":"https:\/\/viqtor.eu\/lv\/wp-json\/wp\/v2\/posts\/5505","targetHints":{"allow":["GET"]}}],"collection":[{"href":"https:\/\/viqtor.eu\/lv\/wp-json\/wp\/v2\/posts"}],"about":[{"href":"https:\/\/viqtor.eu\/lv\/wp-json\/wp\/v2\/types\/post"}],"author":[{"embeddable":true,"href":"https:\/\/viqtor.eu\/lv\/wp-json\/wp\/v2\/users\/1"}],"replies":[{"embeddable":true,"href":"https:\/\/viqtor.eu\/lv\/wp-json\/wp\/v2\/comments?post=5505"}],"version-history":[{"count":9,"href":"https:\/\/viqtor.eu\/lv\/wp-json\/wp\/v2\/posts\/5505\/revisions"}],"predecessor-version":[{"id":12061,"href":"https:\/\/viqtor.eu\/lv\/wp-json\/wp\/v2\/posts\/5505\/revisions\/12061"}],"wp:featuredmedia":[{"embeddable":true,"href":"https:\/\/viqtor.eu\/lv\/wp-json\/wp\/v2\/media\/5645"}],"wp:attachment":[{"href":"https:\/\/viqtor.eu\/lv\/wp-json\/wp\/v2\/media?parent=5505"}],"wp:term":[{"taxonomy":"category","embeddable":true,"href":"https:\/\/viqtor.eu\/lv\/wp-json\/wp\/v2\/categories?post=5505"},{"taxonomy":"post_tag","embeddable":true,"href":"https:\/\/viqtor.eu\/lv\/wp-json\/wp\/v2\/tags?post=5505"}],"curies":[{"name":"wp","href":"https:\/\/api.w.org\/{rel}","templated":true}]}}