{"id":5462,"date":"2023-04-19T12:27:27","date_gmt":"2023-04-19T12:27:27","guid":{"rendered":"https:\/\/exciting-panini.13-37-234-21.plesk.page\/?p=5462"},"modified":"2024-07-22T13:31:09","modified_gmt":"2024-07-22T13:31:09","slug":"cameras-intelligentes-et-vie-privee","status":"publish","type":"post","link":"https:\/\/viqtor.eu\/lv\/cameras-intelligentes-et-vie-privee\/","title":{"rendered":"Vied\u0101s kameras un priv\u0101tums: pareizais l\u012bdzsvars?"},"content":{"rendered":"<div data-elementor-type=\"wp-post\" data-elementor-id=\"5462\" class=\"elementor elementor-5462\" data-elementor-post-type=\"post\">\n\t\t\t\t\t\t<section class=\"elementor-section elementor-top-section elementor-element elementor-element-7832ed4 ot-traditional elementor-section-boxed elementor-section-height-default elementor-section-height-default\" data-id=\"7832ed4\" data-element_type=\"section\">\n\t\t\t\t\t\t<div class=\"elementor-container elementor-column-gap-default\">\n\t\t\t\t\t<div class=\"elementor-column elementor-col-100 elementor-top-column elementor-element elementor-element-9bfabb7 ot-flex-column-vertical\" data-id=\"9bfabb7\" data-element_type=\"column\">\n\t\t\t<div class=\"elementor-widget-wrap elementor-element-populated\">\n\t\t\t\t\t\t<div class=\"elementor-element elementor-element-3a51e5b elementor-widget elementor-widget-image\" data-id=\"3a51e5b\" data-element_type=\"widget\" data-widget_type=\"image.default\">\n\t\t\t\t<div class=\"elementor-widget-container\">\n\t\t\t\t\t\t\t\t\t\t\t\t\t<img fetchpriority=\"high\" decoding=\"async\" width=\"1000\" height=\"563\" src=\"https:\/\/viqtor.eu\/wp-content\/uploads\/2023\/04\/Cameras-intelligentes-et-vie-privee.jpg\" class=\"attachment-full size-full wp-image-11904\" alt=\"Cam\u00e9ras intelligentes et vie priv\u00e9e : le juste \u00e9quilibre ?\" srcset=\"https:\/\/viqtor.eu\/wp-content\/uploads\/2023\/04\/Cameras-intelligentes-et-vie-privee.jpg 1000w, https:\/\/viqtor.eu\/wp-content\/uploads\/2023\/04\/Cameras-intelligentes-et-vie-privee-300x169.jpg 300w, https:\/\/viqtor.eu\/wp-content\/uploads\/2023\/04\/Cameras-intelligentes-et-vie-privee-768x432.jpg 768w, https:\/\/viqtor.eu\/wp-content\/uploads\/2023\/04\/Cameras-intelligentes-et-vie-privee-720x405.jpg 720w\" sizes=\"(max-width: 1000px) 100vw, 1000px\" \/>\t\t\t\t\t\t\t\t\t\t\t\t\t<\/div>\n\t\t\t\t<\/div>\n\t\t\t\t\t<\/div>\n\t\t<\/div>\n\t\t\t\t\t<\/div>\n\t\t<\/section>\n\t\t\t\t<section class=\"elementor-section elementor-top-section elementor-element elementor-element-fd87084 ot-traditional elementor-section-boxed elementor-section-height-default elementor-section-height-default\" data-id=\"fd87084\" data-element_type=\"section\">\n\t\t\t\t\t\t<div class=\"elementor-container elementor-column-gap-default\">\n\t\t\t\t\t<div class=\"elementor-column elementor-col-100 elementor-top-column elementor-element elementor-element-3ca60db ot-flex-column-vertical\" data-id=\"3ca60db\" data-element_type=\"column\">\n\t\t\t<div class=\"elementor-widget-wrap elementor-element-populated\">\n\t\t\t\t\t\t<div class=\"elementor-element elementor-element-009ddb8 elementor-widget elementor-widget-heading\" data-id=\"009ddb8\" data-element_type=\"widget\" data-widget_type=\"heading.default\">\n\t\t\t\t<div class=\"elementor-widget-container\">\n\t\t\t<h1 class=\"elementor-heading-title elementor-size-default\">Vied\u0101s kameras un priv\u0101tums: pareizais l\u012bdzsvars?<\/h1>\t\t<\/div>\n\t\t\t\t<\/div>\n\t\t\t\t\t<\/div>\n\t\t<\/div>\n\t\t\t\t\t<\/div>\n\t\t<\/section>\n\t\t\t\t<section class=\"elementor-section elementor-top-section elementor-element elementor-element-5bb653f5 ot-traditional elementor-section-boxed elementor-section-height-default elementor-section-height-default\" data-id=\"5bb653f5\" data-element_type=\"section\">\n\t\t\t\t\t\t<div class=\"elementor-container elementor-column-gap-default\">\n\t\t\t\t\t<div class=\"elementor-column elementor-col-100 elementor-top-column elementor-element elementor-element-4d3ad250 ot-flex-column-vertical\" data-id=\"4d3ad250\" data-element_type=\"column\">\n\t\t\t<div class=\"elementor-widget-wrap elementor-element-populated\">\n\t\t\t\t\t\t<div class=\"elementor-element elementor-element-7e554219 elementor-widget elementor-widget-text-editor\" data-id=\"7e554219\" data-element_type=\"widget\" data-widget_type=\"text-editor.default\">\n\t\t\t\t<div class=\"elementor-widget-container\">\n\t\t\t\t\t\t\t<!-- wp:paragraph -->\n<p>Juridisk\u0101 uzraudz\u012bba Nr.\u00a033\u00a0\u2014 <strong>2021. gada marts<\/strong><\/p>\n<!-- \/wp:paragraph -->\n\n<!-- wp:paragraph -->\n<p><strong>Vied\u0101s kameras un priv\u0101tums: pareizais l\u012bdzsvars?<\/strong>Kop\u0161 marta <strong>sabiedriskaj\u0101 transport\u0101 uzst\u0101d\u012btas kameras<\/strong> ir paredz\u0113ti, lai p\u0101rbaud\u012btu, vai lietot\u0101ji iev\u0113ro masku valk\u0101\u0161anas noteikumus. \u0160ie pas\u0101kumi ir da\u013ca no l\u012bdzek\u013ciem, kas tiek izmantoti, lai aptur\u0113tu Covid-19 epid\u0113mijas izplat\u012bbu.<\/p>\n<!-- \/wp:paragraph -->\n\n<!-- wp:paragraph -->\n<p>Daudzi p\u0113d\u0113jos m\u0113ne\u0161os pie\u0146emtie uzraudz\u012bbas pas\u0101kumi (pret Covid-19 pieteikumi, darbinieku test\u0113\u0161ana, droni, vakc\u012bnu pases utt.) ir izrais\u012bju\u0161i debates un reakciju gan no CNIL, gan parlament\u0101raj\u0101s strukt\u016br\u0101s vai ties\u0101s.<\/p>\n<!-- \/wp:paragraph -->\n\n<!-- wp:paragraph -->\n<p>Turpret\u012b \u0161eit min\u0113t\u0101 kontroles sist\u0113ma Datu aizsardz\u012bbas komisijas j\u016bg\u0101 tika pie\u0146emta bez aiz\u0137er\u0161an\u0101s, un iemesli tam ir vienk\u0101r\u0161i: <strong>At\u0161\u0137ir\u012bb\u0101 no 2020. gad\u0101 izstr\u0101d\u0101taj\u0101m videonov\u0113ro\u0161anas sist\u0113m\u0101m, kas apkopoja daudz personas datu un kuru darb\u012bbu p\u0101rtrauca, \u0161\u012bs apstr\u0101d\u0101 tikai stingru datu minimumu, kas nepiecie\u0161ams, lai p\u0101rbaud\u012btu masku valk\u0101\u0161anu.<\/strong><\/p>\n<!-- \/wp:paragraph -->\n\n<!-- wp:paragraph -->\n<p>Prec\u012bz\u0101k, sist\u0113ma neapstr\u0101d\u0101 biometriskos datus un ne\u012bsteno sejas atpaz\u012b\u0161anu, un dati netiek izmantoti p\u0101rk\u0101pumu sauk\u0161anai pie atbild\u012bbas.<\/p>\n<!-- \/wp:paragraph -->\n\n<!-- wp:paragraph -->\n<p>Galvenais m\u0113r\u0137is ir apkopot statistisko inform\u0101ciju un piel\u0101got sabiedr\u012bbas inform\u0113t\u012bbu.<\/p>\n<!-- \/wp:paragraph -->\n\n<!-- wp:paragraph -->\n<p>\u0160\u012bs garantijas ir v\u0113l jo svar\u012bg\u0101kas t\u0101p\u0113c, ka jebkura videonov\u0113ro\u0161anas ier\u012bce ir pamatties\u012bbu p\u0101rk\u0101pums, un attiec\u012bg\u0101s personas reti var iebilst pret apstr\u0101di.<\/p>\n<!-- \/wp:paragraph -->\n\n<!-- wp:paragraph -->\n<p>\u0160aj\u0101 sakar\u0101 CNIL jau iepriek\u0161 ir uzskat\u012bjusi, ka galvas krat\u012b\u0161ana ar &quot;n\u0113&quot; kameras priek\u0161\u0101 nevar tikt uzskat\u012bta par re\u0101listisku un pietiekamu iebildumu pau\u0161anas veidu.<\/p>\n<!-- \/wp:paragraph -->\n\n<!-- wp:paragraph -->\n<p>\u0160o p\u0101rk\u0101pumu d\u0113\u013c viedkameru sist\u0113mas ir j\u0101regul\u0113 ar likumu, k\u0101 tas bija ar 10. mart\u0101 public\u0113to dekr\u0113tu par masku valk\u0101\u0161anu sabiedriskaj\u0101 transport\u0101.<\/p>\n<!-- \/wp:paragraph -->\n\n<!-- wp:paragraph -->\n<p>Dekr\u0113t\u0101 paredz\u0113t\u0101s garantijas, k\u0101 ar\u012b sabiedr\u012bbas vesel\u012bbas un indiv\u012bdu aizsardz\u012bbas m\u0113r\u0137i CNIL \u0161\u0137iet pietiekami, lai pamatotu ties\u012bbu uz priv\u0101tumu ierobe\u017eojumu un jo \u012bpa\u0161i atceltu ties\u012bbas iebilst.<\/p>\n<!-- \/wp:paragraph -->\n\n<!-- wp:paragraph -->\n<p>Tom\u0113r Komisija uzsver, ka <strong>atkar\u012bbas briesmas<\/strong> indiv\u012bdiem, \u0146emot v\u0113r\u0101 pa\u0161reiz\u0113jo uzraudz\u012bbas pas\u0101kumu pastiprin\u0101\u0161anu.<\/p>\n<!-- \/wp:paragraph -->\n\n<!-- wp:paragraph -->\n<p>T\u0101p\u0113c vi\u0146a uzst\u0101j uz<strong>detaliz\u0113ta inform\u0101cija<\/strong> cilv\u0113kiem un ier\u012bces lieto\u0161anas period\u0101, kas ir ierobe\u017eots laik\u0101 un tie\u0161i saist\u012bts ar epid\u0113mijas kontekstu.<\/p>\n<!-- \/wp:paragraph -->\n\n<!-- wp:paragraph -->\n<p><strong>Un ar\u012b<\/strong><\/p>\n<!-- \/wp:paragraph -->\n\n<!-- wp:paragraph -->\n<p>Francija:<\/p>\n<!-- \/wp:paragraph -->\n\n<!-- wp:list -->\n<ul><!-- wp:list-item -->\n<li><strong>Personas datu izn\u012bcin\u0101\u0161ana<\/strong> CNIL atg\u0101dina, saist\u012bb\u0101 ar ugunsgr\u0113ku, kas 10. mart\u0101 izn\u012bcin\u0101ja OVH datu centru, par darb\u012bb\u0101m, kas datu p\u0101rzinim j\u0101veic attiec\u012bb\u0101 uz attiec\u012bgaj\u0101m person\u0101m.<\/li>\n<!-- \/wp:list-item --><\/ul>\n<!-- \/wp:list -->\n\n<!-- wp:paragraph -->\n<p>Taj\u0101 ir preciz\u0113ts, ka datu nepieejam\u012bba un izn\u012bcin\u0101\u0161ana ir datu p\u0101rk\u0101pums GDPR izpratn\u0113, par ko tai j\u0101pazi\u0146o noteiktos apst\u0101k\u013cos.<\/p>\n<!-- \/wp:paragraph -->\n\n<!-- wp:paragraph -->\n<p>CNIL atsaucas ar\u012b uz vietni cybermalveillance.gouv.fr, kas sniedz padomus par to, k\u0101 p\u0101rvald\u012bt \u0161\u0101dus incidentus.<\/p>\n<!-- \/wp:paragraph -->\n\n<!-- wp:list -->\n<ul><!-- wp:list-item -->\n<li>CNIL ir ar\u012b public\u0113jusi savu <strong>kontroles priorit\u0101tes 2021. gadam<\/strong>Tie ietver t\u012bmek\u013ca viet\u0146u kiberdro\u0161\u012bbas, vesel\u012bbas datu dro\u0161\u012bbas un s\u012bkfailu izmanto\u0161anas jaut\u0101jumus, kas visas ir \u013coti aktu\u0101las t\u0113mas.<\/li>\n<!-- \/wp:list-item --><\/ul>\n<!-- \/wp:list -->\n\n<!-- wp:paragraph -->\n<p>Atg\u0101din\u0101sim, ka CNIL ir atjaunin\u0101jusi savas s\u012bkdat\u0146u vadl\u012bnijas un apr\u012bl\u012b s\u0101ks pla\u0161u to v\u0101k\u0161anas nosac\u012bjumu auditu.<\/p>\n<!-- \/wp:paragraph -->\n\n<!-- wp:list -->\n<ul><!-- wp:list-item -->\n<li><strong>Datu p\u0101rs\u016bt\u012b\u0161ana \u0101rpus Eiropas Savien\u012bbas:<\/strong> Valsts padome 12. mart\u0101 nol\u0113ma neaptur\u0113t Vesel\u012bbas ministrijas un <strong>Doktolibs<\/strong> Pa\u0161reiz\u0113j\u0101s vakcin\u0101cijas kampa\u0146as kontekst\u0101, neraugoties uz Amerikas iest\u0101\u017eu min\u0113tajiem datu piek\u013cuves riskiem, Doctolib da\u013c\u0113ji izmanto Amazon amerik\u0101\u0146u meitasuz\u0146\u0113muma pakalpojumus datu mitin\u0101\u0161anai.<\/li>\n<!-- \/wp:list-item --><\/ul>\n<!-- \/wp:list -->\n\n<!-- wp:paragraph -->\n<p>Valsts padome ir p\u0101rliecin\u0101ta, jo \u012bpa\u0161i attiec\u012bb\u0101 uz Amerikas iest\u0101\u017eu piek\u013cuves piepras\u012bjumiem, ka past\u0101v \u012bpa\u0161a proced\u016bra, kas paredz jebkura visp\u0101r\u012bga piepras\u012bjuma vai t\u0101da piepras\u012bjuma, kas neatbilst Eiropas noteikumiem, apstr\u012bd\u0113\u0161anu.<\/p>\n<!-- \/wp:paragraph -->\n\n<!-- wp:paragraph -->\n<p>Uzglab\u0101tie dati tiek papildus aizsarg\u0101ti, izmantojot \u0161ifr\u0113\u0161anas proced\u016bru, kuras pamat\u0101 ir uzticama tre\u0161\u0101 puse, kas atrodas Francij\u0101, lai nov\u0113rstu datu nolas\u012b\u0161anu tre\u0161aj\u0101m person\u0101m.<\/p>\n<!-- \/wp:paragraph -->\n\n<!-- wp:list -->\n<ul><!-- wp:list-item -->\n<li><strong>Profesion\u0101lie dati<\/strong> 9.\u00a0mart\u0101 Par\u012bzes tiesa atteic\u0101s apmierin\u0101t zob\u0101rsta l\u016bgumu no\u0146emt vi\u0146a profilu un atsauksmes no pakalpojuma \u201cGoogle\u00a0My\u00a0Business\u201d.<\/li>\n<!-- \/wp:list-item --><\/ul>\n<!-- \/wp:list -->\n\n<!-- wp:paragraph -->\n<p>Tiesa apstiprina \u0161o datu personisko raksturu, ta\u010du uzskata, ka <strong>ties\u012bbu l\u012bdzsvars<\/strong> atbalsta v\u0101rda un inform\u0101cijas br\u012bv\u012bbu Google un interneta lietot\u0101jiem, sniedzot inform\u0101ciju par zob\u0101rsta profesijas praksi un attiec\u012bgo pacientu pieredzi.<\/p>\n<!-- \/wp:paragraph -->\n\n<!-- wp:list -->\n<ul><!-- wp:list-item -->\n<li>L\u012bdz\u012bg\u0101 kontekst\u0101 Kas\u0101cijas tiesa 17. febru\u0101ra spriedum\u0101 uzst\u0101ja uz nepiecie\u0161am\u012bbu p\u0113c \u0161\u0101das attiec\u012bgo ties\u012bbu un intere\u0161u l\u012bdzsvaro\u0161anas attiec\u012bb\u0101 uz <strong>krimin\u0101lsod\u0101m\u012bbas public\u0113\u0161ana internet\u0101<\/strong> saist\u012bts ar s\u016bdz\u012bbas iesniedz\u0113ja profesion\u0101lo darb\u012bbu.<\/li>\n<!-- \/wp:list-item --><\/ul>\n<!-- \/wp:list -->\n\n<!-- wp:paragraph -->\n<p>Tas, ka \u0161\u012b inform\u0101cija ir publiska un profesion\u0101la rakstura, nenoz\u012bm\u0113, ka to var public\u0113t internet\u0101, iepriek\u0161 nep\u0101rbaudot s\u016bdz\u012bbas iesniedz\u0113ja priv\u0101tuma aizsk\u0101rumu.<\/p>\n<!-- \/wp:paragraph -->\n\n<!-- wp:paragraph -->\n<p>Apsverot attiec\u012bg\u0101s ties\u012bbas un intereses, j\u0101\u0146em v\u0113r\u0101 iesp\u0113jamais &quot;inkrimin\u0113t\u0101s publik\u0101cijas ieguld\u012bjums visp\u0101r\u0113jas intereses debat\u0113s, attiec\u012bg\u0101s personas paz\u012bstam\u012bba, zi\u0146ojuma priek\u0161mets, attiec\u012bg\u0101s personas iepriek\u0161\u0113j\u0101 r\u012bc\u012bba, min\u0113t\u0101s publik\u0101cijas saturs, forma un sekas&quot;.<\/p>\n<!-- \/wp:paragraph -->\n\n<!-- wp:paragraph -->\n<p>\u0160aj\u0101 gad\u012bjum\u0101 Tiesa uzskata, ka <strong>\u0161\u012b l\u012bdzsvaro\u0161ana netika veikta<\/strong> un nos\u016bta puses uz Apel\u0101cijas tiesu.<\/p>\n<!-- \/wp:paragraph -->\n\n<!-- wp:paragraph -->\n<p>Eiropa:<\/p>\n<!-- \/wp:paragraph -->\n\n<!-- wp:list -->\n<ul><!-- wp:list-item -->\n<li><strong>GDPR divus gadus v\u0113l\u0101k:<\/strong>&nbsp;<\/li>\n<!-- \/wp:list-item --><\/ul>\n<!-- \/wp:list -->\n\n<!-- wp:paragraph -->\n<p>25. mart\u0101 Eiropas Parlaments pie\u0146\u0113ma rezol\u016bciju par Eiropas Komisijas nov\u0113rt\u0113juma zi\u0146ojumu par GDPR \u012bsteno\u0161anu.<\/p>\n<!-- \/wp:paragraph -->\n\n<!-- wp:paragraph -->\n<p>T\u0101 atbalsta nepiecie\u0161am\u012bbu efekt\u012bv\u0101k \u012bstenot \u0161o \u012bsteno\u0161anu, jo \u012bpa\u0161i Eiropas uzraudz\u012bbas iest\u0101\u017eu koordin\u0113tu darb\u012bbu kontekst\u0101.<\/p>\n<!-- \/wp:paragraph -->\n\n<!-- wp:paragraph -->\n<p>\u0160aj\u0101 sakar\u0101 m\u0113s atz\u012bm\u0113jam nesen\u0101s nesaska\u0146as starp V\u0101cijas iest\u0101di un \u012arijas datu aizsardz\u012bbas iest\u0101di, p\u0113d\u0113jai tiekot aps\u016bdz\u0113tai par nepietiekamu kontroli p\u0101r t\u0101s teritorij\u0101 izveidotajiem &quot;lielajiem tehnolo\u0123iju uz\u0146\u0113mumiem&quot;.<\/p>\n<!-- \/wp:paragraph -->\n\n<!-- wp:paragraph -->\n<p>Eiropas Parlaments par priorit\u0101t\u0113m nosaka jaut\u0101jumus, kas saist\u012bti ar datu apstr\u0101di, ko veic galven\u0101s platformas un digit\u0101lie pakalpojumi, jo \u012bpa\u0161i tie\u0161saistes rekl\u0101mas, mikrom\u0113r\u0137auditorijas atlases, uz algoritmiem balst\u012btas profil\u0113\u0161anas un ar inform\u0101cijas izplat\u012b\u0161anu un pastiprin\u0101\u0161anu t\u012bklos saist\u012bto risku jom\u0101.<\/p>\n<!-- \/wp:paragraph -->\n\n<!-- wp:paragraph -->\n<p>\u0160\u0137iet, ka ir svar\u012bgi ar\u012b izstr\u0101d\u0101t r\u012bkus pla\u0161\u0101kai auditorijai, jo \u012bpa\u0161i \u013coti maziem uz\u0146\u0113mumiem un MVU, k\u0101 to sav\u0101 2021.\u20132022.\u00a0gada darba programm\u0101 uzsv\u0113rusi Eiropas Datu aizsardz\u012bbas kol\u0113\u0123ija (EDAK). J\u0101atz\u012bm\u0113, ka Be\u013c\u0123ija \u0161aj\u0101 nol\u016bk\u0101 tikko ir public\u0113jusi virkni praktisku r\u012bku maziem un vid\u0113jiem uz\u0146\u0113mumiem.<\/p>\n<!-- \/wp:paragraph -->\n\n<!-- wp:list -->\n<ul><!-- wp:list-item -->\n<li><strong>Eiropa: EDAK pie\u0146em divus dokumentus:<\/strong><\/li>\n<!-- \/wp:list-item --><\/ul>\n<!-- \/wp:list -->\n\n<!-- wp:paragraph -->\n<p>No vienas puses, attiec\u012bb\u0101 uz datu aizsardz\u012bbas jaut\u0101jumiem saist\u012bb\u0101 ar <strong>savienotas automa\u0161\u012bnas,<\/strong> un, no otras puses, <strong>balss asistenti.<\/strong><\/p>\n<!-- \/wp:paragraph -->\n\n<!-- wp:list -->\n<ul><!-- wp:list-item -->\n<li><strong>Be\u013c\u0123ija: &nbsp;<\/strong><\/li>\n<!-- \/wp:list-item --><\/ul>\n<!-- \/wp:list -->\n\n<!-- wp:paragraph -->\n<p>Jaunas publik\u0101cijas ietvaros Briseles Br\u012bv\u0101 universit\u0101te 22. apr\u012bl\u012b organiz\u0113 tie\u0161saistes pas\u0101kumu par t\u0113mu &quot; <strong>algoritmu sabiedr\u012bba<\/strong> : tehnolo\u0123ijas, vara un zin\u0101\u0161anas\u201d. Re\u0123istr\u0101cija ir atv\u0113rta universit\u0101tes t\u012bmek\u013ca vietn\u0113.<\/p>\n<!-- \/wp:paragraph -->\n\n<!-- wp:paragraph -->\n<p>Starptautisk\u0101s:<\/p>\n<!-- \/wp:paragraph -->\n\n<!-- wp:list -->\n<ul><!-- wp:list-item -->\n<li><strong>ASV:<\/strong><\/li>\n<!-- \/wp:list-item --><\/ul>\n<!-- \/wp:list -->\n\n<!-- wp:paragraph -->\n<p>Papildus likumprojektiem, kas pa\u0161laik tiek pie\u0146emti vair\u0101k\u0101s valst\u012bs, Amerikas parlament\u0101 feder\u0101l\u0101 l\u012bmen\u012b tikko ir iesniegts teksts ar nosaukumu &quot;Inform\u0101cijas p\u0101rredzam\u012bbas un personas datu kontroles likums (ITPDCA)&quot;.<\/p>\n<!-- \/wp:paragraph -->\n\n<!-- wp:paragraph -->\n<p>\u0160is likums jo \u012bpa\u0161i paredz nosac\u012bjumus, saska\u0146\u0101 ar kuriem pat\u0113r\u0113t\u0101jiem ir j\u0101sp\u0113j piekrist vai iebilst pret savu datu apstr\u0101di, datu nodo\u0161anas tre\u0161aj\u0101m person\u0101m p\u0101rredzam\u012bbu un pien\u0101kumu regul\u0101ri p\u0101rbaud\u012bt to apstr\u0101di.<\/p>\n<!-- \/wp:paragraph -->\n\n<!-- wp:paragraph -->\n<p>Feder\u0101l\u0101 tirdzniec\u012bbas komisija b\u016btu atbild\u012bga par likuma iev\u0113ro\u0161anas uzraudz\u012bbu.<\/p>\n<!-- \/wp:paragraph -->\n\n<!-- wp:list -->\n<ul><!-- wp:list-item -->\n<li><strong>Koreja:<\/strong><\/li>\n<!-- \/wp:list-item --><\/ul>\n<!-- \/wp:list -->\n\n<!-- wp:paragraph -->\n<p>Tiek pabeigta datu aizsardz\u012bbas atbilst\u012bbas proced\u016bra, kas atvieglos datu apmai\u0146u starp Koreju un Eiropas Savien\u012bbu. Komisijas secin\u0101jumi dr\u012bzum\u0101 tiks iesniegti Eiropas Datu aizsardz\u012bbas kol\u0113\u0123ijai atzinuma snieg\u0161anai.<\/p>\n<!-- \/wp:paragraph -->\n\n<!-- wp:list -->\n<ul><!-- wp:list-item -->\n<li><strong>ANO:<\/strong><\/li>\n<!-- \/wp:list-item --><\/ul>\n<!-- \/wp:list -->\n\n<!-- wp:paragraph -->\n<p>ANO \u012bpa\u0161ais referents priv\u0101tuma jaut\u0101jumos D\u017eozefs Kanata\u010di, kura mand\u0101ts tuvojas beig\u0101m, tikko ir public\u0113jis zi\u0146ojumu par m\u0101ksl\u012bgo intelektu un b\u0113rnu priv\u0101tumu.<\/p>\n<!-- \/wp:paragraph -->\n\n<!-- wp:list -->\n<ul><!-- wp:list-item -->\n<li><strong>GAFA:<\/strong><\/li>\n<!-- \/wp:list-item --><\/ul>\n<!-- \/wp:list -->\n\n<!-- wp:paragraph -->\n<p><strong>Google<\/strong> pazi\u0146o, ka p\u0101rtrauc s\u012bkfailu izmanto\u0161anu jaunam datu v\u0101k\u0161anas modelim \u2014 Federated Learning of Cohorts (FLoC), kas, pamatojoties uz kop\u012bg\u0101m interes\u0113m, ir v\u0113rsts uz grup\u0101m, nevis indiv\u012bdiem.<\/p>\n<!-- \/wp:paragraph -->\n\n<!-- wp:paragraph -->\n<p>\u0160is pazi\u0146ojums ir izrais\u012bjis da\u017e\u0101das reakcijas, da\u017eiem nor\u0101dot, ka jaun\u0101 v\u0101k\u0161anas sist\u0113ma, lai gan main\u012bs izmantot\u0101s metodes, neaizkav\u0113s rekl\u0101mas izvieto\u0161anu interneta lietot\u0101jiem.<\/p>\n<!-- \/wp:paragraph -->\n\n<!-- wp:paragraph -->\n<p>Dati par vair\u0101k nek\u0101 500 miljoniem kontu <strong>Facebook<\/strong>, tostarp daudzu lietot\u0101ju t\u0101lru\u0146u numuri, Lieldienu ned\u0113\u013cas nogal\u0113 tika p\u0101rdoti tie\u0161saist\u0113. Tiek uzskat\u012bts, ka dati ieg\u016bti dro\u0161\u012bbas k\u013c\u016bdas d\u0113\u013c, kas tika atkl\u0101ta un izlabota 2019. gad\u0101.&nbsp;<\/p>\n<!-- \/wp:paragraph -->\n\n<!-- wp:paragraph -->\n<p><em>Anna Krist\u012bna Lakoste<\/em><\/p>\n<!-- \/wp:paragraph -->\n\n<!-- wp:paragraph -->\n<p><em>Olivier Weber Avocat partnere Anna Krist\u012bne Lakosta ir juriste, kas specializ\u0113jas datu ties\u012bb\u0101s; vi\u0146a bija Eiropas Datu aizsardz\u012bbas uzraudz\u012bt\u0101ja starptautisko attiec\u012bbu vad\u012bt\u0101ja un str\u0101d\u0101ja pie GDPR ievie\u0161anas Eiropas Savien\u012bb\u0101.<\/em><\/p>\n<!-- \/wp:paragraph -->\t\t\t\t\t\t<\/div>\n\t\t\t\t<\/div>\n\t\t\t\t\t<\/div>\n\t\t<\/div>\n\t\t\t\t\t<\/div>\n\t\t<\/section>\n\t\t\t\t<section class=\"elementor-section elementor-top-section elementor-element elementor-element-dd041d3 ot-traditional elementor-section-boxed elementor-section-height-default elementor-section-height-default\" data-id=\"dd041d3\" data-element_type=\"section\">\n\t\t\t\t\t\t<div class=\"elementor-container elementor-column-gap-default\">\n\t\t\t\t\t<div class=\"elementor-column elementor-col-100 elementor-top-column elementor-element elementor-element-ff624d7 ot-flex-column-vertical\" data-id=\"ff624d7\" data-element_type=\"column\">\n\t\t\t<div class=\"elementor-widget-wrap elementor-element-populated\">\n\t\t\t\t\t\t<div class=\"elementor-element elementor-element-ef83b99 elementor-align-center elementor-widget elementor-widget-button\" data-id=\"ef83b99\" data-element_type=\"widget\" data-widget_type=\"button.default\">\n\t\t\t\t<div class=\"elementor-widget-container\">\n\t\t\t\t\t<div class=\"elementor-button-wrapper\">\n\t\t\t<a class=\"elementor-button elementor-button-link elementor-size-lg\" href=\"https:\/\/app.viqtor.eu\/\">\n\t\t\t\t\t\t<span class=\"elementor-button-content-wrapper\">\n\t\t\t\t\t\t<span class=\"elementor-button-icon\">\n\t\t\t\t<i aria-hidden=\"true\" class=\"fas fa-long-arrow-alt-right\"><\/i>\t\t\t<\/span>\n\t\t\t\t\t\t\t\t\t<span class=\"elementor-button-text\">Atkl\u0101jiet Viqtor\u00ae<\/span>\n\t\t\t\t\t<\/span>\n\t\t\t\t\t<\/a>\n\t\t<\/div>\n\t\t\t\t<\/div>\n\t\t\t\t<\/div>\n\t\t\t\t\t<\/div>\n\t\t<\/div>\n\t\t\t\t\t<\/div>\n\t\t<\/section>\n\t\t\t\t<\/div>","protected":false},"excerpt":{"rendered":"<p>Vied\u0101s kameras un priv\u0101tums: k\u0101 atrast pareizo l\u012bdzsvaru? Legal Watch Nr.\u00a033\u00a0\u2013 2021.\u00a0gada marts Vied\u0101s kameras un priv\u0101tums: k\u0101 atrast pareizo l\u012bdzsvaru? Kop\u0161 marta sabiedriskaj\u0101 transport\u0101 ir uzst\u0101d\u012btas kameras, lai uzraudz\u012btu, vai lietot\u0101ji valk\u0101 maskas. \u0160ie pas\u0101kumi ir [\u2026]<\/p>","protected":false},"author":1,"featured_media":5703,"comment_status":"closed","ping_status":"open","sticky":false,"template":"elementor_header_footer","format":"standard","meta":{"_acf_changed":false,"footnotes":""},"categories":[35],"tags":[],"class_list":["post-5462","post","type-post","status-publish","format-standard","has-post-thumbnail","hentry","category-veille-juridique"],"acf":[],"yoast_head":"<!-- This site is optimized with the Yoast SEO plugin v23.6 - https:\/\/yoast.com\/wordpress\/plugins\/seo\/ -->\n<title>Cam\u00e9ras intelligentes et vie priv\u00e9e : le juste \u00e9quilibre ? - Viqtor<\/title>\n<meta name=\"description\" content=\"Cam\u00e9ras intelligentes et vie priv\u00e9e : le juste \u00e9quilibre ? Veille juridique - Viqtor\" \/>\n<meta name=\"robots\" content=\"index, follow, max-snippet:-1, max-image-preview:large, max-video-preview:-1\" \/>\n<link rel=\"canonical\" href=\"https:\/\/viqtor.eu\/lv\/cameras-intelligentes-et-vie-privee\/\" \/>\n<meta property=\"og:locale\" content=\"lv_LV\" \/>\n<meta property=\"og:type\" content=\"article\" \/>\n<meta property=\"og:title\" content=\"Cam\u00e9ras intelligentes et vie priv\u00e9e : le juste \u00e9quilibre ? - Viqtor\" \/>\n<meta property=\"og:description\" content=\"Cam\u00e9ras intelligentes et vie priv\u00e9e : le juste \u00e9quilibre ? Veille juridique - Viqtor\" \/>\n<meta property=\"og:url\" content=\"https:\/\/viqtor.eu\/lv\/cameras-intelligentes-et-vie-privee\/\" \/>\n<meta property=\"og:site_name\" content=\"Viqtor\" \/>\n<meta property=\"article:published_time\" content=\"2023-04-19T12:27:27+00:00\" \/>\n<meta property=\"article:modified_time\" content=\"2024-07-22T13:31:09+00:00\" \/>\n<meta property=\"og:image\" content=\"https:\/\/viqtor.eu\/wp-content\/uploads\/2026\/04\/widget-viqtor.png\" \/>\n\t<meta property=\"og:image:width\" content=\"1000\" \/>\n\t<meta property=\"og:image:height\" content=\"563\" \/>\n\t<meta property=\"og:image:type\" content=\"image\/jpeg\" \/>\n<meta name=\"author\" content=\"Bruno\" \/>\n<meta name=\"twitter:card\" content=\"summary_large_image\" \/>\n<meta name=\"twitter:label1\" content=\"Written by\" \/>\n\t<meta name=\"twitter:data1\" content=\"Bruno\" \/>\n\t<meta name=\"twitter:label2\" content=\"Est. reading time\" \/>\n\t<meta name=\"twitter:data2\" content=\"8 min\u016btes\" \/>\n<script type=\"application\/ld+json\" class=\"yoast-schema-graph\">{\"@context\":\"https:\/\/schema.org\",\"@graph\":[{\"@type\":\"Article\",\"@id\":\"https:\/\/viqtor.eu\/cameras-intelligentes-et-vie-privee\/#article\",\"isPartOf\":{\"@id\":\"https:\/\/viqtor.eu\/cameras-intelligentes-et-vie-privee\/\"},\"author\":{\"name\":\"Bruno\",\"@id\":\"https:\/\/viqtor.eu\/#\/schema\/person\/3dbd9cc82a28f6cf1695c92eda0099ad\"},\"headline\":\"Cam\u00e9ras intelligentes et vie priv\u00e9e : le juste \u00e9quilibre ?\",\"datePublished\":\"2023-04-19T12:27:27+00:00\",\"dateModified\":\"2024-07-22T13:31:09+00:00\",\"mainEntityOfPage\":{\"@id\":\"https:\/\/viqtor.eu\/cameras-intelligentes-et-vie-privee\/\"},\"wordCount\":1786,\"publisher\":{\"@id\":\"https:\/\/viqtor.eu\/#organization\"},\"image\":{\"@id\":\"https:\/\/viqtor.eu\/cameras-intelligentes-et-vie-privee\/#primaryimage\"},\"thumbnailUrl\":\"https:\/\/viqtor.eu\/wp-content\/uploads\/2023\/04\/shutterstock_1804911730.jpg\",\"articleSection\":[\"Veille juridique\"],\"inLanguage\":\"lv-LV\"},{\"@type\":\"WebPage\",\"@id\":\"https:\/\/viqtor.eu\/cameras-intelligentes-et-vie-privee\/\",\"url\":\"https:\/\/viqtor.eu\/cameras-intelligentes-et-vie-privee\/\",\"name\":\"Cam\u00e9ras intelligentes et vie priv\u00e9e : le juste \u00e9quilibre ? - Viqtor\",\"isPartOf\":{\"@id\":\"https:\/\/viqtor.eu\/#website\"},\"primaryImageOfPage\":{\"@id\":\"https:\/\/viqtor.eu\/cameras-intelligentes-et-vie-privee\/#primaryimage\"},\"image\":{\"@id\":\"https:\/\/viqtor.eu\/cameras-intelligentes-et-vie-privee\/#primaryimage\"},\"thumbnailUrl\":\"https:\/\/viqtor.eu\/wp-content\/uploads\/2023\/04\/shutterstock_1804911730.jpg\",\"datePublished\":\"2023-04-19T12:27:27+00:00\",\"dateModified\":\"2024-07-22T13:31:09+00:00\",\"description\":\"Cam\u00e9ras intelligentes et vie priv\u00e9e : le juste \u00e9quilibre ? Veille juridique - Viqtor\",\"breadcrumb\":{\"@id\":\"https:\/\/viqtor.eu\/cameras-intelligentes-et-vie-privee\/#breadcrumb\"},\"inLanguage\":\"lv-LV\",\"potentialAction\":[{\"@type\":\"ReadAction\",\"target\":[\"https:\/\/viqtor.eu\/cameras-intelligentes-et-vie-privee\/\"]}]},{\"@type\":\"ImageObject\",\"inLanguage\":\"lv-LV\",\"@id\":\"https:\/\/viqtor.eu\/cameras-intelligentes-et-vie-privee\/#primaryimage\",\"url\":\"https:\/\/viqtor.eu\/wp-content\/uploads\/2023\/04\/shutterstock_1804911730.jpg\",\"contentUrl\":\"https:\/\/viqtor.eu\/wp-content\/uploads\/2023\/04\/shutterstock_1804911730.jpg\",\"width\":1000,\"height\":563},{\"@type\":\"BreadcrumbList\",\"@id\":\"https:\/\/viqtor.eu\/cameras-intelligentes-et-vie-privee\/#breadcrumb\",\"itemListElement\":[{\"@type\":\"ListItem\",\"position\":1,\"name\":\"Accueil\",\"item\":\"https:\/\/viqtor.eu\/\"},{\"@type\":\"ListItem\",\"position\":2,\"name\":\"Cam\u00e9ras intelligentes et vie priv\u00e9e : le juste \u00e9quilibre ?\"}]},{\"@type\":\"WebSite\",\"@id\":\"https:\/\/viqtor.eu\/#website\",\"url\":\"https:\/\/viqtor.eu\/\",\"name\":\"Viqtor\",\"description\":\"Faites du RGPD une opportunit\u00e9 pour votre entreprise.\",\"publisher\":{\"@id\":\"https:\/\/viqtor.eu\/#organization\"},\"potentialAction\":[{\"@type\":\"SearchAction\",\"target\":{\"@type\":\"EntryPoint\",\"urlTemplate\":\"https:\/\/viqtor.eu\/?s={search_term_string}\"},\"query-input\":{\"@type\":\"PropertyValueSpecification\",\"valueRequired\":true,\"valueName\":\"search_term_string\"}}],\"inLanguage\":\"lv-LV\"},{\"@type\":\"Organization\",\"@id\":\"https:\/\/viqtor.eu\/#organization\",\"name\":\"viqtor.eu\",\"url\":\"https:\/\/viqtor.eu\/\",\"logo\":{\"@type\":\"ImageObject\",\"inLanguage\":\"lv-LV\",\"@id\":\"https:\/\/viqtor.eu\/#\/schema\/logo\/image\/\",\"url\":\"https:\/\/viqtor.eu\/wp-content\/uploads\/2023\/06\/favicon-noir.svg\",\"contentUrl\":\"https:\/\/viqtor.eu\/wp-content\/uploads\/2023\/06\/favicon-noir.svg\",\"width\":108,\"height\":86,\"caption\":\"viqtor.eu\"},\"image\":{\"@id\":\"https:\/\/viqtor.eu\/#\/schema\/logo\/image\/\"}},{\"@type\":\"Person\",\"@id\":\"https:\/\/viqtor.eu\/#\/schema\/person\/3dbd9cc82a28f6cf1695c92eda0099ad\",\"name\":\"Bruno\",\"image\":{\"@type\":\"ImageObject\",\"inLanguage\":\"lv-LV\",\"@id\":\"https:\/\/viqtor.eu\/#\/schema\/person\/image\/\",\"url\":\"https:\/\/secure.gravatar.com\/avatar\/e5a596f9489de15bfe046e97fb771f63589b601ca7e81ccc2bb9a23582f441a3?s=96&d=mm&r=g\",\"contentUrl\":\"https:\/\/secure.gravatar.com\/avatar\/e5a596f9489de15bfe046e97fb771f63589b601ca7e81ccc2bb9a23582f441a3?s=96&d=mm&r=g\",\"caption\":\"Bruno\"},\"sameAs\":[\"https:\/\/exciting-panini.13-37-234-21.plesk.page\"],\"url\":\"https:\/\/viqtor.eu\/lv\/author\/mouad_zxum2ebi\/\"}]}<\/script>\n<!-- \/ Yoast SEO plugin. -->","yoast_head_json":{"title":"Cam\u00e9ras intelligentes et vie priv\u00e9e : le juste \u00e9quilibre ? - Viqtor","description":"Cam\u00e9ras intelligentes et vie priv\u00e9e : le juste \u00e9quilibre ? Veille juridique - Viqtor","robots":{"index":"index","follow":"follow","max-snippet":"max-snippet:-1","max-image-preview":"max-image-preview:large","max-video-preview":"max-video-preview:-1"},"canonical":"https:\/\/viqtor.eu\/lv\/cameras-intelligentes-et-vie-privee\/","og_locale":"lv_LV","og_type":"article","og_title":"Cam\u00e9ras intelligentes et vie priv\u00e9e : le juste \u00e9quilibre ? - Viqtor","og_description":"Cam\u00e9ras intelligentes et vie priv\u00e9e : le juste \u00e9quilibre ? Veille juridique - Viqtor","og_url":"https:\/\/viqtor.eu\/lv\/cameras-intelligentes-et-vie-privee\/","og_site_name":"Viqtor","article_published_time":"2023-04-19T12:27:27+00:00","article_modified_time":"2024-07-22T13:31:09+00:00","og_image":[{"width":1000,"height":563,"url":"https:\/\/viqtor.eu\/wp-content\/uploads\/2026\/04\/widget-viqtor.png","type":"image\/jpeg"}],"author":"Bruno","twitter_card":"summary_large_image","twitter_misc":{"Written by":"Bruno","Est. reading time":"8 min\u016btes"},"schema":{"@context":"https:\/\/schema.org","@graph":[{"@type":"Article","@id":"https:\/\/viqtor.eu\/cameras-intelligentes-et-vie-privee\/#article","isPartOf":{"@id":"https:\/\/viqtor.eu\/cameras-intelligentes-et-vie-privee\/"},"author":{"name":"Bruno","@id":"https:\/\/viqtor.eu\/#\/schema\/person\/3dbd9cc82a28f6cf1695c92eda0099ad"},"headline":"Cam\u00e9ras intelligentes et vie priv\u00e9e : le juste \u00e9quilibre ?","datePublished":"2023-04-19T12:27:27+00:00","dateModified":"2024-07-22T13:31:09+00:00","mainEntityOfPage":{"@id":"https:\/\/viqtor.eu\/cameras-intelligentes-et-vie-privee\/"},"wordCount":1786,"publisher":{"@id":"https:\/\/viqtor.eu\/#organization"},"image":{"@id":"https:\/\/viqtor.eu\/cameras-intelligentes-et-vie-privee\/#primaryimage"},"thumbnailUrl":"https:\/\/viqtor.eu\/wp-content\/uploads\/2023\/04\/shutterstock_1804911730.jpg","articleSection":["Veille juridique"],"inLanguage":"lv-LV"},{"@type":"WebPage","@id":"https:\/\/viqtor.eu\/cameras-intelligentes-et-vie-privee\/","url":"https:\/\/viqtor.eu\/cameras-intelligentes-et-vie-privee\/","name":"Cam\u00e9ras intelligentes et vie priv\u00e9e : le juste \u00e9quilibre ? - Viqtor","isPartOf":{"@id":"https:\/\/viqtor.eu\/#website"},"primaryImageOfPage":{"@id":"https:\/\/viqtor.eu\/cameras-intelligentes-et-vie-privee\/#primaryimage"},"image":{"@id":"https:\/\/viqtor.eu\/cameras-intelligentes-et-vie-privee\/#primaryimage"},"thumbnailUrl":"https:\/\/viqtor.eu\/wp-content\/uploads\/2023\/04\/shutterstock_1804911730.jpg","datePublished":"2023-04-19T12:27:27+00:00","dateModified":"2024-07-22T13:31:09+00:00","description":"Cam\u00e9ras intelligentes et vie priv\u00e9e : le juste \u00e9quilibre ? Veille juridique - Viqtor","breadcrumb":{"@id":"https:\/\/viqtor.eu\/cameras-intelligentes-et-vie-privee\/#breadcrumb"},"inLanguage":"lv-LV","potentialAction":[{"@type":"ReadAction","target":["https:\/\/viqtor.eu\/cameras-intelligentes-et-vie-privee\/"]}]},{"@type":"ImageObject","inLanguage":"lv-LV","@id":"https:\/\/viqtor.eu\/cameras-intelligentes-et-vie-privee\/#primaryimage","url":"https:\/\/viqtor.eu\/wp-content\/uploads\/2023\/04\/shutterstock_1804911730.jpg","contentUrl":"https:\/\/viqtor.eu\/wp-content\/uploads\/2023\/04\/shutterstock_1804911730.jpg","width":1000,"height":563},{"@type":"BreadcrumbList","@id":"https:\/\/viqtor.eu\/cameras-intelligentes-et-vie-privee\/#breadcrumb","itemListElement":[{"@type":"ListItem","position":1,"name":"Accueil","item":"https:\/\/viqtor.eu\/"},{"@type":"ListItem","position":2,"name":"Cam\u00e9ras intelligentes et vie priv\u00e9e : le juste \u00e9quilibre ?"}]},{"@type":"WebSite","@id":"https:\/\/viqtor.eu\/#website","url":"https:\/\/viqtor.eu\/","name":"Viqtor","description":"Faites du RGPD une opportunit\u00e9 pour votre entreprise.","publisher":{"@id":"https:\/\/viqtor.eu\/#organization"},"potentialAction":[{"@type":"SearchAction","target":{"@type":"EntryPoint","urlTemplate":"https:\/\/viqtor.eu\/?s={search_term_string}"},"query-input":{"@type":"PropertyValueSpecification","valueRequired":true,"valueName":"search_term_string"}}],"inLanguage":"lv-LV"},{"@type":"Organization","@id":"https:\/\/viqtor.eu\/#organization","name":"viqtor.eu","url":"https:\/\/viqtor.eu\/","logo":{"@type":"ImageObject","inLanguage":"lv-LV","@id":"https:\/\/viqtor.eu\/#\/schema\/logo\/image\/","url":"https:\/\/viqtor.eu\/wp-content\/uploads\/2023\/06\/favicon-noir.svg","contentUrl":"https:\/\/viqtor.eu\/wp-content\/uploads\/2023\/06\/favicon-noir.svg","width":108,"height":86,"caption":"viqtor.eu"},"image":{"@id":"https:\/\/viqtor.eu\/#\/schema\/logo\/image\/"}},{"@type":"Person","@id":"https:\/\/viqtor.eu\/#\/schema\/person\/3dbd9cc82a28f6cf1695c92eda0099ad","name":"Bruno","image":{"@type":"ImageObject","inLanguage":"lv-LV","@id":"https:\/\/viqtor.eu\/#\/schema\/person\/image\/","url":"https:\/\/secure.gravatar.com\/avatar\/e5a596f9489de15bfe046e97fb771f63589b601ca7e81ccc2bb9a23582f441a3?s=96&d=mm&r=g","contentUrl":"https:\/\/secure.gravatar.com\/avatar\/e5a596f9489de15bfe046e97fb771f63589b601ca7e81ccc2bb9a23582f441a3?s=96&d=mm&r=g","caption":"Bruno"},"sameAs":["https:\/\/exciting-panini.13-37-234-21.plesk.page"],"url":"https:\/\/viqtor.eu\/lv\/author\/mouad_zxum2ebi\/"}]}},"_links":{"self":[{"href":"https:\/\/viqtor.eu\/lv\/wp-json\/wp\/v2\/posts\/5462","targetHints":{"allow":["GET"]}}],"collection":[{"href":"https:\/\/viqtor.eu\/lv\/wp-json\/wp\/v2\/posts"}],"about":[{"href":"https:\/\/viqtor.eu\/lv\/wp-json\/wp\/v2\/types\/post"}],"author":[{"embeddable":true,"href":"https:\/\/viqtor.eu\/lv\/wp-json\/wp\/v2\/users\/1"}],"replies":[{"embeddable":true,"href":"https:\/\/viqtor.eu\/lv\/wp-json\/wp\/v2\/comments?post=5462"}],"version-history":[{"count":5,"href":"https:\/\/viqtor.eu\/lv\/wp-json\/wp\/v2\/posts\/5462\/revisions"}],"predecessor-version":[{"id":11908,"href":"https:\/\/viqtor.eu\/lv\/wp-json\/wp\/v2\/posts\/5462\/revisions\/11908"}],"wp:featuredmedia":[{"embeddable":true,"href":"https:\/\/viqtor.eu\/lv\/wp-json\/wp\/v2\/media\/5703"}],"wp:attachment":[{"href":"https:\/\/viqtor.eu\/lv\/wp-json\/wp\/v2\/media?parent=5462"}],"wp:term":[{"taxonomy":"category","embeddable":true,"href":"https:\/\/viqtor.eu\/lv\/wp-json\/wp\/v2\/categories?post=5462"},{"taxonomy":"post_tag","embeddable":true,"href":"https:\/\/viqtor.eu\/lv\/wp-json\/wp\/v2\/tags?post=5462"}],"curies":[{"name":"wp","href":"https:\/\/api.w.org\/{rel}","templated":true}]}}