{"id":7695,"date":"2023-05-25T16:56:37","date_gmt":"2023-05-25T16:56:37","guid":{"rendered":"https:\/\/viqtor.eu\/?p=7695"},"modified":"2024-09-18T12:02:31","modified_gmt":"2024-09-18T12:02:31","slug":"dans-leclat-des-secrets","status":"publish","type":"post","link":"https:\/\/viqtor.eu\/lt\/dans-leclat-des-secrets\/","title":{"rendered":"paslap\u010di\u0173 spindesyje"},"content":{"rendered":"<div data-elementor-type=\"wp-post\" data-elementor-id=\"7695\" class=\"elementor elementor-7695\" data-elementor-post-type=\"post\">\n\t\t\t\t\t\t<section class=\"elementor-section elementor-top-section elementor-element elementor-element-3291e08 ot-traditional elementor-section-boxed elementor-section-height-default elementor-section-height-default\" data-id=\"3291e08\" data-element_type=\"section\">\n\t\t\t\t\t\t<div class=\"elementor-container elementor-column-gap-default\">\n\t\t\t\t\t<div class=\"elementor-column elementor-col-100 elementor-top-column elementor-element elementor-element-e9ada0b ot-flex-column-vertical\" data-id=\"e9ada0b\" data-element_type=\"column\">\n\t\t\t<div class=\"elementor-widget-wrap elementor-element-populated\">\n\t\t\t\t\t\t<div class=\"elementor-element elementor-element-83e3d4b elementor-widget elementor-widget-image\" data-id=\"83e3d4b\" data-element_type=\"widget\" data-widget_type=\"image.default\">\n\t\t\t\t<div class=\"elementor-widget-container\">\n\t\t\t\t\t\t\t\t\t\t\t\t\t<img decoding=\"async\" src=\"https:\/\/viqtor.eu\/wp-content\/uploads\/elementor\/thumbs\/FRIEDRICCH-NIETZSCHE-qqwihspnuxclazivu8kt1lbmc818ee7n6b44tk039k.jpeg\" title=\"FRYDRICHAS NY\u010c\u0116\" alt=\"dans leclat des secrets\" loading=\"lazy\" \/>\t\t\t\t\t\t\t\t\t\t\t\t\t<\/div>\n\t\t\t\t<\/div>\n\t\t\t\t\t<\/div>\n\t\t<\/div>\n\t\t\t\t\t<\/div>\n\t\t<\/section>\n\t\t\t\t<section class=\"elementor-section elementor-top-section elementor-element elementor-element-7689d531 ot-traditional elementor-section-boxed elementor-section-height-default elementor-section-height-default\" data-id=\"7689d531\" data-element_type=\"section\">\n\t\t\t\t\t\t<div class=\"elementor-container elementor-column-gap-default\">\n\t\t\t\t\t<div class=\"elementor-column elementor-col-100 elementor-top-column elementor-element elementor-element-503e360e ot-flex-column-vertical\" data-id=\"503e360e\" data-element_type=\"column\">\n\t\t\t<div class=\"elementor-widget-wrap elementor-element-populated\">\n\t\t\t\t\t\t<div class=\"elementor-element elementor-element-2963c667 elementor-widget elementor-widget-text-editor\" data-id=\"2963c667\" data-element_type=\"widget\" data-widget_type=\"text-editor.default\">\n\t\t\t\t<div class=\"elementor-widget-container\">\n\t\t\t\t\t\t\t<!-- wp:heading {\"level\":1} -->\n<h1 class=\"wp-block-heading\">Paslap\u010di\u0173 spindesyje<\/h1>\n<!-- \/wp:heading -->\n\n<!-- wp:paragraph -->\n<p>FRIEDRICH NIETZSCHE stiliumi<\/p>\n<!-- \/wp:paragraph -->\n\n<!-- wp:paragraph -->\n<p><\/p>\n<!-- \/wp:paragraph -->\n\n<!-- wp:paragraph -->\n<p>Kart\u0105 seniai, chaoti\u0161kame ir triuk\u0161mingame pasaulyje, gyveno \u017emogus, ie\u0161koj\u0119s tiesos ir laisv\u0117s. Jo vardas buvo Emilis, laisvos dvasios \u017emogus, vedamas stiprios vald\u017eios tro\u0161kimo ir nepasotinamo \u017eini\u0173 tro\u0161kimo. Jis vaik\u0161\u010diojo vienas, klajojo tarp minios, knib\u017edan\u010di\u0173 triuk\u0161mingomis miesto gatv\u0117mis.<\/p>\n<!-- \/wp:paragraph -->\n\n<!-- wp:paragraph -->\n<p>Emilis \u017einojo apie visuomen\u0119 valdan\u010dias slegian\u010dias j\u0117gas. Socialin\u0117s konvencijos, moral\u0117s normos ir aplinkini\u0173 l\u016bkes\u010diai, regis, sunkiai sl\u0117g\u0117 jo pe\u010dius. Jis jaut\u0117 \u0161i\u0173 nematom\u0173 grandini\u0173, kurios siek\u0117 j\u012f kontroliuoti, diktuoti jo elges\u012f ir paversti j\u012f tik marionete l\u0117li\u0173 teatre, svor\u012f.<\/p>\n<!-- \/wp:paragraph -->\n\n<!-- wp:paragraph -->\n<p>Ta\u010diau Emilis nenor\u0117jo b\u016bti \u017eaisliuku kit\u0173 rankose. Jis kar\u0161tai tro\u0161ko i\u0161saugoti savo privatum\u0105, savo slapt\u0105 sod\u0105, kuriame gal\u0117t\u0173 laisvai skleistis giliausios jo mintys. Jam privatumas buvo daug daugiau nei sl\u0117pimasis ar atsiribojimas nuo i\u0161orinio pasaulio. Tai buvo priemon\u0117 i\u0161saugoti jo vientisum\u0105, vali\u0105 vald\u017eiai ir teis\u0119 apibr\u0117\u017eti savo egzistencij\u0105.<\/p>\n<!-- \/wp:paragraph -->\n\n<!-- wp:paragraph -->\n<p>Taigi Emilis nusprend\u0117 pasitraukti, i\u0161vengti d\u0117mesio ir skubot\u0173 vertinim\u0173. Jis paliko triuk\u0161ming\u0105 miest\u0105 ir i\u0161vyko \u012f atoki\u0105 viet\u0105, toli nuo visuomen\u0117s \u0161urmulio. Ten, laukin\u0117s ir nepaliestos gamtos apsuptyje, jis rado prieglobst\u012f, kuriame pagaliau gal\u0117jo b\u016bti savimi, toli nuo pasaulio primest\u0173 kauki\u0173 ir suvar\u017eym\u0173.<\/p>\n<!-- \/wp:paragraph -->\n\n<!-- wp:paragraph -->\n<p>\u0160ioje pasirinktoje nuo\u0161alumoje Emilis atsid\u0117jo studijoms, apm\u0105stymams ir kontempliacijai. Jis pasin\u0117r\u0117 \u012f filosof\u0173 ir m\u0105stytoj\u0173 ra\u0161tus, siekdamas suprasti egzistencijos prigimt\u012f ir tikr\u0105j\u0105 laisv\u0117s prasm\u0119. Kiekvien\u0105 dien\u0105 jis ra\u0161ydavo savo slap\u010diausias mintis \u012f dienora\u0161t\u012f, kuriame i\u0161sakydavo dr\u0105siausias id\u0117jas, dr\u0105siausias svajones ir giliausius siekius.<\/p>\n<!-- \/wp:paragraph -->\n\n<!-- wp:paragraph -->\n<p>Emilis suprato, kad privatumas n\u0117ra pab\u0117gimas nuo pasaulio, o sav\u0119s patvirtinimo forma, b\u016bdas susigr\u0105\u017einti savo gyvenim\u0105. Jis tvirtai tik\u0117jo individo verte, jo geb\u0117jimu visapusi\u0161kai realizuoti save ir susikurti savo realyb\u0119. Jam privatumas buvo kova su susvetim\u0117jimu, kova u\u017e savo individualumo i\u0161saugojim\u0105 pasaulyje, kuris linko standartizuoti protus.<\/p>\n<!-- \/wp:paragraph -->\n\n<!-- wp:paragraph -->\n<p>Ta\u010diau Emilis \u017einojo, kad vienatv\u0117s nepakanka norint visi\u0161kai save realizuoti. Jis jaut\u0117 poreik\u012f dalytis savo id\u0117jomis, atradimais, abejon\u0117mis ir siekiais su bendramin\u010diais. Jis \u017einojo, kad id\u0117j\u0173 mainai ir bendravimas su kitais yra b\u016btini norint prapl\u0117sti akirat\u012f ir praturtinti savo paties pasaulio supratim\u0105.<\/p>\n<!-- \/wp:paragraph -->\n\n<!-- wp:paragraph -->\n<p>Taigi Emilis ie\u0161kojo \u017emoni\u0173 rato, kurie dalinosi jo laisv\u0117s tro\u0161kimu ir tiesos ie\u0161kojimu. Jis sutiko apsi\u0161vietusi\u0173 prot\u0173, mai\u0161ting\u0173 m\u0105stytoj\u0173, kurie met\u0117 i\u0161\u0161\u016bk\u012f nusistov\u0117jusioms dogmoms ir moralin\u0117ms konvencijoms. Kartu jie k\u016br\u0117 erdves, kuriose gal\u0117jo laisvai reik\u0161ti save, keistis id\u0117jomis, diskutuoti ir ginti savo \u012fsitikinimus, nebijodami represij\u0173 ar teismo.<\/p>\n<!-- \/wp:paragraph -->\n\n<!-- wp:paragraph -->\n<p>Emilis suprato, kad privatumo apsauga gali b\u016bti pasiekta tik kolektyvine j\u0117ga. Suvienij\u0119 savo balsus ir protus, jie tapo stipresni, atsparesni susid\u016brus su j\u0117gomis, kurios siek\u0117 juos u\u017egniau\u017eti. Jie tapo individualios laisv\u0117s gyn\u0117jais, kiekvieno \u017emogaus valios vald\u017eia serg\u0117tojais, atsisakan\u010diais pasiduoti i\u0161oriniam spaudimui ir visuomen\u0117s primestamoms normoms.<\/p>\n<!-- \/wp:paragraph -->\n\n<!-- wp:paragraph -->\n<p>Ta\u010diau Emilis \u017einojo, kad privatumo apsauga n\u0117ra be pavoj\u0173. Jis \u017einojo, kad tie, kurie siekia i\u0161laikyti status quo, neliks pasyv\u016bs. Jis suprato, kad represin\u0117s j\u0117gos sieks juos diskredituoti, menkinti ir nutildyti. Jie bus kaltinami ardom\u0105ja veikla, savanaudi\u0161kumu ar net pavojaus k\u0117limu nusistov\u0117jusiai tvarkai.<\/p>\n<!-- \/wp:paragraph -->\n\n<!-- wp:paragraph -->\n<p>Ta\u010diau Emilis ir jo bendra\u017eygiai buvo pasireng\u0119 susidurti su \u0161iais i\u0161\u0161\u016bkiais. Jie \u017einojo, kad apsaugoti savo privatum\u0105 yra nuolatin\u0117 kova, kova u\u017e savo vientisumo ir teis\u0117s \u012f autonomij\u0105 i\u0161saugojim\u0105. Jie \u017einojo, kad individuali laisv\u0117 yra brangus idealas, kur\u012f reikia ginti ry\u017etingai ir dr\u0105siai.<\/p>\n<!-- \/wp:paragraph -->\n\n<!-- wp:paragraph -->\n<p>Taigi, visuomen\u0117s vingiuose ir pos\u016bkiuose Emilis ir jo bendra\u017eygiai tvirtai stov\u0117jo, mesdami i\u0161\u0161\u016bk\u012f engiamoms j\u0117goms ir prie\u0161indamiesi bandymams juos pavergti. Jie buvo minties mai\u0161tininkai, vizionieriai, i\u0161dr\u012fs\u0119 kvestionuoti nusistov\u0117jusias tiesas, primestas vertybes ir moralines konvencijas. J\u0173 laisv\u0117s ir tiesos siekis buvo \u012fkv\u0117pimo \u0161altinis tiems, kurie jaut\u0117si atstumti, siek\u0117 i\u0161saugoti savo vientisum\u0105 ir atskleisti vis\u0105 savo potencial\u0105.<\/p>\n<!-- \/wp:paragraph -->\n\n<!-- wp:paragraph -->\n<p>Emiliui ir jo bendra\u017eygiams privatumas buvo mai\u0161to aktas, atsisakymas prisitaikyti prie sistemos, kuri ribojo j\u0173 laisv\u0119 ir individualum\u0105. Tai buvo j\u0173 valios galiai parei\u0161kimas, j\u0173 teis\u0117s egzistuoti kaip unikalioms ir autonomi\u0161koms b\u016btyb\u0117ms deklaracija. Tai buvo kova u\u017e pasaulio, kuriame kiekvienas gal\u0117t\u0173 klest\u0117ti visu savo potencialu, kuriame b\u016bt\u0173 \u0161ven\u010diama prot\u0173 \u012fvairov\u0117 ir kuriame pagaliau b\u016bt\u0173 pasiekta tikroji laisv\u0117, suk\u016brim\u0105.<\/p>\n<!-- \/wp:paragraph -->\n\n<!-- wp:paragraph -->\n<p>Taip baig\u0117si Emilio ir jo bendra\u017eygi\u0173, dr\u0105si\u0173 siel\u0173, i\u0161dr\u012fsusi\u0173 mesti i\u0161\u0161\u016bk\u012f nusistov\u0117jusioms normoms, i\u0161saugoti savo s\u0105\u017einingum\u0105 ir apsaugoti privatum\u0105, istorija. J\u0173 laisv\u0117s ir tiesos siekis lieka ne\u012fkainojamos privatumo vert\u0117s savirealizacijoje ir m\u016bs\u0173 likimo i\u0161sipildyme \u012frodymu.<\/p>\n<!-- \/wp:paragraph -->\t\t\t\t\t\t<\/div>\n\t\t\t\t<\/div>\n\t\t\t\t\t<\/div>\n\t\t<\/div>\n\t\t\t\t\t<\/div>\n\t\t<\/section>\n\t\t\t\t<section class=\"elementor-section elementor-top-section elementor-element elementor-element-b30b75f ot-traditional elementor-section-boxed elementor-section-height-default elementor-section-height-default\" data-id=\"b30b75f\" data-element_type=\"section\">\n\t\t\t\t\t\t<div class=\"elementor-container elementor-column-gap-default\">\n\t\t\t\t\t<div class=\"elementor-column elementor-col-100 elementor-top-column elementor-element elementor-element-703b570 ot-flex-column-vertical\" data-id=\"703b570\" data-element_type=\"column\">\n\t\t\t<div class=\"elementor-widget-wrap elementor-element-populated\">\n\t\t\t\t\t\t<div class=\"elementor-element elementor-element-c8b4fe1 elementor-align-center elementor-widget elementor-widget-button\" data-id=\"c8b4fe1\" data-element_type=\"widget\" data-widget_type=\"button.default\">\n\t\t\t\t<div class=\"elementor-widget-container\">\n\t\t\t\t\t<div class=\"elementor-button-wrapper\">\n\t\t\t<a class=\"elementor-button elementor-button-link elementor-size-lg\" href=\"https:\/\/app.viqtor.eu\/\">\n\t\t\t\t\t\t<span class=\"elementor-button-content-wrapper\">\n\t\t\t\t\t\t<span class=\"elementor-button-icon\">\n\t\t\t\t<i aria-hidden=\"true\" class=\"fas fa-long-arrow-alt-right\"><\/i>\t\t\t<\/span>\n\t\t\t\t\t\t\t\t\t<span class=\"elementor-button-text\">Atraskite Viqtor\u00ae<\/span>\n\t\t\t\t\t<\/span>\n\t\t\t\t\t<\/a>\n\t\t<\/div>\n\t\t\t\t<\/div>\n\t\t\t\t<\/div>\n\t\t\t\t\t<\/div>\n\t\t<\/div>\n\t\t\t\t\t<\/div>\n\t\t<\/section>\n\t\t\t\t<\/div>","protected":false},"excerpt":{"rendered":"<p>Paslap\u010di\u0173 spindesyje Friedricho Nietzsche&#039;s stiliumi Kart\u0105 seniai, chaoti\u0161kame ir triuk\u0161mingame pasaulyje, gyveno \u017emogus, ie\u0161koj\u0119s tiesos ir laisv\u0117s. Jo vardas buvo Emilis, laisvos dvasios \u017emogus, vedamas stiprios vald\u017eios tro\u0161kimo ir nepasotinamo \u017eini\u0173 tro\u0161kimo. Jis vaik\u0161\u010diojo vienas, klajojo tarp [\u2026]<\/p>","protected":false},"author":1,"featured_media":7697,"comment_status":"open","ping_status":"open","sticky":false,"template":"elementor_header_footer","format":"standard","meta":{"_acf_changed":false,"footnotes":""},"categories":[34],"tags":[],"class_list":["post-7695","post","type-post","status-publish","format-standard","has-post-thumbnail","hentry","category-chronique"],"acf":[],"yoast_head":"<!-- This site is optimized with the Yoast SEO plugin v23.6 - https:\/\/yoast.com\/wordpress\/plugins\/seo\/ -->\n<title>Dans l&#039;\u00c9clat des Secrets - Viqtor<\/title>\n<meta name=\"description\" content=\"Dans l&#039;\u00c9clat des Secrets - Viqtor\" \/>\n<meta name=\"robots\" content=\"index, follow, max-snippet:-1, max-image-preview:large, max-video-preview:-1\" \/>\n<link rel=\"canonical\" href=\"https:\/\/viqtor.eu\/lt\/dans-leclat-des-secrets\/\" \/>\n<meta property=\"og:locale\" content=\"lt_LT\" \/>\n<meta property=\"og:type\" content=\"article\" \/>\n<meta property=\"og:title\" content=\"Dans l&#039;\u00c9clat des Secrets - Viqtor\" \/>\n<meta property=\"og:description\" content=\"Dans l&#039;\u00c9clat des Secrets - Viqtor\" \/>\n<meta property=\"og:url\" content=\"https:\/\/viqtor.eu\/lt\/dans-leclat-des-secrets\/\" \/>\n<meta property=\"og:site_name\" content=\"Viqtor\" \/>\n<meta property=\"article:published_time\" content=\"2023-05-25T16:56:37+00:00\" \/>\n<meta property=\"article:modified_time\" content=\"2024-09-18T12:02:31+00:00\" \/>\n<meta property=\"og:image\" content=\"https:\/\/viqtor.eu\/wp-content\/uploads\/2026\/04\/widget-viqtor.png\" \/>\n\t<meta property=\"og:image:width\" content=\"960\" \/>\n\t<meta property=\"og:image:height\" content=\"960\" \/>\n\t<meta property=\"og:image:type\" content=\"image\/jpeg\" \/>\n<meta name=\"author\" content=\"Bruno\" \/>\n<meta name=\"twitter:card\" content=\"summary_large_image\" \/>\n<meta name=\"twitter:label1\" content=\"Written by\" \/>\n\t<meta name=\"twitter:data1\" content=\"Bruno\" \/>\n\t<meta name=\"twitter:label2\" content=\"Est. reading time\" \/>\n\t<meta name=\"twitter:data2\" content=\"5 minut\u0117s\" \/>\n<script type=\"application\/ld+json\" class=\"yoast-schema-graph\">{\"@context\":\"https:\/\/schema.org\",\"@graph\":[{\"@type\":\"Article\",\"@id\":\"https:\/\/viqtor.eu\/dans-leclat-des-secrets\/#article\",\"isPartOf\":{\"@id\":\"https:\/\/viqtor.eu\/dans-leclat-des-secrets\/\"},\"author\":{\"name\":\"Bruno\",\"@id\":\"https:\/\/viqtor.eu\/#\/schema\/person\/3dbd9cc82a28f6cf1695c92eda0099ad\"},\"headline\":\"dans leclat des secrets\",\"datePublished\":\"2023-05-25T16:56:37+00:00\",\"dateModified\":\"2024-09-18T12:02:31+00:00\",\"mainEntityOfPage\":{\"@id\":\"https:\/\/viqtor.eu\/dans-leclat-des-secrets\/\"},\"wordCount\":1061,\"commentCount\":0,\"publisher\":{\"@id\":\"https:\/\/viqtor.eu\/#organization\"},\"image\":{\"@id\":\"https:\/\/viqtor.eu\/dans-leclat-des-secrets\/#primaryimage\"},\"thumbnailUrl\":\"https:\/\/viqtor.eu\/wp-content\/uploads\/2023\/05\/FRIEDRICCH-NIETZSCHE.jpeg\",\"articleSection\":[\"Chronique\"],\"inLanguage\":\"lt-LT\",\"potentialAction\":[{\"@type\":\"CommentAction\",\"name\":\"Comment\",\"target\":[\"https:\/\/viqtor.eu\/dans-leclat-des-secrets\/#respond\"]}]},{\"@type\":\"WebPage\",\"@id\":\"https:\/\/viqtor.eu\/dans-leclat-des-secrets\/\",\"url\":\"https:\/\/viqtor.eu\/dans-leclat-des-secrets\/\",\"name\":\"Dans l'\u00c9clat des Secrets - Viqtor\",\"isPartOf\":{\"@id\":\"https:\/\/viqtor.eu\/#website\"},\"primaryImageOfPage\":{\"@id\":\"https:\/\/viqtor.eu\/dans-leclat-des-secrets\/#primaryimage\"},\"image\":{\"@id\":\"https:\/\/viqtor.eu\/dans-leclat-des-secrets\/#primaryimage\"},\"thumbnailUrl\":\"https:\/\/viqtor.eu\/wp-content\/uploads\/2023\/05\/FRIEDRICCH-NIETZSCHE.jpeg\",\"datePublished\":\"2023-05-25T16:56:37+00:00\",\"dateModified\":\"2024-09-18T12:02:31+00:00\",\"description\":\"Dans l'\u00c9clat des Secrets - Viqtor\",\"breadcrumb\":{\"@id\":\"https:\/\/viqtor.eu\/dans-leclat-des-secrets\/#breadcrumb\"},\"inLanguage\":\"lt-LT\",\"potentialAction\":[{\"@type\":\"ReadAction\",\"target\":[\"https:\/\/viqtor.eu\/dans-leclat-des-secrets\/\"]}]},{\"@type\":\"ImageObject\",\"inLanguage\":\"lt-LT\",\"@id\":\"https:\/\/viqtor.eu\/dans-leclat-des-secrets\/#primaryimage\",\"url\":\"https:\/\/viqtor.eu\/wp-content\/uploads\/2023\/05\/FRIEDRICCH-NIETZSCHE.jpeg\",\"contentUrl\":\"https:\/\/viqtor.eu\/wp-content\/uploads\/2023\/05\/FRIEDRICCH-NIETZSCHE.jpeg\",\"width\":960,\"height\":960,\"caption\":\"dans leclat des secrets\"},{\"@type\":\"BreadcrumbList\",\"@id\":\"https:\/\/viqtor.eu\/dans-leclat-des-secrets\/#breadcrumb\",\"itemListElement\":[{\"@type\":\"ListItem\",\"position\":1,\"name\":\"Accueil\",\"item\":\"https:\/\/viqtor.eu\/\"},{\"@type\":\"ListItem\",\"position\":2,\"name\":\"dans leclat des secrets\"}]},{\"@type\":\"WebSite\",\"@id\":\"https:\/\/viqtor.eu\/#website\",\"url\":\"https:\/\/viqtor.eu\/\",\"name\":\"Viqtor\",\"description\":\"Faites du RGPD une opportunit\u00e9 pour votre entreprise.\",\"publisher\":{\"@id\":\"https:\/\/viqtor.eu\/#organization\"},\"potentialAction\":[{\"@type\":\"SearchAction\",\"target\":{\"@type\":\"EntryPoint\",\"urlTemplate\":\"https:\/\/viqtor.eu\/?s={search_term_string}\"},\"query-input\":{\"@type\":\"PropertyValueSpecification\",\"valueRequired\":true,\"valueName\":\"search_term_string\"}}],\"inLanguage\":\"lt-LT\"},{\"@type\":\"Organization\",\"@id\":\"https:\/\/viqtor.eu\/#organization\",\"name\":\"viqtor.eu\",\"url\":\"https:\/\/viqtor.eu\/\",\"logo\":{\"@type\":\"ImageObject\",\"inLanguage\":\"lt-LT\",\"@id\":\"https:\/\/viqtor.eu\/#\/schema\/logo\/image\/\",\"url\":\"https:\/\/viqtor.eu\/wp-content\/uploads\/2023\/06\/favicon-noir.svg\",\"contentUrl\":\"https:\/\/viqtor.eu\/wp-content\/uploads\/2023\/06\/favicon-noir.svg\",\"width\":108,\"height\":86,\"caption\":\"viqtor.eu\"},\"image\":{\"@id\":\"https:\/\/viqtor.eu\/#\/schema\/logo\/image\/\"}},{\"@type\":\"Person\",\"@id\":\"https:\/\/viqtor.eu\/#\/schema\/person\/3dbd9cc82a28f6cf1695c92eda0099ad\",\"name\":\"Bruno\",\"image\":{\"@type\":\"ImageObject\",\"inLanguage\":\"lt-LT\",\"@id\":\"https:\/\/viqtor.eu\/#\/schema\/person\/image\/\",\"url\":\"https:\/\/secure.gravatar.com\/avatar\/e5a596f9489de15bfe046e97fb771f63589b601ca7e81ccc2bb9a23582f441a3?s=96&d=mm&r=g\",\"contentUrl\":\"https:\/\/secure.gravatar.com\/avatar\/e5a596f9489de15bfe046e97fb771f63589b601ca7e81ccc2bb9a23582f441a3?s=96&d=mm&r=g\",\"caption\":\"Bruno\"},\"sameAs\":[\"https:\/\/exciting-panini.13-37-234-21.plesk.page\"],\"url\":\"https:\/\/viqtor.eu\/lt\/author\/mouad_zxum2ebi\/\"}]}<\/script>\n<!-- \/ Yoast SEO plugin. -->","yoast_head_json":{"title":"Dans l'\u00c9clat des Secrets - Viqtor","description":"Dans l'\u00c9clat des Secrets - Viqtor","robots":{"index":"index","follow":"follow","max-snippet":"max-snippet:-1","max-image-preview":"max-image-preview:large","max-video-preview":"max-video-preview:-1"},"canonical":"https:\/\/viqtor.eu\/lt\/dans-leclat-des-secrets\/","og_locale":"lt_LT","og_type":"article","og_title":"Dans l'\u00c9clat des Secrets - Viqtor","og_description":"Dans l'\u00c9clat des Secrets - Viqtor","og_url":"https:\/\/viqtor.eu\/lt\/dans-leclat-des-secrets\/","og_site_name":"Viqtor","article_published_time":"2023-05-25T16:56:37+00:00","article_modified_time":"2024-09-18T12:02:31+00:00","og_image":[{"width":960,"height":960,"url":"https:\/\/viqtor.eu\/wp-content\/uploads\/2026\/04\/widget-viqtor.png","type":"image\/jpeg"}],"author":"Bruno","twitter_card":"summary_large_image","twitter_misc":{"Written by":"Bruno","Est. reading time":"5 minut\u0117s"},"schema":{"@context":"https:\/\/schema.org","@graph":[{"@type":"Article","@id":"https:\/\/viqtor.eu\/dans-leclat-des-secrets\/#article","isPartOf":{"@id":"https:\/\/viqtor.eu\/dans-leclat-des-secrets\/"},"author":{"name":"Bruno","@id":"https:\/\/viqtor.eu\/#\/schema\/person\/3dbd9cc82a28f6cf1695c92eda0099ad"},"headline":"dans leclat des secrets","datePublished":"2023-05-25T16:56:37+00:00","dateModified":"2024-09-18T12:02:31+00:00","mainEntityOfPage":{"@id":"https:\/\/viqtor.eu\/dans-leclat-des-secrets\/"},"wordCount":1061,"commentCount":0,"publisher":{"@id":"https:\/\/viqtor.eu\/#organization"},"image":{"@id":"https:\/\/viqtor.eu\/dans-leclat-des-secrets\/#primaryimage"},"thumbnailUrl":"https:\/\/viqtor.eu\/wp-content\/uploads\/2023\/05\/FRIEDRICCH-NIETZSCHE.jpeg","articleSection":["Chronique"],"inLanguage":"lt-LT","potentialAction":[{"@type":"CommentAction","name":"Comment","target":["https:\/\/viqtor.eu\/dans-leclat-des-secrets\/#respond"]}]},{"@type":"WebPage","@id":"https:\/\/viqtor.eu\/dans-leclat-des-secrets\/","url":"https:\/\/viqtor.eu\/dans-leclat-des-secrets\/","name":"Dans l'\u00c9clat des Secrets - Viqtor","isPartOf":{"@id":"https:\/\/viqtor.eu\/#website"},"primaryImageOfPage":{"@id":"https:\/\/viqtor.eu\/dans-leclat-des-secrets\/#primaryimage"},"image":{"@id":"https:\/\/viqtor.eu\/dans-leclat-des-secrets\/#primaryimage"},"thumbnailUrl":"https:\/\/viqtor.eu\/wp-content\/uploads\/2023\/05\/FRIEDRICCH-NIETZSCHE.jpeg","datePublished":"2023-05-25T16:56:37+00:00","dateModified":"2024-09-18T12:02:31+00:00","description":"Dans l'\u00c9clat des Secrets - Viqtor","breadcrumb":{"@id":"https:\/\/viqtor.eu\/dans-leclat-des-secrets\/#breadcrumb"},"inLanguage":"lt-LT","potentialAction":[{"@type":"ReadAction","target":["https:\/\/viqtor.eu\/dans-leclat-des-secrets\/"]}]},{"@type":"ImageObject","inLanguage":"lt-LT","@id":"https:\/\/viqtor.eu\/dans-leclat-des-secrets\/#primaryimage","url":"https:\/\/viqtor.eu\/wp-content\/uploads\/2023\/05\/FRIEDRICCH-NIETZSCHE.jpeg","contentUrl":"https:\/\/viqtor.eu\/wp-content\/uploads\/2023\/05\/FRIEDRICCH-NIETZSCHE.jpeg","width":960,"height":960,"caption":"dans leclat des secrets"},{"@type":"BreadcrumbList","@id":"https:\/\/viqtor.eu\/dans-leclat-des-secrets\/#breadcrumb","itemListElement":[{"@type":"ListItem","position":1,"name":"Accueil","item":"https:\/\/viqtor.eu\/"},{"@type":"ListItem","position":2,"name":"dans leclat des secrets"}]},{"@type":"WebSite","@id":"https:\/\/viqtor.eu\/#website","url":"https:\/\/viqtor.eu\/","name":"Viqtor","description":"Faites du RGPD une opportunit\u00e9 pour votre entreprise.","publisher":{"@id":"https:\/\/viqtor.eu\/#organization"},"potentialAction":[{"@type":"SearchAction","target":{"@type":"EntryPoint","urlTemplate":"https:\/\/viqtor.eu\/?s={search_term_string}"},"query-input":{"@type":"PropertyValueSpecification","valueRequired":true,"valueName":"search_term_string"}}],"inLanguage":"lt-LT"},{"@type":"Organization","@id":"https:\/\/viqtor.eu\/#organization","name":"viqtor.eu","url":"https:\/\/viqtor.eu\/","logo":{"@type":"ImageObject","inLanguage":"lt-LT","@id":"https:\/\/viqtor.eu\/#\/schema\/logo\/image\/","url":"https:\/\/viqtor.eu\/wp-content\/uploads\/2023\/06\/favicon-noir.svg","contentUrl":"https:\/\/viqtor.eu\/wp-content\/uploads\/2023\/06\/favicon-noir.svg","width":108,"height":86,"caption":"viqtor.eu"},"image":{"@id":"https:\/\/viqtor.eu\/#\/schema\/logo\/image\/"}},{"@type":"Person","@id":"https:\/\/viqtor.eu\/#\/schema\/person\/3dbd9cc82a28f6cf1695c92eda0099ad","name":"Bruno","image":{"@type":"ImageObject","inLanguage":"lt-LT","@id":"https:\/\/viqtor.eu\/#\/schema\/person\/image\/","url":"https:\/\/secure.gravatar.com\/avatar\/e5a596f9489de15bfe046e97fb771f63589b601ca7e81ccc2bb9a23582f441a3?s=96&d=mm&r=g","contentUrl":"https:\/\/secure.gravatar.com\/avatar\/e5a596f9489de15bfe046e97fb771f63589b601ca7e81ccc2bb9a23582f441a3?s=96&d=mm&r=g","caption":"Bruno"},"sameAs":["https:\/\/exciting-panini.13-37-234-21.plesk.page"],"url":"https:\/\/viqtor.eu\/lt\/author\/mouad_zxum2ebi\/"}]}},"_links":{"self":[{"href":"https:\/\/viqtor.eu\/lt\/wp-json\/wp\/v2\/posts\/7695","targetHints":{"allow":["GET"]}}],"collection":[{"href":"https:\/\/viqtor.eu\/lt\/wp-json\/wp\/v2\/posts"}],"about":[{"href":"https:\/\/viqtor.eu\/lt\/wp-json\/wp\/v2\/types\/post"}],"author":[{"embeddable":true,"href":"https:\/\/viqtor.eu\/lt\/wp-json\/wp\/v2\/users\/1"}],"replies":[{"embeddable":true,"href":"https:\/\/viqtor.eu\/lt\/wp-json\/wp\/v2\/comments?post=7695"}],"version-history":[{"count":9,"href":"https:\/\/viqtor.eu\/lt\/wp-json\/wp\/v2\/posts\/7695\/revisions"}],"predecessor-version":[{"id":12439,"href":"https:\/\/viqtor.eu\/lt\/wp-json\/wp\/v2\/posts\/7695\/revisions\/12439"}],"wp:featuredmedia":[{"embeddable":true,"href":"https:\/\/viqtor.eu\/lt\/wp-json\/wp\/v2\/media\/7697"}],"wp:attachment":[{"href":"https:\/\/viqtor.eu\/lt\/wp-json\/wp\/v2\/media?parent=7695"}],"wp:term":[{"taxonomy":"category","embeddable":true,"href":"https:\/\/viqtor.eu\/lt\/wp-json\/wp\/v2\/categories?post=7695"},{"taxonomy":"post_tag","embeddable":true,"href":"https:\/\/viqtor.eu\/lt\/wp-json\/wp\/v2\/tags?post=7695"}],"curies":[{"name":"wp","href":"https:\/\/api.w.org\/{rel}","templated":true}]}}