{"id":5475,"date":"2023-04-19T12:47:05","date_gmt":"2023-04-19T12:47:05","guid":{"rendered":"https:\/\/exciting-panini.13-37-234-21.plesk.page\/?p=5475"},"modified":"2024-07-23T14:15:08","modified_gmt":"2024-07-23T14:15:08","slug":"responsable-et-sous-traitant-qui-engage-sa-responsabilite","status":"publish","type":"post","link":"https:\/\/viqtor.eu\/lt\/responsable-et-sous-traitant-qui-engage-sa-responsabilite\/","title":{"rendered":"Vadovas ir subrangovas: kas atsakingas?"},"content":{"rendered":"<div data-elementor-type=\"wp-post\" data-elementor-id=\"5475\" class=\"elementor elementor-5475\" data-elementor-post-type=\"post\">\n\t\t\t\t\t\t<section class=\"elementor-section elementor-top-section elementor-element elementor-element-4136e7b ot-traditional elementor-section-boxed elementor-section-height-default elementor-section-height-default\" data-id=\"4136e7b\" data-element_type=\"section\">\n\t\t\t\t\t\t<div class=\"elementor-container elementor-column-gap-default\">\n\t\t\t\t\t<div class=\"elementor-column elementor-col-100 elementor-top-column elementor-element elementor-element-bcb2354 ot-flex-column-vertical\" data-id=\"bcb2354\" data-element_type=\"column\">\n\t\t\t<div class=\"elementor-widget-wrap elementor-element-populated\">\n\t\t\t\t\t\t<div class=\"elementor-element elementor-element-75a3216 elementor-widget elementor-widget-image\" data-id=\"75a3216\" data-element_type=\"widget\" data-widget_type=\"image.default\">\n\t\t\t\t<div class=\"elementor-widget-container\">\n\t\t\t\t\t\t\t\t\t\t\t\t\t<img fetchpriority=\"high\" decoding=\"async\" width=\"1000\" height=\"667\" src=\"https:\/\/viqtor.eu\/wp-content\/uploads\/2023\/04\/Responsable-et-sous-traitant-qui-engage-sa-responsabilite.jpg\" class=\"attachment-full size-full wp-image-11942\" alt=\"Responsable et sous-traitant : qui engage sa responsabilit\u00e9 ?\" srcset=\"https:\/\/viqtor.eu\/wp-content\/uploads\/2023\/04\/Responsable-et-sous-traitant-qui-engage-sa-responsabilite.jpg 1000w, https:\/\/viqtor.eu\/wp-content\/uploads\/2023\/04\/Responsable-et-sous-traitant-qui-engage-sa-responsabilite-300x200.jpg 300w, https:\/\/viqtor.eu\/wp-content\/uploads\/2023\/04\/Responsable-et-sous-traitant-qui-engage-sa-responsabilite-768x512.jpg 768w, https:\/\/viqtor.eu\/wp-content\/uploads\/2023\/04\/Responsable-et-sous-traitant-qui-engage-sa-responsabilite-720x480.jpg 720w\" sizes=\"(max-width: 1000px) 100vw, 1000px\" \/>\t\t\t\t\t\t\t\t\t\t\t\t\t<\/div>\n\t\t\t\t<\/div>\n\t\t\t\t\t<\/div>\n\t\t<\/div>\n\t\t\t\t\t<\/div>\n\t\t<\/section>\n\t\t\t\t<section class=\"elementor-section elementor-top-section elementor-element elementor-element-e4d33c3 ot-traditional elementor-section-boxed elementor-section-height-default elementor-section-height-default\" data-id=\"e4d33c3\" data-element_type=\"section\">\n\t\t\t\t\t\t<div class=\"elementor-container elementor-column-gap-default\">\n\t\t\t\t\t<div class=\"elementor-column elementor-col-100 elementor-top-column elementor-element elementor-element-eca9c66 ot-flex-column-vertical\" data-id=\"eca9c66\" data-element_type=\"column\">\n\t\t\t<div class=\"elementor-widget-wrap elementor-element-populated\">\n\t\t\t\t\t\t<div class=\"elementor-element elementor-element-40645c9 elementor-widget elementor-widget-heading\" data-id=\"40645c9\" data-element_type=\"widget\" data-widget_type=\"heading.default\">\n\t\t\t\t<div class=\"elementor-widget-container\">\n\t\t\t<h1 class=\"elementor-heading-title elementor-size-default\">Vadovas ir subrangovas: kas atsakingas?<\/h1>\t\t<\/div>\n\t\t\t\t<\/div>\n\t\t\t\t\t<\/div>\n\t\t<\/div>\n\t\t\t\t\t<\/div>\n\t\t<\/section>\n\t\t\t\t<section class=\"elementor-section elementor-top-section elementor-element elementor-element-2ee7c31f ot-traditional elementor-section-boxed elementor-section-height-default elementor-section-height-default\" data-id=\"2ee7c31f\" data-element_type=\"section\">\n\t\t\t\t\t\t<div class=\"elementor-container elementor-column-gap-default\">\n\t\t\t\t\t<div class=\"elementor-column elementor-col-100 elementor-top-column elementor-element elementor-element-69b2f918 ot-flex-column-vertical\" data-id=\"69b2f918\" data-element_type=\"column\">\n\t\t\t<div class=\"elementor-widget-wrap elementor-element-populated\">\n\t\t\t\t\t\t<div class=\"elementor-element elementor-element-312cc526 elementor-widget elementor-widget-text-editor\" data-id=\"312cc526\" data-element_type=\"widget\" data-widget_type=\"text-editor.default\">\n\t\t\t\t<div class=\"elementor-widget-container\">\n\t\t\t\t\t\t\t<!-- wp:paragraph -->\n<p>Teisinis steb\u0117jimas Nr. 39 \u2013 <strong>2021 m. rugs\u0117jis<\/strong><\/p>\n<!-- \/wp:paragraph -->\n\n<!-- wp:paragraph -->\n<p><strong>Vadovas ir subrangovas: kas atsakingas?<\/strong> Daugelis duomen\u0173 valdytoj\u0173 naudojasi subrangov\u0173 paslaugomis, nesvarbu, ar tai b\u016bt\u0173 \u017emogi\u0161k\u0173j\u0173 i\u0161tekli\u0173 valdymas, reklamos taikymas, ar duomen\u0173 saugumas.<\/p>\n<!-- \/wp:paragraph -->\n\n<!-- wp:paragraph -->\n<p>Subrangovo pasitelkimas n\u0117ra nereik\u0161mingas atsi\u017evelgiant \u012f BDAR, kuriame nurodoma ir sustiprinama atitinkama skirting\u0173 subjekt\u0173 atsakomyb\u0117.<\/p>\n<!-- \/wp:paragraph -->\n\n<!-- wp:paragraph -->\n<p><strong>Kada kalbame apie subrangos sutartis?<\/strong><\/p>\n<!-- \/wp:paragraph -->\n\n<!-- wp:paragraph -->\n<p>CNIL informaciniais tikslais mini kelet\u0105 organizacij\u0173:<\/p>\n<!-- \/wp:paragraph -->\n\n<!-- wp:list -->\n<ul><!-- wp:list-item -->\n<li>IT paslaug\u0173 teik\u0117jai (talpinimas, prie\u017ei\u016bra ir kt.), programin\u0117s \u012frangos integratoriai, IT saugumo \u012fmon\u0117s, skaitmenini\u0173 paslaug\u0173 \u012fmon\u0117s,<\/li>\n<!-- \/wp:list-item -->\n\n<!-- wp:list-item -->\n<li>Rinkodaros ar komunikacijos agent\u016bros, kurios tvarko asmens duomenis klient\u0173 vardu ir<\/li>\n<!-- \/wp:list-item -->\n\n<!-- wp:list-item -->\n<li>Apskritai tai bet kuri organizacija (vie\u0161oji ar privati), si\u016blanti paslaug\u0105 ar teikianti paslaugas, susijusias su asmens duomen\u0173 tvarkymu kitos organizacijos vardu.<\/li>\n<!-- \/wp:list-item --><\/ul>\n<!-- \/wp:list -->\n\n<!-- wp:paragraph -->\n<p>Programin\u0117s \u012frangos leid\u0117jai arba technin\u0117s \u012frangos gamintojai (\u017eenkleli\u0173 skaitytuvai, biometrin\u0117 \u012franga, medicinos \u012franga), kurie neturi prieigos prie asmens duomen\u0173 ir j\u0173 netvarko, nelaikomi subrangovais.<\/p>\n<!-- \/wp:paragraph -->\n\n<!-- wp:paragraph -->\n<p><strong>Subrangovo atsakomyb\u0119 sustiprina BDAR<\/strong><\/p>\n<!-- \/wp:paragraph -->\n\n<!-- wp:paragraph -->\n<p>Europos reglamentu siekiama, kad visi suinteresuotieji asmenys, dalyvaujantys asmens duomen\u0173 tvarkyme, b\u016bt\u0173 atskaitingesni ir labiau subalansuotu b\u016bdu.<\/p>\n<!-- \/wp:paragraph -->\n\n<!-- wp:paragraph -->\n<p>Subrangov\u0173 vaidmuo kei\u010diasi ir jie tampa iniciatyvesni: jie nebe tik vykdo duomen\u0173 valdytojo nurodymus, bet ir, pagal BDAR 28 straipsn\u012f, privalo pad\u0117ti jam nuolat vykdyti atitikties proces\u0105: poveikio analiz\u0117s, prane\u0161imai apie pa\u017eeidimus, saugumas, duomen\u0173 naikinimas, ind\u0117lis \u012f auditus.<\/p>\n<!-- \/wp:paragraph -->\n\n<!-- wp:paragraph -->\n<p><strong>Kas atsakingas? Kokia rizika kyla duomen\u0173 valdytojui?<\/strong><\/p>\n<!-- \/wp:paragraph -->\n\n<!-- wp:paragraph -->\n<p>Prie\u0161 \u012fsigaliojant BDAR, duomen\u0173 valdytojas tur\u0117jo atsi\u017evelgti \u012f savo subrangovo veiksmus: pastarasis tur\u0117jo pateikti pakankamas garantijas, kad b\u016bt\u0173 \u012fgyvendintos duomen\u0173 saugumo ir konfidencialumo priemon\u0117s, ta\u010diau duomen\u0173 valdytojas buvo atsakingas u\u017e \u0161i\u0173 \u012fsipareigojim\u0173 laikym\u0105si: \u201eaplinkyb\u0117, kad duomen\u0173 saugumo pa\u017eeidimas gal\u0117jo kilti d\u0117l subrangovo padarytos klaidos, neturi \u012ftakos duomen\u0173 valdytojo pareigai u\u017etikrinti grie\u017et\u0105 pastarojo atlikt\u0173 veiksm\u0173 steb\u0117sen\u0105\u201c, kaip matyti i\u0161 2018 m. rugs\u0117jo 6 d. CNIL svarstymo, kuriuo duomen\u0173 valdytojui buvo skirta finansin\u0117 bauda.<\/p>\n<!-- \/wp:paragraph -->\n\n<!-- wp:paragraph -->\n<p><strong>Nors BDAR neatleid\u017eia duomen\u0173 valdytojo nuo jo paties \u012fsipareigojim\u0173, jame numatyta didesn\u0117 subrangovo atsakomyb\u0117.<\/strong><\/p>\n<!-- \/wp:paragraph -->\n\n<!-- wp:paragraph -->\n<p>CNIL tai i\u0161ai\u0161kino \u0161iais metais, savo pirmajame sprendime, priimtame 2021 m. sausio m\u0117n.<\/p>\n<!-- \/wp:paragraph -->\n\n<!-- wp:paragraph -->\n<p>Kredencial\u0173 duomen\u0173 klastojimo* atveju vadovui ir subrangovui prireik\u0117 daugiau nei met\u0173, kad \u012fdiegt\u0173 \u012frank\u012f, skirt\u0105 aptikti ir blokuoti atakas svetain\u0117je.<\/p>\n<!-- \/wp:paragraph -->\n\n<!-- wp:paragraph -->\n<p>Vadovui skirta 150 000 eur\u0173 bauda, o subrangovui \u2013 75 000 eur\u0173 bauda.<\/p>\n<!-- \/wp:paragraph -->\n\n<!-- wp:paragraph -->\n<p>CNIL nurodo, kad \u201eduomen\u0173 valdytojas turi nuspr\u0119sti d\u0117l priemoni\u0173 \u012fgyvendinimo ir pateikti dokumentuotus nurodymus savo subrangovui. Ta\u010diau subrangovas taip pat turi ie\u0161koti tinkamiausi\u0173 technini\u0173 ir organizacini\u0173 sprendim\u0173 asmens duomen\u0173 saugumui u\u017etikrinti ir pasi\u016blyti juos duomen\u0173 valdytojui\u201c.<\/p>\n<!-- \/wp:paragraph -->\n\n<!-- wp:paragraph -->\n<p><strong>Vis\u0173 pirma: sutartyje ai\u0161kiai nustatykite vaidmenis ir atsakomybes<\/strong><\/p>\n<!-- \/wp:paragraph -->\n\n<!-- wp:paragraph -->\n<p>\u0160i sutartis gali b\u016bti visi\u0161kai arba i\u0161 dalies pagr\u012fsta standartin\u0117mis sutar\u010di\u0173 s\u0105lygomis (SCS).<\/p>\n<!-- \/wp:paragraph -->\n\n<!-- wp:paragraph -->\n<p>Nuo 2019 m. trys Europos duomen\u0173 apsaugos institucijos (Danijos, Slov\u0117nijos ir Lietuvos) pri\u0117m\u0117 standartines sutar\u010di\u0173 s\u0105lygas (SCS) duomen\u0173 tvarkytojams, d\u0117l kuri\u0173 Europos duomen\u0173 apsaugos valdyba (EDAV) paskelb\u0117 nuomon\u0119. 2021 m. bir\u017eelio 4 d. Europos Komisija paskelb\u0117 standartines sutar\u010di\u0173 s\u0105lygas (SCS) tarp duomen\u0173 valdytoj\u0173 ir tvarkytoj\u0173 pagal BDAR ir Reglament\u0105 (ES) 2018\/1725.<\/p>\n<!-- \/wp:paragraph -->\n\n<!-- wp:paragraph -->\n<p>CNIL savo subrangov\u0173 vadove taip pat pateikia sutar\u010di\u0173 s\u0105lyg\u0173 pavyzd\u017eius.<\/p>\n<!-- \/wp:paragraph -->\n\n<!-- wp:paragraph -->\n<p>Sutartyje turi b\u016bti apibr\u0117\u017eta:<\/p>\n<!-- \/wp:paragraph -->\n\n<!-- wp:list -->\n<ul><!-- wp:list-item -->\n<li>Paslaugos tikslas ir trukm\u0117<\/li>\n<!-- \/wp:list-item -->\n\n<!-- wp:list-item -->\n<li>Tvarkymo pob\u016bdis ir tikslas<\/li>\n<!-- \/wp:list-item -->\n\n<!-- wp:list-item -->\n<li>Tvarkom\u0173 asmens duomen\u0173 r\u016b\u0161is<\/li>\n<!-- \/wp:list-item -->\n\n<!-- wp:list-item -->\n<li>Suinteresuot\u0173 asmen\u0173 kategorijos<\/li>\n<!-- \/wp:list-item -->\n\n<!-- wp:list-item -->\n<li>Kliento, kaip duomen\u0173 valdytojo, pareigos ir teis\u0117s<\/li>\n<!-- \/wp:list-item -->\n\n<!-- wp:list-item -->\n<li>Subrangovo pareigos ir teis\u0117s, numatytos BDAR 28 straipsnyje<\/li>\n<!-- \/wp:list-item --><\/ul>\n<!-- \/wp:list -->\n\n<!-- wp:paragraph -->\n<p>Subrangovas privalo laikytis vis\u0173 pirma \u0161i\u0173 \u012fsipareigojim\u0173:<\/p>\n<!-- \/wp:paragraph -->\n\n<!-- wp:list -->\n<ul><!-- wp:list-item -->\n<li>Paskirti duomen\u0173 apsaugos pareig\u016bn\u0105, jei tai yra vald\u017eios institucija ar vie\u0161oji \u012fstaiga, jei ji reguliariai ir sistemingai dideliu mastu stebi asmenis arba dideliu mastu tvarko vadinamuosius \u201ejautrius\u201c duomenis arba duomenis, susijusius su apkaltinamaisiais nuosprend\u017eiais ir nusikaltimais.<\/li>\n<!-- \/wp:list-item -->\n\n<!-- wp:list-item -->\n<li>Dokumentuokite savo subrangos veikl\u0105 ir tvarkykite apdorojimo operacij\u0173 registr\u0105<\/li>\n<!-- \/wp:list-item -->\n\n<!-- wp:list-item -->\n<li>Si\u016blyti \u012frankius, kurie gerbia asmens duomenis (pvz., asmenin\u0117s informacijos s\u0105saja, prenumeratos atsisakymo nuoroda)<\/li>\n<!-- \/wp:list-item -->\n\n<!-- wp:list-item -->\n<li>Pad\u0117ti duomen\u0173 valdytojui atsakyti \u012f pra\u0161ymus pasinaudoti asmen\u0173 teis\u0117mis<\/li>\n<!-- \/wp:list-item -->\n\n<!-- wp:list-item -->\n<li>U\u017etikrinti surinkt\u0173 duomen\u0173 saugum\u0105.<\/li>\n<!-- \/wp:list-item --><\/ul>\n<!-- \/wp:list -->\n\n<!-- wp:paragraph -->\n<p>Saugumo problemos yra vienos i\u0161 t\u0173, kurios da\u017eniausiai sukelia pa\u017eeidimus ir gin\u010dus. Tod\u0117l duomen\u0173 valdytojui rekomenduojama:<\/p>\n<!-- \/wp:paragraph -->\n\n<!-- wp:list -->\n<ul><!-- wp:list-item -->\n<li>Reikalauti, kad paslaug\u0173 teik\u0117jas informuot\u0173 apie savo informacini\u0173 sistem\u0173 saugumo politik\u0105;<\/li>\n<!-- \/wp:list-item -->\n\n<!-- wp:list-item -->\n<li>U\u017etikrinti ir dokumentuoti subrangovo si\u016blom\u0173 duomen\u0173 apsaugos garantij\u0173 veiksmingum\u0105.<\/li>\n<!-- \/wp:list-item -->\n\n<!-- wp:list-item -->\n<li>Siekiant patikrinti priemoni\u0173 veiksmingum\u0105, pavyzd\u017eiui, atliekant saugumo auditus arba apsilankant patalpose.<\/li>\n<!-- \/wp:list-item --><\/ul>\n<!-- \/wp:list -->\n\n<!-- wp:paragraph -->\n<p><em>* \u012egaliojim\u0173 klastojimas yra kibernetin\u0117s atakos r\u016b\u0161is, kai pavogta paskyros informacija, paprastai sudaryta i\u0161 naudotoj\u0173 ID ir susijusi\u0173 slapta\u017eod\u017ei\u0173 s\u0105ra\u0161\u0173 (da\u017enai gaut\u0173 suk\u010diavimo b\u016bdu), naudojama siekiant gauti neteis\u0117t\u0105 prieig\u0105 prie naudotoj\u0173 paskyr\u0173 per didelio masto automatines prisijungimo u\u017eklausas prie \u017einiatinklio program\u0173.<\/em><\/p>\n<!-- \/wp:paragraph -->\n\n<!-- wp:paragraph -->\n<p><strong><u>Ir taip pat<\/u><\/strong><\/p>\n<!-- \/wp:paragraph -->\n\n<!-- wp:paragraph -->\n<p><strong>Pranc\u016bzija:<\/strong><\/p>\n<!-- \/wp:paragraph -->\n\n<!-- wp:paragraph -->\n<p>Ten <strong>Duomen\u0173 nutek\u0117jimas i\u0161 Pary\u017eiaus valstybini\u0173 ligonini\u0173 (AP-HP)<\/strong> CNIL buvo prane\u0161ta apie 1,4 mln. \u017emoni\u0173, kuriems 2020 m. viduryje buvo atliktas COVID-19 testas. Komisija ir vyriausyb\u0117 paskelb\u0117 informacin\u012f prane\u0161im\u0105 suinteresuotiesiems asmenims.<\/p>\n<!-- \/wp:paragraph -->\n\n<!-- wp:paragraph -->\n<p>ANSSI skelbia rekomendacijas d\u0117l <strong>prijungt\u0173 objekt\u0173 saugumas<\/strong>.<\/p>\n<!-- \/wp:paragraph -->\n\n<!-- wp:paragraph -->\n<p>A <strong>steb\u0117jimo ir apsaugos nuo u\u017esienio skaitmenini\u0173 trukd\u017ei\u0173 paslauga<\/strong> (Viginum) buvo \u012fkurta liepos 13 d. dekretu. Jos misija \u2013 aptikti ir analizuoti Pranc\u016bzijai prie\u0161i\u0161k\u0105 turin\u012f skaitmenin\u0117se platformose, generuojam\u0105 i\u0161 u\u017esienio.<\/p>\n<!-- \/wp:paragraph -->\n\n<!-- wp:paragraph -->\n<p><strong>Momentiniai prane\u0161imai yra privatus susira\u0161in\u0117jimas<\/strong> Liepos 23 d. sprendime Meaux pramon\u0117s tribunolas nusprend\u0117, kad bendrov\u0117 \u201eEurodisney\u201c negali atleisti darbuotojo d\u0117l pokalbio \u201eMessenger\u201c programoje, prie kurios ji netur\u0117jo prieigos, net jei \u0161i prane\u0161im\u0173 siuntimo paslauga nebuvo apsaugota slapta\u017eod\u017eiu.<\/p>\n<!-- \/wp:paragraph -->\n\n<!-- wp:paragraph -->\n<p><strong>Europa:<\/strong><\/p>\n<!-- \/wp:paragraph -->\n\n<!-- wp:paragraph -->\n<p>Europos Komisija paskelb\u0117, kad rugs\u0117jo 15 d. <strong>teis\u0117k\u016bros iniciatyva d\u0117l prijungt\u0173 objekt\u0173 kibernetinio saugumo<\/strong>Tai papildys si\u016blom\u0105 NIS2 direktyv\u0105 d\u0117l tinklo saugumo.<\/p>\n<!-- \/wp:paragraph -->\n\n<!-- wp:paragraph -->\n<p>Po daugiau nei metus trukusi\u0173 deryb\u0173, <strong>Jungtin\u0117s Valstijos ir Europa dar nepasiek\u0117 susitarimo d\u0117l transatlantinio duomen\u0173 perdavimo<\/strong>\u0160i\u0173 deryb\u0173 tikslas \u2013 i\u0161spr\u0119sti teisin\u0119 sprag\u0105, atsiradusi\u0105 d\u0117l Europos Teisingumo Teismo sprendimo Schrems II byloje, kuriuo buvo panaikintas \u201ePrivatumo skydas\u201c.<\/p>\n<!-- \/wp:paragraph -->\n\n<!-- wp:paragraph -->\n<p>Vis d\u0117lto dedamos pastangos bendradarbiauti, pavyzd\u017eiui, dirbtinio intelekto srityje ir reguliuojant platformas, platinan\u010dias neteis\u0117t\u0105 turin\u012f internete.<\/p>\n<!-- \/wp:paragraph -->\n\n<!-- wp:paragraph -->\n<p>Tai teigiama ES ir JAV prekybos ir technologij\u0173 tarybos inauguracijos komunikate, paskelbtame rugs\u0117jo 29 d.<\/p>\n<!-- \/wp:paragraph -->\n\n<!-- wp:paragraph -->\n<p>Nuo rugs\u0117jo 27 d. duomen\u0173 perdavimas \u012f \u0161al\u012f, nepriklausan\u010di\u0105 Europos S\u0105jungai ir kuri laikoma neu\u017etikrinan\u010dia tinkamo apsaugos lygio, turi b\u016bti grind\u017eiamas... <strong>modernizuota standartini\u0173 sutar\u010di\u0173 s\u0105lyg\u0173 versija <\/strong>Europos Komisijos, paskelbta bir\u017eelio 4 d.<\/p>\n<!-- \/wp:paragraph -->\n\n<!-- wp:paragraph -->\n<p>Europos duomen\u0173 apsaugos prie\u017ei\u016bros pareig\u016bnas rugs\u0117jo 24 d. paskelb\u0117 nuomon\u0119 d\u0117l Europos Komisijos pasi\u016blymo d\u0117l <strong>kova su pinig\u0173 plovimu<\/strong>, kuriame jis pabr\u0117\u017eia renkam\u0173 asmens duomen\u0173 b\u016btinumo ir proporcingumo principus.<\/p>\n<!-- \/wp:paragraph -->\n\n<!-- wp:paragraph -->\n<p><strong>Belgijos vald\u017eios institucija<\/strong> rugs\u0117jo 23 d. paskelb\u0117 prane\u0161im\u0105 d\u0117l naudojimosi prat\u0119simo <strong>Saugu nuo Covid<\/strong> Bilietai \u012f kasdienio gyvenimo vietas ir \u012fvykius.<\/p>\n<!-- \/wp:paragraph -->\n\n<!-- wp:paragraph -->\n<p>Ji primena pareig\u0105 \u012frodyti \u0161io \u201esveikatos paso\u201c b\u016btinum\u0105 ir proporcingum\u0105 bei ki\u0161im\u0105si \u012f privat\u0173 gyvenim\u0105, kur\u012f jis rei\u0161kia.<\/p>\n<!-- \/wp:paragraph -->\n\n<!-- wp:paragraph -->\n<p><strong>Airijos duomen\u0173 apsaugos institucija vis dar laikoma kli\u016btimi, kai kalbama apie atitikt\u012f BDAR.<\/strong>.<\/p>\n<!-- \/wp:paragraph -->\n\n<!-- wp:paragraph -->\n<p>Vis d\u0117lto atkreipkime d\u0117mes\u012f \u012f jo rugs\u0117jo 17 d. prane\u0161im\u0105 kartu su <strong>Italijos vald\u017eia<\/strong>, d\u0117l<strong>\u201eFacebook\u201c akini\u0173 vaizdo \u012fra\u0161\u0173 ir nuotrauk\u0173 funkcij\u0173 poveikis <\/strong>privatumo klausimais.<\/p>\n<!-- \/wp:paragraph -->\n\n<!-- wp:paragraph -->\n<p>Tuo pa\u010diu metu, <strong>Norvegijos vald\u017eios institucijos paskelb\u0117 sprendim\u0105 nebenaudoti \u201eFacebook\u201c savo komunikacijai, <\/strong>atlikus duomen\u0173 apsaugos poveikio vertinim\u0105.<\/p>\n<!-- \/wp:paragraph -->\n\n<!-- wp:paragraph -->\n<p>THE <strong>Lietuvos gynybos ministerija<\/strong> rugs\u0117jo 21 d. prane\u0161ime rekomendavo nenaudoti <strong>Kini\u0161ki telefonai<\/strong> pavyzd\u017eiui, \u201eXiaomi Corp\u201c, kuri integruoja programin\u0119 \u012frang\u0105 tam tikriems prane\u0161imams aptikti ir cenz\u016bruoti.<\/p>\n<!-- \/wp:paragraph -->\n\n<!-- wp:paragraph -->\n<p><strong>Tarptautinis:<\/strong><\/p>\n<!-- \/wp:paragraph -->\n\n<!-- wp:paragraph -->\n<p><strong>Pirmoji duomen\u0173 apsaugos institucij\u0173 G7 vir\u0161\u016bn\u0117<\/strong> Rugs\u0117jo 7 ir 8 dienomis, vadovaujant Jungtinei Karalystei, sub\u016br\u0117 Pranc\u016bzijos, Italijos, Kanados, Did\u017eiosios Britanijos, Vokietijos, Japonijos ir Jungtini\u0173 Amerikos Valstij\u0173 vald\u017eios institucijas.<\/p>\n<!-- \/wp:paragraph -->\n\n<!-- wp:paragraph -->\n<p>Vald\u017eios institucijos aptar\u0117 tarptautinius duomen\u0173 apsaugos klausimus, \u012fskaitant tarpvalstybinius duomen\u0173 srautus, su pandemija susijusius klausimus ir dirbtinio intelekto pl\u0117tr\u0105.<\/p>\n<!-- \/wp:paragraph -->\n\n<!-- wp:paragraph -->\n<p><strong>Urugvajus,<\/strong> Europos S\u0105junga laiko \u0161alimi, u\u017etikrinan\u010dia tinkam\u0105 asmens duomen\u0173 apsaugos lyg\u012f.<strong>, atnaujino savo pa\u010dios atlikt\u0105 \u0161ali\u0173, \u012f kurias duomen\u0173 perdavimas yra teisi\u0161kai \u012fmanomas, vertinim\u0105.<\/strong>.<\/p>\n<!-- \/wp:paragraph -->\n\n<!-- wp:paragraph -->\n<p>\u0160is vertinimas <strong>ne\u012ftraukiamos Jungtin\u0117s Valstijos<\/strong> \u0161alyse, kuriose yra pakankamas apsaugos lygis.<\/p>\n<!-- \/wp:paragraph -->\n\n<!-- wp:paragraph -->\n<p>Duomen\u0173 perdavimas tarp Urugvajaus ir Jungtini\u0173 Valstij\u0173 dabar tur\u0117s u\u017etikrinti konkre\u010dias garantijas, pavyzd\u017eiui, atitinkam\u0173 sutar\u010di\u0173 s\u0105lyg\u0173 laikym\u0105si.<\/p>\n<!-- \/wp:paragraph -->\n\n<!-- wp:paragraph -->\n<p><em>Anne Christine Lacoste<\/em><\/p>\n<!-- \/wp:paragraph -->\n\n<!-- wp:paragraph -->\n<p><em>\u201eOlivier Weber Avocat\u201c partner\u0117 Anne Christine Lacoste yra teisinink\u0117, kurios specializacija \u2013 duomen\u0173 teis\u0117; ji buvo Europos duomen\u0173 apsaugos prie\u017ei\u016bros pareig\u016bno tarptautini\u0173 santyki\u0173 vadov\u0117 ir dirbo \u012fgyvendinant BDAR Europos S\u0105jungoje.<\/em><\/p>\n<!-- \/wp:paragraph -->\t\t\t\t\t\t<\/div>\n\t\t\t\t<\/div>\n\t\t\t\t\t<\/div>\n\t\t<\/div>\n\t\t\t\t\t<\/div>\n\t\t<\/section>\n\t\t\t\t<section class=\"elementor-section elementor-top-section elementor-element elementor-element-42631a4 ot-traditional elementor-section-boxed elementor-section-height-default elementor-section-height-default\" data-id=\"42631a4\" data-element_type=\"section\">\n\t\t\t\t\t\t<div class=\"elementor-container elementor-column-gap-default\">\n\t\t\t\t\t<div class=\"elementor-column elementor-col-100 elementor-top-column elementor-element elementor-element-751f555 ot-flex-column-vertical\" data-id=\"751f555\" data-element_type=\"column\">\n\t\t\t<div class=\"elementor-widget-wrap elementor-element-populated\">\n\t\t\t\t\t\t<div class=\"elementor-element elementor-element-a8f07f3 elementor-align-center elementor-widget elementor-widget-button\" data-id=\"a8f07f3\" data-element_type=\"widget\" data-widget_type=\"button.default\">\n\t\t\t\t<div class=\"elementor-widget-container\">\n\t\t\t\t\t<div class=\"elementor-button-wrapper\">\n\t\t\t<a class=\"elementor-button elementor-button-link elementor-size-lg\" href=\"https:\/\/app.viqtor.eu\/\">\n\t\t\t\t\t\t<span class=\"elementor-button-content-wrapper\">\n\t\t\t\t\t\t<span class=\"elementor-button-icon\">\n\t\t\t\t<i aria-hidden=\"true\" class=\"fas fa-long-arrow-alt-right\"><\/i>\t\t\t<\/span>\n\t\t\t\t\t\t\t\t\t<span class=\"elementor-button-text\">Atraskite Viqtor\u00ae<\/span>\n\t\t\t\t\t<\/span>\n\t\t\t\t\t<\/a>\n\t\t<\/div>\n\t\t\t\t<\/div>\n\t\t\t\t<\/div>\n\t\t\t\t\t<\/div>\n\t\t<\/div>\n\t\t\t\t\t<\/div>\n\t\t<\/section>\n\t\t\t\t<\/div>","protected":false},"excerpt":{"rendered":"<p>Duomen\u0173 valdytojas ir subrangovas: kas atsakingas? \u201eLegal Watch\u201c Nr. 39 \u2013 2021 m. rugs\u0117jis Duomen\u0173 valdytojas ir subrangovas: kas atsakingas? Daugelis duomen\u0173 valdytoj\u0173 naudojasi subrangov\u0173 paslaugomis, nesvarbu, ar tai b\u016bt\u0173 \u017emogi\u0161k\u0173j\u0173 i\u0161tekli\u0173 valdymas, reklamos taikymas, ar duomen\u0173 saugumas. [\u2026]<\/p>","protected":false},"author":1,"featured_media":5682,"comment_status":"closed","ping_status":"open","sticky":false,"template":"elementor_header_footer","format":"standard","meta":{"_acf_changed":false,"footnotes":""},"categories":[35],"tags":[],"class_list":["post-5475","post","type-post","status-publish","format-standard","has-post-thumbnail","hentry","category-veille-juridique"],"acf":[],"yoast_head":"<!-- This site is optimized with the Yoast SEO plugin v23.6 - https:\/\/yoast.com\/wordpress\/plugins\/seo\/ -->\n<title>Responsable et sous-traitant : qui engage sa responsabilit\u00e9 ? - Viqtor<\/title>\n<meta name=\"description\" content=\"Responsable et sous-traitant : qui engage sa responsabilit\u00e9 ? Veille juridique - Viqtor\" \/>\n<meta name=\"robots\" content=\"index, follow, max-snippet:-1, max-image-preview:large, max-video-preview:-1\" \/>\n<link rel=\"canonical\" href=\"https:\/\/viqtor.eu\/lt\/responsable-et-sous-traitant-qui-engage-sa-responsabilite\/\" \/>\n<meta property=\"og:locale\" content=\"lt_LT\" \/>\n<meta property=\"og:type\" content=\"article\" \/>\n<meta property=\"og:title\" content=\"Responsable et sous-traitant : qui engage sa responsabilit\u00e9 ? - Viqtor\" \/>\n<meta property=\"og:description\" content=\"Responsable et sous-traitant : qui engage sa responsabilit\u00e9 ? Veille juridique - Viqtor\" \/>\n<meta property=\"og:url\" content=\"https:\/\/viqtor.eu\/lt\/responsable-et-sous-traitant-qui-engage-sa-responsabilite\/\" \/>\n<meta property=\"og:site_name\" content=\"Viqtor\" \/>\n<meta property=\"article:published_time\" content=\"2023-04-19T12:47:05+00:00\" \/>\n<meta property=\"article:modified_time\" content=\"2024-07-23T14:15:08+00:00\" \/>\n<meta property=\"og:image\" content=\"https:\/\/viqtor.eu\/wp-content\/uploads\/2023\/04\/shutterstock_1726908307.jpg\" \/>\n\t<meta property=\"og:image:width\" content=\"1000\" \/>\n\t<meta property=\"og:image:height\" content=\"667\" \/>\n\t<meta property=\"og:image:type\" content=\"image\/jpeg\" \/>\n<meta name=\"author\" content=\"Bruno\" \/>\n<meta name=\"twitter:card\" content=\"summary_large_image\" \/>\n<meta name=\"twitter:label1\" content=\"Written by\" \/>\n\t<meta name=\"twitter:data1\" content=\"Bruno\" \/>\n\t<meta name=\"twitter:label2\" content=\"Est. reading time\" \/>\n\t<meta name=\"twitter:data2\" content=\"9 minut\u0117s\" \/>\n<script type=\"application\/ld+json\" class=\"yoast-schema-graph\">{\"@context\":\"https:\/\/schema.org\",\"@graph\":[{\"@type\":\"Article\",\"@id\":\"https:\/\/viqtor.eu\/responsable-et-sous-traitant-qui-engage-sa-responsabilite\/#article\",\"isPartOf\":{\"@id\":\"https:\/\/viqtor.eu\/responsable-et-sous-traitant-qui-engage-sa-responsabilite\/\"},\"author\":{\"name\":\"Bruno\",\"@id\":\"https:\/\/viqtor.eu\/#\/schema\/person\/3dbd9cc82a28f6cf1695c92eda0099ad\"},\"headline\":\"Responsable et sous-traitant : qui engage sa responsabilit\u00e9 ?\",\"datePublished\":\"2023-04-19T12:47:05+00:00\",\"dateModified\":\"2024-07-23T14:15:08+00:00\",\"mainEntityOfPage\":{\"@id\":\"https:\/\/viqtor.eu\/responsable-et-sous-traitant-qui-engage-sa-responsabilite\/\"},\"wordCount\":1884,\"publisher\":{\"@id\":\"https:\/\/viqtor.eu\/#organization\"},\"image\":{\"@id\":\"https:\/\/viqtor.eu\/responsable-et-sous-traitant-qui-engage-sa-responsabilite\/#primaryimage\"},\"thumbnailUrl\":\"https:\/\/viqtor.eu\/wp-content\/uploads\/2023\/04\/shutterstock_1726908307.jpg\",\"articleSection\":[\"Veille juridique\"],\"inLanguage\":\"lt-LT\"},{\"@type\":\"WebPage\",\"@id\":\"https:\/\/viqtor.eu\/responsable-et-sous-traitant-qui-engage-sa-responsabilite\/\",\"url\":\"https:\/\/viqtor.eu\/responsable-et-sous-traitant-qui-engage-sa-responsabilite\/\",\"name\":\"Responsable et sous-traitant : qui engage sa responsabilit\u00e9 ? - Viqtor\",\"isPartOf\":{\"@id\":\"https:\/\/viqtor.eu\/#website\"},\"primaryImageOfPage\":{\"@id\":\"https:\/\/viqtor.eu\/responsable-et-sous-traitant-qui-engage-sa-responsabilite\/#primaryimage\"},\"image\":{\"@id\":\"https:\/\/viqtor.eu\/responsable-et-sous-traitant-qui-engage-sa-responsabilite\/#primaryimage\"},\"thumbnailUrl\":\"https:\/\/viqtor.eu\/wp-content\/uploads\/2023\/04\/shutterstock_1726908307.jpg\",\"datePublished\":\"2023-04-19T12:47:05+00:00\",\"dateModified\":\"2024-07-23T14:15:08+00:00\",\"description\":\"Responsable et sous-traitant : qui engage sa responsabilit\u00e9 ? Veille juridique - Viqtor\",\"breadcrumb\":{\"@id\":\"https:\/\/viqtor.eu\/responsable-et-sous-traitant-qui-engage-sa-responsabilite\/#breadcrumb\"},\"inLanguage\":\"lt-LT\",\"potentialAction\":[{\"@type\":\"ReadAction\",\"target\":[\"https:\/\/viqtor.eu\/responsable-et-sous-traitant-qui-engage-sa-responsabilite\/\"]}]},{\"@type\":\"ImageObject\",\"inLanguage\":\"lt-LT\",\"@id\":\"https:\/\/viqtor.eu\/responsable-et-sous-traitant-qui-engage-sa-responsabilite\/#primaryimage\",\"url\":\"https:\/\/viqtor.eu\/wp-content\/uploads\/2023\/04\/shutterstock_1726908307.jpg\",\"contentUrl\":\"https:\/\/viqtor.eu\/wp-content\/uploads\/2023\/04\/shutterstock_1726908307.jpg\",\"width\":1000,\"height\":667,\"caption\":\"RGPD E-LEARNING\"},{\"@type\":\"BreadcrumbList\",\"@id\":\"https:\/\/viqtor.eu\/responsable-et-sous-traitant-qui-engage-sa-responsabilite\/#breadcrumb\",\"itemListElement\":[{\"@type\":\"ListItem\",\"position\":1,\"name\":\"Accueil\",\"item\":\"https:\/\/viqtor.eu\/\"},{\"@type\":\"ListItem\",\"position\":2,\"name\":\"Responsable et sous-traitant : qui engage sa responsabilit\u00e9 ?\"}]},{\"@type\":\"WebSite\",\"@id\":\"https:\/\/viqtor.eu\/#website\",\"url\":\"https:\/\/viqtor.eu\/\",\"name\":\"Viqtor\",\"description\":\"Faites du RGPD une opportunit\u00e9 pour votre entreprise.\",\"publisher\":{\"@id\":\"https:\/\/viqtor.eu\/#organization\"},\"potentialAction\":[{\"@type\":\"SearchAction\",\"target\":{\"@type\":\"EntryPoint\",\"urlTemplate\":\"https:\/\/viqtor.eu\/?s={search_term_string}\"},\"query-input\":{\"@type\":\"PropertyValueSpecification\",\"valueRequired\":true,\"valueName\":\"search_term_string\"}}],\"inLanguage\":\"lt-LT\"},{\"@type\":\"Organization\",\"@id\":\"https:\/\/viqtor.eu\/#organization\",\"name\":\"viqtor.eu\",\"url\":\"https:\/\/viqtor.eu\/\",\"logo\":{\"@type\":\"ImageObject\",\"inLanguage\":\"lt-LT\",\"@id\":\"https:\/\/viqtor.eu\/#\/schema\/logo\/image\/\",\"url\":\"https:\/\/viqtor.eu\/wp-content\/uploads\/2023\/06\/favicon-noir.svg\",\"contentUrl\":\"https:\/\/viqtor.eu\/wp-content\/uploads\/2023\/06\/favicon-noir.svg\",\"width\":108,\"height\":86,\"caption\":\"viqtor.eu\"},\"image\":{\"@id\":\"https:\/\/viqtor.eu\/#\/schema\/logo\/image\/\"}},{\"@type\":\"Person\",\"@id\":\"https:\/\/viqtor.eu\/#\/schema\/person\/3dbd9cc82a28f6cf1695c92eda0099ad\",\"name\":\"Bruno\",\"image\":{\"@type\":\"ImageObject\",\"inLanguage\":\"lt-LT\",\"@id\":\"https:\/\/viqtor.eu\/#\/schema\/person\/image\/\",\"url\":\"https:\/\/secure.gravatar.com\/avatar\/e5a596f9489de15bfe046e97fb771f63589b601ca7e81ccc2bb9a23582f441a3?s=96&d=mm&r=g\",\"contentUrl\":\"https:\/\/secure.gravatar.com\/avatar\/e5a596f9489de15bfe046e97fb771f63589b601ca7e81ccc2bb9a23582f441a3?s=96&d=mm&r=g\",\"caption\":\"Bruno\"},\"sameAs\":[\"https:\/\/exciting-panini.13-37-234-21.plesk.page\"],\"url\":\"https:\/\/viqtor.eu\/lt\/author\/mouad_zxum2ebi\/\"}]}<\/script>\n<!-- \/ Yoast SEO plugin. -->","yoast_head_json":{"title":"Responsable et sous-traitant : qui engage sa responsabilit\u00e9 ? - Viqtor","description":"Responsable et sous-traitant : qui engage sa responsabilit\u00e9 ? Veille juridique - Viqtor","robots":{"index":"index","follow":"follow","max-snippet":"max-snippet:-1","max-image-preview":"max-image-preview:large","max-video-preview":"max-video-preview:-1"},"canonical":"https:\/\/viqtor.eu\/lt\/responsable-et-sous-traitant-qui-engage-sa-responsabilite\/","og_locale":"lt_LT","og_type":"article","og_title":"Responsable et sous-traitant : qui engage sa responsabilit\u00e9 ? - Viqtor","og_description":"Responsable et sous-traitant : qui engage sa responsabilit\u00e9 ? Veille juridique - Viqtor","og_url":"https:\/\/viqtor.eu\/lt\/responsable-et-sous-traitant-qui-engage-sa-responsabilite\/","og_site_name":"Viqtor","article_published_time":"2023-04-19T12:47:05+00:00","article_modified_time":"2024-07-23T14:15:08+00:00","og_image":[{"width":1000,"height":667,"url":"https:\/\/viqtor.eu\/wp-content\/uploads\/2023\/04\/shutterstock_1726908307.jpg","type":"image\/jpeg"}],"author":"Bruno","twitter_card":"summary_large_image","twitter_misc":{"Written by":"Bruno","Est. reading time":"9 minut\u0117s"},"schema":{"@context":"https:\/\/schema.org","@graph":[{"@type":"Article","@id":"https:\/\/viqtor.eu\/responsable-et-sous-traitant-qui-engage-sa-responsabilite\/#article","isPartOf":{"@id":"https:\/\/viqtor.eu\/responsable-et-sous-traitant-qui-engage-sa-responsabilite\/"},"author":{"name":"Bruno","@id":"https:\/\/viqtor.eu\/#\/schema\/person\/3dbd9cc82a28f6cf1695c92eda0099ad"},"headline":"Responsable et sous-traitant : qui engage sa responsabilit\u00e9 ?","datePublished":"2023-04-19T12:47:05+00:00","dateModified":"2024-07-23T14:15:08+00:00","mainEntityOfPage":{"@id":"https:\/\/viqtor.eu\/responsable-et-sous-traitant-qui-engage-sa-responsabilite\/"},"wordCount":1884,"publisher":{"@id":"https:\/\/viqtor.eu\/#organization"},"image":{"@id":"https:\/\/viqtor.eu\/responsable-et-sous-traitant-qui-engage-sa-responsabilite\/#primaryimage"},"thumbnailUrl":"https:\/\/viqtor.eu\/wp-content\/uploads\/2023\/04\/shutterstock_1726908307.jpg","articleSection":["Veille juridique"],"inLanguage":"lt-LT"},{"@type":"WebPage","@id":"https:\/\/viqtor.eu\/responsable-et-sous-traitant-qui-engage-sa-responsabilite\/","url":"https:\/\/viqtor.eu\/responsable-et-sous-traitant-qui-engage-sa-responsabilite\/","name":"Responsable et sous-traitant : qui engage sa responsabilit\u00e9 ? - Viqtor","isPartOf":{"@id":"https:\/\/viqtor.eu\/#website"},"primaryImageOfPage":{"@id":"https:\/\/viqtor.eu\/responsable-et-sous-traitant-qui-engage-sa-responsabilite\/#primaryimage"},"image":{"@id":"https:\/\/viqtor.eu\/responsable-et-sous-traitant-qui-engage-sa-responsabilite\/#primaryimage"},"thumbnailUrl":"https:\/\/viqtor.eu\/wp-content\/uploads\/2023\/04\/shutterstock_1726908307.jpg","datePublished":"2023-04-19T12:47:05+00:00","dateModified":"2024-07-23T14:15:08+00:00","description":"Responsable et sous-traitant : qui engage sa responsabilit\u00e9 ? Veille juridique - Viqtor","breadcrumb":{"@id":"https:\/\/viqtor.eu\/responsable-et-sous-traitant-qui-engage-sa-responsabilite\/#breadcrumb"},"inLanguage":"lt-LT","potentialAction":[{"@type":"ReadAction","target":["https:\/\/viqtor.eu\/responsable-et-sous-traitant-qui-engage-sa-responsabilite\/"]}]},{"@type":"ImageObject","inLanguage":"lt-LT","@id":"https:\/\/viqtor.eu\/responsable-et-sous-traitant-qui-engage-sa-responsabilite\/#primaryimage","url":"https:\/\/viqtor.eu\/wp-content\/uploads\/2023\/04\/shutterstock_1726908307.jpg","contentUrl":"https:\/\/viqtor.eu\/wp-content\/uploads\/2023\/04\/shutterstock_1726908307.jpg","width":1000,"height":667,"caption":"RGPD E-LEARNING"},{"@type":"BreadcrumbList","@id":"https:\/\/viqtor.eu\/responsable-et-sous-traitant-qui-engage-sa-responsabilite\/#breadcrumb","itemListElement":[{"@type":"ListItem","position":1,"name":"Accueil","item":"https:\/\/viqtor.eu\/"},{"@type":"ListItem","position":2,"name":"Responsable et sous-traitant : qui engage sa responsabilit\u00e9 ?"}]},{"@type":"WebSite","@id":"https:\/\/viqtor.eu\/#website","url":"https:\/\/viqtor.eu\/","name":"Viqtor","description":"Faites du RGPD une opportunit\u00e9 pour votre entreprise.","publisher":{"@id":"https:\/\/viqtor.eu\/#organization"},"potentialAction":[{"@type":"SearchAction","target":{"@type":"EntryPoint","urlTemplate":"https:\/\/viqtor.eu\/?s={search_term_string}"},"query-input":{"@type":"PropertyValueSpecification","valueRequired":true,"valueName":"search_term_string"}}],"inLanguage":"lt-LT"},{"@type":"Organization","@id":"https:\/\/viqtor.eu\/#organization","name":"viqtor.eu","url":"https:\/\/viqtor.eu\/","logo":{"@type":"ImageObject","inLanguage":"lt-LT","@id":"https:\/\/viqtor.eu\/#\/schema\/logo\/image\/","url":"https:\/\/viqtor.eu\/wp-content\/uploads\/2023\/06\/favicon-noir.svg","contentUrl":"https:\/\/viqtor.eu\/wp-content\/uploads\/2023\/06\/favicon-noir.svg","width":108,"height":86,"caption":"viqtor.eu"},"image":{"@id":"https:\/\/viqtor.eu\/#\/schema\/logo\/image\/"}},{"@type":"Person","@id":"https:\/\/viqtor.eu\/#\/schema\/person\/3dbd9cc82a28f6cf1695c92eda0099ad","name":"Bruno","image":{"@type":"ImageObject","inLanguage":"lt-LT","@id":"https:\/\/viqtor.eu\/#\/schema\/person\/image\/","url":"https:\/\/secure.gravatar.com\/avatar\/e5a596f9489de15bfe046e97fb771f63589b601ca7e81ccc2bb9a23582f441a3?s=96&d=mm&r=g","contentUrl":"https:\/\/secure.gravatar.com\/avatar\/e5a596f9489de15bfe046e97fb771f63589b601ca7e81ccc2bb9a23582f441a3?s=96&d=mm&r=g","caption":"Bruno"},"sameAs":["https:\/\/exciting-panini.13-37-234-21.plesk.page"],"url":"https:\/\/viqtor.eu\/lt\/author\/mouad_zxum2ebi\/"}]}},"_links":{"self":[{"href":"https:\/\/viqtor.eu\/lt\/wp-json\/wp\/v2\/posts\/5475","targetHints":{"allow":["GET"]}}],"collection":[{"href":"https:\/\/viqtor.eu\/lt\/wp-json\/wp\/v2\/posts"}],"about":[{"href":"https:\/\/viqtor.eu\/lt\/wp-json\/wp\/v2\/types\/post"}],"author":[{"embeddable":true,"href":"https:\/\/viqtor.eu\/lt\/wp-json\/wp\/v2\/users\/1"}],"replies":[{"embeddable":true,"href":"https:\/\/viqtor.eu\/lt\/wp-json\/wp\/v2\/comments?post=5475"}],"version-history":[{"count":6,"href":"https:\/\/viqtor.eu\/lt\/wp-json\/wp\/v2\/posts\/5475\/revisions"}],"predecessor-version":[{"id":11945,"href":"https:\/\/viqtor.eu\/lt\/wp-json\/wp\/v2\/posts\/5475\/revisions\/11945"}],"wp:featuredmedia":[{"embeddable":true,"href":"https:\/\/viqtor.eu\/lt\/wp-json\/wp\/v2\/media\/5682"}],"wp:attachment":[{"href":"https:\/\/viqtor.eu\/lt\/wp-json\/wp\/v2\/media?parent=5475"}],"wp:term":[{"taxonomy":"category","embeddable":true,"href":"https:\/\/viqtor.eu\/lt\/wp-json\/wp\/v2\/categories?post=5475"},{"taxonomy":"post_tag","embeddable":true,"href":"https:\/\/viqtor.eu\/lt\/wp-json\/wp\/v2\/tags?post=5475"}],"curies":[{"name":"wp","href":"https:\/\/api.w.org\/{rel}","templated":true}]}}