{"id":7695,"date":"2023-05-25T16:56:37","date_gmt":"2023-05-25T16:56:37","guid":{"rendered":"https:\/\/viqtor.eu\/?p=7695"},"modified":"2024-09-18T12:02:31","modified_gmt":"2024-09-18T12:02:31","slug":"dans-leclat-des-secrets","status":"publish","type":"post","link":"https:\/\/viqtor.eu\/it\/dans-leclat-des-secrets\/","title":{"rendered":"nello splendore dei segreti"},"content":{"rendered":"<div data-elementor-type=\"wp-post\" data-elementor-id=\"7695\" class=\"elementor elementor-7695\" data-elementor-post-type=\"post\">\n\t\t\t\t\t\t<section class=\"elementor-section elementor-top-section elementor-element elementor-element-3291e08 ot-traditional elementor-section-boxed elementor-section-height-default elementor-section-height-default\" data-id=\"3291e08\" data-element_type=\"section\">\n\t\t\t\t\t\t<div class=\"elementor-container elementor-column-gap-default\">\n\t\t\t\t\t<div class=\"elementor-column elementor-col-100 elementor-top-column elementor-element elementor-element-e9ada0b ot-flex-column-vertical\" data-id=\"e9ada0b\" data-element_type=\"column\">\n\t\t\t<div class=\"elementor-widget-wrap elementor-element-populated\">\n\t\t\t\t\t\t<div class=\"elementor-element elementor-element-83e3d4b elementor-widget elementor-widget-image\" data-id=\"83e3d4b\" data-element_type=\"widget\" data-widget_type=\"image.default\">\n\t\t\t\t<div class=\"elementor-widget-container\">\n\t\t\t\t\t\t\t\t\t\t\t\t\t<img decoding=\"async\" src=\"https:\/\/viqtor.eu\/wp-content\/uploads\/elementor\/thumbs\/FRIEDRICCH-NIETZSCHE-qqwihspnuxclazivu8kt1lbmc818ee7n6b44tk039k.jpeg\" title=\"FRIEDRICH NIETZSCHE\" alt=\"dans leclat des secrets\" loading=\"lazy\" \/>\t\t\t\t\t\t\t\t\t\t\t\t\t<\/div>\n\t\t\t\t<\/div>\n\t\t\t\t\t<\/div>\n\t\t<\/div>\n\t\t\t\t\t<\/div>\n\t\t<\/section>\n\t\t\t\t<section class=\"elementor-section elementor-top-section elementor-element elementor-element-7689d531 ot-traditional elementor-section-boxed elementor-section-height-default elementor-section-height-default\" data-id=\"7689d531\" data-element_type=\"section\">\n\t\t\t\t\t\t<div class=\"elementor-container elementor-column-gap-default\">\n\t\t\t\t\t<div class=\"elementor-column elementor-col-100 elementor-top-column elementor-element elementor-element-503e360e ot-flex-column-vertical\" data-id=\"503e360e\" data-element_type=\"column\">\n\t\t\t<div class=\"elementor-widget-wrap elementor-element-populated\">\n\t\t\t\t\t\t<div class=\"elementor-element elementor-element-2963c667 elementor-widget elementor-widget-text-editor\" data-id=\"2963c667\" data-element_type=\"widget\" data-widget_type=\"text-editor.default\">\n\t\t\t\t<div class=\"elementor-widget-container\">\n\t\t\t\t\t\t\t<!-- wp:heading {\"level\":1} -->\n<h1 class=\"wp-block-heading\">Nello splendore dei segreti<\/h1>\n<!-- \/wp:heading -->\n\n<!-- wp:paragraph -->\n<p>Nello stile di FRIEDRICH NIETZSCHE<\/p>\n<!-- \/wp:paragraph -->\n\n<!-- wp:paragraph -->\n<p><\/p>\n<!-- \/wp:paragraph -->\n\n<!-- wp:paragraph -->\n<p>C&#039;era una volta, in un mondo caotico e rumoroso, un uomo in cerca di verit\u00e0 e libert\u00e0. Il suo nome era Emil, uno spirito libero guidato da un&#039;intensa volont\u00e0 di potere e da un&#039;insaziabile sete di conoscenza. Camminava da solo, vagando tra la folla che affollava le trafficate strade della citt\u00e0.<\/p>\n<!-- \/wp:paragraph -->\n\n<!-- wp:paragraph -->\n<p>Emil era consapevole delle forze oppressive che governavano la societ\u00e0. Le convenzioni sociali, gli standard morali e le aspettative di chi lo circondava sembravano gravare pesantemente sulle sue spalle. Sentiva il peso di queste catene invisibili che cercavano di controllarlo, dettare la sua condotta e ridurlo a una semplice marionetta in un teatro di marionette.<\/p>\n<!-- \/wp:paragraph -->\n\n<!-- wp:paragraph -->\n<p>Ma Emil non voleva essere un giocattolo nelle mani degli altri. Desiderava ardentemente preservare la sua privacy, il suo giardino segreto, dove i suoi pensieri pi\u00f9 profondi potessero fiorire liberamente. Per lui, la privacy era molto pi\u00f9 di una questione di occultamento o di isolamento dal mondo esterno. Era un mezzo per preservare la sua integrit\u00e0, la sua volont\u00e0 di potenza e il suo diritto a definire la propria esistenza.<\/p>\n<!-- \/wp:paragraph -->\n\n<!-- wp:paragraph -->\n<p>Cos\u00ec Emil decise di ritirarsi, per sfuggire a scrutini e giudizi affrettati. Lasci\u00f2 la rumorosa citt\u00e0 e si rec\u00f2 in un luogo remoto, lontano dal trambusto della societ\u00e0. L\u00ec, in mezzo alla natura selvaggia e incontaminata, trov\u00f2 un rifugio dove poter finalmente essere se stesso, lontano dalle maschere e dai vincoli imposti dal mondo.<\/p>\n<!-- \/wp:paragraph -->\n\n<!-- wp:paragraph -->\n<p>In questo isolamento scelto, Emil si dedic\u00f2 allo studio, alla riflessione e alla contemplazione. Si immerse negli scritti di filosofi e pensatori, cercando di comprendere la natura dell&#039;esistenza e il vero significato della libert\u00e0. Ogni giorno, annotava i suoi pensieri pi\u00f9 intimi in un diario, dove esprimeva le sue idee pi\u00f9 audaci, i suoi sogni pi\u00f9 sfrenati e le sue aspirazioni pi\u00f9 profonde.<\/p>\n<!-- \/wp:paragraph -->\n\n<!-- wp:paragraph -->\n<p>Emil cap\u00ec che la privacy non era una via di fuga dal mondo, ma piuttosto una forma di autoaffermazione, un modo per riappropriarsi della propria vita. Credeva fermamente nel valore dell&#039;individuo, nella sua capacit\u00e0 di realizzarsi pienamente e di creare la propria realt\u00e0. Per lui, la privacy era una lotta contro l&#039;alienazione, una battaglia per preservare la propria individualit\u00e0 in un mondo che tendeva a standardizzare le menti.<\/p>\n<!-- \/wp:paragraph -->\n\n<!-- wp:paragraph -->\n<p>Ma Emil sapeva che la solitudine non era sufficiente per raggiungere la piena autorealizzazione. Sentiva il bisogno di condividere idee, scoperte, dubbi e aspirazioni con persone che la pensavano come lui. Sapeva che scambiare idee e interagire con gli altri era essenziale per ampliare i propri orizzonti e arricchire la propria comprensione del mondo.<\/p>\n<!-- \/wp:paragraph -->\n\n<!-- wp:paragraph -->\n<p>Cos\u00ec, Emil cerc\u00f2 circoli di individui che condividessero la sua sete di libert\u00e0 e la sua ricerca della verit\u00e0. Incontr\u00f2 menti illuminate, pensatori ribelli che sfidavano i dogmi consolidati e le convenzioni morali. Insieme, crearono spazi in cui potersi esprimere liberamente, scambiare idee, discutere e difendere le proprie convinzioni senza timore di ritorsioni o giudizi.<\/p>\n<!-- \/wp:paragraph -->\n\n<!-- wp:paragraph -->\n<p>Emil cap\u00ec che la protezione della privacy poteva essere raggiunta solo attraverso la forza collettiva. Unendo le loro voci e le loro menti, divennero pi\u00f9 forti e pi\u00f9 resilienti di fronte alle forze che cercavano di soffocarli. Diventarono difensori della libert\u00e0 individuale, custodi della volont\u00e0 di potenza di ogni persona, rifiutandosi di sottomettersi alle pressioni esterne e alle norme imposte dalla societ\u00e0.<\/p>\n<!-- \/wp:paragraph -->\n\n<!-- wp:paragraph -->\n<p>Ma Emil era consapevole che proteggere la privacy non era esente da rischi. Sapeva che coloro che cercavano di mantenere lo status quo non sarebbero rimasti inattivi. Sapeva che le forze oppressive avrebbero cercato di screditarli, denigrarli e metterli a tacere. Li avrebbero accusati di sovversione, egoismo o persino di essere un pericolo per l&#039;ordine costituito.<\/p>\n<!-- \/wp:paragraph -->\n\n<!-- wp:paragraph -->\n<p>Ma Emil e i suoi compagni erano pronti ad affrontare queste sfide. Sapevano che proteggere la propria privacy era una lotta costante, una battaglia per preservare la propria integrit\u00e0 e il proprio diritto all&#039;autonomia. Sapevano che la libert\u00e0 individuale era un ideale prezioso che meritava di essere difeso con determinazione e coraggio.<\/p>\n<!-- \/wp:paragraph -->\n\n<!-- wp:paragraph -->\n<p>Cos\u00ec, tra i meandri della societ\u00e0, Emil e i suoi compagni si ergevano a testa alta, sfidando le forze oppressive e resistendo ai tentativi di schiavizzarli. Erano ribelli del pensiero, visionari che osavano mettere in discussione verit\u00e0 consolidate, valori imposti e convenzioni morali. La loro ricerca di libert\u00e0 e verit\u00e0 era fonte di ispirazione per coloro che si sentivano alienati, che cercavano di preservare la propria integrit\u00e0 e di realizzare il proprio pieno potenziale.<\/p>\n<!-- \/wp:paragraph -->\n\n<!-- wp:paragraph -->\n<p>Per Emil e i suoi compagni, la privacy era un atto di ribellione, un rifiuto di conformarsi a un sistema che limitava la loro libert\u00e0 e individualit\u00e0. Era un&#039;affermazione della loro volont\u00e0 di potenza, una dichiarazione del loro diritto a esistere come esseri unici e autonomi. Era una lotta per creare un mondo in cui tutti potessero prosperare al massimo del loro potenziale, dove la diversit\u00e0 delle menti fosse celebrata e dove la vera libert\u00e0 fosse finalmente realizzata.<\/p>\n<!-- \/wp:paragraph -->\n\n<!-- wp:paragraph -->\n<p>Cos\u00ec si conclude la storia di Emil e dei suoi compagni, anime coraggiose che hanno osato sfidare le norme consolidate, preservare la propria integrit\u00e0 e proteggere la propria privacy. La loro ricerca di libert\u00e0 e verit\u00e0 rimane una testimonianza dell&#039;inestimabile valore della privacy per l&#039;autorealizzazione e il compimento del nostro destino.<\/p>\n<!-- \/wp:paragraph -->\t\t\t\t\t\t<\/div>\n\t\t\t\t<\/div>\n\t\t\t\t\t<\/div>\n\t\t<\/div>\n\t\t\t\t\t<\/div>\n\t\t<\/section>\n\t\t\t\t<section class=\"elementor-section elementor-top-section elementor-element elementor-element-b30b75f ot-traditional elementor-section-boxed elementor-section-height-default elementor-section-height-default\" data-id=\"b30b75f\" data-element_type=\"section\">\n\t\t\t\t\t\t<div class=\"elementor-container elementor-column-gap-default\">\n\t\t\t\t\t<div class=\"elementor-column elementor-col-100 elementor-top-column elementor-element elementor-element-703b570 ot-flex-column-vertical\" data-id=\"703b570\" data-element_type=\"column\">\n\t\t\t<div class=\"elementor-widget-wrap elementor-element-populated\">\n\t\t\t\t\t\t<div class=\"elementor-element elementor-element-c8b4fe1 elementor-align-center elementor-widget elementor-widget-button\" data-id=\"c8b4fe1\" data-element_type=\"widget\" data-widget_type=\"button.default\">\n\t\t\t\t<div class=\"elementor-widget-container\">\n\t\t\t\t\t<div class=\"elementor-button-wrapper\">\n\t\t\t<a class=\"elementor-button elementor-button-link elementor-size-lg\" href=\"https:\/\/app.viqtor.eu\/\">\n\t\t\t\t\t\t<span class=\"elementor-button-content-wrapper\">\n\t\t\t\t\t\t<span class=\"elementor-button-icon\">\n\t\t\t\t<i aria-hidden=\"true\" class=\"fas fa-long-arrow-alt-right\"><\/i>\t\t\t<\/span>\n\t\t\t\t\t\t\t\t\t<span class=\"elementor-button-text\">Scopri Viqtor\u00ae<\/span>\n\t\t\t\t\t<\/span>\n\t\t\t\t\t<\/a>\n\t\t<\/div>\n\t\t\t\t<\/div>\n\t\t\t\t<\/div>\n\t\t\t\t\t<\/div>\n\t\t<\/div>\n\t\t\t\t\t<\/div>\n\t\t<\/section>\n\t\t\t\t<\/div>","protected":false},"excerpt":{"rendered":"<p>Nello splendore dei segreti Nello stile di Friedrich Nietzsche C&#039;era una volta, in un mondo caotico e rumoroso, un uomo in cerca di verit\u00e0 e libert\u00e0. Il suo nome era Emil, uno spirito libero guidato da un&#039;intensa volont\u00e0 di potenza e da un&#039;insaziabile sete di conoscenza. Camminava da solo, vagando tra i [\u2026]<\/p>","protected":false},"author":1,"featured_media":7697,"comment_status":"open","ping_status":"open","sticky":false,"template":"elementor_header_footer","format":"standard","meta":{"_acf_changed":false,"footnotes":""},"categories":[34],"tags":[],"class_list":["post-7695","post","type-post","status-publish","format-standard","has-post-thumbnail","hentry","category-chronique"],"acf":[],"yoast_head":"<!-- This site is optimized with the Yoast SEO plugin v23.6 - https:\/\/yoast.com\/wordpress\/plugins\/seo\/ -->\n<title>Dans l&#039;\u00c9clat des Secrets - Viqtor<\/title>\n<meta name=\"description\" content=\"Dans l&#039;\u00c9clat des Secrets - Viqtor\" \/>\n<meta name=\"robots\" content=\"index, follow, max-snippet:-1, max-image-preview:large, max-video-preview:-1\" \/>\n<link rel=\"canonical\" href=\"https:\/\/viqtor.eu\/it\/dans-leclat-des-secrets\/\" \/>\n<meta property=\"og:locale\" content=\"it_IT\" \/>\n<meta property=\"og:type\" content=\"article\" \/>\n<meta property=\"og:title\" content=\"Dans l&#039;\u00c9clat des Secrets - Viqtor\" \/>\n<meta property=\"og:description\" content=\"Dans l&#039;\u00c9clat des Secrets - Viqtor\" \/>\n<meta property=\"og:url\" content=\"https:\/\/viqtor.eu\/it\/dans-leclat-des-secrets\/\" \/>\n<meta property=\"og:site_name\" content=\"Viqtor\" \/>\n<meta property=\"article:published_time\" content=\"2023-05-25T16:56:37+00:00\" \/>\n<meta property=\"article:modified_time\" content=\"2024-09-18T12:02:31+00:00\" \/>\n<meta property=\"og:image\" content=\"https:\/\/viqtor.eu\/wp-content\/uploads\/2026\/04\/widget-viqtor.png\" \/>\n\t<meta property=\"og:image:width\" content=\"960\" \/>\n\t<meta property=\"og:image:height\" content=\"960\" \/>\n\t<meta property=\"og:image:type\" content=\"image\/jpeg\" \/>\n<meta name=\"author\" content=\"Bruno\" \/>\n<meta name=\"twitter:card\" content=\"summary_large_image\" \/>\n<meta name=\"twitter:label1\" content=\"Scritto da\" \/>\n\t<meta name=\"twitter:data1\" content=\"Bruno\" \/>\n\t<meta name=\"twitter:label2\" content=\"Tempo di lettura stimato\" \/>\n\t<meta name=\"twitter:data2\" content=\"5 minuti\" \/>\n<script type=\"application\/ld+json\" class=\"yoast-schema-graph\">{\"@context\":\"https:\/\/schema.org\",\"@graph\":[{\"@type\":\"Article\",\"@id\":\"https:\/\/viqtor.eu\/dans-leclat-des-secrets\/#article\",\"isPartOf\":{\"@id\":\"https:\/\/viqtor.eu\/dans-leclat-des-secrets\/\"},\"author\":{\"name\":\"Bruno\",\"@id\":\"https:\/\/viqtor.eu\/#\/schema\/person\/3dbd9cc82a28f6cf1695c92eda0099ad\"},\"headline\":\"dans leclat des secrets\",\"datePublished\":\"2023-05-25T16:56:37+00:00\",\"dateModified\":\"2024-09-18T12:02:31+00:00\",\"mainEntityOfPage\":{\"@id\":\"https:\/\/viqtor.eu\/dans-leclat-des-secrets\/\"},\"wordCount\":1061,\"commentCount\":0,\"publisher\":{\"@id\":\"https:\/\/viqtor.eu\/#organization\"},\"image\":{\"@id\":\"https:\/\/viqtor.eu\/dans-leclat-des-secrets\/#primaryimage\"},\"thumbnailUrl\":\"https:\/\/viqtor.eu\/wp-content\/uploads\/2023\/05\/FRIEDRICCH-NIETZSCHE.jpeg\",\"articleSection\":[\"Chronique\"],\"inLanguage\":\"it-IT\",\"potentialAction\":[{\"@type\":\"CommentAction\",\"name\":\"Comment\",\"target\":[\"https:\/\/viqtor.eu\/dans-leclat-des-secrets\/#respond\"]}]},{\"@type\":\"WebPage\",\"@id\":\"https:\/\/viqtor.eu\/dans-leclat-des-secrets\/\",\"url\":\"https:\/\/viqtor.eu\/dans-leclat-des-secrets\/\",\"name\":\"Dans l'\u00c9clat des Secrets - Viqtor\",\"isPartOf\":{\"@id\":\"https:\/\/viqtor.eu\/#website\"},\"primaryImageOfPage\":{\"@id\":\"https:\/\/viqtor.eu\/dans-leclat-des-secrets\/#primaryimage\"},\"image\":{\"@id\":\"https:\/\/viqtor.eu\/dans-leclat-des-secrets\/#primaryimage\"},\"thumbnailUrl\":\"https:\/\/viqtor.eu\/wp-content\/uploads\/2023\/05\/FRIEDRICCH-NIETZSCHE.jpeg\",\"datePublished\":\"2023-05-25T16:56:37+00:00\",\"dateModified\":\"2024-09-18T12:02:31+00:00\",\"description\":\"Dans l'\u00c9clat des Secrets - Viqtor\",\"breadcrumb\":{\"@id\":\"https:\/\/viqtor.eu\/dans-leclat-des-secrets\/#breadcrumb\"},\"inLanguage\":\"it-IT\",\"potentialAction\":[{\"@type\":\"ReadAction\",\"target\":[\"https:\/\/viqtor.eu\/dans-leclat-des-secrets\/\"]}]},{\"@type\":\"ImageObject\",\"inLanguage\":\"it-IT\",\"@id\":\"https:\/\/viqtor.eu\/dans-leclat-des-secrets\/#primaryimage\",\"url\":\"https:\/\/viqtor.eu\/wp-content\/uploads\/2023\/05\/FRIEDRICCH-NIETZSCHE.jpeg\",\"contentUrl\":\"https:\/\/viqtor.eu\/wp-content\/uploads\/2023\/05\/FRIEDRICCH-NIETZSCHE.jpeg\",\"width\":960,\"height\":960,\"caption\":\"dans leclat des secrets\"},{\"@type\":\"BreadcrumbList\",\"@id\":\"https:\/\/viqtor.eu\/dans-leclat-des-secrets\/#breadcrumb\",\"itemListElement\":[{\"@type\":\"ListItem\",\"position\":1,\"name\":\"Accueil\",\"item\":\"https:\/\/viqtor.eu\/\"},{\"@type\":\"ListItem\",\"position\":2,\"name\":\"dans leclat des secrets\"}]},{\"@type\":\"WebSite\",\"@id\":\"https:\/\/viqtor.eu\/#website\",\"url\":\"https:\/\/viqtor.eu\/\",\"name\":\"Viqtor\",\"description\":\"Faites du RGPD une opportunit\u00e9 pour votre entreprise.\",\"publisher\":{\"@id\":\"https:\/\/viqtor.eu\/#organization\"},\"potentialAction\":[{\"@type\":\"SearchAction\",\"target\":{\"@type\":\"EntryPoint\",\"urlTemplate\":\"https:\/\/viqtor.eu\/?s={search_term_string}\"},\"query-input\":{\"@type\":\"PropertyValueSpecification\",\"valueRequired\":true,\"valueName\":\"search_term_string\"}}],\"inLanguage\":\"it-IT\"},{\"@type\":\"Organization\",\"@id\":\"https:\/\/viqtor.eu\/#organization\",\"name\":\"viqtor.eu\",\"url\":\"https:\/\/viqtor.eu\/\",\"logo\":{\"@type\":\"ImageObject\",\"inLanguage\":\"it-IT\",\"@id\":\"https:\/\/viqtor.eu\/#\/schema\/logo\/image\/\",\"url\":\"https:\/\/viqtor.eu\/wp-content\/uploads\/2023\/06\/favicon-noir.svg\",\"contentUrl\":\"https:\/\/viqtor.eu\/wp-content\/uploads\/2023\/06\/favicon-noir.svg\",\"width\":108,\"height\":86,\"caption\":\"viqtor.eu\"},\"image\":{\"@id\":\"https:\/\/viqtor.eu\/#\/schema\/logo\/image\/\"}},{\"@type\":\"Person\",\"@id\":\"https:\/\/viqtor.eu\/#\/schema\/person\/3dbd9cc82a28f6cf1695c92eda0099ad\",\"name\":\"Bruno\",\"image\":{\"@type\":\"ImageObject\",\"inLanguage\":\"it-IT\",\"@id\":\"https:\/\/viqtor.eu\/#\/schema\/person\/image\/\",\"url\":\"https:\/\/secure.gravatar.com\/avatar\/e5a596f9489de15bfe046e97fb771f63589b601ca7e81ccc2bb9a23582f441a3?s=96&d=mm&r=g\",\"contentUrl\":\"https:\/\/secure.gravatar.com\/avatar\/e5a596f9489de15bfe046e97fb771f63589b601ca7e81ccc2bb9a23582f441a3?s=96&d=mm&r=g\",\"caption\":\"Bruno\"},\"sameAs\":[\"https:\/\/exciting-panini.13-37-234-21.plesk.page\"],\"url\":\"https:\/\/viqtor.eu\/it\/author\/mouad_zxum2ebi\/\"}]}<\/script>\n<!-- \/ Yoast SEO plugin. -->","yoast_head_json":{"title":"Dans l'\u00c9clat des Secrets - Viqtor","description":"Dans l'\u00c9clat des Secrets - Viqtor","robots":{"index":"index","follow":"follow","max-snippet":"max-snippet:-1","max-image-preview":"max-image-preview:large","max-video-preview":"max-video-preview:-1"},"canonical":"https:\/\/viqtor.eu\/it\/dans-leclat-des-secrets\/","og_locale":"it_IT","og_type":"article","og_title":"Dans l'\u00c9clat des Secrets - Viqtor","og_description":"Dans l'\u00c9clat des Secrets - Viqtor","og_url":"https:\/\/viqtor.eu\/it\/dans-leclat-des-secrets\/","og_site_name":"Viqtor","article_published_time":"2023-05-25T16:56:37+00:00","article_modified_time":"2024-09-18T12:02:31+00:00","og_image":[{"width":960,"height":960,"url":"https:\/\/viqtor.eu\/wp-content\/uploads\/2026\/04\/widget-viqtor.png","type":"image\/jpeg"}],"author":"Bruno","twitter_card":"summary_large_image","twitter_misc":{"Scritto da":"Bruno","Tempo di lettura stimato":"5 minuti"},"schema":{"@context":"https:\/\/schema.org","@graph":[{"@type":"Article","@id":"https:\/\/viqtor.eu\/dans-leclat-des-secrets\/#article","isPartOf":{"@id":"https:\/\/viqtor.eu\/dans-leclat-des-secrets\/"},"author":{"name":"Bruno","@id":"https:\/\/viqtor.eu\/#\/schema\/person\/3dbd9cc82a28f6cf1695c92eda0099ad"},"headline":"dans leclat des secrets","datePublished":"2023-05-25T16:56:37+00:00","dateModified":"2024-09-18T12:02:31+00:00","mainEntityOfPage":{"@id":"https:\/\/viqtor.eu\/dans-leclat-des-secrets\/"},"wordCount":1061,"commentCount":0,"publisher":{"@id":"https:\/\/viqtor.eu\/#organization"},"image":{"@id":"https:\/\/viqtor.eu\/dans-leclat-des-secrets\/#primaryimage"},"thumbnailUrl":"https:\/\/viqtor.eu\/wp-content\/uploads\/2023\/05\/FRIEDRICCH-NIETZSCHE.jpeg","articleSection":["Chronique"],"inLanguage":"it-IT","potentialAction":[{"@type":"CommentAction","name":"Comment","target":["https:\/\/viqtor.eu\/dans-leclat-des-secrets\/#respond"]}]},{"@type":"WebPage","@id":"https:\/\/viqtor.eu\/dans-leclat-des-secrets\/","url":"https:\/\/viqtor.eu\/dans-leclat-des-secrets\/","name":"Dans l'\u00c9clat des Secrets - Viqtor","isPartOf":{"@id":"https:\/\/viqtor.eu\/#website"},"primaryImageOfPage":{"@id":"https:\/\/viqtor.eu\/dans-leclat-des-secrets\/#primaryimage"},"image":{"@id":"https:\/\/viqtor.eu\/dans-leclat-des-secrets\/#primaryimage"},"thumbnailUrl":"https:\/\/viqtor.eu\/wp-content\/uploads\/2023\/05\/FRIEDRICCH-NIETZSCHE.jpeg","datePublished":"2023-05-25T16:56:37+00:00","dateModified":"2024-09-18T12:02:31+00:00","description":"Dans l'\u00c9clat des Secrets - Viqtor","breadcrumb":{"@id":"https:\/\/viqtor.eu\/dans-leclat-des-secrets\/#breadcrumb"},"inLanguage":"it-IT","potentialAction":[{"@type":"ReadAction","target":["https:\/\/viqtor.eu\/dans-leclat-des-secrets\/"]}]},{"@type":"ImageObject","inLanguage":"it-IT","@id":"https:\/\/viqtor.eu\/dans-leclat-des-secrets\/#primaryimage","url":"https:\/\/viqtor.eu\/wp-content\/uploads\/2023\/05\/FRIEDRICCH-NIETZSCHE.jpeg","contentUrl":"https:\/\/viqtor.eu\/wp-content\/uploads\/2023\/05\/FRIEDRICCH-NIETZSCHE.jpeg","width":960,"height":960,"caption":"dans leclat des secrets"},{"@type":"BreadcrumbList","@id":"https:\/\/viqtor.eu\/dans-leclat-des-secrets\/#breadcrumb","itemListElement":[{"@type":"ListItem","position":1,"name":"Accueil","item":"https:\/\/viqtor.eu\/"},{"@type":"ListItem","position":2,"name":"dans leclat des secrets"}]},{"@type":"WebSite","@id":"https:\/\/viqtor.eu\/#website","url":"https:\/\/viqtor.eu\/","name":"Viqtor","description":"Faites du RGPD une opportunit\u00e9 pour votre entreprise.","publisher":{"@id":"https:\/\/viqtor.eu\/#organization"},"potentialAction":[{"@type":"SearchAction","target":{"@type":"EntryPoint","urlTemplate":"https:\/\/viqtor.eu\/?s={search_term_string}"},"query-input":{"@type":"PropertyValueSpecification","valueRequired":true,"valueName":"search_term_string"}}],"inLanguage":"it-IT"},{"@type":"Organization","@id":"https:\/\/viqtor.eu\/#organization","name":"viqtor.eu","url":"https:\/\/viqtor.eu\/","logo":{"@type":"ImageObject","inLanguage":"it-IT","@id":"https:\/\/viqtor.eu\/#\/schema\/logo\/image\/","url":"https:\/\/viqtor.eu\/wp-content\/uploads\/2023\/06\/favicon-noir.svg","contentUrl":"https:\/\/viqtor.eu\/wp-content\/uploads\/2023\/06\/favicon-noir.svg","width":108,"height":86,"caption":"viqtor.eu"},"image":{"@id":"https:\/\/viqtor.eu\/#\/schema\/logo\/image\/"}},{"@type":"Person","@id":"https:\/\/viqtor.eu\/#\/schema\/person\/3dbd9cc82a28f6cf1695c92eda0099ad","name":"Bruno","image":{"@type":"ImageObject","inLanguage":"it-IT","@id":"https:\/\/viqtor.eu\/#\/schema\/person\/image\/","url":"https:\/\/secure.gravatar.com\/avatar\/e5a596f9489de15bfe046e97fb771f63589b601ca7e81ccc2bb9a23582f441a3?s=96&d=mm&r=g","contentUrl":"https:\/\/secure.gravatar.com\/avatar\/e5a596f9489de15bfe046e97fb771f63589b601ca7e81ccc2bb9a23582f441a3?s=96&d=mm&r=g","caption":"Bruno"},"sameAs":["https:\/\/exciting-panini.13-37-234-21.plesk.page"],"url":"https:\/\/viqtor.eu\/it\/author\/mouad_zxum2ebi\/"}]}},"_links":{"self":[{"href":"https:\/\/viqtor.eu\/it\/wp-json\/wp\/v2\/posts\/7695","targetHints":{"allow":["GET"]}}],"collection":[{"href":"https:\/\/viqtor.eu\/it\/wp-json\/wp\/v2\/posts"}],"about":[{"href":"https:\/\/viqtor.eu\/it\/wp-json\/wp\/v2\/types\/post"}],"author":[{"embeddable":true,"href":"https:\/\/viqtor.eu\/it\/wp-json\/wp\/v2\/users\/1"}],"replies":[{"embeddable":true,"href":"https:\/\/viqtor.eu\/it\/wp-json\/wp\/v2\/comments?post=7695"}],"version-history":[{"count":9,"href":"https:\/\/viqtor.eu\/it\/wp-json\/wp\/v2\/posts\/7695\/revisions"}],"predecessor-version":[{"id":12439,"href":"https:\/\/viqtor.eu\/it\/wp-json\/wp\/v2\/posts\/7695\/revisions\/12439"}],"wp:featuredmedia":[{"embeddable":true,"href":"https:\/\/viqtor.eu\/it\/wp-json\/wp\/v2\/media\/7697"}],"wp:attachment":[{"href":"https:\/\/viqtor.eu\/it\/wp-json\/wp\/v2\/media?parent=7695"}],"wp:term":[{"taxonomy":"category","embeddable":true,"href":"https:\/\/viqtor.eu\/it\/wp-json\/wp\/v2\/categories?post=7695"},{"taxonomy":"post_tag","embeddable":true,"href":"https:\/\/viqtor.eu\/it\/wp-json\/wp\/v2\/tags?post=7695"}],"curies":[{"name":"wp","href":"https:\/\/api.w.org\/{rel}","templated":true}]}}