{"id":5900,"date":"2023-04-26T08:36:45","date_gmt":"2023-04-26T08:36:45","guid":{"rendered":"https:\/\/exciting-panini.13-37-234-21.plesk.page\/?p=5900"},"modified":"2024-08-06T13:38:05","modified_gmt":"2024-08-06T13:38:05","slug":"rgpd-les-donnees-personnelles-ont-bel-et-bien-change-de-statut","status":"publish","type":"post","link":"https:\/\/viqtor.eu\/it\/rgpd-les-donnees-personnelles-ont-bel-et-bien-change-de-statut\/","title":{"rendered":"GDPR: i dati personali hanno effettivamente cambiato stato"},"content":{"rendered":"<div data-elementor-type=\"wp-post\" data-elementor-id=\"5900\" class=\"elementor elementor-5900\" data-elementor-post-type=\"post\">\n\t\t\t\t\t\t<section class=\"elementor-section elementor-top-section elementor-element elementor-element-013692b ot-traditional elementor-section-boxed elementor-section-height-default elementor-section-height-default\" data-id=\"013692b\" data-element_type=\"section\">\n\t\t\t\t\t\t<div class=\"elementor-container elementor-column-gap-default\">\n\t\t\t\t\t<div class=\"elementor-column elementor-col-100 elementor-top-column elementor-element elementor-element-1f267a7 ot-flex-column-vertical\" data-id=\"1f267a7\" data-element_type=\"column\">\n\t\t\t<div class=\"elementor-widget-wrap elementor-element-populated\">\n\t\t\t\t\t\t<div class=\"elementor-element elementor-element-56b4669 elementor-widget elementor-widget-image\" data-id=\"56b4669\" data-element_type=\"widget\" data-widget_type=\"image.default\">\n\t\t\t\t<div class=\"elementor-widget-container\">\n\t\t\t\t\t\t\t\t\t\t\t\t\t<img fetchpriority=\"high\" decoding=\"async\" width=\"1000\" height=\"439\" src=\"https:\/\/viqtor.eu\/wp-content\/uploads\/2023\/04\/RGPD-les-donnees-personnelles-ont-bel-et-bien-change-de-statut.jpg\" class=\"attachment-full size-full wp-image-12233\" alt=\"RGPD\u00a0: les donn\u00e9es personnelles ont bel et bien chang\u00e9 de statut\" srcset=\"https:\/\/viqtor.eu\/wp-content\/uploads\/2023\/04\/RGPD-les-donnees-personnelles-ont-bel-et-bien-change-de-statut.jpg 1000w, https:\/\/viqtor.eu\/wp-content\/uploads\/2023\/04\/RGPD-les-donnees-personnelles-ont-bel-et-bien-change-de-statut-300x132.jpg 300w, https:\/\/viqtor.eu\/wp-content\/uploads\/2023\/04\/RGPD-les-donnees-personnelles-ont-bel-et-bien-change-de-statut-768x337.jpg 768w, https:\/\/viqtor.eu\/wp-content\/uploads\/2023\/04\/RGPD-les-donnees-personnelles-ont-bel-et-bien-change-de-statut-720x316.jpg 720w\" sizes=\"(max-width: 1000px) 100vw, 1000px\" \/>\t\t\t\t\t\t\t\t\t\t\t\t\t<\/div>\n\t\t\t\t<\/div>\n\t\t\t\t\t<\/div>\n\t\t<\/div>\n\t\t\t\t\t<\/div>\n\t\t<\/section>\n\t\t\t\t<section class=\"elementor-section elementor-top-section elementor-element elementor-element-eca951c ot-traditional elementor-section-boxed elementor-section-height-default elementor-section-height-default\" data-id=\"eca951c\" data-element_type=\"section\">\n\t\t\t\t\t\t<div class=\"elementor-container elementor-column-gap-default\">\n\t\t\t\t\t<div class=\"elementor-column elementor-col-100 elementor-top-column elementor-element elementor-element-fbcac59 ot-flex-column-vertical\" data-id=\"fbcac59\" data-element_type=\"column\">\n\t\t\t<div class=\"elementor-widget-wrap elementor-element-populated\">\n\t\t\t\t\t\t<div class=\"elementor-element elementor-element-df093d9 elementor-widget elementor-widget-heading\" data-id=\"df093d9\" data-element_type=\"widget\" data-widget_type=\"heading.default\">\n\t\t\t\t<div class=\"elementor-widget-container\">\n\t\t\t<h1 class=\"elementor-heading-title elementor-size-default\">GDPR: i dati personali hanno effettivamente cambiato stato<\/h1>\t\t<\/div>\n\t\t\t\t<\/div>\n\t\t\t\t\t<\/div>\n\t\t<\/div>\n\t\t\t\t\t<\/div>\n\t\t<\/section>\n\t\t\t\t<section class=\"elementor-section elementor-top-section elementor-element elementor-element-3d488ad4 ot-traditional elementor-section-boxed elementor-section-height-default elementor-section-height-default\" data-id=\"3d488ad4\" data-element_type=\"section\">\n\t\t\t\t\t\t<div class=\"elementor-container elementor-column-gap-default\">\n\t\t\t\t\t<div class=\"elementor-column elementor-col-100 elementor-top-column elementor-element elementor-element-580a92ac ot-flex-column-vertical\" data-id=\"580a92ac\" data-element_type=\"column\">\n\t\t\t<div class=\"elementor-widget-wrap elementor-element-populated\">\n\t\t\t\t\t\t<div class=\"elementor-element elementor-element-3100b1 elementor-widget elementor-widget-text-editor\" data-id=\"3100b1\" data-element_type=\"widget\" data-widget_type=\"text-editor.default\">\n\t\t\t\t<div class=\"elementor-widget-container\">\n\t\t\t\t\t\t\t<!-- wp:paragraph -->\n<p><strong>Estratto dal libro di Bruno DUMAY: GDPR DECRYPTION \u2013 Per manager, dipartimenti strategici e dipendenti di aziende e organizzazioni \u2013 Prefazione di Ga\u00eblle MONTEILLER<\/strong><\/p>\n<!-- \/wp:paragraph --><!-- wp:paragraph -->\n<p>Il Regolamento generale sulla protezione dei dati (GDPR) \u00e8 ora lo standard europeo per la protezione dei dati personali all&#039;interno dell&#039;Unione Europea. Un &quot;regolamento&quot;, a differenza di una &quot;direttiva&quot;, \u00e8 applicabile in tutti gli Stati membri dell&#039;UE, senza necessit\u00e0 di recepimento nel diritto nazionale (la Francia, essendo la Francia, \u00e8 attualmente in discussione all&#039;Assemblea Nazionale e al Senato una legge sulla protezione dei dati personali).<\/p>\n<!-- \/wp:paragraph --><!-- wp:paragraph -->\n<p>Il GDPR mira a proteggere i cittadini dell&#039;Unione Europea dall&#039;uso indesiderato dei loro dati personali. Dal 25 maggio 2018, data di entrata in vigore del GDPR, un&#039;azienda (o un&#039;associazione o un ente governativo) non potr\u00e0 pi\u00f9 utilizzare i dati personali per finalit\u00e0 per le quali i suoi clienti, utenti o dipendenti non abbiano espresso il loro consenso. Il principio \u00e8 semplice: i dati appartengono agli interessati e questo diritto \u00e8 imprescrittibile.<\/p>\n<!-- \/wp:paragraph --><!-- wp:paragraph -->\n<p>Se un individuo si sente danneggiato, pu\u00f2 facilmente adire l&#039;autorit\u00e0 di vigilanza (CNIL in Francia) e i tribunali per far valere i propri diritti. Spetter\u00e0 poi all&#039;azienda dimostrare di aver agito nel rispetto della normativa. In caso contrario, le sanzioni saranno particolarmente elevate, rischiando di compromettere la redditivit\u00e0 a lungo termine dell&#039;azienda.<\/p>\n<!-- \/wp:paragraph --><!-- wp:paragraph -->\n<p>La seguente sintesi \u00e8 stata redatta per consentire ai manager, ai dipartimenti strategici e, pi\u00f9 in generale, a tutti coloro che sono responsabili e coinvolti nel trattamento dei dati di comprendere i propri obblighi e di agire di conseguenza. Senza dubbio alcuni di voi sono gi\u00e0 pi\u00f9 o meno preparati, mentre altri non lo sono ancora. In ogni caso, l&#039;obiettivo non \u00e8 impedirvi di lavorare, ma piuttosto aiutarvi a esercitare la vostra professione nel rispetto delle regole, che sono stringenti e imprescindibili.<\/p>\n<!-- \/wp:paragraph --><!-- wp:paragraph -->\n<p>Come scoprirete in questa lettura, il regolamento e le nuove regole del gioco che lo costituiscono segnano l&#039;avvento di una nuova era, e questo non \u00e8 un eufemismo. Perch\u00e9 \u00e8 una rivoluzione che cambier\u00e0 le nostre abitudini, impegnandoci in un processo di profondo cambiamento.<\/p>\n<!-- \/wp:paragraph --><!-- wp:paragraph -->\n<p>Una volta raggiunta la conformit\u00e0 al GDPR, \u00e8 necessario gestirla per mantenerla conforme, per rimanere in linea, come si dice. Le aziende che lo rispettano dimostreranno grande trasparenza nei confronti dei propri clienti o consumatori dei loro prodotti o servizi offerti, creando, rafforzando o riconquistando la loro fiducia.<\/p>\n<!-- \/wp:paragraph --><!-- wp:paragraph -->\n<p>Il GDPR \u00e8 una favolosa opportunit\u00e0 per le aziende che sapranno coglierla con entusiasmo, seriet\u00e0 e pragmatismo. \u00c8 persino una grande sfida strategica, senza dubbio una leva di crescita e di valore pro-business, e in ogni caso una garanzia etica del rapporto con la persona, del rapporto di lavoro dipendente o collaboratore, del rapporto di subappalto o partner, del rapporto con il cliente... del rapporto in generale. Purificando questi innumerevoli aspetti del rapporto con gli altri, in questo nuovo mondo in cui le carte vengono ridistribuite, ci sar\u00e0 pi\u00f9 spazio per il rispetto, la fiducia e la gioia di lavorare, scambiare o commerciare insieme. Benvenuti quindi nell&#039;era del rapporto umano, nel senso pi\u00f9 nobile dell&#039;espressione!<!-- wp:button {\"textAlign\":\"center\",\"backgroundColor\":\"vivid-cyan-blue\"} --><!-- \/wp:button --><\/p>\n<!-- \/wp:paragraph --><!-- wp:buttons {\"layout\":{\"type\":\"flex\",\"justifyContent\":\"center\"}} --><!-- \/wp:buttons -->\t\t\t\t\t\t<\/div>\n\t\t\t\t<\/div>\n\t\t\t\t\t<\/div>\n\t\t<\/div>\n\t\t\t\t\t<\/div>\n\t\t<\/section>\n\t\t\t\t<section class=\"elementor-section elementor-top-section elementor-element elementor-element-b6bf5d5 ot-traditional elementor-section-boxed elementor-section-height-default elementor-section-height-default\" data-id=\"b6bf5d5\" data-element_type=\"section\">\n\t\t\t\t\t\t<div class=\"elementor-container elementor-column-gap-default\">\n\t\t\t\t\t<div class=\"elementor-column elementor-col-100 elementor-top-column elementor-element elementor-element-c1383e3 ot-flex-column-vertical\" data-id=\"c1383e3\" data-element_type=\"column\">\n\t\t\t<div class=\"elementor-widget-wrap elementor-element-populated\">\n\t\t\t\t\t\t<div class=\"elementor-element elementor-element-183bf8d elementor-align-center elementor-widget elementor-widget-button\" data-id=\"183bf8d\" data-element_type=\"widget\" data-widget_type=\"button.default\">\n\t\t\t\t<div class=\"elementor-widget-container\">\n\t\t\t\t\t<div class=\"elementor-button-wrapper\">\n\t\t\t<a class=\"elementor-button elementor-button-link elementor-size-lg\" href=\"https:\/\/app.viqtor.eu\/\">\n\t\t\t\t\t\t<span class=\"elementor-button-content-wrapper\">\n\t\t\t\t\t\t<span class=\"elementor-button-icon\">\n\t\t\t\t<i aria-hidden=\"true\" class=\"fas fa-long-arrow-alt-right\"><\/i>\t\t\t<\/span>\n\t\t\t\t\t\t\t\t\t<span class=\"elementor-button-text\">Scopri Viqtor\u00ae<\/span>\n\t\t\t\t\t<\/span>\n\t\t\t\t\t<\/a>\n\t\t<\/div>\n\t\t\t\t<\/div>\n\t\t\t\t<\/div>\n\t\t\t\t\t<\/div>\n\t\t<\/div>\n\t\t\t\t\t<\/div>\n\t\t<\/section>\n\t\t\t\t<\/div>","protected":false},"excerpt":{"rendered":"<p>GDPR: i dati personali hanno effettivamente cambiato stato Estratto dall\u2019opera di Bruno DUMAY: DECRITTIFICAZIONE DEL GDPR \u2013 Per dirigenti, dipartimenti strategici e dipendenti di aziende e organizzazioni \u2013 Prefazione di Ga\u00eblle MONTEILLER Il Regolamento generale sulla protezione dei dati (GDPR) \u2013 in inglese, General Data Protection Regulation (GDPR) [\u2026]<\/p>","protected":false},"author":1,"featured_media":5902,"comment_status":"closed","ping_status":"open","sticky":false,"template":"elementor_header_footer","format":"standard","meta":{"_acf_changed":false,"footnotes":""},"categories":[62],"tags":[38],"class_list":["post-5900","post","type-post","status-publish","format-standard","has-post-thumbnail","hentry","category-decryptage","tag-decryptage"],"acf":[],"yoast_head":"<!-- This site is optimized with the Yoast SEO plugin v23.6 - https:\/\/yoast.com\/wordpress\/plugins\/seo\/ -->\n<title>RGPD\u00a0: les donn\u00e9es personnelles ont bel et bien chang\u00e9 de statut - Viqtor<\/title>\n<meta name=\"description\" content=\"RGPD\u00a0: les donn\u00e9es personnelles ont bel et bien chang\u00e9 de statut - Viqtor\" \/>\n<meta name=\"robots\" content=\"index, follow, max-snippet:-1, max-image-preview:large, max-video-preview:-1\" \/>\n<link rel=\"canonical\" href=\"https:\/\/viqtor.eu\/it\/rgpd-les-donnees-personnelles-ont-bel-et-bien-change-de-statut\/\" \/>\n<meta property=\"og:locale\" content=\"it_IT\" \/>\n<meta property=\"og:type\" content=\"article\" \/>\n<meta property=\"og:title\" content=\"RGPD\u00a0: les donn\u00e9es personnelles ont bel et bien chang\u00e9 de statut - Viqtor\" \/>\n<meta property=\"og:description\" content=\"RGPD\u00a0: les donn\u00e9es personnelles ont bel et bien chang\u00e9 de statut - Viqtor\" \/>\n<meta property=\"og:url\" content=\"https:\/\/viqtor.eu\/it\/rgpd-les-donnees-personnelles-ont-bel-et-bien-change-de-statut\/\" \/>\n<meta property=\"og:site_name\" content=\"Viqtor\" \/>\n<meta property=\"article:published_time\" content=\"2023-04-26T08:36:45+00:00\" \/>\n<meta property=\"article:modified_time\" content=\"2024-08-06T13:38:05+00:00\" \/>\n<meta property=\"og:image\" content=\"https:\/\/viqtor.eu\/wp-content\/uploads\/2026\/04\/widget-viqtor.png\" \/>\n\t<meta property=\"og:image:width\" content=\"1000\" \/>\n\t<meta property=\"og:image:height\" content=\"439\" \/>\n\t<meta property=\"og:image:type\" content=\"image\/jpeg\" \/>\n<meta name=\"author\" content=\"Bruno\" \/>\n<meta name=\"twitter:card\" content=\"summary_large_image\" \/>\n<meta name=\"twitter:label1\" content=\"Scritto da\" \/>\n\t<meta name=\"twitter:data1\" content=\"Bruno\" \/>\n\t<meta name=\"twitter:label2\" content=\"Tempo di lettura stimato\" \/>\n\t<meta name=\"twitter:data2\" content=\"4 minuti\" \/>\n<script type=\"application\/ld+json\" class=\"yoast-schema-graph\">{\"@context\":\"https:\/\/schema.org\",\"@graph\":[{\"@type\":\"Article\",\"@id\":\"https:\/\/viqtor.eu\/rgpd-les-donnees-personnelles-ont-bel-et-bien-change-de-statut\/#article\",\"isPartOf\":{\"@id\":\"https:\/\/viqtor.eu\/rgpd-les-donnees-personnelles-ont-bel-et-bien-change-de-statut\/\"},\"author\":{\"name\":\"Bruno\",\"@id\":\"https:\/\/viqtor.eu\/#\/schema\/person\/3dbd9cc82a28f6cf1695c92eda0099ad\"},\"headline\":\"RGPD\u00a0: les donn\u00e9es personnelles ont bel et bien chang\u00e9 de statut\",\"datePublished\":\"2023-04-26T08:36:45+00:00\",\"dateModified\":\"2024-08-06T13:38:05+00:00\",\"mainEntityOfPage\":{\"@id\":\"https:\/\/viqtor.eu\/rgpd-les-donnees-personnelles-ont-bel-et-bien-change-de-statut\/\"},\"wordCount\":662,\"publisher\":{\"@id\":\"https:\/\/viqtor.eu\/#organization\"},\"image\":{\"@id\":\"https:\/\/viqtor.eu\/rgpd-les-donnees-personnelles-ont-bel-et-bien-change-de-statut\/#primaryimage\"},\"thumbnailUrl\":\"https:\/\/viqtor.eu\/wp-content\/uploads\/2023\/04\/shutterstock_1823020430-1.jpg\",\"keywords\":[\"D\u00e9cryptage\"],\"articleSection\":[\"D\u00e9cryptage\"],\"inLanguage\":\"it-IT\"},{\"@type\":\"WebPage\",\"@id\":\"https:\/\/viqtor.eu\/rgpd-les-donnees-personnelles-ont-bel-et-bien-change-de-statut\/\",\"url\":\"https:\/\/viqtor.eu\/rgpd-les-donnees-personnelles-ont-bel-et-bien-change-de-statut\/\",\"name\":\"RGPD\u00a0: les donn\u00e9es personnelles ont bel et bien chang\u00e9 de statut - Viqtor\",\"isPartOf\":{\"@id\":\"https:\/\/viqtor.eu\/#website\"},\"primaryImageOfPage\":{\"@id\":\"https:\/\/viqtor.eu\/rgpd-les-donnees-personnelles-ont-bel-et-bien-change-de-statut\/#primaryimage\"},\"image\":{\"@id\":\"https:\/\/viqtor.eu\/rgpd-les-donnees-personnelles-ont-bel-et-bien-change-de-statut\/#primaryimage\"},\"thumbnailUrl\":\"https:\/\/viqtor.eu\/wp-content\/uploads\/2023\/04\/shutterstock_1823020430-1.jpg\",\"datePublished\":\"2023-04-26T08:36:45+00:00\",\"dateModified\":\"2024-08-06T13:38:05+00:00\",\"description\":\"RGPD\u00a0: les donn\u00e9es personnelles ont bel et bien chang\u00e9 de statut - Viqtor\",\"breadcrumb\":{\"@id\":\"https:\/\/viqtor.eu\/rgpd-les-donnees-personnelles-ont-bel-et-bien-change-de-statut\/#breadcrumb\"},\"inLanguage\":\"it-IT\",\"potentialAction\":[{\"@type\":\"ReadAction\",\"target\":[\"https:\/\/viqtor.eu\/rgpd-les-donnees-personnelles-ont-bel-et-bien-change-de-statut\/\"]}]},{\"@type\":\"ImageObject\",\"inLanguage\":\"it-IT\",\"@id\":\"https:\/\/viqtor.eu\/rgpd-les-donnees-personnelles-ont-bel-et-bien-change-de-statut\/#primaryimage\",\"url\":\"https:\/\/viqtor.eu\/wp-content\/uploads\/2023\/04\/shutterstock_1823020430-1.jpg\",\"contentUrl\":\"https:\/\/viqtor.eu\/wp-content\/uploads\/2023\/04\/shutterstock_1823020430-1.jpg\",\"width\":1000,\"height\":439,\"caption\":\"traitement des donn\u00e9s personnels\"},{\"@type\":\"BreadcrumbList\",\"@id\":\"https:\/\/viqtor.eu\/rgpd-les-donnees-personnelles-ont-bel-et-bien-change-de-statut\/#breadcrumb\",\"itemListElement\":[{\"@type\":\"ListItem\",\"position\":1,\"name\":\"Accueil\",\"item\":\"https:\/\/viqtor.eu\/\"},{\"@type\":\"ListItem\",\"position\":2,\"name\":\"RGPD\u00a0: les donn\u00e9es personnelles ont bel et bien chang\u00e9 de statut\"}]},{\"@type\":\"WebSite\",\"@id\":\"https:\/\/viqtor.eu\/#website\",\"url\":\"https:\/\/viqtor.eu\/\",\"name\":\"Viqtor\",\"description\":\"Faites du RGPD une opportunit\u00e9 pour votre entreprise.\",\"publisher\":{\"@id\":\"https:\/\/viqtor.eu\/#organization\"},\"potentialAction\":[{\"@type\":\"SearchAction\",\"target\":{\"@type\":\"EntryPoint\",\"urlTemplate\":\"https:\/\/viqtor.eu\/?s={search_term_string}\"},\"query-input\":{\"@type\":\"PropertyValueSpecification\",\"valueRequired\":true,\"valueName\":\"search_term_string\"}}],\"inLanguage\":\"it-IT\"},{\"@type\":\"Organization\",\"@id\":\"https:\/\/viqtor.eu\/#organization\",\"name\":\"viqtor.eu\",\"url\":\"https:\/\/viqtor.eu\/\",\"logo\":{\"@type\":\"ImageObject\",\"inLanguage\":\"it-IT\",\"@id\":\"https:\/\/viqtor.eu\/#\/schema\/logo\/image\/\",\"url\":\"https:\/\/viqtor.eu\/wp-content\/uploads\/2023\/06\/favicon-noir.svg\",\"contentUrl\":\"https:\/\/viqtor.eu\/wp-content\/uploads\/2023\/06\/favicon-noir.svg\",\"width\":108,\"height\":86,\"caption\":\"viqtor.eu\"},\"image\":{\"@id\":\"https:\/\/viqtor.eu\/#\/schema\/logo\/image\/\"}},{\"@type\":\"Person\",\"@id\":\"https:\/\/viqtor.eu\/#\/schema\/person\/3dbd9cc82a28f6cf1695c92eda0099ad\",\"name\":\"Bruno\",\"image\":{\"@type\":\"ImageObject\",\"inLanguage\":\"it-IT\",\"@id\":\"https:\/\/viqtor.eu\/#\/schema\/person\/image\/\",\"url\":\"https:\/\/secure.gravatar.com\/avatar\/e5a596f9489de15bfe046e97fb771f63589b601ca7e81ccc2bb9a23582f441a3?s=96&d=mm&r=g\",\"contentUrl\":\"https:\/\/secure.gravatar.com\/avatar\/e5a596f9489de15bfe046e97fb771f63589b601ca7e81ccc2bb9a23582f441a3?s=96&d=mm&r=g\",\"caption\":\"Bruno\"},\"sameAs\":[\"https:\/\/exciting-panini.13-37-234-21.plesk.page\"],\"url\":\"https:\/\/viqtor.eu\/it\/author\/mouad_zxum2ebi\/\"}]}<\/script>\n<!-- \/ Yoast SEO plugin. -->","yoast_head_json":{"title":"RGPD\u00a0: les donn\u00e9es personnelles ont bel et bien chang\u00e9 de statut - Viqtor","description":"RGPD\u00a0: les donn\u00e9es personnelles ont bel et bien chang\u00e9 de statut - Viqtor","robots":{"index":"index","follow":"follow","max-snippet":"max-snippet:-1","max-image-preview":"max-image-preview:large","max-video-preview":"max-video-preview:-1"},"canonical":"https:\/\/viqtor.eu\/it\/rgpd-les-donnees-personnelles-ont-bel-et-bien-change-de-statut\/","og_locale":"it_IT","og_type":"article","og_title":"RGPD\u00a0: les donn\u00e9es personnelles ont bel et bien chang\u00e9 de statut - Viqtor","og_description":"RGPD\u00a0: les donn\u00e9es personnelles ont bel et bien chang\u00e9 de statut - Viqtor","og_url":"https:\/\/viqtor.eu\/it\/rgpd-les-donnees-personnelles-ont-bel-et-bien-change-de-statut\/","og_site_name":"Viqtor","article_published_time":"2023-04-26T08:36:45+00:00","article_modified_time":"2024-08-06T13:38:05+00:00","og_image":[{"width":1000,"height":439,"url":"https:\/\/viqtor.eu\/wp-content\/uploads\/2026\/04\/widget-viqtor.png","type":"image\/jpeg"}],"author":"Bruno","twitter_card":"summary_large_image","twitter_misc":{"Scritto da":"Bruno","Tempo di lettura stimato":"4 minuti"},"schema":{"@context":"https:\/\/schema.org","@graph":[{"@type":"Article","@id":"https:\/\/viqtor.eu\/rgpd-les-donnees-personnelles-ont-bel-et-bien-change-de-statut\/#article","isPartOf":{"@id":"https:\/\/viqtor.eu\/rgpd-les-donnees-personnelles-ont-bel-et-bien-change-de-statut\/"},"author":{"name":"Bruno","@id":"https:\/\/viqtor.eu\/#\/schema\/person\/3dbd9cc82a28f6cf1695c92eda0099ad"},"headline":"RGPD\u00a0: les donn\u00e9es personnelles ont bel et bien chang\u00e9 de statut","datePublished":"2023-04-26T08:36:45+00:00","dateModified":"2024-08-06T13:38:05+00:00","mainEntityOfPage":{"@id":"https:\/\/viqtor.eu\/rgpd-les-donnees-personnelles-ont-bel-et-bien-change-de-statut\/"},"wordCount":662,"publisher":{"@id":"https:\/\/viqtor.eu\/#organization"},"image":{"@id":"https:\/\/viqtor.eu\/rgpd-les-donnees-personnelles-ont-bel-et-bien-change-de-statut\/#primaryimage"},"thumbnailUrl":"https:\/\/viqtor.eu\/wp-content\/uploads\/2023\/04\/shutterstock_1823020430-1.jpg","keywords":["D\u00e9cryptage"],"articleSection":["D\u00e9cryptage"],"inLanguage":"it-IT"},{"@type":"WebPage","@id":"https:\/\/viqtor.eu\/rgpd-les-donnees-personnelles-ont-bel-et-bien-change-de-statut\/","url":"https:\/\/viqtor.eu\/rgpd-les-donnees-personnelles-ont-bel-et-bien-change-de-statut\/","name":"RGPD\u00a0: les donn\u00e9es personnelles ont bel et bien chang\u00e9 de statut - Viqtor","isPartOf":{"@id":"https:\/\/viqtor.eu\/#website"},"primaryImageOfPage":{"@id":"https:\/\/viqtor.eu\/rgpd-les-donnees-personnelles-ont-bel-et-bien-change-de-statut\/#primaryimage"},"image":{"@id":"https:\/\/viqtor.eu\/rgpd-les-donnees-personnelles-ont-bel-et-bien-change-de-statut\/#primaryimage"},"thumbnailUrl":"https:\/\/viqtor.eu\/wp-content\/uploads\/2023\/04\/shutterstock_1823020430-1.jpg","datePublished":"2023-04-26T08:36:45+00:00","dateModified":"2024-08-06T13:38:05+00:00","description":"RGPD\u00a0: les donn\u00e9es personnelles ont bel et bien chang\u00e9 de statut - Viqtor","breadcrumb":{"@id":"https:\/\/viqtor.eu\/rgpd-les-donnees-personnelles-ont-bel-et-bien-change-de-statut\/#breadcrumb"},"inLanguage":"it-IT","potentialAction":[{"@type":"ReadAction","target":["https:\/\/viqtor.eu\/rgpd-les-donnees-personnelles-ont-bel-et-bien-change-de-statut\/"]}]},{"@type":"ImageObject","inLanguage":"it-IT","@id":"https:\/\/viqtor.eu\/rgpd-les-donnees-personnelles-ont-bel-et-bien-change-de-statut\/#primaryimage","url":"https:\/\/viqtor.eu\/wp-content\/uploads\/2023\/04\/shutterstock_1823020430-1.jpg","contentUrl":"https:\/\/viqtor.eu\/wp-content\/uploads\/2023\/04\/shutterstock_1823020430-1.jpg","width":1000,"height":439,"caption":"traitement des donn\u00e9s personnels"},{"@type":"BreadcrumbList","@id":"https:\/\/viqtor.eu\/rgpd-les-donnees-personnelles-ont-bel-et-bien-change-de-statut\/#breadcrumb","itemListElement":[{"@type":"ListItem","position":1,"name":"Accueil","item":"https:\/\/viqtor.eu\/"},{"@type":"ListItem","position":2,"name":"RGPD\u00a0: les donn\u00e9es personnelles ont bel et bien chang\u00e9 de statut"}]},{"@type":"WebSite","@id":"https:\/\/viqtor.eu\/#website","url":"https:\/\/viqtor.eu\/","name":"Viqtor","description":"Faites du RGPD une opportunit\u00e9 pour votre entreprise.","publisher":{"@id":"https:\/\/viqtor.eu\/#organization"},"potentialAction":[{"@type":"SearchAction","target":{"@type":"EntryPoint","urlTemplate":"https:\/\/viqtor.eu\/?s={search_term_string}"},"query-input":{"@type":"PropertyValueSpecification","valueRequired":true,"valueName":"search_term_string"}}],"inLanguage":"it-IT"},{"@type":"Organization","@id":"https:\/\/viqtor.eu\/#organization","name":"viqtor.eu","url":"https:\/\/viqtor.eu\/","logo":{"@type":"ImageObject","inLanguage":"it-IT","@id":"https:\/\/viqtor.eu\/#\/schema\/logo\/image\/","url":"https:\/\/viqtor.eu\/wp-content\/uploads\/2023\/06\/favicon-noir.svg","contentUrl":"https:\/\/viqtor.eu\/wp-content\/uploads\/2023\/06\/favicon-noir.svg","width":108,"height":86,"caption":"viqtor.eu"},"image":{"@id":"https:\/\/viqtor.eu\/#\/schema\/logo\/image\/"}},{"@type":"Person","@id":"https:\/\/viqtor.eu\/#\/schema\/person\/3dbd9cc82a28f6cf1695c92eda0099ad","name":"Bruno","image":{"@type":"ImageObject","inLanguage":"it-IT","@id":"https:\/\/viqtor.eu\/#\/schema\/person\/image\/","url":"https:\/\/secure.gravatar.com\/avatar\/e5a596f9489de15bfe046e97fb771f63589b601ca7e81ccc2bb9a23582f441a3?s=96&d=mm&r=g","contentUrl":"https:\/\/secure.gravatar.com\/avatar\/e5a596f9489de15bfe046e97fb771f63589b601ca7e81ccc2bb9a23582f441a3?s=96&d=mm&r=g","caption":"Bruno"},"sameAs":["https:\/\/exciting-panini.13-37-234-21.plesk.page"],"url":"https:\/\/viqtor.eu\/it\/author\/mouad_zxum2ebi\/"}]}},"_links":{"self":[{"href":"https:\/\/viqtor.eu\/it\/wp-json\/wp\/v2\/posts\/5900","targetHints":{"allow":["GET"]}}],"collection":[{"href":"https:\/\/viqtor.eu\/it\/wp-json\/wp\/v2\/posts"}],"about":[{"href":"https:\/\/viqtor.eu\/it\/wp-json\/wp\/v2\/types\/post"}],"author":[{"embeddable":true,"href":"https:\/\/viqtor.eu\/it\/wp-json\/wp\/v2\/users\/1"}],"replies":[{"embeddable":true,"href":"https:\/\/viqtor.eu\/it\/wp-json\/wp\/v2\/comments?post=5900"}],"version-history":[{"count":16,"href":"https:\/\/viqtor.eu\/it\/wp-json\/wp\/v2\/posts\/5900\/revisions"}],"predecessor-version":[{"id":12240,"href":"https:\/\/viqtor.eu\/it\/wp-json\/wp\/v2\/posts\/5900\/revisions\/12240"}],"wp:featuredmedia":[{"embeddable":true,"href":"https:\/\/viqtor.eu\/it\/wp-json\/wp\/v2\/media\/5902"}],"wp:attachment":[{"href":"https:\/\/viqtor.eu\/it\/wp-json\/wp\/v2\/media?parent=5900"}],"wp:term":[{"taxonomy":"category","embeddable":true,"href":"https:\/\/viqtor.eu\/it\/wp-json\/wp\/v2\/categories?post=5900"},{"taxonomy":"post_tag","embeddable":true,"href":"https:\/\/viqtor.eu\/it\/wp-json\/wp\/v2\/tags?post=5900"}],"curies":[{"name":"wp","href":"https:\/\/api.w.org\/{rel}","templated":true}]}}