{"id":5844,"date":"2023-04-25T15:05:08","date_gmt":"2023-04-25T15:05:08","guid":{"rendered":"https:\/\/exciting-panini.13-37-234-21.plesk.page\/?p=5844"},"modified":"2024-08-06T12:18:14","modified_gmt":"2024-08-06T12:18:14","slug":"le-role-du-delegue-a-la-protection-des-donnees-dpd-ou-dpo","status":"publish","type":"post","link":"https:\/\/viqtor.eu\/it\/le-role-du-delegue-a-la-protection-des-donnees-dpd-ou-dpo\/","title":{"rendered":"Il ruolo del Responsabile della Protezione dei Dati (RPD)"},"content":{"rendered":"<div data-elementor-type=\"wp-post\" data-elementor-id=\"5844\" class=\"elementor elementor-5844\" data-elementor-post-type=\"post\">\n\t\t\t\t\t\t<section class=\"elementor-section elementor-top-section elementor-element elementor-element-5c3d50f ot-traditional elementor-section-boxed elementor-section-height-default elementor-section-height-default\" data-id=\"5c3d50f\" data-element_type=\"section\">\n\t\t\t\t\t\t<div class=\"elementor-container elementor-column-gap-default\">\n\t\t\t\t\t<div class=\"elementor-column elementor-col-100 elementor-top-column elementor-element elementor-element-414bee4 ot-flex-column-vertical\" data-id=\"414bee4\" data-element_type=\"column\">\n\t\t\t<div class=\"elementor-widget-wrap elementor-element-populated\">\n\t\t\t\t\t\t<div class=\"elementor-element elementor-element-f546bfd elementor-widget elementor-widget-image\" data-id=\"f546bfd\" data-element_type=\"widget\" data-widget_type=\"image.default\">\n\t\t\t\t<div class=\"elementor-widget-container\">\n\t\t\t\t\t\t\t\t\t\t\t\t\t<img fetchpriority=\"high\" decoding=\"async\" width=\"1000\" height=\"667\" src=\"https:\/\/viqtor.eu\/wp-content\/uploads\/2023\/04\/Le-role-du-Delegue-a-la-protection-des-donnees-DPD-ou-DPO.jpg\" class=\"attachment-full size-full wp-image-12193\" alt=\"Le r\u00f4le du D\u00e9l\u00e9gu\u00e9 \u00e0 la protection des donn\u00e9es (DPD ou DPO)\" srcset=\"https:\/\/viqtor.eu\/wp-content\/uploads\/2023\/04\/Le-role-du-Delegue-a-la-protection-des-donnees-DPD-ou-DPO.jpg 1000w, https:\/\/viqtor.eu\/wp-content\/uploads\/2023\/04\/Le-role-du-Delegue-a-la-protection-des-donnees-DPD-ou-DPO-300x200.jpg 300w, https:\/\/viqtor.eu\/wp-content\/uploads\/2023\/04\/Le-role-du-Delegue-a-la-protection-des-donnees-DPD-ou-DPO-768x512.jpg 768w, https:\/\/viqtor.eu\/wp-content\/uploads\/2023\/04\/Le-role-du-Delegue-a-la-protection-des-donnees-DPD-ou-DPO-720x480.jpg 720w\" sizes=\"(max-width: 1000px) 100vw, 1000px\" \/>\t\t\t\t\t\t\t\t\t\t\t\t\t<\/div>\n\t\t\t\t<\/div>\n\t\t\t\t\t<\/div>\n\t\t<\/div>\n\t\t\t\t\t<\/div>\n\t\t<\/section>\n\t\t\t\t<section class=\"elementor-section elementor-top-section elementor-element elementor-element-f256bdc ot-traditional elementor-section-boxed elementor-section-height-default elementor-section-height-default\" data-id=\"f256bdc\" data-element_type=\"section\">\n\t\t\t\t\t\t<div class=\"elementor-container elementor-column-gap-default\">\n\t\t\t\t\t<div class=\"elementor-column elementor-col-100 elementor-top-column elementor-element elementor-element-0fbc7db ot-flex-column-vertical\" data-id=\"0fbc7db\" data-element_type=\"column\">\n\t\t\t<div class=\"elementor-widget-wrap elementor-element-populated\">\n\t\t\t\t\t\t<div class=\"elementor-element elementor-element-d930e04 elementor-widget elementor-widget-heading\" data-id=\"d930e04\" data-element_type=\"widget\" data-widget_type=\"heading.default\">\n\t\t\t\t<div class=\"elementor-widget-container\">\n\t\t\t<h1 class=\"elementor-heading-title elementor-size-default\">Il ruolo del Responsabile della Protezione dei Dati (RPD)<\/h1>\t\t<\/div>\n\t\t\t\t<\/div>\n\t\t\t\t\t<\/div>\n\t\t<\/div>\n\t\t\t\t\t<\/div>\n\t\t<\/section>\n\t\t\t\t<section class=\"elementor-section elementor-top-section elementor-element elementor-element-347d9a81 ot-traditional elementor-section-boxed elementor-section-height-default elementor-section-height-default\" data-id=\"347d9a81\" data-element_type=\"section\">\n\t\t\t\t\t\t<div class=\"elementor-container elementor-column-gap-default\">\n\t\t\t\t\t<div class=\"elementor-column elementor-col-100 elementor-top-column elementor-element elementor-element-4ec7fdcb ot-flex-column-vertical\" data-id=\"4ec7fdcb\" data-element_type=\"column\">\n\t\t\t<div class=\"elementor-widget-wrap elementor-element-populated\">\n\t\t\t\t\t\t<div class=\"elementor-element elementor-element-246a3cd7 elementor-widget elementor-widget-text-editor\" data-id=\"246a3cd7\" data-element_type=\"widget\" data-widget_type=\"text-editor.default\">\n\t\t\t\t<div class=\"elementor-widget-container\">\n\t\t\t\t\t\t\t<!-- wp:paragraph -->\n<p><strong>Estratto dal libro di Bruno DUMAY: GDPR DECRYPTION \u2013 Per manager, dipartimenti strategici e dipendenti di aziende e organizzazioni \u2013 Prefazione di Ga\u00eblle MONTEILLER<\/strong><\/p>\n<!-- \/wp:paragraph --><!-- wp:paragraph -->\n<p>Insieme alla Valutazione d&#039;Impatto, il Responsabile della Protezione dei Dati (RPD) \u00e8 la seconda figura emblematica del GDPR. In Francia, sostituisce logicamente il Responsabile della Protezione dei Dati (CIL), il Responsabile della Protezione dei Dati (CPL). Va tuttavia notato che l&#039;Unione Europea raccomanda da tempo la nomina di un RPD nelle grandi strutture amministrative ed economiche, e che alcune hanno seguito questa raccomandazione.<\/p>\n<!-- \/wp:paragraph --><!-- wp:paragraph -->\n<p>Il G29 ha lavorato sul ruolo del DPO e ha adottato alcune &quot;linee guida&quot; finalizzate il 5 aprile 2017. Questi dettagli ci aiutano a delineare i contorni e i contenuti di questa posizione chiave.<\/p>\n<!-- \/wp:paragraph --><!-- wp:paragraph -->\n<p>La designazione di un DPO \u00e8 obbligatoria per (art. 37-1):<\/p>\n<!-- \/wp:paragraph --><!-- wp:paragraph -->\n<p>\u2013 enti pubblici;<\/p>\n<!-- \/wp:paragraph --><!-- wp:paragraph -->\n<p>\u2013 organizzazioni le cui attivit\u00e0 principali richiedono un monitoraggio regolare e sistematico degli individui su larga scala. Il G29 distingue tra attivit\u00e0 di supporto, come la gestione delle buste paga o l&#039;IT, e attivit\u00e0 principali, che riguardano il core business dell&#039;organizzazione (ad esempio, i dati sanitari per un ospedale). Analogamente, adotta una visione molto ampia del concetto di &quot;monitoraggio regolare e sistematico&quot;, che non si limita all&#039;ambiente online;<\/p>\n<!-- \/wp:paragraph --><!-- wp:paragraph -->\n<p>\u2013 organizzazioni le cui attivit\u00e0 principali le portano a trattare dati \u201csensibili\u201d o dati relativi a condanne penali e reati su larga scala (G29 fornisce elementi significativi per determinare cosa si intende per \u201clarga scala\u201d).<\/p>\n<!-- \/wp:paragraph --><!-- wp:paragraph -->\n<p>Un gruppo di aziende o un insieme di enti pubblici pu\u00f2 nominare un unico DPO (artt. 37-2 e 3). Naturalmente, la nomina di un DPO \u00e8 fortemente raccomandata dal G29, anche in questo caso come buona prassi.<\/p>\n<!-- \/wp:paragraph --><!-- wp:paragraph -->\n<p>Il responsabile della protezione dei dati \u00e8 nominato dal titolare del trattamento e, ove applicabile, dal responsabile del trattamento, in base alle sue qualit\u00e0 professionali, &quot;in particolare alla sua conoscenza specialistica della normativa e delle prassi in materia di protezione dei dati, e alla sua capacit\u00e0 di svolgere i propri compiti&quot; (art. 37-5). Quanto pi\u00f9 complesse sono le operazioni di trattamento, tanto pi\u00f9 elevate sono le competenze richieste.<\/p>\n<!-- \/wp:paragraph --><!-- wp:paragraph -->\n<p>Il DPO pu\u00f2 essere interno o esterno all&#039;organizzazione e, in quest&#039;ultimo caso, svolgere la propria missione sulla base di un contratto. Se il fornitore di servizi \u00e8 un team, i compiti di ciascun membro devono essere specificati e deve essere designato un responsabile del team. Il WP29 raccomanda che il DPO sia facilmente &quot;raggiungibile&quot; e pertanto che abbia sede nell&#039;Unione Europea. Tuttavia, in particolare quando il titolare del trattamento o il responsabile del trattamento hanno sede al di fuori dell&#039;Unione Europea, \u00e8 accettabile che il DPO abbia sede al di fuori dell&#039;UE, se ci\u00f2 consente di agire in modo pi\u00f9 efficace.<\/p>\n<!-- \/wp:paragraph --><!-- wp:paragraph -->\n<p>Il DPO non svolge solo un ruolo simbolico. Deve essere coinvolto, dal titolare del trattamento e dal responsabile del trattamento, &quot;in tutte le questioni relative alla protezione dei dati personali&quot; (art. 38-1). Pu\u00f2 essere contattato da chiunque i cui dati personali siano trattati (art. 38-4). Dispone delle &quot;risorse necessarie&quot; per svolgere i suoi compiti, ha accesso ai dati e alle operazioni di trattamento e deve anche essere in grado di &quot;mantenere le proprie conoscenze specialistiche&quot; (art. 38-2). Con &quot;risorse necessarie&quot;, il G29 intende anche il supporto attraverso supervisione, tempo sufficiente, condizioni materiali e formazione. Il DPO \u00e8, in un certo senso, santificato.<\/p>\n<!-- \/wp:paragraph --><!-- wp:paragraph -->\n<p>Tanto pi\u00f9 che la sua indipendenza \u00e8 garantita. Non pu\u00f2 infatti &quot;ricevere istruzioni relative all&#039;esercizio delle missioni&quot; (art. 38-3). Il titolare del trattamento e il subappaltatore non hanno alcun potere su di lui (hanno tuttavia il potere di nominarlo), che \u00e8 responsabile solo nei confronti del &quot;livello pi\u00f9 alto&quot; della loro direzione. \u00c8 inoltre soggetto al segreto professionale e all&#039;obbligo di riservatezza (art. 38-5).<\/p>\n<!-- \/wp:paragraph --><!-- wp:paragraph -->\n<p>Nonostante il suo status, il DPO non \u00e8 responsabile per la violazione del GDPR da parte dell&#039;organizzazione che lo ha incaricato. Sono responsabili solo il titolare del trattamento e\/o il responsabile del trattamento. La responsabilit\u00e0 penale potrebbe sussistere solo in caso di concorso in una violazione dolosa.<\/p>\n<!-- \/wp:paragraph --><!-- wp:paragraph -->\n<p>Il responsabile della protezione dei dati pu\u00f2 svolgere altre funzioni e compiti, che non devono comportare conflitti di interesse (art. 38-6). Gli \u00e8 pertanto impossibile svolgere funzioni che lo portino a decidere sulle finalit\u00e0 e sulle modalit\u00e0 del trattamento dei dati personali. Un RPD non pu\u00f2 quindi esercitare funzioni di gestione dell&#039;organizzazione o lavorare all&#039;interno del servizio responsabile della gestione dei dati. Nel 2015, la CNIL ha condotto uno studio per determinare i profili dei responsabili della protezione dei dati; \u00e8 emerso che non esisteva un profilo tipo: 47 % avevano un profilo tecnico, 19 % un profilo legale, 10 % un profilo amministrativo. \u00c8 probabile che, almeno inizialmente, questa assenza di un profilo tipo si riscontrer\u00e0 tra i RPD.<\/p>\n<!-- \/wp:paragraph --><!-- wp:paragraph -->\n<p>L&#039;articolo 39 del GDPR elenca i doveri del delegato:<\/p>\n<!-- \/wp:paragraph --><!-- wp:paragraph -->\n<p>\u2013 informare e consigliare il titolare del trattamento, il responsabile del trattamento e i dipendenti che eseguono il trattamento in merito ai loro obblighi relativi alle norme sul trattamento dei dati personali;<\/p>\n<!-- \/wp:paragraph --><!-- wp:paragraph -->\n<p>\u2013 monitorare il rispetto delle normative, ma anche sensibilizzare e formare il personale coinvolto nelle operazioni di trattamento;<\/p>\n<!-- \/wp:paragraph --><!-- wp:paragraph -->\n<p>\u2013 fornire consulenza, se richiesta, sulla valutazione d&#039;impatto. Le linee guida del WP29 attribuiscono chiaramente al RPD un ruolo fondamentale in tale valutazione. Il RPD deve essere consultato sulla tempestivit\u00e0, la metodologia e il contenuto, per poi valutarne la qualit\u00e0;<\/p>\n<!-- \/wp:paragraph --><!-- wp:paragraph -->\n<p>\u2013 collaborare con l&#039;autorit\u00e0 di controllo e fungere da punto di contatto per essa. Al momento della stesura di questo documento, la CNIL sta elaborando un modulo per la designazione del DPO.<\/p>\n<!-- \/wp:paragraph --><!-- wp:paragraph -->\n<p>Non \u00e8 presente nell&#039;articolo, ma il G29 aggiunge una missione aggiuntiva e facoltativa al DPO: &quot;Nulla impedisce al titolare del trattamento o al responsabile del trattamento di affidare al DPO la missione di tenere il registro dei trattamenti effettuati sotto la responsabilit\u00e0 del titolare del trattamento o del responsabile del trattamento&quot;. Forse si tratta di un suggerimento per facilitare il flusso di informazioni tra i diversi attori?<\/p>\n<!-- \/wp:paragraph --><!-- wp:paragraph -->\n<p>Ci\u00f2 non sarebbe inutile. Perch\u00e9 al termine dell&#039;analisi di questa funzione, ci diciamo che non sar\u00e0 facile trovare, anche in una grande azienda, una persona che sia competente a svolgere questo ruolo fondamentale e che sia libera da qualsiasi responsabilit\u00e0 nel trattamento dei dati, al fine di evitare conflitti di interesse. Non \u00e8 facile, infatti, essere consapevoli delle disposizioni di un regolamento, e soprattutto delle loro conseguenze, quando non si \u00e8 tenuti a recepirle personalmente nel contesto del proprio lavoro.<\/p>\n<!-- \/wp:paragraph --><!-- wp:paragraph -->\n<p>A questo punto, il problema relativo alla denominazione del DPO \u00e8 semplice, anche se in realt\u00e0 si tratta di tre affermazioni distinte:<\/p>\n<!-- \/wp:paragraph --><!-- wp:paragraph -->\n<p>Nominandolo internamente, ci sono molteplici ostacoli da superare, come l&#039;aspetto sociale e la rinegoziazione del contratto di lavoro. In effetti, in questo caso, \u00e8 logico supporre che la portata di questa nuova missione non fosse nota al momento della firma iniziale del contratto. Se aggiungiamo la nozione di rischio, la subordinazione diretta ed esclusiva alla governance aziendale e a nessun&#039;altra, si tratta di una modifica sostanziale del contratto, quindi di un nuovo contratto di lavoro. E chi lo valuter\u00e0 internamente, lo controller\u00e0? E chi far\u00e0 il suo lavoro, visto che non potr\u00e0 pi\u00f9 essere giudice e arbitro...<\/p>\n<!-- \/wp:paragraph --><!-- wp:paragraph -->\n<p>Assumetelo e la domanda salir\u00e0 alle stelle. Il profilo \u00e8 cos\u00ec ricercato dalle grandi e medie aziende che si \u00e8 verificata una vera e propria inflazione, dovuta alla carenza di personale. E il problema rimane: chi lo valuter\u00e0 e lo monitorer\u00e0?<\/p>\n<!-- \/wp:paragraph --><!-- wp:paragraph -->\n<p>Perch\u00e9, quindi, non delegare questa funzione di DPO a un professionista giurato, che potrebbe svolgere il suo ruolo con una competenza e un&#039;indipendenza difficilmente conciliabili internamente? Il regolamento non dice nulla in merito a questa possibilit\u00e0, e sar\u00e0 necessario verificare nella pratica se sia concepibile e prevista (nulla ci impedisce di interrogare la CNIL in merito). In ogni caso, ci sembra interessante, una garanzia di un rapporto virtuoso tra titolare del trattamento e responsabile della protezione dei dati.<\/p>\n<!-- \/wp:paragraph --><!-- wp:paragraph -->\n<p>E infine, possiamo semplicemente decidere di non nominare un DPO, semplicemente perch\u00e9 non siamo strettamente obbligati a farlo.<\/p>\n<!-- \/wp:buttons -->\t\t\t\t\t\t<\/div>\n\t\t\t\t<\/div>\n\t\t\t\t\t<\/div>\n\t\t<\/div>\n\t\t\t\t\t<\/div>\n\t\t<\/section>\n\t\t\t\t<section class=\"elementor-section elementor-top-section elementor-element elementor-element-6971a3e ot-traditional elementor-section-boxed elementor-section-height-default elementor-section-height-default\" data-id=\"6971a3e\" data-element_type=\"section\">\n\t\t\t\t\t\t<div class=\"elementor-container elementor-column-gap-default\">\n\t\t\t\t\t<div class=\"elementor-column elementor-col-100 elementor-top-column elementor-element elementor-element-10a3a56 ot-flex-column-vertical\" data-id=\"10a3a56\" data-element_type=\"column\">\n\t\t\t<div class=\"elementor-widget-wrap elementor-element-populated\">\n\t\t\t\t\t\t<div class=\"elementor-element elementor-element-20edfeb elementor-align-center elementor-widget elementor-widget-button\" data-id=\"20edfeb\" data-element_type=\"widget\" data-widget_type=\"button.default\">\n\t\t\t\t<div class=\"elementor-widget-container\">\n\t\t\t\t\t<div class=\"elementor-button-wrapper\">\n\t\t\t<a class=\"elementor-button elementor-button-link elementor-size-lg\" href=\"https:\/\/app.viqtor.eu\/\">\n\t\t\t\t\t\t<span class=\"elementor-button-content-wrapper\">\n\t\t\t\t\t\t<span class=\"elementor-button-icon\">\n\t\t\t\t<i aria-hidden=\"true\" class=\"fas fa-long-arrow-alt-right\"><\/i>\t\t\t<\/span>\n\t\t\t\t\t\t\t\t\t<span class=\"elementor-button-text\">Scopri Viqtor\u00ae<\/span>\n\t\t\t\t\t<\/span>\n\t\t\t\t\t<\/a>\n\t\t<\/div>\n\t\t\t\t<\/div>\n\t\t\t\t<\/div>\n\t\t\t\t\t<\/div>\n\t\t<\/div>\n\t\t\t\t\t<\/div>\n\t\t<\/section>\n\t\t\t\t<\/div>","protected":false},"excerpt":{"rendered":"<p>Il ruolo del Responsabile della Protezione dei Dati (RPD) Estratto dall\u2019opera di Bruno DUMAY: GDPR DECRYPTION \u2013 Per i Manager, le Direzioni Strategiche e i dipendenti di aziende e organizzazioni \u2013 Prefazione di Ga\u00eblle MONTEILLER Con l\u2019Analisi d\u2019Impatto, il Responsabile della Protezione dei Dati, RPD, (in inglese data protection [\u2026]<\/p>","protected":false},"author":1,"featured_media":5852,"comment_status":"closed","ping_status":"open","sticky":false,"template":"elementor_header_footer","format":"standard","meta":{"_acf_changed":false,"footnotes":""},"categories":[62],"tags":[38],"class_list":["post-5844","post","type-post","status-publish","format-standard","has-post-thumbnail","hentry","category-decryptage","tag-decryptage"],"acf":[],"yoast_head":"<!-- This site is optimized with the Yoast SEO plugin v23.6 - https:\/\/yoast.com\/wordpress\/plugins\/seo\/ -->\n<title>Le r\u00f4le du D\u00e9l\u00e9gu\u00e9 \u00e0 la protection des donn\u00e9es (DPD ou DPO) - Viqtor<\/title>\n<meta name=\"description\" content=\"Le r\u00f4le du D\u00e9l\u00e9gu\u00e9 \u00e0 la protection des donn\u00e9es (DPD ou DPO) - Viqtor\" \/>\n<meta name=\"robots\" content=\"index, follow, max-snippet:-1, max-image-preview:large, max-video-preview:-1\" \/>\n<link rel=\"canonical\" href=\"https:\/\/viqtor.eu\/it\/le-role-du-delegue-a-la-protection-des-donnees-dpd-ou-dpo\/\" \/>\n<meta property=\"og:locale\" content=\"it_IT\" \/>\n<meta property=\"og:type\" content=\"article\" \/>\n<meta property=\"og:title\" content=\"Le r\u00f4le du D\u00e9l\u00e9gu\u00e9 \u00e0 la protection des donn\u00e9es (DPD ou DPO) - Viqtor\" \/>\n<meta property=\"og:description\" content=\"Le r\u00f4le du D\u00e9l\u00e9gu\u00e9 \u00e0 la protection des donn\u00e9es (DPD ou DPO) - Viqtor\" \/>\n<meta property=\"og:url\" content=\"https:\/\/viqtor.eu\/it\/le-role-du-delegue-a-la-protection-des-donnees-dpd-ou-dpo\/\" \/>\n<meta property=\"og:site_name\" content=\"Viqtor\" \/>\n<meta property=\"article:published_time\" content=\"2023-04-25T15:05:08+00:00\" \/>\n<meta property=\"article:modified_time\" content=\"2024-08-06T12:18:14+00:00\" \/>\n<meta property=\"og:image\" content=\"https:\/\/viqtor.eu\/wp-content\/uploads\/2026\/04\/widget-viqtor.png\" \/>\n\t<meta property=\"og:image:width\" content=\"1000\" \/>\n\t<meta property=\"og:image:height\" content=\"667\" \/>\n\t<meta property=\"og:image:type\" content=\"image\/jpeg\" \/>\n<meta name=\"author\" content=\"Bruno\" \/>\n<meta name=\"twitter:card\" content=\"summary_large_image\" \/>\n<meta name=\"twitter:label1\" content=\"Scritto da\" \/>\n\t<meta name=\"twitter:data1\" content=\"Bruno\" \/>\n\t<meta name=\"twitter:label2\" content=\"Tempo di lettura stimato\" \/>\n\t<meta name=\"twitter:data2\" content=\"8 minuti\" \/>\n<script type=\"application\/ld+json\" class=\"yoast-schema-graph\">{\"@context\":\"https:\/\/schema.org\",\"@graph\":[{\"@type\":\"Article\",\"@id\":\"https:\/\/viqtor.eu\/le-role-du-delegue-a-la-protection-des-donnees-dpd-ou-dpo\/#article\",\"isPartOf\":{\"@id\":\"https:\/\/viqtor.eu\/le-role-du-delegue-a-la-protection-des-donnees-dpd-ou-dpo\/\"},\"author\":{\"name\":\"Bruno\",\"@id\":\"https:\/\/viqtor.eu\/#\/schema\/person\/3dbd9cc82a28f6cf1695c92eda0099ad\"},\"headline\":\"Le r\u00f4le du D\u00e9l\u00e9gu\u00e9 \u00e0 la protection des donn\u00e9es (DPD ou DPO)\",\"datePublished\":\"2023-04-25T15:05:08+00:00\",\"dateModified\":\"2024-08-06T12:18:14+00:00\",\"mainEntityOfPage\":{\"@id\":\"https:\/\/viqtor.eu\/le-role-du-delegue-a-la-protection-des-donnees-dpd-ou-dpo\/\"},\"wordCount\":1588,\"publisher\":{\"@id\":\"https:\/\/viqtor.eu\/#organization\"},\"image\":{\"@id\":\"https:\/\/viqtor.eu\/le-role-du-delegue-a-la-protection-des-donnees-dpd-ou-dpo\/#primaryimage\"},\"thumbnailUrl\":\"https:\/\/viqtor.eu\/wp-content\/uploads\/2023\/04\/shutterstock_2000247368-1.jpg\",\"keywords\":[\"D\u00e9cryptage\"],\"articleSection\":[\"D\u00e9cryptage\"],\"inLanguage\":\"it-IT\"},{\"@type\":\"WebPage\",\"@id\":\"https:\/\/viqtor.eu\/le-role-du-delegue-a-la-protection-des-donnees-dpd-ou-dpo\/\",\"url\":\"https:\/\/viqtor.eu\/le-role-du-delegue-a-la-protection-des-donnees-dpd-ou-dpo\/\",\"name\":\"Le r\u00f4le du D\u00e9l\u00e9gu\u00e9 \u00e0 la protection des donn\u00e9es (DPD ou DPO) - Viqtor\",\"isPartOf\":{\"@id\":\"https:\/\/viqtor.eu\/#website\"},\"primaryImageOfPage\":{\"@id\":\"https:\/\/viqtor.eu\/le-role-du-delegue-a-la-protection-des-donnees-dpd-ou-dpo\/#primaryimage\"},\"image\":{\"@id\":\"https:\/\/viqtor.eu\/le-role-du-delegue-a-la-protection-des-donnees-dpd-ou-dpo\/#primaryimage\"},\"thumbnailUrl\":\"https:\/\/viqtor.eu\/wp-content\/uploads\/2023\/04\/shutterstock_2000247368-1.jpg\",\"datePublished\":\"2023-04-25T15:05:08+00:00\",\"dateModified\":\"2024-08-06T12:18:14+00:00\",\"description\":\"Le r\u00f4le du D\u00e9l\u00e9gu\u00e9 \u00e0 la protection des donn\u00e9es (DPD ou DPO) - Viqtor\",\"breadcrumb\":{\"@id\":\"https:\/\/viqtor.eu\/le-role-du-delegue-a-la-protection-des-donnees-dpd-ou-dpo\/#breadcrumb\"},\"inLanguage\":\"it-IT\",\"potentialAction\":[{\"@type\":\"ReadAction\",\"target\":[\"https:\/\/viqtor.eu\/le-role-du-delegue-a-la-protection-des-donnees-dpd-ou-dpo\/\"]}]},{\"@type\":\"ImageObject\",\"inLanguage\":\"it-IT\",\"@id\":\"https:\/\/viqtor.eu\/le-role-du-delegue-a-la-protection-des-donnees-dpd-ou-dpo\/#primaryimage\",\"url\":\"https:\/\/viqtor.eu\/wp-content\/uploads\/2023\/04\/shutterstock_2000247368-1.jpg\",\"contentUrl\":\"https:\/\/viqtor.eu\/wp-content\/uploads\/2023\/04\/shutterstock_2000247368-1.jpg\",\"width\":1000,\"height\":667,\"caption\":\"Le r\u00f4le du D\u00e9l\u00e9gu\u00e9 \u00e0 la protection des donn\u00e9es (DPD ou DPO)\"},{\"@type\":\"BreadcrumbList\",\"@id\":\"https:\/\/viqtor.eu\/le-role-du-delegue-a-la-protection-des-donnees-dpd-ou-dpo\/#breadcrumb\",\"itemListElement\":[{\"@type\":\"ListItem\",\"position\":1,\"name\":\"Accueil\",\"item\":\"https:\/\/viqtor.eu\/\"},{\"@type\":\"ListItem\",\"position\":2,\"name\":\"Le r\u00f4le du D\u00e9l\u00e9gu\u00e9 \u00e0 la protection des donn\u00e9es (DPD ou DPO)\"}]},{\"@type\":\"WebSite\",\"@id\":\"https:\/\/viqtor.eu\/#website\",\"url\":\"https:\/\/viqtor.eu\/\",\"name\":\"Viqtor\",\"description\":\"Faites du RGPD une opportunit\u00e9 pour votre entreprise.\",\"publisher\":{\"@id\":\"https:\/\/viqtor.eu\/#organization\"},\"potentialAction\":[{\"@type\":\"SearchAction\",\"target\":{\"@type\":\"EntryPoint\",\"urlTemplate\":\"https:\/\/viqtor.eu\/?s={search_term_string}\"},\"query-input\":{\"@type\":\"PropertyValueSpecification\",\"valueRequired\":true,\"valueName\":\"search_term_string\"}}],\"inLanguage\":\"it-IT\"},{\"@type\":\"Organization\",\"@id\":\"https:\/\/viqtor.eu\/#organization\",\"name\":\"viqtor.eu\",\"url\":\"https:\/\/viqtor.eu\/\",\"logo\":{\"@type\":\"ImageObject\",\"inLanguage\":\"it-IT\",\"@id\":\"https:\/\/viqtor.eu\/#\/schema\/logo\/image\/\",\"url\":\"https:\/\/viqtor.eu\/wp-content\/uploads\/2023\/06\/favicon-noir.svg\",\"contentUrl\":\"https:\/\/viqtor.eu\/wp-content\/uploads\/2023\/06\/favicon-noir.svg\",\"width\":108,\"height\":86,\"caption\":\"viqtor.eu\"},\"image\":{\"@id\":\"https:\/\/viqtor.eu\/#\/schema\/logo\/image\/\"}},{\"@type\":\"Person\",\"@id\":\"https:\/\/viqtor.eu\/#\/schema\/person\/3dbd9cc82a28f6cf1695c92eda0099ad\",\"name\":\"Bruno\",\"image\":{\"@type\":\"ImageObject\",\"inLanguage\":\"it-IT\",\"@id\":\"https:\/\/viqtor.eu\/#\/schema\/person\/image\/\",\"url\":\"https:\/\/secure.gravatar.com\/avatar\/e5a596f9489de15bfe046e97fb771f63589b601ca7e81ccc2bb9a23582f441a3?s=96&d=mm&r=g\",\"contentUrl\":\"https:\/\/secure.gravatar.com\/avatar\/e5a596f9489de15bfe046e97fb771f63589b601ca7e81ccc2bb9a23582f441a3?s=96&d=mm&r=g\",\"caption\":\"Bruno\"},\"sameAs\":[\"https:\/\/exciting-panini.13-37-234-21.plesk.page\"],\"url\":\"https:\/\/viqtor.eu\/it\/author\/mouad_zxum2ebi\/\"}]}<\/script>\n<!-- \/ Yoast SEO plugin. -->","yoast_head_json":{"title":"Le r\u00f4le du D\u00e9l\u00e9gu\u00e9 \u00e0 la protection des donn\u00e9es (DPD ou DPO) - Viqtor","description":"Le r\u00f4le du D\u00e9l\u00e9gu\u00e9 \u00e0 la protection des donn\u00e9es (DPD ou DPO) - Viqtor","robots":{"index":"index","follow":"follow","max-snippet":"max-snippet:-1","max-image-preview":"max-image-preview:large","max-video-preview":"max-video-preview:-1"},"canonical":"https:\/\/viqtor.eu\/it\/le-role-du-delegue-a-la-protection-des-donnees-dpd-ou-dpo\/","og_locale":"it_IT","og_type":"article","og_title":"Le r\u00f4le du D\u00e9l\u00e9gu\u00e9 \u00e0 la protection des donn\u00e9es (DPD ou DPO) - Viqtor","og_description":"Le r\u00f4le du D\u00e9l\u00e9gu\u00e9 \u00e0 la protection des donn\u00e9es (DPD ou DPO) - Viqtor","og_url":"https:\/\/viqtor.eu\/it\/le-role-du-delegue-a-la-protection-des-donnees-dpd-ou-dpo\/","og_site_name":"Viqtor","article_published_time":"2023-04-25T15:05:08+00:00","article_modified_time":"2024-08-06T12:18:14+00:00","og_image":[{"width":1000,"height":667,"url":"https:\/\/viqtor.eu\/wp-content\/uploads\/2026\/04\/widget-viqtor.png","type":"image\/jpeg"}],"author":"Bruno","twitter_card":"summary_large_image","twitter_misc":{"Scritto da":"Bruno","Tempo di lettura stimato":"8 minuti"},"schema":{"@context":"https:\/\/schema.org","@graph":[{"@type":"Article","@id":"https:\/\/viqtor.eu\/le-role-du-delegue-a-la-protection-des-donnees-dpd-ou-dpo\/#article","isPartOf":{"@id":"https:\/\/viqtor.eu\/le-role-du-delegue-a-la-protection-des-donnees-dpd-ou-dpo\/"},"author":{"name":"Bruno","@id":"https:\/\/viqtor.eu\/#\/schema\/person\/3dbd9cc82a28f6cf1695c92eda0099ad"},"headline":"Le r\u00f4le du D\u00e9l\u00e9gu\u00e9 \u00e0 la protection des donn\u00e9es (DPD ou DPO)","datePublished":"2023-04-25T15:05:08+00:00","dateModified":"2024-08-06T12:18:14+00:00","mainEntityOfPage":{"@id":"https:\/\/viqtor.eu\/le-role-du-delegue-a-la-protection-des-donnees-dpd-ou-dpo\/"},"wordCount":1588,"publisher":{"@id":"https:\/\/viqtor.eu\/#organization"},"image":{"@id":"https:\/\/viqtor.eu\/le-role-du-delegue-a-la-protection-des-donnees-dpd-ou-dpo\/#primaryimage"},"thumbnailUrl":"https:\/\/viqtor.eu\/wp-content\/uploads\/2023\/04\/shutterstock_2000247368-1.jpg","keywords":["D\u00e9cryptage"],"articleSection":["D\u00e9cryptage"],"inLanguage":"it-IT"},{"@type":"WebPage","@id":"https:\/\/viqtor.eu\/le-role-du-delegue-a-la-protection-des-donnees-dpd-ou-dpo\/","url":"https:\/\/viqtor.eu\/le-role-du-delegue-a-la-protection-des-donnees-dpd-ou-dpo\/","name":"Le r\u00f4le du D\u00e9l\u00e9gu\u00e9 \u00e0 la protection des donn\u00e9es (DPD ou DPO) - Viqtor","isPartOf":{"@id":"https:\/\/viqtor.eu\/#website"},"primaryImageOfPage":{"@id":"https:\/\/viqtor.eu\/le-role-du-delegue-a-la-protection-des-donnees-dpd-ou-dpo\/#primaryimage"},"image":{"@id":"https:\/\/viqtor.eu\/le-role-du-delegue-a-la-protection-des-donnees-dpd-ou-dpo\/#primaryimage"},"thumbnailUrl":"https:\/\/viqtor.eu\/wp-content\/uploads\/2023\/04\/shutterstock_2000247368-1.jpg","datePublished":"2023-04-25T15:05:08+00:00","dateModified":"2024-08-06T12:18:14+00:00","description":"Le r\u00f4le du D\u00e9l\u00e9gu\u00e9 \u00e0 la protection des donn\u00e9es (DPD ou DPO) - Viqtor","breadcrumb":{"@id":"https:\/\/viqtor.eu\/le-role-du-delegue-a-la-protection-des-donnees-dpd-ou-dpo\/#breadcrumb"},"inLanguage":"it-IT","potentialAction":[{"@type":"ReadAction","target":["https:\/\/viqtor.eu\/le-role-du-delegue-a-la-protection-des-donnees-dpd-ou-dpo\/"]}]},{"@type":"ImageObject","inLanguage":"it-IT","@id":"https:\/\/viqtor.eu\/le-role-du-delegue-a-la-protection-des-donnees-dpd-ou-dpo\/#primaryimage","url":"https:\/\/viqtor.eu\/wp-content\/uploads\/2023\/04\/shutterstock_2000247368-1.jpg","contentUrl":"https:\/\/viqtor.eu\/wp-content\/uploads\/2023\/04\/shutterstock_2000247368-1.jpg","width":1000,"height":667,"caption":"Le r\u00f4le du D\u00e9l\u00e9gu\u00e9 \u00e0 la protection des donn\u00e9es (DPD ou DPO)"},{"@type":"BreadcrumbList","@id":"https:\/\/viqtor.eu\/le-role-du-delegue-a-la-protection-des-donnees-dpd-ou-dpo\/#breadcrumb","itemListElement":[{"@type":"ListItem","position":1,"name":"Accueil","item":"https:\/\/viqtor.eu\/"},{"@type":"ListItem","position":2,"name":"Le r\u00f4le du D\u00e9l\u00e9gu\u00e9 \u00e0 la protection des donn\u00e9es (DPD ou DPO)"}]},{"@type":"WebSite","@id":"https:\/\/viqtor.eu\/#website","url":"https:\/\/viqtor.eu\/","name":"Viqtor","description":"Faites du RGPD une opportunit\u00e9 pour votre entreprise.","publisher":{"@id":"https:\/\/viqtor.eu\/#organization"},"potentialAction":[{"@type":"SearchAction","target":{"@type":"EntryPoint","urlTemplate":"https:\/\/viqtor.eu\/?s={search_term_string}"},"query-input":{"@type":"PropertyValueSpecification","valueRequired":true,"valueName":"search_term_string"}}],"inLanguage":"it-IT"},{"@type":"Organization","@id":"https:\/\/viqtor.eu\/#organization","name":"viqtor.eu","url":"https:\/\/viqtor.eu\/","logo":{"@type":"ImageObject","inLanguage":"it-IT","@id":"https:\/\/viqtor.eu\/#\/schema\/logo\/image\/","url":"https:\/\/viqtor.eu\/wp-content\/uploads\/2023\/06\/favicon-noir.svg","contentUrl":"https:\/\/viqtor.eu\/wp-content\/uploads\/2023\/06\/favicon-noir.svg","width":108,"height":86,"caption":"viqtor.eu"},"image":{"@id":"https:\/\/viqtor.eu\/#\/schema\/logo\/image\/"}},{"@type":"Person","@id":"https:\/\/viqtor.eu\/#\/schema\/person\/3dbd9cc82a28f6cf1695c92eda0099ad","name":"Bruno","image":{"@type":"ImageObject","inLanguage":"it-IT","@id":"https:\/\/viqtor.eu\/#\/schema\/person\/image\/","url":"https:\/\/secure.gravatar.com\/avatar\/e5a596f9489de15bfe046e97fb771f63589b601ca7e81ccc2bb9a23582f441a3?s=96&d=mm&r=g","contentUrl":"https:\/\/secure.gravatar.com\/avatar\/e5a596f9489de15bfe046e97fb771f63589b601ca7e81ccc2bb9a23582f441a3?s=96&d=mm&r=g","caption":"Bruno"},"sameAs":["https:\/\/exciting-panini.13-37-234-21.plesk.page"],"url":"https:\/\/viqtor.eu\/it\/author\/mouad_zxum2ebi\/"}]}},"_links":{"self":[{"href":"https:\/\/viqtor.eu\/it\/wp-json\/wp\/v2\/posts\/5844","targetHints":{"allow":["GET"]}}],"collection":[{"href":"https:\/\/viqtor.eu\/it\/wp-json\/wp\/v2\/posts"}],"about":[{"href":"https:\/\/viqtor.eu\/it\/wp-json\/wp\/v2\/types\/post"}],"author":[{"embeddable":true,"href":"https:\/\/viqtor.eu\/it\/wp-json\/wp\/v2\/users\/1"}],"replies":[{"embeddable":true,"href":"https:\/\/viqtor.eu\/it\/wp-json\/wp\/v2\/comments?post=5844"}],"version-history":[{"count":17,"href":"https:\/\/viqtor.eu\/it\/wp-json\/wp\/v2\/posts\/5844\/revisions"}],"predecessor-version":[{"id":12200,"href":"https:\/\/viqtor.eu\/it\/wp-json\/wp\/v2\/posts\/5844\/revisions\/12200"}],"wp:featuredmedia":[{"embeddable":true,"href":"https:\/\/viqtor.eu\/it\/wp-json\/wp\/v2\/media\/5852"}],"wp:attachment":[{"href":"https:\/\/viqtor.eu\/it\/wp-json\/wp\/v2\/media?parent=5844"}],"wp:term":[{"taxonomy":"category","embeddable":true,"href":"https:\/\/viqtor.eu\/it\/wp-json\/wp\/v2\/categories?post=5844"},{"taxonomy":"post_tag","embeddable":true,"href":"https:\/\/viqtor.eu\/it\/wp-json\/wp\/v2\/tags?post=5844"}],"curies":[{"name":"wp","href":"https:\/\/api.w.org\/{rel}","templated":true}]}}