{"id":5823,"date":"2023-04-25T14:52:24","date_gmt":"2023-04-25T14:52:24","guid":{"rendered":"https:\/\/exciting-panini.13-37-234-21.plesk.page\/?p=5823"},"modified":"2024-08-06T11:33:57","modified_gmt":"2024-08-06T11:33:57","slug":"la-responsabilite-partagee-des-sous-traitants","status":"publish","type":"post","link":"https:\/\/viqtor.eu\/it\/la-responsabilite-partagee-des-sous-traitants\/","title":{"rendered":"Responsabilit\u00e0 condivisa dei subappaltatori"},"content":{"rendered":"<div data-elementor-type=\"wp-post\" data-elementor-id=\"5823\" class=\"elementor elementor-5823\" data-elementor-post-type=\"post\">\n\t\t\t\t\t\t<section class=\"elementor-section elementor-top-section elementor-element elementor-element-bc30a27 ot-traditional elementor-section-boxed elementor-section-height-default elementor-section-height-default\" data-id=\"bc30a27\" data-element_type=\"section\">\n\t\t\t\t\t\t<div class=\"elementor-container elementor-column-gap-default\">\n\t\t\t\t\t<div class=\"elementor-column elementor-col-100 elementor-top-column elementor-element elementor-element-af873c8 ot-flex-column-vertical\" data-id=\"af873c8\" data-element_type=\"column\">\n\t\t\t<div class=\"elementor-widget-wrap elementor-element-populated\">\n\t\t\t\t\t\t<div class=\"elementor-element elementor-element-f2dd63c elementor-widget elementor-widget-image\" data-id=\"f2dd63c\" data-element_type=\"widget\" data-widget_type=\"image.default\">\n\t\t\t\t<div class=\"elementor-widget-container\">\n\t\t\t\t\t\t\t\t\t\t\t\t\t<img fetchpriority=\"high\" decoding=\"async\" width=\"2048\" height=\"1152\" src=\"https:\/\/viqtor.eu\/wp-content\/uploads\/2023\/04\/La-responsabilite-partagee-des-sous-traitants.jpg\" class=\"attachment-full size-full wp-image-12173\" alt=\"La responsabilit\u00e9 partag\u00e9e des sous-traitants\" srcset=\"https:\/\/viqtor.eu\/wp-content\/uploads\/2023\/04\/La-responsabilite-partagee-des-sous-traitants.jpg 2048w, https:\/\/viqtor.eu\/wp-content\/uploads\/2023\/04\/La-responsabilite-partagee-des-sous-traitants-300x169.jpg 300w, https:\/\/viqtor.eu\/wp-content\/uploads\/2023\/04\/La-responsabilite-partagee-des-sous-traitants-1024x576.jpg 1024w, https:\/\/viqtor.eu\/wp-content\/uploads\/2023\/04\/La-responsabilite-partagee-des-sous-traitants-768x432.jpg 768w, https:\/\/viqtor.eu\/wp-content\/uploads\/2023\/04\/La-responsabilite-partagee-des-sous-traitants-1536x864.jpg 1536w, https:\/\/viqtor.eu\/wp-content\/uploads\/2023\/04\/La-responsabilite-partagee-des-sous-traitants-720x405.jpg 720w\" sizes=\"(max-width: 2048px) 100vw, 2048px\" \/>\t\t\t\t\t\t\t\t\t\t\t\t\t<\/div>\n\t\t\t\t<\/div>\n\t\t\t\t\t<\/div>\n\t\t<\/div>\n\t\t\t\t\t<\/div>\n\t\t<\/section>\n\t\t\t\t<section class=\"elementor-section elementor-top-section elementor-element elementor-element-1d10800 ot-traditional elementor-section-boxed elementor-section-height-default elementor-section-height-default\" data-id=\"1d10800\" data-element_type=\"section\">\n\t\t\t\t\t\t<div class=\"elementor-container elementor-column-gap-default\">\n\t\t\t\t\t<div class=\"elementor-column elementor-col-100 elementor-top-column elementor-element elementor-element-c3533f5 ot-flex-column-vertical\" data-id=\"c3533f5\" data-element_type=\"column\">\n\t\t\t<div class=\"elementor-widget-wrap elementor-element-populated\">\n\t\t\t\t\t\t<div class=\"elementor-element elementor-element-403f333 elementor-widget elementor-widget-heading\" data-id=\"403f333\" data-element_type=\"widget\" data-widget_type=\"heading.default\">\n\t\t\t\t<div class=\"elementor-widget-container\">\n\t\t\t<h1 class=\"elementor-heading-title elementor-size-default\">Responsabilit\u00e0 condivisa dei subappaltatori<\/h1>\t\t<\/div>\n\t\t\t\t<\/div>\n\t\t\t\t\t<\/div>\n\t\t<\/div>\n\t\t\t\t\t<\/div>\n\t\t<\/section>\n\t\t\t\t<section class=\"elementor-section elementor-top-section elementor-element elementor-element-602d6545 ot-traditional elementor-section-boxed elementor-section-height-default elementor-section-height-default\" data-id=\"602d6545\" data-element_type=\"section\">\n\t\t\t\t\t\t<div class=\"elementor-container elementor-column-gap-default\">\n\t\t\t\t\t<div class=\"elementor-column elementor-col-100 elementor-top-column elementor-element elementor-element-9af1cc7 ot-flex-column-vertical\" data-id=\"9af1cc7\" data-element_type=\"column\">\n\t\t\t<div class=\"elementor-widget-wrap elementor-element-populated\">\n\t\t\t\t\t\t<div class=\"elementor-element elementor-element-6c7bcdc7 elementor-widget elementor-widget-text-editor\" data-id=\"6c7bcdc7\" data-element_type=\"widget\" data-widget_type=\"text-editor.default\">\n\t\t\t\t<div class=\"elementor-widget-container\">\n\t\t\t\t\t\t\t<!-- wp:paragraph -->\n<p><strong>Estratto dal libro di Bruno DUMAY: GDPR DECRYPTION \u2013 Per manager, dipartimenti strategici e dipendenti di aziende e organizzazioni \u2013 Prefazione di Ga\u00eblle MONTEILLER<\/strong><\/p>\n<!-- \/wp:paragraph --><!-- wp:paragraph -->\n<p>In tutto il testo, i responsabili del trattamento sono menzionati insieme ai titolari del trattamento. Ai sensi degli articoli 4-8, un responsabile del trattamento \u00e8 &quot;una persona fisica o giuridica, un&#039;autorit\u00e0 pubblica, un&#039;agenzia o altro organismo che tratta dati personali per conto del titolare del trattamento&quot;. Pu\u00f2 agire solo nell&#039;ambito di un contratto o di altro atto giuridico dell&#039;Unione Europea, che ribadisca i suoi obblighi in materia di protezione dei dati (articolo 28-3).<\/p>\n<!-- \/wp:paragraph --><!-- wp:paragraph -->\n<p>Nel settembre 2017, la CNIL ha pubblicato una Guida del subappaltatore che ne chiarisce il ruolo e la natura nella catena di trattamento e protezione dei dati.<\/p>\n<!-- \/wp:paragraph --><!-- wp:paragraph -->\n<p>Nonostante la sua definizione precisa, il termine subappaltatore pu\u00f2 applicarsi a numerose strutture, elencate di seguito:<\/p>\n<!-- \/wp:paragraph --><!-- wp:paragraph -->\n<p>\u201c\u2013 Fornitori di servizi IT (hosting, manutenzione, ecc.), integratori di software, societ\u00e0 di sicurezza informatica, societ\u00e0 di servizi digitali o ex societ\u00e0 di servizi e ingegneria IT (SSII) che hanno accesso ai dati;<\/p>\n<!-- \/wp:paragraph --><!-- wp:paragraph -->\n<p>\u2013 agenzie di marketing o di comunicazione che elaborano dati personali per conto dei clienti;<\/p>\n<!-- \/wp:paragraph --><!-- wp:paragraph -->\n<p>\u2013 pi\u00f9 in generale, qualsiasi organizzazione che offra un servizio o una prestazione che implichi il trattamento di dati personali per conto di un\u2019altra organizzazione;<\/p>\n<!-- \/wp:paragraph --><!-- wp:paragraph -->\n<p>\u2013 anche un ente pubblico o un\u2019associazione possono essere tenuti a conseguire tale qualifica\u201d.<\/p>\n<!-- \/wp:paragraph --><!-- wp:paragraph -->\n<p>Si prega di notare che, quando il trattamento dei dati avviene per proprio conto (ad esempio, nella gestione del personale), il subappaltatore \u00e8 responsabile del trattamento. Ci\u00f2 vale anche se determina autonomamente le finalit\u00e0 e i mezzi del trattamento.<\/p>\n<!-- \/wp:paragraph --><!-- wp:paragraph -->\n<p>In caso di dubbio sulla qualifica di titolare o responsabile del trattamento, la CNIL rinvia al parere del 16 febbraio 2010 delle autorit\u00e0 di controllo europee, che indica una serie di indizi che possono essere utilizzati:<\/p>\n<!-- \/wp:paragraph --><!-- wp:paragraph -->\n<p>\u2013 l\u2019autonomia del prestatore di servizi nello svolgimento della propria prestazione;<\/p>\n<!-- \/wp:paragraph --><!-- wp:paragraph -->\n<p>\u2013 monitoraggio del servizio;<\/p>\n<!-- \/wp:paragraph --><!-- wp:paragraph -->\n<p>\u2013 il valore aggiunto, ovvero la competenza, fornita dal fornitore del servizio;<\/p>\n<!-- \/wp:paragraph --><!-- wp:paragraph -->\n<p>\u2013 il grado di trasparenza riguardo all\u2019utilizzo di un fornitore di servizi (la sua identit\u00e0 \u00e8 nota alle persone interessate che utilizzano i servizi del cliente?).<\/p>\n<!-- \/wp:paragraph --><!-- wp:paragraph -->\n<p>Ai sensi del GDPR, il responsabile del trattamento \u00e8 solidalmente responsabile. Esso &quot;assiste il titolare del trattamento nel garantire il rispetto degli obblighi&quot; (art. 28-3f). Tiene un &quot;registro di tutte le categorie di attivit\u00e0 di trattamento svolte per conto del titolare del trattamento&quot; (art. 30-2). E, nella maggior parte dei casi, deve anche nominare un responsabile della protezione dei dati (art. 37), su cui torneremo pi\u00f9 avanti.<\/p>\n<!-- \/wp:paragraph --><!-- wp:paragraph -->\n<p>La CNIL precisa nella sua guida cosa si intende per \u201cgaranzie sufficienti\u201d che il subappaltatore deve fornire per poter realizzare il suo lavoro:<\/p>\n<!-- \/wp:paragraph --><!-- wp:paragraph -->\n<p>\u2013 trasparenza e tracciabilit\u00e0 (contratto, istruzioni, registro e tutte le informazioni necessarie a comprovare il rispetto degli obblighi);<\/p>\n<!-- \/wp:paragraph --><!-- wp:paragraph -->\n<p>\u2013 protezione dei dati fin dalla progettazione e per impostazione predefinita (trattamento minimo, correlato alla finalit\u00e0 e solo a tale finalit\u00e0, durata limitata);<\/p>\n<!-- \/wp:paragraph --><!-- wp:paragraph -->\n<p>\u2013 sicurezza dei dati trattati (riservatezza, notifica in caso di violazione dei dati, cancellazione o restituzione dei dati al termine del servizio);<\/p>\n<!-- \/wp:paragraph --><!-- wp:paragraph -->\n<p>\u2013 assistenza, allerta e consulenza.<\/p>\n<!-- \/wp:paragraph --><!-- wp:paragraph -->\n<p>Se anche il subappaltatore subappalta, deve prima ottenere l&#039;autorizzazione scritta del titolare del trattamento (art. 28-2). Questo secondo subappaltatore \u00e8 soggetto agli stessi obblighi, anche se stabilito al di fuori dell&#039;Unione Europea. In caso di inadempimento, il primo subappaltatore \u00e8 ritenuto responsabile. In altre parole, in caso di problemi, non \u00e8 possibile giustificare un trattamento non conforme al GDPR invocando la sede di un fornitore di servizi in Marocco o a Singapore.<\/p>\n<!-- \/wp:paragraph --><!-- wp:paragraph -->\n<p>La CNIL raccomanda di modificare i contratti vigenti, tramite emendamenti, al fine di includere le clausole obbligatorie previste dalla normativa europea.<\/p>\n<!-- \/wp:paragraph --><!-- wp:paragraph -->\n<p>Se un subappaltatore opera in diversi paesi dell&#039;UE, \u00e8 possibile ricorrere allo sportello unico. L&#039;articolo 56-1 stabilisce che l&#039;&quot;autorit\u00e0 capofila&quot; sar\u00e0 quella dello stabilimento principale. Se un subappaltatore non ha uno stabilimento nell&#039;UE, deve nominare un rappresentante, che funger\u00e0 da referente per gli interessati e le autorit\u00e0 di controllo.<\/p>\n<!-- \/wp:paragraph --><!-- wp:paragraph -->\n<p>Le sanzioni applicate a un subappaltatore in caso di mancato rispetto dei propri obblighi possono essere altrettanto severe di quelle imposte a un titolare del trattamento dei dati.<\/p>\n<!-- \/wp:buttons -->\t\t\t\t\t\t<\/div>\n\t\t\t\t<\/div>\n\t\t\t\t\t<\/div>\n\t\t<\/div>\n\t\t\t\t\t<\/div>\n\t\t<\/section>\n\t\t\t\t<section class=\"elementor-section elementor-top-section elementor-element elementor-element-bc778de ot-traditional elementor-section-boxed elementor-section-height-default elementor-section-height-default\" data-id=\"bc778de\" data-element_type=\"section\">\n\t\t\t\t\t\t<div class=\"elementor-container elementor-column-gap-default\">\n\t\t\t\t\t<div class=\"elementor-column elementor-col-100 elementor-top-column elementor-element elementor-element-f5b5e26 ot-flex-column-vertical\" data-id=\"f5b5e26\" data-element_type=\"column\">\n\t\t\t<div class=\"elementor-widget-wrap elementor-element-populated\">\n\t\t\t\t\t\t<div class=\"elementor-element elementor-element-337ac6f elementor-align-center elementor-widget elementor-widget-button\" data-id=\"337ac6f\" data-element_type=\"widget\" data-widget_type=\"button.default\">\n\t\t\t\t<div class=\"elementor-widget-container\">\n\t\t\t\t\t<div class=\"elementor-button-wrapper\">\n\t\t\t<a class=\"elementor-button elementor-button-link elementor-size-lg\" href=\"https:\/\/app.viqtor.eu\/\">\n\t\t\t\t\t\t<span class=\"elementor-button-content-wrapper\">\n\t\t\t\t\t\t<span class=\"elementor-button-icon\">\n\t\t\t\t<i aria-hidden=\"true\" class=\"fas fa-long-arrow-alt-right\"><\/i>\t\t\t<\/span>\n\t\t\t\t\t\t\t\t\t<span class=\"elementor-button-text\">Scopri Viqtor\u00ae<\/span>\n\t\t\t\t\t<\/span>\n\t\t\t\t\t<\/a>\n\t\t<\/div>\n\t\t\t\t<\/div>\n\t\t\t\t<\/div>\n\t\t\t\t\t<\/div>\n\t\t<\/div>\n\t\t\t\t\t<\/div>\n\t\t<\/section>\n\t\t\t\t<\/div>","protected":false},"excerpt":{"rendered":"<p>La responsabilit\u00e0 condivisa dei subappaltatori Estratto dal libro di Bruno DUMAY: GDPR DECRYPTION \u2013 Per dirigenti, dipartimenti strategici e dipendenti di aziende e organizzazioni \u2013 Prefazione di Ga\u00eblle MONTEILLER In tutto il testo, i subappaltatori sono menzionati insieme ai titolari del trattamento. Ai sensi dell&#039;articolo 4-8, il subappaltatore \u00e8 [\u2026]<\/p>","protected":false},"author":1,"featured_media":5830,"comment_status":"closed","ping_status":"open","sticky":false,"template":"elementor_header_footer","format":"standard","meta":{"_acf_changed":false,"footnotes":""},"categories":[62],"tags":[38],"class_list":["post-5823","post","type-post","status-publish","format-standard","has-post-thumbnail","hentry","category-decryptage","tag-decryptage"],"acf":[],"yoast_head":"<!-- This site is optimized with the Yoast SEO plugin v23.6 - https:\/\/yoast.com\/wordpress\/plugins\/seo\/ -->\n<title>La responsabilit\u00e9 partag\u00e9e des sous-traitants - Viqtor<\/title>\n<meta name=\"description\" content=\"La responsabilit\u00e9 partag\u00e9e des sous-traitants - Viqtor\" \/>\n<meta name=\"robots\" content=\"index, follow, max-snippet:-1, max-image-preview:large, max-video-preview:-1\" \/>\n<link rel=\"canonical\" href=\"https:\/\/viqtor.eu\/it\/la-responsabilite-partagee-des-sous-traitants\/\" \/>\n<meta property=\"og:locale\" content=\"it_IT\" \/>\n<meta property=\"og:type\" content=\"article\" \/>\n<meta property=\"og:title\" content=\"La responsabilit\u00e9 partag\u00e9e des sous-traitants - Viqtor\" \/>\n<meta property=\"og:description\" content=\"La responsabilit\u00e9 partag\u00e9e des sous-traitants - Viqtor\" \/>\n<meta property=\"og:url\" content=\"https:\/\/viqtor.eu\/it\/la-responsabilite-partagee-des-sous-traitants\/\" \/>\n<meta property=\"og:site_name\" content=\"Viqtor\" \/>\n<meta property=\"article:published_time\" content=\"2023-04-25T14:52:24+00:00\" \/>\n<meta property=\"article:modified_time\" content=\"2024-08-06T11:33:57+00:00\" \/>\n<meta property=\"og:image\" content=\"https:\/\/viqtor.eu\/wp-content\/uploads\/2026\/04\/widget-viqtor.png\" \/>\n\t<meta property=\"og:image:width\" content=\"2560\" \/>\n\t<meta property=\"og:image:height\" content=\"1440\" \/>\n\t<meta property=\"og:image:type\" content=\"image\/jpeg\" \/>\n<meta name=\"author\" content=\"Bruno\" \/>\n<meta name=\"twitter:card\" content=\"summary_large_image\" \/>\n<meta name=\"twitter:label1\" content=\"Scritto da\" \/>\n\t<meta name=\"twitter:data1\" content=\"Bruno\" \/>\n\t<meta name=\"twitter:label2\" content=\"Tempo di lettura stimato\" \/>\n\t<meta name=\"twitter:data2\" content=\"4 minuti\" \/>\n<script type=\"application\/ld+json\" class=\"yoast-schema-graph\">{\"@context\":\"https:\/\/schema.org\",\"@graph\":[{\"@type\":\"Article\",\"@id\":\"https:\/\/viqtor.eu\/la-responsabilite-partagee-des-sous-traitants\/#article\",\"isPartOf\":{\"@id\":\"https:\/\/viqtor.eu\/la-responsabilite-partagee-des-sous-traitants\/\"},\"author\":{\"name\":\"Bruno\",\"@id\":\"https:\/\/viqtor.eu\/#\/schema\/person\/3dbd9cc82a28f6cf1695c92eda0099ad\"},\"headline\":\"La responsabilit\u00e9 partag\u00e9e des sous-traitants\",\"datePublished\":\"2023-04-25T14:52:24+00:00\",\"dateModified\":\"2024-08-06T11:33:57+00:00\",\"mainEntityOfPage\":{\"@id\":\"https:\/\/viqtor.eu\/la-responsabilite-partagee-des-sous-traitants\/\"},\"wordCount\":809,\"publisher\":{\"@id\":\"https:\/\/viqtor.eu\/#organization\"},\"image\":{\"@id\":\"https:\/\/viqtor.eu\/la-responsabilite-partagee-des-sous-traitants\/#primaryimage\"},\"thumbnailUrl\":\"https:\/\/viqtor.eu\/wp-content\/uploads\/2023\/04\/shutterstock_1504571753-scaled.jpg\",\"keywords\":[\"D\u00e9cryptage\"],\"articleSection\":[\"D\u00e9cryptage\"],\"inLanguage\":\"it-IT\"},{\"@type\":\"WebPage\",\"@id\":\"https:\/\/viqtor.eu\/la-responsabilite-partagee-des-sous-traitants\/\",\"url\":\"https:\/\/viqtor.eu\/la-responsabilite-partagee-des-sous-traitants\/\",\"name\":\"La responsabilit\u00e9 partag\u00e9e des sous-traitants - Viqtor\",\"isPartOf\":{\"@id\":\"https:\/\/viqtor.eu\/#website\"},\"primaryImageOfPage\":{\"@id\":\"https:\/\/viqtor.eu\/la-responsabilite-partagee-des-sous-traitants\/#primaryimage\"},\"image\":{\"@id\":\"https:\/\/viqtor.eu\/la-responsabilite-partagee-des-sous-traitants\/#primaryimage\"},\"thumbnailUrl\":\"https:\/\/viqtor.eu\/wp-content\/uploads\/2023\/04\/shutterstock_1504571753-scaled.jpg\",\"datePublished\":\"2023-04-25T14:52:24+00:00\",\"dateModified\":\"2024-08-06T11:33:57+00:00\",\"description\":\"La responsabilit\u00e9 partag\u00e9e des sous-traitants - Viqtor\",\"breadcrumb\":{\"@id\":\"https:\/\/viqtor.eu\/la-responsabilite-partagee-des-sous-traitants\/#breadcrumb\"},\"inLanguage\":\"it-IT\",\"potentialAction\":[{\"@type\":\"ReadAction\",\"target\":[\"https:\/\/viqtor.eu\/la-responsabilite-partagee-des-sous-traitants\/\"]}]},{\"@type\":\"ImageObject\",\"inLanguage\":\"it-IT\",\"@id\":\"https:\/\/viqtor.eu\/la-responsabilite-partagee-des-sous-traitants\/#primaryimage\",\"url\":\"https:\/\/viqtor.eu\/wp-content\/uploads\/2023\/04\/shutterstock_1504571753-scaled.jpg\",\"contentUrl\":\"https:\/\/viqtor.eu\/wp-content\/uploads\/2023\/04\/shutterstock_1504571753-scaled.jpg\",\"width\":2560,\"height\":1440},{\"@type\":\"BreadcrumbList\",\"@id\":\"https:\/\/viqtor.eu\/la-responsabilite-partagee-des-sous-traitants\/#breadcrumb\",\"itemListElement\":[{\"@type\":\"ListItem\",\"position\":1,\"name\":\"Accueil\",\"item\":\"https:\/\/viqtor.eu\/\"},{\"@type\":\"ListItem\",\"position\":2,\"name\":\"La responsabilit\u00e9 partag\u00e9e des sous-traitants\"}]},{\"@type\":\"WebSite\",\"@id\":\"https:\/\/viqtor.eu\/#website\",\"url\":\"https:\/\/viqtor.eu\/\",\"name\":\"Viqtor\",\"description\":\"Faites du RGPD une opportunit\u00e9 pour votre entreprise.\",\"publisher\":{\"@id\":\"https:\/\/viqtor.eu\/#organization\"},\"potentialAction\":[{\"@type\":\"SearchAction\",\"target\":{\"@type\":\"EntryPoint\",\"urlTemplate\":\"https:\/\/viqtor.eu\/?s={search_term_string}\"},\"query-input\":{\"@type\":\"PropertyValueSpecification\",\"valueRequired\":true,\"valueName\":\"search_term_string\"}}],\"inLanguage\":\"it-IT\"},{\"@type\":\"Organization\",\"@id\":\"https:\/\/viqtor.eu\/#organization\",\"name\":\"viqtor.eu\",\"url\":\"https:\/\/viqtor.eu\/\",\"logo\":{\"@type\":\"ImageObject\",\"inLanguage\":\"it-IT\",\"@id\":\"https:\/\/viqtor.eu\/#\/schema\/logo\/image\/\",\"url\":\"https:\/\/viqtor.eu\/wp-content\/uploads\/2023\/06\/favicon-noir.svg\",\"contentUrl\":\"https:\/\/viqtor.eu\/wp-content\/uploads\/2023\/06\/favicon-noir.svg\",\"width\":108,\"height\":86,\"caption\":\"viqtor.eu\"},\"image\":{\"@id\":\"https:\/\/viqtor.eu\/#\/schema\/logo\/image\/\"}},{\"@type\":\"Person\",\"@id\":\"https:\/\/viqtor.eu\/#\/schema\/person\/3dbd9cc82a28f6cf1695c92eda0099ad\",\"name\":\"Bruno\",\"image\":{\"@type\":\"ImageObject\",\"inLanguage\":\"it-IT\",\"@id\":\"https:\/\/viqtor.eu\/#\/schema\/person\/image\/\",\"url\":\"https:\/\/secure.gravatar.com\/avatar\/e5a596f9489de15bfe046e97fb771f63589b601ca7e81ccc2bb9a23582f441a3?s=96&d=mm&r=g\",\"contentUrl\":\"https:\/\/secure.gravatar.com\/avatar\/e5a596f9489de15bfe046e97fb771f63589b601ca7e81ccc2bb9a23582f441a3?s=96&d=mm&r=g\",\"caption\":\"Bruno\"},\"sameAs\":[\"https:\/\/exciting-panini.13-37-234-21.plesk.page\"],\"url\":\"https:\/\/viqtor.eu\/it\/author\/mouad_zxum2ebi\/\"}]}<\/script>\n<!-- \/ Yoast SEO plugin. -->","yoast_head_json":{"title":"La responsabilit\u00e9 partag\u00e9e des sous-traitants - Viqtor","description":"La responsabilit\u00e9 partag\u00e9e des sous-traitants - Viqtor","robots":{"index":"index","follow":"follow","max-snippet":"max-snippet:-1","max-image-preview":"max-image-preview:large","max-video-preview":"max-video-preview:-1"},"canonical":"https:\/\/viqtor.eu\/it\/la-responsabilite-partagee-des-sous-traitants\/","og_locale":"it_IT","og_type":"article","og_title":"La responsabilit\u00e9 partag\u00e9e des sous-traitants - Viqtor","og_description":"La responsabilit\u00e9 partag\u00e9e des sous-traitants - Viqtor","og_url":"https:\/\/viqtor.eu\/it\/la-responsabilite-partagee-des-sous-traitants\/","og_site_name":"Viqtor","article_published_time":"2023-04-25T14:52:24+00:00","article_modified_time":"2024-08-06T11:33:57+00:00","og_image":[{"width":2560,"height":1440,"url":"https:\/\/viqtor.eu\/wp-content\/uploads\/2026\/04\/widget-viqtor.png","type":"image\/jpeg"}],"author":"Bruno","twitter_card":"summary_large_image","twitter_misc":{"Scritto da":"Bruno","Tempo di lettura stimato":"4 minuti"},"schema":{"@context":"https:\/\/schema.org","@graph":[{"@type":"Article","@id":"https:\/\/viqtor.eu\/la-responsabilite-partagee-des-sous-traitants\/#article","isPartOf":{"@id":"https:\/\/viqtor.eu\/la-responsabilite-partagee-des-sous-traitants\/"},"author":{"name":"Bruno","@id":"https:\/\/viqtor.eu\/#\/schema\/person\/3dbd9cc82a28f6cf1695c92eda0099ad"},"headline":"La responsabilit\u00e9 partag\u00e9e des sous-traitants","datePublished":"2023-04-25T14:52:24+00:00","dateModified":"2024-08-06T11:33:57+00:00","mainEntityOfPage":{"@id":"https:\/\/viqtor.eu\/la-responsabilite-partagee-des-sous-traitants\/"},"wordCount":809,"publisher":{"@id":"https:\/\/viqtor.eu\/#organization"},"image":{"@id":"https:\/\/viqtor.eu\/la-responsabilite-partagee-des-sous-traitants\/#primaryimage"},"thumbnailUrl":"https:\/\/viqtor.eu\/wp-content\/uploads\/2023\/04\/shutterstock_1504571753-scaled.jpg","keywords":["D\u00e9cryptage"],"articleSection":["D\u00e9cryptage"],"inLanguage":"it-IT"},{"@type":"WebPage","@id":"https:\/\/viqtor.eu\/la-responsabilite-partagee-des-sous-traitants\/","url":"https:\/\/viqtor.eu\/la-responsabilite-partagee-des-sous-traitants\/","name":"La responsabilit\u00e9 partag\u00e9e des sous-traitants - Viqtor","isPartOf":{"@id":"https:\/\/viqtor.eu\/#website"},"primaryImageOfPage":{"@id":"https:\/\/viqtor.eu\/la-responsabilite-partagee-des-sous-traitants\/#primaryimage"},"image":{"@id":"https:\/\/viqtor.eu\/la-responsabilite-partagee-des-sous-traitants\/#primaryimage"},"thumbnailUrl":"https:\/\/viqtor.eu\/wp-content\/uploads\/2023\/04\/shutterstock_1504571753-scaled.jpg","datePublished":"2023-04-25T14:52:24+00:00","dateModified":"2024-08-06T11:33:57+00:00","description":"La responsabilit\u00e9 partag\u00e9e des sous-traitants - Viqtor","breadcrumb":{"@id":"https:\/\/viqtor.eu\/la-responsabilite-partagee-des-sous-traitants\/#breadcrumb"},"inLanguage":"it-IT","potentialAction":[{"@type":"ReadAction","target":["https:\/\/viqtor.eu\/la-responsabilite-partagee-des-sous-traitants\/"]}]},{"@type":"ImageObject","inLanguage":"it-IT","@id":"https:\/\/viqtor.eu\/la-responsabilite-partagee-des-sous-traitants\/#primaryimage","url":"https:\/\/viqtor.eu\/wp-content\/uploads\/2023\/04\/shutterstock_1504571753-scaled.jpg","contentUrl":"https:\/\/viqtor.eu\/wp-content\/uploads\/2023\/04\/shutterstock_1504571753-scaled.jpg","width":2560,"height":1440},{"@type":"BreadcrumbList","@id":"https:\/\/viqtor.eu\/la-responsabilite-partagee-des-sous-traitants\/#breadcrumb","itemListElement":[{"@type":"ListItem","position":1,"name":"Accueil","item":"https:\/\/viqtor.eu\/"},{"@type":"ListItem","position":2,"name":"La responsabilit\u00e9 partag\u00e9e des sous-traitants"}]},{"@type":"WebSite","@id":"https:\/\/viqtor.eu\/#website","url":"https:\/\/viqtor.eu\/","name":"Viqtor","description":"Faites du RGPD une opportunit\u00e9 pour votre entreprise.","publisher":{"@id":"https:\/\/viqtor.eu\/#organization"},"potentialAction":[{"@type":"SearchAction","target":{"@type":"EntryPoint","urlTemplate":"https:\/\/viqtor.eu\/?s={search_term_string}"},"query-input":{"@type":"PropertyValueSpecification","valueRequired":true,"valueName":"search_term_string"}}],"inLanguage":"it-IT"},{"@type":"Organization","@id":"https:\/\/viqtor.eu\/#organization","name":"viqtor.eu","url":"https:\/\/viqtor.eu\/","logo":{"@type":"ImageObject","inLanguage":"it-IT","@id":"https:\/\/viqtor.eu\/#\/schema\/logo\/image\/","url":"https:\/\/viqtor.eu\/wp-content\/uploads\/2023\/06\/favicon-noir.svg","contentUrl":"https:\/\/viqtor.eu\/wp-content\/uploads\/2023\/06\/favicon-noir.svg","width":108,"height":86,"caption":"viqtor.eu"},"image":{"@id":"https:\/\/viqtor.eu\/#\/schema\/logo\/image\/"}},{"@type":"Person","@id":"https:\/\/viqtor.eu\/#\/schema\/person\/3dbd9cc82a28f6cf1695c92eda0099ad","name":"Bruno","image":{"@type":"ImageObject","inLanguage":"it-IT","@id":"https:\/\/viqtor.eu\/#\/schema\/person\/image\/","url":"https:\/\/secure.gravatar.com\/avatar\/e5a596f9489de15bfe046e97fb771f63589b601ca7e81ccc2bb9a23582f441a3?s=96&d=mm&r=g","contentUrl":"https:\/\/secure.gravatar.com\/avatar\/e5a596f9489de15bfe046e97fb771f63589b601ca7e81ccc2bb9a23582f441a3?s=96&d=mm&r=g","caption":"Bruno"},"sameAs":["https:\/\/exciting-panini.13-37-234-21.plesk.page"],"url":"https:\/\/viqtor.eu\/it\/author\/mouad_zxum2ebi\/"}]}},"_links":{"self":[{"href":"https:\/\/viqtor.eu\/it\/wp-json\/wp\/v2\/posts\/5823","targetHints":{"allow":["GET"]}}],"collection":[{"href":"https:\/\/viqtor.eu\/it\/wp-json\/wp\/v2\/posts"}],"about":[{"href":"https:\/\/viqtor.eu\/it\/wp-json\/wp\/v2\/types\/post"}],"author":[{"embeddable":true,"href":"https:\/\/viqtor.eu\/it\/wp-json\/wp\/v2\/users\/1"}],"replies":[{"embeddable":true,"href":"https:\/\/viqtor.eu\/it\/wp-json\/wp\/v2\/comments?post=5823"}],"version-history":[{"count":13,"href":"https:\/\/viqtor.eu\/it\/wp-json\/wp\/v2\/posts\/5823\/revisions"}],"predecessor-version":[{"id":12176,"href":"https:\/\/viqtor.eu\/it\/wp-json\/wp\/v2\/posts\/5823\/revisions\/12176"}],"wp:featuredmedia":[{"embeddable":true,"href":"https:\/\/viqtor.eu\/it\/wp-json\/wp\/v2\/media\/5830"}],"wp:attachment":[{"href":"https:\/\/viqtor.eu\/it\/wp-json\/wp\/v2\/media?parent=5823"}],"wp:term":[{"taxonomy":"category","embeddable":true,"href":"https:\/\/viqtor.eu\/it\/wp-json\/wp\/v2\/categories?post=5823"},{"taxonomy":"post_tag","embeddable":true,"href":"https:\/\/viqtor.eu\/it\/wp-json\/wp\/v2\/tags?post=5823"}],"curies":[{"name":"wp","href":"https:\/\/api.w.org\/{rel}","templated":true}]}}