{"id":5814,"date":"2023-04-25T14:40:45","date_gmt":"2023-04-25T14:40:45","guid":{"rendered":"https:\/\/exciting-panini.13-37-234-21.plesk.page\/?p=5814"},"modified":"2024-08-06T11:13:14","modified_gmt":"2024-08-06T11:13:14","slug":"reconnaissance-faciale-intelligence-artificielle-et-ethique-le-debat-prend-de-lampleur","status":"publish","type":"post","link":"https:\/\/viqtor.eu\/it\/reconnaissance-faciale-intelligence-artificielle-et-ethique-le-debat-prend-de-lampleur\/","title":{"rendered":"Riconoscimento facciale, intelligenza artificiale ed etica: il dibattito si fa sempre pi\u00f9 acceso"},"content":{"rendered":"<div data-elementor-type=\"wp-post\" data-elementor-id=\"5814\" class=\"elementor elementor-5814\" data-elementor-post-type=\"post\">\n\t\t\t\t\t\t<section class=\"elementor-section elementor-top-section elementor-element elementor-element-ac698a3 ot-traditional elementor-section-boxed elementor-section-height-default elementor-section-height-default\" data-id=\"ac698a3\" data-element_type=\"section\">\n\t\t\t\t\t\t<div class=\"elementor-container elementor-column-gap-default\">\n\t\t\t\t\t<div class=\"elementor-column elementor-col-100 elementor-top-column elementor-element elementor-element-b3ef650 ot-flex-column-vertical\" data-id=\"b3ef650\" data-element_type=\"column\">\n\t\t\t<div class=\"elementor-widget-wrap elementor-element-populated\">\n\t\t\t\t\t\t<div class=\"elementor-element elementor-element-6c9b92e elementor-widget elementor-widget-image\" data-id=\"6c9b92e\" data-element_type=\"widget\" data-widget_type=\"image.default\">\n\t\t\t\t<div class=\"elementor-widget-container\">\n\t\t\t\t\t\t\t\t\t\t\t\t\t<img fetchpriority=\"high\" decoding=\"async\" width=\"1000\" height=\"664\" src=\"https:\/\/viqtor.eu\/wp-content\/uploads\/2023\/04\/Reconnaissance-faciale-intelligence-artificielle-et-ethique.jpg\" class=\"attachment-full size-full wp-image-12158\" alt=\"Reconnaissance faciale, intelligence artificielle et \u00e9thique : le d\u00e9bat prend de l\u2019ampleur\" srcset=\"https:\/\/viqtor.eu\/wp-content\/uploads\/2023\/04\/Reconnaissance-faciale-intelligence-artificielle-et-ethique.jpg 1000w, https:\/\/viqtor.eu\/wp-content\/uploads\/2023\/04\/Reconnaissance-faciale-intelligence-artificielle-et-ethique-300x199.jpg 300w, https:\/\/viqtor.eu\/wp-content\/uploads\/2023\/04\/Reconnaissance-faciale-intelligence-artificielle-et-ethique-768x510.jpg 768w, https:\/\/viqtor.eu\/wp-content\/uploads\/2023\/04\/Reconnaissance-faciale-intelligence-artificielle-et-ethique-720x478.jpg 720w\" sizes=\"(max-width: 1000px) 100vw, 1000px\" \/>\t\t\t\t\t\t\t\t\t\t\t\t\t<\/div>\n\t\t\t\t<\/div>\n\t\t\t\t\t<\/div>\n\t\t<\/div>\n\t\t\t\t\t<\/div>\n\t\t<\/section>\n\t\t\t\t<section class=\"elementor-section elementor-top-section elementor-element elementor-element-5067a27 ot-traditional elementor-section-boxed elementor-section-height-default elementor-section-height-default\" data-id=\"5067a27\" data-element_type=\"section\">\n\t\t\t\t\t\t<div class=\"elementor-container elementor-column-gap-default\">\n\t\t\t\t\t<div class=\"elementor-column elementor-col-100 elementor-top-column elementor-element elementor-element-5f06033 ot-flex-column-vertical\" data-id=\"5f06033\" data-element_type=\"column\">\n\t\t\t<div class=\"elementor-widget-wrap elementor-element-populated\">\n\t\t\t\t\t\t<div class=\"elementor-element elementor-element-ea2ecb8 elementor-widget elementor-widget-heading\" data-id=\"ea2ecb8\" data-element_type=\"widget\" data-widget_type=\"heading.default\">\n\t\t\t\t<div class=\"elementor-widget-container\">\n\t\t\t<h1 class=\"elementor-heading-title elementor-size-default\">Riconoscimento facciale, intelligenza artificiale ed etica: il dibattito si fa sempre pi\u00f9 acceso<\/h1>\t\t<\/div>\n\t\t\t\t<\/div>\n\t\t\t\t\t<\/div>\n\t\t<\/div>\n\t\t\t\t\t<\/div>\n\t\t<\/section>\n\t\t\t\t<section class=\"elementor-section elementor-top-section elementor-element elementor-element-3f8c922f ot-traditional elementor-section-boxed elementor-section-height-default elementor-section-height-default\" data-id=\"3f8c922f\" data-element_type=\"section\">\n\t\t\t\t\t\t<div class=\"elementor-container elementor-column-gap-default\">\n\t\t\t\t\t<div class=\"elementor-column elementor-col-100 elementor-top-column elementor-element elementor-element-4c3153b1 ot-flex-column-vertical\" data-id=\"4c3153b1\" data-element_type=\"column\">\n\t\t\t<div class=\"elementor-widget-wrap elementor-element-populated\">\n\t\t\t\t\t\t<div class=\"elementor-element elementor-element-3760b347 elementor-widget elementor-widget-text-editor\" data-id=\"3760b347\" data-element_type=\"widget\" data-widget_type=\"text-editor.default\">\n\t\t\t\t<div class=\"elementor-widget-container\">\n\t\t\t\t\t\t\t<!-- wp:paragraph -->\n<p>Legal Watch \u2013 ottobre 2019.<strong><br><\/strong><\/p>\n<!-- \/wp:paragraph -->\n\n<!-- wp:paragraph -->\n<p>Pagare con il volto invece che con la carta di credito, usare le telecamere di Amazon per combattere la criminalit\u00e0, come ha fatto la polizia di Orlando negli Stati Uniti, gestire gli spostamenti di atleti e giornalisti alle Olimpiadi di Tokyo usando il riconoscimento facciale o, pi\u00f9 vicino a casa, testare il riconoscimento facciale sulle strade pubbliche, come a Nizza, sono tutti progetti che lasciano sognanti... o insonni.<\/p>\n<!-- \/wp:paragraph -->\n\n<!-- wp:paragraph -->\n<p>Sia in Europa che nel resto del mondo, le prospettive aperte dagli sviluppi dell&#039;intelligenza artificiale, in particolare con il riconoscimento facciale, l&#039;elaborazione delle impronte vocali o il riconoscimento delle emozioni, suscitano sempre pi\u00f9 reazioni.<\/p>\n<!-- \/wp:paragraph -->\n\n<!-- wp:paragraph -->\n<p>In particolare, le questioni etiche sono ora in cima alle priorit\u00e0 della nuova presidente della Commissione europea, Ursula Von der Leyen.<\/p>\n<!-- \/wp:paragraph -->\n\n<!-- wp:paragraph -->\n<p>Ha annunciato che intende presentare una proposta legislativa entro i primi 100 giorni del suo mandato, al fine di un approccio europeo coordinato alle implicazioni umane ed etiche dell&#039;intelligenza artificiale.<\/p>\n<!-- \/wp:paragraph -->\n\n<!-- wp:paragraph -->\n<p>Esaminer\u00e0 inoltre i modi per promuovere l&#039;innovazione utilizzando i big data.<\/p>\n<!-- \/wp:paragraph -->\n\n<!-- wp:paragraph -->\n<p>Un gruppo di esperti istituito dalla Commissione europea ha gettato le basi per un&#039;intelligenza artificiale &quot;affidabile&quot; nel rispetto dei diritti umani.<\/p>\n<!-- \/wp:paragraph -->\n\n<!-- wp:paragraph -->\n<p>Nella pubblicazione delle linee guida nell\u2019aprile 2019, sono state individuate tre caratteristiche: l\u2019IA deve essere<\/p>\n<!-- \/wp:paragraph -->\n\n<!-- wp:list {\"ordered\":true,\"type\":\"a\"} -->\n<ol type=\"a\"><!-- wp:list-item -->\n<li>Legale, garantendo il rispetto delle leggi e dei regolamenti applicabili;<\/li>\n<!-- \/wp:list-item -->\n\n<!-- wp:list-item -->\n<li>Etica, garantendo l&#039;aderenza ai principi e ai valori etici; e<\/li>\n<!-- \/wp:list-item -->\n\n<!-- wp:list-item -->\n<li>Robusti, \u201csia tecnicamente che socialmente perch\u00e9, anche con buone intenzioni, i sistemi di intelligenza artificiale possono causare danni involontari\u201d.<\/li>\n<!-- \/wp:list-item --><\/ol>\n<!-- \/wp:list -->\n\n<!-- wp:paragraph -->\n<p>L&#039;etica, in relazione all&#039;intelligenza artificiale, era gi\u00e0 stata al centro dell&#039;ultima conferenza internazionale dei Garanti della protezione dei dati e aveva dato luogo a una dichiarazione pubblica.<\/p>\n<!-- \/wp:paragraph -->\n\n<!-- wp:paragraph -->\n<p>Vengono menzionati i vantaggi ma anche i rischi legati a queste nuove tecnologie, e in particolare i pregiudizi e le discriminazioni che possono derivarne.<\/p>\n<!-- \/wp:paragraph -->\n\n<!-- wp:paragraph -->\n<p>Richiama alcuni principi essenziali volti a garantire la fiducia individuale promuovendo al contempo l&#039;innovazione, tra cui il principio di lealt\u00e0 e la trasparenza dei sistemi di intelligenza artificiale.<\/p>\n<!-- \/wp:paragraph -->\n\n<!-- wp:paragraph -->\n<p>Infine, sostiene principi comuni di governance a livello internazionale.<\/p>\n<!-- \/wp:paragraph -->\n\n<!-- wp:paragraph -->\n<p>Vale anche la pena di notare che l&#039;11 settembre il Consiglio d&#039;Europa ha creato un comitato ad hoc incaricato di analizzare le condizioni per un quadro giuridico per lo sviluppo, la progettazione e l&#039;applicazione dell&#039;intelligenza artificiale.<\/p>\n<!-- \/wp:paragraph -->\n\n<!-- wp:paragraph -->\n<p>Infine, l&#039;Agenzia dell&#039;Unione europea per i diritti fondamentali ha affrontato la questione del riconoscimento facciale durante un seminario tenutosi il 19 e 20 settembre, con l&#039;obiettivo di pubblicare un documento sull&#039;argomento nel novembre 2019.<\/p>\n<!-- \/wp:paragraph -->\n\n<!-- wp:paragraph -->\n<p>E oggi?<\/p>\n<!-- \/wp:paragraph -->\n\n<!-- wp:paragraph -->\n<p>Sebbene sia ovviamente auspicabile un chiarimento degli aspetti etici, da un punto di vista strettamente giuridico il GDPR si applica pienamente ai sistemi di riconoscimento facciale o vocale, che costituiscono un trattamento di dati biometrici.<\/p>\n<!-- \/wp:paragraph -->\n\n<!-- wp:paragraph -->\n<p>Tali dati sono pertanto tutelati in modo pi\u00f9 rigoroso e, in linea di principio, richiedono il consenso degli interessati. Data la delicatezza del trattamento, \u00e8 necessario effettuare anche una valutazione d&#039;impatto. In tale contesto, occorre prestare particolare attenzione agli aspetti sopra menzionati e, in particolare, ai rischi di discriminazione, alle ragionevoli aspettative degli interessati e alla trasparenza del trattamento.<\/p>\n<!-- \/wp:paragraph -->\n\n<!-- wp:paragraph -->\n<p>E inoltre:<\/p>\n<!-- \/wp:paragraph -->\n\n<!-- wp:list -->\n<ul><!-- wp:list-item -->\n<li>In Francia:<\/li>\n<!-- \/wp:list-item --><\/ul>\n<!-- \/wp:list -->\n\n<!-- wp:paragraph -->\n<p><strong>Ottobre \u00e8 il mese della sicurezza informatica.<\/strong><\/p>\n<!-- \/wp:paragraph -->\n\n<!-- wp:paragraph -->\n<p>Una trentina di partner, tra cui ANSSI e CNIL, si impegnano a sensibilizzare professionisti e privati sulle problematiche della sicurezza e del digitale.<\/p>\n<!-- \/wp:paragraph -->\n\n<!-- wp:paragraph -->\n<p>Dal 26 settembre, due organismi di certificazione sono stati approvati dalla CNIL.<\/p>\n<!-- \/wp:paragraph -->\n\n<!-- wp:list -->\n<ul><!-- wp:list-item -->\n<li>In Europa:<\/li>\n<!-- \/wp:list-item --><\/ul>\n<!-- \/wp:list -->\n\n<!-- wp:paragraph -->\n<p><strong>Diritto all&#039;oblio e validit\u00e0 del consenso online: tre importanti sentenze della Corte di giustizia dell&#039;Unione europea chiariscono il quadro giuridico.<\/strong><\/p>\n<!-- \/wp:paragraph -->\n\n<!-- wp:paragraph -->\n<p><strong>Nella sentenza \u201cPlanet49\u201d del 1\u00b0 ottobre 2019<\/strong>, la Corte precisa che, per raccogliere legittimamente informazioni tramite cookie, non \u00e8 sufficiente una casella preselezionata: l&#039;installazione dei cookie richiede il consenso attivo e specifico degli utenti di Internet.<\/p>\n<!-- \/wp:paragraph -->\n\n<!-- wp:paragraph -->\n<p>L&#039;utente di Internet deve inoltre essere informato sulla durata di funzionamento dei cookie e se terzi possano o meno accedervi.<\/p>\n<!-- \/wp:paragraph -->\n\n<!-- wp:paragraph -->\n<p>Questa sentenza corrobora le recenti comunicazioni delle autorit\u00e0 di controllo sulle condizioni di utilizzo dei cookie, tra cui quella della CNIL.<\/p>\n<!-- \/wp:paragraph -->\n\n<!-- wp:paragraph -->\n<p>In <strong>la sentenza \u201cGoogle\u201d del 24 settembre<\/strong>, la Corte chiarisce che il diritto all&#039;oblio non si applica sistematicamente ai motori di ricerca situati al di fuori dell&#039;Unione europea.<\/p>\n<!-- \/wp:paragraph -->\n\n<!-- wp:paragraph -->\n<p>Nell&#039;UE, si applica, ad esempio, a google.fr e ad altre estensioni europee. Tuttavia, spetta anche al motore di ricerca attuare misure per scoraggiare gli utenti di Internet dall&#039;accedere ai link in questione su versioni extra-UE di tale motore di ricerca da uno degli Stati membri.<\/p>\n<!-- \/wp:paragraph -->\n\n<!-- wp:paragraph -->\n<p>La conclusione della sentenza \u00e8 importante perch\u00e9 la Corte sancisce il potere discrezionale delle autorit\u00e0 di controllo: sebbene non sia obbligatorio dereferenziare un link al di fuori dell&#039;UE, l&#039;autorit\u00e0 conserva il potere di ordinare al motore di ricerca di dereferenziarlo nel suo complesso, dopo aver bilanciato i diritti della persona interessata e la libert\u00e0 di informazione.<\/p>\n<!-- \/wp:paragraph -->\n\n<!-- wp:paragraph -->\n<p>\u00c8 questo stesso atto di bilanciamento che \u00e8 al centro del secondo giudizio della <strong>24 settembre<\/strong> : la Corte conferma in <strong>la sentenza GC ea contro CNIL<\/strong> che il principio di divieto di trattamento dei dati sensibili si applica anche ai motori di ricerca, ma occorre effettuare un&#039;analisi caso per caso tra i diritti fondamentali del soggetto che richiede la deindicizzazione e quelli degli utenti di Internet potenzialmente interessati a tali informazioni. <\/p>\n<!-- \/wp:paragraph -->\n\n<!-- wp:paragraph -->\n<p>Se il motore di ricerca non rimuove il riferimento, la Corte impone almeno per i dati giudiziari l&#039;obbligo di presentare i risultati in un ordine che evidenzi le informazioni aggiornate.<\/p>\n<!-- \/wp:paragraph -->\t\t\t\t\t\t<\/div>\n\t\t\t\t<\/div>\n\t\t\t\t\t<\/div>\n\t\t<\/div>\n\t\t\t\t\t<\/div>\n\t\t<\/section>\n\t\t\t\t<section class=\"elementor-section elementor-top-section elementor-element elementor-element-37f5a2a ot-traditional elementor-section-boxed elementor-section-height-default elementor-section-height-default\" data-id=\"37f5a2a\" data-element_type=\"section\">\n\t\t\t\t\t\t<div class=\"elementor-container elementor-column-gap-default\">\n\t\t\t\t\t<div class=\"elementor-column elementor-col-100 elementor-top-column elementor-element elementor-element-60d3b42 ot-flex-column-vertical\" data-id=\"60d3b42\" data-element_type=\"column\">\n\t\t\t<div class=\"elementor-widget-wrap elementor-element-populated\">\n\t\t\t\t\t\t<div class=\"elementor-element elementor-element-873965a elementor-align-center elementor-widget elementor-widget-button\" data-id=\"873965a\" data-element_type=\"widget\" data-widget_type=\"button.default\">\n\t\t\t\t<div class=\"elementor-widget-container\">\n\t\t\t\t\t<div class=\"elementor-button-wrapper\">\n\t\t\t<a class=\"elementor-button elementor-button-link elementor-size-lg\" href=\"https:\/\/app.viqtor.eu\/\">\n\t\t\t\t\t\t<span class=\"elementor-button-content-wrapper\">\n\t\t\t\t\t\t<span class=\"elementor-button-icon\">\n\t\t\t\t<i aria-hidden=\"true\" class=\"fas fa-long-arrow-alt-right\"><\/i>\t\t\t<\/span>\n\t\t\t\t\t\t\t\t\t<span class=\"elementor-button-text\">Scopri Viqtor\u00ae<\/span>\n\t\t\t\t\t<\/span>\n\t\t\t\t\t<\/a>\n\t\t<\/div>\n\t\t\t\t<\/div>\n\t\t\t\t<\/div>\n\t\t\t\t\t<\/div>\n\t\t<\/div>\n\t\t\t\t\t<\/div>\n\t\t<\/section>\n\t\t\t\t<\/div>","protected":false},"excerpt":{"rendered":"<p>Riconoscimento facciale, intelligenza artificiale ed etica: il dibattito si fa sempre pi\u00f9 acceso Legal Watch \u2013 ottobre 2019. Pagare con il volto anzich\u00e9 con la carta di credito, usare le telecamere di Amazon per combattere la criminalit\u00e0, come ha fatto la polizia di Orlando negli Stati Uniti, gestire gli spostamenti di atleti e giornalisti alle Olimpiadi di [\u2026]<\/p>","protected":false},"author":1,"featured_media":5829,"comment_status":"closed","ping_status":"open","sticky":false,"template":"elementor_header_footer","format":"standard","meta":{"_acf_changed":false,"footnotes":""},"categories":[35],"tags":[],"class_list":["post-5814","post","type-post","status-publish","format-standard","has-post-thumbnail","hentry","category-veille-juridique"],"acf":[],"yoast_head":"<!-- This site is optimized with the Yoast SEO plugin v23.6 - https:\/\/yoast.com\/wordpress\/plugins\/seo\/ -->\n<title>Reconnaissance faciale, intelligence artificielle et \u00e9thique : le d\u00e9bat prend de l\u2019ampleur - Viqtor<\/title>\n<meta name=\"description\" content=\"Reconnaissance faciale, intelligence artificielle et \u00e9thique : le d\u00e9bat prend de l\u2019ampleur - Viqtor\" \/>\n<meta name=\"robots\" content=\"index, follow, max-snippet:-1, max-image-preview:large, max-video-preview:-1\" \/>\n<link rel=\"canonical\" href=\"https:\/\/viqtor.eu\/it\/reconnaissance-faciale-intelligence-artificielle-et-ethique-le-debat-prend-de-lampleur\/\" \/>\n<meta property=\"og:locale\" content=\"it_IT\" \/>\n<meta property=\"og:type\" content=\"article\" \/>\n<meta property=\"og:title\" content=\"Reconnaissance faciale, intelligence artificielle et \u00e9thique : le d\u00e9bat prend de l\u2019ampleur - Viqtor\" \/>\n<meta property=\"og:description\" content=\"Reconnaissance faciale, intelligence artificielle et \u00e9thique : le d\u00e9bat prend de l\u2019ampleur - Viqtor\" \/>\n<meta property=\"og:url\" content=\"https:\/\/viqtor.eu\/it\/reconnaissance-faciale-intelligence-artificielle-et-ethique-le-debat-prend-de-lampleur\/\" \/>\n<meta property=\"og:site_name\" content=\"Viqtor\" \/>\n<meta property=\"article:published_time\" content=\"2023-04-25T14:40:45+00:00\" \/>\n<meta property=\"article:modified_time\" content=\"2024-08-06T11:13:14+00:00\" \/>\n<meta property=\"og:image\" content=\"https:\/\/viqtor.eu\/wp-content\/uploads\/2026\/04\/widget-viqtor.png\" \/>\n\t<meta property=\"og:image:width\" content=\"1000\" \/>\n\t<meta property=\"og:image:height\" content=\"664\" \/>\n\t<meta property=\"og:image:type\" content=\"image\/jpeg\" \/>\n<meta name=\"author\" content=\"Bruno\" \/>\n<meta name=\"twitter:card\" content=\"summary_large_image\" \/>\n<meta name=\"twitter:label1\" content=\"Scritto da\" \/>\n\t<meta name=\"twitter:data1\" content=\"Bruno\" \/>\n\t<meta name=\"twitter:label2\" content=\"Tempo di lettura stimato\" \/>\n\t<meta name=\"twitter:data2\" content=\"6 minuti\" \/>\n<script type=\"application\/ld+json\" class=\"yoast-schema-graph\">{\"@context\":\"https:\/\/schema.org\",\"@graph\":[{\"@type\":\"Article\",\"@id\":\"https:\/\/viqtor.eu\/reconnaissance-faciale-intelligence-artificielle-et-ethique-le-debat-prend-de-lampleur\/#article\",\"isPartOf\":{\"@id\":\"https:\/\/viqtor.eu\/reconnaissance-faciale-intelligence-artificielle-et-ethique-le-debat-prend-de-lampleur\/\"},\"author\":{\"name\":\"Bruno\",\"@id\":\"https:\/\/viqtor.eu\/#\/schema\/person\/3dbd9cc82a28f6cf1695c92eda0099ad\"},\"headline\":\"Reconnaissance faciale, intelligence artificielle et \u00e9thique : le d\u00e9bat prend de l\u2019ampleur\",\"datePublished\":\"2023-04-25T14:40:45+00:00\",\"dateModified\":\"2024-08-06T11:13:14+00:00\",\"mainEntityOfPage\":{\"@id\":\"https:\/\/viqtor.eu\/reconnaissance-faciale-intelligence-artificielle-et-ethique-le-debat-prend-de-lampleur\/\"},\"wordCount\":1116,\"publisher\":{\"@id\":\"https:\/\/viqtor.eu\/#organization\"},\"image\":{\"@id\":\"https:\/\/viqtor.eu\/reconnaissance-faciale-intelligence-artificielle-et-ethique-le-debat-prend-de-lampleur\/#primaryimage\"},\"thumbnailUrl\":\"https:\/\/viqtor.eu\/wp-content\/uploads\/2023\/04\/shutterstock_233471317.jpg\",\"articleSection\":[\"Veille juridique\"],\"inLanguage\":\"it-IT\"},{\"@type\":\"WebPage\",\"@id\":\"https:\/\/viqtor.eu\/reconnaissance-faciale-intelligence-artificielle-et-ethique-le-debat-prend-de-lampleur\/\",\"url\":\"https:\/\/viqtor.eu\/reconnaissance-faciale-intelligence-artificielle-et-ethique-le-debat-prend-de-lampleur\/\",\"name\":\"Reconnaissance faciale, intelligence artificielle et \u00e9thique : le d\u00e9bat prend de l\u2019ampleur - Viqtor\",\"isPartOf\":{\"@id\":\"https:\/\/viqtor.eu\/#website\"},\"primaryImageOfPage\":{\"@id\":\"https:\/\/viqtor.eu\/reconnaissance-faciale-intelligence-artificielle-et-ethique-le-debat-prend-de-lampleur\/#primaryimage\"},\"image\":{\"@id\":\"https:\/\/viqtor.eu\/reconnaissance-faciale-intelligence-artificielle-et-ethique-le-debat-prend-de-lampleur\/#primaryimage\"},\"thumbnailUrl\":\"https:\/\/viqtor.eu\/wp-content\/uploads\/2023\/04\/shutterstock_233471317.jpg\",\"datePublished\":\"2023-04-25T14:40:45+00:00\",\"dateModified\":\"2024-08-06T11:13:14+00:00\",\"description\":\"Reconnaissance faciale, intelligence artificielle et \u00e9thique : le d\u00e9bat prend de l\u2019ampleur - Viqtor\",\"breadcrumb\":{\"@id\":\"https:\/\/viqtor.eu\/reconnaissance-faciale-intelligence-artificielle-et-ethique-le-debat-prend-de-lampleur\/#breadcrumb\"},\"inLanguage\":\"it-IT\",\"potentialAction\":[{\"@type\":\"ReadAction\",\"target\":[\"https:\/\/viqtor.eu\/reconnaissance-faciale-intelligence-artificielle-et-ethique-le-debat-prend-de-lampleur\/\"]}]},{\"@type\":\"ImageObject\",\"inLanguage\":\"it-IT\",\"@id\":\"https:\/\/viqtor.eu\/reconnaissance-faciale-intelligence-artificielle-et-ethique-le-debat-prend-de-lampleur\/#primaryimage\",\"url\":\"https:\/\/viqtor.eu\/wp-content\/uploads\/2023\/04\/shutterstock_233471317.jpg\",\"contentUrl\":\"https:\/\/viqtor.eu\/wp-content\/uploads\/2023\/04\/shutterstock_233471317.jpg\",\"width\":1000,\"height\":664},{\"@type\":\"BreadcrumbList\",\"@id\":\"https:\/\/viqtor.eu\/reconnaissance-faciale-intelligence-artificielle-et-ethique-le-debat-prend-de-lampleur\/#breadcrumb\",\"itemListElement\":[{\"@type\":\"ListItem\",\"position\":1,\"name\":\"Accueil\",\"item\":\"https:\/\/viqtor.eu\/\"},{\"@type\":\"ListItem\",\"position\":2,\"name\":\"Reconnaissance faciale, intelligence artificielle et \u00e9thique : le d\u00e9bat prend de l\u2019ampleur\"}]},{\"@type\":\"WebSite\",\"@id\":\"https:\/\/viqtor.eu\/#website\",\"url\":\"https:\/\/viqtor.eu\/\",\"name\":\"Viqtor\",\"description\":\"Faites du RGPD une opportunit\u00e9 pour votre entreprise.\",\"publisher\":{\"@id\":\"https:\/\/viqtor.eu\/#organization\"},\"potentialAction\":[{\"@type\":\"SearchAction\",\"target\":{\"@type\":\"EntryPoint\",\"urlTemplate\":\"https:\/\/viqtor.eu\/?s={search_term_string}\"},\"query-input\":{\"@type\":\"PropertyValueSpecification\",\"valueRequired\":true,\"valueName\":\"search_term_string\"}}],\"inLanguage\":\"it-IT\"},{\"@type\":\"Organization\",\"@id\":\"https:\/\/viqtor.eu\/#organization\",\"name\":\"viqtor.eu\",\"url\":\"https:\/\/viqtor.eu\/\",\"logo\":{\"@type\":\"ImageObject\",\"inLanguage\":\"it-IT\",\"@id\":\"https:\/\/viqtor.eu\/#\/schema\/logo\/image\/\",\"url\":\"https:\/\/viqtor.eu\/wp-content\/uploads\/2023\/06\/favicon-noir.svg\",\"contentUrl\":\"https:\/\/viqtor.eu\/wp-content\/uploads\/2023\/06\/favicon-noir.svg\",\"width\":108,\"height\":86,\"caption\":\"viqtor.eu\"},\"image\":{\"@id\":\"https:\/\/viqtor.eu\/#\/schema\/logo\/image\/\"}},{\"@type\":\"Person\",\"@id\":\"https:\/\/viqtor.eu\/#\/schema\/person\/3dbd9cc82a28f6cf1695c92eda0099ad\",\"name\":\"Bruno\",\"image\":{\"@type\":\"ImageObject\",\"inLanguage\":\"it-IT\",\"@id\":\"https:\/\/viqtor.eu\/#\/schema\/person\/image\/\",\"url\":\"https:\/\/secure.gravatar.com\/avatar\/e5a596f9489de15bfe046e97fb771f63589b601ca7e81ccc2bb9a23582f441a3?s=96&d=mm&r=g\",\"contentUrl\":\"https:\/\/secure.gravatar.com\/avatar\/e5a596f9489de15bfe046e97fb771f63589b601ca7e81ccc2bb9a23582f441a3?s=96&d=mm&r=g\",\"caption\":\"Bruno\"},\"sameAs\":[\"https:\/\/exciting-panini.13-37-234-21.plesk.page\"],\"url\":\"https:\/\/viqtor.eu\/it\/author\/mouad_zxum2ebi\/\"}]}<\/script>\n<!-- \/ Yoast SEO plugin. -->","yoast_head_json":{"title":"Reconnaissance faciale, intelligence artificielle et \u00e9thique : le d\u00e9bat prend de l\u2019ampleur - Viqtor","description":"Reconnaissance faciale, intelligence artificielle et \u00e9thique : le d\u00e9bat prend de l\u2019ampleur - Viqtor","robots":{"index":"index","follow":"follow","max-snippet":"max-snippet:-1","max-image-preview":"max-image-preview:large","max-video-preview":"max-video-preview:-1"},"canonical":"https:\/\/viqtor.eu\/it\/reconnaissance-faciale-intelligence-artificielle-et-ethique-le-debat-prend-de-lampleur\/","og_locale":"it_IT","og_type":"article","og_title":"Reconnaissance faciale, intelligence artificielle et \u00e9thique : le d\u00e9bat prend de l\u2019ampleur - Viqtor","og_description":"Reconnaissance faciale, intelligence artificielle et \u00e9thique : le d\u00e9bat prend de l\u2019ampleur - Viqtor","og_url":"https:\/\/viqtor.eu\/it\/reconnaissance-faciale-intelligence-artificielle-et-ethique-le-debat-prend-de-lampleur\/","og_site_name":"Viqtor","article_published_time":"2023-04-25T14:40:45+00:00","article_modified_time":"2024-08-06T11:13:14+00:00","og_image":[{"width":1000,"height":664,"url":"https:\/\/viqtor.eu\/wp-content\/uploads\/2026\/04\/widget-viqtor.png","type":"image\/jpeg"}],"author":"Bruno","twitter_card":"summary_large_image","twitter_misc":{"Scritto da":"Bruno","Tempo di lettura stimato":"6 minuti"},"schema":{"@context":"https:\/\/schema.org","@graph":[{"@type":"Article","@id":"https:\/\/viqtor.eu\/reconnaissance-faciale-intelligence-artificielle-et-ethique-le-debat-prend-de-lampleur\/#article","isPartOf":{"@id":"https:\/\/viqtor.eu\/reconnaissance-faciale-intelligence-artificielle-et-ethique-le-debat-prend-de-lampleur\/"},"author":{"name":"Bruno","@id":"https:\/\/viqtor.eu\/#\/schema\/person\/3dbd9cc82a28f6cf1695c92eda0099ad"},"headline":"Reconnaissance faciale, intelligence artificielle et \u00e9thique : le d\u00e9bat prend de l\u2019ampleur","datePublished":"2023-04-25T14:40:45+00:00","dateModified":"2024-08-06T11:13:14+00:00","mainEntityOfPage":{"@id":"https:\/\/viqtor.eu\/reconnaissance-faciale-intelligence-artificielle-et-ethique-le-debat-prend-de-lampleur\/"},"wordCount":1116,"publisher":{"@id":"https:\/\/viqtor.eu\/#organization"},"image":{"@id":"https:\/\/viqtor.eu\/reconnaissance-faciale-intelligence-artificielle-et-ethique-le-debat-prend-de-lampleur\/#primaryimage"},"thumbnailUrl":"https:\/\/viqtor.eu\/wp-content\/uploads\/2023\/04\/shutterstock_233471317.jpg","articleSection":["Veille juridique"],"inLanguage":"it-IT"},{"@type":"WebPage","@id":"https:\/\/viqtor.eu\/reconnaissance-faciale-intelligence-artificielle-et-ethique-le-debat-prend-de-lampleur\/","url":"https:\/\/viqtor.eu\/reconnaissance-faciale-intelligence-artificielle-et-ethique-le-debat-prend-de-lampleur\/","name":"Reconnaissance faciale, intelligence artificielle et \u00e9thique : le d\u00e9bat prend de l\u2019ampleur - Viqtor","isPartOf":{"@id":"https:\/\/viqtor.eu\/#website"},"primaryImageOfPage":{"@id":"https:\/\/viqtor.eu\/reconnaissance-faciale-intelligence-artificielle-et-ethique-le-debat-prend-de-lampleur\/#primaryimage"},"image":{"@id":"https:\/\/viqtor.eu\/reconnaissance-faciale-intelligence-artificielle-et-ethique-le-debat-prend-de-lampleur\/#primaryimage"},"thumbnailUrl":"https:\/\/viqtor.eu\/wp-content\/uploads\/2023\/04\/shutterstock_233471317.jpg","datePublished":"2023-04-25T14:40:45+00:00","dateModified":"2024-08-06T11:13:14+00:00","description":"Reconnaissance faciale, intelligence artificielle et \u00e9thique : le d\u00e9bat prend de l\u2019ampleur - Viqtor","breadcrumb":{"@id":"https:\/\/viqtor.eu\/reconnaissance-faciale-intelligence-artificielle-et-ethique-le-debat-prend-de-lampleur\/#breadcrumb"},"inLanguage":"it-IT","potentialAction":[{"@type":"ReadAction","target":["https:\/\/viqtor.eu\/reconnaissance-faciale-intelligence-artificielle-et-ethique-le-debat-prend-de-lampleur\/"]}]},{"@type":"ImageObject","inLanguage":"it-IT","@id":"https:\/\/viqtor.eu\/reconnaissance-faciale-intelligence-artificielle-et-ethique-le-debat-prend-de-lampleur\/#primaryimage","url":"https:\/\/viqtor.eu\/wp-content\/uploads\/2023\/04\/shutterstock_233471317.jpg","contentUrl":"https:\/\/viqtor.eu\/wp-content\/uploads\/2023\/04\/shutterstock_233471317.jpg","width":1000,"height":664},{"@type":"BreadcrumbList","@id":"https:\/\/viqtor.eu\/reconnaissance-faciale-intelligence-artificielle-et-ethique-le-debat-prend-de-lampleur\/#breadcrumb","itemListElement":[{"@type":"ListItem","position":1,"name":"Accueil","item":"https:\/\/viqtor.eu\/"},{"@type":"ListItem","position":2,"name":"Reconnaissance faciale, intelligence artificielle et \u00e9thique : le d\u00e9bat prend de l\u2019ampleur"}]},{"@type":"WebSite","@id":"https:\/\/viqtor.eu\/#website","url":"https:\/\/viqtor.eu\/","name":"Viqtor","description":"Faites du RGPD une opportunit\u00e9 pour votre entreprise.","publisher":{"@id":"https:\/\/viqtor.eu\/#organization"},"potentialAction":[{"@type":"SearchAction","target":{"@type":"EntryPoint","urlTemplate":"https:\/\/viqtor.eu\/?s={search_term_string}"},"query-input":{"@type":"PropertyValueSpecification","valueRequired":true,"valueName":"search_term_string"}}],"inLanguage":"it-IT"},{"@type":"Organization","@id":"https:\/\/viqtor.eu\/#organization","name":"viqtor.eu","url":"https:\/\/viqtor.eu\/","logo":{"@type":"ImageObject","inLanguage":"it-IT","@id":"https:\/\/viqtor.eu\/#\/schema\/logo\/image\/","url":"https:\/\/viqtor.eu\/wp-content\/uploads\/2023\/06\/favicon-noir.svg","contentUrl":"https:\/\/viqtor.eu\/wp-content\/uploads\/2023\/06\/favicon-noir.svg","width":108,"height":86,"caption":"viqtor.eu"},"image":{"@id":"https:\/\/viqtor.eu\/#\/schema\/logo\/image\/"}},{"@type":"Person","@id":"https:\/\/viqtor.eu\/#\/schema\/person\/3dbd9cc82a28f6cf1695c92eda0099ad","name":"Bruno","image":{"@type":"ImageObject","inLanguage":"it-IT","@id":"https:\/\/viqtor.eu\/#\/schema\/person\/image\/","url":"https:\/\/secure.gravatar.com\/avatar\/e5a596f9489de15bfe046e97fb771f63589b601ca7e81ccc2bb9a23582f441a3?s=96&d=mm&r=g","contentUrl":"https:\/\/secure.gravatar.com\/avatar\/e5a596f9489de15bfe046e97fb771f63589b601ca7e81ccc2bb9a23582f441a3?s=96&d=mm&r=g","caption":"Bruno"},"sameAs":["https:\/\/exciting-panini.13-37-234-21.plesk.page"],"url":"https:\/\/viqtor.eu\/it\/author\/mouad_zxum2ebi\/"}]}},"_links":{"self":[{"href":"https:\/\/viqtor.eu\/it\/wp-json\/wp\/v2\/posts\/5814","targetHints":{"allow":["GET"]}}],"collection":[{"href":"https:\/\/viqtor.eu\/it\/wp-json\/wp\/v2\/posts"}],"about":[{"href":"https:\/\/viqtor.eu\/it\/wp-json\/wp\/v2\/types\/post"}],"author":[{"embeddable":true,"href":"https:\/\/viqtor.eu\/it\/wp-json\/wp\/v2\/users\/1"}],"replies":[{"embeddable":true,"href":"https:\/\/viqtor.eu\/it\/wp-json\/wp\/v2\/comments?post=5814"}],"version-history":[{"count":8,"href":"https:\/\/viqtor.eu\/it\/wp-json\/wp\/v2\/posts\/5814\/revisions"}],"predecessor-version":[{"id":12164,"href":"https:\/\/viqtor.eu\/it\/wp-json\/wp\/v2\/posts\/5814\/revisions\/12164"}],"wp:featuredmedia":[{"embeddable":true,"href":"https:\/\/viqtor.eu\/it\/wp-json\/wp\/v2\/media\/5829"}],"wp:attachment":[{"href":"https:\/\/viqtor.eu\/it\/wp-json\/wp\/v2\/media?parent=5814"}],"wp:term":[{"taxonomy":"category","embeddable":true,"href":"https:\/\/viqtor.eu\/it\/wp-json\/wp\/v2\/categories?post=5814"},{"taxonomy":"post_tag","embeddable":true,"href":"https:\/\/viqtor.eu\/it\/wp-json\/wp\/v2\/tags?post=5814"}],"curies":[{"name":"wp","href":"https:\/\/api.w.org\/{rel}","templated":true}]}}