{"id":5811,"date":"2023-04-25T14:32:17","date_gmt":"2023-04-25T14:32:17","guid":{"rendered":"https:\/\/exciting-panini.13-37-234-21.plesk.page\/?p=5811"},"modified":"2024-08-06T11:06:32","modified_gmt":"2024-08-06T11:06:32","slug":"on-est-parfois-plus-responsable-quon-ne-le-pense-ou-quon-ne-le-souhaite","status":"publish","type":"post","link":"https:\/\/viqtor.eu\/it\/on-est-parfois-plus-responsable-quon-ne-le-pense-ou-quon-ne-le-souhaite\/","title":{"rendered":"A volte siamo pi\u00f9 responsabili di quanto pensiamo... o di quanto vorremmo essere."},"content":{"rendered":"<div data-elementor-type=\"wp-post\" data-elementor-id=\"5811\" class=\"elementor elementor-5811\" data-elementor-post-type=\"post\">\n\t\t\t\t\t\t<section class=\"elementor-section elementor-top-section elementor-element elementor-element-a8ddb20 ot-traditional elementor-section-boxed elementor-section-height-default elementor-section-height-default\" data-id=\"a8ddb20\" data-element_type=\"section\">\n\t\t\t\t\t\t<div class=\"elementor-container elementor-column-gap-default\">\n\t\t\t\t\t<div class=\"elementor-column elementor-col-100 elementor-top-column elementor-element elementor-element-8d4afb6 ot-flex-column-vertical\" data-id=\"8d4afb6\" data-element_type=\"column\">\n\t\t\t<div class=\"elementor-widget-wrap elementor-element-populated\">\n\t\t\t\t\t\t<div class=\"elementor-element elementor-element-9795236 elementor-widget elementor-widget-image\" data-id=\"9795236\" data-element_type=\"widget\" data-widget_type=\"image.default\">\n\t\t\t\t<div class=\"elementor-widget-container\">\n\t\t\t\t\t\t\t\t\t\t\t\t\t<img fetchpriority=\"high\" decoding=\"async\" width=\"1000\" height=\"645\" src=\"https:\/\/viqtor.eu\/wp-content\/uploads\/2023\/04\/On-est-parfois-plus-responsable-quon-ne-le-pense\u2026-ou-quon-ne-le-souhaite.jpg\" class=\"attachment-full size-full wp-image-12152\" alt=\"On est parfois plus responsable qu\u2019on ne le pense\u2026 ou qu\u2019on ne le souhaite\" srcset=\"https:\/\/viqtor.eu\/wp-content\/uploads\/2023\/04\/On-est-parfois-plus-responsable-quon-ne-le-pense\u2026-ou-quon-ne-le-souhaite.jpg 1000w, https:\/\/viqtor.eu\/wp-content\/uploads\/2023\/04\/On-est-parfois-plus-responsable-quon-ne-le-pense\u2026-ou-quon-ne-le-souhaite-300x194.jpg 300w, https:\/\/viqtor.eu\/wp-content\/uploads\/2023\/04\/On-est-parfois-plus-responsable-quon-ne-le-pense\u2026-ou-quon-ne-le-souhaite-768x495.jpg 768w, https:\/\/viqtor.eu\/wp-content\/uploads\/2023\/04\/On-est-parfois-plus-responsable-quon-ne-le-pense\u2026-ou-quon-ne-le-souhaite-720x464.jpg 720w\" sizes=\"(max-width: 1000px) 100vw, 1000px\" \/>\t\t\t\t\t\t\t\t\t\t\t\t\t<\/div>\n\t\t\t\t<\/div>\n\t\t\t\t\t<\/div>\n\t\t<\/div>\n\t\t\t\t\t<\/div>\n\t\t<\/section>\n\t\t\t\t<section class=\"elementor-section elementor-top-section elementor-element elementor-element-af19dd4 ot-traditional elementor-section-boxed elementor-section-height-default elementor-section-height-default\" data-id=\"af19dd4\" data-element_type=\"section\">\n\t\t\t\t\t\t<div class=\"elementor-container elementor-column-gap-default\">\n\t\t\t\t\t<div class=\"elementor-column elementor-col-100 elementor-top-column elementor-element elementor-element-a8fab76 ot-flex-column-vertical\" data-id=\"a8fab76\" data-element_type=\"column\">\n\t\t\t<div class=\"elementor-widget-wrap elementor-element-populated\">\n\t\t\t\t\t\t<div class=\"elementor-element elementor-element-98100d6 elementor-widget elementor-widget-heading\" data-id=\"98100d6\" data-element_type=\"widget\" data-widget_type=\"heading.default\">\n\t\t\t\t<div class=\"elementor-widget-container\">\n\t\t\t<h1 class=\"elementor-heading-title elementor-size-default\">A volte siamo pi\u00f9 responsabili di quanto pensiamo... o di quanto vorremmo essere.<\/h1>\t\t<\/div>\n\t\t\t\t<\/div>\n\t\t\t\t\t<\/div>\n\t\t<\/div>\n\t\t\t\t\t<\/div>\n\t\t<\/section>\n\t\t\t\t<section class=\"elementor-section elementor-top-section elementor-element elementor-element-15c87ec3 ot-traditional elementor-section-boxed elementor-section-height-default elementor-section-height-default\" data-id=\"15c87ec3\" data-element_type=\"section\">\n\t\t\t\t\t\t<div class=\"elementor-container elementor-column-gap-default\">\n\t\t\t\t\t<div class=\"elementor-column elementor-col-100 elementor-top-column elementor-element elementor-element-29a30b2 ot-flex-column-vertical\" data-id=\"29a30b2\" data-element_type=\"column\">\n\t\t\t<div class=\"elementor-widget-wrap elementor-element-populated\">\n\t\t\t\t\t\t<div class=\"elementor-element elementor-element-415d2eeb elementor-widget elementor-widget-text-editor\" data-id=\"415d2eeb\" data-element_type=\"widget\" data-widget_type=\"text-editor.default\">\n\t\t\t\t<div class=\"elementor-widget-container\">\n\t\t\t\t\t\t\t<!-- wp:paragraph -->\n<p><strong>Legal Watch \u2013 settembre 2019.<br><\/strong><\/p>\n<!-- \/wp:paragraph -->\n\n<!-- wp:paragraph -->\n<p><em>Questo \u00e8 il caso quando installi un semplice plug-in sul tuo sito web, anche se non hai accesso ai dati raccolti tramite questo mezzo.<\/em> <\/p>\n<!-- \/wp:paragraph -->\n\n<!-- wp:paragraph -->\n<p>Una recente sentenza della Corte di giustizia dell&#039;Unione Europea, nota come &quot;Fashion ID&quot;, conferma questa osservazione chiarendo la responsabilit\u00e0 dei gestori di siti web che inseriscono l&#039;icona &quot;Mi piace&quot; di Facebook sulla propria pagina.<\/p>\n<!-- \/wp:paragraph -->\n\n<!-- wp:paragraph -->\n<p><em>L&#039;inserimento di questo semplice plug-in pu\u00f2 quindi avere la conseguenza di rendere il gestore del sito solidalmente responsabile del trattamento con il social network che raccoglie tali dati.<\/em><\/p>\n<!-- \/wp:paragraph -->\n\n<!-- wp:paragraph -->\n<p>Da un punto di vista tecnico, il semplice inserimento di un plug-in in una pagina web consente la comunicazione automatica dei dati di connessione dei visitatori di tale pagina al social network in questione, indipendentemente dal fatto che i visitatori clicchino o meno sull&#039;icona del plug-in. In questo caso, i dati dei visitatori del sito web di Fashion ID, un rivenditore tedesco di abbigliamento online, sono stati quindi trasmessi sistematicamente a Facebook. Questo \u00e8 ci\u00f2 che accade effettivamente per molti siti web oggi, che si tratti di vendite online, siti di notizie o blog. E il ragionamento rivolto a Facebook in questo caso pu\u00f2 essere esteso a qualsiasi social network o altra entit\u00e0 che utilizzi la stessa tecnologia.<\/p>\n<!-- \/wp:paragraph -->\n\n<!-- wp:paragraph -->\n<p>La Corte di Giustizia ha chiarito che il fatto che il gestore del sito non abbia accesso ai dati cos\u00ec trasmessi non ne riduce la responsabilit\u00e0. Il fatto che egli determini, congiuntamente a Facebook, le finalit\u00e0 e i mezzi del trattamento resta il fattore decisivo. La Corte deduce l&#039;eventuale responsabilit\u00e0 solidale del sito e di Facebook dai reciproci vantaggi economici che essi traggono da tale cooperazione: per Facebook, l&#039;arricchimento del suo database, e per il gestore del sito, l&#039;ottimizzazione della pubblicit\u00e0 dei suoi prodotti sul social network Facebook non appena un visitatore clicca sull&#039;icona &quot;Mi piace&quot;.<\/p>\n<!-- \/wp:paragraph -->\n\n<!-- wp:paragraph -->\n<p>La Corte chiarisce che le responsabilit\u00e0 e gli obblighi giuridici variano a seconda dei diversi aspetti del trattamento: in questo caso, Fashion ID non pu\u00f2 essere ritenuta responsabile delle modalit\u00e0 con cui Facebook tratta successivamente i dati. Facebook deve inoltre fornire una base giuridica specifica per tale trattamento. Tuttavia, il gestore del sito web \u00e8 tenuto a informare e ottenere il consenso dei propri visitatori separatamente in merito alla raccolta e alla trasmissione di tali dati al social network.<\/p>\n<!-- \/wp:paragraph -->\n\n<!-- wp:paragraph -->\n<p><em>Da questa importante sentenza si possono trarre diversi insegnamenti. \u00c8 pertanto consigliabile:<\/em><\/p>\n<!-- \/wp:paragraph -->\n\n<!-- wp:list -->\n<ul><!-- wp:list-item -->\n<li>Verificare sistematicamente le condizioni di utilizzo dei plug-in sul tuo sito web e le possibili condizioni di trasmissione dei dati a terzi,<\/li>\n<!-- \/wp:list-item -->\n\n<!-- wp:list-item -->\n<li>Verificare le clausole di responsabilit\u00e0 nei contratti con queste terze parti;<\/li>\n<!-- \/wp:list-item -->\n\n<!-- wp:list-item -->\n<li>Informare specificamente i visitatori su questa raccolta e ottenere il loro consenso separato.<\/li>\n<!-- \/wp:list-item --><\/ul>\n<!-- \/wp:list -->\n\n<!-- wp:paragraph -->\n<p>Tali precauzioni sono tanto pi\u00f9 pertinenti in quanto la CNIL ha recentemente chiarito le rigorose condizioni per ottenere il consenso in materia di targeting della pubblicit\u00e0 online e ha annunciato che nel 2019 concentrer\u00e0 le sue attivit\u00e0 di monitoraggio sulle questioni relative alla ripartizione delle responsabilit\u00e0 tra i diversi soggetti che trattano i dati personali.&nbsp;<\/p>\n<!-- \/wp:paragraph -->\n\n<!-- wp:paragraph -->\n<p>Tali questioni vengono affrontate anche a livello europeo. L&#039;EDPB, che riunisce le autorit\u00e0 garanti della protezione dei dati dell&#039;Unione europea (CNIL), ha avviato discussioni con diverse organizzazioni settoriali per aggiornare il parere di riferimento delle autorit\u00e0 di controllo sull&#039;identificazione e il ruolo dei titolari del trattamento, dei contitolari del trattamento e dei responsabili del trattamento.<\/p>\n<!-- \/wp:paragraph -->\n\n<!-- wp:paragraph -->\n<p><strong>E inoltre:<\/strong><\/p>\n<!-- \/wp:paragraph -->\n\n<!-- wp:paragraph -->\n<p><span style=\"text-decoration: underline;\">\u2022 in Europa:<\/span><\/p>\n<!-- \/wp:paragraph -->\n\n<!-- wp:paragraph -->\n<p><strong>Brexit:<\/strong><\/p>\n<!-- \/wp:paragraph -->\n\n<!-- wp:paragraph -->\n<p>Quali sarebbero le condizioni per il trasferimento di dati verso il Regno Unito qualora il Paese dovesse lasciare l&#039;Unione Europea senza un accordo? Il Comitato europeo per la protezione dei dati (EDPB) ha pubblicato una nota all&#039;inizio del 2019 che descrive in dettaglio le condizioni e le diverse basi giuridiche applicabili. L&#039;autorit\u00e0 britannica per la protezione dei dati risponde anche a numerose domande sul suo sito web ufficiale.<\/p>\n<!-- \/wp:paragraph -->\n\n<!-- wp:paragraph -->\n<p><strong>Biometria:<\/strong><\/p>\n<!-- \/wp:paragraph -->\n\n<!-- wp:paragraph -->\n<p>L&#039;autorit\u00e0 svedese per la protezione dei dati ha emesso la sua prima sanzione ai sensi del GDPR il 21 agosto. Una multa di 20.000 euro \u00e8 stata imposta a una scuola per aver implementato un sistema di riconoscimento facciale per gli studenti in violazione di diversi principi del GDPR: consenso non valido, dati biometrici sensibili, mancanza di una valutazione d&#039;impatto preventiva e mancata consultazione dell&#039;autorit\u00e0 per la protezione dei dati.<\/p>\n<!-- \/wp:paragraph -->\n\n<!-- wp:paragraph -->\n<p><strong>Cloud e protezione dei dati:<\/strong><\/p>\n<!-- \/wp:paragraph -->\n\n<!-- wp:paragraph -->\n<p>La prospettiva di un cloud europeo con regole armonizzate si avvicina sempre di pi\u00f9. Il 29 agosto si \u00e8 tenuto all&#039;Aia il primo incontro tra stakeholder del settore pubblico e privato, a livello europeo e internazionale.<\/p>\n<!-- \/wp:paragraph -->\n\n<!-- wp:paragraph -->\n<p>\u2022 nel mondo:<\/p>\n<!-- \/wp:paragraph -->\n\n<!-- wp:paragraph -->\n<p><strong>Prova elettronica:<\/strong><\/p>\n<!-- \/wp:paragraph -->\n\n<!-- wp:paragraph -->\n<p>Le condizioni alle quali le autorit\u00e0 giudiziarie possono accedere alle prove elettroniche (&quot;e-evidence&quot;) detenute dalle aziende sono oggetto di sviluppi in Europa e a livello internazionale. L&#039;obiettivo \u00e8 armonizzare queste norme in Europa, ma anche raggiungere un accordo con gli Stati Uniti sulle condizioni di accesso a questi dati, nell&#039;ambito della lotta alla criminalit\u00e0. In base al &quot;Cloud Act&quot; americano, gli Stati Uniti hanno accesso ai dati delle aziende americane con sede in Europa da marzo 2018. L&#039;obiettivo \u00e8 raggiungere un accordo su queste condizioni di accesso su entrambe le sponde dell&#039;Atlantico, nel rispetto delle norme sulla protezione dei dati.<\/p>\n<!-- \/wp:paragraph -->\n\n<!-- wp:paragraph -->\n<p><strong>Norma ISO:<\/strong><\/p>\n<!-- \/wp:paragraph -->\n\n<!-- wp:paragraph -->\n<p>Il nuovo standard ISO\/IEC\/27701 \u00e8 stato pubblicato all&#039;inizio di agosto. Si tratta di un&#039;estensione degli standard ISO\/IEC 27001 e ISO\/IEC 27002 per coprire la gestione della privacy e tiene conto anche dei requisiti del GDPR.<\/p>\n<!-- \/wp:paragraph -->\n\n<!-- wp:paragraph {\"fontSize\":\"small\"} -->\n<p class=\"has-small-font-size\"><em>1 La sentenza applica la Direttiva 95\/46\/CE, abrogata dal Regolamento (UE) 2016\/679 o GDPR. Le disposizioni in materia di (corresponsabilit\u00e0) sono tuttavia rimaste identiche nel nuovo Regolamento.<\/em><\/p>\n<!-- \/wp:paragraph -->\t\t\t\t\t\t<\/div>\n\t\t\t\t<\/div>\n\t\t\t\t\t<\/div>\n\t\t<\/div>\n\t\t\t\t\t<\/div>\n\t\t<\/section>\n\t\t\t\t<section class=\"elementor-section elementor-top-section elementor-element elementor-element-ca0d124 ot-traditional elementor-section-boxed elementor-section-height-default elementor-section-height-default\" data-id=\"ca0d124\" data-element_type=\"section\">\n\t\t\t\t\t\t<div class=\"elementor-container elementor-column-gap-default\">\n\t\t\t\t\t<div class=\"elementor-column elementor-col-100 elementor-top-column elementor-element elementor-element-cfc69c6 ot-flex-column-vertical\" data-id=\"cfc69c6\" data-element_type=\"column\">\n\t\t\t<div class=\"elementor-widget-wrap elementor-element-populated\">\n\t\t\t\t\t\t<div class=\"elementor-element elementor-element-34095e6 elementor-align-center elementor-widget elementor-widget-button\" data-id=\"34095e6\" data-element_type=\"widget\" data-widget_type=\"button.default\">\n\t\t\t\t<div class=\"elementor-widget-container\">\n\t\t\t\t\t<div class=\"elementor-button-wrapper\">\n\t\t\t<a class=\"elementor-button elementor-button-link elementor-size-lg\" href=\"https:\/\/app.viqtor.eu\/\">\n\t\t\t\t\t\t<span class=\"elementor-button-content-wrapper\">\n\t\t\t\t\t\t<span class=\"elementor-button-icon\">\n\t\t\t\t<i aria-hidden=\"true\" class=\"fas fa-long-arrow-alt-right\"><\/i>\t\t\t<\/span>\n\t\t\t\t\t\t\t\t\t<span class=\"elementor-button-text\">Scopri Viqtor\u00ae<\/span>\n\t\t\t\t\t<\/span>\n\t\t\t\t\t<\/a>\n\t\t<\/div>\n\t\t\t\t<\/div>\n\t\t\t\t<\/div>\n\t\t\t\t\t<\/div>\n\t\t<\/div>\n\t\t\t\t\t<\/div>\n\t\t<\/section>\n\t\t\t\t<\/div>","protected":false},"excerpt":{"rendered":"<p>A volte siamo pi\u00f9 responsabili di quanto pensiamo... o di quanto vorremmo essere. Legal Watch \u2013 Settembre 2019. \u00c8 il caso quando installiamo un semplice plug-in sul nostro sito web, anche se non abbiamo accesso ai dati raccolti tramite questo mezzo. Una recente sentenza della Corte di Giustizia [\u2026]<\/p>","protected":false},"author":1,"featured_media":5835,"comment_status":"closed","ping_status":"open","sticky":false,"template":"elementor_header_footer","format":"standard","meta":{"_acf_changed":false,"footnotes":""},"categories":[35],"tags":[],"class_list":["post-5811","post","type-post","status-publish","format-standard","has-post-thumbnail","hentry","category-veille-juridique"],"acf":[],"yoast_head":"<!-- This site is optimized with the Yoast SEO plugin v23.6 - https:\/\/yoast.com\/wordpress\/plugins\/seo\/ -->\n<title>On est parfois plus responsable qu\u2019on ne le pense\u2026 ou qu\u2019on ne le souhaite - Viqtor<\/title>\n<meta name=\"description\" content=\"On est parfois plus responsable qu\u2019on ne le pense\u2026 ou qu\u2019on ne le souhaite - Viqtor\" \/>\n<meta name=\"robots\" content=\"index, follow, max-snippet:-1, max-image-preview:large, max-video-preview:-1\" \/>\n<link rel=\"canonical\" href=\"https:\/\/viqtor.eu\/it\/on-est-parfois-plus-responsable-quon-ne-le-pense-ou-quon-ne-le-souhaite\/\" \/>\n<meta property=\"og:locale\" content=\"it_IT\" \/>\n<meta property=\"og:type\" content=\"article\" \/>\n<meta property=\"og:title\" content=\"On est parfois plus responsable qu\u2019on ne le pense\u2026 ou qu\u2019on ne le souhaite - Viqtor\" \/>\n<meta property=\"og:description\" content=\"On est parfois plus responsable qu\u2019on ne le pense\u2026 ou qu\u2019on ne le souhaite - Viqtor\" \/>\n<meta property=\"og:url\" content=\"https:\/\/viqtor.eu\/it\/on-est-parfois-plus-responsable-quon-ne-le-pense-ou-quon-ne-le-souhaite\/\" \/>\n<meta property=\"og:site_name\" content=\"Viqtor\" \/>\n<meta property=\"article:published_time\" content=\"2023-04-25T14:32:17+00:00\" \/>\n<meta property=\"article:modified_time\" content=\"2024-08-06T11:06:32+00:00\" \/>\n<meta property=\"og:image\" content=\"https:\/\/viqtor.eu\/wp-content\/uploads\/2026\/04\/widget-viqtor.png\" \/>\n\t<meta property=\"og:image:width\" content=\"1000\" \/>\n\t<meta property=\"og:image:height\" content=\"645\" \/>\n\t<meta property=\"og:image:type\" content=\"image\/jpeg\" \/>\n<meta name=\"author\" content=\"Bruno\" \/>\n<meta name=\"twitter:card\" content=\"summary_large_image\" \/>\n<meta name=\"twitter:label1\" content=\"Scritto da\" \/>\n\t<meta name=\"twitter:data1\" content=\"Bruno\" \/>\n\t<meta name=\"twitter:label2\" content=\"Tempo di lettura stimato\" \/>\n\t<meta name=\"twitter:data2\" content=\"5 minuti\" \/>\n<script type=\"application\/ld+json\" class=\"yoast-schema-graph\">{\"@context\":\"https:\/\/schema.org\",\"@graph\":[{\"@type\":\"Article\",\"@id\":\"https:\/\/viqtor.eu\/on-est-parfois-plus-responsable-quon-ne-le-pense-ou-quon-ne-le-souhaite\/#article\",\"isPartOf\":{\"@id\":\"https:\/\/viqtor.eu\/on-est-parfois-plus-responsable-quon-ne-le-pense-ou-quon-ne-le-souhaite\/\"},\"author\":{\"name\":\"Bruno\",\"@id\":\"https:\/\/viqtor.eu\/#\/schema\/person\/3dbd9cc82a28f6cf1695c92eda0099ad\"},\"headline\":\"On est parfois plus responsable qu\u2019on ne le pense\u2026 ou qu\u2019on ne le souhaite\",\"datePublished\":\"2023-04-25T14:32:17+00:00\",\"dateModified\":\"2024-08-06T11:06:32+00:00\",\"mainEntityOfPage\":{\"@id\":\"https:\/\/viqtor.eu\/on-est-parfois-plus-responsable-quon-ne-le-pense-ou-quon-ne-le-souhaite\/\"},\"wordCount\":1124,\"publisher\":{\"@id\":\"https:\/\/viqtor.eu\/#organization\"},\"image\":{\"@id\":\"https:\/\/viqtor.eu\/on-est-parfois-plus-responsable-quon-ne-le-pense-ou-quon-ne-le-souhaite\/#primaryimage\"},\"thumbnailUrl\":\"https:\/\/viqtor.eu\/wp-content\/uploads\/2023\/04\/shutterstock_1318808819.jpg\",\"articleSection\":[\"Veille juridique\"],\"inLanguage\":\"it-IT\"},{\"@type\":\"WebPage\",\"@id\":\"https:\/\/viqtor.eu\/on-est-parfois-plus-responsable-quon-ne-le-pense-ou-quon-ne-le-souhaite\/\",\"url\":\"https:\/\/viqtor.eu\/on-est-parfois-plus-responsable-quon-ne-le-pense-ou-quon-ne-le-souhaite\/\",\"name\":\"On est parfois plus responsable qu\u2019on ne le pense\u2026 ou qu\u2019on ne le souhaite - Viqtor\",\"isPartOf\":{\"@id\":\"https:\/\/viqtor.eu\/#website\"},\"primaryImageOfPage\":{\"@id\":\"https:\/\/viqtor.eu\/on-est-parfois-plus-responsable-quon-ne-le-pense-ou-quon-ne-le-souhaite\/#primaryimage\"},\"image\":{\"@id\":\"https:\/\/viqtor.eu\/on-est-parfois-plus-responsable-quon-ne-le-pense-ou-quon-ne-le-souhaite\/#primaryimage\"},\"thumbnailUrl\":\"https:\/\/viqtor.eu\/wp-content\/uploads\/2023\/04\/shutterstock_1318808819.jpg\",\"datePublished\":\"2023-04-25T14:32:17+00:00\",\"dateModified\":\"2024-08-06T11:06:32+00:00\",\"description\":\"On est parfois plus responsable qu\u2019on ne le pense\u2026 ou qu\u2019on ne le souhaite - Viqtor\",\"breadcrumb\":{\"@id\":\"https:\/\/viqtor.eu\/on-est-parfois-plus-responsable-quon-ne-le-pense-ou-quon-ne-le-souhaite\/#breadcrumb\"},\"inLanguage\":\"it-IT\",\"potentialAction\":[{\"@type\":\"ReadAction\",\"target\":[\"https:\/\/viqtor.eu\/on-est-parfois-plus-responsable-quon-ne-le-pense-ou-quon-ne-le-souhaite\/\"]}]},{\"@type\":\"ImageObject\",\"inLanguage\":\"it-IT\",\"@id\":\"https:\/\/viqtor.eu\/on-est-parfois-plus-responsable-quon-ne-le-pense-ou-quon-ne-le-souhaite\/#primaryimage\",\"url\":\"https:\/\/viqtor.eu\/wp-content\/uploads\/2023\/04\/shutterstock_1318808819.jpg\",\"contentUrl\":\"https:\/\/viqtor.eu\/wp-content\/uploads\/2023\/04\/shutterstock_1318808819.jpg\",\"width\":1000,\"height\":645},{\"@type\":\"BreadcrumbList\",\"@id\":\"https:\/\/viqtor.eu\/on-est-parfois-plus-responsable-quon-ne-le-pense-ou-quon-ne-le-souhaite\/#breadcrumb\",\"itemListElement\":[{\"@type\":\"ListItem\",\"position\":1,\"name\":\"Accueil\",\"item\":\"https:\/\/viqtor.eu\/\"},{\"@type\":\"ListItem\",\"position\":2,\"name\":\"On est parfois plus responsable qu\u2019on ne le pense\u2026 ou qu\u2019on ne le souhaite\"}]},{\"@type\":\"WebSite\",\"@id\":\"https:\/\/viqtor.eu\/#website\",\"url\":\"https:\/\/viqtor.eu\/\",\"name\":\"Viqtor\",\"description\":\"Faites du RGPD une opportunit\u00e9 pour votre entreprise.\",\"publisher\":{\"@id\":\"https:\/\/viqtor.eu\/#organization\"},\"potentialAction\":[{\"@type\":\"SearchAction\",\"target\":{\"@type\":\"EntryPoint\",\"urlTemplate\":\"https:\/\/viqtor.eu\/?s={search_term_string}\"},\"query-input\":{\"@type\":\"PropertyValueSpecification\",\"valueRequired\":true,\"valueName\":\"search_term_string\"}}],\"inLanguage\":\"it-IT\"},{\"@type\":\"Organization\",\"@id\":\"https:\/\/viqtor.eu\/#organization\",\"name\":\"viqtor.eu\",\"url\":\"https:\/\/viqtor.eu\/\",\"logo\":{\"@type\":\"ImageObject\",\"inLanguage\":\"it-IT\",\"@id\":\"https:\/\/viqtor.eu\/#\/schema\/logo\/image\/\",\"url\":\"https:\/\/viqtor.eu\/wp-content\/uploads\/2023\/06\/favicon-noir.svg\",\"contentUrl\":\"https:\/\/viqtor.eu\/wp-content\/uploads\/2023\/06\/favicon-noir.svg\",\"width\":108,\"height\":86,\"caption\":\"viqtor.eu\"},\"image\":{\"@id\":\"https:\/\/viqtor.eu\/#\/schema\/logo\/image\/\"}},{\"@type\":\"Person\",\"@id\":\"https:\/\/viqtor.eu\/#\/schema\/person\/3dbd9cc82a28f6cf1695c92eda0099ad\",\"name\":\"Bruno\",\"image\":{\"@type\":\"ImageObject\",\"inLanguage\":\"it-IT\",\"@id\":\"https:\/\/viqtor.eu\/#\/schema\/person\/image\/\",\"url\":\"https:\/\/secure.gravatar.com\/avatar\/e5a596f9489de15bfe046e97fb771f63589b601ca7e81ccc2bb9a23582f441a3?s=96&d=mm&r=g\",\"contentUrl\":\"https:\/\/secure.gravatar.com\/avatar\/e5a596f9489de15bfe046e97fb771f63589b601ca7e81ccc2bb9a23582f441a3?s=96&d=mm&r=g\",\"caption\":\"Bruno\"},\"sameAs\":[\"https:\/\/exciting-panini.13-37-234-21.plesk.page\"],\"url\":\"https:\/\/viqtor.eu\/it\/author\/mouad_zxum2ebi\/\"}]}<\/script>\n<!-- \/ Yoast SEO plugin. -->","yoast_head_json":{"title":"On est parfois plus responsable qu\u2019on ne le pense\u2026 ou qu\u2019on ne le souhaite - Viqtor","description":"On est parfois plus responsable qu\u2019on ne le pense\u2026 ou qu\u2019on ne le souhaite - Viqtor","robots":{"index":"index","follow":"follow","max-snippet":"max-snippet:-1","max-image-preview":"max-image-preview:large","max-video-preview":"max-video-preview:-1"},"canonical":"https:\/\/viqtor.eu\/it\/on-est-parfois-plus-responsable-quon-ne-le-pense-ou-quon-ne-le-souhaite\/","og_locale":"it_IT","og_type":"article","og_title":"On est parfois plus responsable qu\u2019on ne le pense\u2026 ou qu\u2019on ne le souhaite - Viqtor","og_description":"On est parfois plus responsable qu\u2019on ne le pense\u2026 ou qu\u2019on ne le souhaite - Viqtor","og_url":"https:\/\/viqtor.eu\/it\/on-est-parfois-plus-responsable-quon-ne-le-pense-ou-quon-ne-le-souhaite\/","og_site_name":"Viqtor","article_published_time":"2023-04-25T14:32:17+00:00","article_modified_time":"2024-08-06T11:06:32+00:00","og_image":[{"width":1000,"height":645,"url":"https:\/\/viqtor.eu\/wp-content\/uploads\/2026\/04\/widget-viqtor.png","type":"image\/jpeg"}],"author":"Bruno","twitter_card":"summary_large_image","twitter_misc":{"Scritto da":"Bruno","Tempo di lettura stimato":"5 minuti"},"schema":{"@context":"https:\/\/schema.org","@graph":[{"@type":"Article","@id":"https:\/\/viqtor.eu\/on-est-parfois-plus-responsable-quon-ne-le-pense-ou-quon-ne-le-souhaite\/#article","isPartOf":{"@id":"https:\/\/viqtor.eu\/on-est-parfois-plus-responsable-quon-ne-le-pense-ou-quon-ne-le-souhaite\/"},"author":{"name":"Bruno","@id":"https:\/\/viqtor.eu\/#\/schema\/person\/3dbd9cc82a28f6cf1695c92eda0099ad"},"headline":"On est parfois plus responsable qu\u2019on ne le pense\u2026 ou qu\u2019on ne le souhaite","datePublished":"2023-04-25T14:32:17+00:00","dateModified":"2024-08-06T11:06:32+00:00","mainEntityOfPage":{"@id":"https:\/\/viqtor.eu\/on-est-parfois-plus-responsable-quon-ne-le-pense-ou-quon-ne-le-souhaite\/"},"wordCount":1124,"publisher":{"@id":"https:\/\/viqtor.eu\/#organization"},"image":{"@id":"https:\/\/viqtor.eu\/on-est-parfois-plus-responsable-quon-ne-le-pense-ou-quon-ne-le-souhaite\/#primaryimage"},"thumbnailUrl":"https:\/\/viqtor.eu\/wp-content\/uploads\/2023\/04\/shutterstock_1318808819.jpg","articleSection":["Veille juridique"],"inLanguage":"it-IT"},{"@type":"WebPage","@id":"https:\/\/viqtor.eu\/on-est-parfois-plus-responsable-quon-ne-le-pense-ou-quon-ne-le-souhaite\/","url":"https:\/\/viqtor.eu\/on-est-parfois-plus-responsable-quon-ne-le-pense-ou-quon-ne-le-souhaite\/","name":"On est parfois plus responsable qu\u2019on ne le pense\u2026 ou qu\u2019on ne le souhaite - Viqtor","isPartOf":{"@id":"https:\/\/viqtor.eu\/#website"},"primaryImageOfPage":{"@id":"https:\/\/viqtor.eu\/on-est-parfois-plus-responsable-quon-ne-le-pense-ou-quon-ne-le-souhaite\/#primaryimage"},"image":{"@id":"https:\/\/viqtor.eu\/on-est-parfois-plus-responsable-quon-ne-le-pense-ou-quon-ne-le-souhaite\/#primaryimage"},"thumbnailUrl":"https:\/\/viqtor.eu\/wp-content\/uploads\/2023\/04\/shutterstock_1318808819.jpg","datePublished":"2023-04-25T14:32:17+00:00","dateModified":"2024-08-06T11:06:32+00:00","description":"On est parfois plus responsable qu\u2019on ne le pense\u2026 ou qu\u2019on ne le souhaite - Viqtor","breadcrumb":{"@id":"https:\/\/viqtor.eu\/on-est-parfois-plus-responsable-quon-ne-le-pense-ou-quon-ne-le-souhaite\/#breadcrumb"},"inLanguage":"it-IT","potentialAction":[{"@type":"ReadAction","target":["https:\/\/viqtor.eu\/on-est-parfois-plus-responsable-quon-ne-le-pense-ou-quon-ne-le-souhaite\/"]}]},{"@type":"ImageObject","inLanguage":"it-IT","@id":"https:\/\/viqtor.eu\/on-est-parfois-plus-responsable-quon-ne-le-pense-ou-quon-ne-le-souhaite\/#primaryimage","url":"https:\/\/viqtor.eu\/wp-content\/uploads\/2023\/04\/shutterstock_1318808819.jpg","contentUrl":"https:\/\/viqtor.eu\/wp-content\/uploads\/2023\/04\/shutterstock_1318808819.jpg","width":1000,"height":645},{"@type":"BreadcrumbList","@id":"https:\/\/viqtor.eu\/on-est-parfois-plus-responsable-quon-ne-le-pense-ou-quon-ne-le-souhaite\/#breadcrumb","itemListElement":[{"@type":"ListItem","position":1,"name":"Accueil","item":"https:\/\/viqtor.eu\/"},{"@type":"ListItem","position":2,"name":"On est parfois plus responsable qu\u2019on ne le pense\u2026 ou qu\u2019on ne le souhaite"}]},{"@type":"WebSite","@id":"https:\/\/viqtor.eu\/#website","url":"https:\/\/viqtor.eu\/","name":"Viqtor","description":"Faites du RGPD une opportunit\u00e9 pour votre entreprise.","publisher":{"@id":"https:\/\/viqtor.eu\/#organization"},"potentialAction":[{"@type":"SearchAction","target":{"@type":"EntryPoint","urlTemplate":"https:\/\/viqtor.eu\/?s={search_term_string}"},"query-input":{"@type":"PropertyValueSpecification","valueRequired":true,"valueName":"search_term_string"}}],"inLanguage":"it-IT"},{"@type":"Organization","@id":"https:\/\/viqtor.eu\/#organization","name":"viqtor.eu","url":"https:\/\/viqtor.eu\/","logo":{"@type":"ImageObject","inLanguage":"it-IT","@id":"https:\/\/viqtor.eu\/#\/schema\/logo\/image\/","url":"https:\/\/viqtor.eu\/wp-content\/uploads\/2023\/06\/favicon-noir.svg","contentUrl":"https:\/\/viqtor.eu\/wp-content\/uploads\/2023\/06\/favicon-noir.svg","width":108,"height":86,"caption":"viqtor.eu"},"image":{"@id":"https:\/\/viqtor.eu\/#\/schema\/logo\/image\/"}},{"@type":"Person","@id":"https:\/\/viqtor.eu\/#\/schema\/person\/3dbd9cc82a28f6cf1695c92eda0099ad","name":"Bruno","image":{"@type":"ImageObject","inLanguage":"it-IT","@id":"https:\/\/viqtor.eu\/#\/schema\/person\/image\/","url":"https:\/\/secure.gravatar.com\/avatar\/e5a596f9489de15bfe046e97fb771f63589b601ca7e81ccc2bb9a23582f441a3?s=96&d=mm&r=g","contentUrl":"https:\/\/secure.gravatar.com\/avatar\/e5a596f9489de15bfe046e97fb771f63589b601ca7e81ccc2bb9a23582f441a3?s=96&d=mm&r=g","caption":"Bruno"},"sameAs":["https:\/\/exciting-panini.13-37-234-21.plesk.page"],"url":"https:\/\/viqtor.eu\/it\/author\/mouad_zxum2ebi\/"}]}},"_links":{"self":[{"href":"https:\/\/viqtor.eu\/it\/wp-json\/wp\/v2\/posts\/5811","targetHints":{"allow":["GET"]}}],"collection":[{"href":"https:\/\/viqtor.eu\/it\/wp-json\/wp\/v2\/posts"}],"about":[{"href":"https:\/\/viqtor.eu\/it\/wp-json\/wp\/v2\/types\/post"}],"author":[{"embeddable":true,"href":"https:\/\/viqtor.eu\/it\/wp-json\/wp\/v2\/users\/1"}],"replies":[{"embeddable":true,"href":"https:\/\/viqtor.eu\/it\/wp-json\/wp\/v2\/comments?post=5811"}],"version-history":[{"count":8,"href":"https:\/\/viqtor.eu\/it\/wp-json\/wp\/v2\/posts\/5811\/revisions"}],"predecessor-version":[{"id":12155,"href":"https:\/\/viqtor.eu\/it\/wp-json\/wp\/v2\/posts\/5811\/revisions\/12155"}],"wp:featuredmedia":[{"embeddable":true,"href":"https:\/\/viqtor.eu\/it\/wp-json\/wp\/v2\/media\/5835"}],"wp:attachment":[{"href":"https:\/\/viqtor.eu\/it\/wp-json\/wp\/v2\/media?parent=5811"}],"wp:term":[{"taxonomy":"category","embeddable":true,"href":"https:\/\/viqtor.eu\/it\/wp-json\/wp\/v2\/categories?post=5811"},{"taxonomy":"post_tag","embeddable":true,"href":"https:\/\/viqtor.eu\/it\/wp-json\/wp\/v2\/tags?post=5811"}],"curies":[{"name":"wp","href":"https:\/\/api.w.org\/{rel}","templated":true}]}}