{"id":5793,"date":"2023-04-25T14:22:31","date_gmt":"2023-04-25T14:22:31","guid":{"rendered":"https:\/\/exciting-panini.13-37-234-21.plesk.page\/?p=5793"},"modified":"2024-08-06T10:19:15","modified_gmt":"2024-08-06T10:19:15","slug":"focus-rgpd-et-employes-quel-cadre-legal","status":"publish","type":"post","link":"https:\/\/viqtor.eu\/it\/focus-rgpd-et-employes-quel-cadre-legal\/","title":{"rendered":"FOCUS GDPR e dipendenti: quale quadro giuridico?"},"content":{"rendered":"<div data-elementor-type=\"wp-post\" data-elementor-id=\"5793\" class=\"elementor elementor-5793\" data-elementor-post-type=\"post\">\n\t\t\t\t\t\t<section class=\"elementor-section elementor-top-section elementor-element elementor-element-c88e129 ot-traditional elementor-section-boxed elementor-section-height-default elementor-section-height-default\" data-id=\"c88e129\" data-element_type=\"section\">\n\t\t\t\t\t\t<div class=\"elementor-container elementor-column-gap-default\">\n\t\t\t\t\t<div class=\"elementor-column elementor-col-100 elementor-top-column elementor-element elementor-element-58c04a5 ot-flex-column-vertical\" data-id=\"58c04a5\" data-element_type=\"column\">\n\t\t\t<div class=\"elementor-widget-wrap elementor-element-populated\">\n\t\t\t\t\t\t<div class=\"elementor-element elementor-element-2c8cf17 elementor-widget elementor-widget-image\" data-id=\"2c8cf17\" data-element_type=\"widget\" data-widget_type=\"image.default\">\n\t\t\t\t<div class=\"elementor-widget-container\">\n\t\t\t\t\t\t\t\t\t\t\t\t\t<img fetchpriority=\"high\" decoding=\"async\" width=\"1000\" height=\"667\" src=\"https:\/\/viqtor.eu\/wp-content\/uploads\/2023\/04\/FOCUS-RGPD-et-employes-quel-cadre-legal.jpg\" class=\"attachment-full size-full wp-image-12106\" alt=\"FOCUS\u00a0RGPD et employ\u00e9s : quel cadre l\u00e9gal ?\" srcset=\"https:\/\/viqtor.eu\/wp-content\/uploads\/2023\/04\/FOCUS-RGPD-et-employes-quel-cadre-legal.jpg 1000w, https:\/\/viqtor.eu\/wp-content\/uploads\/2023\/04\/FOCUS-RGPD-et-employes-quel-cadre-legal-300x200.jpg 300w, https:\/\/viqtor.eu\/wp-content\/uploads\/2023\/04\/FOCUS-RGPD-et-employes-quel-cadre-legal-768x512.jpg 768w, https:\/\/viqtor.eu\/wp-content\/uploads\/2023\/04\/FOCUS-RGPD-et-employes-quel-cadre-legal-720x480.jpg 720w\" sizes=\"(max-width: 1000px) 100vw, 1000px\" \/>\t\t\t\t\t\t\t\t\t\t\t\t\t<\/div>\n\t\t\t\t<\/div>\n\t\t\t\t\t<\/div>\n\t\t<\/div>\n\t\t\t\t\t<\/div>\n\t\t<\/section>\n\t\t\t\t<section class=\"elementor-section elementor-top-section elementor-element elementor-element-0d49586 ot-traditional elementor-section-boxed elementor-section-height-default elementor-section-height-default\" data-id=\"0d49586\" data-element_type=\"section\">\n\t\t\t\t\t\t<div class=\"elementor-container elementor-column-gap-default\">\n\t\t\t\t\t<div class=\"elementor-column elementor-col-100 elementor-top-column elementor-element elementor-element-3ceadb1 ot-flex-column-vertical\" data-id=\"3ceadb1\" data-element_type=\"column\">\n\t\t\t<div class=\"elementor-widget-wrap elementor-element-populated\">\n\t\t\t\t\t\t<div class=\"elementor-element elementor-element-02877c6 elementor-widget elementor-widget-heading\" data-id=\"02877c6\" data-element_type=\"widget\" data-widget_type=\"heading.default\">\n\t\t\t\t<div class=\"elementor-widget-container\">\n\t\t\t<h1 class=\"elementor-heading-title elementor-size-default\">FOCUS GDPR e dipendenti: quale quadro giuridico?<\/h1>\t\t<\/div>\n\t\t\t\t<\/div>\n\t\t\t\t\t<\/div>\n\t\t<\/div>\n\t\t\t\t\t<\/div>\n\t\t<\/section>\n\t\t\t\t<section class=\"elementor-section elementor-top-section elementor-element elementor-element-47fc0bad ot-traditional elementor-section-boxed elementor-section-height-default elementor-section-height-default\" data-id=\"47fc0bad\" data-element_type=\"section\">\n\t\t\t\t\t\t<div class=\"elementor-container elementor-column-gap-default\">\n\t\t\t\t\t<div class=\"elementor-column elementor-col-100 elementor-top-column elementor-element elementor-element-4e959114 ot-flex-column-vertical\" data-id=\"4e959114\" data-element_type=\"column\">\n\t\t\t<div class=\"elementor-widget-wrap elementor-element-populated\">\n\t\t\t\t\t\t<div class=\"elementor-element elementor-element-77610382 elementor-widget elementor-widget-text-editor\" data-id=\"77610382\" data-element_type=\"widget\" data-widget_type=\"text-editor.default\">\n\t\t\t\t<div class=\"elementor-widget-container\">\n\t\t\t\t\t\t\t<!-- wp:paragraph -->\n<p><strong>Legal Watch \u2013 Maggio 2019.<br><\/strong><\/p>\n<!-- \/wp:paragraph -->\n\n<!-- wp:paragraph -->\n<p>Due casi recenti che hanno coinvolto un&#039;importante libreria online sollevano interrogativi sul margine di manovra concesso ai dipendenti nel trattamento dei dati personali dei clienti dell&#039;azienda.<\/p>\n<!-- \/wp:paragraph -->\n\n<!-- wp:paragraph -->\n<p>Sebbene il trattamento dei dati sia ormai regolamentato in dettaglio dalla legge e da numerose linee guida, siano esse quelle della CNIL o del Comitato europeo per la protezione dei dati (EDPB), le responsabilit\u00e0 all&#039;interno dell&#039;azienda stessa sollevano ancora molti interrogativi.<\/p>\n<!-- \/wp:paragraph -->\n\n<!-- wp:paragraph -->\n<p><strong>Qual \u00e8 la responsabilit\u00e0 del datore di lavoro in merito al trattamento dei dati personali da parte dei propri dipendenti? \u00c8 opportuno tenere a mente alcuni principi:<\/strong><\/p>\n<!-- \/wp:paragraph -->\n\n<!-- wp:paragraph -->\n<p>L&#039;ambito di applicazione del GDPR \u00e8 ampio[1]. Infatti, il trattamento automatizzato dei dati personali comprende le operazioni effettuate sui dati utilizzando software tradizionalmente utilizzati nelle aziende: database, posta elettronica, fogli di calcolo, ad esempio, nonch\u00e9, ove applicabile, il trattamento dei dati effettuato tramite software di elaborazione testi.<\/p>\n<!-- \/wp:paragraph -->\n\n<!-- wp:paragraph -->\n<p>La responsabilit\u00e0 delle azioni dei dipendenti ricade generalmente sul datore di lavoro ai sensi del Codice civile2 ma anche ai sensi del GDPR, poich\u00e9 il datore di lavoro \u00e8 il titolare del trattamento: \u00e8 il datore di lavoro che definisce i mezzi e le finalit\u00e0 del trattamento ai sensi della legge3.<\/p>\n<!-- \/wp:paragraph -->\n\n<!-- wp:paragraph -->\n<p>Per lo stesso motivo, il datore di lavoro sar\u00e0 responsabile in caso di violazione della sicurezza, anche se derivante dalle azioni di un dipendente, perch\u00e9 \u00e8 il datore di lavoro ad avere l&#039;obbligo di proteggere i dati all&#039;interno della propria azienda4.<\/p>\n<!-- \/wp:paragraph -->\n\n<!-- wp:paragraph -->\n<p>Se il datore di lavoro \u00e8 responsabile nei confronti di terzi, pu\u00f2 naturalmente agire contro il dipendente che ha agito illecitamente, in particolare per abuso di fiducia o frode, e irrogare una sanzione disciplinare o persino il licenziamento. Anche l&#039;accesso o il mantenimento fraudolento dell&#039;accesso a tutto o parte di un sistema di elaborazione dati automatizzato costituisce reato.<\/p>\n<!-- \/wp:paragraph -->\n\n<!-- wp:paragraph -->\n<p>Indipendentemente dalla responsabilit\u00e0 del datore di lavoro, anche il dipendente pu\u00f2 avere una propria responsabilit\u00e0 nei confronti del datore di lavoro, ma anche nei confronti di terzi: il dipendente che si discosta dalle istruzioni impartite dal datore di lavoro e persegue finalit\u00e0 proprie diventa egli stesso responsabile del trattamento ai sensi della legge (vedere l&#039;analisi del Gruppo di lavoro europeo sull&#039;articolo 29 6 \u2013 ora EDPB).<\/p>\n<!-- \/wp:paragraph -->\n\n<!-- wp:paragraph -->\n<p>Lo stesso vale se viola lo statuto informatico dell&#039;azienda per utilizzare i dati per proprio conto.<\/p>\n<!-- \/wp:paragraph -->\n\n<!-- wp:paragraph -->\n<p>In conclusione, \u00e8 fondamentale che il datore di lavoro adotti le seguenti precauzioni:<\/p>\n<!-- \/wp:paragraph -->\n\n<!-- wp:list -->\n<ul><!-- wp:list-item -->\n<li>Definire con precisione le finalit\u00e0 e le modalit\u00e0 del trattamento e portare tale quadro a conoscenza dei dipendenti<\/li>\n<!-- \/wp:list-item -->\n\n<!-- wp:list-item -->\n<li>Fategli firmare una clausola di riservatezza allegata al contratto di lavoro e una carta informatica<\/li>\n<!-- \/wp:list-item -->\n\n<!-- wp:list-item -->\n<li>Coinvolgere il DPO e il comitato aziendale nella preparazione di questi documenti.<\/li>\n<!-- \/wp:list-item --><\/ul>\n<!-- \/wp:list -->\n\n<!-- wp:paragraph -->\n<p>Tali precauzioni avranno il duplice vantaggio di tutelare meglio le persone i cui dati vengono trattati e di chiarire la responsabilit\u00e0 del datore di lavoro in caso di abuso.<\/p>\n<!-- \/wp:paragraph -->\n\n<!-- wp:paragraph -->\n<p>\u00c8 importante sottolineare che anche i dipendenti beneficiano della tutela della propria privacy e dei propri dati personali sul posto di lavoro. Questo aspetto sar\u00e0 oggetto di ulteriori sviluppi.<\/p>\n<!-- \/wp:paragraph -->\n\n<!-- wp:paragraph -->\n<p><strong>E inoltre:<\/strong><\/p>\n<!-- \/wp:paragraph -->\n\n<!-- wp:paragraph -->\n<p><strong>In Francia:<\/strong><\/p>\n<!-- \/wp:paragraph -->\n\n<!-- wp:paragraph -->\n<p>Il 15 aprile la CNIL ha pubblicato il suo rapporto di attivit\u00e0 e ha annunciato che incentrer\u00e0 i suoi futuri audit sul rispetto dei diritti delle persone, sul trattamento dei dati dei minori e sulla ripartizione delle responsabilit\u00e0 tra il titolare del trattamento e il subappaltatore.<\/p>\n<!-- \/wp:paragraph -->\n\n<!-- wp:paragraph -->\n<p>Ora presieduta da Marie-Laure Denis, la CNIL ha un nuovo collegio.<\/p>\n<!-- \/wp:paragraph -->\n\n<!-- wp:paragraph -->\n<p><strong>In Europa:<\/strong><\/p>\n<!-- \/wp:paragraph -->\n\n<!-- wp:paragraph -->\n<p>Il 12 aprile, il Comitato europeo per la protezione dei dati (EDPB) ha adottato linee guida sulla raccolta dei dati nel contesto dei servizi della societ\u00e0 dell&#039;informazione, concentrandosi in particolare sulla base giuridica per la raccolta nel contesto di un rapporto contrattuale con il cliente (articolo 6 (1) (B) GDPR). Il testo \u00e8 soggetto a consultazione pubblica fino al 24 maggio.<\/p>\n<!-- \/wp:paragraph -->\n\n<!-- wp:paragraph -->\n<p><strong>Nel mondo:<\/strong><\/p>\n<!-- \/wp:paragraph -->\n\n<!-- wp:paragraph -->\n<p>La Nigeria adotta una legge sulla protezione dei dati simile al GDPR.<\/p>\n<!-- \/wp:paragraph -->\n\n<!-- wp:paragraph -->\n<p><\/p>\n<!-- \/wp:paragraph -->\n\n<!-- wp:paragraph {\"fontSize\":\"small\"} -->\n<p class=\"has-small-font-size\"><em>1 Articoli 2.1. e 4 1) e 2) GDPR.<\/em><\/p>\n<!-- \/wp:paragraph -->\n\n<!-- wp:paragraph {\"fontSize\":\"small\"} -->\n<p class=\"has-small-font-size\"><em>2<\/em><em> Si vedano in particolare l&#039;articolo 1242 comma 1 e comma 5 del Codice civile.<\/em><\/p>\n<!-- \/wp:paragraph -->\n\n<!-- wp:paragraph {\"fontSize\":\"small\"} -->\n<p class=\"has-small-font-size\"><em>3<\/em><em> Articolo 4.7) GDPR.<\/em><\/p>\n<!-- \/wp:paragraph -->\n\n<!-- wp:paragraph {\"fontSize\":\"small\"} -->\n<p class=\"has-small-font-size\"><em>4<\/em><em> Articolo 32 GDPR.<\/em><\/p>\n<!-- \/wp:paragraph -->\n\n<!-- wp:paragraph {\"fontSize\":\"small\"} -->\n<p class=\"has-small-font-size\"><em>5 Articolo 323-1 del Codice penale.<\/em><\/p>\n<!-- \/wp:paragraph -->\n\n<!-- wp:paragraph {\"fontSize\":\"small\"} -->\n<p class=\"has-small-font-size\">6 Pagina 16<\/p>\n<!-- \/wp:paragraph -->\t\t\t\t\t\t<\/div>\n\t\t\t\t<\/div>\n\t\t\t\t\t<\/div>\n\t\t<\/div>\n\t\t\t\t\t<\/div>\n\t\t<\/section>\n\t\t\t\t<section class=\"elementor-section elementor-top-section elementor-element elementor-element-19ebbed ot-traditional elementor-section-boxed elementor-section-height-default elementor-section-height-default\" data-id=\"19ebbed\" data-element_type=\"section\">\n\t\t\t\t\t\t<div class=\"elementor-container elementor-column-gap-default\">\n\t\t\t\t\t<div class=\"elementor-column elementor-col-100 elementor-top-column elementor-element elementor-element-e89a65a ot-flex-column-vertical\" data-id=\"e89a65a\" data-element_type=\"column\">\n\t\t\t<div class=\"elementor-widget-wrap elementor-element-populated\">\n\t\t\t\t\t\t<div class=\"elementor-element elementor-element-60622b2 elementor-align-center elementor-widget elementor-widget-button\" data-id=\"60622b2\" data-element_type=\"widget\" data-widget_type=\"button.default\">\n\t\t\t\t<div class=\"elementor-widget-container\">\n\t\t\t\t\t<div class=\"elementor-button-wrapper\">\n\t\t\t<a class=\"elementor-button elementor-button-link elementor-size-lg\" href=\"https:\/\/app.viqtor.eu\/\">\n\t\t\t\t\t\t<span class=\"elementor-button-content-wrapper\">\n\t\t\t\t\t\t<span class=\"elementor-button-icon\">\n\t\t\t\t<i aria-hidden=\"true\" class=\"fas fa-long-arrow-alt-right\"><\/i>\t\t\t<\/span>\n\t\t\t\t\t\t\t\t\t<span class=\"elementor-button-text\">Scopri Viqtor\u00ae<\/span>\n\t\t\t\t\t<\/span>\n\t\t\t\t\t<\/a>\n\t\t<\/div>\n\t\t\t\t<\/div>\n\t\t\t\t<\/div>\n\t\t\t\t\t<\/div>\n\t\t<\/div>\n\t\t\t\t\t<\/div>\n\t\t<\/section>\n\t\t\t\t<\/div>","protected":false},"excerpt":{"rendered":"<p>FOCUS GDPR e dipendenti: quale quadro giuridico? Legal Watch \u2013 Maggio 2019. Due recenti casi che hanno coinvolto un&#039;importante libreria online sollevano la questione del margine di discrezionalit\u00e0 dei dipendenti nel trattamento dei dati personali dei clienti dell&#039;azienda. Sebbene il trattamento dei dati sia attualmente regolamentato [\u2026]<\/p>","protected":false},"author":1,"featured_media":5855,"comment_status":"closed","ping_status":"open","sticky":false,"template":"elementor_header_footer","format":"standard","meta":{"_acf_changed":false,"footnotes":""},"categories":[35],"tags":[],"class_list":["post-5793","post","type-post","status-publish","format-standard","has-post-thumbnail","hentry","category-veille-juridique"],"acf":[],"yoast_head":"<!-- This site is optimized with the Yoast SEO plugin v23.6 - https:\/\/yoast.com\/wordpress\/plugins\/seo\/ -->\n<title>FOCUS\u00a0RGPD et employ\u00e9s : quel cadre l\u00e9gal ? - Viqtor<\/title>\n<meta name=\"description\" content=\"FOCUS\u00a0RGPD et employ\u00e9s : quel cadre l\u00e9gal ? - Viqtor\" \/>\n<meta name=\"robots\" content=\"index, follow, max-snippet:-1, max-image-preview:large, max-video-preview:-1\" \/>\n<link rel=\"canonical\" href=\"https:\/\/viqtor.eu\/it\/focus-rgpd-et-employes-quel-cadre-legal\/\" \/>\n<meta property=\"og:locale\" content=\"it_IT\" \/>\n<meta property=\"og:type\" content=\"article\" \/>\n<meta property=\"og:title\" content=\"FOCUS\u00a0RGPD et employ\u00e9s : quel cadre l\u00e9gal ? - Viqtor\" \/>\n<meta property=\"og:description\" content=\"FOCUS\u00a0RGPD et employ\u00e9s : quel cadre l\u00e9gal ? - Viqtor\" \/>\n<meta property=\"og:url\" content=\"https:\/\/viqtor.eu\/it\/focus-rgpd-et-employes-quel-cadre-legal\/\" \/>\n<meta property=\"og:site_name\" content=\"Viqtor\" \/>\n<meta property=\"article:published_time\" content=\"2023-04-25T14:22:31+00:00\" \/>\n<meta property=\"article:modified_time\" content=\"2024-08-06T10:19:15+00:00\" \/>\n<meta property=\"og:image\" content=\"https:\/\/viqtor.eu\/wp-content\/uploads\/2026\/04\/widget-viqtor.png\" \/>\n\t<meta property=\"og:image:width\" content=\"1000\" \/>\n\t<meta property=\"og:image:height\" content=\"667\" \/>\n\t<meta property=\"og:image:type\" content=\"image\/jpeg\" \/>\n<meta name=\"author\" content=\"Bruno\" \/>\n<meta name=\"twitter:card\" content=\"summary_large_image\" \/>\n<meta name=\"twitter:label1\" content=\"Scritto da\" \/>\n\t<meta name=\"twitter:data1\" content=\"Bruno\" \/>\n\t<meta name=\"twitter:label2\" content=\"Tempo di lettura stimato\" \/>\n\t<meta name=\"twitter:data2\" content=\"4 minuti\" \/>\n<script type=\"application\/ld+json\" class=\"yoast-schema-graph\">{\"@context\":\"https:\/\/schema.org\",\"@graph\":[{\"@type\":\"Article\",\"@id\":\"https:\/\/viqtor.eu\/focus-rgpd-et-employes-quel-cadre-legal\/#article\",\"isPartOf\":{\"@id\":\"https:\/\/viqtor.eu\/focus-rgpd-et-employes-quel-cadre-legal\/\"},\"author\":{\"name\":\"Bruno\",\"@id\":\"https:\/\/viqtor.eu\/#\/schema\/person\/3dbd9cc82a28f6cf1695c92eda0099ad\"},\"headline\":\"FOCUS\u00a0RGPD et employ\u00e9s : quel cadre l\u00e9gal ?\",\"datePublished\":\"2023-04-25T14:22:31+00:00\",\"dateModified\":\"2024-08-06T10:19:15+00:00\",\"mainEntityOfPage\":{\"@id\":\"https:\/\/viqtor.eu\/focus-rgpd-et-employes-quel-cadre-legal\/\"},\"wordCount\":793,\"publisher\":{\"@id\":\"https:\/\/viqtor.eu\/#organization\"},\"image\":{\"@id\":\"https:\/\/viqtor.eu\/focus-rgpd-et-employes-quel-cadre-legal\/#primaryimage\"},\"thumbnailUrl\":\"https:\/\/viqtor.eu\/wp-content\/uploads\/2023\/04\/shutterstock_1779834572.jpg\",\"articleSection\":[\"Veille juridique\"],\"inLanguage\":\"it-IT\"},{\"@type\":\"WebPage\",\"@id\":\"https:\/\/viqtor.eu\/focus-rgpd-et-employes-quel-cadre-legal\/\",\"url\":\"https:\/\/viqtor.eu\/focus-rgpd-et-employes-quel-cadre-legal\/\",\"name\":\"FOCUS\u00a0RGPD et employ\u00e9s : quel cadre l\u00e9gal ? - Viqtor\",\"isPartOf\":{\"@id\":\"https:\/\/viqtor.eu\/#website\"},\"primaryImageOfPage\":{\"@id\":\"https:\/\/viqtor.eu\/focus-rgpd-et-employes-quel-cadre-legal\/#primaryimage\"},\"image\":{\"@id\":\"https:\/\/viqtor.eu\/focus-rgpd-et-employes-quel-cadre-legal\/#primaryimage\"},\"thumbnailUrl\":\"https:\/\/viqtor.eu\/wp-content\/uploads\/2023\/04\/shutterstock_1779834572.jpg\",\"datePublished\":\"2023-04-25T14:22:31+00:00\",\"dateModified\":\"2024-08-06T10:19:15+00:00\",\"description\":\"FOCUS\u00a0RGPD et employ\u00e9s : quel cadre l\u00e9gal ? - Viqtor\",\"breadcrumb\":{\"@id\":\"https:\/\/viqtor.eu\/focus-rgpd-et-employes-quel-cadre-legal\/#breadcrumb\"},\"inLanguage\":\"it-IT\",\"potentialAction\":[{\"@type\":\"ReadAction\",\"target\":[\"https:\/\/viqtor.eu\/focus-rgpd-et-employes-quel-cadre-legal\/\"]}]},{\"@type\":\"ImageObject\",\"inLanguage\":\"it-IT\",\"@id\":\"https:\/\/viqtor.eu\/focus-rgpd-et-employes-quel-cadre-legal\/#primaryimage\",\"url\":\"https:\/\/viqtor.eu\/wp-content\/uploads\/2023\/04\/shutterstock_1779834572.jpg\",\"contentUrl\":\"https:\/\/viqtor.eu\/wp-content\/uploads\/2023\/04\/shutterstock_1779834572.jpg\",\"width\":1000,\"height\":667,\"caption\":\"FOCUS RGPD et employ\u00e9s : quel cadre l\u00e9gal ?\"},{\"@type\":\"BreadcrumbList\",\"@id\":\"https:\/\/viqtor.eu\/focus-rgpd-et-employes-quel-cadre-legal\/#breadcrumb\",\"itemListElement\":[{\"@type\":\"ListItem\",\"position\":1,\"name\":\"Accueil\",\"item\":\"https:\/\/viqtor.eu\/\"},{\"@type\":\"ListItem\",\"position\":2,\"name\":\"FOCUS\u00a0RGPD et employ\u00e9s : quel cadre l\u00e9gal ?\"}]},{\"@type\":\"WebSite\",\"@id\":\"https:\/\/viqtor.eu\/#website\",\"url\":\"https:\/\/viqtor.eu\/\",\"name\":\"Viqtor\",\"description\":\"Faites du RGPD une opportunit\u00e9 pour votre entreprise.\",\"publisher\":{\"@id\":\"https:\/\/viqtor.eu\/#organization\"},\"potentialAction\":[{\"@type\":\"SearchAction\",\"target\":{\"@type\":\"EntryPoint\",\"urlTemplate\":\"https:\/\/viqtor.eu\/?s={search_term_string}\"},\"query-input\":{\"@type\":\"PropertyValueSpecification\",\"valueRequired\":true,\"valueName\":\"search_term_string\"}}],\"inLanguage\":\"it-IT\"},{\"@type\":\"Organization\",\"@id\":\"https:\/\/viqtor.eu\/#organization\",\"name\":\"viqtor.eu\",\"url\":\"https:\/\/viqtor.eu\/\",\"logo\":{\"@type\":\"ImageObject\",\"inLanguage\":\"it-IT\",\"@id\":\"https:\/\/viqtor.eu\/#\/schema\/logo\/image\/\",\"url\":\"https:\/\/viqtor.eu\/wp-content\/uploads\/2023\/06\/favicon-noir.svg\",\"contentUrl\":\"https:\/\/viqtor.eu\/wp-content\/uploads\/2023\/06\/favicon-noir.svg\",\"width\":108,\"height\":86,\"caption\":\"viqtor.eu\"},\"image\":{\"@id\":\"https:\/\/viqtor.eu\/#\/schema\/logo\/image\/\"}},{\"@type\":\"Person\",\"@id\":\"https:\/\/viqtor.eu\/#\/schema\/person\/3dbd9cc82a28f6cf1695c92eda0099ad\",\"name\":\"Bruno\",\"image\":{\"@type\":\"ImageObject\",\"inLanguage\":\"it-IT\",\"@id\":\"https:\/\/viqtor.eu\/#\/schema\/person\/image\/\",\"url\":\"https:\/\/secure.gravatar.com\/avatar\/e5a596f9489de15bfe046e97fb771f63589b601ca7e81ccc2bb9a23582f441a3?s=96&d=mm&r=g\",\"contentUrl\":\"https:\/\/secure.gravatar.com\/avatar\/e5a596f9489de15bfe046e97fb771f63589b601ca7e81ccc2bb9a23582f441a3?s=96&d=mm&r=g\",\"caption\":\"Bruno\"},\"sameAs\":[\"https:\/\/exciting-panini.13-37-234-21.plesk.page\"],\"url\":\"https:\/\/viqtor.eu\/it\/author\/mouad_zxum2ebi\/\"}]}<\/script>\n<!-- \/ Yoast SEO plugin. -->","yoast_head_json":{"title":"FOCUS\u00a0RGPD et employ\u00e9s : quel cadre l\u00e9gal ? - Viqtor","description":"FOCUS\u00a0RGPD et employ\u00e9s : quel cadre l\u00e9gal ? - Viqtor","robots":{"index":"index","follow":"follow","max-snippet":"max-snippet:-1","max-image-preview":"max-image-preview:large","max-video-preview":"max-video-preview:-1"},"canonical":"https:\/\/viqtor.eu\/it\/focus-rgpd-et-employes-quel-cadre-legal\/","og_locale":"it_IT","og_type":"article","og_title":"FOCUS\u00a0RGPD et employ\u00e9s : quel cadre l\u00e9gal ? - Viqtor","og_description":"FOCUS\u00a0RGPD et employ\u00e9s : quel cadre l\u00e9gal ? - Viqtor","og_url":"https:\/\/viqtor.eu\/it\/focus-rgpd-et-employes-quel-cadre-legal\/","og_site_name":"Viqtor","article_published_time":"2023-04-25T14:22:31+00:00","article_modified_time":"2024-08-06T10:19:15+00:00","og_image":[{"width":1000,"height":667,"url":"https:\/\/viqtor.eu\/wp-content\/uploads\/2026\/04\/widget-viqtor.png","type":"image\/jpeg"}],"author":"Bruno","twitter_card":"summary_large_image","twitter_misc":{"Scritto da":"Bruno","Tempo di lettura stimato":"4 minuti"},"schema":{"@context":"https:\/\/schema.org","@graph":[{"@type":"Article","@id":"https:\/\/viqtor.eu\/focus-rgpd-et-employes-quel-cadre-legal\/#article","isPartOf":{"@id":"https:\/\/viqtor.eu\/focus-rgpd-et-employes-quel-cadre-legal\/"},"author":{"name":"Bruno","@id":"https:\/\/viqtor.eu\/#\/schema\/person\/3dbd9cc82a28f6cf1695c92eda0099ad"},"headline":"FOCUS\u00a0RGPD et employ\u00e9s : quel cadre l\u00e9gal ?","datePublished":"2023-04-25T14:22:31+00:00","dateModified":"2024-08-06T10:19:15+00:00","mainEntityOfPage":{"@id":"https:\/\/viqtor.eu\/focus-rgpd-et-employes-quel-cadre-legal\/"},"wordCount":793,"publisher":{"@id":"https:\/\/viqtor.eu\/#organization"},"image":{"@id":"https:\/\/viqtor.eu\/focus-rgpd-et-employes-quel-cadre-legal\/#primaryimage"},"thumbnailUrl":"https:\/\/viqtor.eu\/wp-content\/uploads\/2023\/04\/shutterstock_1779834572.jpg","articleSection":["Veille juridique"],"inLanguage":"it-IT"},{"@type":"WebPage","@id":"https:\/\/viqtor.eu\/focus-rgpd-et-employes-quel-cadre-legal\/","url":"https:\/\/viqtor.eu\/focus-rgpd-et-employes-quel-cadre-legal\/","name":"FOCUS\u00a0RGPD et employ\u00e9s : quel cadre l\u00e9gal ? - Viqtor","isPartOf":{"@id":"https:\/\/viqtor.eu\/#website"},"primaryImageOfPage":{"@id":"https:\/\/viqtor.eu\/focus-rgpd-et-employes-quel-cadre-legal\/#primaryimage"},"image":{"@id":"https:\/\/viqtor.eu\/focus-rgpd-et-employes-quel-cadre-legal\/#primaryimage"},"thumbnailUrl":"https:\/\/viqtor.eu\/wp-content\/uploads\/2023\/04\/shutterstock_1779834572.jpg","datePublished":"2023-04-25T14:22:31+00:00","dateModified":"2024-08-06T10:19:15+00:00","description":"FOCUS\u00a0RGPD et employ\u00e9s : quel cadre l\u00e9gal ? - Viqtor","breadcrumb":{"@id":"https:\/\/viqtor.eu\/focus-rgpd-et-employes-quel-cadre-legal\/#breadcrumb"},"inLanguage":"it-IT","potentialAction":[{"@type":"ReadAction","target":["https:\/\/viqtor.eu\/focus-rgpd-et-employes-quel-cadre-legal\/"]}]},{"@type":"ImageObject","inLanguage":"it-IT","@id":"https:\/\/viqtor.eu\/focus-rgpd-et-employes-quel-cadre-legal\/#primaryimage","url":"https:\/\/viqtor.eu\/wp-content\/uploads\/2023\/04\/shutterstock_1779834572.jpg","contentUrl":"https:\/\/viqtor.eu\/wp-content\/uploads\/2023\/04\/shutterstock_1779834572.jpg","width":1000,"height":667,"caption":"FOCUS RGPD et employ\u00e9s : quel cadre l\u00e9gal ?"},{"@type":"BreadcrumbList","@id":"https:\/\/viqtor.eu\/focus-rgpd-et-employes-quel-cadre-legal\/#breadcrumb","itemListElement":[{"@type":"ListItem","position":1,"name":"Accueil","item":"https:\/\/viqtor.eu\/"},{"@type":"ListItem","position":2,"name":"FOCUS\u00a0RGPD et employ\u00e9s : quel cadre l\u00e9gal ?"}]},{"@type":"WebSite","@id":"https:\/\/viqtor.eu\/#website","url":"https:\/\/viqtor.eu\/","name":"Viqtor","description":"Faites du RGPD une opportunit\u00e9 pour votre entreprise.","publisher":{"@id":"https:\/\/viqtor.eu\/#organization"},"potentialAction":[{"@type":"SearchAction","target":{"@type":"EntryPoint","urlTemplate":"https:\/\/viqtor.eu\/?s={search_term_string}"},"query-input":{"@type":"PropertyValueSpecification","valueRequired":true,"valueName":"search_term_string"}}],"inLanguage":"it-IT"},{"@type":"Organization","@id":"https:\/\/viqtor.eu\/#organization","name":"viqtor.eu","url":"https:\/\/viqtor.eu\/","logo":{"@type":"ImageObject","inLanguage":"it-IT","@id":"https:\/\/viqtor.eu\/#\/schema\/logo\/image\/","url":"https:\/\/viqtor.eu\/wp-content\/uploads\/2023\/06\/favicon-noir.svg","contentUrl":"https:\/\/viqtor.eu\/wp-content\/uploads\/2023\/06\/favicon-noir.svg","width":108,"height":86,"caption":"viqtor.eu"},"image":{"@id":"https:\/\/viqtor.eu\/#\/schema\/logo\/image\/"}},{"@type":"Person","@id":"https:\/\/viqtor.eu\/#\/schema\/person\/3dbd9cc82a28f6cf1695c92eda0099ad","name":"Bruno","image":{"@type":"ImageObject","inLanguage":"it-IT","@id":"https:\/\/viqtor.eu\/#\/schema\/person\/image\/","url":"https:\/\/secure.gravatar.com\/avatar\/e5a596f9489de15bfe046e97fb771f63589b601ca7e81ccc2bb9a23582f441a3?s=96&d=mm&r=g","contentUrl":"https:\/\/secure.gravatar.com\/avatar\/e5a596f9489de15bfe046e97fb771f63589b601ca7e81ccc2bb9a23582f441a3?s=96&d=mm&r=g","caption":"Bruno"},"sameAs":["https:\/\/exciting-panini.13-37-234-21.plesk.page"],"url":"https:\/\/viqtor.eu\/it\/author\/mouad_zxum2ebi\/"}]}},"_links":{"self":[{"href":"https:\/\/viqtor.eu\/it\/wp-json\/wp\/v2\/posts\/5793","targetHints":{"allow":["GET"]}}],"collection":[{"href":"https:\/\/viqtor.eu\/it\/wp-json\/wp\/v2\/posts"}],"about":[{"href":"https:\/\/viqtor.eu\/it\/wp-json\/wp\/v2\/types\/post"}],"author":[{"embeddable":true,"href":"https:\/\/viqtor.eu\/it\/wp-json\/wp\/v2\/users\/1"}],"replies":[{"embeddable":true,"href":"https:\/\/viqtor.eu\/it\/wp-json\/wp\/v2\/comments?post=5793"}],"version-history":[{"count":7,"href":"https:\/\/viqtor.eu\/it\/wp-json\/wp\/v2\/posts\/5793\/revisions"}],"predecessor-version":[{"id":12110,"href":"https:\/\/viqtor.eu\/it\/wp-json\/wp\/v2\/posts\/5793\/revisions\/12110"}],"wp:featuredmedia":[{"embeddable":true,"href":"https:\/\/viqtor.eu\/it\/wp-json\/wp\/v2\/media\/5855"}],"wp:attachment":[{"href":"https:\/\/viqtor.eu\/it\/wp-json\/wp\/v2\/media?parent=5793"}],"wp:term":[{"taxonomy":"category","embeddable":true,"href":"https:\/\/viqtor.eu\/it\/wp-json\/wp\/v2\/categories?post=5793"},{"taxonomy":"post_tag","embeddable":true,"href":"https:\/\/viqtor.eu\/it\/wp-json\/wp\/v2\/tags?post=5793"}],"curies":[{"name":"wp","href":"https:\/\/api.w.org\/{rel}","templated":true}]}}