{"id":5493,"date":"2023-04-19T13:18:17","date_gmt":"2023-04-19T13:18:17","guid":{"rendered":"https:\/\/exciting-panini.13-37-234-21.plesk.page\/?p=5493"},"modified":"2024-07-26T16:04:19","modified_gmt":"2024-07-26T16:04:19","slug":"metaverse-fashion-week-dans-decentraland","status":"publish","type":"post","link":"https:\/\/viqtor.eu\/it\/metaverse-fashion-week-dans-decentraland\/","title":{"rendered":"Metaverse Fashion Week a Decentraland, uno dei mondi virtuali pi\u00f9 popolari."},"content":{"rendered":"<div data-elementor-type=\"wp-post\" data-elementor-id=\"5493\" class=\"elementor elementor-5493\" data-elementor-post-type=\"post\">\n\t\t\t\t\t\t<section class=\"elementor-section elementor-top-section elementor-element elementor-element-54961bf ot-traditional elementor-section-boxed elementor-section-height-default elementor-section-height-default\" data-id=\"54961bf\" data-element_type=\"section\">\n\t\t\t\t\t\t<div class=\"elementor-container elementor-column-gap-default\">\n\t\t\t\t\t<div class=\"elementor-column elementor-col-100 elementor-top-column elementor-element elementor-element-ec4612d ot-flex-column-vertical\" data-id=\"ec4612d\" data-element_type=\"column\">\n\t\t\t<div class=\"elementor-widget-wrap elementor-element-populated\">\n\t\t\t\t\t\t<div class=\"elementor-element elementor-element-b3e5461 elementor-widget elementor-widget-image\" data-id=\"b3e5461\" data-element_type=\"widget\" data-widget_type=\"image.default\">\n\t\t\t\t<div class=\"elementor-widget-container\">\n\t\t\t\t\t\t\t\t\t\t\t\t\t<img fetchpriority=\"high\" decoding=\"async\" width=\"500\" height=\"334\" src=\"https:\/\/viqtor.eu\/wp-content\/uploads\/2023\/04\/Metaverse-Fashion-Week-dans-Decentraland-lun-des-mondes-virtuels-les-plus-populaires.jpg\" class=\"attachment-full size-full wp-image-12021\" alt=\"Metaverse Fashion Week dans Decentraland, l&#039;un des mondes virtuels les plus populaires.\" srcset=\"https:\/\/viqtor.eu\/wp-content\/uploads\/2023\/04\/Metaverse-Fashion-Week-dans-Decentraland-lun-des-mondes-virtuels-les-plus-populaires.jpg 500w, https:\/\/viqtor.eu\/wp-content\/uploads\/2023\/04\/Metaverse-Fashion-Week-dans-Decentraland-lun-des-mondes-virtuels-les-plus-populaires-300x200.jpg 300w\" sizes=\"(max-width: 500px) 100vw, 500px\" \/>\t\t\t\t\t\t\t\t\t\t\t\t\t<\/div>\n\t\t\t\t<\/div>\n\t\t\t\t\t<\/div>\n\t\t<\/div>\n\t\t\t\t\t<\/div>\n\t\t<\/section>\n\t\t\t\t<section class=\"elementor-section elementor-top-section elementor-element elementor-element-647497d ot-traditional elementor-section-boxed elementor-section-height-default elementor-section-height-default\" data-id=\"647497d\" data-element_type=\"section\">\n\t\t\t\t\t\t<div class=\"elementor-container elementor-column-gap-default\">\n\t\t\t\t\t<div class=\"elementor-column elementor-col-100 elementor-top-column elementor-element elementor-element-a65d641 ot-flex-column-vertical\" data-id=\"a65d641\" data-element_type=\"column\">\n\t\t\t<div class=\"elementor-widget-wrap elementor-element-populated\">\n\t\t\t\t\t\t<div class=\"elementor-element elementor-element-496dcd1 elementor-widget elementor-widget-heading\" data-id=\"496dcd1\" data-element_type=\"widget\" data-widget_type=\"heading.default\">\n\t\t\t\t<div class=\"elementor-widget-container\">\n\t\t\t<h1 class=\"elementor-heading-title elementor-size-default\">Metaverse Fashion Week a Decentraland, uno dei mondi virtuali pi\u00f9 popolari.<\/h1>\t\t<\/div>\n\t\t\t\t<\/div>\n\t\t\t\t\t<\/div>\n\t\t<\/div>\n\t\t\t\t\t<\/div>\n\t\t<\/section>\n\t\t\t\t<section class=\"elementor-section elementor-top-section elementor-element elementor-element-5571fb82 ot-traditional elementor-section-boxed elementor-section-height-default elementor-section-height-default\" data-id=\"5571fb82\" data-element_type=\"section\">\n\t\t\t\t\t\t<div class=\"elementor-container elementor-column-gap-default\">\n\t\t\t\t\t<div class=\"elementor-column elementor-col-100 elementor-top-column elementor-element elementor-element-5d982d20 ot-flex-column-vertical\" data-id=\"5d982d20\" data-element_type=\"column\">\n\t\t\t<div class=\"elementor-widget-wrap elementor-element-populated\">\n\t\t\t\t\t\t<div class=\"elementor-element elementor-element-387bed9b elementor-widget elementor-widget-text-editor\" data-id=\"387bed9b\" data-element_type=\"widget\" data-widget_type=\"text-editor.default\">\n\t\t\t\t<div class=\"elementor-widget-container\">\n\t\t\t\t\t\t\t<!-- wp:paragraph -->\n<p>Osservatorio Legale n. 48 \u2013 <strong>Giugno 2022<\/strong><\/p>\n<!-- \/wp:paragraph -->\n\n<!-- wp:paragraph -->\n<p><strong>Il mondo nuovo<\/strong>Nel marzo 2022, l&#039;evento Metaverse Fashion Week si \u00e8 svolto a Decentraland, uno dei mondi virtuali pi\u00f9 popolari.<\/p>\n<!-- \/wp:paragraph -->\n\n<!-- wp:paragraph -->\n<p>Un concerto online trasmesso in streaming sulla piattaforma di gioco Fortnite ha recentemente attirato 12 milioni di spettatori.<\/p>\n<!-- \/wp:paragraph -->\n\n<!-- wp:paragraph -->\n<p>Oggi si sta sviluppando un mondo virtuale, le cui implicazioni umane, economiche e sociali non sono ancora state pienamente comprese.<\/p>\n<!-- \/wp:paragraph -->\n\n<!-- wp:paragraph -->\n<p>Secondo il rapporto pubblicato di recente dal Parlamento europeo su questo argomento, entro il 2026 il 25% delle persone trascorrer\u00e0 almeno un&#039;ora al giorno nel metaverso per lavoro, shopping, istruzione, attivit\u00e0 sociali e\/o intrattenimento.<\/p>\n<!-- \/wp:paragraph -->\n\n<!-- wp:paragraph -->\n<p>Molte aziende commerciali hanno iniziato a sviluppare l\u00ec le proprie piattaforme, anche quando le loro attivit\u00e0 hanno solo un collegamento molto remoto con la tecnologia digitale.<\/p>\n<!-- \/wp:paragraph -->\n\n<!-- wp:paragraph -->\n<p>Il Metaverso pu\u00f2 essere descritto come un mondo virtuale 3D immersivo e costante in cui le persone interagiscono tramite un avatar per divertirsi, effettuare acquisti e transazioni o lavorare senza uscire di casa.<\/p>\n<!-- \/wp:paragraph -->\n\n<!-- wp:paragraph -->\n<p>L&#039;ecosistema del metaverso economico sfrutta le tecnologie blockchain e delle criptovalute, come i token non fungibili (NFT), per monetizzare le transazioni nell&#039;ambiente digitale.<\/p>\n<!-- \/wp:paragraph -->\n\n<!-- wp:paragraph -->\n<p>Questa evoluzione del web solleva molti interrogativi, in particolare per quanto riguarda l&#039;applicazione della legge.<\/p>\n<!-- \/wp:paragraph -->\n\n<!-- wp:paragraph -->\n<p>Come possiamo regolamentare concretamente le fusioni e le acquisizioni online, le molestie, le transazioni pi\u00f9 o meno legali effettuate in criptovalute, la raccolta massiccia di dati sul comportamento degli individui tramite i loro avatar o persino la sorveglianza degli individui online da parte delle forze dell&#039;ordine?<\/p>\n<!-- \/wp:paragraph -->\n\n<!-- wp:paragraph -->\n<p>La posta in gioco \u00e8 alta per quanto riguarda il GDPR, come evidenziato in un recente articolo pubblicato il 20 maggio sul quotidiano Le Monde, e come sottolinea il Parlamento europeo, data la qualit\u00e0 e la quantit\u00e0 senza precedenti dei dati raccolti.<\/p>\n<!-- \/wp:paragraph -->\n\n<!-- wp:paragraph -->\n<p>Possono includere espressioni facciali, gesti o altri tipi di reazioni fisiche o emotive che un avatar pu\u00f2 produrre durante le interazioni, in tempo reale e senza esserne consapevole.<\/p>\n<!-- \/wp:paragraph -->\n\n<!-- wp:paragraph -->\n<p>In questo modo \u00e8 possibile raccogliere dati sensibili, come quelli biometrici.<\/p>\n<!-- \/wp:paragraph -->\n\n<!-- wp:paragraph -->\n<p>Queste informazioni consentiranno, ad esempio, alle aziende di comprendere meglio il comportamento degli utenti e di adattare le campagne pubblicitarie in modo altamente mirato.<\/p>\n<!-- \/wp:paragraph -->\n\n<!-- wp:paragraph -->\n<p>Le regole esistenti sono adattate a questo nuovo universo?<\/p>\n<!-- \/wp:paragraph -->\n\n<!-- wp:paragraph -->\n<p>Come possiamo ottenere il consenso degli individui a tale raccolta di dati e chi \u00e8 responsabile della raccolta, in un ambiente in cui i ruoli sono molteplici e in cui \u00e8 ancora pi\u00f9 difficile identificare il titolare del trattamento dei dati?<\/p>\n<!-- \/wp:paragraph -->\n\n<!-- wp:paragraph -->\n<p>Come gestire le interazioni con l&#039;intelligenza artificiale, insite nel funzionamento del Metaverso, e le decisioni automatizzate che ne derivano?<\/p>\n<!-- \/wp:paragraph -->\n\n<!-- wp:paragraph -->\n<p>Si stanno esplorando diverse strade, basate non solo sul GDPR, ma anche sulle proposte di regolamenti europei in materia di intelligenza artificiale e governance dei dati.<\/p>\n<!-- \/wp:paragraph -->\n\n<!-- wp:paragraph -->\n<p>Vogliamo menzionare il ruolo degli intermediari dei dati, che potrebbero centralizzare le autorizzazioni degli utenti in merito all&#039;utilizzo dei loro dati.<\/p>\n<!-- \/wp:paragraph -->\n\n<!-- wp:paragraph -->\n<p>La proposta di regolamento sulla governance dei dati prevede la protezione degli spazi di dati personali, o portafogli di dati, regolamentando la condivisione dei dati e controllando il consenso degli individui.<\/p>\n<!-- \/wp:paragraph -->\n\n<!-- wp:paragraph -->\n<p>Tuttavia, nella misura in cui gli intermediari utilizzano l&#039;intelligenza artificiale nella gestione dei dati, sono necessarie misure di salvaguardia per prevenire appropriazioni indebite e abusi.<\/p>\n<!-- \/wp:paragraph -->\n\n<!-- wp:paragraph -->\n<p>\u00c8 opportuno ricordare che queste due proposte di regolamento sono state oggetto di osservazioni da parte del Garante europeo e del Comitato europeo per la protezione dei dati, che insistono sul rispetto del principio di finalit\u00e0 nell&#039;uso dei dati e chiedono misure che prevedano maggiori controlli e garanzie per l&#039;interessato, ad esempio codici di condotta o meccanismi di certificazione.<\/p>\n<!-- \/wp:paragraph -->\n\n<!-- wp:paragraph -->\n<p>Le autorit\u00e0 hanno inoltre riserve sul punteggio sociale nel contesto dei social network in generale, e ancor di pi\u00f9 nel Metaverso.<\/p>\n<!-- \/wp:paragraph -->\n\n<!-- wp:paragraph -->\n<p>Particolare attenzione dovrebbe essere prestata anche alla tutela dei gruppi vulnerabili, in particolare dei bambini, per verificarne l&#039;et\u00e0 e scoraggiarli dal fornire i propri dati personali.<\/p>\n<!-- \/wp:paragraph -->\n\n<!-- wp:paragraph -->\n<p>Altri ancora sostengono un Metaverso aperto e decentralizzato, controllato dagli utenti stessi sotto forma di organizzazioni autonome decentralizzate (DAO).<\/p>\n<!-- \/wp:paragraph -->\n\n<!-- wp:paragraph -->\n<p>In questo tipo di modello, a differenza di un modello aziendale centralizzato, gli utenti avrebbero un maggiore controllo sui propri dati e sulla loro condivisione.<\/p>\n<!-- \/wp:paragraph -->\n\n<!-- wp:paragraph -->\n<p>Anche in questo caso, oltre alle linee guida normative, codici di condotta e meccanismi di certificazione contribuirebbero a una maggiore certezza del diritto.<\/p>\n<!-- \/wp:paragraph -->\n\n<!-- wp:paragraph -->\n<p>Alcune risposte a molte domande...<\/p>\n<!-- \/wp:paragraph -->\n\n<!-- wp:paragraph -->\n<p>In ogni caso, l&#039;applicazione della legge non potr\u00e0 essere realizzata senza una maggiore responsabilit\u00e0 da parte degli attori interessati.<\/p>\n<!-- \/wp:paragraph -->\n\n<!-- wp:paragraph -->\n<p><strong>E anche<\/strong><\/p>\n<!-- \/wp:paragraph -->\n\n<!-- wp:paragraph -->\n<p><strong>Francia:<\/strong><\/p>\n<!-- \/wp:paragraph -->\n\n<!-- wp:paragraph -->\n<p><strong>Il 7 giugno la CNIL ha pubblicato domande e risposte sull&#039;utilizzo di Google Analytics.<\/strong><\/p>\n<!-- \/wp:paragraph -->\n\n<!-- wp:paragraph -->\n<p>La Commissione ha ordinato a diverse organizzazioni di conformarsi al GDPR, poich\u00e9 nessuna delle garanzie aggiuntive presentate \u00e8 stata sufficiente a impedire ai servizi segreti statunitensi di accedere ai dati personali degli utenti europei.<\/p>\n<!-- \/wp:paragraph -->\n\n<!-- wp:paragraph -->\n<p>Una soluzione che consenta l&#039;uso di un proxy per evitare qualsiasi contatto diretto tra il terminale dell&#039;utente di Internet e i server dello strumento di misurazione potrebbe, secondo lei, essere possibile, se tale server soddisfa una serie di criteri conformi alle raccomandazioni del Comitato europeo per la protezione dei dati (EDPB), pubblicate il 18 giugno 2021.<\/p>\n<!-- \/wp:paragraph -->\n\n<!-- wp:paragraph -->\n<p><strong>Il Consiglio di Stato ha confermato che la CNIL era competente a imporre sanzioni al di fuori del meccanismo dello sportello unico europeo.<\/strong><\/p>\n<!-- \/wp:paragraph -->\n\n<!-- wp:paragraph -->\n<p>Il caso in questione riguarda la societ\u00e0 Amazon online France, che ha una sede sul territorio francese e tratta i dati di persone residenti in Francia.<\/p>\n<!-- \/wp:paragraph -->\n\n<!-- wp:paragraph -->\n<p>Confermata quindi la multa da 35 milioni di euro comminata nel 2020, che sanzionava l&#039;utilizzo di cookie senza il consenso dell&#039;utente.<\/p>\n<!-- \/wp:paragraph -->\n\n<!-- wp:paragraph -->\n<p><strong>Il 30 giugno la CNIL ha inflitto una sanzione di 1 milione di euro alla societ\u00e0 Total Energies Electricit\u00e9 et Gaz de France. <\/strong>in particolare per non aver rispettato gli obblighi in materia di prospezione commerciale e i diritti delle persone fisiche<strong>.<\/strong><\/p>\n<!-- \/wp:paragraph -->\n\n<!-- wp:paragraph -->\n<p>Il 13 giugno la CNIL ha avviato uno studio sui dati di geolocalizzazione raccolti dalle applicazioni mobili.<\/p>\n<!-- \/wp:paragraph -->\n\n<!-- wp:paragraph -->\n<p>Come annunciato nel suo piano strategico 2022-2024, la CNIL desidera sensibilizzare il pubblico e i professionisti sulle problematiche legate alla raccolta di dati di geolocalizzazione tramite applicazioni mobili.<\/p>\n<!-- \/wp:paragraph -->\n\n<!-- wp:paragraph -->\n<p>Si tratta anche di verificare la conformit\u00e0 al GDPR dei professionisti del settore della ricerca commerciale.<\/p>\n<!-- \/wp:paragraph -->\n\n<!-- wp:paragraph -->\n<p><strong>Europa:<\/strong><\/p>\n<!-- \/wp:paragraph -->\n\n<!-- wp:paragraph -->\n<p><strong>Il Garante europeo della protezione dei dati (GEPD) esprime preoccupazione in merito alle modifiche al regolamento Europol, entrate in vigore il 28 giugno 2022.<\/strong><\/p>\n<!-- \/wp:paragraph -->\n\n<!-- wp:paragraph -->\n<p>Il GEPD sottolinea che tali misure indeboliscono il diritto fondamentale alla protezione dei dati, non garantiscono un&#039;adeguata supervisione dell&#039;agenzia e ampliano significativamente il mandato di Europol per quanto riguarda lo scambio di dati personali con soggetti privati, l&#039;uso dell&#039;intelligenza artificiale e l&#039;elaborazione di grandi set di dati.<\/p>\n<!-- \/wp:paragraph -->\n\n<!-- wp:paragraph -->\n<p>Il 14 giugno, il Comitato europeo per la protezione dei dati (<strong>EDPB<\/strong>) ha pubblicato la sua risposta al <strong>Consultazione della Commissione europea sulla creazione di un euro digitale.<\/strong><\/p>\n<!-- \/wp:paragraph -->\n\n<!-- wp:paragraph -->\n<p>Il 16 giugno, il<strong>EDPB<\/strong> ha adottato linee guida sulla <strong>la certificazione come strumento per il trasferimento dei dati personali <\/strong>verso paesi terzi che non garantiscono un livello di protezione adeguato.<\/p>\n<!-- \/wp:paragraph -->\n\n<!-- wp:paragraph -->\n<p>La conferenza organizzata a giugno dal<strong>GEPD<\/strong>, seguito online e di persona da pi\u00f9 di 2.000 persone, si \u00e8 concluso con osservazioni critiche riguardanti la <strong>Cooperazione europea nelle indagini.<\/strong><\/p>\n<!-- \/wp:paragraph -->\n\n<!-- wp:paragraph -->\n<p>Per il GEPD, qualsiasi buon modello dovrebbe includere solidi meccanismi di collegialit\u00e0 e le indagini strategiche potrebbero essere condotte a livello centrale, il che supererebbe &quot;i problemi derivanti da legislazioni nazionali incompatibili o da tentativi di armonizzazione disparati&quot;.<\/p>\n<!-- \/wp:paragraph -->\n\n<!-- wp:paragraph -->\n<p>IL <strong>Consiglio d&#039;Europa<\/strong> pubblica uno studio sul <strong>Spyware Pegasus<\/strong> e il suo impatto sui diritti fondamentali. Va ricordato che questo spyware \u00e8 anche oggetto di un&#039;indagine da parte del Parlamento europeo.<\/p>\n<!-- \/wp:paragraph -->\n\n<!-- wp:paragraph -->\n<p>IL <strong>Rete di cooperazione per la tutela dei consumatori<\/strong> (CPC), in collaborazione con le autorit\u00e0 di protezione dei dati, ha approvato 5 principi chiave per un <strong>pubblicit\u00e0 corretta rivolta ai bambini<\/strong>S.<\/p>\n<!-- \/wp:paragraph -->\n\n<!-- wp:paragraph -->\n<p>IL<strong> Incaricato federale della protezione dei dati e della trasparenza (IFPDT)<\/strong> ha consigliato alla Suva (Fondazione nazionale svizzera di assicurazione contro gli infortuni, che fornisce copertura sanitaria ai suoi dipendenti) di <strong>riconsiderare la sua decisione di esternalizzare il trattamento dei suoi dati personali negli Stati Uniti<\/strong>s \u2013 pi\u00f9 precisamente nel servizio cloud di Microsoft, anche se i dati sono ospitati su un server MS in Svizzera.<\/p>\n<!-- \/wp:paragraph -->\n\n<!-- wp:paragraph -->\n<p>I trasferimenti fuori dall&#039;Europa sono al centro anche della recente decisione della <strong>Il Consiglio di Stato del Belgio ha sospeso la decisione di scegliere un contraente americano <\/strong>nell&#039;ambito di una procedura di appalto pubblico, in quanto tale autorit\u00e0 non ha esaminato a sufficienza se il contraente rispettasse i requisiti del GDPR, in particolare le disposizioni relative ai trasferimenti.<\/p>\n<!-- \/wp:paragraph -->\n\n<!-- wp:paragraph -->\n<p>La decisione mette in discussione anche l&#039;ulteriore elaborazione da parte di un&#039;altra societ\u00e0, Smart Analytics, con sede in Russia (tramite GDPRhub).<\/p>\n<!-- \/wp:paragraph -->\n\n<!-- wp:paragraph -->\n<p>Dieci associazioni di consumatori, sotto il coordinamento dell&#039; <strong>Organizzazione europea dei consumatori (BEUC)<\/strong>, ha annunciato il 30 giugno che sta adottando misure per garantire che Google rispetti la legge: il colosso della tecnologia indirizzer\u00e0 i consumatori al suo sistema di tracciamento quando si registrano per un account Google, invece di fornire la protezione dei loro dati per impostazione predefinita e in base alla progettazione, come richiesto dal GDPR.<\/p>\n<!-- \/wp:paragraph -->\n\n<!-- wp:paragraph -->\n<p><strong>La riforma post-Brexit della legislazione britannica sulla protezione dei dati ha raggiunto una nuova tappa fondamentale il 17 giugno, con la risposta definitiva del governo alla consultazione pubblica.<\/strong><\/p>\n<!-- \/wp:paragraph -->\n\n<!-- wp:paragraph -->\n<p>Il documento include diverse riforme, come l&#039;eliminazione dell&#039;obbligo di nominare un responsabile della protezione dei dati, la sostituzione del requisito del consenso con il diritto di opporsi al tracciamento degli utenti di Internet e modifiche al funzionamento dell&#039;Information Commissioner&#039;s Office.<\/p>\n<!-- \/wp:paragraph -->\n\n<!-- wp:paragraph -->\n<p><strong>APS finlandese<\/strong> ha ordinato a un ospedale di eliminare la cronologia dei dipendenti, i registri delle posizioni e altri dati personali generati dalla funzionalit\u00e0 di registrazione della posizione predefinita in Windows 10.<\/p>\n<!-- \/wp:paragraph -->\n\n<!-- wp:paragraph -->\n<p>Questa impostazione viola il principio di &quot;protezione dei dati per impostazione predefinita&quot; dell&#039;articolo 25(2) del GDPR (tramite GDPRhub).&nbsp;<\/p>\n<!-- \/wp:paragraph -->\n\n<!-- wp:paragraph -->\n<p><strong>L&#039;autorit\u00e0 italiana per la protezione dei dati personali ha multato un ospedale di 70.000 euro per aver messo in copia i destinatari di due newsletter mediche.<\/strong> invece di CCI, rivelare i propri dati personali (inclusi i dati sanitari) a tutti i destinatari senza una base giuridica (tramite GDPRhub).<\/p>\n<!-- \/wp:paragraph -->\n\n<!-- wp:paragraph -->\n<p><strong>Sullo stesso argomento, l&#039;APS della Romania<\/strong> ha inoltre multato di 1.000 euro un subappaltatore responsabile dell&#039;implementazione di una campagna di marketing per aver inviato un&#039;e-mail di marketing a 27 persone senza nascondere i loro indirizzi e-mail.<\/p>\n<!-- \/wp:paragraph -->\n\n<!-- wp:paragraph -->\n<p>Ricordiamolo <strong>Il 29 aprile, in un caso simile, il Belgio ha stabilito che l&#039;invio di un&#039;e-mail di questo tipo non costituisce una violazione della sicurezza quando sono coinvolte meno di 16 persone.<\/strong><\/p>\n<!-- \/wp:paragraph -->\n\n<!-- wp:paragraph -->\n<p><strong>Internazionale:<\/strong><\/p>\n<!-- \/wp:paragraph -->\n\n<!-- wp:paragraph -->\n<p><strong>Russia: <\/strong>Un tribunale di Mosca ha multato Google di 15 milioni di rubli per il ripetuto mancato rispetto della norma sulla localizzazione dei dati.<\/p>\n<!-- \/wp:paragraph -->\n\n<!-- wp:paragraph -->\n<p>Google era gi\u00e0 stata oggetto di una sanzione amministrativa nel 2021 per aver violato lo stesso principio della legge russa sui dati personali, che obbliga le aziende a conservare i dati personali dei cittadini russi sul territorio della Federazione Russa.<strong>.<\/strong><\/p>\n<!-- \/wp:paragraph -->\n\n<!-- wp:paragraph -->\n<p><strong>STATI UNITI: <\/strong>Le implicazioni della sentenza Roe vs. Wade della Corte Suprema si estendono alle questioni relative alla privacy dei dati.&nbsp;<\/p>\n<!-- \/wp:paragraph -->\n\n<!-- wp:paragraph -->\n<p>La domanda riguarda l&#039;atteggiamento dei giganti della tecnologia nei confronti dell&#039;accesso delle autorit\u00e0 ai dati sulla fertilit\u00e0.<\/p>\n<!-- \/wp:paragraph -->\n\n<!-- wp:paragraph -->\n<p>Questi dati possono essere rivelati tramite fonti quali la cronologia del browser, le ricerche, i registri di posta elettronica e di testo, l&#039;uso di app per la fertilit\u00e0 e altri prodotti commerciali con cui molti utenti interagiscono quotidianamente.<\/p>\n<!-- \/wp:paragraph -->\n\n<!-- wp:paragraph -->\n<p>Come riportato da The Register, questo tipo di informazioni \u00e8 gi\u00e0 stato utilizzato dalle forze dell&#039;ordine come prova in casi legati all&#039;aborto.<\/p>\n<!-- \/wp:paragraph -->\n\n<!-- wp:paragraph -->\n<p><strong>Cina: <\/strong>Il New York Times pubblica un&#039;inchiesta che cita centinaia di documenti che descrivono in dettaglio il software acquistato dalla Cina per setacciare i suoi vasti database di sorveglianza e prevedere chi diventer\u00e0 un sospettato o un potenziale piantagrane.<\/p>\n<!-- \/wp:paragraph -->\n\n<!-- wp:paragraph -->\n<p><strong>In Canada, <\/strong>Dal 16 giugno, una Carta dei diritti digitali tutela i diritti dei consumatori e i dati personali e regolamenta l&#039;intelligenza artificiale.<strong>.<\/strong><\/p>\n<!-- \/wp:paragraph -->\n\n<!-- wp:paragraph -->\n<p>Anna Cristina Lacoste<\/p>\n<!-- \/wp:paragraph -->\n\n<!-- wp:paragraph -->\n<p><em>Partner dello studio legale Olivier Weber Avocat, Anne Christine Lacoste \u00e8 un avvocato specializzato in diritto dei dati; \u00e8 stata responsabile delle relazioni internazionali presso il Garante europeo della protezione dei dati e ha lavorato all&#039;attuazione del GDPR nell&#039;Unione europea.<\/em><\/p>\n<!-- \/wp:paragraph -->\t\t\t\t\t\t<\/div>\n\t\t\t\t<\/div>\n\t\t\t\t\t<\/div>\n\t\t<\/div>\n\t\t\t\t\t<\/div>\n\t\t<\/section>\n\t\t\t\t<section class=\"elementor-section elementor-top-section elementor-element elementor-element-9692fee ot-traditional elementor-section-boxed elementor-section-height-default elementor-section-height-default\" data-id=\"9692fee\" data-element_type=\"section\">\n\t\t\t\t\t\t<div class=\"elementor-container elementor-column-gap-default\">\n\t\t\t\t\t<div class=\"elementor-column elementor-col-100 elementor-top-column elementor-element elementor-element-c17bbb4 ot-flex-column-vertical\" data-id=\"c17bbb4\" data-element_type=\"column\">\n\t\t\t<div class=\"elementor-widget-wrap elementor-element-populated\">\n\t\t\t\t\t\t<div class=\"elementor-element elementor-element-f387214 elementor-align-center elementor-widget elementor-widget-button\" data-id=\"f387214\" data-element_type=\"widget\" data-widget_type=\"button.default\">\n\t\t\t\t<div class=\"elementor-widget-container\">\n\t\t\t\t\t<div class=\"elementor-button-wrapper\">\n\t\t\t<a class=\"elementor-button elementor-button-link elementor-size-lg\" href=\"https:\/\/app.viqtor.eu\/\">\n\t\t\t\t\t\t<span class=\"elementor-button-content-wrapper\">\n\t\t\t\t\t\t<span class=\"elementor-button-icon\">\n\t\t\t\t<i aria-hidden=\"true\" class=\"fas fa-long-arrow-alt-right\"><\/i>\t\t\t<\/span>\n\t\t\t\t\t\t\t\t\t<span class=\"elementor-button-text\">Scopri Viqtor\u00ae<\/span>\n\t\t\t\t\t<\/span>\n\t\t\t\t\t<\/a>\n\t\t<\/div>\n\t\t\t\t<\/div>\n\t\t\t\t<\/div>\n\t\t\t\t\t<\/div>\n\t\t<\/div>\n\t\t\t\t\t<\/div>\n\t\t<\/section>\n\t\t\t\t<\/div>","protected":false},"excerpt":{"rendered":"<p>Metaverse Fashion Week a Decentraland, uno dei mondi virtuali pi\u00f9 popolari. Legal Watch n. 48 - Giugno 2022 Brave New World. A marzo 2022, l&#039;evento Metaverse Fashion Week si \u00e8 svolto a Decentraland, uno dei mondi virtuali pi\u00f9 popolari. Un concerto online trasmesso in streaming sulla piattaforma di gioco Fortnite [\u2026]<\/p>","protected":false},"author":1,"featured_media":5659,"comment_status":"closed","ping_status":"open","sticky":false,"template":"elementor_header_footer","format":"standard","meta":{"_acf_changed":false,"footnotes":""},"categories":[35],"tags":[],"class_list":["post-5493","post","type-post","status-publish","format-standard","has-post-thumbnail","hentry","category-veille-juridique"],"acf":[],"yoast_head":"<!-- This site is optimized with the Yoast SEO plugin v23.6 - https:\/\/yoast.com\/wordpress\/plugins\/seo\/ -->\n<title>Metaverse Fashion Week dans Decentraland, l&#039;un des mondes virtuels les plus populaires. - Viqtor<\/title>\n<meta name=\"description\" content=\"Metaverse Fashion Week dans Decentraland, l&#039;un des mondes virtuels les plus populaires. Veille juridique - Viqtor\" \/>\n<meta name=\"robots\" content=\"index, follow, max-snippet:-1, max-image-preview:large, max-video-preview:-1\" \/>\n<link rel=\"canonical\" href=\"https:\/\/viqtor.eu\/it\/metaverse-fashion-week-dans-decentraland\/\" \/>\n<meta property=\"og:locale\" content=\"it_IT\" \/>\n<meta property=\"og:type\" content=\"article\" \/>\n<meta property=\"og:title\" content=\"Metaverse Fashion Week dans Decentraland, l&#039;un des mondes virtuels les plus populaires. - Viqtor\" \/>\n<meta property=\"og:description\" content=\"Metaverse Fashion Week dans Decentraland, l&#039;un des mondes virtuels les plus populaires. Veille juridique - Viqtor\" \/>\n<meta property=\"og:url\" content=\"https:\/\/viqtor.eu\/it\/metaverse-fashion-week-dans-decentraland\/\" \/>\n<meta property=\"og:site_name\" content=\"Viqtor\" \/>\n<meta property=\"article:published_time\" content=\"2023-04-19T13:18:17+00:00\" \/>\n<meta property=\"article:modified_time\" content=\"2024-07-26T16:04:19+00:00\" \/>\n<meta property=\"og:image\" content=\"https:\/\/viqtor.eu\/wp-content\/uploads\/2026\/04\/widget-viqtor.png\" \/>\n\t<meta property=\"og:image:width\" content=\"500\" \/>\n\t<meta property=\"og:image:height\" content=\"334\" \/>\n\t<meta property=\"og:image:type\" content=\"image\/jpeg\" \/>\n<meta name=\"author\" content=\"Bruno\" \/>\n<meta name=\"twitter:card\" content=\"summary_large_image\" \/>\n<meta name=\"twitter:label1\" content=\"Scritto da\" \/>\n\t<meta name=\"twitter:data1\" content=\"Bruno\" \/>\n\t<meta name=\"twitter:label2\" content=\"Tempo di lettura stimato\" \/>\n\t<meta name=\"twitter:data2\" content=\"11 minuti\" \/>\n<script type=\"application\/ld+json\" class=\"yoast-schema-graph\">{\"@context\":\"https:\/\/schema.org\",\"@graph\":[{\"@type\":\"Article\",\"@id\":\"https:\/\/viqtor.eu\/metaverse-fashion-week-dans-decentraland\/#article\",\"isPartOf\":{\"@id\":\"https:\/\/viqtor.eu\/metaverse-fashion-week-dans-decentraland\/\"},\"author\":{\"name\":\"Bruno\",\"@id\":\"https:\/\/viqtor.eu\/#\/schema\/person\/3dbd9cc82a28f6cf1695c92eda0099ad\"},\"headline\":\"Metaverse Fashion Week dans Decentraland, l&rsquo;un des mondes virtuels les plus populaires.\",\"datePublished\":\"2023-04-19T13:18:17+00:00\",\"dateModified\":\"2024-07-26T16:04:19+00:00\",\"mainEntityOfPage\":{\"@id\":\"https:\/\/viqtor.eu\/metaverse-fashion-week-dans-decentraland\/\"},\"wordCount\":2428,\"publisher\":{\"@id\":\"https:\/\/viqtor.eu\/#organization\"},\"image\":{\"@id\":\"https:\/\/viqtor.eu\/metaverse-fashion-week-dans-decentraland\/#primaryimage\"},\"thumbnailUrl\":\"https:\/\/viqtor.eu\/wp-content\/uploads\/2023\/04\/shutterstock_1944426163.jpg\",\"articleSection\":[\"Veille juridique\"],\"inLanguage\":\"it-IT\"},{\"@type\":\"WebPage\",\"@id\":\"https:\/\/viqtor.eu\/metaverse-fashion-week-dans-decentraland\/\",\"url\":\"https:\/\/viqtor.eu\/metaverse-fashion-week-dans-decentraland\/\",\"name\":\"Metaverse Fashion Week dans Decentraland, l'un des mondes virtuels les plus populaires. - Viqtor\",\"isPartOf\":{\"@id\":\"https:\/\/viqtor.eu\/#website\"},\"primaryImageOfPage\":{\"@id\":\"https:\/\/viqtor.eu\/metaverse-fashion-week-dans-decentraland\/#primaryimage\"},\"image\":{\"@id\":\"https:\/\/viqtor.eu\/metaverse-fashion-week-dans-decentraland\/#primaryimage\"},\"thumbnailUrl\":\"https:\/\/viqtor.eu\/wp-content\/uploads\/2023\/04\/shutterstock_1944426163.jpg\",\"datePublished\":\"2023-04-19T13:18:17+00:00\",\"dateModified\":\"2024-07-26T16:04:19+00:00\",\"description\":\"Metaverse Fashion Week dans Decentraland, l'un des mondes virtuels les plus populaires. Veille juridique - Viqtor\",\"breadcrumb\":{\"@id\":\"https:\/\/viqtor.eu\/metaverse-fashion-week-dans-decentraland\/#breadcrumb\"},\"inLanguage\":\"it-IT\",\"potentialAction\":[{\"@type\":\"ReadAction\",\"target\":[\"https:\/\/viqtor.eu\/metaverse-fashion-week-dans-decentraland\/\"]}]},{\"@type\":\"ImageObject\",\"inLanguage\":\"it-IT\",\"@id\":\"https:\/\/viqtor.eu\/metaverse-fashion-week-dans-decentraland\/#primaryimage\",\"url\":\"https:\/\/viqtor.eu\/wp-content\/uploads\/2023\/04\/shutterstock_1944426163.jpg\",\"contentUrl\":\"https:\/\/viqtor.eu\/wp-content\/uploads\/2023\/04\/shutterstock_1944426163.jpg\",\"width\":500,\"height\":334},{\"@type\":\"BreadcrumbList\",\"@id\":\"https:\/\/viqtor.eu\/metaverse-fashion-week-dans-decentraland\/#breadcrumb\",\"itemListElement\":[{\"@type\":\"ListItem\",\"position\":1,\"name\":\"Accueil\",\"item\":\"https:\/\/viqtor.eu\/\"},{\"@type\":\"ListItem\",\"position\":2,\"name\":\"Metaverse Fashion Week dans Decentraland, l&rsquo;un des mondes virtuels les plus populaires.\"}]},{\"@type\":\"WebSite\",\"@id\":\"https:\/\/viqtor.eu\/#website\",\"url\":\"https:\/\/viqtor.eu\/\",\"name\":\"Viqtor\",\"description\":\"Faites du RGPD une opportunit\u00e9 pour votre entreprise.\",\"publisher\":{\"@id\":\"https:\/\/viqtor.eu\/#organization\"},\"potentialAction\":[{\"@type\":\"SearchAction\",\"target\":{\"@type\":\"EntryPoint\",\"urlTemplate\":\"https:\/\/viqtor.eu\/?s={search_term_string}\"},\"query-input\":{\"@type\":\"PropertyValueSpecification\",\"valueRequired\":true,\"valueName\":\"search_term_string\"}}],\"inLanguage\":\"it-IT\"},{\"@type\":\"Organization\",\"@id\":\"https:\/\/viqtor.eu\/#organization\",\"name\":\"viqtor.eu\",\"url\":\"https:\/\/viqtor.eu\/\",\"logo\":{\"@type\":\"ImageObject\",\"inLanguage\":\"it-IT\",\"@id\":\"https:\/\/viqtor.eu\/#\/schema\/logo\/image\/\",\"url\":\"https:\/\/viqtor.eu\/wp-content\/uploads\/2023\/06\/favicon-noir.svg\",\"contentUrl\":\"https:\/\/viqtor.eu\/wp-content\/uploads\/2023\/06\/favicon-noir.svg\",\"width\":108,\"height\":86,\"caption\":\"viqtor.eu\"},\"image\":{\"@id\":\"https:\/\/viqtor.eu\/#\/schema\/logo\/image\/\"}},{\"@type\":\"Person\",\"@id\":\"https:\/\/viqtor.eu\/#\/schema\/person\/3dbd9cc82a28f6cf1695c92eda0099ad\",\"name\":\"Bruno\",\"image\":{\"@type\":\"ImageObject\",\"inLanguage\":\"it-IT\",\"@id\":\"https:\/\/viqtor.eu\/#\/schema\/person\/image\/\",\"url\":\"https:\/\/secure.gravatar.com\/avatar\/e5a596f9489de15bfe046e97fb771f63589b601ca7e81ccc2bb9a23582f441a3?s=96&d=mm&r=g\",\"contentUrl\":\"https:\/\/secure.gravatar.com\/avatar\/e5a596f9489de15bfe046e97fb771f63589b601ca7e81ccc2bb9a23582f441a3?s=96&d=mm&r=g\",\"caption\":\"Bruno\"},\"sameAs\":[\"https:\/\/exciting-panini.13-37-234-21.plesk.page\"],\"url\":\"https:\/\/viqtor.eu\/it\/author\/mouad_zxum2ebi\/\"}]}<\/script>\n<!-- \/ Yoast SEO plugin. -->","yoast_head_json":{"title":"Metaverse Fashion Week dans Decentraland, l'un des mondes virtuels les plus populaires. - Viqtor","description":"Metaverse Fashion Week dans Decentraland, l'un des mondes virtuels les plus populaires. Veille juridique - Viqtor","robots":{"index":"index","follow":"follow","max-snippet":"max-snippet:-1","max-image-preview":"max-image-preview:large","max-video-preview":"max-video-preview:-1"},"canonical":"https:\/\/viqtor.eu\/it\/metaverse-fashion-week-dans-decentraland\/","og_locale":"it_IT","og_type":"article","og_title":"Metaverse Fashion Week dans Decentraland, l'un des mondes virtuels les plus populaires. - Viqtor","og_description":"Metaverse Fashion Week dans Decentraland, l'un des mondes virtuels les plus populaires. Veille juridique - Viqtor","og_url":"https:\/\/viqtor.eu\/it\/metaverse-fashion-week-dans-decentraland\/","og_site_name":"Viqtor","article_published_time":"2023-04-19T13:18:17+00:00","article_modified_time":"2024-07-26T16:04:19+00:00","og_image":[{"width":500,"height":334,"url":"https:\/\/viqtor.eu\/wp-content\/uploads\/2026\/04\/widget-viqtor.png","type":"image\/jpeg"}],"author":"Bruno","twitter_card":"summary_large_image","twitter_misc":{"Scritto da":"Bruno","Tempo di lettura stimato":"11 minuti"},"schema":{"@context":"https:\/\/schema.org","@graph":[{"@type":"Article","@id":"https:\/\/viqtor.eu\/metaverse-fashion-week-dans-decentraland\/#article","isPartOf":{"@id":"https:\/\/viqtor.eu\/metaverse-fashion-week-dans-decentraland\/"},"author":{"name":"Bruno","@id":"https:\/\/viqtor.eu\/#\/schema\/person\/3dbd9cc82a28f6cf1695c92eda0099ad"},"headline":"Metaverse Fashion Week dans Decentraland, l&rsquo;un des mondes virtuels les plus populaires.","datePublished":"2023-04-19T13:18:17+00:00","dateModified":"2024-07-26T16:04:19+00:00","mainEntityOfPage":{"@id":"https:\/\/viqtor.eu\/metaverse-fashion-week-dans-decentraland\/"},"wordCount":2428,"publisher":{"@id":"https:\/\/viqtor.eu\/#organization"},"image":{"@id":"https:\/\/viqtor.eu\/metaverse-fashion-week-dans-decentraland\/#primaryimage"},"thumbnailUrl":"https:\/\/viqtor.eu\/wp-content\/uploads\/2023\/04\/shutterstock_1944426163.jpg","articleSection":["Veille juridique"],"inLanguage":"it-IT"},{"@type":"WebPage","@id":"https:\/\/viqtor.eu\/metaverse-fashion-week-dans-decentraland\/","url":"https:\/\/viqtor.eu\/metaverse-fashion-week-dans-decentraland\/","name":"Metaverse Fashion Week dans Decentraland, l'un des mondes virtuels les plus populaires. - Viqtor","isPartOf":{"@id":"https:\/\/viqtor.eu\/#website"},"primaryImageOfPage":{"@id":"https:\/\/viqtor.eu\/metaverse-fashion-week-dans-decentraland\/#primaryimage"},"image":{"@id":"https:\/\/viqtor.eu\/metaverse-fashion-week-dans-decentraland\/#primaryimage"},"thumbnailUrl":"https:\/\/viqtor.eu\/wp-content\/uploads\/2023\/04\/shutterstock_1944426163.jpg","datePublished":"2023-04-19T13:18:17+00:00","dateModified":"2024-07-26T16:04:19+00:00","description":"Metaverse Fashion Week dans Decentraland, l'un des mondes virtuels les plus populaires. Veille juridique - Viqtor","breadcrumb":{"@id":"https:\/\/viqtor.eu\/metaverse-fashion-week-dans-decentraland\/#breadcrumb"},"inLanguage":"it-IT","potentialAction":[{"@type":"ReadAction","target":["https:\/\/viqtor.eu\/metaverse-fashion-week-dans-decentraland\/"]}]},{"@type":"ImageObject","inLanguage":"it-IT","@id":"https:\/\/viqtor.eu\/metaverse-fashion-week-dans-decentraland\/#primaryimage","url":"https:\/\/viqtor.eu\/wp-content\/uploads\/2023\/04\/shutterstock_1944426163.jpg","contentUrl":"https:\/\/viqtor.eu\/wp-content\/uploads\/2023\/04\/shutterstock_1944426163.jpg","width":500,"height":334},{"@type":"BreadcrumbList","@id":"https:\/\/viqtor.eu\/metaverse-fashion-week-dans-decentraland\/#breadcrumb","itemListElement":[{"@type":"ListItem","position":1,"name":"Accueil","item":"https:\/\/viqtor.eu\/"},{"@type":"ListItem","position":2,"name":"Metaverse Fashion Week dans Decentraland, l&rsquo;un des mondes virtuels les plus populaires."}]},{"@type":"WebSite","@id":"https:\/\/viqtor.eu\/#website","url":"https:\/\/viqtor.eu\/","name":"Viqtor","description":"Faites du RGPD une opportunit\u00e9 pour votre entreprise.","publisher":{"@id":"https:\/\/viqtor.eu\/#organization"},"potentialAction":[{"@type":"SearchAction","target":{"@type":"EntryPoint","urlTemplate":"https:\/\/viqtor.eu\/?s={search_term_string}"},"query-input":{"@type":"PropertyValueSpecification","valueRequired":true,"valueName":"search_term_string"}}],"inLanguage":"it-IT"},{"@type":"Organization","@id":"https:\/\/viqtor.eu\/#organization","name":"viqtor.eu","url":"https:\/\/viqtor.eu\/","logo":{"@type":"ImageObject","inLanguage":"it-IT","@id":"https:\/\/viqtor.eu\/#\/schema\/logo\/image\/","url":"https:\/\/viqtor.eu\/wp-content\/uploads\/2023\/06\/favicon-noir.svg","contentUrl":"https:\/\/viqtor.eu\/wp-content\/uploads\/2023\/06\/favicon-noir.svg","width":108,"height":86,"caption":"viqtor.eu"},"image":{"@id":"https:\/\/viqtor.eu\/#\/schema\/logo\/image\/"}},{"@type":"Person","@id":"https:\/\/viqtor.eu\/#\/schema\/person\/3dbd9cc82a28f6cf1695c92eda0099ad","name":"Bruno","image":{"@type":"ImageObject","inLanguage":"it-IT","@id":"https:\/\/viqtor.eu\/#\/schema\/person\/image\/","url":"https:\/\/secure.gravatar.com\/avatar\/e5a596f9489de15bfe046e97fb771f63589b601ca7e81ccc2bb9a23582f441a3?s=96&d=mm&r=g","contentUrl":"https:\/\/secure.gravatar.com\/avatar\/e5a596f9489de15bfe046e97fb771f63589b601ca7e81ccc2bb9a23582f441a3?s=96&d=mm&r=g","caption":"Bruno"},"sameAs":["https:\/\/exciting-panini.13-37-234-21.plesk.page"],"url":"https:\/\/viqtor.eu\/it\/author\/mouad_zxum2ebi\/"}]}},"_links":{"self":[{"href":"https:\/\/viqtor.eu\/it\/wp-json\/wp\/v2\/posts\/5493","targetHints":{"allow":["GET"]}}],"collection":[{"href":"https:\/\/viqtor.eu\/it\/wp-json\/wp\/v2\/posts"}],"about":[{"href":"https:\/\/viqtor.eu\/it\/wp-json\/wp\/v2\/types\/post"}],"author":[{"embeddable":true,"href":"https:\/\/viqtor.eu\/it\/wp-json\/wp\/v2\/users\/1"}],"replies":[{"embeddable":true,"href":"https:\/\/viqtor.eu\/it\/wp-json\/wp\/v2\/comments?post=5493"}],"version-history":[{"count":8,"href":"https:\/\/viqtor.eu\/it\/wp-json\/wp\/v2\/posts\/5493\/revisions"}],"predecessor-version":[{"id":12028,"href":"https:\/\/viqtor.eu\/it\/wp-json\/wp\/v2\/posts\/5493\/revisions\/12028"}],"wp:featuredmedia":[{"embeddable":true,"href":"https:\/\/viqtor.eu\/it\/wp-json\/wp\/v2\/media\/5659"}],"wp:attachment":[{"href":"https:\/\/viqtor.eu\/it\/wp-json\/wp\/v2\/media?parent=5493"}],"wp:term":[{"taxonomy":"category","embeddable":true,"href":"https:\/\/viqtor.eu\/it\/wp-json\/wp\/v2\/categories?post=5493"},{"taxonomy":"post_tag","embeddable":true,"href":"https:\/\/viqtor.eu\/it\/wp-json\/wp\/v2\/tags?post=5493"}],"curies":[{"name":"wp","href":"https:\/\/api.w.org\/{rel}","templated":true}]}}