{"id":5482,"date":"2023-04-19T12:59:03","date_gmt":"2023-04-19T12:59:03","guid":{"rendered":"https:\/\/exciting-panini.13-37-234-21.plesk.page\/?p=5482"},"modified":"2024-07-26T11:08:07","modified_gmt":"2024-07-26T11:08:07","slug":"une-nouvelle-annee-sous-le-signe-de-lexpectative","status":"publish","type":"post","link":"https:\/\/viqtor.eu\/it\/une-nouvelle-annee-sous-le-signe-de-lexpectative\/","title":{"rendered":"Un nuovo anno sotto il segno dell&#039;attesa"},"content":{"rendered":"<div data-elementor-type=\"wp-post\" data-elementor-id=\"5482\" class=\"elementor elementor-5482\" data-elementor-post-type=\"post\">\n\t\t\t\t\t\t<section class=\"elementor-section elementor-top-section elementor-element elementor-element-66e4055 ot-traditional elementor-section-boxed elementor-section-height-default elementor-section-height-default\" data-id=\"66e4055\" data-element_type=\"section\">\n\t\t\t\t\t\t<div class=\"elementor-container elementor-column-gap-default\">\n\t\t\t\t\t<div class=\"elementor-column elementor-col-100 elementor-top-column elementor-element elementor-element-8910f96 ot-flex-column-vertical\" data-id=\"8910f96\" data-element_type=\"column\">\n\t\t\t<div class=\"elementor-widget-wrap elementor-element-populated\">\n\t\t\t\t\t\t<div class=\"elementor-element elementor-element-25af599 elementor-widget elementor-widget-image\" data-id=\"25af599\" data-element_type=\"widget\" data-widget_type=\"image.default\">\n\t\t\t\t<div class=\"elementor-widget-container\">\n\t\t\t\t\t\t\t\t\t\t\t\t\t<img fetchpriority=\"high\" decoding=\"async\" width=\"1000\" height=\"667\" src=\"https:\/\/viqtor.eu\/wp-content\/uploads\/2023\/04\/Une-nouvelle-annee-sous-le-signe-de-lexpectative.jpg\" class=\"attachment-full size-full wp-image-11968\" alt=\"Une nouvelle ann\u00e9e sous le signe de l\u2019expectative\" srcset=\"https:\/\/viqtor.eu\/wp-content\/uploads\/2023\/04\/Une-nouvelle-annee-sous-le-signe-de-lexpectative.jpg 1000w, https:\/\/viqtor.eu\/wp-content\/uploads\/2023\/04\/Une-nouvelle-annee-sous-le-signe-de-lexpectative-300x200.jpg 300w, https:\/\/viqtor.eu\/wp-content\/uploads\/2023\/04\/Une-nouvelle-annee-sous-le-signe-de-lexpectative-768x512.jpg 768w, https:\/\/viqtor.eu\/wp-content\/uploads\/2023\/04\/Une-nouvelle-annee-sous-le-signe-de-lexpectative-720x480.jpg 720w\" sizes=\"(max-width: 1000px) 100vw, 1000px\" \/>\t\t\t\t\t\t\t\t\t\t\t\t\t<\/div>\n\t\t\t\t<\/div>\n\t\t\t\t\t<\/div>\n\t\t<\/div>\n\t\t\t\t\t<\/div>\n\t\t<\/section>\n\t\t\t\t<section class=\"elementor-section elementor-top-section elementor-element elementor-element-a1d04bb ot-traditional elementor-section-boxed elementor-section-height-default elementor-section-height-default\" data-id=\"a1d04bb\" data-element_type=\"section\">\n\t\t\t\t\t\t<div class=\"elementor-container elementor-column-gap-default\">\n\t\t\t\t\t<div class=\"elementor-column elementor-col-100 elementor-top-column elementor-element elementor-element-9986493 ot-flex-column-vertical\" data-id=\"9986493\" data-element_type=\"column\">\n\t\t\t<div class=\"elementor-widget-wrap elementor-element-populated\">\n\t\t\t\t\t\t<div class=\"elementor-element elementor-element-12bd625 elementor-widget elementor-widget-heading\" data-id=\"12bd625\" data-element_type=\"widget\" data-widget_type=\"heading.default\">\n\t\t\t\t<div class=\"elementor-widget-container\">\n\t\t\t<h1 class=\"elementor-heading-title elementor-size-default\">Un nuovo anno sotto il segno dell&#039;attesa<\/h1>\t\t<\/div>\n\t\t\t\t<\/div>\n\t\t\t\t\t<\/div>\n\t\t<\/div>\n\t\t\t\t\t<\/div>\n\t\t<\/section>\n\t\t\t\t<section class=\"elementor-section elementor-top-section elementor-element elementor-element-3f193bf7 ot-traditional elementor-section-boxed elementor-section-height-default elementor-section-height-default\" data-id=\"3f193bf7\" data-element_type=\"section\">\n\t\t\t\t\t\t<div class=\"elementor-container elementor-column-gap-default\">\n\t\t\t\t\t<div class=\"elementor-column elementor-col-100 elementor-top-column elementor-element elementor-element-1cbcde6e ot-flex-column-vertical\" data-id=\"1cbcde6e\" data-element_type=\"column\">\n\t\t\t<div class=\"elementor-widget-wrap elementor-element-populated\">\n\t\t\t\t\t\t<div class=\"elementor-element elementor-element-3e836090 elementor-widget elementor-widget-text-editor\" data-id=\"3e836090\" data-element_type=\"widget\" data-widget_type=\"text-editor.default\">\n\t\t\t\t<div class=\"elementor-widget-container\">\n\t\t\t\t\t\t\t<!-- wp:paragraph -->\n<p>Osservatorio Legale n. 42 \u2013 <strong>Dicembre 202<\/strong>1<\/p>\n<!-- \/wp:paragraph -->\n\n<!-- wp:paragraph -->\n<p><strong>Un nuovo anno sotto il segno dell&#039;attesa<\/strong><\/p>\n<!-- \/wp:paragraph -->\n\n<!-- wp:paragraph -->\n<p>In materia di protezione dei dati, l&#039;anno che inizia non annuncia grandi novit\u00e0, ma piuttosto un&#039;evoluzione e forse decisioni strategiche su alcune questioni attuali.<\/p>\n<!-- \/wp:paragraph -->\n\n<!-- wp:paragraph -->\n<p>Concentriamoci su tre di essi: l&#039;attuazione del GDPR da parte delle autorit\u00e0 di controllo, le questioni sanitarie e la regolamentazione dei giganti digitali.<\/p>\n<!-- \/wp:paragraph -->\n\n<!-- wp:paragraph -->\n<p><strong>Uno dei temi ricorrenti dall&#039;entrata in vigore del GDPR riguarda la seriet\u00e0 della sua attuazione da parte delle autorit\u00e0 nazionali per la protezione dei dati.<\/strong> e il grande divario tra il numero e la severit\u00e0 delle sanzioni adottate, a seconda che il responsabile si trovi, ad esempio, in Irlanda o in Spagna.<\/p>\n<!-- \/wp:paragraph -->\n\n<!-- wp:paragraph -->\n<p>Quest&#039;ultimo Paese sembra essere uno di quelli che ha imposto il maggior numero di sanzioni, mentre il Lussemburgo e la CNIL possono esigere le multe pi\u00f9 elevate nei confronti di GAFAM (si ricordi la multa di 746 milioni di euro imposta dal Lussemburgo alla societ\u00e0 Amazon).<\/p>\n<!-- \/wp:paragraph -->\n\n<!-- wp:paragraph -->\n<p>All&#039;altro estremo dello spettro c&#039;\u00e8 l&#039;autorit\u00e0 irlandese per la protezione dei dati, che \u00e8 stata apertamente criticata da alcuni suoi pari, nonch\u00e9 dal vicepresidente della Commissione europea, per la sua lassit\u00e0 nei confronti dei principali operatori del web.<\/p>\n<!-- \/wp:paragraph -->\n\n<!-- wp:paragraph -->\n<p>Per rafforzare la coesione e l&#039;efficacia delle procedure di controllo in Europa, alcuni parlano di rafforzare i poteri del Comitato europeo per la protezione dei dati (EDPB).<\/p>\n<!-- \/wp:paragraph -->\n\n<!-- wp:paragraph -->\n<p>La questione sar\u00e0 affrontata in una conferenza organizzata dal Garante europeo della protezione dei dati il 16 e 17 giugno a Bruxelles.<\/p>\n<!-- \/wp:paragraph -->\n\n<!-- wp:paragraph -->\n<p><strong>Un altro importante tema di preoccupazione \u00e8 rappresentato dal trattamento dei dati sanitari, in seguito alla crisi sanitaria.<\/strong>.<\/p>\n<!-- \/wp:paragraph -->\n\n<!-- wp:paragraph -->\n<p>Sono preoccupati<\/p>\n<!-- \/wp:paragraph -->\n\n<!-- wp:list -->\n<ul><!-- wp:list-item -->\n<li>Domande relative alle condizioni di ricerca medica,<\/li>\n<!-- \/wp:list-item -->\n\n<!-- wp:list-item -->\n<li>Il trattamento dei dati genetici e i rischi di rivendita da parte di alcuni laboratori di dati raccolti nell&#039;ambito di test di screening, come dimostra il recente caso britannico della societ\u00e0 Signpost Diagnostics,<\/li>\n<!-- \/wp:list-item -->\n\n<!-- wp:list-item -->\n<li>Monitoraggio degli individui tramite app e altri pass sanitari,&nbsp;<\/li>\n<!-- \/wp:list-item --><\/ul>\n<!-- \/wp:list -->\n\n<!-- wp:list -->\n<ul><!-- wp:list-item -->\n<li>E infine, i rischi legati alla sicurezza dei dati: pensiamo in particolare alla violazione dei dati relativi ai risultati dei test Covid della societ\u00e0 FranceTest, alla quale la CNIL ha intimato formalmente lo scorso ottobre di mettere in sicurezza i propri dati, o alla fuga di dati relativa all&#039;Assistance Publique-H\u00f4pitaux de Paris.<\/li>\n<!-- \/wp:list-item --><\/ul>\n<!-- \/wp:list -->\n\n<!-- wp:paragraph -->\n<p>Bench\u00e9 la CNIL pubblichi regolarmente le sue posizioni su questo argomento, si segnala che nella sua deliberazione al Parlamento del 30 novembre, ha indicato di attendere che il governo fornisca elementi destinati a sostenere l&#039;efficacia dei dossier e dei mezzi di controllo attuati.<\/p>\n<!-- \/wp:paragraph -->\n\n<!-- wp:paragraph -->\n<p><strong>Un terzo tema di attualit\u00e0 riguarda le iniziative normative dell&#039;Unione Europea in materia di servizi digitali e intelligenza artificiale.<\/strong><\/p>\n<!-- \/wp:paragraph -->\n\n<!-- wp:paragraph -->\n<p>Oltre alla gestione dei cookie, che resta nel mirino delle autorit\u00e0 nazionali, il legislatore europeo \u00e8 preoccupato per il crescente potere dei giganti del web, intermediari in posizione dominante che forniscono servizi di messaggistica e social network.<\/p>\n<!-- \/wp:paragraph -->\n\n<!-- wp:paragraph -->\n<p>In discussione anche l&#039;uso della biometria e dell&#039;intelligenza artificiale per scopi di profilazione sempre pi\u00f9 invasivi e la manipolazione degli utenti di Internet a loro insaputa (dark pattern) attraverso la presentazione di contenuti mirati.<\/p>\n<!-- \/wp:paragraph -->\n\n<!-- wp:paragraph -->\n<p>Diversi testi sono in fase di adozione a livello europeo, tra cui due proposte della Commissione europea sui mercati e sui servizi digitali e una proposta riguardante l&#039;intelligenza artificiale.&nbsp;<\/p>\n<!-- \/wp:paragraph -->\n\n<!-- wp:paragraph -->\n<p>Il Parlamento europeo ha adottato la sua posizione sulla proposta sui mercati digitali il 5 dicembre.<\/p>\n<!-- \/wp:paragraph -->\n\n<!-- wp:paragraph -->\n<p>Tra le modifiche apportate al testo c&#039;\u00e8 l&#039;aggiunta di un requisito di interoperabilit\u00e0 tra i servizi delle principali piattaforme di messaggistica istantanea e social network, con l&#039;obiettivo di consentire agli utenti di cambiare facilmente fornitore di servizi e contrastare le posizioni dominanti.<\/p>\n<!-- \/wp:paragraph -->\n\n<!-- wp:paragraph -->\n<p>All&#039;inizio della presidenza francese del Consiglio dell&#039;Unione europea, il Garante europeo della protezione dei dati ha appena formulato i suoi migliori auguri di successo al governo francese, sottolineando l&#039;importanza di queste tre grandi questioni legate alla tecnologia digitale e all&#039;intelligenza artificiale e indicando che seguir\u00e0 da vicino gli sviluppi in questi settori.<\/p>\n<!-- \/wp:paragraph -->\n\n<!-- wp:paragraph -->\n<p>Anche se alcune priorit\u00e0 sembrano gi\u00e0 essere state ben individuate, speriamo che questo nuovo anno ci porti finalmente la sua giusta dose di belle sorprese e anche grandi boccate d&#039;aria fresca.<\/p>\n<!-- \/wp:paragraph -->\n\n<!-- wp:paragraph -->\n<p><strong>E anche<\/strong><\/p>\n<!-- \/wp:paragraph -->\n\n<!-- wp:paragraph -->\n<p><strong><u>Francia:<\/u><\/strong><\/p>\n<!-- \/wp:paragraph -->\n\n<!-- wp:paragraph -->\n<p>La CNIL ha sanzionato la societ\u00e0 il 6 gennaio <strong>Google<\/strong> per un valore di 150 milioni di euro, e la societ\u00e0 <strong>Facebook<\/strong> fino a 60 milioni di euro, per il mancato rispetto delle disposizioni di legge in materia di cookie.<\/p>\n<!-- \/wp:paragraph -->\n\n<!-- wp:paragraph -->\n<p>Il 28 dicembre la CNIL ha imposto alla societ\u00e0 una multa di 300.000 euro. <strong>MOBILE GRATUITO,<\/strong> in particolare per non aver rispettato i diritti delle persone e la sicurezza dei dati dei suoi utenti.<\/p>\n<!-- \/wp:paragraph -->\n\n<!-- wp:paragraph -->\n<p>Nella stessa data \u00e8 stata sanzionata anche la societ\u00e0 <strong>SLIMPAY<\/strong>, che offre soluzioni di pagamento ai propri clienti, \u00e8 stata multata di 180.000 euro per non aver protetto adeguatamente i dati personali degli utenti e per non averli informati di una violazione dei dati.<\/p>\n<!-- \/wp:paragraph -->\n\n<!-- wp:paragraph -->\n<p>Il presidente della CNIL ha formalmente notificato la societ\u00e0 il 26 novembre <strong>CLEARVIEW AI<\/strong> di interrompere la raccolta di fotografie e video disponibili online e di cancellare i dati entro 2 mesi.<\/p>\n<!-- \/wp:paragraph -->\n\n<!-- wp:paragraph -->\n<p>L&#039;azienda ha sviluppato un software di riconoscimento facciale il cui database si basa sull&#039;estrazione di fotografie e video disponibili pubblicamente su Internet.<\/p>\n<!-- \/wp:paragraph -->\n\n<!-- wp:paragraph -->\n<p>UN <strong>nuova versione della guida per gli sviluppatori CNIL<\/strong> \u00e8 appena stata pubblicata. Questa guida fornisce nuovi contenuti pensati per supportare i professionisti dello sviluppo web e di applicazioni nel garantire la conformit\u00e0 del loro lavoro.<\/p>\n<!-- \/wp:paragraph -->\n\n<!-- wp:paragraph -->\n<p>L\u00e0 <strong>SNCF<\/strong> A dicembre ha trasferito i suoi 7.000 server e 250 applicazioni sul cloud di Amazon, in particolare in tre data center nella regione di Parigi.<\/p>\n<!-- \/wp:paragraph -->\n\n<!-- wp:paragraph -->\n<p>L&#039;obiettivo dell&#039;azienda \u00e8 anche quello di ampliare l&#039;uso dell&#039;intelligenza artificiale.<\/p>\n<!-- \/wp:paragraph -->\n\n<!-- wp:paragraph -->\n<p><strong><u>Europa<\/u><\/strong><\/p>\n<!-- \/wp:paragraph -->\n\n<!-- wp:paragraph -->\n<p>IL <strong>Comitato europeo per la protezione dei dati<\/strong> ha pubblicato le linee guida il 14 dicembre per aiutare i titolari del trattamento dei dati a gestire le violazioni della sicurezza.<\/p>\n<!-- \/wp:paragraph -->\n\n<!-- wp:paragraph -->\n<p>Il testo contiene numerosi esempi e sviluppa le misure da adottare a seconda del tipo di reato.<\/p>\n<!-- \/wp:paragraph -->\n\n<!-- wp:paragraph -->\n<p><strong>L&#039;Agenzia dell&#039;Unione europea per i diritti fondamentali<\/strong> (FRA) sta pubblicando, in collaborazione con le autorit\u00e0 preposte alla protezione dei dati, una guida volta a informare meglio i richiedenti asilo e i migranti sull&#039;uso che viene fatto delle loro impronte digitali.<\/p>\n<!-- \/wp:paragraph -->\n\n<!-- wp:paragraph -->\n<p>Quando vengono fermati alla frontiera esterna dell&#039;Unione Europea, sono tenuti a fornire le proprie impronte digitali, che vengono conservate nel file Eurodac.<\/p>\n<!-- \/wp:paragraph -->\n\n<!-- wp:paragraph -->\n<p><strong>Tribunale amministrativo di Wiesbaden<\/strong> Il 1\u00b0 dicembre, un&#039;azienda tedesca ha ordinato all&#039;Universit\u00e0 di Scienze Applicate RheinMain di interrompere l&#039;utilizzo del gestore del consenso &quot;Cookiebot&quot;. Il motivo era il trasferimento illegale dei dati dei visitatori del sito web negli Stati Uniti.<\/p>\n<!-- \/wp:paragraph -->\n\n<!-- wp:paragraph -->\n<p><strong>L&#039;autorit\u00e0 finlandese per la protezione dei dati<\/strong> ha multato un&#039;azienda di psicoterapia per oltre 600.000 euro il 7 dicembre per non aver garantito adeguatamente la sicurezza dei dati dei suoi pazienti e per non averli informati di due violazioni della sicurezza che hanno portato a ricatti nei confronti dei pazienti interessati e dell&#039;azienda stessa.<\/p>\n<!-- \/wp:paragraph -->\n\n<!-- wp:paragraph -->\n<p><strong>L&#039;autorit\u00e0 norvegese per la protezione dei dati <\/strong>ha imposto una multa di 6.300.000 euro nei confronti <strong>Grindr <\/strong>di condividere i dati dei propri utenti con terze parti per finalit\u00e0 di profilazione e pubblicit\u00e0, senza il loro consenso.<\/p>\n<!-- \/wp:paragraph -->\n\n<!-- wp:paragraph -->\n<p><strong>L&#039;amministrazione fiscale olandese<\/strong> \u00e8 stata multata di 2.750.000 euro per aver elaborato dati senza una base giuridica e in violazione del principio di correttezza (articoli 5(1)(a) e 6(1)(e) GDPR).<\/p>\n<!-- \/wp:paragraph -->\n\n<!-- wp:paragraph -->\n<p><strong>Il Ministero della Difesa belga<\/strong> \u00e8 stata vittima di un grave attacco informatico il 20 dicembre, causato dal malware Log4Shell, che ha avuto ripercussioni sulle attivit\u00e0 dell&#039;amministrazione per diversi giorni.&nbsp;<\/p>\n<!-- \/wp:paragraph -->\n\n<!-- wp:paragraph -->\n<p><strong>L&#039;autorit\u00e0 belga per la protezione dei dati<\/strong> ha multato un&#039;azienda di 10.000 euro per aver acquistato un database per scopi di marketing diretto senza verificare che i dati fossero stati raccolti legalmente.<\/p>\n<!-- \/wp:paragraph -->\n\n<!-- wp:paragraph -->\n<p>La societ\u00e0 non ha inoltre informato gli interessati di questa raccolta indiretta, n\u00e9 ha risposto alla richiesta di accesso di un individuo.<\/p>\n<!-- \/wp:paragraph -->\n\n<!-- wp:paragraph -->\n<p><strong>Internazionale:<\/strong><\/p>\n<!-- \/wp:paragraph -->\n\n<!-- wp:paragraph -->\n<p><strong>Amazzonia <\/strong>ha depositato diverse domande di brevetto per tecnologie biometriche progettate per consentire alle telecamere dei videotelefoni di rilevare individui sospetti in base a vari criteri: odore, consistenza della pelle, impronte digitali, occhi, voce e andatura.<\/p>\n<!-- \/wp:paragraph -->\n\n<!-- wp:paragraph -->\n<p>L\u00e0 <strong>Corea del Sud<\/strong> \u00e8 stato ritenuto in grado di fornire un livello adeguato di protezione dal 17 dicembre. La decisione della Commissione europea arriva pochi mesi dopo la conclusione di un accordo di libero scambio tra l&#039;Unione europea e la Corea, entrato in vigore nel luglio 2021.<\/p>\n<!-- \/wp:paragraph -->\n\n<!-- wp:paragraph -->\n<p>Dal 15 febbraio, il <strong>governo cinese<\/strong> sottoporr\u00e0 le aziende cinesi con attivit\u00e0 commerciali internazionali a una serie di controlli di sicurezza informatica.<\/p>\n<!-- \/wp:paragraph -->\n\n<!-- wp:paragraph -->\n<p>I controlli mirano a limitare la trasmissione di dati strategici all&#039;esterno del Paese.<\/p>\n<!-- \/wp:paragraph -->\t\t\t\t\t\t<\/div>\n\t\t\t\t<\/div>\n\t\t\t\t\t<\/div>\n\t\t<\/div>\n\t\t\t\t\t<\/div>\n\t\t<\/section>\n\t\t\t\t<section class=\"elementor-section elementor-top-section elementor-element elementor-element-f5ca4a4 ot-traditional elementor-section-boxed elementor-section-height-default elementor-section-height-default\" data-id=\"f5ca4a4\" data-element_type=\"section\">\n\t\t\t\t\t\t<div class=\"elementor-container elementor-column-gap-default\">\n\t\t\t\t\t<div class=\"elementor-column elementor-col-100 elementor-top-column elementor-element elementor-element-c5b76f1 ot-flex-column-vertical\" data-id=\"c5b76f1\" data-element_type=\"column\">\n\t\t\t<div class=\"elementor-widget-wrap elementor-element-populated\">\n\t\t\t\t\t\t<div class=\"elementor-element elementor-element-745b208 elementor-align-center elementor-widget elementor-widget-button\" data-id=\"745b208\" data-element_type=\"widget\" data-widget_type=\"button.default\">\n\t\t\t\t<div class=\"elementor-widget-container\">\n\t\t\t\t\t<div class=\"elementor-button-wrapper\">\n\t\t\t<a class=\"elementor-button elementor-button-link elementor-size-lg\" href=\"https:\/\/app.viqtor.eu\/\">\n\t\t\t\t\t\t<span class=\"elementor-button-content-wrapper\">\n\t\t\t\t\t\t<span class=\"elementor-button-icon\">\n\t\t\t\t<i aria-hidden=\"true\" class=\"fas fa-long-arrow-alt-right\"><\/i>\t\t\t<\/span>\n\t\t\t\t\t\t\t\t\t<span class=\"elementor-button-text\">Scopri Viqtor\u00ae<\/span>\n\t\t\t\t\t<\/span>\n\t\t\t\t\t<\/a>\n\t\t<\/div>\n\t\t\t\t<\/div>\n\t\t\t\t<\/div>\n\t\t\t\t\t<\/div>\n\t\t<\/div>\n\t\t\t\t\t<\/div>\n\t\t<\/section>\n\t\t\t\t<\/div>","protected":false},"excerpt":{"rendered":"<p>Un nuovo anno all\u2019insegna dell\u2019attesa Legal Watch n. 42 \u2013 Dicembre 2021 Un nuovo anno all\u2019insegna dell\u2019attesa In materia di protezione dei dati, l\u2019anno che inizia non annuncia grandi novit\u00e0, ma un\u2019evoluzione e forse decisioni strategiche su alcune tematiche di attualit\u00e0. Concentriamoci su tre di esse: la [\u2026]<\/p>","protected":false},"author":1,"featured_media":5672,"comment_status":"closed","ping_status":"open","sticky":false,"template":"elementor_header_footer","format":"standard","meta":{"_acf_changed":false,"footnotes":""},"categories":[35],"tags":[],"class_list":["post-5482","post","type-post","status-publish","format-standard","has-post-thumbnail","hentry","category-veille-juridique"],"acf":[],"yoast_head":"<!-- This site is optimized with the Yoast SEO plugin v23.6 - https:\/\/yoast.com\/wordpress\/plugins\/seo\/ -->\n<title>Une nouvelle ann\u00e9e sous le signe de l\u2019expectative - Viqtor<\/title>\n<meta name=\"description\" content=\"Une nouvelle ann\u00e9e sous le signe de l\u2019expectative - Viqtor\" \/>\n<meta name=\"robots\" content=\"index, follow, max-snippet:-1, max-image-preview:large, max-video-preview:-1\" \/>\n<link rel=\"canonical\" href=\"https:\/\/viqtor.eu\/it\/une-nouvelle-annee-sous-le-signe-de-lexpectative\/\" \/>\n<meta property=\"og:locale\" content=\"it_IT\" \/>\n<meta property=\"og:type\" content=\"article\" \/>\n<meta property=\"og:title\" content=\"Une nouvelle ann\u00e9e sous le signe de l\u2019expectative - Viqtor\" \/>\n<meta property=\"og:description\" content=\"Une nouvelle ann\u00e9e sous le signe de l\u2019expectative - Viqtor\" \/>\n<meta property=\"og:url\" content=\"https:\/\/viqtor.eu\/it\/une-nouvelle-annee-sous-le-signe-de-lexpectative\/\" \/>\n<meta property=\"og:site_name\" content=\"Viqtor\" \/>\n<meta property=\"article:published_time\" content=\"2023-04-19T12:59:03+00:00\" \/>\n<meta property=\"article:modified_time\" content=\"2024-07-26T11:08:07+00:00\" \/>\n<meta property=\"og:image\" content=\"https:\/\/viqtor.eu\/wp-content\/uploads\/2026\/04\/widget-viqtor.png\" \/>\n\t<meta property=\"og:image:width\" content=\"1000\" \/>\n\t<meta property=\"og:image:height\" content=\"667\" \/>\n\t<meta property=\"og:image:type\" content=\"image\/jpeg\" \/>\n<meta name=\"author\" content=\"Bruno\" \/>\n<meta name=\"twitter:card\" content=\"summary_large_image\" \/>\n<meta name=\"twitter:label1\" content=\"Scritto da\" \/>\n\t<meta name=\"twitter:data1\" content=\"Bruno\" \/>\n\t<meta name=\"twitter:label2\" content=\"Tempo di lettura stimato\" \/>\n\t<meta name=\"twitter:data2\" content=\"8 minuti\" \/>\n<script type=\"application\/ld+json\" class=\"yoast-schema-graph\">{\"@context\":\"https:\/\/schema.org\",\"@graph\":[{\"@type\":\"Article\",\"@id\":\"https:\/\/viqtor.eu\/une-nouvelle-annee-sous-le-signe-de-lexpectative\/#article\",\"isPartOf\":{\"@id\":\"https:\/\/viqtor.eu\/une-nouvelle-annee-sous-le-signe-de-lexpectative\/\"},\"author\":{\"name\":\"Bruno\",\"@id\":\"https:\/\/viqtor.eu\/#\/schema\/person\/3dbd9cc82a28f6cf1695c92eda0099ad\"},\"headline\":\"Une nouvelle ann\u00e9e sous le signe de l\u2019expectative\",\"datePublished\":\"2023-04-19T12:59:03+00:00\",\"dateModified\":\"2024-07-26T11:08:07+00:00\",\"mainEntityOfPage\":{\"@id\":\"https:\/\/viqtor.eu\/une-nouvelle-annee-sous-le-signe-de-lexpectative\/\"},\"wordCount\":1752,\"publisher\":{\"@id\":\"https:\/\/viqtor.eu\/#organization\"},\"image\":{\"@id\":\"https:\/\/viqtor.eu\/une-nouvelle-annee-sous-le-signe-de-lexpectative\/#primaryimage\"},\"thumbnailUrl\":\"https:\/\/viqtor.eu\/wp-content\/uploads\/2023\/04\/shutterstock_1827228413.jpg\",\"articleSection\":[\"Veille juridique\"],\"inLanguage\":\"it-IT\"},{\"@type\":\"WebPage\",\"@id\":\"https:\/\/viqtor.eu\/une-nouvelle-annee-sous-le-signe-de-lexpectative\/\",\"url\":\"https:\/\/viqtor.eu\/une-nouvelle-annee-sous-le-signe-de-lexpectative\/\",\"name\":\"Une nouvelle ann\u00e9e sous le signe de l\u2019expectative - Viqtor\",\"isPartOf\":{\"@id\":\"https:\/\/viqtor.eu\/#website\"},\"primaryImageOfPage\":{\"@id\":\"https:\/\/viqtor.eu\/une-nouvelle-annee-sous-le-signe-de-lexpectative\/#primaryimage\"},\"image\":{\"@id\":\"https:\/\/viqtor.eu\/une-nouvelle-annee-sous-le-signe-de-lexpectative\/#primaryimage\"},\"thumbnailUrl\":\"https:\/\/viqtor.eu\/wp-content\/uploads\/2023\/04\/shutterstock_1827228413.jpg\",\"datePublished\":\"2023-04-19T12:59:03+00:00\",\"dateModified\":\"2024-07-26T11:08:07+00:00\",\"description\":\"Une nouvelle ann\u00e9e sous le signe de l\u2019expectative - Viqtor\",\"breadcrumb\":{\"@id\":\"https:\/\/viqtor.eu\/une-nouvelle-annee-sous-le-signe-de-lexpectative\/#breadcrumb\"},\"inLanguage\":\"it-IT\",\"potentialAction\":[{\"@type\":\"ReadAction\",\"target\":[\"https:\/\/viqtor.eu\/une-nouvelle-annee-sous-le-signe-de-lexpectative\/\"]}]},{\"@type\":\"ImageObject\",\"inLanguage\":\"it-IT\",\"@id\":\"https:\/\/viqtor.eu\/une-nouvelle-annee-sous-le-signe-de-lexpectative\/#primaryimage\",\"url\":\"https:\/\/viqtor.eu\/wp-content\/uploads\/2023\/04\/shutterstock_1827228413.jpg\",\"contentUrl\":\"https:\/\/viqtor.eu\/wp-content\/uploads\/2023\/04\/shutterstock_1827228413.jpg\",\"width\":1000,\"height\":667},{\"@type\":\"BreadcrumbList\",\"@id\":\"https:\/\/viqtor.eu\/une-nouvelle-annee-sous-le-signe-de-lexpectative\/#breadcrumb\",\"itemListElement\":[{\"@type\":\"ListItem\",\"position\":1,\"name\":\"Accueil\",\"item\":\"https:\/\/viqtor.eu\/\"},{\"@type\":\"ListItem\",\"position\":2,\"name\":\"Une nouvelle ann\u00e9e sous le signe de l\u2019expectative\"}]},{\"@type\":\"WebSite\",\"@id\":\"https:\/\/viqtor.eu\/#website\",\"url\":\"https:\/\/viqtor.eu\/\",\"name\":\"Viqtor\",\"description\":\"Faites du RGPD une opportunit\u00e9 pour votre entreprise.\",\"publisher\":{\"@id\":\"https:\/\/viqtor.eu\/#organization\"},\"potentialAction\":[{\"@type\":\"SearchAction\",\"target\":{\"@type\":\"EntryPoint\",\"urlTemplate\":\"https:\/\/viqtor.eu\/?s={search_term_string}\"},\"query-input\":{\"@type\":\"PropertyValueSpecification\",\"valueRequired\":true,\"valueName\":\"search_term_string\"}}],\"inLanguage\":\"it-IT\"},{\"@type\":\"Organization\",\"@id\":\"https:\/\/viqtor.eu\/#organization\",\"name\":\"viqtor.eu\",\"url\":\"https:\/\/viqtor.eu\/\",\"logo\":{\"@type\":\"ImageObject\",\"inLanguage\":\"it-IT\",\"@id\":\"https:\/\/viqtor.eu\/#\/schema\/logo\/image\/\",\"url\":\"https:\/\/viqtor.eu\/wp-content\/uploads\/2023\/06\/favicon-noir.svg\",\"contentUrl\":\"https:\/\/viqtor.eu\/wp-content\/uploads\/2023\/06\/favicon-noir.svg\",\"width\":108,\"height\":86,\"caption\":\"viqtor.eu\"},\"image\":{\"@id\":\"https:\/\/viqtor.eu\/#\/schema\/logo\/image\/\"}},{\"@type\":\"Person\",\"@id\":\"https:\/\/viqtor.eu\/#\/schema\/person\/3dbd9cc82a28f6cf1695c92eda0099ad\",\"name\":\"Bruno\",\"image\":{\"@type\":\"ImageObject\",\"inLanguage\":\"it-IT\",\"@id\":\"https:\/\/viqtor.eu\/#\/schema\/person\/image\/\",\"url\":\"https:\/\/secure.gravatar.com\/avatar\/e5a596f9489de15bfe046e97fb771f63589b601ca7e81ccc2bb9a23582f441a3?s=96&d=mm&r=g\",\"contentUrl\":\"https:\/\/secure.gravatar.com\/avatar\/e5a596f9489de15bfe046e97fb771f63589b601ca7e81ccc2bb9a23582f441a3?s=96&d=mm&r=g\",\"caption\":\"Bruno\"},\"sameAs\":[\"https:\/\/exciting-panini.13-37-234-21.plesk.page\"],\"url\":\"https:\/\/viqtor.eu\/it\/author\/mouad_zxum2ebi\/\"}]}<\/script>\n<!-- \/ Yoast SEO plugin. -->","yoast_head_json":{"title":"Une nouvelle ann\u00e9e sous le signe de l\u2019expectative - Viqtor","description":"Une nouvelle ann\u00e9e sous le signe de l\u2019expectative - Viqtor","robots":{"index":"index","follow":"follow","max-snippet":"max-snippet:-1","max-image-preview":"max-image-preview:large","max-video-preview":"max-video-preview:-1"},"canonical":"https:\/\/viqtor.eu\/it\/une-nouvelle-annee-sous-le-signe-de-lexpectative\/","og_locale":"it_IT","og_type":"article","og_title":"Une nouvelle ann\u00e9e sous le signe de l\u2019expectative - Viqtor","og_description":"Une nouvelle ann\u00e9e sous le signe de l\u2019expectative - Viqtor","og_url":"https:\/\/viqtor.eu\/it\/une-nouvelle-annee-sous-le-signe-de-lexpectative\/","og_site_name":"Viqtor","article_published_time":"2023-04-19T12:59:03+00:00","article_modified_time":"2024-07-26T11:08:07+00:00","og_image":[{"width":1000,"height":667,"url":"https:\/\/viqtor.eu\/wp-content\/uploads\/2026\/04\/widget-viqtor.png","type":"image\/jpeg"}],"author":"Bruno","twitter_card":"summary_large_image","twitter_misc":{"Scritto da":"Bruno","Tempo di lettura stimato":"8 minuti"},"schema":{"@context":"https:\/\/schema.org","@graph":[{"@type":"Article","@id":"https:\/\/viqtor.eu\/une-nouvelle-annee-sous-le-signe-de-lexpectative\/#article","isPartOf":{"@id":"https:\/\/viqtor.eu\/une-nouvelle-annee-sous-le-signe-de-lexpectative\/"},"author":{"name":"Bruno","@id":"https:\/\/viqtor.eu\/#\/schema\/person\/3dbd9cc82a28f6cf1695c92eda0099ad"},"headline":"Une nouvelle ann\u00e9e sous le signe de l\u2019expectative","datePublished":"2023-04-19T12:59:03+00:00","dateModified":"2024-07-26T11:08:07+00:00","mainEntityOfPage":{"@id":"https:\/\/viqtor.eu\/une-nouvelle-annee-sous-le-signe-de-lexpectative\/"},"wordCount":1752,"publisher":{"@id":"https:\/\/viqtor.eu\/#organization"},"image":{"@id":"https:\/\/viqtor.eu\/une-nouvelle-annee-sous-le-signe-de-lexpectative\/#primaryimage"},"thumbnailUrl":"https:\/\/viqtor.eu\/wp-content\/uploads\/2023\/04\/shutterstock_1827228413.jpg","articleSection":["Veille juridique"],"inLanguage":"it-IT"},{"@type":"WebPage","@id":"https:\/\/viqtor.eu\/une-nouvelle-annee-sous-le-signe-de-lexpectative\/","url":"https:\/\/viqtor.eu\/une-nouvelle-annee-sous-le-signe-de-lexpectative\/","name":"Une nouvelle ann\u00e9e sous le signe de l\u2019expectative - Viqtor","isPartOf":{"@id":"https:\/\/viqtor.eu\/#website"},"primaryImageOfPage":{"@id":"https:\/\/viqtor.eu\/une-nouvelle-annee-sous-le-signe-de-lexpectative\/#primaryimage"},"image":{"@id":"https:\/\/viqtor.eu\/une-nouvelle-annee-sous-le-signe-de-lexpectative\/#primaryimage"},"thumbnailUrl":"https:\/\/viqtor.eu\/wp-content\/uploads\/2023\/04\/shutterstock_1827228413.jpg","datePublished":"2023-04-19T12:59:03+00:00","dateModified":"2024-07-26T11:08:07+00:00","description":"Une nouvelle ann\u00e9e sous le signe de l\u2019expectative - Viqtor","breadcrumb":{"@id":"https:\/\/viqtor.eu\/une-nouvelle-annee-sous-le-signe-de-lexpectative\/#breadcrumb"},"inLanguage":"it-IT","potentialAction":[{"@type":"ReadAction","target":["https:\/\/viqtor.eu\/une-nouvelle-annee-sous-le-signe-de-lexpectative\/"]}]},{"@type":"ImageObject","inLanguage":"it-IT","@id":"https:\/\/viqtor.eu\/une-nouvelle-annee-sous-le-signe-de-lexpectative\/#primaryimage","url":"https:\/\/viqtor.eu\/wp-content\/uploads\/2023\/04\/shutterstock_1827228413.jpg","contentUrl":"https:\/\/viqtor.eu\/wp-content\/uploads\/2023\/04\/shutterstock_1827228413.jpg","width":1000,"height":667},{"@type":"BreadcrumbList","@id":"https:\/\/viqtor.eu\/une-nouvelle-annee-sous-le-signe-de-lexpectative\/#breadcrumb","itemListElement":[{"@type":"ListItem","position":1,"name":"Accueil","item":"https:\/\/viqtor.eu\/"},{"@type":"ListItem","position":2,"name":"Une nouvelle ann\u00e9e sous le signe de l\u2019expectative"}]},{"@type":"WebSite","@id":"https:\/\/viqtor.eu\/#website","url":"https:\/\/viqtor.eu\/","name":"Viqtor","description":"Faites du RGPD une opportunit\u00e9 pour votre entreprise.","publisher":{"@id":"https:\/\/viqtor.eu\/#organization"},"potentialAction":[{"@type":"SearchAction","target":{"@type":"EntryPoint","urlTemplate":"https:\/\/viqtor.eu\/?s={search_term_string}"},"query-input":{"@type":"PropertyValueSpecification","valueRequired":true,"valueName":"search_term_string"}}],"inLanguage":"it-IT"},{"@type":"Organization","@id":"https:\/\/viqtor.eu\/#organization","name":"viqtor.eu","url":"https:\/\/viqtor.eu\/","logo":{"@type":"ImageObject","inLanguage":"it-IT","@id":"https:\/\/viqtor.eu\/#\/schema\/logo\/image\/","url":"https:\/\/viqtor.eu\/wp-content\/uploads\/2023\/06\/favicon-noir.svg","contentUrl":"https:\/\/viqtor.eu\/wp-content\/uploads\/2023\/06\/favicon-noir.svg","width":108,"height":86,"caption":"viqtor.eu"},"image":{"@id":"https:\/\/viqtor.eu\/#\/schema\/logo\/image\/"}},{"@type":"Person","@id":"https:\/\/viqtor.eu\/#\/schema\/person\/3dbd9cc82a28f6cf1695c92eda0099ad","name":"Bruno","image":{"@type":"ImageObject","inLanguage":"it-IT","@id":"https:\/\/viqtor.eu\/#\/schema\/person\/image\/","url":"https:\/\/secure.gravatar.com\/avatar\/e5a596f9489de15bfe046e97fb771f63589b601ca7e81ccc2bb9a23582f441a3?s=96&d=mm&r=g","contentUrl":"https:\/\/secure.gravatar.com\/avatar\/e5a596f9489de15bfe046e97fb771f63589b601ca7e81ccc2bb9a23582f441a3?s=96&d=mm&r=g","caption":"Bruno"},"sameAs":["https:\/\/exciting-panini.13-37-234-21.plesk.page"],"url":"https:\/\/viqtor.eu\/it\/author\/mouad_zxum2ebi\/"}]}},"_links":{"self":[{"href":"https:\/\/viqtor.eu\/it\/wp-json\/wp\/v2\/posts\/5482","targetHints":{"allow":["GET"]}}],"collection":[{"href":"https:\/\/viqtor.eu\/it\/wp-json\/wp\/v2\/posts"}],"about":[{"href":"https:\/\/viqtor.eu\/it\/wp-json\/wp\/v2\/types\/post"}],"author":[{"embeddable":true,"href":"https:\/\/viqtor.eu\/it\/wp-json\/wp\/v2\/users\/1"}],"replies":[{"embeddable":true,"href":"https:\/\/viqtor.eu\/it\/wp-json\/wp\/v2\/comments?post=5482"}],"version-history":[{"count":9,"href":"https:\/\/viqtor.eu\/it\/wp-json\/wp\/v2\/posts\/5482\/revisions"}],"predecessor-version":[{"id":11976,"href":"https:\/\/viqtor.eu\/it\/wp-json\/wp\/v2\/posts\/5482\/revisions\/11976"}],"wp:featuredmedia":[{"embeddable":true,"href":"https:\/\/viqtor.eu\/it\/wp-json\/wp\/v2\/media\/5672"}],"wp:attachment":[{"href":"https:\/\/viqtor.eu\/it\/wp-json\/wp\/v2\/media?parent=5482"}],"wp:term":[{"taxonomy":"category","embeddable":true,"href":"https:\/\/viqtor.eu\/it\/wp-json\/wp\/v2\/categories?post=5482"},{"taxonomy":"post_tag","embeddable":true,"href":"https:\/\/viqtor.eu\/it\/wp-json\/wp\/v2\/tags?post=5482"}],"curies":[{"name":"wp","href":"https:\/\/api.w.org\/{rel}","templated":true}]}}