{"id":5454,"date":"2023-04-19T10:34:16","date_gmt":"2023-04-19T10:34:16","guid":{"rendered":"https:\/\/exciting-panini.13-37-234-21.plesk.page\/?p=5454"},"modified":"2024-07-22T13:10:50","modified_gmt":"2024-07-22T13:10:50","slug":"lactualite-des-autorites-de-controle","status":"publish","type":"post","link":"https:\/\/viqtor.eu\/it\/lactualite-des-autorites-de-controle\/","title":{"rendered":"Notizie dalle autorit\u00e0 di vigilanza: festeggiamenti e vigilanza"},"content":{"rendered":"<div data-elementor-type=\"wp-post\" data-elementor-id=\"5454\" class=\"elementor elementor-5454\" data-elementor-post-type=\"post\">\n\t\t\t\t\t\t<section class=\"elementor-section elementor-top-section elementor-element elementor-element-2f47dae ot-traditional elementor-section-boxed elementor-section-height-default elementor-section-height-default\" data-id=\"2f47dae\" data-element_type=\"section\">\n\t\t\t\t\t\t<div class=\"elementor-container elementor-column-gap-default\">\n\t\t\t\t\t<div class=\"elementor-column elementor-col-100 elementor-top-column elementor-element elementor-element-1f70fcb ot-flex-column-vertical\" data-id=\"1f70fcb\" data-element_type=\"column\">\n\t\t\t<div class=\"elementor-widget-wrap elementor-element-populated\">\n\t\t\t\t\t\t<div class=\"elementor-element elementor-element-9b58475 elementor-widget elementor-widget-image\" data-id=\"9b58475\" data-element_type=\"widget\" data-widget_type=\"image.default\">\n\t\t\t\t<div class=\"elementor-widget-container\">\n\t\t\t\t\t\t\t\t\t\t\t\t\t<img fetchpriority=\"high\" decoding=\"async\" width=\"1000\" height=\"667\" src=\"https:\/\/viqtor.eu\/wp-content\/uploads\/2023\/04\/Lactualite-des-autorites-de-controle.jpg\" class=\"attachment-full size-full wp-image-11883\" alt=\"L\u2019actualit\u00e9 des autorit\u00e9s de contr\u00f4le : c\u00e9l\u00e9brations et supervision\" srcset=\"https:\/\/viqtor.eu\/wp-content\/uploads\/2023\/04\/Lactualite-des-autorites-de-controle.jpg 1000w, https:\/\/viqtor.eu\/wp-content\/uploads\/2023\/04\/Lactualite-des-autorites-de-controle-300x200.jpg 300w, https:\/\/viqtor.eu\/wp-content\/uploads\/2023\/04\/Lactualite-des-autorites-de-controle-768x512.jpg 768w, https:\/\/viqtor.eu\/wp-content\/uploads\/2023\/04\/Lactualite-des-autorites-de-controle-720x480.jpg 720w\" sizes=\"(max-width: 1000px) 100vw, 1000px\" \/>\t\t\t\t\t\t\t\t\t\t\t\t\t<\/div>\n\t\t\t\t<\/div>\n\t\t\t\t\t<\/div>\n\t\t<\/div>\n\t\t\t\t\t<\/div>\n\t\t<\/section>\n\t\t\t\t<section class=\"elementor-section elementor-top-section elementor-element elementor-element-5e0a253 ot-traditional elementor-section-boxed elementor-section-height-default elementor-section-height-default\" data-id=\"5e0a253\" data-element_type=\"section\">\n\t\t\t\t\t\t<div class=\"elementor-container elementor-column-gap-default\">\n\t\t\t\t\t<div class=\"elementor-column elementor-col-100 elementor-top-column elementor-element elementor-element-1a009e4 ot-flex-column-vertical\" data-id=\"1a009e4\" data-element_type=\"column\">\n\t\t\t<div class=\"elementor-widget-wrap elementor-element-populated\">\n\t\t\t\t\t\t<div class=\"elementor-element elementor-element-f3a6376 elementor-widget elementor-widget-heading\" data-id=\"f3a6376\" data-element_type=\"widget\" data-widget_type=\"heading.default\">\n\t\t\t\t<div class=\"elementor-widget-container\">\n\t\t\t<h1 class=\"elementor-heading-title elementor-size-default\">Notizie dalle autorit\u00e0 di vigilanza: festeggiamenti e vigilanza<\/h1>\t\t<\/div>\n\t\t\t\t<\/div>\n\t\t\t\t\t<\/div>\n\t\t<\/div>\n\t\t\t\t\t<\/div>\n\t\t<\/section>\n\t\t\t\t<section class=\"elementor-section elementor-top-section elementor-element elementor-element-2b48906 ot-traditional elementor-section-boxed elementor-section-height-default elementor-section-height-default\" data-id=\"2b48906\" data-element_type=\"section\">\n\t\t\t\t\t\t<div class=\"elementor-container elementor-column-gap-default\">\n\t\t\t\t\t<div class=\"elementor-column elementor-col-100 elementor-top-column elementor-element elementor-element-3d4484f4 ot-flex-column-vertical\" data-id=\"3d4484f4\" data-element_type=\"column\">\n\t\t\t<div class=\"elementor-widget-wrap elementor-element-populated\">\n\t\t\t\t\t\t<div class=\"elementor-element elementor-element-2e3f7675 elementor-widget elementor-widget-text-editor\" data-id=\"2e3f7675\" data-element_type=\"widget\" data-widget_type=\"text-editor.default\">\n\t\t\t\t<div class=\"elementor-widget-container\">\n\t\t\t\t\t\t\t<!-- wp:paragraph -->\n<p>Osservatorio Legale n. 31 \u2013 <strong>Gennaio 2021<\/strong><\/p>\n<!-- \/wp:paragraph -->\n\n<!-- wp:paragraph -->\n<p><strong>Notizie dalle autorit\u00e0 di vigilanza: festeggiamenti e vigilanza<\/strong>Gli ultimi giorni sono stati l&#039;occasione per festeggiare (virtualmente) diversi compleanni.<\/p>\n<!-- \/wp:paragraph -->\n\n<!-- wp:paragraph -->\n<p>Il 28 gennaio, gli stakeholder della privacy in Europa, Africa, Americhe e nella regione Asia-Pacifico hanno organizzato diversi eventi per celebrare il 15\u00b0 anniversario della<strong> Giornata della protezione dei dati<\/strong>.<\/p>\n<!-- \/wp:paragraph -->\n\n<!-- wp:paragraph -->\n<p>Aggiungiamo che la Convenzione 108 (Convenzione del Consiglio d&#039;Europa sulla protezione dei dati personali) celebra quest&#039;anno il suo 40\u00b0 anniversario.<\/p>\n<!-- \/wp:paragraph -->\n\n<!-- wp:paragraph -->\n<p>L&#039;occasione per una valutazione e una Dichiarazione ufficiale che sottolinei la necessit\u00e0 di preservare &quot;la dignit\u00e0 e l&#039;integrit\u00e0 umana nell&#039;era delle decisioni automatizzate prese dall&#039;intelligenza artificiale e dagli algoritmi&quot; e di sviluppare uno spazio giuridico comune su scala internazionale per facilitare la circolazione dei dati tra i Paesi.<\/p>\n<!-- \/wp:paragraph -->\n\n<!-- wp:paragraph -->\n<p>La tecnologia digitale \u00e8 quindi al centro dei dibattiti attuali, con una dichiarazione del Comitato dei Ministri del Consiglio d&#039;Europa sulla salvaguardia del diritto alla protezione dei dati nell&#039;ambiente digitale e l&#039;adozione di linee guida sul riconoscimento facciale.<\/p>\n<!-- \/wp:paragraph -->\n\n<!-- wp:paragraph -->\n<p>Una delle pi\u00f9 importanti conferenze internazionali sulla protezione dei dati, <strong>\u201cComputer, privacy e protezione dei dati\u201d, <\/strong>che si \u00e8 svolto a fine gennaio, conferma queste preoccupazioni con tre giorni di discussioni online sul tema &quot;far rispettare i diritti in un mondo che cambia&quot;.&nbsp;<\/p>\n<!-- \/wp:paragraph -->\n\n<!-- wp:paragraph -->\n<p>Sebbene alle autorit\u00e0 per la protezione dei dati siano stati conferiti maggiori poteri per far rispettare il GDPR, permangono interrogativi sulla loro strategia, sulla cooperazione europea e sull&#039;efficacia delle sanzioni alla luce dell&#039;influenza delle grandi aziende tecnologiche come Google e Amazon.<\/p>\n<!-- \/wp:paragraph -->\n\n<!-- wp:paragraph -->\n<p><strong>Le multe inflitte in Europa nel 2020 ammontano a 272,5 milioni di euro<\/strong>, e i tre Paesi pi\u00f9 attivi in questo senso sono Italia, Germania e Francia, come indicato in un recente rapporto di DLA Piper sull&#039;argomento.<\/p>\n<!-- \/wp:paragraph -->\n\n<!-- wp:paragraph -->\n<p>La CNIL non manca di sanzioni, sia nei confronti dei grandi attori del digitale che delle piccole e medie imprese o delle PMI, con multe adeguate al fatturato dei responsabili.<\/p>\n<!-- \/wp:paragraph -->\n\n<!-- wp:paragraph -->\n<p><\/p>\n<!-- \/wp:paragraph -->\n\n<!-- wp:paragraph -->\n<p>Ma mentre le multinazionali possono accantonare determinate somme come parte di una procedura sanzionatoria, l&#039;impatto sulle strutture pi\u00f9 piccole pu\u00f2 essere significativo, in termini finanziari o di immagine pubblica.<\/p>\n<!-- \/wp:paragraph -->\n\n<!-- wp:paragraph -->\n<p>Concretamente, le ultime sanzioni della CNIL per violazione del GDPR sono state giustificate da violazioni delle norme di sicurezza e dal mancato rispetto delle norme sulla prospezione commerciale.<\/p>\n<!-- \/wp:paragraph -->\n\n<!-- wp:paragraph -->\n<p>Quindi il <strong>La societ\u00e0 Nestor \u00e8 stata multata di 20.000 euro<\/strong> per non aver adempiuto all&#039;obbligo di ottenere il consenso dei potenziali clienti e per non aver rispettato i diritti delle persone interessate (informazione, accesso).<\/p>\n<!-- \/wp:paragraph -->\n\n<!-- wp:paragraph -->\n<p>Anche la mancanza di misure di sicurezza adeguate \u00e8 nel mirino della CNIL, in questo caso come in quello pi\u00f9 recente che ha coinvolto un attacco di credential stuffing: <strong>il gestore e il suo subappaltatore <\/strong>aveva omesso alcune protezioni essenziali, come la limitazione del numero di richieste consentite su una pagina web e l&#039;uso del CAPTCHA.<\/p>\n<!-- \/wp:paragraph -->\n\n<!-- wp:paragraph -->\n<p>In questo caso <strong>La CNIL ha imposto multe rispettivamente di 150.000 e 75.000 euro<\/strong>Ha colto l&#039;occasione per ricordare sul suo sito web le misure volte a proteggere i dati personali da questo tipo di attacchi.<\/p>\n<!-- \/wp:paragraph -->\n\n<!-- wp:paragraph -->\n<p>La CNIL si concentra anche sull&#039;uso dei cookie e sul modo in cui i siti web rispettano le sue linee guida.<\/p>\n<!-- \/wp:paragraph -->\n\n<!-- wp:paragraph -->\n<p>Si ricorda che alla fine del 2020 ha pubblicato delle linee guida in materia, specificando in particolare come ottenere il consenso degli utenti di Internet all&#039;utilizzo dei tracker.<\/p>\n<!-- \/wp:paragraph -->\n\n<!-- wp:paragraph -->\n<p><strong>E anche<\/strong><\/p>\n<!-- \/wp:paragraph -->\n\n<!-- wp:paragraph -->\n<p>Francia:<\/p>\n<!-- \/wp:paragraph -->\n\n<!-- wp:paragraph -->\n<p>Il 26 gennaio la CNIL ha emesso il suo parere sulla <strong>disegno di legge sulla sicurezza globale<\/strong>.<\/p>\n<!-- \/wp:paragraph -->\n\n<!-- wp:paragraph -->\n<p>Ha delle riserve sull&#039;uso dei droni e sostiene la sperimentazione preventiva, citando la possibilit\u00e0 di acquisire immagini pi\u00f9 ampie che questa tecnologia consente, tracciando le persone nei loro spostamenti, senza che ne siano a conoscenza e per un periodo di tempo potenzialmente lungo.<\/p>\n<!-- \/wp:paragraph -->\n\n<!-- wp:paragraph -->\n<p>Aggiunge che \u00e8 probabile che questi dispositivi di sorveglianza abbiano un impatto maggiore rispetto alle telecamere tradizionali sull&#039;esercizio da parte dei cittadini di altre libert\u00e0 fondamentali (diritto di manifestare, libert\u00e0 di culto, libert\u00e0 di espressione).<\/p>\n<!-- \/wp:paragraph -->\n\n<!-- wp:paragraph -->\n<p>Mette inoltre in discussione le condizioni di utilizzo delle telecamere installate su determinati veicoli, nonch\u00e9 la videosorveglianza, in particolare la trasmissione in tempo reale delle immagini alle forze dell&#039;ordine.<\/p>\n<!-- \/wp:paragraph -->\n\n<!-- wp:paragraph -->\n<p><\/p>\n<!-- \/wp:paragraph -->\n\n<!-- wp:paragraph -->\n<p>Europa:<\/p>\n<!-- \/wp:paragraph -->\n\n<!-- wp:list -->\n<ul><!-- wp:list-item -->\n<li>L&#039;autorit\u00e0 di vigilanza norvegese intende imporre <strong>Grindr<\/strong> una multa di 10 milioni di euro per<\/li>\n<!-- \/wp:list-item --><\/ul>\n<!-- \/wp:list -->\n\n<!-- wp:paragraph -->\n<p>Non solo l&#039;app offre solo termini e condizioni del tipo &quot;prendere o lasciare&quot; che non consentono agli utenti di acconsentire o meno alla condivisione dei propri dati, ma non \u00e8 stata fornita loro alcuna informazione in merito a questa condivisione di dati (sensibili) con la piattaforma pubblicitaria MoPub utilizzata da Twitter, consentendo la successiva condivisione con oltre un centinaio di clienti.&nbsp;<\/p>\n<!-- \/wp:paragraph -->\n\n<!-- wp:list -->\n<ul><!-- wp:list-item -->\n<li>In Italia, il Garante per la protezione dei dati personali ha disposto il blocco da parte <strong>TikTok d<\/strong>e qualsiasi utilizzo dei dati di utenti la cui et\u00e0 non \u00e8 verificata.&nbsp;<\/li>\n<!-- \/wp:list-item --><\/ul>\n<!-- \/wp:list -->\n\n<!-- wp:paragraph -->\n<p>Accusa TikTok di un sistema di verifica difettoso che rischia di esporre i minori di 13 anni a contenuti inappropriati.<\/p>\n<!-- \/wp:paragraph -->\n\n<!-- wp:paragraph -->\n<p>Questa decisione, presa d&#039;urgenza, fa seguito alla tragedia che \u00e8 costata la vita a una bambina di dieci anni che ha partecipato a una sfida sul social network diventata virale (il gioco della sciarpa).<\/p>\n<!-- \/wp:paragraph -->\n\n<!-- wp:list -->\n<ul><!-- wp:list-item -->\n<li>L&#039;autorit\u00e0 belga per la protezione dei dati ha messo in guardia il governo in merito alle condizioni, ritenute troppo ampie, in base alle quali l&#039;Ufficio nazionale della previdenza sociale pu\u00f2 condividere i dati personali. <strong>dati sanitari covid<\/strong>.<\/li>\n<!-- \/wp:list-item --><\/ul>\n<!-- \/wp:list -->\n\n<!-- wp:paragraph -->\n<p>Si chiede un adeguamento del testo del decreto reale che specifica le condizioni per la condivisione dei dati.<\/p>\n<!-- \/wp:paragraph -->\n\n<!-- wp:paragraph -->\n<p>Internazionale:<\/p>\n<!-- \/wp:paragraph -->\n\n<!-- wp:paragraph -->\n<p>Lo Stato di New York ha appena approvato una legge che sospende l&#039;uso e l&#039;acquisto di tecnologie di riconoscimento facciale e di altri identificatori biometrici nelle scuole fino a luglio 2022.<\/p>\n<!-- \/wp:paragraph -->\n\n<!-- wp:paragraph -->\n<p>Il governatore di New York incarica il Commissario dell&#039;Istruzione di condurre uno studio sull&#039;adeguatezza di questa tecnologia nell&#039;ambiente educativo.<\/p>\n<!-- \/wp:paragraph -->\n\n<!-- wp:paragraph -->\n<p><em>Anna Cristina Lacoste<\/em><\/p>\n<!-- \/wp:paragraph -->\n\n<!-- wp:paragraph -->\n<p><em>Partner dello studio legale Olivier Weber Avocat, Anne Christine Lacoste \u00e8 un avvocato specializzato in diritto dei dati; \u00e8 stata responsabile delle relazioni internazionali presso il Garante europeo della protezione dei dati e ha lavorato all&#039;attuazione del GDPR nell&#039;Unione europea.<\/em><\/p>\n<!-- \/wp:paragraph -->\t\t\t\t\t\t<\/div>\n\t\t\t\t<\/div>\n\t\t\t\t\t<\/div>\n\t\t<\/div>\n\t\t\t\t\t<\/div>\n\t\t<\/section>\n\t\t\t\t<section class=\"elementor-section elementor-top-section elementor-element elementor-element-4bb3884 ot-traditional elementor-section-boxed elementor-section-height-default elementor-section-height-default\" data-id=\"4bb3884\" data-element_type=\"section\">\n\t\t\t\t\t\t<div class=\"elementor-container elementor-column-gap-default\">\n\t\t\t\t\t<div class=\"elementor-column elementor-col-100 elementor-top-column elementor-element elementor-element-0d6fb48 ot-flex-column-vertical\" data-id=\"0d6fb48\" data-element_type=\"column\">\n\t\t\t<div class=\"elementor-widget-wrap elementor-element-populated\">\n\t\t\t\t\t\t<div class=\"elementor-element elementor-element-225dbcc elementor-align-center elementor-widget elementor-widget-button\" data-id=\"225dbcc\" data-element_type=\"widget\" data-widget_type=\"button.default\">\n\t\t\t\t<div class=\"elementor-widget-container\">\n\t\t\t\t\t<div class=\"elementor-button-wrapper\">\n\t\t\t<a class=\"elementor-button elementor-button-link elementor-size-lg\" href=\"https:\/\/app.viqtor.eu\/\">\n\t\t\t\t\t\t<span class=\"elementor-button-content-wrapper\">\n\t\t\t\t\t\t<span class=\"elementor-button-icon\">\n\t\t\t\t<i aria-hidden=\"true\" class=\"fas fa-long-arrow-alt-right\"><\/i>\t\t\t<\/span>\n\t\t\t\t\t\t\t\t\t<span class=\"elementor-button-text\">Scopri Viqtor\u00ae<\/span>\n\t\t\t\t\t<\/span>\n\t\t\t\t\t<\/a>\n\t\t<\/div>\n\t\t\t\t<\/div>\n\t\t\t\t<\/div>\n\t\t\t\t\t<\/div>\n\t\t<\/div>\n\t\t\t\t\t<\/div>\n\t\t<\/section>\n\t\t\t\t<\/div>","protected":false},"excerpt":{"rendered":"<p>Notizie sulla regolamentazione: celebrazioni e supervisione Legal Watch n. 31 \u2013 gennaio 2021 Notizie sulla regolamentazione: celebrazioni e supervisione. Gli ultimi giorni sono stati l&#039;occasione per celebrare (virtualmente) diversi anniversari. Il 28 gennaio, gli stakeholder della privacy in Europa, Africa, Americhe e [\u2026]<\/p>","protected":false},"author":1,"featured_media":5709,"comment_status":"closed","ping_status":"open","sticky":false,"template":"elementor_header_footer","format":"standard","meta":{"_acf_changed":false,"footnotes":""},"categories":[35],"tags":[],"class_list":["post-5454","post","type-post","status-publish","format-standard","has-post-thumbnail","hentry","category-veille-juridique"],"acf":[],"yoast_head":"<!-- This site is optimized with the Yoast SEO plugin v23.6 - https:\/\/yoast.com\/wordpress\/plugins\/seo\/ -->\n<title>L\u2019actualit\u00e9 des autorit\u00e9s de contr\u00f4le : c\u00e9l\u00e9brations et supervision - Viqtor<\/title>\n<meta name=\"description\" content=\"L\u2019actualit\u00e9 des autorit\u00e9s de contr\u00f4le : c\u00e9l\u00e9brations et supervision Veille juridique - Viqtor\" \/>\n<meta name=\"robots\" content=\"index, follow, max-snippet:-1, max-image-preview:large, max-video-preview:-1\" \/>\n<link rel=\"canonical\" href=\"https:\/\/viqtor.eu\/it\/lactualite-des-autorites-de-controle\/\" \/>\n<meta property=\"og:locale\" content=\"it_IT\" \/>\n<meta property=\"og:type\" content=\"article\" \/>\n<meta property=\"og:title\" content=\"L\u2019actualit\u00e9 des autorit\u00e9s de contr\u00f4le : c\u00e9l\u00e9brations et supervision - Viqtor\" \/>\n<meta property=\"og:description\" content=\"L\u2019actualit\u00e9 des autorit\u00e9s de contr\u00f4le : c\u00e9l\u00e9brations et supervision Veille juridique - Viqtor\" \/>\n<meta property=\"og:url\" content=\"https:\/\/viqtor.eu\/it\/lactualite-des-autorites-de-controle\/\" \/>\n<meta property=\"og:site_name\" content=\"Viqtor\" \/>\n<meta property=\"article:published_time\" content=\"2023-04-19T10:34:16+00:00\" \/>\n<meta property=\"article:modified_time\" content=\"2024-07-22T13:10:50+00:00\" \/>\n<meta property=\"og:image\" content=\"https:\/\/viqtor.eu\/wp-content\/uploads\/2026\/04\/widget-viqtor.png\" \/>\n\t<meta property=\"og:image:width\" content=\"1000\" \/>\n\t<meta property=\"og:image:height\" content=\"667\" \/>\n\t<meta property=\"og:image:type\" content=\"image\/jpeg\" \/>\n<meta name=\"author\" content=\"Bruno\" \/>\n<meta name=\"twitter:card\" content=\"summary_large_image\" \/>\n<meta name=\"twitter:label1\" content=\"Scritto da\" \/>\n\t<meta name=\"twitter:data1\" content=\"Bruno\" \/>\n\t<meta name=\"twitter:label2\" content=\"Tempo di lettura stimato\" \/>\n\t<meta name=\"twitter:data2\" content=\"6 minuti\" \/>\n<script type=\"application\/ld+json\" class=\"yoast-schema-graph\">{\"@context\":\"https:\/\/schema.org\",\"@graph\":[{\"@type\":\"Article\",\"@id\":\"https:\/\/viqtor.eu\/lactualite-des-autorites-de-controle\/#article\",\"isPartOf\":{\"@id\":\"https:\/\/viqtor.eu\/lactualite-des-autorites-de-controle\/\"},\"author\":{\"name\":\"Bruno\",\"@id\":\"https:\/\/viqtor.eu\/#\/schema\/person\/3dbd9cc82a28f6cf1695c92eda0099ad\"},\"headline\":\"L\u2019actualit\u00e9 des autorit\u00e9s de contr\u00f4le : c\u00e9l\u00e9brations et supervision\",\"datePublished\":\"2023-04-19T10:34:16+00:00\",\"dateModified\":\"2024-07-22T13:10:50+00:00\",\"mainEntityOfPage\":{\"@id\":\"https:\/\/viqtor.eu\/lactualite-des-autorites-de-controle\/\"},\"wordCount\":1189,\"publisher\":{\"@id\":\"https:\/\/viqtor.eu\/#organization\"},\"image\":{\"@id\":\"https:\/\/viqtor.eu\/lactualite-des-autorites-de-controle\/#primaryimage\"},\"thumbnailUrl\":\"https:\/\/viqtor.eu\/wp-content\/uploads\/2023\/04\/shutterstock_507250789.jpg\",\"articleSection\":[\"Veille juridique\"],\"inLanguage\":\"it-IT\"},{\"@type\":\"WebPage\",\"@id\":\"https:\/\/viqtor.eu\/lactualite-des-autorites-de-controle\/\",\"url\":\"https:\/\/viqtor.eu\/lactualite-des-autorites-de-controle\/\",\"name\":\"L\u2019actualit\u00e9 des autorit\u00e9s de contr\u00f4le : c\u00e9l\u00e9brations et supervision - Viqtor\",\"isPartOf\":{\"@id\":\"https:\/\/viqtor.eu\/#website\"},\"primaryImageOfPage\":{\"@id\":\"https:\/\/viqtor.eu\/lactualite-des-autorites-de-controle\/#primaryimage\"},\"image\":{\"@id\":\"https:\/\/viqtor.eu\/lactualite-des-autorites-de-controle\/#primaryimage\"},\"thumbnailUrl\":\"https:\/\/viqtor.eu\/wp-content\/uploads\/2023\/04\/shutterstock_507250789.jpg\",\"datePublished\":\"2023-04-19T10:34:16+00:00\",\"dateModified\":\"2024-07-22T13:10:50+00:00\",\"description\":\"L\u2019actualit\u00e9 des autorit\u00e9s de contr\u00f4le : c\u00e9l\u00e9brations et supervision Veille juridique - Viqtor\",\"breadcrumb\":{\"@id\":\"https:\/\/viqtor.eu\/lactualite-des-autorites-de-controle\/#breadcrumb\"},\"inLanguage\":\"it-IT\",\"potentialAction\":[{\"@type\":\"ReadAction\",\"target\":[\"https:\/\/viqtor.eu\/lactualite-des-autorites-de-controle\/\"]}]},{\"@type\":\"ImageObject\",\"inLanguage\":\"it-IT\",\"@id\":\"https:\/\/viqtor.eu\/lactualite-des-autorites-de-controle\/#primaryimage\",\"url\":\"https:\/\/viqtor.eu\/wp-content\/uploads\/2023\/04\/shutterstock_507250789.jpg\",\"contentUrl\":\"https:\/\/viqtor.eu\/wp-content\/uploads\/2023\/04\/shutterstock_507250789.jpg\",\"width\":1000,\"height\":667},{\"@type\":\"BreadcrumbList\",\"@id\":\"https:\/\/viqtor.eu\/lactualite-des-autorites-de-controle\/#breadcrumb\",\"itemListElement\":[{\"@type\":\"ListItem\",\"position\":1,\"name\":\"Accueil\",\"item\":\"https:\/\/viqtor.eu\/\"},{\"@type\":\"ListItem\",\"position\":2,\"name\":\"L\u2019actualit\u00e9 des autorit\u00e9s de contr\u00f4le : c\u00e9l\u00e9brations et supervision\"}]},{\"@type\":\"WebSite\",\"@id\":\"https:\/\/viqtor.eu\/#website\",\"url\":\"https:\/\/viqtor.eu\/\",\"name\":\"Viqtor\",\"description\":\"Faites du RGPD une opportunit\u00e9 pour votre entreprise.\",\"publisher\":{\"@id\":\"https:\/\/viqtor.eu\/#organization\"},\"potentialAction\":[{\"@type\":\"SearchAction\",\"target\":{\"@type\":\"EntryPoint\",\"urlTemplate\":\"https:\/\/viqtor.eu\/?s={search_term_string}\"},\"query-input\":{\"@type\":\"PropertyValueSpecification\",\"valueRequired\":true,\"valueName\":\"search_term_string\"}}],\"inLanguage\":\"it-IT\"},{\"@type\":\"Organization\",\"@id\":\"https:\/\/viqtor.eu\/#organization\",\"name\":\"viqtor.eu\",\"url\":\"https:\/\/viqtor.eu\/\",\"logo\":{\"@type\":\"ImageObject\",\"inLanguage\":\"it-IT\",\"@id\":\"https:\/\/viqtor.eu\/#\/schema\/logo\/image\/\",\"url\":\"https:\/\/viqtor.eu\/wp-content\/uploads\/2023\/06\/favicon-noir.svg\",\"contentUrl\":\"https:\/\/viqtor.eu\/wp-content\/uploads\/2023\/06\/favicon-noir.svg\",\"width\":108,\"height\":86,\"caption\":\"viqtor.eu\"},\"image\":{\"@id\":\"https:\/\/viqtor.eu\/#\/schema\/logo\/image\/\"}},{\"@type\":\"Person\",\"@id\":\"https:\/\/viqtor.eu\/#\/schema\/person\/3dbd9cc82a28f6cf1695c92eda0099ad\",\"name\":\"Bruno\",\"image\":{\"@type\":\"ImageObject\",\"inLanguage\":\"it-IT\",\"@id\":\"https:\/\/viqtor.eu\/#\/schema\/person\/image\/\",\"url\":\"https:\/\/secure.gravatar.com\/avatar\/e5a596f9489de15bfe046e97fb771f63589b601ca7e81ccc2bb9a23582f441a3?s=96&d=mm&r=g\",\"contentUrl\":\"https:\/\/secure.gravatar.com\/avatar\/e5a596f9489de15bfe046e97fb771f63589b601ca7e81ccc2bb9a23582f441a3?s=96&d=mm&r=g\",\"caption\":\"Bruno\"},\"sameAs\":[\"https:\/\/exciting-panini.13-37-234-21.plesk.page\"],\"url\":\"https:\/\/viqtor.eu\/it\/author\/mouad_zxum2ebi\/\"}]}<\/script>\n<!-- \/ Yoast SEO plugin. -->","yoast_head_json":{"title":"L\u2019actualit\u00e9 des autorit\u00e9s de contr\u00f4le : c\u00e9l\u00e9brations et supervision - Viqtor","description":"L\u2019actualit\u00e9 des autorit\u00e9s de contr\u00f4le : c\u00e9l\u00e9brations et supervision Veille juridique - Viqtor","robots":{"index":"index","follow":"follow","max-snippet":"max-snippet:-1","max-image-preview":"max-image-preview:large","max-video-preview":"max-video-preview:-1"},"canonical":"https:\/\/viqtor.eu\/it\/lactualite-des-autorites-de-controle\/","og_locale":"it_IT","og_type":"article","og_title":"L\u2019actualit\u00e9 des autorit\u00e9s de contr\u00f4le : c\u00e9l\u00e9brations et supervision - Viqtor","og_description":"L\u2019actualit\u00e9 des autorit\u00e9s de contr\u00f4le : c\u00e9l\u00e9brations et supervision Veille juridique - Viqtor","og_url":"https:\/\/viqtor.eu\/it\/lactualite-des-autorites-de-controle\/","og_site_name":"Viqtor","article_published_time":"2023-04-19T10:34:16+00:00","article_modified_time":"2024-07-22T13:10:50+00:00","og_image":[{"width":1000,"height":667,"url":"https:\/\/viqtor.eu\/wp-content\/uploads\/2026\/04\/widget-viqtor.png","type":"image\/jpeg"}],"author":"Bruno","twitter_card":"summary_large_image","twitter_misc":{"Scritto da":"Bruno","Tempo di lettura stimato":"6 minuti"},"schema":{"@context":"https:\/\/schema.org","@graph":[{"@type":"Article","@id":"https:\/\/viqtor.eu\/lactualite-des-autorites-de-controle\/#article","isPartOf":{"@id":"https:\/\/viqtor.eu\/lactualite-des-autorites-de-controle\/"},"author":{"name":"Bruno","@id":"https:\/\/viqtor.eu\/#\/schema\/person\/3dbd9cc82a28f6cf1695c92eda0099ad"},"headline":"L\u2019actualit\u00e9 des autorit\u00e9s de contr\u00f4le : c\u00e9l\u00e9brations et supervision","datePublished":"2023-04-19T10:34:16+00:00","dateModified":"2024-07-22T13:10:50+00:00","mainEntityOfPage":{"@id":"https:\/\/viqtor.eu\/lactualite-des-autorites-de-controle\/"},"wordCount":1189,"publisher":{"@id":"https:\/\/viqtor.eu\/#organization"},"image":{"@id":"https:\/\/viqtor.eu\/lactualite-des-autorites-de-controle\/#primaryimage"},"thumbnailUrl":"https:\/\/viqtor.eu\/wp-content\/uploads\/2023\/04\/shutterstock_507250789.jpg","articleSection":["Veille juridique"],"inLanguage":"it-IT"},{"@type":"WebPage","@id":"https:\/\/viqtor.eu\/lactualite-des-autorites-de-controle\/","url":"https:\/\/viqtor.eu\/lactualite-des-autorites-de-controle\/","name":"L\u2019actualit\u00e9 des autorit\u00e9s de contr\u00f4le : c\u00e9l\u00e9brations et supervision - Viqtor","isPartOf":{"@id":"https:\/\/viqtor.eu\/#website"},"primaryImageOfPage":{"@id":"https:\/\/viqtor.eu\/lactualite-des-autorites-de-controle\/#primaryimage"},"image":{"@id":"https:\/\/viqtor.eu\/lactualite-des-autorites-de-controle\/#primaryimage"},"thumbnailUrl":"https:\/\/viqtor.eu\/wp-content\/uploads\/2023\/04\/shutterstock_507250789.jpg","datePublished":"2023-04-19T10:34:16+00:00","dateModified":"2024-07-22T13:10:50+00:00","description":"L\u2019actualit\u00e9 des autorit\u00e9s de contr\u00f4le : c\u00e9l\u00e9brations et supervision Veille juridique - Viqtor","breadcrumb":{"@id":"https:\/\/viqtor.eu\/lactualite-des-autorites-de-controle\/#breadcrumb"},"inLanguage":"it-IT","potentialAction":[{"@type":"ReadAction","target":["https:\/\/viqtor.eu\/lactualite-des-autorites-de-controle\/"]}]},{"@type":"ImageObject","inLanguage":"it-IT","@id":"https:\/\/viqtor.eu\/lactualite-des-autorites-de-controle\/#primaryimage","url":"https:\/\/viqtor.eu\/wp-content\/uploads\/2023\/04\/shutterstock_507250789.jpg","contentUrl":"https:\/\/viqtor.eu\/wp-content\/uploads\/2023\/04\/shutterstock_507250789.jpg","width":1000,"height":667},{"@type":"BreadcrumbList","@id":"https:\/\/viqtor.eu\/lactualite-des-autorites-de-controle\/#breadcrumb","itemListElement":[{"@type":"ListItem","position":1,"name":"Accueil","item":"https:\/\/viqtor.eu\/"},{"@type":"ListItem","position":2,"name":"L\u2019actualit\u00e9 des autorit\u00e9s de contr\u00f4le : c\u00e9l\u00e9brations et supervision"}]},{"@type":"WebSite","@id":"https:\/\/viqtor.eu\/#website","url":"https:\/\/viqtor.eu\/","name":"Viqtor","description":"Faites du RGPD une opportunit\u00e9 pour votre entreprise.","publisher":{"@id":"https:\/\/viqtor.eu\/#organization"},"potentialAction":[{"@type":"SearchAction","target":{"@type":"EntryPoint","urlTemplate":"https:\/\/viqtor.eu\/?s={search_term_string}"},"query-input":{"@type":"PropertyValueSpecification","valueRequired":true,"valueName":"search_term_string"}}],"inLanguage":"it-IT"},{"@type":"Organization","@id":"https:\/\/viqtor.eu\/#organization","name":"viqtor.eu","url":"https:\/\/viqtor.eu\/","logo":{"@type":"ImageObject","inLanguage":"it-IT","@id":"https:\/\/viqtor.eu\/#\/schema\/logo\/image\/","url":"https:\/\/viqtor.eu\/wp-content\/uploads\/2023\/06\/favicon-noir.svg","contentUrl":"https:\/\/viqtor.eu\/wp-content\/uploads\/2023\/06\/favicon-noir.svg","width":108,"height":86,"caption":"viqtor.eu"},"image":{"@id":"https:\/\/viqtor.eu\/#\/schema\/logo\/image\/"}},{"@type":"Person","@id":"https:\/\/viqtor.eu\/#\/schema\/person\/3dbd9cc82a28f6cf1695c92eda0099ad","name":"Bruno","image":{"@type":"ImageObject","inLanguage":"it-IT","@id":"https:\/\/viqtor.eu\/#\/schema\/person\/image\/","url":"https:\/\/secure.gravatar.com\/avatar\/e5a596f9489de15bfe046e97fb771f63589b601ca7e81ccc2bb9a23582f441a3?s=96&d=mm&r=g","contentUrl":"https:\/\/secure.gravatar.com\/avatar\/e5a596f9489de15bfe046e97fb771f63589b601ca7e81ccc2bb9a23582f441a3?s=96&d=mm&r=g","caption":"Bruno"},"sameAs":["https:\/\/exciting-panini.13-37-234-21.plesk.page"],"url":"https:\/\/viqtor.eu\/it\/author\/mouad_zxum2ebi\/"}]}},"_links":{"self":[{"href":"https:\/\/viqtor.eu\/it\/wp-json\/wp\/v2\/posts\/5454","targetHints":{"allow":["GET"]}}],"collection":[{"href":"https:\/\/viqtor.eu\/it\/wp-json\/wp\/v2\/posts"}],"about":[{"href":"https:\/\/viqtor.eu\/it\/wp-json\/wp\/v2\/types\/post"}],"author":[{"embeddable":true,"href":"https:\/\/viqtor.eu\/it\/wp-json\/wp\/v2\/users\/1"}],"replies":[{"embeddable":true,"href":"https:\/\/viqtor.eu\/it\/wp-json\/wp\/v2\/comments?post=5454"}],"version-history":[{"count":14,"href":"https:\/\/viqtor.eu\/it\/wp-json\/wp\/v2\/posts\/5454\/revisions"}],"predecessor-version":[{"id":11896,"href":"https:\/\/viqtor.eu\/it\/wp-json\/wp\/v2\/posts\/5454\/revisions\/11896"}],"wp:featuredmedia":[{"embeddable":true,"href":"https:\/\/viqtor.eu\/it\/wp-json\/wp\/v2\/media\/5709"}],"wp:attachment":[{"href":"https:\/\/viqtor.eu\/it\/wp-json\/wp\/v2\/media?parent=5454"}],"wp:term":[{"taxonomy":"category","embeddable":true,"href":"https:\/\/viqtor.eu\/it\/wp-json\/wp\/v2\/categories?post=5454"},{"taxonomy":"post_tag","embeddable":true,"href":"https:\/\/viqtor.eu\/it\/wp-json\/wp\/v2\/tags?post=5454"}],"curies":[{"name":"wp","href":"https:\/\/api.w.org\/{rel}","templated":true}]}}