{"id":5844,"date":"2023-04-25T15:05:08","date_gmt":"2023-04-25T15:05:08","guid":{"rendered":"https:\/\/exciting-panini.13-37-234-21.plesk.page\/?p=5844"},"modified":"2024-08-06T12:18:14","modified_gmt":"2024-08-06T12:18:14","slug":"le-role-du-delegue-a-la-protection-des-donnees-dpd-ou-dpo","status":"publish","type":"post","link":"https:\/\/viqtor.eu\/hr\/le-role-du-delegue-a-la-protection-des-donnees-dpd-ou-dpo\/","title":{"rendered":"Uloga slu\u017ebenika za za\u0161titu podataka (DPO)"},"content":{"rendered":"<div data-elementor-type=\"wp-post\" data-elementor-id=\"5844\" class=\"elementor elementor-5844\" data-elementor-post-type=\"post\">\n\t\t\t\t\t\t<section class=\"elementor-section elementor-top-section elementor-element elementor-element-5c3d50f ot-traditional elementor-section-boxed elementor-section-height-default elementor-section-height-default\" data-id=\"5c3d50f\" data-element_type=\"section\">\n\t\t\t\t\t\t<div class=\"elementor-container elementor-column-gap-default\">\n\t\t\t\t\t<div class=\"elementor-column elementor-col-100 elementor-top-column elementor-element elementor-element-414bee4 ot-flex-column-vertical\" data-id=\"414bee4\" data-element_type=\"column\">\n\t\t\t<div class=\"elementor-widget-wrap elementor-element-populated\">\n\t\t\t\t\t\t<div class=\"elementor-element elementor-element-f546bfd elementor-widget elementor-widget-image\" data-id=\"f546bfd\" data-element_type=\"widget\" data-widget_type=\"image.default\">\n\t\t\t\t<div class=\"elementor-widget-container\">\n\t\t\t\t\t\t\t\t\t\t\t\t\t<img fetchpriority=\"high\" decoding=\"async\" width=\"1000\" height=\"667\" src=\"https:\/\/viqtor.eu\/wp-content\/uploads\/2023\/04\/Le-role-du-Delegue-a-la-protection-des-donnees-DPD-ou-DPO.jpg\" class=\"attachment-full size-full wp-image-12193\" alt=\"Le r\u00f4le du D\u00e9l\u00e9gu\u00e9 \u00e0 la protection des donn\u00e9es (DPD ou DPO)\" srcset=\"https:\/\/viqtor.eu\/wp-content\/uploads\/2023\/04\/Le-role-du-Delegue-a-la-protection-des-donnees-DPD-ou-DPO.jpg 1000w, https:\/\/viqtor.eu\/wp-content\/uploads\/2023\/04\/Le-role-du-Delegue-a-la-protection-des-donnees-DPD-ou-DPO-300x200.jpg 300w, https:\/\/viqtor.eu\/wp-content\/uploads\/2023\/04\/Le-role-du-Delegue-a-la-protection-des-donnees-DPD-ou-DPO-768x512.jpg 768w, https:\/\/viqtor.eu\/wp-content\/uploads\/2023\/04\/Le-role-du-Delegue-a-la-protection-des-donnees-DPD-ou-DPO-720x480.jpg 720w\" sizes=\"(max-width: 1000px) 100vw, 1000px\" \/>\t\t\t\t\t\t\t\t\t\t\t\t\t<\/div>\n\t\t\t\t<\/div>\n\t\t\t\t\t<\/div>\n\t\t<\/div>\n\t\t\t\t\t<\/div>\n\t\t<\/section>\n\t\t\t\t<section class=\"elementor-section elementor-top-section elementor-element elementor-element-f256bdc ot-traditional elementor-section-boxed elementor-section-height-default elementor-section-height-default\" data-id=\"f256bdc\" data-element_type=\"section\">\n\t\t\t\t\t\t<div class=\"elementor-container elementor-column-gap-default\">\n\t\t\t\t\t<div class=\"elementor-column elementor-col-100 elementor-top-column elementor-element elementor-element-0fbc7db ot-flex-column-vertical\" data-id=\"0fbc7db\" data-element_type=\"column\">\n\t\t\t<div class=\"elementor-widget-wrap elementor-element-populated\">\n\t\t\t\t\t\t<div class=\"elementor-element elementor-element-d930e04 elementor-widget elementor-widget-heading\" data-id=\"d930e04\" data-element_type=\"widget\" data-widget_type=\"heading.default\">\n\t\t\t\t<div class=\"elementor-widget-container\">\n\t\t\t<h1 class=\"elementor-heading-title elementor-size-default\">Uloga slu\u017ebenika za za\u0161titu podataka (DPO)<\/h1>\t\t<\/div>\n\t\t\t\t<\/div>\n\t\t\t\t\t<\/div>\n\t\t<\/div>\n\t\t\t\t\t<\/div>\n\t\t<\/section>\n\t\t\t\t<section class=\"elementor-section elementor-top-section elementor-element elementor-element-347d9a81 ot-traditional elementor-section-boxed elementor-section-height-default elementor-section-height-default\" data-id=\"347d9a81\" data-element_type=\"section\">\n\t\t\t\t\t\t<div class=\"elementor-container elementor-column-gap-default\">\n\t\t\t\t\t<div class=\"elementor-column elementor-col-100 elementor-top-column elementor-element elementor-element-4ec7fdcb ot-flex-column-vertical\" data-id=\"4ec7fdcb\" data-element_type=\"column\">\n\t\t\t<div class=\"elementor-widget-wrap elementor-element-populated\">\n\t\t\t\t\t\t<div class=\"elementor-element elementor-element-246a3cd7 elementor-widget elementor-widget-text-editor\" data-id=\"246a3cd7\" data-element_type=\"widget\" data-widget_type=\"text-editor.default\">\n\t\t\t\t<div class=\"elementor-widget-container\">\n\t\t\t\t\t\t\t<!-- wp:paragraph -->\n<p><strong>Ulomak iz knjige Bruna DUMAYA: DE\u0160IFRACIJA GDPR-a \u2013 Za menad\u017eere, strate\u0161ke odjele i zaposlenike tvrtki i organizacija \u2013 Predgovor Ga\u00eblle MONTEILLER<\/strong><\/p>\n<!-- \/wp:paragraph --><!-- wp:paragraph -->\n<p>Uz Procjenu utjecaja, slu\u017ebenik za za\u0161titu podataka (DPO) je druga simboli\u010dna tvorevina GDPR-a. U Francuskoj logi\u010dno zamjenjuje slu\u017ebenika za za\u0161titu podataka (CIL), odnosno slu\u017ebenika za za\u0161titu podataka (CPL). Me\u0111utim, treba napomenuti da Europska unija ve\u0107 dugo preporu\u010duje imenovanje DPO-a u velikim administrativnim i gospodarskim strukturama te da su neke slijedile tu preporuku.<\/p>\n<!-- \/wp:paragraph --><!-- wp:paragraph -->\n<p>G29 je radio na ulozi slu\u017ebenika za za\u0161titu podataka i usvojio neke \u201esmjernice\u201c finalizirane 5. travnja 2017. Ti detalji poma\u017eu nam da definiramo obrise i sadr\u017eaj ove klju\u010dne pozicije.<\/p>\n<!-- \/wp:paragraph --><!-- wp:paragraph -->\n<p>Imenovanje slu\u017ebenika za za\u0161titu podataka obvezno je za (\u010dl. 37-1):<\/p>\n<!-- \/wp:paragraph --><!-- wp:paragraph -->\n<p>\u2013 javna tijela;<\/p>\n<!-- \/wp:paragraph --><!-- wp:paragraph -->\n<p>\u2013 organizacije \u010dije temeljne aktivnosti zahtijevaju redovito i sustavno pra\u0107enje pojedinaca u velikim razmjerima. G29 razlikuje pomo\u0107ne aktivnosti, poput obra\u010duna pla\u0107a ili IT-a, i temeljne aktivnosti koje se odnose na temeljno poslovanje organizacije (npr. zdravstveni podaci za bolnicu). Sli\u010dno tome, zauzima vrlo \u0161iroko gledi\u0161te o konceptu \u201eredovitog i sustavnog pra\u0107enja\u201c, koji nije ograni\u010den samo na online okru\u017eenje;<\/p>\n<!-- \/wp:paragraph --><!-- wp:paragraph -->\n<p>\u2013 organizacije \u010dije temeljne aktivnosti dovode do obrade \u201eosjetljivih\u201c podataka ili podataka koji se odnose na kaznene osude i prekr\u0161aje u velikim razmjerima (G29 pru\u017ea zna\u010dajne elemente za odre\u0111ivanje \u0161to se podrazumijeva pod \u201evelikim razmjerima\u201c).<\/p>\n<!-- \/wp:paragraph --><!-- wp:paragraph -->\n<p>Grupa tvrtki ili skup javnih tijela mo\u017ee imenovati jednog DPO-a (\u010dl. 37-2 i 37-3). Naravno, imenovanje DPO-a sna\u017eno preporu\u010duje G29, kao i ovdje dobru praksu.<\/p>\n<!-- \/wp:paragraph --><!-- wp:paragraph -->\n<p>Slu\u017ebenika za za\u0161titu podataka imenuje voditelj obrade i, gdje je to primjenjivo, izvr\u0161itelj obrade, na temelju njegovih ili njezinih profesionalnih kvaliteta, \u201eposebno njegovog ili njezinog stru\u010dnog znanja o zakonima i praksama za\u0161tite podataka te njegove ili njezine sposobnosti obavljanja svojih du\u017enosti\u201c (\u010dl. 37-5). \u0160to su operacije obrade slo\u017eenije, to su o\u010dekivane vje\u0161tine ve\u0107e.<\/p>\n<!-- \/wp:paragraph --><!-- wp:paragraph -->\n<p>Slu\u017ebenik za za\u0161titu podataka mo\u017ee biti interni ili eksterni u odnosu na organizaciju, a u potonjem slu\u010daju svoju misiju obavlja na temelju ugovora. Ako je pru\u017eatelj usluga tim, zadaci svakog \u010dlana moraju biti odre\u0111eni i imenovan voditelj tima. WP29 preporu\u010duje da slu\u017ebenik za za\u0161titu podataka bude lako &quot;dostupan&quot; te da stoga bude osnovan u Europskoj uniji. Me\u0111utim, posebno kada se kontrolor ili obra\u0111iva\u010d nalaze izvan Europske unije, prihvatljivo je da slu\u017ebenik za za\u0161titu podataka bude smje\u0161ten izvan EU ako na taj na\u010din mo\u017ee djelovati u\u010dinkovitije.<\/p>\n<!-- \/wp:paragraph --><!-- wp:paragraph -->\n<p>Slu\u017ebenik za za\u0161titu podataka ne igra samo simboli\u010dnu ulogu. Mora biti uklju\u010den, od strane kontrolora podataka i obra\u0111iva\u010da, &quot;u sva pitanja koja se odnose na za\u0161titu osobnih podataka&quot; (\u010dl. 38-1). Mo\u017ee ga kontaktirati bilo koja osoba \u010diji se osobni podaci obra\u0111uju (\u010dl. 38-4). Ima &quot;potrebne resurse&quot; za obavljanje svojih du\u017enosti, ima pristup podacima i postupcima obrade, te \u010dak mora biti u mogu\u0107nosti &quot;odr\u017eavati svoje specijalizirano znanje&quot; (\u010dl. 38-2). Pod &quot;potrebnim resursima&quot;, G29 tako\u0111er misli na podr\u0161ku kroz nadzor, dovoljno vremena, materijalne uvjete i obuku. Slu\u017ebenik za za\u0161titu podataka je, na neki na\u010din, posve\u0107en.<\/p>\n<!-- \/wp:paragraph --><!-- wp:paragraph -->\n<p>Tim vi\u0161e \u0161to je njegova neovisnost zajam\u010dena. On zapravo ne mo\u017ee &quot;primati nikakve upute u vezi s izvr\u0161avanjem zadataka&quot; (\u010dl. 38-3). Voditelj obrade podataka i podizvo\u0111a\u010d nemaju mo\u0107 nad njim (me\u0111utim, imaju ovlast imenovati ga), koji je odgovoran samo &quot;najvi\u0161oj razini&quot; njihovog menad\u017ementa. Tako\u0111er je podlo\u017ean profesionalnoj tajni i obvezi povjerljivosti (\u010dl. 38-5).<\/p>\n<!-- \/wp:paragraph --><!-- wp:paragraph -->\n<p>Unato\u010d svom statusu, DPO nije odgovoran za nepo\u0161tivanje GDPR-a od strane organizacije koja ga je anga\u017eirala. Odgovoran je samo voditelj obrade i\/ili obra\u0111iva\u010d. Kaznena odgovornost mo\u017ee nastupiti samo u slu\u010daju suu\u010desni\u0161tva u namjernom kr\u0161enju.<\/p>\n<!-- \/wp:paragraph --><!-- wp:paragraph -->\n<p>Slu\u017ebenik za za\u0161titu podataka mo\u017ee obavljati i druge du\u017enosti i zadatke, koji ne smiju uklju\u010divati sukob interesa (\u010dl. 38-6). Stoga mu je nemogu\u0107e obavljati funkcije koje bi ga dovele do odlu\u010divanja o svrhama i sredstvima obrade osobnih podataka. Slu\u017ebenik za za\u0161titu podataka stoga te\u0161ko mo\u017ee obavljati upravlja\u010dke funkcije organizacije ili raditi unutar odjela odgovornog za upravljanje podacima. Godine 2015. CNIL je proveo studiju kako bi utvrdio profile slu\u017ebenika za za\u0161titu podataka; pokazalo se da ne postoji tipi\u010dan profil: 47 % imalo je tehni\u010dki profil, 19 % pravni profil, a 10 % administrativni profil. Vjerojatno je da \u0107e se, barem u po\u010detku, ovaj nedostatak tipi\u010dnog profila na\u0107i me\u0111u slu\u017ebenicima za za\u0161titu podataka.<\/p>\n<!-- \/wp:paragraph --><!-- wp:paragraph -->\n<p>\u010clanak 39. GDPR-a navodi du\u017enosti delegata:<\/p>\n<!-- \/wp:paragraph --><!-- wp:paragraph -->\n<p>\u2013 obavijestiti i savjetovati voditelja obrade, izvr\u0161itelja obrade i zaposlenike koji provode obradu o njihovim obvezama u vezi s pravilima o obradi osobnih podataka;<\/p>\n<!-- \/wp:paragraph --><!-- wp:paragraph -->\n<p>\u2013 pratiti uskla\u0111enost s propisima, ali i podizati svijest te obu\u010davati osoblje uklju\u010deno u operacije obrade;<\/p>\n<!-- \/wp:paragraph --><!-- wp:paragraph -->\n<p>\u2013 pru\u017eiti savjet, ako se zatra\u017ei, o procjeni u\u010dinka. Smjernice WP29 jasno daju slu\u017ebeniku za za\u0161titu podataka glavnu ulogu u ovoj procjeni. S njim ili njom se mora konzultirati o pravovremenosti, metodologiji i sadr\u017eaju, a zatim procijeniti njezinu kvalitetu;<\/p>\n<!-- \/wp:paragraph --><!-- wp:paragraph -->\n<p>\u2013 sura\u0111ivati s nadzornim tijelom i biti kontaktna to\u010dka za njega. U trenutku pisanja ovog teksta, CNIL razvija obrazac za imenovanje DPO-a.<\/p>\n<!-- \/wp:paragraph --><!-- wp:paragraph -->\n<p>Nije u \u010dlanku, ali G29 dodaje dodatnu, i neobaveznu, misiju DPO-a: \u201eNi\u0161ta ne sprje\u010dava kontrolora ili obra\u0111iva\u010da da povjere DPO-u misiju vo\u0111enja registra operacija obrade koje se provode pod odgovorno\u0161\u0107u kontrolora ili obra\u0111iva\u010da.\u201c Mo\u017eda je ovo prijedlog za olak\u0161avanje protoka informacija izme\u0111u razli\u010ditih aktera?<\/p>\n<!-- \/wp:paragraph --><!-- wp:paragraph -->\n<p>To ne bi bilo beskorisno. Jer na kraju analize ove funkcije ka\u017eemo si da ne\u0107e biti lako prona\u0107i, \u010dak ni u velikoj tvrtki, osobu koja je i kompetentna za ovu glavnu ulogu i oslobo\u0111ena bilo kakve odgovornosti u obradi podataka kako bi se izbjegao sukob interesa. Doista nije lako biti svjestan odredbi propisa, a posebno njihovih posljedica, kada ih ne moramo sami provoditi u kontekstu vlastitog rada.<\/p>\n<!-- \/wp:paragraph --><!-- wp:paragraph -->\n<p>U ovom trenutku, opis problema imenovanja slu\u017ebenika za za\u0161titu podataka je jednostavan, iako se zapravo radi o tri odvojene izjave:<\/p>\n<!-- \/wp:paragraph --><!-- wp:paragraph -->\n<p>Prilikom internog imenovanja postoje brojne prepreke koje treba prevladati, poput socijalnog aspekta i ponovnog pregovaranja o ugovoru o radu. Doista, u ovom slu\u010daju, sigurno je da opseg ove nove misije nije bio poznat kada je ugovor prvobitno potpisan. Ako dodamo pojam rizika, izravnu i isklju\u010divu podre\u0111enost upravljanju tvrtke i ni\u010demu drugome, to je zna\u010dajna izmjena ugovora, dakle, to je novi ugovor o radu. I tko \u0107e ga interno ocijeniti, kontrolirati? I tko \u0107e obavljati svoj posao, budu\u0107i da vi\u0161e ne mogu biti suci i arbitri...<\/p>\n<!-- \/wp:paragraph --><!-- wp:paragraph -->\n<p>Zaposlite ga i potra\u017enja \u0107e porasti. Velike i srednje tvrtke toliko tra\u017ee taj profil da zbog nedostatka dolazi do prave inflacije. Problem ostaje: tko \u0107e ga ocjenjivati i pratiti?<\/p>\n<!-- \/wp:paragraph --><!-- wp:paragraph -->\n<p>Stoga, za\u0161to ne delegirati ovu funkciju DPO-a ovla\u0161tenom stru\u010dnjaku, koji bi svoju ulogu mogao obavljati s vje\u0161tinom i neovisno\u0161\u0107u koju je interno te\u0161ko uskladiti? Uredba ne govori ni\u0161ta o toj mogu\u0107nosti, a bit \u0107e potrebno vidjeti u praksi je li to zamislivo i predvi\u0111eno (ni\u0161ta nas ne sprje\u010dava da o toj temi propitamo CNIL). U svakom slu\u010daju, \u010dini nam se zanimljivim, jamstvom dobrog odnosa izme\u0111u voditelja obrade podataka i slu\u017ebenika za za\u0161titu podataka.<\/p>\n<!-- \/wp:paragraph --><!-- wp:paragraph -->\n<p>I na kraju, mo\u017eemo jednostavno odlu\u010diti da ne imenujemo DPO-a, jer jednostavno niste strogo obvezni to u\u010diniti.<\/p>\n<!-- \/wp:buttons -->\t\t\t\t\t\t<\/div>\n\t\t\t\t<\/div>\n\t\t\t\t\t<\/div>\n\t\t<\/div>\n\t\t\t\t\t<\/div>\n\t\t<\/section>\n\t\t\t\t<section class=\"elementor-section elementor-top-section elementor-element elementor-element-6971a3e ot-traditional elementor-section-boxed elementor-section-height-default elementor-section-height-default\" data-id=\"6971a3e\" data-element_type=\"section\">\n\t\t\t\t\t\t<div class=\"elementor-container elementor-column-gap-default\">\n\t\t\t\t\t<div class=\"elementor-column elementor-col-100 elementor-top-column elementor-element elementor-element-10a3a56 ot-flex-column-vertical\" data-id=\"10a3a56\" data-element_type=\"column\">\n\t\t\t<div class=\"elementor-widget-wrap elementor-element-populated\">\n\t\t\t\t\t\t<div class=\"elementor-element elementor-element-20edfeb elementor-align-center elementor-widget elementor-widget-button\" data-id=\"20edfeb\" data-element_type=\"widget\" data-widget_type=\"button.default\">\n\t\t\t\t<div class=\"elementor-widget-container\">\n\t\t\t\t\t<div class=\"elementor-button-wrapper\">\n\t\t\t<a class=\"elementor-button elementor-button-link elementor-size-lg\" href=\"https:\/\/app.viqtor.eu\/\">\n\t\t\t\t\t\t<span class=\"elementor-button-content-wrapper\">\n\t\t\t\t\t\t<span class=\"elementor-button-icon\">\n\t\t\t\t<i aria-hidden=\"true\" class=\"fas fa-long-arrow-alt-right\"><\/i>\t\t\t<\/span>\n\t\t\t\t\t\t\t\t\t<span class=\"elementor-button-text\">Otkrijte Viqtor\u00ae<\/span>\n\t\t\t\t\t<\/span>\n\t\t\t\t\t<\/a>\n\t\t<\/div>\n\t\t\t\t<\/div>\n\t\t\t\t<\/div>\n\t\t\t\t\t<\/div>\n\t\t<\/div>\n\t\t\t\t\t<\/div>\n\t\t<\/section>\n\t\t\t\t<\/div>","protected":false},"excerpt":{"rendered":"<p>Uloga slu\u017ebenika za za\u0161titu podataka (DPO) Izvadak iz djela Bruna DUMAYA: DE\u0160IFRA GDPR-a \u2013 Za menad\u017eere, strate\u0161ke odjele i zaposlenike tvrtki i organizacija \u2013 Predgovor Ga\u00eblle MONTEILLER Analizom utjecaja, slu\u017ebenik za za\u0161titu podataka, DPO, (na engleskom data protection [\u2026]<\/p>","protected":false},"author":1,"featured_media":5852,"comment_status":"closed","ping_status":"open","sticky":false,"template":"elementor_header_footer","format":"standard","meta":{"_acf_changed":false,"footnotes":""},"categories":[62],"tags":[38],"class_list":["post-5844","post","type-post","status-publish","format-standard","has-post-thumbnail","hentry","category-decryptage","tag-decryptage"],"acf":[],"yoast_head":"<!-- This site is optimized with the Yoast SEO plugin v23.6 - https:\/\/yoast.com\/wordpress\/plugins\/seo\/ -->\n<title>Le r\u00f4le du D\u00e9l\u00e9gu\u00e9 \u00e0 la protection des donn\u00e9es (DPD ou DPO) - Viqtor<\/title>\n<meta name=\"description\" content=\"Le r\u00f4le du D\u00e9l\u00e9gu\u00e9 \u00e0 la protection des donn\u00e9es (DPD ou DPO) - Viqtor\" \/>\n<meta name=\"robots\" content=\"index, follow, max-snippet:-1, max-image-preview:large, max-video-preview:-1\" \/>\n<link rel=\"canonical\" href=\"https:\/\/viqtor.eu\/hr\/le-role-du-delegue-a-la-protection-des-donnees-dpd-ou-dpo\/\" \/>\n<meta property=\"og:locale\" content=\"hr_HR\" \/>\n<meta property=\"og:type\" content=\"article\" \/>\n<meta property=\"og:title\" content=\"Le r\u00f4le du D\u00e9l\u00e9gu\u00e9 \u00e0 la protection des donn\u00e9es (DPD ou DPO) - Viqtor\" \/>\n<meta property=\"og:description\" content=\"Le r\u00f4le du D\u00e9l\u00e9gu\u00e9 \u00e0 la protection des donn\u00e9es (DPD ou DPO) - Viqtor\" \/>\n<meta property=\"og:url\" content=\"https:\/\/viqtor.eu\/hr\/le-role-du-delegue-a-la-protection-des-donnees-dpd-ou-dpo\/\" \/>\n<meta property=\"og:site_name\" content=\"Viqtor\" \/>\n<meta property=\"article:published_time\" content=\"2023-04-25T15:05:08+00:00\" \/>\n<meta property=\"article:modified_time\" content=\"2024-08-06T12:18:14+00:00\" \/>\n<meta property=\"og:image\" content=\"https:\/\/viqtor.eu\/wp-content\/uploads\/2026\/04\/widget-viqtor.png\" \/>\n\t<meta property=\"og:image:width\" content=\"1000\" \/>\n\t<meta property=\"og:image:height\" content=\"667\" \/>\n\t<meta property=\"og:image:type\" content=\"image\/jpeg\" \/>\n<meta name=\"author\" content=\"Bruno\" \/>\n<meta name=\"twitter:card\" content=\"summary_large_image\" \/>\n<meta name=\"twitter:label1\" content=\"Napisao\/la\" \/>\n\t<meta name=\"twitter:data1\" content=\"Bruno\" \/>\n\t<meta name=\"twitter:label2\" content=\"Procijenjeno vrijeme \u010ditanja\" \/>\n\t<meta name=\"twitter:data2\" content=\"8 minuta\" \/>\n<script type=\"application\/ld+json\" class=\"yoast-schema-graph\">{\"@context\":\"https:\/\/schema.org\",\"@graph\":[{\"@type\":\"Article\",\"@id\":\"https:\/\/viqtor.eu\/le-role-du-delegue-a-la-protection-des-donnees-dpd-ou-dpo\/#article\",\"isPartOf\":{\"@id\":\"https:\/\/viqtor.eu\/le-role-du-delegue-a-la-protection-des-donnees-dpd-ou-dpo\/\"},\"author\":{\"name\":\"Bruno\",\"@id\":\"https:\/\/viqtor.eu\/#\/schema\/person\/3dbd9cc82a28f6cf1695c92eda0099ad\"},\"headline\":\"Le r\u00f4le du D\u00e9l\u00e9gu\u00e9 \u00e0 la protection des donn\u00e9es (DPD ou DPO)\",\"datePublished\":\"2023-04-25T15:05:08+00:00\",\"dateModified\":\"2024-08-06T12:18:14+00:00\",\"mainEntityOfPage\":{\"@id\":\"https:\/\/viqtor.eu\/le-role-du-delegue-a-la-protection-des-donnees-dpd-ou-dpo\/\"},\"wordCount\":1588,\"publisher\":{\"@id\":\"https:\/\/viqtor.eu\/#organization\"},\"image\":{\"@id\":\"https:\/\/viqtor.eu\/le-role-du-delegue-a-la-protection-des-donnees-dpd-ou-dpo\/#primaryimage\"},\"thumbnailUrl\":\"https:\/\/viqtor.eu\/wp-content\/uploads\/2023\/04\/shutterstock_2000247368-1.jpg\",\"keywords\":[\"D\u00e9cryptage\"],\"articleSection\":[\"D\u00e9cryptage\"],\"inLanguage\":\"hr\"},{\"@type\":\"WebPage\",\"@id\":\"https:\/\/viqtor.eu\/le-role-du-delegue-a-la-protection-des-donnees-dpd-ou-dpo\/\",\"url\":\"https:\/\/viqtor.eu\/le-role-du-delegue-a-la-protection-des-donnees-dpd-ou-dpo\/\",\"name\":\"Le r\u00f4le du D\u00e9l\u00e9gu\u00e9 \u00e0 la protection des donn\u00e9es (DPD ou DPO) - Viqtor\",\"isPartOf\":{\"@id\":\"https:\/\/viqtor.eu\/#website\"},\"primaryImageOfPage\":{\"@id\":\"https:\/\/viqtor.eu\/le-role-du-delegue-a-la-protection-des-donnees-dpd-ou-dpo\/#primaryimage\"},\"image\":{\"@id\":\"https:\/\/viqtor.eu\/le-role-du-delegue-a-la-protection-des-donnees-dpd-ou-dpo\/#primaryimage\"},\"thumbnailUrl\":\"https:\/\/viqtor.eu\/wp-content\/uploads\/2023\/04\/shutterstock_2000247368-1.jpg\",\"datePublished\":\"2023-04-25T15:05:08+00:00\",\"dateModified\":\"2024-08-06T12:18:14+00:00\",\"description\":\"Le r\u00f4le du D\u00e9l\u00e9gu\u00e9 \u00e0 la protection des donn\u00e9es (DPD ou DPO) - Viqtor\",\"breadcrumb\":{\"@id\":\"https:\/\/viqtor.eu\/le-role-du-delegue-a-la-protection-des-donnees-dpd-ou-dpo\/#breadcrumb\"},\"inLanguage\":\"hr\",\"potentialAction\":[{\"@type\":\"ReadAction\",\"target\":[\"https:\/\/viqtor.eu\/le-role-du-delegue-a-la-protection-des-donnees-dpd-ou-dpo\/\"]}]},{\"@type\":\"ImageObject\",\"inLanguage\":\"hr\",\"@id\":\"https:\/\/viqtor.eu\/le-role-du-delegue-a-la-protection-des-donnees-dpd-ou-dpo\/#primaryimage\",\"url\":\"https:\/\/viqtor.eu\/wp-content\/uploads\/2023\/04\/shutterstock_2000247368-1.jpg\",\"contentUrl\":\"https:\/\/viqtor.eu\/wp-content\/uploads\/2023\/04\/shutterstock_2000247368-1.jpg\",\"width\":1000,\"height\":667,\"caption\":\"Le r\u00f4le du D\u00e9l\u00e9gu\u00e9 \u00e0 la protection des donn\u00e9es (DPD ou DPO)\"},{\"@type\":\"BreadcrumbList\",\"@id\":\"https:\/\/viqtor.eu\/le-role-du-delegue-a-la-protection-des-donnees-dpd-ou-dpo\/#breadcrumb\",\"itemListElement\":[{\"@type\":\"ListItem\",\"position\":1,\"name\":\"Accueil\",\"item\":\"https:\/\/viqtor.eu\/\"},{\"@type\":\"ListItem\",\"position\":2,\"name\":\"Le r\u00f4le du D\u00e9l\u00e9gu\u00e9 \u00e0 la protection des donn\u00e9es (DPD ou DPO)\"}]},{\"@type\":\"WebSite\",\"@id\":\"https:\/\/viqtor.eu\/#website\",\"url\":\"https:\/\/viqtor.eu\/\",\"name\":\"Viqtor\",\"description\":\"Faites du RGPD une opportunit\u00e9 pour votre entreprise.\",\"publisher\":{\"@id\":\"https:\/\/viqtor.eu\/#organization\"},\"potentialAction\":[{\"@type\":\"SearchAction\",\"target\":{\"@type\":\"EntryPoint\",\"urlTemplate\":\"https:\/\/viqtor.eu\/?s={search_term_string}\"},\"query-input\":{\"@type\":\"PropertyValueSpecification\",\"valueRequired\":true,\"valueName\":\"search_term_string\"}}],\"inLanguage\":\"hr\"},{\"@type\":\"Organization\",\"@id\":\"https:\/\/viqtor.eu\/#organization\",\"name\":\"viqtor.eu\",\"url\":\"https:\/\/viqtor.eu\/\",\"logo\":{\"@type\":\"ImageObject\",\"inLanguage\":\"hr\",\"@id\":\"https:\/\/viqtor.eu\/#\/schema\/logo\/image\/\",\"url\":\"https:\/\/viqtor.eu\/wp-content\/uploads\/2023\/06\/favicon-noir.svg\",\"contentUrl\":\"https:\/\/viqtor.eu\/wp-content\/uploads\/2023\/06\/favicon-noir.svg\",\"width\":108,\"height\":86,\"caption\":\"viqtor.eu\"},\"image\":{\"@id\":\"https:\/\/viqtor.eu\/#\/schema\/logo\/image\/\"}},{\"@type\":\"Person\",\"@id\":\"https:\/\/viqtor.eu\/#\/schema\/person\/3dbd9cc82a28f6cf1695c92eda0099ad\",\"name\":\"Bruno\",\"image\":{\"@type\":\"ImageObject\",\"inLanguage\":\"hr\",\"@id\":\"https:\/\/viqtor.eu\/#\/schema\/person\/image\/\",\"url\":\"https:\/\/secure.gravatar.com\/avatar\/e5a596f9489de15bfe046e97fb771f63589b601ca7e81ccc2bb9a23582f441a3?s=96&d=mm&r=g\",\"contentUrl\":\"https:\/\/secure.gravatar.com\/avatar\/e5a596f9489de15bfe046e97fb771f63589b601ca7e81ccc2bb9a23582f441a3?s=96&d=mm&r=g\",\"caption\":\"Bruno\"},\"sameAs\":[\"https:\/\/exciting-panini.13-37-234-21.plesk.page\"],\"url\":\"https:\/\/viqtor.eu\/hr\/author\/mouad_zxum2ebi\/\"}]}<\/script>\n<!-- \/ Yoast SEO plugin. -->","yoast_head_json":{"title":"Le r\u00f4le du D\u00e9l\u00e9gu\u00e9 \u00e0 la protection des donn\u00e9es (DPD ou DPO) - Viqtor","description":"Le r\u00f4le du D\u00e9l\u00e9gu\u00e9 \u00e0 la protection des donn\u00e9es (DPD ou DPO) - Viqtor","robots":{"index":"index","follow":"follow","max-snippet":"max-snippet:-1","max-image-preview":"max-image-preview:large","max-video-preview":"max-video-preview:-1"},"canonical":"https:\/\/viqtor.eu\/hr\/le-role-du-delegue-a-la-protection-des-donnees-dpd-ou-dpo\/","og_locale":"hr_HR","og_type":"article","og_title":"Le r\u00f4le du D\u00e9l\u00e9gu\u00e9 \u00e0 la protection des donn\u00e9es (DPD ou DPO) - Viqtor","og_description":"Le r\u00f4le du D\u00e9l\u00e9gu\u00e9 \u00e0 la protection des donn\u00e9es (DPD ou DPO) - Viqtor","og_url":"https:\/\/viqtor.eu\/hr\/le-role-du-delegue-a-la-protection-des-donnees-dpd-ou-dpo\/","og_site_name":"Viqtor","article_published_time":"2023-04-25T15:05:08+00:00","article_modified_time":"2024-08-06T12:18:14+00:00","og_image":[{"width":1000,"height":667,"url":"https:\/\/viqtor.eu\/wp-content\/uploads\/2026\/04\/widget-viqtor.png","type":"image\/jpeg"}],"author":"Bruno","twitter_card":"summary_large_image","twitter_misc":{"Napisao\/la":"Bruno","Procijenjeno vrijeme \u010ditanja":"8 minuta"},"schema":{"@context":"https:\/\/schema.org","@graph":[{"@type":"Article","@id":"https:\/\/viqtor.eu\/le-role-du-delegue-a-la-protection-des-donnees-dpd-ou-dpo\/#article","isPartOf":{"@id":"https:\/\/viqtor.eu\/le-role-du-delegue-a-la-protection-des-donnees-dpd-ou-dpo\/"},"author":{"name":"Bruno","@id":"https:\/\/viqtor.eu\/#\/schema\/person\/3dbd9cc82a28f6cf1695c92eda0099ad"},"headline":"Le r\u00f4le du D\u00e9l\u00e9gu\u00e9 \u00e0 la protection des donn\u00e9es (DPD ou DPO)","datePublished":"2023-04-25T15:05:08+00:00","dateModified":"2024-08-06T12:18:14+00:00","mainEntityOfPage":{"@id":"https:\/\/viqtor.eu\/le-role-du-delegue-a-la-protection-des-donnees-dpd-ou-dpo\/"},"wordCount":1588,"publisher":{"@id":"https:\/\/viqtor.eu\/#organization"},"image":{"@id":"https:\/\/viqtor.eu\/le-role-du-delegue-a-la-protection-des-donnees-dpd-ou-dpo\/#primaryimage"},"thumbnailUrl":"https:\/\/viqtor.eu\/wp-content\/uploads\/2023\/04\/shutterstock_2000247368-1.jpg","keywords":["D\u00e9cryptage"],"articleSection":["D\u00e9cryptage"],"inLanguage":"hr"},{"@type":"WebPage","@id":"https:\/\/viqtor.eu\/le-role-du-delegue-a-la-protection-des-donnees-dpd-ou-dpo\/","url":"https:\/\/viqtor.eu\/le-role-du-delegue-a-la-protection-des-donnees-dpd-ou-dpo\/","name":"Le r\u00f4le du D\u00e9l\u00e9gu\u00e9 \u00e0 la protection des donn\u00e9es (DPD ou DPO) - Viqtor","isPartOf":{"@id":"https:\/\/viqtor.eu\/#website"},"primaryImageOfPage":{"@id":"https:\/\/viqtor.eu\/le-role-du-delegue-a-la-protection-des-donnees-dpd-ou-dpo\/#primaryimage"},"image":{"@id":"https:\/\/viqtor.eu\/le-role-du-delegue-a-la-protection-des-donnees-dpd-ou-dpo\/#primaryimage"},"thumbnailUrl":"https:\/\/viqtor.eu\/wp-content\/uploads\/2023\/04\/shutterstock_2000247368-1.jpg","datePublished":"2023-04-25T15:05:08+00:00","dateModified":"2024-08-06T12:18:14+00:00","description":"Le r\u00f4le du D\u00e9l\u00e9gu\u00e9 \u00e0 la protection des donn\u00e9es (DPD ou DPO) - Viqtor","breadcrumb":{"@id":"https:\/\/viqtor.eu\/le-role-du-delegue-a-la-protection-des-donnees-dpd-ou-dpo\/#breadcrumb"},"inLanguage":"hr","potentialAction":[{"@type":"ReadAction","target":["https:\/\/viqtor.eu\/le-role-du-delegue-a-la-protection-des-donnees-dpd-ou-dpo\/"]}]},{"@type":"ImageObject","inLanguage":"hr","@id":"https:\/\/viqtor.eu\/le-role-du-delegue-a-la-protection-des-donnees-dpd-ou-dpo\/#primaryimage","url":"https:\/\/viqtor.eu\/wp-content\/uploads\/2023\/04\/shutterstock_2000247368-1.jpg","contentUrl":"https:\/\/viqtor.eu\/wp-content\/uploads\/2023\/04\/shutterstock_2000247368-1.jpg","width":1000,"height":667,"caption":"Le r\u00f4le du D\u00e9l\u00e9gu\u00e9 \u00e0 la protection des donn\u00e9es (DPD ou DPO)"},{"@type":"BreadcrumbList","@id":"https:\/\/viqtor.eu\/le-role-du-delegue-a-la-protection-des-donnees-dpd-ou-dpo\/#breadcrumb","itemListElement":[{"@type":"ListItem","position":1,"name":"Accueil","item":"https:\/\/viqtor.eu\/"},{"@type":"ListItem","position":2,"name":"Le r\u00f4le du D\u00e9l\u00e9gu\u00e9 \u00e0 la protection des donn\u00e9es (DPD ou DPO)"}]},{"@type":"WebSite","@id":"https:\/\/viqtor.eu\/#website","url":"https:\/\/viqtor.eu\/","name":"Viqtor","description":"Faites du RGPD une opportunit\u00e9 pour votre entreprise.","publisher":{"@id":"https:\/\/viqtor.eu\/#organization"},"potentialAction":[{"@type":"SearchAction","target":{"@type":"EntryPoint","urlTemplate":"https:\/\/viqtor.eu\/?s={search_term_string}"},"query-input":{"@type":"PropertyValueSpecification","valueRequired":true,"valueName":"search_term_string"}}],"inLanguage":"hr"},{"@type":"Organization","@id":"https:\/\/viqtor.eu\/#organization","name":"viqtor.eu","url":"https:\/\/viqtor.eu\/","logo":{"@type":"ImageObject","inLanguage":"hr","@id":"https:\/\/viqtor.eu\/#\/schema\/logo\/image\/","url":"https:\/\/viqtor.eu\/wp-content\/uploads\/2023\/06\/favicon-noir.svg","contentUrl":"https:\/\/viqtor.eu\/wp-content\/uploads\/2023\/06\/favicon-noir.svg","width":108,"height":86,"caption":"viqtor.eu"},"image":{"@id":"https:\/\/viqtor.eu\/#\/schema\/logo\/image\/"}},{"@type":"Person","@id":"https:\/\/viqtor.eu\/#\/schema\/person\/3dbd9cc82a28f6cf1695c92eda0099ad","name":"Bruno","image":{"@type":"ImageObject","inLanguage":"hr","@id":"https:\/\/viqtor.eu\/#\/schema\/person\/image\/","url":"https:\/\/secure.gravatar.com\/avatar\/e5a596f9489de15bfe046e97fb771f63589b601ca7e81ccc2bb9a23582f441a3?s=96&d=mm&r=g","contentUrl":"https:\/\/secure.gravatar.com\/avatar\/e5a596f9489de15bfe046e97fb771f63589b601ca7e81ccc2bb9a23582f441a3?s=96&d=mm&r=g","caption":"Bruno"},"sameAs":["https:\/\/exciting-panini.13-37-234-21.plesk.page"],"url":"https:\/\/viqtor.eu\/hr\/author\/mouad_zxum2ebi\/"}]}},"_links":{"self":[{"href":"https:\/\/viqtor.eu\/hr\/wp-json\/wp\/v2\/posts\/5844","targetHints":{"allow":["GET"]}}],"collection":[{"href":"https:\/\/viqtor.eu\/hr\/wp-json\/wp\/v2\/posts"}],"about":[{"href":"https:\/\/viqtor.eu\/hr\/wp-json\/wp\/v2\/types\/post"}],"author":[{"embeddable":true,"href":"https:\/\/viqtor.eu\/hr\/wp-json\/wp\/v2\/users\/1"}],"replies":[{"embeddable":true,"href":"https:\/\/viqtor.eu\/hr\/wp-json\/wp\/v2\/comments?post=5844"}],"version-history":[{"count":17,"href":"https:\/\/viqtor.eu\/hr\/wp-json\/wp\/v2\/posts\/5844\/revisions"}],"predecessor-version":[{"id":12200,"href":"https:\/\/viqtor.eu\/hr\/wp-json\/wp\/v2\/posts\/5844\/revisions\/12200"}],"wp:featuredmedia":[{"embeddable":true,"href":"https:\/\/viqtor.eu\/hr\/wp-json\/wp\/v2\/media\/5852"}],"wp:attachment":[{"href":"https:\/\/viqtor.eu\/hr\/wp-json\/wp\/v2\/media?parent=5844"}],"wp:term":[{"taxonomy":"category","embeddable":true,"href":"https:\/\/viqtor.eu\/hr\/wp-json\/wp\/v2\/categories?post=5844"},{"taxonomy":"post_tag","embeddable":true,"href":"https:\/\/viqtor.eu\/hr\/wp-json\/wp\/v2\/tags?post=5844"}],"curies":[{"name":"wp","href":"https:\/\/api.w.org\/{rel}","templated":true}]}}