{"id":5814,"date":"2023-04-25T14:40:45","date_gmt":"2023-04-25T14:40:45","guid":{"rendered":"https:\/\/exciting-panini.13-37-234-21.plesk.page\/?p=5814"},"modified":"2024-08-06T11:13:14","modified_gmt":"2024-08-06T11:13:14","slug":"reconnaissance-faciale-intelligence-artificielle-et-ethique-le-debat-prend-de-lampleur","status":"publish","type":"post","link":"https:\/\/viqtor.eu\/hr\/reconnaissance-faciale-intelligence-artificielle-et-ethique-le-debat-prend-de-lampleur\/","title":{"rendered":"Prepoznavanje lica, umjetna inteligencija i etika: rasprava dobiva na zamahu"},"content":{"rendered":"<div data-elementor-type=\"wp-post\" data-elementor-id=\"5814\" class=\"elementor elementor-5814\" data-elementor-post-type=\"post\">\n\t\t\t\t\t\t<section class=\"elementor-section elementor-top-section elementor-element elementor-element-ac698a3 ot-traditional elementor-section-boxed elementor-section-height-default elementor-section-height-default\" data-id=\"ac698a3\" data-element_type=\"section\">\n\t\t\t\t\t\t<div class=\"elementor-container elementor-column-gap-default\">\n\t\t\t\t\t<div class=\"elementor-column elementor-col-100 elementor-top-column elementor-element elementor-element-b3ef650 ot-flex-column-vertical\" data-id=\"b3ef650\" data-element_type=\"column\">\n\t\t\t<div class=\"elementor-widget-wrap elementor-element-populated\">\n\t\t\t\t\t\t<div class=\"elementor-element elementor-element-6c9b92e elementor-widget elementor-widget-image\" data-id=\"6c9b92e\" data-element_type=\"widget\" data-widget_type=\"image.default\">\n\t\t\t\t<div class=\"elementor-widget-container\">\n\t\t\t\t\t\t\t\t\t\t\t\t\t<img fetchpriority=\"high\" decoding=\"async\" width=\"1000\" height=\"664\" src=\"https:\/\/viqtor.eu\/wp-content\/uploads\/2023\/04\/Reconnaissance-faciale-intelligence-artificielle-et-ethique.jpg\" class=\"attachment-full size-full wp-image-12158\" alt=\"Reconnaissance faciale, intelligence artificielle et \u00e9thique : le d\u00e9bat prend de l\u2019ampleur\" srcset=\"https:\/\/viqtor.eu\/wp-content\/uploads\/2023\/04\/Reconnaissance-faciale-intelligence-artificielle-et-ethique.jpg 1000w, https:\/\/viqtor.eu\/wp-content\/uploads\/2023\/04\/Reconnaissance-faciale-intelligence-artificielle-et-ethique-300x199.jpg 300w, https:\/\/viqtor.eu\/wp-content\/uploads\/2023\/04\/Reconnaissance-faciale-intelligence-artificielle-et-ethique-768x510.jpg 768w, https:\/\/viqtor.eu\/wp-content\/uploads\/2023\/04\/Reconnaissance-faciale-intelligence-artificielle-et-ethique-720x478.jpg 720w\" sizes=\"(max-width: 1000px) 100vw, 1000px\" \/>\t\t\t\t\t\t\t\t\t\t\t\t\t<\/div>\n\t\t\t\t<\/div>\n\t\t\t\t\t<\/div>\n\t\t<\/div>\n\t\t\t\t\t<\/div>\n\t\t<\/section>\n\t\t\t\t<section class=\"elementor-section elementor-top-section elementor-element elementor-element-5067a27 ot-traditional elementor-section-boxed elementor-section-height-default elementor-section-height-default\" data-id=\"5067a27\" data-element_type=\"section\">\n\t\t\t\t\t\t<div class=\"elementor-container elementor-column-gap-default\">\n\t\t\t\t\t<div class=\"elementor-column elementor-col-100 elementor-top-column elementor-element elementor-element-5f06033 ot-flex-column-vertical\" data-id=\"5f06033\" data-element_type=\"column\">\n\t\t\t<div class=\"elementor-widget-wrap elementor-element-populated\">\n\t\t\t\t\t\t<div class=\"elementor-element elementor-element-ea2ecb8 elementor-widget elementor-widget-heading\" data-id=\"ea2ecb8\" data-element_type=\"widget\" data-widget_type=\"heading.default\">\n\t\t\t\t<div class=\"elementor-widget-container\">\n\t\t\t<h1 class=\"elementor-heading-title elementor-size-default\">Prepoznavanje lica, umjetna inteligencija i etika: rasprava dobiva na zamahu<\/h1>\t\t<\/div>\n\t\t\t\t<\/div>\n\t\t\t\t\t<\/div>\n\t\t<\/div>\n\t\t\t\t\t<\/div>\n\t\t<\/section>\n\t\t\t\t<section class=\"elementor-section elementor-top-section elementor-element elementor-element-3f8c922f ot-traditional elementor-section-boxed elementor-section-height-default elementor-section-height-default\" data-id=\"3f8c922f\" data-element_type=\"section\">\n\t\t\t\t\t\t<div class=\"elementor-container elementor-column-gap-default\">\n\t\t\t\t\t<div class=\"elementor-column elementor-col-100 elementor-top-column elementor-element elementor-element-4c3153b1 ot-flex-column-vertical\" data-id=\"4c3153b1\" data-element_type=\"column\">\n\t\t\t<div class=\"elementor-widget-wrap elementor-element-populated\">\n\t\t\t\t\t\t<div class=\"elementor-element elementor-element-3760b347 elementor-widget elementor-widget-text-editor\" data-id=\"3760b347\" data-element_type=\"widget\" data-widget_type=\"text-editor.default\">\n\t\t\t\t<div class=\"elementor-widget-container\">\n\t\t\t\t\t\t\t<!-- wp:paragraph -->\n<p>Pravni nadzor \u2013 listopad 2019.<strong><br><\/strong><\/p>\n<!-- \/wp:paragraph -->\n\n<!-- wp:paragraph -->\n<p>Pla\u0107anje licem umjesto kreditnom karticom, kori\u0161tenje Amazon kamera za borbu protiv kriminala, kao \u0161to je to u\u010dinila policija Orlanda u Sjedinjenim Dr\u017eavama, upravljanje kretanjem sporta\u0161a i novinara na Olimpijskim igrama u Tokiju pomo\u0107u prepoznavanja lica ili bli\u017ee domu, testiranje prepoznavanja lica na javnim cestama, kao u Nici, sve su to projekti koji vas ostavljaju sanjarima... ili nesancima.<\/p>\n<!-- \/wp:paragraph -->\n\n<!-- wp:paragraph -->\n<p>Bilo u Europi ili \u0161ire u svijetu, perspektive koje otkriva razvoj umjetne inteligencije, posebno u kombinaciji s prepoznavanjem lica, obradom glasovnih otisaka ili prepoznavanjem emocija, izazivaju sve vi\u0161e reakcija.<\/p>\n<!-- \/wp:paragraph -->\n\n<!-- wp:paragraph -->\n<p>Eti\u010dka pitanja, posebno, sada su na vrhu prioriteta nove predsjednice Europske komisije, Ursule Von der Leyen.<\/p>\n<!-- \/wp:paragraph -->\n\n<!-- wp:paragraph -->\n<p>Najavila je da namjerava predstaviti zakonodavni prijedlog u prvih 100 dana svog mandata s ciljem koordiniranog europskog pristupa ljudskim i eti\u010dkim implikacijama umjetne inteligencije.<\/p>\n<!-- \/wp:paragraph -->\n\n<!-- wp:paragraph -->\n<p>Tako\u0111er \u0107e ispitati na\u010dine poticanja inovacija kori\u0161tenjem velikih podataka.<\/p>\n<!-- \/wp:paragraph -->\n\n<!-- wp:paragraph -->\n<p>Skupina stru\u010dnjaka koju je osnovala Europska komisija, s ciljem po\u0161tivanja ljudskih prava, postavila je temelje za &quot;pouzdanu&quot; umjetnu inteligenciju.<\/p>\n<!-- \/wp:paragraph -->\n\n<!-- wp:paragraph -->\n<p>U svojoj objavi smjernica u travnju 2019. godine, identificirala je tri karakteristike: umjetna inteligencija mora biti<\/p>\n<!-- \/wp:paragraph -->\n\n<!-- wp:list {\"ordered\":true,\"type\":\"a\"} -->\n<ol type=\"a\"><!-- wp:list-item -->\n<li>Zakonit, osiguravaju\u0107i po\u0161tivanje va\u017ee\u0107ih zakona i propisa;<\/li>\n<!-- \/wp:list-item -->\n\n<!-- wp:list-item -->\n<li>Etika, osiguravanjem pridr\u017eavanja eti\u010dkih na\u010dela i vrijednosti; i<\/li>\n<!-- \/wp:list-item -->\n\n<!-- wp:list-item -->\n<li>Robustan, \u201ei tehni\u010dki i dru\u0161tveno jer, \u010dak i s dobrim namjerama, sustavi umjetne inteligencije mogu uzrokovati nenamjernu \u0161tetu.\u201c<\/li>\n<!-- \/wp:list-item --><\/ol>\n<!-- \/wp:list -->\n\n<!-- wp:paragraph -->\n<p>Etika, u odnosu na umjetnu inteligenciju, ve\u0107 je bila tema posljednje me\u0111unarodne konferencije povjerenika za za\u0161titu podataka i dovela je do javne deklaracije.<\/p>\n<!-- \/wp:paragraph -->\n\n<!-- wp:paragraph -->\n<p>Spominju se prednosti, ali i rizici povezani s tim novim tehnologijama, a posebno predrasude i diskriminacija koje iz njih mogu proiza\u0107i.<\/p>\n<!-- \/wp:paragraph -->\n\n<!-- wp:paragraph -->\n<p>Podsje\u0107a na nekoliko bitnih na\u010dela usmjerenih na jam\u010denje individualnog povjerenja uz promicanje inovacija, uklju\u010duju\u0107i na\u010delo lojalnosti i transparentnosti sustava umjetne inteligencije.<\/p>\n<!-- \/wp:paragraph -->\n\n<!-- wp:paragraph -->\n<p>Kona\u010dno, zala\u017ee se za zajedni\u010dka na\u010dela upravljanja na me\u0111unarodnoj razini.<\/p>\n<!-- \/wp:paragraph -->\n\n<!-- wp:paragraph -->\n<p>Tako\u0111er vrijedi napomenuti da je Vije\u0107e Europe 11. rujna osnovalo ad hoc odbor zadu\u017een za analizu uvjeta za pravni okvir za razvoj, dizajn i primjenu umjetne inteligencije.<\/p>\n<!-- \/wp:paragraph -->\n\n<!-- wp:paragraph -->\n<p>Kona\u010dno, Agencija Europske unije za temeljna prava bavila se pitanjem prepoznavanja lica tijekom seminara 19. i 20. rujna, s ciljem objave dokumenta o toj temi u studenom 2019.<\/p>\n<!-- \/wp:paragraph -->\n\n<!-- wp:paragraph -->\n<p>A danas?<\/p>\n<!-- \/wp:paragraph -->\n\n<!-- wp:paragraph -->\n<p>Iako je poja\u0161njenje eti\u010dkih aspekata naravno po\u017eeljno, s strogo pravnog gledi\u0161ta GDPR se u potpunosti primjenjuje na sustave za prepoznavanje lica ili glasa, koji predstavljaju obradu biometrijskih podataka.<\/p>\n<!-- \/wp:paragraph -->\n\n<!-- wp:paragraph -->\n<p>Ovi su podaci stoga stro\u017ee za\u0161ti\u0107eni i u na\u010delu zahtijevaju privolu ispitanika. S obzirom na osjetljivost obrade, potrebno je provesti i procjenu u\u010dinka. U tom kontekstu treba posvetiti posebnu pozornost gore navedenim aspektima, a posebno rizicima diskriminacije, razumnim o\u010dekivanjima ispitanika i transparentnosti obrade.<\/p>\n<!-- \/wp:paragraph -->\n\n<!-- wp:paragraph -->\n<p>I tako\u0111er:<\/p>\n<!-- \/wp:paragraph -->\n\n<!-- wp:list -->\n<ul><!-- wp:list-item -->\n<li>U Francuskoj:<\/li>\n<!-- \/wp:list-item --><\/ul>\n<!-- \/wp:list -->\n\n<!-- wp:paragraph -->\n<p><strong>Listopad je mjesec kiberneti\u010dke sigurnosti.<\/strong><\/p>\n<!-- \/wp:paragraph -->\n\n<!-- wp:paragraph -->\n<p>Oko trideset partnera, uklju\u010duju\u0107i ANSSI i CNIL, posve\u0107eno je podizanju svijesti me\u0111u profesionalcima i pojedincima o sigurnosnim i digitalnim pitanjima.<\/p>\n<!-- \/wp:paragraph -->\n\n<!-- wp:paragraph -->\n<p>Od 26. rujna CNIL je odobrio dva certifikacijska tijela.<\/p>\n<!-- \/wp:paragraph -->\n\n<!-- wp:list -->\n<ul><!-- wp:list-item -->\n<li>U Europi:<\/li>\n<!-- \/wp:list-item --><\/ul>\n<!-- \/wp:list -->\n\n<!-- wp:paragraph -->\n<p><strong>Pravo na zaborav i valjanost online privole: Tri va\u017ene presude Suda Europske unije poja\u0161njavaju pravni okvir.<\/strong><\/p>\n<!-- \/wp:paragraph -->\n\n<!-- wp:paragraph -->\n<p><strong>U presudi \u201ePlanet49\u201c od 1. listopada 2019.<\/strong>, Sud navodi da, za zakonito prikupljanje informacija na temelju kola\u010di\u0107a, unaprijed ozna\u010dena ku\u0107ica nije dovoljna: postavljanje kola\u010di\u0107a zahtijeva aktivnu i specifi\u010dnu suglasnost korisnika interneta.<\/p>\n<!-- \/wp:paragraph -->\n\n<!-- wp:paragraph -->\n<p>Korisnik interneta tako\u0111er mora biti obavije\u0161ten o trajanju rada kola\u010di\u0107a i o tome mogu li im tre\u0107e strane pristupiti ili ne.<\/p>\n<!-- \/wp:paragraph -->\n\n<!-- wp:paragraph -->\n<p>Ova presuda podupire nedavne komunikacije nadzornih tijela o uvjetima kori\u0161tenja kola\u010di\u0107a, uklju\u010duju\u0107i i onu CNIL-a.<\/p>\n<!-- \/wp:paragraph -->\n\n<!-- wp:paragraph -->\n<p>U <strong>presuda u slu\u010daju &quot;Google&quot; od 24. rujna<\/strong>, Sud poja\u0161njava da se pravo na zaborav ne primjenjuje sustavno na tra\u017eilice izvan Europske unije.<\/p>\n<!-- \/wp:paragraph -->\n\n<!-- wp:paragraph -->\n<p>U EU se to odnosi, na primjer, na google.fr i druge europske ekstenzije. Me\u0111utim, na tra\u017eilici je tako\u0111er da provede mjere kako bi obeshrabrila korisnike interneta da pristupaju doti\u010dnim poveznicama na verzijama te tra\u017eilice izvan EU-a iz jedne od dr\u017eava \u010dlanica.<\/p>\n<!-- \/wp:paragraph -->\n\n<!-- wp:paragraph -->\n<p>Kraj presude je va\u017ean jer Sud utvr\u0111uje diskrecijsku ovlast nadzornih tijela: iako nije obvezno ukloniti poveznicu izvan EU-a, tijelo zadr\u017eava ovlast nalo\u017eiti tra\u017eilici da je u potpunosti ukloni, nakon \u0161to uravnote\u017ei prava doti\u010dne osobe i slobodu informiranja.<\/p>\n<!-- \/wp:paragraph -->\n\n<!-- wp:paragraph -->\n<p>Upravo je taj \u010din balansiranja u sr\u017ei druge presude <strong>24. rujna<\/strong> : Sud potvr\u0111uje u <strong>presuda GC ea protiv CNIL-a<\/strong> da se na\u010delna zabrana obrade osjetljivih podataka odnosi i na tra\u017eilice, ali se analiza mora provesti od slu\u010daja do slu\u010daja izme\u0111u temeljnih prava osobe koja tra\u017ei uklanjanje referenci i prava korisnika interneta koji su potencijalno zainteresirani za te informacije. <\/p>\n<!-- \/wp:paragraph -->\n\n<!-- wp:paragraph -->\n<p>Ako tra\u017eilica ne ukloni referencu, Sud name\u0107e barem za sudske podatke obvezu prikazivanja rezultata nalogom kojim se isti\u010du aktualne informacije.<\/p>\n<!-- \/wp:paragraph -->\t\t\t\t\t\t<\/div>\n\t\t\t\t<\/div>\n\t\t\t\t\t<\/div>\n\t\t<\/div>\n\t\t\t\t\t<\/div>\n\t\t<\/section>\n\t\t\t\t<section class=\"elementor-section elementor-top-section elementor-element elementor-element-37f5a2a ot-traditional elementor-section-boxed elementor-section-height-default elementor-section-height-default\" data-id=\"37f5a2a\" data-element_type=\"section\">\n\t\t\t\t\t\t<div class=\"elementor-container elementor-column-gap-default\">\n\t\t\t\t\t<div class=\"elementor-column elementor-col-100 elementor-top-column elementor-element elementor-element-60d3b42 ot-flex-column-vertical\" data-id=\"60d3b42\" data-element_type=\"column\">\n\t\t\t<div class=\"elementor-widget-wrap elementor-element-populated\">\n\t\t\t\t\t\t<div class=\"elementor-element elementor-element-873965a elementor-align-center elementor-widget elementor-widget-button\" data-id=\"873965a\" data-element_type=\"widget\" data-widget_type=\"button.default\">\n\t\t\t\t<div class=\"elementor-widget-container\">\n\t\t\t\t\t<div class=\"elementor-button-wrapper\">\n\t\t\t<a class=\"elementor-button elementor-button-link elementor-size-lg\" href=\"https:\/\/app.viqtor.eu\/\">\n\t\t\t\t\t\t<span class=\"elementor-button-content-wrapper\">\n\t\t\t\t\t\t<span class=\"elementor-button-icon\">\n\t\t\t\t<i aria-hidden=\"true\" class=\"fas fa-long-arrow-alt-right\"><\/i>\t\t\t<\/span>\n\t\t\t\t\t\t\t\t\t<span class=\"elementor-button-text\">Otkrijte Viqtor\u00ae<\/span>\n\t\t\t\t\t<\/span>\n\t\t\t\t\t<\/a>\n\t\t<\/div>\n\t\t\t\t<\/div>\n\t\t\t\t<\/div>\n\t\t\t\t\t<\/div>\n\t\t<\/div>\n\t\t\t\t\t<\/div>\n\t\t<\/section>\n\t\t\t\t<\/div>","protected":false},"excerpt":{"rendered":"<p>Prepoznavanje lica, umjetna inteligencija i etika: rasprava dobiva na zamahu Legal Watch \u2013 listopad 2019. Pla\u0107anje licem umjesto kreditnom karticom, kori\u0161tenje Amazon kamera za borbu protiv kriminala, kao \u0161to je to u\u010dinila policija Orlanda u Sjedinjenim Dr\u017eavama, upravljanje kretanjem sporta\u0161a i novinara na Olimpijskim igrama u [\u2026]<\/p>","protected":false},"author":1,"featured_media":5829,"comment_status":"closed","ping_status":"open","sticky":false,"template":"elementor_header_footer","format":"standard","meta":{"_acf_changed":false,"footnotes":""},"categories":[35],"tags":[],"class_list":["post-5814","post","type-post","status-publish","format-standard","has-post-thumbnail","hentry","category-veille-juridique"],"acf":[],"yoast_head":"<!-- This site is optimized with the Yoast SEO plugin v23.6 - https:\/\/yoast.com\/wordpress\/plugins\/seo\/ -->\n<title>Reconnaissance faciale, intelligence artificielle et \u00e9thique : le d\u00e9bat prend de l\u2019ampleur - Viqtor<\/title>\n<meta name=\"description\" content=\"Reconnaissance faciale, intelligence artificielle et \u00e9thique : le d\u00e9bat prend de l\u2019ampleur - Viqtor\" \/>\n<meta name=\"robots\" content=\"index, follow, max-snippet:-1, max-image-preview:large, max-video-preview:-1\" \/>\n<link rel=\"canonical\" href=\"https:\/\/viqtor.eu\/hr\/reconnaissance-faciale-intelligence-artificielle-et-ethique-le-debat-prend-de-lampleur\/\" \/>\n<meta property=\"og:locale\" content=\"hr_HR\" \/>\n<meta property=\"og:type\" content=\"article\" \/>\n<meta property=\"og:title\" content=\"Reconnaissance faciale, intelligence artificielle et \u00e9thique : le d\u00e9bat prend de l\u2019ampleur - Viqtor\" \/>\n<meta property=\"og:description\" content=\"Reconnaissance faciale, intelligence artificielle et \u00e9thique : le d\u00e9bat prend de l\u2019ampleur - Viqtor\" \/>\n<meta property=\"og:url\" content=\"https:\/\/viqtor.eu\/hr\/reconnaissance-faciale-intelligence-artificielle-et-ethique-le-debat-prend-de-lampleur\/\" \/>\n<meta property=\"og:site_name\" content=\"Viqtor\" \/>\n<meta property=\"article:published_time\" content=\"2023-04-25T14:40:45+00:00\" \/>\n<meta property=\"article:modified_time\" content=\"2024-08-06T11:13:14+00:00\" \/>\n<meta property=\"og:image\" content=\"https:\/\/viqtor.eu\/wp-content\/uploads\/2026\/04\/widget-viqtor.png\" \/>\n\t<meta property=\"og:image:width\" content=\"1000\" \/>\n\t<meta property=\"og:image:height\" content=\"664\" \/>\n\t<meta property=\"og:image:type\" content=\"image\/jpeg\" \/>\n<meta name=\"author\" content=\"Bruno\" \/>\n<meta name=\"twitter:card\" content=\"summary_large_image\" \/>\n<meta name=\"twitter:label1\" content=\"Napisao\/la\" \/>\n\t<meta name=\"twitter:data1\" content=\"Bruno\" \/>\n\t<meta name=\"twitter:label2\" content=\"Procijenjeno vrijeme \u010ditanja\" \/>\n\t<meta name=\"twitter:data2\" content=\"6 minuta\" \/>\n<script type=\"application\/ld+json\" class=\"yoast-schema-graph\">{\"@context\":\"https:\/\/schema.org\",\"@graph\":[{\"@type\":\"Article\",\"@id\":\"https:\/\/viqtor.eu\/reconnaissance-faciale-intelligence-artificielle-et-ethique-le-debat-prend-de-lampleur\/#article\",\"isPartOf\":{\"@id\":\"https:\/\/viqtor.eu\/reconnaissance-faciale-intelligence-artificielle-et-ethique-le-debat-prend-de-lampleur\/\"},\"author\":{\"name\":\"Bruno\",\"@id\":\"https:\/\/viqtor.eu\/#\/schema\/person\/3dbd9cc82a28f6cf1695c92eda0099ad\"},\"headline\":\"Reconnaissance faciale, intelligence artificielle et \u00e9thique : le d\u00e9bat prend de l\u2019ampleur\",\"datePublished\":\"2023-04-25T14:40:45+00:00\",\"dateModified\":\"2024-08-06T11:13:14+00:00\",\"mainEntityOfPage\":{\"@id\":\"https:\/\/viqtor.eu\/reconnaissance-faciale-intelligence-artificielle-et-ethique-le-debat-prend-de-lampleur\/\"},\"wordCount\":1116,\"publisher\":{\"@id\":\"https:\/\/viqtor.eu\/#organization\"},\"image\":{\"@id\":\"https:\/\/viqtor.eu\/reconnaissance-faciale-intelligence-artificielle-et-ethique-le-debat-prend-de-lampleur\/#primaryimage\"},\"thumbnailUrl\":\"https:\/\/viqtor.eu\/wp-content\/uploads\/2023\/04\/shutterstock_233471317.jpg\",\"articleSection\":[\"Veille juridique\"],\"inLanguage\":\"hr\"},{\"@type\":\"WebPage\",\"@id\":\"https:\/\/viqtor.eu\/reconnaissance-faciale-intelligence-artificielle-et-ethique-le-debat-prend-de-lampleur\/\",\"url\":\"https:\/\/viqtor.eu\/reconnaissance-faciale-intelligence-artificielle-et-ethique-le-debat-prend-de-lampleur\/\",\"name\":\"Reconnaissance faciale, intelligence artificielle et \u00e9thique : le d\u00e9bat prend de l\u2019ampleur - Viqtor\",\"isPartOf\":{\"@id\":\"https:\/\/viqtor.eu\/#website\"},\"primaryImageOfPage\":{\"@id\":\"https:\/\/viqtor.eu\/reconnaissance-faciale-intelligence-artificielle-et-ethique-le-debat-prend-de-lampleur\/#primaryimage\"},\"image\":{\"@id\":\"https:\/\/viqtor.eu\/reconnaissance-faciale-intelligence-artificielle-et-ethique-le-debat-prend-de-lampleur\/#primaryimage\"},\"thumbnailUrl\":\"https:\/\/viqtor.eu\/wp-content\/uploads\/2023\/04\/shutterstock_233471317.jpg\",\"datePublished\":\"2023-04-25T14:40:45+00:00\",\"dateModified\":\"2024-08-06T11:13:14+00:00\",\"description\":\"Reconnaissance faciale, intelligence artificielle et \u00e9thique : le d\u00e9bat prend de l\u2019ampleur - Viqtor\",\"breadcrumb\":{\"@id\":\"https:\/\/viqtor.eu\/reconnaissance-faciale-intelligence-artificielle-et-ethique-le-debat-prend-de-lampleur\/#breadcrumb\"},\"inLanguage\":\"hr\",\"potentialAction\":[{\"@type\":\"ReadAction\",\"target\":[\"https:\/\/viqtor.eu\/reconnaissance-faciale-intelligence-artificielle-et-ethique-le-debat-prend-de-lampleur\/\"]}]},{\"@type\":\"ImageObject\",\"inLanguage\":\"hr\",\"@id\":\"https:\/\/viqtor.eu\/reconnaissance-faciale-intelligence-artificielle-et-ethique-le-debat-prend-de-lampleur\/#primaryimage\",\"url\":\"https:\/\/viqtor.eu\/wp-content\/uploads\/2023\/04\/shutterstock_233471317.jpg\",\"contentUrl\":\"https:\/\/viqtor.eu\/wp-content\/uploads\/2023\/04\/shutterstock_233471317.jpg\",\"width\":1000,\"height\":664},{\"@type\":\"BreadcrumbList\",\"@id\":\"https:\/\/viqtor.eu\/reconnaissance-faciale-intelligence-artificielle-et-ethique-le-debat-prend-de-lampleur\/#breadcrumb\",\"itemListElement\":[{\"@type\":\"ListItem\",\"position\":1,\"name\":\"Accueil\",\"item\":\"https:\/\/viqtor.eu\/\"},{\"@type\":\"ListItem\",\"position\":2,\"name\":\"Reconnaissance faciale, intelligence artificielle et \u00e9thique : le d\u00e9bat prend de l\u2019ampleur\"}]},{\"@type\":\"WebSite\",\"@id\":\"https:\/\/viqtor.eu\/#website\",\"url\":\"https:\/\/viqtor.eu\/\",\"name\":\"Viqtor\",\"description\":\"Faites du RGPD une opportunit\u00e9 pour votre entreprise.\",\"publisher\":{\"@id\":\"https:\/\/viqtor.eu\/#organization\"},\"potentialAction\":[{\"@type\":\"SearchAction\",\"target\":{\"@type\":\"EntryPoint\",\"urlTemplate\":\"https:\/\/viqtor.eu\/?s={search_term_string}\"},\"query-input\":{\"@type\":\"PropertyValueSpecification\",\"valueRequired\":true,\"valueName\":\"search_term_string\"}}],\"inLanguage\":\"hr\"},{\"@type\":\"Organization\",\"@id\":\"https:\/\/viqtor.eu\/#organization\",\"name\":\"viqtor.eu\",\"url\":\"https:\/\/viqtor.eu\/\",\"logo\":{\"@type\":\"ImageObject\",\"inLanguage\":\"hr\",\"@id\":\"https:\/\/viqtor.eu\/#\/schema\/logo\/image\/\",\"url\":\"https:\/\/viqtor.eu\/wp-content\/uploads\/2023\/06\/favicon-noir.svg\",\"contentUrl\":\"https:\/\/viqtor.eu\/wp-content\/uploads\/2023\/06\/favicon-noir.svg\",\"width\":108,\"height\":86,\"caption\":\"viqtor.eu\"},\"image\":{\"@id\":\"https:\/\/viqtor.eu\/#\/schema\/logo\/image\/\"}},{\"@type\":\"Person\",\"@id\":\"https:\/\/viqtor.eu\/#\/schema\/person\/3dbd9cc82a28f6cf1695c92eda0099ad\",\"name\":\"Bruno\",\"image\":{\"@type\":\"ImageObject\",\"inLanguage\":\"hr\",\"@id\":\"https:\/\/viqtor.eu\/#\/schema\/person\/image\/\",\"url\":\"https:\/\/secure.gravatar.com\/avatar\/e5a596f9489de15bfe046e97fb771f63589b601ca7e81ccc2bb9a23582f441a3?s=96&d=mm&r=g\",\"contentUrl\":\"https:\/\/secure.gravatar.com\/avatar\/e5a596f9489de15bfe046e97fb771f63589b601ca7e81ccc2bb9a23582f441a3?s=96&d=mm&r=g\",\"caption\":\"Bruno\"},\"sameAs\":[\"https:\/\/exciting-panini.13-37-234-21.plesk.page\"],\"url\":\"https:\/\/viqtor.eu\/hr\/author\/mouad_zxum2ebi\/\"}]}<\/script>\n<!-- \/ Yoast SEO plugin. -->","yoast_head_json":{"title":"Reconnaissance faciale, intelligence artificielle et \u00e9thique : le d\u00e9bat prend de l\u2019ampleur - Viqtor","description":"Reconnaissance faciale, intelligence artificielle et \u00e9thique : le d\u00e9bat prend de l\u2019ampleur - Viqtor","robots":{"index":"index","follow":"follow","max-snippet":"max-snippet:-1","max-image-preview":"max-image-preview:large","max-video-preview":"max-video-preview:-1"},"canonical":"https:\/\/viqtor.eu\/hr\/reconnaissance-faciale-intelligence-artificielle-et-ethique-le-debat-prend-de-lampleur\/","og_locale":"hr_HR","og_type":"article","og_title":"Reconnaissance faciale, intelligence artificielle et \u00e9thique : le d\u00e9bat prend de l\u2019ampleur - Viqtor","og_description":"Reconnaissance faciale, intelligence artificielle et \u00e9thique : le d\u00e9bat prend de l\u2019ampleur - Viqtor","og_url":"https:\/\/viqtor.eu\/hr\/reconnaissance-faciale-intelligence-artificielle-et-ethique-le-debat-prend-de-lampleur\/","og_site_name":"Viqtor","article_published_time":"2023-04-25T14:40:45+00:00","article_modified_time":"2024-08-06T11:13:14+00:00","og_image":[{"width":1000,"height":664,"url":"https:\/\/viqtor.eu\/wp-content\/uploads\/2026\/04\/widget-viqtor.png","type":"image\/jpeg"}],"author":"Bruno","twitter_card":"summary_large_image","twitter_misc":{"Napisao\/la":"Bruno","Procijenjeno vrijeme \u010ditanja":"6 minuta"},"schema":{"@context":"https:\/\/schema.org","@graph":[{"@type":"Article","@id":"https:\/\/viqtor.eu\/reconnaissance-faciale-intelligence-artificielle-et-ethique-le-debat-prend-de-lampleur\/#article","isPartOf":{"@id":"https:\/\/viqtor.eu\/reconnaissance-faciale-intelligence-artificielle-et-ethique-le-debat-prend-de-lampleur\/"},"author":{"name":"Bruno","@id":"https:\/\/viqtor.eu\/#\/schema\/person\/3dbd9cc82a28f6cf1695c92eda0099ad"},"headline":"Reconnaissance faciale, intelligence artificielle et \u00e9thique : le d\u00e9bat prend de l\u2019ampleur","datePublished":"2023-04-25T14:40:45+00:00","dateModified":"2024-08-06T11:13:14+00:00","mainEntityOfPage":{"@id":"https:\/\/viqtor.eu\/reconnaissance-faciale-intelligence-artificielle-et-ethique-le-debat-prend-de-lampleur\/"},"wordCount":1116,"publisher":{"@id":"https:\/\/viqtor.eu\/#organization"},"image":{"@id":"https:\/\/viqtor.eu\/reconnaissance-faciale-intelligence-artificielle-et-ethique-le-debat-prend-de-lampleur\/#primaryimage"},"thumbnailUrl":"https:\/\/viqtor.eu\/wp-content\/uploads\/2023\/04\/shutterstock_233471317.jpg","articleSection":["Veille juridique"],"inLanguage":"hr"},{"@type":"WebPage","@id":"https:\/\/viqtor.eu\/reconnaissance-faciale-intelligence-artificielle-et-ethique-le-debat-prend-de-lampleur\/","url":"https:\/\/viqtor.eu\/reconnaissance-faciale-intelligence-artificielle-et-ethique-le-debat-prend-de-lampleur\/","name":"Reconnaissance faciale, intelligence artificielle et \u00e9thique : le d\u00e9bat prend de l\u2019ampleur - Viqtor","isPartOf":{"@id":"https:\/\/viqtor.eu\/#website"},"primaryImageOfPage":{"@id":"https:\/\/viqtor.eu\/reconnaissance-faciale-intelligence-artificielle-et-ethique-le-debat-prend-de-lampleur\/#primaryimage"},"image":{"@id":"https:\/\/viqtor.eu\/reconnaissance-faciale-intelligence-artificielle-et-ethique-le-debat-prend-de-lampleur\/#primaryimage"},"thumbnailUrl":"https:\/\/viqtor.eu\/wp-content\/uploads\/2023\/04\/shutterstock_233471317.jpg","datePublished":"2023-04-25T14:40:45+00:00","dateModified":"2024-08-06T11:13:14+00:00","description":"Reconnaissance faciale, intelligence artificielle et \u00e9thique : le d\u00e9bat prend de l\u2019ampleur - Viqtor","breadcrumb":{"@id":"https:\/\/viqtor.eu\/reconnaissance-faciale-intelligence-artificielle-et-ethique-le-debat-prend-de-lampleur\/#breadcrumb"},"inLanguage":"hr","potentialAction":[{"@type":"ReadAction","target":["https:\/\/viqtor.eu\/reconnaissance-faciale-intelligence-artificielle-et-ethique-le-debat-prend-de-lampleur\/"]}]},{"@type":"ImageObject","inLanguage":"hr","@id":"https:\/\/viqtor.eu\/reconnaissance-faciale-intelligence-artificielle-et-ethique-le-debat-prend-de-lampleur\/#primaryimage","url":"https:\/\/viqtor.eu\/wp-content\/uploads\/2023\/04\/shutterstock_233471317.jpg","contentUrl":"https:\/\/viqtor.eu\/wp-content\/uploads\/2023\/04\/shutterstock_233471317.jpg","width":1000,"height":664},{"@type":"BreadcrumbList","@id":"https:\/\/viqtor.eu\/reconnaissance-faciale-intelligence-artificielle-et-ethique-le-debat-prend-de-lampleur\/#breadcrumb","itemListElement":[{"@type":"ListItem","position":1,"name":"Accueil","item":"https:\/\/viqtor.eu\/"},{"@type":"ListItem","position":2,"name":"Reconnaissance faciale, intelligence artificielle et \u00e9thique : le d\u00e9bat prend de l\u2019ampleur"}]},{"@type":"WebSite","@id":"https:\/\/viqtor.eu\/#website","url":"https:\/\/viqtor.eu\/","name":"Viqtor","description":"Faites du RGPD une opportunit\u00e9 pour votre entreprise.","publisher":{"@id":"https:\/\/viqtor.eu\/#organization"},"potentialAction":[{"@type":"SearchAction","target":{"@type":"EntryPoint","urlTemplate":"https:\/\/viqtor.eu\/?s={search_term_string}"},"query-input":{"@type":"PropertyValueSpecification","valueRequired":true,"valueName":"search_term_string"}}],"inLanguage":"hr"},{"@type":"Organization","@id":"https:\/\/viqtor.eu\/#organization","name":"viqtor.eu","url":"https:\/\/viqtor.eu\/","logo":{"@type":"ImageObject","inLanguage":"hr","@id":"https:\/\/viqtor.eu\/#\/schema\/logo\/image\/","url":"https:\/\/viqtor.eu\/wp-content\/uploads\/2023\/06\/favicon-noir.svg","contentUrl":"https:\/\/viqtor.eu\/wp-content\/uploads\/2023\/06\/favicon-noir.svg","width":108,"height":86,"caption":"viqtor.eu"},"image":{"@id":"https:\/\/viqtor.eu\/#\/schema\/logo\/image\/"}},{"@type":"Person","@id":"https:\/\/viqtor.eu\/#\/schema\/person\/3dbd9cc82a28f6cf1695c92eda0099ad","name":"Bruno","image":{"@type":"ImageObject","inLanguage":"hr","@id":"https:\/\/viqtor.eu\/#\/schema\/person\/image\/","url":"https:\/\/secure.gravatar.com\/avatar\/e5a596f9489de15bfe046e97fb771f63589b601ca7e81ccc2bb9a23582f441a3?s=96&d=mm&r=g","contentUrl":"https:\/\/secure.gravatar.com\/avatar\/e5a596f9489de15bfe046e97fb771f63589b601ca7e81ccc2bb9a23582f441a3?s=96&d=mm&r=g","caption":"Bruno"},"sameAs":["https:\/\/exciting-panini.13-37-234-21.plesk.page"],"url":"https:\/\/viqtor.eu\/hr\/author\/mouad_zxum2ebi\/"}]}},"_links":{"self":[{"href":"https:\/\/viqtor.eu\/hr\/wp-json\/wp\/v2\/posts\/5814","targetHints":{"allow":["GET"]}}],"collection":[{"href":"https:\/\/viqtor.eu\/hr\/wp-json\/wp\/v2\/posts"}],"about":[{"href":"https:\/\/viqtor.eu\/hr\/wp-json\/wp\/v2\/types\/post"}],"author":[{"embeddable":true,"href":"https:\/\/viqtor.eu\/hr\/wp-json\/wp\/v2\/users\/1"}],"replies":[{"embeddable":true,"href":"https:\/\/viqtor.eu\/hr\/wp-json\/wp\/v2\/comments?post=5814"}],"version-history":[{"count":8,"href":"https:\/\/viqtor.eu\/hr\/wp-json\/wp\/v2\/posts\/5814\/revisions"}],"predecessor-version":[{"id":12164,"href":"https:\/\/viqtor.eu\/hr\/wp-json\/wp\/v2\/posts\/5814\/revisions\/12164"}],"wp:featuredmedia":[{"embeddable":true,"href":"https:\/\/viqtor.eu\/hr\/wp-json\/wp\/v2\/media\/5829"}],"wp:attachment":[{"href":"https:\/\/viqtor.eu\/hr\/wp-json\/wp\/v2\/media?parent=5814"}],"wp:term":[{"taxonomy":"category","embeddable":true,"href":"https:\/\/viqtor.eu\/hr\/wp-json\/wp\/v2\/categories?post=5814"},{"taxonomy":"post_tag","embeddable":true,"href":"https:\/\/viqtor.eu\/hr\/wp-json\/wp\/v2\/tags?post=5814"}],"curies":[{"name":"wp","href":"https:\/\/api.w.org\/{rel}","templated":true}]}}