{"id":5493,"date":"2023-04-19T13:18:17","date_gmt":"2023-04-19T13:18:17","guid":{"rendered":"https:\/\/exciting-panini.13-37-234-21.plesk.page\/?p=5493"},"modified":"2024-07-26T16:04:19","modified_gmt":"2024-07-26T16:04:19","slug":"metaverse-fashion-week-dans-decentraland","status":"publish","type":"post","link":"https:\/\/viqtor.eu\/hr\/metaverse-fashion-week-dans-decentraland\/","title":{"rendered":"Tjedan mode Metaverse u Decentralandu, jednom od najpopularnijih virtualnih svjetova."},"content":{"rendered":"<div data-elementor-type=\"wp-post\" data-elementor-id=\"5493\" class=\"elementor elementor-5493\" data-elementor-post-type=\"post\">\n\t\t\t\t\t\t<section class=\"elementor-section elementor-top-section elementor-element elementor-element-54961bf ot-traditional elementor-section-boxed elementor-section-height-default elementor-section-height-default\" data-id=\"54961bf\" data-element_type=\"section\">\n\t\t\t\t\t\t<div class=\"elementor-container elementor-column-gap-default\">\n\t\t\t\t\t<div class=\"elementor-column elementor-col-100 elementor-top-column elementor-element elementor-element-ec4612d ot-flex-column-vertical\" data-id=\"ec4612d\" data-element_type=\"column\">\n\t\t\t<div class=\"elementor-widget-wrap elementor-element-populated\">\n\t\t\t\t\t\t<div class=\"elementor-element elementor-element-b3e5461 elementor-widget elementor-widget-image\" data-id=\"b3e5461\" data-element_type=\"widget\" data-widget_type=\"image.default\">\n\t\t\t\t<div class=\"elementor-widget-container\">\n\t\t\t\t\t\t\t\t\t\t\t\t\t<img fetchpriority=\"high\" decoding=\"async\" width=\"500\" height=\"334\" src=\"https:\/\/viqtor.eu\/wp-content\/uploads\/2023\/04\/Metaverse-Fashion-Week-dans-Decentraland-lun-des-mondes-virtuels-les-plus-populaires.jpg\" class=\"attachment-full size-full wp-image-12021\" alt=\"Metaverse Fashion Week dans Decentraland, l&#039;un des mondes virtuels les plus populaires.\" srcset=\"https:\/\/viqtor.eu\/wp-content\/uploads\/2023\/04\/Metaverse-Fashion-Week-dans-Decentraland-lun-des-mondes-virtuels-les-plus-populaires.jpg 500w, https:\/\/viqtor.eu\/wp-content\/uploads\/2023\/04\/Metaverse-Fashion-Week-dans-Decentraland-lun-des-mondes-virtuels-les-plus-populaires-300x200.jpg 300w\" sizes=\"(max-width: 500px) 100vw, 500px\" \/>\t\t\t\t\t\t\t\t\t\t\t\t\t<\/div>\n\t\t\t\t<\/div>\n\t\t\t\t\t<\/div>\n\t\t<\/div>\n\t\t\t\t\t<\/div>\n\t\t<\/section>\n\t\t\t\t<section class=\"elementor-section elementor-top-section elementor-element elementor-element-647497d ot-traditional elementor-section-boxed elementor-section-height-default elementor-section-height-default\" data-id=\"647497d\" data-element_type=\"section\">\n\t\t\t\t\t\t<div class=\"elementor-container elementor-column-gap-default\">\n\t\t\t\t\t<div class=\"elementor-column elementor-col-100 elementor-top-column elementor-element elementor-element-a65d641 ot-flex-column-vertical\" data-id=\"a65d641\" data-element_type=\"column\">\n\t\t\t<div class=\"elementor-widget-wrap elementor-element-populated\">\n\t\t\t\t\t\t<div class=\"elementor-element elementor-element-496dcd1 elementor-widget elementor-widget-heading\" data-id=\"496dcd1\" data-element_type=\"widget\" data-widget_type=\"heading.default\">\n\t\t\t\t<div class=\"elementor-widget-container\">\n\t\t\t<h1 class=\"elementor-heading-title elementor-size-default\">Tjedan mode Metaverse u Decentralandu, jednom od najpopularnijih virtualnih svjetova.<\/h1>\t\t<\/div>\n\t\t\t\t<\/div>\n\t\t\t\t\t<\/div>\n\t\t<\/div>\n\t\t\t\t\t<\/div>\n\t\t<\/section>\n\t\t\t\t<section class=\"elementor-section elementor-top-section elementor-element elementor-element-5571fb82 ot-traditional elementor-section-boxed elementor-section-height-default elementor-section-height-default\" data-id=\"5571fb82\" data-element_type=\"section\">\n\t\t\t\t\t\t<div class=\"elementor-container elementor-column-gap-default\">\n\t\t\t\t\t<div class=\"elementor-column elementor-col-100 elementor-top-column elementor-element elementor-element-5d982d20 ot-flex-column-vertical\" data-id=\"5d982d20\" data-element_type=\"column\">\n\t\t\t<div class=\"elementor-widget-wrap elementor-element-populated\">\n\t\t\t\t\t\t<div class=\"elementor-element elementor-element-387bed9b elementor-widget elementor-widget-text-editor\" data-id=\"387bed9b\" data-element_type=\"widget\" data-widget_type=\"text-editor.default\">\n\t\t\t\t<div class=\"elementor-widget-container\">\n\t\t\t\t\t\t\t<!-- wp:paragraph -->\n<p>Pravni nadzor br. 48 \u2013 <strong>Lipanj 2022.<\/strong><\/p>\n<!-- \/wp:paragraph -->\n\n<!-- wp:paragraph -->\n<p><strong>Vrli novi svijet<\/strong>U o\u017eujku 2022. godine, doga\u0111aj Metaverse Fashion Week odr\u017eao se u Decentralandu, jednom od najpopularnijih virtualnih svjetova.<\/p>\n<!-- \/wp:paragraph -->\n\n<!-- wp:paragraph -->\n<p>Online koncert emitiran na platformi za igre Fortnite nedavno je privukao 12 milijuna gledatelja.<\/p>\n<!-- \/wp:paragraph -->\n\n<!-- wp:paragraph -->\n<p>Virtualni svijet se danas razvija, a njegove ljudske, ekonomske i dru\u0161tvene implikacije jo\u0161 nisu u potpunosti shva\u0107ene.<\/p>\n<!-- \/wp:paragraph -->\n\n<!-- wp:paragraph -->\n<p>Nedavno objavljeno izvje\u0161\u0107e Europskog parlamenta o ovoj temi navodi da \u0107e do 2026. 25% ljudi provoditi barem jedan sat dnevno u metasvemiru na poslu, u kupovini, obrazovanju, dru\u0161tvenim aktivnostima i\/ili zabavi.<\/p>\n<!-- \/wp:paragraph -->\n\n<!-- wp:paragraph -->\n<p>Mnoge komercijalne tvrtke po\u010dele su razvijati vlastite platforme tamo, \u010dak i kada njihove aktivnosti imaju samo vrlo udaljenu vezu s digitalnom tehnologijom.<\/p>\n<!-- \/wp:paragraph -->\n\n<!-- wp:paragraph -->\n<p>Metaverzum se mo\u017ee opisati kao impresivan, konstantan 3D virtualni svijet u kojem ljudi komuniciraju putem avatara kako bi u\u017eivali u zabavi, obavljali kupnje i transakcije ili radili bez napu\u0161tanja svojih domova.<\/p>\n<!-- \/wp:paragraph -->\n\n<!-- wp:paragraph -->\n<p>Ekosustav ekonomskog metaverzuma koristi blockchain i kriptovalute, poput nezamjenjivih tokena (NFT), za monetizaciju transakcija u digitalnom okru\u017eenju.<\/p>\n<!-- \/wp:paragraph -->\n\n<!-- wp:paragraph -->\n<p>Ova evolucija weba postavlja mnoga pitanja, posebno u vezi s primjenom zakona.<\/p>\n<!-- \/wp:paragraph -->\n\n<!-- wp:paragraph -->\n<p>Kako prakti\u010dno mo\u017eemo regulirati online spajanja i akvizicije, uznemiravanje, manje-vi\u0161e legalne transakcije provedene u kriptovalutama, masovno prikupljanje podataka o pona\u0161anju pojedinaca putem njihovih avatara ili \u010dak nadzor pojedinaca na internetu od strane policije?<\/p>\n<!-- \/wp:paragraph -->\n\n<!-- wp:paragraph -->\n<p>Ulog je visok u pogledu GDPR-a, kako je istaknuto u nedavnom \u010dlanku objavljenom 20. svibnja u novinama Le Monde, a i kako isti\u010de Europski parlament, s obzirom na nevi\u0111enu kvalitetu i koli\u010dinu prikupljenih podataka.<\/p>\n<!-- \/wp:paragraph -->\n\n<!-- wp:paragraph -->\n<p>To mo\u017ee uklju\u010divati izraze lica, geste ili druge vrste fizi\u010dkih ili emocionalnih reakcija koje avatar mo\u017ee proizvesti tijekom interakcija, u stvarnom vremenu i bez da je toga svjestan.<\/p>\n<!-- \/wp:paragraph -->\n\n<!-- wp:paragraph -->\n<p>Na taj na\u010din se mogu prikupljati osjetljivi podaci poput biometrijskih podataka.<\/p>\n<!-- \/wp:paragraph -->\n\n<!-- wp:paragraph -->\n<p>Ove \u0107e informacije, na primjer, omogu\u0107iti tvrtkama da bolje razumiju pona\u0161anje korisnika i prilagode reklamne kampanje na vrlo ciljani na\u010din.<\/p>\n<!-- \/wp:paragraph -->\n\n<!-- wp:paragraph -->\n<p>Jesu li postoje\u0107a pravila prilago\u0111ena ovom novom svemiru?<\/p>\n<!-- \/wp:paragraph -->\n\n<!-- wp:paragraph -->\n<p>Kako mo\u017eemo dobiti privolu pojedinaca za takvo prikupljanje podataka i tko je odgovoran za prikupljanje u okru\u017eenju u kojem postoje vi\u0161estruke uloge i gdje je jo\u0161 te\u017ee identificirati voditelja obrade podataka?<\/p>\n<!-- \/wp:paragraph -->\n\n<!-- wp:paragraph -->\n<p>Kako upravljati interakcijama s umjetnom inteligencijom, inherentnom funkcioniranju Metaverzuma, i automatiziranim odlukama koje iz nje proizlaze?<\/p>\n<!-- \/wp:paragraph -->\n\n<!-- wp:paragraph -->\n<p>Istra\u017euje se nekoliko mogu\u0107nosti, ne samo na temelju GDPR-a, ve\u0107 i na temelju predlo\u017eenih europskih propisa o umjetnoj inteligenciji i upravljanju podacima.<\/p>\n<!-- \/wp:paragraph -->\n\n<!-- wp:paragraph -->\n<p>Spomenimo ulogu posrednika podataka, koji bi mogli centralizirati korisni\u010dka ovla\u0161tenja u vezi s kori\u0161tenjem njihovih podataka.<\/p>\n<!-- \/wp:paragraph -->\n\n<!-- wp:paragraph -->\n<p>Predlo\u017eena uredba o upravljanju podacima predvi\u0111a za\u0161titu prostora osobnih podataka ili portfelja podataka reguliranjem dijeljenja podataka i kontrolom privole pojedinaca.<\/p>\n<!-- \/wp:paragraph -->\n\n<!-- wp:paragraph -->\n<p>Me\u0111utim, u mjeri u kojoj posrednici koriste umjetnu inteligenciju u upravljanju podacima, za\u0161titne mjere su potrebne kako bi se sprije\u010dila pronevjera i zlouporaba.<\/p>\n<!-- \/wp:paragraph -->\n\n<!-- wp:paragraph -->\n<p>Treba podsjetiti da su ova dva predlo\u017eena propisa bila predmet komentara Europskog nadzornika i Europskog odbora za za\u0161titu podataka, koji inzistiraju na po\u0161tivanju na\u010dela svrhe pri kori\u0161tenju podataka i pozivaju na mjere koje predvi\u0111aju vi\u0161e kontrola i jamstava za ispitanika, na primjer kodekse pona\u0161anja ili mehanizme certificiranja.<\/p>\n<!-- \/wp:paragraph -->\n\n<!-- wp:paragraph -->\n<p>Vlasti tako\u0111er imaju rezerve prema dru\u0161tvenom bodovanju u kontekstu dru\u0161tvenih mre\u017ea op\u0107enito, a jo\u0161 vi\u0161e u Metaverseu.<\/p>\n<!-- \/wp:paragraph -->\n\n<!-- wp:paragraph -->\n<p>Posebnu pozornost treba posvetiti i za\u0161titi ranjivih skupina, posebno djece, kako bi se provjerila njihova dob i obeshrabrilo ih da daju svoje osobne podatke.<\/p>\n<!-- \/wp:paragraph -->\n\n<!-- wp:paragraph -->\n<p>Neki se nadalje zala\u017eu za otvoreni i decentralizirani Metaverzum, kojim upravljaju sami korisnici u obliku decentraliziranih autonomnih organizacija (DAO).<\/p>\n<!-- \/wp:paragraph -->\n\n<!-- wp:paragraph -->\n<p>U ovoj vrsti modela, razli\u010ditom od centraliziranog poslovnog modela, korisnici bi imali ve\u0107u kontrolu nad svojim podacima i njihovim dijeljenjem.<\/p>\n<!-- \/wp:paragraph -->\n\n<!-- wp:paragraph -->\n<p>I ovdje bi, uz regulatorne smjernice, ve\u0107oj pravnoj sigurnosti doprinijeli kodeksi pona\u0161anja i mehanizmi certificiranja.<\/p>\n<!-- \/wp:paragraph -->\n\n<!-- wp:paragraph -->\n<p>Nekoliko odgovora na mnoga pitanja...<\/p>\n<!-- \/wp:paragraph -->\n\n<!-- wp:paragraph -->\n<p>U svakom slu\u010daju, primjena zakona ne\u0107e se posti\u0107i bez ve\u0107e odgovornosti uklju\u010denih aktera.<\/p>\n<!-- \/wp:paragraph -->\n\n<!-- wp:paragraph -->\n<p><strong>I tako\u0111er<\/strong><\/p>\n<!-- \/wp:paragraph -->\n\n<!-- wp:paragraph -->\n<p><strong>Francuska:<\/strong><\/p>\n<!-- \/wp:paragraph -->\n\n<!-- wp:paragraph -->\n<p><strong>CNIL je 7. lipnja objavio pitanja i odgovore u vezi s kori\u0161tenjem Google Analyticsa.<\/strong><\/p>\n<!-- \/wp:paragraph -->\n\n<!-- wp:paragraph -->\n<p>Komisija je nalo\u017eila nekoliko organizacija da se pridr\u017eavaju GDPR-a, budu\u0107i da nijedna od dodatnih za\u0161titnih mjera koje su joj predstavljene nije bila dovoljna da sprije\u010di ameri\u010dke obavje\u0161tajne slu\u017ebe da pristupe osobnim podacima europskih korisnika.<\/p>\n<!-- \/wp:paragraph -->\n\n<!-- wp:paragraph -->\n<p>Rje\u0161enje koje omogu\u0107uje kori\u0161tenje proxyja kako bi se izbjegao bilo kakav izravan kontakt izme\u0111u terminala internetskog korisnika i poslu\u017eitelja alata za mjerenje moglo bi, prema njezinim rije\u010dima, biti mogu\u0107e ako taj poslu\u017eitelj ispunjava skup kriterija koji po\u0161tuju preporuke Europskog odbora za za\u0161titu podataka (EDPB), objavljene 18. lipnja 2021.<\/p>\n<!-- \/wp:paragraph -->\n\n<!-- wp:paragraph -->\n<p><strong>Dr\u017eavno vije\u0107e potvrdilo je da je CNIL nadle\u017ean za izricanje sankcija izvan europskog mehanizma jedinstvenog kontaktnog mjesta.<\/strong><\/p>\n<!-- \/wp:paragraph -->\n\n<!-- wp:paragraph -->\n<p>U ovom slu\u010daju rije\u010d je o tvrtki Amazon online France, koja ima poslovnicu na francuskom teritoriju i obra\u0111uje podatke osoba s prebivali\u0161tem u Francuskoj.<\/p>\n<!-- \/wp:paragraph -->\n\n<!-- wp:paragraph -->\n<p>Time je potvr\u0111ena kazna od 35 milijuna eura izre\u010dena 2020. godine, kojom se ka\u017enjava kori\u0161tenje kola\u010di\u0107a bez pristanka korisnika.<\/p>\n<!-- \/wp:paragraph -->\n\n<!-- wp:paragraph -->\n<p><strong>Dana 30. lipnja CNIL je izrekao kaznu od milijun eura protiv tvrtke Total Energies Electricit\u00e9 et Gaz de France. <\/strong>posebno zbog nepo\u0161tivanja obveza u vezi s komercijalnim istra\u017eivanjem i pravima pojedinaca<strong>.<\/strong><\/p>\n<!-- \/wp:paragraph -->\n\n<!-- wp:paragraph -->\n<p>CNIL je 13. lipnja pokrenuo studiju o podacima o geolokaciji prikupljenim mobilnim aplikacijama.<\/p>\n<!-- \/wp:paragraph -->\n\n<!-- wp:paragraph -->\n<p>Kao \u0161to je najavljeno u svom strate\u0161kom planu za razdoblje 2022.-2024., CNIL \u017eeli podi\u0107i svijest javnosti i stru\u010dnjaka o problemima povezanim s prikupljanjem podataka o geolokaciji putem mobilnih aplikacija.<\/p>\n<!-- \/wp:paragraph -->\n\n<!-- wp:paragraph -->\n<p>Tako\u0111er je pitanje provjere uskla\u0111enosti s GDPR-om stru\u010dnjaka u sektoru komercijalnog istra\u017eivanja nekretnina.<\/p>\n<!-- \/wp:paragraph -->\n\n<!-- wp:paragraph -->\n<p><strong>Europa:<\/strong><\/p>\n<!-- \/wp:paragraph -->\n\n<!-- wp:paragraph -->\n<p><strong>Europski nadzornik za za\u0161titu podataka (EDPS) izra\u017eava zabrinutost zbog izmjena Uredbe o Europolu, koja je stupila na snagu 28. lipnja 2022.<\/strong><\/p>\n<!-- \/wp:paragraph -->\n\n<!-- wp:paragraph -->\n<p>EDPS nagla\u0161ava da oni slabe temeljno pravo na za\u0161titu podataka, ne osiguravaju odgovaraju\u0107i nadzor nad agencijom i zna\u010dajno pro\u0161iruju mandat Europola u pogledu razmjene osobnih podataka s privatnim stranama, kori\u0161tenja umjetne inteligencije i obrade velikih skupova podataka.<\/p>\n<!-- \/wp:paragraph -->\n\n<!-- wp:paragraph -->\n<p>Dana 14. lipnja, Europski odbor za za\u0161titu podataka (<strong>EDPB<\/strong>) objavio je svoj odgovor na <strong>Konzultacije Europske komisije o stvaranju digitalnog eura.<\/strong><\/p>\n<!-- \/wp:paragraph -->\n\n<!-- wp:paragraph -->\n<p>Dana 16. lipnja,<strong>EDPB<\/strong> usvojene smjernice o <strong>certifikacija kao alat za prijenos osobnih podataka <\/strong>tre\u0107im zemljama koje ne pru\u017eaju odgovaraju\u0107u razinu za\u0161tite.<\/p>\n<!-- \/wp:paragraph -->\n\n<!-- wp:paragraph -->\n<p>Konferenciju koju je u lipnju organizirao<strong>Nadzornik za za\u0161titu podataka<\/strong>, koju je online i osobno pratilo vi\u0161e od 2000 ljudi, zavr\u0161ila je kriti\u010dkim zapa\u017eanjima u vezi s <strong>Europska suradnja u istragama.<\/strong><\/p>\n<!-- \/wp:paragraph -->\n\n<!-- wp:paragraph -->\n<p>Za EDPS-a, svaki dobar model trebao bi uklju\u010divati sna\u017ene mehanizme kolegijalnosti, a strate\u0161ke istrage mogle bi se provoditi na sredi\u0161njoj razini, \u0161to bi prevladalo \u201eprobleme koji proizlaze iz nekompatibilnog nacionalnog zakonodavstva ili razli\u010ditih poku\u0161aja uskla\u0111ivanja\u201c.<\/p>\n<!-- \/wp:paragraph -->\n\n<!-- wp:paragraph -->\n<p>THE <strong>Vije\u0107e Europe<\/strong> objavljuje studiju o <strong>Pegasus \u0161pijunski softver<\/strong> i njegov utjecaj na temeljna prava. Treba imati na umu da je ovaj \u0161pijunski softver tako\u0111er predmet istrage Europskog parlamenta.<\/p>\n<!-- \/wp:paragraph -->\n\n<!-- wp:paragraph -->\n<p>THE <strong>Mre\u017ea za suradnju u za\u0161titi potro\u0161a\u010da<\/strong> (CPC), u suradnji s tijelima za za\u0161titu podataka, odobrio je 5 klju\u010dnih na\u010dela za <strong>po\u0161teno ogla\u0161avanje za djecu<\/strong>s.<\/p>\n<!-- \/wp:paragraph -->\n\n<!-- wp:paragraph -->\n<p>THE<strong> \u0160vicarski savezni povjerenik za za\u0161titu podataka i informiranje (FDPIC)<\/strong> savjetovao je Suvi (\u0160vicarski nacionalni fond za osiguranje od nezgode, koji osigurava zdravstveno osiguranje za svoje zaposlenike) da <strong>preispita svoju odluku o prepu\u0161tanju obrade svojih osobnih podataka Sjedinjenim Ameri\u010dkim Dr\u017eavama<\/strong>s \u2013 to\u010dnije u Microsoftovoj usluzi u oblaku, iako se podaci nalaze na MS poslu\u017eitelju u \u0160vicarskoj.<\/p>\n<!-- \/wp:paragraph -->\n\n<!-- wp:paragraph -->\n<p>Transferi izvan Europe tako\u0111er su u sredi\u0161tu nedavne odluke <strong>Dr\u017eavno vije\u0107e Belgije, koje je suspendiralo odluku o odabiru ameri\u010dkog izvo\u0111a\u010da radova <\/strong>u kontekstu postupka javne nabave s obrazlo\u017eenjem da to tijelo nije dovoljno ispitalo je li izvo\u0111a\u010d radova ispunio zahtjeve GDPR-a, posebno odredbe koje se odnose na prijenose.<\/p>\n<!-- \/wp:paragraph -->\n\n<!-- wp:paragraph -->\n<p>Odluka tako\u0111er dovodi u pitanje daljnju obradu od strane druge tvrtke, Smart Analytics, sa sjedi\u0161tem u Rusiji (putem GDPRhuba).<\/p>\n<!-- \/wp:paragraph -->\n\n<!-- wp:paragraph -->\n<p>Deset udruga potro\u0161a\u010da, pod koordinacijom <strong>Europska organizacija potro\u0161a\u010da (BEUC)<\/strong>, objavili su 30. lipnja da poduzimaju korake kako bi osigurali da se Google pridr\u017eava zakona: tehnolo\u0161ki div bi usmjeravao potro\u0161a\u010de na svoj sustav pra\u0107enja kada se prijave za Google ra\u010dun, umjesto da im pru\u017ea za\u0161titu podataka prema zadanim postavkama i dizajnu, kako to zahtijeva GDPR.<\/p>\n<!-- \/wp:paragraph -->\n\n<!-- wp:paragraph -->\n<p><strong>Reforma britanskog zakonodavstva o za\u0161titi podataka nakon Brexita dosegla je novu prekretnicu 17. lipnja kona\u010dnim odgovorom vlade na javno savjetovanje.<\/strong><\/p>\n<!-- \/wp:paragraph -->\n\n<!-- wp:paragraph -->\n<p>Dokument uklju\u010duje nekoliko reformi, poput uklanjanja zahtjeva za imenovanjem slu\u017ebenika za za\u0161titu podataka, zamjene zahtjeva za pristanak pravom na prigovor na pra\u0107enje korisnika interneta i promjena u radu Ureda povjerenika za informiranje.<\/p>\n<!-- \/wp:paragraph -->\n\n<!-- wp:paragraph -->\n<p><strong>Finska slu\u017ebena razvojna pomo\u0107 (ODA)<\/strong> naredio je bolnici da izbri\u0161e povijest zaposlenika, zapise o lokaciji i druge osobne podatke generirane zadanom zna\u010dajkom snimanja lokacije u sustavu Windows 10.<\/p>\n<!-- \/wp:paragraph -->\n\n<!-- wp:paragraph -->\n<p>Ova postavka prekr\u0161ila je na\u010delo &quot;za\u0161tite podataka po zadanim postavkama&quot; iz \u010dlanka 25(2) GDPR-a (putem GDPRhuba).&nbsp;<\/p>\n<!-- \/wp:paragraph -->\n\n<!-- wp:paragraph -->\n<p><strong>Talijansko tijelo za za\u0161titu podataka kaznilo je bolnicu s 70.000 eura zbog slanja kopija primateljima dvaju medicinskih biltena.<\/strong> umjesto CCI-a, otkrivanje njihovih osobnih podataka (uklju\u010duju\u0107i zdravstvene podatke) svim primateljima bez pravne osnove (putem GDPRhuba).<\/p>\n<!-- \/wp:paragraph -->\n\n<!-- wp:paragraph -->\n<p><strong>O istoj temi, rumunjska slu\u017ebena razvojna pomo\u0107<\/strong> tako\u0111er je kaznio podizvo\u0111a\u010da odgovornog za provedbu marketin\u0161ke kampanje s 1000 eura zbog slanja marketin\u0161ke e-po\u0161te 27 osobama bez skrivanja njihovih adresa e-po\u0161te.<\/p>\n<!-- \/wp:paragraph -->\n\n<!-- wp:paragraph -->\n<p>Sjetimo se toga <strong>Belgija je 29. travnja u sli\u010dnom slu\u010daju presudila da slanje takve e-po\u0161te ne predstavlja kr\u0161enje sigurnosti kada je u nju uklju\u010deno manje od 16 osoba.<\/strong><\/p>\n<!-- \/wp:paragraph -->\n\n<!-- wp:paragraph -->\n<p><strong>Me\u0111unarodno:<\/strong><\/p>\n<!-- \/wp:paragraph -->\n\n<!-- wp:paragraph -->\n<p><strong>Rusija: <\/strong>Moskovski sud kaznio je Google s 15 milijuna rubalja zbog ponovljenog nepo\u0161tivanja pravila o lokalizaciji podataka.<\/p>\n<!-- \/wp:paragraph -->\n\n<!-- wp:paragraph -->\n<p>Google je ve\u0107 bio podvrgnut administrativnoj sankciji 2021. godine zbog kr\u0161enja istog na\u010dela ruskog zakona o osobnim podacima, koji obvezuje tvrtke da pohranjuju osobne podatke ruskih gra\u0111ana na teritoriju Ruske Federacije.<strong>.<\/strong><\/p>\n<!-- \/wp:paragraph -->\n\n<!-- wp:paragraph -->\n<p><strong>SJEDINJENE AMERI\u010cKE DR\u017dAVE: <\/strong>Posljedice odluke Vrhovnog suda u slu\u010daju Roe protiv Wadea prote\u017eu se na pitanja privatnosti podataka.&nbsp;<\/p>\n<!-- \/wp:paragraph -->\n\n<!-- wp:paragraph -->\n<p>Pitanje se odnosi na stav tehnolo\u0161kih divova prema pristupu vlasti podacima o plodnosti.<\/p>\n<!-- \/wp:paragraph -->\n\n<!-- wp:paragraph -->\n<p>Ti se podaci mogu otkriti putem izvora kao \u0161to su povijest preglednika, pretra\u017eivanja, zapisi e-po\u0161te i tekstualnih poruka, kori\u0161tenje aplikacija za plodnost i drugih komercijalnih proizvoda s kojima mnogi korisnici svakodnevno komuniciraju.<\/p>\n<!-- \/wp:paragraph -->\n\n<!-- wp:paragraph -->\n<p>Kako izvje\u0161tava The Register, ovu vrstu informacija ve\u0107 su koristile agencije za provo\u0111enje zakona kao dokaz u slu\u010dajevima povezanim s poba\u010dajem.<\/p>\n<!-- \/wp:paragraph -->\n\n<!-- wp:paragraph -->\n<p><strong>Kina: <\/strong>New York Times objavljuje istragu u kojoj se poziva na stotine dokumenata koji detaljno opisuju softver koji je Kina kupila za pretra\u017eivanje svojih golemih baza podataka o nadzoru kako bi predvidjela tko \u0107e postati osumnji\u010denik ili potencijalni uzro\u010dnik problema.<\/p>\n<!-- \/wp:paragraph -->\n\n<!-- wp:paragraph -->\n<p><strong>U Kanadi, <\/strong>Od 16. lipnja Povelja o digitalnim pravima \u0161titi prava potro\u0161a\u010da i osobne podatke te regulira umjetnu inteligenciju.<strong>.<\/strong><\/p>\n<!-- \/wp:paragraph -->\n\n<!-- wp:paragraph -->\n<p>Anne Christine Lacoste<\/p>\n<!-- \/wp:paragraph -->\n\n<!-- wp:paragraph -->\n<p><em>Partnerica u tvrtki Olivier Weber Avocat, Anne Christine Lacoste, odvjetnica je specijalizirana za pravo podataka; bila je voditeljica me\u0111unarodnih odnosa u Europskom nadzorniku za za\u0161titu podataka i radila je na provedbi GDPR-a u Europskoj uniji.<\/em><\/p>\n<!-- \/wp:paragraph -->\t\t\t\t\t\t<\/div>\n\t\t\t\t<\/div>\n\t\t\t\t\t<\/div>\n\t\t<\/div>\n\t\t\t\t\t<\/div>\n\t\t<\/section>\n\t\t\t\t<section class=\"elementor-section elementor-top-section elementor-element elementor-element-9692fee ot-traditional elementor-section-boxed elementor-section-height-default elementor-section-height-default\" data-id=\"9692fee\" data-element_type=\"section\">\n\t\t\t\t\t\t<div class=\"elementor-container elementor-column-gap-default\">\n\t\t\t\t\t<div class=\"elementor-column elementor-col-100 elementor-top-column elementor-element elementor-element-c17bbb4 ot-flex-column-vertical\" data-id=\"c17bbb4\" data-element_type=\"column\">\n\t\t\t<div class=\"elementor-widget-wrap elementor-element-populated\">\n\t\t\t\t\t\t<div class=\"elementor-element elementor-element-f387214 elementor-align-center elementor-widget elementor-widget-button\" data-id=\"f387214\" data-element_type=\"widget\" data-widget_type=\"button.default\">\n\t\t\t\t<div class=\"elementor-widget-container\">\n\t\t\t\t\t<div class=\"elementor-button-wrapper\">\n\t\t\t<a class=\"elementor-button elementor-button-link elementor-size-lg\" href=\"https:\/\/app.viqtor.eu\/\">\n\t\t\t\t\t\t<span class=\"elementor-button-content-wrapper\">\n\t\t\t\t\t\t<span class=\"elementor-button-icon\">\n\t\t\t\t<i aria-hidden=\"true\" class=\"fas fa-long-arrow-alt-right\"><\/i>\t\t\t<\/span>\n\t\t\t\t\t\t\t\t\t<span class=\"elementor-button-text\">Otkrijte Viqtor\u00ae<\/span>\n\t\t\t\t\t<\/span>\n\t\t\t\t\t<\/a>\n\t\t<\/div>\n\t\t\t\t<\/div>\n\t\t\t\t<\/div>\n\t\t\t\t\t<\/div>\n\t\t<\/div>\n\t\t\t\t\t<\/div>\n\t\t<\/section>\n\t\t\t\t<\/div>","protected":false},"excerpt":{"rendered":"<p>Metaverse Fashion Week u Decentralandu, jednom od najpopularnijih virtualnih svjetova. Pravni pregled br. 48 \u2013 lipanj 2022. Vrli novi svijet. U o\u017eujku 2022. doga\u0111aj Metaverse Fashion Week odr\u017ean je u Decentralandu, jednom od najpopularnijih virtualnih svjetova. Online koncert emitiran je na Fortnite gaming platformi [\u2026]<\/p>","protected":false},"author":1,"featured_media":5659,"comment_status":"closed","ping_status":"open","sticky":false,"template":"elementor_header_footer","format":"standard","meta":{"_acf_changed":false,"footnotes":""},"categories":[35],"tags":[],"class_list":["post-5493","post","type-post","status-publish","format-standard","has-post-thumbnail","hentry","category-veille-juridique"],"acf":[],"yoast_head":"<!-- This site is optimized with the Yoast SEO plugin v23.6 - https:\/\/yoast.com\/wordpress\/plugins\/seo\/ -->\n<title>Metaverse Fashion Week dans Decentraland, l&#039;un des mondes virtuels les plus populaires. - Viqtor<\/title>\n<meta name=\"description\" content=\"Metaverse Fashion Week dans Decentraland, l&#039;un des mondes virtuels les plus populaires. Veille juridique - Viqtor\" \/>\n<meta name=\"robots\" content=\"index, follow, max-snippet:-1, max-image-preview:large, max-video-preview:-1\" \/>\n<link rel=\"canonical\" href=\"https:\/\/viqtor.eu\/hr\/metaverse-fashion-week-dans-decentraland\/\" \/>\n<meta property=\"og:locale\" content=\"hr_HR\" \/>\n<meta property=\"og:type\" content=\"article\" \/>\n<meta property=\"og:title\" content=\"Metaverse Fashion Week dans Decentraland, l&#039;un des mondes virtuels les plus populaires. - Viqtor\" \/>\n<meta property=\"og:description\" content=\"Metaverse Fashion Week dans Decentraland, l&#039;un des mondes virtuels les plus populaires. Veille juridique - Viqtor\" \/>\n<meta property=\"og:url\" content=\"https:\/\/viqtor.eu\/hr\/metaverse-fashion-week-dans-decentraland\/\" \/>\n<meta property=\"og:site_name\" content=\"Viqtor\" \/>\n<meta property=\"article:published_time\" content=\"2023-04-19T13:18:17+00:00\" \/>\n<meta property=\"article:modified_time\" content=\"2024-07-26T16:04:19+00:00\" \/>\n<meta property=\"og:image\" content=\"https:\/\/viqtor.eu\/wp-content\/uploads\/2026\/04\/widget-viqtor.png\" \/>\n\t<meta property=\"og:image:width\" content=\"500\" \/>\n\t<meta property=\"og:image:height\" content=\"334\" \/>\n\t<meta property=\"og:image:type\" content=\"image\/jpeg\" \/>\n<meta name=\"author\" content=\"Bruno\" \/>\n<meta name=\"twitter:card\" content=\"summary_large_image\" \/>\n<meta name=\"twitter:label1\" content=\"Napisao\/la\" \/>\n\t<meta name=\"twitter:data1\" content=\"Bruno\" \/>\n\t<meta name=\"twitter:label2\" content=\"Procijenjeno vrijeme \u010ditanja\" \/>\n\t<meta name=\"twitter:data2\" content=\"11 minuta\" \/>\n<script type=\"application\/ld+json\" class=\"yoast-schema-graph\">{\"@context\":\"https:\/\/schema.org\",\"@graph\":[{\"@type\":\"Article\",\"@id\":\"https:\/\/viqtor.eu\/metaverse-fashion-week-dans-decentraland\/#article\",\"isPartOf\":{\"@id\":\"https:\/\/viqtor.eu\/metaverse-fashion-week-dans-decentraland\/\"},\"author\":{\"name\":\"Bruno\",\"@id\":\"https:\/\/viqtor.eu\/#\/schema\/person\/3dbd9cc82a28f6cf1695c92eda0099ad\"},\"headline\":\"Metaverse Fashion Week dans Decentraland, l&rsquo;un des mondes virtuels les plus populaires.\",\"datePublished\":\"2023-04-19T13:18:17+00:00\",\"dateModified\":\"2024-07-26T16:04:19+00:00\",\"mainEntityOfPage\":{\"@id\":\"https:\/\/viqtor.eu\/metaverse-fashion-week-dans-decentraland\/\"},\"wordCount\":2428,\"publisher\":{\"@id\":\"https:\/\/viqtor.eu\/#organization\"},\"image\":{\"@id\":\"https:\/\/viqtor.eu\/metaverse-fashion-week-dans-decentraland\/#primaryimage\"},\"thumbnailUrl\":\"https:\/\/viqtor.eu\/wp-content\/uploads\/2023\/04\/shutterstock_1944426163.jpg\",\"articleSection\":[\"Veille juridique\"],\"inLanguage\":\"hr\"},{\"@type\":\"WebPage\",\"@id\":\"https:\/\/viqtor.eu\/metaverse-fashion-week-dans-decentraland\/\",\"url\":\"https:\/\/viqtor.eu\/metaverse-fashion-week-dans-decentraland\/\",\"name\":\"Metaverse Fashion Week dans Decentraland, l'un des mondes virtuels les plus populaires. - Viqtor\",\"isPartOf\":{\"@id\":\"https:\/\/viqtor.eu\/#website\"},\"primaryImageOfPage\":{\"@id\":\"https:\/\/viqtor.eu\/metaverse-fashion-week-dans-decentraland\/#primaryimage\"},\"image\":{\"@id\":\"https:\/\/viqtor.eu\/metaverse-fashion-week-dans-decentraland\/#primaryimage\"},\"thumbnailUrl\":\"https:\/\/viqtor.eu\/wp-content\/uploads\/2023\/04\/shutterstock_1944426163.jpg\",\"datePublished\":\"2023-04-19T13:18:17+00:00\",\"dateModified\":\"2024-07-26T16:04:19+00:00\",\"description\":\"Metaverse Fashion Week dans Decentraland, l'un des mondes virtuels les plus populaires. Veille juridique - Viqtor\",\"breadcrumb\":{\"@id\":\"https:\/\/viqtor.eu\/metaverse-fashion-week-dans-decentraland\/#breadcrumb\"},\"inLanguage\":\"hr\",\"potentialAction\":[{\"@type\":\"ReadAction\",\"target\":[\"https:\/\/viqtor.eu\/metaverse-fashion-week-dans-decentraland\/\"]}]},{\"@type\":\"ImageObject\",\"inLanguage\":\"hr\",\"@id\":\"https:\/\/viqtor.eu\/metaverse-fashion-week-dans-decentraland\/#primaryimage\",\"url\":\"https:\/\/viqtor.eu\/wp-content\/uploads\/2023\/04\/shutterstock_1944426163.jpg\",\"contentUrl\":\"https:\/\/viqtor.eu\/wp-content\/uploads\/2023\/04\/shutterstock_1944426163.jpg\",\"width\":500,\"height\":334},{\"@type\":\"BreadcrumbList\",\"@id\":\"https:\/\/viqtor.eu\/metaverse-fashion-week-dans-decentraland\/#breadcrumb\",\"itemListElement\":[{\"@type\":\"ListItem\",\"position\":1,\"name\":\"Accueil\",\"item\":\"https:\/\/viqtor.eu\/\"},{\"@type\":\"ListItem\",\"position\":2,\"name\":\"Metaverse Fashion Week dans Decentraland, l&rsquo;un des mondes virtuels les plus populaires.\"}]},{\"@type\":\"WebSite\",\"@id\":\"https:\/\/viqtor.eu\/#website\",\"url\":\"https:\/\/viqtor.eu\/\",\"name\":\"Viqtor\",\"description\":\"Faites du RGPD une opportunit\u00e9 pour votre entreprise.\",\"publisher\":{\"@id\":\"https:\/\/viqtor.eu\/#organization\"},\"potentialAction\":[{\"@type\":\"SearchAction\",\"target\":{\"@type\":\"EntryPoint\",\"urlTemplate\":\"https:\/\/viqtor.eu\/?s={search_term_string}\"},\"query-input\":{\"@type\":\"PropertyValueSpecification\",\"valueRequired\":true,\"valueName\":\"search_term_string\"}}],\"inLanguage\":\"hr\"},{\"@type\":\"Organization\",\"@id\":\"https:\/\/viqtor.eu\/#organization\",\"name\":\"viqtor.eu\",\"url\":\"https:\/\/viqtor.eu\/\",\"logo\":{\"@type\":\"ImageObject\",\"inLanguage\":\"hr\",\"@id\":\"https:\/\/viqtor.eu\/#\/schema\/logo\/image\/\",\"url\":\"https:\/\/viqtor.eu\/wp-content\/uploads\/2023\/06\/favicon-noir.svg\",\"contentUrl\":\"https:\/\/viqtor.eu\/wp-content\/uploads\/2023\/06\/favicon-noir.svg\",\"width\":108,\"height\":86,\"caption\":\"viqtor.eu\"},\"image\":{\"@id\":\"https:\/\/viqtor.eu\/#\/schema\/logo\/image\/\"}},{\"@type\":\"Person\",\"@id\":\"https:\/\/viqtor.eu\/#\/schema\/person\/3dbd9cc82a28f6cf1695c92eda0099ad\",\"name\":\"Bruno\",\"image\":{\"@type\":\"ImageObject\",\"inLanguage\":\"hr\",\"@id\":\"https:\/\/viqtor.eu\/#\/schema\/person\/image\/\",\"url\":\"https:\/\/secure.gravatar.com\/avatar\/e5a596f9489de15bfe046e97fb771f63589b601ca7e81ccc2bb9a23582f441a3?s=96&d=mm&r=g\",\"contentUrl\":\"https:\/\/secure.gravatar.com\/avatar\/e5a596f9489de15bfe046e97fb771f63589b601ca7e81ccc2bb9a23582f441a3?s=96&d=mm&r=g\",\"caption\":\"Bruno\"},\"sameAs\":[\"https:\/\/exciting-panini.13-37-234-21.plesk.page\"],\"url\":\"https:\/\/viqtor.eu\/hr\/author\/mouad_zxum2ebi\/\"}]}<\/script>\n<!-- \/ Yoast SEO plugin. -->","yoast_head_json":{"title":"Metaverse Fashion Week dans Decentraland, l'un des mondes virtuels les plus populaires. - Viqtor","description":"Metaverse Fashion Week dans Decentraland, l'un des mondes virtuels les plus populaires. Veille juridique - Viqtor","robots":{"index":"index","follow":"follow","max-snippet":"max-snippet:-1","max-image-preview":"max-image-preview:large","max-video-preview":"max-video-preview:-1"},"canonical":"https:\/\/viqtor.eu\/hr\/metaverse-fashion-week-dans-decentraland\/","og_locale":"hr_HR","og_type":"article","og_title":"Metaverse Fashion Week dans Decentraland, l'un des mondes virtuels les plus populaires. - Viqtor","og_description":"Metaverse Fashion Week dans Decentraland, l'un des mondes virtuels les plus populaires. Veille juridique - Viqtor","og_url":"https:\/\/viqtor.eu\/hr\/metaverse-fashion-week-dans-decentraland\/","og_site_name":"Viqtor","article_published_time":"2023-04-19T13:18:17+00:00","article_modified_time":"2024-07-26T16:04:19+00:00","og_image":[{"width":500,"height":334,"url":"https:\/\/viqtor.eu\/wp-content\/uploads\/2026\/04\/widget-viqtor.png","type":"image\/jpeg"}],"author":"Bruno","twitter_card":"summary_large_image","twitter_misc":{"Napisao\/la":"Bruno","Procijenjeno vrijeme \u010ditanja":"11 minuta"},"schema":{"@context":"https:\/\/schema.org","@graph":[{"@type":"Article","@id":"https:\/\/viqtor.eu\/metaverse-fashion-week-dans-decentraland\/#article","isPartOf":{"@id":"https:\/\/viqtor.eu\/metaverse-fashion-week-dans-decentraland\/"},"author":{"name":"Bruno","@id":"https:\/\/viqtor.eu\/#\/schema\/person\/3dbd9cc82a28f6cf1695c92eda0099ad"},"headline":"Metaverse Fashion Week dans Decentraland, l&rsquo;un des mondes virtuels les plus populaires.","datePublished":"2023-04-19T13:18:17+00:00","dateModified":"2024-07-26T16:04:19+00:00","mainEntityOfPage":{"@id":"https:\/\/viqtor.eu\/metaverse-fashion-week-dans-decentraland\/"},"wordCount":2428,"publisher":{"@id":"https:\/\/viqtor.eu\/#organization"},"image":{"@id":"https:\/\/viqtor.eu\/metaverse-fashion-week-dans-decentraland\/#primaryimage"},"thumbnailUrl":"https:\/\/viqtor.eu\/wp-content\/uploads\/2023\/04\/shutterstock_1944426163.jpg","articleSection":["Veille juridique"],"inLanguage":"hr"},{"@type":"WebPage","@id":"https:\/\/viqtor.eu\/metaverse-fashion-week-dans-decentraland\/","url":"https:\/\/viqtor.eu\/metaverse-fashion-week-dans-decentraland\/","name":"Metaverse Fashion Week dans Decentraland, l'un des mondes virtuels les plus populaires. - Viqtor","isPartOf":{"@id":"https:\/\/viqtor.eu\/#website"},"primaryImageOfPage":{"@id":"https:\/\/viqtor.eu\/metaverse-fashion-week-dans-decentraland\/#primaryimage"},"image":{"@id":"https:\/\/viqtor.eu\/metaverse-fashion-week-dans-decentraland\/#primaryimage"},"thumbnailUrl":"https:\/\/viqtor.eu\/wp-content\/uploads\/2023\/04\/shutterstock_1944426163.jpg","datePublished":"2023-04-19T13:18:17+00:00","dateModified":"2024-07-26T16:04:19+00:00","description":"Metaverse Fashion Week dans Decentraland, l'un des mondes virtuels les plus populaires. Veille juridique - Viqtor","breadcrumb":{"@id":"https:\/\/viqtor.eu\/metaverse-fashion-week-dans-decentraland\/#breadcrumb"},"inLanguage":"hr","potentialAction":[{"@type":"ReadAction","target":["https:\/\/viqtor.eu\/metaverse-fashion-week-dans-decentraland\/"]}]},{"@type":"ImageObject","inLanguage":"hr","@id":"https:\/\/viqtor.eu\/metaverse-fashion-week-dans-decentraland\/#primaryimage","url":"https:\/\/viqtor.eu\/wp-content\/uploads\/2023\/04\/shutterstock_1944426163.jpg","contentUrl":"https:\/\/viqtor.eu\/wp-content\/uploads\/2023\/04\/shutterstock_1944426163.jpg","width":500,"height":334},{"@type":"BreadcrumbList","@id":"https:\/\/viqtor.eu\/metaverse-fashion-week-dans-decentraland\/#breadcrumb","itemListElement":[{"@type":"ListItem","position":1,"name":"Accueil","item":"https:\/\/viqtor.eu\/"},{"@type":"ListItem","position":2,"name":"Metaverse Fashion Week dans Decentraland, l&rsquo;un des mondes virtuels les plus populaires."}]},{"@type":"WebSite","@id":"https:\/\/viqtor.eu\/#website","url":"https:\/\/viqtor.eu\/","name":"Viqtor","description":"Faites du RGPD une opportunit\u00e9 pour votre entreprise.","publisher":{"@id":"https:\/\/viqtor.eu\/#organization"},"potentialAction":[{"@type":"SearchAction","target":{"@type":"EntryPoint","urlTemplate":"https:\/\/viqtor.eu\/?s={search_term_string}"},"query-input":{"@type":"PropertyValueSpecification","valueRequired":true,"valueName":"search_term_string"}}],"inLanguage":"hr"},{"@type":"Organization","@id":"https:\/\/viqtor.eu\/#organization","name":"viqtor.eu","url":"https:\/\/viqtor.eu\/","logo":{"@type":"ImageObject","inLanguage":"hr","@id":"https:\/\/viqtor.eu\/#\/schema\/logo\/image\/","url":"https:\/\/viqtor.eu\/wp-content\/uploads\/2023\/06\/favicon-noir.svg","contentUrl":"https:\/\/viqtor.eu\/wp-content\/uploads\/2023\/06\/favicon-noir.svg","width":108,"height":86,"caption":"viqtor.eu"},"image":{"@id":"https:\/\/viqtor.eu\/#\/schema\/logo\/image\/"}},{"@type":"Person","@id":"https:\/\/viqtor.eu\/#\/schema\/person\/3dbd9cc82a28f6cf1695c92eda0099ad","name":"Bruno","image":{"@type":"ImageObject","inLanguage":"hr","@id":"https:\/\/viqtor.eu\/#\/schema\/person\/image\/","url":"https:\/\/secure.gravatar.com\/avatar\/e5a596f9489de15bfe046e97fb771f63589b601ca7e81ccc2bb9a23582f441a3?s=96&d=mm&r=g","contentUrl":"https:\/\/secure.gravatar.com\/avatar\/e5a596f9489de15bfe046e97fb771f63589b601ca7e81ccc2bb9a23582f441a3?s=96&d=mm&r=g","caption":"Bruno"},"sameAs":["https:\/\/exciting-panini.13-37-234-21.plesk.page"],"url":"https:\/\/viqtor.eu\/hr\/author\/mouad_zxum2ebi\/"}]}},"_links":{"self":[{"href":"https:\/\/viqtor.eu\/hr\/wp-json\/wp\/v2\/posts\/5493","targetHints":{"allow":["GET"]}}],"collection":[{"href":"https:\/\/viqtor.eu\/hr\/wp-json\/wp\/v2\/posts"}],"about":[{"href":"https:\/\/viqtor.eu\/hr\/wp-json\/wp\/v2\/types\/post"}],"author":[{"embeddable":true,"href":"https:\/\/viqtor.eu\/hr\/wp-json\/wp\/v2\/users\/1"}],"replies":[{"embeddable":true,"href":"https:\/\/viqtor.eu\/hr\/wp-json\/wp\/v2\/comments?post=5493"}],"version-history":[{"count":8,"href":"https:\/\/viqtor.eu\/hr\/wp-json\/wp\/v2\/posts\/5493\/revisions"}],"predecessor-version":[{"id":12028,"href":"https:\/\/viqtor.eu\/hr\/wp-json\/wp\/v2\/posts\/5493\/revisions\/12028"}],"wp:featuredmedia":[{"embeddable":true,"href":"https:\/\/viqtor.eu\/hr\/wp-json\/wp\/v2\/media\/5659"}],"wp:attachment":[{"href":"https:\/\/viqtor.eu\/hr\/wp-json\/wp\/v2\/media?parent=5493"}],"wp:term":[{"taxonomy":"category","embeddable":true,"href":"https:\/\/viqtor.eu\/hr\/wp-json\/wp\/v2\/categories?post=5493"},{"taxonomy":"post_tag","embeddable":true,"href":"https:\/\/viqtor.eu\/hr\/wp-json\/wp\/v2\/tags?post=5493"}],"curies":[{"name":"wp","href":"https:\/\/api.w.org\/{rel}","templated":true}]}}