{"id":5482,"date":"2023-04-19T12:59:03","date_gmt":"2023-04-19T12:59:03","guid":{"rendered":"https:\/\/exciting-panini.13-37-234-21.plesk.page\/?p=5482"},"modified":"2024-07-26T11:08:07","modified_gmt":"2024-07-26T11:08:07","slug":"une-nouvelle-annee-sous-le-signe-de-lexpectative","status":"publish","type":"post","link":"https:\/\/viqtor.eu\/hr\/une-nouvelle-annee-sous-le-signe-de-lexpectative\/","title":{"rendered":"Nova godina u znaku i\u0161\u010dekivanja"},"content":{"rendered":"<div data-elementor-type=\"wp-post\" data-elementor-id=\"5482\" class=\"elementor elementor-5482\" data-elementor-post-type=\"post\">\n\t\t\t\t\t\t<section class=\"elementor-section elementor-top-section elementor-element elementor-element-66e4055 ot-traditional elementor-section-boxed elementor-section-height-default elementor-section-height-default\" data-id=\"66e4055\" data-element_type=\"section\">\n\t\t\t\t\t\t<div class=\"elementor-container elementor-column-gap-default\">\n\t\t\t\t\t<div class=\"elementor-column elementor-col-100 elementor-top-column elementor-element elementor-element-8910f96 ot-flex-column-vertical\" data-id=\"8910f96\" data-element_type=\"column\">\n\t\t\t<div class=\"elementor-widget-wrap elementor-element-populated\">\n\t\t\t\t\t\t<div class=\"elementor-element elementor-element-25af599 elementor-widget elementor-widget-image\" data-id=\"25af599\" data-element_type=\"widget\" data-widget_type=\"image.default\">\n\t\t\t\t<div class=\"elementor-widget-container\">\n\t\t\t\t\t\t\t\t\t\t\t\t\t<img fetchpriority=\"high\" decoding=\"async\" width=\"1000\" height=\"667\" src=\"https:\/\/viqtor.eu\/wp-content\/uploads\/2023\/04\/Une-nouvelle-annee-sous-le-signe-de-lexpectative.jpg\" class=\"attachment-full size-full wp-image-11968\" alt=\"Une nouvelle ann\u00e9e sous le signe de l\u2019expectative\" srcset=\"https:\/\/viqtor.eu\/wp-content\/uploads\/2023\/04\/Une-nouvelle-annee-sous-le-signe-de-lexpectative.jpg 1000w, https:\/\/viqtor.eu\/wp-content\/uploads\/2023\/04\/Une-nouvelle-annee-sous-le-signe-de-lexpectative-300x200.jpg 300w, https:\/\/viqtor.eu\/wp-content\/uploads\/2023\/04\/Une-nouvelle-annee-sous-le-signe-de-lexpectative-768x512.jpg 768w, https:\/\/viqtor.eu\/wp-content\/uploads\/2023\/04\/Une-nouvelle-annee-sous-le-signe-de-lexpectative-720x480.jpg 720w\" sizes=\"(max-width: 1000px) 100vw, 1000px\" \/>\t\t\t\t\t\t\t\t\t\t\t\t\t<\/div>\n\t\t\t\t<\/div>\n\t\t\t\t\t<\/div>\n\t\t<\/div>\n\t\t\t\t\t<\/div>\n\t\t<\/section>\n\t\t\t\t<section class=\"elementor-section elementor-top-section elementor-element elementor-element-a1d04bb ot-traditional elementor-section-boxed elementor-section-height-default elementor-section-height-default\" data-id=\"a1d04bb\" data-element_type=\"section\">\n\t\t\t\t\t\t<div class=\"elementor-container elementor-column-gap-default\">\n\t\t\t\t\t<div class=\"elementor-column elementor-col-100 elementor-top-column elementor-element elementor-element-9986493 ot-flex-column-vertical\" data-id=\"9986493\" data-element_type=\"column\">\n\t\t\t<div class=\"elementor-widget-wrap elementor-element-populated\">\n\t\t\t\t\t\t<div class=\"elementor-element elementor-element-12bd625 elementor-widget elementor-widget-heading\" data-id=\"12bd625\" data-element_type=\"widget\" data-widget_type=\"heading.default\">\n\t\t\t\t<div class=\"elementor-widget-container\">\n\t\t\t<h1 class=\"elementor-heading-title elementor-size-default\">Nova godina u znaku i\u0161\u010dekivanja<\/h1>\t\t<\/div>\n\t\t\t\t<\/div>\n\t\t\t\t\t<\/div>\n\t\t<\/div>\n\t\t\t\t\t<\/div>\n\t\t<\/section>\n\t\t\t\t<section class=\"elementor-section elementor-top-section elementor-element elementor-element-3f193bf7 ot-traditional elementor-section-boxed elementor-section-height-default elementor-section-height-default\" data-id=\"3f193bf7\" data-element_type=\"section\">\n\t\t\t\t\t\t<div class=\"elementor-container elementor-column-gap-default\">\n\t\t\t\t\t<div class=\"elementor-column elementor-col-100 elementor-top-column elementor-element elementor-element-1cbcde6e ot-flex-column-vertical\" data-id=\"1cbcde6e\" data-element_type=\"column\">\n\t\t\t<div class=\"elementor-widget-wrap elementor-element-populated\">\n\t\t\t\t\t\t<div class=\"elementor-element elementor-element-3e836090 elementor-widget elementor-widget-text-editor\" data-id=\"3e836090\" data-element_type=\"widget\" data-widget_type=\"text-editor.default\">\n\t\t\t\t<div class=\"elementor-widget-container\">\n\t\t\t\t\t\t\t<!-- wp:paragraph -->\n<p>Pravni nadzor br. 42 \u2013 <strong>Prosinac 202.<\/strong>1<\/p>\n<!-- \/wp:paragraph -->\n\n<!-- wp:paragraph -->\n<p><strong>Nova godina u znaku i\u0161\u010dekivanja<\/strong><\/p>\n<!-- \/wp:paragraph -->\n\n<!-- wp:paragraph -->\n<p>\u0160to se ti\u010de za\u0161tite podataka, godina koja po\u010dinje ne najavljuje nikakve ve\u0107e nove doga\u0111aje, ve\u0107 evoluciju i mo\u017eda strate\u0161ke odluke u vezi s odre\u0111enim aktualnim pitanjima.<\/p>\n<!-- \/wp:paragraph -->\n\n<!-- wp:paragraph -->\n<p>Usredoto\u010dimo se na tri od njih: provedbu GDPR-a od strane nadzornih tijela, zdravstvena pitanja i regulaciju digitalnih divova.<\/p>\n<!-- \/wp:paragraph -->\n\n<!-- wp:paragraph -->\n<p><strong>Jedna od tema koje se ponavljaju od stupanja na snagu GDPR-a ti\u010de se ozbiljnosti njegove provedbe od strane nacionalnih tijela za za\u0161titu podataka.<\/strong> i veliku razliku izme\u0111u broja i te\u017eine usvojenih sankcija, ovisno o tome je li odgovorna osoba u Irskoj ili \u0160panjolskoj, na primjer.<\/p>\n<!-- \/wp:paragraph -->\n\n<!-- wp:paragraph -->\n<p>\u010cini se da je potonja zemlja jedna od onih koje su nametnule najve\u0107i broj sankcija, dok Luksemburg i CNIL mogu tra\u017eiti najvi\u0161e kazne od GAFAM-a (podsjetimo se na kaznu od 746 milijuna eura koju je Luksemburg nametnuo tvrtki Amazon).<\/p>\n<!-- \/wp:paragraph -->\n\n<!-- wp:paragraph -->\n<p>Na drugom kraju spektra je irsko tijelo za za\u0161titu podataka, koje su otvoreno kritizirali neki od njegovih kolega, kao i potpredsjednik Europske komisije, zbog svoje nemarnosti prema glavnim web igra\u010dima.<\/p>\n<!-- \/wp:paragraph -->\n\n<!-- wp:paragraph -->\n<p>Kako bi se oja\u010dala kohezija i u\u010dinkovitost kontrolnih postupaka unutar Europe, neki govore o ja\u010danju ovlasti Europskog odbora za za\u0161titu podataka (EDPB).<\/p>\n<!-- \/wp:paragraph -->\n\n<!-- wp:paragraph -->\n<p>Problem \u0107e se rje\u0161avati na konferenciji koju organizira Europski nadzornik za za\u0161titu podataka 16. i 17. lipnja u Bruxellesu.<\/p>\n<!-- \/wp:paragraph -->\n\n<!-- wp:paragraph -->\n<p><strong>Obrada zdravstvenih podataka predstavlja, nakon zdravstvene krize, jo\u0161 jednu veliku temu koja izaziva zabrinutost.<\/strong>.<\/p>\n<!-- \/wp:paragraph -->\n\n<!-- wp:paragraph -->\n<p>Zabrinuti su<\/p>\n<!-- \/wp:paragraph -->\n\n<!-- wp:list -->\n<ul><!-- wp:list-item -->\n<li>Pitanja vezana uz uvjete medicinskih istra\u017eivanja,<\/li>\n<!-- \/wp:list-item -->\n\n<!-- wp:list-item -->\n<li>Obrada genetskih podataka i rizici preprodaje podataka prikupljenih kao dio testova probira od strane odre\u0111enih laboratorija, kao \u0161to je pokazao nedavni britanski slu\u010daj tvrtke Signpost Diagnostics,<\/li>\n<!-- \/wp:list-item -->\n\n<!-- wp:list-item -->\n<li>Pra\u0107enje pojedinaca putem aplikacija i drugih zdravstvenih propusnica,&nbsp;<\/li>\n<!-- \/wp:list-item --><\/ul>\n<!-- \/wp:list -->\n\n<!-- wp:list -->\n<ul><!-- wp:list-item -->\n<li>I kona\u010dno, rizici povezani sa sigurno\u0161\u0107u podataka: posebno mislimo na povredu podataka u vezi s rezultatima Covid testa tvrtke FranceTest, kojoj je CNIL pro\u0161log listopada formalno nalo\u017eio za\u0161titu podataka, ili curenje podataka u vezi s Assistance Publique-H\u00f4pitaux de Paris.<\/li>\n<!-- \/wp:list-item --><\/ul>\n<!-- \/wp:list -->\n\n<!-- wp:paragraph -->\n<p>Iako CNIL redovito objavljuje svoja stajali\u0161ta o ovoj temi, primje\u0107ujemo da je u svojoj raspravi u parlamentu od 30. studenog nazna\u010dio da \u010deka da vlada dostavi elemente namijenjene potpori u\u010dinkovitosti implementiranih dosjea i sredstava kontrole.<\/p>\n<!-- \/wp:paragraph -->\n\n<!-- wp:paragraph -->\n<p><strong>Tre\u0107e aktualno pitanje odnosi se na regulatorne inicijative Europske unije u vezi s digitalnim uslugama i umjetnom inteligencijom.<\/strong><\/p>\n<!-- \/wp:paragraph -->\n\n<!-- wp:paragraph -->\n<p>Osim upravljanja kola\u010di\u0107ima, koje je i dalje na meti nacionalnih vlasti, europski zakonodavac zabrinut je zbog rastu\u0107e mo\u0107i web divova, posrednika u dominantnom polo\u017eaju koji pru\u017eaju usluge razmjene poruka i dru\u0161tvenih mre\u017ea.<\/p>\n<!-- \/wp:paragraph -->\n\n<!-- wp:paragraph -->\n<p>Tako\u0111er je problemati\u010dno kori\u0161tenje biometrije i umjetne inteligencije za sve nametljivije svrhe profiliranja te manipulacija korisnicima interneta bez njihova znanja (tamni obrasci) putem prikazivanja ciljanog sadr\u017eaja.<\/p>\n<!-- \/wp:paragraph -->\n\n<!-- wp:paragraph -->\n<p>Nekoliko je tekstova u procesu usvajanja na europskoj razini, uklju\u010duju\u0107i dva prijedloga Europske komisije o digitalnim tr\u017ei\u0161tima i digitalnim uslugama te prijedlog o umjetnoj inteligenciji.&nbsp;<\/p>\n<!-- \/wp:paragraph -->\n\n<!-- wp:paragraph -->\n<p>Europski parlament usvojio je stajali\u0161te o prijedlogu o digitalnim tr\u017ei\u0161tima 5. prosinca.<\/p>\n<!-- \/wp:paragraph -->\n\n<!-- wp:paragraph -->\n<p>Me\u0111u promjenama u tekstu je i dodavanje zahtjeva za interoperabilnost izme\u0111u usluga glavnih platformi za instant poruke i dru\u0161tvene mre\u017ee, s ciljem da se korisnicima omogu\u0107i jednostavna promjena pru\u017eatelja usluga i borba protiv dominantnih polo\u017eaja.<\/p>\n<!-- \/wp:paragraph -->\n\n<!-- wp:paragraph -->\n<p>Na po\u010detku francuskog predsjedanja Vije\u0107em Europske unije, Europski nadzornik za za\u0161titu podataka upravo je uputio svoje najbolje \u017eelje za uspjeh francuskoj vladi, naglasiv\u0161i va\u017enost ova tri glavna pitanja vezana uz digitalnu tehnologiju i umjetnu inteligenciju te nazna\u010div\u0161i da \u0107e pomno pratiti razvoj doga\u0111aja u tim podru\u010djima.<\/p>\n<!-- \/wp:paragraph -->\n\n<!-- wp:paragraph -->\n<p>Iako se \u010dini da su neki prioriteti ve\u0107 dobro definirani, nadajmo se da \u0107e nam ova nova godina donijeti svoj dio lijepih iznena\u0111enja, kao i velike da\u0161ke svje\u017eeg zraka, kona\u010dno.<\/p>\n<!-- \/wp:paragraph -->\n\n<!-- wp:paragraph -->\n<p><strong>I tako\u0111er<\/strong><\/p>\n<!-- \/wp:paragraph -->\n\n<!-- wp:paragraph -->\n<p><strong><u>Francuska:<\/u><\/strong><\/p>\n<!-- \/wp:paragraph -->\n\n<!-- wp:paragraph -->\n<p>CNIL je sankcionirao tvrtku 6. sije\u010dnja <strong>Google<\/strong> u iznosu od 150 milijuna eura, a tvrtka <strong>Facebook<\/strong> do 60 milijuna eura, zbog nepo\u0161tivanja zakonskih odredbi u vezi s kola\u010di\u0107ima.<\/p>\n<!-- \/wp:paragraph -->\n\n<!-- wp:paragraph -->\n<p>Dana 28. prosinca, CNIL je tvrtki izrekao kaznu od 300.000 eura. <strong>BESPLATNI MOBITEL,<\/strong> posebno zbog nepo\u0161tivanja prava pojedinaca i sigurnosti podataka svojih korisnika.<\/p>\n<!-- \/wp:paragraph -->\n\n<!-- wp:paragraph -->\n<p>Istog datuma, sankcionirala je i tvrtku <strong>SLIMPAY<\/strong>, koja svojim korisnicima nudi rje\u0161enja za pla\u0107anje, ka\u017enjena je sa 180.000 eura zbog toga \u0161to nije adekvatno za\u0161titila osobne podatke korisnika i nije ih obavijestila o povredi podataka.<\/p>\n<!-- \/wp:paragraph -->\n\n<!-- wp:paragraph -->\n<p>Predsjednik CNIL-a formalno je obavijestio tvrtku 26. studenog <strong>CLEARVIEW AI<\/strong> prestati prikupljati fotografije i videozapise dostupne na internetu te izbrisati podatke u roku od 2 mjeseca.<\/p>\n<!-- \/wp:paragraph -->\n\n<!-- wp:paragraph -->\n<p>Tvrtka je razvila softver za prepoznavanje lica \u010dija se baza podataka temelji na ekstrakciji fotografija i videozapisa javno dostupnih na internetu.<\/p>\n<!-- \/wp:paragraph -->\n\n<!-- wp:paragraph -->\n<p>A <strong>nova verzija CNIL vodi\u010da za razvojne programere<\/strong> upravo je objavljen. Ovaj vodi\u010d pru\u017ea novi sadr\u017eaj osmi\u0161ljen kako bi pomogao stru\u010dnjacima za web i razvoj aplikacija u osiguravanju uskla\u0111enosti njihovog rada.<\/p>\n<!-- \/wp:paragraph -->\n\n<!-- wp:paragraph -->\n<p>Tamo <strong>SNCF<\/strong> U prosincu je svojih 7000 servera i 250 aplikacija preselio u Amazonov oblak, to\u010dnije u tri podatkovna centra u pari\u0161koj regiji.<\/p>\n<!-- \/wp:paragraph -->\n\n<!-- wp:paragraph -->\n<p>Cilj tvrtke je tako\u0111er pro\u0161iriti upotrebu umjetne inteligencije.<\/p>\n<!-- \/wp:paragraph -->\n\n<!-- wp:paragraph -->\n<p><strong><u>Europa<\/u><\/strong><\/p>\n<!-- \/wp:paragraph -->\n\n<!-- wp:paragraph -->\n<p>THE <strong>Europski odbor za za\u0161titu podataka<\/strong> objavila je 14. prosinca smjernice kako bi pomogla kontrolorima podataka u upravljanju sigurnosnim propustima.<\/p>\n<!-- \/wp:paragraph -->\n\n<!-- wp:paragraph -->\n<p>Tekst uklju\u010duje velik broj primjera i razra\u0111uje mjere koje treba poduzeti ovisno o vrsti prekr\u0161aja.<\/p>\n<!-- \/wp:paragraph -->\n\n<!-- wp:paragraph -->\n<p><strong>Agencija Europske unije za temeljna prava<\/strong> (FRA) u suradnji s tijelima za za\u0161titu podataka objavljuje vodi\u010d namijenjen boljem informiranju tra\u017eitelja azila i migranata o kori\u0161tenju njihovih otisaka prstiju.<\/p>\n<!-- \/wp:paragraph -->\n\n<!-- wp:paragraph -->\n<p>Kada ih se zaustavi na vanjskoj granici Europske unije, du\u017eni su dati otiske prstiju, koji se pohranjuju u Eurodac datoteci.<\/p>\n<!-- \/wp:paragraph -->\n\n<!-- wp:paragraph -->\n<p><strong>Upravni sud u Wiesbadenu<\/strong> Dana 1. prosinca, njema\u010dka tvrtka naredila je Sveu\u010dili\u0161tu primijenjenih znanosti RheinMain da prestane koristiti upravitelj privola \u201eCookiebot\u201c. Razlog tome bio je nezakonit prijenos podataka posjetitelja web stranice u Sjedinjene Dr\u017eave.<\/p>\n<!-- \/wp:paragraph -->\n\n<!-- wp:paragraph -->\n<p><strong>Finsko tijelo za za\u0161titu podataka<\/strong> 7. prosinca kaznila je tvrtku za psihoterapiju s vi\u0161e od 600.000 eura zbog toga \u0161to nije adekvatno osigurala sigurnost podataka svojih pacijenata i nije ih obavijestila o dva sigurnosna propusta koja su dovela do ucjene doti\u010dnih pacijenata i same tvrtke.<\/p>\n<!-- \/wp:paragraph -->\n\n<!-- wp:paragraph -->\n<p><strong>Norve\u0161ko tijelo za za\u0161titu podataka <\/strong>izre\u010dena mu je nov\u010dana kazna od 6.300.000 eura <strong>Grindr <\/strong>dijeliti podatke svojih korisnika s tre\u0107im stranama u svrhu profiliranja i ogla\u0161avanja, bez njihovog pristanka.<\/p>\n<!-- \/wp:paragraph -->\n\n<!-- wp:paragraph -->\n<p><strong>Nizozemska porezna uprava<\/strong> ka\u017enjen je s 2.750.000 eura zbog obrade podataka bez pravne osnove i kr\u0161enjem na\u010dela pravi\u010dnosti (\u010dlanci 5(1)(a) i 6(1)(e) GDPR-a).<\/p>\n<!-- \/wp:paragraph -->\n\n<!-- wp:paragraph -->\n<p><strong>Belgijsko ministarstvo obrane<\/strong> bio je \u017ertvom ozbiljnog kiberneti\u010dkog napada 20. prosinca uzrokovanog zlonamjernim softverom Log4Shell, koji je nekoliko dana utjecao na aktivnosti administracije.&nbsp;<\/p>\n<!-- \/wp:paragraph -->\n\n<!-- wp:paragraph -->\n<p><strong>Belgijsko tijelo za za\u0161titu podataka<\/strong> kaznio je tvrtku s 10.000 eura zbog kupnje baze podataka za potrebe izravnog marketinga bez provjere jesu li podaci prikupljeni zakonito.<\/p>\n<!-- \/wp:paragraph -->\n\n<!-- wp:paragraph -->\n<p>Tvrtka tako\u0111er nije obavijestila doti\u010dne pojedince o ovom neizravnom prikupljanju podataka, niti je odgovorila na zahtjev pojedinca za pristup.<\/p>\n<!-- \/wp:paragraph -->\n\n<!-- wp:paragraph -->\n<p><strong>Me\u0111unarodno:<\/strong><\/p>\n<!-- \/wp:paragraph -->\n\n<!-- wp:paragraph -->\n<p><strong>Amazon <\/strong>podnijela je nekoliko patentnih prijava za biometrijske tehnologije osmi\u0161ljene kako bi omogu\u0107ile kamerama videotelefona otkrivanje sumnjivih osoba na temelju razli\u010ditih kriterija: mirisa, teksture ko\u017ee, otisaka prstiju, oka, glasa i hoda.<\/p>\n<!-- \/wp:paragraph -->\n\n<!-- wp:paragraph -->\n<p>Tamo <strong>Ju\u017ena Koreja<\/strong> smatra se da pru\u017ea odgovaraju\u0107u razinu za\u0161tite od 17. prosinca. Odluka Europske komisije dolazi nekoliko mjeseci nakon sklapanja sporazuma o slobodnoj trgovini izme\u0111u Europske unije i Koreje, koji je stupio na snagu u srpnju 2021.<\/p>\n<!-- \/wp:paragraph -->\n\n<!-- wp:paragraph -->\n<p>Od 15. velja\u010de, <strong>Kineska vlada<\/strong> podvrgnut \u0107e kineske tvrtke s me\u0111unarodnim poslovnim operacijama nizu kontrola kiberneti\u010dke sigurnosti.<\/p>\n<!-- \/wp:paragraph -->\n\n<!-- wp:paragraph -->\n<p>Provjere imaju za cilj ograni\u010diti prijenos strate\u0161kih podataka izvan zemlje.<\/p>\n<!-- \/wp:paragraph -->\t\t\t\t\t\t<\/div>\n\t\t\t\t<\/div>\n\t\t\t\t\t<\/div>\n\t\t<\/div>\n\t\t\t\t\t<\/div>\n\t\t<\/section>\n\t\t\t\t<section class=\"elementor-section elementor-top-section elementor-element elementor-element-f5ca4a4 ot-traditional elementor-section-boxed elementor-section-height-default elementor-section-height-default\" data-id=\"f5ca4a4\" data-element_type=\"section\">\n\t\t\t\t\t\t<div class=\"elementor-container elementor-column-gap-default\">\n\t\t\t\t\t<div class=\"elementor-column elementor-col-100 elementor-top-column elementor-element elementor-element-c5b76f1 ot-flex-column-vertical\" data-id=\"c5b76f1\" data-element_type=\"column\">\n\t\t\t<div class=\"elementor-widget-wrap elementor-element-populated\">\n\t\t\t\t\t\t<div class=\"elementor-element elementor-element-745b208 elementor-align-center elementor-widget elementor-widget-button\" data-id=\"745b208\" data-element_type=\"widget\" data-widget_type=\"button.default\">\n\t\t\t\t<div class=\"elementor-widget-container\">\n\t\t\t\t\t<div class=\"elementor-button-wrapper\">\n\t\t\t<a class=\"elementor-button elementor-button-link elementor-size-lg\" href=\"https:\/\/app.viqtor.eu\/\">\n\t\t\t\t\t\t<span class=\"elementor-button-content-wrapper\">\n\t\t\t\t\t\t<span class=\"elementor-button-icon\">\n\t\t\t\t<i aria-hidden=\"true\" class=\"fas fa-long-arrow-alt-right\"><\/i>\t\t\t<\/span>\n\t\t\t\t\t\t\t\t\t<span class=\"elementor-button-text\">Otkrijte Viqtor\u00ae<\/span>\n\t\t\t\t\t<\/span>\n\t\t\t\t\t<\/a>\n\t\t<\/div>\n\t\t\t\t<\/div>\n\t\t\t\t<\/div>\n\t\t\t\t\t<\/div>\n\t\t<\/div>\n\t\t\t\t\t<\/div>\n\t\t<\/section>\n\t\t\t\t<\/div>","protected":false},"excerpt":{"rendered":"<p>Nova godina u znaku o\u010dekivanja Pravni nadzor br. 42 \u2013 prosinac 2021. Nova godina u znaku o\u010dekivanja \u0160to se ti\u010de za\u0161tite podataka, godina koja po\u010dinje ne najavljuje nikakve ve\u0107e nove doga\u0111aje, ve\u0107 evoluciju i mo\u017eda strate\u0161ke odluke u vezi s odre\u0111enim aktualnim pitanjima. Usredoto\u010dimo se na tri od njih: [\u2026]<\/p>","protected":false},"author":1,"featured_media":5672,"comment_status":"closed","ping_status":"open","sticky":false,"template":"elementor_header_footer","format":"standard","meta":{"_acf_changed":false,"footnotes":""},"categories":[35],"tags":[],"class_list":["post-5482","post","type-post","status-publish","format-standard","has-post-thumbnail","hentry","category-veille-juridique"],"acf":[],"yoast_head":"<!-- This site is optimized with the Yoast SEO plugin v23.6 - https:\/\/yoast.com\/wordpress\/plugins\/seo\/ -->\n<title>Une nouvelle ann\u00e9e sous le signe de l\u2019expectative - Viqtor<\/title>\n<meta name=\"description\" content=\"Une nouvelle ann\u00e9e sous le signe de l\u2019expectative - Viqtor\" \/>\n<meta name=\"robots\" content=\"index, follow, max-snippet:-1, max-image-preview:large, max-video-preview:-1\" \/>\n<link rel=\"canonical\" href=\"https:\/\/viqtor.eu\/hr\/une-nouvelle-annee-sous-le-signe-de-lexpectative\/\" \/>\n<meta property=\"og:locale\" content=\"hr_HR\" \/>\n<meta property=\"og:type\" content=\"article\" \/>\n<meta property=\"og:title\" content=\"Une nouvelle ann\u00e9e sous le signe de l\u2019expectative - Viqtor\" \/>\n<meta property=\"og:description\" content=\"Une nouvelle ann\u00e9e sous le signe de l\u2019expectative - Viqtor\" \/>\n<meta property=\"og:url\" content=\"https:\/\/viqtor.eu\/hr\/une-nouvelle-annee-sous-le-signe-de-lexpectative\/\" \/>\n<meta property=\"og:site_name\" content=\"Viqtor\" \/>\n<meta property=\"article:published_time\" content=\"2023-04-19T12:59:03+00:00\" \/>\n<meta property=\"article:modified_time\" content=\"2024-07-26T11:08:07+00:00\" \/>\n<meta property=\"og:image\" content=\"https:\/\/viqtor.eu\/wp-content\/uploads\/2026\/04\/widget-viqtor.png\" \/>\n\t<meta property=\"og:image:width\" content=\"1000\" \/>\n\t<meta property=\"og:image:height\" content=\"667\" \/>\n\t<meta property=\"og:image:type\" content=\"image\/jpeg\" \/>\n<meta name=\"author\" content=\"Bruno\" \/>\n<meta name=\"twitter:card\" content=\"summary_large_image\" \/>\n<meta name=\"twitter:label1\" content=\"Napisao\/la\" \/>\n\t<meta name=\"twitter:data1\" content=\"Bruno\" \/>\n\t<meta name=\"twitter:label2\" content=\"Procijenjeno vrijeme \u010ditanja\" \/>\n\t<meta name=\"twitter:data2\" content=\"8 minuta\" \/>\n<script type=\"application\/ld+json\" class=\"yoast-schema-graph\">{\"@context\":\"https:\/\/schema.org\",\"@graph\":[{\"@type\":\"Article\",\"@id\":\"https:\/\/viqtor.eu\/une-nouvelle-annee-sous-le-signe-de-lexpectative\/#article\",\"isPartOf\":{\"@id\":\"https:\/\/viqtor.eu\/une-nouvelle-annee-sous-le-signe-de-lexpectative\/\"},\"author\":{\"name\":\"Bruno\",\"@id\":\"https:\/\/viqtor.eu\/#\/schema\/person\/3dbd9cc82a28f6cf1695c92eda0099ad\"},\"headline\":\"Une nouvelle ann\u00e9e sous le signe de l\u2019expectative\",\"datePublished\":\"2023-04-19T12:59:03+00:00\",\"dateModified\":\"2024-07-26T11:08:07+00:00\",\"mainEntityOfPage\":{\"@id\":\"https:\/\/viqtor.eu\/une-nouvelle-annee-sous-le-signe-de-lexpectative\/\"},\"wordCount\":1752,\"publisher\":{\"@id\":\"https:\/\/viqtor.eu\/#organization\"},\"image\":{\"@id\":\"https:\/\/viqtor.eu\/une-nouvelle-annee-sous-le-signe-de-lexpectative\/#primaryimage\"},\"thumbnailUrl\":\"https:\/\/viqtor.eu\/wp-content\/uploads\/2023\/04\/shutterstock_1827228413.jpg\",\"articleSection\":[\"Veille juridique\"],\"inLanguage\":\"hr\"},{\"@type\":\"WebPage\",\"@id\":\"https:\/\/viqtor.eu\/une-nouvelle-annee-sous-le-signe-de-lexpectative\/\",\"url\":\"https:\/\/viqtor.eu\/une-nouvelle-annee-sous-le-signe-de-lexpectative\/\",\"name\":\"Une nouvelle ann\u00e9e sous le signe de l\u2019expectative - Viqtor\",\"isPartOf\":{\"@id\":\"https:\/\/viqtor.eu\/#website\"},\"primaryImageOfPage\":{\"@id\":\"https:\/\/viqtor.eu\/une-nouvelle-annee-sous-le-signe-de-lexpectative\/#primaryimage\"},\"image\":{\"@id\":\"https:\/\/viqtor.eu\/une-nouvelle-annee-sous-le-signe-de-lexpectative\/#primaryimage\"},\"thumbnailUrl\":\"https:\/\/viqtor.eu\/wp-content\/uploads\/2023\/04\/shutterstock_1827228413.jpg\",\"datePublished\":\"2023-04-19T12:59:03+00:00\",\"dateModified\":\"2024-07-26T11:08:07+00:00\",\"description\":\"Une nouvelle ann\u00e9e sous le signe de l\u2019expectative - Viqtor\",\"breadcrumb\":{\"@id\":\"https:\/\/viqtor.eu\/une-nouvelle-annee-sous-le-signe-de-lexpectative\/#breadcrumb\"},\"inLanguage\":\"hr\",\"potentialAction\":[{\"@type\":\"ReadAction\",\"target\":[\"https:\/\/viqtor.eu\/une-nouvelle-annee-sous-le-signe-de-lexpectative\/\"]}]},{\"@type\":\"ImageObject\",\"inLanguage\":\"hr\",\"@id\":\"https:\/\/viqtor.eu\/une-nouvelle-annee-sous-le-signe-de-lexpectative\/#primaryimage\",\"url\":\"https:\/\/viqtor.eu\/wp-content\/uploads\/2023\/04\/shutterstock_1827228413.jpg\",\"contentUrl\":\"https:\/\/viqtor.eu\/wp-content\/uploads\/2023\/04\/shutterstock_1827228413.jpg\",\"width\":1000,\"height\":667},{\"@type\":\"BreadcrumbList\",\"@id\":\"https:\/\/viqtor.eu\/une-nouvelle-annee-sous-le-signe-de-lexpectative\/#breadcrumb\",\"itemListElement\":[{\"@type\":\"ListItem\",\"position\":1,\"name\":\"Accueil\",\"item\":\"https:\/\/viqtor.eu\/\"},{\"@type\":\"ListItem\",\"position\":2,\"name\":\"Une nouvelle ann\u00e9e sous le signe de l\u2019expectative\"}]},{\"@type\":\"WebSite\",\"@id\":\"https:\/\/viqtor.eu\/#website\",\"url\":\"https:\/\/viqtor.eu\/\",\"name\":\"Viqtor\",\"description\":\"Faites du RGPD une opportunit\u00e9 pour votre entreprise.\",\"publisher\":{\"@id\":\"https:\/\/viqtor.eu\/#organization\"},\"potentialAction\":[{\"@type\":\"SearchAction\",\"target\":{\"@type\":\"EntryPoint\",\"urlTemplate\":\"https:\/\/viqtor.eu\/?s={search_term_string}\"},\"query-input\":{\"@type\":\"PropertyValueSpecification\",\"valueRequired\":true,\"valueName\":\"search_term_string\"}}],\"inLanguage\":\"hr\"},{\"@type\":\"Organization\",\"@id\":\"https:\/\/viqtor.eu\/#organization\",\"name\":\"viqtor.eu\",\"url\":\"https:\/\/viqtor.eu\/\",\"logo\":{\"@type\":\"ImageObject\",\"inLanguage\":\"hr\",\"@id\":\"https:\/\/viqtor.eu\/#\/schema\/logo\/image\/\",\"url\":\"https:\/\/viqtor.eu\/wp-content\/uploads\/2023\/06\/favicon-noir.svg\",\"contentUrl\":\"https:\/\/viqtor.eu\/wp-content\/uploads\/2023\/06\/favicon-noir.svg\",\"width\":108,\"height\":86,\"caption\":\"viqtor.eu\"},\"image\":{\"@id\":\"https:\/\/viqtor.eu\/#\/schema\/logo\/image\/\"}},{\"@type\":\"Person\",\"@id\":\"https:\/\/viqtor.eu\/#\/schema\/person\/3dbd9cc82a28f6cf1695c92eda0099ad\",\"name\":\"Bruno\",\"image\":{\"@type\":\"ImageObject\",\"inLanguage\":\"hr\",\"@id\":\"https:\/\/viqtor.eu\/#\/schema\/person\/image\/\",\"url\":\"https:\/\/secure.gravatar.com\/avatar\/e5a596f9489de15bfe046e97fb771f63589b601ca7e81ccc2bb9a23582f441a3?s=96&d=mm&r=g\",\"contentUrl\":\"https:\/\/secure.gravatar.com\/avatar\/e5a596f9489de15bfe046e97fb771f63589b601ca7e81ccc2bb9a23582f441a3?s=96&d=mm&r=g\",\"caption\":\"Bruno\"},\"sameAs\":[\"https:\/\/exciting-panini.13-37-234-21.plesk.page\"],\"url\":\"https:\/\/viqtor.eu\/hr\/author\/mouad_zxum2ebi\/\"}]}<\/script>\n<!-- \/ Yoast SEO plugin. -->","yoast_head_json":{"title":"Une nouvelle ann\u00e9e sous le signe de l\u2019expectative - Viqtor","description":"Une nouvelle ann\u00e9e sous le signe de l\u2019expectative - Viqtor","robots":{"index":"index","follow":"follow","max-snippet":"max-snippet:-1","max-image-preview":"max-image-preview:large","max-video-preview":"max-video-preview:-1"},"canonical":"https:\/\/viqtor.eu\/hr\/une-nouvelle-annee-sous-le-signe-de-lexpectative\/","og_locale":"hr_HR","og_type":"article","og_title":"Une nouvelle ann\u00e9e sous le signe de l\u2019expectative - Viqtor","og_description":"Une nouvelle ann\u00e9e sous le signe de l\u2019expectative - Viqtor","og_url":"https:\/\/viqtor.eu\/hr\/une-nouvelle-annee-sous-le-signe-de-lexpectative\/","og_site_name":"Viqtor","article_published_time":"2023-04-19T12:59:03+00:00","article_modified_time":"2024-07-26T11:08:07+00:00","og_image":[{"width":1000,"height":667,"url":"https:\/\/viqtor.eu\/wp-content\/uploads\/2026\/04\/widget-viqtor.png","type":"image\/jpeg"}],"author":"Bruno","twitter_card":"summary_large_image","twitter_misc":{"Napisao\/la":"Bruno","Procijenjeno vrijeme \u010ditanja":"8 minuta"},"schema":{"@context":"https:\/\/schema.org","@graph":[{"@type":"Article","@id":"https:\/\/viqtor.eu\/une-nouvelle-annee-sous-le-signe-de-lexpectative\/#article","isPartOf":{"@id":"https:\/\/viqtor.eu\/une-nouvelle-annee-sous-le-signe-de-lexpectative\/"},"author":{"name":"Bruno","@id":"https:\/\/viqtor.eu\/#\/schema\/person\/3dbd9cc82a28f6cf1695c92eda0099ad"},"headline":"Une nouvelle ann\u00e9e sous le signe de l\u2019expectative","datePublished":"2023-04-19T12:59:03+00:00","dateModified":"2024-07-26T11:08:07+00:00","mainEntityOfPage":{"@id":"https:\/\/viqtor.eu\/une-nouvelle-annee-sous-le-signe-de-lexpectative\/"},"wordCount":1752,"publisher":{"@id":"https:\/\/viqtor.eu\/#organization"},"image":{"@id":"https:\/\/viqtor.eu\/une-nouvelle-annee-sous-le-signe-de-lexpectative\/#primaryimage"},"thumbnailUrl":"https:\/\/viqtor.eu\/wp-content\/uploads\/2023\/04\/shutterstock_1827228413.jpg","articleSection":["Veille juridique"],"inLanguage":"hr"},{"@type":"WebPage","@id":"https:\/\/viqtor.eu\/une-nouvelle-annee-sous-le-signe-de-lexpectative\/","url":"https:\/\/viqtor.eu\/une-nouvelle-annee-sous-le-signe-de-lexpectative\/","name":"Une nouvelle ann\u00e9e sous le signe de l\u2019expectative - Viqtor","isPartOf":{"@id":"https:\/\/viqtor.eu\/#website"},"primaryImageOfPage":{"@id":"https:\/\/viqtor.eu\/une-nouvelle-annee-sous-le-signe-de-lexpectative\/#primaryimage"},"image":{"@id":"https:\/\/viqtor.eu\/une-nouvelle-annee-sous-le-signe-de-lexpectative\/#primaryimage"},"thumbnailUrl":"https:\/\/viqtor.eu\/wp-content\/uploads\/2023\/04\/shutterstock_1827228413.jpg","datePublished":"2023-04-19T12:59:03+00:00","dateModified":"2024-07-26T11:08:07+00:00","description":"Une nouvelle ann\u00e9e sous le signe de l\u2019expectative - Viqtor","breadcrumb":{"@id":"https:\/\/viqtor.eu\/une-nouvelle-annee-sous-le-signe-de-lexpectative\/#breadcrumb"},"inLanguage":"hr","potentialAction":[{"@type":"ReadAction","target":["https:\/\/viqtor.eu\/une-nouvelle-annee-sous-le-signe-de-lexpectative\/"]}]},{"@type":"ImageObject","inLanguage":"hr","@id":"https:\/\/viqtor.eu\/une-nouvelle-annee-sous-le-signe-de-lexpectative\/#primaryimage","url":"https:\/\/viqtor.eu\/wp-content\/uploads\/2023\/04\/shutterstock_1827228413.jpg","contentUrl":"https:\/\/viqtor.eu\/wp-content\/uploads\/2023\/04\/shutterstock_1827228413.jpg","width":1000,"height":667},{"@type":"BreadcrumbList","@id":"https:\/\/viqtor.eu\/une-nouvelle-annee-sous-le-signe-de-lexpectative\/#breadcrumb","itemListElement":[{"@type":"ListItem","position":1,"name":"Accueil","item":"https:\/\/viqtor.eu\/"},{"@type":"ListItem","position":2,"name":"Une nouvelle ann\u00e9e sous le signe de l\u2019expectative"}]},{"@type":"WebSite","@id":"https:\/\/viqtor.eu\/#website","url":"https:\/\/viqtor.eu\/","name":"Viqtor","description":"Faites du RGPD une opportunit\u00e9 pour votre entreprise.","publisher":{"@id":"https:\/\/viqtor.eu\/#organization"},"potentialAction":[{"@type":"SearchAction","target":{"@type":"EntryPoint","urlTemplate":"https:\/\/viqtor.eu\/?s={search_term_string}"},"query-input":{"@type":"PropertyValueSpecification","valueRequired":true,"valueName":"search_term_string"}}],"inLanguage":"hr"},{"@type":"Organization","@id":"https:\/\/viqtor.eu\/#organization","name":"viqtor.eu","url":"https:\/\/viqtor.eu\/","logo":{"@type":"ImageObject","inLanguage":"hr","@id":"https:\/\/viqtor.eu\/#\/schema\/logo\/image\/","url":"https:\/\/viqtor.eu\/wp-content\/uploads\/2023\/06\/favicon-noir.svg","contentUrl":"https:\/\/viqtor.eu\/wp-content\/uploads\/2023\/06\/favicon-noir.svg","width":108,"height":86,"caption":"viqtor.eu"},"image":{"@id":"https:\/\/viqtor.eu\/#\/schema\/logo\/image\/"}},{"@type":"Person","@id":"https:\/\/viqtor.eu\/#\/schema\/person\/3dbd9cc82a28f6cf1695c92eda0099ad","name":"Bruno","image":{"@type":"ImageObject","inLanguage":"hr","@id":"https:\/\/viqtor.eu\/#\/schema\/person\/image\/","url":"https:\/\/secure.gravatar.com\/avatar\/e5a596f9489de15bfe046e97fb771f63589b601ca7e81ccc2bb9a23582f441a3?s=96&d=mm&r=g","contentUrl":"https:\/\/secure.gravatar.com\/avatar\/e5a596f9489de15bfe046e97fb771f63589b601ca7e81ccc2bb9a23582f441a3?s=96&d=mm&r=g","caption":"Bruno"},"sameAs":["https:\/\/exciting-panini.13-37-234-21.plesk.page"],"url":"https:\/\/viqtor.eu\/hr\/author\/mouad_zxum2ebi\/"}]}},"_links":{"self":[{"href":"https:\/\/viqtor.eu\/hr\/wp-json\/wp\/v2\/posts\/5482","targetHints":{"allow":["GET"]}}],"collection":[{"href":"https:\/\/viqtor.eu\/hr\/wp-json\/wp\/v2\/posts"}],"about":[{"href":"https:\/\/viqtor.eu\/hr\/wp-json\/wp\/v2\/types\/post"}],"author":[{"embeddable":true,"href":"https:\/\/viqtor.eu\/hr\/wp-json\/wp\/v2\/users\/1"}],"replies":[{"embeddable":true,"href":"https:\/\/viqtor.eu\/hr\/wp-json\/wp\/v2\/comments?post=5482"}],"version-history":[{"count":9,"href":"https:\/\/viqtor.eu\/hr\/wp-json\/wp\/v2\/posts\/5482\/revisions"}],"predecessor-version":[{"id":11976,"href":"https:\/\/viqtor.eu\/hr\/wp-json\/wp\/v2\/posts\/5482\/revisions\/11976"}],"wp:featuredmedia":[{"embeddable":true,"href":"https:\/\/viqtor.eu\/hr\/wp-json\/wp\/v2\/media\/5672"}],"wp:attachment":[{"href":"https:\/\/viqtor.eu\/hr\/wp-json\/wp\/v2\/media?parent=5482"}],"wp:term":[{"taxonomy":"category","embeddable":true,"href":"https:\/\/viqtor.eu\/hr\/wp-json\/wp\/v2\/categories?post=5482"},{"taxonomy":"post_tag","embeddable":true,"href":"https:\/\/viqtor.eu\/hr\/wp-json\/wp\/v2\/tags?post=5482"}],"curies":[{"name":"wp","href":"https:\/\/api.w.org\/{rel}","templated":true}]}}