{"id":5318,"date":"2023-04-18T11:07:17","date_gmt":"2023-04-18T11:07:17","guid":{"rendered":"https:\/\/exciting-panini.13-37-234-21.plesk.page\/?p=5318"},"modified":"2024-07-03T11:11:47","modified_gmt":"2024-07-03T11:11:47","slug":"la-protection-des-donnees-en-pleine-effervescence","status":"publish","type":"post","link":"https:\/\/viqtor.eu\/hr\/la-protection-des-donnees-en-pleine-effervescence\/","title":{"rendered":"Za\u0161tita podataka u punom jeku"},"content":{"rendered":"<div data-elementor-type=\"wp-post\" data-elementor-id=\"5318\" class=\"elementor elementor-5318\" data-elementor-post-type=\"post\">\n\t\t\t\t\t\t<section class=\"elementor-section elementor-top-section elementor-element elementor-element-3bf6c52 ot-traditional elementor-section-boxed elementor-section-height-default elementor-section-height-default\" data-id=\"3bf6c52\" data-element_type=\"section\">\n\t\t\t\t\t\t<div class=\"elementor-container elementor-column-gap-default\">\n\t\t\t\t\t<div class=\"elementor-column elementor-col-100 elementor-top-column elementor-element elementor-element-7925bf4 ot-flex-column-vertical\" data-id=\"7925bf4\" data-element_type=\"column\">\n\t\t\t<div class=\"elementor-widget-wrap elementor-element-populated\">\n\t\t\t\t\t\t<div class=\"elementor-element elementor-element-ffd3f77 elementor-widget elementor-widget-image\" data-id=\"ffd3f77\" data-element_type=\"widget\" data-widget_type=\"image.default\">\n\t\t\t\t<div class=\"elementor-widget-container\">\n\t\t\t\t\t\t\t\t\t\t\t\t\t<img fetchpriority=\"high\" decoding=\"async\" width=\"1000\" height=\"563\" src=\"https:\/\/viqtor.eu\/wp-content\/uploads\/2023\/04\/La-protection-des-donnees-en-pleine-effervescence.webp\" class=\"attachment-full size-full wp-image-11732\" alt=\"La protection des donn\u00e9es en pleine effervescence\" srcset=\"https:\/\/viqtor.eu\/wp-content\/uploads\/2023\/04\/La-protection-des-donnees-en-pleine-effervescence.webp 1000w, https:\/\/viqtor.eu\/wp-content\/uploads\/2023\/04\/La-protection-des-donnees-en-pleine-effervescence-300x169.webp 300w, https:\/\/viqtor.eu\/wp-content\/uploads\/2023\/04\/La-protection-des-donnees-en-pleine-effervescence-768x432.webp 768w, https:\/\/viqtor.eu\/wp-content\/uploads\/2023\/04\/La-protection-des-donnees-en-pleine-effervescence-720x405.webp 720w\" sizes=\"(max-width: 1000px) 100vw, 1000px\" \/>\t\t\t\t\t\t\t\t\t\t\t\t\t<\/div>\n\t\t\t\t<\/div>\n\t\t\t\t\t<\/div>\n\t\t<\/div>\n\t\t\t\t\t<\/div>\n\t\t<\/section>\n\t\t\t\t<section class=\"elementor-section elementor-top-section elementor-element elementor-element-f35a64f ot-traditional elementor-section-boxed elementor-section-height-default elementor-section-height-default\" data-id=\"f35a64f\" data-element_type=\"section\">\n\t\t\t\t\t\t<div class=\"elementor-container elementor-column-gap-default\">\n\t\t\t\t\t<div class=\"elementor-column elementor-col-100 elementor-top-column elementor-element elementor-element-3094181 ot-flex-column-vertical\" data-id=\"3094181\" data-element_type=\"column\">\n\t\t\t<div class=\"elementor-widget-wrap elementor-element-populated\">\n\t\t\t\t\t\t<div class=\"elementor-element elementor-element-2e2e49d elementor-widget elementor-widget-heading\" data-id=\"2e2e49d\" data-element_type=\"widget\" data-widget_type=\"heading.default\">\n\t\t\t\t<div class=\"elementor-widget-container\">\n\t\t\t<h1 class=\"elementor-heading-title elementor-size-default\">Za\u0161tita podataka u punom jeku<\/h1>\t\t<\/div>\n\t\t\t\t<\/div>\n\t\t\t\t\t<\/div>\n\t\t<\/div>\n\t\t\t\t\t<\/div>\n\t\t<\/section>\n\t\t\t\t<section class=\"elementor-section elementor-top-section elementor-element elementor-element-358b87ac ot-traditional elementor-section-boxed elementor-section-height-default elementor-section-height-default\" data-id=\"358b87ac\" data-element_type=\"section\">\n\t\t\t\t\t\t<div class=\"elementor-container elementor-column-gap-default\">\n\t\t\t\t\t<div class=\"elementor-column elementor-col-100 elementor-top-column elementor-element elementor-element-52fd0ebc ot-flex-column-vertical\" data-id=\"52fd0ebc\" data-element_type=\"column\">\n\t\t\t<div class=\"elementor-widget-wrap elementor-element-populated\">\n\t\t\t\t\t\t<div class=\"elementor-element elementor-element-32cbe82f elementor-widget elementor-widget-text-editor\" data-id=\"32cbe82f\" data-element_type=\"widget\" data-widget_type=\"text-editor.default\">\n\t\t\t\t<div class=\"elementor-widget-container\">\n\t\t\t\t\t\t\t<!-- wp:paragraph -->\n<p>Pravni nadzor br. 20 \u2013 10. velja\u010de 2020.<\/p>\n<!-- \/wp:paragraph -->\n\n<!-- wp:paragraph -->\n<p>Ovo je ono \u010dega se sje\u0107amo iz prvih tjedana ove nove godine, s brojnim raspravama povodom zna\u010dajnih doga\u0111aja:<\/p>\n<!-- \/wp:paragraph -->\n\n<!-- wp:list -->\n<ul><!-- wp:list-item -->\n<li>Me\u0111unarodni dan za\u0161tite podataka, 28. sije\u010dnja<\/li>\n<!-- \/wp:list-item -->\n\n<!-- wp:list-item -->\n<li>Me\u0111unarodna konferencija o za\u0161titi podataka koju je pro\u0161li tjedan u Bruxellesu organizirao akademski sektor, i<\/li>\n<!-- \/wp:list-item -->\n\n<!-- wp:list-item -->\n<li>Me\u0111unarodni forum o kiberneti\u010dkoj sigurnosti u Lilleu posljednjih dana sije\u010dnja.<\/li>\n<!-- \/wp:list-item --><\/ul>\n<!-- \/wp:list -->\n\n<!-- wp:paragraph -->\n<p>Velja\u010da ne\u0107e biti izostavljena, s konferencijom o &quot;intenzivnoj za\u0161titi podataka&quot; u Parizu koju organizira Me\u0111unarodno udru\u017eenje slu\u017ebenika za za\u0161titu podataka (IAPP).<\/p>\n<!-- \/wp:paragraph -->\n\n<!-- wp:paragraph -->\n<p>Me\u0111u mnogim obra\u0111enim temama, isti\u010du se dvije: intenziviranje rasprava o prepoznavanju lica i specifi\u010dna situacija malih i srednjih poduze\u0107a te mikro, malih i srednjih poduze\u0107a s obzirom na GDPR.<\/p>\n<!-- \/wp:paragraph -->\n\n<!-- wp:paragraph -->\n<p><strong><u>Prepoznavanje lica pod znakom pitanja<\/u><\/strong><\/p>\n<!-- \/wp:paragraph -->\n\n<!-- wp:paragraph -->\n<p>Ono \u0161to je zapalilo fitilj krajem sije\u010dnja bila je hipoteza, iznesena u bijeloj knjizi Europske komisije, o <strong>moratorij<\/strong> o prepoznavanju lica na javnim mjestima.<\/p>\n<!-- \/wp:paragraph -->\n\n<!-- wp:paragraph -->\n<p>Ovaj dokument, u fazi nacrta, nije bio namijenjen distribuciji, a Komisija je od tada objavila da odustaje od mogu\u0107nosti moratorija i daje prioritet drugim putovima regulacije.<\/p>\n<!-- \/wp:paragraph -->\n\n<!-- wp:paragraph -->\n<p>Svoj rad o umjetnoj inteligenciji predstavit \u0107e 19. velja\u010de.<\/p>\n<!-- \/wp:paragraph -->\n\n<!-- wp:paragraph -->\n<p><strong>Ideja o stro\u017eem reguliranju, ili \u010dak zabrani, automatskog prepoznavanja ljudi na odre\u0111enim mjestima<\/strong>, probija se me\u0111u regulatorima, kao i u privatnom i javnom sektoru, pa \u010dak i izvan Europe.<\/p>\n<!-- \/wp:paragraph -->\n\n<!-- wp:paragraph -->\n<p>O toj su se temi, izme\u0111u ostalih, oglasili Europski nadzornik za za\u0161titu podataka (EDPS) i povjerenik za za\u0161titu podataka Vije\u0107a Europe.<\/p>\n<!-- \/wp:paragraph -->\n\n<!-- wp:paragraph -->\n<p>Europski odbor za za\u0161titu podataka (EDPB) tako\u0111er se bavi tim pitanjem u svojim najnovijim smjernicama usvojenim krajem sije\u010dnja.<\/p>\n<!-- \/wp:paragraph -->\n\n<!-- wp:paragraph -->\n<p>Sve vi\u0161e gradova, poput San Francisca i Cambridgea, zabranilo je ovu tehnologiju u svojim javnim prostorima.<\/p>\n<!-- \/wp:paragraph -->\n\n<!-- wp:paragraph -->\n<p>Potencijalne upotrebe podataka stvaraju toliku nesigurnost da tehnolo\u0161ki divovi poput Microsofta tako\u0111er pozivaju na ve\u0107u jasno\u0107u.<\/p>\n<!-- \/wp:paragraph -->\n\n<!-- wp:paragraph -->\n<p>Me\u0111u iznesenim argumentima, posebno isti\u010demo <strong>rizici diskriminacije<\/strong> na temelju etni\u010dkog podrijetla i drugih predrasuda \u0161to dovodi do previ\u0161e \u201ela\u017eno pozitivnih rezultata\u201c.<\/p>\n<!-- \/wp:paragraph -->\n\n<!-- wp:paragraph -->\n<p>Izgledi za javni prostor pod potpunim nadzorom tako\u0111er postavljaju pitanja u svjetlu trenutnih mogu\u0107nosti prikupljanja podataka: razmi\u0161ljamo o bazi podataka Clearview, tvrtki koja pohranjuje lica dostupna na svim dru\u0161tvenim mre\u017eama kako bi ih prodavala policiji u Sjedinjenim Dr\u017eavama, a koja je po\u010detkom ove godine dospjela na naslovnice.<\/p>\n<!-- \/wp:paragraph -->\n\n<!-- wp:paragraph -->\n<p>Tako\u0111er zaslu\u017euje istaknuti me\u0111unarodnu dimenziju problema.<\/p>\n<!-- \/wp:paragraph -->\n\n<!-- wp:paragraph -->\n<p>To dokazuje i nedavno parlamentarno pitanje na europskoj razini u vezi s projektom &quot;Siguran grad&quot; razvijenim u Srbiji, a temeljenim na kineskoj tehnologiji prepoznavanja lica.&nbsp;<\/p>\n<!-- \/wp:paragraph -->\n\n<!-- wp:table -->\n<figure class=\"wp-block-table\"><table><tbody><tr><td>OGRANI\u010cENO PRIJAMNO BILTEN<\/td><\/tr><\/tbody><\/table><\/figure>\n<!-- \/wp:table -->\n\n<!-- wp:paragraph -->\n<p><strong><u>Situacija mikro-malih i malih poduze\u0107a<\/u><\/strong><\/p>\n<!-- \/wp:paragraph -->\n\n<!-- wp:paragraph -->\n<p>Rasprave koje su se odr\u017eale tijekom raznih doga\u0111aja u sije\u010dnju istaknule su glavne izazove s kojima se suo\u010davaju (vrlo) mala i srednja poduze\u0107a.<\/p>\n<!-- \/wp:paragraph -->\n\n<!-- wp:paragraph -->\n<p>Ako predstavljaju najve\u0107i dio europskog gospodarstva, <strong>oni su najzaostaliji<\/strong> prilikom rje\u0161avanja pitanja sigurnosti njihove IT platforme, kori\u0161tenja oblaka, outsourcinga i kori\u0161tenja alata za samoprocjenu (revizija).<\/p>\n<!-- \/wp:paragraph -->\n\n<!-- wp:paragraph -->\n<p>Suo\u010den s ovim pitanjima<strong>, nekoliko inicijativa<\/strong> ugledali su svjetlo dana.&nbsp;<\/p>\n<!-- \/wp:paragraph -->\n\n<!-- wp:paragraph -->\n<p>ENISA (Agencija Europske unije za kiberneti\u010dku sigurnost) pokrenula je 28. sije\u010dnja online platformu kako bi pomogla tvrtkama, posebno malim i srednjim poduze\u0107ima, da osiguraju svoje podatke.<\/p>\n<!-- \/wp:paragraph -->\n\n<!-- wp:paragraph -->\n<p>Postoje i dvije inicijative usmjerene na pomo\u0107 programerima web stranica: vodi\u010d CNIL-a i onaj organizacije EDRI imaju za cilj podr\u017eati razvoj web stranica u skladu s GDPR-om.<\/p>\n<!-- \/wp:paragraph -->\n\n<!-- wp:paragraph -->\n<p>Iako odabir sigurnog (i idealno europskog) oblaka ostaje slo\u017een, vrijedi spomenuti napore europskih regulatora u tom pogledu. Microsoft je, na primjer, upravo izmijenio ugovorne uvjete za Office 365 pod pritiskom EDPS-a i Nizozemske kako bi ih uskladio s GDPR-om.<\/p>\n<!-- \/wp:paragraph -->\n\n<!-- wp:paragraph -->\n<p><strong>I tako\u0111er:<\/strong><\/p>\n<!-- \/wp:paragraph -->\n\n<!-- wp:paragraph -->\n<p><strong>U Francuskoj:<\/strong><\/p>\n<!-- \/wp:paragraph -->\n\n<!-- wp:paragraph -->\n<p>Kao \u0161to je najavljeno, CNIL je 14. sije\u010dnja 2020. objavio nacrt preporuke u vezi s<strong>kori\u0161tenje kola\u010di\u0107a i drugih alata za pra\u0107enje<\/strong>.<\/p>\n<!-- \/wp:paragraph -->\n\n<!-- wp:paragraph -->\n<p>Cilj mu je pojasniti uvjete za dobivanje privole i uklju\u010duje konkretne primjere obavijesti korisnicima interneta. Tekst je otvoren za savjetovanje do 25. velja\u010de.<\/p>\n<!-- \/wp:paragraph -->\n\n<!-- wp:paragraph -->\n<p><\/p>\n<!-- \/wp:paragraph -->\n\n<!-- wp:paragraph -->\n<p><strong>U Europi:<\/strong><\/p>\n<!-- \/wp:paragraph -->\n\n<!-- wp:paragraph -->\n<p>Tamo <strong>Izlazak Ujedinjenog Kraljevstva iz Europske unije<\/strong> imat \u0107e posljedice na prijenos podataka.<\/p>\n<!-- \/wp:paragraph -->\n\n<!-- wp:paragraph -->\n<p>Ipak \u0107e biti <strong>bez promjena tijekom 2020. godine<\/strong>, prijelazne godine tijekom koje \u0107e Europska komisija procijeniti razinu za\u0161tite koju nudi Ujedinjena Kraljevina kako bi donijela mogu\u0107u odluku o adekvatnosti.&nbsp;<\/p>\n<!-- \/wp:paragraph -->\n\n<!-- wp:paragraph -->\n<p>Priop\u0107enja za javnost ICO-a (britanskog nadzornog tijela) i CNIL-a navode te elemente.<\/p>\n<!-- \/wp:paragraph -->\n\n<!-- wp:paragraph -->\n<p><strong>Me\u0111unarodno:<\/strong><\/p>\n<!-- \/wp:paragraph -->\n\n<!-- wp:list -->\n<ul><!-- wp:list-item -->\n<li><strong>SJEDINJENE DR\u017dAVE <\/strong>Nakon stupanja na snagu po\u010detkom 2020. <strong>Zakon o privatnosti potro\u0161a\u010da u Kaliforniji<\/strong>, na redu je dr\u017eava Washington da pripremi zakon o privatnosti.<\/li>\n<!-- \/wp:list-item --><\/ul>\n<!-- \/wp:list -->\n\n<!-- wp:list -->\n<ul><!-- wp:list-item -->\n<li><strong>Indonezija<\/strong> a <strong>zakon o za\u0161titi podataka<\/strong> podnesen je parlamentu 28. sije\u010dnja. Njegova najnovija verzija od 6. prosinca 2019., uvelike inspirirana GDPR-om, primjenjuje se na javni i privatni sektor.<\/li>\n<!-- \/wp:list-item --><\/ul>\n<!-- \/wp:list -->\n\n<!-- wp:paragraph -->\n<p>Podsje\u0107amo, popis zemalja \u010dije zakone Europska unija smatra adekvatnima, \u010dime se olak\u0161ava prijenos podataka u te zemlje, dostupan je ovdje.<\/p>\n<!-- \/wp:paragraph -->\n\n<!-- wp:list -->\n<ul><!-- wp:list-item -->\n<li><em>Andora,<\/em><\/li>\n<!-- \/wp:list-item -->\n\n<!-- wp:list-item -->\n<li><em>Argentina,<\/em><\/li>\n<!-- \/wp:list-item -->\n\n<!-- wp:list-item -->\n<li><em>Kanada (komercijalne organizacije),<\/em><\/li>\n<!-- \/wp:list-item -->\n\n<!-- wp:list-item -->\n<li><em>Farski otoci,<\/em><\/li>\n<!-- \/wp:list-item -->\n\n<!-- wp:list-item -->\n<li><em>Guernsey,<\/em><\/li>\n<!-- \/wp:list-item -->\n\n<!-- wp:list-item -->\n<li><em>Izrael,<\/em><\/li>\n<!-- \/wp:list-item -->\n\n<!-- wp:list-item -->\n<li><em>Otok Man,<\/em><\/li>\n<!-- \/wp:list-item -->\n\n<!-- wp:list-item -->\n<li><em>Japan,<\/em><\/li>\n<!-- \/wp:list-item -->\n\n<!-- wp:list-item -->\n<li><em>Dres,<\/em><\/li>\n<!-- \/wp:list-item -->\n\n<!-- wp:list-item -->\n<li><em>Novi Zeland,<\/em><\/li>\n<!-- \/wp:list-item -->\n\n<!-- wp:list-item -->\n<li><em>\u0160vicarska,<\/em><\/li>\n<!-- \/wp:list-item -->\n\n<!-- wp:list-item -->\n<li><em>Urugvaj i<\/em><\/li>\n<!-- \/wp:list-item -->\n\n<!-- wp:list-item -->\n<li><em>Sjedinjene Ameri\u010dke Dr\u017eave (ograni\u010deno na okvir Privacy Shield)<\/em><\/li>\n<!-- \/wp:list-item --><\/ul>\n<!-- \/wp:list -->\n\n<!-- wp:paragraph -->\n<p>Anne Christine Lacoste<\/p>\n<!-- \/wp:paragraph -->\n\n<!-- wp:paragraph -->\n<p><em>Partnerica u tvrtki Olivier Weber Avocat, Anne Christine Lacoste, odvjetnica je specijalizirana za pravo podataka; bila je voditeljica me\u0111unarodnih odnosa u Europskom nadzorniku za za\u0161titu podataka i radila je na provedbi GDPR-a u Europskoj uniji.<\/em><\/p>\n<!-- \/wp:paragraph -->\n\n<!-- wp:paragraph -->\n<p><\/p>\n<!-- \/wp:paragraph -->\t\t\t\t\t\t<\/div>\n\t\t\t\t<\/div>\n\t\t\t\t\t<\/div>\n\t\t<\/div>\n\t\t\t\t\t<\/div>\n\t\t<\/section>\n\t\t\t\t<section class=\"elementor-section elementor-top-section elementor-element elementor-element-04e81e5 ot-traditional elementor-section-boxed elementor-section-height-default elementor-section-height-default\" data-id=\"04e81e5\" data-element_type=\"section\">\n\t\t\t\t\t\t<div class=\"elementor-container elementor-column-gap-default\">\n\t\t\t\t\t<div class=\"elementor-column elementor-col-100 elementor-top-column elementor-element elementor-element-a75a702 ot-flex-column-vertical\" data-id=\"a75a702\" data-element_type=\"column\">\n\t\t\t<div class=\"elementor-widget-wrap elementor-element-populated\">\n\t\t\t\t\t\t<div class=\"elementor-element elementor-element-69d9df9 elementor-align-center elementor-widget elementor-widget-button\" data-id=\"69d9df9\" data-element_type=\"widget\" data-widget_type=\"button.default\">\n\t\t\t\t<div class=\"elementor-widget-container\">\n\t\t\t\t\t<div class=\"elementor-button-wrapper\">\n\t\t\t<a class=\"elementor-button elementor-button-link elementor-size-lg\" href=\"https:\/\/app.viqtor.eu\/\">\n\t\t\t\t\t\t<span class=\"elementor-button-content-wrapper\">\n\t\t\t\t\t\t<span class=\"elementor-button-icon\">\n\t\t\t\t<i aria-hidden=\"true\" class=\"fas fa-long-arrow-alt-right\"><\/i>\t\t\t<\/span>\n\t\t\t\t\t\t\t\t\t<span class=\"elementor-button-text\">Otkrijte Viqtor\u00ae<\/span>\n\t\t\t\t\t<\/span>\n\t\t\t\t\t<\/a>\n\t\t<\/div>\n\t\t\t\t<\/div>\n\t\t\t\t<\/div>\n\t\t\t\t\t<\/div>\n\t\t<\/div>\n\t\t\t\t\t<\/div>\n\t\t<\/section>\n\t\t\t\t<\/div>","protected":false},"excerpt":{"rendered":"<p>Za\u0161tita podataka u punom jeku Pravni nadzor br. 20 \u2013 10. velja\u010de 2020. Ovo je ono \u0161to pamtimo iz prvih tjedana ove nove godine, s brojnim raspravama povodom zna\u010dajnih doga\u0111aja: velja\u010da ne\u0107e biti izostavljena, s konferencijom o \u201eintenzivnoj za\u0161titi podataka\u201c u Parizu koju organizira me\u0111unarodno udru\u017eenje [\u2026]<\/p>","protected":false},"author":1,"featured_media":5747,"comment_status":"closed","ping_status":"open","sticky":false,"template":"elementor_header_footer","format":"standard","meta":{"_acf_changed":false,"footnotes":""},"categories":[35],"tags":[],"class_list":["post-5318","post","type-post","status-publish","format-standard","has-post-thumbnail","hentry","category-veille-juridique"],"acf":[],"yoast_head":"<!-- This site is optimized with the Yoast SEO plugin v23.6 - https:\/\/yoast.com\/wordpress\/plugins\/seo\/ -->\n<title>La protection des donn\u00e9es en pleine effervescence - Viqtor<\/title>\n<meta name=\"description\" content=\"La protection des donn\u00e9es en pleine effervescence Veille juridique - Viqtor\" \/>\n<meta name=\"robots\" content=\"index, follow, max-snippet:-1, max-image-preview:large, max-video-preview:-1\" \/>\n<link rel=\"canonical\" href=\"https:\/\/viqtor.eu\/hr\/la-protection-des-donnees-en-pleine-effervescence\/\" \/>\n<meta property=\"og:locale\" content=\"hr_HR\" \/>\n<meta property=\"og:type\" content=\"article\" \/>\n<meta property=\"og:title\" content=\"La protection des donn\u00e9es en pleine effervescence - Viqtor\" \/>\n<meta property=\"og:description\" content=\"La protection des donn\u00e9es en pleine effervescence Veille juridique - Viqtor\" \/>\n<meta property=\"og:url\" content=\"https:\/\/viqtor.eu\/hr\/la-protection-des-donnees-en-pleine-effervescence\/\" \/>\n<meta property=\"og:site_name\" content=\"Viqtor\" \/>\n<meta property=\"article:published_time\" content=\"2023-04-18T11:07:17+00:00\" \/>\n<meta property=\"article:modified_time\" content=\"2024-07-03T11:11:47+00:00\" \/>\n<meta property=\"og:image\" content=\"https:\/\/viqtor.eu\/wp-content\/uploads\/2026\/04\/widget-viqtor.png\" \/>\n\t<meta property=\"og:image:width\" content=\"1000\" \/>\n\t<meta property=\"og:image:height\" content=\"563\" \/>\n\t<meta property=\"og:image:type\" content=\"image\/jpeg\" \/>\n<meta name=\"author\" content=\"Bruno\" \/>\n<meta name=\"twitter:card\" content=\"summary_large_image\" \/>\n<meta name=\"twitter:label1\" content=\"Napisao\/la\" \/>\n\t<meta name=\"twitter:data1\" content=\"Bruno\" \/>\n\t<meta name=\"twitter:label2\" content=\"Procijenjeno vrijeme \u010ditanja\" \/>\n\t<meta name=\"twitter:data2\" content=\"6 minuta\" \/>\n<script type=\"application\/ld+json\" class=\"yoast-schema-graph\">{\"@context\":\"https:\/\/schema.org\",\"@graph\":[{\"@type\":\"Article\",\"@id\":\"https:\/\/viqtor.eu\/la-protection-des-donnees-en-pleine-effervescence\/#article\",\"isPartOf\":{\"@id\":\"https:\/\/viqtor.eu\/la-protection-des-donnees-en-pleine-effervescence\/\"},\"author\":{\"name\":\"Bruno\",\"@id\":\"https:\/\/viqtor.eu\/#\/schema\/person\/3dbd9cc82a28f6cf1695c92eda0099ad\"},\"headline\":\"La protection des donn\u00e9es en pleine effervescence\",\"datePublished\":\"2023-04-18T11:07:17+00:00\",\"dateModified\":\"2024-07-03T11:11:47+00:00\",\"mainEntityOfPage\":{\"@id\":\"https:\/\/viqtor.eu\/la-protection-des-donnees-en-pleine-effervescence\/\"},\"wordCount\":1104,\"publisher\":{\"@id\":\"https:\/\/viqtor.eu\/#organization\"},\"image\":{\"@id\":\"https:\/\/viqtor.eu\/la-protection-des-donnees-en-pleine-effervescence\/#primaryimage\"},\"thumbnailUrl\":\"https:\/\/viqtor.eu\/wp-content\/uploads\/2023\/04\/shutterstock_1490310101.jpg\",\"articleSection\":[\"Veille juridique\"],\"inLanguage\":\"hr\"},{\"@type\":\"WebPage\",\"@id\":\"https:\/\/viqtor.eu\/la-protection-des-donnees-en-pleine-effervescence\/\",\"url\":\"https:\/\/viqtor.eu\/la-protection-des-donnees-en-pleine-effervescence\/\",\"name\":\"La protection des donn\u00e9es en pleine effervescence - Viqtor\",\"isPartOf\":{\"@id\":\"https:\/\/viqtor.eu\/#website\"},\"primaryImageOfPage\":{\"@id\":\"https:\/\/viqtor.eu\/la-protection-des-donnees-en-pleine-effervescence\/#primaryimage\"},\"image\":{\"@id\":\"https:\/\/viqtor.eu\/la-protection-des-donnees-en-pleine-effervescence\/#primaryimage\"},\"thumbnailUrl\":\"https:\/\/viqtor.eu\/wp-content\/uploads\/2023\/04\/shutterstock_1490310101.jpg\",\"datePublished\":\"2023-04-18T11:07:17+00:00\",\"dateModified\":\"2024-07-03T11:11:47+00:00\",\"description\":\"La protection des donn\u00e9es en pleine effervescence Veille juridique - Viqtor\",\"breadcrumb\":{\"@id\":\"https:\/\/viqtor.eu\/la-protection-des-donnees-en-pleine-effervescence\/#breadcrumb\"},\"inLanguage\":\"hr\",\"potentialAction\":[{\"@type\":\"ReadAction\",\"target\":[\"https:\/\/viqtor.eu\/la-protection-des-donnees-en-pleine-effervescence\/\"]}]},{\"@type\":\"ImageObject\",\"inLanguage\":\"hr\",\"@id\":\"https:\/\/viqtor.eu\/la-protection-des-donnees-en-pleine-effervescence\/#primaryimage\",\"url\":\"https:\/\/viqtor.eu\/wp-content\/uploads\/2023\/04\/shutterstock_1490310101.jpg\",\"contentUrl\":\"https:\/\/viqtor.eu\/wp-content\/uploads\/2023\/04\/shutterstock_1490310101.jpg\",\"width\":1000,\"height\":563},{\"@type\":\"BreadcrumbList\",\"@id\":\"https:\/\/viqtor.eu\/la-protection-des-donnees-en-pleine-effervescence\/#breadcrumb\",\"itemListElement\":[{\"@type\":\"ListItem\",\"position\":1,\"name\":\"Accueil\",\"item\":\"https:\/\/viqtor.eu\/\"},{\"@type\":\"ListItem\",\"position\":2,\"name\":\"La protection des donn\u00e9es en pleine effervescence\"}]},{\"@type\":\"WebSite\",\"@id\":\"https:\/\/viqtor.eu\/#website\",\"url\":\"https:\/\/viqtor.eu\/\",\"name\":\"Viqtor\",\"description\":\"Faites du RGPD une opportunit\u00e9 pour votre entreprise.\",\"publisher\":{\"@id\":\"https:\/\/viqtor.eu\/#organization\"},\"potentialAction\":[{\"@type\":\"SearchAction\",\"target\":{\"@type\":\"EntryPoint\",\"urlTemplate\":\"https:\/\/viqtor.eu\/?s={search_term_string}\"},\"query-input\":{\"@type\":\"PropertyValueSpecification\",\"valueRequired\":true,\"valueName\":\"search_term_string\"}}],\"inLanguage\":\"hr\"},{\"@type\":\"Organization\",\"@id\":\"https:\/\/viqtor.eu\/#organization\",\"name\":\"viqtor.eu\",\"url\":\"https:\/\/viqtor.eu\/\",\"logo\":{\"@type\":\"ImageObject\",\"inLanguage\":\"hr\",\"@id\":\"https:\/\/viqtor.eu\/#\/schema\/logo\/image\/\",\"url\":\"https:\/\/viqtor.eu\/wp-content\/uploads\/2023\/06\/favicon-noir.svg\",\"contentUrl\":\"https:\/\/viqtor.eu\/wp-content\/uploads\/2023\/06\/favicon-noir.svg\",\"width\":108,\"height\":86,\"caption\":\"viqtor.eu\"},\"image\":{\"@id\":\"https:\/\/viqtor.eu\/#\/schema\/logo\/image\/\"}},{\"@type\":\"Person\",\"@id\":\"https:\/\/viqtor.eu\/#\/schema\/person\/3dbd9cc82a28f6cf1695c92eda0099ad\",\"name\":\"Bruno\",\"image\":{\"@type\":\"ImageObject\",\"inLanguage\":\"hr\",\"@id\":\"https:\/\/viqtor.eu\/#\/schema\/person\/image\/\",\"url\":\"https:\/\/secure.gravatar.com\/avatar\/e5a596f9489de15bfe046e97fb771f63589b601ca7e81ccc2bb9a23582f441a3?s=96&d=mm&r=g\",\"contentUrl\":\"https:\/\/secure.gravatar.com\/avatar\/e5a596f9489de15bfe046e97fb771f63589b601ca7e81ccc2bb9a23582f441a3?s=96&d=mm&r=g\",\"caption\":\"Bruno\"},\"sameAs\":[\"https:\/\/exciting-panini.13-37-234-21.plesk.page\"],\"url\":\"https:\/\/viqtor.eu\/hr\/author\/mouad_zxum2ebi\/\"}]}<\/script>\n<!-- \/ Yoast SEO plugin. -->","yoast_head_json":{"title":"La protection des donn\u00e9es en pleine effervescence - Viqtor","description":"La protection des donn\u00e9es en pleine effervescence Veille juridique - Viqtor","robots":{"index":"index","follow":"follow","max-snippet":"max-snippet:-1","max-image-preview":"max-image-preview:large","max-video-preview":"max-video-preview:-1"},"canonical":"https:\/\/viqtor.eu\/hr\/la-protection-des-donnees-en-pleine-effervescence\/","og_locale":"hr_HR","og_type":"article","og_title":"La protection des donn\u00e9es en pleine effervescence - Viqtor","og_description":"La protection des donn\u00e9es en pleine effervescence Veille juridique - Viqtor","og_url":"https:\/\/viqtor.eu\/hr\/la-protection-des-donnees-en-pleine-effervescence\/","og_site_name":"Viqtor","article_published_time":"2023-04-18T11:07:17+00:00","article_modified_time":"2024-07-03T11:11:47+00:00","og_image":[{"width":1000,"height":563,"url":"https:\/\/viqtor.eu\/wp-content\/uploads\/2026\/04\/widget-viqtor.png","type":"image\/jpeg"}],"author":"Bruno","twitter_card":"summary_large_image","twitter_misc":{"Napisao\/la":"Bruno","Procijenjeno vrijeme \u010ditanja":"6 minuta"},"schema":{"@context":"https:\/\/schema.org","@graph":[{"@type":"Article","@id":"https:\/\/viqtor.eu\/la-protection-des-donnees-en-pleine-effervescence\/#article","isPartOf":{"@id":"https:\/\/viqtor.eu\/la-protection-des-donnees-en-pleine-effervescence\/"},"author":{"name":"Bruno","@id":"https:\/\/viqtor.eu\/#\/schema\/person\/3dbd9cc82a28f6cf1695c92eda0099ad"},"headline":"La protection des donn\u00e9es en pleine effervescence","datePublished":"2023-04-18T11:07:17+00:00","dateModified":"2024-07-03T11:11:47+00:00","mainEntityOfPage":{"@id":"https:\/\/viqtor.eu\/la-protection-des-donnees-en-pleine-effervescence\/"},"wordCount":1104,"publisher":{"@id":"https:\/\/viqtor.eu\/#organization"},"image":{"@id":"https:\/\/viqtor.eu\/la-protection-des-donnees-en-pleine-effervescence\/#primaryimage"},"thumbnailUrl":"https:\/\/viqtor.eu\/wp-content\/uploads\/2023\/04\/shutterstock_1490310101.jpg","articleSection":["Veille juridique"],"inLanguage":"hr"},{"@type":"WebPage","@id":"https:\/\/viqtor.eu\/la-protection-des-donnees-en-pleine-effervescence\/","url":"https:\/\/viqtor.eu\/la-protection-des-donnees-en-pleine-effervescence\/","name":"La protection des donn\u00e9es en pleine effervescence - Viqtor","isPartOf":{"@id":"https:\/\/viqtor.eu\/#website"},"primaryImageOfPage":{"@id":"https:\/\/viqtor.eu\/la-protection-des-donnees-en-pleine-effervescence\/#primaryimage"},"image":{"@id":"https:\/\/viqtor.eu\/la-protection-des-donnees-en-pleine-effervescence\/#primaryimage"},"thumbnailUrl":"https:\/\/viqtor.eu\/wp-content\/uploads\/2023\/04\/shutterstock_1490310101.jpg","datePublished":"2023-04-18T11:07:17+00:00","dateModified":"2024-07-03T11:11:47+00:00","description":"La protection des donn\u00e9es en pleine effervescence Veille juridique - Viqtor","breadcrumb":{"@id":"https:\/\/viqtor.eu\/la-protection-des-donnees-en-pleine-effervescence\/#breadcrumb"},"inLanguage":"hr","potentialAction":[{"@type":"ReadAction","target":["https:\/\/viqtor.eu\/la-protection-des-donnees-en-pleine-effervescence\/"]}]},{"@type":"ImageObject","inLanguage":"hr","@id":"https:\/\/viqtor.eu\/la-protection-des-donnees-en-pleine-effervescence\/#primaryimage","url":"https:\/\/viqtor.eu\/wp-content\/uploads\/2023\/04\/shutterstock_1490310101.jpg","contentUrl":"https:\/\/viqtor.eu\/wp-content\/uploads\/2023\/04\/shutterstock_1490310101.jpg","width":1000,"height":563},{"@type":"BreadcrumbList","@id":"https:\/\/viqtor.eu\/la-protection-des-donnees-en-pleine-effervescence\/#breadcrumb","itemListElement":[{"@type":"ListItem","position":1,"name":"Accueil","item":"https:\/\/viqtor.eu\/"},{"@type":"ListItem","position":2,"name":"La protection des donn\u00e9es en pleine effervescence"}]},{"@type":"WebSite","@id":"https:\/\/viqtor.eu\/#website","url":"https:\/\/viqtor.eu\/","name":"Viqtor","description":"Faites du RGPD une opportunit\u00e9 pour votre entreprise.","publisher":{"@id":"https:\/\/viqtor.eu\/#organization"},"potentialAction":[{"@type":"SearchAction","target":{"@type":"EntryPoint","urlTemplate":"https:\/\/viqtor.eu\/?s={search_term_string}"},"query-input":{"@type":"PropertyValueSpecification","valueRequired":true,"valueName":"search_term_string"}}],"inLanguage":"hr"},{"@type":"Organization","@id":"https:\/\/viqtor.eu\/#organization","name":"viqtor.eu","url":"https:\/\/viqtor.eu\/","logo":{"@type":"ImageObject","inLanguage":"hr","@id":"https:\/\/viqtor.eu\/#\/schema\/logo\/image\/","url":"https:\/\/viqtor.eu\/wp-content\/uploads\/2023\/06\/favicon-noir.svg","contentUrl":"https:\/\/viqtor.eu\/wp-content\/uploads\/2023\/06\/favicon-noir.svg","width":108,"height":86,"caption":"viqtor.eu"},"image":{"@id":"https:\/\/viqtor.eu\/#\/schema\/logo\/image\/"}},{"@type":"Person","@id":"https:\/\/viqtor.eu\/#\/schema\/person\/3dbd9cc82a28f6cf1695c92eda0099ad","name":"Bruno","image":{"@type":"ImageObject","inLanguage":"hr","@id":"https:\/\/viqtor.eu\/#\/schema\/person\/image\/","url":"https:\/\/secure.gravatar.com\/avatar\/e5a596f9489de15bfe046e97fb771f63589b601ca7e81ccc2bb9a23582f441a3?s=96&d=mm&r=g","contentUrl":"https:\/\/secure.gravatar.com\/avatar\/e5a596f9489de15bfe046e97fb771f63589b601ca7e81ccc2bb9a23582f441a3?s=96&d=mm&r=g","caption":"Bruno"},"sameAs":["https:\/\/exciting-panini.13-37-234-21.plesk.page"],"url":"https:\/\/viqtor.eu\/hr\/author\/mouad_zxum2ebi\/"}]}},"_links":{"self":[{"href":"https:\/\/viqtor.eu\/hr\/wp-json\/wp\/v2\/posts\/5318","targetHints":{"allow":["GET"]}}],"collection":[{"href":"https:\/\/viqtor.eu\/hr\/wp-json\/wp\/v2\/posts"}],"about":[{"href":"https:\/\/viqtor.eu\/hr\/wp-json\/wp\/v2\/types\/post"}],"author":[{"embeddable":true,"href":"https:\/\/viqtor.eu\/hr\/wp-json\/wp\/v2\/users\/1"}],"replies":[{"embeddable":true,"href":"https:\/\/viqtor.eu\/hr\/wp-json\/wp\/v2\/comments?post=5318"}],"version-history":[{"count":5,"href":"https:\/\/viqtor.eu\/hr\/wp-json\/wp\/v2\/posts\/5318\/revisions"}],"predecessor-version":[{"id":11735,"href":"https:\/\/viqtor.eu\/hr\/wp-json\/wp\/v2\/posts\/5318\/revisions\/11735"}],"wp:featuredmedia":[{"embeddable":true,"href":"https:\/\/viqtor.eu\/hr\/wp-json\/wp\/v2\/media\/5747"}],"wp:attachment":[{"href":"https:\/\/viqtor.eu\/hr\/wp-json\/wp\/v2\/media?parent=5318"}],"wp:term":[{"taxonomy":"category","embeddable":true,"href":"https:\/\/viqtor.eu\/hr\/wp-json\/wp\/v2\/categories?post=5318"},{"taxonomy":"post_tag","embeddable":true,"href":"https:\/\/viqtor.eu\/hr\/wp-json\/wp\/v2\/tags?post=5318"}],"curies":[{"name":"wp","href":"https:\/\/api.w.org\/{rel}","templated":true}]}}