{"id":14354,"date":"2026-07-03T12:28:48","date_gmt":"2026-07-03T12:28:48","guid":{"rendered":"https:\/\/viqtor.eu\/?p=14354"},"modified":"2026-07-06T15:05:13","modified_gmt":"2026-07-06T15:05:13","slug":"registre-de-traitement-obligation-rgpd-tout-le-monde-repousse","status":"publish","type":"post","link":"https:\/\/viqtor.eu\/hr\/registar-obrade-gdpr-obveze-svi-se-protive\/","title":{"rendered":"Registar obrade: obveza GDPR-a koju svi odga\u0111aju"},"content":{"rendered":"<div data-elementor-type=\"wp-post\" data-elementor-id=\"14354\" class=\"elementor elementor-14354\" data-elementor-post-type=\"post\">\n\t\t\t\t\t\t<section class=\"elementor-section elementor-top-section elementor-element elementor-element-2d75f86 ot-traditional elementor-section-boxed elementor-section-height-default elementor-section-height-default\" data-id=\"2d75f86\" data-element_type=\"section\" data-settings=\"{&quot;background_background&quot;:&quot;classic&quot;}\">\n\t\t\t\t\t\t<div class=\"elementor-container elementor-column-gap-default\">\n\t\t\t\t\t<div class=\"elementor-column elementor-col-100 elementor-top-column elementor-element elementor-element-6e589fb ot-flex-column-vertical elementor-invisible\" data-id=\"6e589fb\" data-element_type=\"column\" data-settings=\"{&quot;animation&quot;:&quot;fadeInLeft&quot;,&quot;background_background&quot;:&quot;classic&quot;}\">\n\t\t\t<div class=\"elementor-widget-wrap elementor-element-populated\">\n\t\t\t\t\t<div class=\"elementor-background-overlay\"><\/div>\n\t\t\t\t\t\t<div class=\"elementor-element elementor-element-a030734 elementor-widget elementor-widget-heading\" data-id=\"a030734\" data-element_type=\"widget\" data-widget_type=\"heading.default\">\n\t\t\t\t<div class=\"elementor-widget-container\">\n\t\t\t<h1 class=\"elementor-heading-title elementor-size-default\">Registar obrade: obveza GDPR-a koju svi odga\u0111aju<\/h1>\t\t<\/div>\n\t\t\t\t<\/div>\n\t\t\t\t\t<\/div>\n\t\t<\/div>\n\t\t\t\t\t<\/div>\n\t\t<\/section>\n\t\t\t\t<section class=\"elementor-section elementor-top-section elementor-element elementor-element-7345c5d5 ot-traditional elementor-section-boxed elementor-section-height-default elementor-section-height-default\" data-id=\"7345c5d5\" data-element_type=\"section\">\n\t\t\t\t\t\t<div class=\"elementor-container elementor-column-gap-default\">\n\t\t\t\t\t<div class=\"elementor-column elementor-col-100 elementor-top-column elementor-element elementor-element-11f89eef ot-flex-column-vertical\" data-id=\"11f89eef\" data-element_type=\"column\">\n\t\t\t<div class=\"elementor-widget-wrap elementor-element-populated\">\n\t\t\t\t\t\t<div class=\"elementor-element elementor-element-6dd20d9a elementor-widget elementor-widget-text-editor\" data-id=\"6dd20d9a\" data-element_type=\"widget\" data-widget_type=\"text-editor.default\">\n\t\t\t\t<div class=\"elementor-widget-container\">\n\t\t\t\t\t\t\t<p>THE <strong>registar lije\u010denja<\/strong> je sredi\u0161nji dio <b>GDPR<\/b>I to je ujedno i ono \u0161to najvi\u0161e odga\u0111amo. Po\u010dinjemo u prora\u010dunskoj tablici, ispunjavamo je do pola, a zatim posao preuzima kontrolu i datoteka skuplja pra\u0161inu. Na dan revizije ili kada klijent zahtijeva jamstva, pani\u010dno iskopavamo zastarjele zapise o obradi. Ovu scenu stalno vi\u0111am na terenu. Viqtor\u00ae je dizajniran da prekine ovaj ciklus, \u010dine\u0107i zapis \u017eivim dokumentom, a ne godi\u0161njom obavezom. A dobra vijest je da je ovaj prijelaz iz uspavane prora\u010dunske tablice u \u017eivi zapis puno jednostavniji nego \u0161to biste mo\u017eda pomislili.<\/p><div class=\"wp-block-buttons\"><p><!-- \/wp:button --><\/p><\/div><p><!-- \/wp:buttons --><\/p>\t\t\t\t\t\t<\/div>\n\t\t\t\t<\/div>\n\t\t\t\t\t<\/div>\n\t\t<\/div>\n\t\t\t\t\t<\/div>\n\t\t<\/section>\n\t\t\t\t<section class=\"elementor-section elementor-top-section elementor-element elementor-element-c6ed5c5 ot-traditional elementor-section-boxed elementor-section-height-default elementor-section-height-default\" data-id=\"c6ed5c5\" data-element_type=\"section\">\n\t\t\t\t\t\t<div class=\"elementor-container elementor-column-gap-default\">\n\t\t\t\t\t<div class=\"elementor-column elementor-col-100 elementor-top-column elementor-element elementor-element-5b31466 ot-flex-column-vertical\" data-id=\"5b31466\" data-element_type=\"column\">\n\t\t\t<div class=\"elementor-widget-wrap elementor-element-populated\">\n\t\t\t\t\t\t<div class=\"elementor-element elementor-element-f1dd04c elementor-widget elementor-widget-text-editor\" data-id=\"f1dd04c\" data-element_type=\"widget\" data-widget_type=\"text-editor.default\">\n\t\t\t\t<div class=\"elementor-widget-container\">\n\t\t\t\t\t\t\t<h2>Klju\u010dne zaklju\u010dke<\/h2><ul><li>THE<b> registar lije\u010denja<\/b> (Ili <b>registar aktivnosti obrade<\/b>) navodi sve va\u0161e aktivnosti obrade osobnih podataka.<\/li><li>To je propisano \u010dlankom 30. <b>GDPR <\/b>i predstavlja prvi dokument koji je zatra\u017eio <b>CNIL<\/b>.<\/li><li>Izuze\u0107e za tvrtke s manje od 250 zaposlenika vrlo je ograni\u010deno: u praksi su pogo\u0111ene gotovo sve organizacije.<\/li><li>Excelova prora\u010dunska tablica ne uspijeva jer se oslanja na jednu osobu i odvojena je od stvarnosti.<\/li><li>S Viqtor\u00ae-om, registar lije\u010denja popunjava se od strane svih suradnika i uvijek je spreman za prikaz.<\/li><\/ul>\t\t\t\t\t\t<\/div>\n\t\t\t\t<\/div>\n\t\t\t\t\t<\/div>\n\t\t<\/div>\n\t\t\t\t\t<\/div>\n\t\t<\/section>\n\t\t\t\t<section class=\"elementor-section elementor-top-section elementor-element elementor-element-c26d073 ot-traditional elementor-section-boxed elementor-section-height-default elementor-section-height-default\" data-id=\"c26d073\" data-element_type=\"section\">\n\t\t\t\t\t\t<div class=\"elementor-container elementor-column-gap-default\">\n\t\t\t\t\t<div class=\"elementor-column elementor-col-100 elementor-top-column elementor-element elementor-element-258e34b ot-flex-column-vertical\" data-id=\"258e34b\" data-element_type=\"column\">\n\t\t\t<div class=\"elementor-widget-wrap elementor-element-populated\">\n\t\t\t\t\t\t<div class=\"elementor-element elementor-element-e634570 elementor-widget elementor-widget-text-editor\" data-id=\"e634570\" data-element_type=\"widget\" data-widget_type=\"text-editor.default\">\n\t\t\t\t<div class=\"elementor-widget-container\">\n\t\t\t\t\t\t\t<h2>\u0160to je registar obrade?<\/h2><p>Krenimo s definicijama, jer pojmovi kru\u017ee, a da nisu uvijek jasni. Registar obrade uop\u0107e nije ezoteri\u010dan: to je organizirani popis onoga \u0161to radite s osobnim podacima.<\/p><h3>Registar obrade i registar aktivnosti obrade<\/h3><p>Oba izraza odnose se na istu stvar. <b>Registar aktivnosti obrade<\/b> &quot; je to\u010dan izraz iz \u010dlanka 30. <b>GDPR <\/b>; <b>registar lije\u010denja<\/b> i &quot;r&quot;<b>registar lije\u010denja<\/b> &quot; su uobi\u010dajene formulacije za istu obvezu. Nema smisla tra\u017eiti temeljnu razliku: ona ne postoji.<\/p><p>Ovaj dokument navodi svaki korak obrade i opisuje \u0161to se radi s podacima. Ni\u0161ta vi\u0161e, ni\u0161ta manje.<\/p><h3>\u0160to sadr\u017ei registar lije\u010denja<\/h3><p>Za svaku aktivnost obrade, registar navodi svrhu, kategorije podataka i doti\u010dne pojedince, primatelje, razdoblja \u010duvanja, sve prijenose izvan EU-a i sigurnosne mjere. Ova struktura \u010dini registre obrade \u010ditljivima i pravno obvezuju\u0107ima.<\/p><p>Ako se dobro odr\u017eava, ovaj dokument sa\u017eima cijelu va\u0161u aktivnost s podacima na samo nekoliko stranica. Ako se lo\u0161e odr\u017eava, odra\u017eava samo va\u0161u aktivnost od prije dvije godine.<\/p><h3>Obja\u0161njenje \u010dlanka 30. GDPR-a<\/h3><p>\u010clanak 30. nala\u017ee odr\u017eavanje <b>registar aktivnosti obrade<\/b> gotovo svim organizacijama. Razlikuje dvije uloge: ulogu kontrolora podataka i ulogu obra\u0111iva\u010da podataka koji djeluje u ime drugih. Svaka ima svoj registar.<\/p><p>Ovo nije papirologija radi papirologije. To je dokaz da znate \u0161to radite s podacima ljudi - to\u010dno \u0161to <b>CNIL <\/b>prvo provjerite.<\/p><p>Va\u017eno je napomenuti da se registar ne prenosi automatski na <b>CNIL<\/b>Ne morate ni\u0161ta slati osim ako se to od vas ne zatra\u017ei. Obveza je odr\u017eavati ga, a\u017eurirati ga i mo\u0107i ga odmah predo\u010diti u slu\u010daju revizije ili zahtjeva. Radi se o kontinuiranom odr\u017eavanju, a ne o jednokratnim deklaracijama - i upravo je to ono \u0161to neaktivnu prora\u010dunsku tablicu \u010dini tako opasnom.<\/p>\t\t\t\t\t\t<\/div>\n\t\t\t\t<\/div>\n\t\t\t\t\t<\/div>\n\t\t<\/div>\n\t\t\t\t\t<\/div>\n\t\t<\/section>\n\t\t\t\t<section class=\"elementor-section elementor-top-section elementor-element elementor-element-b930d9d ot-traditional elementor-section-boxed elementor-section-height-default elementor-section-height-default\" data-id=\"b930d9d\" data-element_type=\"section\">\n\t\t\t\t\t\t<div class=\"elementor-container elementor-column-gap-default\">\n\t\t\t\t\t<div class=\"elementor-column elementor-col-100 elementor-top-column elementor-element elementor-element-772bccc ot-flex-column-vertical\" data-id=\"772bccc\" data-element_type=\"column\">\n\t\t\t<div class=\"elementor-widget-wrap elementor-element-populated\">\n\t\t\t\t\t\t<div class=\"elementor-element elementor-element-f1cad34 elementor-widget elementor-widget-text-editor\" data-id=\"f1cad34\" data-element_type=\"widget\" data-widget_type=\"text-editor.default\">\n\t\t\t\t<div class=\"elementor-widget-container\">\n\t\t\t\t\t\t\t<h2>Je li registar obrade obavezan?<\/h2><p>Ovo je naj\u010de\u0161\u0107e postavljano pitanje, \u010desto u nadi da \u0107e ga se izbje\u0107i. Odgovor razo\u010darava optimiste: u velikoj ve\u0107ini slu\u010dajeva, da.<\/p><h3>Izuze\u0107e za tvrtke s manje od 250 zaposlenika i njegova ograni\u010denja<\/h3><p>Mnogi ljudi pogre\u0161no vjeruju da registar nije obavezan za tvrtke s manje od 250 zaposlenika. To je zavaravaju\u0107e. Izuze\u0107e se vi\u0161e ne primjenjuje ako va\u0161e aktivnosti obrade podataka nisu povremene, predstavljaju rizik za pojedince ili uklju\u010duju osjetljive podatke.<\/p><p>Me\u0111utim, tvrtka sa zaposlenicima, kupcima i biltenom redovito obra\u0111uje podatke. Drugim rije\u010dima, izuze\u0107e se gotovo nikada ne primjenjuje.<b>registar za obradu <\/b>Stoga je u praksi i dalje obavezan.<\/p><h3>Dvostruka uloga: odgovorna strana i podizvo\u0111a\u010d<\/h3><p>Ako obra\u0111ujete podatke u ime drugih organizacija, tako\u0111er vodite registar kao obra\u0111iva\u010d podataka. Viqtor\u00ae upravlja objema ulogama bez dupliciranja i povezuje ih s <a href=\"https:\/\/viqtor.eu\/hr\/modul-podizvodaca\/\">modul za ocjenjivanje podizvo\u0111a\u010da<\/a>, tako da je lanac podizvo\u0111a\u010da dosljedan od kraja do kraja.<\/p><p>Ova dvostruka obveza \u010desto iznena\u0111uje pru\u017eatelje usluga. Bolje je rije\u0161iti je unaprijed, nego kada to klijent zahtijeva.<\/p>\t\t\t\t\t\t<\/div>\n\t\t\t\t<\/div>\n\t\t\t\t\t<\/div>\n\t\t<\/div>\n\t\t\t\t\t<\/div>\n\t\t<\/section>\n\t\t\t\t<section class=\"elementor-section elementor-top-section elementor-element elementor-element-5a1ad9a ot-traditional elementor-section-boxed elementor-section-height-default elementor-section-height-default\" data-id=\"5a1ad9a\" data-element_type=\"section\">\n\t\t\t\t\t\t<div class=\"elementor-container elementor-column-gap-default\">\n\t\t\t\t\t<div class=\"elementor-column elementor-col-100 elementor-top-column elementor-element elementor-element-c6404d5 ot-flex-column-vertical\" data-id=\"c6404d5\" data-element_type=\"column\">\n\t\t\t<div class=\"elementor-widget-wrap elementor-element-populated\">\n\t\t\t\t\t\t<div class=\"elementor-element elementor-element-ab57fe7 elementor-widget elementor-widget-text-editor\" data-id=\"ab57fe7\" data-element_type=\"widget\" data-widget_type=\"text-editor.default\">\n\t\t\t\t<div class=\"elementor-widget-container\">\n\t\t\t\t\t\t\t<h2>Za\u0161to Excelove prora\u010dunske tablice nikad ne izdr\u017ee<\/h2>\n<p>Prije nego \u0161to predstavimo na\u0161 pristup, shvatimo za\u0161to tradicionalna metoda gotovo uvijek ne uspijeva. Nije stvar dobre volje.<\/p>\n<h3>Obveza koja le\u017ei na jednoj osobi<\/h3>\n<p>THE <b>registar lije\u010denja<\/b> ne uspijeva iz strukturnog razloga: oslanja se na <b>DPO<\/b>Ovo bi trebalo biti o poznavanju svih procesa u cijeloj tvrtki. To je neodr\u017eivo, posebno bez uvida u to \u0161to drugi odjeli rade na dnevnoj bazi.<\/p>\n<p>Dokument koji je kreirala jedna osoba neizbje\u017eno zaostaje za organizacijom koja se stalno razvija.<\/p>\n<h3>Dokument odvojen od stvarnosti<\/h3>\n<p>Marketing pokre\u0107e bilten, HR otvara alat za zapo\u0161ljavanje, usluga se pretpla\u0107uje na novi softver - i <b>DPO <\/b>Saznaje o tome \u0161est mjeseci kasnije, ako uop\u0107e sazna. Za to vrijeme registar opisuje stvarnost koja vi\u0161e ne postoji.<\/p>\n<p>A <b>registar za obradu<\/b> La\u017eni zapis je gotovo gori od odsutnog: daje la\u017eni osje\u0107aj sigurnosti i uru\u0161ava se pri prvoj ozbiljnoj provjeri.<\/p>\n<p>Nagla\u0161avam ovu to\u010dku jer je kontraintuitivna. Mnogi menad\u017eeri uvjeravaju se govore\u0107i da &quot;imaju evidenciju&quot;. Ali evidencija koja opisuje tvrtku kakva je bila prije dvije godine nije za\u0161tita; to je inkriminiraju\u0107i dokaz: pokazuje, crno na bijelo, da ste izgubili kontrolu nad obradom podataka. Skromna, ali a\u017eurirana evidencija bolja je od lijepog dokumenta koji je postao fikcija.<\/p>\t\t\t\t\t\t<\/div>\n\t\t\t\t<\/div>\n\t\t\t\t\t<\/div>\n\t\t<\/div>\n\t\t\t\t\t<\/div>\n\t\t<\/section>\n\t\t\t\t<section class=\"elementor-section elementor-top-section elementor-element elementor-element-06a5fd8 ot-traditional elementor-section-boxed elementor-section-height-default elementor-section-height-default\" data-id=\"06a5fd8\" data-element_type=\"section\" data-settings=\"{&quot;background_background&quot;:&quot;classic&quot;}\">\n\t\t\t\t\t\t<div class=\"elementor-container elementor-column-gap-default\">\n\t\t\t\t\t<div class=\"elementor-column elementor-col-100 elementor-top-column elementor-element elementor-element-b73a781 ot-flex-column-vertical\" data-id=\"b73a781\" data-element_type=\"column\">\n\t\t\t<div class=\"elementor-widget-wrap elementor-element-populated\">\n\t\t\t\t\t\t<div class=\"elementor-element elementor-element-16bd074 elementor-widget elementor-widget-text-editor\" data-id=\"16bd074\" data-element_type=\"widget\" data-widget_type=\"text-editor.default\">\n\t\t\t\t<div class=\"elementor-widget-container\">\n\t\t\t\t\t\t\t<p><b>Je li va\u0161 registar pohranjen u prora\u010dunskoj tablici?<\/b><\/p>\t\t\t\t\t\t<\/div>\n\t\t\t\t<\/div>\n\t\t\t\t<div class=\"elementor-element elementor-element-a1d3388 elementor-align-center elementor-widget elementor-widget-button\" data-id=\"a1d3388\" data-element_type=\"widget\" data-widget_type=\"button.default\">\n\t\t\t\t<div class=\"elementor-widget-container\">\n\t\t\t\t\t<div class=\"elementor-button-wrapper\">\n\t\t\t<a class=\"elementor-button elementor-button-link elementor-size-lg\" href=\"https:\/\/viqtor.eu\/hr\/zatrazite-demo\/\">\n\t\t\t\t\t\t<span class=\"elementor-button-content-wrapper\">\n\t\t\t\t\t\t<span class=\"elementor-button-icon\">\n\t\t\t\t<i aria-hidden=\"true\" class=\"fas fa-long-arrow-alt-right\"><\/i>\t\t\t<\/span>\n\t\t\t\t\t\t\t\t\t<span class=\"elementor-button-text\">Zatra\u017eite demonstraciju Viqtor\u00ae \u017eivog registra.<\/span>\n\t\t\t\t\t<\/span>\n\t\t\t\t\t<\/a>\n\t\t<\/div>\n\t\t\t\t<\/div>\n\t\t\t\t<\/div>\n\t\t\t\t\t<\/div>\n\t\t<\/div>\n\t\t\t\t\t<\/div>\n\t\t<\/section>\n\t\t\t\t<section class=\"elementor-section elementor-top-section elementor-element elementor-element-391fcbf ot-traditional elementor-section-boxed elementor-section-height-default elementor-section-height-default\" data-id=\"391fcbf\" data-element_type=\"section\">\n\t\t\t\t\t\t<div class=\"elementor-container elementor-column-gap-default\">\n\t\t\t\t\t<div class=\"elementor-column elementor-col-100 elementor-top-column elementor-element elementor-element-d9991cf ot-flex-column-vertical\" data-id=\"d9991cf\" data-element_type=\"column\">\n\t\t\t<div class=\"elementor-widget-wrap elementor-element-populated\">\n\t\t\t\t\t\t<div class=\"elementor-element elementor-element-67924a8 elementor-widget elementor-widget-text-editor\" data-id=\"67924a8\" data-element_type=\"widget\" data-widget_type=\"text-editor.default\">\n\t\t\t\t<div class=\"elementor-widget-container\">\n\t\t\t\t\t\t\t<h2>Vodite evidenciju lije\u010denja u\u017eivo uz Viqtor\u00ae<\/h2><p>Problem smo okrenuli naglava\u010dke. Umjesto da tra\u017eimo od jedne osobe da zna sve, uklju\u010dujemo cijelu organizaciju.<b> registar lije\u010denja<\/b> tada postaje trajni odraz va\u0161e stvarne aktivnosti.<\/p><p>Ovaj preokret nije samo tehni\u010dka pogodnost; to je promjena filozofije. Sve dok se sustav upravljanja zalihama oslanja na jednu osobu, on ostaje krhak: jedan odlazak, jedno preoptere\u0107enje, jedan propust i on se raspada. Raspore\u0111en me\u0111u svima koji rukuju podacima, postaje otporan. To je ista razlika kao izme\u0111u zaliha koje vodi jedan, preoptere\u0107eni skladi\u0161tar i onih koje svaki odjel a\u017eurira u stvarnom vremenu.<\/p><h3>Registar koji popunjavaju svi suradnici<\/h3><p>U Viqtor\u00ae-u, registar se dinami\u010dki gradi i evidentira od strane svih dionika u tvrtki. Svaka osoba unosi procese s kojima je upoznata, iz svoje uloge, na svom jeziku. Administrator ili <b>DPO <\/b>valjan i odr\u017eava cjelokupni pogled.<\/p><p>Rezultat se prikazuje na zadanom jeziku organizacije za uskla\u0111enost, \u010dak i kada doprinosi potje\u010du od \u0161panjolske ili njema\u010dke podru\u017enice. Jedinstveni, dosljedni, vi\u0161ejezi\u010dni registar na izvoru.<\/p><p>Za <b>DPO<\/b>Ova promjena je radikalna. On vi\u0161e nije jedini izvor znanja o svim tretmanima i postaje dirigent koji potvr\u0111uje i arbitrira. Radno optere\u0107enje se dijeli, informacije teku s terena umjesto da se moraju pratiti, a registar kona\u010dno odra\u017eava organizaciju kakva jest, a ne onakvu kakva je zami\u0161ljena prije godinu dana.<\/p><h3>Povezan s mapiranjem i podizvo\u0111a\u010dima<\/h3><p>Registar ne postoji izolirano. Povezuje se s va\u0161om mapom ekosustava podataka: novoidentificirani proces postaje unos u registar. Novi podizvo\u0111a\u010d pokre\u0107e njegovu evaluaciju.<\/p><p>Ova komunikacija izme\u0111u modula odr\u017eava zapisnike obrade a\u017eurnima bez ponovljenog ru\u010dnog napora. Uskla\u0111enost vi\u0161e nije niz nepovezanih datoteka.<\/p><h3>Uvijek spreman za prezentaciju<\/h3><p>Budu\u0107i da je Viqtor\u00ae samostalni trezor va\u0161e uskla\u0111enosti, va\u0161 registar se mo\u017ee izvesti i prikazati u bilo kojem trenutku \u2014 <b>CNIL<\/b>slu\u0161atelju, klijentu. Pove\u017eite ga s <a href=\"https:\/\/viqtor.eu\/hr\/upravljanje-podacima\/\">modul upravljanja GDPR-om<\/a>i budi spreman <a href=\"https:\/\/viqtor.eu\/hr\/izjava-o-povredi-podataka\/\">izjava o povredi podataka<\/a> u slu\u010daju incidenta.<\/p><p>Nema vi\u0161e tra\u017eenja dokumenata no\u0107 prije termina. Da biste vidjeli ovaj \u017eivi registar u akciji, <a href=\"https:\/\/viqtor.eu\/hr\">Otkrijte suverenu platformu Viqtor\u00ae<\/a>.<\/p><p>Ova stalna dostupnost mijenja stav vo\u0111e prema <b>GDPR<\/b>Vi\u0161e se ne bojimo revizija ili zahtjeva klijenata: u svakom trenutku imamo vjeran i izveziv pregled onoga \u0161to radimo s podacima. Uskla\u0111enost prestaje biti izvor povremene tjeskobe i postaje stabilno, provjerljivo stanje koje se mo\u017ee prezentirati bez pripreme. Upravo je to cilj koji sam si postavio prilikom dizajniranja Viqtora\u00ae.<\/p>\t\t\t\t\t\t<\/div>\n\t\t\t\t<\/div>\n\t\t\t\t\t<\/div>\n\t\t<\/div>\n\t\t\t\t\t<\/div>\n\t\t<\/section>\n\t\t\t\t<section class=\"elementor-section elementor-top-section elementor-element elementor-element-e9c293e ot-traditional elementor-section-boxed elementor-section-height-default elementor-section-height-default\" data-id=\"e9c293e\" data-element_type=\"section\">\n\t\t\t\t\t\t<div class=\"elementor-container elementor-column-gap-default\">\n\t\t\t\t\t<div class=\"elementor-column elementor-col-100 elementor-top-column elementor-element elementor-element-195e396 ot-flex-column-vertical\" data-id=\"195e396\" data-element_type=\"column\">\n\t\t\t<div class=\"elementor-widget-wrap elementor-element-populated\">\n\t\t\t\t\t\t<div class=\"elementor-element elementor-element-c56a4b3 elementor-widget elementor-widget-text-editor\" data-id=\"c56a4b3\" data-element_type=\"widget\" data-widget_type=\"text-editor.default\">\n\t\t\t\t<div class=\"elementor-widget-container\">\n\t\t\t\t\t\t\t<h2>Koji su rizici neposjedovanja a\u017eurnog registra lije\u010denja?<\/h2><p>Pitanje zaslu\u017euje iskren odgovor, jer je \u010desto ono \u0161to motivira vo\u0111u na djelovanje. Nedostaju\u0107i ili zastarjeli registar nije apstraktan rizik: to je ranjivost koja dolazi s cijenom, ponekad visokom.<\/p><h3>Prvi dokument koji CNIL tra\u017ei<\/h3><p>U slu\u010daju inspekcije, <b>registar aktivnosti obrade<\/b> Ovo je prvi dokument koji se tra\u017ei. Slu\u017ei kao nacrt za cijelu reviziju. Nedostavljanje istog ili dostavljanje o\u010dito zastarjelog dokumenta odmah stavlja organizaciju u te\u017eak polo\u017eaj i usmjerava reviziju prema ozbiljnosti.<\/p><p>Podsjetimo se na opseg sankcija: 87 sankcija i 55,2 milijuna eura kazni koje je izrekla <b>CNIL <\/b>U 2024. godini standardni limit bit \u0107e 20 milijuna eura ili 4,1% globalnog prometa. Sam registar ne ko\u0161ta ni\u0161ta vi\u0161e od malo metodi\u010dnog pristupa. Omjer rizika i truda je neosporiv.<\/p><h3>Vi\u0161e od kazne: gubitak tr\u017ei\u0161ta<\/h3><p>Administrativna kazna je samo vrh ledenog brijega. Sve vi\u0161e klijenata zahtijeva uvid u registar prije potpisivanja ugovora. Pru\u017eatelj usluga koji ga ne mo\u017ee predo\u010diti gubi ponude, \u010desto \u010dak i ne znaju\u0107i pravi razlog svog isklju\u010denja.<\/p><p>Suprotno tome, dobro odr\u017eavan i prezentabilan dnevnik postaje prodajni argument. Dokazuje da znate \u0161to radite s podacima koji su vam povjereni. U sektoru gdje je povjerenje formalizirano ugovorima, ovo je opipljiva prednost, a ne samo jednostavna mjera uskla\u0111enosti.<\/p>\t\t\t\t\t\t<\/div>\n\t\t\t\t<\/div>\n\t\t\t\t\t<\/div>\n\t\t<\/div>\n\t\t\t\t\t<\/div>\n\t\t<\/section>\n\t\t\t\t<section class=\"elementor-section elementor-top-section elementor-element elementor-element-1c2f757 ot-traditional elementor-section-boxed elementor-section-height-default elementor-section-height-default\" data-id=\"1c2f757\" data-element_type=\"section\" data-settings=\"{&quot;background_background&quot;:&quot;classic&quot;}\">\n\t\t\t\t\t\t<div class=\"elementor-container elementor-column-gap-default\">\n\t\t\t\t\t<div class=\"elementor-column elementor-col-100 elementor-top-column elementor-element elementor-element-02dad30 ot-flex-column-vertical\" data-id=\"02dad30\" data-element_type=\"column\">\n\t\t\t<div class=\"elementor-widget-wrap elementor-element-populated\">\n\t\t\t\t\t\t<div class=\"elementor-element elementor-element-b25d845 elementor-widget elementor-widget-heading\" data-id=\"b25d845\" data-element_type=\"widget\" data-widget_type=\"heading.default\">\n\t\t\t\t<div class=\"elementor-widget-container\">\n\t\t\t<h2 class=\"elementor-heading-title elementor-size-default\">\u010cesto postavljana pitanja \u2014 Registar obrade<\/h2>\t\t<\/div>\n\t\t\t\t<\/div>\n\t\t\t\t<div class=\"elementor-element elementor-element-1131cac elementor-widget elementor-widget-toggle\" data-id=\"1131cac\" data-element_type=\"widget\" data-widget_type=\"toggle.default\">\n\t\t\t\t<div class=\"elementor-widget-container\">\n\t\t\t\t\t<div class=\"elementor-toggle\">\n\t\t\t\t\t\t\t<div class=\"elementor-toggle-item\">\n\t\t\t\t\t<h3 id=\"elementor-tab-title-1801\" class=\"elementor-tab-title\" data-tab=\"1\" role=\"button\" aria-controls=\"elementor-tab-content-1801\" aria-expanded=\"false\">\n\t\t\t\t\t\t\t\t\t\t\t\t<span class=\"elementor-toggle-icon elementor-toggle-icon-left\" aria-hidden=\"true\">\n\t\t\t\t\t\t\t\t\t\t\t\t\t\t\t<span class=\"elementor-toggle-icon-closed\"><i class=\"fas fa-angle-down\"><\/i><\/span>\n\t\t\t\t\t\t\t\t<span class=\"elementor-toggle-icon-opened\"><i class=\"elementor-toggle-icon-opened fas fa-angle-up\"><\/i><\/span>\n\t\t\t\t\t\t\t\t\t\t\t\t\t<\/span>\n\t\t\t\t\t\t\t\t\t\t\t\t<a class=\"elementor-toggle-title\" tabindex=\"0\">Je li registar obrade obavezan za malo poduze\u0107e?<\/a>\n\t\t\t\t\t<\/h3>\n\n\t\t\t\t\t<div id=\"elementor-tab-content-1801\" class=\"elementor-tab-content elementor-clearfix\" data-tab=\"1\" role=\"region\" aria-labelledby=\"elementor-tab-title-1801\"><p>U velikoj ve\u0107ini slu\u010dajeva, da. Izuze\u0107e za organizacije s manje od 250 zaposlenika odnosi se samo na povremenu obradu koja je niskog rizika i ne uklju\u010duje osjetljive podatke. \u010cim imate zaposlenike, kupce i digitalne alate, registar ponovno postaje obavezan.<\/p><\/div>\n\t\t\t\t<\/div>\n\t\t\t\t\t\t\t<div class=\"elementor-toggle-item\">\n\t\t\t\t\t<h3 id=\"elementor-tab-title-1802\" class=\"elementor-tab-title\" data-tab=\"2\" role=\"button\" aria-controls=\"elementor-tab-content-1802\" aria-expanded=\"false\">\n\t\t\t\t\t\t\t\t\t\t\t\t<span class=\"elementor-toggle-icon elementor-toggle-icon-left\" aria-hidden=\"true\">\n\t\t\t\t\t\t\t\t\t\t\t\t\t\t\t<span class=\"elementor-toggle-icon-closed\"><i class=\"fas fa-angle-down\"><\/i><\/span>\n\t\t\t\t\t\t\t\t<span class=\"elementor-toggle-icon-opened\"><i class=\"elementor-toggle-icon-opened fas fa-angle-up\"><\/i><\/span>\n\t\t\t\t\t\t\t\t\t\t\t\t\t<\/span>\n\t\t\t\t\t\t\t\t\t\t\t\t<a class=\"elementor-toggle-title\" tabindex=\"0\">Koja je razlika izme\u0111u registra obrade i registra aktivnosti obrade?<\/a>\n\t\t\t\t\t<\/h3>\n\n\t\t\t\t\t<div id=\"elementor-tab-content-1802\" class=\"elementor-tab-content elementor-clearfix\" data-tab=\"2\" role=\"region\" aria-labelledby=\"elementor-tab-title-1802\"><p>Ni\u0161ta o supstanci. <b>Registar aktivnosti obrade<\/b> &quot; je izraz \u010dlanka 30. GDPR-a; <b>registar lije\u010denja<\/b> &quot;I&quot; <b>registar za obradu<\/b> &quot; su standardne formulacije. Ovi se pojmovi odnose na istu obvezu i isti dokument.<\/p><\/div>\n\t\t\t\t<\/div>\n\t\t\t\t\t\t\t<div class=\"elementor-toggle-item\">\n\t\t\t\t\t<h3 id=\"elementor-tab-title-1803\" class=\"elementor-tab-title\" data-tab=\"3\" role=\"button\" aria-controls=\"elementor-tab-content-1803\" aria-expanded=\"false\">\n\t\t\t\t\t\t\t\t\t\t\t\t<span class=\"elementor-toggle-icon elementor-toggle-icon-left\" aria-hidden=\"true\">\n\t\t\t\t\t\t\t\t\t\t\t\t\t\t\t<span class=\"elementor-toggle-icon-closed\"><i class=\"fas fa-angle-down\"><\/i><\/span>\n\t\t\t\t\t\t\t\t<span class=\"elementor-toggle-icon-opened\"><i class=\"elementor-toggle-icon-opened fas fa-angle-up\"><\/i><\/span>\n\t\t\t\t\t\t\t\t\t\t\t\t\t<\/span>\n\t\t\t\t\t\t\t\t\t\t\t\t<a class=\"elementor-toggle-title\" tabindex=\"0\">Je li potreban zaseban registar za podizvo\u0111a\u010de?<\/a>\n\t\t\t\t\t<\/h3>\n\n\t\t\t\t\t<div id=\"elementor-tab-content-1803\" class=\"elementor-tab-content elementor-clearfix\" data-tab=\"3\" role=\"region\" aria-labelledby=\"elementor-tab-title-1803\"><p>Da, ako djelujete kao obra\u0111iva\u010d podataka u ime drugih organizacija. GDPR zahtijeva registar posve\u0107en ovoj aktivnosti, odvojen od va\u0161eg registra kao voditelja obrade podataka. Viqtor\u00ae upravlja objema ulogama bez potrebe za dvostrukim unosom podataka.<\/p><\/div>\n\t\t\t\t<\/div>\n\t\t\t\t\t\t\t<div class=\"elementor-toggle-item\">\n\t\t\t\t\t<h3 id=\"elementor-tab-title-1804\" class=\"elementor-tab-title\" data-tab=\"4\" role=\"button\" aria-controls=\"elementor-tab-content-1804\" aria-expanded=\"false\">\n\t\t\t\t\t\t\t\t\t\t\t\t<span class=\"elementor-toggle-icon elementor-toggle-icon-left\" aria-hidden=\"true\">\n\t\t\t\t\t\t\t\t\t\t\t\t\t\t\t<span class=\"elementor-toggle-icon-closed\"><i class=\"fas fa-angle-down\"><\/i><\/span>\n\t\t\t\t\t\t\t\t<span class=\"elementor-toggle-icon-opened\"><i class=\"elementor-toggle-icon-opened fas fa-angle-up\"><\/i><\/span>\n\t\t\t\t\t\t\t\t\t\t\t\t\t<\/span>\n\t\t\t\t\t\t\t\t\t\t\t\t<a class=\"elementor-toggle-title\" tabindex=\"0\">Kako se prebacim s prora\u010dunske tablice na Viqtor\u00ae glavnu knjigu?<\/a>\n\t\t\t\t\t<\/h3>\n\n\t\t\t\t\t<div id=\"elementor-tab-content-1804\" class=\"elementor-tab-content elementor-clearfix\" data-tab=\"4\" role=\"region\" aria-labelledby=\"elementor-tab-title-1804\"><p>Po\u010dinjemo s va\u0161om postoje\u0107om datotekom kako bismo inicijalizirali registar, a zatim platforma povezuje prave suradnike koji ga dovr\u0161avaju i a\u017euriraju. Ne po\u010dinjete ispo\u010detka: jednostavno prestajete ovisiti o prora\u010dunskoj tablici koju nitko ne a\u017eurira.<\/p><\/div>\n\t\t\t\t<\/div>\n\t\t\t\t\t\t\t<div class=\"elementor-toggle-item\">\n\t\t\t\t\t<h3 id=\"elementor-tab-title-1805\" class=\"elementor-tab-title\" data-tab=\"5\" role=\"button\" aria-controls=\"elementor-tab-content-1805\" aria-expanded=\"false\">\n\t\t\t\t\t\t\t\t\t\t\t\t<span class=\"elementor-toggle-icon elementor-toggle-icon-left\" aria-hidden=\"true\">\n\t\t\t\t\t\t\t\t\t\t\t\t\t\t\t<span class=\"elementor-toggle-icon-closed\"><i class=\"fas fa-angle-down\"><\/i><\/span>\n\t\t\t\t\t\t\t\t<span class=\"elementor-toggle-icon-opened\"><i class=\"elementor-toggle-icon-opened fas fa-angle-up\"><\/i><\/span>\n\t\t\t\t\t\t\t\t\t\t\t\t\t<\/span>\n\t\t\t\t\t\t\t\t\t\t\t\t<a class=\"elementor-toggle-title\" tabindex=\"0\">Je li predlo\u017eak registra obrade dovoljan?<\/a>\n\t\t\t\t\t<\/h3>\n\n\t\t\t\t\t<div id=\"elementor-tab-content-1805\" class=\"elementor-tab-content elementor-clearfix\" data-tab=\"5\" role=\"region\" aria-labelledby=\"elementor-tab-title-1805\"><p>Model poma\u017ee za po\u010detak, ali zamrzava situaciju u danom trenutku. Pravi izazov je a\u017eurirati ga tijekom vremena. <b>registar za obradu<\/b> \u0161to se ne razvija s va\u0161om aktivno\u0161\u0107u ponovno postaje la\u017eno za nekoliko mjeseci, \u0161to nijedan stati\u010dki model ne rje\u0161ava.<\/p><\/div>\n\t\t\t\t<\/div>\n\t\t\t\t\t\t\t\t\t\t<script type=\"application\/ld+json\">{\n    \"@context\": \"https:\\\/\\\/schema.org\",\n    \"@type\": \"FAQPage\",\n    \"mainEntity\": [\n        {\n            \"@type\": \"Question\",\n            \"name\": \"Le registre de traitement est-il obligatoire pour une petite entreprise ?\",\n            \"acceptedAnswer\": {\n                \"@type\": \"Answer\",\n                \"text\": \"<p>Dans la tr\\u00e8s grande majorit\\u00e9 des cas, oui. L&rsquo;exemption pour les organisations de moins de 250 salari\\u00e9s ne s&rsquo;applique que pour des traitements occasionnels, sans risque et sans donn\\u00e9es sensibles. D\\u00e8s que vous avez des salari\\u00e9s, des clients et des outils num\\u00e9riques, le registre redevient obligatoire.<\\\/p>\"\n            }\n        },\n        {\n            \"@type\": \"Question\",\n            \"name\": \"Quelle diff\\u00e9rence entre registre de traitement et registre des activit\\u00e9s de traitement ?\",\n            \"acceptedAnswer\": {\n                \"@type\": \"Answer\",\n                \"text\": \"<p>Aucune sur le fond. \\u00ab <b>Registre des activit\\u00e9s de traitement<\\\/b> \\u00bb est l&rsquo;expression de l&rsquo;article 30 du RGPD ; \\u00ab <b>registre de traitement<\\\/b> \\u00bb et \\u00ab <b>registre de traitements<\\\/b> \\u00bb sont les formulations d&rsquo;usage. Ces termes d\\u00e9signent la m\\u00eame obligation et le m\\u00eame document.<\\\/p>\"\n            }\n        },\n        {\n            \"@type\": \"Question\",\n            \"name\": \"Faut-il un registre s\\u00e9par\\u00e9 pour les sous-traitants ?\",\n            \"acceptedAnswer\": {\n                \"@type\": \"Answer\",\n                \"text\": \"<p>Oui, si vous agissez comme sous-traitant pour le compte d&rsquo;autres organisations. Le RGPD pr\\u00e9voit un registre d\\u00e9di\\u00e9 \\u00e0 cette activit\\u00e9, distinct de votre registre de responsable de traitement. Viqtor\\u00ae g\\u00e8re les deux casquettes sans que vous ayez \\u00e0 dupliquer la saisie.<\\\/p>\"\n            }\n        },\n        {\n            \"@type\": \"Question\",\n            \"name\": \"Comment passer de mon tableur \\u00e0 un registre Viqtor\\u00ae ?\",\n            \"acceptedAnswer\": {\n                \"@type\": \"Answer\",\n                \"text\": \"<p>On part de votre fichier existant pour initialiser le registre, puis la plateforme associe les bons contributeurs qui le compl\\u00e8tent et le maintiennent \\u00e0 jour. Vous ne repartez pas de z\\u00e9ro : vous arr\\u00eatez simplement de d\\u00e9pendre d&rsquo;un tableur que personne n&rsquo;actualise.<\\\/p>\"\n            }\n        },\n        {\n            \"@type\": \"Question\",\n            \"name\": \"Un mod\\u00e8le de registre de traitement suffit-il ?\",\n            \"acceptedAnswer\": {\n                \"@type\": \"Answer\",\n                \"text\": \"<p>Un mod\\u00e8le aide \\u00e0 d\\u00e9marrer, mais il fige une situation \\u00e0 un instant donn\\u00e9. Le vrai enjeu est la mise \\u00e0 jour dans la dur\\u00e9e. Un <b>registre des traitements<\\\/b> qui n&rsquo;\\u00e9volue pas avec votre activit\\u00e9 redevient faux en quelques mois, ce qu&rsquo;aucun mod\\u00e8le statique ne r\\u00e9sout.<\\\/p>\"\n            }\n        }\n    ]\n}<\/script>\n\t\t\t\t\t<\/div>\n\t\t\t\t<\/div>\n\t\t\t\t<\/div>\n\t\t\t\t\t<\/div>\n\t\t<\/div>\n\t\t\t\t\t<\/div>\n\t\t<\/section>\n\t\t\t\t<section class=\"elementor-section elementor-top-section elementor-element elementor-element-58cdd38 ot-traditional elementor-section-boxed elementor-section-height-default elementor-section-height-default\" data-id=\"58cdd38\" data-element_type=\"section\" data-settings=\"{&quot;background_background&quot;:&quot;classic&quot;}\">\n\t\t\t\t\t\t<div class=\"elementor-container elementor-column-gap-default\">\n\t\t\t\t\t<div class=\"elementor-column elementor-col-100 elementor-top-column elementor-element elementor-element-42fa8a7 ot-flex-column-vertical\" data-id=\"42fa8a7\" data-element_type=\"column\">\n\t\t\t<div class=\"elementor-widget-wrap elementor-element-populated\">\n\t\t\t\t\t\t<div class=\"elementor-element elementor-element-73cfdbe elementor-widget elementor-widget-text-editor\" data-id=\"73cfdbe\" data-element_type=\"widget\" data-widget_type=\"text-editor.default\">\n\t\t\t\t<div class=\"elementor-widget-container\">\n\t\t\t\t\t\t\t<p>Prestanite odga\u0111ati odjavu s popisa za lije\u010denje.<\/p>\t\t\t\t\t\t<\/div>\n\t\t\t\t<\/div>\n\t\t\t\t<div class=\"elementor-element elementor-element-d84722f elementor-align-center elementor-widget elementor-widget-button\" data-id=\"d84722f\" data-element_type=\"widget\" data-widget_type=\"button.default\">\n\t\t\t\t<div class=\"elementor-widget-container\">\n\t\t\t\t\t<div class=\"elementor-button-wrapper\">\n\t\t\t<a class=\"elementor-button elementor-button-link elementor-size-lg\" href=\"https:\/\/viqtor.eu\/hr\/zatrazite-demo\/\">\n\t\t\t\t\t\t<span class=\"elementor-button-content-wrapper\">\n\t\t\t\t\t\t<span class=\"elementor-button-icon\">\n\t\t\t\t<i aria-hidden=\"true\" class=\"fas fa-long-arrow-alt-right\"><\/i>\t\t\t<\/span>\n\t\t\t\t\t\t\t\t\t<span class=\"elementor-button-text\">Razgovarajte sa stru\u010dnjakom za Viqtor\u00ae.<\/span>\n\t\t\t\t\t<\/span>\n\t\t\t\t\t<\/a>\n\t\t<\/div>\n\t\t\t\t<\/div>\n\t\t\t\t<\/div>\n\t\t\t\t\t<\/div>\n\t\t<\/div>\n\t\t\t\t\t<\/div>\n\t\t<\/section>\n\t\t\t\t<section class=\"elementor-section elementor-top-section elementor-element elementor-element-c3438bb ot-traditional elementor-section-boxed elementor-section-height-default elementor-section-height-default\" data-id=\"c3438bb\" data-element_type=\"section\">\n\t\t\t\t\t\t<div class=\"elementor-container elementor-column-gap-default\">\n\t\t\t\t\t<div class=\"elementor-column elementor-col-100 elementor-top-column elementor-element elementor-element-d9aacbe ot-flex-column-vertical\" data-id=\"d9aacbe\" data-element_type=\"column\">\n\t\t\t<div class=\"elementor-widget-wrap elementor-element-populated\">\n\t\t\t\t\t\t<div class=\"elementor-element elementor-element-566c278 elementor-widget elementor-widget-text-editor\" data-id=\"566c278\" data-element_type=\"widget\" data-widget_type=\"text-editor.default\">\n\t\t\t\t<div class=\"elementor-widget-container\">\n\t\t\t\t\t\t\t<p>Za vi\u0161e informacija prona\u0111ite sve na\u0161e resurse na <a href=\"https:\/\/viqtor.eu\/hr\/upravljanje-podacima\/\">upravljanje podacima<\/a> i uskla\u0111enost s GDPR-om <a href=\"https:\/\/viqtor.eu\/hr\">Viqtor platforma<\/a>.<\/p>\t\t\t\t\t\t<\/div>\n\t\t\t\t<\/div>\n\t\t\t\t\t<\/div>\n\t\t<\/div>\n\t\t\t\t\t<\/div>\n\t\t<\/section>\n\t\t\t\t<\/div>","protected":false},"excerpt":{"rendered":"<p>Registar obrade je sredi\u0161nji dio GDPR-a, a ujedno je i onaj koji se naj\u010de\u0161\u0107e odga\u0111a.<\/p>","protected":false},"author":1,"featured_media":14359,"comment_status":"closed","ping_status":"closed","sticky":false,"template":"elementor_header_footer","format":"standard","meta":{"_acf_changed":false,"footnotes":""},"categories":[37],"tags":[],"class_list":["post-14354","post","type-post","status-publish","format-standard","has-post-thumbnail","hentry","category-blog"],"acf":[],"yoast_head":"<!-- This site is optimized with the Yoast SEO plugin v23.6 - https:\/\/yoast.com\/wordpress\/plugins\/seo\/ -->\n<title>Registre de traitement RGPD : enfin simple \u00e0 tenir<\/title>\n<meta name=\"description\" content=\"Le registre des traitements est une obligation RGPD que beaucoup repoussent. D\u00e9couvrez comment le tenir \u00e0 jour facilement et sans y passer des heures. Guide Viqtor\u00ae.\" \/>\n<meta name=\"robots\" content=\"index, follow, max-snippet:-1, max-image-preview:large, max-video-preview:-1\" \/>\n<link rel=\"canonical\" href=\"https:\/\/viqtor.eu\/hr\/registar-obrade-gdpr-obveze-svi-se-protive\/\" \/>\n<meta property=\"og:locale\" content=\"hr_HR\" \/>\n<meta property=\"og:type\" content=\"article\" \/>\n<meta property=\"og:title\" content=\"Registre de traitement RGPD : enfin simple \u00e0 tenir\" \/>\n<meta property=\"og:description\" content=\"Le registre des traitements est une obligation RGPD que beaucoup repoussent. D\u00e9couvrez comment le tenir \u00e0 jour facilement et sans y passer des heures. Guide Viqtor\u00ae.\" \/>\n<meta property=\"og:url\" content=\"https:\/\/viqtor.eu\/hr\/registar-obrade-gdpr-obveze-svi-se-protive\/\" \/>\n<meta property=\"og:site_name\" content=\"Viqtor\" \/>\n<meta property=\"article:published_time\" content=\"2026-07-03T12:28:48+00:00\" \/>\n<meta property=\"article:modified_time\" content=\"2026-07-06T15:05:13+00:00\" \/>\n<meta property=\"og:image\" content=\"https:\/\/viqtor.eu\/wp-content\/uploads\/2026\/04\/widget-viqtor.png\" \/>\n\t<meta property=\"og:image:width\" content=\"2560\" \/>\n\t<meta property=\"og:image:height\" content=\"1558\" \/>\n\t<meta property=\"og:image:type\" content=\"image\/jpeg\" \/>\n<meta name=\"author\" content=\"Bruno\" \/>\n<meta name=\"twitter:card\" content=\"summary_large_image\" \/>\n<meta name=\"twitter:label1\" content=\"Napisao\/la\" \/>\n\t<meta name=\"twitter:data1\" content=\"Bruno\" \/>\n\t<meta name=\"twitter:label2\" content=\"Procijenjeno vrijeme \u010ditanja\" \/>\n\t<meta name=\"twitter:data2\" content=\"11 minuta\" \/>\n<script type=\"application\/ld+json\" class=\"yoast-schema-graph\">{\"@context\":\"https:\/\/schema.org\",\"@graph\":[{\"@type\":\"Article\",\"@id\":\"https:\/\/viqtor.eu\/registre-de-traitement-obligation-rgpd-tout-le-monde-repousse\/#article\",\"isPartOf\":{\"@id\":\"https:\/\/viqtor.eu\/registre-de-traitement-obligation-rgpd-tout-le-monde-repousse\/\"},\"author\":{\"name\":\"Bruno\",\"@id\":\"https:\/\/viqtor.eu\/#\/schema\/person\/3dbd9cc82a28f6cf1695c92eda0099ad\"},\"headline\":\"Registre de traitement : l&rsquo;obligation RGPD que tout le monde repousse\",\"datePublished\":\"2026-07-03T12:28:48+00:00\",\"dateModified\":\"2026-07-06T15:05:13+00:00\",\"mainEntityOfPage\":{\"@id\":\"https:\/\/viqtor.eu\/registre-de-traitement-obligation-rgpd-tout-le-monde-repousse\/\"},\"wordCount\":2240,\"publisher\":{\"@id\":\"https:\/\/viqtor.eu\/#organization\"},\"image\":{\"@id\":\"https:\/\/viqtor.eu\/registre-de-traitement-obligation-rgpd-tout-le-monde-repousse\/#primaryimage\"},\"thumbnailUrl\":\"https:\/\/viqtor.eu\/wp-content\/uploads\/2026\/07\/RGPD-2-scaled.jpg\",\"articleSection\":[\"Blog\"],\"inLanguage\":\"hr\"},{\"@type\":\"WebPage\",\"@id\":\"https:\/\/viqtor.eu\/registre-de-traitement-obligation-rgpd-tout-le-monde-repousse\/\",\"url\":\"https:\/\/viqtor.eu\/registre-de-traitement-obligation-rgpd-tout-le-monde-repousse\/\",\"name\":\"Registre de traitement RGPD : enfin simple \u00e0 tenir\",\"isPartOf\":{\"@id\":\"https:\/\/viqtor.eu\/#website\"},\"primaryImageOfPage\":{\"@id\":\"https:\/\/viqtor.eu\/registre-de-traitement-obligation-rgpd-tout-le-monde-repousse\/#primaryimage\"},\"image\":{\"@id\":\"https:\/\/viqtor.eu\/registre-de-traitement-obligation-rgpd-tout-le-monde-repousse\/#primaryimage\"},\"thumbnailUrl\":\"https:\/\/viqtor.eu\/wp-content\/uploads\/2026\/07\/RGPD-2-scaled.jpg\",\"datePublished\":\"2026-07-03T12:28:48+00:00\",\"dateModified\":\"2026-07-06T15:05:13+00:00\",\"description\":\"Le registre des traitements est une obligation RGPD que beaucoup repoussent. D\u00e9couvrez comment le tenir \u00e0 jour facilement et sans y passer des heures. Guide Viqtor\u00ae.\",\"breadcrumb\":{\"@id\":\"https:\/\/viqtor.eu\/registre-de-traitement-obligation-rgpd-tout-le-monde-repousse\/#breadcrumb\"},\"inLanguage\":\"hr\",\"potentialAction\":[{\"@type\":\"ReadAction\",\"target\":[\"https:\/\/viqtor.eu\/registre-de-traitement-obligation-rgpd-tout-le-monde-repousse\/\"]}]},{\"@type\":\"ImageObject\",\"inLanguage\":\"hr\",\"@id\":\"https:\/\/viqtor.eu\/registre-de-traitement-obligation-rgpd-tout-le-monde-repousse\/#primaryimage\",\"url\":\"https:\/\/viqtor.eu\/wp-content\/uploads\/2026\/07\/RGPD-2-scaled.jpg\",\"contentUrl\":\"https:\/\/viqtor.eu\/wp-content\/uploads\/2026\/07\/RGPD-2-scaled.jpg\",\"width\":2560,\"height\":1558},{\"@type\":\"BreadcrumbList\",\"@id\":\"https:\/\/viqtor.eu\/registre-de-traitement-obligation-rgpd-tout-le-monde-repousse\/#breadcrumb\",\"itemListElement\":[{\"@type\":\"ListItem\",\"position\":1,\"name\":\"Accueil\",\"item\":\"https:\/\/viqtor.eu\/\"},{\"@type\":\"ListItem\",\"position\":2,\"name\":\"Registre de traitement : l&rsquo;obligation RGPD que tout le monde repousse\"}]},{\"@type\":\"WebSite\",\"@id\":\"https:\/\/viqtor.eu\/#website\",\"url\":\"https:\/\/viqtor.eu\/\",\"name\":\"Viqtor\",\"description\":\"Faites du RGPD une opportunit\u00e9 pour votre entreprise.\",\"publisher\":{\"@id\":\"https:\/\/viqtor.eu\/#organization\"},\"potentialAction\":[{\"@type\":\"SearchAction\",\"target\":{\"@type\":\"EntryPoint\",\"urlTemplate\":\"https:\/\/viqtor.eu\/?s={search_term_string}\"},\"query-input\":{\"@type\":\"PropertyValueSpecification\",\"valueRequired\":true,\"valueName\":\"search_term_string\"}}],\"inLanguage\":\"hr\"},{\"@type\":\"Organization\",\"@id\":\"https:\/\/viqtor.eu\/#organization\",\"name\":\"viqtor.eu\",\"url\":\"https:\/\/viqtor.eu\/\",\"logo\":{\"@type\":\"ImageObject\",\"inLanguage\":\"hr\",\"@id\":\"https:\/\/viqtor.eu\/#\/schema\/logo\/image\/\",\"url\":\"\",\"contentUrl\":\"\",\"caption\":\"viqtor.eu\"},\"image\":{\"@id\":\"https:\/\/viqtor.eu\/#\/schema\/logo\/image\/\"}},{\"@type\":\"Person\",\"@id\":\"https:\/\/viqtor.eu\/#\/schema\/person\/3dbd9cc82a28f6cf1695c92eda0099ad\",\"name\":\"Bruno\",\"image\":{\"@type\":\"ImageObject\",\"inLanguage\":\"hr\",\"@id\":\"https:\/\/viqtor.eu\/#\/schema\/person\/image\/\",\"url\":\"https:\/\/secure.gravatar.com\/avatar\/e5a596f9489de15bfe046e97fb771f63589b601ca7e81ccc2bb9a23582f441a3?s=96&d=mm&r=g\",\"contentUrl\":\"https:\/\/secure.gravatar.com\/avatar\/e5a596f9489de15bfe046e97fb771f63589b601ca7e81ccc2bb9a23582f441a3?s=96&d=mm&r=g\",\"caption\":\"Bruno\"},\"sameAs\":[\"https:\/\/exciting-panini.13-37-234-21.plesk.page\"],\"url\":\"https:\/\/viqtor.eu\/hr\/author\/mouad_zxum2ebi\/\"}]}<\/script>\n<!-- \/ Yoast SEO plugin. -->","yoast_head_json":{"title":"Registre de traitement RGPD : enfin simple \u00e0 tenir","description":"Le registre des traitements est une obligation RGPD que beaucoup repoussent. D\u00e9couvrez comment le tenir \u00e0 jour facilement et sans y passer des heures. Guide Viqtor\u00ae.","robots":{"index":"index","follow":"follow","max-snippet":"max-snippet:-1","max-image-preview":"max-image-preview:large","max-video-preview":"max-video-preview:-1"},"canonical":"https:\/\/viqtor.eu\/hr\/registar-obrade-gdpr-obveze-svi-se-protive\/","og_locale":"hr_HR","og_type":"article","og_title":"Registre de traitement RGPD : enfin simple \u00e0 tenir","og_description":"Le registre des traitements est une obligation RGPD que beaucoup repoussent. D\u00e9couvrez comment le tenir \u00e0 jour facilement et sans y passer des heures. Guide Viqtor\u00ae.","og_url":"https:\/\/viqtor.eu\/hr\/registar-obrade-gdpr-obveze-svi-se-protive\/","og_site_name":"Viqtor","article_published_time":"2026-07-03T12:28:48+00:00","article_modified_time":"2026-07-06T15:05:13+00:00","og_image":[{"width":2560,"height":1558,"url":"https:\/\/viqtor.eu\/wp-content\/uploads\/2026\/04\/widget-viqtor.png","type":"image\/jpeg"}],"author":"Bruno","twitter_card":"summary_large_image","twitter_misc":{"Napisao\/la":"Bruno","Procijenjeno vrijeme \u010ditanja":"11 minuta"},"schema":{"@context":"https:\/\/schema.org","@graph":[{"@type":"Article","@id":"https:\/\/viqtor.eu\/registre-de-traitement-obligation-rgpd-tout-le-monde-repousse\/#article","isPartOf":{"@id":"https:\/\/viqtor.eu\/registre-de-traitement-obligation-rgpd-tout-le-monde-repousse\/"},"author":{"name":"Bruno","@id":"https:\/\/viqtor.eu\/#\/schema\/person\/3dbd9cc82a28f6cf1695c92eda0099ad"},"headline":"Registre de traitement : l&rsquo;obligation RGPD que tout le monde repousse","datePublished":"2026-07-03T12:28:48+00:00","dateModified":"2026-07-06T15:05:13+00:00","mainEntityOfPage":{"@id":"https:\/\/viqtor.eu\/registre-de-traitement-obligation-rgpd-tout-le-monde-repousse\/"},"wordCount":2240,"publisher":{"@id":"https:\/\/viqtor.eu\/#organization"},"image":{"@id":"https:\/\/viqtor.eu\/registre-de-traitement-obligation-rgpd-tout-le-monde-repousse\/#primaryimage"},"thumbnailUrl":"https:\/\/viqtor.eu\/wp-content\/uploads\/2026\/07\/RGPD-2-scaled.jpg","articleSection":["Blog"],"inLanguage":"hr"},{"@type":"WebPage","@id":"https:\/\/viqtor.eu\/registre-de-traitement-obligation-rgpd-tout-le-monde-repousse\/","url":"https:\/\/viqtor.eu\/registre-de-traitement-obligation-rgpd-tout-le-monde-repousse\/","name":"Registre de traitement RGPD : enfin simple \u00e0 tenir","isPartOf":{"@id":"https:\/\/viqtor.eu\/#website"},"primaryImageOfPage":{"@id":"https:\/\/viqtor.eu\/registre-de-traitement-obligation-rgpd-tout-le-monde-repousse\/#primaryimage"},"image":{"@id":"https:\/\/viqtor.eu\/registre-de-traitement-obligation-rgpd-tout-le-monde-repousse\/#primaryimage"},"thumbnailUrl":"https:\/\/viqtor.eu\/wp-content\/uploads\/2026\/07\/RGPD-2-scaled.jpg","datePublished":"2026-07-03T12:28:48+00:00","dateModified":"2026-07-06T15:05:13+00:00","description":"Le registre des traitements est une obligation RGPD que beaucoup repoussent. D\u00e9couvrez comment le tenir \u00e0 jour facilement et sans y passer des heures. Guide Viqtor\u00ae.","breadcrumb":{"@id":"https:\/\/viqtor.eu\/registre-de-traitement-obligation-rgpd-tout-le-monde-repousse\/#breadcrumb"},"inLanguage":"hr","potentialAction":[{"@type":"ReadAction","target":["https:\/\/viqtor.eu\/registre-de-traitement-obligation-rgpd-tout-le-monde-repousse\/"]}]},{"@type":"ImageObject","inLanguage":"hr","@id":"https:\/\/viqtor.eu\/registre-de-traitement-obligation-rgpd-tout-le-monde-repousse\/#primaryimage","url":"https:\/\/viqtor.eu\/wp-content\/uploads\/2026\/07\/RGPD-2-scaled.jpg","contentUrl":"https:\/\/viqtor.eu\/wp-content\/uploads\/2026\/07\/RGPD-2-scaled.jpg","width":2560,"height":1558},{"@type":"BreadcrumbList","@id":"https:\/\/viqtor.eu\/registre-de-traitement-obligation-rgpd-tout-le-monde-repousse\/#breadcrumb","itemListElement":[{"@type":"ListItem","position":1,"name":"Accueil","item":"https:\/\/viqtor.eu\/"},{"@type":"ListItem","position":2,"name":"Registre de traitement : l&rsquo;obligation RGPD que tout le monde repousse"}]},{"@type":"WebSite","@id":"https:\/\/viqtor.eu\/#website","url":"https:\/\/viqtor.eu\/","name":"Viqtor","description":"Faites du RGPD une opportunit\u00e9 pour votre entreprise.","publisher":{"@id":"https:\/\/viqtor.eu\/#organization"},"potentialAction":[{"@type":"SearchAction","target":{"@type":"EntryPoint","urlTemplate":"https:\/\/viqtor.eu\/?s={search_term_string}"},"query-input":{"@type":"PropertyValueSpecification","valueRequired":true,"valueName":"search_term_string"}}],"inLanguage":"hr"},{"@type":"Organization","@id":"https:\/\/viqtor.eu\/#organization","name":"viqtor.eu","url":"https:\/\/viqtor.eu\/","logo":{"@type":"ImageObject","inLanguage":"hr","@id":"https:\/\/viqtor.eu\/#\/schema\/logo\/image\/","url":"","contentUrl":"","caption":"viqtor.eu"},"image":{"@id":"https:\/\/viqtor.eu\/#\/schema\/logo\/image\/"}},{"@type":"Person","@id":"https:\/\/viqtor.eu\/#\/schema\/person\/3dbd9cc82a28f6cf1695c92eda0099ad","name":"Bruno","image":{"@type":"ImageObject","inLanguage":"hr","@id":"https:\/\/viqtor.eu\/#\/schema\/person\/image\/","url":"https:\/\/secure.gravatar.com\/avatar\/e5a596f9489de15bfe046e97fb771f63589b601ca7e81ccc2bb9a23582f441a3?s=96&d=mm&r=g","contentUrl":"https:\/\/secure.gravatar.com\/avatar\/e5a596f9489de15bfe046e97fb771f63589b601ca7e81ccc2bb9a23582f441a3?s=96&d=mm&r=g","caption":"Bruno"},"sameAs":["https:\/\/exciting-panini.13-37-234-21.plesk.page"],"url":"https:\/\/viqtor.eu\/hr\/author\/mouad_zxum2ebi\/"}]}},"_links":{"self":[{"href":"https:\/\/viqtor.eu\/hr\/wp-json\/wp\/v2\/posts\/14354","targetHints":{"allow":["GET"]}}],"collection":[{"href":"https:\/\/viqtor.eu\/hr\/wp-json\/wp\/v2\/posts"}],"about":[{"href":"https:\/\/viqtor.eu\/hr\/wp-json\/wp\/v2\/types\/post"}],"author":[{"embeddable":true,"href":"https:\/\/viqtor.eu\/hr\/wp-json\/wp\/v2\/users\/1"}],"replies":[{"embeddable":true,"href":"https:\/\/viqtor.eu\/hr\/wp-json\/wp\/v2\/comments?post=14354"}],"version-history":[{"count":25,"href":"https:\/\/viqtor.eu\/hr\/wp-json\/wp\/v2\/posts\/14354\/revisions"}],"predecessor-version":[{"id":14418,"href":"https:\/\/viqtor.eu\/hr\/wp-json\/wp\/v2\/posts\/14354\/revisions\/14418"}],"wp:featuredmedia":[{"embeddable":true,"href":"https:\/\/viqtor.eu\/hr\/wp-json\/wp\/v2\/media\/14359"}],"wp:attachment":[{"href":"https:\/\/viqtor.eu\/hr\/wp-json\/wp\/v2\/media?parent=14354"}],"wp:term":[{"taxonomy":"category","embeddable":true,"href":"https:\/\/viqtor.eu\/hr\/wp-json\/wp\/v2\/categories?post=14354"},{"taxonomy":"post_tag","embeddable":true,"href":"https:\/\/viqtor.eu\/hr\/wp-json\/wp\/v2\/tags?post=14354"}],"curies":[{"name":"wp","href":"https:\/\/api.w.org\/{rel}","templated":true}]}}