{"id":5493,"date":"2023-04-19T13:18:17","date_gmt":"2023-04-19T13:18:17","guid":{"rendered":"https:\/\/exciting-panini.13-37-234-21.plesk.page\/?p=5493"},"modified":"2024-07-26T16:04:19","modified_gmt":"2024-07-26T16:04:19","slug":"metaverse-fashion-week-dans-decentraland","status":"publish","type":"post","link":"https:\/\/viqtor.eu\/et\/metaverse-fashion-week-dans-decentraland\/","title":{"rendered":"Metaverse&#039;i moen\u00e4dal Decentralandis, mis on \u00fcks populaarsemaid virtuaalmaailmu."},"content":{"rendered":"<div data-elementor-type=\"wp-post\" data-elementor-id=\"5493\" class=\"elementor elementor-5493\" data-elementor-post-type=\"post\">\n\t\t\t\t\t\t<section class=\"elementor-section elementor-top-section elementor-element elementor-element-54961bf ot-traditional elementor-section-boxed elementor-section-height-default elementor-section-height-default\" data-id=\"54961bf\" data-element_type=\"section\">\n\t\t\t\t\t\t<div class=\"elementor-container elementor-column-gap-default\">\n\t\t\t\t\t<div class=\"elementor-column elementor-col-100 elementor-top-column elementor-element elementor-element-ec4612d ot-flex-column-vertical\" data-id=\"ec4612d\" data-element_type=\"column\">\n\t\t\t<div class=\"elementor-widget-wrap elementor-element-populated\">\n\t\t\t\t\t\t<div class=\"elementor-element elementor-element-b3e5461 elementor-widget elementor-widget-image\" data-id=\"b3e5461\" data-element_type=\"widget\" data-widget_type=\"image.default\">\n\t\t\t\t<div class=\"elementor-widget-container\">\n\t\t\t\t\t\t\t\t\t\t\t\t\t<img fetchpriority=\"high\" decoding=\"async\" width=\"500\" height=\"334\" src=\"https:\/\/viqtor.eu\/wp-content\/uploads\/2023\/04\/Metaverse-Fashion-Week-dans-Decentraland-lun-des-mondes-virtuels-les-plus-populaires.jpg\" class=\"attachment-full size-full wp-image-12021\" alt=\"Metaverse Fashion Week dans Decentraland, l&#039;un des mondes virtuels les plus populaires.\" srcset=\"https:\/\/viqtor.eu\/wp-content\/uploads\/2023\/04\/Metaverse-Fashion-Week-dans-Decentraland-lun-des-mondes-virtuels-les-plus-populaires.jpg 500w, https:\/\/viqtor.eu\/wp-content\/uploads\/2023\/04\/Metaverse-Fashion-Week-dans-Decentraland-lun-des-mondes-virtuels-les-plus-populaires-300x200.jpg 300w\" sizes=\"(max-width: 500px) 100vw, 500px\" \/>\t\t\t\t\t\t\t\t\t\t\t\t\t<\/div>\n\t\t\t\t<\/div>\n\t\t\t\t\t<\/div>\n\t\t<\/div>\n\t\t\t\t\t<\/div>\n\t\t<\/section>\n\t\t\t\t<section class=\"elementor-section elementor-top-section elementor-element elementor-element-647497d ot-traditional elementor-section-boxed elementor-section-height-default elementor-section-height-default\" data-id=\"647497d\" data-element_type=\"section\">\n\t\t\t\t\t\t<div class=\"elementor-container elementor-column-gap-default\">\n\t\t\t\t\t<div class=\"elementor-column elementor-col-100 elementor-top-column elementor-element elementor-element-a65d641 ot-flex-column-vertical\" data-id=\"a65d641\" data-element_type=\"column\">\n\t\t\t<div class=\"elementor-widget-wrap elementor-element-populated\">\n\t\t\t\t\t\t<div class=\"elementor-element elementor-element-496dcd1 elementor-widget elementor-widget-heading\" data-id=\"496dcd1\" data-element_type=\"widget\" data-widget_type=\"heading.default\">\n\t\t\t\t<div class=\"elementor-widget-container\">\n\t\t\t<h1 class=\"elementor-heading-title elementor-size-default\">Metaverse&#039;i moen\u00e4dal Decentralandis, mis on \u00fcks populaarsemaid virtuaalmaailmu.<\/h1>\t\t<\/div>\n\t\t\t\t<\/div>\n\t\t\t\t\t<\/div>\n\t\t<\/div>\n\t\t\t\t\t<\/div>\n\t\t<\/section>\n\t\t\t\t<section class=\"elementor-section elementor-top-section elementor-element elementor-element-5571fb82 ot-traditional elementor-section-boxed elementor-section-height-default elementor-section-height-default\" data-id=\"5571fb82\" data-element_type=\"section\">\n\t\t\t\t\t\t<div class=\"elementor-container elementor-column-gap-default\">\n\t\t\t\t\t<div class=\"elementor-column elementor-col-100 elementor-top-column elementor-element elementor-element-5d982d20 ot-flex-column-vertical\" data-id=\"5d982d20\" data-element_type=\"column\">\n\t\t\t<div class=\"elementor-widget-wrap elementor-element-populated\">\n\t\t\t\t\t\t<div class=\"elementor-element elementor-element-387bed9b elementor-widget elementor-widget-text-editor\" data-id=\"387bed9b\" data-element_type=\"widget\" data-widget_type=\"text-editor.default\">\n\t\t\t\t<div class=\"elementor-widget-container\">\n\t\t\t\t\t\t\t<!-- wp:paragraph -->\n<p>\u00d5iguslik valve nr 48 \u2013 <strong>Juuni 2022<\/strong><\/p>\n<!-- \/wp:paragraph -->\n\n<!-- wp:paragraph -->\n<p><strong>Vapper uus maailm<\/strong>2022. aasta m\u00e4rtsis toimus Decentralandis, \u00fches populaarseimas virtuaalmaailmas, Metaverse&#039;i moen\u00e4dala \u00fcritus.<\/p>\n<!-- \/wp:paragraph -->\n\n<!-- wp:paragraph -->\n<p>Fortnite&#039;i m\u00e4nguplatvormil voogedastatud veebikontsert meelitas hiljuti ligi 12 miljonit vaatajat.<\/p>\n<!-- \/wp:paragraph -->\n\n<!-- wp:paragraph -->\n<p>T\u00e4nap\u00e4eval areneb virtuaalmaailm, mille inimlikke, majanduslikke ja sotsiaalseid tagaj\u00e4rgi pole veel t\u00e4ielikult m\u00f5istetud.<\/p>\n<!-- \/wp:paragraph -->\n\n<!-- wp:paragraph -->\n<p>Euroopa Parlamendi hiljuti avaldatud raportis sellel teemal on \u00f6eldud, et 2026. aastaks veedab 25% inimestest metaversumis v\u00e4hemalt \u00fche tunni p\u00e4evas t\u00f6\u00f6, ostlemise, hariduse, sotsiaalsete tegevuste ja\/v\u00f5i meelelahutuse eesm\u00e4rgil.<\/p>\n<!-- \/wp:paragraph -->\n\n<!-- wp:paragraph -->\n<p>Paljud \u00e4riettev\u00f5tted on hakanud seal oma platvorme arendama, isegi kui nende tegevusel on digitehnoloogiaga vaid v\u00e4ga kauge seos.<\/p>\n<!-- \/wp:paragraph -->\n\n<!-- wp:paragraph -->\n<p>Metaversumit v\u00f5ib kirjeldada kui haaravat, pidevat 3D-virtuaalmaailma, kus inimesed suhtlevad avatari kaudu, et nautida meelelahutust, teha oste ja tehinguid v\u00f5i t\u00f6\u00f6tada kodust lahkumata.<\/p>\n<!-- \/wp:paragraph -->\n\n<!-- wp:paragraph -->\n<p>Majanduslik metaversumi \u00f6kos\u00fcsteem kasutab digitaalses keskkonnas tehingute monetiseerimiseks plokiahela ja kr\u00fcptovaluuta tehnoloogiaid, n\u00e4iteks mitte-vahetatavaid m\u00e4rke (NFT-sid).<\/p>\n<!-- \/wp:paragraph -->\n\n<!-- wp:paragraph -->\n<p>See veebi areng tekitab palju k\u00fcsimusi, eriti seoses \u00f5iguse kohaldamisega.<\/p>\n<!-- \/wp:paragraph -->\n\n<!-- wp:paragraph -->\n<p>Kuidas me saame praktiliselt reguleerida veebip\u00f5hiseid \u00fchinemisi ja omandamisi, ahistamist, kr\u00fcptovaluutadega teostatavaid enam-v\u00e4hem seaduslikke tehinguid, massilist andmete kogumist \u00fcksikisikute k\u00e4itumise kohta nende avataride kaudu v\u00f5i isegi \u00fcksikisikute j\u00e4lgimist veebis \u00f5iguskaitseorganite poolt?<\/p>\n<!-- \/wp:paragraph -->\n\n<!-- wp:paragraph -->\n<p>Nagu r\u00f5hutati 20. mail ajalehes Le Monde avaldatud artiklis ja nagu Euroopa Parlament m\u00e4rgib, on GDPR-i puhul panused k\u00f5rged, arvestades kogutud andmete enneolematut kvaliteeti ja kvantiteeti.<\/p>\n<!-- \/wp:paragraph -->\n\n<!-- wp:paragraph -->\n<p>Nende hulka v\u00f5ivad kuuluda n\u00e4oilmed, \u017eestid v\u00f5i muud t\u00fc\u00fcpi f\u00fc\u00fcsilised v\u00f5i emotsionaalsed reaktsioonid, mida avatar v\u00f5ib reaalajas ja sellest teadlikuna interaktsioonide ajal esile kutsuda.<\/p>\n<!-- \/wp:paragraph -->\n\n<!-- wp:paragraph -->\n<p>Seega saab koguda tundlikke andmeid, n\u00e4iteks biomeetrilisi andmeid.<\/p>\n<!-- \/wp:paragraph -->\n\n<!-- wp:paragraph -->\n<p>See teave v\u00f5imaldab ettev\u00f5tetel n\u00e4iteks paremini m\u00f5ista kasutajate k\u00e4itumist ja kohandada reklaamikampaaniaid sihip\u00e4raselt.<\/p>\n<!-- \/wp:paragraph -->\n\n<!-- wp:paragraph -->\n<p>Kas olemasolevad reeglid on kohandatud sellele uuele universumile?<\/p>\n<!-- \/wp:paragraph -->\n\n<!-- wp:paragraph -->\n<p>Kuidas saada \u00fcksikisikute n\u00f5usoleku selliseks andmete kogumiseks ja kes vastutab kogumise eest keskkonnas, kus rolle on mitu ja andmet\u00f6\u00f6tlejat on veelgi raskem tuvastada?<\/p>\n<!-- \/wp:paragraph -->\n\n<!-- wp:paragraph -->\n<p>Kuidas hallata tehisintellektiga suhtlemist, mis on metaversumi toimimisele omane, ja sellest tulenevaid automatiseeritud otsuseid?<\/p>\n<!-- \/wp:paragraph -->\n\n<!-- wp:paragraph -->\n<p>Uuritakse mitmeid v\u00f5imalusi, mis p\u00f5hinevad mitte ainult isikuandmete kaitse \u00fcldm\u00e4\u00e4rusel, vaid ka kavandatud Euroopa m\u00e4\u00e4rustel tehisintellekti ja andmehalduse kohta.<\/p>\n<!-- \/wp:paragraph -->\n\n<!-- wp:paragraph -->\n<p>Mainige n\u00e4iteks andmevahendajate rolli, kes saaksid tsentraliseerida kasutajate volitused oma andmete kasutamiseks.<\/p>\n<!-- \/wp:paragraph -->\n\n<!-- wp:paragraph -->\n<p>Kavandatav andmehalduse m\u00e4\u00e4rus n\u00e4eb ette isikuandmete ruumide ehk andmeportfellide kaitse, reguleerides andmete jagamist ja kontrollides \u00fcksikisikute n\u00f5usolekut.<\/p>\n<!-- \/wp:paragraph -->\n\n<!-- wp:paragraph -->\n<p>Kuiv\u00f5rd vahendajad kasutavad andmehalduses tehisintellekti, on omastamise ja kuritarvitamise v\u00e4ltimiseks vaja kaitsemeetmeid.<\/p>\n<!-- \/wp:paragraph -->\n\n<!-- wp:paragraph -->\n<p>Tuleks meenutada, et nende kahe kavandatud m\u00e4\u00e4ruse kohta on esitanud m\u00e4rkusi Euroopa Andmekaitseinspektor ja Euroopa Andmekaitsen\u00f5ukogu, kes n\u00f5uavad andmete kasutamisel eesm\u00e4rgip\u00f5him\u00f5tte austamist ning n\u00f5uavad meetmeid, mis pakuvad andmesubjektile rohkem kontrolli ja tagatisi, n\u00e4iteks k\u00e4itumisjuhendid v\u00f5i sertifitseerimismehhanismid.<\/p>\n<!-- \/wp:paragraph -->\n\n<!-- wp:paragraph -->\n<p>Samuti on ametiv\u00f5imudel kahtlusi sotsiaalse punktis\u00fcsteemi suhtes sotsiaalv\u00f5rgustike kontekstis \u00fcldiselt ja veelgi enam Metaversumis.<\/p>\n<!-- \/wp:paragraph -->\n\n<!-- wp:paragraph -->\n<p>Erilist t\u00e4helepanu tuleks p\u00f6\u00f6rata ka haavatavate r\u00fchmade, eriti laste kaitsele, et kontrollida nende vanust ja takistada neil oma isikuandmeid esitamast.<\/p>\n<!-- \/wp:paragraph -->\n\n<!-- wp:paragraph -->\n<p>M\u00f5ned pooldavad lisaks avatud ja detsentraliseeritud metaversumit, mida kontrollivad kasutajad ise detsentraliseeritud autonoomsete organisatsioonide (DAO-de) kujul.<\/p>\n<!-- \/wp:paragraph -->\n\n<!-- wp:paragraph -->\n<p>Seda t\u00fc\u00fcpi mudelis, mis erineb tsentraliseeritud \u00e4rimudelist, oleks kasutajatel suurem kontroll oma andmete ja nende jagamise \u00fcle.<\/p>\n<!-- \/wp:paragraph -->\n\n<!-- wp:paragraph -->\n<p>Lisaks regulatiivsetele suunistele aitaksid ka siin kaasa suuremale \u00f5iguskindlusele k\u00e4itumisjuhendid ja sertifitseerimismehhanismid.<\/p>\n<!-- \/wp:paragraph -->\n\n<!-- wp:paragraph -->\n<p>Paljudele k\u00fcsimustele paar vastust...<\/p>\n<!-- \/wp:paragraph -->\n\n<!-- wp:paragraph -->\n<p>Igal juhul ei saavutata seaduse kohaldamist ilma asjaomaste osapoolte suurema vastutuseta.<\/p>\n<!-- \/wp:paragraph -->\n\n<!-- wp:paragraph -->\n<p><strong>Ja ka<\/strong><\/p>\n<!-- \/wp:paragraph -->\n\n<!-- wp:paragraph -->\n<p><strong>Prantsusmaa:<\/strong><\/p>\n<!-- \/wp:paragraph -->\n\n<!-- wp:paragraph -->\n<p><strong>7. juunil avaldas CNIL k\u00fcsimused ja vastused Google Analyticsi kasutamise kohta.<\/strong><\/p>\n<!-- \/wp:paragraph -->\n\n<!-- wp:paragraph -->\n<p>Komisjon on andnud mitmele organisatsioonile korralduse isikuandmete kaitse \u00fcldm\u00e4\u00e4ruse (GDPR) j\u00e4rgimiseks, kuna \u00fckski talle esitatud t\u00e4iendavatest kaitsemeetmetest ei ole olnud piisav, et takistada USA luureteenistustel juurdep\u00e4\u00e4su Euroopa kasutajate isikuandmetele.<\/p>\n<!-- \/wp:paragraph -->\n\n<!-- wp:paragraph -->\n<p>Tema s\u00f5nul v\u00f5iks lahendus, mis v\u00f5imaldaks kasutada puhverserverit, et v\u00e4ltida otsest kontakti internetikasutaja terminali ja m\u00f5\u00f5tmisvahendi serverite vahel, olla v\u00f5imalik, kui see server vastab kriteeriumidele, mis on koosk\u00f5las Euroopa Andmekaitsen\u00f5ukogu (EDPB) 18. juunil 2021 avaldatud soovitustega.<\/p>\n<!-- \/wp:paragraph -->\n\n<!-- wp:paragraph -->\n<p><strong>Riigin\u00f5ukogu kinnitas, et CNIL on p\u00e4dev kehtestama sanktsioone v\u00e4ljaspool Euroopa \u00fchtse liidese mehhanismi.<\/strong><\/p>\n<!-- \/wp:paragraph -->\n\n<!-- wp:paragraph -->\n<p>K\u00e4esolev juhtum puudutab ettev\u00f5tet Amazon online France, millel on Prantsusmaal tegevuskoht ja mis t\u00f6\u00f6tleb Prantsusmaal elavate isikute andmeid.<\/p>\n<!-- \/wp:paragraph -->\n\n<!-- wp:paragraph -->\n<p>Seega on kinnitust leidnud 35 miljoni euro suurune trahv, mis m\u00e4\u00e4rati 2020. aastal k\u00fcpsiste kasutamise eest ilma kasutaja n\u00f5usolekuta.<\/p>\n<!-- \/wp:paragraph -->\n\n<!-- wp:paragraph -->\n<p><strong>CNIL m\u00e4\u00e4ras 30. juunil ettev\u00f5ttele Total Energies Electricit\u00e9 et Gaz de France 1 miljoni euro suuruse karistuse. <\/strong>eelk\u00f5ige \u00e4rilise geoloogilise uurimist\u00f6\u00f6 ja \u00fcksikisikute \u00f5iguste osas kohustuste mittet\u00e4itmise eest<strong>.<\/strong><\/p>\n<!-- \/wp:paragraph -->\n\n<!-- wp:paragraph -->\n<p>13. juunil algatas CNIL uuringu mobiilirakenduste kogutud geograafilise asukoha andmete kohta.<\/p>\n<!-- \/wp:paragraph -->\n\n<!-- wp:paragraph -->\n<p>Nagu CNIL oma 2022.\u20132024. aasta strateegilises plaanis v\u00e4lja kuulutas, soovib ta t\u00f5sta avalikkuse ja spetsialistide teadlikkust mobiilirakenduste poolt geolokatsiooniandmete kogumisega seotud probleemidest.<\/p>\n<!-- \/wp:paragraph -->\n\n<!-- wp:paragraph -->\n<p>See on ka k\u00fcsimus \u00e4rilise luuresektori spetsialistide vastavuse kontrollimises isikuandmete kaitse \u00fcldm\u00e4\u00e4rusele.<\/p>\n<!-- \/wp:paragraph -->\n\n<!-- wp:paragraph -->\n<p><strong>Euroopa:<\/strong><\/p>\n<!-- \/wp:paragraph -->\n\n<!-- wp:paragraph -->\n<p><strong>Euroopa Andmekaitseinspektor (EDPS) v\u00e4ljendab muret Europoli m\u00e4\u00e4ruse muudatuste p\u00e4rast, mis j\u00f5ustusid 28. juunil 2022.<\/strong><\/p>\n<!-- \/wp:paragraph -->\n\n<!-- wp:paragraph -->\n<p>Euroopa Andmekaitseinspektor r\u00f5hutab, et need n\u00f5rgendavad andmekaitse p\u00f5hi\u00f5igust, ei taga ameti asjakohast j\u00e4relevalvet ning laiendavad oluliselt Europoli volitusi seoses isikuandmete vahetamisega eraisikutega, tehisintellekti kasutamise ja suurte andmekogumite t\u00f6\u00f6tlemisega.<\/p>\n<!-- \/wp:paragraph -->\n\n<!-- wp:paragraph -->\n<p>14. juunil teatas Euroopa Andmekaitsen\u00f5ukogu (<strong>Euroopa Andmekaitsen\u00f5ukogu<\/strong>) avaldas oma vastuse <strong>Euroopa Komisjoni konsultatsioon digitaalse euro loomise kohta.<\/strong><\/p>\n<!-- \/wp:paragraph -->\n\n<!-- wp:paragraph -->\n<p>16. juunil<strong>Euroopa Andmekaitsen\u00f5ukogu<\/strong> v\u00f5ttis vastu suunised <strong>sertifitseerimine kui isikuandmete edastamise vahend <\/strong>kolmandatesse riikidesse, mis ei paku piisavat kaitsetaset.<\/p>\n<!-- \/wp:paragraph -->\n\n<!-- wp:paragraph -->\n<p>Juunis korraldatud konverentsil<strong>Euroopa Andmekaitseinspektor<\/strong>, mida j\u00e4lgis veebis ja isiklikult enam kui 2000 inimest, l\u00f5ppes kriitiliste t\u00e4helepanekutega <strong>Euroopa koost\u00f6\u00f6 uurimistes.<\/strong><\/p>\n<!-- \/wp:paragraph -->\n\n<!-- wp:paragraph -->\n<p>Euroopa Andmekaitseinspektori arvates peaks iga hea mudel h\u00f5lmama tugevaid kollegiaalsusmehhanisme ning strateegilisi uurimisi saaks l\u00e4bi viia tsentraalselt, mis aitaks \u00fcletada \u201eprobleeme, mis tulenevad kokkusobimatutest siseriiklikest \u00f5igusaktidest v\u00f5i erinevatest \u00fchtlustamiskatsetest\u201d.<\/p>\n<!-- \/wp:paragraph -->\n\n<!-- wp:paragraph -->\n<p>THE <strong>Euroopa N\u00f5ukogu<\/strong> avaldab uuringu teemal <strong>Pegasuse nuhkvara<\/strong> ja selle m\u00f5ju p\u00f5hi\u00f5igustele. Tuleb meeles pidada, et see nuhkvara on ka Euroopa Parlamendi uurimise objektiks.<\/p>\n<!-- \/wp:paragraph -->\n\n<!-- wp:paragraph -->\n<p>THE <strong>Tarbijakaitse koost\u00f6\u00f6v\u00f5rgustik<\/strong> (CPC) on koost\u00f6\u00f6s andmekaitseasutustega heaks kiitnud 5 peamist p\u00f5him\u00f5tet <strong>lastele suunatud \u00f5iglane reklaam<\/strong>s.<\/p>\n<!-- \/wp:paragraph -->\n\n<!-- wp:paragraph -->\n<p>THE<strong> \u0160veitsi f\u00f6deraalne andmekaitse- ja teabevolinik (FDPIC)<\/strong> soovitas Suval (\u0160veitsi riiklik \u00f5nnetusjuhtumikindlustusfond, mis pakub oma t\u00f6\u00f6tajatele tervisekindlustust) <strong>kaaluma uuesti oma otsust tellida oma isikuandmete t\u00f6\u00f6tlemine Ameerika \u00dchendriikidest<\/strong>s \u2013 t\u00e4psemalt Microsofti pilveteenuses, kuigi andmed asuvad \u0160veitsis asuvas MS-i serveris.<\/p>\n<!-- \/wp:paragraph -->\n\n<!-- wp:paragraph -->\n<p>Hiljutise otsuse keskmes on ka \u00fclekanded v\u00e4ljaspool Euroopat. <strong>Belgia Riigin\u00f5ukogu, mis peatas otsuse valida Ameerika t\u00f6\u00f6v\u00f5tja <\/strong>riigihankemenetluse raames p\u00f5hjusel, et see asutus ei kontrollinud piisavalt, kas t\u00f6\u00f6v\u00f5tja j\u00e4rgis isikuandmete kaitse \u00fcldm\u00e4\u00e4ruse n\u00f5udeid, eelk\u00f5ige \u00fclekandeid k\u00e4sitlevaid s\u00e4tteid.<\/p>\n<!-- \/wp:paragraph -->\n\n<!-- wp:paragraph -->\n<p>Otsus seab kahtluse alla ka edasise t\u00f6\u00f6tlemise teise Venemaal asuva ettev\u00f5tte, Smart Analyticsi poolt (GDPRhubi vahendusel).<\/p>\n<!-- \/wp:paragraph -->\n\n<!-- wp:paragraph -->\n<p>K\u00fcmme tarbija\u00fchendust koordineerides <strong>Euroopa Tarbijate Organisatsioon (BEUC)<\/strong>teatas 30. juunil, et nad astuvad samme tagamaks, et Google j\u00e4rgib seadust: tehnoloogiahiiglane suunab tarbijad Google&#039;i konto registreerimisel oma j\u00e4lgimiss\u00fcsteemi, selle asemel, et pakkuda nende andmetele vaikimisi ja l\u00f5imitud kaitset, nagu n\u00f5uab GDPR.<\/p>\n<!-- \/wp:paragraph -->\n\n<!-- wp:paragraph -->\n<p><strong>Brexiti-j\u00e4rgne \u00dchendkuningriigi andmekaitsealaste \u00f5igusaktide reform j\u00f5udis 17. juunil uude verstapostini, kui valitsus avaldas avalikule konsultatsioonile l\u00f5pliku vastuse.<\/strong><\/p>\n<!-- \/wp:paragraph -->\n\n<!-- wp:paragraph -->\n<p>Dokument sisaldab mitmeid reforme, n\u00e4iteks andmekaitseametniku m\u00e4\u00e4ramise n\u00f5ude kaotamist, n\u00f5usoleku n\u00f5ude asendamist \u00f5igusega esitada vastuv\u00e4iteid internetikasutajate j\u00e4lgimisele ning muudatusi infokomissari b\u00fcroo t\u00f6\u00f6s.<\/p>\n<!-- \/wp:paragraph -->\n\n<!-- wp:paragraph -->\n<p><strong>Soome ametlik arenguabi<\/strong> k\u00e4skis haiglal kustutada t\u00f6\u00f6tajate ajaloo, asukohalogid ja muud isikuandmed, mis on loodud Windows 10 vaikes\u00e4tete asukoha salvestamise funktsiooni abil.<\/p>\n<!-- \/wp:paragraph -->\n\n<!-- wp:paragraph -->\n<p>See s\u00e4te rikkus GDPR-i artikli 25(2) p\u00f5him\u00f5tet \u201evaikimisi andmekaitse\u201d (GDPRhubi vahendusel).&nbsp;<\/p>\n<!-- \/wp:paragraph -->\n\n<!-- wp:paragraph -->\n<p><strong>Itaalia andmekaitseamet m\u00e4\u00e4ras haiglale 70 000 euro suuruse trahvi kahe meditsiinilise uudiskirja saajate koopiate tegemise eest.<\/strong> CCI asemel avaldavad nad oma isikuandmeid (sh terviseandmeid) k\u00f5igile vastuv\u00f5tjatele ilma \u00f5igusliku aluseta (GDPRhubi kaudu).<\/p>\n<!-- \/wp:paragraph -->\n\n<!-- wp:paragraph -->\n<p><strong>Samal teemal, Rumeenia ametlik arenguabi<\/strong> Samuti trahvis ettev\u00f5te turunduskampaania l\u00e4biviimise eest vastutavat allt\u00f6\u00f6v\u00f5tjat 1000 euroga turundusmeili saatmise eest 27 inimesele ilma nende e-posti aadresse varjamata.<\/p>\n<!-- \/wp:paragraph -->\n\n<!-- wp:paragraph -->\n<p>Pidagem meeles, et <strong>Belgia otsustas 29. aprillil sarnases kohtuasjas, et sellise e-kirja saatmine ei kujuta endast turvarikkumist, kui asjaga oli seotud v\u00e4hem kui 16 inimest.<\/strong><\/p>\n<!-- \/wp:paragraph -->\n\n<!-- wp:paragraph -->\n<p><strong>Rahvusvaheline:<\/strong><\/p>\n<!-- \/wp:paragraph -->\n\n<!-- wp:paragraph -->\n<p><strong>Venemaa: <\/strong>Moskva kohus m\u00e4\u00e4ras Google&#039;ile 15 miljoni rubla suuruse trahvi andmete lokaliseerimise eeskirja korduva eiramise eest.<\/p>\n<!-- \/wp:paragraph -->\n\n<!-- wp:paragraph -->\n<p>Google&#039;ile m\u00e4\u00e4rati 2021. aastal halduskaristus sama Venemaa isikuandmete seaduse p\u00f5him\u00f5tte rikkumise eest, mis kohustab ettev\u00f5tteid s\u00e4ilitama Venemaa kodanike isikuandmeid Venemaa F\u00f6deratsiooni territooriumil.<strong>.<\/strong><\/p>\n<!-- \/wp:paragraph -->\n\n<!-- wp:paragraph -->\n<p><strong>USA: <\/strong>\u00dclemkohtu Roe vs. Wade&#039;i otsuse tagaj\u00e4rjed laienevad ka andmekaitse k\u00fcsimustele.&nbsp;<\/p>\n<!-- \/wp:paragraph -->\n\n<!-- wp:paragraph -->\n<p>K\u00fcsimus puudutab tehnoloogiahiiglaste suhtumist ametiv\u00f5imude juurdep\u00e4\u00e4sule viljakusandmetele.<\/p>\n<!-- \/wp:paragraph -->\n\n<!-- wp:paragraph -->\n<p>Neid andmeid saab avaldada selliste allikate kaudu nagu brauseriajalugu, otsingud, e-posti ja tekstis\u00f5numite logid, viljakusrakenduste kasutamine ja muud kommertstooted, millega paljud kasutajad iga p\u00e4ev suhtlevad.<\/p>\n<!-- \/wp:paragraph -->\n\n<!-- wp:paragraph -->\n<p>Nagu The Register teatab, on \u00f5iguskaitseorganid seda t\u00fc\u00fcpi teavet juba abordiga seotud juhtumite t\u00f5endina kasutanud.<\/p>\n<!-- \/wp:paragraph -->\n\n<!-- wp:paragraph -->\n<p><strong>Hiina: <\/strong>New York Times avaldab uurimise, mis viitab sadadele dokumentidele, milles kirjeldatakse Hiina ostetud tarkvara, mille abil anal\u00fc\u00fcsitakse riigi ulatuslikke j\u00e4litusandmebaase, et ennustada, kellest saab kahtlusalune v\u00f5i potentsiaalne pahategija.<\/p>\n<!-- \/wp:paragraph -->\n\n<!-- wp:paragraph -->\n<p><strong>Kanadas <\/strong>Alates 16. juunist on digitaalsete \u00f5iguste harta kaitsnud tarbijate \u00f5igusi ja isikuandmeid ning reguleerib tehisintellekti.<strong>.<\/strong><\/p>\n<!-- \/wp:paragraph -->\n\n<!-- wp:paragraph -->\n<p>Anne Christine Lacoste<\/p>\n<!-- \/wp:paragraph -->\n\n<!-- wp:paragraph -->\n<p><em>Olivier Weber Avocati partner Anne Christine Lacoste on andme\u00f5igusele spetsialiseerunud jurist; ta oli Euroopa Andmekaitseinspektori rahvusvaheliste suhete juht ja tegeles GDPR-i rakendamisega Euroopa Liidus.<\/em><\/p>\n<!-- \/wp:paragraph -->\t\t\t\t\t\t<\/div>\n\t\t\t\t<\/div>\n\t\t\t\t\t<\/div>\n\t\t<\/div>\n\t\t\t\t\t<\/div>\n\t\t<\/section>\n\t\t\t\t<section class=\"elementor-section elementor-top-section elementor-element elementor-element-9692fee ot-traditional elementor-section-boxed elementor-section-height-default elementor-section-height-default\" data-id=\"9692fee\" data-element_type=\"section\">\n\t\t\t\t\t\t<div class=\"elementor-container elementor-column-gap-default\">\n\t\t\t\t\t<div class=\"elementor-column elementor-col-100 elementor-top-column elementor-element elementor-element-c17bbb4 ot-flex-column-vertical\" data-id=\"c17bbb4\" data-element_type=\"column\">\n\t\t\t<div class=\"elementor-widget-wrap elementor-element-populated\">\n\t\t\t\t\t\t<div class=\"elementor-element elementor-element-f387214 elementor-align-center elementor-widget elementor-widget-button\" data-id=\"f387214\" data-element_type=\"widget\" data-widget_type=\"button.default\">\n\t\t\t\t<div class=\"elementor-widget-container\">\n\t\t\t\t\t<div class=\"elementor-button-wrapper\">\n\t\t\t<a class=\"elementor-button elementor-button-link elementor-size-lg\" href=\"https:\/\/app.viqtor.eu\/\">\n\t\t\t\t\t\t<span class=\"elementor-button-content-wrapper\">\n\t\t\t\t\t\t<span class=\"elementor-button-icon\">\n\t\t\t\t<i aria-hidden=\"true\" class=\"fas fa-long-arrow-alt-right\"><\/i>\t\t\t<\/span>\n\t\t\t\t\t\t\t\t\t<span class=\"elementor-button-text\">Avastage Viqtor\u00ae<\/span>\n\t\t\t\t\t<\/span>\n\t\t\t\t\t<\/a>\n\t\t<\/div>\n\t\t\t\t<\/div>\n\t\t\t\t<\/div>\n\t\t\t\t\t<\/div>\n\t\t<\/div>\n\t\t\t\t\t<\/div>\n\t\t<\/section>\n\t\t\t\t<\/div>","protected":false},"excerpt":{"rendered":"<p>Metaverse&#039;i moen\u00e4dal Decentralandis, \u00fches populaarseimas virtuaalmaailmas. Legal Watch nr 48 \u2013 juuni 2022 Brave New World. 2022. aasta m\u00e4rtsis toimus Metaverse&#039;i moen\u00e4dal Decentralandis, \u00fches populaarseimas virtuaalmaailmas. Fortnite&#039;i m\u00e4nguplatvormil voogedastatud veebikontsert [\u2026]<\/p>","protected":false},"author":1,"featured_media":5659,"comment_status":"closed","ping_status":"open","sticky":false,"template":"elementor_header_footer","format":"standard","meta":{"_acf_changed":false,"footnotes":""},"categories":[35],"tags":[],"class_list":["post-5493","post","type-post","status-publish","format-standard","has-post-thumbnail","hentry","category-veille-juridique"],"acf":[],"yoast_head":"<!-- This site is optimized with the Yoast SEO plugin v23.6 - https:\/\/yoast.com\/wordpress\/plugins\/seo\/ -->\n<title>Metaverse Fashion Week dans Decentraland, l&#039;un des mondes virtuels les plus populaires. - Viqtor<\/title>\n<meta name=\"description\" content=\"Metaverse Fashion Week dans Decentraland, l&#039;un des mondes virtuels les plus populaires. Veille juridique - Viqtor\" \/>\n<meta name=\"robots\" content=\"index, follow, max-snippet:-1, max-image-preview:large, max-video-preview:-1\" \/>\n<link rel=\"canonical\" href=\"https:\/\/viqtor.eu\/et\/metaverse-fashion-week-dans-decentraland\/\" \/>\n<meta property=\"og:locale\" content=\"et_EE\" \/>\n<meta property=\"og:type\" content=\"article\" \/>\n<meta property=\"og:title\" content=\"Metaverse Fashion Week dans Decentraland, l&#039;un des mondes virtuels les plus populaires. - Viqtor\" \/>\n<meta property=\"og:description\" content=\"Metaverse Fashion Week dans Decentraland, l&#039;un des mondes virtuels les plus populaires. Veille juridique - Viqtor\" \/>\n<meta property=\"og:url\" content=\"https:\/\/viqtor.eu\/et\/metaverse-fashion-week-dans-decentraland\/\" \/>\n<meta property=\"og:site_name\" content=\"Viqtor\" \/>\n<meta property=\"article:published_time\" content=\"2023-04-19T13:18:17+00:00\" \/>\n<meta property=\"article:modified_time\" content=\"2024-07-26T16:04:19+00:00\" \/>\n<meta property=\"og:image\" content=\"https:\/\/viqtor.eu\/wp-content\/uploads\/2026\/04\/widget-viqtor.png\" \/>\n\t<meta property=\"og:image:width\" content=\"500\" \/>\n\t<meta property=\"og:image:height\" content=\"334\" \/>\n\t<meta property=\"og:image:type\" content=\"image\/jpeg\" \/>\n<meta name=\"author\" content=\"Bruno\" \/>\n<meta name=\"twitter:card\" content=\"summary_large_image\" \/>\n<meta name=\"twitter:label1\" content=\"Written by\" \/>\n\t<meta name=\"twitter:data1\" content=\"Bruno\" \/>\n\t<meta name=\"twitter:label2\" content=\"Est. reading time\" \/>\n\t<meta name=\"twitter:data2\" content=\"11 minutit\" \/>\n<script type=\"application\/ld+json\" class=\"yoast-schema-graph\">{\"@context\":\"https:\/\/schema.org\",\"@graph\":[{\"@type\":\"Article\",\"@id\":\"https:\/\/viqtor.eu\/metaverse-fashion-week-dans-decentraland\/#article\",\"isPartOf\":{\"@id\":\"https:\/\/viqtor.eu\/metaverse-fashion-week-dans-decentraland\/\"},\"author\":{\"name\":\"Bruno\",\"@id\":\"https:\/\/viqtor.eu\/#\/schema\/person\/3dbd9cc82a28f6cf1695c92eda0099ad\"},\"headline\":\"Metaverse Fashion Week dans Decentraland, l&rsquo;un des mondes virtuels les plus populaires.\",\"datePublished\":\"2023-04-19T13:18:17+00:00\",\"dateModified\":\"2024-07-26T16:04:19+00:00\",\"mainEntityOfPage\":{\"@id\":\"https:\/\/viqtor.eu\/metaverse-fashion-week-dans-decentraland\/\"},\"wordCount\":2428,\"publisher\":{\"@id\":\"https:\/\/viqtor.eu\/#organization\"},\"image\":{\"@id\":\"https:\/\/viqtor.eu\/metaverse-fashion-week-dans-decentraland\/#primaryimage\"},\"thumbnailUrl\":\"https:\/\/viqtor.eu\/wp-content\/uploads\/2023\/04\/shutterstock_1944426163.jpg\",\"articleSection\":[\"Veille juridique\"],\"inLanguage\":\"et\"},{\"@type\":\"WebPage\",\"@id\":\"https:\/\/viqtor.eu\/metaverse-fashion-week-dans-decentraland\/\",\"url\":\"https:\/\/viqtor.eu\/metaverse-fashion-week-dans-decentraland\/\",\"name\":\"Metaverse Fashion Week dans Decentraland, l'un des mondes virtuels les plus populaires. - Viqtor\",\"isPartOf\":{\"@id\":\"https:\/\/viqtor.eu\/#website\"},\"primaryImageOfPage\":{\"@id\":\"https:\/\/viqtor.eu\/metaverse-fashion-week-dans-decentraland\/#primaryimage\"},\"image\":{\"@id\":\"https:\/\/viqtor.eu\/metaverse-fashion-week-dans-decentraland\/#primaryimage\"},\"thumbnailUrl\":\"https:\/\/viqtor.eu\/wp-content\/uploads\/2023\/04\/shutterstock_1944426163.jpg\",\"datePublished\":\"2023-04-19T13:18:17+00:00\",\"dateModified\":\"2024-07-26T16:04:19+00:00\",\"description\":\"Metaverse Fashion Week dans Decentraland, l'un des mondes virtuels les plus populaires. Veille juridique - Viqtor\",\"breadcrumb\":{\"@id\":\"https:\/\/viqtor.eu\/metaverse-fashion-week-dans-decentraland\/#breadcrumb\"},\"inLanguage\":\"et\",\"potentialAction\":[{\"@type\":\"ReadAction\",\"target\":[\"https:\/\/viqtor.eu\/metaverse-fashion-week-dans-decentraland\/\"]}]},{\"@type\":\"ImageObject\",\"inLanguage\":\"et\",\"@id\":\"https:\/\/viqtor.eu\/metaverse-fashion-week-dans-decentraland\/#primaryimage\",\"url\":\"https:\/\/viqtor.eu\/wp-content\/uploads\/2023\/04\/shutterstock_1944426163.jpg\",\"contentUrl\":\"https:\/\/viqtor.eu\/wp-content\/uploads\/2023\/04\/shutterstock_1944426163.jpg\",\"width\":500,\"height\":334},{\"@type\":\"BreadcrumbList\",\"@id\":\"https:\/\/viqtor.eu\/metaverse-fashion-week-dans-decentraland\/#breadcrumb\",\"itemListElement\":[{\"@type\":\"ListItem\",\"position\":1,\"name\":\"Accueil\",\"item\":\"https:\/\/viqtor.eu\/\"},{\"@type\":\"ListItem\",\"position\":2,\"name\":\"Metaverse Fashion Week dans Decentraland, l&rsquo;un des mondes virtuels les plus populaires.\"}]},{\"@type\":\"WebSite\",\"@id\":\"https:\/\/viqtor.eu\/#website\",\"url\":\"https:\/\/viqtor.eu\/\",\"name\":\"Viqtor\",\"description\":\"Faites du RGPD une opportunit\u00e9 pour votre entreprise.\",\"publisher\":{\"@id\":\"https:\/\/viqtor.eu\/#organization\"},\"potentialAction\":[{\"@type\":\"SearchAction\",\"target\":{\"@type\":\"EntryPoint\",\"urlTemplate\":\"https:\/\/viqtor.eu\/?s={search_term_string}\"},\"query-input\":{\"@type\":\"PropertyValueSpecification\",\"valueRequired\":true,\"valueName\":\"search_term_string\"}}],\"inLanguage\":\"et\"},{\"@type\":\"Organization\",\"@id\":\"https:\/\/viqtor.eu\/#organization\",\"name\":\"viqtor.eu\",\"url\":\"https:\/\/viqtor.eu\/\",\"logo\":{\"@type\":\"ImageObject\",\"inLanguage\":\"et\",\"@id\":\"https:\/\/viqtor.eu\/#\/schema\/logo\/image\/\",\"url\":\"https:\/\/viqtor.eu\/wp-content\/uploads\/2023\/06\/favicon-noir.svg\",\"contentUrl\":\"https:\/\/viqtor.eu\/wp-content\/uploads\/2023\/06\/favicon-noir.svg\",\"width\":108,\"height\":86,\"caption\":\"viqtor.eu\"},\"image\":{\"@id\":\"https:\/\/viqtor.eu\/#\/schema\/logo\/image\/\"}},{\"@type\":\"Person\",\"@id\":\"https:\/\/viqtor.eu\/#\/schema\/person\/3dbd9cc82a28f6cf1695c92eda0099ad\",\"name\":\"Bruno\",\"image\":{\"@type\":\"ImageObject\",\"inLanguage\":\"et\",\"@id\":\"https:\/\/viqtor.eu\/#\/schema\/person\/image\/\",\"url\":\"https:\/\/secure.gravatar.com\/avatar\/e5a596f9489de15bfe046e97fb771f63589b601ca7e81ccc2bb9a23582f441a3?s=96&d=mm&r=g\",\"contentUrl\":\"https:\/\/secure.gravatar.com\/avatar\/e5a596f9489de15bfe046e97fb771f63589b601ca7e81ccc2bb9a23582f441a3?s=96&d=mm&r=g\",\"caption\":\"Bruno\"},\"sameAs\":[\"https:\/\/exciting-panini.13-37-234-21.plesk.page\"],\"url\":\"https:\/\/viqtor.eu\/et\/author\/mouad_zxum2ebi\/\"}]}<\/script>\n<!-- \/ Yoast SEO plugin. -->","yoast_head_json":{"title":"Metaverse Fashion Week dans Decentraland, l'un des mondes virtuels les plus populaires. - Viqtor","description":"Metaverse Fashion Week dans Decentraland, l'un des mondes virtuels les plus populaires. Veille juridique - Viqtor","robots":{"index":"index","follow":"follow","max-snippet":"max-snippet:-1","max-image-preview":"max-image-preview:large","max-video-preview":"max-video-preview:-1"},"canonical":"https:\/\/viqtor.eu\/et\/metaverse-fashion-week-dans-decentraland\/","og_locale":"et_EE","og_type":"article","og_title":"Metaverse Fashion Week dans Decentraland, l'un des mondes virtuels les plus populaires. - Viqtor","og_description":"Metaverse Fashion Week dans Decentraland, l'un des mondes virtuels les plus populaires. Veille juridique - Viqtor","og_url":"https:\/\/viqtor.eu\/et\/metaverse-fashion-week-dans-decentraland\/","og_site_name":"Viqtor","article_published_time":"2023-04-19T13:18:17+00:00","article_modified_time":"2024-07-26T16:04:19+00:00","og_image":[{"width":500,"height":334,"url":"https:\/\/viqtor.eu\/wp-content\/uploads\/2026\/04\/widget-viqtor.png","type":"image\/jpeg"}],"author":"Bruno","twitter_card":"summary_large_image","twitter_misc":{"Written by":"Bruno","Est. reading time":"11 minutit"},"schema":{"@context":"https:\/\/schema.org","@graph":[{"@type":"Article","@id":"https:\/\/viqtor.eu\/metaverse-fashion-week-dans-decentraland\/#article","isPartOf":{"@id":"https:\/\/viqtor.eu\/metaverse-fashion-week-dans-decentraland\/"},"author":{"name":"Bruno","@id":"https:\/\/viqtor.eu\/#\/schema\/person\/3dbd9cc82a28f6cf1695c92eda0099ad"},"headline":"Metaverse Fashion Week dans Decentraland, l&rsquo;un des mondes virtuels les plus populaires.","datePublished":"2023-04-19T13:18:17+00:00","dateModified":"2024-07-26T16:04:19+00:00","mainEntityOfPage":{"@id":"https:\/\/viqtor.eu\/metaverse-fashion-week-dans-decentraland\/"},"wordCount":2428,"publisher":{"@id":"https:\/\/viqtor.eu\/#organization"},"image":{"@id":"https:\/\/viqtor.eu\/metaverse-fashion-week-dans-decentraland\/#primaryimage"},"thumbnailUrl":"https:\/\/viqtor.eu\/wp-content\/uploads\/2023\/04\/shutterstock_1944426163.jpg","articleSection":["Veille juridique"],"inLanguage":"et"},{"@type":"WebPage","@id":"https:\/\/viqtor.eu\/metaverse-fashion-week-dans-decentraland\/","url":"https:\/\/viqtor.eu\/metaverse-fashion-week-dans-decentraland\/","name":"Metaverse Fashion Week dans Decentraland, l'un des mondes virtuels les plus populaires. - Viqtor","isPartOf":{"@id":"https:\/\/viqtor.eu\/#website"},"primaryImageOfPage":{"@id":"https:\/\/viqtor.eu\/metaverse-fashion-week-dans-decentraland\/#primaryimage"},"image":{"@id":"https:\/\/viqtor.eu\/metaverse-fashion-week-dans-decentraland\/#primaryimage"},"thumbnailUrl":"https:\/\/viqtor.eu\/wp-content\/uploads\/2023\/04\/shutterstock_1944426163.jpg","datePublished":"2023-04-19T13:18:17+00:00","dateModified":"2024-07-26T16:04:19+00:00","description":"Metaverse Fashion Week dans Decentraland, l'un des mondes virtuels les plus populaires. Veille juridique - Viqtor","breadcrumb":{"@id":"https:\/\/viqtor.eu\/metaverse-fashion-week-dans-decentraland\/#breadcrumb"},"inLanguage":"et","potentialAction":[{"@type":"ReadAction","target":["https:\/\/viqtor.eu\/metaverse-fashion-week-dans-decentraland\/"]}]},{"@type":"ImageObject","inLanguage":"et","@id":"https:\/\/viqtor.eu\/metaverse-fashion-week-dans-decentraland\/#primaryimage","url":"https:\/\/viqtor.eu\/wp-content\/uploads\/2023\/04\/shutterstock_1944426163.jpg","contentUrl":"https:\/\/viqtor.eu\/wp-content\/uploads\/2023\/04\/shutterstock_1944426163.jpg","width":500,"height":334},{"@type":"BreadcrumbList","@id":"https:\/\/viqtor.eu\/metaverse-fashion-week-dans-decentraland\/#breadcrumb","itemListElement":[{"@type":"ListItem","position":1,"name":"Accueil","item":"https:\/\/viqtor.eu\/"},{"@type":"ListItem","position":2,"name":"Metaverse Fashion Week dans Decentraland, l&rsquo;un des mondes virtuels les plus populaires."}]},{"@type":"WebSite","@id":"https:\/\/viqtor.eu\/#website","url":"https:\/\/viqtor.eu\/","name":"Viqtor","description":"Faites du RGPD une opportunit\u00e9 pour votre entreprise.","publisher":{"@id":"https:\/\/viqtor.eu\/#organization"},"potentialAction":[{"@type":"SearchAction","target":{"@type":"EntryPoint","urlTemplate":"https:\/\/viqtor.eu\/?s={search_term_string}"},"query-input":{"@type":"PropertyValueSpecification","valueRequired":true,"valueName":"search_term_string"}}],"inLanguage":"et"},{"@type":"Organization","@id":"https:\/\/viqtor.eu\/#organization","name":"viqtor.eu","url":"https:\/\/viqtor.eu\/","logo":{"@type":"ImageObject","inLanguage":"et","@id":"https:\/\/viqtor.eu\/#\/schema\/logo\/image\/","url":"https:\/\/viqtor.eu\/wp-content\/uploads\/2023\/06\/favicon-noir.svg","contentUrl":"https:\/\/viqtor.eu\/wp-content\/uploads\/2023\/06\/favicon-noir.svg","width":108,"height":86,"caption":"viqtor.eu"},"image":{"@id":"https:\/\/viqtor.eu\/#\/schema\/logo\/image\/"}},{"@type":"Person","@id":"https:\/\/viqtor.eu\/#\/schema\/person\/3dbd9cc82a28f6cf1695c92eda0099ad","name":"Bruno","image":{"@type":"ImageObject","inLanguage":"et","@id":"https:\/\/viqtor.eu\/#\/schema\/person\/image\/","url":"https:\/\/secure.gravatar.com\/avatar\/e5a596f9489de15bfe046e97fb771f63589b601ca7e81ccc2bb9a23582f441a3?s=96&d=mm&r=g","contentUrl":"https:\/\/secure.gravatar.com\/avatar\/e5a596f9489de15bfe046e97fb771f63589b601ca7e81ccc2bb9a23582f441a3?s=96&d=mm&r=g","caption":"Bruno"},"sameAs":["https:\/\/exciting-panini.13-37-234-21.plesk.page"],"url":"https:\/\/viqtor.eu\/et\/author\/mouad_zxum2ebi\/"}]}},"_links":{"self":[{"href":"https:\/\/viqtor.eu\/et\/wp-json\/wp\/v2\/posts\/5493","targetHints":{"allow":["GET"]}}],"collection":[{"href":"https:\/\/viqtor.eu\/et\/wp-json\/wp\/v2\/posts"}],"about":[{"href":"https:\/\/viqtor.eu\/et\/wp-json\/wp\/v2\/types\/post"}],"author":[{"embeddable":true,"href":"https:\/\/viqtor.eu\/et\/wp-json\/wp\/v2\/users\/1"}],"replies":[{"embeddable":true,"href":"https:\/\/viqtor.eu\/et\/wp-json\/wp\/v2\/comments?post=5493"}],"version-history":[{"count":8,"href":"https:\/\/viqtor.eu\/et\/wp-json\/wp\/v2\/posts\/5493\/revisions"}],"predecessor-version":[{"id":12028,"href":"https:\/\/viqtor.eu\/et\/wp-json\/wp\/v2\/posts\/5493\/revisions\/12028"}],"wp:featuredmedia":[{"embeddable":true,"href":"https:\/\/viqtor.eu\/et\/wp-json\/wp\/v2\/media\/5659"}],"wp:attachment":[{"href":"https:\/\/viqtor.eu\/et\/wp-json\/wp\/v2\/media?parent=5493"}],"wp:term":[{"taxonomy":"category","embeddable":true,"href":"https:\/\/viqtor.eu\/et\/wp-json\/wp\/v2\/categories?post=5493"},{"taxonomy":"post_tag","embeddable":true,"href":"https:\/\/viqtor.eu\/et\/wp-json\/wp\/v2\/tags?post=5493"}],"curies":[{"name":"wp","href":"https:\/\/api.w.org\/{rel}","templated":true}]}}