{"id":5482,"date":"2023-04-19T12:59:03","date_gmt":"2023-04-19T12:59:03","guid":{"rendered":"https:\/\/exciting-panini.13-37-234-21.plesk.page\/?p=5482"},"modified":"2024-07-26T11:08:07","modified_gmt":"2024-07-26T11:08:07","slug":"une-nouvelle-annee-sous-le-signe-de-lexpectative","status":"publish","type":"post","link":"https:\/\/viqtor.eu\/et\/une-nouvelle-annee-sous-le-signe-de-lexpectative\/","title":{"rendered":"Uus aasta ootuse m\u00e4rgi all"},"content":{"rendered":"<div data-elementor-type=\"wp-post\" data-elementor-id=\"5482\" class=\"elementor elementor-5482\" data-elementor-post-type=\"post\">\n\t\t\t\t\t\t<section class=\"elementor-section elementor-top-section elementor-element elementor-element-66e4055 ot-traditional elementor-section-boxed elementor-section-height-default elementor-section-height-default\" data-id=\"66e4055\" data-element_type=\"section\">\n\t\t\t\t\t\t<div class=\"elementor-container elementor-column-gap-default\">\n\t\t\t\t\t<div class=\"elementor-column elementor-col-100 elementor-top-column elementor-element elementor-element-8910f96 ot-flex-column-vertical\" data-id=\"8910f96\" data-element_type=\"column\">\n\t\t\t<div class=\"elementor-widget-wrap elementor-element-populated\">\n\t\t\t\t\t\t<div class=\"elementor-element elementor-element-25af599 elementor-widget elementor-widget-image\" data-id=\"25af599\" data-element_type=\"widget\" data-widget_type=\"image.default\">\n\t\t\t\t<div class=\"elementor-widget-container\">\n\t\t\t\t\t\t\t\t\t\t\t\t\t<img fetchpriority=\"high\" decoding=\"async\" width=\"1000\" height=\"667\" src=\"https:\/\/viqtor.eu\/wp-content\/uploads\/2023\/04\/Une-nouvelle-annee-sous-le-signe-de-lexpectative.jpg\" class=\"attachment-full size-full wp-image-11968\" alt=\"Une nouvelle ann\u00e9e sous le signe de l\u2019expectative\" srcset=\"https:\/\/viqtor.eu\/wp-content\/uploads\/2023\/04\/Une-nouvelle-annee-sous-le-signe-de-lexpectative.jpg 1000w, https:\/\/viqtor.eu\/wp-content\/uploads\/2023\/04\/Une-nouvelle-annee-sous-le-signe-de-lexpectative-300x200.jpg 300w, https:\/\/viqtor.eu\/wp-content\/uploads\/2023\/04\/Une-nouvelle-annee-sous-le-signe-de-lexpectative-768x512.jpg 768w, https:\/\/viqtor.eu\/wp-content\/uploads\/2023\/04\/Une-nouvelle-annee-sous-le-signe-de-lexpectative-720x480.jpg 720w\" sizes=\"(max-width: 1000px) 100vw, 1000px\" \/>\t\t\t\t\t\t\t\t\t\t\t\t\t<\/div>\n\t\t\t\t<\/div>\n\t\t\t\t\t<\/div>\n\t\t<\/div>\n\t\t\t\t\t<\/div>\n\t\t<\/section>\n\t\t\t\t<section class=\"elementor-section elementor-top-section elementor-element elementor-element-a1d04bb ot-traditional elementor-section-boxed elementor-section-height-default elementor-section-height-default\" data-id=\"a1d04bb\" data-element_type=\"section\">\n\t\t\t\t\t\t<div class=\"elementor-container elementor-column-gap-default\">\n\t\t\t\t\t<div class=\"elementor-column elementor-col-100 elementor-top-column elementor-element elementor-element-9986493 ot-flex-column-vertical\" data-id=\"9986493\" data-element_type=\"column\">\n\t\t\t<div class=\"elementor-widget-wrap elementor-element-populated\">\n\t\t\t\t\t\t<div class=\"elementor-element elementor-element-12bd625 elementor-widget elementor-widget-heading\" data-id=\"12bd625\" data-element_type=\"widget\" data-widget_type=\"heading.default\">\n\t\t\t\t<div class=\"elementor-widget-container\">\n\t\t\t<h1 class=\"elementor-heading-title elementor-size-default\">Uus aasta ootuse m\u00e4rgi all<\/h1>\t\t<\/div>\n\t\t\t\t<\/div>\n\t\t\t\t\t<\/div>\n\t\t<\/div>\n\t\t\t\t\t<\/div>\n\t\t<\/section>\n\t\t\t\t<section class=\"elementor-section elementor-top-section elementor-element elementor-element-3f193bf7 ot-traditional elementor-section-boxed elementor-section-height-default elementor-section-height-default\" data-id=\"3f193bf7\" data-element_type=\"section\">\n\t\t\t\t\t\t<div class=\"elementor-container elementor-column-gap-default\">\n\t\t\t\t\t<div class=\"elementor-column elementor-col-100 elementor-top-column elementor-element elementor-element-1cbcde6e ot-flex-column-vertical\" data-id=\"1cbcde6e\" data-element_type=\"column\">\n\t\t\t<div class=\"elementor-widget-wrap elementor-element-populated\">\n\t\t\t\t\t\t<div class=\"elementor-element elementor-element-3e836090 elementor-widget elementor-widget-text-editor\" data-id=\"3e836090\" data-element_type=\"widget\" data-widget_type=\"text-editor.default\">\n\t\t\t\t<div class=\"elementor-widget-container\">\n\t\t\t\t\t\t\t<!-- wp:paragraph -->\n<p>\u00d5iguslik valve nr 42 \u2013 <strong>Detsember 202<\/strong>1<\/p>\n<!-- \/wp:paragraph -->\n\n<!-- wp:paragraph -->\n<p><strong>Uus aasta ootuse m\u00e4rgi all<\/strong><\/p>\n<!-- \/wp:paragraph -->\n\n<!-- wp:paragraph -->\n<p>Andmekaitse osas ei kuuluta alanud aasta mingeid olulisi uusi arenguid, vaid pigem arengut ja v\u00f5ib-olla ka strateegilisi otsuseid teatud aktuaalsete k\u00fcsimuste osas.<\/p>\n<!-- \/wp:paragraph -->\n\n<!-- wp:paragraph -->\n<p>Keskendume neist kolmele: GDPR-i rakendamine j\u00e4relevalveasutuste poolt, tervisek\u00fcsimused ja digihiiglaste reguleerimine.<\/p>\n<!-- \/wp:paragraph -->\n\n<!-- wp:paragraph -->\n<p><strong>\u00dcks korduvaid teemasid p\u00e4rast GDPR-i j\u00f5ustumist on seotud selle rakendamise t\u00f5sidusega riiklike andmekaitseasutuste poolt.<\/strong> ja suur erinevus rakendatud sanktsioonide arvu ja ranguse vahel, olenevalt n\u00e4iteks sellest, kas vastutav isik asub Iirimaal v\u00f5i Hispaanias.<\/p>\n<!-- \/wp:paragraph -->\n\n<!-- wp:paragraph -->\n<p>Viimane riik n\u00e4ib olevat \u00fcks neist, kes on kehtestanud k\u00f5ige rohkem sanktsioone, samas kui Luksemburg ja CNIL v\u00f5ivad GAFAMi vastu n\u00f5uda suurimaid trahve (meenutagem 746 miljoni euro suurust trahvi, mille Luksemburg m\u00e4\u00e4ras ettev\u00f5ttele Amazon).<\/p>\n<!-- \/wp:paragraph -->\n\n<!-- wp:paragraph -->\n<p>Spektri teises otsas on Iirimaa andmekaitseamet, mida on m\u00f5ned tema kolleegid, aga ka Euroopa Komisjoni asepresident, avalikult kritiseerinud lohakuse p\u00e4rast suurte veebim\u00e4ngijate suhtes.<\/p>\n<!-- \/wp:paragraph -->\n\n<!-- wp:paragraph -->\n<p>Euroopa kontrollimenetluste sidususe ja t\u00f5hususe tugevdamiseks r\u00e4\u00e4gitakse Euroopa Andmekaitsen\u00f5ukogu (EDPB) volituste tugevdamisest.<\/p>\n<!-- \/wp:paragraph -->\n\n<!-- wp:paragraph -->\n<p>K\u00fcsimust k\u00e4sitletakse Euroopa andmekaitseinspektori korraldataval konverentsil 16. ja 17. juunil Br\u00fcsselis.<\/p>\n<!-- \/wp:paragraph -->\n\n<!-- wp:paragraph -->\n<p><strong>Terviseandmete t\u00f6\u00f6tlemine on tervishoiukriisi j\u00e4rel veel \u00fcks suur murekoht.<\/strong>.<\/p>\n<!-- \/wp:paragraph -->\n\n<!-- wp:paragraph -->\n<p>On mures<\/p>\n<!-- \/wp:paragraph -->\n\n<!-- wp:list -->\n<ul><!-- wp:list-item -->\n<li>Meditsiiniliste uuringute tingimustega seotud k\u00fcsimused,<\/li>\n<!-- \/wp:list-item -->\n\n<!-- wp:list-item -->\n<li>Geneetiliste andmete t\u00f6\u00f6tlemine ja s\u00f5eluuringute k\u00e4igus kogutud andmete edasim\u00fc\u00fcgi riskid teatud laborite poolt, nagu n\u00e4itas hiljutine \u00dchendkuningriigi juhtum ettev\u00f5ttega Signpost Diagnostics,<\/li>\n<!-- \/wp:list-item -->\n\n<!-- wp:list-item -->\n<li>Isikute j\u00e4lgimine rakenduste ja muude tervisekaartide kaudu,&nbsp;<\/li>\n<!-- \/wp:list-item --><\/ul>\n<!-- \/wp:list -->\n\n<!-- wp:list -->\n<ul><!-- wp:list-item -->\n<li>Ja l\u00f5puks andmeturbega seotud riskid: peame silmas eelk\u00f5ige ettev\u00f5tte FranceTest koroonaviiruse testi tulemustega seotud andmete rikkumist, millele CNIL andis eelmise aasta oktoobris ametliku korralduse oma andmete kaitsmiseks, v\u00f5i andmete leket, mis puudutas Assistance Publique-H\u00f4pitaux de Paris&#039;i.<\/li>\n<!-- \/wp:list-item --><\/ul>\n<!-- \/wp:list -->\n\n<!-- wp:paragraph -->\n<p>Kuigi CNIL avaldab regulaarselt oma seisukohti sellel teemal, m\u00e4rgime, et oma 30. novembri parlamendi arutelul m\u00e4rkis ta, et ootab valitsuselt elemente, mis peaksid toetama rakendatud toimikute ja kontrollivahendite t\u00f5husust.<\/p>\n<!-- \/wp:paragraph -->\n\n<!-- wp:paragraph -->\n<p><strong>Kolmas aktuaalne teema puudutab Euroopa Liidu regulatiivseid algatusi digiteenuste ja tehisintellekti valdkonnas.<\/strong><\/p>\n<!-- \/wp:paragraph -->\n\n<!-- wp:paragraph -->\n<p>Lisaks k\u00fcpsiste haldamisele, mis on endiselt riiklike ametiasutuste t\u00e4helepanu keskpunktis, on Euroopa seadusandja mures veebihiiglaste kasvava v\u00f5imu p\u00e4rast \u2013 need on turgu valitsevas seisundis vahendajad, kes pakuvad s\u00f5numside- ja sotsiaalv\u00f5rgustike teenuseid.<\/p>\n<!-- \/wp:paragraph -->\n\n<!-- wp:paragraph -->\n<p>Samuti on probleemiks biomeetria ja tehisintellekti kasutamine \u00fcha pealet\u00fckkivamaks muutuval profiilimise eesm\u00e4rgil ning internetikasutajate manipuleerimine ilma nende teadmata (tumedad mustrid) suunatud sisu esitamise kaudu.<\/p>\n<!-- \/wp:paragraph -->\n\n<!-- wp:paragraph -->\n<p>Euroopa tasandil on vastuv\u00f5tmisel mitu teksti, sealhulgas kaks Euroopa Komisjoni ettepanekut digitaalsete turgude ja digitaalteenuste kohta ning \u00fcks tehisintellekti k\u00e4sitlev ettepanek.&nbsp;<\/p>\n<!-- \/wp:paragraph -->\n\n<!-- wp:paragraph -->\n<p>Euroopa Parlament v\u00f5ttis oma seisukoha digitaalsete turgude ettepaneku kohta vastu 5. detsembril.<\/p>\n<!-- \/wp:paragraph -->\n\n<!-- wp:paragraph -->\n<p>Tekstis tehtud muudatuste hulgas on lisatud n\u00f5ue peamiste kiirs\u00f5numite ja sotsiaalv\u00f5rgustike platvormide teenuste koostalitlusv\u00f5ime kohta, mille eesm\u00e4rk on v\u00f5imaldada kasutajatel h\u00f5lpsalt teenusepakkujaid vahetada ja v\u00f5idelda turgu valitseva seisundi vastu.<\/p>\n<!-- \/wp:paragraph -->\n\n<!-- wp:paragraph -->\n<p>Prantsusmaa Euroopa Liidu N\u00f5ukogu eesistumise alguses edastas Euroopa andmekaitseinspektor Prantsusmaa valitsusele oma parimad soovid edu saavutamiseks, r\u00f5hutades samal ajal nende kolme digitehnoloogia ja tehisintellektiga seotud peamise k\u00fcsimuse olulisust ning andes m\u00e4rku, et ta j\u00e4lgib nende valdkondade arenguid t\u00e4helepanelikult.<\/p>\n<!-- \/wp:paragraph -->\n\n<!-- wp:paragraph -->\n<p>Kuigi m\u00f5ned prioriteedid tunduvad juba h\u00e4sti paika pandud olevat, loodame, et see uus aasta toob meile k\u00f5igile omajagu meeldivaid \u00fcllatusi ja l\u00f5puks ka suuri v\u00e4rske \u00f5hu s\u00f5\u00f5me.<\/p>\n<!-- \/wp:paragraph -->\n\n<!-- wp:paragraph -->\n<p><strong>Ja ka<\/strong><\/p>\n<!-- \/wp:paragraph -->\n\n<!-- wp:paragraph -->\n<p><strong><u>Prantsusmaa:<\/u><\/strong><\/p>\n<!-- \/wp:paragraph -->\n\n<!-- wp:paragraph -->\n<p>CNIL m\u00e4\u00e4ras ettev\u00f5ttele sanktsioonid 6. jaanuaril. <strong>Google<\/strong> 150 miljoni euro ulatuses ja ettev\u00f5te <strong>Facebook<\/strong> kuni 60 miljonit eurot k\u00fcpsiseid puudutavate \u00f5igusnormide rikkumise eest.<\/p>\n<!-- \/wp:paragraph -->\n\n<!-- wp:paragraph -->\n<p>28. detsembril m\u00e4\u00e4ras CNIL ettev\u00f5ttele 300 000 euro suuruse trahvi. <strong>TASUTA MOBIIL,<\/strong> eelk\u00f5ige \u00fcksikisikute \u00f5iguste ja oma kasutajate andmete turvalisuse mitteaustamise eest.<\/p>\n<!-- \/wp:paragraph -->\n\n<!-- wp:paragraph -->\n<p>Samal kuup\u00e4eval m\u00e4\u00e4ras see ettev\u00f5ttele ka sanktsioonid <strong>SLIMPAY<\/strong>, mis pakub oma klientidele makselahendusi, trahviti 180 000 euroga kasutajate isikuandmete ebapiisava kaitsmise ja andmetega seotud rikkumisest teavitamata j\u00e4tmise eest.<\/p>\n<!-- \/wp:paragraph -->\n\n<!-- wp:paragraph -->\n<p>CNIL-i president teavitas ettev\u00f5tet ametlikult 26. novembril <strong>CLEARVIEW tehisintellekt<\/strong> l\u00f5petama veebis saadaolevate fotode ja videote kogumise ning kustutama andmed kahe kuu jooksul.<\/p>\n<!-- \/wp:paragraph -->\n\n<!-- wp:paragraph -->\n<p>Ettev\u00f5te on v\u00e4lja t\u00f6\u00f6tanud n\u00e4otuvastustarkvara, mille andmebaas p\u00f5hineb internetis avalikult k\u00e4ttesaadavate fotode ja videote hankimisel.<\/p>\n<!-- \/wp:paragraph -->\n\n<!-- wp:paragraph -->\n<p>A <strong>CNIL-i arendaja juhendi uus versioon<\/strong> on \u00e4sja avaldatud. See juhend pakub uut sisu, mis on loodud veebi- ja rakenduste arendamise spetsialistide toetamiseks, et tagada nende t\u00f6\u00f6 vastavus n\u00f5uetele.<\/p>\n<!-- \/wp:paragraph -->\n\n<!-- wp:paragraph -->\n<p>Seal <strong>SNCF<\/strong> Detsembris kolis ettev\u00f5te oma 7000 serverit ja 250 rakendust Amazoni pilve, t\u00e4psemalt kolme andmekeskusesse Pariisi piirkonnas.<\/p>\n<!-- \/wp:paragraph -->\n\n<!-- wp:paragraph -->\n<p>Ettev\u00f5tte eesm\u00e4rk on laiendada ka tehisintellekti kasutamist.<\/p>\n<!-- \/wp:paragraph -->\n\n<!-- wp:paragraph -->\n<p><strong><u>Euroopa<\/u><\/strong><\/p>\n<!-- \/wp:paragraph -->\n\n<!-- wp:paragraph -->\n<p>THE <strong>Euroopa Andmekaitsen\u00f5ukogu<\/strong> avaldas 14. detsembril suunised, mis aitavad andmet\u00f6\u00f6tlejatel turvarikkumisi hallata.<\/p>\n<!-- \/wp:paragraph -->\n\n<!-- wp:paragraph -->\n<p>Tekst sisaldab suurt hulka n\u00e4iteid ja arendab meetmeid, mida tuleb v\u00f5tta olenevalt s\u00fc\u00fcteo liigist.<\/p>\n<!-- \/wp:paragraph -->\n\n<!-- wp:paragraph -->\n<p><strong>Euroopa Liidu P\u00f5hi\u00f5iguste Amet<\/strong> (FRA) avaldab koost\u00f6\u00f6s andmekaitseasutustega juhendi, mille eesm\u00e4rk on paremini teavitada varjupaigataotlejaid ja migrante nende s\u00f5rmej\u00e4lgede kasutamisest.<\/p>\n<!-- \/wp:paragraph -->\n\n<!-- wp:paragraph -->\n<p>Euroopa Liidu v\u00e4lispiiril peatamisel peavad nad andma s\u00f5rmej\u00e4ljed, mis salvestatakse Eurodaci faili.<\/p>\n<!-- \/wp:paragraph -->\n\n<!-- wp:paragraph -->\n<p><strong>Wiesbadeni halduskohus<\/strong> 1. detsembril k\u00e4skis Saksa ettev\u00f5te RheinMaini rakendusk\u00f5rgkoolil l\u00f5petada n\u00f5usolekuhalduri \u201eCookiebot\u201d kasutamise. P\u00f5hjuseks oli veebisaidi k\u00fclastajate andmete ebaseaduslik edastamine Ameerika \u00dchendriikidesse.<\/p>\n<!-- \/wp:paragraph -->\n\n<!-- wp:paragraph -->\n<p><strong>Soome andmekaitseamet<\/strong> m\u00e4\u00e4ras 7. detsembril ps\u00fchhoteraapiaettev\u00f5ttele \u00fcle 600 000 euro suuruse trahvi, kuna ettev\u00f5te ei taganud piisavalt oma patsientide andmete turvalisust ja ei teavitanud neid kahest turvarikkumisest, mis viisid patsientide ja ettev\u00f5tte enda v\u00e4ljapressimiseni.<\/p>\n<!-- \/wp:paragraph -->\n\n<!-- wp:paragraph -->\n<p><strong>Norra andmekaitseamet <\/strong>m\u00e4\u00e4ras 6 300 000 euro suuruse trahvi <strong>Grindr <\/strong>jagada oma kasutajate andmeid kolmandate osapooltega profileerimise ja reklaami eesm\u00e4rgil ilma nende n\u00f5usolekuta.<\/p>\n<!-- \/wp:paragraph -->\n\n<!-- wp:paragraph -->\n<p><strong>Hollandi maksuamet<\/strong> m\u00e4\u00e4rati 2 750 000 euro suurune trahv andmete t\u00f6\u00f6tlemise eest ilma \u00f5igusliku aluseta ja \u00f5igluse p\u00f5him\u00f5tte rikkumise eest (GDPR artikli 5 l\u00f5ike 1 punkt a ja artikli 6 l\u00f5ike 1 punkt e).<\/p>\n<!-- \/wp:paragraph -->\n\n<!-- wp:paragraph -->\n<p><strong>Belgia kaitseministeerium<\/strong> langes 20. detsembril Log4Shelli pahavara p\u00f5hjustatud t\u00f5sise k\u00fcberr\u00fcnnaku ohvriks, mis m\u00f5jutas administratsiooni tegevust mitu p\u00e4eva.&nbsp;<\/p>\n<!-- \/wp:paragraph -->\n\n<!-- wp:paragraph -->\n<p><strong>Belgia andmekaitseamet<\/strong> trahvis ettev\u00f5tet 10 000 euroga otseturunduse eesm\u00e4rgil andmebaasi ostmise eest, kontrollimata, kas andmed on kogutud seaduslikult.<\/p>\n<!-- \/wp:paragraph -->\n\n<!-- wp:paragraph -->\n<p>Samuti ei teavitanud ettev\u00f5te asjaomaseid isikuid sellest kaudsest kogumisest ega vastanud \u00fcksikisiku juurdep\u00e4\u00e4sutaotlusele.<\/p>\n<!-- \/wp:paragraph -->\n\n<!-- wp:paragraph -->\n<p><strong>Rahvusvaheline:<\/strong><\/p>\n<!-- \/wp:paragraph -->\n\n<!-- wp:paragraph -->\n<p><strong>Amazon <\/strong>on esitanud mitu patenditaotlust biomeetriliste tehnoloogiate kohta, mis on loodud selleks, et videotelefonikaamerad saaksid tuvastada kahtlaseid isikuid erinevate kriteeriumide alusel: l\u00f5hn, naha tekstuur, s\u00f5rmej\u00e4ljed, silmad, h\u00e4\u00e4l ja k\u00f5nnak.<\/p>\n<!-- \/wp:paragraph -->\n\n<!-- wp:paragraph -->\n<p>Seal <strong>L\u00f5una-Korea<\/strong> on alates 17. detsembrist peetud piisavat kaitsetaset pakkuvaks. Euroopa Komisjoni otsus tehti paar kuud p\u00e4rast Euroopa Liidu ja Korea vahelise vabakaubanduslepingu s\u00f5lmimist, mis j\u00f5ustus 2021. aasta juulis.<\/p>\n<!-- \/wp:paragraph -->\n\n<!-- wp:paragraph -->\n<p>Alates 15. veebruarist <strong>Hiina valitsus<\/strong> allutab rahvusvahelise \u00e4ritegevusega Hiina ettev\u00f5tted mitmetele k\u00fcberturvalisuse kontrollimeetmetele.<\/p>\n<!-- \/wp:paragraph -->\n\n<!-- wp:paragraph -->\n<p>Kontrollide eesm\u00e4rk on piirata strateegiliste andmete edastamist riigist v\u00e4lja.<\/p>\n<!-- \/wp:paragraph -->\t\t\t\t\t\t<\/div>\n\t\t\t\t<\/div>\n\t\t\t\t\t<\/div>\n\t\t<\/div>\n\t\t\t\t\t<\/div>\n\t\t<\/section>\n\t\t\t\t<section class=\"elementor-section elementor-top-section elementor-element elementor-element-f5ca4a4 ot-traditional elementor-section-boxed elementor-section-height-default elementor-section-height-default\" data-id=\"f5ca4a4\" data-element_type=\"section\">\n\t\t\t\t\t\t<div class=\"elementor-container elementor-column-gap-default\">\n\t\t\t\t\t<div class=\"elementor-column elementor-col-100 elementor-top-column elementor-element elementor-element-c5b76f1 ot-flex-column-vertical\" data-id=\"c5b76f1\" data-element_type=\"column\">\n\t\t\t<div class=\"elementor-widget-wrap elementor-element-populated\">\n\t\t\t\t\t\t<div class=\"elementor-element elementor-element-745b208 elementor-align-center elementor-widget elementor-widget-button\" data-id=\"745b208\" data-element_type=\"widget\" data-widget_type=\"button.default\">\n\t\t\t\t<div class=\"elementor-widget-container\">\n\t\t\t\t\t<div class=\"elementor-button-wrapper\">\n\t\t\t<a class=\"elementor-button elementor-button-link elementor-size-lg\" href=\"https:\/\/app.viqtor.eu\/\">\n\t\t\t\t\t\t<span class=\"elementor-button-content-wrapper\">\n\t\t\t\t\t\t<span class=\"elementor-button-icon\">\n\t\t\t\t<i aria-hidden=\"true\" class=\"fas fa-long-arrow-alt-right\"><\/i>\t\t\t<\/span>\n\t\t\t\t\t\t\t\t\t<span class=\"elementor-button-text\">Avastage Viqtor\u00ae<\/span>\n\t\t\t\t\t<\/span>\n\t\t\t\t\t<\/a>\n\t\t<\/div>\n\t\t\t\t<\/div>\n\t\t\t\t<\/div>\n\t\t\t\t\t<\/div>\n\t\t<\/div>\n\t\t\t\t\t<\/div>\n\t\t<\/section>\n\t\t\t\t<\/div>","protected":false},"excerpt":{"rendered":"<p>Uus aasta ootuste m\u00e4rgi all Legal Watch nr 42 \u2013 detsember 2021 Uus aasta ootuste m\u00e4rgi all Andmekaitse osas ei kuuluta algav aasta k\u00fcll uusi olulisi arenguid, kuid pigem arengut ja v\u00f5ib-olla ka strateegilisi otsuseid teatud aktuaalsete k\u00fcsimuste osas. Keskendume neist kolmele: [\u2026]<\/p>","protected":false},"author":1,"featured_media":5672,"comment_status":"closed","ping_status":"open","sticky":false,"template":"elementor_header_footer","format":"standard","meta":{"_acf_changed":false,"footnotes":""},"categories":[35],"tags":[],"class_list":["post-5482","post","type-post","status-publish","format-standard","has-post-thumbnail","hentry","category-veille-juridique"],"acf":[],"yoast_head":"<!-- This site is optimized with the Yoast SEO plugin v23.6 - https:\/\/yoast.com\/wordpress\/plugins\/seo\/ -->\n<title>Une nouvelle ann\u00e9e sous le signe de l\u2019expectative - Viqtor<\/title>\n<meta name=\"description\" content=\"Une nouvelle ann\u00e9e sous le signe de l\u2019expectative - Viqtor\" \/>\n<meta name=\"robots\" content=\"index, follow, max-snippet:-1, max-image-preview:large, max-video-preview:-1\" \/>\n<link rel=\"canonical\" href=\"https:\/\/viqtor.eu\/et\/une-nouvelle-annee-sous-le-signe-de-lexpectative\/\" \/>\n<meta property=\"og:locale\" content=\"et_EE\" \/>\n<meta property=\"og:type\" content=\"article\" \/>\n<meta property=\"og:title\" content=\"Une nouvelle ann\u00e9e sous le signe de l\u2019expectative - Viqtor\" \/>\n<meta property=\"og:description\" content=\"Une nouvelle ann\u00e9e sous le signe de l\u2019expectative - Viqtor\" \/>\n<meta property=\"og:url\" content=\"https:\/\/viqtor.eu\/et\/une-nouvelle-annee-sous-le-signe-de-lexpectative\/\" \/>\n<meta property=\"og:site_name\" content=\"Viqtor\" \/>\n<meta property=\"article:published_time\" content=\"2023-04-19T12:59:03+00:00\" \/>\n<meta property=\"article:modified_time\" content=\"2024-07-26T11:08:07+00:00\" \/>\n<meta property=\"og:image\" content=\"https:\/\/viqtor.eu\/wp-content\/uploads\/2026\/04\/widget-viqtor.png\" \/>\n\t<meta property=\"og:image:width\" content=\"1000\" \/>\n\t<meta property=\"og:image:height\" content=\"667\" \/>\n\t<meta property=\"og:image:type\" content=\"image\/jpeg\" \/>\n<meta name=\"author\" content=\"Bruno\" \/>\n<meta name=\"twitter:card\" content=\"summary_large_image\" \/>\n<meta name=\"twitter:label1\" content=\"Written by\" \/>\n\t<meta name=\"twitter:data1\" content=\"Bruno\" \/>\n\t<meta name=\"twitter:label2\" content=\"Est. reading time\" \/>\n\t<meta name=\"twitter:data2\" content=\"8 minutit\" \/>\n<script type=\"application\/ld+json\" class=\"yoast-schema-graph\">{\"@context\":\"https:\/\/schema.org\",\"@graph\":[{\"@type\":\"Article\",\"@id\":\"https:\/\/viqtor.eu\/une-nouvelle-annee-sous-le-signe-de-lexpectative\/#article\",\"isPartOf\":{\"@id\":\"https:\/\/viqtor.eu\/une-nouvelle-annee-sous-le-signe-de-lexpectative\/\"},\"author\":{\"name\":\"Bruno\",\"@id\":\"https:\/\/viqtor.eu\/#\/schema\/person\/3dbd9cc82a28f6cf1695c92eda0099ad\"},\"headline\":\"Une nouvelle ann\u00e9e sous le signe de l\u2019expectative\",\"datePublished\":\"2023-04-19T12:59:03+00:00\",\"dateModified\":\"2024-07-26T11:08:07+00:00\",\"mainEntityOfPage\":{\"@id\":\"https:\/\/viqtor.eu\/une-nouvelle-annee-sous-le-signe-de-lexpectative\/\"},\"wordCount\":1752,\"publisher\":{\"@id\":\"https:\/\/viqtor.eu\/#organization\"},\"image\":{\"@id\":\"https:\/\/viqtor.eu\/une-nouvelle-annee-sous-le-signe-de-lexpectative\/#primaryimage\"},\"thumbnailUrl\":\"https:\/\/viqtor.eu\/wp-content\/uploads\/2023\/04\/shutterstock_1827228413.jpg\",\"articleSection\":[\"Veille juridique\"],\"inLanguage\":\"et\"},{\"@type\":\"WebPage\",\"@id\":\"https:\/\/viqtor.eu\/une-nouvelle-annee-sous-le-signe-de-lexpectative\/\",\"url\":\"https:\/\/viqtor.eu\/une-nouvelle-annee-sous-le-signe-de-lexpectative\/\",\"name\":\"Une nouvelle ann\u00e9e sous le signe de l\u2019expectative - Viqtor\",\"isPartOf\":{\"@id\":\"https:\/\/viqtor.eu\/#website\"},\"primaryImageOfPage\":{\"@id\":\"https:\/\/viqtor.eu\/une-nouvelle-annee-sous-le-signe-de-lexpectative\/#primaryimage\"},\"image\":{\"@id\":\"https:\/\/viqtor.eu\/une-nouvelle-annee-sous-le-signe-de-lexpectative\/#primaryimage\"},\"thumbnailUrl\":\"https:\/\/viqtor.eu\/wp-content\/uploads\/2023\/04\/shutterstock_1827228413.jpg\",\"datePublished\":\"2023-04-19T12:59:03+00:00\",\"dateModified\":\"2024-07-26T11:08:07+00:00\",\"description\":\"Une nouvelle ann\u00e9e sous le signe de l\u2019expectative - Viqtor\",\"breadcrumb\":{\"@id\":\"https:\/\/viqtor.eu\/une-nouvelle-annee-sous-le-signe-de-lexpectative\/#breadcrumb\"},\"inLanguage\":\"et\",\"potentialAction\":[{\"@type\":\"ReadAction\",\"target\":[\"https:\/\/viqtor.eu\/une-nouvelle-annee-sous-le-signe-de-lexpectative\/\"]}]},{\"@type\":\"ImageObject\",\"inLanguage\":\"et\",\"@id\":\"https:\/\/viqtor.eu\/une-nouvelle-annee-sous-le-signe-de-lexpectative\/#primaryimage\",\"url\":\"https:\/\/viqtor.eu\/wp-content\/uploads\/2023\/04\/shutterstock_1827228413.jpg\",\"contentUrl\":\"https:\/\/viqtor.eu\/wp-content\/uploads\/2023\/04\/shutterstock_1827228413.jpg\",\"width\":1000,\"height\":667},{\"@type\":\"BreadcrumbList\",\"@id\":\"https:\/\/viqtor.eu\/une-nouvelle-annee-sous-le-signe-de-lexpectative\/#breadcrumb\",\"itemListElement\":[{\"@type\":\"ListItem\",\"position\":1,\"name\":\"Accueil\",\"item\":\"https:\/\/viqtor.eu\/\"},{\"@type\":\"ListItem\",\"position\":2,\"name\":\"Une nouvelle ann\u00e9e sous le signe de l\u2019expectative\"}]},{\"@type\":\"WebSite\",\"@id\":\"https:\/\/viqtor.eu\/#website\",\"url\":\"https:\/\/viqtor.eu\/\",\"name\":\"Viqtor\",\"description\":\"Faites du RGPD une opportunit\u00e9 pour votre entreprise.\",\"publisher\":{\"@id\":\"https:\/\/viqtor.eu\/#organization\"},\"potentialAction\":[{\"@type\":\"SearchAction\",\"target\":{\"@type\":\"EntryPoint\",\"urlTemplate\":\"https:\/\/viqtor.eu\/?s={search_term_string}\"},\"query-input\":{\"@type\":\"PropertyValueSpecification\",\"valueRequired\":true,\"valueName\":\"search_term_string\"}}],\"inLanguage\":\"et\"},{\"@type\":\"Organization\",\"@id\":\"https:\/\/viqtor.eu\/#organization\",\"name\":\"viqtor.eu\",\"url\":\"https:\/\/viqtor.eu\/\",\"logo\":{\"@type\":\"ImageObject\",\"inLanguage\":\"et\",\"@id\":\"https:\/\/viqtor.eu\/#\/schema\/logo\/image\/\",\"url\":\"https:\/\/viqtor.eu\/wp-content\/uploads\/2023\/06\/favicon-noir.svg\",\"contentUrl\":\"https:\/\/viqtor.eu\/wp-content\/uploads\/2023\/06\/favicon-noir.svg\",\"width\":108,\"height\":86,\"caption\":\"viqtor.eu\"},\"image\":{\"@id\":\"https:\/\/viqtor.eu\/#\/schema\/logo\/image\/\"}},{\"@type\":\"Person\",\"@id\":\"https:\/\/viqtor.eu\/#\/schema\/person\/3dbd9cc82a28f6cf1695c92eda0099ad\",\"name\":\"Bruno\",\"image\":{\"@type\":\"ImageObject\",\"inLanguage\":\"et\",\"@id\":\"https:\/\/viqtor.eu\/#\/schema\/person\/image\/\",\"url\":\"https:\/\/secure.gravatar.com\/avatar\/e5a596f9489de15bfe046e97fb771f63589b601ca7e81ccc2bb9a23582f441a3?s=96&d=mm&r=g\",\"contentUrl\":\"https:\/\/secure.gravatar.com\/avatar\/e5a596f9489de15bfe046e97fb771f63589b601ca7e81ccc2bb9a23582f441a3?s=96&d=mm&r=g\",\"caption\":\"Bruno\"},\"sameAs\":[\"https:\/\/exciting-panini.13-37-234-21.plesk.page\"],\"url\":\"https:\/\/viqtor.eu\/et\/author\/mouad_zxum2ebi\/\"}]}<\/script>\n<!-- \/ Yoast SEO plugin. -->","yoast_head_json":{"title":"Une nouvelle ann\u00e9e sous le signe de l\u2019expectative - Viqtor","description":"Une nouvelle ann\u00e9e sous le signe de l\u2019expectative - Viqtor","robots":{"index":"index","follow":"follow","max-snippet":"max-snippet:-1","max-image-preview":"max-image-preview:large","max-video-preview":"max-video-preview:-1"},"canonical":"https:\/\/viqtor.eu\/et\/une-nouvelle-annee-sous-le-signe-de-lexpectative\/","og_locale":"et_EE","og_type":"article","og_title":"Une nouvelle ann\u00e9e sous le signe de l\u2019expectative - Viqtor","og_description":"Une nouvelle ann\u00e9e sous le signe de l\u2019expectative - Viqtor","og_url":"https:\/\/viqtor.eu\/et\/une-nouvelle-annee-sous-le-signe-de-lexpectative\/","og_site_name":"Viqtor","article_published_time":"2023-04-19T12:59:03+00:00","article_modified_time":"2024-07-26T11:08:07+00:00","og_image":[{"width":1000,"height":667,"url":"https:\/\/viqtor.eu\/wp-content\/uploads\/2026\/04\/widget-viqtor.png","type":"image\/jpeg"}],"author":"Bruno","twitter_card":"summary_large_image","twitter_misc":{"Written by":"Bruno","Est. reading time":"8 minutit"},"schema":{"@context":"https:\/\/schema.org","@graph":[{"@type":"Article","@id":"https:\/\/viqtor.eu\/une-nouvelle-annee-sous-le-signe-de-lexpectative\/#article","isPartOf":{"@id":"https:\/\/viqtor.eu\/une-nouvelle-annee-sous-le-signe-de-lexpectative\/"},"author":{"name":"Bruno","@id":"https:\/\/viqtor.eu\/#\/schema\/person\/3dbd9cc82a28f6cf1695c92eda0099ad"},"headline":"Une nouvelle ann\u00e9e sous le signe de l\u2019expectative","datePublished":"2023-04-19T12:59:03+00:00","dateModified":"2024-07-26T11:08:07+00:00","mainEntityOfPage":{"@id":"https:\/\/viqtor.eu\/une-nouvelle-annee-sous-le-signe-de-lexpectative\/"},"wordCount":1752,"publisher":{"@id":"https:\/\/viqtor.eu\/#organization"},"image":{"@id":"https:\/\/viqtor.eu\/une-nouvelle-annee-sous-le-signe-de-lexpectative\/#primaryimage"},"thumbnailUrl":"https:\/\/viqtor.eu\/wp-content\/uploads\/2023\/04\/shutterstock_1827228413.jpg","articleSection":["Veille juridique"],"inLanguage":"et"},{"@type":"WebPage","@id":"https:\/\/viqtor.eu\/une-nouvelle-annee-sous-le-signe-de-lexpectative\/","url":"https:\/\/viqtor.eu\/une-nouvelle-annee-sous-le-signe-de-lexpectative\/","name":"Une nouvelle ann\u00e9e sous le signe de l\u2019expectative - Viqtor","isPartOf":{"@id":"https:\/\/viqtor.eu\/#website"},"primaryImageOfPage":{"@id":"https:\/\/viqtor.eu\/une-nouvelle-annee-sous-le-signe-de-lexpectative\/#primaryimage"},"image":{"@id":"https:\/\/viqtor.eu\/une-nouvelle-annee-sous-le-signe-de-lexpectative\/#primaryimage"},"thumbnailUrl":"https:\/\/viqtor.eu\/wp-content\/uploads\/2023\/04\/shutterstock_1827228413.jpg","datePublished":"2023-04-19T12:59:03+00:00","dateModified":"2024-07-26T11:08:07+00:00","description":"Une nouvelle ann\u00e9e sous le signe de l\u2019expectative - Viqtor","breadcrumb":{"@id":"https:\/\/viqtor.eu\/une-nouvelle-annee-sous-le-signe-de-lexpectative\/#breadcrumb"},"inLanguage":"et","potentialAction":[{"@type":"ReadAction","target":["https:\/\/viqtor.eu\/une-nouvelle-annee-sous-le-signe-de-lexpectative\/"]}]},{"@type":"ImageObject","inLanguage":"et","@id":"https:\/\/viqtor.eu\/une-nouvelle-annee-sous-le-signe-de-lexpectative\/#primaryimage","url":"https:\/\/viqtor.eu\/wp-content\/uploads\/2023\/04\/shutterstock_1827228413.jpg","contentUrl":"https:\/\/viqtor.eu\/wp-content\/uploads\/2023\/04\/shutterstock_1827228413.jpg","width":1000,"height":667},{"@type":"BreadcrumbList","@id":"https:\/\/viqtor.eu\/une-nouvelle-annee-sous-le-signe-de-lexpectative\/#breadcrumb","itemListElement":[{"@type":"ListItem","position":1,"name":"Accueil","item":"https:\/\/viqtor.eu\/"},{"@type":"ListItem","position":2,"name":"Une nouvelle ann\u00e9e sous le signe de l\u2019expectative"}]},{"@type":"WebSite","@id":"https:\/\/viqtor.eu\/#website","url":"https:\/\/viqtor.eu\/","name":"Viqtor","description":"Faites du RGPD une opportunit\u00e9 pour votre entreprise.","publisher":{"@id":"https:\/\/viqtor.eu\/#organization"},"potentialAction":[{"@type":"SearchAction","target":{"@type":"EntryPoint","urlTemplate":"https:\/\/viqtor.eu\/?s={search_term_string}"},"query-input":{"@type":"PropertyValueSpecification","valueRequired":true,"valueName":"search_term_string"}}],"inLanguage":"et"},{"@type":"Organization","@id":"https:\/\/viqtor.eu\/#organization","name":"viqtor.eu","url":"https:\/\/viqtor.eu\/","logo":{"@type":"ImageObject","inLanguage":"et","@id":"https:\/\/viqtor.eu\/#\/schema\/logo\/image\/","url":"https:\/\/viqtor.eu\/wp-content\/uploads\/2023\/06\/favicon-noir.svg","contentUrl":"https:\/\/viqtor.eu\/wp-content\/uploads\/2023\/06\/favicon-noir.svg","width":108,"height":86,"caption":"viqtor.eu"},"image":{"@id":"https:\/\/viqtor.eu\/#\/schema\/logo\/image\/"}},{"@type":"Person","@id":"https:\/\/viqtor.eu\/#\/schema\/person\/3dbd9cc82a28f6cf1695c92eda0099ad","name":"Bruno","image":{"@type":"ImageObject","inLanguage":"et","@id":"https:\/\/viqtor.eu\/#\/schema\/person\/image\/","url":"https:\/\/secure.gravatar.com\/avatar\/e5a596f9489de15bfe046e97fb771f63589b601ca7e81ccc2bb9a23582f441a3?s=96&d=mm&r=g","contentUrl":"https:\/\/secure.gravatar.com\/avatar\/e5a596f9489de15bfe046e97fb771f63589b601ca7e81ccc2bb9a23582f441a3?s=96&d=mm&r=g","caption":"Bruno"},"sameAs":["https:\/\/exciting-panini.13-37-234-21.plesk.page"],"url":"https:\/\/viqtor.eu\/et\/author\/mouad_zxum2ebi\/"}]}},"_links":{"self":[{"href":"https:\/\/viqtor.eu\/et\/wp-json\/wp\/v2\/posts\/5482","targetHints":{"allow":["GET"]}}],"collection":[{"href":"https:\/\/viqtor.eu\/et\/wp-json\/wp\/v2\/posts"}],"about":[{"href":"https:\/\/viqtor.eu\/et\/wp-json\/wp\/v2\/types\/post"}],"author":[{"embeddable":true,"href":"https:\/\/viqtor.eu\/et\/wp-json\/wp\/v2\/users\/1"}],"replies":[{"embeddable":true,"href":"https:\/\/viqtor.eu\/et\/wp-json\/wp\/v2\/comments?post=5482"}],"version-history":[{"count":9,"href":"https:\/\/viqtor.eu\/et\/wp-json\/wp\/v2\/posts\/5482\/revisions"}],"predecessor-version":[{"id":11976,"href":"https:\/\/viqtor.eu\/et\/wp-json\/wp\/v2\/posts\/5482\/revisions\/11976"}],"wp:featuredmedia":[{"embeddable":true,"href":"https:\/\/viqtor.eu\/et\/wp-json\/wp\/v2\/media\/5672"}],"wp:attachment":[{"href":"https:\/\/viqtor.eu\/et\/wp-json\/wp\/v2\/media?parent=5482"}],"wp:term":[{"taxonomy":"category","embeddable":true,"href":"https:\/\/viqtor.eu\/et\/wp-json\/wp\/v2\/categories?post=5482"},{"taxonomy":"post_tag","embeddable":true,"href":"https:\/\/viqtor.eu\/et\/wp-json\/wp\/v2\/tags?post=5482"}],"curies":[{"name":"wp","href":"https:\/\/api.w.org\/{rel}","templated":true}]}}