{"id":5324,"date":"2023-04-18T12:35:59","date_gmt":"2023-04-18T12:35:59","guid":{"rendered":"https:\/\/exciting-panini.13-37-234-21.plesk.page\/?p=5324"},"modified":"2024-07-03T11:18:55","modified_gmt":"2024-07-03T11:18:55","slug":"stopcovid-itineraire-dune-application-controversee","status":"publish","type":"post","link":"https:\/\/viqtor.eu\/et\/stopcovid-itineraire-dune-application-controversee\/","title":{"rendered":"STOPCOVID: vastuolulise rakenduse teekond"},"content":{"rendered":"<div data-elementor-type=\"wp-post\" data-elementor-id=\"5324\" class=\"elementor elementor-5324\" data-elementor-post-type=\"post\">\n\t\t\t\t\t\t<section class=\"elementor-section elementor-top-section elementor-element elementor-element-c7491d3 ot-traditional elementor-section-boxed elementor-section-height-default elementor-section-height-default\" data-id=\"c7491d3\" data-element_type=\"section\">\n\t\t\t\t\t\t<div class=\"elementor-container elementor-column-gap-default\">\n\t\t\t\t\t<div class=\"elementor-column elementor-col-100 elementor-top-column elementor-element elementor-element-71e7b20 ot-flex-column-vertical\" data-id=\"71e7b20\" data-element_type=\"column\">\n\t\t\t<div class=\"elementor-widget-wrap elementor-element-populated\">\n\t\t\t\t\t\t<div class=\"elementor-element elementor-element-1edab75 elementor-widget elementor-widget-image\" data-id=\"1edab75\" data-element_type=\"widget\" data-widget_type=\"image.default\">\n\t\t\t\t<div class=\"elementor-widget-container\">\n\t\t\t\t\t\t\t\t\t\t\t\t\t<img fetchpriority=\"high\" decoding=\"async\" width=\"1000\" height=\"667\" src=\"https:\/\/viqtor.eu\/wp-content\/uploads\/2023\/04\/STOPCOVID-Itineraire-dune-application-controversee.webp\" class=\"attachment-full size-full wp-image-11737\" alt=\"STOPCOVID\u00a0: Itin\u00e9raire d\u2019une application controvers\u00e9e\" srcset=\"https:\/\/viqtor.eu\/wp-content\/uploads\/2023\/04\/STOPCOVID-Itineraire-dune-application-controversee.webp 1000w, https:\/\/viqtor.eu\/wp-content\/uploads\/2023\/04\/STOPCOVID-Itineraire-dune-application-controversee-300x200.webp 300w, https:\/\/viqtor.eu\/wp-content\/uploads\/2023\/04\/STOPCOVID-Itineraire-dune-application-controversee-768x512.webp 768w, https:\/\/viqtor.eu\/wp-content\/uploads\/2023\/04\/STOPCOVID-Itineraire-dune-application-controversee-720x480.webp 720w\" sizes=\"(max-width: 1000px) 100vw, 1000px\" \/>\t\t\t\t\t\t\t\t\t\t\t\t\t<\/div>\n\t\t\t\t<\/div>\n\t\t\t\t\t<\/div>\n\t\t<\/div>\n\t\t\t\t\t<\/div>\n\t\t<\/section>\n\t\t\t\t<section class=\"elementor-section elementor-top-section elementor-element elementor-element-4d27d9b ot-traditional elementor-section-boxed elementor-section-height-default elementor-section-height-default\" data-id=\"4d27d9b\" data-element_type=\"section\">\n\t\t\t\t\t\t<div class=\"elementor-container elementor-column-gap-default\">\n\t\t\t\t\t<div class=\"elementor-column elementor-col-100 elementor-top-column elementor-element elementor-element-d48b484 ot-flex-column-vertical\" data-id=\"d48b484\" data-element_type=\"column\">\n\t\t\t<div class=\"elementor-widget-wrap elementor-element-populated\">\n\t\t\t\t\t\t<div class=\"elementor-element elementor-element-f33b00d elementor-widget elementor-widget-heading\" data-id=\"f33b00d\" data-element_type=\"widget\" data-widget_type=\"heading.default\">\n\t\t\t\t<div class=\"elementor-widget-container\">\n\t\t\t<h1 class=\"elementor-heading-title elementor-size-default\">STOPCOVID: vastuolulise rakenduse teekond<\/h1>\t\t<\/div>\n\t\t\t\t<\/div>\n\t\t\t\t\t<\/div>\n\t\t<\/div>\n\t\t\t\t\t<\/div>\n\t\t<\/section>\n\t\t\t\t<section class=\"elementor-section elementor-top-section elementor-element elementor-element-5ec5de8b ot-traditional elementor-section-boxed elementor-section-height-default elementor-section-height-default\" data-id=\"5ec5de8b\" data-element_type=\"section\">\n\t\t\t\t\t\t<div class=\"elementor-container elementor-column-gap-default\">\n\t\t\t\t\t<div class=\"elementor-column elementor-col-100 elementor-top-column elementor-element elementor-element-59d90667 ot-flex-column-vertical\" data-id=\"59d90667\" data-element_type=\"column\">\n\t\t\t<div class=\"elementor-widget-wrap elementor-element-populated\">\n\t\t\t\t\t\t<div class=\"elementor-element elementor-element-29a3a0a5 elementor-widget elementor-widget-text-editor\" data-id=\"29a3a0a5\" data-element_type=\"widget\" data-widget_type=\"text-editor.default\">\n\t\t\t\t<div class=\"elementor-widget-container\">\n\t\t\t\t\t\t\t<!-- wp:paragraph --><!-- \/wp:paragraph --><!-- wp:paragraph -->\n<p><strong>STOPCOVID: vastuolulise rakenduse teekond<\/strong>Ei m\u00f6\u00f6du p\u00e4evagi ilma, et nii Prantsusmaal kui ka mujal ei k\u00e4sitletaks elanikkonna &quot;karantiinist vabastamise&quot; k\u00fcsimust seoses viiruse ja selle levitajate j\u00e4lgimisega.<\/p>\n<!-- \/wp:paragraph --><!-- wp:paragraph -->\n<p>Hiljutistes arengutes mainitakse nakatunud inimeste j\u00e4lgimiseks faili loomist, mille \u00fcksikasjad esitatakse CNIL-ile l\u00e4bivaatamiseks.<\/p>\n<!-- \/wp:paragraph --><!-- wp:paragraph -->\n<p>Meedia teatas ka GAFAMi ja valitsuse vahelisest patiseisust k\u00f5ige vooruslikuma &quot;stopCovid&quot; rakenduse rakendamiseks.<\/p>\n<!-- \/wp:paragraph --><!-- wp:paragraph -->\n<p>Kuigi parlamendi arutelud selle taotluse \u00fcle on praegu peatatud, kas meil on selge n\u00e4gemus sellise digitaalse j\u00e4lgimise probleemidest ja m\u00f5judest?<\/p>\n<!-- \/wp:paragraph --><!-- wp:paragraph -->\n<p>Kas see on riikliku suver\u00e4\u00e4nsuse k\u00fcsimus, andmekontrolli k\u00fcsimus v\u00f5i, proosalisemalt \u00f6eldes, \u201elihtsad\u201d tehnilised valikud?<\/p>\n<!-- \/wp:paragraph --><!-- wp:paragraph -->\n<p>See k\u00fcsimus on oluline, sest see ei puuduta ainult Prantsusmaad, vaid enamikku Euroopa riike ja teisi pandeemiaga toimetulekuks p\u00fc\u00fcdvaid osariike.<\/p>\n<!-- \/wp:paragraph --><!-- wp:paragraph -->\n<p>Protokollid ja nende m\u00f5ju andmet\u00f6\u00f6tlusele<\/p>\n<!-- \/wp:paragraph --><!-- wp:paragraph -->\n<p>PEPP-PT (privaatsust s\u00e4ilitav l\u00e4hedusj\u00e4lgimine) projekt oli algselt m\u00f5eldud selleks, et v\u00f5imaldada rakenduste arendamist Euroopas \u00fchtlustatud alusel ja seadustega koosk\u00f5las.<\/p>\n<!-- \/wp:paragraph --><!-- wp:paragraph -->\n<p>Eesm\u00e4rk on teavitada inimest, et ta on olnud kontaktis nakatunud inimesega, kasutades selleks nutitelefoni Bluetooth-tehnoloogiat, ilma teda geograafiliselt asaskohata.<\/p>\n<!-- \/wp:paragraph --><!-- wp:paragraph -->\n<p>Kuigi PEPP-PT n\u00e4is esialgu toetust leidvat, distantseerisid sajad teadlased end sellest ja v\u00f5tsid avalikus kirjas seisukoha detsentraliseeritud l\u00e4henemisviisil, n\u00e4iteks DP-3T-l (detsentraliseeritud privaatsust s\u00e4ilitav l\u00e4heduse j\u00e4lgimine), p\u00f5hineva protokolli poolt, nii et andmeid hoitakse lokaalselt: see pakuks paremaid tagatisi andmeturbe ja kolmandate isikute poolt andmete omastamise v\u00f5i muul otstarbel kasutamise ohtude osas.<\/p>\n<!-- \/wp:paragraph --><!-- wp:paragraph -->\n<p>Pidagem meeles, et andmete lokaalne s\u00e4ilitamine on proportsionaalsuse ja privaatsuse sisseprojekteerimise p\u00f5him\u00f5te, mida on rakendatud ka teistes kontekstides, n\u00e4iteks biomeetriliste andmete t\u00f6\u00f6tlemisel.<\/p>\n<!-- \/wp:paragraph --><!-- wp:paragraph -->\n<p>\u00a0<\/p>\n<!-- \/wp:paragraph --><!-- wp:paragraph -->\n<p>CNIL-il on selles k\u00fcsimuses selge seisukoht, mida v\u00f5ib leida eelk\u00f5ige selle teatisest biomeetriliste andmete kasutamise kohta nutitelefonides v\u00f5i t\u00f6\u00f6kohal.\u00a0<\/p>\n<!-- \/wp:paragraph --><!-- wp:paragraph -->\n<p>Google&#039;i ja Apple&#039;i rakendatud t\u00f6\u00f6riistad t\u00f6\u00f6tati v\u00e4lja (eelk\u00f5ige) DP-3T protokollis soovitatud kohaliku salvestusruumi perspektiivi abil, et v\u00e4ltida kasutajate s\u00fclearvutite andmete liigset pealet\u00fckkivat kasutamist.<\/p>\n<!-- \/wp:paragraph --><!-- wp:paragraph -->\n<p>Probleem seisneb selles, et Prantsusmaa (ja esialgu Saksamaa, kes on sellest ajast peale meelt muutnud) arendab Roberti protokollil p\u00f5hineva rakenduse (ROBust ja privaatsust s\u00e4ilitava l\u00e4hedusj\u00e4lgimise jaoks), mis ei saa Apple&#039;i ja Google&#039;i pakutud funktsioonide alusel t\u00f6\u00f6tada, kuna Bluetoothi ja andmete tsentraliseerimise osas on erin\u00f5uded (\u00fcksikasjad on siin selgelt lahti seletatud).<\/p>\n<!-- \/wp:paragraph --><!-- wp:paragraph -->\n<p>See iseenesest ei t\u00e4henda, et Prantsuse taotlus rikub andmekaitse p\u00f5him\u00f5tteid: tagatised (eriti pseudon\u00fcmiseerimise osas) on esitatud ja CNIL on k\u00fcll esitanud m\u00f5ned t\u00e4helepanekud, kuid andnud soodsa arvamuse.<\/p>\n<!-- \/wp:paragraph --><!-- wp:paragraph -->\n<p>Aga kui Prantsusmaa rakendab ettevaatusabin\u00f5usid, siis kui paljud teised enam-v\u00e4hem demokraatlikud riigid kasutaksid \u00e4ra Apple&#039;i ja Google&#039;i pakutavaid &quot;\u00e0 la carte&quot; funktsioone, et oma elanikkonna \u00fcle palju pealet\u00fckkivamat j\u00e4lgimist teostada?<\/p>\n<!-- \/wp:paragraph --><!-- wp:paragraph -->\n<p>See selgitab \u2013 osaliselt \u2013 veebihiiglaste vastumeelsust ja praegust ummikseisu olukorras.<\/p>\n<!-- \/wp:paragraph --><!-- wp:paragraph -->\n<p>Euroopa \u00dclemkogu eesistujariik on selle punkti lisanud oma 5. mai kohtumise p\u00e4evakorda, mille k\u00e4igus p\u00fc\u00fcavad ELi telekommunikatsiooniministrid leida \u00fchise l\u00e4henemisviisi.<\/p>\n<!-- \/wp:paragraph --><!-- wp:paragraph -->\n<p><strong>\u00d5iguslik raamistik<\/strong><\/p>\n<!-- \/wp:paragraph --><!-- wp:paragraph -->\n<p>Lisaks neile tehnilistele aspektidele tekitab kontaktandmete haldamine seda t\u00fc\u00fcpi rakenduse kaudu tavap\u00e4raseid \u00f5iguslikke probleeme: t\u00e4psustame kohe alguses, et andmed ei ole anon\u00fc\u00fcmsed, vaid pseudon\u00fc\u00fcmsed, mis viib isikuandmete kaitse \u00fcldm\u00e4\u00e4ruse ja telekommunikatsiooniandmete kaitse p\u00f5him\u00f5tete kohaldamiseni.<\/p>\n<!-- \/wp:paragraph --><!-- wp:paragraph -->\n<p>Lisaks rakenduse vabatahtlikule kasutamisele saab valitsus seda t\u00fc\u00fcpi tundlikke andmeid t\u00f6\u00f6delda ainult siis, kui tal on selleks konkreetne \u00f5iguslik alus.<\/p>\n<!-- \/wp:paragraph --><!-- wp:paragraph -->\n<p>Lisaks tuleb tagada t\u00f6\u00f6tlemise l\u00e4bipaistvus, andmed peavad olema kaitstud ja nende kustutamine tuleb planeerida rangete t\u00e4htaegade piires.<\/p>\n<!-- \/wp:paragraph --><!-- wp:paragraph -->\n<p>Olgu selleks siis CNIL, EDPB (Euroopa CNIL-ide grupp), Euroopa andmekaitseinspektor (EDPS) 27. aprillil Senatis toimunud kuulamisel v\u00f5i Euroopa N\u00f5ukogu, juhivad j\u00e4relevalveasutused t\u00e4helepanu sellele, et \u00fckski s\u00fcsteem, olgu see siis tsentraliseeritud v\u00f5i detsentraliseeritud s\u00fcsteem, ei saa t\u00e4ielikult v\u00e4ltida haavatavusi ja taasidentifitseerimise riske.<\/p>\n<!-- \/wp:paragraph --><!-- wp:paragraph -->\n<p>Nad n\u00f5ustuvad rakenduste kavandamisel ja kasutamisel v\u00f5etavate ettevaatusabin\u00f5udega, kuid r\u00f5hutavad ennek\u00f5ike seda t\u00fc\u00fcpi t\u00f6\u00f6riista mittetriviaalset olemust, viidates h\u00e4daolukordade pikendamise ja elanikkonna varjatud j\u00e4lgimisega harjumise ohule.\u00a0<\/p>\n<!-- \/wp:paragraph --><!-- wp:paragraph -->\n<p>\u00a0<\/p>\n<!-- \/wp:paragraph --><!-- wp:paragraph -->\n<p>Samas vaimus v\u00f5ime tuua n\u00e4iteid tudengitest, kes peavad t\u00e4nap\u00e4eval harjuma sellega, et \u00f5petaja teeb distantsilt eksami sooritades nende terminalist regulaarselt ekraanipilte ning kes v\u00f5ivad seda t\u00fc\u00fcpi sissetungi teistes kontekstides l\u00f5puks normaalseks pidada.<\/p>\n<!-- \/wp:paragraph --><!-- wp:paragraph -->\n<p>Seega on eelk\u00f5ige k\u00fcsimus selles, et ei tohiks k\u00f5rvale hiilida p\u00f5him\u00f5ttelisest k\u00fcsimusest, milleks on meetme vajalikkus, selle m\u00f5ju ja proportsionaalsus seoses tagaj\u00e4rgedega \u00fcksikisikute p\u00f5hi\u00f5igustele.<\/p>\n<!-- \/wp:paragraph --><!-- wp:paragraph -->\n<p>Ja ka:<\/p>\n<!-- \/wp:paragraph --><!-- wp:list -->\n<ul><!-- wp:list-item -->\n<li><strong>Prantsusmaal:<\/strong><\/li>\n<!-- \/wp:list-item --><\/ul>\n<!-- \/wp:list --><!-- wp:paragraph -->\n<p>Lisaks m\u00e4rkimisv\u00e4\u00e4rsele hulgale <strong>pandeemia ohjamisega seotud praktilised lehed<\/strong> teadusuuringute, t\u00f6\u00f6suhete ja \u00fcksikisikute j\u00e4lgimise kontekstis k\u00e4ivitas CNIL \u00e4sja <strong>avalik konsultatsioon alaealiste \u00f5iguste kohta digikeskkonnas.<\/strong> See on avatud kuni 1. juunini 2020.<\/p>\n<!-- \/wp:paragraph --><!-- wp:list -->\n<ul><!-- wp:list-item -->\n<li><strong>Euroopa ja rahvusvaheline:<\/strong><\/li>\n<!-- \/wp:list-item --><\/ul>\n<!-- \/wp:list --><!-- wp:paragraph -->\n<p><strong>Euroopa Andmekaitsen\u00f5ukogu (EDPB)<\/strong>) v\u00f5ttis vastu mitu dokumenti, mille eesm\u00e4rk on suunata avaliku sektori asutusi ja ettev\u00f5tteid andmehalduse kontekstis pandeemia kontekstis: see keskendus eelk\u00f5ige meditsiiniuuringute eesm\u00e4rgil andmete t\u00f6\u00f6tlemise tingimustele, nende andmete rahvusvahelisele edastamisele ning j\u00e4lgimisele ja asukoha m\u00e4\u00e4ramisele mobiilterminalide kaudu.<\/p>\n<!-- \/wp:paragraph --><!-- wp:paragraph -->\n<p>Rahvusvahelisel tasandil on k\u00f5igi ametiasutuste dokumendid k\u00e4ttesaadavad Global Privacy Assembly veebisaidil.<\/p>\n<!-- \/wp:paragraph --><!-- wp:paragraph -->\n<p><strong>BEUC (Euroopa Tarbijate Organisatsioon)<\/strong> teatas 21. aprillil \u00fchismeetmest enam kui 40 tarbija\u00f5iguste ja -vabaduste organisatsiooniga seoses reklaamtehnoloogia t\u00f6\u00f6stuse laialdase j\u00e4litustegevuse ja digitaalse j\u00e4lgimisega.<\/p>\n<!-- \/wp:paragraph --><!-- wp:paragraph -->\n<p><strong>Belgia <\/strong>Andmekaitseasutus on kehtestanud <strong>50 000 euro suurune trahv andmekaitseametniku s\u00f5ltumatuse p\u00f5him\u00f5tte rikkumise eest<\/strong> Vaidluste koda leidis seega, et selle funktsiooni akumuleerimine riski-, auditi- ja vastavusosakonna direktori \u00fclesannetega kujutab endast huvide konflikti.<\/p>\n<!-- \/wp:paragraph --><!-- wp:paragraph -->\n<p><strong>Holland: <\/strong>Hollandi j\u00e4relevalveasutus m\u00e4\u00e4ras aprilli l\u00f5pus oma suurima trahvi summas <strong>725 000 \u20ac,<\/strong> ettev\u00f5tte vastu, mis t\u00f6\u00f6tles<strong> oma t\u00f6\u00f6tajate s\u00f5rmej\u00e4lgede v\u00f5tmine ilma tegeliku p\u00f5hjenduseta <\/strong>turvalisuse m\u00f5ttes.<\/p>\n<!-- \/wp:paragraph --><!-- wp:paragraph -->\n<p><em>Anne Christine Lacoste<\/em><\/p>\n<!-- \/wp:paragraph --><!-- wp:paragraph -->\n<p><em>Andme\u00f5igusele spetsialiseerunud juristina oli ta Euroopa Andmekaitseinspektori rahvusvaheliste suhete juht ja tegeles isikuandmete kaitse \u00fcldm\u00e4\u00e4ruse (GDPR) rakendamisega Euroopa Liidus.<\/em><\/p>\n<!-- \/wp:paragraph --><!-- wp:image {\"id\":5325,\"sizeSlug\":\"full\",\"linkDestination\":\"none\"} -->\n<figure class=\"wp-block-image size-full\"><img decoding=\"async\" width=\"479\" height=\"551\" class=\"wp-image-5325\" src=\"https:\/\/exciting-panini.13-37-234-21.plesk.page\/wp-content\/uploads\/2023\/04\/image.png\" alt=\"\" srcset=\"https:\/\/viqtor.eu\/wp-content\/uploads\/2023\/04\/image.png 479w, https:\/\/viqtor.eu\/wp-content\/uploads\/2023\/04\/image-261x300.png 261w\" sizes=\"(max-width: 479px) 100vw, 479px\" \/><\/figure>\n<!-- \/wp:image --><!-- wp:paragraph -->\n<p><em>Kaugt\u00f6\u00f6 laiendamise osana on amet l\u00e4bi viinud ka peamiste videokonverentsis\u00fcsteemide v\u00e4ga detailse v\u00f5rdluse andmekaitse osas. Veebis on saadaval ainult hollandikeelne versioon, mist\u00f5ttu lisame mitteametliku ingliskeelse t\u00f5lke t\u00e4ismahus (t\u00e4nud Christopher Schmidtile). Sellele nimekirjale peaksime lisama ka Tixeo lahenduse, mida CNIL mainib oma videokonverentsi soovitustes ja mille on sertifitseerinud ANSSI.<\/em><\/p>\n<!-- \/wp:paragraph -->\t\t\t\t\t\t<\/div>\n\t\t\t\t<\/div>\n\t\t\t\t\t<\/div>\n\t\t<\/div>\n\t\t\t\t\t<\/div>\n\t\t<\/section>\n\t\t\t\t<section class=\"elementor-section elementor-top-section elementor-element elementor-element-58ffbb3 ot-traditional elementor-section-boxed elementor-section-height-default elementor-section-height-default\" data-id=\"58ffbb3\" data-element_type=\"section\">\n\t\t\t\t\t\t<div class=\"elementor-container elementor-column-gap-default\">\n\t\t\t\t\t<div class=\"elementor-column elementor-col-100 elementor-top-column elementor-element elementor-element-33e3bcd ot-flex-column-vertical\" data-id=\"33e3bcd\" data-element_type=\"column\">\n\t\t\t<div class=\"elementor-widget-wrap elementor-element-populated\">\n\t\t\t\t\t\t<div class=\"elementor-element elementor-element-b16053b elementor-align-center elementor-widget elementor-widget-button\" data-id=\"b16053b\" data-element_type=\"widget\" data-widget_type=\"button.default\">\n\t\t\t\t<div class=\"elementor-widget-container\">\n\t\t\t\t\t<div class=\"elementor-button-wrapper\">\n\t\t\t<a class=\"elementor-button elementor-button-link elementor-size-lg\" href=\"https:\/\/app.viqtor.eu\/\">\n\t\t\t\t\t\t<span class=\"elementor-button-content-wrapper\">\n\t\t\t\t\t\t<span class=\"elementor-button-icon\">\n\t\t\t\t<i aria-hidden=\"true\" class=\"fas fa-long-arrow-alt-right\"><\/i>\t\t\t<\/span>\n\t\t\t\t\t\t\t\t\t<span class=\"elementor-button-text\">Avastage Viqtor\u00ae<\/span>\n\t\t\t\t\t<\/span>\n\t\t\t\t\t<\/a>\n\t\t<\/div>\n\t\t\t\t<\/div>\n\t\t\t\t<\/div>\n\t\t\t\t\t<\/div>\n\t\t<\/div>\n\t\t\t\t\t<\/div>\n\t\t<\/section>\n\t\t\t\t<\/div>","protected":false},"excerpt":{"rendered":"<p>STOPCOVID: Vaieldava rakenduse teekond STOPCOVID: Vaieldava rakenduse teekond. Pole p\u00e4evagi m\u00f6\u00f6das, ilma et nii Prantsusmaal kui ka mujal k\u00e4sitletaks elanikkonna &quot;karantiinist vabastamise&quot; k\u00fcsimust seoses viiruse ja seda levitavate isikute j\u00e4lgimisega. Hiljutised arengud mainivad faili loomist [\u2026]<\/p>","protected":false},"author":1,"featured_media":5742,"comment_status":"closed","ping_status":"open","sticky":false,"template":"elementor_header_footer","format":"standard","meta":{"_acf_changed":false,"footnotes":""},"categories":[35],"tags":[],"class_list":["post-5324","post","type-post","status-publish","format-standard","has-post-thumbnail","hentry","category-veille-juridique"],"acf":[],"yoast_head":"<!-- This site is optimized with the Yoast SEO plugin v23.6 - https:\/\/yoast.com\/wordpress\/plugins\/seo\/ -->\n<title>STOPCOVID\u00a0: Itin\u00e9raire d\u2019une application controvers\u00e9e - Viqtor<\/title>\n<meta name=\"description\" content=\"STOPCOVID\u00a0: Itin\u00e9raire d\u2019une application controvers\u00e9e Veille juridique - Viqtor\" \/>\n<meta name=\"robots\" content=\"index, follow, max-snippet:-1, max-image-preview:large, max-video-preview:-1\" \/>\n<link rel=\"canonical\" href=\"https:\/\/viqtor.eu\/et\/stopcovid-itineraire-dune-application-controversee\/\" \/>\n<meta property=\"og:locale\" content=\"et_EE\" \/>\n<meta property=\"og:type\" content=\"article\" \/>\n<meta property=\"og:title\" content=\"STOPCOVID\u00a0: Itin\u00e9raire d\u2019une application controvers\u00e9e - Viqtor\" \/>\n<meta property=\"og:description\" content=\"STOPCOVID\u00a0: Itin\u00e9raire d\u2019une application controvers\u00e9e Veille juridique - Viqtor\" \/>\n<meta property=\"og:url\" content=\"https:\/\/viqtor.eu\/et\/stopcovid-itineraire-dune-application-controversee\/\" \/>\n<meta property=\"og:site_name\" content=\"Viqtor\" \/>\n<meta property=\"article:published_time\" content=\"2023-04-18T12:35:59+00:00\" \/>\n<meta property=\"article:modified_time\" content=\"2024-07-03T11:18:55+00:00\" \/>\n<meta property=\"og:image\" content=\"https:\/\/viqtor.eu\/wp-content\/uploads\/2026\/04\/widget-viqtor.png\" \/>\n\t<meta property=\"og:image:width\" content=\"1000\" \/>\n\t<meta property=\"og:image:height\" content=\"667\" \/>\n\t<meta property=\"og:image:type\" content=\"image\/jpeg\" \/>\n<meta name=\"author\" content=\"Bruno\" \/>\n<meta name=\"twitter:card\" content=\"summary_large_image\" \/>\n<meta name=\"twitter:label1\" content=\"Written by\" \/>\n\t<meta name=\"twitter:data1\" content=\"Bruno\" \/>\n\t<meta name=\"twitter:label2\" content=\"Est. reading time\" \/>\n\t<meta name=\"twitter:data2\" content=\"7 minutit\" \/>\n<script type=\"application\/ld+json\" class=\"yoast-schema-graph\">{\"@context\":\"https:\/\/schema.org\",\"@graph\":[{\"@type\":\"Article\",\"@id\":\"https:\/\/viqtor.eu\/stopcovid-itineraire-dune-application-controversee\/#article\",\"isPartOf\":{\"@id\":\"https:\/\/viqtor.eu\/stopcovid-itineraire-dune-application-controversee\/\"},\"author\":{\"name\":\"Bruno\",\"@id\":\"https:\/\/viqtor.eu\/#\/schema\/person\/3dbd9cc82a28f6cf1695c92eda0099ad\"},\"headline\":\"STOPCOVID\u00a0: Itin\u00e9raire d\u2019une application controvers\u00e9e\",\"datePublished\":\"2023-04-18T12:35:59+00:00\",\"dateModified\":\"2024-07-03T11:18:55+00:00\",\"mainEntityOfPage\":{\"@id\":\"https:\/\/viqtor.eu\/stopcovid-itineraire-dune-application-controversee\/\"},\"wordCount\":1501,\"publisher\":{\"@id\":\"https:\/\/viqtor.eu\/#organization\"},\"image\":{\"@id\":\"https:\/\/viqtor.eu\/stopcovid-itineraire-dune-application-controversee\/#primaryimage\"},\"thumbnailUrl\":\"https:\/\/viqtor.eu\/wp-content\/uploads\/2023\/04\/shutterstock_1891274599.jpg\",\"articleSection\":[\"Veille juridique\"],\"inLanguage\":\"et\"},{\"@type\":\"WebPage\",\"@id\":\"https:\/\/viqtor.eu\/stopcovid-itineraire-dune-application-controversee\/\",\"url\":\"https:\/\/viqtor.eu\/stopcovid-itineraire-dune-application-controversee\/\",\"name\":\"STOPCOVID\u00a0: Itin\u00e9raire d\u2019une application controvers\u00e9e - Viqtor\",\"isPartOf\":{\"@id\":\"https:\/\/viqtor.eu\/#website\"},\"primaryImageOfPage\":{\"@id\":\"https:\/\/viqtor.eu\/stopcovid-itineraire-dune-application-controversee\/#primaryimage\"},\"image\":{\"@id\":\"https:\/\/viqtor.eu\/stopcovid-itineraire-dune-application-controversee\/#primaryimage\"},\"thumbnailUrl\":\"https:\/\/viqtor.eu\/wp-content\/uploads\/2023\/04\/shutterstock_1891274599.jpg\",\"datePublished\":\"2023-04-18T12:35:59+00:00\",\"dateModified\":\"2024-07-03T11:18:55+00:00\",\"description\":\"STOPCOVID\u00a0: Itin\u00e9raire d\u2019une application controvers\u00e9e Veille juridique - Viqtor\",\"breadcrumb\":{\"@id\":\"https:\/\/viqtor.eu\/stopcovid-itineraire-dune-application-controversee\/#breadcrumb\"},\"inLanguage\":\"et\",\"potentialAction\":[{\"@type\":\"ReadAction\",\"target\":[\"https:\/\/viqtor.eu\/stopcovid-itineraire-dune-application-controversee\/\"]}]},{\"@type\":\"ImageObject\",\"inLanguage\":\"et\",\"@id\":\"https:\/\/viqtor.eu\/stopcovid-itineraire-dune-application-controversee\/#primaryimage\",\"url\":\"https:\/\/viqtor.eu\/wp-content\/uploads\/2023\/04\/shutterstock_1891274599.jpg\",\"contentUrl\":\"https:\/\/viqtor.eu\/wp-content\/uploads\/2023\/04\/shutterstock_1891274599.jpg\",\"width\":1000,\"height\":667},{\"@type\":\"BreadcrumbList\",\"@id\":\"https:\/\/viqtor.eu\/stopcovid-itineraire-dune-application-controversee\/#breadcrumb\",\"itemListElement\":[{\"@type\":\"ListItem\",\"position\":1,\"name\":\"Accueil\",\"item\":\"https:\/\/viqtor.eu\/\"},{\"@type\":\"ListItem\",\"position\":2,\"name\":\"STOPCOVID\u00a0: Itin\u00e9raire d\u2019une application controvers\u00e9e\"}]},{\"@type\":\"WebSite\",\"@id\":\"https:\/\/viqtor.eu\/#website\",\"url\":\"https:\/\/viqtor.eu\/\",\"name\":\"Viqtor\",\"description\":\"Faites du RGPD une opportunit\u00e9 pour votre entreprise.\",\"publisher\":{\"@id\":\"https:\/\/viqtor.eu\/#organization\"},\"potentialAction\":[{\"@type\":\"SearchAction\",\"target\":{\"@type\":\"EntryPoint\",\"urlTemplate\":\"https:\/\/viqtor.eu\/?s={search_term_string}\"},\"query-input\":{\"@type\":\"PropertyValueSpecification\",\"valueRequired\":true,\"valueName\":\"search_term_string\"}}],\"inLanguage\":\"et\"},{\"@type\":\"Organization\",\"@id\":\"https:\/\/viqtor.eu\/#organization\",\"name\":\"viqtor.eu\",\"url\":\"https:\/\/viqtor.eu\/\",\"logo\":{\"@type\":\"ImageObject\",\"inLanguage\":\"et\",\"@id\":\"https:\/\/viqtor.eu\/#\/schema\/logo\/image\/\",\"url\":\"https:\/\/viqtor.eu\/wp-content\/uploads\/2023\/06\/favicon-noir.svg\",\"contentUrl\":\"https:\/\/viqtor.eu\/wp-content\/uploads\/2023\/06\/favicon-noir.svg\",\"width\":108,\"height\":86,\"caption\":\"viqtor.eu\"},\"image\":{\"@id\":\"https:\/\/viqtor.eu\/#\/schema\/logo\/image\/\"}},{\"@type\":\"Person\",\"@id\":\"https:\/\/viqtor.eu\/#\/schema\/person\/3dbd9cc82a28f6cf1695c92eda0099ad\",\"name\":\"Bruno\",\"image\":{\"@type\":\"ImageObject\",\"inLanguage\":\"et\",\"@id\":\"https:\/\/viqtor.eu\/#\/schema\/person\/image\/\",\"url\":\"https:\/\/secure.gravatar.com\/avatar\/e5a596f9489de15bfe046e97fb771f63589b601ca7e81ccc2bb9a23582f441a3?s=96&d=mm&r=g\",\"contentUrl\":\"https:\/\/secure.gravatar.com\/avatar\/e5a596f9489de15bfe046e97fb771f63589b601ca7e81ccc2bb9a23582f441a3?s=96&d=mm&r=g\",\"caption\":\"Bruno\"},\"sameAs\":[\"https:\/\/exciting-panini.13-37-234-21.plesk.page\"],\"url\":\"https:\/\/viqtor.eu\/et\/author\/mouad_zxum2ebi\/\"}]}<\/script>\n<!-- \/ Yoast SEO plugin. -->","yoast_head_json":{"title":"STOPCOVID\u00a0: Itin\u00e9raire d\u2019une application controvers\u00e9e - Viqtor","description":"STOPCOVID\u00a0: Itin\u00e9raire d\u2019une application controvers\u00e9e Veille juridique - Viqtor","robots":{"index":"index","follow":"follow","max-snippet":"max-snippet:-1","max-image-preview":"max-image-preview:large","max-video-preview":"max-video-preview:-1"},"canonical":"https:\/\/viqtor.eu\/et\/stopcovid-itineraire-dune-application-controversee\/","og_locale":"et_EE","og_type":"article","og_title":"STOPCOVID\u00a0: Itin\u00e9raire d\u2019une application controvers\u00e9e - Viqtor","og_description":"STOPCOVID\u00a0: Itin\u00e9raire d\u2019une application controvers\u00e9e Veille juridique - Viqtor","og_url":"https:\/\/viqtor.eu\/et\/stopcovid-itineraire-dune-application-controversee\/","og_site_name":"Viqtor","article_published_time":"2023-04-18T12:35:59+00:00","article_modified_time":"2024-07-03T11:18:55+00:00","og_image":[{"width":1000,"height":667,"url":"https:\/\/viqtor.eu\/wp-content\/uploads\/2026\/04\/widget-viqtor.png","type":"image\/jpeg"}],"author":"Bruno","twitter_card":"summary_large_image","twitter_misc":{"Written by":"Bruno","Est. reading time":"7 minutit"},"schema":{"@context":"https:\/\/schema.org","@graph":[{"@type":"Article","@id":"https:\/\/viqtor.eu\/stopcovid-itineraire-dune-application-controversee\/#article","isPartOf":{"@id":"https:\/\/viqtor.eu\/stopcovid-itineraire-dune-application-controversee\/"},"author":{"name":"Bruno","@id":"https:\/\/viqtor.eu\/#\/schema\/person\/3dbd9cc82a28f6cf1695c92eda0099ad"},"headline":"STOPCOVID\u00a0: Itin\u00e9raire d\u2019une application controvers\u00e9e","datePublished":"2023-04-18T12:35:59+00:00","dateModified":"2024-07-03T11:18:55+00:00","mainEntityOfPage":{"@id":"https:\/\/viqtor.eu\/stopcovid-itineraire-dune-application-controversee\/"},"wordCount":1501,"publisher":{"@id":"https:\/\/viqtor.eu\/#organization"},"image":{"@id":"https:\/\/viqtor.eu\/stopcovid-itineraire-dune-application-controversee\/#primaryimage"},"thumbnailUrl":"https:\/\/viqtor.eu\/wp-content\/uploads\/2023\/04\/shutterstock_1891274599.jpg","articleSection":["Veille juridique"],"inLanguage":"et"},{"@type":"WebPage","@id":"https:\/\/viqtor.eu\/stopcovid-itineraire-dune-application-controversee\/","url":"https:\/\/viqtor.eu\/stopcovid-itineraire-dune-application-controversee\/","name":"STOPCOVID\u00a0: Itin\u00e9raire d\u2019une application controvers\u00e9e - Viqtor","isPartOf":{"@id":"https:\/\/viqtor.eu\/#website"},"primaryImageOfPage":{"@id":"https:\/\/viqtor.eu\/stopcovid-itineraire-dune-application-controversee\/#primaryimage"},"image":{"@id":"https:\/\/viqtor.eu\/stopcovid-itineraire-dune-application-controversee\/#primaryimage"},"thumbnailUrl":"https:\/\/viqtor.eu\/wp-content\/uploads\/2023\/04\/shutterstock_1891274599.jpg","datePublished":"2023-04-18T12:35:59+00:00","dateModified":"2024-07-03T11:18:55+00:00","description":"STOPCOVID\u00a0: Itin\u00e9raire d\u2019une application controvers\u00e9e Veille juridique - Viqtor","breadcrumb":{"@id":"https:\/\/viqtor.eu\/stopcovid-itineraire-dune-application-controversee\/#breadcrumb"},"inLanguage":"et","potentialAction":[{"@type":"ReadAction","target":["https:\/\/viqtor.eu\/stopcovid-itineraire-dune-application-controversee\/"]}]},{"@type":"ImageObject","inLanguage":"et","@id":"https:\/\/viqtor.eu\/stopcovid-itineraire-dune-application-controversee\/#primaryimage","url":"https:\/\/viqtor.eu\/wp-content\/uploads\/2023\/04\/shutterstock_1891274599.jpg","contentUrl":"https:\/\/viqtor.eu\/wp-content\/uploads\/2023\/04\/shutterstock_1891274599.jpg","width":1000,"height":667},{"@type":"BreadcrumbList","@id":"https:\/\/viqtor.eu\/stopcovid-itineraire-dune-application-controversee\/#breadcrumb","itemListElement":[{"@type":"ListItem","position":1,"name":"Accueil","item":"https:\/\/viqtor.eu\/"},{"@type":"ListItem","position":2,"name":"STOPCOVID\u00a0: Itin\u00e9raire d\u2019une application controvers\u00e9e"}]},{"@type":"WebSite","@id":"https:\/\/viqtor.eu\/#website","url":"https:\/\/viqtor.eu\/","name":"Viqtor","description":"Faites du RGPD une opportunit\u00e9 pour votre entreprise.","publisher":{"@id":"https:\/\/viqtor.eu\/#organization"},"potentialAction":[{"@type":"SearchAction","target":{"@type":"EntryPoint","urlTemplate":"https:\/\/viqtor.eu\/?s={search_term_string}"},"query-input":{"@type":"PropertyValueSpecification","valueRequired":true,"valueName":"search_term_string"}}],"inLanguage":"et"},{"@type":"Organization","@id":"https:\/\/viqtor.eu\/#organization","name":"viqtor.eu","url":"https:\/\/viqtor.eu\/","logo":{"@type":"ImageObject","inLanguage":"et","@id":"https:\/\/viqtor.eu\/#\/schema\/logo\/image\/","url":"https:\/\/viqtor.eu\/wp-content\/uploads\/2023\/06\/favicon-noir.svg","contentUrl":"https:\/\/viqtor.eu\/wp-content\/uploads\/2023\/06\/favicon-noir.svg","width":108,"height":86,"caption":"viqtor.eu"},"image":{"@id":"https:\/\/viqtor.eu\/#\/schema\/logo\/image\/"}},{"@type":"Person","@id":"https:\/\/viqtor.eu\/#\/schema\/person\/3dbd9cc82a28f6cf1695c92eda0099ad","name":"Bruno","image":{"@type":"ImageObject","inLanguage":"et","@id":"https:\/\/viqtor.eu\/#\/schema\/person\/image\/","url":"https:\/\/secure.gravatar.com\/avatar\/e5a596f9489de15bfe046e97fb771f63589b601ca7e81ccc2bb9a23582f441a3?s=96&d=mm&r=g","contentUrl":"https:\/\/secure.gravatar.com\/avatar\/e5a596f9489de15bfe046e97fb771f63589b601ca7e81ccc2bb9a23582f441a3?s=96&d=mm&r=g","caption":"Bruno"},"sameAs":["https:\/\/exciting-panini.13-37-234-21.plesk.page"],"url":"https:\/\/viqtor.eu\/et\/author\/mouad_zxum2ebi\/"}]}},"_links":{"self":[{"href":"https:\/\/viqtor.eu\/et\/wp-json\/wp\/v2\/posts\/5324","targetHints":{"allow":["GET"]}}],"collection":[{"href":"https:\/\/viqtor.eu\/et\/wp-json\/wp\/v2\/posts"}],"about":[{"href":"https:\/\/viqtor.eu\/et\/wp-json\/wp\/v2\/types\/post"}],"author":[{"embeddable":true,"href":"https:\/\/viqtor.eu\/et\/wp-json\/wp\/v2\/users\/1"}],"replies":[{"embeddable":true,"href":"https:\/\/viqtor.eu\/et\/wp-json\/wp\/v2\/comments?post=5324"}],"version-history":[{"count":6,"href":"https:\/\/viqtor.eu\/et\/wp-json\/wp\/v2\/posts\/5324\/revisions"}],"predecessor-version":[{"id":11740,"href":"https:\/\/viqtor.eu\/et\/wp-json\/wp\/v2\/posts\/5324\/revisions\/11740"}],"wp:featuredmedia":[{"embeddable":true,"href":"https:\/\/viqtor.eu\/et\/wp-json\/wp\/v2\/media\/5742"}],"wp:attachment":[{"href":"https:\/\/viqtor.eu\/et\/wp-json\/wp\/v2\/media?parent=5324"}],"wp:term":[{"taxonomy":"category","embeddable":true,"href":"https:\/\/viqtor.eu\/et\/wp-json\/wp\/v2\/categories?post=5324"},{"taxonomy":"post_tag","embeddable":true,"href":"https:\/\/viqtor.eu\/et\/wp-json\/wp\/v2\/tags?post=5324"}],"curies":[{"name":"wp","href":"https:\/\/api.w.org\/{rel}","templated":true}]}}