{"id":7692,"date":"2023-05-25T16:48:56","date_gmt":"2023-05-25T16:48:56","guid":{"rendered":"https:\/\/viqtor.eu\/?p=7692"},"modified":"2024-09-18T10:16:51","modified_gmt":"2024-09-18T10:16:51","slug":"derriere-le-masque-des-regards","status":"publish","type":"post","link":"https:\/\/viqtor.eu\/es\/derriere-le-masque-des-regards\/","title":{"rendered":"Detr\u00e1s de la m\u00e1scara de las miradas"},"content":{"rendered":"<div data-elementor-type=\"wp-post\" data-elementor-id=\"7692\" class=\"elementor elementor-7692\" data-elementor-post-type=\"post\">\n\t\t\t\t\t\t<section class=\"elementor-section elementor-top-section elementor-element elementor-element-6ed97bd ot-traditional elementor-section-boxed elementor-section-height-default elementor-section-height-default\" data-id=\"6ed97bd\" data-element_type=\"section\">\n\t\t\t\t\t\t<div class=\"elementor-container elementor-column-gap-default\">\n\t\t\t\t\t<div class=\"elementor-column elementor-col-100 elementor-top-column elementor-element elementor-element-9339313 ot-flex-column-vertical\" data-id=\"9339313\" data-element_type=\"column\">\n\t\t\t<div class=\"elementor-widget-wrap elementor-element-populated\">\n\t\t\t\t\t\t<div class=\"elementor-element elementor-element-63b2193 elementor-widget elementor-widget-image\" data-id=\"63b2193\" data-element_type=\"widget\" data-widget_type=\"image.default\">\n\t\t\t\t<div class=\"elementor-widget-container\">\n\t\t\t\t\t\t\t\t\t\t\t\t\t<img fetchpriority=\"high\" decoding=\"async\" width=\"239\" height=\"300\" src=\"https:\/\/viqtor.eu\/wp-content\/uploads\/2023\/05\/Moliere-239x300.jpeg\" class=\"attachment-medium size-medium wp-image-7694\" alt=\"Derri\u00e8re le Masque des Regards\" srcset=\"https:\/\/viqtor.eu\/wp-content\/uploads\/2023\/05\/Moliere-239x300.jpeg 239w, https:\/\/viqtor.eu\/wp-content\/uploads\/2023\/05\/Moliere-768x964.jpeg 768w, https:\/\/viqtor.eu\/wp-content\/uploads\/2023\/05\/Moliere-720x904.jpeg 720w, https:\/\/viqtor.eu\/wp-content\/uploads\/2023\/05\/Moliere.jpeg 816w\" sizes=\"(max-width: 239px) 100vw, 239px\" \/>\t\t\t\t\t\t\t\t\t\t\t\t\t<\/div>\n\t\t\t\t<\/div>\n\t\t\t\t\t<\/div>\n\t\t<\/div>\n\t\t\t\t\t<\/div>\n\t\t<\/section>\n\t\t\t\t<section class=\"elementor-section elementor-top-section elementor-element elementor-element-22ba60a ot-traditional elementor-section-boxed elementor-section-height-default elementor-section-height-default\" data-id=\"22ba60a\" data-element_type=\"section\">\n\t\t\t\t\t\t<div class=\"elementor-container elementor-column-gap-default\">\n\t\t\t\t\t<div class=\"elementor-column elementor-col-100 elementor-top-column elementor-element elementor-element-d5161dc ot-flex-column-vertical\" data-id=\"d5161dc\" data-element_type=\"column\">\n\t\t\t<div class=\"elementor-widget-wrap elementor-element-populated\">\n\t\t\t\t\t\t<div class=\"elementor-element elementor-element-914242c elementor-widget elementor-widget-heading\" data-id=\"914242c\" data-element_type=\"widget\" data-widget_type=\"heading.default\">\n\t\t\t\t<div class=\"elementor-widget-container\">\n\t\t\t<h1 class=\"elementor-heading-title elementor-size-default\">Detr\u00e1s de la m\u00e1scara de las miradas<\/h1>\t\t<\/div>\n\t\t\t\t<\/div>\n\t\t\t\t\t<\/div>\n\t\t<\/div>\n\t\t\t\t\t<\/div>\n\t\t<\/section>\n\t\t\t\t<section class=\"elementor-section elementor-top-section elementor-element elementor-element-6c5b4c34 ot-traditional elementor-section-boxed elementor-section-height-default elementor-section-height-default\" data-id=\"6c5b4c34\" data-element_type=\"section\">\n\t\t\t\t\t\t<div class=\"elementor-container elementor-column-gap-default\">\n\t\t\t\t\t<div class=\"elementor-column elementor-col-100 elementor-top-column elementor-element elementor-element-2bd178b0 ot-flex-column-vertical\" data-id=\"2bd178b0\" data-element_type=\"column\">\n\t\t\t<div class=\"elementor-widget-wrap elementor-element-populated\">\n\t\t\t\t\t\t<div class=\"elementor-element elementor-element-7d6c30f2 elementor-widget elementor-widget-text-editor\" data-id=\"7d6c30f2\" data-element_type=\"widget\" data-widget_type=\"text-editor.default\">\n\t\t\t\t<div class=\"elementor-widget-container\">\n\t\t\t\t\t\t\t<!-- wp:paragraph -->\n<p>Al estilo de MOLIERE<\/p>\n<!-- \/wp:paragraph -->\n\n<!-- wp:paragraph -->\n<p>En esta comedia costumbrista, Moli\u00e8re destaca la importancia de la privacidad en una sociedad donde las apariencias y los chismes reinan. Los personajes, ante la constante observaci\u00f3n de quienes los rodean, buscan preservar su jard\u00edn secreto, su intimidad. Moli\u00e8re nos recuerda as\u00ed que la privacidad es un derecho fundamental, un espacio donde cada uno puede ser verdaderamente \u00e9l mismo. Es una obra que nos invita a reflexionar sobre el valor de la privacidad en nuestras propias vidas y a protegerla de miradas indiscretas.<\/p>\n<!-- \/wp:paragraph -->\n\n<!-- wp:paragraph -->\n<p>Tras los bastidores de la sociedad, entre las marionetas que bailan al ritmo de las convenciones, emerge un personaje muy singular: el acto de protecci\u00f3n I.<\/p>\n<!-- \/wp:paragraph -->\n\n<!-- wp:paragraph -->\n<p>Escena 1: La sala de estar de una casa burguesa<\/p>\n<!-- \/wp:paragraph -->\n\n<!-- wp:paragraph -->\n<p>(El se\u00f1or Harpagon, un burgu\u00e9s avaro, est\u00e1 sentado a su mesa y cuenta con avidez sus monedas de oro. \u00c9lise, su hija, entra discretamente.)<\/p>\n<!-- \/wp:paragraph -->\n\n<!-- wp:paragraph -->\n<p>Elise: Mi querido padre, perm\u00edteme hablarte de un asunto que me interesa mucho.<\/p>\n<!-- \/wp:paragraph -->\n\n<!-- wp:paragraph -->\n<p>Harpag\u00f3n (interrumpiendo, sin levantar la vista): \u00a1Habla, habla! Pero hazlo r\u00e1pido, a\u00fan tengo tesoros que contar.<\/p>\n<!-- \/wp:paragraph -->\n\n<!-- wp:paragraph -->\n<p>Elise: Esta es nuestra vida privada, Padre. En esta sociedad donde todo est\u00e1 bajo escrutinio, es fundamental proteger nuestros secretos y nuestra privacidad.<\/p>\n<!-- \/wp:paragraph -->\n\n<!-- wp:paragraph -->\n<p>Harpagon: \u00a1Hija m\u00eda, est\u00e1s hablando de una quimera! \u00bfQu\u00e9 importancia debemos darle a esta vida privada? \u00bfNo ves que nuestro mundo se basa en apariencias y chismes?<\/p>\n<!-- \/wp:paragraph -->\n\n<!-- wp:paragraph -->\n<p>Elise: Pero Padre, nuestra vida privada es nuestro jard\u00edn secreto, un espacio donde podemos ser verdaderamente nosotros mismos, sin miedo a la mirada de los dem\u00e1s.<\/p>\n<!-- \/wp:paragraph -->\n\n<!-- wp:paragraph -->\n<p>Escena 2: La calle, frente a la casa.<\/p>\n<!-- \/wp:paragraph -->\n\n<!-- wp:paragraph -->\n<p>(Val\u00e8re, un joven enamorado de \u00c9lise, se une a Mariane, una joven t\u00edmida y reservada.)<\/p>\n<!-- \/wp:paragraph -->\n\n<!-- wp:paragraph -->\n<p>Val\u00e8re: Mariane, querida amiga, es esencial preservar nuestra privacidad en esta sociedad \u00e1vida de esc\u00e1ndalos y chismes.<\/p>\n<!-- \/wp:paragraph -->\n\n<!-- wp:paragraph -->\n<p>Mariane: \u00a1Ay, Val\u00e8re, estoy de acuerdo! Pero \u00bfc\u00f3mo podemos lograrlo si nos observan y juzgan constantemente?<\/p>\n<!-- \/wp:paragraph -->\n\n<!-- wp:paragraph -->\n<p>Val\u00e8re: Debemos ser cuidadosos, mantener nuestros intercambios en secreto y elegir lugares donde podamos encontrarnos lejos de miradas indiscretas.<\/p>\n<!-- \/wp:paragraph -->\n\n<!-- wp:paragraph -->\n<p>Mariane: \u00a1Qu\u00e9 reto! Cada paso que damos es examinado, cada palabra que decimos es vigilada.<\/p>\n<!-- \/wp:paragraph -->\n\n<!-- wp:paragraph -->\n<p>Acto II<\/p>\n<!-- \/wp:paragraph -->\n\n<!-- wp:paragraph -->\n<p>Escena 1: El parque, cerca de una fuente.<\/p>\n<!-- \/wp:paragraph -->\n\n<!-- wp:paragraph -->\n<p>(Harpagon, \u00c9lise, Val\u00e8re y Mariane se encuentran, buscando un lugar seguro para hablar.)<\/p>\n<!-- \/wp:paragraph -->\n\n<!-- wp:paragraph -->\n<p>Harpagon: \u00bfQu\u00e9 veo aqu\u00ed? \u00bfA mi hija en compa\u00f1\u00eda de este joven? \u00bfY qui\u00e9n es esta joven? \u00bfQu\u00e9 significa esto?<\/p>\n<!-- \/wp:paragraph -->\n\n<!-- wp:paragraph -->\n<p>Elise: Padre, por favor, perm\u00edtenos preservar nuestra privacidad. Danos un espacio donde podamos confiar los unos en los otros sin temor a tu juicio.<\/p>\n<!-- \/wp:paragraph -->\n\n<!-- wp:paragraph -->\n<p>Harpagon: Hija m\u00eda, entiendo tu petici\u00f3n. La privacidad es un concepto que merece respeto. \u00a1Pero quiero saber la verdad! \u00bfQui\u00e9nes son estos desconocidos?<\/p>\n<!-- \/wp:paragraph -->\n\n<!-- wp:paragraph -->\n<p>Val\u00e8re: Se\u00f1or, simplemente somos amantes que buscamos un rinc\u00f3n tranquilo para compartir nuestros sentimientos. La privacidad es un tesoro preciado, una burbuja de intimidad que debemos proteger.<\/p>\n<!-- \/wp:paragraph -->\n\n<!-- wp:paragraph -->\n<p>Acto III<\/p>\n<!-- \/wp:paragraph -->\n\n<!-- wp:paragraph -->\n<p>Escena 1: La sala de estar, el enfrentamiento final<\/p>\n<!-- \/wp:paragraph -->\n\n<!-- wp:paragraph -->\n<p>(Harpagon, \u00c9lise, Val\u00e8re, Mariane y algunos personajes secundarios se encuentran en un tenso cara a cara.)<\/p>\n<!-- \/wp:paragraph -->\n\n<!-- wp:paragraph -->\n<p>Harpagon: \u00c9lise, Val\u00e8re, Mariane, me han convencido de la importancia de la privacidad. Les concedo este privilegio con la condici\u00f3n de que demuestren lealtad y respeto a nuestra familia.<\/p>\n<!-- \/wp:paragraph -->\n\n<!-- wp:paragraph -->\n<p>Elise: \u00a1Gracias, Padre! No te decepcionaremos. La privacidad es un tesoro preciado que preservaremos.<\/p>\n<!-- \/wp:paragraph -->\n\n<!-- wp:paragraph -->\n<p>Val\u00e8re: Sr. Harpagon, agradecemos su comprensi\u00f3n. Nos comprometemos a respetar su confianza y a proteger nuestra privacidad de miradas indiscretas.<\/p>\n<!-- \/wp:paragraph -->\n\n<!-- wp:paragraph -->\n<p>Mariane: Gracias, se\u00f1or. La privacidad es un santuario donde nuestros sentimientos pueden florecer, libres de juicios externos.<\/p>\n<!-- \/wp:paragraph -->\t\t\t\t\t\t<\/div>\n\t\t\t\t<\/div>\n\t\t\t\t\t<\/div>\n\t\t<\/div>\n\t\t\t\t\t<\/div>\n\t\t<\/section>\n\t\t\t\t<section class=\"elementor-section elementor-top-section elementor-element elementor-element-09acf66 ot-traditional elementor-section-boxed elementor-section-height-default elementor-section-height-default\" data-id=\"09acf66\" data-element_type=\"section\">\n\t\t\t\t\t\t<div class=\"elementor-container elementor-column-gap-default\">\n\t\t\t\t\t<div class=\"elementor-column elementor-col-100 elementor-top-column elementor-element elementor-element-dcd62cf ot-flex-column-vertical\" data-id=\"dcd62cf\" data-element_type=\"column\">\n\t\t\t<div class=\"elementor-widget-wrap elementor-element-populated\">\n\t\t\t\t\t\t<div class=\"elementor-element elementor-element-086993b elementor-align-center elementor-widget elementor-widget-button\" data-id=\"086993b\" data-element_type=\"widget\" data-widget_type=\"button.default\">\n\t\t\t\t<div class=\"elementor-widget-container\">\n\t\t\t\t\t<div class=\"elementor-button-wrapper\">\n\t\t\t<a class=\"elementor-button elementor-button-link elementor-size-lg\" href=\"https:\/\/app.viqtor.eu\/\">\n\t\t\t\t\t\t<span class=\"elementor-button-content-wrapper\">\n\t\t\t\t\t\t<span class=\"elementor-button-icon\">\n\t\t\t\t<i aria-hidden=\"true\" class=\"fas fa-long-arrow-alt-right\"><\/i>\t\t\t<\/span>\n\t\t\t\t\t\t\t\t\t<span class=\"elementor-button-text\">Descubra Viqtor\u00ae<\/span>\n\t\t\t\t\t<\/span>\n\t\t\t\t\t<\/a>\n\t\t<\/div>\n\t\t\t\t<\/div>\n\t\t\t\t<\/div>\n\t\t\t\t\t<\/div>\n\t\t<\/div>\n\t\t\t\t\t<\/div>\n\t\t<\/section>\n\t\t\t\t<\/div>","protected":false},"excerpt":{"rendered":"<p>Tras la m\u00e1scara de las miradas, al estilo de MOLI\u00c8RE. \u00abEn esta comedia costumbrista, Moli\u00e8re subraya la importancia de la vida privada en una sociedad donde las apariencias y los chismes reinan. Los personajes, ante la incesante observaci\u00f3n de quienes los rodean, buscan preservar su jard\u00edn secreto, su intimidad. Moli\u00e8re nos recuerda as\u00ed [\u2026]\u00bb<\/p>","protected":false},"author":1,"featured_media":7694,"comment_status":"open","ping_status":"open","sticky":false,"template":"elementor_header_footer","format":"standard","meta":{"_acf_changed":false,"footnotes":""},"categories":[34],"tags":[],"class_list":["post-7692","post","type-post","status-publish","format-standard","has-post-thumbnail","hentry","category-chronique"],"acf":[],"yoast_head":"<!-- This site is optimized with the Yoast SEO plugin v23.6 - https:\/\/yoast.com\/wordpress\/plugins\/seo\/ -->\n<title>Derri\u00e8re le Masque des Regards - Viqtor<\/title>\n<meta name=\"description\" content=\"Derri\u00e8re le Masque des Regards Chronique - Viqtor\" \/>\n<meta name=\"robots\" content=\"index, follow, max-snippet:-1, max-image-preview:large, max-video-preview:-1\" \/>\n<link rel=\"canonical\" href=\"https:\/\/viqtor.eu\/es\/derriere-le-masque-des-regards\/\" \/>\n<meta property=\"og:locale\" content=\"es_ES\" \/>\n<meta property=\"og:type\" content=\"article\" \/>\n<meta property=\"og:title\" content=\"Derri\u00e8re le Masque des Regards - Viqtor\" \/>\n<meta property=\"og:description\" content=\"Derri\u00e8re le Masque des Regards Chronique - Viqtor\" \/>\n<meta property=\"og:url\" content=\"https:\/\/viqtor.eu\/es\/derriere-le-masque-des-regards\/\" \/>\n<meta property=\"og:site_name\" content=\"Viqtor\" \/>\n<meta property=\"article:published_time\" content=\"2023-05-25T16:48:56+00:00\" \/>\n<meta property=\"article:modified_time\" content=\"2024-09-18T10:16:51+00:00\" \/>\n<meta property=\"og:image\" content=\"https:\/\/viqtor.eu\/wp-content\/uploads\/2026\/04\/widget-viqtor.png\" \/>\n\t<meta property=\"og:image:width\" content=\"816\" \/>\n\t<meta property=\"og:image:height\" content=\"1024\" \/>\n\t<meta property=\"og:image:type\" content=\"image\/jpeg\" \/>\n<meta name=\"author\" content=\"Bruno\" \/>\n<meta name=\"twitter:card\" content=\"summary_large_image\" \/>\n<meta name=\"twitter:label1\" content=\"Escrito por\" \/>\n\t<meta name=\"twitter:data1\" content=\"Bruno\" \/>\n\t<meta name=\"twitter:label2\" content=\"Tiempo de lectura\" \/>\n\t<meta name=\"twitter:data2\" content=\"4 minutos\" \/>\n<script type=\"application\/ld+json\" class=\"yoast-schema-graph\">{\"@context\":\"https:\/\/schema.org\",\"@graph\":[{\"@type\":\"Article\",\"@id\":\"https:\/\/viqtor.eu\/derriere-le-masque-des-regards\/#article\",\"isPartOf\":{\"@id\":\"https:\/\/viqtor.eu\/derriere-le-masque-des-regards\/\"},\"author\":{\"name\":\"Bruno\",\"@id\":\"https:\/\/viqtor.eu\/#\/schema\/person\/3dbd9cc82a28f6cf1695c92eda0099ad\"},\"headline\":\"Derri\u00e8re le Masque des Regards\",\"datePublished\":\"2023-05-25T16:48:56+00:00\",\"dateModified\":\"2024-09-18T10:16:51+00:00\",\"mainEntityOfPage\":{\"@id\":\"https:\/\/viqtor.eu\/derriere-le-masque-des-regards\/\"},\"wordCount\":724,\"commentCount\":0,\"publisher\":{\"@id\":\"https:\/\/viqtor.eu\/#organization\"},\"image\":{\"@id\":\"https:\/\/viqtor.eu\/derriere-le-masque-des-regards\/#primaryimage\"},\"thumbnailUrl\":\"https:\/\/viqtor.eu\/wp-content\/uploads\/2023\/05\/Moliere.jpeg\",\"articleSection\":[\"Chronique\"],\"inLanguage\":\"es\",\"potentialAction\":[{\"@type\":\"CommentAction\",\"name\":\"Comment\",\"target\":[\"https:\/\/viqtor.eu\/derriere-le-masque-des-regards\/#respond\"]}]},{\"@type\":\"WebPage\",\"@id\":\"https:\/\/viqtor.eu\/derriere-le-masque-des-regards\/\",\"url\":\"https:\/\/viqtor.eu\/derriere-le-masque-des-regards\/\",\"name\":\"Derri\u00e8re le Masque des Regards - Viqtor\",\"isPartOf\":{\"@id\":\"https:\/\/viqtor.eu\/#website\"},\"primaryImageOfPage\":{\"@id\":\"https:\/\/viqtor.eu\/derriere-le-masque-des-regards\/#primaryimage\"},\"image\":{\"@id\":\"https:\/\/viqtor.eu\/derriere-le-masque-des-regards\/#primaryimage\"},\"thumbnailUrl\":\"https:\/\/viqtor.eu\/wp-content\/uploads\/2023\/05\/Moliere.jpeg\",\"datePublished\":\"2023-05-25T16:48:56+00:00\",\"dateModified\":\"2024-09-18T10:16:51+00:00\",\"description\":\"Derri\u00e8re le Masque des Regards Chronique - Viqtor\",\"breadcrumb\":{\"@id\":\"https:\/\/viqtor.eu\/derriere-le-masque-des-regards\/#breadcrumb\"},\"inLanguage\":\"es\",\"potentialAction\":[{\"@type\":\"ReadAction\",\"target\":[\"https:\/\/viqtor.eu\/derriere-le-masque-des-regards\/\"]}]},{\"@type\":\"ImageObject\",\"inLanguage\":\"es\",\"@id\":\"https:\/\/viqtor.eu\/derriere-le-masque-des-regards\/#primaryimage\",\"url\":\"https:\/\/viqtor.eu\/wp-content\/uploads\/2023\/05\/Moliere.jpeg\",\"contentUrl\":\"https:\/\/viqtor.eu\/wp-content\/uploads\/2023\/05\/Moliere.jpeg\",\"width\":816,\"height\":1024,\"caption\":\"Derri\u00e8re le Masque des Regards\"},{\"@type\":\"BreadcrumbList\",\"@id\":\"https:\/\/viqtor.eu\/derriere-le-masque-des-regards\/#breadcrumb\",\"itemListElement\":[{\"@type\":\"ListItem\",\"position\":1,\"name\":\"Accueil\",\"item\":\"https:\/\/viqtor.eu\/\"},{\"@type\":\"ListItem\",\"position\":2,\"name\":\"Derri\u00e8re le Masque des Regards\"}]},{\"@type\":\"WebSite\",\"@id\":\"https:\/\/viqtor.eu\/#website\",\"url\":\"https:\/\/viqtor.eu\/\",\"name\":\"Viqtor\",\"description\":\"Faites du RGPD une opportunit\u00e9 pour votre entreprise.\",\"publisher\":{\"@id\":\"https:\/\/viqtor.eu\/#organization\"},\"potentialAction\":[{\"@type\":\"SearchAction\",\"target\":{\"@type\":\"EntryPoint\",\"urlTemplate\":\"https:\/\/viqtor.eu\/?s={search_term_string}\"},\"query-input\":{\"@type\":\"PropertyValueSpecification\",\"valueRequired\":true,\"valueName\":\"search_term_string\"}}],\"inLanguage\":\"es\"},{\"@type\":\"Organization\",\"@id\":\"https:\/\/viqtor.eu\/#organization\",\"name\":\"viqtor.eu\",\"url\":\"https:\/\/viqtor.eu\/\",\"logo\":{\"@type\":\"ImageObject\",\"inLanguage\":\"es\",\"@id\":\"https:\/\/viqtor.eu\/#\/schema\/logo\/image\/\",\"url\":\"https:\/\/viqtor.eu\/wp-content\/uploads\/2023\/06\/favicon-noir.svg\",\"contentUrl\":\"https:\/\/viqtor.eu\/wp-content\/uploads\/2023\/06\/favicon-noir.svg\",\"width\":108,\"height\":86,\"caption\":\"viqtor.eu\"},\"image\":{\"@id\":\"https:\/\/viqtor.eu\/#\/schema\/logo\/image\/\"}},{\"@type\":\"Person\",\"@id\":\"https:\/\/viqtor.eu\/#\/schema\/person\/3dbd9cc82a28f6cf1695c92eda0099ad\",\"name\":\"Bruno\",\"image\":{\"@type\":\"ImageObject\",\"inLanguage\":\"es\",\"@id\":\"https:\/\/viqtor.eu\/#\/schema\/person\/image\/\",\"url\":\"https:\/\/secure.gravatar.com\/avatar\/e5a596f9489de15bfe046e97fb771f63589b601ca7e81ccc2bb9a23582f441a3?s=96&d=mm&r=g\",\"contentUrl\":\"https:\/\/secure.gravatar.com\/avatar\/e5a596f9489de15bfe046e97fb771f63589b601ca7e81ccc2bb9a23582f441a3?s=96&d=mm&r=g\",\"caption\":\"Bruno\"},\"sameAs\":[\"https:\/\/exciting-panini.13-37-234-21.plesk.page\"],\"url\":\"https:\/\/viqtor.eu\/es\/author\/mouad_zxum2ebi\/\"}]}<\/script>\n<!-- \/ Yoast SEO plugin. -->","yoast_head_json":{"title":"Derri\u00e8re le Masque des Regards - Viqtor","description":"Derri\u00e8re le Masque des Regards Chronique - Viqtor","robots":{"index":"index","follow":"follow","max-snippet":"max-snippet:-1","max-image-preview":"max-image-preview:large","max-video-preview":"max-video-preview:-1"},"canonical":"https:\/\/viqtor.eu\/es\/derriere-le-masque-des-regards\/","og_locale":"es_ES","og_type":"article","og_title":"Derri\u00e8re le Masque des Regards - Viqtor","og_description":"Derri\u00e8re le Masque des Regards Chronique - Viqtor","og_url":"https:\/\/viqtor.eu\/es\/derriere-le-masque-des-regards\/","og_site_name":"Viqtor","article_published_time":"2023-05-25T16:48:56+00:00","article_modified_time":"2024-09-18T10:16:51+00:00","og_image":[{"width":816,"height":1024,"url":"https:\/\/viqtor.eu\/wp-content\/uploads\/2026\/04\/widget-viqtor.png","type":"image\/jpeg"}],"author":"Bruno","twitter_card":"summary_large_image","twitter_misc":{"Escrito por":"Bruno","Tiempo de lectura":"4 minutos"},"schema":{"@context":"https:\/\/schema.org","@graph":[{"@type":"Article","@id":"https:\/\/viqtor.eu\/derriere-le-masque-des-regards\/#article","isPartOf":{"@id":"https:\/\/viqtor.eu\/derriere-le-masque-des-regards\/"},"author":{"name":"Bruno","@id":"https:\/\/viqtor.eu\/#\/schema\/person\/3dbd9cc82a28f6cf1695c92eda0099ad"},"headline":"Derri\u00e8re le Masque des Regards","datePublished":"2023-05-25T16:48:56+00:00","dateModified":"2024-09-18T10:16:51+00:00","mainEntityOfPage":{"@id":"https:\/\/viqtor.eu\/derriere-le-masque-des-regards\/"},"wordCount":724,"commentCount":0,"publisher":{"@id":"https:\/\/viqtor.eu\/#organization"},"image":{"@id":"https:\/\/viqtor.eu\/derriere-le-masque-des-regards\/#primaryimage"},"thumbnailUrl":"https:\/\/viqtor.eu\/wp-content\/uploads\/2023\/05\/Moliere.jpeg","articleSection":["Chronique"],"inLanguage":"es","potentialAction":[{"@type":"CommentAction","name":"Comment","target":["https:\/\/viqtor.eu\/derriere-le-masque-des-regards\/#respond"]}]},{"@type":"WebPage","@id":"https:\/\/viqtor.eu\/derriere-le-masque-des-regards\/","url":"https:\/\/viqtor.eu\/derriere-le-masque-des-regards\/","name":"Derri\u00e8re le Masque des Regards - Viqtor","isPartOf":{"@id":"https:\/\/viqtor.eu\/#website"},"primaryImageOfPage":{"@id":"https:\/\/viqtor.eu\/derriere-le-masque-des-regards\/#primaryimage"},"image":{"@id":"https:\/\/viqtor.eu\/derriere-le-masque-des-regards\/#primaryimage"},"thumbnailUrl":"https:\/\/viqtor.eu\/wp-content\/uploads\/2023\/05\/Moliere.jpeg","datePublished":"2023-05-25T16:48:56+00:00","dateModified":"2024-09-18T10:16:51+00:00","description":"Derri\u00e8re le Masque des Regards Chronique - Viqtor","breadcrumb":{"@id":"https:\/\/viqtor.eu\/derriere-le-masque-des-regards\/#breadcrumb"},"inLanguage":"es","potentialAction":[{"@type":"ReadAction","target":["https:\/\/viqtor.eu\/derriere-le-masque-des-regards\/"]}]},{"@type":"ImageObject","inLanguage":"es","@id":"https:\/\/viqtor.eu\/derriere-le-masque-des-regards\/#primaryimage","url":"https:\/\/viqtor.eu\/wp-content\/uploads\/2023\/05\/Moliere.jpeg","contentUrl":"https:\/\/viqtor.eu\/wp-content\/uploads\/2023\/05\/Moliere.jpeg","width":816,"height":1024,"caption":"Derri\u00e8re le Masque des Regards"},{"@type":"BreadcrumbList","@id":"https:\/\/viqtor.eu\/derriere-le-masque-des-regards\/#breadcrumb","itemListElement":[{"@type":"ListItem","position":1,"name":"Accueil","item":"https:\/\/viqtor.eu\/"},{"@type":"ListItem","position":2,"name":"Derri\u00e8re le Masque des Regards"}]},{"@type":"WebSite","@id":"https:\/\/viqtor.eu\/#website","url":"https:\/\/viqtor.eu\/","name":"Viqtor","description":"Faites du RGPD une opportunit\u00e9 pour votre entreprise.","publisher":{"@id":"https:\/\/viqtor.eu\/#organization"},"potentialAction":[{"@type":"SearchAction","target":{"@type":"EntryPoint","urlTemplate":"https:\/\/viqtor.eu\/?s={search_term_string}"},"query-input":{"@type":"PropertyValueSpecification","valueRequired":true,"valueName":"search_term_string"}}],"inLanguage":"es"},{"@type":"Organization","@id":"https:\/\/viqtor.eu\/#organization","name":"viqtor.eu","url":"https:\/\/viqtor.eu\/","logo":{"@type":"ImageObject","inLanguage":"es","@id":"https:\/\/viqtor.eu\/#\/schema\/logo\/image\/","url":"https:\/\/viqtor.eu\/wp-content\/uploads\/2023\/06\/favicon-noir.svg","contentUrl":"https:\/\/viqtor.eu\/wp-content\/uploads\/2023\/06\/favicon-noir.svg","width":108,"height":86,"caption":"viqtor.eu"},"image":{"@id":"https:\/\/viqtor.eu\/#\/schema\/logo\/image\/"}},{"@type":"Person","@id":"https:\/\/viqtor.eu\/#\/schema\/person\/3dbd9cc82a28f6cf1695c92eda0099ad","name":"Bruno","image":{"@type":"ImageObject","inLanguage":"es","@id":"https:\/\/viqtor.eu\/#\/schema\/person\/image\/","url":"https:\/\/secure.gravatar.com\/avatar\/e5a596f9489de15bfe046e97fb771f63589b601ca7e81ccc2bb9a23582f441a3?s=96&d=mm&r=g","contentUrl":"https:\/\/secure.gravatar.com\/avatar\/e5a596f9489de15bfe046e97fb771f63589b601ca7e81ccc2bb9a23582f441a3?s=96&d=mm&r=g","caption":"Bruno"},"sameAs":["https:\/\/exciting-panini.13-37-234-21.plesk.page"],"url":"https:\/\/viqtor.eu\/es\/author\/mouad_zxum2ebi\/"}]}},"_links":{"self":[{"href":"https:\/\/viqtor.eu\/es\/wp-json\/wp\/v2\/posts\/7692","targetHints":{"allow":["GET"]}}],"collection":[{"href":"https:\/\/viqtor.eu\/es\/wp-json\/wp\/v2\/posts"}],"about":[{"href":"https:\/\/viqtor.eu\/es\/wp-json\/wp\/v2\/types\/post"}],"author":[{"embeddable":true,"href":"https:\/\/viqtor.eu\/es\/wp-json\/wp\/v2\/users\/1"}],"replies":[{"embeddable":true,"href":"https:\/\/viqtor.eu\/es\/wp-json\/wp\/v2\/comments?post=7692"}],"version-history":[{"count":4,"href":"https:\/\/viqtor.eu\/es\/wp-json\/wp\/v2\/posts\/7692\/revisions"}],"predecessor-version":[{"id":12392,"href":"https:\/\/viqtor.eu\/es\/wp-json\/wp\/v2\/posts\/7692\/revisions\/12392"}],"wp:featuredmedia":[{"embeddable":true,"href":"https:\/\/viqtor.eu\/es\/wp-json\/wp\/v2\/media\/7694"}],"wp:attachment":[{"href":"https:\/\/viqtor.eu\/es\/wp-json\/wp\/v2\/media?parent=7692"}],"wp:term":[{"taxonomy":"category","embeddable":true,"href":"https:\/\/viqtor.eu\/es\/wp-json\/wp\/v2\/categories?post=7692"},{"taxonomy":"post_tag","embeddable":true,"href":"https:\/\/viqtor.eu\/es\/wp-json\/wp\/v2\/tags?post=7692"}],"curies":[{"name":"wp","href":"https:\/\/api.w.org\/{rel}","templated":true}]}}