{"id":7670,"date":"2023-05-25T16:12:04","date_gmt":"2023-05-25T16:12:04","guid":{"rendered":"https:\/\/viqtor.eu\/?p=7670"},"modified":"2024-09-09T11:13:29","modified_gmt":"2024-09-09T11:13:29","slug":"les-gardiens-de-lintimite","status":"publish","type":"post","link":"https:\/\/viqtor.eu\/es\/les-gardiens-de-lintimite\/","title":{"rendered":"Los guardianes de la privacidad"},"content":{"rendered":"<div data-elementor-type=\"wp-post\" data-elementor-id=\"7670\" class=\"elementor elementor-7670\" data-elementor-post-type=\"post\">\n\t\t\t\t\t\t<section class=\"elementor-section elementor-top-section elementor-element elementor-element-a9f10aa ot-traditional elementor-section-boxed elementor-section-height-default elementor-section-height-default\" data-id=\"a9f10aa\" data-element_type=\"section\">\n\t\t\t\t\t\t<div class=\"elementor-container elementor-column-gap-default\">\n\t\t\t\t\t<div class=\"elementor-column elementor-col-100 elementor-top-column elementor-element elementor-element-24c3b16 ot-flex-column-vertical\" data-id=\"24c3b16\" data-element_type=\"column\">\n\t\t\t<div class=\"elementor-widget-wrap elementor-element-populated\">\n\t\t\t\t\t\t<div class=\"elementor-element elementor-element-5b5945a elementor-widget elementor-widget-image\" data-id=\"5b5945a\" data-element_type=\"widget\" data-widget_type=\"image.default\">\n\t\t\t\t<div class=\"elementor-widget-container\">\n\t\t\t\t\t\t\t\t\t\t\t\t\t<img fetchpriority=\"high\" decoding=\"async\" width=\"426\" height=\"586\" src=\"https:\/\/viqtor.eu\/wp-content\/uploads\/2023\/05\/Alexandre-Dumas.jpeg\" class=\"attachment-full size-full wp-image-7672\" alt=\"Alexandre Dumas\" srcset=\"https:\/\/viqtor.eu\/wp-content\/uploads\/2023\/05\/Alexandre-Dumas.jpeg 426w, https:\/\/viqtor.eu\/wp-content\/uploads\/2023\/05\/Alexandre-Dumas-218x300.jpeg 218w\" sizes=\"(max-width: 426px) 100vw, 426px\" \/>\t\t\t\t\t\t\t\t\t\t\t\t\t<\/div>\n\t\t\t\t<\/div>\n\t\t\t\t\t<\/div>\n\t\t<\/div>\n\t\t\t\t\t<\/div>\n\t\t<\/section>\n\t\t\t\t<section class=\"elementor-section elementor-top-section elementor-element elementor-element-f12824c ot-traditional elementor-section-boxed elementor-section-height-default elementor-section-height-default\" data-id=\"f12824c\" data-element_type=\"section\">\n\t\t\t\t\t\t<div class=\"elementor-container elementor-column-gap-default\">\n\t\t\t\t\t<div class=\"elementor-column elementor-col-100 elementor-top-column elementor-element elementor-element-a2fa271 ot-flex-column-vertical\" data-id=\"a2fa271\" data-element_type=\"column\">\n\t\t\t<div class=\"elementor-widget-wrap elementor-element-populated\">\n\t\t\t\t\t\t<div class=\"elementor-element elementor-element-bad459d elementor-widget elementor-widget-heading\" data-id=\"bad459d\" data-element_type=\"widget\" data-widget_type=\"heading.default\">\n\t\t\t\t<div class=\"elementor-widget-container\">\n\t\t\t<h1 class=\"elementor-heading-title elementor-size-default\">Los guardianes de la privacidad<\/h1>\t\t<\/div>\n\t\t\t\t<\/div>\n\t\t\t\t\t<\/div>\n\t\t<\/div>\n\t\t\t\t\t<\/div>\n\t\t<\/section>\n\t\t\t\t<section class=\"elementor-section elementor-top-section elementor-element elementor-element-4a44e41c ot-traditional elementor-section-boxed elementor-section-height-default elementor-section-height-default\" data-id=\"4a44e41c\" data-element_type=\"section\">\n\t\t\t\t\t\t<div class=\"elementor-container elementor-column-gap-default\">\n\t\t\t\t\t<div class=\"elementor-column elementor-col-100 elementor-top-column elementor-element elementor-element-1b450157 ot-flex-column-vertical\" data-id=\"1b450157\" data-element_type=\"column\">\n\t\t\t<div class=\"elementor-widget-wrap elementor-element-populated\">\n\t\t\t\t\t\t<div class=\"elementor-element elementor-element-59e7dcd3 elementor-widget elementor-widget-text-editor\" data-id=\"59e7dcd3\" data-element_type=\"widget\" data-widget_type=\"text-editor.default\">\n\t\t\t\t<div class=\"elementor-widget-container\">\n\t\t\t\t\t\t\t<!-- wp:paragraph -->\n<p><strong>Al estilo de ALEJANDRO DUMAS<\/strong><\/p>\n<!-- \/wp:paragraph -->\n\n<!-- wp:paragraph -->\n<p>Para Alejandro Dumas, la protecci\u00f3n de la privacidad es una lucha constante, una b\u00fasqueda de la verdad y la autenticidad. Es el reflejo de nuestro ser m\u00e1s profundo, el guardi\u00e1n de nuestros pensamientos, emociones y decisiones. Es el pilar de nuestra dignidad, nuestra libertad y nuestra identidad. Es un tesoro fr\u00e1gil y preciado, que debemos apreciar y preservar con determinaci\u00f3n y sabidur\u00eda.<\/p>\n<!-- \/wp:paragraph -->\n\n<!-- wp:paragraph -->\n<p>En el coraz\u00f3n de la Francia del siglo XIX, en una \u00e9poca marcada por la intriga pol\u00edtica y las luchas de poder, viv\u00eda un hombre misterioso llamado V\u00edctor. V\u00edctor era un buscador de la verdad, un esp\u00edritu libre que comprend\u00eda la importancia de proteger la privacidad en un mundo donde los secretos eran la moneda de cambio de los poderosos.<\/p>\n<!-- \/wp:paragraph -->\n\n<!-- wp:paragraph -->\n<p>V\u00edctor hab\u00eda crecido en una familia noble, pero siempre sinti\u00f3 una profunda inquietud ante los enga\u00f1os de la corte. Se neg\u00f3 a ceder ante las exigencias sociales que le exig\u00edan renunciar a su privacidad en aras de su imagen p\u00fablica.<\/p>\n<!-- \/wp:paragraph -->\n\n<!-- wp:paragraph -->\n<p>Un d\u00eda, mientras paseaba por las bulliciosas calles de Par\u00eds, V\u00edctor conoci\u00f3 a una enigm\u00e1tica mujer llamada Marguerite. Era hermosa, pero su mirada delataba una profunda tristeza, como si albergara secretos insoportables en su interior.<\/p>\n<!-- \/wp:paragraph -->\n\n<!-- wp:paragraph -->\n<p>V\u00edctor y Marguerite se hicieron amigos, pues comprend\u00edan la importancia de mantener la privacidad en un mundo dominado por las apariencias. Se reun\u00edan en lugares discretos, intercambiando palabras llenas de confianza y respeto, compartiendo sus miedos y esperanzas m\u00e1s \u00edntimos.<\/p>\n<!-- \/wp:paragraph -->\n\n<!-- wp:paragraph -->\n<p>Juntos, descubrieron una red clandestina de personas que compart\u00edan su b\u00fasqueda de privacidad. Estas personas, de todos los \u00e1mbitos, se reun\u00edan en secreto para discutir maneras de protegerse de miradas indiscretas y manipulaci\u00f3n.<\/p>\n<!-- \/wp:paragraph -->\n\n<!-- wp:paragraph -->\n<p>A medida que su movimiento crec\u00eda, Victor y Marguerite comprendieron que proteger la privacidad era vital para preservar la individualidad. Decidieron librar una lucha silenciosa contra quienes intentaban violar su privacidad y corromper sus secretos m\u00e1s preciados.<\/p>\n<!-- \/wp:paragraph -->\n\n<!-- wp:paragraph -->\n<p>V\u00edctor escribi\u00f3 panfletos y cartas an\u00f3nimas denunciando los abusos de poder y las invasiones de la privacidad de la \u00e9lite. Utiliz\u00f3 su pluma afilada para concienciar y animar a la gente a resistir la influencia de quienes pretend\u00edan controlarlo todo.<\/p>\n<!-- \/wp:paragraph -->\n\n<!-- wp:paragraph -->\n<p>Marguerite, mientras tanto, usaba su belleza y encanto para manipular a los manipuladores. Se infiltraba en c\u00edrculos de poder, recopilando informaci\u00f3n confidencial para compartirla con quienes la necesitaban, pero siempre protegiendo su privacidad.<\/p>\n<!-- \/wp:paragraph -->\n\n<!-- wp:paragraph -->\n<p>Pero su lucha por la privacidad no estuvo exenta de peligros. Se dieron cuenta de que sus acciones despertaban la desconfianza de los poderosos, individuos dispuestos a todo para mantener su control sobre la sociedad.<\/p>\n<!-- \/wp:paragraph -->\n\n<!-- wp:paragraph -->\n<p>Victor y Marguerite fueron perseguidos por agentes secretos y fuerzas oscuras. Su propia existencia se vio amenazada, pero se mantuvieron firmes, convencidos de que la protecci\u00f3n de la privacidad era un ideal que val\u00eda la pena sacrificar su propia seguridad.<\/p>\n<!-- \/wp:paragraph -->\n\n<!-- wp:paragraph -->\n<p>En medio de las conspiraciones y maquinaciones, V\u00edctor y Margarita se refugiaron en los brazos del otro. Su amor y su determinaci\u00f3n por preservar la privacidad los un\u00edan, y juntos se sent\u00edan invencibles.<\/p>\n<!-- \/wp:paragraph -->\n\n<!-- wp:paragraph -->\n<p>Su movimiento clandestino creci\u00f3, reuniendo a personas de todos los \u00e1mbitos. La gente empez\u00f3 a comprender la importancia de preservar su privacidad, de negarse a someterse a los dictados de quienes pretend\u00edan controlarlo todo.<\/p>\n<!-- \/wp:paragraph -->\n\n<!-- wp:paragraph -->\n<p>As\u00ed, V\u00edctor y Margarita se convirtieron en h\u00e9roes del pueblo, s\u00edmbolos de la resistencia contra la opresi\u00f3n. Su lucha por la privacidad ya no se limitaba a su propia existencia, sino que se hab\u00eda convertido en una batalla por la libertad de todos.<\/p>\n<!-- \/wp:paragraph -->\n\n<!-- wp:paragraph -->\n<p>Sab\u00edan que su lucha nunca terminar\u00eda, que la privacidad era un ideal que deb\u00eda defenderse sin descanso. Pero estaban dispuestos a pagar el precio, porque cre\u00edan en el poder de la intimidad, en su capacidad para preservar la humanidad y nutrir el alma.<\/p>\n<!-- \/wp:paragraph -->\n\n<!-- wp:paragraph -->\n<p>Y mientras la pluma de V\u00edctor continuaba escribiendo las palabras de la rebeli\u00f3n y Marguerite usaba su encanto para frustrar los complots, sab\u00edan que estaban cambiando el mundo, un secreto a la vez.<\/p>\n<!-- \/wp:paragraph -->\t\t\t\t\t\t<\/div>\n\t\t\t\t<\/div>\n\t\t\t\t\t<\/div>\n\t\t<\/div>\n\t\t\t\t\t<\/div>\n\t\t<\/section>\n\t\t\t\t<section class=\"elementor-section elementor-top-section elementor-element elementor-element-da4050c ot-traditional elementor-section-boxed elementor-section-height-default elementor-section-height-default\" data-id=\"da4050c\" data-element_type=\"section\">\n\t\t\t\t\t\t<div class=\"elementor-container elementor-column-gap-default\">\n\t\t\t\t\t<div class=\"elementor-column elementor-col-100 elementor-top-column elementor-element elementor-element-e6d20c7 ot-flex-column-vertical\" data-id=\"e6d20c7\" data-element_type=\"column\">\n\t\t\t<div class=\"elementor-widget-wrap elementor-element-populated\">\n\t\t\t\t\t\t<div class=\"elementor-element elementor-element-61ecd4b elementor-align-center elementor-widget elementor-widget-button\" data-id=\"61ecd4b\" data-element_type=\"widget\" data-widget_type=\"button.default\">\n\t\t\t\t<div class=\"elementor-widget-container\">\n\t\t\t\t\t<div class=\"elementor-button-wrapper\">\n\t\t\t<a class=\"elementor-button elementor-button-link elementor-size-lg\" href=\"https:\/\/app.viqtor.eu\/\">\n\t\t\t\t\t\t<span class=\"elementor-button-content-wrapper\">\n\t\t\t\t\t\t<span class=\"elementor-button-icon\">\n\t\t\t\t<i aria-hidden=\"true\" class=\"fas fa-long-arrow-alt-right\"><\/i>\t\t\t<\/span>\n\t\t\t\t\t\t\t\t\t<span class=\"elementor-button-text\">Descubra Viqtor\u00ae<\/span>\n\t\t\t\t\t<\/span>\n\t\t\t\t\t<\/a>\n\t\t<\/div>\n\t\t\t\t<\/div>\n\t\t\t\t<\/div>\n\t\t\t\t\t<\/div>\n\t\t<\/div>\n\t\t\t\t\t<\/div>\n\t\t<\/section>\n\t\t\t\t<\/div>","protected":false},"excerpt":{"rendered":"<p>Los Guardianes de la Privacidad al estilo de ALEXANDRE DUMAS. \u00abPara Alexandre Dumas, la protecci\u00f3n de la privacidad es una lucha constante, una b\u00fasqueda de la verdad y la autenticidad. Es el reflejo de nuestro ser m\u00e1s profundo, el guardi\u00e1n de nuestros pensamientos, emociones y decisiones. Es el pilar de [\u2026]\u00bb<\/p>","protected":false},"author":1,"featured_media":7672,"comment_status":"open","ping_status":"open","sticky":false,"template":"elementor_header_footer","format":"standard","meta":{"_acf_changed":false,"footnotes":""},"categories":[34],"tags":[],"class_list":["post-7670","post","type-post","status-publish","format-standard","has-post-thumbnail","hentry","category-chronique"],"acf":[],"yoast_head":"<!-- This site is optimized with the Yoast SEO plugin v23.6 - https:\/\/yoast.com\/wordpress\/plugins\/seo\/ -->\n<title>Les Gardiens de l&#039;Intimit\u00e9 - Viqtor<\/title>\n<meta name=\"description\" content=\"Les Gardiens de l&#039;Intimit\u00e9 Chronique - Viqtor\" \/>\n<meta name=\"robots\" content=\"index, follow, max-snippet:-1, max-image-preview:large, max-video-preview:-1\" \/>\n<link rel=\"canonical\" href=\"https:\/\/viqtor.eu\/es\/les-gardiens-de-lintimite\/\" \/>\n<meta property=\"og:locale\" content=\"es_ES\" \/>\n<meta property=\"og:type\" content=\"article\" \/>\n<meta property=\"og:title\" content=\"Les Gardiens de l&#039;Intimit\u00e9 - Viqtor\" \/>\n<meta property=\"og:description\" content=\"Les Gardiens de l&#039;Intimit\u00e9 Chronique - Viqtor\" \/>\n<meta property=\"og:url\" content=\"https:\/\/viqtor.eu\/es\/les-gardiens-de-lintimite\/\" \/>\n<meta property=\"og:site_name\" content=\"Viqtor\" \/>\n<meta property=\"article:published_time\" content=\"2023-05-25T16:12:04+00:00\" \/>\n<meta property=\"article:modified_time\" content=\"2024-09-09T11:13:29+00:00\" \/>\n<meta property=\"og:image\" content=\"https:\/\/viqtor.eu\/wp-content\/uploads\/2026\/04\/widget-viqtor.png\" \/>\n\t<meta property=\"og:image:width\" content=\"426\" \/>\n\t<meta property=\"og:image:height\" content=\"586\" \/>\n\t<meta property=\"og:image:type\" content=\"image\/jpeg\" \/>\n<meta name=\"author\" content=\"Bruno\" \/>\n<meta name=\"twitter:card\" content=\"summary_large_image\" \/>\n<meta name=\"twitter:label1\" content=\"Escrito por\" \/>\n\t<meta name=\"twitter:data1\" content=\"Bruno\" \/>\n\t<meta name=\"twitter:label2\" content=\"Tiempo de lectura\" \/>\n\t<meta name=\"twitter:data2\" content=\"5 minutos\" \/>\n<script type=\"application\/ld+json\" class=\"yoast-schema-graph\">{\"@context\":\"https:\/\/schema.org\",\"@graph\":[{\"@type\":\"Article\",\"@id\":\"https:\/\/viqtor.eu\/les-gardiens-de-lintimite\/#article\",\"isPartOf\":{\"@id\":\"https:\/\/viqtor.eu\/les-gardiens-de-lintimite\/\"},\"author\":{\"name\":\"Bruno\",\"@id\":\"https:\/\/viqtor.eu\/#\/schema\/person\/3dbd9cc82a28f6cf1695c92eda0099ad\"},\"headline\":\"Les Gardiens de l&rsquo;Intimit\u00e9\",\"datePublished\":\"2023-05-25T16:12:04+00:00\",\"dateModified\":\"2024-09-09T11:13:29+00:00\",\"mainEntityOfPage\":{\"@id\":\"https:\/\/viqtor.eu\/les-gardiens-de-lintimite\/\"},\"wordCount\":834,\"commentCount\":0,\"publisher\":{\"@id\":\"https:\/\/viqtor.eu\/#organization\"},\"image\":{\"@id\":\"https:\/\/viqtor.eu\/les-gardiens-de-lintimite\/#primaryimage\"},\"thumbnailUrl\":\"https:\/\/viqtor.eu\/wp-content\/uploads\/2023\/05\/Alexandre-Dumas.jpeg\",\"articleSection\":[\"Chronique\"],\"inLanguage\":\"es\",\"potentialAction\":[{\"@type\":\"CommentAction\",\"name\":\"Comment\",\"target\":[\"https:\/\/viqtor.eu\/les-gardiens-de-lintimite\/#respond\"]}]},{\"@type\":\"WebPage\",\"@id\":\"https:\/\/viqtor.eu\/les-gardiens-de-lintimite\/\",\"url\":\"https:\/\/viqtor.eu\/les-gardiens-de-lintimite\/\",\"name\":\"Les Gardiens de l'Intimit\u00e9 - Viqtor\",\"isPartOf\":{\"@id\":\"https:\/\/viqtor.eu\/#website\"},\"primaryImageOfPage\":{\"@id\":\"https:\/\/viqtor.eu\/les-gardiens-de-lintimite\/#primaryimage\"},\"image\":{\"@id\":\"https:\/\/viqtor.eu\/les-gardiens-de-lintimite\/#primaryimage\"},\"thumbnailUrl\":\"https:\/\/viqtor.eu\/wp-content\/uploads\/2023\/05\/Alexandre-Dumas.jpeg\",\"datePublished\":\"2023-05-25T16:12:04+00:00\",\"dateModified\":\"2024-09-09T11:13:29+00:00\",\"description\":\"Les Gardiens de l'Intimit\u00e9 Chronique - Viqtor\",\"breadcrumb\":{\"@id\":\"https:\/\/viqtor.eu\/les-gardiens-de-lintimite\/#breadcrumb\"},\"inLanguage\":\"es\",\"potentialAction\":[{\"@type\":\"ReadAction\",\"target\":[\"https:\/\/viqtor.eu\/les-gardiens-de-lintimite\/\"]}]},{\"@type\":\"ImageObject\",\"inLanguage\":\"es\",\"@id\":\"https:\/\/viqtor.eu\/les-gardiens-de-lintimite\/#primaryimage\",\"url\":\"https:\/\/viqtor.eu\/wp-content\/uploads\/2023\/05\/Alexandre-Dumas.jpeg\",\"contentUrl\":\"https:\/\/viqtor.eu\/wp-content\/uploads\/2023\/05\/Alexandre-Dumas.jpeg\",\"width\":426,\"height\":586,\"caption\":\"Alexandre Dumas\"},{\"@type\":\"BreadcrumbList\",\"@id\":\"https:\/\/viqtor.eu\/les-gardiens-de-lintimite\/#breadcrumb\",\"itemListElement\":[{\"@type\":\"ListItem\",\"position\":1,\"name\":\"Accueil\",\"item\":\"https:\/\/viqtor.eu\/\"},{\"@type\":\"ListItem\",\"position\":2,\"name\":\"Les Gardiens de l&rsquo;Intimit\u00e9\"}]},{\"@type\":\"WebSite\",\"@id\":\"https:\/\/viqtor.eu\/#website\",\"url\":\"https:\/\/viqtor.eu\/\",\"name\":\"Viqtor\",\"description\":\"Faites du RGPD une opportunit\u00e9 pour votre entreprise.\",\"publisher\":{\"@id\":\"https:\/\/viqtor.eu\/#organization\"},\"potentialAction\":[{\"@type\":\"SearchAction\",\"target\":{\"@type\":\"EntryPoint\",\"urlTemplate\":\"https:\/\/viqtor.eu\/?s={search_term_string}\"},\"query-input\":{\"@type\":\"PropertyValueSpecification\",\"valueRequired\":true,\"valueName\":\"search_term_string\"}}],\"inLanguage\":\"es\"},{\"@type\":\"Organization\",\"@id\":\"https:\/\/viqtor.eu\/#organization\",\"name\":\"viqtor.eu\",\"url\":\"https:\/\/viqtor.eu\/\",\"logo\":{\"@type\":\"ImageObject\",\"inLanguage\":\"es\",\"@id\":\"https:\/\/viqtor.eu\/#\/schema\/logo\/image\/\",\"url\":\"https:\/\/viqtor.eu\/wp-content\/uploads\/2023\/06\/favicon-noir.svg\",\"contentUrl\":\"https:\/\/viqtor.eu\/wp-content\/uploads\/2023\/06\/favicon-noir.svg\",\"width\":108,\"height\":86,\"caption\":\"viqtor.eu\"},\"image\":{\"@id\":\"https:\/\/viqtor.eu\/#\/schema\/logo\/image\/\"}},{\"@type\":\"Person\",\"@id\":\"https:\/\/viqtor.eu\/#\/schema\/person\/3dbd9cc82a28f6cf1695c92eda0099ad\",\"name\":\"Bruno\",\"image\":{\"@type\":\"ImageObject\",\"inLanguage\":\"es\",\"@id\":\"https:\/\/viqtor.eu\/#\/schema\/person\/image\/\",\"url\":\"https:\/\/secure.gravatar.com\/avatar\/e5a596f9489de15bfe046e97fb771f63589b601ca7e81ccc2bb9a23582f441a3?s=96&d=mm&r=g\",\"contentUrl\":\"https:\/\/secure.gravatar.com\/avatar\/e5a596f9489de15bfe046e97fb771f63589b601ca7e81ccc2bb9a23582f441a3?s=96&d=mm&r=g\",\"caption\":\"Bruno\"},\"sameAs\":[\"https:\/\/exciting-panini.13-37-234-21.plesk.page\"],\"url\":\"https:\/\/viqtor.eu\/es\/author\/mouad_zxum2ebi\/\"}]}<\/script>\n<!-- \/ Yoast SEO plugin. -->","yoast_head_json":{"title":"Les Gardiens de l'Intimit\u00e9 - Viqtor","description":"Les Gardiens de l'Intimit\u00e9 Chronique - Viqtor","robots":{"index":"index","follow":"follow","max-snippet":"max-snippet:-1","max-image-preview":"max-image-preview:large","max-video-preview":"max-video-preview:-1"},"canonical":"https:\/\/viqtor.eu\/es\/les-gardiens-de-lintimite\/","og_locale":"es_ES","og_type":"article","og_title":"Les Gardiens de l'Intimit\u00e9 - Viqtor","og_description":"Les Gardiens de l'Intimit\u00e9 Chronique - Viqtor","og_url":"https:\/\/viqtor.eu\/es\/les-gardiens-de-lintimite\/","og_site_name":"Viqtor","article_published_time":"2023-05-25T16:12:04+00:00","article_modified_time":"2024-09-09T11:13:29+00:00","og_image":[{"width":426,"height":586,"url":"https:\/\/viqtor.eu\/wp-content\/uploads\/2026\/04\/widget-viqtor.png","type":"image\/jpeg"}],"author":"Bruno","twitter_card":"summary_large_image","twitter_misc":{"Escrito por":"Bruno","Tiempo de lectura":"5 minutos"},"schema":{"@context":"https:\/\/schema.org","@graph":[{"@type":"Article","@id":"https:\/\/viqtor.eu\/les-gardiens-de-lintimite\/#article","isPartOf":{"@id":"https:\/\/viqtor.eu\/les-gardiens-de-lintimite\/"},"author":{"name":"Bruno","@id":"https:\/\/viqtor.eu\/#\/schema\/person\/3dbd9cc82a28f6cf1695c92eda0099ad"},"headline":"Les Gardiens de l&rsquo;Intimit\u00e9","datePublished":"2023-05-25T16:12:04+00:00","dateModified":"2024-09-09T11:13:29+00:00","mainEntityOfPage":{"@id":"https:\/\/viqtor.eu\/les-gardiens-de-lintimite\/"},"wordCount":834,"commentCount":0,"publisher":{"@id":"https:\/\/viqtor.eu\/#organization"},"image":{"@id":"https:\/\/viqtor.eu\/les-gardiens-de-lintimite\/#primaryimage"},"thumbnailUrl":"https:\/\/viqtor.eu\/wp-content\/uploads\/2023\/05\/Alexandre-Dumas.jpeg","articleSection":["Chronique"],"inLanguage":"es","potentialAction":[{"@type":"CommentAction","name":"Comment","target":["https:\/\/viqtor.eu\/les-gardiens-de-lintimite\/#respond"]}]},{"@type":"WebPage","@id":"https:\/\/viqtor.eu\/les-gardiens-de-lintimite\/","url":"https:\/\/viqtor.eu\/les-gardiens-de-lintimite\/","name":"Les Gardiens de l'Intimit\u00e9 - Viqtor","isPartOf":{"@id":"https:\/\/viqtor.eu\/#website"},"primaryImageOfPage":{"@id":"https:\/\/viqtor.eu\/les-gardiens-de-lintimite\/#primaryimage"},"image":{"@id":"https:\/\/viqtor.eu\/les-gardiens-de-lintimite\/#primaryimage"},"thumbnailUrl":"https:\/\/viqtor.eu\/wp-content\/uploads\/2023\/05\/Alexandre-Dumas.jpeg","datePublished":"2023-05-25T16:12:04+00:00","dateModified":"2024-09-09T11:13:29+00:00","description":"Les Gardiens de l'Intimit\u00e9 Chronique - Viqtor","breadcrumb":{"@id":"https:\/\/viqtor.eu\/les-gardiens-de-lintimite\/#breadcrumb"},"inLanguage":"es","potentialAction":[{"@type":"ReadAction","target":["https:\/\/viqtor.eu\/les-gardiens-de-lintimite\/"]}]},{"@type":"ImageObject","inLanguage":"es","@id":"https:\/\/viqtor.eu\/les-gardiens-de-lintimite\/#primaryimage","url":"https:\/\/viqtor.eu\/wp-content\/uploads\/2023\/05\/Alexandre-Dumas.jpeg","contentUrl":"https:\/\/viqtor.eu\/wp-content\/uploads\/2023\/05\/Alexandre-Dumas.jpeg","width":426,"height":586,"caption":"Alexandre Dumas"},{"@type":"BreadcrumbList","@id":"https:\/\/viqtor.eu\/les-gardiens-de-lintimite\/#breadcrumb","itemListElement":[{"@type":"ListItem","position":1,"name":"Accueil","item":"https:\/\/viqtor.eu\/"},{"@type":"ListItem","position":2,"name":"Les Gardiens de l&rsquo;Intimit\u00e9"}]},{"@type":"WebSite","@id":"https:\/\/viqtor.eu\/#website","url":"https:\/\/viqtor.eu\/","name":"Viqtor","description":"Faites du RGPD une opportunit\u00e9 pour votre entreprise.","publisher":{"@id":"https:\/\/viqtor.eu\/#organization"},"potentialAction":[{"@type":"SearchAction","target":{"@type":"EntryPoint","urlTemplate":"https:\/\/viqtor.eu\/?s={search_term_string}"},"query-input":{"@type":"PropertyValueSpecification","valueRequired":true,"valueName":"search_term_string"}}],"inLanguage":"es"},{"@type":"Organization","@id":"https:\/\/viqtor.eu\/#organization","name":"viqtor.eu","url":"https:\/\/viqtor.eu\/","logo":{"@type":"ImageObject","inLanguage":"es","@id":"https:\/\/viqtor.eu\/#\/schema\/logo\/image\/","url":"https:\/\/viqtor.eu\/wp-content\/uploads\/2023\/06\/favicon-noir.svg","contentUrl":"https:\/\/viqtor.eu\/wp-content\/uploads\/2023\/06\/favicon-noir.svg","width":108,"height":86,"caption":"viqtor.eu"},"image":{"@id":"https:\/\/viqtor.eu\/#\/schema\/logo\/image\/"}},{"@type":"Person","@id":"https:\/\/viqtor.eu\/#\/schema\/person\/3dbd9cc82a28f6cf1695c92eda0099ad","name":"Bruno","image":{"@type":"ImageObject","inLanguage":"es","@id":"https:\/\/viqtor.eu\/#\/schema\/person\/image\/","url":"https:\/\/secure.gravatar.com\/avatar\/e5a596f9489de15bfe046e97fb771f63589b601ca7e81ccc2bb9a23582f441a3?s=96&d=mm&r=g","contentUrl":"https:\/\/secure.gravatar.com\/avatar\/e5a596f9489de15bfe046e97fb771f63589b601ca7e81ccc2bb9a23582f441a3?s=96&d=mm&r=g","caption":"Bruno"},"sameAs":["https:\/\/exciting-panini.13-37-234-21.plesk.page"],"url":"https:\/\/viqtor.eu\/es\/author\/mouad_zxum2ebi\/"}]}},"_links":{"self":[{"href":"https:\/\/viqtor.eu\/es\/wp-json\/wp\/v2\/posts\/7670","targetHints":{"allow":["GET"]}}],"collection":[{"href":"https:\/\/viqtor.eu\/es\/wp-json\/wp\/v2\/posts"}],"about":[{"href":"https:\/\/viqtor.eu\/es\/wp-json\/wp\/v2\/types\/post"}],"author":[{"embeddable":true,"href":"https:\/\/viqtor.eu\/es\/wp-json\/wp\/v2\/users\/1"}],"replies":[{"embeddable":true,"href":"https:\/\/viqtor.eu\/es\/wp-json\/wp\/v2\/comments?post=7670"}],"version-history":[{"count":4,"href":"https:\/\/viqtor.eu\/es\/wp-json\/wp\/v2\/posts\/7670\/revisions"}],"predecessor-version":[{"id":12362,"href":"https:\/\/viqtor.eu\/es\/wp-json\/wp\/v2\/posts\/7670\/revisions\/12362"}],"wp:featuredmedia":[{"embeddable":true,"href":"https:\/\/viqtor.eu\/es\/wp-json\/wp\/v2\/media\/7672"}],"wp:attachment":[{"href":"https:\/\/viqtor.eu\/es\/wp-json\/wp\/v2\/media?parent=7670"}],"wp:term":[{"taxonomy":"category","embeddable":true,"href":"https:\/\/viqtor.eu\/es\/wp-json\/wp\/v2\/categories?post=7670"},{"taxonomy":"post_tag","embeddable":true,"href":"https:\/\/viqtor.eu\/es\/wp-json\/wp\/v2\/tags?post=7670"}],"curies":[{"name":"wp","href":"https:\/\/api.w.org\/{rel}","templated":true}]}}