{"id":5844,"date":"2023-04-25T15:05:08","date_gmt":"2023-04-25T15:05:08","guid":{"rendered":"https:\/\/exciting-panini.13-37-234-21.plesk.page\/?p=5844"},"modified":"2024-08-06T12:18:14","modified_gmt":"2024-08-06T12:18:14","slug":"le-role-du-delegue-a-la-protection-des-donnees-dpd-ou-dpo","status":"publish","type":"post","link":"https:\/\/viqtor.eu\/es\/le-role-du-delegue-a-la-protection-des-donnees-dpd-ou-dpo\/","title":{"rendered":"El papel del Delegado de Protecci\u00f3n de Datos (DPD)"},"content":{"rendered":"<div data-elementor-type=\"wp-post\" data-elementor-id=\"5844\" class=\"elementor elementor-5844\" data-elementor-post-type=\"post\">\n\t\t\t\t\t\t<section class=\"elementor-section elementor-top-section elementor-element elementor-element-5c3d50f ot-traditional elementor-section-boxed elementor-section-height-default elementor-section-height-default\" data-id=\"5c3d50f\" data-element_type=\"section\">\n\t\t\t\t\t\t<div class=\"elementor-container elementor-column-gap-default\">\n\t\t\t\t\t<div class=\"elementor-column elementor-col-100 elementor-top-column elementor-element elementor-element-414bee4 ot-flex-column-vertical\" data-id=\"414bee4\" data-element_type=\"column\">\n\t\t\t<div class=\"elementor-widget-wrap elementor-element-populated\">\n\t\t\t\t\t\t<div class=\"elementor-element elementor-element-f546bfd elementor-widget elementor-widget-image\" data-id=\"f546bfd\" data-element_type=\"widget\" data-widget_type=\"image.default\">\n\t\t\t\t<div class=\"elementor-widget-container\">\n\t\t\t\t\t\t\t\t\t\t\t\t\t<img fetchpriority=\"high\" decoding=\"async\" width=\"1000\" height=\"667\" src=\"https:\/\/viqtor.eu\/wp-content\/uploads\/2023\/04\/Le-role-du-Delegue-a-la-protection-des-donnees-DPD-ou-DPO.jpg\" class=\"attachment-full size-full wp-image-12193\" alt=\"Le r\u00f4le du D\u00e9l\u00e9gu\u00e9 \u00e0 la protection des donn\u00e9es (DPD ou DPO)\" srcset=\"https:\/\/viqtor.eu\/wp-content\/uploads\/2023\/04\/Le-role-du-Delegue-a-la-protection-des-donnees-DPD-ou-DPO.jpg 1000w, https:\/\/viqtor.eu\/wp-content\/uploads\/2023\/04\/Le-role-du-Delegue-a-la-protection-des-donnees-DPD-ou-DPO-300x200.jpg 300w, https:\/\/viqtor.eu\/wp-content\/uploads\/2023\/04\/Le-role-du-Delegue-a-la-protection-des-donnees-DPD-ou-DPO-768x512.jpg 768w, https:\/\/viqtor.eu\/wp-content\/uploads\/2023\/04\/Le-role-du-Delegue-a-la-protection-des-donnees-DPD-ou-DPO-720x480.jpg 720w\" sizes=\"(max-width: 1000px) 100vw, 1000px\" \/>\t\t\t\t\t\t\t\t\t\t\t\t\t<\/div>\n\t\t\t\t<\/div>\n\t\t\t\t\t<\/div>\n\t\t<\/div>\n\t\t\t\t\t<\/div>\n\t\t<\/section>\n\t\t\t\t<section class=\"elementor-section elementor-top-section elementor-element elementor-element-f256bdc ot-traditional elementor-section-boxed elementor-section-height-default elementor-section-height-default\" data-id=\"f256bdc\" data-element_type=\"section\">\n\t\t\t\t\t\t<div class=\"elementor-container elementor-column-gap-default\">\n\t\t\t\t\t<div class=\"elementor-column elementor-col-100 elementor-top-column elementor-element elementor-element-0fbc7db ot-flex-column-vertical\" data-id=\"0fbc7db\" data-element_type=\"column\">\n\t\t\t<div class=\"elementor-widget-wrap elementor-element-populated\">\n\t\t\t\t\t\t<div class=\"elementor-element elementor-element-d930e04 elementor-widget elementor-widget-heading\" data-id=\"d930e04\" data-element_type=\"widget\" data-widget_type=\"heading.default\">\n\t\t\t\t<div class=\"elementor-widget-container\">\n\t\t\t<h1 class=\"elementor-heading-title elementor-size-default\">El papel del Delegado de Protecci\u00f3n de Datos (DPD)<\/h1>\t\t<\/div>\n\t\t\t\t<\/div>\n\t\t\t\t\t<\/div>\n\t\t<\/div>\n\t\t\t\t\t<\/div>\n\t\t<\/section>\n\t\t\t\t<section class=\"elementor-section elementor-top-section elementor-element elementor-element-347d9a81 ot-traditional elementor-section-boxed elementor-section-height-default elementor-section-height-default\" data-id=\"347d9a81\" data-element_type=\"section\">\n\t\t\t\t\t\t<div class=\"elementor-container elementor-column-gap-default\">\n\t\t\t\t\t<div class=\"elementor-column elementor-col-100 elementor-top-column elementor-element elementor-element-4ec7fdcb ot-flex-column-vertical\" data-id=\"4ec7fdcb\" data-element_type=\"column\">\n\t\t\t<div class=\"elementor-widget-wrap elementor-element-populated\">\n\t\t\t\t\t\t<div class=\"elementor-element elementor-element-246a3cd7 elementor-widget elementor-widget-text-editor\" data-id=\"246a3cd7\" data-element_type=\"widget\" data-widget_type=\"text-editor.default\">\n\t\t\t\t<div class=\"elementor-widget-container\">\n\t\t\t\t\t\t\t<!-- wp:paragraph -->\n<p><strong>Extracto del libro de Bruno DUMAY: DESCRIPCI\u00d3N DEL RGPD \u2013 Para directivos, departamentos estrat\u00e9gicos y empleados de empresas y organizaciones \u2013 Pr\u00f3logo de Ga\u00eblle MONTEILLER<\/strong><\/p>\n<!-- \/wp:paragraph --><!-- wp:paragraph -->\n<p>Junto con la Evaluaci\u00f3n de Impacto, el Delegado de Protecci\u00f3n de Datos (DPD) es la segunda creaci\u00f3n emblem\u00e1tica del RGPD. En Francia, sustituye l\u00f3gicamente al Delegado de Protecci\u00f3n de Datos (DPD), el Delegado de Protecci\u00f3n de Datos (DPC). Cabe destacar, sin embargo, que la Uni\u00f3n Europea lleva tiempo recomendando el nombramiento de un DPD en las grandes estructuras administrativas y econ\u00f3micas, y que algunas han seguido esta recomendaci\u00f3n.<\/p>\n<!-- \/wp:paragraph --><!-- wp:paragraph -->\n<p>El G29 analiz\u00f3 el papel del OPD y adopt\u00f3 unas directrices, finalizadas el 5 de abril de 2017. Estos detalles nos ayudan a definir los l\u00edmites y el contenido de este puesto clave.<\/p>\n<!-- \/wp:paragraph --><!-- wp:paragraph -->\n<p>La designaci\u00f3n de un DPD es obligatoria para (art. 37-1):<\/p>\n<!-- \/wp:paragraph --><!-- wp:paragraph -->\n<p>\u2013 organismos p\u00fablicos;<\/p>\n<!-- \/wp:paragraph --><!-- wp:paragraph -->\n<p>Organizaciones cuyas actividades principales requieren la monitorizaci\u00f3n regular y sistem\u00e1tica de personas a gran escala. El G29 distingue entre actividades de apoyo, como la n\u00f3mina o la inform\u00e1tica, y actividades esenciales, que se refieren a la actividad principal de la organizaci\u00f3n (por ejemplo, datos de salud para un hospital). Asimismo, adopta una perspectiva muy amplia del concepto de \u00abmonitorizaci\u00f3n regular y sistem\u00e1tica\u00bb, que no se limita al entorno digital.<\/p>\n<!-- \/wp:paragraph --><!-- wp:paragraph -->\n<p>\u2013 organizaciones cuyas actividades principales las llevan a procesar datos \u201csensibles\u201d o datos relacionados con condenas y delitos penales a gran escala (G29 proporciona elementos importantes para determinar qu\u00e9 se entiende por \u201cgran escala\u201d).<\/p>\n<!-- \/wp:paragraph --><!-- wp:paragraph -->\n<p>Un grupo de empresas o un conjunto de organismos p\u00fablicos puede designar un \u00fanico DPD (art\u00edculos 37-2 y 37-3). Por supuesto, el G29 recomienda encarecidamente el nombramiento de un DPD, como buena pr\u00e1ctica tambi\u00e9n en este caso.<\/p>\n<!-- \/wp:paragraph --><!-- wp:paragraph -->\n<p>El delegado de protecci\u00f3n de datos es nombrado por el responsable del tratamiento y, en su caso, por el encargado del tratamiento, en funci\u00f3n de sus cualidades profesionales, \u00aben particular, sus conocimientos especializados en la legislaci\u00f3n y las pr\u00e1cticas de protecci\u00f3n de datos, y su capacidad para desempe\u00f1ar sus funciones\u00bb (art. 37-5). Cuanto m\u00e1s complejas sean las operaciones de tratamiento, mayores ser\u00e1n las competencias requeridas.<\/p>\n<!-- \/wp:paragraph --><!-- wp:paragraph -->\n<p>El DPD puede ser interno o externo a la organizaci\u00f3n y, en este \u00faltimo caso, desempe\u00f1ar su misi\u00f3n mediante un contrato. Si el proveedor de servicios es un equipo, deben especificarse las tareas de cada miembro y designarse un l\u00edder de equipo. El GT29 recomienda que el DPD sea f\u00e1cilmente localizable y, por lo tanto, que est\u00e9 establecido en la Uni\u00f3n Europea. Sin embargo, especialmente cuando el responsable o el encargado del tratamiento tengan su sede fuera de la Uni\u00f3n Europea, es aceptable que el DPD est\u00e9 establecido fuera de la UE si as\u00ed puede actuar con mayor eficacia.<\/p>\n<!-- \/wp:paragraph --><!-- wp:paragraph -->\n<p>El DPD no solo desempe\u00f1a un papel simb\u00f3lico. Debe estar involucrado, tanto por el responsable del tratamiento como por el encargado del tratamiento, en todos los asuntos relacionados con la protecci\u00f3n de datos personales (art. 38-1). Cualquier persona cuyos datos personales sean objeto de tratamiento puede contactarlo (art. 38-4). Cuenta con los recursos necesarios para el desempe\u00f1o de sus funciones, tiene acceso a los datos y a las operaciones de tratamiento, e incluso debe ser capaz de mantener sus conocimientos especializados (art. 38-2). Por recursos necesarios, el G29 tambi\u00e9n se refiere al apoyo mediante supervisi\u00f3n, tiempo suficiente, condiciones materiales y formaci\u00f3n. El DPD est\u00e1, en cierto modo, consagrado.<\/p>\n<!-- \/wp:paragraph --><!-- wp:paragraph -->\n<p>M\u00e1s a\u00fan, dado que su independencia est\u00e1 garantizada. De hecho, no puede recibir instrucciones sobre el ejercicio de sus funciones (art. 38-3). El responsable del tratamiento de datos y el subcontratista no tienen poder sobre \u00e9l (sin embargo, s\u00ed tienen la facultad de nombrarlo), quien solo rinde cuentas al m\u00e1s alto nivel directivo. Adem\u00e1s, est\u00e1 sujeto al secreto profesional y a la obligaci\u00f3n de confidencialidad (art. 38-5).<\/p>\n<!-- \/wp:paragraph --><!-- wp:paragraph -->\n<p>A pesar de su estatus, el DPD no es responsable del incumplimiento del RGPD por parte de la organizaci\u00f3n que lo encarg\u00f3. Solo el responsable del tratamiento y\/o el encargado del tratamiento son responsables. La responsabilidad penal solo podr\u00eda incurrir en caso de complicidad en una infracci\u00f3n dolosa.<\/p>\n<!-- \/wp:paragraph --><!-- wp:paragraph -->\n<p>El delegado de protecci\u00f3n de datos puede desempe\u00f1ar otras funciones y tareas, que no deben implicar conflictos de intereses (art. 38-6). Por lo tanto, le resulta imposible ejercer funciones que le permitan decidir sobre los fines y medios del tratamiento de datos personales. Por lo tanto, un DPO dif\u00edcilmente puede ejercer funciones de gesti\u00f3n de la organizaci\u00f3n ni trabajar en el departamento responsable de la gesti\u00f3n de datos. En 2015, la CNIL realiz\u00f3 un estudio para determinar los perfiles de los delegados de protecci\u00f3n de datos; se observ\u00f3 que no exist\u00eda un perfil t\u00edpico: 47 % ten\u00edan un perfil t\u00e9cnico, 19 % un perfil jur\u00eddico y 10 % un perfil administrativo. Es probable que, al menos inicialmente, esta ausencia de un perfil t\u00edpico se encuentre entre los DPO.<\/p>\n<!-- \/wp:paragraph --><!-- wp:paragraph -->\n<p>El art\u00edculo 39 del RGPD enumera las funciones del delegado:<\/p>\n<!-- \/wp:paragraph --><!-- wp:paragraph -->\n<p>\u2013 informar y asesorar al responsable del tratamiento, al encargado del tratamiento y a los empleados que realizan el tratamiento sobre sus obligaciones relativas a las normas sobre el tratamiento de datos personales;<\/p>\n<!-- \/wp:paragraph --><!-- wp:paragraph -->\n<p>\u2013 supervisar el cumplimiento de la normativa, pero tambi\u00e9n concienciar y formar al personal implicado en las operaciones de tratamiento;<\/p>\n<!-- \/wp:paragraph --><!-- wp:paragraph -->\n<p>\u2013 Asesorar, si se solicita, sobre la evaluaci\u00f3n de impacto. Las directrices del GT29 otorgan claramente al OPD un papel fundamental en esta evaluaci\u00f3n. Se le debe consultar sobre la puntualidad, la metodolog\u00eda y el contenido, y posteriormente evaluar su calidad.<\/p>\n<!-- \/wp:paragraph --><!-- wp:paragraph -->\n<p>\u2013 cooperar con la autoridad de control y ser su punto de contacto. En el momento de redactar este documento, la CNIL est\u00e1 elaborando un formulario para la designaci\u00f3n del DPD.<\/p>\n<!-- \/wp:paragraph --><!-- wp:paragraph -->\n<p>No est\u00e1 en el art\u00edculo, pero el G29 a\u00f1ade una misi\u00f3n adicional y opcional al DPD: \u00abNada impide que el responsable o el encargado del tratamiento encomienden al DPD la misi\u00f3n de llevar el registro de las operaciones de tratamiento realizadas bajo su responsabilidad\u00bb. \u00bfQuiz\u00e1s se trate de una sugerencia para facilitar el flujo de informaci\u00f3n entre los diferentes actores?<\/p>\n<!-- \/wp:paragraph --><!-- wp:paragraph -->\n<p>Esto no ser\u00eda in\u00fatil. Porque al final del an\u00e1lisis de esta funci\u00f3n, nos decimos que no ser\u00e1 f\u00e1cil encontrar, ni siquiera en una gran empresa, una persona competente para desempe\u00f1ar este importante rol y que est\u00e9 exenta de cualquier responsabilidad en el tratamiento de datos para evitar conflictos de intereses. De hecho, no es f\u00e1cil conocer las disposiciones de un reglamento, y especialmente sus consecuencias, cuando uno no tiene que aplicarlas en su propio contexto laboral.<\/p>\n<!-- \/wp:paragraph --><!-- wp:paragraph -->\n<p>En este punto, el planteamiento del problema para nombrar a su DPO es simple, aunque en realidad se trata de tres afirmaciones separadas:<\/p>\n<!-- \/wp:paragraph --><!-- wp:paragraph -->\n<p>Su nombramiento interno implica m\u00faltiples obst\u00e1culos que superar, como el aspecto social y la renegociaci\u00f3n del contrato laboral. De hecho, en este caso, es casi seguro que el alcance de esta nueva misi\u00f3n se desconoc\u00eda al firmarse el contrato. Si a esto le sumamos el concepto de riesgo y la subordinaci\u00f3n directa y exclusiva a la gobernanza de la empresa, se trata de una modificaci\u00f3n sustancial del contrato; por lo tanto, se trata de un nuevo contrato laboral. \u00bfY qui\u00e9n lo evaluar\u00e1 y controlar\u00e1 internamente? \u00bfY qui\u00e9n ejercer\u00e1 su funci\u00f3n, ya que ya no puede ser juez ni \u00e1rbitro?<\/p>\n<!-- \/wp:paragraph --><!-- wp:paragraph -->\n<p>Contr\u00e1talo y la demanda se dispara. El perfil es tan solicitado por empresas grandes y medianas que hay una verdadera inflaci\u00f3n debido a la escasez. Y el problema persiste: \u00bfqui\u00e9n lo evaluar\u00e1 y supervisar\u00e1?<\/p>\n<!-- \/wp:paragraph --><!-- wp:paragraph -->\n<p>Por lo tanto, \u00bfpor qu\u00e9 no delegar esta funci\u00f3n de DPD en un profesional jurado, que podr\u00eda desempe\u00f1ar su funci\u00f3n con una competencia e independencia dif\u00edciles de conciliar internamente? El reglamento no menciona esta posibilidad, y ser\u00e1 necesario ver en la pr\u00e1ctica si es concebible y est\u00e1 prevista (nada nos impide consultar a la CNIL sobre este tema). En cualquier caso, nos parece interesante, ya que garantiza una relaci\u00f3n virtuosa entre el responsable del tratamiento y el delegado de protecci\u00f3n de datos.<\/p>\n<!-- \/wp:paragraph --><!-- wp:paragraph -->\n<p>Y por \u00faltimo, podemos simplemente decidir no designar un DPO, porque simplemente no estamos estrictamente obligados a hacerlo.<\/p>\n<!-- \/wp:buttons -->\t\t\t\t\t\t<\/div>\n\t\t\t\t<\/div>\n\t\t\t\t\t<\/div>\n\t\t<\/div>\n\t\t\t\t\t<\/div>\n\t\t<\/section>\n\t\t\t\t<section class=\"elementor-section elementor-top-section elementor-element elementor-element-6971a3e ot-traditional elementor-section-boxed elementor-section-height-default elementor-section-height-default\" data-id=\"6971a3e\" data-element_type=\"section\">\n\t\t\t\t\t\t<div class=\"elementor-container elementor-column-gap-default\">\n\t\t\t\t\t<div class=\"elementor-column elementor-col-100 elementor-top-column elementor-element elementor-element-10a3a56 ot-flex-column-vertical\" data-id=\"10a3a56\" data-element_type=\"column\">\n\t\t\t<div class=\"elementor-widget-wrap elementor-element-populated\">\n\t\t\t\t\t\t<div class=\"elementor-element elementor-element-20edfeb elementor-align-center elementor-widget elementor-widget-button\" data-id=\"20edfeb\" data-element_type=\"widget\" data-widget_type=\"button.default\">\n\t\t\t\t<div class=\"elementor-widget-container\">\n\t\t\t\t\t<div class=\"elementor-button-wrapper\">\n\t\t\t<a class=\"elementor-button elementor-button-link elementor-size-lg\" href=\"https:\/\/app.viqtor.eu\/\">\n\t\t\t\t\t\t<span class=\"elementor-button-content-wrapper\">\n\t\t\t\t\t\t<span class=\"elementor-button-icon\">\n\t\t\t\t<i aria-hidden=\"true\" class=\"fas fa-long-arrow-alt-right\"><\/i>\t\t\t<\/span>\n\t\t\t\t\t\t\t\t\t<span class=\"elementor-button-text\">Descubra Viqtor\u00ae<\/span>\n\t\t\t\t\t<\/span>\n\t\t\t\t\t<\/a>\n\t\t<\/div>\n\t\t\t\t<\/div>\n\t\t\t\t<\/div>\n\t\t\t\t\t<\/div>\n\t\t<\/div>\n\t\t\t\t\t<\/div>\n\t\t<\/section>\n\t\t\t\t<\/div>","protected":false},"excerpt":{"rendered":"<p>El papel del Delegado de Protecci\u00f3n de Datos (DPD) Extracto de la obra de Bruno DUMAY: DESCRIPCI\u00d3N DEL RGPD \u2013 Para directivos, departamentos estrat\u00e9gicos y empleados de empresas y organizaciones \u2013 Pr\u00f3logo de Ga\u00eblle MONTEILLER Con el An\u00e1lisis de Impacto, el Delegado de Protecci\u00f3n de Datos, DPO, (en ingl\u00e9s data protection [\u2026]<\/p>","protected":false},"author":1,"featured_media":5852,"comment_status":"closed","ping_status":"open","sticky":false,"template":"elementor_header_footer","format":"standard","meta":{"_acf_changed":false,"footnotes":""},"categories":[62],"tags":[38],"class_list":["post-5844","post","type-post","status-publish","format-standard","has-post-thumbnail","hentry","category-decryptage","tag-decryptage"],"acf":[],"yoast_head":"<!-- This site is optimized with the Yoast SEO plugin v23.6 - https:\/\/yoast.com\/wordpress\/plugins\/seo\/ -->\n<title>Le r\u00f4le du D\u00e9l\u00e9gu\u00e9 \u00e0 la protection des donn\u00e9es (DPD ou DPO) - Viqtor<\/title>\n<meta name=\"description\" content=\"Le r\u00f4le du D\u00e9l\u00e9gu\u00e9 \u00e0 la protection des donn\u00e9es (DPD ou DPO) - Viqtor\" \/>\n<meta name=\"robots\" content=\"index, follow, max-snippet:-1, max-image-preview:large, max-video-preview:-1\" \/>\n<link rel=\"canonical\" href=\"https:\/\/viqtor.eu\/es\/le-role-du-delegue-a-la-protection-des-donnees-dpd-ou-dpo\/\" \/>\n<meta property=\"og:locale\" content=\"es_ES\" \/>\n<meta property=\"og:type\" content=\"article\" \/>\n<meta property=\"og:title\" content=\"Le r\u00f4le du D\u00e9l\u00e9gu\u00e9 \u00e0 la protection des donn\u00e9es (DPD ou DPO) - Viqtor\" \/>\n<meta property=\"og:description\" content=\"Le r\u00f4le du D\u00e9l\u00e9gu\u00e9 \u00e0 la protection des donn\u00e9es (DPD ou DPO) - Viqtor\" \/>\n<meta property=\"og:url\" content=\"https:\/\/viqtor.eu\/es\/le-role-du-delegue-a-la-protection-des-donnees-dpd-ou-dpo\/\" \/>\n<meta property=\"og:site_name\" content=\"Viqtor\" \/>\n<meta property=\"article:published_time\" content=\"2023-04-25T15:05:08+00:00\" \/>\n<meta property=\"article:modified_time\" content=\"2024-08-06T12:18:14+00:00\" \/>\n<meta property=\"og:image\" content=\"https:\/\/viqtor.eu\/wp-content\/uploads\/2026\/04\/widget-viqtor.png\" \/>\n\t<meta property=\"og:image:width\" content=\"1000\" \/>\n\t<meta property=\"og:image:height\" content=\"667\" \/>\n\t<meta property=\"og:image:type\" content=\"image\/jpeg\" \/>\n<meta name=\"author\" content=\"Bruno\" \/>\n<meta name=\"twitter:card\" content=\"summary_large_image\" \/>\n<meta name=\"twitter:label1\" content=\"Escrito por\" \/>\n\t<meta name=\"twitter:data1\" content=\"Bruno\" \/>\n\t<meta name=\"twitter:label2\" content=\"Tiempo de lectura\" \/>\n\t<meta name=\"twitter:data2\" content=\"8 minutos\" \/>\n<script type=\"application\/ld+json\" class=\"yoast-schema-graph\">{\"@context\":\"https:\/\/schema.org\",\"@graph\":[{\"@type\":\"Article\",\"@id\":\"https:\/\/viqtor.eu\/le-role-du-delegue-a-la-protection-des-donnees-dpd-ou-dpo\/#article\",\"isPartOf\":{\"@id\":\"https:\/\/viqtor.eu\/le-role-du-delegue-a-la-protection-des-donnees-dpd-ou-dpo\/\"},\"author\":{\"name\":\"Bruno\",\"@id\":\"https:\/\/viqtor.eu\/#\/schema\/person\/3dbd9cc82a28f6cf1695c92eda0099ad\"},\"headline\":\"Le r\u00f4le du D\u00e9l\u00e9gu\u00e9 \u00e0 la protection des donn\u00e9es (DPD ou DPO)\",\"datePublished\":\"2023-04-25T15:05:08+00:00\",\"dateModified\":\"2024-08-06T12:18:14+00:00\",\"mainEntityOfPage\":{\"@id\":\"https:\/\/viqtor.eu\/le-role-du-delegue-a-la-protection-des-donnees-dpd-ou-dpo\/\"},\"wordCount\":1588,\"publisher\":{\"@id\":\"https:\/\/viqtor.eu\/#organization\"},\"image\":{\"@id\":\"https:\/\/viqtor.eu\/le-role-du-delegue-a-la-protection-des-donnees-dpd-ou-dpo\/#primaryimage\"},\"thumbnailUrl\":\"https:\/\/viqtor.eu\/wp-content\/uploads\/2023\/04\/shutterstock_2000247368-1.jpg\",\"keywords\":[\"D\u00e9cryptage\"],\"articleSection\":[\"D\u00e9cryptage\"],\"inLanguage\":\"es\"},{\"@type\":\"WebPage\",\"@id\":\"https:\/\/viqtor.eu\/le-role-du-delegue-a-la-protection-des-donnees-dpd-ou-dpo\/\",\"url\":\"https:\/\/viqtor.eu\/le-role-du-delegue-a-la-protection-des-donnees-dpd-ou-dpo\/\",\"name\":\"Le r\u00f4le du D\u00e9l\u00e9gu\u00e9 \u00e0 la protection des donn\u00e9es (DPD ou DPO) - Viqtor\",\"isPartOf\":{\"@id\":\"https:\/\/viqtor.eu\/#website\"},\"primaryImageOfPage\":{\"@id\":\"https:\/\/viqtor.eu\/le-role-du-delegue-a-la-protection-des-donnees-dpd-ou-dpo\/#primaryimage\"},\"image\":{\"@id\":\"https:\/\/viqtor.eu\/le-role-du-delegue-a-la-protection-des-donnees-dpd-ou-dpo\/#primaryimage\"},\"thumbnailUrl\":\"https:\/\/viqtor.eu\/wp-content\/uploads\/2023\/04\/shutterstock_2000247368-1.jpg\",\"datePublished\":\"2023-04-25T15:05:08+00:00\",\"dateModified\":\"2024-08-06T12:18:14+00:00\",\"description\":\"Le r\u00f4le du D\u00e9l\u00e9gu\u00e9 \u00e0 la protection des donn\u00e9es (DPD ou DPO) - Viqtor\",\"breadcrumb\":{\"@id\":\"https:\/\/viqtor.eu\/le-role-du-delegue-a-la-protection-des-donnees-dpd-ou-dpo\/#breadcrumb\"},\"inLanguage\":\"es\",\"potentialAction\":[{\"@type\":\"ReadAction\",\"target\":[\"https:\/\/viqtor.eu\/le-role-du-delegue-a-la-protection-des-donnees-dpd-ou-dpo\/\"]}]},{\"@type\":\"ImageObject\",\"inLanguage\":\"es\",\"@id\":\"https:\/\/viqtor.eu\/le-role-du-delegue-a-la-protection-des-donnees-dpd-ou-dpo\/#primaryimage\",\"url\":\"https:\/\/viqtor.eu\/wp-content\/uploads\/2023\/04\/shutterstock_2000247368-1.jpg\",\"contentUrl\":\"https:\/\/viqtor.eu\/wp-content\/uploads\/2023\/04\/shutterstock_2000247368-1.jpg\",\"width\":1000,\"height\":667,\"caption\":\"Le r\u00f4le du D\u00e9l\u00e9gu\u00e9 \u00e0 la protection des donn\u00e9es (DPD ou DPO)\"},{\"@type\":\"BreadcrumbList\",\"@id\":\"https:\/\/viqtor.eu\/le-role-du-delegue-a-la-protection-des-donnees-dpd-ou-dpo\/#breadcrumb\",\"itemListElement\":[{\"@type\":\"ListItem\",\"position\":1,\"name\":\"Accueil\",\"item\":\"https:\/\/viqtor.eu\/\"},{\"@type\":\"ListItem\",\"position\":2,\"name\":\"Le r\u00f4le du D\u00e9l\u00e9gu\u00e9 \u00e0 la protection des donn\u00e9es (DPD ou DPO)\"}]},{\"@type\":\"WebSite\",\"@id\":\"https:\/\/viqtor.eu\/#website\",\"url\":\"https:\/\/viqtor.eu\/\",\"name\":\"Viqtor\",\"description\":\"Faites du RGPD une opportunit\u00e9 pour votre entreprise.\",\"publisher\":{\"@id\":\"https:\/\/viqtor.eu\/#organization\"},\"potentialAction\":[{\"@type\":\"SearchAction\",\"target\":{\"@type\":\"EntryPoint\",\"urlTemplate\":\"https:\/\/viqtor.eu\/?s={search_term_string}\"},\"query-input\":{\"@type\":\"PropertyValueSpecification\",\"valueRequired\":true,\"valueName\":\"search_term_string\"}}],\"inLanguage\":\"es\"},{\"@type\":\"Organization\",\"@id\":\"https:\/\/viqtor.eu\/#organization\",\"name\":\"viqtor.eu\",\"url\":\"https:\/\/viqtor.eu\/\",\"logo\":{\"@type\":\"ImageObject\",\"inLanguage\":\"es\",\"@id\":\"https:\/\/viqtor.eu\/#\/schema\/logo\/image\/\",\"url\":\"https:\/\/viqtor.eu\/wp-content\/uploads\/2023\/06\/favicon-noir.svg\",\"contentUrl\":\"https:\/\/viqtor.eu\/wp-content\/uploads\/2023\/06\/favicon-noir.svg\",\"width\":108,\"height\":86,\"caption\":\"viqtor.eu\"},\"image\":{\"@id\":\"https:\/\/viqtor.eu\/#\/schema\/logo\/image\/\"}},{\"@type\":\"Person\",\"@id\":\"https:\/\/viqtor.eu\/#\/schema\/person\/3dbd9cc82a28f6cf1695c92eda0099ad\",\"name\":\"Bruno\",\"image\":{\"@type\":\"ImageObject\",\"inLanguage\":\"es\",\"@id\":\"https:\/\/viqtor.eu\/#\/schema\/person\/image\/\",\"url\":\"https:\/\/secure.gravatar.com\/avatar\/e5a596f9489de15bfe046e97fb771f63589b601ca7e81ccc2bb9a23582f441a3?s=96&d=mm&r=g\",\"contentUrl\":\"https:\/\/secure.gravatar.com\/avatar\/e5a596f9489de15bfe046e97fb771f63589b601ca7e81ccc2bb9a23582f441a3?s=96&d=mm&r=g\",\"caption\":\"Bruno\"},\"sameAs\":[\"https:\/\/exciting-panini.13-37-234-21.plesk.page\"],\"url\":\"https:\/\/viqtor.eu\/es\/author\/mouad_zxum2ebi\/\"}]}<\/script>\n<!-- \/ Yoast SEO plugin. -->","yoast_head_json":{"title":"Le r\u00f4le du D\u00e9l\u00e9gu\u00e9 \u00e0 la protection des donn\u00e9es (DPD ou DPO) - Viqtor","description":"Le r\u00f4le du D\u00e9l\u00e9gu\u00e9 \u00e0 la protection des donn\u00e9es (DPD ou DPO) - Viqtor","robots":{"index":"index","follow":"follow","max-snippet":"max-snippet:-1","max-image-preview":"max-image-preview:large","max-video-preview":"max-video-preview:-1"},"canonical":"https:\/\/viqtor.eu\/es\/le-role-du-delegue-a-la-protection-des-donnees-dpd-ou-dpo\/","og_locale":"es_ES","og_type":"article","og_title":"Le r\u00f4le du D\u00e9l\u00e9gu\u00e9 \u00e0 la protection des donn\u00e9es (DPD ou DPO) - Viqtor","og_description":"Le r\u00f4le du D\u00e9l\u00e9gu\u00e9 \u00e0 la protection des donn\u00e9es (DPD ou DPO) - Viqtor","og_url":"https:\/\/viqtor.eu\/es\/le-role-du-delegue-a-la-protection-des-donnees-dpd-ou-dpo\/","og_site_name":"Viqtor","article_published_time":"2023-04-25T15:05:08+00:00","article_modified_time":"2024-08-06T12:18:14+00:00","og_image":[{"width":1000,"height":667,"url":"https:\/\/viqtor.eu\/wp-content\/uploads\/2026\/04\/widget-viqtor.png","type":"image\/jpeg"}],"author":"Bruno","twitter_card":"summary_large_image","twitter_misc":{"Escrito por":"Bruno","Tiempo de lectura":"8 minutos"},"schema":{"@context":"https:\/\/schema.org","@graph":[{"@type":"Article","@id":"https:\/\/viqtor.eu\/le-role-du-delegue-a-la-protection-des-donnees-dpd-ou-dpo\/#article","isPartOf":{"@id":"https:\/\/viqtor.eu\/le-role-du-delegue-a-la-protection-des-donnees-dpd-ou-dpo\/"},"author":{"name":"Bruno","@id":"https:\/\/viqtor.eu\/#\/schema\/person\/3dbd9cc82a28f6cf1695c92eda0099ad"},"headline":"Le r\u00f4le du D\u00e9l\u00e9gu\u00e9 \u00e0 la protection des donn\u00e9es (DPD ou DPO)","datePublished":"2023-04-25T15:05:08+00:00","dateModified":"2024-08-06T12:18:14+00:00","mainEntityOfPage":{"@id":"https:\/\/viqtor.eu\/le-role-du-delegue-a-la-protection-des-donnees-dpd-ou-dpo\/"},"wordCount":1588,"publisher":{"@id":"https:\/\/viqtor.eu\/#organization"},"image":{"@id":"https:\/\/viqtor.eu\/le-role-du-delegue-a-la-protection-des-donnees-dpd-ou-dpo\/#primaryimage"},"thumbnailUrl":"https:\/\/viqtor.eu\/wp-content\/uploads\/2023\/04\/shutterstock_2000247368-1.jpg","keywords":["D\u00e9cryptage"],"articleSection":["D\u00e9cryptage"],"inLanguage":"es"},{"@type":"WebPage","@id":"https:\/\/viqtor.eu\/le-role-du-delegue-a-la-protection-des-donnees-dpd-ou-dpo\/","url":"https:\/\/viqtor.eu\/le-role-du-delegue-a-la-protection-des-donnees-dpd-ou-dpo\/","name":"Le r\u00f4le du D\u00e9l\u00e9gu\u00e9 \u00e0 la protection des donn\u00e9es (DPD ou DPO) - Viqtor","isPartOf":{"@id":"https:\/\/viqtor.eu\/#website"},"primaryImageOfPage":{"@id":"https:\/\/viqtor.eu\/le-role-du-delegue-a-la-protection-des-donnees-dpd-ou-dpo\/#primaryimage"},"image":{"@id":"https:\/\/viqtor.eu\/le-role-du-delegue-a-la-protection-des-donnees-dpd-ou-dpo\/#primaryimage"},"thumbnailUrl":"https:\/\/viqtor.eu\/wp-content\/uploads\/2023\/04\/shutterstock_2000247368-1.jpg","datePublished":"2023-04-25T15:05:08+00:00","dateModified":"2024-08-06T12:18:14+00:00","description":"Le r\u00f4le du D\u00e9l\u00e9gu\u00e9 \u00e0 la protection des donn\u00e9es (DPD ou DPO) - Viqtor","breadcrumb":{"@id":"https:\/\/viqtor.eu\/le-role-du-delegue-a-la-protection-des-donnees-dpd-ou-dpo\/#breadcrumb"},"inLanguage":"es","potentialAction":[{"@type":"ReadAction","target":["https:\/\/viqtor.eu\/le-role-du-delegue-a-la-protection-des-donnees-dpd-ou-dpo\/"]}]},{"@type":"ImageObject","inLanguage":"es","@id":"https:\/\/viqtor.eu\/le-role-du-delegue-a-la-protection-des-donnees-dpd-ou-dpo\/#primaryimage","url":"https:\/\/viqtor.eu\/wp-content\/uploads\/2023\/04\/shutterstock_2000247368-1.jpg","contentUrl":"https:\/\/viqtor.eu\/wp-content\/uploads\/2023\/04\/shutterstock_2000247368-1.jpg","width":1000,"height":667,"caption":"Le r\u00f4le du D\u00e9l\u00e9gu\u00e9 \u00e0 la protection des donn\u00e9es (DPD ou DPO)"},{"@type":"BreadcrumbList","@id":"https:\/\/viqtor.eu\/le-role-du-delegue-a-la-protection-des-donnees-dpd-ou-dpo\/#breadcrumb","itemListElement":[{"@type":"ListItem","position":1,"name":"Accueil","item":"https:\/\/viqtor.eu\/"},{"@type":"ListItem","position":2,"name":"Le r\u00f4le du D\u00e9l\u00e9gu\u00e9 \u00e0 la protection des donn\u00e9es (DPD ou DPO)"}]},{"@type":"WebSite","@id":"https:\/\/viqtor.eu\/#website","url":"https:\/\/viqtor.eu\/","name":"Viqtor","description":"Faites du RGPD une opportunit\u00e9 pour votre entreprise.","publisher":{"@id":"https:\/\/viqtor.eu\/#organization"},"potentialAction":[{"@type":"SearchAction","target":{"@type":"EntryPoint","urlTemplate":"https:\/\/viqtor.eu\/?s={search_term_string}"},"query-input":{"@type":"PropertyValueSpecification","valueRequired":true,"valueName":"search_term_string"}}],"inLanguage":"es"},{"@type":"Organization","@id":"https:\/\/viqtor.eu\/#organization","name":"viqtor.eu","url":"https:\/\/viqtor.eu\/","logo":{"@type":"ImageObject","inLanguage":"es","@id":"https:\/\/viqtor.eu\/#\/schema\/logo\/image\/","url":"https:\/\/viqtor.eu\/wp-content\/uploads\/2023\/06\/favicon-noir.svg","contentUrl":"https:\/\/viqtor.eu\/wp-content\/uploads\/2023\/06\/favicon-noir.svg","width":108,"height":86,"caption":"viqtor.eu"},"image":{"@id":"https:\/\/viqtor.eu\/#\/schema\/logo\/image\/"}},{"@type":"Person","@id":"https:\/\/viqtor.eu\/#\/schema\/person\/3dbd9cc82a28f6cf1695c92eda0099ad","name":"Bruno","image":{"@type":"ImageObject","inLanguage":"es","@id":"https:\/\/viqtor.eu\/#\/schema\/person\/image\/","url":"https:\/\/secure.gravatar.com\/avatar\/e5a596f9489de15bfe046e97fb771f63589b601ca7e81ccc2bb9a23582f441a3?s=96&d=mm&r=g","contentUrl":"https:\/\/secure.gravatar.com\/avatar\/e5a596f9489de15bfe046e97fb771f63589b601ca7e81ccc2bb9a23582f441a3?s=96&d=mm&r=g","caption":"Bruno"},"sameAs":["https:\/\/exciting-panini.13-37-234-21.plesk.page"],"url":"https:\/\/viqtor.eu\/es\/author\/mouad_zxum2ebi\/"}]}},"_links":{"self":[{"href":"https:\/\/viqtor.eu\/es\/wp-json\/wp\/v2\/posts\/5844","targetHints":{"allow":["GET"]}}],"collection":[{"href":"https:\/\/viqtor.eu\/es\/wp-json\/wp\/v2\/posts"}],"about":[{"href":"https:\/\/viqtor.eu\/es\/wp-json\/wp\/v2\/types\/post"}],"author":[{"embeddable":true,"href":"https:\/\/viqtor.eu\/es\/wp-json\/wp\/v2\/users\/1"}],"replies":[{"embeddable":true,"href":"https:\/\/viqtor.eu\/es\/wp-json\/wp\/v2\/comments?post=5844"}],"version-history":[{"count":17,"href":"https:\/\/viqtor.eu\/es\/wp-json\/wp\/v2\/posts\/5844\/revisions"}],"predecessor-version":[{"id":12200,"href":"https:\/\/viqtor.eu\/es\/wp-json\/wp\/v2\/posts\/5844\/revisions\/12200"}],"wp:featuredmedia":[{"embeddable":true,"href":"https:\/\/viqtor.eu\/es\/wp-json\/wp\/v2\/media\/5852"}],"wp:attachment":[{"href":"https:\/\/viqtor.eu\/es\/wp-json\/wp\/v2\/media?parent=5844"}],"wp:term":[{"taxonomy":"category","embeddable":true,"href":"https:\/\/viqtor.eu\/es\/wp-json\/wp\/v2\/categories?post=5844"},{"taxonomy":"post_tag","embeddable":true,"href":"https:\/\/viqtor.eu\/es\/wp-json\/wp\/v2\/tags?post=5844"}],"curies":[{"name":"wp","href":"https:\/\/api.w.org\/{rel}","templated":true}]}}