{"id":5811,"date":"2023-04-25T14:32:17","date_gmt":"2023-04-25T14:32:17","guid":{"rendered":"https:\/\/exciting-panini.13-37-234-21.plesk.page\/?p=5811"},"modified":"2024-08-06T11:06:32","modified_gmt":"2024-08-06T11:06:32","slug":"on-est-parfois-plus-responsable-quon-ne-le-pense-ou-quon-ne-le-souhaite","status":"publish","type":"post","link":"https:\/\/viqtor.eu\/es\/on-est-parfois-plus-responsable-quon-ne-le-pense-ou-quon-ne-le-souhaite\/","title":{"rendered":"A veces somos m\u00e1s responsables de lo que creemos... o de lo que queremos ser."},"content":{"rendered":"<div data-elementor-type=\"wp-post\" data-elementor-id=\"5811\" class=\"elementor elementor-5811\" data-elementor-post-type=\"post\">\n\t\t\t\t\t\t<section class=\"elementor-section elementor-top-section elementor-element elementor-element-a8ddb20 ot-traditional elementor-section-boxed elementor-section-height-default elementor-section-height-default\" data-id=\"a8ddb20\" data-element_type=\"section\">\n\t\t\t\t\t\t<div class=\"elementor-container elementor-column-gap-default\">\n\t\t\t\t\t<div class=\"elementor-column elementor-col-100 elementor-top-column elementor-element elementor-element-8d4afb6 ot-flex-column-vertical\" data-id=\"8d4afb6\" data-element_type=\"column\">\n\t\t\t<div class=\"elementor-widget-wrap elementor-element-populated\">\n\t\t\t\t\t\t<div class=\"elementor-element elementor-element-9795236 elementor-widget elementor-widget-image\" data-id=\"9795236\" data-element_type=\"widget\" data-widget_type=\"image.default\">\n\t\t\t\t<div class=\"elementor-widget-container\">\n\t\t\t\t\t\t\t\t\t\t\t\t\t<img fetchpriority=\"high\" decoding=\"async\" width=\"1000\" height=\"645\" src=\"https:\/\/viqtor.eu\/wp-content\/uploads\/2023\/04\/On-est-parfois-plus-responsable-quon-ne-le-pense\u2026-ou-quon-ne-le-souhaite.jpg\" class=\"attachment-full size-full wp-image-12152\" alt=\"On est parfois plus responsable qu\u2019on ne le pense\u2026 ou qu\u2019on ne le souhaite\" srcset=\"https:\/\/viqtor.eu\/wp-content\/uploads\/2023\/04\/On-est-parfois-plus-responsable-quon-ne-le-pense\u2026-ou-quon-ne-le-souhaite.jpg 1000w, https:\/\/viqtor.eu\/wp-content\/uploads\/2023\/04\/On-est-parfois-plus-responsable-quon-ne-le-pense\u2026-ou-quon-ne-le-souhaite-300x194.jpg 300w, https:\/\/viqtor.eu\/wp-content\/uploads\/2023\/04\/On-est-parfois-plus-responsable-quon-ne-le-pense\u2026-ou-quon-ne-le-souhaite-768x495.jpg 768w, https:\/\/viqtor.eu\/wp-content\/uploads\/2023\/04\/On-est-parfois-plus-responsable-quon-ne-le-pense\u2026-ou-quon-ne-le-souhaite-720x464.jpg 720w\" sizes=\"(max-width: 1000px) 100vw, 1000px\" \/>\t\t\t\t\t\t\t\t\t\t\t\t\t<\/div>\n\t\t\t\t<\/div>\n\t\t\t\t\t<\/div>\n\t\t<\/div>\n\t\t\t\t\t<\/div>\n\t\t<\/section>\n\t\t\t\t<section class=\"elementor-section elementor-top-section elementor-element elementor-element-af19dd4 ot-traditional elementor-section-boxed elementor-section-height-default elementor-section-height-default\" data-id=\"af19dd4\" data-element_type=\"section\">\n\t\t\t\t\t\t<div class=\"elementor-container elementor-column-gap-default\">\n\t\t\t\t\t<div class=\"elementor-column elementor-col-100 elementor-top-column elementor-element elementor-element-a8fab76 ot-flex-column-vertical\" data-id=\"a8fab76\" data-element_type=\"column\">\n\t\t\t<div class=\"elementor-widget-wrap elementor-element-populated\">\n\t\t\t\t\t\t<div class=\"elementor-element elementor-element-98100d6 elementor-widget elementor-widget-heading\" data-id=\"98100d6\" data-element_type=\"widget\" data-widget_type=\"heading.default\">\n\t\t\t\t<div class=\"elementor-widget-container\">\n\t\t\t<h1 class=\"elementor-heading-title elementor-size-default\">A veces somos m\u00e1s responsables de lo que creemos... o de lo que queremos ser.<\/h1>\t\t<\/div>\n\t\t\t\t<\/div>\n\t\t\t\t\t<\/div>\n\t\t<\/div>\n\t\t\t\t\t<\/div>\n\t\t<\/section>\n\t\t\t\t<section class=\"elementor-section elementor-top-section elementor-element elementor-element-15c87ec3 ot-traditional elementor-section-boxed elementor-section-height-default elementor-section-height-default\" data-id=\"15c87ec3\" data-element_type=\"section\">\n\t\t\t\t\t\t<div class=\"elementor-container elementor-column-gap-default\">\n\t\t\t\t\t<div class=\"elementor-column elementor-col-100 elementor-top-column elementor-element elementor-element-29a30b2 ot-flex-column-vertical\" data-id=\"29a30b2\" data-element_type=\"column\">\n\t\t\t<div class=\"elementor-widget-wrap elementor-element-populated\">\n\t\t\t\t\t\t<div class=\"elementor-element elementor-element-415d2eeb elementor-widget elementor-widget-text-editor\" data-id=\"415d2eeb\" data-element_type=\"widget\" data-widget_type=\"text-editor.default\">\n\t\t\t\t<div class=\"elementor-widget-container\">\n\t\t\t\t\t\t\t<!-- wp:paragraph -->\n<p><strong>Legal Watch \u2013 Septiembre 2019.<br><\/strong><\/p>\n<!-- \/wp:paragraph -->\n\n<!-- wp:paragraph -->\n<p><em>Este es el caso cuando instalas un complemento simple en tu sitio web, incluso si no tienes acceso a los datos recopilados a trav\u00e9s de este medio.<\/em> <\/p>\n<!-- \/wp:paragraph -->\n\n<!-- wp:paragraph -->\n<p>Una reciente sentencia del Tribunal de Justicia de la Uni\u00f3n Europea, conocida como &quot;Fashion ID&quot;, confirma esta constataci\u00f3n al aclarar la responsabilidad de los administradores de sitios web que insertan un icono de &quot;me gusta&quot; de Facebook en su p\u00e1gina.<\/p>\n<!-- \/wp:paragraph -->\n\n<!-- wp:paragraph -->\n<p><em>La inserci\u00f3n de este simple complemento puede por lo tanto tener como consecuencia que el administrador del sitio sea corresponsable del tratamiento con la red social que recopila estos datos.<\/em><\/p>\n<!-- \/wp:paragraph -->\n\n<!-- wp:paragraph -->\n<p>Desde un punto de vista t\u00e9cnico, la simple inserci\u00f3n de un complemento en una p\u00e1gina web permite la comunicaci\u00f3n autom\u00e1tica de los datos de conexi\u00f3n de los visitantes a la red social correspondiente, independientemente de si hacen clic en el icono del complemento. En este caso, los datos de los visitantes del sitio web Fashion ID, una tienda alemana de ropa de moda en l\u00ednea, se transmitieron sistem\u00e1ticamente a Facebook. Esto es lo que ocurre actualmente en muchos sitios web, ya sean de venta en l\u00ednea, sitios de noticias o blogs. El razonamiento aplicado a Facebook en este caso puede extenderse a cualquier red social u otra entidad que utilice la misma tecnolog\u00eda.<\/p>\n<!-- \/wp:paragraph -->\n\n<!-- wp:paragraph -->\n<p>El Tribunal de Justicia aclar\u00f3 que el hecho de que el administrador del sitio no tenga acceso a los datos transmitidos no exime su responsabilidad. El hecho de que determine, junto con Facebook, los fines y medios del tratamiento sigue siendo el factor decisivo. El Tribunal deduce la posible responsabilidad solidaria del sitio y Facebook de los beneficios econ\u00f3micos mutuos que obtienen de esta cooperaci\u00f3n: para Facebook, el enriquecimiento de su base de datos, y para el administrador del sitio, la optimizaci\u00f3n de la publicidad de sus productos en la red social Facebook en cuanto un visitante hace clic en el icono de &quot;Me gusta&quot;.<\/p>\n<!-- \/wp:paragraph -->\n\n<!-- wp:paragraph -->\n<p>El Tribunal aclara que las responsabilidades y obligaciones legales var\u00edan seg\u00fan los distintos aspectos del tratamiento: en este caso, Fashion ID no se responsabiliza del tratamiento posterior de los datos por parte de Facebook. Facebook tambi\u00e9n debe proporcionar una base jur\u00eddica espec\u00edfica para este tratamiento. No obstante, el operador del sitio web debe informar y obtener el consentimiento de sus visitantes por separado sobre la recopilaci\u00f3n y transmisi\u00f3n de estos datos a la red social.<\/p>\n<!-- \/wp:paragraph -->\n\n<!-- wp:paragraph -->\n<p><em>De esta importante sentencia se pueden extraer varias lecciones. Por lo tanto, conviene:<\/em><\/p>\n<!-- \/wp:paragraph -->\n\n<!-- wp:list -->\n<ul><!-- wp:list-item -->\n<li>Verifique sistem\u00e1ticamente las condiciones de uso de los complementos en su sitio web, as\u00ed como las posibles condiciones de transmisi\u00f3n de datos a terceros,<\/li>\n<!-- \/wp:list-item -->\n\n<!-- wp:list-item -->\n<li>Verifique las cl\u00e1usulas de responsabilidad en los contratos con estos terceros;<\/li>\n<!-- \/wp:list-item -->\n\n<!-- wp:list-item -->\n<li>Informar a los visitantes espec\u00edficamente sobre esta colecci\u00f3n y obtener su consentimiento por separado.<\/li>\n<!-- \/wp:list-item --><\/ul>\n<!-- \/wp:list -->\n\n<!-- wp:paragraph -->\n<p>Estas precauciones son tanto m\u00e1s pertinentes cuanto que la CNIL ha aclarado recientemente las estrictas condiciones para obtener el consentimiento en materia de segmentaci\u00f3n publicitaria en l\u00ednea y ha anunciado que centrar\u00e1 sus actividades de seguimiento en 2019 en cuestiones de reparto de responsabilidades entre los distintos responsables del tratamiento de datos personales.&nbsp;<\/p>\n<!-- \/wp:paragraph -->\n\n<!-- wp:paragraph -->\n<p>Estas cuestiones tambi\u00e9n se est\u00e1n abordando a nivel europeo. El CEPD, que re\u00fane a las autoridades de protecci\u00f3n de datos de la Uni\u00f3n Europea (CNIL), ha iniciado conversaciones con diversas organizaciones sectoriales para actualizar el dictamen de referencia de las autoridades de control sobre la identificaci\u00f3n y la funci\u00f3n de los responsables, corresponsables y encargados del tratamiento.<\/p>\n<!-- \/wp:paragraph -->\n\n<!-- wp:paragraph -->\n<p><strong>Y adem\u00e1s:<\/strong><\/p>\n<!-- \/wp:paragraph -->\n\n<!-- wp:paragraph -->\n<p><span style=\"text-decoration: underline;\">\u2022 en Europa:<\/span><\/p>\n<!-- \/wp:paragraph -->\n\n<!-- wp:paragraph -->\n<p><strong>Brexit:<\/strong><\/p>\n<!-- \/wp:paragraph -->\n\n<!-- wp:paragraph -->\n<p>\u00bfCu\u00e1les ser\u00edan las condiciones para la transferencia de datos al Reino Unido si el pa\u00eds abandonara la Uni\u00f3n Europea sin acuerdo? El CEPD public\u00f3 una nota a principios de 2019 que detalla las condiciones y las diversas bases jur\u00eddicas aplicables. La autoridad brit\u00e1nica de protecci\u00f3n de datos tambi\u00e9n responde a numerosas preguntas en su sitio web oficial.<\/p>\n<!-- \/wp:paragraph -->\n\n<!-- wp:paragraph -->\n<p><strong>Biometr\u00eda:<\/strong><\/p>\n<!-- \/wp:paragraph -->\n\n<!-- wp:paragraph -->\n<p>La Autoridad Sueca de Protecci\u00f3n de Datos emiti\u00f3 su primera sanci\u00f3n bajo el RGPD el 21 de agosto. Se impuso una multa de 20.000 euros a una escuela por implementar un sistema de reconocimiento facial para estudiantes en violaci\u00f3n de varios principios del RGPD: consentimiento no v\u00e1lido, datos biom\u00e9tricos sensibles, falta de evaluaci\u00f3n de impacto previa y falta de consulta a la autoridad de protecci\u00f3n de datos.<\/p>\n<!-- \/wp:paragraph -->\n\n<!-- wp:paragraph -->\n<p><strong>Nube y protecci\u00f3n de datos:<\/strong><\/p>\n<!-- \/wp:paragraph -->\n\n<!-- wp:paragraph -->\n<p>La perspectiva de una nube europea con normas armonizadas est\u00e1 cada vez m\u00e1s cerca. El 29 de agosto se celebr\u00f3 en La Haya la primera reuni\u00f3n de actores del sector p\u00fablico y privado, a nivel europeo e internacional.<\/p>\n<!-- \/wp:paragraph -->\n\n<!-- wp:paragraph -->\n<p>\u2022 en el mundo:<\/p>\n<!-- \/wp:paragraph -->\n\n<!-- wp:paragraph -->\n<p><strong>Prueba electr\u00f3nica:<\/strong><\/p>\n<!-- \/wp:paragraph -->\n\n<!-- wp:paragraph -->\n<p>Las condiciones bajo las cuales las autoridades judiciales pueden acceder a las pruebas electr\u00f3nicas (e-evidence) en poder de las empresas son objeto de desarrollo en Europa e internacionalmente. El objetivo es armonizar estas normas en Europa, pero tambi\u00e9n alcanzar un acuerdo con Estados Unidos sobre las condiciones de acceso a estos datos, en el marco de la lucha contra la delincuencia. En virtud de la &quot;Ley de la Nube&quot; estadounidense, Estados Unidos ha tenido acceso a los datos de empresas estadounidenses con sede en Europa desde marzo de 2018. El objetivo es alcanzar un acuerdo sobre estas condiciones de acceso a ambos lados del Atl\u00e1ntico, de conformidad con la normativa de protecci\u00f3n de datos.<\/p>\n<!-- \/wp:paragraph -->\n\n<!-- wp:paragraph -->\n<p><strong>Norma ISO:<\/strong><\/p>\n<!-- \/wp:paragraph -->\n\n<!-- wp:paragraph -->\n<p>La nueva norma ISO\/IEC\/27701 se public\u00f3 a principios de agosto. Es una extensi\u00f3n de las normas ISO\/IEC 27001 e ISO\/IEC 27002 para abordar la gesti\u00f3n de la privacidad y tambi\u00e9n tiene en cuenta los requisitos del RGPD.<\/p>\n<!-- \/wp:paragraph -->\n\n<!-- wp:paragraph {\"fontSize\":\"small\"} -->\n<p class=\"has-small-font-size\"><em>1 La sentencia aplica la Directiva 95\/46\/CE, derogada posteriormente por el Reglamento (UE) 2016\/679 o RGPD. No obstante, las disposiciones relativas a la (corresponsabilidad) se mantienen id\u00e9nticas en el nuevo Reglamento.<\/em><\/p>\n<!-- \/wp:paragraph -->\t\t\t\t\t\t<\/div>\n\t\t\t\t<\/div>\n\t\t\t\t\t<\/div>\n\t\t<\/div>\n\t\t\t\t\t<\/div>\n\t\t<\/section>\n\t\t\t\t<section class=\"elementor-section elementor-top-section elementor-element elementor-element-ca0d124 ot-traditional elementor-section-boxed elementor-section-height-default elementor-section-height-default\" data-id=\"ca0d124\" data-element_type=\"section\">\n\t\t\t\t\t\t<div class=\"elementor-container elementor-column-gap-default\">\n\t\t\t\t\t<div class=\"elementor-column elementor-col-100 elementor-top-column elementor-element elementor-element-cfc69c6 ot-flex-column-vertical\" data-id=\"cfc69c6\" data-element_type=\"column\">\n\t\t\t<div class=\"elementor-widget-wrap elementor-element-populated\">\n\t\t\t\t\t\t<div class=\"elementor-element elementor-element-34095e6 elementor-align-center elementor-widget elementor-widget-button\" data-id=\"34095e6\" data-element_type=\"widget\" data-widget_type=\"button.default\">\n\t\t\t\t<div class=\"elementor-widget-container\">\n\t\t\t\t\t<div class=\"elementor-button-wrapper\">\n\t\t\t<a class=\"elementor-button elementor-button-link elementor-size-lg\" href=\"https:\/\/app.viqtor.eu\/\">\n\t\t\t\t\t\t<span class=\"elementor-button-content-wrapper\">\n\t\t\t\t\t\t<span class=\"elementor-button-icon\">\n\t\t\t\t<i aria-hidden=\"true\" class=\"fas fa-long-arrow-alt-right\"><\/i>\t\t\t<\/span>\n\t\t\t\t\t\t\t\t\t<span class=\"elementor-button-text\">Descubra Viqtor\u00ae<\/span>\n\t\t\t\t\t<\/span>\n\t\t\t\t\t<\/a>\n\t\t<\/div>\n\t\t\t\t<\/div>\n\t\t\t\t<\/div>\n\t\t\t\t\t<\/div>\n\t\t<\/div>\n\t\t\t\t\t<\/div>\n\t\t<\/section>\n\t\t\t\t<\/div>","protected":false},"excerpt":{"rendered":"<p>A veces somos m\u00e1s responsables de lo que creemos... o de lo que deseamos. Legal Watch \u2013 Septiembre de 2019. Esto ocurre cuando instalamos un simple complemento en nuestro sitio web, incluso si no tenemos acceso a los datos recopilados por este medio. Una sentencia reciente del Tribunal de Justicia de [\u2026]<\/p>","protected":false},"author":1,"featured_media":5835,"comment_status":"closed","ping_status":"open","sticky":false,"template":"elementor_header_footer","format":"standard","meta":{"_acf_changed":false,"footnotes":""},"categories":[35],"tags":[],"class_list":["post-5811","post","type-post","status-publish","format-standard","has-post-thumbnail","hentry","category-veille-juridique"],"acf":[],"yoast_head":"<!-- This site is optimized with the Yoast SEO plugin v23.6 - https:\/\/yoast.com\/wordpress\/plugins\/seo\/ -->\n<title>On est parfois plus responsable qu\u2019on ne le pense\u2026 ou qu\u2019on ne le souhaite - Viqtor<\/title>\n<meta name=\"description\" content=\"On est parfois plus responsable qu\u2019on ne le pense\u2026 ou qu\u2019on ne le souhaite - Viqtor\" \/>\n<meta name=\"robots\" content=\"index, follow, max-snippet:-1, max-image-preview:large, max-video-preview:-1\" \/>\n<link rel=\"canonical\" href=\"https:\/\/viqtor.eu\/es\/on-est-parfois-plus-responsable-quon-ne-le-pense-ou-quon-ne-le-souhaite\/\" \/>\n<meta property=\"og:locale\" content=\"es_ES\" \/>\n<meta property=\"og:type\" content=\"article\" \/>\n<meta property=\"og:title\" content=\"On est parfois plus responsable qu\u2019on ne le pense\u2026 ou qu\u2019on ne le souhaite - Viqtor\" \/>\n<meta property=\"og:description\" content=\"On est parfois plus responsable qu\u2019on ne le pense\u2026 ou qu\u2019on ne le souhaite - Viqtor\" \/>\n<meta property=\"og:url\" content=\"https:\/\/viqtor.eu\/es\/on-est-parfois-plus-responsable-quon-ne-le-pense-ou-quon-ne-le-souhaite\/\" \/>\n<meta property=\"og:site_name\" content=\"Viqtor\" \/>\n<meta property=\"article:published_time\" content=\"2023-04-25T14:32:17+00:00\" \/>\n<meta property=\"article:modified_time\" content=\"2024-08-06T11:06:32+00:00\" \/>\n<meta property=\"og:image\" content=\"https:\/\/viqtor.eu\/wp-content\/uploads\/2026\/04\/widget-viqtor.png\" \/>\n\t<meta property=\"og:image:width\" content=\"1000\" \/>\n\t<meta property=\"og:image:height\" content=\"645\" \/>\n\t<meta property=\"og:image:type\" content=\"image\/jpeg\" \/>\n<meta name=\"author\" content=\"Bruno\" \/>\n<meta name=\"twitter:card\" content=\"summary_large_image\" \/>\n<meta name=\"twitter:label1\" content=\"Escrito por\" \/>\n\t<meta name=\"twitter:data1\" content=\"Bruno\" \/>\n\t<meta name=\"twitter:label2\" content=\"Tiempo de lectura\" \/>\n\t<meta name=\"twitter:data2\" content=\"5 minutos\" \/>\n<script type=\"application\/ld+json\" class=\"yoast-schema-graph\">{\"@context\":\"https:\/\/schema.org\",\"@graph\":[{\"@type\":\"Article\",\"@id\":\"https:\/\/viqtor.eu\/on-est-parfois-plus-responsable-quon-ne-le-pense-ou-quon-ne-le-souhaite\/#article\",\"isPartOf\":{\"@id\":\"https:\/\/viqtor.eu\/on-est-parfois-plus-responsable-quon-ne-le-pense-ou-quon-ne-le-souhaite\/\"},\"author\":{\"name\":\"Bruno\",\"@id\":\"https:\/\/viqtor.eu\/#\/schema\/person\/3dbd9cc82a28f6cf1695c92eda0099ad\"},\"headline\":\"On est parfois plus responsable qu\u2019on ne le pense\u2026 ou qu\u2019on ne le souhaite\",\"datePublished\":\"2023-04-25T14:32:17+00:00\",\"dateModified\":\"2024-08-06T11:06:32+00:00\",\"mainEntityOfPage\":{\"@id\":\"https:\/\/viqtor.eu\/on-est-parfois-plus-responsable-quon-ne-le-pense-ou-quon-ne-le-souhaite\/\"},\"wordCount\":1124,\"publisher\":{\"@id\":\"https:\/\/viqtor.eu\/#organization\"},\"image\":{\"@id\":\"https:\/\/viqtor.eu\/on-est-parfois-plus-responsable-quon-ne-le-pense-ou-quon-ne-le-souhaite\/#primaryimage\"},\"thumbnailUrl\":\"https:\/\/viqtor.eu\/wp-content\/uploads\/2023\/04\/shutterstock_1318808819.jpg\",\"articleSection\":[\"Veille juridique\"],\"inLanguage\":\"es\"},{\"@type\":\"WebPage\",\"@id\":\"https:\/\/viqtor.eu\/on-est-parfois-plus-responsable-quon-ne-le-pense-ou-quon-ne-le-souhaite\/\",\"url\":\"https:\/\/viqtor.eu\/on-est-parfois-plus-responsable-quon-ne-le-pense-ou-quon-ne-le-souhaite\/\",\"name\":\"On est parfois plus responsable qu\u2019on ne le pense\u2026 ou qu\u2019on ne le souhaite - Viqtor\",\"isPartOf\":{\"@id\":\"https:\/\/viqtor.eu\/#website\"},\"primaryImageOfPage\":{\"@id\":\"https:\/\/viqtor.eu\/on-est-parfois-plus-responsable-quon-ne-le-pense-ou-quon-ne-le-souhaite\/#primaryimage\"},\"image\":{\"@id\":\"https:\/\/viqtor.eu\/on-est-parfois-plus-responsable-quon-ne-le-pense-ou-quon-ne-le-souhaite\/#primaryimage\"},\"thumbnailUrl\":\"https:\/\/viqtor.eu\/wp-content\/uploads\/2023\/04\/shutterstock_1318808819.jpg\",\"datePublished\":\"2023-04-25T14:32:17+00:00\",\"dateModified\":\"2024-08-06T11:06:32+00:00\",\"description\":\"On est parfois plus responsable qu\u2019on ne le pense\u2026 ou qu\u2019on ne le souhaite - Viqtor\",\"breadcrumb\":{\"@id\":\"https:\/\/viqtor.eu\/on-est-parfois-plus-responsable-quon-ne-le-pense-ou-quon-ne-le-souhaite\/#breadcrumb\"},\"inLanguage\":\"es\",\"potentialAction\":[{\"@type\":\"ReadAction\",\"target\":[\"https:\/\/viqtor.eu\/on-est-parfois-plus-responsable-quon-ne-le-pense-ou-quon-ne-le-souhaite\/\"]}]},{\"@type\":\"ImageObject\",\"inLanguage\":\"es\",\"@id\":\"https:\/\/viqtor.eu\/on-est-parfois-plus-responsable-quon-ne-le-pense-ou-quon-ne-le-souhaite\/#primaryimage\",\"url\":\"https:\/\/viqtor.eu\/wp-content\/uploads\/2023\/04\/shutterstock_1318808819.jpg\",\"contentUrl\":\"https:\/\/viqtor.eu\/wp-content\/uploads\/2023\/04\/shutterstock_1318808819.jpg\",\"width\":1000,\"height\":645},{\"@type\":\"BreadcrumbList\",\"@id\":\"https:\/\/viqtor.eu\/on-est-parfois-plus-responsable-quon-ne-le-pense-ou-quon-ne-le-souhaite\/#breadcrumb\",\"itemListElement\":[{\"@type\":\"ListItem\",\"position\":1,\"name\":\"Accueil\",\"item\":\"https:\/\/viqtor.eu\/\"},{\"@type\":\"ListItem\",\"position\":2,\"name\":\"On est parfois plus responsable qu\u2019on ne le pense\u2026 ou qu\u2019on ne le souhaite\"}]},{\"@type\":\"WebSite\",\"@id\":\"https:\/\/viqtor.eu\/#website\",\"url\":\"https:\/\/viqtor.eu\/\",\"name\":\"Viqtor\",\"description\":\"Faites du RGPD une opportunit\u00e9 pour votre entreprise.\",\"publisher\":{\"@id\":\"https:\/\/viqtor.eu\/#organization\"},\"potentialAction\":[{\"@type\":\"SearchAction\",\"target\":{\"@type\":\"EntryPoint\",\"urlTemplate\":\"https:\/\/viqtor.eu\/?s={search_term_string}\"},\"query-input\":{\"@type\":\"PropertyValueSpecification\",\"valueRequired\":true,\"valueName\":\"search_term_string\"}}],\"inLanguage\":\"es\"},{\"@type\":\"Organization\",\"@id\":\"https:\/\/viqtor.eu\/#organization\",\"name\":\"viqtor.eu\",\"url\":\"https:\/\/viqtor.eu\/\",\"logo\":{\"@type\":\"ImageObject\",\"inLanguage\":\"es\",\"@id\":\"https:\/\/viqtor.eu\/#\/schema\/logo\/image\/\",\"url\":\"https:\/\/viqtor.eu\/wp-content\/uploads\/2023\/06\/favicon-noir.svg\",\"contentUrl\":\"https:\/\/viqtor.eu\/wp-content\/uploads\/2023\/06\/favicon-noir.svg\",\"width\":108,\"height\":86,\"caption\":\"viqtor.eu\"},\"image\":{\"@id\":\"https:\/\/viqtor.eu\/#\/schema\/logo\/image\/\"}},{\"@type\":\"Person\",\"@id\":\"https:\/\/viqtor.eu\/#\/schema\/person\/3dbd9cc82a28f6cf1695c92eda0099ad\",\"name\":\"Bruno\",\"image\":{\"@type\":\"ImageObject\",\"inLanguage\":\"es\",\"@id\":\"https:\/\/viqtor.eu\/#\/schema\/person\/image\/\",\"url\":\"https:\/\/secure.gravatar.com\/avatar\/e5a596f9489de15bfe046e97fb771f63589b601ca7e81ccc2bb9a23582f441a3?s=96&d=mm&r=g\",\"contentUrl\":\"https:\/\/secure.gravatar.com\/avatar\/e5a596f9489de15bfe046e97fb771f63589b601ca7e81ccc2bb9a23582f441a3?s=96&d=mm&r=g\",\"caption\":\"Bruno\"},\"sameAs\":[\"https:\/\/exciting-panini.13-37-234-21.plesk.page\"],\"url\":\"https:\/\/viqtor.eu\/es\/author\/mouad_zxum2ebi\/\"}]}<\/script>\n<!-- \/ Yoast SEO plugin. -->","yoast_head_json":{"title":"On est parfois plus responsable qu\u2019on ne le pense\u2026 ou qu\u2019on ne le souhaite - Viqtor","description":"On est parfois plus responsable qu\u2019on ne le pense\u2026 ou qu\u2019on ne le souhaite - Viqtor","robots":{"index":"index","follow":"follow","max-snippet":"max-snippet:-1","max-image-preview":"max-image-preview:large","max-video-preview":"max-video-preview:-1"},"canonical":"https:\/\/viqtor.eu\/es\/on-est-parfois-plus-responsable-quon-ne-le-pense-ou-quon-ne-le-souhaite\/","og_locale":"es_ES","og_type":"article","og_title":"On est parfois plus responsable qu\u2019on ne le pense\u2026 ou qu\u2019on ne le souhaite - Viqtor","og_description":"On est parfois plus responsable qu\u2019on ne le pense\u2026 ou qu\u2019on ne le souhaite - Viqtor","og_url":"https:\/\/viqtor.eu\/es\/on-est-parfois-plus-responsable-quon-ne-le-pense-ou-quon-ne-le-souhaite\/","og_site_name":"Viqtor","article_published_time":"2023-04-25T14:32:17+00:00","article_modified_time":"2024-08-06T11:06:32+00:00","og_image":[{"width":1000,"height":645,"url":"https:\/\/viqtor.eu\/wp-content\/uploads\/2026\/04\/widget-viqtor.png","type":"image\/jpeg"}],"author":"Bruno","twitter_card":"summary_large_image","twitter_misc":{"Escrito por":"Bruno","Tiempo de lectura":"5 minutos"},"schema":{"@context":"https:\/\/schema.org","@graph":[{"@type":"Article","@id":"https:\/\/viqtor.eu\/on-est-parfois-plus-responsable-quon-ne-le-pense-ou-quon-ne-le-souhaite\/#article","isPartOf":{"@id":"https:\/\/viqtor.eu\/on-est-parfois-plus-responsable-quon-ne-le-pense-ou-quon-ne-le-souhaite\/"},"author":{"name":"Bruno","@id":"https:\/\/viqtor.eu\/#\/schema\/person\/3dbd9cc82a28f6cf1695c92eda0099ad"},"headline":"On est parfois plus responsable qu\u2019on ne le pense\u2026 ou qu\u2019on ne le souhaite","datePublished":"2023-04-25T14:32:17+00:00","dateModified":"2024-08-06T11:06:32+00:00","mainEntityOfPage":{"@id":"https:\/\/viqtor.eu\/on-est-parfois-plus-responsable-quon-ne-le-pense-ou-quon-ne-le-souhaite\/"},"wordCount":1124,"publisher":{"@id":"https:\/\/viqtor.eu\/#organization"},"image":{"@id":"https:\/\/viqtor.eu\/on-est-parfois-plus-responsable-quon-ne-le-pense-ou-quon-ne-le-souhaite\/#primaryimage"},"thumbnailUrl":"https:\/\/viqtor.eu\/wp-content\/uploads\/2023\/04\/shutterstock_1318808819.jpg","articleSection":["Veille juridique"],"inLanguage":"es"},{"@type":"WebPage","@id":"https:\/\/viqtor.eu\/on-est-parfois-plus-responsable-quon-ne-le-pense-ou-quon-ne-le-souhaite\/","url":"https:\/\/viqtor.eu\/on-est-parfois-plus-responsable-quon-ne-le-pense-ou-quon-ne-le-souhaite\/","name":"On est parfois plus responsable qu\u2019on ne le pense\u2026 ou qu\u2019on ne le souhaite - Viqtor","isPartOf":{"@id":"https:\/\/viqtor.eu\/#website"},"primaryImageOfPage":{"@id":"https:\/\/viqtor.eu\/on-est-parfois-plus-responsable-quon-ne-le-pense-ou-quon-ne-le-souhaite\/#primaryimage"},"image":{"@id":"https:\/\/viqtor.eu\/on-est-parfois-plus-responsable-quon-ne-le-pense-ou-quon-ne-le-souhaite\/#primaryimage"},"thumbnailUrl":"https:\/\/viqtor.eu\/wp-content\/uploads\/2023\/04\/shutterstock_1318808819.jpg","datePublished":"2023-04-25T14:32:17+00:00","dateModified":"2024-08-06T11:06:32+00:00","description":"On est parfois plus responsable qu\u2019on ne le pense\u2026 ou qu\u2019on ne le souhaite - Viqtor","breadcrumb":{"@id":"https:\/\/viqtor.eu\/on-est-parfois-plus-responsable-quon-ne-le-pense-ou-quon-ne-le-souhaite\/#breadcrumb"},"inLanguage":"es","potentialAction":[{"@type":"ReadAction","target":["https:\/\/viqtor.eu\/on-est-parfois-plus-responsable-quon-ne-le-pense-ou-quon-ne-le-souhaite\/"]}]},{"@type":"ImageObject","inLanguage":"es","@id":"https:\/\/viqtor.eu\/on-est-parfois-plus-responsable-quon-ne-le-pense-ou-quon-ne-le-souhaite\/#primaryimage","url":"https:\/\/viqtor.eu\/wp-content\/uploads\/2023\/04\/shutterstock_1318808819.jpg","contentUrl":"https:\/\/viqtor.eu\/wp-content\/uploads\/2023\/04\/shutterstock_1318808819.jpg","width":1000,"height":645},{"@type":"BreadcrumbList","@id":"https:\/\/viqtor.eu\/on-est-parfois-plus-responsable-quon-ne-le-pense-ou-quon-ne-le-souhaite\/#breadcrumb","itemListElement":[{"@type":"ListItem","position":1,"name":"Accueil","item":"https:\/\/viqtor.eu\/"},{"@type":"ListItem","position":2,"name":"On est parfois plus responsable qu\u2019on ne le pense\u2026 ou qu\u2019on ne le souhaite"}]},{"@type":"WebSite","@id":"https:\/\/viqtor.eu\/#website","url":"https:\/\/viqtor.eu\/","name":"Viqtor","description":"Faites du RGPD une opportunit\u00e9 pour votre entreprise.","publisher":{"@id":"https:\/\/viqtor.eu\/#organization"},"potentialAction":[{"@type":"SearchAction","target":{"@type":"EntryPoint","urlTemplate":"https:\/\/viqtor.eu\/?s={search_term_string}"},"query-input":{"@type":"PropertyValueSpecification","valueRequired":true,"valueName":"search_term_string"}}],"inLanguage":"es"},{"@type":"Organization","@id":"https:\/\/viqtor.eu\/#organization","name":"viqtor.eu","url":"https:\/\/viqtor.eu\/","logo":{"@type":"ImageObject","inLanguage":"es","@id":"https:\/\/viqtor.eu\/#\/schema\/logo\/image\/","url":"https:\/\/viqtor.eu\/wp-content\/uploads\/2023\/06\/favicon-noir.svg","contentUrl":"https:\/\/viqtor.eu\/wp-content\/uploads\/2023\/06\/favicon-noir.svg","width":108,"height":86,"caption":"viqtor.eu"},"image":{"@id":"https:\/\/viqtor.eu\/#\/schema\/logo\/image\/"}},{"@type":"Person","@id":"https:\/\/viqtor.eu\/#\/schema\/person\/3dbd9cc82a28f6cf1695c92eda0099ad","name":"Bruno","image":{"@type":"ImageObject","inLanguage":"es","@id":"https:\/\/viqtor.eu\/#\/schema\/person\/image\/","url":"https:\/\/secure.gravatar.com\/avatar\/e5a596f9489de15bfe046e97fb771f63589b601ca7e81ccc2bb9a23582f441a3?s=96&d=mm&r=g","contentUrl":"https:\/\/secure.gravatar.com\/avatar\/e5a596f9489de15bfe046e97fb771f63589b601ca7e81ccc2bb9a23582f441a3?s=96&d=mm&r=g","caption":"Bruno"},"sameAs":["https:\/\/exciting-panini.13-37-234-21.plesk.page"],"url":"https:\/\/viqtor.eu\/es\/author\/mouad_zxum2ebi\/"}]}},"_links":{"self":[{"href":"https:\/\/viqtor.eu\/es\/wp-json\/wp\/v2\/posts\/5811","targetHints":{"allow":["GET"]}}],"collection":[{"href":"https:\/\/viqtor.eu\/es\/wp-json\/wp\/v2\/posts"}],"about":[{"href":"https:\/\/viqtor.eu\/es\/wp-json\/wp\/v2\/types\/post"}],"author":[{"embeddable":true,"href":"https:\/\/viqtor.eu\/es\/wp-json\/wp\/v2\/users\/1"}],"replies":[{"embeddable":true,"href":"https:\/\/viqtor.eu\/es\/wp-json\/wp\/v2\/comments?post=5811"}],"version-history":[{"count":8,"href":"https:\/\/viqtor.eu\/es\/wp-json\/wp\/v2\/posts\/5811\/revisions"}],"predecessor-version":[{"id":12155,"href":"https:\/\/viqtor.eu\/es\/wp-json\/wp\/v2\/posts\/5811\/revisions\/12155"}],"wp:featuredmedia":[{"embeddable":true,"href":"https:\/\/viqtor.eu\/es\/wp-json\/wp\/v2\/media\/5835"}],"wp:attachment":[{"href":"https:\/\/viqtor.eu\/es\/wp-json\/wp\/v2\/media?parent=5811"}],"wp:term":[{"taxonomy":"category","embeddable":true,"href":"https:\/\/viqtor.eu\/es\/wp-json\/wp\/v2\/categories?post=5811"},{"taxonomy":"post_tag","embeddable":true,"href":"https:\/\/viqtor.eu\/es\/wp-json\/wp\/v2\/tags?post=5811"}],"curies":[{"name":"wp","href":"https:\/\/api.w.org\/{rel}","templated":true}]}}