{"id":5777,"date":"2023-04-25T11:56:02","date_gmt":"2023-04-25T11:56:02","guid":{"rendered":"https:\/\/exciting-panini.13-37-234-21.plesk.page\/?p=5777"},"modified":"2024-08-06T10:00:38","modified_gmt":"2024-08-06T10:00:38","slug":"donnees-sensibles-un-champ-dapplication-particulierement-large","status":"publish","type":"post","link":"https:\/\/viqtor.eu\/es\/donnees-sensibles-un-champ-dapplication-particulierement-large\/","title":{"rendered":"Datos sensibles: un \u00e1mbito de aplicaci\u00f3n especialmente amplio"},"content":{"rendered":"<div data-elementor-type=\"wp-post\" data-elementor-id=\"5777\" class=\"elementor elementor-5777\" data-elementor-post-type=\"post\">\n\t\t\t\t\t\t<section class=\"elementor-section elementor-top-section elementor-element elementor-element-7b6b5d0 ot-traditional elementor-section-boxed elementor-section-height-default elementor-section-height-default\" data-id=\"7b6b5d0\" data-element_type=\"section\">\n\t\t\t\t\t\t<div class=\"elementor-container elementor-column-gap-default\">\n\t\t\t\t\t<div class=\"elementor-column elementor-col-100 elementor-top-column elementor-element elementor-element-b07cd9a ot-flex-column-vertical\" data-id=\"b07cd9a\" data-element_type=\"column\">\n\t\t\t<div class=\"elementor-widget-wrap elementor-element-populated\">\n\t\t\t\t\t\t<div class=\"elementor-element elementor-element-10050fb elementor-widget elementor-widget-image\" data-id=\"10050fb\" data-element_type=\"widget\" data-widget_type=\"image.default\">\n\t\t\t\t<div class=\"elementor-widget-container\">\n\t\t\t\t\t\t\t\t\t\t\t\t\t<img fetchpriority=\"high\" decoding=\"async\" width=\"1000\" height=\"479\" src=\"https:\/\/viqtor.eu\/wp-content\/uploads\/2023\/04\/Donnees-sensibles-un-champ-dapplication-particulierement-large.jpg\" class=\"attachment-full size-full wp-image-12091\" alt=\"Donn\u00e9es sensibles : un champ d\u2019application particuli\u00e8rement large\" srcset=\"https:\/\/viqtor.eu\/wp-content\/uploads\/2023\/04\/Donnees-sensibles-un-champ-dapplication-particulierement-large.jpg 1000w, https:\/\/viqtor.eu\/wp-content\/uploads\/2023\/04\/Donnees-sensibles-un-champ-dapplication-particulierement-large-300x144.jpg 300w, https:\/\/viqtor.eu\/wp-content\/uploads\/2023\/04\/Donnees-sensibles-un-champ-dapplication-particulierement-large-768x368.jpg 768w, https:\/\/viqtor.eu\/wp-content\/uploads\/2023\/04\/Donnees-sensibles-un-champ-dapplication-particulierement-large-720x345.jpg 720w\" sizes=\"(max-width: 1000px) 100vw, 1000px\" \/>\t\t\t\t\t\t\t\t\t\t\t\t\t<\/div>\n\t\t\t\t<\/div>\n\t\t\t\t\t<\/div>\n\t\t<\/div>\n\t\t\t\t\t<\/div>\n\t\t<\/section>\n\t\t\t\t<section class=\"elementor-section elementor-top-section elementor-element elementor-element-b595c38 ot-traditional elementor-section-boxed elementor-section-height-default elementor-section-height-default\" data-id=\"b595c38\" data-element_type=\"section\">\n\t\t\t\t\t\t<div class=\"elementor-container elementor-column-gap-default\">\n\t\t\t\t\t<div class=\"elementor-column elementor-col-100 elementor-top-column elementor-element elementor-element-f80555f ot-flex-column-vertical\" data-id=\"f80555f\" data-element_type=\"column\">\n\t\t\t<div class=\"elementor-widget-wrap elementor-element-populated\">\n\t\t\t\t\t\t<div class=\"elementor-element elementor-element-f478057 elementor-widget elementor-widget-heading\" data-id=\"f478057\" data-element_type=\"widget\" data-widget_type=\"heading.default\">\n\t\t\t\t<div class=\"elementor-widget-container\">\n\t\t\t<h1 class=\"elementor-heading-title elementor-size-default\">Datos sensibles: un \u00e1mbito de aplicaci\u00f3n especialmente amplio<\/h1>\t\t<\/div>\n\t\t\t\t<\/div>\n\t\t\t\t\t<\/div>\n\t\t<\/div>\n\t\t\t\t\t<\/div>\n\t\t<\/section>\n\t\t\t\t<section class=\"elementor-section elementor-top-section elementor-element elementor-element-37e48750 ot-traditional elementor-section-boxed elementor-section-height-default elementor-section-height-default\" data-id=\"37e48750\" data-element_type=\"section\">\n\t\t\t\t\t\t<div class=\"elementor-container elementor-column-gap-default\">\n\t\t\t\t\t<div class=\"elementor-column elementor-col-100 elementor-top-column elementor-element elementor-element-ac3c688 ot-flex-column-vertical\" data-id=\"ac3c688\" data-element_type=\"column\">\n\t\t\t<div class=\"elementor-widget-wrap elementor-element-populated\">\n\t\t\t\t\t\t<div class=\"elementor-element elementor-element-5f8423b elementor-widget elementor-widget-text-editor\" data-id=\"5f8423b\" data-element_type=\"widget\" data-widget_type=\"text-editor.default\">\n\t\t\t\t<div class=\"elementor-widget-container\">\n\t\t\t\t\t\t\t<!-- wp:paragraph -->\n<p><strong>Legal Watch No. 50 \u2013 Agosto 2022.<br><\/strong><\/p>\n<!-- \/wp:paragraph -->\n\n<!-- wp:paragraph -->\n<p>Puede resultar dif\u00edcil evaluar si los datos que se recopilan son sensibles o no y decidir si estos datos requieren protecci\u00f3n espec\u00edfica seg\u00fan el RGPD.<\/p>\n<!-- \/wp:paragraph -->\n\n<!-- wp:paragraph -->\n<p>Nos hicimos eco de estas dificultades de interpretaci\u00f3n en nuestro editorial del pasado febrero.<\/p>\n<!-- \/wp:paragraph -->\n\n<!-- wp:paragraph -->\n<p><strong>El Tribunal de Justicia de la Uni\u00f3n Europea acaba de aclarar el alcance de la sentencia de 1 de agosto de 2022 <\/strong><strong>de la noci\u00f3n de datos sensibles, o para ser m\u00e1s exactos, de categor\u00edas particulares de datos.<\/strong><\/p>\n<!-- \/wp:paragraph -->\n\n<!-- wp:paragraph -->\n<p>Y seg\u00fan el Tribunal, este \u00e1mbito es particularmente amplio.<\/p>\n<!-- \/wp:paragraph -->\n\n<!-- wp:paragraph -->\n<p>Cabe recordar que el art\u00edculo 9 del RGPD se aplica a los datos que revelen el presunto origen racial o \u00e9tnico, las opiniones pol\u00edticas, las convicciones religiosas o filos\u00f3ficas o la afiliaci\u00f3n sindical, as\u00ed como al tratamiento de datos gen\u00e9ticos, datos biom\u00e9tricos dirigidos a identificar de manera un\u00edvoca a una persona f\u00edsica, datos relativos a la salud o datos relativos a la vida sexual o la orientaci\u00f3n sexual de una persona f\u00edsica.<\/p>\n<!-- \/wp:paragraph -->\n\n<!-- wp:paragraph -->\n<p>La sentencia en cuesti\u00f3n se refiere a las disposiciones de una ley lituana destinada a combatir la corrupci\u00f3n, que exige a determinados trabajadores del sector p\u00fablico declarar sus intereses privados, as\u00ed como informaci\u00f3n sobre sus c\u00f3nyuges y familias, que casi en su totalidad se har\u00e1n p\u00fablicos en Internet.<\/p>\n<!-- \/wp:paragraph -->\n\n<!-- wp:paragraph -->\n<p>Tras la oposici\u00f3n de una persona afectada por esta obligaci\u00f3n, el Tribunal deber\u00e1 resolver<\/p>\n<!-- \/wp:paragraph -->\n\n<!-- wp:list -->\n<ul><!-- wp:list-item -->\n<li>Sobre la necesidad de la divulgaci\u00f3n en l\u00ednea de datos relativos al c\u00f3nyuge<\/li>\n<!-- \/wp:list-item -->\n\n<!-- wp:list-item -->\n<li>Sobre si estos datos relativos al c\u00f3nyuge deben considerarse datos sensibles en el sentido del art\u00edculo 9 del RGPD, ya que permiten deducir informaci\u00f3n sobre la orientaci\u00f3n sexual de las personas afectadas. El Tribunal considera, en primer lugar, que la difusi\u00f3n en l\u00ednea de estos datos no parece necesaria para el objetivo perseguido de combatir la corrupci\u00f3n y, a continuaci\u00f3n, especifica que el concepto de datos sensibles debe interpretarse de forma amplia.<\/li>\n<!-- \/wp:list-item --><\/ul>\n<!-- \/wp:list -->\n\n<!-- wp:paragraph -->\n<p>Hasta ahora han persistido algunas preguntas sobre la diferencia de t\u00e9rminos utilizados en la redacci\u00f3n del art\u00edculo 9, para regular datos que por una parte &quot;revelan&quot; opiniones pol\u00edticas, afiliaci\u00f3n sindical, etc. o que por otra parte &quot;conciernen&quot; a la salud o a la orientaci\u00f3n sexual.<\/p>\n<!-- \/wp:paragraph -->\n\n<!-- wp:paragraph -->\n<p>El Tribunal considera que todas las categor\u00edas especiales de datos deben interpretarse de manera amplia, respetando el contexto y otras disposiciones del RGPD.<\/p>\n<!-- \/wp:paragraph -->\n\n<!-- wp:paragraph -->\n<p>Se incluyen, en este caso, los datos que puedan revelar, mediante una operaci\u00f3n intelectual de comparaci\u00f3n o deducci\u00f3n, la orientaci\u00f3n sexual de una persona f\u00edsica.<\/p>\n<!-- \/wp:paragraph -->\n\n<!-- wp:paragraph -->\n<p><strong>Esta sentencia podr\u00eda tener un impacto significativo en el alcance de las obligaciones de los responsables del tratamiento de datos \u201cpotencialmente\u201d sensibles.<\/strong><\/p>\n<!-- \/wp:paragraph -->\n\n<!-- wp:paragraph -->\n<p>La CNIL parece haber tenido, hasta ahora, una interpretaci\u00f3n m\u00e1s restrictiva de estas obligaciones: indic\u00f3 el pasado mes de enero que <em>&quot;el mero acto de fotografiar o filmar una imagen de la que sea posible que determinados elementos permitan deducir datos personales <\/em><em>que constituyan datos sensibles no constituye en s\u00ed mismo un tratamiento de datos sensibles (\u2026). Este <\/em><em>S\u00f3lo si dichas im\u00e1genes son procesadas con el fin de extraer, interpretar o utilizar dichos datos sensibles, el tratamiento se considerar\u00e1 incluido en el r\u00e9gimen de tratamiento de datos sensibles.<\/em><\/p>\n<!-- \/wp:paragraph -->\n\n<!-- wp:paragraph -->\n<p>Un elemento determinante en el razonamiento del Tribunal parece ser el hecho de que los datos sean de acceso p\u00fablico: a partir de ese momento, cualquiera puede recogerlos, deducir de ellos informaci\u00f3n sensible y tratarlos con una finalidad completamente ajena a la original, con las consecuencias que se podr\u00edan temer para las personas afectadas.<\/p>\n<!-- \/wp:paragraph -->\n\n<!-- wp:paragraph -->\n<p>Tambi\u00e9n hay que recordar que las deducciones realizadas a partir de los datos disponibles no necesitan ser correctas para cumplir los requisitos del RGPD: de hecho, lo que importa no es si las conclusiones son v\u00e1lidas o no: las deducciones err\u00f3neas pueden tener consecuencias a\u00fan m\u00e1s perjudiciales para los interesados.<\/p>\n<!-- \/wp:paragraph -->\n\n<!-- wp:paragraph -->\n<p>Se espera que esta decisi\u00f3n afecte a los responsables del tratamiento de datos que procesan datos a gran escala y perfilan a los usuarios de Internet, en particular en el contexto de las redes sociales, al hacer necesario el consentimiento expl\u00edcito.<\/p>\n<!-- \/wp:paragraph -->\n\n<!-- wp:paragraph -->\n<p>Por \u00faltimo, a\u00f1adiremos que la futura normativa sobre servicios y mercados digitales prev\u00e9 la prohibici\u00f3n del uso de datos sensibles para la segmentaci\u00f3n publicitaria.<\/p>\n<!-- \/wp:paragraph -->\n\n<!-- wp:paragraph -->\n<p>Combinado con la interpretaci\u00f3n amplia que hace el TJUE de los datos sensibles, podemos prever una restricci\u00f3n de la publicidad comportamental a nivel europeo m\u00e1s severa de lo esperado.<\/p>\n<!-- \/wp:paragraph -->\n\n<!-- wp:paragraph -->\n<p><strong><span style=\"text-decoration: underline;\">Y tambi\u00e9n <\/span><\/strong><\/p>\n<!-- \/wp:paragraph -->\n\n<!-- wp:paragraph -->\n<p><strong>Francia:<\/strong><\/p>\n<!-- \/wp:paragraph -->\n\n<!-- wp:paragraph -->\n<p><strong>ACCOR acaba de ser multada con 600.000 euros <\/strong>por haber realizado prospecci\u00f3n comercial sin el consentimiento de los interesados y por no haber respetado los derechos de los clientes y prospectos.<\/p>\n<!-- \/wp:paragraph -->\n\n<!-- wp:paragraph -->\n<p>Los formularios de reserva incluyen por defecto una opci\u00f3n preseleccionada que prev\u00e9 el env\u00edo autom\u00e1tico de una newsletter a los clientes con ofertas comerciales de los socios.<\/p>\n<!-- \/wp:paragraph -->\n\n<!-- wp:paragraph -->\n<p>La CNIL tambi\u00e9n detect\u00f3 repetidas anomal\u00edas t\u00e9cnicas que impidieron a muchas personas rechazar recibir mensajes.<\/p>\n<!-- \/wp:paragraph -->\n\n<!-- wp:paragraph -->\n<p>La decisi\u00f3n de la CNIL fue objeto de un procedimiento de cooperaci\u00f3n con las autoridades de otros pa\u00edses de la UE en los que el grupo ACCOR trata datos, al final del cual el Comit\u00e9 Europeo de Protecci\u00f3n de Datos orden\u00f3 a la CNIL aumentar el importe de la multa para que la medida adoptada fuera m\u00e1s disuasoria.<\/p>\n<!-- \/wp:paragraph -->\n\n<!-- wp:paragraph -->\n<p>Entre los elementos tomados en consideraci\u00f3n est\u00e1n el n\u00famero de infracciones, el hecho de que dichas infracciones se refieren a varios principios fundamentales de la protecci\u00f3n de datos personales y constituyen una infracci\u00f3n sustancial de los derechos de las personas, as\u00ed como el n\u00famero de personas afectadas y la situaci\u00f3n financiera de la empresa.<\/p>\n<!-- \/wp:paragraph -->\n\n<!-- wp:paragraph -->\n<p><strong>En agosto, se volvi\u00f3 imposible conectarse a France Connect con sus credenciales de Ameli.<\/strong>, habiendo sido desactivado el bot\u00f3n de conexi\u00f3n por Bercy.<\/p>\n<!-- \/wp:paragraph -->\n\n<!-- wp:paragraph -->\n<p>La causa es el resurgimiento de los ataques de phishing que utilizan estas credenciales. Seg\u00fan se informa, la Direcci\u00f3n General de Finanzas P\u00fablicas est\u00e1 trabajando para proteger France Connect y planea migrar gradualmente los procedimientos m\u00e1s sensibles, en particular los que permiten el acceso a pagos financieros, a servicios de identificaci\u00f3n m\u00e1s seguros.<\/p>\n<!-- \/wp:paragraph -->\n\n<!-- wp:paragraph -->\n<p><strong>El 25 de agosto, la ONG <\/strong><strong>noyb.eu ha presentado una denuncia contra Google ante la CNIL<\/strong>.<\/p>\n<!-- \/wp:paragraph -->\n\n<!-- wp:paragraph -->\n<p>Se acusa a Google de ignorar la sentencia del Tribunal de Justicia de la Uni\u00f3n Europea (TJUE) sobre correos electr\u00f3nicos de marketing directo y de utilizar su plataforma de correo electr\u00f3nico Gmail para enviar correos electr\u00f3nicos publicitarios no solicitados sin el consentimiento v\u00e1lido de los usuarios.<\/p>\n<!-- \/wp:paragraph -->\n\n<!-- wp:paragraph -->\n<p><strong>El gigante franc\u00e9s de tecnolog\u00eda publicitaria Criteo podr\u00eda recibir una multa de 60 millones de euros<\/strong><\/p>\n<!-- \/wp:paragraph -->\n\n<!-- wp:paragraph -->\n<p>en el marco de una investigaci\u00f3n abierta por la CNIL.<\/p>\n<!-- \/wp:paragraph -->\n\n<!-- wp:paragraph -->\n<p>Se trata de una decisi\u00f3n preliminar en esta etapa, hecha p\u00fablica el 5 de agosto por la organizaci\u00f3n que present\u00f3 la denuncia, Privacy International.<\/p>\n<!-- \/wp:paragraph -->\n\n<!-- wp:paragraph -->\n<p><strong>Europa:<\/strong><\/p>\n<!-- \/wp:paragraph -->\n\n<!-- wp:paragraph -->\n<p><strong>Critican los poderes de la UE para investigar software esp\u00eda <\/strong>durante una audiencia parlamentaria el martes 30 de agosto, durante la cual un representante de Europol dijo que el mandato de la agencia se limitaba a apoyar a los Estados miembros que decidieran iniciar una investigaci\u00f3n.<\/p>\n<!-- \/wp:paragraph -->\n\n<!-- wp:paragraph -->\n<p>Hasta la fecha, se sabe que al menos 14 gobiernos europeos han comprado software esp\u00eda del Grupo NSO, creador del software esp\u00eda Pegasus, y los expertos creen que muchos otros proveedores operan en la UE.<\/p>\n<!-- \/wp:paragraph -->\n\n<!-- wp:paragraph -->\n<p><strong>El ex jefe de seguridad de Twitter, Peiter &quot;Mudge&quot; Zatko, present\u00f3 una demanda contra la empresa, que se hizo p\u00fablica recientemente.<\/strong><\/p>\n<!-- \/wp:paragraph -->\n\n<!-- wp:paragraph -->\n<p>El documento detalla una serie de acusaciones condenatorias sobre seguridad, privacidad y protecci\u00f3n de datos (entre otros), as\u00ed como afirmaciones de que Twitter hab\u00eda enga\u00f1ado o ten\u00eda la intenci\u00f3n de enga\u00f1ar a los organismos de control regionales sobre su cumplimiento de las leyes locales.<\/p>\n<!-- \/wp:paragraph -->\n\n<!-- wp:paragraph -->\n<p>Las autoridades de supervisi\u00f3n irlandesas y francesas se han hecho cargo del caso.<\/p>\n<!-- \/wp:paragraph -->\n\n<!-- wp:paragraph -->\n<p><strong>La Comisi\u00f3n de Protecci\u00f3n de Datos de Irlanda ha multado a la plataforma de redes sociales Instagram con 405 millones de euros.<\/strong>, propiedad de Meta, por violaci\u00f3n del RGPD.<\/p>\n<!-- \/wp:paragraph -->\n\n<!-- wp:paragraph -->\n<p>Se trata de la segunda multa m\u00e1s cuantiosa que establece el RGPD, tras la sanci\u00f3n de 746 millones de euros contra Amazon, y la tercera impuesta por el regulador irland\u00e9s a una empresa propiedad de Meta.<\/p>\n<!-- \/wp:paragraph -->\n\n<!-- wp:paragraph -->\n<p>El fallo se centra en la violaci\u00f3n de la privacidad de los ni\u00f1os por parte de Instagram, incluida la publicaci\u00f3n de direcciones de correo electr\u00f3nico y n\u00fameros de tel\u00e9fono de ni\u00f1os.<\/p>\n<!-- \/wp:paragraph -->\n\n<!-- wp:paragraph -->\n<p><strong>El Tribunal Superior Regional de Colonia (OLG K\u00f6ln) concedi\u00f3 500 euros a una persona por <\/strong><strong>de la demora que tarda un responsable del tratamiento en proporcionarle la informaci\u00f3n solicitada <\/strong>de conformidad con el art\u00edculo 15, apartado 1, del RGPD (a trav\u00e9s de GDPRhub).<\/p>\n<!-- \/wp:paragraph -->\n\n<!-- wp:paragraph -->\n<p>En un caso similar, la autoridad de protecci\u00f3n de datos italiana mult\u00f3 a Deutsche Bank con 20.000 euros por no responder de manera oportuna a la solicitud de acceso de un interesado (a trav\u00e9s de GDPRhub).<\/p>\n<!-- \/wp:paragraph -->\n\n<!-- wp:paragraph -->\n<p><strong>La autoridad griega de protecci\u00f3n de datos (DPA) ha multado con 30.000 euros a un centro de diagn\u00f3stico m\u00e9dico por... <\/strong><strong>viol\u00f3 el principio de integridad y confidencialidad de los datos <\/strong>:El gerente hab\u00eda perdido im\u00e1genes de mamograf\u00edas debido a medidas t\u00e9cnicas y organizativas insuficientes.<\/p>\n<!-- \/wp:paragraph -->\n\n<!-- wp:paragraph -->\n<p>Adem\u00e1s de la multa, la DPA orden\u00f3 al centro comunicar la infracci\u00f3n a los interesados (a trav\u00e9s de GDPRhub).<\/p>\n<!-- \/wp:paragraph -->\n\n<!-- wp:paragraph -->\n<p><strong>El Tribunal Supremo espa\u00f1ol ha dictaminado que el ejercicio de los derechos de un individuo ante el responsable del tratamiento (art\u00edculos 15 a 22 del RGPD) no es un requisito previo para presentar una reclamaci\u00f3n. <\/strong>con una autoridad de protecci\u00f3n de datos: esta \u00faltima puede actuar incluso si el interesado no se ha puesto en contacto previamente con el responsable (a trav\u00e9s de GDPRhub).<\/p>\n<!-- \/wp:paragraph -->\n\n<!-- wp:paragraph -->\n<p><strong>En Suiza, una nueva ley de protecci\u00f3n de datos entrar\u00e1 en vigor el 1 de septiembre de 2023.<\/strong><\/p>\n<!-- \/wp:paragraph -->\n\n<!-- wp:paragraph -->\n<p>Algunos comentaristas se\u00f1alan que varios principios ser\u00edan menos restrictivos que los del RGPD, en particular los relacionados con el consentimiento y el DPD.<\/p>\n<!-- \/wp:paragraph -->\n\n<!-- wp:paragraph -->\n<p>Los requisitos de seguridad, por otra parte, son particularmente detallados.<\/p>\n<!-- \/wp:paragraph -->\n\n<!-- wp:paragraph -->\n<p><strong>Internacional :<\/strong><\/p>\n<!-- \/wp:paragraph -->\n\n<!-- wp:paragraph -->\n<p><strong>Las entidades europeas pueden estar dentro del \u00e1mbito de aplicaci\u00f3n de la Ley de la Nube, incluso si est\u00e1n ubicadas fuera <\/strong><strong>de los Estados Unidos, decide un estudio realizado por un bufete de abogados por encargo de la <\/strong><strong>Ministerio de Justicia y Seguridad de los Pa\u00edses Bajos, y hecho p\u00fablico el 26 de julio.<\/strong><\/p>\n<!-- \/wp:paragraph -->\n\n<!-- wp:paragraph -->\n<p>Las empresas europeas pueden minimizar este riesgo estableciendo una &quot;muralla china&quot; con Estados Unidos, en particular no empleando a ning\u00fan estadounidense ni teniendo clientes estadounidenses, lo que podr\u00eda justificar la intervenci\u00f3n estadounidense en virtud de la Ley de la Nube.<\/p>\n<!-- \/wp:paragraph -->\n\n<!-- wp:paragraph -->\n<p>Sin embargo, incluso este escudo ser\u00eda insuficiente si la entidad utiliza tecnolog\u00edas estadounidenses, ya que la Ley de Nube permite el acceso a los datos a trav\u00e9s de subcontratistas\/proveedores de hardware y software, hacia\/desde los proveedores de la nube.<\/p>\n<!-- \/wp:paragraph -->\n\n<!-- wp:paragraph -->\n<p>Estos hallazgos han suscitado un debate sobre ofertas como Bleu &quot;Trusted Cloud&quot; (las tecnolog\u00edas de Microsoft ofrecidas por Orange y Capgemini) y S3ns (de Google con Thales).<\/p>\n<!-- \/wp:paragraph -->\n\n<!-- wp:paragraph -->\n<p>En Estados Unidos, Facebook ha llegado a un acuerdo en el esc\u00e1ndalo de Cambridge Analytica, relacionado con su acceso a los datos privados de decenas de millones de usuarios de Facebook durante una campa\u00f1a electoral. El esc\u00e1ndalo estall\u00f3 tras las revelaciones de un denunciante de Cambridge Analytica a The Observer en 2018, que ya hab\u00edan supuesto el pago de una multa de miles de millones de euros para Facebook.<\/p>\n<!-- \/wp:paragraph -->\n\n<!-- wp:paragraph -->\n<p><strong>En Cuba, la ley de protecci\u00f3n de datos personales <\/strong>Fue publicada en el Diario Oficial el 25 de agosto. Entrar\u00e1 en vigor 180 d\u00edas despu\u00e9s de su publicaci\u00f3n.<\/p>\n<!-- \/wp:paragraph -->\n\n<!-- wp:paragraph -->\n<p><strong>Rusia ha modificado su ley de protecci\u00f3n de datos tras la firma del Convenio 108+ del Consejo de Europa.<\/strong><\/p>\n<!-- \/wp:paragraph -->\n\n<!-- wp:paragraph -->\n<p>La nueva Ley Federal No. 266 del 14 de julio de 2022 modifica sustancialmente algunos de los actos legislativos que rigen el procesamiento de datos personales en Rusia y ahora incluye la obligaci\u00f3n de notificar las violaciones de datos.<\/p>\n<!-- \/wp:paragraph -->\n\n<!-- wp:paragraph -->\n<p>Las crecientes tensiones pol\u00edticas y de seguridad entre Pek\u00edn y Occidente han provocado peticiones en el Reino Unido de una <strong>Revisi\u00f3n de la transferencia de datos gen\u00e9ticos a China <\/strong>de una base de datos biom\u00e9dica que contiene el ADN de medio mill\u00f3n de ciudadanos brit\u00e1nicos.<\/p>\n<!-- \/wp:paragraph -->\n\n<!-- wp:paragraph -->\n<p><strong>Las mejores medidas de seguridad no protegen contra las vulnerabilidades de los subcontratistas.<\/strong><\/p>\n<!-- \/wp:paragraph -->\n\n<!-- wp:paragraph -->\n<p>El 24 de agosto, Twilio inform\u00f3 que piratas inform\u00e1ticos hab\u00edan irrumpido en sus sistemas.<\/p>\n<!-- \/wp:paragraph -->\n\n<!-- wp:paragraph -->\n<p>Twilio ofrece servicios de verificaci\u00f3n a sus clientes, incluida la empresa de mensajer\u00eda cifrada Signal.<\/p>\n<!-- \/wp:paragraph -->\n\n<!-- wp:paragraph -->\n<p>Cuando un usuario registra su n\u00famero de tel\u00e9fono, Twilio le env\u00eda un SMS con un c\u00f3digo de verificaci\u00f3n, que luego ingresa en Signal.<\/p>\n<!-- \/wp:paragraph -->\n\n<!-- wp:paragraph -->\n<p>Si bien el impacto en Signal y sus usuarios es limitado debido a la forma en que est\u00e1 dise\u00f1ado el servicio, esta es una advertencia para cualquier plataforma o servicio que pueda ser manipulado para transmitir credenciales a un atacante.<\/p>\n<!-- \/wp:paragraph -->\n\n<!-- wp:paragraph -->\n<p><strong>Google LLC multada con 60 millones de d\u00f3lares en Australia <\/strong>d\u00f3lares por enga\u00f1ar a los consumidores sobre la recopilaci\u00f3n y el uso de sus datos de ubicaci\u00f3n personal en tel\u00e9fonos Android.<\/p>\n<!-- \/wp:paragraph -->\n\n<!-- wp:paragraph -->\n<p>Anne Christine Lacoste<\/p>\n<!-- \/wp:paragraph -->\n\n<!-- wp:paragraph -->\n<p><em>Socia del despacho Olivier Weber Avocat, Anne Christine Lacoste es abogada especializada en derecho de datos; fue Responsable de Relaciones Internacionales del Supervisor Europeo de Protecci\u00f3n de Datos y <\/em><em>trabaj\u00f3 en la implementaci\u00f3n del RGPD en la Uni\u00f3n Europea.<\/em><\/p>\n<!-- \/wp:paragraph -->\t\t\t\t\t\t<\/div>\n\t\t\t\t<\/div>\n\t\t\t\t\t<\/div>\n\t\t<\/div>\n\t\t\t\t\t<\/div>\n\t\t<\/section>\n\t\t\t\t<section class=\"elementor-section elementor-top-section elementor-element elementor-element-0cd1926 ot-traditional elementor-section-boxed elementor-section-height-default elementor-section-height-default\" data-id=\"0cd1926\" data-element_type=\"section\">\n\t\t\t\t\t\t<div class=\"elementor-container elementor-column-gap-default\">\n\t\t\t\t\t<div class=\"elementor-column elementor-col-100 elementor-top-column elementor-element elementor-element-dd30ea2 ot-flex-column-vertical\" data-id=\"dd30ea2\" data-element_type=\"column\">\n\t\t\t<div class=\"elementor-widget-wrap elementor-element-populated\">\n\t\t\t\t\t\t<div class=\"elementor-element elementor-element-c9613c3 elementor-align-center elementor-widget elementor-widget-button\" data-id=\"c9613c3\" data-element_type=\"widget\" data-widget_type=\"button.default\">\n\t\t\t\t<div class=\"elementor-widget-container\">\n\t\t\t\t\t<div class=\"elementor-button-wrapper\">\n\t\t\t<a class=\"elementor-button elementor-button-link elementor-size-lg\" href=\"https:\/\/app.viqtor.eu\/\">\n\t\t\t\t\t\t<span class=\"elementor-button-content-wrapper\">\n\t\t\t\t\t\t<span class=\"elementor-button-icon\">\n\t\t\t\t<i aria-hidden=\"true\" class=\"fas fa-long-arrow-alt-right\"><\/i>\t\t\t<\/span>\n\t\t\t\t\t\t\t\t\t<span class=\"elementor-button-text\">Descubra Viqtor\u00ae<\/span>\n\t\t\t\t\t<\/span>\n\t\t\t\t\t<\/a>\n\t\t<\/div>\n\t\t\t\t<\/div>\n\t\t\t\t<\/div>\n\t\t\t\t\t<\/div>\n\t\t<\/div>\n\t\t\t\t\t<\/div>\n\t\t<\/section>\n\t\t\t\t<\/div>","protected":false},"excerpt":{"rendered":"<p>Datos Sensibles: Un Alcance Especialmente Amplio. Legal Watch n.\u00b0 50 \u2013 Agosto de 2022. Puede resultar dif\u00edcil evaluar la naturaleza sensible de los datos recopilados y decidir si estos requieren protecci\u00f3n espec\u00edfica seg\u00fan el RGPD. Nos hicimos eco de estas dificultades de interpretaci\u00f3n en nuestro editorial en [\u2026]<\/p>","protected":false},"author":1,"featured_media":5661,"comment_status":"closed","ping_status":"open","sticky":false,"template":"elementor_header_footer","format":"standard","meta":{"_acf_changed":false,"footnotes":""},"categories":[35],"tags":[],"class_list":["post-5777","post","type-post","status-publish","format-standard","has-post-thumbnail","hentry","category-veille-juridique"],"acf":[],"yoast_head":"<!-- This site is optimized with the Yoast SEO plugin v23.6 - https:\/\/yoast.com\/wordpress\/plugins\/seo\/ -->\n<title>Donn\u00e9es sensibles : un champ d\u2019application particuli\u00e8rement large - Viqtor<\/title>\n<meta name=\"description\" content=\"Donn\u00e9es sensibles : un champ d\u2019application particuli\u00e8rement large - Viqtor\" \/>\n<meta name=\"robots\" content=\"index, follow, max-snippet:-1, max-image-preview:large, max-video-preview:-1\" \/>\n<link rel=\"canonical\" href=\"https:\/\/viqtor.eu\/es\/donnees-sensibles-un-champ-dapplication-particulierement-large\/\" \/>\n<meta property=\"og:locale\" content=\"es_ES\" \/>\n<meta property=\"og:type\" content=\"article\" \/>\n<meta property=\"og:title\" content=\"Donn\u00e9es sensibles : un champ d\u2019application particuli\u00e8rement large - Viqtor\" \/>\n<meta property=\"og:description\" content=\"Donn\u00e9es sensibles : un champ d\u2019application particuli\u00e8rement large - Viqtor\" \/>\n<meta property=\"og:url\" content=\"https:\/\/viqtor.eu\/es\/donnees-sensibles-un-champ-dapplication-particulierement-large\/\" \/>\n<meta property=\"og:site_name\" content=\"Viqtor\" \/>\n<meta property=\"article:published_time\" content=\"2023-04-25T11:56:02+00:00\" \/>\n<meta property=\"article:modified_time\" content=\"2024-08-06T10:00:38+00:00\" \/>\n<meta property=\"og:image\" content=\"https:\/\/viqtor.eu\/wp-content\/uploads\/2026\/04\/widget-viqtor.png\" \/>\n\t<meta property=\"og:image:width\" content=\"1000\" \/>\n\t<meta property=\"og:image:height\" content=\"479\" \/>\n\t<meta property=\"og:image:type\" content=\"image\/jpeg\" \/>\n<meta name=\"author\" content=\"Bruno\" \/>\n<meta name=\"twitter:card\" content=\"summary_large_image\" \/>\n<meta name=\"twitter:label1\" content=\"Escrito por\" \/>\n\t<meta name=\"twitter:data1\" content=\"Bruno\" \/>\n\t<meta name=\"twitter:label2\" content=\"Tiempo de lectura\" \/>\n\t<meta name=\"twitter:data2\" content=\"12 minutos\" \/>\n<script type=\"application\/ld+json\" class=\"yoast-schema-graph\">{\"@context\":\"https:\/\/schema.org\",\"@graph\":[{\"@type\":\"Article\",\"@id\":\"https:\/\/viqtor.eu\/donnees-sensibles-un-champ-dapplication-particulierement-large\/#article\",\"isPartOf\":{\"@id\":\"https:\/\/viqtor.eu\/donnees-sensibles-un-champ-dapplication-particulierement-large\/\"},\"author\":{\"name\":\"Bruno\",\"@id\":\"https:\/\/viqtor.eu\/#\/schema\/person\/3dbd9cc82a28f6cf1695c92eda0099ad\"},\"headline\":\"Donn\u00e9es sensibles : un champ d\u2019application particuli\u00e8rement large\",\"datePublished\":\"2023-04-25T11:56:02+00:00\",\"dateModified\":\"2024-08-06T10:00:38+00:00\",\"mainEntityOfPage\":{\"@id\":\"https:\/\/viqtor.eu\/donnees-sensibles-un-champ-dapplication-particulierement-large\/\"},\"wordCount\":2518,\"publisher\":{\"@id\":\"https:\/\/viqtor.eu\/#organization\"},\"image\":{\"@id\":\"https:\/\/viqtor.eu\/donnees-sensibles-un-champ-dapplication-particulierement-large\/#primaryimage\"},\"thumbnailUrl\":\"https:\/\/viqtor.eu\/wp-content\/uploads\/2023\/04\/shutterstock_1141709585.jpg\",\"articleSection\":[\"Veille juridique\"],\"inLanguage\":\"es\"},{\"@type\":\"WebPage\",\"@id\":\"https:\/\/viqtor.eu\/donnees-sensibles-un-champ-dapplication-particulierement-large\/\",\"url\":\"https:\/\/viqtor.eu\/donnees-sensibles-un-champ-dapplication-particulierement-large\/\",\"name\":\"Donn\u00e9es sensibles : un champ d\u2019application particuli\u00e8rement large - Viqtor\",\"isPartOf\":{\"@id\":\"https:\/\/viqtor.eu\/#website\"},\"primaryImageOfPage\":{\"@id\":\"https:\/\/viqtor.eu\/donnees-sensibles-un-champ-dapplication-particulierement-large\/#primaryimage\"},\"image\":{\"@id\":\"https:\/\/viqtor.eu\/donnees-sensibles-un-champ-dapplication-particulierement-large\/#primaryimage\"},\"thumbnailUrl\":\"https:\/\/viqtor.eu\/wp-content\/uploads\/2023\/04\/shutterstock_1141709585.jpg\",\"datePublished\":\"2023-04-25T11:56:02+00:00\",\"dateModified\":\"2024-08-06T10:00:38+00:00\",\"description\":\"Donn\u00e9es sensibles : un champ d\u2019application particuli\u00e8rement large - Viqtor\",\"breadcrumb\":{\"@id\":\"https:\/\/viqtor.eu\/donnees-sensibles-un-champ-dapplication-particulierement-large\/#breadcrumb\"},\"inLanguage\":\"es\",\"potentialAction\":[{\"@type\":\"ReadAction\",\"target\":[\"https:\/\/viqtor.eu\/donnees-sensibles-un-champ-dapplication-particulierement-large\/\"]}]},{\"@type\":\"ImageObject\",\"inLanguage\":\"es\",\"@id\":\"https:\/\/viqtor.eu\/donnees-sensibles-un-champ-dapplication-particulierement-large\/#primaryimage\",\"url\":\"https:\/\/viqtor.eu\/wp-content\/uploads\/2023\/04\/shutterstock_1141709585.jpg\",\"contentUrl\":\"https:\/\/viqtor.eu\/wp-content\/uploads\/2023\/04\/shutterstock_1141709585.jpg\",\"width\":1000,\"height\":479},{\"@type\":\"BreadcrumbList\",\"@id\":\"https:\/\/viqtor.eu\/donnees-sensibles-un-champ-dapplication-particulierement-large\/#breadcrumb\",\"itemListElement\":[{\"@type\":\"ListItem\",\"position\":1,\"name\":\"Accueil\",\"item\":\"https:\/\/viqtor.eu\/\"},{\"@type\":\"ListItem\",\"position\":2,\"name\":\"Donn\u00e9es sensibles : un champ d\u2019application particuli\u00e8rement large\"}]},{\"@type\":\"WebSite\",\"@id\":\"https:\/\/viqtor.eu\/#website\",\"url\":\"https:\/\/viqtor.eu\/\",\"name\":\"Viqtor\",\"description\":\"Faites du RGPD une opportunit\u00e9 pour votre entreprise.\",\"publisher\":{\"@id\":\"https:\/\/viqtor.eu\/#organization\"},\"potentialAction\":[{\"@type\":\"SearchAction\",\"target\":{\"@type\":\"EntryPoint\",\"urlTemplate\":\"https:\/\/viqtor.eu\/?s={search_term_string}\"},\"query-input\":{\"@type\":\"PropertyValueSpecification\",\"valueRequired\":true,\"valueName\":\"search_term_string\"}}],\"inLanguage\":\"es\"},{\"@type\":\"Organization\",\"@id\":\"https:\/\/viqtor.eu\/#organization\",\"name\":\"viqtor.eu\",\"url\":\"https:\/\/viqtor.eu\/\",\"logo\":{\"@type\":\"ImageObject\",\"inLanguage\":\"es\",\"@id\":\"https:\/\/viqtor.eu\/#\/schema\/logo\/image\/\",\"url\":\"https:\/\/viqtor.eu\/wp-content\/uploads\/2023\/06\/favicon-noir.svg\",\"contentUrl\":\"https:\/\/viqtor.eu\/wp-content\/uploads\/2023\/06\/favicon-noir.svg\",\"width\":108,\"height\":86,\"caption\":\"viqtor.eu\"},\"image\":{\"@id\":\"https:\/\/viqtor.eu\/#\/schema\/logo\/image\/\"}},{\"@type\":\"Person\",\"@id\":\"https:\/\/viqtor.eu\/#\/schema\/person\/3dbd9cc82a28f6cf1695c92eda0099ad\",\"name\":\"Bruno\",\"image\":{\"@type\":\"ImageObject\",\"inLanguage\":\"es\",\"@id\":\"https:\/\/viqtor.eu\/#\/schema\/person\/image\/\",\"url\":\"https:\/\/secure.gravatar.com\/avatar\/e5a596f9489de15bfe046e97fb771f63589b601ca7e81ccc2bb9a23582f441a3?s=96&d=mm&r=g\",\"contentUrl\":\"https:\/\/secure.gravatar.com\/avatar\/e5a596f9489de15bfe046e97fb771f63589b601ca7e81ccc2bb9a23582f441a3?s=96&d=mm&r=g\",\"caption\":\"Bruno\"},\"sameAs\":[\"https:\/\/exciting-panini.13-37-234-21.plesk.page\"],\"url\":\"https:\/\/viqtor.eu\/es\/author\/mouad_zxum2ebi\/\"}]}<\/script>\n<!-- \/ Yoast SEO plugin. -->","yoast_head_json":{"title":"Donn\u00e9es sensibles : un champ d\u2019application particuli\u00e8rement large - Viqtor","description":"Donn\u00e9es sensibles : un champ d\u2019application particuli\u00e8rement large - Viqtor","robots":{"index":"index","follow":"follow","max-snippet":"max-snippet:-1","max-image-preview":"max-image-preview:large","max-video-preview":"max-video-preview:-1"},"canonical":"https:\/\/viqtor.eu\/es\/donnees-sensibles-un-champ-dapplication-particulierement-large\/","og_locale":"es_ES","og_type":"article","og_title":"Donn\u00e9es sensibles : un champ d\u2019application particuli\u00e8rement large - Viqtor","og_description":"Donn\u00e9es sensibles : un champ d\u2019application particuli\u00e8rement large - Viqtor","og_url":"https:\/\/viqtor.eu\/es\/donnees-sensibles-un-champ-dapplication-particulierement-large\/","og_site_name":"Viqtor","article_published_time":"2023-04-25T11:56:02+00:00","article_modified_time":"2024-08-06T10:00:38+00:00","og_image":[{"width":1000,"height":479,"url":"https:\/\/viqtor.eu\/wp-content\/uploads\/2026\/04\/widget-viqtor.png","type":"image\/jpeg"}],"author":"Bruno","twitter_card":"summary_large_image","twitter_misc":{"Escrito por":"Bruno","Tiempo de lectura":"12 minutos"},"schema":{"@context":"https:\/\/schema.org","@graph":[{"@type":"Article","@id":"https:\/\/viqtor.eu\/donnees-sensibles-un-champ-dapplication-particulierement-large\/#article","isPartOf":{"@id":"https:\/\/viqtor.eu\/donnees-sensibles-un-champ-dapplication-particulierement-large\/"},"author":{"name":"Bruno","@id":"https:\/\/viqtor.eu\/#\/schema\/person\/3dbd9cc82a28f6cf1695c92eda0099ad"},"headline":"Donn\u00e9es sensibles : un champ d\u2019application particuli\u00e8rement large","datePublished":"2023-04-25T11:56:02+00:00","dateModified":"2024-08-06T10:00:38+00:00","mainEntityOfPage":{"@id":"https:\/\/viqtor.eu\/donnees-sensibles-un-champ-dapplication-particulierement-large\/"},"wordCount":2518,"publisher":{"@id":"https:\/\/viqtor.eu\/#organization"},"image":{"@id":"https:\/\/viqtor.eu\/donnees-sensibles-un-champ-dapplication-particulierement-large\/#primaryimage"},"thumbnailUrl":"https:\/\/viqtor.eu\/wp-content\/uploads\/2023\/04\/shutterstock_1141709585.jpg","articleSection":["Veille juridique"],"inLanguage":"es"},{"@type":"WebPage","@id":"https:\/\/viqtor.eu\/donnees-sensibles-un-champ-dapplication-particulierement-large\/","url":"https:\/\/viqtor.eu\/donnees-sensibles-un-champ-dapplication-particulierement-large\/","name":"Donn\u00e9es sensibles : un champ d\u2019application particuli\u00e8rement large - Viqtor","isPartOf":{"@id":"https:\/\/viqtor.eu\/#website"},"primaryImageOfPage":{"@id":"https:\/\/viqtor.eu\/donnees-sensibles-un-champ-dapplication-particulierement-large\/#primaryimage"},"image":{"@id":"https:\/\/viqtor.eu\/donnees-sensibles-un-champ-dapplication-particulierement-large\/#primaryimage"},"thumbnailUrl":"https:\/\/viqtor.eu\/wp-content\/uploads\/2023\/04\/shutterstock_1141709585.jpg","datePublished":"2023-04-25T11:56:02+00:00","dateModified":"2024-08-06T10:00:38+00:00","description":"Donn\u00e9es sensibles : un champ d\u2019application particuli\u00e8rement large - Viqtor","breadcrumb":{"@id":"https:\/\/viqtor.eu\/donnees-sensibles-un-champ-dapplication-particulierement-large\/#breadcrumb"},"inLanguage":"es","potentialAction":[{"@type":"ReadAction","target":["https:\/\/viqtor.eu\/donnees-sensibles-un-champ-dapplication-particulierement-large\/"]}]},{"@type":"ImageObject","inLanguage":"es","@id":"https:\/\/viqtor.eu\/donnees-sensibles-un-champ-dapplication-particulierement-large\/#primaryimage","url":"https:\/\/viqtor.eu\/wp-content\/uploads\/2023\/04\/shutterstock_1141709585.jpg","contentUrl":"https:\/\/viqtor.eu\/wp-content\/uploads\/2023\/04\/shutterstock_1141709585.jpg","width":1000,"height":479},{"@type":"BreadcrumbList","@id":"https:\/\/viqtor.eu\/donnees-sensibles-un-champ-dapplication-particulierement-large\/#breadcrumb","itemListElement":[{"@type":"ListItem","position":1,"name":"Accueil","item":"https:\/\/viqtor.eu\/"},{"@type":"ListItem","position":2,"name":"Donn\u00e9es sensibles : un champ d\u2019application particuli\u00e8rement large"}]},{"@type":"WebSite","@id":"https:\/\/viqtor.eu\/#website","url":"https:\/\/viqtor.eu\/","name":"Viqtor","description":"Faites du RGPD une opportunit\u00e9 pour votre entreprise.","publisher":{"@id":"https:\/\/viqtor.eu\/#organization"},"potentialAction":[{"@type":"SearchAction","target":{"@type":"EntryPoint","urlTemplate":"https:\/\/viqtor.eu\/?s={search_term_string}"},"query-input":{"@type":"PropertyValueSpecification","valueRequired":true,"valueName":"search_term_string"}}],"inLanguage":"es"},{"@type":"Organization","@id":"https:\/\/viqtor.eu\/#organization","name":"viqtor.eu","url":"https:\/\/viqtor.eu\/","logo":{"@type":"ImageObject","inLanguage":"es","@id":"https:\/\/viqtor.eu\/#\/schema\/logo\/image\/","url":"https:\/\/viqtor.eu\/wp-content\/uploads\/2023\/06\/favicon-noir.svg","contentUrl":"https:\/\/viqtor.eu\/wp-content\/uploads\/2023\/06\/favicon-noir.svg","width":108,"height":86,"caption":"viqtor.eu"},"image":{"@id":"https:\/\/viqtor.eu\/#\/schema\/logo\/image\/"}},{"@type":"Person","@id":"https:\/\/viqtor.eu\/#\/schema\/person\/3dbd9cc82a28f6cf1695c92eda0099ad","name":"Bruno","image":{"@type":"ImageObject","inLanguage":"es","@id":"https:\/\/viqtor.eu\/#\/schema\/person\/image\/","url":"https:\/\/secure.gravatar.com\/avatar\/e5a596f9489de15bfe046e97fb771f63589b601ca7e81ccc2bb9a23582f441a3?s=96&d=mm&r=g","contentUrl":"https:\/\/secure.gravatar.com\/avatar\/e5a596f9489de15bfe046e97fb771f63589b601ca7e81ccc2bb9a23582f441a3?s=96&d=mm&r=g","caption":"Bruno"},"sameAs":["https:\/\/exciting-panini.13-37-234-21.plesk.page"],"url":"https:\/\/viqtor.eu\/es\/author\/mouad_zxum2ebi\/"}]}},"_links":{"self":[{"href":"https:\/\/viqtor.eu\/es\/wp-json\/wp\/v2\/posts\/5777","targetHints":{"allow":["GET"]}}],"collection":[{"href":"https:\/\/viqtor.eu\/es\/wp-json\/wp\/v2\/posts"}],"about":[{"href":"https:\/\/viqtor.eu\/es\/wp-json\/wp\/v2\/types\/post"}],"author":[{"embeddable":true,"href":"https:\/\/viqtor.eu\/es\/wp-json\/wp\/v2\/users\/1"}],"replies":[{"embeddable":true,"href":"https:\/\/viqtor.eu\/es\/wp-json\/wp\/v2\/comments?post=5777"}],"version-history":[{"count":7,"href":"https:\/\/viqtor.eu\/es\/wp-json\/wp\/v2\/posts\/5777\/revisions"}],"predecessor-version":[{"id":12098,"href":"https:\/\/viqtor.eu\/es\/wp-json\/wp\/v2\/posts\/5777\/revisions\/12098"}],"wp:featuredmedia":[{"embeddable":true,"href":"https:\/\/viqtor.eu\/es\/wp-json\/wp\/v2\/media\/5661"}],"wp:attachment":[{"href":"https:\/\/viqtor.eu\/es\/wp-json\/wp\/v2\/media?parent=5777"}],"wp:term":[{"taxonomy":"category","embeddable":true,"href":"https:\/\/viqtor.eu\/es\/wp-json\/wp\/v2\/categories?post=5777"},{"taxonomy":"post_tag","embeddable":true,"href":"https:\/\/viqtor.eu\/es\/wp-json\/wp\/v2\/tags?post=5777"}],"curies":[{"name":"wp","href":"https:\/\/api.w.org\/{rel}","templated":true}]}}