{"id":5501,"date":"2023-04-19T13:27:53","date_gmt":"2023-04-19T13:27:53","guid":{"rendered":"https:\/\/exciting-panini.13-37-234-21.plesk.page\/?p=5501"},"modified":"2024-08-05T14:06:17","modified_gmt":"2024-08-05T14:06:17","slug":"lia-dans-tous-ses-etats","status":"publish","type":"post","link":"https:\/\/viqtor.eu\/es\/lia-dans-tous-ses-etats\/","title":{"rendered":"IA en todas sus formas."},"content":{"rendered":"<div data-elementor-type=\"wp-post\" data-elementor-id=\"5501\" class=\"elementor elementor-5501\" data-elementor-post-type=\"post\">\n\t\t\t\t\t\t<section class=\"elementor-section elementor-top-section elementor-element elementor-element-e53e145 ot-traditional elementor-section-boxed elementor-section-height-default elementor-section-height-default\" data-id=\"e53e145\" data-element_type=\"section\">\n\t\t\t\t\t\t<div class=\"elementor-container elementor-column-gap-default\">\n\t\t\t\t\t<div class=\"elementor-column elementor-col-100 elementor-top-column elementor-element elementor-element-43243b8 ot-flex-column-vertical\" data-id=\"43243b8\" data-element_type=\"column\">\n\t\t\t<div class=\"elementor-widget-wrap elementor-element-populated\">\n\t\t\t\t\t\t<div class=\"elementor-element elementor-element-6147fb8 elementor-widget elementor-widget-image\" data-id=\"6147fb8\" data-element_type=\"widget\" data-widget_type=\"image.default\">\n\t\t\t\t<div class=\"elementor-widget-container\">\n\t\t\t\t\t\t\t\t\t\t\t\t\t<img fetchpriority=\"high\" decoding=\"async\" width=\"500\" height=\"334\" src=\"https:\/\/viqtor.eu\/wp-content\/uploads\/2023\/04\/LIA-dans-tous-ses-etats.jpg\" class=\"attachment-full size-full wp-image-12036\" alt=\"L\u2019IA dans tous ses \u00e9tats.\" srcset=\"https:\/\/viqtor.eu\/wp-content\/uploads\/2023\/04\/LIA-dans-tous-ses-etats.jpg 500w, https:\/\/viqtor.eu\/wp-content\/uploads\/2023\/04\/LIA-dans-tous-ses-etats-300x200.jpg 300w\" sizes=\"(max-width: 500px) 100vw, 500px\" \/>\t\t\t\t\t\t\t\t\t\t\t\t\t<\/div>\n\t\t\t\t<\/div>\n\t\t\t\t\t<\/div>\n\t\t<\/div>\n\t\t\t\t\t<\/div>\n\t\t<\/section>\n\t\t\t\t<section class=\"elementor-section elementor-top-section elementor-element elementor-element-fec3aa9 ot-traditional elementor-section-boxed elementor-section-height-default elementor-section-height-default\" data-id=\"fec3aa9\" data-element_type=\"section\">\n\t\t\t\t\t\t<div class=\"elementor-container elementor-column-gap-default\">\n\t\t\t\t\t<div class=\"elementor-column elementor-col-100 elementor-top-column elementor-element elementor-element-0ffccd9 ot-flex-column-vertical\" data-id=\"0ffccd9\" data-element_type=\"column\">\n\t\t\t<div class=\"elementor-widget-wrap elementor-element-populated\">\n\t\t\t\t\t\t<div class=\"elementor-element elementor-element-26aa4fa elementor-widget elementor-widget-heading\" data-id=\"26aa4fa\" data-element_type=\"widget\" data-widget_type=\"heading.default\">\n\t\t\t\t<div class=\"elementor-widget-container\">\n\t\t\t<h1 class=\"elementor-heading-title elementor-size-default\">IA en todas sus formas<\/h1>\t\t<\/div>\n\t\t\t\t<\/div>\n\t\t\t\t\t<\/div>\n\t\t<\/div>\n\t\t\t\t\t<\/div>\n\t\t<\/section>\n\t\t\t\t<section class=\"elementor-section elementor-top-section elementor-element elementor-element-3d1fa80a ot-traditional elementor-section-boxed elementor-section-height-default elementor-section-height-default\" data-id=\"3d1fa80a\" data-element_type=\"section\">\n\t\t\t\t\t\t<div class=\"elementor-container elementor-column-gap-default\">\n\t\t\t\t\t<div class=\"elementor-column elementor-col-100 elementor-top-column elementor-element elementor-element-59f82466 ot-flex-column-vertical\" data-id=\"59f82466\" data-element_type=\"column\">\n\t\t\t<div class=\"elementor-widget-wrap elementor-element-populated\">\n\t\t\t\t\t\t<div class=\"elementor-element elementor-element-64c0c4e5 elementor-widget elementor-widget-text-editor\" data-id=\"64c0c4e5\" data-element_type=\"widget\" data-widget_type=\"text-editor.default\">\n\t\t\t\t<div class=\"elementor-widget-container\">\n\t\t\t\t\t\t\t<!-- wp:paragraph -->\n<p>Vigilancia Legal No. 52 \u2013 <strong>Octubre de 2022<\/strong><\/p>\n<!-- \/wp:paragraph -->\n\n<!-- wp:paragraph -->\n<p><strong>El 17 de octubre de 2022, la CNIL<\/strong> confirm\u00f3, al sancionar a la empresa Clearview AI con 20 millones de euros, su competencia como regulador en el \u00e1mbito de la inteligencia artificial.<\/p>\n<!-- \/wp:paragraph -->\n\n<!-- wp:paragraph -->\n<p>Esta sanci\u00f3n es consecuencia de un requerimiento que qued\u00f3 sin respuesta y de la falta de colaboraci\u00f3n de la empresa durante el procedimiento de inspecci\u00f3n.<\/p>\n<!-- \/wp:paragraph -->\n\n<!-- wp:paragraph -->\n<p>Adoptada tras un procedimiento de consulta a nivel europeo, se suma a las sanciones pronunciadas por varios de sus hom\u00f3logos contra esta misma empresa.<\/p>\n<!-- \/wp:paragraph -->\n\n<!-- wp:list -->\n<ul><!-- wp:list-item -->\n<li>La CNIL se\u00f1ala la ausencia de base legal para la recopilaci\u00f3n sistem\u00e1tica y generalizada de veinte mil millones de im\u00e1genes de rostros accesibles p\u00fablicamente en millones de sitios web, im\u00e1genes comercializadas por la empresa, en particular, a las fuerzas del orden.<\/li>\n<!-- \/wp:list-item -->\n\n<!-- wp:list-item -->\n<li>La CNIL considera que, dado el car\u00e1cter particularmente intrusivo y el car\u00e1cter biom\u00e9trico de los datos, la recogida deber\u00eda haber estado sujeta al consentimiento previo de los interesados.<\/li>\n<!-- \/wp:list-item -->\n\n<!-- wp:list-item -->\n<li>Tambi\u00e9n constata que la empresa no respeta los derechos de acceso y cancelaci\u00f3n de los interesados.<\/li>\n<!-- \/wp:list-item --><\/ul>\n<!-- \/wp:list -->\n\n<!-- wp:paragraph -->\n<p>Esta decisi\u00f3n se produce en un contexto de supervisi\u00f3n cada vez m\u00e1s precisa de la inteligencia artificial a nivel nacional e internacional.<\/p>\n<!-- \/wp:paragraph -->\n\n<!-- wp:paragraph -->\n<p><strong>El Consejo de Estado<\/strong> As\u00ed, a finales de verano adopt\u00f3 dos documentos en los que se pronuncia sobre la gobernanza de la futura reglamentaci\u00f3n europea sobre la IA:<\/p>\n<!-- \/wp:paragraph -->\n\n<!-- wp:paragraph -->\n<p>En su documento del 30 de agosto de 2022, el Consejo de Estado aborda la cuesti\u00f3n de la calidad del servicio p\u00fablico y sienta las bases de una estrategia francesa en materia de IA.<\/p>\n<!-- \/wp:paragraph -->\n\n<!-- wp:paragraph -->\n<p>Entre otras cosas, fomenta el refuerzo de los poderes de la CNIL y la responsabilizaci\u00f3n formal de la regulaci\u00f3n de los sistemas de IA.<\/p>\n<!-- \/wp:paragraph -->\n\n<!-- wp:paragraph -->\n<p>Por lo tanto, recomienda una transformaci\u00f3n de la CNIL, que se convertir\u00eda en &quot;la autoridad nacional de control encargada de la regulaci\u00f3n de los sistemas de IA, en particular los p\u00fablicos, para encarnar e internalizar el doble desaf\u00edo de proteger los derechos y libertades fundamentales, por un lado, y la innovaci\u00f3n y el rendimiento p\u00fablico, por otro&quot;.<\/p>\n<!-- \/wp:paragraph -->\n\n<!-- wp:paragraph -->\n<p><strong>El 27 de septiembre, el Consejo de Estado<\/strong> Tambi\u00e9n public\u00f3 un estudio sobre la supervisi\u00f3n de las redes sociales en el contexto del desarrollo de la IA, en el que hace 17 recomendaciones para reequilibrar las fuerzas a favor de los usuarios, equipar a las autoridades p\u00fablicas en su papel de regulador y pensar en las redes sociales del ma\u00f1ana.<\/p>\n<!-- \/wp:paragraph -->\n\n<!-- wp:paragraph -->\n<p>Por su parte, <strong>Parlamento<\/strong> La CNIL investiga la cuesti\u00f3n de la videovigilancia y el reconocimiento facial: una misi\u00f3n de investigaci\u00f3n fue lanzada el 13 de septiembre por la Comisi\u00f3n de Derecho de la Asamblea Nacional, confiada a Philippe Latombe, diputado y miembro del colegio de la CNIL.<\/p>\n<!-- \/wp:paragraph -->\n\n<!-- wp:paragraph -->\n<p>Los parlamentarios deber\u00e1n comprender &quot;los desaf\u00edos que supone utilizar im\u00e1genes de seguridad en el dominio p\u00fablico para combatir la inseguridad&quot; y se centrar\u00e1n en particular en el reconocimiento facial.<\/p>\n<!-- \/wp:paragraph -->\n\n<!-- wp:paragraph -->\n<p>Esto implicar\u00e1 hacer un inventario de los dispositivos autorizados recientemente, como c\u00e1maras corporales y drones, y considerar posibles desarrollos como c\u00e1maras aumentadas, con vistas a producir una propuesta legislativa.<\/p>\n<!-- \/wp:paragraph -->\n\n<!-- wp:paragraph -->\n<p>Mencionemos tambi\u00e9n la apertura de negociaciones para una convenci\u00f3n de la <strong>Consejo de Europa<\/strong> sobre inteligencia artificial, derechos humanos, democracia y estado de derecho.<\/p>\n<!-- \/wp:paragraph -->\n\n<!-- wp:paragraph -->\n<p>Ser\u00eda el primer instrumento internacional jur\u00eddicamente vinculante sobre inteligencia artificial.<\/p>\n<!-- \/wp:paragraph -->\n\n<!-- wp:paragraph -->\n<p>Esta convenci\u00f3n complementar\u00eda la regulaci\u00f3n sobre inteligencia artificial propuesta por la Comisi\u00f3n Europea, reforzando la protecci\u00f3n de los derechos fundamentales de las personas.<\/p>\n<!-- \/wp:paragraph -->\n\n<!-- wp:paragraph -->\n<p>EL <strong>Supervisor Europeo de Protecci\u00f3n de Datos<\/strong> Acogi\u00f3 con satisfacci\u00f3n esta iniciativa, aunque record\u00f3 los sistemas de IA que, seg\u00fan \u00e9l, plantean riesgos inaceptables y deber\u00edan prohibirse, a saber:<\/p>\n<!-- \/wp:paragraph -->\n\n<!-- wp:list -->\n<ul><!-- wp:list-item -->\n<li>Puntuaci\u00f3n social,<\/li>\n<!-- \/wp:list-item -->\n\n<!-- wp:list-item -->\n<li>Identificaci\u00f3n biom\u00e9trica en espacios p\u00fablicos,<\/li>\n<!-- \/wp:list-item -->\n\n<!-- wp:list-item -->\n<li>Categorizaci\u00f3n de individuos basada en datos biom\u00e9tricos<\/li>\n<!-- \/wp:list-item -->\n\n<!-- wp:list-item -->\n<li>La categorizaci\u00f3n de los individuos en funci\u00f3n de sus emociones percibidas.<\/li>\n<!-- \/wp:list-item --><\/ul>\n<!-- \/wp:list -->\n\n<!-- wp:paragraph -->\n<p>Cabe recordar que la regulaci\u00f3n de IA propuesta por la Comisi\u00f3n Europea apoya este enfoque al prohibir las t\u00e9cnicas de IA m\u00e1s intrusivas, como aquellas que manipulan a los individuos o permiten la puntuaci\u00f3n social.<\/p>\n<!-- \/wp:paragraph -->\n\n<!-- wp:paragraph -->\n<p>Todav\u00eda insuficiente para los defensores de las libertades y excesivo para sus detractores.<\/p>\n<!-- \/wp:paragraph -->\n\n<!-- wp:paragraph -->\n<p>Cabe recordar que Estados Unidos envi\u00f3 a finales de octubre un documento no oficial a varias capitales y a la Comisi\u00f3n Europea, con el objetivo de convencerles de limitar el alcance de la futura normativa y ampliar sus excepciones para mantener una mayor flexibilidad en los posibles usos de la inteligencia artificial.<\/p>\n<!-- \/wp:paragraph -->\n\n<!-- wp:paragraph -->\n<p><strong>Estados Unidos<\/strong> Tambi\u00e9n est\u00e1n preparando regulaciones de IA: el 4 de octubre, el presidente Joe Biden present\u00f3 la \u201cCarta de Derechos de la IA\u201d, que describe las cinco garant\u00edas de las que deber\u00edan beneficiarse los estadounidenses:<\/p>\n<!-- \/wp:paragraph -->\n\n<!-- wp:list -->\n<ul><!-- wp:list-item -->\n<li>Sistemas seguros y eficientes,<\/li>\n<!-- \/wp:list-item -->\n\n<!-- wp:list-item -->\n<li>Protecci\u00f3n contra la discriminaci\u00f3n algor\u00edtmica,<\/li>\n<!-- \/wp:list-item -->\n\n<!-- wp:list-item -->\n<li>Confidencialidad de los datos,<\/li>\n<!-- \/wp:list-item -->\n\n<!-- wp:list-item -->\n<li>Notificaciones y explicaciones sobre c\u00f3mo funciona la IA,<\/li>\n<!-- \/wp:list-item --><\/ul>\n<!-- \/wp:list -->\n\n<!-- wp:list -->\n<ul><!-- wp:list-item -->\n<li>Alternativas humanas a las decisiones automatizadas.<\/li>\n<!-- \/wp:list-item --><\/ul>\n<!-- \/wp:list -->\n\n<!-- wp:paragraph -->\n<p>Por \u00faltimo, cabe se\u00f1alar que los reguladores de protecci\u00f3n de datos de m\u00e1s de 120 pa\u00edses han acordado un marco para el uso del reconocimiento facial en <strong>la 44\u00aa Asamblea Mundial de Privacidad <\/strong>que se celebr\u00f3 en Estambul a finales de octubre.<\/p>\n<!-- \/wp:paragraph -->\n\n<!-- wp:paragraph -->\n<p>La resoluci\u00f3n exige que la entidad que utilice la tecnolog\u00eda<\/p>\n<!-- \/wp:paragraph -->\n\n<!-- wp:list -->\n<ul><!-- wp:list-item -->\n<li>Establecer \u201csu car\u00e1cter razonable, necesario y proporcional\u201d,<\/li>\n<!-- \/wp:list-item -->\n\n<!-- wp:list-item -->\n<li>Eval\u00faa el respeto a los derechos de las personas<\/li>\n<!-- \/wp:list-item -->\n\n<!-- wp:list-item -->\n<li>Garantiza el uso fluido de la tecnolog\u00eda.<\/li>\n<!-- \/wp:list-item --><\/ul>\n<!-- \/wp:list -->\n\n<!-- wp:paragraph -->\n<p>Tambi\u00e9n deben establecerse mecanismos de rendici\u00f3n de cuentas claros y eficaces.<\/p>\n<!-- \/wp:paragraph -->\n\n<!-- wp:paragraph -->\n<p><strong>Y tambi\u00e9n<\/strong><\/p>\n<!-- \/wp:paragraph -->\n\n<!-- wp:paragraph -->\n<p><strong>Francia:<\/strong><\/p>\n<!-- \/wp:paragraph -->\n\n<!-- wp:paragraph -->\n<p><strong>Delito cibern\u00e9tico: <\/strong>El Ministro Delegado de Asuntos Digitales y el Ministro de Salud anunciaron un presupuesto de 20 millones de euros en beneficio de la ANSSI para reforzar el apoyo a los establecimientos de salud v\u00edctimas de ransomware.<\/p>\n<!-- \/wp:paragraph -->\n\n<!-- wp:paragraph -->\n<p><strong>La CNIL publica recursos educativos en su sitio web para proteger mejor a los ni\u00f1os de 8 a 10 a\u00f1os en Internet.<\/strong><\/p>\n<!-- \/wp:paragraph -->\n\n<!-- wp:paragraph -->\n<p>Estos recursos est\u00e1n destinados a padres, ni\u00f1os, profesores y educadores.<\/p>\n<!-- \/wp:paragraph -->\n\n<!-- wp:paragraph -->\n<p><strong>La CNIL tambi\u00e9n actualiz\u00f3 su recomendaci\u00f3n relativa a la autenticaci\u00f3n con contrase\u00f1a el 17 de octubre.<\/strong><\/p>\n<!-- \/wp:paragraph -->\n\n<!-- wp:paragraph -->\n<p>En un contexto de crecientes amenazas a la seguridad en l\u00ednea, la CNIL desarrolla en particular la utilidad de soluciones de autenticaci\u00f3n fuerte o multifactorial y de certificados electr\u00f3nicos.<\/p>\n<!-- \/wp:paragraph -->\n\n<!-- wp:paragraph -->\n<p><strong>Europa:<\/strong><\/p>\n<!-- \/wp:paragraph -->\n\n<!-- wp:paragraph -->\n<p><strong>El Comit\u00e9 Europeo de Protecci\u00f3n de Datos (CEPD) ha adoptado directrices actualizadas sobre la notificaci\u00f3n de violaciones de datos, <\/strong>Abierto a consulta p\u00fablica hasta el 29\/11\/2022.<\/p>\n<!-- \/wp:paragraph -->\n\n<!-- wp:paragraph -->\n<p>La secci\u00f3n actualizada se refiere a la notificaci\u00f3n de una violaci\u00f3n de seguridad por parte de un gestor establecido fuera de la Uni\u00f3n Europea.<\/p>\n<!-- \/wp:paragraph -->\n\n<!-- wp:paragraph -->\n<p>El hecho de que este gestor haya designado un representante en uno de los pa\u00edses de la UE no le exime, seg\u00fan el CEPD, de amplias obligaciones: el texto especifica ahora que &quot;la mera presencia de un representante en un Estado miembro no activa la ventanilla \u00fanica&quot;.<\/p>\n<!-- \/wp:paragraph -->\n\n<!-- wp:paragraph -->\n<p>Es por ello que la violaci\u00f3n deber\u00e1 ser notificada a cada autoridad cuya residencia habitual tengan los interesados en su Estado miembro.<\/p>\n<!-- \/wp:paragraph -->\n\n<!-- wp:paragraph -->\n<p><strong>El Tribunal de Justicia de la Uni\u00f3n Europea dictamin\u00f3 en sentencia de 20 de octubre que el tratamiento ulterior <\/strong>consistente en la creaci\u00f3n, a partir de una base de datos existente, de una base de datos para realizar pruebas y corregir errores, se autoriza si<\/p>\n<!-- \/wp:paragraph -->\n\n<!-- wp:list {\"ordered\":true,\"type\":\"a\"} -->\n<ol type=\"a\"><!-- wp:list-item -->\n<li>existe \u201cun v\u00ednculo concreto, l\u00f3gico y suficientemente estrecho entre los fines de la recogida inicial y el tratamiento posterior\u201d; y<\/li>\n<!-- \/wp:list-item -->\n\n<!-- wp:list-item -->\n<li>el tratamiento posterior no se desv\u00ede de las expectativas leg\u00edtimas de los suscriptores.<\/li>\n<!-- \/wp:list-item --><\/ol>\n<!-- \/wp:list -->\n\n<!-- wp:paragraph -->\n<p>En el caso en cuesti\u00f3n, el Tribunal consider\u00f3 que existe dicho v\u00ednculo estrecho. Recuerda que los datos deben suprimirse una vez cumplida la finalidad (secundaria) del tratamiento.<\/p>\n<!-- \/wp:paragraph -->\n\n<!-- wp:paragraph -->\n<p><strong>En una sentencia de 27 de octubre relativa a la empresa belga Proximus<\/strong>El Tribunal se pronuncia sobre las obligaciones de los proveedores de directorios cuando un abonado retira su consentimiento para el tratamiento de sus datos.<\/p>\n<!-- \/wp:paragraph -->\n\n<!-- wp:paragraph -->\n<p>El Tribunal considera que la autoridad de protecci\u00f3n de datos puede exigir a un proveedor de gu\u00edas telef\u00f3nicas de acceso p\u00fablico, en su calidad de responsable del tratamiento, que adopte las medidas adecuadas para informar a otros responsables del tratamiento (incluido el proveedor del servicio de telecomunicaciones del que se comunicaron los datos) de la retirada del consentimiento del abonado.<\/p>\n<!-- \/wp:paragraph -->\n\n<!-- wp:paragraph -->\n<p><strong>El Reglamento Europeo de Mercados Digitales (DMA) se public\u00f3 el 12 de octubre de 2022.<\/strong><\/p>\n<!-- \/wp:paragraph -->\n\n<!-- wp:paragraph -->\n<p>Este texto, que pretende &quot;poner fin a las pr\u00e1cticas desleales de las empresas que act\u00faan como &quot;guardianes&quot; en la econom\u00eda de las plataformas en l\u00ednea&quot;, se aplicar\u00e1 a partir del 2 de mayo de 2023.<\/p>\n<!-- \/wp:paragraph -->\n\n<!-- wp:paragraph -->\n<p>Define a las grandes plataformas en l\u00ednea como \u201cguardianes\u201d y establece una lista de prohibiciones y obligaciones destinadas a \u201cgarantizar mercados digitales justos y abiertos\u201d.<\/p>\n<!-- \/wp:paragraph -->\n\n<!-- wp:paragraph -->\n<p><strong>La propuesta de Reglamento Europeo sobre el Abuso Sexual Infantil (CSAR) es<\/strong> objeto de muchas cr\u00edticas por parte de la sociedad civil y del lanzamiento de una campa\u00f1a \u201cdejen de escanearme\u201d.<\/p>\n<!-- \/wp:paragraph -->\n\n<!-- wp:paragraph -->\n<p>Seg\u00fan las ONG implicadas, la propuesta, a pesar de sus loables objetivos, amenaza con &quot;comprometer fundamentalmente la comunicaci\u00f3n segura en l\u00ednea y hacer que Internet sea menos segura para todos&quot;.<\/p>\n<!-- \/wp:paragraph -->\n\n<!-- wp:paragraph -->\n<p>Las autoridades policiales planean utilizar el escaneo automatizado en l\u00ednea de comunicaciones privadas para localizar contenido relacionado con el abuso sexual infantil.<\/p>\n<!-- \/wp:paragraph -->\n\n<!-- wp:paragraph -->\n<p>Sin embargo, una investigaci\u00f3n del Consejo Irland\u00e9s para las Libertades Civiles (ICCL) revela que la polic\u00eda irlandesa retiene datos personales (correo electr\u00f3nico, nombre de usuario, direcci\u00f3n IP) incluso para alertas falsas.<\/p>\n<!-- \/wp:paragraph -->\n\n<!-- wp:paragraph -->\n<p>La enorme cantidad de falsos positivos (se cree que menos de 10 informes % son utilizables) tambi\u00e9n podr\u00eda impedir que la polic\u00eda aborde el origen del problema.<\/p>\n<!-- \/wp:paragraph -->\n\n<!-- wp:paragraph -->\n<p><strong>La Autoridad Italiana de Protecci\u00f3n de Datos <\/strong>Abre una investigaci\u00f3n sobre una aplicaci\u00f3n que genera voces artificiales (\u201cdeep fake\u201d).<\/p>\n<!-- \/wp:paragraph -->\n\n<!-- wp:paragraph -->\n<p>La autoridad ha abierto una investigaci\u00f3n sobre la aplicaci\u00f3n Fakeyou, que supuestamente convierte archivos de texto en voces que imitan las de personajes famosos, sobre todo italianos.<\/p>\n<!-- \/wp:paragraph -->\n\n<!-- wp:paragraph -->\n<p>Adem\u00e1s, la autoridad italiana de protecci\u00f3n del consumidor consider\u00f3 que un cartel que representaba una c\u00e1mara estilizada no era suficiente para proporcionar informaci\u00f3n sobre el uso de c\u00e1maras de videovigilancia e impuso una multa de 2.000 euros al responsable del tratamiento.<\/p>\n<!-- \/wp:paragraph -->\n\n<!-- wp:paragraph -->\n<p><strong>Autoridad irlandesa<\/strong> La Autoridad de Protecci\u00f3n de Datos ha publicado en su sitio web una recopilaci\u00f3n de m\u00e1s de 30 casos pr\u00e1cticos espec\u00edficos que ha abordado y que no est\u00e1n incluidos en sus informes anuales. Esta publicaci\u00f3n permite comprender mejor el enfoque de la autoridad en temas como la monitorizaci\u00f3n de empleados, la videovigilancia, el concepto de inter\u00e9s leg\u00edtimo y la compatibilidad de los fines del tratamiento.<\/p>\n<!-- \/wp:paragraph -->\n\n<!-- wp:paragraph -->\n<p><strong>El Tribunal de Apelaci\u00f3n neerland\u00e9s de Arnhem-Leeuwarden<\/strong> confirm\u00f3 una orden judicial que establec\u00eda que un regulador de derechos de autor no pod\u00eda obligar a un proveedor de servicios de Internet a enviar cartas de advertencia a presuntos infractores de derechos de autor: el proveedor de servicios de Internet no tiene base legal para procesar datos personales relacionados con condenas y delitos penales.<\/p>\n<!-- \/wp:paragraph -->\n\n<!-- wp:paragraph -->\n<p><strong>La Autoridad de Protecci\u00f3n de Datos del Reino Unido (ICO)<\/strong> Se comunica sobre tecnolog\u00edas biom\u00e9tricas, como las de an\u00e1lisis de emociones, que, seg\u00fan afirma, son inmaduras y corren el riesgo de generar discriminaci\u00f3n.<\/p>\n<!-- \/wp:paragraph -->\n\n<!-- wp:paragraph -->\n<p>Entre los riesgos identificados se encuentran el monitoreo de la salud f\u00edsica de los trabajadores mediante herramientas port\u00e1tiles de detecci\u00f3n y la observaci\u00f3n visual y del comportamiento, incluyendo la postura corporal, el habla, los movimientos oculares y los movimientos de la cabeza, para registrar a los estudiantes para los ex\u00e1menes.<\/p>\n<!-- \/wp:paragraph -->\n\n<!-- wp:paragraph -->\n<p>La ICO tambi\u00e9n publica un borrador de directrices sobre la supervisi\u00f3n de los empleados.<\/p>\n<!-- \/wp:paragraph -->\n\n<!-- wp:paragraph -->\n<p>La Comisi\u00f3n destaca en particular la creciente tendencia al &quot;trabajo desde casa&quot; y el problema del control de la productividad, ya que las expectativas de privacidad de los trabajadores probablemente sean mayores en casa que en el trabajo.<\/p>\n<!-- \/wp:paragraph -->\n\n<!-- wp:paragraph -->\n<p>La ICO tambi\u00e9n se\u00f1ala que \u00abel monitoreo de pulsaciones de teclas se clasifica como datos biom\u00e9tricos de comportamiento cuando un trabajador es identificable seg\u00fan su patr\u00f3n y ritmo de escritura \u00fanicos\u00bb. El borrador est\u00e1 abierto a consulta hasta el 11 de enero de 2023.<\/p>\n<!-- \/wp:paragraph -->\n\n<!-- wp:paragraph -->\n<p><strong>Internacional :<\/strong><\/p>\n<!-- \/wp:paragraph -->\n\n<!-- wp:paragraph -->\n<p><strong>Transferencias de datos a Estados Unidos<\/strong>:El 7 de octubre se alcanz\u00f3 un hito importante cuando el presidente Biden firm\u00f3 la Orden Ejecutiva sobre la mejora de las salvaguardias para las actividades de inteligencia de se\u00f1ales de los Estados Unidos.<\/p>\n<!-- \/wp:paragraph -->\n\n<!-- wp:paragraph -->\n<p>Este decreto tiene como objetivo permitir la implementaci\u00f3n de un nuevo marco de protecci\u00f3n de datos entre la Uni\u00f3n Europea y Estados Unidos tras la sentencia Schrems II del TJUE, que dej\u00f3 obsoleto el Escudo de Privacidad.<\/p>\n<!-- \/wp:paragraph -->\n\n<!-- wp:paragraph -->\n<p>El acuerdo podr\u00eda finalizarse a principios de 2023, tras el dictamen del Comit\u00e9 Europeo de Protecci\u00f3n de Datos (CEPD) y la adopci\u00f3n de una decisi\u00f3n de adecuaci\u00f3n por parte de la Comisi\u00f3n Europea.<\/p>\n<!-- \/wp:paragraph -->\n\n<!-- wp:paragraph -->\n<p>La incertidumbre que rodea al acuerdo se refiere al alcance de los poderes de vigilancia de las autoridades estadounidenses y a los recursos de que disponen los ciudadanos europeos contra las medidas estadounidenses adoptadas contra ellos.<\/p>\n<!-- \/wp:paragraph -->\n\n<!-- wp:paragraph -->\n<p>Agreguemos que, al no tener fuerza de ley, este decreto puede ser revocado, lo que aumenta la incertidumbre jur\u00eddica.<\/p>\n<!-- \/wp:paragraph -->\t\t\t\t\t\t<\/div>\n\t\t\t\t<\/div>\n\t\t\t\t\t<\/div>\n\t\t<\/div>\n\t\t\t\t\t<\/div>\n\t\t<\/section>\n\t\t\t\t<section class=\"elementor-section elementor-top-section elementor-element elementor-element-483196b ot-traditional elementor-section-boxed elementor-section-height-default elementor-section-height-default\" data-id=\"483196b\" data-element_type=\"section\">\n\t\t\t\t\t\t<div class=\"elementor-container elementor-column-gap-default\">\n\t\t\t\t\t<div class=\"elementor-column elementor-col-100 elementor-top-column elementor-element elementor-element-99d2fac ot-flex-column-vertical\" data-id=\"99d2fac\" data-element_type=\"column\">\n\t\t\t<div class=\"elementor-widget-wrap elementor-element-populated\">\n\t\t\t\t\t\t<div class=\"elementor-element elementor-element-524f010 elementor-align-center elementor-widget elementor-widget-button\" data-id=\"524f010\" data-element_type=\"widget\" data-widget_type=\"button.default\">\n\t\t\t\t<div class=\"elementor-widget-container\">\n\t\t\t\t\t<div class=\"elementor-button-wrapper\">\n\t\t\t<a class=\"elementor-button elementor-button-link elementor-size-lg\" href=\"https:\/\/app.viqtor.eu\/\">\n\t\t\t\t\t\t<span class=\"elementor-button-content-wrapper\">\n\t\t\t\t\t\t<span class=\"elementor-button-icon\">\n\t\t\t\t<i aria-hidden=\"true\" class=\"fas fa-long-arrow-alt-right\"><\/i>\t\t\t<\/span>\n\t\t\t\t\t\t\t\t\t<span class=\"elementor-button-text\">Descubra Viqtor\u00ae<\/span>\n\t\t\t\t\t<\/span>\n\t\t\t\t\t<\/a>\n\t\t<\/div>\n\t\t\t\t<\/div>\n\t\t\t\t<\/div>\n\t\t\t\t\t<\/div>\n\t\t<\/div>\n\t\t\t\t\t<\/div>\n\t\t<\/section>\n\t\t\t\t<\/div>","protected":false},"excerpt":{"rendered":"<p>IA en todas sus formas. Observatorio Legal n.\u00ba 52 \u2013 Octubre de 2022. El 17 de octubre de 2022, la CNIL confirm\u00f3 su autoridad reguladora en el \u00e1mbito de la inteligencia artificial al imponer a Clearview AI una multa de 20 millones de euros. Esta sanci\u00f3n se produce tras un requerimiento formal que qued\u00f3 sin respuesta, y [\u2026]<\/p>","protected":false},"author":1,"featured_media":5652,"comment_status":"closed","ping_status":"open","sticky":false,"template":"elementor_header_footer","format":"standard","meta":{"_acf_changed":false,"footnotes":""},"categories":[35],"tags":[],"class_list":["post-5501","post","type-post","status-publish","format-standard","has-post-thumbnail","hentry","category-veille-juridique"],"acf":[],"yoast_head":"<!-- This site is optimized with the Yoast SEO plugin v23.6 - https:\/\/yoast.com\/wordpress\/plugins\/seo\/ -->\n<title>L\u2019IA dans tous ses \u00e9tats. - Viqtor<\/title>\n<meta name=\"description\" content=\"L\u2019IA dans tous ses \u00e9tats. Veille juridique - Viqtor\" \/>\n<meta name=\"robots\" content=\"index, follow, max-snippet:-1, max-image-preview:large, max-video-preview:-1\" \/>\n<link rel=\"canonical\" href=\"https:\/\/viqtor.eu\/es\/lia-dans-tous-ses-etats\/\" \/>\n<meta property=\"og:locale\" content=\"es_ES\" \/>\n<meta property=\"og:type\" content=\"article\" \/>\n<meta property=\"og:title\" content=\"L\u2019IA dans tous ses \u00e9tats. - Viqtor\" \/>\n<meta property=\"og:description\" content=\"L\u2019IA dans tous ses \u00e9tats. Veille juridique - Viqtor\" \/>\n<meta property=\"og:url\" content=\"https:\/\/viqtor.eu\/es\/lia-dans-tous-ses-etats\/\" \/>\n<meta property=\"og:site_name\" content=\"Viqtor\" \/>\n<meta property=\"article:published_time\" content=\"2023-04-19T13:27:53+00:00\" \/>\n<meta property=\"article:modified_time\" content=\"2024-08-05T14:06:17+00:00\" \/>\n<meta property=\"og:image\" content=\"https:\/\/viqtor.eu\/wp-content\/uploads\/2026\/04\/widget-viqtor.png\" \/>\n\t<meta property=\"og:image:width\" content=\"500\" \/>\n\t<meta property=\"og:image:height\" content=\"334\" \/>\n\t<meta property=\"og:image:type\" content=\"image\/jpeg\" \/>\n<meta name=\"author\" content=\"Bruno\" \/>\n<meta name=\"twitter:card\" content=\"summary_large_image\" \/>\n<meta name=\"twitter:label1\" content=\"Escrito por\" \/>\n\t<meta name=\"twitter:data1\" content=\"Bruno\" \/>\n\t<meta name=\"twitter:label2\" content=\"Tiempo de lectura\" \/>\n\t<meta name=\"twitter:data2\" content=\"11 minutos\" \/>\n<script type=\"application\/ld+json\" class=\"yoast-schema-graph\">{\"@context\":\"https:\/\/schema.org\",\"@graph\":[{\"@type\":\"Article\",\"@id\":\"https:\/\/viqtor.eu\/lia-dans-tous-ses-etats\/#article\",\"isPartOf\":{\"@id\":\"https:\/\/viqtor.eu\/lia-dans-tous-ses-etats\/\"},\"author\":{\"name\":\"Bruno\",\"@id\":\"https:\/\/viqtor.eu\/#\/schema\/person\/3dbd9cc82a28f6cf1695c92eda0099ad\"},\"headline\":\"L\u2019IA dans tous ses \u00e9tats.\",\"datePublished\":\"2023-04-19T13:27:53+00:00\",\"dateModified\":\"2024-08-05T14:06:17+00:00\",\"mainEntityOfPage\":{\"@id\":\"https:\/\/viqtor.eu\/lia-dans-tous-ses-etats\/\"},\"wordCount\":2388,\"publisher\":{\"@id\":\"https:\/\/viqtor.eu\/#organization\"},\"image\":{\"@id\":\"https:\/\/viqtor.eu\/lia-dans-tous-ses-etats\/#primaryimage\"},\"thumbnailUrl\":\"https:\/\/viqtor.eu\/wp-content\/uploads\/2023\/04\/shutterstock_680929729.jpg\",\"articleSection\":[\"Veille juridique\"],\"inLanguage\":\"es\"},{\"@type\":\"WebPage\",\"@id\":\"https:\/\/viqtor.eu\/lia-dans-tous-ses-etats\/\",\"url\":\"https:\/\/viqtor.eu\/lia-dans-tous-ses-etats\/\",\"name\":\"L\u2019IA dans tous ses \u00e9tats. - Viqtor\",\"isPartOf\":{\"@id\":\"https:\/\/viqtor.eu\/#website\"},\"primaryImageOfPage\":{\"@id\":\"https:\/\/viqtor.eu\/lia-dans-tous-ses-etats\/#primaryimage\"},\"image\":{\"@id\":\"https:\/\/viqtor.eu\/lia-dans-tous-ses-etats\/#primaryimage\"},\"thumbnailUrl\":\"https:\/\/viqtor.eu\/wp-content\/uploads\/2023\/04\/shutterstock_680929729.jpg\",\"datePublished\":\"2023-04-19T13:27:53+00:00\",\"dateModified\":\"2024-08-05T14:06:17+00:00\",\"description\":\"L\u2019IA dans tous ses \u00e9tats. Veille juridique - Viqtor\",\"breadcrumb\":{\"@id\":\"https:\/\/viqtor.eu\/lia-dans-tous-ses-etats\/#breadcrumb\"},\"inLanguage\":\"es\",\"potentialAction\":[{\"@type\":\"ReadAction\",\"target\":[\"https:\/\/viqtor.eu\/lia-dans-tous-ses-etats\/\"]}]},{\"@type\":\"ImageObject\",\"inLanguage\":\"es\",\"@id\":\"https:\/\/viqtor.eu\/lia-dans-tous-ses-etats\/#primaryimage\",\"url\":\"https:\/\/viqtor.eu\/wp-content\/uploads\/2023\/04\/shutterstock_680929729.jpg\",\"contentUrl\":\"https:\/\/viqtor.eu\/wp-content\/uploads\/2023\/04\/shutterstock_680929729.jpg\",\"width\":500,\"height\":334},{\"@type\":\"BreadcrumbList\",\"@id\":\"https:\/\/viqtor.eu\/lia-dans-tous-ses-etats\/#breadcrumb\",\"itemListElement\":[{\"@type\":\"ListItem\",\"position\":1,\"name\":\"Accueil\",\"item\":\"https:\/\/viqtor.eu\/\"},{\"@type\":\"ListItem\",\"position\":2,\"name\":\"L\u2019IA dans tous ses \u00e9tats.\"}]},{\"@type\":\"WebSite\",\"@id\":\"https:\/\/viqtor.eu\/#website\",\"url\":\"https:\/\/viqtor.eu\/\",\"name\":\"Viqtor\",\"description\":\"Faites du RGPD une opportunit\u00e9 pour votre entreprise.\",\"publisher\":{\"@id\":\"https:\/\/viqtor.eu\/#organization\"},\"potentialAction\":[{\"@type\":\"SearchAction\",\"target\":{\"@type\":\"EntryPoint\",\"urlTemplate\":\"https:\/\/viqtor.eu\/?s={search_term_string}\"},\"query-input\":{\"@type\":\"PropertyValueSpecification\",\"valueRequired\":true,\"valueName\":\"search_term_string\"}}],\"inLanguage\":\"es\"},{\"@type\":\"Organization\",\"@id\":\"https:\/\/viqtor.eu\/#organization\",\"name\":\"viqtor.eu\",\"url\":\"https:\/\/viqtor.eu\/\",\"logo\":{\"@type\":\"ImageObject\",\"inLanguage\":\"es\",\"@id\":\"https:\/\/viqtor.eu\/#\/schema\/logo\/image\/\",\"url\":\"https:\/\/viqtor.eu\/wp-content\/uploads\/2023\/06\/favicon-noir.svg\",\"contentUrl\":\"https:\/\/viqtor.eu\/wp-content\/uploads\/2023\/06\/favicon-noir.svg\",\"width\":108,\"height\":86,\"caption\":\"viqtor.eu\"},\"image\":{\"@id\":\"https:\/\/viqtor.eu\/#\/schema\/logo\/image\/\"}},{\"@type\":\"Person\",\"@id\":\"https:\/\/viqtor.eu\/#\/schema\/person\/3dbd9cc82a28f6cf1695c92eda0099ad\",\"name\":\"Bruno\",\"image\":{\"@type\":\"ImageObject\",\"inLanguage\":\"es\",\"@id\":\"https:\/\/viqtor.eu\/#\/schema\/person\/image\/\",\"url\":\"https:\/\/secure.gravatar.com\/avatar\/e5a596f9489de15bfe046e97fb771f63589b601ca7e81ccc2bb9a23582f441a3?s=96&d=mm&r=g\",\"contentUrl\":\"https:\/\/secure.gravatar.com\/avatar\/e5a596f9489de15bfe046e97fb771f63589b601ca7e81ccc2bb9a23582f441a3?s=96&d=mm&r=g\",\"caption\":\"Bruno\"},\"sameAs\":[\"https:\/\/exciting-panini.13-37-234-21.plesk.page\"],\"url\":\"https:\/\/viqtor.eu\/es\/author\/mouad_zxum2ebi\/\"}]}<\/script>\n<!-- \/ Yoast SEO plugin. -->","yoast_head_json":{"title":"L\u2019IA dans tous ses \u00e9tats. - Viqtor","description":"L\u2019IA dans tous ses \u00e9tats. Veille juridique - Viqtor","robots":{"index":"index","follow":"follow","max-snippet":"max-snippet:-1","max-image-preview":"max-image-preview:large","max-video-preview":"max-video-preview:-1"},"canonical":"https:\/\/viqtor.eu\/es\/lia-dans-tous-ses-etats\/","og_locale":"es_ES","og_type":"article","og_title":"L\u2019IA dans tous ses \u00e9tats. - Viqtor","og_description":"L\u2019IA dans tous ses \u00e9tats. Veille juridique - Viqtor","og_url":"https:\/\/viqtor.eu\/es\/lia-dans-tous-ses-etats\/","og_site_name":"Viqtor","article_published_time":"2023-04-19T13:27:53+00:00","article_modified_time":"2024-08-05T14:06:17+00:00","og_image":[{"width":500,"height":334,"url":"https:\/\/viqtor.eu\/wp-content\/uploads\/2026\/04\/widget-viqtor.png","type":"image\/jpeg"}],"author":"Bruno","twitter_card":"summary_large_image","twitter_misc":{"Escrito por":"Bruno","Tiempo de lectura":"11 minutos"},"schema":{"@context":"https:\/\/schema.org","@graph":[{"@type":"Article","@id":"https:\/\/viqtor.eu\/lia-dans-tous-ses-etats\/#article","isPartOf":{"@id":"https:\/\/viqtor.eu\/lia-dans-tous-ses-etats\/"},"author":{"name":"Bruno","@id":"https:\/\/viqtor.eu\/#\/schema\/person\/3dbd9cc82a28f6cf1695c92eda0099ad"},"headline":"L\u2019IA dans tous ses \u00e9tats.","datePublished":"2023-04-19T13:27:53+00:00","dateModified":"2024-08-05T14:06:17+00:00","mainEntityOfPage":{"@id":"https:\/\/viqtor.eu\/lia-dans-tous-ses-etats\/"},"wordCount":2388,"publisher":{"@id":"https:\/\/viqtor.eu\/#organization"},"image":{"@id":"https:\/\/viqtor.eu\/lia-dans-tous-ses-etats\/#primaryimage"},"thumbnailUrl":"https:\/\/viqtor.eu\/wp-content\/uploads\/2023\/04\/shutterstock_680929729.jpg","articleSection":["Veille juridique"],"inLanguage":"es"},{"@type":"WebPage","@id":"https:\/\/viqtor.eu\/lia-dans-tous-ses-etats\/","url":"https:\/\/viqtor.eu\/lia-dans-tous-ses-etats\/","name":"L\u2019IA dans tous ses \u00e9tats. - Viqtor","isPartOf":{"@id":"https:\/\/viqtor.eu\/#website"},"primaryImageOfPage":{"@id":"https:\/\/viqtor.eu\/lia-dans-tous-ses-etats\/#primaryimage"},"image":{"@id":"https:\/\/viqtor.eu\/lia-dans-tous-ses-etats\/#primaryimage"},"thumbnailUrl":"https:\/\/viqtor.eu\/wp-content\/uploads\/2023\/04\/shutterstock_680929729.jpg","datePublished":"2023-04-19T13:27:53+00:00","dateModified":"2024-08-05T14:06:17+00:00","description":"L\u2019IA dans tous ses \u00e9tats. Veille juridique - Viqtor","breadcrumb":{"@id":"https:\/\/viqtor.eu\/lia-dans-tous-ses-etats\/#breadcrumb"},"inLanguage":"es","potentialAction":[{"@type":"ReadAction","target":["https:\/\/viqtor.eu\/lia-dans-tous-ses-etats\/"]}]},{"@type":"ImageObject","inLanguage":"es","@id":"https:\/\/viqtor.eu\/lia-dans-tous-ses-etats\/#primaryimage","url":"https:\/\/viqtor.eu\/wp-content\/uploads\/2023\/04\/shutterstock_680929729.jpg","contentUrl":"https:\/\/viqtor.eu\/wp-content\/uploads\/2023\/04\/shutterstock_680929729.jpg","width":500,"height":334},{"@type":"BreadcrumbList","@id":"https:\/\/viqtor.eu\/lia-dans-tous-ses-etats\/#breadcrumb","itemListElement":[{"@type":"ListItem","position":1,"name":"Accueil","item":"https:\/\/viqtor.eu\/"},{"@type":"ListItem","position":2,"name":"L\u2019IA dans tous ses \u00e9tats."}]},{"@type":"WebSite","@id":"https:\/\/viqtor.eu\/#website","url":"https:\/\/viqtor.eu\/","name":"Viqtor","description":"Faites du RGPD une opportunit\u00e9 pour votre entreprise.","publisher":{"@id":"https:\/\/viqtor.eu\/#organization"},"potentialAction":[{"@type":"SearchAction","target":{"@type":"EntryPoint","urlTemplate":"https:\/\/viqtor.eu\/?s={search_term_string}"},"query-input":{"@type":"PropertyValueSpecification","valueRequired":true,"valueName":"search_term_string"}}],"inLanguage":"es"},{"@type":"Organization","@id":"https:\/\/viqtor.eu\/#organization","name":"viqtor.eu","url":"https:\/\/viqtor.eu\/","logo":{"@type":"ImageObject","inLanguage":"es","@id":"https:\/\/viqtor.eu\/#\/schema\/logo\/image\/","url":"https:\/\/viqtor.eu\/wp-content\/uploads\/2023\/06\/favicon-noir.svg","contentUrl":"https:\/\/viqtor.eu\/wp-content\/uploads\/2023\/06\/favicon-noir.svg","width":108,"height":86,"caption":"viqtor.eu"},"image":{"@id":"https:\/\/viqtor.eu\/#\/schema\/logo\/image\/"}},{"@type":"Person","@id":"https:\/\/viqtor.eu\/#\/schema\/person\/3dbd9cc82a28f6cf1695c92eda0099ad","name":"Bruno","image":{"@type":"ImageObject","inLanguage":"es","@id":"https:\/\/viqtor.eu\/#\/schema\/person\/image\/","url":"https:\/\/secure.gravatar.com\/avatar\/e5a596f9489de15bfe046e97fb771f63589b601ca7e81ccc2bb9a23582f441a3?s=96&d=mm&r=g","contentUrl":"https:\/\/secure.gravatar.com\/avatar\/e5a596f9489de15bfe046e97fb771f63589b601ca7e81ccc2bb9a23582f441a3?s=96&d=mm&r=g","caption":"Bruno"},"sameAs":["https:\/\/exciting-panini.13-37-234-21.plesk.page"],"url":"https:\/\/viqtor.eu\/es\/author\/mouad_zxum2ebi\/"}]}},"_links":{"self":[{"href":"https:\/\/viqtor.eu\/es\/wp-json\/wp\/v2\/posts\/5501","targetHints":{"allow":["GET"]}}],"collection":[{"href":"https:\/\/viqtor.eu\/es\/wp-json\/wp\/v2\/posts"}],"about":[{"href":"https:\/\/viqtor.eu\/es\/wp-json\/wp\/v2\/types\/post"}],"author":[{"embeddable":true,"href":"https:\/\/viqtor.eu\/es\/wp-json\/wp\/v2\/users\/1"}],"replies":[{"embeddable":true,"href":"https:\/\/viqtor.eu\/es\/wp-json\/wp\/v2\/comments?post=5501"}],"version-history":[{"count":8,"href":"https:\/\/viqtor.eu\/es\/wp-json\/wp\/v2\/posts\/5501\/revisions"}],"predecessor-version":[{"id":12043,"href":"https:\/\/viqtor.eu\/es\/wp-json\/wp\/v2\/posts\/5501\/revisions\/12043"}],"wp:featuredmedia":[{"embeddable":true,"href":"https:\/\/viqtor.eu\/es\/wp-json\/wp\/v2\/media\/5652"}],"wp:attachment":[{"href":"https:\/\/viqtor.eu\/es\/wp-json\/wp\/v2\/media?parent=5501"}],"wp:term":[{"taxonomy":"category","embeddable":true,"href":"https:\/\/viqtor.eu\/es\/wp-json\/wp\/v2\/categories?post=5501"},{"taxonomy":"post_tag","embeddable":true,"href":"https:\/\/viqtor.eu\/es\/wp-json\/wp\/v2\/tags?post=5501"}],"curies":[{"name":"wp","href":"https:\/\/api.w.org\/{rel}","templated":true}]}}