{"id":5493,"date":"2023-04-19T13:18:17","date_gmt":"2023-04-19T13:18:17","guid":{"rendered":"https:\/\/exciting-panini.13-37-234-21.plesk.page\/?p=5493"},"modified":"2024-07-26T16:04:19","modified_gmt":"2024-07-26T16:04:19","slug":"metaverse-fashion-week-dans-decentraland","status":"publish","type":"post","link":"https:\/\/viqtor.eu\/es\/metaverse-fashion-week-dans-decentraland\/","title":{"rendered":"Semana de la Moda Metaverso en Decentraland, uno de los mundos virtuales m\u00e1s populares."},"content":{"rendered":"<div data-elementor-type=\"wp-post\" data-elementor-id=\"5493\" class=\"elementor elementor-5493\" data-elementor-post-type=\"post\">\n\t\t\t\t\t\t<section class=\"elementor-section elementor-top-section elementor-element elementor-element-54961bf ot-traditional elementor-section-boxed elementor-section-height-default elementor-section-height-default\" data-id=\"54961bf\" data-element_type=\"section\">\n\t\t\t\t\t\t<div class=\"elementor-container elementor-column-gap-default\">\n\t\t\t\t\t<div class=\"elementor-column elementor-col-100 elementor-top-column elementor-element elementor-element-ec4612d ot-flex-column-vertical\" data-id=\"ec4612d\" data-element_type=\"column\">\n\t\t\t<div class=\"elementor-widget-wrap elementor-element-populated\">\n\t\t\t\t\t\t<div class=\"elementor-element elementor-element-b3e5461 elementor-widget elementor-widget-image\" data-id=\"b3e5461\" data-element_type=\"widget\" data-widget_type=\"image.default\">\n\t\t\t\t<div class=\"elementor-widget-container\">\n\t\t\t\t\t\t\t\t\t\t\t\t\t<img fetchpriority=\"high\" decoding=\"async\" width=\"500\" height=\"334\" src=\"https:\/\/viqtor.eu\/wp-content\/uploads\/2023\/04\/Metaverse-Fashion-Week-dans-Decentraland-lun-des-mondes-virtuels-les-plus-populaires.jpg\" class=\"attachment-full size-full wp-image-12021\" alt=\"Metaverse Fashion Week dans Decentraland, l&#039;un des mondes virtuels les plus populaires.\" srcset=\"https:\/\/viqtor.eu\/wp-content\/uploads\/2023\/04\/Metaverse-Fashion-Week-dans-Decentraland-lun-des-mondes-virtuels-les-plus-populaires.jpg 500w, https:\/\/viqtor.eu\/wp-content\/uploads\/2023\/04\/Metaverse-Fashion-Week-dans-Decentraland-lun-des-mondes-virtuels-les-plus-populaires-300x200.jpg 300w\" sizes=\"(max-width: 500px) 100vw, 500px\" \/>\t\t\t\t\t\t\t\t\t\t\t\t\t<\/div>\n\t\t\t\t<\/div>\n\t\t\t\t\t<\/div>\n\t\t<\/div>\n\t\t\t\t\t<\/div>\n\t\t<\/section>\n\t\t\t\t<section class=\"elementor-section elementor-top-section elementor-element elementor-element-647497d ot-traditional elementor-section-boxed elementor-section-height-default elementor-section-height-default\" data-id=\"647497d\" data-element_type=\"section\">\n\t\t\t\t\t\t<div class=\"elementor-container elementor-column-gap-default\">\n\t\t\t\t\t<div class=\"elementor-column elementor-col-100 elementor-top-column elementor-element elementor-element-a65d641 ot-flex-column-vertical\" data-id=\"a65d641\" data-element_type=\"column\">\n\t\t\t<div class=\"elementor-widget-wrap elementor-element-populated\">\n\t\t\t\t\t\t<div class=\"elementor-element elementor-element-496dcd1 elementor-widget elementor-widget-heading\" data-id=\"496dcd1\" data-element_type=\"widget\" data-widget_type=\"heading.default\">\n\t\t\t\t<div class=\"elementor-widget-container\">\n\t\t\t<h1 class=\"elementor-heading-title elementor-size-default\">Semana de la Moda Metaverso en Decentraland, uno de los mundos virtuales m\u00e1s populares.<\/h1>\t\t<\/div>\n\t\t\t\t<\/div>\n\t\t\t\t\t<\/div>\n\t\t<\/div>\n\t\t\t\t\t<\/div>\n\t\t<\/section>\n\t\t\t\t<section class=\"elementor-section elementor-top-section elementor-element elementor-element-5571fb82 ot-traditional elementor-section-boxed elementor-section-height-default elementor-section-height-default\" data-id=\"5571fb82\" data-element_type=\"section\">\n\t\t\t\t\t\t<div class=\"elementor-container elementor-column-gap-default\">\n\t\t\t\t\t<div class=\"elementor-column elementor-col-100 elementor-top-column elementor-element elementor-element-5d982d20 ot-flex-column-vertical\" data-id=\"5d982d20\" data-element_type=\"column\">\n\t\t\t<div class=\"elementor-widget-wrap elementor-element-populated\">\n\t\t\t\t\t\t<div class=\"elementor-element elementor-element-387bed9b elementor-widget elementor-widget-text-editor\" data-id=\"387bed9b\" data-element_type=\"widget\" data-widget_type=\"text-editor.default\">\n\t\t\t\t<div class=\"elementor-widget-container\">\n\t\t\t\t\t\t\t<!-- wp:paragraph -->\n<p>Vigilancia Legal No. 48 \u2013 <strong>Junio de 2022<\/strong><\/p>\n<!-- \/wp:paragraph -->\n\n<!-- wp:paragraph -->\n<p><strong>Un mundo feliz<\/strong>En marzo de 2022, el evento Metaverse Fashion Week tuvo lugar en Decentraland, uno de los mundos virtuales m\u00e1s populares.<\/p>\n<!-- \/wp:paragraph -->\n\n<!-- wp:paragraph -->\n<p>Un concierto en l\u00ednea transmitido en la plataforma de juegos Fortnite atrajo recientemente a 12 millones de espectadores.<\/p>\n<!-- \/wp:paragraph -->\n\n<!-- wp:paragraph -->\n<p>Hoy en d\u00eda se est\u00e1 desarrollando un mundo virtual cuyas implicaciones humanas, econ\u00f3micas y sociales a\u00fan no se han comprendido plenamente.<\/p>\n<!-- \/wp:paragraph -->\n\n<!-- wp:paragraph -->\n<p>El informe publicado recientemente por el Parlamento Europeo sobre este tema afirma que para 2026, el 25% de las personas pasar\u00e1n al menos una hora al d\u00eda en el metaverso para trabajar, comprar, educarse, realizar actividades sociales y\/o entretenimiento.<\/p>\n<!-- \/wp:paragraph -->\n\n<!-- wp:paragraph -->\n<p>Muchas empresas comerciales han comenzado a desarrollar all\u00ed sus propias plataformas, incluso cuando sus actividades tienen solo una conexi\u00f3n muy remota con la tecnolog\u00eda digital.<\/p>\n<!-- \/wp:paragraph -->\n\n<!-- wp:paragraph -->\n<p>El Metaverso puede describirse como un mundo virtual 3D inmersivo y constante en el que las personas interact\u00faan a trav\u00e9s de un avatar para disfrutar del entretenimiento, realizar compras y transacciones o trabajar sin salir de sus hogares.<\/p>\n<!-- \/wp:paragraph -->\n\n<!-- wp:paragraph -->\n<p>El ecosistema del metaverso econ\u00f3mico aprovecha las tecnolog\u00edas blockchain y de criptomonedas, como los tokens no fungibles (NFT), para monetizar las transacciones en el entorno digital.<\/p>\n<!-- \/wp:paragraph -->\n\n<!-- wp:paragraph -->\n<p>Esta evoluci\u00f3n de la web plantea muchos interrogantes, sobre todo en lo que respecta a la aplicaci\u00f3n de la ley.<\/p>\n<!-- \/wp:paragraph -->\n\n<!-- wp:paragraph -->\n<p>\u00bfC\u00f3mo podemos regular en la pr\u00e1ctica las fusiones y adquisiciones en l\u00ednea, el acoso, las transacciones m\u00e1s o menos legales realizadas en criptomonedas, la recopilaci\u00f3n masiva de datos sobre el comportamiento de las personas a trav\u00e9s de sus avatares o incluso la vigilancia de personas en l\u00ednea por parte de las fuerzas del orden?<\/p>\n<!-- \/wp:paragraph -->\n\n<!-- wp:paragraph -->\n<p>Hay mucho en juego en lo que respecta al RGPD, como lo destaca un art\u00edculo reciente publicado el 20 de mayo en el peri\u00f3dico Le Monde, y como se\u00f1ala el Parlamento Europeo, dada la calidad y cantidad sin precedentes de datos recopilados.<\/p>\n<!-- \/wp:paragraph -->\n\n<!-- wp:paragraph -->\n<p>Estos pueden incluir expresiones faciales, gestos u otros tipos de reacciones f\u00edsicas o emocionales que un avatar puede producir durante las interacciones, en tiempo real y sin ser consciente de ello.<\/p>\n<!-- \/wp:paragraph -->\n\n<!-- wp:paragraph -->\n<p>De esta forma se pueden recopilar datos sensibles como, por ejemplo, datos biom\u00e9tricos.<\/p>\n<!-- \/wp:paragraph -->\n\n<!-- wp:paragraph -->\n<p>Esta informaci\u00f3n permitir\u00e1, por ejemplo, a las empresas comprender mejor el comportamiento de los usuarios y adaptar las campa\u00f1as publicitarias de forma muy espec\u00edfica.<\/p>\n<!-- \/wp:paragraph -->\n\n<!-- wp:paragraph -->\n<p>\u00bfLas reglas existentes se adaptan a este nuevo universo?<\/p>\n<!-- \/wp:paragraph -->\n\n<!-- wp:paragraph -->\n<p>\u00bfC\u00f3mo podemos obtener el consentimiento de las personas para dicha recopilaci\u00f3n de datos y qui\u00e9n es responsable de dicha recopilaci\u00f3n en un entorno en el que los roles son m\u00faltiples y en el que es cada vez m\u00e1s dif\u00edcil identificar al responsable del tratamiento de datos?<\/p>\n<!-- \/wp:paragraph -->\n\n<!-- wp:paragraph -->\n<p>\u00bfC\u00f3mo gestionar las interacciones con la inteligencia artificial, inherentes al funcionamiento del Metaverso, y las decisiones automatizadas que de ello resultan?<\/p>\n<!-- \/wp:paragraph -->\n\n<!-- wp:paragraph -->\n<p>Se est\u00e1n explorando varias v\u00edas, basadas no s\u00f3lo en el RGPD, sino tambi\u00e9n en las regulaciones europeas propuestas sobre inteligencia artificial y gobernanza de datos.<\/p>\n<!-- \/wp:paragraph -->\n\n<!-- wp:paragraph -->\n<p>Mencionemos el papel de los intermediarios de datos, que podr\u00edan centralizar las autorizaciones de los usuarios respecto del uso de sus datos.<\/p>\n<!-- \/wp:paragraph -->\n\n<!-- wp:paragraph -->\n<p>El reglamento propuesto sobre gobernanza de datos prev\u00e9 la protecci\u00f3n de los espacios de datos personales, o carteras de datos, regulando el intercambio de datos y controlando el consentimiento de las personas.<\/p>\n<!-- \/wp:paragraph -->\n\n<!-- wp:paragraph -->\n<p>Sin embargo, en la medida en que los intermediarios utilizan inteligencia artificial en la gesti\u00f3n de datos, son necesarias salvaguardas para evitar la apropiaci\u00f3n indebida y el abuso.<\/p>\n<!-- \/wp:paragraph -->\n\n<!-- wp:paragraph -->\n<p>Cabe recordar que estas dos propuestas de reglamento han sido objeto de comentarios del Supervisor Europeo y del Comit\u00e9 Europeo de Protecci\u00f3n de Datos, que insisten en el respeto al principio de finalidad en el uso de los datos, y piden medidas que prevean m\u00e1s controles y garant\u00edas para el interesado, por ejemplo c\u00f3digos de conducta o mecanismos de certificaci\u00f3n.<\/p>\n<!-- \/wp:paragraph -->\n\n<!-- wp:paragraph -->\n<p>Las autoridades tambi\u00e9n tienen reservas sobre la puntuaci\u00f3n social en el contexto de las redes sociales en general, y m\u00e1s a\u00fan en el Metaverso.<\/p>\n<!-- \/wp:paragraph -->\n\n<!-- wp:paragraph -->\n<p>Tambi\u00e9n se debe prestar especial atenci\u00f3n a la protecci\u00f3n de los grupos vulnerables, en particular los ni\u00f1os, con el fin de verificar su edad y disuadirlos de facilitar sus datos personales.<\/p>\n<!-- \/wp:paragraph -->\n\n<!-- wp:paragraph -->\n<p>Algunos adem\u00e1s abogan por un Metaverso abierto y descentralizado, controlado por los propios usuarios en forma de organizaciones aut\u00f3nomas descentralizadas (DAO).<\/p>\n<!-- \/wp:paragraph -->\n\n<!-- wp:paragraph -->\n<p>En este tipo de modelo, diferente de un modelo de negocio centralizado, los usuarios tendr\u00edan m\u00e1s control sobre sus datos y su compartici\u00f3n.<\/p>\n<!-- \/wp:paragraph -->\n\n<!-- wp:paragraph -->\n<p>Tambi\u00e9n en este caso, adem\u00e1s de las directrices regulatorias, los c\u00f3digos de conducta y los mecanismos de certificaci\u00f3n contribuir\u00edan a una mayor seguridad jur\u00eddica.<\/p>\n<!-- \/wp:paragraph -->\n\n<!-- wp:paragraph -->\n<p>Algunas respuestas a muchas preguntas...<\/p>\n<!-- \/wp:paragraph -->\n\n<!-- wp:paragraph -->\n<p>En cualquier caso, la aplicaci\u00f3n de la ley no se lograr\u00e1 sin una mayor rendici\u00f3n de cuentas por parte de los actores involucrados.<\/p>\n<!-- \/wp:paragraph -->\n\n<!-- wp:paragraph -->\n<p><strong>Y tambi\u00e9n<\/strong><\/p>\n<!-- \/wp:paragraph -->\n\n<!-- wp:paragraph -->\n<p><strong>Francia:<\/strong><\/p>\n<!-- \/wp:paragraph -->\n\n<!-- wp:paragraph -->\n<p><strong>El 7 de junio, la CNIL public\u00f3 preguntas y respuestas sobre el uso de Google Analytics.<\/strong><\/p>\n<!-- \/wp:paragraph -->\n\n<!-- wp:paragraph -->\n<p>La Comisi\u00f3n ha ordenado a varias organizaciones que cumplan con el RGPD, ya que ninguna de las garant\u00edas adicionales que se le han presentado ha sido suficiente para evitar que los servicios de inteligencia estadounidenses accedan a los datos personales de los usuarios europeos.<\/p>\n<!-- \/wp:paragraph -->\n\n<!-- wp:paragraph -->\n<p>Una soluci\u00f3n que permita utilizar un proxy para evitar cualquier contacto directo entre el terminal del internauta y los servidores de la herramienta de medici\u00f3n podr\u00eda, seg\u00fan ella, ser posible, si este servidor cumple un conjunto de criterios que respetan las recomendaciones del Comit\u00e9 Europeo de Protecci\u00f3n de Datos (CEPD), publicadas el 18 de junio de 2021.<\/p>\n<!-- \/wp:paragraph -->\n\n<!-- wp:paragraph -->\n<p><strong>El Consejo de Estado confirm\u00f3 que la CNIL era competente para imponer sanciones fuera del mecanismo de ventanilla \u00fanica europea.<\/strong><\/p>\n<!-- \/wp:paragraph -->\n\n<!-- wp:paragraph -->\n<p>El caso que nos ocupa se refiere a la empresa Amazon online France, que tiene un establecimiento en territorio franc\u00e9s y trata datos de personas residentes en Francia.<\/p>\n<!-- \/wp:paragraph -->\n\n<!-- wp:paragraph -->\n<p>Se confirma as\u00ed la multa de 35 millones de euros impuesta en 2020, que penaliza el uso de cookies sin el consentimiento del usuario.<\/p>\n<!-- \/wp:paragraph -->\n\n<!-- wp:paragraph -->\n<p><strong>El 30 de junio, la CNIL impuso una multa de 1 mill\u00f3n de euros a la empresa Total Energies Electricit\u00e9 et Gaz de France. <\/strong>en particular por no haber respetado las obligaciones en materia de prospecci\u00f3n comercial y los derechos de las personas<strong>.<\/strong><\/p>\n<!-- \/wp:paragraph -->\n\n<!-- wp:paragraph -->\n<p>El 13 de junio, la CNIL lanz\u00f3 un estudio sobre los datos de geolocalizaci\u00f3n recopilados por aplicaciones m\u00f3viles.<\/p>\n<!-- \/wp:paragraph -->\n\n<!-- wp:paragraph -->\n<p>Tal como se anunci\u00f3 en su plan estrat\u00e9gico 2022-2024, la CNIL desea sensibilizar al p\u00fablico y a los profesionales sobre los problemas relacionados con la recopilaci\u00f3n de datos de geolocalizaci\u00f3n mediante aplicaciones m\u00f3viles.<\/p>\n<!-- \/wp:paragraph -->\n\n<!-- wp:paragraph -->\n<p>Tambi\u00e9n se trata de verificar el cumplimiento del RGPD por parte de los profesionales del sector de la prospecci\u00f3n comercial.<\/p>\n<!-- \/wp:paragraph -->\n\n<!-- wp:paragraph -->\n<p><strong>Europa:<\/strong><\/p>\n<!-- \/wp:paragraph -->\n\n<!-- wp:paragraph -->\n<p><strong>El Supervisor Europeo de Protecci\u00f3n de Datos (SEPD) expresa su preocupaci\u00f3n por las modificaciones del Reglamento Europol, que entraron en vigor el 28 de junio de 2022.<\/strong><\/p>\n<!-- \/wp:paragraph -->\n\n<!-- wp:paragraph -->\n<p>El SEPD subraya que debilitan el derecho fundamental a la protecci\u00f3n de datos, no garantizan una supervisi\u00f3n adecuada de la agencia y ampl\u00edan significativamente el mandato de Europol con respecto al intercambio de datos personales con partes privadas, el uso de inteligencia artificial y el procesamiento de grandes conjuntos de datos.<\/p>\n<!-- \/wp:paragraph -->\n\n<!-- wp:paragraph -->\n<p>El 14 de junio, el Comit\u00e9 Europeo de Protecci\u00f3n de Datos (<strong>CEPD<\/strong>) public\u00f3 su respuesta a la <strong>Consulta de la Comisi\u00f3n Europea sobre la creaci\u00f3n de un euro digital.<\/strong><\/p>\n<!-- \/wp:paragraph -->\n\n<!-- wp:paragraph -->\n<p>El 16 de junio, el<strong>CEPD<\/strong> directrices adoptadas sobre la <strong>La certificaci\u00f3n como herramienta para las transferencias de datos personales <\/strong>a terceros pa\u00edses que no ofrecen un nivel de protecci\u00f3n adecuado.<\/p>\n<!-- \/wp:paragraph -->\n\n<!-- wp:paragraph -->\n<p>La conferencia organizada en junio por la<strong>SEPD<\/strong>, seguido en l\u00ednea y en persona por m\u00e1s de 2.000 personas, concluy\u00f3 con observaciones cr\u00edticas sobre la <strong>Cooperaci\u00f3n europea en materia de investigaciones.<\/strong><\/p>\n<!-- \/wp:paragraph -->\n\n<!-- wp:paragraph -->\n<p>Para el SEPD, todo buen modelo deber\u00eda incluir fuertes mecanismos de colegialidad, y podr\u00edan realizarse investigaciones estrat\u00e9gicas a nivel central, lo que permitir\u00eda superar &quot;los problemas derivados de una legislaci\u00f3n nacional incompatible o de intentos dispares de armonizaci\u00f3n&quot;.<\/p>\n<!-- \/wp:paragraph -->\n\n<!-- wp:paragraph -->\n<p>EL <strong>Consejo de Europa<\/strong> publica un estudio sobre la <strong>Software esp\u00eda Pegasus<\/strong> y su impacto en los derechos fundamentales. Cabe recordar que este software esp\u00eda tambi\u00e9n es objeto de una investigaci\u00f3n por parte del Parlamento Europeo.<\/p>\n<!-- \/wp:paragraph -->\n\n<!-- wp:paragraph -->\n<p>EL <strong>Red de Cooperaci\u00f3n para la Protecci\u00f3n del Consumidor<\/strong> (CPC), en cooperaci\u00f3n con las autoridades de protecci\u00f3n de datos, ha aprobado cinco principios clave para una <strong>publicidad justa dirigida a ni\u00f1os<\/strong>s.<\/p>\n<!-- \/wp:paragraph -->\n\n<!-- wp:paragraph -->\n<p>EL<strong> Comisionado Federal de Protecci\u00f3n de Datos e Informaci\u00f3n de Suiza (FDPIC)<\/strong> asesor\u00f3 a Suva (Caja Nacional de Seguros de Accidentes de Suiza, que brinda cobertura de atenci\u00f3n m\u00e9dica a sus empleados) <strong>reconsiderar su decisi\u00f3n de externalizar el procesamiento de sus datos personales a Estados Unidos<\/strong>s, m\u00e1s precisamente en el servicio en la nube de Microsoft, aunque los datos est\u00e1n alojados en un servidor de MS en Suiza.<\/p>\n<!-- \/wp:paragraph -->\n\n<!-- wp:paragraph -->\n<p>Las transferencias fuera de Europa tambi\u00e9n est\u00e1n en el centro de la reciente decisi\u00f3n de la <strong>Consejo de Estado de B\u00e9lgica, que suspendi\u00f3 la decisi\u00f3n de elegir a un contratista estadounidense <\/strong>en el contexto de un procedimiento de contrataci\u00f3n p\u00fablica por considerar que esta autoridad no examin\u00f3 suficientemente si el contratista cumpl\u00eda los requisitos del RGPD, en particular las disposiciones relativas a las transferencias.<\/p>\n<!-- \/wp:paragraph -->\n\n<!-- wp:paragraph -->\n<p>La decisi\u00f3n tambi\u00e9n pone en duda el procesamiento posterior por parte de otra empresa, Smart Analytics, con sede en Rusia (a trav\u00e9s de GDPRhub).<\/p>\n<!-- \/wp:paragraph -->\n\n<!-- wp:paragraph -->\n<p>Diez asociaciones de consumidores, bajo la coordinaci\u00f3n de la <strong>Organizaci\u00f3n Europea de Consumidores (BEUC)<\/strong>, anunci\u00f3 el 30 de junio que est\u00e1n tomando medidas para garantizar que Google cumpla con la ley: el gigante tecnol\u00f3gico dirigir\u00eda a los consumidores a su sistema de seguimiento cuando se registren para obtener una cuenta de Google, en lugar de brindar protecci\u00f3n de sus datos de manera predeterminada y por dise\u00f1o, como lo exige el GDPR.<\/p>\n<!-- \/wp:paragraph -->\n\n<!-- wp:paragraph -->\n<p><strong>La reforma de la legislaci\u00f3n de protecci\u00f3n de datos del Reino Unido posterior al Brexit alcanz\u00f3 un nuevo hito el 17 de junio con la respuesta final del gobierno a su consulta p\u00fablica.<\/strong><\/p>\n<!-- \/wp:paragraph -->\n\n<!-- wp:paragraph -->\n<p>El documento incluye varias reformas, como la eliminaci\u00f3n del requisito de nombrar un responsable de protecci\u00f3n de datos, la sustituci\u00f3n del requisito de consentimiento por un derecho a oponerse al seguimiento de los usuarios de Internet y cambios en el funcionamiento de la Oficina del Comisionado de Informaci\u00f3n.<\/p>\n<!-- \/wp:paragraph -->\n\n<!-- wp:paragraph -->\n<p><strong>AOD finlandesa<\/strong> orden\u00f3 a un hospital eliminar los historiales de los empleados, los registros de ubicaci\u00f3n y otros datos personales generados por la funci\u00f3n de registro de ubicaci\u00f3n predeterminada en Windows 10.<\/p>\n<!-- \/wp:paragraph -->\n\n<!-- wp:paragraph -->\n<p>Esta configuraci\u00f3n viol\u00f3 el principio de \u201cprotecci\u00f3n de datos por defecto\u201d del Art\u00edculo 25(2) del RGPD (a trav\u00e9s de GDPRhub).&nbsp;<\/p>\n<!-- \/wp:paragraph -->\n\n<!-- wp:paragraph -->\n<p><strong>La autoridad italiana de protecci\u00f3n de datos ha multado a un hospital con 70.000 euros por copiar a los destinatarios de dos boletines m\u00e9dicos.<\/strong> En lugar de CCI, revelar sus datos personales (incluidos los datos de salud) a todos los destinatarios sin una base legal (a trav\u00e9s de GDPRhub).<\/p>\n<!-- \/wp:paragraph -->\n\n<!-- wp:paragraph -->\n<p><strong>Sobre el mismo tema, la AOD de Rumania<\/strong> Tambi\u00e9n mult\u00f3 con 1.000 euros a un subcontratista encargado de implementar una campa\u00f1a de marketing por enviar un correo electr\u00f3nico de marketing a 27 personas sin ocultar sus direcciones de correo electr\u00f3nico.<\/p>\n<!-- \/wp:paragraph -->\n\n<!-- wp:paragraph -->\n<p>Recordemos que <strong>El 29 de abril, B\u00e9lgica dictamin\u00f3 en un caso similar que el env\u00edo de un correo electr\u00f3nico de ese tipo no constitu\u00eda una violaci\u00f3n de seguridad cuando estaban involucradas menos de 16 personas.<\/strong><\/p>\n<!-- \/wp:paragraph -->\n\n<!-- wp:paragraph -->\n<p><strong>Internacional :<\/strong><\/p>\n<!-- \/wp:paragraph -->\n\n<!-- wp:paragraph -->\n<p><strong>Rusia: <\/strong>Un tribunal de Mosc\u00fa ha multado a Google con 15 millones de rublos por incumplimiento reiterado de la normativa de localizaci\u00f3n de datos.<\/p>\n<!-- \/wp:paragraph -->\n\n<!-- wp:paragraph -->\n<p>Google ya hab\u00eda sido objeto de una sanci\u00f3n administrativa en 2021 por violar este mismo principio de la ley rusa sobre datos personales, que obliga a las empresas a almacenar los datos personales de los ciudadanos rusos en el territorio de la Federaci\u00f3n Rusa.<strong>.<\/strong><\/p>\n<!-- \/wp:paragraph -->\n\n<!-- wp:paragraph -->\n<p><strong>ESTADOS UNIDOS : <\/strong>Las implicaciones de la decisi\u00f3n Roe vs. Wade de la Corte Suprema se extienden a las cuestiones de privacidad de datos.&nbsp;<\/p>\n<!-- \/wp:paragraph -->\n\n<!-- wp:paragraph -->\n<p>La pregunta se refiere a la actitud de los gigantes tecnol\u00f3gicos respecto al acceso de las autoridades a los datos de fertilidad.<\/p>\n<!-- \/wp:paragraph -->\n\n<!-- wp:paragraph -->\n<p>Estos datos pueden revelarse a trav\u00e9s de fuentes como el historial del navegador, b\u00fasquedas, registros de correo electr\u00f3nico y mensajes de texto, uso de aplicaciones de fertilidad y otros productos comerciales con los que muchos usuarios interact\u00faan a diario.<\/p>\n<!-- \/wp:paragraph -->\n\n<!-- wp:paragraph -->\n<p>Este tipo de informaci\u00f3n ya ha sido utilizada por las autoridades como prueba en casos relacionados con el aborto, como informa The Register.<\/p>\n<!-- \/wp:paragraph -->\n\n<!-- wp:paragraph -->\n<p><strong>Porcelana: <\/strong>El New York Times publica una investigaci\u00f3n que cita cientos de documentos que detallan software comprado por China para examinar sus vastas bases de datos de vigilancia y predecir qui\u00e9n se convertir\u00e1 en sospechoso o potencial alborotador.<\/p>\n<!-- \/wp:paragraph -->\n\n<!-- wp:paragraph -->\n<p><strong>En Canad\u00e1, <\/strong>Desde el 16 de junio, una Carta de Derechos Digitales protege los derechos de los consumidores y los datos personales y regula la inteligencia artificial.<strong>.<\/strong><\/p>\n<!-- \/wp:paragraph -->\n\n<!-- wp:paragraph -->\n<p>Anne Christine Lacoste<\/p>\n<!-- \/wp:paragraph -->\n\n<!-- wp:paragraph -->\n<p><em>Socia de Olivier Weber Avocat, Anne Christine Lacoste es abogada especializada en derecho de datos, fue responsable de Relaciones Internacionales en el Supervisor Europeo de Protecci\u00f3n de Datos y trabaj\u00f3 en la implementaci\u00f3n del RGPD en la Uni\u00f3n Europea.<\/em><\/p>\n<!-- \/wp:paragraph -->\t\t\t\t\t\t<\/div>\n\t\t\t\t<\/div>\n\t\t\t\t\t<\/div>\n\t\t<\/div>\n\t\t\t\t\t<\/div>\n\t\t<\/section>\n\t\t\t\t<section class=\"elementor-section elementor-top-section elementor-element elementor-element-9692fee ot-traditional elementor-section-boxed elementor-section-height-default elementor-section-height-default\" data-id=\"9692fee\" data-element_type=\"section\">\n\t\t\t\t\t\t<div class=\"elementor-container elementor-column-gap-default\">\n\t\t\t\t\t<div class=\"elementor-column elementor-col-100 elementor-top-column elementor-element elementor-element-c17bbb4 ot-flex-column-vertical\" data-id=\"c17bbb4\" data-element_type=\"column\">\n\t\t\t<div class=\"elementor-widget-wrap elementor-element-populated\">\n\t\t\t\t\t\t<div class=\"elementor-element elementor-element-f387214 elementor-align-center elementor-widget elementor-widget-button\" data-id=\"f387214\" data-element_type=\"widget\" data-widget_type=\"button.default\">\n\t\t\t\t<div class=\"elementor-widget-container\">\n\t\t\t\t\t<div class=\"elementor-button-wrapper\">\n\t\t\t<a class=\"elementor-button elementor-button-link elementor-size-lg\" href=\"https:\/\/app.viqtor.eu\/\">\n\t\t\t\t\t\t<span class=\"elementor-button-content-wrapper\">\n\t\t\t\t\t\t<span class=\"elementor-button-icon\">\n\t\t\t\t<i aria-hidden=\"true\" class=\"fas fa-long-arrow-alt-right\"><\/i>\t\t\t<\/span>\n\t\t\t\t\t\t\t\t\t<span class=\"elementor-button-text\">Descubra Viqtor\u00ae<\/span>\n\t\t\t\t\t<\/span>\n\t\t\t\t\t<\/a>\n\t\t<\/div>\n\t\t\t\t<\/div>\n\t\t\t\t<\/div>\n\t\t\t\t\t<\/div>\n\t\t<\/div>\n\t\t\t\t\t<\/div>\n\t\t<\/section>\n\t\t\t\t<\/div>","protected":false},"excerpt":{"rendered":"<p>Semana de la Moda del Metaverso en Decentraland, uno de los mundos virtuales m\u00e1s populares. Legal Watch n.\u00b0 48 \u2013 Junio de 2022: Un mundo feliz. En marzo de 2022, la Semana de la Moda del Metaverso tuvo lugar en Decentraland, uno de los mundos virtuales m\u00e1s populares. Un concierto en l\u00ednea transmitido en la plataforma de juegos Fortnite [\u2026]<\/p>","protected":false},"author":1,"featured_media":5659,"comment_status":"closed","ping_status":"open","sticky":false,"template":"elementor_header_footer","format":"standard","meta":{"_acf_changed":false,"footnotes":""},"categories":[35],"tags":[],"class_list":["post-5493","post","type-post","status-publish","format-standard","has-post-thumbnail","hentry","category-veille-juridique"],"acf":[],"yoast_head":"<!-- This site is optimized with the Yoast SEO plugin v23.6 - https:\/\/yoast.com\/wordpress\/plugins\/seo\/ -->\n<title>Metaverse Fashion Week dans Decentraland, l&#039;un des mondes virtuels les plus populaires. - Viqtor<\/title>\n<meta name=\"description\" content=\"Metaverse Fashion Week dans Decentraland, l&#039;un des mondes virtuels les plus populaires. Veille juridique - Viqtor\" \/>\n<meta name=\"robots\" content=\"index, follow, max-snippet:-1, max-image-preview:large, max-video-preview:-1\" \/>\n<link rel=\"canonical\" href=\"https:\/\/viqtor.eu\/es\/metaverse-fashion-week-dans-decentraland\/\" \/>\n<meta property=\"og:locale\" content=\"es_ES\" \/>\n<meta property=\"og:type\" content=\"article\" \/>\n<meta property=\"og:title\" content=\"Metaverse Fashion Week dans Decentraland, l&#039;un des mondes virtuels les plus populaires. - Viqtor\" \/>\n<meta property=\"og:description\" content=\"Metaverse Fashion Week dans Decentraland, l&#039;un des mondes virtuels les plus populaires. Veille juridique - Viqtor\" \/>\n<meta property=\"og:url\" content=\"https:\/\/viqtor.eu\/es\/metaverse-fashion-week-dans-decentraland\/\" \/>\n<meta property=\"og:site_name\" content=\"Viqtor\" \/>\n<meta property=\"article:published_time\" content=\"2023-04-19T13:18:17+00:00\" \/>\n<meta property=\"article:modified_time\" content=\"2024-07-26T16:04:19+00:00\" \/>\n<meta property=\"og:image\" content=\"https:\/\/viqtor.eu\/wp-content\/uploads\/2026\/04\/widget-viqtor.png\" \/>\n\t<meta property=\"og:image:width\" content=\"500\" \/>\n\t<meta property=\"og:image:height\" content=\"334\" \/>\n\t<meta property=\"og:image:type\" content=\"image\/jpeg\" \/>\n<meta name=\"author\" content=\"Bruno\" \/>\n<meta name=\"twitter:card\" content=\"summary_large_image\" \/>\n<meta name=\"twitter:label1\" content=\"Escrito por\" \/>\n\t<meta name=\"twitter:data1\" content=\"Bruno\" \/>\n\t<meta name=\"twitter:label2\" content=\"Tiempo de lectura\" \/>\n\t<meta name=\"twitter:data2\" content=\"11 minutos\" \/>\n<script type=\"application\/ld+json\" class=\"yoast-schema-graph\">{\"@context\":\"https:\/\/schema.org\",\"@graph\":[{\"@type\":\"Article\",\"@id\":\"https:\/\/viqtor.eu\/metaverse-fashion-week-dans-decentraland\/#article\",\"isPartOf\":{\"@id\":\"https:\/\/viqtor.eu\/metaverse-fashion-week-dans-decentraland\/\"},\"author\":{\"name\":\"Bruno\",\"@id\":\"https:\/\/viqtor.eu\/#\/schema\/person\/3dbd9cc82a28f6cf1695c92eda0099ad\"},\"headline\":\"Metaverse Fashion Week dans Decentraland, l&rsquo;un des mondes virtuels les plus populaires.\",\"datePublished\":\"2023-04-19T13:18:17+00:00\",\"dateModified\":\"2024-07-26T16:04:19+00:00\",\"mainEntityOfPage\":{\"@id\":\"https:\/\/viqtor.eu\/metaverse-fashion-week-dans-decentraland\/\"},\"wordCount\":2428,\"publisher\":{\"@id\":\"https:\/\/viqtor.eu\/#organization\"},\"image\":{\"@id\":\"https:\/\/viqtor.eu\/metaverse-fashion-week-dans-decentraland\/#primaryimage\"},\"thumbnailUrl\":\"https:\/\/viqtor.eu\/wp-content\/uploads\/2023\/04\/shutterstock_1944426163.jpg\",\"articleSection\":[\"Veille juridique\"],\"inLanguage\":\"es\"},{\"@type\":\"WebPage\",\"@id\":\"https:\/\/viqtor.eu\/metaverse-fashion-week-dans-decentraland\/\",\"url\":\"https:\/\/viqtor.eu\/metaverse-fashion-week-dans-decentraland\/\",\"name\":\"Metaverse Fashion Week dans Decentraland, l'un des mondes virtuels les plus populaires. - Viqtor\",\"isPartOf\":{\"@id\":\"https:\/\/viqtor.eu\/#website\"},\"primaryImageOfPage\":{\"@id\":\"https:\/\/viqtor.eu\/metaverse-fashion-week-dans-decentraland\/#primaryimage\"},\"image\":{\"@id\":\"https:\/\/viqtor.eu\/metaverse-fashion-week-dans-decentraland\/#primaryimage\"},\"thumbnailUrl\":\"https:\/\/viqtor.eu\/wp-content\/uploads\/2023\/04\/shutterstock_1944426163.jpg\",\"datePublished\":\"2023-04-19T13:18:17+00:00\",\"dateModified\":\"2024-07-26T16:04:19+00:00\",\"description\":\"Metaverse Fashion Week dans Decentraland, l'un des mondes virtuels les plus populaires. Veille juridique - Viqtor\",\"breadcrumb\":{\"@id\":\"https:\/\/viqtor.eu\/metaverse-fashion-week-dans-decentraland\/#breadcrumb\"},\"inLanguage\":\"es\",\"potentialAction\":[{\"@type\":\"ReadAction\",\"target\":[\"https:\/\/viqtor.eu\/metaverse-fashion-week-dans-decentraland\/\"]}]},{\"@type\":\"ImageObject\",\"inLanguage\":\"es\",\"@id\":\"https:\/\/viqtor.eu\/metaverse-fashion-week-dans-decentraland\/#primaryimage\",\"url\":\"https:\/\/viqtor.eu\/wp-content\/uploads\/2023\/04\/shutterstock_1944426163.jpg\",\"contentUrl\":\"https:\/\/viqtor.eu\/wp-content\/uploads\/2023\/04\/shutterstock_1944426163.jpg\",\"width\":500,\"height\":334},{\"@type\":\"BreadcrumbList\",\"@id\":\"https:\/\/viqtor.eu\/metaverse-fashion-week-dans-decentraland\/#breadcrumb\",\"itemListElement\":[{\"@type\":\"ListItem\",\"position\":1,\"name\":\"Accueil\",\"item\":\"https:\/\/viqtor.eu\/\"},{\"@type\":\"ListItem\",\"position\":2,\"name\":\"Metaverse Fashion Week dans Decentraland, l&rsquo;un des mondes virtuels les plus populaires.\"}]},{\"@type\":\"WebSite\",\"@id\":\"https:\/\/viqtor.eu\/#website\",\"url\":\"https:\/\/viqtor.eu\/\",\"name\":\"Viqtor\",\"description\":\"Faites du RGPD une opportunit\u00e9 pour votre entreprise.\",\"publisher\":{\"@id\":\"https:\/\/viqtor.eu\/#organization\"},\"potentialAction\":[{\"@type\":\"SearchAction\",\"target\":{\"@type\":\"EntryPoint\",\"urlTemplate\":\"https:\/\/viqtor.eu\/?s={search_term_string}\"},\"query-input\":{\"@type\":\"PropertyValueSpecification\",\"valueRequired\":true,\"valueName\":\"search_term_string\"}}],\"inLanguage\":\"es\"},{\"@type\":\"Organization\",\"@id\":\"https:\/\/viqtor.eu\/#organization\",\"name\":\"viqtor.eu\",\"url\":\"https:\/\/viqtor.eu\/\",\"logo\":{\"@type\":\"ImageObject\",\"inLanguage\":\"es\",\"@id\":\"https:\/\/viqtor.eu\/#\/schema\/logo\/image\/\",\"url\":\"https:\/\/viqtor.eu\/wp-content\/uploads\/2023\/06\/favicon-noir.svg\",\"contentUrl\":\"https:\/\/viqtor.eu\/wp-content\/uploads\/2023\/06\/favicon-noir.svg\",\"width\":108,\"height\":86,\"caption\":\"viqtor.eu\"},\"image\":{\"@id\":\"https:\/\/viqtor.eu\/#\/schema\/logo\/image\/\"}},{\"@type\":\"Person\",\"@id\":\"https:\/\/viqtor.eu\/#\/schema\/person\/3dbd9cc82a28f6cf1695c92eda0099ad\",\"name\":\"Bruno\",\"image\":{\"@type\":\"ImageObject\",\"inLanguage\":\"es\",\"@id\":\"https:\/\/viqtor.eu\/#\/schema\/person\/image\/\",\"url\":\"https:\/\/secure.gravatar.com\/avatar\/e5a596f9489de15bfe046e97fb771f63589b601ca7e81ccc2bb9a23582f441a3?s=96&d=mm&r=g\",\"contentUrl\":\"https:\/\/secure.gravatar.com\/avatar\/e5a596f9489de15bfe046e97fb771f63589b601ca7e81ccc2bb9a23582f441a3?s=96&d=mm&r=g\",\"caption\":\"Bruno\"},\"sameAs\":[\"https:\/\/exciting-panini.13-37-234-21.plesk.page\"],\"url\":\"https:\/\/viqtor.eu\/es\/author\/mouad_zxum2ebi\/\"}]}<\/script>\n<!-- \/ Yoast SEO plugin. -->","yoast_head_json":{"title":"Metaverse Fashion Week dans Decentraland, l'un des mondes virtuels les plus populaires. - Viqtor","description":"Metaverse Fashion Week dans Decentraland, l'un des mondes virtuels les plus populaires. Veille juridique - Viqtor","robots":{"index":"index","follow":"follow","max-snippet":"max-snippet:-1","max-image-preview":"max-image-preview:large","max-video-preview":"max-video-preview:-1"},"canonical":"https:\/\/viqtor.eu\/es\/metaverse-fashion-week-dans-decentraland\/","og_locale":"es_ES","og_type":"article","og_title":"Metaverse Fashion Week dans Decentraland, l'un des mondes virtuels les plus populaires. - Viqtor","og_description":"Metaverse Fashion Week dans Decentraland, l'un des mondes virtuels les plus populaires. Veille juridique - Viqtor","og_url":"https:\/\/viqtor.eu\/es\/metaverse-fashion-week-dans-decentraland\/","og_site_name":"Viqtor","article_published_time":"2023-04-19T13:18:17+00:00","article_modified_time":"2024-07-26T16:04:19+00:00","og_image":[{"width":500,"height":334,"url":"https:\/\/viqtor.eu\/wp-content\/uploads\/2026\/04\/widget-viqtor.png","type":"image\/jpeg"}],"author":"Bruno","twitter_card":"summary_large_image","twitter_misc":{"Escrito por":"Bruno","Tiempo de lectura":"11 minutos"},"schema":{"@context":"https:\/\/schema.org","@graph":[{"@type":"Article","@id":"https:\/\/viqtor.eu\/metaverse-fashion-week-dans-decentraland\/#article","isPartOf":{"@id":"https:\/\/viqtor.eu\/metaverse-fashion-week-dans-decentraland\/"},"author":{"name":"Bruno","@id":"https:\/\/viqtor.eu\/#\/schema\/person\/3dbd9cc82a28f6cf1695c92eda0099ad"},"headline":"Metaverse Fashion Week dans Decentraland, l&rsquo;un des mondes virtuels les plus populaires.","datePublished":"2023-04-19T13:18:17+00:00","dateModified":"2024-07-26T16:04:19+00:00","mainEntityOfPage":{"@id":"https:\/\/viqtor.eu\/metaverse-fashion-week-dans-decentraland\/"},"wordCount":2428,"publisher":{"@id":"https:\/\/viqtor.eu\/#organization"},"image":{"@id":"https:\/\/viqtor.eu\/metaverse-fashion-week-dans-decentraland\/#primaryimage"},"thumbnailUrl":"https:\/\/viqtor.eu\/wp-content\/uploads\/2023\/04\/shutterstock_1944426163.jpg","articleSection":["Veille juridique"],"inLanguage":"es"},{"@type":"WebPage","@id":"https:\/\/viqtor.eu\/metaverse-fashion-week-dans-decentraland\/","url":"https:\/\/viqtor.eu\/metaverse-fashion-week-dans-decentraland\/","name":"Metaverse Fashion Week dans Decentraland, l'un des mondes virtuels les plus populaires. - Viqtor","isPartOf":{"@id":"https:\/\/viqtor.eu\/#website"},"primaryImageOfPage":{"@id":"https:\/\/viqtor.eu\/metaverse-fashion-week-dans-decentraland\/#primaryimage"},"image":{"@id":"https:\/\/viqtor.eu\/metaverse-fashion-week-dans-decentraland\/#primaryimage"},"thumbnailUrl":"https:\/\/viqtor.eu\/wp-content\/uploads\/2023\/04\/shutterstock_1944426163.jpg","datePublished":"2023-04-19T13:18:17+00:00","dateModified":"2024-07-26T16:04:19+00:00","description":"Metaverse Fashion Week dans Decentraland, l'un des mondes virtuels les plus populaires. Veille juridique - Viqtor","breadcrumb":{"@id":"https:\/\/viqtor.eu\/metaverse-fashion-week-dans-decentraland\/#breadcrumb"},"inLanguage":"es","potentialAction":[{"@type":"ReadAction","target":["https:\/\/viqtor.eu\/metaverse-fashion-week-dans-decentraland\/"]}]},{"@type":"ImageObject","inLanguage":"es","@id":"https:\/\/viqtor.eu\/metaverse-fashion-week-dans-decentraland\/#primaryimage","url":"https:\/\/viqtor.eu\/wp-content\/uploads\/2023\/04\/shutterstock_1944426163.jpg","contentUrl":"https:\/\/viqtor.eu\/wp-content\/uploads\/2023\/04\/shutterstock_1944426163.jpg","width":500,"height":334},{"@type":"BreadcrumbList","@id":"https:\/\/viqtor.eu\/metaverse-fashion-week-dans-decentraland\/#breadcrumb","itemListElement":[{"@type":"ListItem","position":1,"name":"Accueil","item":"https:\/\/viqtor.eu\/"},{"@type":"ListItem","position":2,"name":"Metaverse Fashion Week dans Decentraland, l&rsquo;un des mondes virtuels les plus populaires."}]},{"@type":"WebSite","@id":"https:\/\/viqtor.eu\/#website","url":"https:\/\/viqtor.eu\/","name":"Viqtor","description":"Faites du RGPD une opportunit\u00e9 pour votre entreprise.","publisher":{"@id":"https:\/\/viqtor.eu\/#organization"},"potentialAction":[{"@type":"SearchAction","target":{"@type":"EntryPoint","urlTemplate":"https:\/\/viqtor.eu\/?s={search_term_string}"},"query-input":{"@type":"PropertyValueSpecification","valueRequired":true,"valueName":"search_term_string"}}],"inLanguage":"es"},{"@type":"Organization","@id":"https:\/\/viqtor.eu\/#organization","name":"viqtor.eu","url":"https:\/\/viqtor.eu\/","logo":{"@type":"ImageObject","inLanguage":"es","@id":"https:\/\/viqtor.eu\/#\/schema\/logo\/image\/","url":"https:\/\/viqtor.eu\/wp-content\/uploads\/2023\/06\/favicon-noir.svg","contentUrl":"https:\/\/viqtor.eu\/wp-content\/uploads\/2023\/06\/favicon-noir.svg","width":108,"height":86,"caption":"viqtor.eu"},"image":{"@id":"https:\/\/viqtor.eu\/#\/schema\/logo\/image\/"}},{"@type":"Person","@id":"https:\/\/viqtor.eu\/#\/schema\/person\/3dbd9cc82a28f6cf1695c92eda0099ad","name":"Bruno","image":{"@type":"ImageObject","inLanguage":"es","@id":"https:\/\/viqtor.eu\/#\/schema\/person\/image\/","url":"https:\/\/secure.gravatar.com\/avatar\/e5a596f9489de15bfe046e97fb771f63589b601ca7e81ccc2bb9a23582f441a3?s=96&d=mm&r=g","contentUrl":"https:\/\/secure.gravatar.com\/avatar\/e5a596f9489de15bfe046e97fb771f63589b601ca7e81ccc2bb9a23582f441a3?s=96&d=mm&r=g","caption":"Bruno"},"sameAs":["https:\/\/exciting-panini.13-37-234-21.plesk.page"],"url":"https:\/\/viqtor.eu\/es\/author\/mouad_zxum2ebi\/"}]}},"_links":{"self":[{"href":"https:\/\/viqtor.eu\/es\/wp-json\/wp\/v2\/posts\/5493","targetHints":{"allow":["GET"]}}],"collection":[{"href":"https:\/\/viqtor.eu\/es\/wp-json\/wp\/v2\/posts"}],"about":[{"href":"https:\/\/viqtor.eu\/es\/wp-json\/wp\/v2\/types\/post"}],"author":[{"embeddable":true,"href":"https:\/\/viqtor.eu\/es\/wp-json\/wp\/v2\/users\/1"}],"replies":[{"embeddable":true,"href":"https:\/\/viqtor.eu\/es\/wp-json\/wp\/v2\/comments?post=5493"}],"version-history":[{"count":8,"href":"https:\/\/viqtor.eu\/es\/wp-json\/wp\/v2\/posts\/5493\/revisions"}],"predecessor-version":[{"id":12028,"href":"https:\/\/viqtor.eu\/es\/wp-json\/wp\/v2\/posts\/5493\/revisions\/12028"}],"wp:featuredmedia":[{"embeddable":true,"href":"https:\/\/viqtor.eu\/es\/wp-json\/wp\/v2\/media\/5659"}],"wp:attachment":[{"href":"https:\/\/viqtor.eu\/es\/wp-json\/wp\/v2\/media?parent=5493"}],"wp:term":[{"taxonomy":"category","embeddable":true,"href":"https:\/\/viqtor.eu\/es\/wp-json\/wp\/v2\/categories?post=5493"},{"taxonomy":"post_tag","embeddable":true,"href":"https:\/\/viqtor.eu\/es\/wp-json\/wp\/v2\/tags?post=5493"}],"curies":[{"name":"wp","href":"https:\/\/api.w.org\/{rel}","templated":true}]}}