{"id":5324,"date":"2023-04-18T12:35:59","date_gmt":"2023-04-18T12:35:59","guid":{"rendered":"https:\/\/exciting-panini.13-37-234-21.plesk.page\/?p=5324"},"modified":"2024-07-03T11:18:55","modified_gmt":"2024-07-03T11:18:55","slug":"stopcovid-itineraire-dune-application-controversee","status":"publish","type":"post","link":"https:\/\/viqtor.eu\/es\/stopcovid-itineraire-dune-application-controversee\/","title":{"rendered":"STOPCOVID: El viaje de una aplicaci\u00f3n controvertida"},"content":{"rendered":"<div data-elementor-type=\"wp-post\" data-elementor-id=\"5324\" class=\"elementor elementor-5324\" data-elementor-post-type=\"post\">\n\t\t\t\t\t\t<section class=\"elementor-section elementor-top-section elementor-element elementor-element-c7491d3 ot-traditional elementor-section-boxed elementor-section-height-default elementor-section-height-default\" data-id=\"c7491d3\" data-element_type=\"section\">\n\t\t\t\t\t\t<div class=\"elementor-container elementor-column-gap-default\">\n\t\t\t\t\t<div class=\"elementor-column elementor-col-100 elementor-top-column elementor-element elementor-element-71e7b20 ot-flex-column-vertical\" data-id=\"71e7b20\" data-element_type=\"column\">\n\t\t\t<div class=\"elementor-widget-wrap elementor-element-populated\">\n\t\t\t\t\t\t<div class=\"elementor-element elementor-element-1edab75 elementor-widget elementor-widget-image\" data-id=\"1edab75\" data-element_type=\"widget\" data-widget_type=\"image.default\">\n\t\t\t\t<div class=\"elementor-widget-container\">\n\t\t\t\t\t\t\t\t\t\t\t\t\t<img fetchpriority=\"high\" decoding=\"async\" width=\"1000\" height=\"667\" src=\"https:\/\/viqtor.eu\/wp-content\/uploads\/2023\/04\/STOPCOVID-Itineraire-dune-application-controversee.webp\" class=\"attachment-full size-full wp-image-11737\" alt=\"STOPCOVID\u00a0: Itin\u00e9raire d\u2019une application controvers\u00e9e\" srcset=\"https:\/\/viqtor.eu\/wp-content\/uploads\/2023\/04\/STOPCOVID-Itineraire-dune-application-controversee.webp 1000w, https:\/\/viqtor.eu\/wp-content\/uploads\/2023\/04\/STOPCOVID-Itineraire-dune-application-controversee-300x200.webp 300w, https:\/\/viqtor.eu\/wp-content\/uploads\/2023\/04\/STOPCOVID-Itineraire-dune-application-controversee-768x512.webp 768w, https:\/\/viqtor.eu\/wp-content\/uploads\/2023\/04\/STOPCOVID-Itineraire-dune-application-controversee-720x480.webp 720w\" sizes=\"(max-width: 1000px) 100vw, 1000px\" \/>\t\t\t\t\t\t\t\t\t\t\t\t\t<\/div>\n\t\t\t\t<\/div>\n\t\t\t\t\t<\/div>\n\t\t<\/div>\n\t\t\t\t\t<\/div>\n\t\t<\/section>\n\t\t\t\t<section class=\"elementor-section elementor-top-section elementor-element elementor-element-4d27d9b ot-traditional elementor-section-boxed elementor-section-height-default elementor-section-height-default\" data-id=\"4d27d9b\" data-element_type=\"section\">\n\t\t\t\t\t\t<div class=\"elementor-container elementor-column-gap-default\">\n\t\t\t\t\t<div class=\"elementor-column elementor-col-100 elementor-top-column elementor-element elementor-element-d48b484 ot-flex-column-vertical\" data-id=\"d48b484\" data-element_type=\"column\">\n\t\t\t<div class=\"elementor-widget-wrap elementor-element-populated\">\n\t\t\t\t\t\t<div class=\"elementor-element elementor-element-f33b00d elementor-widget elementor-widget-heading\" data-id=\"f33b00d\" data-element_type=\"widget\" data-widget_type=\"heading.default\">\n\t\t\t\t<div class=\"elementor-widget-container\">\n\t\t\t<h1 class=\"elementor-heading-title elementor-size-default\">STOPCOVID: El viaje de una aplicaci\u00f3n controvertida<\/h1>\t\t<\/div>\n\t\t\t\t<\/div>\n\t\t\t\t\t<\/div>\n\t\t<\/div>\n\t\t\t\t\t<\/div>\n\t\t<\/section>\n\t\t\t\t<section class=\"elementor-section elementor-top-section elementor-element elementor-element-5ec5de8b ot-traditional elementor-section-boxed elementor-section-height-default elementor-section-height-default\" data-id=\"5ec5de8b\" data-element_type=\"section\">\n\t\t\t\t\t\t<div class=\"elementor-container elementor-column-gap-default\">\n\t\t\t\t\t<div class=\"elementor-column elementor-col-100 elementor-top-column elementor-element elementor-element-59d90667 ot-flex-column-vertical\" data-id=\"59d90667\" data-element_type=\"column\">\n\t\t\t<div class=\"elementor-widget-wrap elementor-element-populated\">\n\t\t\t\t\t\t<div class=\"elementor-element elementor-element-29a3a0a5 elementor-widget elementor-widget-text-editor\" data-id=\"29a3a0a5\" data-element_type=\"widget\" data-widget_type=\"text-editor.default\">\n\t\t\t\t<div class=\"elementor-widget-container\">\n\t\t\t\t\t\t\t<!-- wp:paragraph --><!-- \/wp:paragraph --><!-- wp:paragraph -->\n<p><strong>STOPCOVID: El viaje de una aplicaci\u00f3n controvertida<\/strong>No pasa un d\u00eda sin que se aborde la cuesti\u00f3n del &quot;desconfinamiento&quot; de la poblaci\u00f3n, en Francia y en otros lugares, en relaci\u00f3n con el rastreo del virus y de los individuos que lo transmiten.<\/p>\n<!-- \/wp:paragraph --><!-- wp:paragraph -->\n<p>Algunos avances recientes mencionan la creaci\u00f3n de un fichero para rastrear a las personas infectadas, cuyos detalles se someten a la CNIL para su revisi\u00f3n.<\/p>\n<!-- \/wp:paragraph --><!-- wp:paragraph -->\n<p>Los medios de comunicaci\u00f3n tambi\u00e9n informaron de un enfrentamiento entre GAFAM y el gobierno para implementar la aplicaci\u00f3n m\u00e1s virtuosa &quot;stopCovid&quot;.<\/p>\n<!-- \/wp:paragraph --><!-- wp:paragraph -->\n<p>Aunque los debates parlamentarios sobre esta aplicaci\u00f3n est\u00e1n actualmente suspendidos, \u00bfpodemos tener una visi\u00f3n clara de los problemas e impactos de ese monitoreo digital?<\/p>\n<!-- \/wp:paragraph --><!-- wp:paragraph -->\n<p>\u00bfSe trata de una cuesti\u00f3n de soberan\u00eda nacional, de control de datos o, m\u00e1s prosaicamente, de \u201csimples\u201d decisiones t\u00e9cnicas?<\/p>\n<!-- \/wp:paragraph --><!-- wp:paragraph -->\n<p>La pregunta es importante porque no afecta s\u00f3lo a Francia, sino a la mayor\u00eda de los pa\u00edses europeos y a otros estados que intentan gestionar la pandemia.<\/p>\n<!-- \/wp:paragraph --><!-- wp:paragraph -->\n<p>Protocolos y su impacto en el procesamiento de datos<\/p>\n<!-- \/wp:paragraph --><!-- wp:paragraph -->\n<p>El proyecto PEPP-PT (Privacy Preserving Proximity Tracing) fue concebido originalmente para permitir el desarrollo de aplicaciones en Europa de forma armonizada y de conformidad con la ley.<\/p>\n<!-- \/wp:paragraph --><!-- wp:paragraph -->\n<p>El objetivo es informar a una persona de que ha estado en contacto con una persona infectada, bas\u00e1ndose en la tecnolog\u00eda Bluetooth de su tel\u00e9fono inteligente, sin geolocalizarla.<\/p>\n<!-- \/wp:paragraph --><!-- wp:paragraph -->\n<p>Aunque inicialmente el PEPP-PT pareci\u00f3 ganar apoyo, varios cientos de cient\u00edficos se distanciaron y tomaron posici\u00f3n en una carta abierta a favor de un protocolo basado en un enfoque descentralizado como el DP-3T (rastreo de proximidad descentralizado que preserva la privacidad), de modo que los datos permanezcan almacenados localmente: esto ofrecer\u00eda mejores garant\u00edas en t\u00e9rminos de seguridad de los datos y con respecto a los riesgos de apropiaci\u00f3n indebida de datos por parte de terceros o de uso para diferentes fines.<\/p>\n<!-- \/wp:paragraph --><!-- wp:paragraph -->\n<p>Recordemos que la conservaci\u00f3n de datos a nivel local es un principio de proporcionalidad y de Privacidad por Dise\u00f1o planteado en otros contextos como el tratamiento de datos biom\u00e9tricos.<\/p>\n<!-- \/wp:paragraph --><!-- wp:paragraph -->\n<p>\u00a0<\/p>\n<!-- \/wp:paragraph --><!-- wp:paragraph -->\n<p>La CNIL tiene una posici\u00f3n clara sobre este tema, que se puede encontrar en particular en su comunicaci\u00f3n relativa al uso de datos biom\u00e9tricos por parte de tel\u00e9fonos inteligentes o en el lugar de trabajo.\u00a0<\/p>\n<!-- \/wp:paragraph --><!-- wp:paragraph -->\n<p>Las herramientas implementadas por Google y Apple fueron desarrolladas (en particular) con esta perspectiva de almacenamiento local recomendada en el protocolo DP-3T, con el fin de evitar un uso demasiado intrusivo de los datos de las computadoras port\u00e1tiles de los usuarios.<\/p>\n<!-- \/wp:paragraph --><!-- wp:paragraph -->\n<p>El problema radica cuando Francia (e inicialmente Alemania, que luego cambi\u00f3 de opini\u00f3n) desarrolla una aplicaci\u00f3n basada en el protocolo Robert (para ROBust y rastreo de proximidad que respeta la privacidad), que no puede funcionar en base a las funcionalidades propuestas por Apple y Google, con requisitos espec\u00edficos en t\u00e9rminos de Bluetooth y centralizaci\u00f3n de datos (los detalles se explican claramente aqu\u00ed).<\/p>\n<!-- \/wp:paragraph --><!-- wp:paragraph -->\n<p>Esto no significa en s\u00ed que la solicitud francesa viole los principios de protecci\u00f3n de datos: se han proporcionado garant\u00edas (en particular en t\u00e9rminos de seudonimizaci\u00f3n) y la CNIL, al emitir algunas observaciones, ha emitido un dictamen favorable.<\/p>\n<!-- \/wp:paragraph --><!-- wp:paragraph -->\n<p>Pero si Francia toma precauciones, \u00bfcu\u00e1ntos otros pa\u00edses m\u00e1s o menos democr\u00e1ticos aprovechar\u00edan las funciones &quot;a la carta&quot; propuestas por Apple y Google para ejercer una vigilancia mucho m\u00e1s intrusiva sobre sus poblaciones?<\/p>\n<!-- \/wp:paragraph --><!-- wp:paragraph -->\n<p>Esto explica, en parte, la reticencia de los gigantes de la web y el estancamiento actual de la situaci\u00f3n.<\/p>\n<!-- \/wp:paragraph --><!-- wp:paragraph -->\n<p>La Presidencia del Consejo Europeo ha incluido este punto en el orden del d\u00eda de su reuni\u00f3n del 5 de mayo, durante la cual los ministros de Telecomunicaciones de la UE intentar\u00e1n adoptar un enfoque com\u00fan.<\/p>\n<!-- \/wp:paragraph --><!-- wp:paragraph -->\n<p><strong>El marco legal<\/strong><\/p>\n<!-- \/wp:paragraph --><!-- wp:paragraph -->\n<p>M\u00e1s all\u00e1 de estos aspectos t\u00e9cnicos, la gesti\u00f3n de datos de contacto a trav\u00e9s de este tipo de aplicaciones plantea cuestiones comunes de cara a la ley: aclaremos desde el principio que los datos no son an\u00f3nimos sino seudonimizados, lo que da lugar a la aplicaci\u00f3n del RGPD y de los principios de protecci\u00f3n de datos de telecomunicaciones.<\/p>\n<!-- \/wp:paragraph --><!-- wp:paragraph -->\n<p>Adem\u00e1s del car\u00e1cter voluntario del uso de la aplicaci\u00f3n, el gobierno s\u00f3lo puede procesar este tipo de datos sensibles si est\u00e1 autorizado a hacerlo por una base legal espec\u00edfica.<\/p>\n<!-- \/wp:paragraph --><!-- wp:paragraph -->\n<p>Adem\u00e1s, debe garantizarse la transparencia del tratamiento, los datos deben estar protegidos y su eliminaci\u00f3n debe planificarse dentro de plazos estrictos.<\/p>\n<!-- \/wp:paragraph --><!-- wp:paragraph -->\n<p>Ya se trate de la CNIL, el CEPD (grupo de las &quot;CNIL&quot; europeas), el Supervisor Europeo de Protecci\u00f3n de Datos (SEPD) en su audiencia en el Senado el 27 de abril o el Consejo de Europa, las autoridades de control recuerdan que ning\u00fan sistema puede evitar completamente las vulnerabilidades y los riesgos de reidentificaci\u00f3n, ya sea un sistema centralizado o descentralizado.<\/p>\n<!-- \/wp:paragraph --><!-- wp:paragraph -->\n<p>Coinciden en las precauciones que hay que tomar en el dise\u00f1o y utilizaci\u00f3n de las aplicaciones, pero tambi\u00e9n destacan ante todo el car\u00e1cter no trivial de este tipo de herramientas, citando el riesgo de prolongar las situaciones de emergencia y de que la poblaci\u00f3n se acostumbre a una vigilancia latente.\u00a0<\/p>\n<!-- \/wp:paragraph --><!-- wp:paragraph -->\n<p>\u00a0<\/p>\n<!-- \/wp:paragraph --><!-- wp:paragraph -->\n<p>En la misma l\u00ednea, podemos citar a los estudiantes que hoy en d\u00eda tienen que acostumbrarse a las capturas de pantalla peri\u00f3dicas de su terminal por parte de su profesor cuando realizan un examen a distancia, y que eventualmente podr\u00edan encontrar normal este tipo de intrusi\u00f3n en otros contextos.<\/p>\n<!-- \/wp:paragraph --><!-- wp:paragraph -->\n<p>Se trata, pues, sobre todo de no eludir la cuesti\u00f3n fundamental de la necesidad de la medida, de su impacto y de su proporcionalidad frente a las consecuencias sobre los derechos fundamentales de los individuos.<\/p>\n<!-- \/wp:paragraph --><!-- wp:paragraph -->\n<p>Y adem\u00e1s:<\/p>\n<!-- \/wp:paragraph --><!-- wp:list -->\n<ul><!-- wp:list-item -->\n<li><strong>En Francia:<\/strong><\/li>\n<!-- \/wp:list-item --><\/ul>\n<!-- \/wp:list --><!-- wp:paragraph -->\n<p>Adem\u00e1s de un n\u00famero significativo de <strong>Fichas pr\u00e1cticas relacionadas con la gesti\u00f3n de pandemias<\/strong> En el marco de la investigaci\u00f3n cient\u00edfica, las relaciones laborales y el seguimiento de las personas, la CNIL acaba de lanzar una <strong>Consulta p\u00fablica sobre los derechos de los menores en el entorno digital.<\/strong> Estar\u00e1 abierto hasta el 1 de junio de 2020.<\/p>\n<!-- \/wp:paragraph --><!-- wp:list -->\n<ul><!-- wp:list-item -->\n<li><strong>Europa e Internacional:<\/strong><\/li>\n<!-- \/wp:list-item --><\/ul>\n<!-- \/wp:list --><!-- wp:paragraph -->\n<p><strong>El Comit\u00e9 Europeo de Protecci\u00f3n de Datos (CEPD)<\/strong>) adopt\u00f3 varios documentos destinados a orientar a las autoridades p\u00fablicas y a las empresas en el contexto de la gesti\u00f3n de datos en el contexto de la pandemia: se centr\u00f3 en particular en las condiciones de tratamiento de datos con fines de investigaci\u00f3n m\u00e9dica, en las transferencias internacionales de estos datos y en el seguimiento y la localizaci\u00f3n a trav\u00e9s de terminales m\u00f3viles.<\/p>\n<!-- \/wp:paragraph --><!-- wp:paragraph -->\n<p>A nivel internacional, los documentos de todas las autoridades est\u00e1n disponibles en el sitio web de la Asamblea Global de Privacidad.<\/p>\n<!-- \/wp:paragraph --><!-- wp:paragraph -->\n<p><strong>BEUC (Organizaci\u00f3n Europea de Consumidores)<\/strong> comunic\u00f3 el 21 de abril una acci\u00f3n conjunta con m\u00e1s de 40 organizaciones de derechos y libertades de los consumidores con respecto a la vigilancia generalizada por parte de la industria de tecnolog\u00eda publicitaria y el seguimiento digital.<\/p>\n<!-- \/wp:paragraph --><!-- wp:paragraph -->\n<p><strong>B\u00e9lgica <\/strong>:La autoridad de protecci\u00f3n de datos ha impuesto una <strong>Multa de 50.000 \u20ac por violaci\u00f3n del principio de independencia del DPO<\/strong> :la sala de controversias consider\u00f3 entonces que la acumulaci\u00f3n de esta funci\u00f3n con las de director de los departamentos de riesgos, auditor\u00eda y cumplimiento constitu\u00eda un conflicto de intereses.<\/p>\n<!-- \/wp:paragraph --><!-- wp:paragraph -->\n<p><strong>Pa\u00edses Bajos: <\/strong>La Autoridad de Supervisi\u00f3n Holandesa impuso su multa m\u00e1s alta a finales de abril, que asciende a <strong>725 000 \u20ac,<\/strong> contra una empresa que procesaba<strong> huellas dactilares de sus empleados sin justificaci\u00f3n real <\/strong>en t\u00e9rminos de seguridad.<\/p>\n<!-- \/wp:paragraph --><!-- wp:paragraph -->\n<p><em>Anne Christine Lacoste<\/em><\/p>\n<!-- \/wp:paragraph --><!-- wp:paragraph -->\n<p><em>Abogada especializada en derecho de datos, fue Responsable de Relaciones Internacionales del Supervisor Europeo de Protecci\u00f3n de Datos y trabaj\u00f3 en la implementaci\u00f3n del RGPD en la Uni\u00f3n Europea.<\/em><\/p>\n<!-- \/wp:paragraph --><!-- wp:image {\"id\":5325,\"sizeSlug\":\"full\",\"linkDestination\":\"none\"} -->\n<figure class=\"wp-block-image size-full\"><img decoding=\"async\" width=\"479\" height=\"551\" class=\"wp-image-5325\" src=\"https:\/\/exciting-panini.13-37-234-21.plesk.page\/wp-content\/uploads\/2023\/04\/image.png\" alt=\"\" srcset=\"https:\/\/viqtor.eu\/wp-content\/uploads\/2023\/04\/image.png 479w, https:\/\/viqtor.eu\/wp-content\/uploads\/2023\/04\/image-261x300.png 261w\" sizes=\"(max-width: 479px) 100vw, 479px\" \/><\/figure>\n<!-- \/wp:image --><!-- wp:paragraph -->\n<p><em>Como parte de la expansi\u00f3n del teletrabajo, la autoridad tambi\u00e9n ha realizado una comparaci\u00f3n muy detallada de los principales sistemas de videoconferencia en materia de protecci\u00f3n de datos. Solo la versi\u00f3n en neerland\u00e9s est\u00e1 disponible en l\u00ednea, por lo que adjuntamos la traducci\u00f3n completa no oficial al ingl\u00e9s (gracias a Christopher Schmidt). Tambi\u00e9n cabe a\u00f1adir a esta lista la soluci\u00f3n Tixeo, mencionada por la CNIL en sus recomendaciones sobre videoconferencia y certificada por la ANSSI.<\/em><\/p>\n<!-- \/wp:paragraph -->\t\t\t\t\t\t<\/div>\n\t\t\t\t<\/div>\n\t\t\t\t\t<\/div>\n\t\t<\/div>\n\t\t\t\t\t<\/div>\n\t\t<\/section>\n\t\t\t\t<section class=\"elementor-section elementor-top-section elementor-element elementor-element-58ffbb3 ot-traditional elementor-section-boxed elementor-section-height-default elementor-section-height-default\" data-id=\"58ffbb3\" data-element_type=\"section\">\n\t\t\t\t\t\t<div class=\"elementor-container elementor-column-gap-default\">\n\t\t\t\t\t<div class=\"elementor-column elementor-col-100 elementor-top-column elementor-element elementor-element-33e3bcd ot-flex-column-vertical\" data-id=\"33e3bcd\" data-element_type=\"column\">\n\t\t\t<div class=\"elementor-widget-wrap elementor-element-populated\">\n\t\t\t\t\t\t<div class=\"elementor-element elementor-element-b16053b elementor-align-center elementor-widget elementor-widget-button\" data-id=\"b16053b\" data-element_type=\"widget\" data-widget_type=\"button.default\">\n\t\t\t\t<div class=\"elementor-widget-container\">\n\t\t\t\t\t<div class=\"elementor-button-wrapper\">\n\t\t\t<a class=\"elementor-button elementor-button-link elementor-size-lg\" href=\"https:\/\/app.viqtor.eu\/\">\n\t\t\t\t\t\t<span class=\"elementor-button-content-wrapper\">\n\t\t\t\t\t\t<span class=\"elementor-button-icon\">\n\t\t\t\t<i aria-hidden=\"true\" class=\"fas fa-long-arrow-alt-right\"><\/i>\t\t\t<\/span>\n\t\t\t\t\t\t\t\t\t<span class=\"elementor-button-text\">Descubra Viqtor\u00ae<\/span>\n\t\t\t\t\t<\/span>\n\t\t\t\t\t<\/a>\n\t\t<\/div>\n\t\t\t\t<\/div>\n\t\t\t\t<\/div>\n\t\t\t\t\t<\/div>\n\t\t<\/div>\n\t\t\t\t\t<\/div>\n\t\t<\/section>\n\t\t\t\t<\/div>","protected":false},"excerpt":{"rendered":"<p>STOPCOVID: El camino de una aplicaci\u00f3n controvertida. No pasa un d\u00eda sin que se aborde el tema del &quot;desconfinamiento&quot; de la poblaci\u00f3n, tanto en Francia como en otros lugares, en relaci\u00f3n con el rastreo del virus y sus transmisores. Acontecimientos recientes mencionan la creaci\u00f3n de un archivo [\u2026]<\/p>","protected":false},"author":1,"featured_media":5742,"comment_status":"closed","ping_status":"open","sticky":false,"template":"elementor_header_footer","format":"standard","meta":{"_acf_changed":false,"footnotes":""},"categories":[35],"tags":[],"class_list":["post-5324","post","type-post","status-publish","format-standard","has-post-thumbnail","hentry","category-veille-juridique"],"acf":[],"yoast_head":"<!-- This site is optimized with the Yoast SEO plugin v23.6 - https:\/\/yoast.com\/wordpress\/plugins\/seo\/ -->\n<title>STOPCOVID\u00a0: Itin\u00e9raire d\u2019une application controvers\u00e9e - Viqtor<\/title>\n<meta name=\"description\" content=\"STOPCOVID\u00a0: Itin\u00e9raire d\u2019une application controvers\u00e9e Veille juridique - Viqtor\" \/>\n<meta name=\"robots\" content=\"index, follow, max-snippet:-1, max-image-preview:large, max-video-preview:-1\" \/>\n<link rel=\"canonical\" href=\"https:\/\/viqtor.eu\/es\/stopcovid-itineraire-dune-application-controversee\/\" \/>\n<meta property=\"og:locale\" content=\"es_ES\" \/>\n<meta property=\"og:type\" content=\"article\" \/>\n<meta property=\"og:title\" content=\"STOPCOVID\u00a0: Itin\u00e9raire d\u2019une application controvers\u00e9e - Viqtor\" \/>\n<meta property=\"og:description\" content=\"STOPCOVID\u00a0: Itin\u00e9raire d\u2019une application controvers\u00e9e Veille juridique - Viqtor\" \/>\n<meta property=\"og:url\" content=\"https:\/\/viqtor.eu\/es\/stopcovid-itineraire-dune-application-controversee\/\" \/>\n<meta property=\"og:site_name\" content=\"Viqtor\" \/>\n<meta property=\"article:published_time\" content=\"2023-04-18T12:35:59+00:00\" \/>\n<meta property=\"article:modified_time\" content=\"2024-07-03T11:18:55+00:00\" \/>\n<meta property=\"og:image\" content=\"https:\/\/viqtor.eu\/wp-content\/uploads\/2026\/04\/widget-viqtor.png\" \/>\n\t<meta property=\"og:image:width\" content=\"1000\" \/>\n\t<meta property=\"og:image:height\" content=\"667\" \/>\n\t<meta property=\"og:image:type\" content=\"image\/jpeg\" \/>\n<meta name=\"author\" content=\"Bruno\" \/>\n<meta name=\"twitter:card\" content=\"summary_large_image\" \/>\n<meta name=\"twitter:label1\" content=\"Escrito por\" \/>\n\t<meta name=\"twitter:data1\" content=\"Bruno\" \/>\n\t<meta name=\"twitter:label2\" content=\"Tiempo de lectura\" \/>\n\t<meta name=\"twitter:data2\" content=\"7 minutos\" \/>\n<script type=\"application\/ld+json\" class=\"yoast-schema-graph\">{\"@context\":\"https:\/\/schema.org\",\"@graph\":[{\"@type\":\"Article\",\"@id\":\"https:\/\/viqtor.eu\/stopcovid-itineraire-dune-application-controversee\/#article\",\"isPartOf\":{\"@id\":\"https:\/\/viqtor.eu\/stopcovid-itineraire-dune-application-controversee\/\"},\"author\":{\"name\":\"Bruno\",\"@id\":\"https:\/\/viqtor.eu\/#\/schema\/person\/3dbd9cc82a28f6cf1695c92eda0099ad\"},\"headline\":\"STOPCOVID\u00a0: Itin\u00e9raire d\u2019une application controvers\u00e9e\",\"datePublished\":\"2023-04-18T12:35:59+00:00\",\"dateModified\":\"2024-07-03T11:18:55+00:00\",\"mainEntityOfPage\":{\"@id\":\"https:\/\/viqtor.eu\/stopcovid-itineraire-dune-application-controversee\/\"},\"wordCount\":1501,\"publisher\":{\"@id\":\"https:\/\/viqtor.eu\/#organization\"},\"image\":{\"@id\":\"https:\/\/viqtor.eu\/stopcovid-itineraire-dune-application-controversee\/#primaryimage\"},\"thumbnailUrl\":\"https:\/\/viqtor.eu\/wp-content\/uploads\/2023\/04\/shutterstock_1891274599.jpg\",\"articleSection\":[\"Veille juridique\"],\"inLanguage\":\"es\"},{\"@type\":\"WebPage\",\"@id\":\"https:\/\/viqtor.eu\/stopcovid-itineraire-dune-application-controversee\/\",\"url\":\"https:\/\/viqtor.eu\/stopcovid-itineraire-dune-application-controversee\/\",\"name\":\"STOPCOVID\u00a0: Itin\u00e9raire d\u2019une application controvers\u00e9e - Viqtor\",\"isPartOf\":{\"@id\":\"https:\/\/viqtor.eu\/#website\"},\"primaryImageOfPage\":{\"@id\":\"https:\/\/viqtor.eu\/stopcovid-itineraire-dune-application-controversee\/#primaryimage\"},\"image\":{\"@id\":\"https:\/\/viqtor.eu\/stopcovid-itineraire-dune-application-controversee\/#primaryimage\"},\"thumbnailUrl\":\"https:\/\/viqtor.eu\/wp-content\/uploads\/2023\/04\/shutterstock_1891274599.jpg\",\"datePublished\":\"2023-04-18T12:35:59+00:00\",\"dateModified\":\"2024-07-03T11:18:55+00:00\",\"description\":\"STOPCOVID\u00a0: Itin\u00e9raire d\u2019une application controvers\u00e9e Veille juridique - Viqtor\",\"breadcrumb\":{\"@id\":\"https:\/\/viqtor.eu\/stopcovid-itineraire-dune-application-controversee\/#breadcrumb\"},\"inLanguage\":\"es\",\"potentialAction\":[{\"@type\":\"ReadAction\",\"target\":[\"https:\/\/viqtor.eu\/stopcovid-itineraire-dune-application-controversee\/\"]}]},{\"@type\":\"ImageObject\",\"inLanguage\":\"es\",\"@id\":\"https:\/\/viqtor.eu\/stopcovid-itineraire-dune-application-controversee\/#primaryimage\",\"url\":\"https:\/\/viqtor.eu\/wp-content\/uploads\/2023\/04\/shutterstock_1891274599.jpg\",\"contentUrl\":\"https:\/\/viqtor.eu\/wp-content\/uploads\/2023\/04\/shutterstock_1891274599.jpg\",\"width\":1000,\"height\":667},{\"@type\":\"BreadcrumbList\",\"@id\":\"https:\/\/viqtor.eu\/stopcovid-itineraire-dune-application-controversee\/#breadcrumb\",\"itemListElement\":[{\"@type\":\"ListItem\",\"position\":1,\"name\":\"Accueil\",\"item\":\"https:\/\/viqtor.eu\/\"},{\"@type\":\"ListItem\",\"position\":2,\"name\":\"STOPCOVID\u00a0: Itin\u00e9raire d\u2019une application controvers\u00e9e\"}]},{\"@type\":\"WebSite\",\"@id\":\"https:\/\/viqtor.eu\/#website\",\"url\":\"https:\/\/viqtor.eu\/\",\"name\":\"Viqtor\",\"description\":\"Faites du RGPD une opportunit\u00e9 pour votre entreprise.\",\"publisher\":{\"@id\":\"https:\/\/viqtor.eu\/#organization\"},\"potentialAction\":[{\"@type\":\"SearchAction\",\"target\":{\"@type\":\"EntryPoint\",\"urlTemplate\":\"https:\/\/viqtor.eu\/?s={search_term_string}\"},\"query-input\":{\"@type\":\"PropertyValueSpecification\",\"valueRequired\":true,\"valueName\":\"search_term_string\"}}],\"inLanguage\":\"es\"},{\"@type\":\"Organization\",\"@id\":\"https:\/\/viqtor.eu\/#organization\",\"name\":\"viqtor.eu\",\"url\":\"https:\/\/viqtor.eu\/\",\"logo\":{\"@type\":\"ImageObject\",\"inLanguage\":\"es\",\"@id\":\"https:\/\/viqtor.eu\/#\/schema\/logo\/image\/\",\"url\":\"https:\/\/viqtor.eu\/wp-content\/uploads\/2023\/06\/favicon-noir.svg\",\"contentUrl\":\"https:\/\/viqtor.eu\/wp-content\/uploads\/2023\/06\/favicon-noir.svg\",\"width\":108,\"height\":86,\"caption\":\"viqtor.eu\"},\"image\":{\"@id\":\"https:\/\/viqtor.eu\/#\/schema\/logo\/image\/\"}},{\"@type\":\"Person\",\"@id\":\"https:\/\/viqtor.eu\/#\/schema\/person\/3dbd9cc82a28f6cf1695c92eda0099ad\",\"name\":\"Bruno\",\"image\":{\"@type\":\"ImageObject\",\"inLanguage\":\"es\",\"@id\":\"https:\/\/viqtor.eu\/#\/schema\/person\/image\/\",\"url\":\"https:\/\/secure.gravatar.com\/avatar\/e5a596f9489de15bfe046e97fb771f63589b601ca7e81ccc2bb9a23582f441a3?s=96&d=mm&r=g\",\"contentUrl\":\"https:\/\/secure.gravatar.com\/avatar\/e5a596f9489de15bfe046e97fb771f63589b601ca7e81ccc2bb9a23582f441a3?s=96&d=mm&r=g\",\"caption\":\"Bruno\"},\"sameAs\":[\"https:\/\/exciting-panini.13-37-234-21.plesk.page\"],\"url\":\"https:\/\/viqtor.eu\/es\/author\/mouad_zxum2ebi\/\"}]}<\/script>\n<!-- \/ Yoast SEO plugin. -->","yoast_head_json":{"title":"STOPCOVID\u00a0: Itin\u00e9raire d\u2019une application controvers\u00e9e - Viqtor","description":"STOPCOVID\u00a0: Itin\u00e9raire d\u2019une application controvers\u00e9e Veille juridique - Viqtor","robots":{"index":"index","follow":"follow","max-snippet":"max-snippet:-1","max-image-preview":"max-image-preview:large","max-video-preview":"max-video-preview:-1"},"canonical":"https:\/\/viqtor.eu\/es\/stopcovid-itineraire-dune-application-controversee\/","og_locale":"es_ES","og_type":"article","og_title":"STOPCOVID\u00a0: Itin\u00e9raire d\u2019une application controvers\u00e9e - Viqtor","og_description":"STOPCOVID\u00a0: Itin\u00e9raire d\u2019une application controvers\u00e9e Veille juridique - Viqtor","og_url":"https:\/\/viqtor.eu\/es\/stopcovid-itineraire-dune-application-controversee\/","og_site_name":"Viqtor","article_published_time":"2023-04-18T12:35:59+00:00","article_modified_time":"2024-07-03T11:18:55+00:00","og_image":[{"width":1000,"height":667,"url":"https:\/\/viqtor.eu\/wp-content\/uploads\/2026\/04\/widget-viqtor.png","type":"image\/jpeg"}],"author":"Bruno","twitter_card":"summary_large_image","twitter_misc":{"Escrito por":"Bruno","Tiempo de lectura":"7 minutos"},"schema":{"@context":"https:\/\/schema.org","@graph":[{"@type":"Article","@id":"https:\/\/viqtor.eu\/stopcovid-itineraire-dune-application-controversee\/#article","isPartOf":{"@id":"https:\/\/viqtor.eu\/stopcovid-itineraire-dune-application-controversee\/"},"author":{"name":"Bruno","@id":"https:\/\/viqtor.eu\/#\/schema\/person\/3dbd9cc82a28f6cf1695c92eda0099ad"},"headline":"STOPCOVID\u00a0: Itin\u00e9raire d\u2019une application controvers\u00e9e","datePublished":"2023-04-18T12:35:59+00:00","dateModified":"2024-07-03T11:18:55+00:00","mainEntityOfPage":{"@id":"https:\/\/viqtor.eu\/stopcovid-itineraire-dune-application-controversee\/"},"wordCount":1501,"publisher":{"@id":"https:\/\/viqtor.eu\/#organization"},"image":{"@id":"https:\/\/viqtor.eu\/stopcovid-itineraire-dune-application-controversee\/#primaryimage"},"thumbnailUrl":"https:\/\/viqtor.eu\/wp-content\/uploads\/2023\/04\/shutterstock_1891274599.jpg","articleSection":["Veille juridique"],"inLanguage":"es"},{"@type":"WebPage","@id":"https:\/\/viqtor.eu\/stopcovid-itineraire-dune-application-controversee\/","url":"https:\/\/viqtor.eu\/stopcovid-itineraire-dune-application-controversee\/","name":"STOPCOVID\u00a0: Itin\u00e9raire d\u2019une application controvers\u00e9e - Viqtor","isPartOf":{"@id":"https:\/\/viqtor.eu\/#website"},"primaryImageOfPage":{"@id":"https:\/\/viqtor.eu\/stopcovid-itineraire-dune-application-controversee\/#primaryimage"},"image":{"@id":"https:\/\/viqtor.eu\/stopcovid-itineraire-dune-application-controversee\/#primaryimage"},"thumbnailUrl":"https:\/\/viqtor.eu\/wp-content\/uploads\/2023\/04\/shutterstock_1891274599.jpg","datePublished":"2023-04-18T12:35:59+00:00","dateModified":"2024-07-03T11:18:55+00:00","description":"STOPCOVID\u00a0: Itin\u00e9raire d\u2019une application controvers\u00e9e Veille juridique - Viqtor","breadcrumb":{"@id":"https:\/\/viqtor.eu\/stopcovid-itineraire-dune-application-controversee\/#breadcrumb"},"inLanguage":"es","potentialAction":[{"@type":"ReadAction","target":["https:\/\/viqtor.eu\/stopcovid-itineraire-dune-application-controversee\/"]}]},{"@type":"ImageObject","inLanguage":"es","@id":"https:\/\/viqtor.eu\/stopcovid-itineraire-dune-application-controversee\/#primaryimage","url":"https:\/\/viqtor.eu\/wp-content\/uploads\/2023\/04\/shutterstock_1891274599.jpg","contentUrl":"https:\/\/viqtor.eu\/wp-content\/uploads\/2023\/04\/shutterstock_1891274599.jpg","width":1000,"height":667},{"@type":"BreadcrumbList","@id":"https:\/\/viqtor.eu\/stopcovid-itineraire-dune-application-controversee\/#breadcrumb","itemListElement":[{"@type":"ListItem","position":1,"name":"Accueil","item":"https:\/\/viqtor.eu\/"},{"@type":"ListItem","position":2,"name":"STOPCOVID\u00a0: Itin\u00e9raire d\u2019une application controvers\u00e9e"}]},{"@type":"WebSite","@id":"https:\/\/viqtor.eu\/#website","url":"https:\/\/viqtor.eu\/","name":"Viqtor","description":"Faites du RGPD une opportunit\u00e9 pour votre entreprise.","publisher":{"@id":"https:\/\/viqtor.eu\/#organization"},"potentialAction":[{"@type":"SearchAction","target":{"@type":"EntryPoint","urlTemplate":"https:\/\/viqtor.eu\/?s={search_term_string}"},"query-input":{"@type":"PropertyValueSpecification","valueRequired":true,"valueName":"search_term_string"}}],"inLanguage":"es"},{"@type":"Organization","@id":"https:\/\/viqtor.eu\/#organization","name":"viqtor.eu","url":"https:\/\/viqtor.eu\/","logo":{"@type":"ImageObject","inLanguage":"es","@id":"https:\/\/viqtor.eu\/#\/schema\/logo\/image\/","url":"https:\/\/viqtor.eu\/wp-content\/uploads\/2023\/06\/favicon-noir.svg","contentUrl":"https:\/\/viqtor.eu\/wp-content\/uploads\/2023\/06\/favicon-noir.svg","width":108,"height":86,"caption":"viqtor.eu"},"image":{"@id":"https:\/\/viqtor.eu\/#\/schema\/logo\/image\/"}},{"@type":"Person","@id":"https:\/\/viqtor.eu\/#\/schema\/person\/3dbd9cc82a28f6cf1695c92eda0099ad","name":"Bruno","image":{"@type":"ImageObject","inLanguage":"es","@id":"https:\/\/viqtor.eu\/#\/schema\/person\/image\/","url":"https:\/\/secure.gravatar.com\/avatar\/e5a596f9489de15bfe046e97fb771f63589b601ca7e81ccc2bb9a23582f441a3?s=96&d=mm&r=g","contentUrl":"https:\/\/secure.gravatar.com\/avatar\/e5a596f9489de15bfe046e97fb771f63589b601ca7e81ccc2bb9a23582f441a3?s=96&d=mm&r=g","caption":"Bruno"},"sameAs":["https:\/\/exciting-panini.13-37-234-21.plesk.page"],"url":"https:\/\/viqtor.eu\/es\/author\/mouad_zxum2ebi\/"}]}},"_links":{"self":[{"href":"https:\/\/viqtor.eu\/es\/wp-json\/wp\/v2\/posts\/5324","targetHints":{"allow":["GET"]}}],"collection":[{"href":"https:\/\/viqtor.eu\/es\/wp-json\/wp\/v2\/posts"}],"about":[{"href":"https:\/\/viqtor.eu\/es\/wp-json\/wp\/v2\/types\/post"}],"author":[{"embeddable":true,"href":"https:\/\/viqtor.eu\/es\/wp-json\/wp\/v2\/users\/1"}],"replies":[{"embeddable":true,"href":"https:\/\/viqtor.eu\/es\/wp-json\/wp\/v2\/comments?post=5324"}],"version-history":[{"count":6,"href":"https:\/\/viqtor.eu\/es\/wp-json\/wp\/v2\/posts\/5324\/revisions"}],"predecessor-version":[{"id":11740,"href":"https:\/\/viqtor.eu\/es\/wp-json\/wp\/v2\/posts\/5324\/revisions\/11740"}],"wp:featuredmedia":[{"embeddable":true,"href":"https:\/\/viqtor.eu\/es\/wp-json\/wp\/v2\/media\/5742"}],"wp:attachment":[{"href":"https:\/\/viqtor.eu\/es\/wp-json\/wp\/v2\/media?parent=5324"}],"wp:term":[{"taxonomy":"category","embeddable":true,"href":"https:\/\/viqtor.eu\/es\/wp-json\/wp\/v2\/categories?post=5324"},{"taxonomy":"post_tag","embeddable":true,"href":"https:\/\/viqtor.eu\/es\/wp-json\/wp\/v2\/tags?post=5324"}],"curies":[{"name":"wp","href":"https:\/\/api.w.org\/{rel}","templated":true}]}}