{"id":5331,"date":"2023-04-18T12:50:39","date_gmt":"2023-04-18T12:50:39","guid":{"rendered":"https:\/\/exciting-panini.13-37-234-21.plesk.page\/?p=5331"},"modified":"2024-07-03T11:56:01","modified_gmt":"2024-07-03T11:56:01","slug":"donnees-de-sante-des-employes-quelle-gestion-en-temps-de-covid-19","status":"publish","type":"post","link":"https:\/\/viqtor.eu\/en\/donnees-de-sante-des-employes-quelle-gestion-en-temps-de-covid-19\/","title":{"rendered":"Employee health data: how to manage it during COVID-19?"},"content":{"rendered":"<div data-elementor-type=\"wp-post\" data-elementor-id=\"5331\" class=\"elementor elementor-5331\" data-elementor-post-type=\"post\">\n\t\t\t\t\t\t<section class=\"elementor-section elementor-top-section elementor-element elementor-element-1f849b0 ot-traditional elementor-section-boxed elementor-section-height-default elementor-section-height-default\" data-id=\"1f849b0\" data-element_type=\"section\">\n\t\t\t\t\t\t<div class=\"elementor-container elementor-column-gap-default\">\n\t\t\t\t\t<div class=\"elementor-column elementor-col-100 elementor-top-column elementor-element elementor-element-9fc9581 ot-flex-column-vertical\" data-id=\"9fc9581\" data-element_type=\"column\">\n\t\t\t<div class=\"elementor-widget-wrap elementor-element-populated\">\n\t\t\t\t\t\t<div class=\"elementor-element elementor-element-58c29fb elementor-widget elementor-widget-image\" data-id=\"58c29fb\" data-element_type=\"widget\" data-widget_type=\"image.default\">\n\t\t\t\t<div class=\"elementor-widget-container\">\n\t\t\t\t\t\t\t\t\t\t\t\t\t<img fetchpriority=\"high\" decoding=\"async\" width=\"1000\" height=\"667\" src=\"https:\/\/viqtor.eu\/wp-content\/uploads\/2023\/04\/Donnees-de-sante-des-employes-quelle-gestion-en-temps-de-COVID-19.webp\" class=\"attachment-full size-full wp-image-11758\" alt=\"Donn\u00e9es de sant\u00e9 des employ\u00e9s : quelle gestion en temps de COVID-19 ?\" srcset=\"https:\/\/viqtor.eu\/wp-content\/uploads\/2023\/04\/Donnees-de-sante-des-employes-quelle-gestion-en-temps-de-COVID-19.webp 1000w, https:\/\/viqtor.eu\/wp-content\/uploads\/2023\/04\/Donnees-de-sante-des-employes-quelle-gestion-en-temps-de-COVID-19-300x200.webp 300w, https:\/\/viqtor.eu\/wp-content\/uploads\/2023\/04\/Donnees-de-sante-des-employes-quelle-gestion-en-temps-de-COVID-19-768x512.webp 768w, https:\/\/viqtor.eu\/wp-content\/uploads\/2023\/04\/Donnees-de-sante-des-employes-quelle-gestion-en-temps-de-COVID-19-720x480.webp 720w\" sizes=\"(max-width: 1000px) 100vw, 1000px\" \/>\t\t\t\t\t\t\t\t\t\t\t\t\t<\/div>\n\t\t\t\t<\/div>\n\t\t\t\t\t<\/div>\n\t\t<\/div>\n\t\t\t\t\t<\/div>\n\t\t<\/section>\n\t\t\t\t<section class=\"elementor-section elementor-top-section elementor-element elementor-element-f485283 ot-traditional elementor-section-boxed elementor-section-height-default elementor-section-height-default\" data-id=\"f485283\" data-element_type=\"section\">\n\t\t\t\t\t\t<div class=\"elementor-container elementor-column-gap-default\">\n\t\t\t\t\t<div class=\"elementor-column elementor-col-100 elementor-top-column elementor-element elementor-element-166f010 ot-flex-column-vertical\" data-id=\"166f010\" data-element_type=\"column\">\n\t\t\t<div class=\"elementor-widget-wrap elementor-element-populated\">\n\t\t\t\t\t\t<div class=\"elementor-element elementor-element-639d530 elementor-widget elementor-widget-heading\" data-id=\"639d530\" data-element_type=\"widget\" data-widget_type=\"heading.default\">\n\t\t\t\t<div class=\"elementor-widget-container\">\n\t\t\t<h1 class=\"elementor-heading-title elementor-size-default\">Employee health data: how to manage it during COVID-19?<\/h1>\t\t<\/div>\n\t\t\t\t<\/div>\n\t\t\t\t\t<\/div>\n\t\t<\/div>\n\t\t\t\t\t<\/div>\n\t\t<\/section>\n\t\t\t\t<section class=\"elementor-section elementor-top-section elementor-element elementor-element-d708764 ot-traditional elementor-section-boxed elementor-section-height-default elementor-section-height-default\" data-id=\"d708764\" data-element_type=\"section\">\n\t\t\t\t\t\t<div class=\"elementor-container elementor-column-gap-default\">\n\t\t\t\t\t<div class=\"elementor-column elementor-col-100 elementor-top-column elementor-element elementor-element-57c4c39b ot-flex-column-vertical\" data-id=\"57c4c39b\" data-element_type=\"column\">\n\t\t\t<div class=\"elementor-widget-wrap elementor-element-populated\">\n\t\t\t\t\t\t<div class=\"elementor-element elementor-element-71f77254 elementor-widget elementor-widget-text-editor\" data-id=\"71f77254\" data-element_type=\"widget\" data-widget_type=\"text-editor.default\">\n\t\t\t\t<div class=\"elementor-widget-container\">\n\t\t\t\t\t\t\t<!-- wp:paragraph -->\n<p><strong>Employee health data: how to manage it during COVID-19?<\/strong> Among the challenges our societies are facing in the context of the health crisis, the one facing employers is not the least.<\/p>\n<!-- \/wp:paragraph --><!-- wp:paragraph -->\n<p>In addition to the working conditions that must be adapted, there is the question of the data that can or even must be collected and processed within the framework of the employment relationship.<\/p>\n<!-- \/wp:paragraph --><!-- wp:paragraph -->\n<p>The employer finds himself, on the one hand, subject to <strong>the legal obligation to preserve health<\/strong> of its employees, while on the other hand health data is considered by law as <strong>sensitive data<\/strong>, the processing conditions of which are strictly regulated.<\/p>\n<!-- \/wp:paragraph --><!-- wp:paragraph -->\n<p>The recent reminder from the CNIL on the framework to be respected and on the concrete measures which can be implemented in the workplace is therefore welcome.<\/p>\n<!-- \/wp:paragraph --><!-- wp:paragraph -->\n<p>The following elements are retained:<\/p>\n<!-- \/wp:paragraph --><!-- wp:paragraph -->\n<p>Although the processing of health data is in principle prohibited, it remains possible under certain conditions depending on the purposes pursued.<\/p>\n<!-- \/wp:paragraph --><!-- wp:paragraph -->\n<p>Thus, in the context of the pandemic, the employer can validly:<\/p>\n<!-- \/wp:paragraph --><!-- wp:list -->\n<ul><!-- wp:list-item -->\n<li>Inform your employees of the barrier measures, provide them with all necessary protective equipment, and remind them of the obligation to inform them or to inform the competent health authorities in the event of contamination or suspicion of contamination, for the sole purpose of enabling them to adapt working conditions (teleworking for example).<\/li>\n<!-- \/wp:list-item --><\/ul>\n<!-- \/wp:list --><!-- wp:list -->\n<ul><!-- wp:list-item -->\n<li>Facilitate the transmission of information by setting up, where necessary, dedicated and secure channels<\/li>\n<!-- \/wp:list-item --><\/ul>\n<!-- \/wp:list --><!-- wp:list -->\n<ul><!-- wp:list-item -->\n<li>Promote remote working methods and encourage the use of occupational medicine.<\/li>\n<!-- \/wp:list-item --><\/ul>\n<!-- \/wp:list --><!-- wp:list -->\n<ul><!-- wp:list-item -->\n<li>As part of the implementation of a Business Continuity Plan to protect the safety of employees and identify essential activities that must be maintained, create a nominative file for the development and maintenance of the plan, limited to the data necessary to achieve this objective.<\/li>\n<!-- \/wp:list-item --><\/ul>\n<!-- \/wp:list --><!-- wp:paragraph -->\n<p>The employer can only access certain restricted information in order to take the required organizational measures, while data more directly concerning health must be processed by a health professional.<\/p>\n<!-- \/wp:paragraph --><!-- wp:paragraph -->\n<p>(For example, to extend a quarantine and justify teleworking) and within the framework of occupational health services:<\/p>\n<!-- \/wp:paragraph --><!-- wp:paragraph -->\n<p>The employer is not authorized to carry out a diagnosis of the state of health of each of its employees or to manage itself a system for assessing their vulnerability (for example via a color code).<\/p>\n<!-- \/wp:paragraph --><!-- wp:paragraph -->\n<p>Under the current law, the collection of temperatures electronically or via a thermal camera with data retention, serological tests, and health questionnaires cannot be implemented by the employer. The situation would be different from manual temperature taking without data retention: such a practice does not fall within the scope of the GDPR but may raise other questions of effectiveness.<\/p>\n<!-- \/wp:paragraph --><!-- wp:paragraph -->\n<p>Finally, still due to the sensitive nature of the data processed, the greatest attention must be paid to security measures guaranteeing the confidentiality of the data processed.<\/p>\n<!-- \/wp:paragraph --><!-- wp:paragraph -->\n<p>In summary, the main measures that the employer is authorized to take concern the organization of work, based on data limited to the risks of employee exposure, while the management of data more directly concerning the disease is the direct responsibility of health professionals. Any other requests to employers to report information to the health authorities, or to take specific measures, can be consulted on the Ministry of Labor website.<\/p>\n<!-- \/wp:paragraph --><!-- wp:paragraph -->\n<p><strong>\u2022 And also<\/strong><\/p>\n<!-- \/wp:paragraph --><!-- wp:paragraph -->\n<p><strong>France:<\/strong><\/p>\n<!-- \/wp:paragraph --><!-- wp:list -->\n<ul><!-- wp:list-item -->\n<li>On October 1, the CNIL published the final version of its guidelines regarding the use of cookies and other trackers.<\/li>\n<!-- \/wp:list-item --><\/ul>\n<!-- \/wp:list --><!-- wp:paragraph -->\n<p>It specifies in particular that continuing to browse a website cannot be considered as valid consent to the use of tracers.<\/p>\n<!-- \/wp:paragraph --><!-- wp:paragraph -->\n<p>It also recommends that data controllers include in the consent collection interface not only an &quot;accept all&quot; button but also a &quot;refuse all&quot; button.<\/p>\n<!-- \/wp:paragraph --><!-- wp:list -->\n<ul><!-- wp:list-item -->\n<li>October is Cyber Security Month.<\/li>\n<!-- \/wp:list-item --><\/ul>\n<!-- \/wp:list --><!-- wp:paragraph -->\n<p>In this context, the CNIL and the ANNSSI are publishing a series of recommendations.<\/p>\n<!-- \/wp:paragraph --><!-- wp:paragraph -->\n<p>\u00a0<\/p>\n<!-- \/wp:paragraph --><!-- wp:paragraph -->\n<p>Cyberattacks in recent months have particularly affected the healthcare sector, the industrial sector and local authorities.<\/p>\n<!-- \/wp:paragraph --><!-- wp:paragraph -->\n<p>Individuals are particularly targeted by webcam blackmail, and the CNIL provides advice on how to protect yourself on its website.<\/p>\n<!-- \/wp:paragraph --><!-- wp:paragraph -->\n<p><strong>Europe:<\/strong><\/p>\n<!-- \/wp:paragraph --><!-- wp:list -->\n<ul><!-- wp:list-item -->\n<li>The Council of Europe has published a report on the resilience of data protection principles in the 57 countries that have ratified Convention 108, in light of the measures taken to contain the pandemic.<\/li>\n<!-- \/wp:list-item --><\/ul>\n<!-- \/wp:list --><!-- wp:list -->\n<ul><!-- wp:list-item -->\n<li>The Hamburg supervisory authority fined H&amp;M \u20ac35 million on October 1 for violating the privacy of its employees.<\/li>\n<!-- \/wp:list-item --><\/ul>\n<!-- \/wp:list --><!-- wp:paragraph -->\n<p>The company collected information about its employees&#039; vacations, health status and religion.<\/p>\n<!-- \/wp:paragraph --><!-- wp:paragraph -->\n<p>Numerous measures are currently being implemented by the company to ensure that processing complies with the law.<\/p>\n<!-- \/wp:paragraph --><!-- wp:list -->\n<ul><!-- wp:list-item -->\n<li>Two draft guidelines are available for public consultation on the website of the European Data Protection Board (EDPB).<\/li>\n<!-- \/wp:list-item --><\/ul>\n<!-- \/wp:list --><!-- wp:paragraph -->\n<p>These documents concern, on the one hand, the concepts of data controller and subcontractor, and on the other hand, the targeting of social network users.<\/p>\n<!-- \/wp:paragraph --><!-- wp:list -->\n<ul><!-- wp:list-item -->\n<li>Following the Schrems II ruling of the European Court of Justice, which puts a brake on transatlantic data transfers (see the September editorial on this subject), the European Commission has announced new standard contractual clauses for the end of the year.<\/li>\n<!-- \/wp:list-item --><\/ul>\n<!-- \/wp:list --><!-- wp:paragraph -->\n<p><strong>International :<\/strong><\/p>\n<!-- \/wp:paragraph --><!-- wp:list -->\n<ul><!-- wp:list-item -->\n<li>The development of facial recognition is sparking debate in different parts of the world.<\/li>\n<!-- \/wp:list-item --><\/ul>\n<!-- \/wp:list --><!-- wp:paragraph -->\n<p>In Singapore, the use of facial recognition to access public services is considered by the organization &quot;Privacy International&quot; as an unprecedented intrusion into the privacy of citizens, while in Russia it is its use in public spaces and the entrance halls of private buildings that is causing concern.<\/p>\n<!-- \/wp:paragraph --><!-- wp:list -->\n<ul><!-- wp:list-item -->\n<li>Ethics and artificial intelligence are the subject of an article in the latest newsletter from the Global Privacy Assembly, which brings together CNILs at the international level.<\/li>\n<!-- \/wp:list-item --><\/ul>\n<!-- \/wp:list --><!-- wp:paragraph -->\n<p>It specifically addresses issues related to digital tools used in the health sector, including COVID-19 tracking apps.<\/p>\n<!-- \/wp:paragraph --><!-- wp:paragraph -->\n<p><em>Anne Christine Lacoste<\/em><\/p>\n<!-- \/wp:paragraph --><!-- wp:paragraph -->\n<p><em>Partner at Olivier Weber Avocat, Anne Christine Lacoste is a lawyer specializing in data law; she was Head of International Relations at the European Data Protection Supervisor and worked on the implementation of the GDPR in the European Union.<\/em><\/p>\n<!-- \/wp:paragraph -->\t\t\t\t\t\t<\/div>\n\t\t\t\t<\/div>\n\t\t\t\t\t<\/div>\n\t\t<\/div>\n\t\t\t\t\t<\/div>\n\t\t<\/section>\n\t\t\t\t<section class=\"elementor-section elementor-top-section elementor-element elementor-element-2676fd6 ot-traditional elementor-section-boxed elementor-section-height-default elementor-section-height-default\" data-id=\"2676fd6\" data-element_type=\"section\">\n\t\t\t\t\t\t<div class=\"elementor-container elementor-column-gap-default\">\n\t\t\t\t\t<div class=\"elementor-column elementor-col-100 elementor-top-column elementor-element elementor-element-17030ad ot-flex-column-vertical\" data-id=\"17030ad\" data-element_type=\"column\">\n\t\t\t<div class=\"elementor-widget-wrap elementor-element-populated\">\n\t\t\t\t\t\t<div class=\"elementor-element elementor-element-709c4e8 elementor-align-center elementor-widget elementor-widget-button\" data-id=\"709c4e8\" data-element_type=\"widget\" data-widget_type=\"button.default\">\n\t\t\t\t<div class=\"elementor-widget-container\">\n\t\t\t\t\t<div class=\"elementor-button-wrapper\">\n\t\t\t<a class=\"elementor-button elementor-button-link elementor-size-lg\" href=\"https:\/\/app.viqtor.eu\/\">\n\t\t\t\t\t\t<span class=\"elementor-button-content-wrapper\">\n\t\t\t\t\t\t<span class=\"elementor-button-icon\">\n\t\t\t\t<i aria-hidden=\"true\" class=\"fas fa-long-arrow-alt-right\"><\/i>\t\t\t<\/span>\n\t\t\t\t\t\t\t\t\t<span class=\"elementor-button-text\">Discover Viqtor\u00ae<\/span>\n\t\t\t\t\t<\/span>\n\t\t\t\t\t<\/a>\n\t\t<\/div>\n\t\t\t\t<\/div>\n\t\t\t\t<\/div>\n\t\t\t\t\t<\/div>\n\t\t<\/div>\n\t\t\t\t\t<\/div>\n\t\t<\/section>\n\t\t\t\t<\/div>","protected":false},"excerpt":{"rendered":"<p>Employee Health Data: How to Manage It in Times of COVID-19? Employee Health Data: How to Manage It in Times of COVID-19? Among the challenges our societies are facing during the health crisis, the one facing employers is not the least. In addition to working conditions [\u2026]<\/p>","protected":false},"author":1,"featured_media":5724,"comment_status":"closed","ping_status":"open","sticky":false,"template":"elementor_header_footer","format":"standard","meta":{"_acf_changed":false,"footnotes":""},"categories":[35],"tags":[],"class_list":["post-5331","post","type-post","status-publish","format-standard","has-post-thumbnail","hentry","category-veille-juridique"],"acf":[],"yoast_head":"<!-- This site is optimized with the Yoast SEO plugin v23.6 - https:\/\/yoast.com\/wordpress\/plugins\/seo\/ -->\n<title>Donn\u00e9es de sant\u00e9 des employ\u00e9s : quelle gestion en temps de COVID-19 ? - Viqtor<\/title>\n<meta name=\"description\" content=\"Donn\u00e9es de sant\u00e9 des employ\u00e9s : quelle gestion en temps de COVID-19 ? Veille juridique - Viqtor\" \/>\n<meta name=\"robots\" content=\"index, follow, max-snippet:-1, max-image-preview:large, max-video-preview:-1\" \/>\n<link rel=\"canonical\" href=\"https:\/\/viqtor.eu\/en\/donnees-de-sante-des-employes-quelle-gestion-en-temps-de-covid-19\/\" \/>\n<meta property=\"og:locale\" content=\"en_US\" \/>\n<meta property=\"og:type\" content=\"article\" \/>\n<meta property=\"og:title\" content=\"Donn\u00e9es de sant\u00e9 des employ\u00e9s : quelle gestion en temps de COVID-19 ? - Viqtor\" \/>\n<meta property=\"og:description\" content=\"Donn\u00e9es de sant\u00e9 des employ\u00e9s : quelle gestion en temps de COVID-19 ? Veille juridique - Viqtor\" \/>\n<meta property=\"og:url\" content=\"https:\/\/viqtor.eu\/en\/donnees-de-sante-des-employes-quelle-gestion-en-temps-de-covid-19\/\" \/>\n<meta property=\"og:site_name\" content=\"Viqtor\" \/>\n<meta property=\"article:published_time\" content=\"2023-04-18T12:50:39+00:00\" \/>\n<meta property=\"article:modified_time\" content=\"2024-07-03T11:56:01+00:00\" \/>\n<meta property=\"og:image\" content=\"https:\/\/viqtor.eu\/wp-content\/uploads\/2026\/04\/widget-viqtor.png\" \/>\n\t<meta property=\"og:image:width\" content=\"1000\" \/>\n\t<meta property=\"og:image:height\" content=\"667\" \/>\n\t<meta property=\"og:image:type\" content=\"image\/jpeg\" \/>\n<meta name=\"author\" content=\"Bruno\" \/>\n<meta name=\"twitter:card\" content=\"summary_large_image\" \/>\n<meta name=\"twitter:label1\" content=\"Written by\" \/>\n\t<meta name=\"twitter:data1\" content=\"Bruno\" \/>\n\t<meta name=\"twitter:label2\" content=\"Est. reading time\" \/>\n\t<meta name=\"twitter:data2\" content=\"6 minutes\" \/>\n<script type=\"application\/ld+json\" class=\"yoast-schema-graph\">{\"@context\":\"https:\/\/schema.org\",\"@graph\":[{\"@type\":\"Article\",\"@id\":\"https:\/\/viqtor.eu\/donnees-de-sante-des-employes-quelle-gestion-en-temps-de-covid-19\/#article\",\"isPartOf\":{\"@id\":\"https:\/\/viqtor.eu\/donnees-de-sante-des-employes-quelle-gestion-en-temps-de-covid-19\/\"},\"author\":{\"name\":\"Bruno\",\"@id\":\"https:\/\/viqtor.eu\/#\/schema\/person\/3dbd9cc82a28f6cf1695c92eda0099ad\"},\"headline\":\"Donn\u00e9es de sant\u00e9 des employ\u00e9s : quelle gestion en temps de COVID-19 ?\",\"datePublished\":\"2023-04-18T12:50:39+00:00\",\"dateModified\":\"2024-07-03T11:56:01+00:00\",\"mainEntityOfPage\":{\"@id\":\"https:\/\/viqtor.eu\/donnees-de-sante-des-employes-quelle-gestion-en-temps-de-covid-19\/\"},\"wordCount\":1267,\"publisher\":{\"@id\":\"https:\/\/viqtor.eu\/#organization\"},\"image\":{\"@id\":\"https:\/\/viqtor.eu\/donnees-de-sante-des-employes-quelle-gestion-en-temps-de-covid-19\/#primaryimage\"},\"thumbnailUrl\":\"https:\/\/viqtor.eu\/wp-content\/uploads\/2023\/04\/shutterstock_1671956773.jpg\",\"articleSection\":[\"Veille juridique\"],\"inLanguage\":\"en-US\"},{\"@type\":\"WebPage\",\"@id\":\"https:\/\/viqtor.eu\/donnees-de-sante-des-employes-quelle-gestion-en-temps-de-covid-19\/\",\"url\":\"https:\/\/viqtor.eu\/donnees-de-sante-des-employes-quelle-gestion-en-temps-de-covid-19\/\",\"name\":\"Donn\u00e9es de sant\u00e9 des employ\u00e9s : quelle gestion en temps de COVID-19 ? - Viqtor\",\"isPartOf\":{\"@id\":\"https:\/\/viqtor.eu\/#website\"},\"primaryImageOfPage\":{\"@id\":\"https:\/\/viqtor.eu\/donnees-de-sante-des-employes-quelle-gestion-en-temps-de-covid-19\/#primaryimage\"},\"image\":{\"@id\":\"https:\/\/viqtor.eu\/donnees-de-sante-des-employes-quelle-gestion-en-temps-de-covid-19\/#primaryimage\"},\"thumbnailUrl\":\"https:\/\/viqtor.eu\/wp-content\/uploads\/2023\/04\/shutterstock_1671956773.jpg\",\"datePublished\":\"2023-04-18T12:50:39+00:00\",\"dateModified\":\"2024-07-03T11:56:01+00:00\",\"description\":\"Donn\u00e9es de sant\u00e9 des employ\u00e9s : quelle gestion en temps de COVID-19 ? Veille juridique - Viqtor\",\"breadcrumb\":{\"@id\":\"https:\/\/viqtor.eu\/donnees-de-sante-des-employes-quelle-gestion-en-temps-de-covid-19\/#breadcrumb\"},\"inLanguage\":\"en-US\",\"potentialAction\":[{\"@type\":\"ReadAction\",\"target\":[\"https:\/\/viqtor.eu\/donnees-de-sante-des-employes-quelle-gestion-en-temps-de-covid-19\/\"]}]},{\"@type\":\"ImageObject\",\"inLanguage\":\"en-US\",\"@id\":\"https:\/\/viqtor.eu\/donnees-de-sante-des-employes-quelle-gestion-en-temps-de-covid-19\/#primaryimage\",\"url\":\"https:\/\/viqtor.eu\/wp-content\/uploads\/2023\/04\/shutterstock_1671956773.jpg\",\"contentUrl\":\"https:\/\/viqtor.eu\/wp-content\/uploads\/2023\/04\/shutterstock_1671956773.jpg\",\"width\":1000,\"height\":667},{\"@type\":\"BreadcrumbList\",\"@id\":\"https:\/\/viqtor.eu\/donnees-de-sante-des-employes-quelle-gestion-en-temps-de-covid-19\/#breadcrumb\",\"itemListElement\":[{\"@type\":\"ListItem\",\"position\":1,\"name\":\"Accueil\",\"item\":\"https:\/\/viqtor.eu\/\"},{\"@type\":\"ListItem\",\"position\":2,\"name\":\"Donn\u00e9es de sant\u00e9 des employ\u00e9s : quelle gestion en temps de COVID-19 ?\"}]},{\"@type\":\"WebSite\",\"@id\":\"https:\/\/viqtor.eu\/#website\",\"url\":\"https:\/\/viqtor.eu\/\",\"name\":\"Viqtor\",\"description\":\"Faites du RGPD une opportunit\u00e9 pour votre entreprise.\",\"publisher\":{\"@id\":\"https:\/\/viqtor.eu\/#organization\"},\"potentialAction\":[{\"@type\":\"SearchAction\",\"target\":{\"@type\":\"EntryPoint\",\"urlTemplate\":\"https:\/\/viqtor.eu\/?s={search_term_string}\"},\"query-input\":{\"@type\":\"PropertyValueSpecification\",\"valueRequired\":true,\"valueName\":\"search_term_string\"}}],\"inLanguage\":\"en-US\"},{\"@type\":\"Organization\",\"@id\":\"https:\/\/viqtor.eu\/#organization\",\"name\":\"viqtor.eu\",\"url\":\"https:\/\/viqtor.eu\/\",\"logo\":{\"@type\":\"ImageObject\",\"inLanguage\":\"en-US\",\"@id\":\"https:\/\/viqtor.eu\/#\/schema\/logo\/image\/\",\"url\":\"https:\/\/viqtor.eu\/wp-content\/uploads\/2023\/06\/favicon-noir.svg\",\"contentUrl\":\"https:\/\/viqtor.eu\/wp-content\/uploads\/2023\/06\/favicon-noir.svg\",\"width\":108,\"height\":86,\"caption\":\"viqtor.eu\"},\"image\":{\"@id\":\"https:\/\/viqtor.eu\/#\/schema\/logo\/image\/\"}},{\"@type\":\"Person\",\"@id\":\"https:\/\/viqtor.eu\/#\/schema\/person\/3dbd9cc82a28f6cf1695c92eda0099ad\",\"name\":\"Bruno\",\"image\":{\"@type\":\"ImageObject\",\"inLanguage\":\"en-US\",\"@id\":\"https:\/\/viqtor.eu\/#\/schema\/person\/image\/\",\"url\":\"https:\/\/secure.gravatar.com\/avatar\/e5a596f9489de15bfe046e97fb771f63589b601ca7e81ccc2bb9a23582f441a3?s=96&d=mm&r=g\",\"contentUrl\":\"https:\/\/secure.gravatar.com\/avatar\/e5a596f9489de15bfe046e97fb771f63589b601ca7e81ccc2bb9a23582f441a3?s=96&d=mm&r=g\",\"caption\":\"Bruno\"},\"sameAs\":[\"https:\/\/exciting-panini.13-37-234-21.plesk.page\"],\"url\":\"https:\/\/viqtor.eu\/en\/author\/mouad_zxum2ebi\/\"}]}<\/script>\n<!-- \/ Yoast SEO plugin. -->","yoast_head_json":{"title":"Donn\u00e9es de sant\u00e9 des employ\u00e9s : quelle gestion en temps de COVID-19 ? - Viqtor","description":"Donn\u00e9es de sant\u00e9 des employ\u00e9s : quelle gestion en temps de COVID-19 ? Veille juridique - Viqtor","robots":{"index":"index","follow":"follow","max-snippet":"max-snippet:-1","max-image-preview":"max-image-preview:large","max-video-preview":"max-video-preview:-1"},"canonical":"https:\/\/viqtor.eu\/en\/donnees-de-sante-des-employes-quelle-gestion-en-temps-de-covid-19\/","og_locale":"en_US","og_type":"article","og_title":"Donn\u00e9es de sant\u00e9 des employ\u00e9s : quelle gestion en temps de COVID-19 ? - Viqtor","og_description":"Donn\u00e9es de sant\u00e9 des employ\u00e9s : quelle gestion en temps de COVID-19 ? Veille juridique - Viqtor","og_url":"https:\/\/viqtor.eu\/en\/donnees-de-sante-des-employes-quelle-gestion-en-temps-de-covid-19\/","og_site_name":"Viqtor","article_published_time":"2023-04-18T12:50:39+00:00","article_modified_time":"2024-07-03T11:56:01+00:00","og_image":[{"width":1000,"height":667,"url":"https:\/\/viqtor.eu\/wp-content\/uploads\/2026\/04\/widget-viqtor.png","type":"image\/jpeg"}],"author":"Bruno","twitter_card":"summary_large_image","twitter_misc":{"Written by":"Bruno","Est. reading time":"6 minutes"},"schema":{"@context":"https:\/\/schema.org","@graph":[{"@type":"Article","@id":"https:\/\/viqtor.eu\/donnees-de-sante-des-employes-quelle-gestion-en-temps-de-covid-19\/#article","isPartOf":{"@id":"https:\/\/viqtor.eu\/donnees-de-sante-des-employes-quelle-gestion-en-temps-de-covid-19\/"},"author":{"name":"Bruno","@id":"https:\/\/viqtor.eu\/#\/schema\/person\/3dbd9cc82a28f6cf1695c92eda0099ad"},"headline":"Donn\u00e9es de sant\u00e9 des employ\u00e9s : quelle gestion en temps de COVID-19 ?","datePublished":"2023-04-18T12:50:39+00:00","dateModified":"2024-07-03T11:56:01+00:00","mainEntityOfPage":{"@id":"https:\/\/viqtor.eu\/donnees-de-sante-des-employes-quelle-gestion-en-temps-de-covid-19\/"},"wordCount":1267,"publisher":{"@id":"https:\/\/viqtor.eu\/#organization"},"image":{"@id":"https:\/\/viqtor.eu\/donnees-de-sante-des-employes-quelle-gestion-en-temps-de-covid-19\/#primaryimage"},"thumbnailUrl":"https:\/\/viqtor.eu\/wp-content\/uploads\/2023\/04\/shutterstock_1671956773.jpg","articleSection":["Veille juridique"],"inLanguage":"en-US"},{"@type":"WebPage","@id":"https:\/\/viqtor.eu\/donnees-de-sante-des-employes-quelle-gestion-en-temps-de-covid-19\/","url":"https:\/\/viqtor.eu\/donnees-de-sante-des-employes-quelle-gestion-en-temps-de-covid-19\/","name":"Donn\u00e9es de sant\u00e9 des employ\u00e9s : quelle gestion en temps de COVID-19 ? - Viqtor","isPartOf":{"@id":"https:\/\/viqtor.eu\/#website"},"primaryImageOfPage":{"@id":"https:\/\/viqtor.eu\/donnees-de-sante-des-employes-quelle-gestion-en-temps-de-covid-19\/#primaryimage"},"image":{"@id":"https:\/\/viqtor.eu\/donnees-de-sante-des-employes-quelle-gestion-en-temps-de-covid-19\/#primaryimage"},"thumbnailUrl":"https:\/\/viqtor.eu\/wp-content\/uploads\/2023\/04\/shutterstock_1671956773.jpg","datePublished":"2023-04-18T12:50:39+00:00","dateModified":"2024-07-03T11:56:01+00:00","description":"Donn\u00e9es de sant\u00e9 des employ\u00e9s : quelle gestion en temps de COVID-19 ? Veille juridique - Viqtor","breadcrumb":{"@id":"https:\/\/viqtor.eu\/donnees-de-sante-des-employes-quelle-gestion-en-temps-de-covid-19\/#breadcrumb"},"inLanguage":"en-US","potentialAction":[{"@type":"ReadAction","target":["https:\/\/viqtor.eu\/donnees-de-sante-des-employes-quelle-gestion-en-temps-de-covid-19\/"]}]},{"@type":"ImageObject","inLanguage":"en-US","@id":"https:\/\/viqtor.eu\/donnees-de-sante-des-employes-quelle-gestion-en-temps-de-covid-19\/#primaryimage","url":"https:\/\/viqtor.eu\/wp-content\/uploads\/2023\/04\/shutterstock_1671956773.jpg","contentUrl":"https:\/\/viqtor.eu\/wp-content\/uploads\/2023\/04\/shutterstock_1671956773.jpg","width":1000,"height":667},{"@type":"BreadcrumbList","@id":"https:\/\/viqtor.eu\/donnees-de-sante-des-employes-quelle-gestion-en-temps-de-covid-19\/#breadcrumb","itemListElement":[{"@type":"ListItem","position":1,"name":"Accueil","item":"https:\/\/viqtor.eu\/"},{"@type":"ListItem","position":2,"name":"Donn\u00e9es de sant\u00e9 des employ\u00e9s : quelle gestion en temps de COVID-19 ?"}]},{"@type":"WebSite","@id":"https:\/\/viqtor.eu\/#website","url":"https:\/\/viqtor.eu\/","name":"Viqtor","description":"Faites du RGPD une opportunit\u00e9 pour votre entreprise.","publisher":{"@id":"https:\/\/viqtor.eu\/#organization"},"potentialAction":[{"@type":"SearchAction","target":{"@type":"EntryPoint","urlTemplate":"https:\/\/viqtor.eu\/?s={search_term_string}"},"query-input":{"@type":"PropertyValueSpecification","valueRequired":true,"valueName":"search_term_string"}}],"inLanguage":"en-US"},{"@type":"Organization","@id":"https:\/\/viqtor.eu\/#organization","name":"viqtor.eu","url":"https:\/\/viqtor.eu\/","logo":{"@type":"ImageObject","inLanguage":"en-US","@id":"https:\/\/viqtor.eu\/#\/schema\/logo\/image\/","url":"https:\/\/viqtor.eu\/wp-content\/uploads\/2023\/06\/favicon-noir.svg","contentUrl":"https:\/\/viqtor.eu\/wp-content\/uploads\/2023\/06\/favicon-noir.svg","width":108,"height":86,"caption":"viqtor.eu"},"image":{"@id":"https:\/\/viqtor.eu\/#\/schema\/logo\/image\/"}},{"@type":"Person","@id":"https:\/\/viqtor.eu\/#\/schema\/person\/3dbd9cc82a28f6cf1695c92eda0099ad","name":"Bruno","image":{"@type":"ImageObject","inLanguage":"en-US","@id":"https:\/\/viqtor.eu\/#\/schema\/person\/image\/","url":"https:\/\/secure.gravatar.com\/avatar\/e5a596f9489de15bfe046e97fb771f63589b601ca7e81ccc2bb9a23582f441a3?s=96&d=mm&r=g","contentUrl":"https:\/\/secure.gravatar.com\/avatar\/e5a596f9489de15bfe046e97fb771f63589b601ca7e81ccc2bb9a23582f441a3?s=96&d=mm&r=g","caption":"Bruno"},"sameAs":["https:\/\/exciting-panini.13-37-234-21.plesk.page"],"url":"https:\/\/viqtor.eu\/en\/author\/mouad_zxum2ebi\/"}]}},"_links":{"self":[{"href":"https:\/\/viqtor.eu\/en\/wp-json\/wp\/v2\/posts\/5331","targetHints":{"allow":["GET"]}}],"collection":[{"href":"https:\/\/viqtor.eu\/en\/wp-json\/wp\/v2\/posts"}],"about":[{"href":"https:\/\/viqtor.eu\/en\/wp-json\/wp\/v2\/types\/post"}],"author":[{"embeddable":true,"href":"https:\/\/viqtor.eu\/en\/wp-json\/wp\/v2\/users\/1"}],"replies":[{"embeddable":true,"href":"https:\/\/viqtor.eu\/en\/wp-json\/wp\/v2\/comments?post=5331"}],"version-history":[{"count":11,"href":"https:\/\/viqtor.eu\/en\/wp-json\/wp\/v2\/posts\/5331\/revisions"}],"predecessor-version":[{"id":11768,"href":"https:\/\/viqtor.eu\/en\/wp-json\/wp\/v2\/posts\/5331\/revisions\/11768"}],"wp:featuredmedia":[{"embeddable":true,"href":"https:\/\/viqtor.eu\/en\/wp-json\/wp\/v2\/media\/5724"}],"wp:attachment":[{"href":"https:\/\/viqtor.eu\/en\/wp-json\/wp\/v2\/media?parent=5331"}],"wp:term":[{"taxonomy":"category","embeddable":true,"href":"https:\/\/viqtor.eu\/en\/wp-json\/wp\/v2\/categories?post=5331"},{"taxonomy":"post_tag","embeddable":true,"href":"https:\/\/viqtor.eu\/en\/wp-json\/wp\/v2\/tags?post=5331"}],"curies":[{"name":"wp","href":"https:\/\/api.w.org\/{rel}","templated":true}]}}