{"id":5493,"date":"2023-04-19T13:18:17","date_gmt":"2023-04-19T13:18:17","guid":{"rendered":"https:\/\/exciting-panini.13-37-234-21.plesk.page\/?p=5493"},"modified":"2024-07-26T16:04:19","modified_gmt":"2024-07-26T16:04:19","slug":"metaverse-fashion-week-dans-decentraland","status":"publish","type":"post","link":"https:\/\/viqtor.eu\/de_at\/metaverse-fashion-week-dans-decentraland\/","title":{"rendered":"Metaverse Fashion Week in Decentraland, einer der beliebtesten virtuellen Welten."},"content":{"rendered":"<div data-elementor-type=\"wp-post\" data-elementor-id=\"5493\" class=\"elementor elementor-5493\" data-elementor-post-type=\"post\">\n\t\t\t\t\t\t<section class=\"elementor-section elementor-top-section elementor-element elementor-element-54961bf ot-traditional elementor-section-boxed elementor-section-height-default elementor-section-height-default\" data-id=\"54961bf\" data-element_type=\"section\">\n\t\t\t\t\t\t<div class=\"elementor-container elementor-column-gap-default\">\n\t\t\t\t\t<div class=\"elementor-column elementor-col-100 elementor-top-column elementor-element elementor-element-ec4612d ot-flex-column-vertical\" data-id=\"ec4612d\" data-element_type=\"column\">\n\t\t\t<div class=\"elementor-widget-wrap elementor-element-populated\">\n\t\t\t\t\t\t<div class=\"elementor-element elementor-element-b3e5461 elementor-widget elementor-widget-image\" data-id=\"b3e5461\" data-element_type=\"widget\" data-widget_type=\"image.default\">\n\t\t\t\t<div class=\"elementor-widget-container\">\n\t\t\t\t\t\t\t\t\t\t\t\t\t<img fetchpriority=\"high\" decoding=\"async\" width=\"500\" height=\"334\" src=\"https:\/\/viqtor.eu\/wp-content\/uploads\/2023\/04\/Metaverse-Fashion-Week-dans-Decentraland-lun-des-mondes-virtuels-les-plus-populaires.jpg\" class=\"attachment-full size-full wp-image-12021\" alt=\"Metaverse Fashion Week dans Decentraland, l&#039;un des mondes virtuels les plus populaires.\" srcset=\"https:\/\/viqtor.eu\/wp-content\/uploads\/2023\/04\/Metaverse-Fashion-Week-dans-Decentraland-lun-des-mondes-virtuels-les-plus-populaires.jpg 500w, https:\/\/viqtor.eu\/wp-content\/uploads\/2023\/04\/Metaverse-Fashion-Week-dans-Decentraland-lun-des-mondes-virtuels-les-plus-populaires-300x200.jpg 300w\" sizes=\"(max-width: 500px) 100vw, 500px\" \/>\t\t\t\t\t\t\t\t\t\t\t\t\t<\/div>\n\t\t\t\t<\/div>\n\t\t\t\t\t<\/div>\n\t\t<\/div>\n\t\t\t\t\t<\/div>\n\t\t<\/section>\n\t\t\t\t<section class=\"elementor-section elementor-top-section elementor-element elementor-element-647497d ot-traditional elementor-section-boxed elementor-section-height-default elementor-section-height-default\" data-id=\"647497d\" data-element_type=\"section\">\n\t\t\t\t\t\t<div class=\"elementor-container elementor-column-gap-default\">\n\t\t\t\t\t<div class=\"elementor-column elementor-col-100 elementor-top-column elementor-element elementor-element-a65d641 ot-flex-column-vertical\" data-id=\"a65d641\" data-element_type=\"column\">\n\t\t\t<div class=\"elementor-widget-wrap elementor-element-populated\">\n\t\t\t\t\t\t<div class=\"elementor-element elementor-element-496dcd1 elementor-widget elementor-widget-heading\" data-id=\"496dcd1\" data-element_type=\"widget\" data-widget_type=\"heading.default\">\n\t\t\t\t<div class=\"elementor-widget-container\">\n\t\t\t<h1 class=\"elementor-heading-title elementor-size-default\">Metaverse Fashion Week in Decentraland, einer der beliebtesten virtuellen Welten.<\/h1>\t\t<\/div>\n\t\t\t\t<\/div>\n\t\t\t\t\t<\/div>\n\t\t<\/div>\n\t\t\t\t\t<\/div>\n\t\t<\/section>\n\t\t\t\t<section class=\"elementor-section elementor-top-section elementor-element elementor-element-5571fb82 ot-traditional elementor-section-boxed elementor-section-height-default elementor-section-height-default\" data-id=\"5571fb82\" data-element_type=\"section\">\n\t\t\t\t\t\t<div class=\"elementor-container elementor-column-gap-default\">\n\t\t\t\t\t<div class=\"elementor-column elementor-col-100 elementor-top-column elementor-element elementor-element-5d982d20 ot-flex-column-vertical\" data-id=\"5d982d20\" data-element_type=\"column\">\n\t\t\t<div class=\"elementor-widget-wrap elementor-element-populated\">\n\t\t\t\t\t\t<div class=\"elementor-element elementor-element-387bed9b elementor-widget elementor-widget-text-editor\" data-id=\"387bed9b\" data-element_type=\"widget\" data-widget_type=\"text-editor.default\">\n\t\t\t\t<div class=\"elementor-widget-container\">\n\t\t\t\t\t\t\t<!-- wp:paragraph -->\n<p>Legal Watch Nr. 48 \u2013 <strong>Juni 2022<\/strong><\/p>\n<!-- \/wp:paragraph -->\n\n<!-- wp:paragraph -->\n<p><strong>Sch\u00f6ne neue Welt<\/strong>Im M\u00e4rz 2022 fand die Metaverse Fashion Week in Decentraland statt, einer der beliebtesten virtuellen Welten.<\/p>\n<!-- \/wp:paragraph -->\n\n<!-- wp:paragraph -->\n<p>Ein auf der Spieleplattform Fortnite gestreamtes Online-Konzert zog k\u00fcrzlich 12 Millionen Zuschauer an.<\/p>\n<!-- \/wp:paragraph -->\n\n<!-- wp:paragraph -->\n<p>Heute entwickelt sich eine virtuelle Welt, deren menschliche, wirtschaftliche und soziale Auswirkungen noch nicht vollst\u00e4ndig verstanden sind.<\/p>\n<!-- \/wp:paragraph -->\n\n<!-- wp:paragraph -->\n<p>Der k\u00fcrzlich ver\u00f6ffentlichte Bericht des Europ\u00e4ischen Parlaments zu diesem Thema besagt, dass bis 2026 25 % der Menschen mindestens eine Stunde pro Tag im Metaversum verbringen werden, um zu arbeiten, einzukaufen, sich weiterzubilden, soziale Aktivit\u00e4ten auszu\u00fcben und\/oder sich zu unterhalten.<\/p>\n<!-- \/wp:paragraph -->\n\n<!-- wp:paragraph -->\n<p>Viele kommerzielle Unternehmen haben begonnen, dort eigene Plattformen zu entwickeln, auch wenn ihre Aktivit\u00e4ten nur einen sehr entfernten Bezug zur digitalen Technologie haben.<\/p>\n<!-- \/wp:paragraph -->\n\n<!-- wp:paragraph -->\n<p>Das Metaverse kann als eine immersive, konstante virtuelle 3D-Welt beschrieben werden, in der Menschen \u00fcber einen Avatar interagieren, um Unterhaltung zu genie\u00dfen, Eink\u00e4ufe und Transaktionen zu t\u00e4tigen oder zu arbeiten, ohne ihr Zuhause zu verlassen.<\/p>\n<!-- \/wp:paragraph -->\n\n<!-- wp:paragraph -->\n<p>Das wirtschaftliche Metaverse-\u00d6kosystem nutzt Blockchain- und Kryptow\u00e4hrungstechnologien wie nicht fungible Token (NFTs), um Transaktionen in der digitalen Umgebung zu monetarisieren.<\/p>\n<!-- \/wp:paragraph -->\n\n<!-- wp:paragraph -->\n<p>Diese Entwicklung des Internets wirft viele Fragen auf, insbesondere im Hinblick auf die Anwendung des Gesetzes.<\/p>\n<!-- \/wp:paragraph -->\n\n<!-- wp:paragraph -->\n<p>Wie k\u00f6nnen wir Online-Fusionen und -\u00dcbernahmen, Schikanen, mehr oder weniger legale Transaktionen in Kryptow\u00e4hrungen, die massive Datenerfassung \u00fcber das Verhalten von Personen \u00fcber ihre Avatare oder sogar die Online-\u00dcberwachung von Personen durch die Strafverfolgungsbeh\u00f6rden praktisch regulieren?<\/p>\n<!-- \/wp:paragraph -->\n\n<!-- wp:paragraph -->\n<p>Wie ein k\u00fcrzlich am 20. Mai in der Zeitung \u201eLe Monde\u201c ver\u00f6ffentlichter Artikel hervorhebt und das Europ\u00e4ische Parlament angesichts der beispiellosen Qualit\u00e4t und Quantit\u00e4t der erfassten Daten betont, steht im Zusammenhang mit der DSGVO viel auf dem Spiel.<\/p>\n<!-- \/wp:paragraph -->\n\n<!-- wp:paragraph -->\n<p>Dazu k\u00f6nnen Gesichtsausdr\u00fccke, Gesten oder andere Arten von k\u00f6rperlichen oder emotionalen Reaktionen geh\u00f6ren, die ein Avatar w\u00e4hrend Interaktionen in Echtzeit und unbewusst erzeugen kann.<\/p>\n<!-- \/wp:paragraph -->\n\n<!-- wp:paragraph -->\n<p>Dabei k\u00f6nnen sensible Daten wie biometrische Daten erhoben werden.<\/p>\n<!-- \/wp:paragraph -->\n\n<!-- wp:paragraph -->\n<p>Mithilfe dieser Informationen k\u00f6nnen Unternehmen beispielsweise das Nutzerverhalten besser verstehen und Werbekampagnen gezielter anpassen.<\/p>\n<!-- \/wp:paragraph -->\n\n<!-- wp:paragraph -->\n<p>Werden die bestehenden Regeln an dieses neue Universum angepasst?<\/p>\n<!-- \/wp:paragraph -->\n\n<!-- wp:paragraph -->\n<p>Wie k\u00f6nnen wir die Zustimmung von Einzelpersonen zu einer solchen Datenerfassung einholen und wer ist f\u00fcr die Erfassung verantwortlich, in einer Umgebung, in der es mehrere Rollen gibt und es umso schwieriger ist, den f\u00fcr die Datenverarbeitung Verantwortlichen zu identifizieren?<\/p>\n<!-- \/wp:paragraph -->\n\n<!-- wp:paragraph -->\n<p>Wie lassen sich Interaktionen mit k\u00fcnstlicher Intelligenz, die der Funktionsweise des Metaverse innewohnen, und die daraus resultierenden automatisierten Entscheidungen verwalten?<\/p>\n<!-- \/wp:paragraph -->\n\n<!-- wp:paragraph -->\n<p>Es werden verschiedene Ans\u00e4tze gepr\u00fcft, die nicht nur auf der DSGVO, sondern auch auf den vorgeschlagenen europ\u00e4ischen Vorschriften zu k\u00fcnstlicher Intelligenz und Datenverwaltung basieren.<\/p>\n<!-- \/wp:paragraph -->\n\n<!-- wp:paragraph -->\n<p>Erw\u00e4hnen wir die Rolle von Datenvermittlern, die die Berechtigungen der Benutzer hinsichtlich der Verwendung ihrer Daten zentralisieren k\u00f6nnten.<\/p>\n<!-- \/wp:paragraph -->\n\n<!-- wp:paragraph -->\n<p>Die vorgeschlagene Verordnung zur Datenverwaltung sorgt f\u00fcr den Schutz pers\u00f6nlicher Datenr\u00e4ume bzw. Datenportfolios, indem sie den Datenaustausch reguliert und die Zustimmung des Einzelnen kontrolliert.<\/p>\n<!-- \/wp:paragraph -->\n\n<!-- wp:paragraph -->\n<p>Sofern Vermittler jedoch k\u00fcnstliche Intelligenz bei der Datenverwaltung einsetzen, sind Sicherheitsvorkehrungen erforderlich, um eine missbr\u00e4uchliche Verwendung und einen Missbrauch zu verhindern.<\/p>\n<!-- \/wp:paragraph -->\n\n<!-- wp:paragraph -->\n<p>Es sei daran erinnert, dass diese beiden Verordnungsvorschl\u00e4ge Gegenstand von Kommentaren des Europ\u00e4ischen Datenschutzbeauftragten und des Europ\u00e4ischen Datenschutzausschusses waren. Diese betonen die Einhaltung des Zweckbindungsprinzips bei der Datenverwendung und fordern Ma\u00dfnahmen, die mehr Kontrollen und Garantien f\u00fcr die betroffenen Personen vorsehen, beispielsweise Verhaltenskodizes oder Zertifizierungsmechanismen.<\/p>\n<!-- \/wp:paragraph -->\n\n<!-- wp:paragraph -->\n<p>Auch im Kontext sozialer Netzwerke im Allgemeinen und insbesondere im Metaverse gibt es bei den Beh\u00f6rden Vorbehalte gegen\u00fcber Social Scoring.<\/p>\n<!-- \/wp:paragraph -->\n\n<!-- wp:paragraph -->\n<p>Besondere Aufmerksamkeit sollte auch dem Schutz gef\u00e4hrdeter Gruppen, insbesondere von Kindern, gewidmet werden, um ihr Alter zu \u00fcberpr\u00fcfen und sie davon abzuhalten, ihre personenbezogenen Daten preiszugeben.<\/p>\n<!-- \/wp:paragraph -->\n\n<!-- wp:paragraph -->\n<p>Einige pl\u00e4dieren au\u00dferdem f\u00fcr ein offenes und dezentrales Metaverse, das von den Benutzern selbst in Form dezentraler autonomer Organisationen (DAOs) kontrolliert wird.<\/p>\n<!-- \/wp:paragraph -->\n\n<!-- wp:paragraph -->\n<p>Bei diesem Modelltyp h\u00e4tten die Benutzer im Gegensatz zu einem zentralisierten Gesch\u00e4ftsmodell mehr Kontrolle \u00fcber ihre Daten und deren Freigabe.<\/p>\n<!-- \/wp:paragraph -->\n\n<!-- wp:paragraph -->\n<p>Auch hier w\u00fcrden neben regulatorischen Vorgaben Verhaltenskodizes und Zertifizierungsmechanismen zu mehr Rechtssicherheit beitragen.<\/p>\n<!-- \/wp:paragraph -->\n\n<!-- wp:paragraph -->\n<p>Ein paar Antworten auf viele Fragen...<\/p>\n<!-- \/wp:paragraph -->\n\n<!-- wp:paragraph -->\n<p>Die Anwendung des Gesetzes wird jedenfalls ohne eine st\u00e4rkere Rechenschaftspflicht der betroffenen Akteure nicht m\u00f6glich sein.<\/p>\n<!-- \/wp:paragraph -->\n\n<!-- wp:paragraph -->\n<p><strong>Und auch<\/strong><\/p>\n<!-- \/wp:paragraph -->\n\n<!-- wp:paragraph -->\n<p><strong>Frankreich:<\/strong><\/p>\n<!-- \/wp:paragraph -->\n\n<!-- wp:paragraph -->\n<p><strong>Am 7. Juni ver\u00f6ffentlichte die CNIL Fragen und Antworten zur Verwendung von Google Analytics.<\/strong><\/p>\n<!-- \/wp:paragraph -->\n\n<!-- wp:paragraph -->\n<p>Die Kommission hat mehrere Organisationen zur Einhaltung der DSGVO verpflichtet, da keine der ihr vorgelegten zus\u00e4tzlichen Sicherheitsvorkehrungen ausreichte, um den Zugriff der US-Geheimdienste auf die personenbezogenen Daten europ\u00e4ischer Nutzer zu verhindern.<\/p>\n<!-- \/wp:paragraph -->\n\n<!-- wp:paragraph -->\n<p>Eine L\u00f6sung, die die Verwendung eines Proxys erm\u00f6glicht, um jeglichen direkten Kontakt zwischen dem Endger\u00e4t des Internetnutzers und den Servern des Messtools zu vermeiden, k\u00f6nnte ihrer Ansicht nach m\u00f6glich sein, wenn dieser Server eine Reihe von Kriterien erf\u00fcllt, die den Empfehlungen des Europ\u00e4ischen Datenschutzausschusses (EDSA) vom 18. Juni 2021 entsprechen.<\/p>\n<!-- \/wp:paragraph -->\n\n<!-- wp:paragraph -->\n<p><strong>Der Staatsrat best\u00e4tigte, dass die CNIL befugt sei, Sanktionen au\u00dferhalb des europ\u00e4ischen Single-Window-Mechanismus zu verh\u00e4ngen.<\/strong><\/p>\n<!-- \/wp:paragraph -->\n\n<!-- wp:paragraph -->\n<p>Der vorliegende Fall betrifft das Unternehmen Amazon Online France, das eine Niederlassung auf franz\u00f6sischem Gebiet hat und die Daten von in Frankreich ans\u00e4ssigen Personen verarbeitet.<\/p>\n<!-- \/wp:paragraph -->\n\n<!-- wp:paragraph -->\n<p>Damit wurde die im Jahr 2020 verh\u00e4ngte Geldbu\u00dfe in H\u00f6he von 35 Millionen Euro best\u00e4tigt, die die Verwendung von Cookies ohne Einwilligung der Nutzer unter Strafe stellte.<\/p>\n<!-- \/wp:paragraph -->\n\n<!-- wp:paragraph -->\n<p><strong>Am 30. Juni verh\u00e4ngte die CNIL eine Strafe in H\u00f6he von 1 Million Euro gegen das Unternehmen Total Energies Electricit\u00e9 et Gaz de France. <\/strong>insbesondere wegen Nichtbeachtung der Verpflichtungen hinsichtlich der kommerziellen Prospektion und der Rechte des Einzelnen<strong>.<\/strong><\/p>\n<!-- \/wp:paragraph -->\n\n<!-- wp:paragraph -->\n<p>Am 13. Juni startete die CNIL eine Studie zu Geolokalisierungsdaten, die von mobilen Anwendungen erfasst werden.<\/p>\n<!-- \/wp:paragraph -->\n\n<!-- wp:paragraph -->\n<p>Wie in ihrem Strategieplan 2022\u20132024 angek\u00fcndigt, m\u00f6chte die CNIL die \u00d6ffentlichkeit und Fachleute f\u00fcr die Probleme im Zusammenhang mit der Erfassung von Geolokalisierungsdaten durch mobile Anwendungen sensibilisieren.<\/p>\n<!-- \/wp:paragraph -->\n\n<!-- wp:paragraph -->\n<p>Es geht auch darum, die Einhaltung der DSGVO durch Fachleute im Bereich der kommerziellen Kundenakquise zu \u00fcberpr\u00fcfen.<\/p>\n<!-- \/wp:paragraph -->\n\n<!-- wp:paragraph -->\n<p><strong>Europa:<\/strong><\/p>\n<!-- \/wp:paragraph -->\n\n<!-- wp:paragraph -->\n<p><strong>Der Europ\u00e4ische Datenschutzbeauftragte (EDSB) \u00e4u\u00dfert seine Bedenken hinsichtlich der \u00c4nderungen der Europol-Verordnung, die am 28. Juni 2022 in Kraft getreten sind.<\/strong><\/p>\n<!-- \/wp:paragraph -->\n\n<!-- wp:paragraph -->\n<p>Der EDSB betont, dass sie das Grundrecht auf Datenschutz schw\u00e4chen, keine angemessene Aufsicht \u00fcber die Agentur gew\u00e4hrleisten und das Mandat von Europol im Hinblick auf den Austausch personenbezogener Daten mit privaten Parteien, den Einsatz k\u00fcnstlicher Intelligenz und die Verarbeitung gro\u00dfer Datens\u00e4tze erheblich erweitern.<\/p>\n<!-- \/wp:paragraph -->\n\n<!-- wp:paragraph -->\n<p>Am 14. Juni hat der Europ\u00e4ische Datenschutzausschuss (<strong>EDSA<\/strong>) ver\u00f6ffentlichte seine Antwort auf die <strong>Konsultation der Europ\u00e4ischen Kommission zur Schaffung eines digitalen Euro.<\/strong><\/p>\n<!-- \/wp:paragraph -->\n\n<!-- wp:paragraph -->\n<p>Am 16. Juni<strong>EDSA<\/strong> verabschiedeten Leitlinien f\u00fcr die <strong>Zertifizierung als Instrument f\u00fcr die \u00dcbermittlung personenbezogener Daten <\/strong>in Drittl\u00e4nder, die kein angemessenes Schutzniveau bieten.<\/p>\n<!-- \/wp:paragraph -->\n\n<!-- wp:paragraph -->\n<p>Die im Juni organisierte Konferenz<strong>EDSB<\/strong>, die online und pers\u00f6nlich von mehr als 2.000 Menschen verfolgt wurde, endete mit kritischen Beobachtungen \u00fcber die <strong>Europ\u00e4ische Zusammenarbeit bei Ermittlungen.<\/strong><\/p>\n<!-- \/wp:paragraph -->\n\n<!-- wp:paragraph -->\n<p>F\u00fcr den EDSB sollte jedes gute Modell starke Kollegialit\u00e4tsmechanismen beinhalten und strategische Untersuchungen k\u00f6nnten auf zentraler Ebene durchgef\u00fchrt werden, wodurch \u201eProbleme, die sich aus inkompatiblen nationalen Rechtsvorschriften oder unterschiedlichen Harmonisierungsversuchen ergeben\u201c, \u00fcberwunden w\u00fcrden.<\/p>\n<!-- \/wp:paragraph -->\n\n<!-- wp:paragraph -->\n<p>DER <strong>Europarat<\/strong> ver\u00f6ffentlicht eine Studie \u00fcber die <strong>Pegasus-Spyware<\/strong> und ihre Auswirkungen auf die Grundrechte. Es sei daran erinnert, dass diese Spyware auch Gegenstand einer Untersuchung des Europ\u00e4ischen Parlaments ist.<\/p>\n<!-- \/wp:paragraph -->\n\n<!-- wp:paragraph -->\n<p>DER <strong>Netzwerk zur Zusammenarbeit im Verbraucherschutz<\/strong> (CPC) hat in Zusammenarbeit mit Datenschutzbeh\u00f6rden 5 Schl\u00fcsselprinzipien f\u00fcr eine <strong>faire Werbung f\u00fcr Kinder<\/strong>S.<\/p>\n<!-- \/wp:paragraph -->\n\n<!-- wp:paragraph -->\n<p>DER<strong> Eidgen\u00f6ssischer Datenschutz- und \u00d6ffentlichkeitsbeauftragter (ED\u00d6B)<\/strong> riet der Suva (Schweizerische Unfallversicherungsanstalt, die ihre Mitarbeiter krankenversichert) <strong>seine Entscheidung, die Verarbeitung seiner personenbezogenen Daten in die Vereinigten Staaten auszulagern, zu \u00fcberdenken<\/strong>s \u2013 genauer gesagt im Cloud-Dienst von Microsoft, obwohl die Daten auf einem MS-Server in der Schweiz gehostet werden.<\/p>\n<!-- \/wp:paragraph -->\n\n<!-- wp:paragraph -->\n<p>Transfers au\u00dferhalb Europas stehen auch im Mittelpunkt der j\u00fcngsten Entscheidung des <strong>Der belgische Staatsrat hat die Entscheidung \u00fcber die Auswahl eines amerikanischen Auftragnehmers ausgesetzt. <\/strong>im Rahmen eines \u00f6ffentlichen Vergabeverfahrens mit der Begr\u00fcndung, dass diese Beh\u00f6rde nicht ausreichend gepr\u00fcft habe, ob der Auftragnehmer die Anforderungen der DSGVO, insbesondere die Bestimmungen zu \u00dcbermittlungen, eingehalten habe.<\/p>\n<!-- \/wp:paragraph -->\n\n<!-- wp:paragraph -->\n<p>Die Entscheidung stellt auch die weitere Verarbeitung durch ein anderes Unternehmen, Smart Analytics, mit Sitz in Russland in Frage (\u00fcber GDPRhub).<\/p>\n<!-- \/wp:paragraph -->\n\n<!-- wp:paragraph -->\n<p>Zehn Verbraucherverb\u00e4nde, unter der Koordination der <strong>Europ\u00e4ischer Verbraucherverband (BEUC)<\/strong>gab am 30. Juni bekannt, dass sie Schritte unternehmen, um sicherzustellen, dass Google das Gesetz einh\u00e4lt: Der Technologieriese w\u00fcrde Verbraucher bei der Anmeldung f\u00fcr ein Google-Konto zu seinem Tracking-System weiterleiten, anstatt den Schutz ihrer Daten standardm\u00e4\u00dfig und durch Technikgestaltung zu gew\u00e4hrleisten, wie es die DSGVO vorschreibt.<\/p>\n<!-- \/wp:paragraph -->\n\n<!-- wp:paragraph -->\n<p><strong>Die Reform der britischen Datenschutzgesetzgebung nach dem Brexit erreichte am 17. Juni mit der endg\u00fcltigen Antwort der Regierung auf ihre \u00f6ffentliche Konsultation einen neuen Meilenstein.<\/strong><\/p>\n<!-- \/wp:paragraph -->\n\n<!-- wp:paragraph -->\n<p>Das Dokument umfasst mehrere Reformen, wie etwa die Abschaffung der Verpflichtung zur Ernennung eines Datenschutzbeauftragten, den Ersatz der Zustimmungspflicht durch ein Widerspruchsrecht gegen die Verfolgung von Internetnutzern sowie \u00c4nderungen in der Arbeitsweise des Information Commissioner\u2019s Office.<\/p>\n<!-- \/wp:paragraph -->\n\n<!-- wp:paragraph -->\n<p><strong>Finnische ODA<\/strong> ordnete an, dass ein Krankenhaus Mitarbeiterhistorien, Standortprotokolle und andere pers\u00f6nliche Daten l\u00f6scht, die durch die standardm\u00e4\u00dfige Standortaufzeichnungsfunktion in Windows 10 generiert wurden.<\/p>\n<!-- \/wp:paragraph -->\n\n<!-- wp:paragraph -->\n<p>Diese Einstellung verstie\u00df gegen den Grundsatz des \u201edatenschutzfreundlichen Vorgehens\u201c gem\u00e4\u00df Artikel 25 Absatz 2 der DSGVO (\u00fcber GDPRhub).&nbsp;<\/p>\n<!-- \/wp:paragraph -->\n\n<!-- wp:paragraph -->\n<p><strong>Die italienische Datenschutzbeh\u00f6rde hat ein Krankenhaus mit einer Geldstrafe von 70.000 Euro belegt, weil es die Empf\u00e4nger zweier medizinischer Newsletter in CC gesetzt hatte.<\/strong> anstelle von CCI, ihre personenbezogenen Daten (einschlie\u00dflich Gesundheitsdaten) ohne Rechtsgrundlage an alle Empf\u00e4nger weiterzugeben (\u00fcber GDPRhub).<\/p>\n<!-- \/wp:paragraph -->\n\n<!-- wp:paragraph -->\n<p><strong>Zum gleichen Thema: Rum\u00e4niens ODA<\/strong> Au\u00dferdem wurde ein Subunternehmer, der f\u00fcr die Durchf\u00fchrung einer Marketingkampagne verantwortlich war, mit einer Geldstrafe von 1.000 Euro belegt, weil er eine Marketing-E-Mail an 27 Personen gesendet hatte, ohne deren E-Mail-Adressen zu verbergen.<\/p>\n<!-- \/wp:paragraph -->\n\n<!-- wp:paragraph -->\n<p>Erinnern wir uns daran <strong>Belgien entschied am 29. April in einem \u00e4hnlichen Fall, dass das Versenden einer solchen E-Mail keine Sicherheitsverletzung darstelle, wenn weniger als 16 Personen daran beteiligt seien.<\/strong><\/p>\n<!-- \/wp:paragraph -->\n\n<!-- wp:paragraph -->\n<p><strong>Internationales:<\/strong><\/p>\n<!-- \/wp:paragraph -->\n\n<!-- wp:paragraph -->\n<p><strong>Russland: <\/strong>Ein Moskauer Gericht hat Google wegen wiederholter Nichteinhaltung der Datenlokalisierungsregel mit einer Geldstrafe von 15 Millionen Rubel belegt.<\/p>\n<!-- \/wp:paragraph -->\n\n<!-- wp:paragraph -->\n<p>Gegen Google war bereits im Jahr 2021 eine Verwaltungssanktion verh\u00e4ngt worden, weil es gegen denselben Grundsatz des russischen Gesetzes \u00fcber personenbezogene Daten versto\u00dfen hatte, das Unternehmen dazu verpflichtet, die personenbezogenen Daten russischer B\u00fcrger auf dem Gebiet der Russischen F\u00f6deration zu speichern.<strong>.<\/strong><\/p>\n<!-- \/wp:paragraph -->\n\n<!-- wp:paragraph -->\n<p><strong>VEREINIGTE STAATEN: <\/strong>Die Auswirkungen der Entscheidung des Obersten Gerichtshofs im Fall Roe vs. Wade erstrecken sich auch auf Fragen des Datenschutzes.&nbsp;<\/p>\n<!-- \/wp:paragraph -->\n\n<!-- wp:paragraph -->\n<p>Die Frage betrifft die Haltung der Technologiegiganten zum Zugriff der Beh\u00f6rden auf Fruchtbarkeitsdaten.<\/p>\n<!-- \/wp:paragraph -->\n\n<!-- wp:paragraph -->\n<p>Diese Daten k\u00f6nnen durch Quellen wie Browserverlauf, Suchvorg\u00e4nge, E-Mail- und Textprotokolle, die Verwendung von Fruchtbarkeits-Apps und anderen kommerziellen Produkten, mit denen viele Benutzer t\u00e4glich interagieren, offengelegt werden.<\/p>\n<!-- \/wp:paragraph -->\n\n<!-- wp:paragraph -->\n<p>Wie The Register berichtet, wurden derartige Informationen von den Strafverfolgungsbeh\u00f6rden bereits als Beweismittel in F\u00e4llen verwendet, die mit Abtreibungen in Zusammenhang stehen.<\/p>\n<!-- \/wp:paragraph -->\n\n<!-- wp:paragraph -->\n<p><strong>China: <\/strong>Die New York Times ver\u00f6ffentlicht eine Untersuchung, in der sie Hunderte von Dokumenten zitiert, in denen detailliert beschrieben wird, welche Software China gekauft hat, um seine riesigen \u00dcberwachungsdatenbanken zu durchforsten und so vorherzusagen, wer als Verd\u00e4chtiger oder potenzieller Unruhestifter in Frage kommt.<\/p>\n<!-- \/wp:paragraph -->\n\n<!-- wp:paragraph -->\n<p><strong>In Kanada <\/strong>Seit dem 16. Juni sch\u00fctzt eine Charta der digitalen Rechte Verbraucherrechte und personenbezogene Daten und regelt die k\u00fcnstliche Intelligenz.<strong>.<\/strong><\/p>\n<!-- \/wp:paragraph -->\n\n<!-- wp:paragraph -->\n<p>Anne Christine Lacoste<\/p>\n<!-- \/wp:paragraph -->\n\n<!-- wp:paragraph -->\n<p><em>Anne Christine Lacoste, Partnerin bei Olivier Weber Avocat, ist Anw\u00e4ltin mit Spezialgebiet Datenschutz. Sie war Leiterin f\u00fcr internationale Beziehungen beim Europ\u00e4ischen Datenschutzbeauftragten und arbeitete an der Umsetzung der DSGVO in der Europ\u00e4ischen Union.<\/em><\/p>\n<!-- \/wp:paragraph -->\t\t\t\t\t\t<\/div>\n\t\t\t\t<\/div>\n\t\t\t\t\t<\/div>\n\t\t<\/div>\n\t\t\t\t\t<\/div>\n\t\t<\/section>\n\t\t\t\t<section class=\"elementor-section elementor-top-section elementor-element elementor-element-9692fee ot-traditional elementor-section-boxed elementor-section-height-default elementor-section-height-default\" data-id=\"9692fee\" data-element_type=\"section\">\n\t\t\t\t\t\t<div class=\"elementor-container elementor-column-gap-default\">\n\t\t\t\t\t<div class=\"elementor-column elementor-col-100 elementor-top-column elementor-element elementor-element-c17bbb4 ot-flex-column-vertical\" data-id=\"c17bbb4\" data-element_type=\"column\">\n\t\t\t<div class=\"elementor-widget-wrap elementor-element-populated\">\n\t\t\t\t\t\t<div class=\"elementor-element elementor-element-f387214 elementor-align-center elementor-widget elementor-widget-button\" data-id=\"f387214\" data-element_type=\"widget\" data-widget_type=\"button.default\">\n\t\t\t\t<div class=\"elementor-widget-container\">\n\t\t\t\t\t<div class=\"elementor-button-wrapper\">\n\t\t\t<a class=\"elementor-button elementor-button-link elementor-size-lg\" href=\"https:\/\/app.viqtor.eu\/\">\n\t\t\t\t\t\t<span class=\"elementor-button-content-wrapper\">\n\t\t\t\t\t\t<span class=\"elementor-button-icon\">\n\t\t\t\t<i aria-hidden=\"true\" class=\"fas fa-long-arrow-alt-right\"><\/i>\t\t\t<\/span>\n\t\t\t\t\t\t\t\t\t<span class=\"elementor-button-text\">Entdecken Sie Viqtor\u00ae<\/span>\n\t\t\t\t\t<\/span>\n\t\t\t\t\t<\/a>\n\t\t<\/div>\n\t\t\t\t<\/div>\n\t\t\t\t<\/div>\n\t\t\t\t\t<\/div>\n\t\t<\/div>\n\t\t\t\t\t<\/div>\n\t\t<\/section>\n\t\t\t\t<\/div>","protected":false},"excerpt":{"rendered":"<p>Metaverse Fashion Week in Decentraland, einer der beliebtesten virtuellen Welten. Legal Watch Nr. 48 \u2013 Juni 2022 Sch\u00f6ne neue Welt. Im M\u00e4rz 2022 fand die Metaverse Fashion Week in Decentraland, einer der beliebtesten virtuellen Welten, statt. Ein Online-Konzert, das auf der Spieleplattform Fortnite gestreamt wurde [\u2026]<\/p>","protected":false},"author":1,"featured_media":5659,"comment_status":"closed","ping_status":"open","sticky":false,"template":"elementor_header_footer","format":"standard","meta":{"_acf_changed":false,"footnotes":""},"categories":[35],"tags":[],"class_list":["post-5493","post","type-post","status-publish","format-standard","has-post-thumbnail","hentry","category-veille-juridique"],"acf":[],"yoast_head":"<!-- This site is optimized with the Yoast SEO plugin v23.6 - https:\/\/yoast.com\/wordpress\/plugins\/seo\/ -->\n<title>Metaverse Fashion Week dans Decentraland, l&#039;un des mondes virtuels les plus populaires. - Viqtor<\/title>\n<meta name=\"description\" content=\"Metaverse Fashion Week dans Decentraland, l&#039;un des mondes virtuels les plus populaires. Veille juridique - Viqtor\" \/>\n<meta name=\"robots\" content=\"index, follow, max-snippet:-1, max-image-preview:large, max-video-preview:-1\" \/>\n<link rel=\"canonical\" href=\"https:\/\/viqtor.eu\/de_at\/metaverse-fashion-week-dans-decentraland\/\" \/>\n<meta property=\"og:locale\" content=\"de_DE\" \/>\n<meta property=\"og:type\" content=\"article\" \/>\n<meta property=\"og:title\" content=\"Metaverse Fashion Week dans Decentraland, l&#039;un des mondes virtuels les plus populaires. - Viqtor\" \/>\n<meta property=\"og:description\" content=\"Metaverse Fashion Week dans Decentraland, l&#039;un des mondes virtuels les plus populaires. Veille juridique - Viqtor\" \/>\n<meta property=\"og:url\" content=\"https:\/\/viqtor.eu\/de_at\/metaverse-fashion-week-dans-decentraland\/\" \/>\n<meta property=\"og:site_name\" content=\"Viqtor\" \/>\n<meta property=\"article:published_time\" content=\"2023-04-19T13:18:17+00:00\" \/>\n<meta property=\"article:modified_time\" content=\"2024-07-26T16:04:19+00:00\" \/>\n<meta property=\"og:image\" content=\"https:\/\/viqtor.eu\/wp-content\/uploads\/2026\/04\/widget-viqtor.png\" \/>\n\t<meta property=\"og:image:width\" content=\"500\" \/>\n\t<meta property=\"og:image:height\" content=\"334\" \/>\n\t<meta property=\"og:image:type\" content=\"image\/jpeg\" \/>\n<meta name=\"author\" content=\"Bruno\" \/>\n<meta name=\"twitter:card\" content=\"summary_large_image\" \/>\n<meta name=\"twitter:label1\" content=\"Verfasst von\" \/>\n\t<meta name=\"twitter:data1\" content=\"Bruno\" \/>\n\t<meta name=\"twitter:label2\" content=\"Gesch\u00e4tzte Lesezeit\" \/>\n\t<meta name=\"twitter:data2\" content=\"11 Minuten\" \/>\n<script type=\"application\/ld+json\" class=\"yoast-schema-graph\">{\"@context\":\"https:\/\/schema.org\",\"@graph\":[{\"@type\":\"Article\",\"@id\":\"https:\/\/viqtor.eu\/metaverse-fashion-week-dans-decentraland\/#article\",\"isPartOf\":{\"@id\":\"https:\/\/viqtor.eu\/metaverse-fashion-week-dans-decentraland\/\"},\"author\":{\"name\":\"Bruno\",\"@id\":\"https:\/\/viqtor.eu\/#\/schema\/person\/3dbd9cc82a28f6cf1695c92eda0099ad\"},\"headline\":\"Metaverse Fashion Week dans Decentraland, l&rsquo;un des mondes virtuels les plus populaires.\",\"datePublished\":\"2023-04-19T13:18:17+00:00\",\"dateModified\":\"2024-07-26T16:04:19+00:00\",\"mainEntityOfPage\":{\"@id\":\"https:\/\/viqtor.eu\/metaverse-fashion-week-dans-decentraland\/\"},\"wordCount\":2428,\"publisher\":{\"@id\":\"https:\/\/viqtor.eu\/#organization\"},\"image\":{\"@id\":\"https:\/\/viqtor.eu\/metaverse-fashion-week-dans-decentraland\/#primaryimage\"},\"thumbnailUrl\":\"https:\/\/viqtor.eu\/wp-content\/uploads\/2023\/04\/shutterstock_1944426163.jpg\",\"articleSection\":[\"Veille juridique\"],\"inLanguage\":\"de-AT\"},{\"@type\":\"WebPage\",\"@id\":\"https:\/\/viqtor.eu\/metaverse-fashion-week-dans-decentraland\/\",\"url\":\"https:\/\/viqtor.eu\/metaverse-fashion-week-dans-decentraland\/\",\"name\":\"Metaverse Fashion Week dans Decentraland, l'un des mondes virtuels les plus populaires. - Viqtor\",\"isPartOf\":{\"@id\":\"https:\/\/viqtor.eu\/#website\"},\"primaryImageOfPage\":{\"@id\":\"https:\/\/viqtor.eu\/metaverse-fashion-week-dans-decentraland\/#primaryimage\"},\"image\":{\"@id\":\"https:\/\/viqtor.eu\/metaverse-fashion-week-dans-decentraland\/#primaryimage\"},\"thumbnailUrl\":\"https:\/\/viqtor.eu\/wp-content\/uploads\/2023\/04\/shutterstock_1944426163.jpg\",\"datePublished\":\"2023-04-19T13:18:17+00:00\",\"dateModified\":\"2024-07-26T16:04:19+00:00\",\"description\":\"Metaverse Fashion Week dans Decentraland, l'un des mondes virtuels les plus populaires. Veille juridique - Viqtor\",\"breadcrumb\":{\"@id\":\"https:\/\/viqtor.eu\/metaverse-fashion-week-dans-decentraland\/#breadcrumb\"},\"inLanguage\":\"de-AT\",\"potentialAction\":[{\"@type\":\"ReadAction\",\"target\":[\"https:\/\/viqtor.eu\/metaverse-fashion-week-dans-decentraland\/\"]}]},{\"@type\":\"ImageObject\",\"inLanguage\":\"de-AT\",\"@id\":\"https:\/\/viqtor.eu\/metaverse-fashion-week-dans-decentraland\/#primaryimage\",\"url\":\"https:\/\/viqtor.eu\/wp-content\/uploads\/2023\/04\/shutterstock_1944426163.jpg\",\"contentUrl\":\"https:\/\/viqtor.eu\/wp-content\/uploads\/2023\/04\/shutterstock_1944426163.jpg\",\"width\":500,\"height\":334},{\"@type\":\"BreadcrumbList\",\"@id\":\"https:\/\/viqtor.eu\/metaverse-fashion-week-dans-decentraland\/#breadcrumb\",\"itemListElement\":[{\"@type\":\"ListItem\",\"position\":1,\"name\":\"Accueil\",\"item\":\"https:\/\/viqtor.eu\/\"},{\"@type\":\"ListItem\",\"position\":2,\"name\":\"Metaverse Fashion Week dans Decentraland, l&rsquo;un des mondes virtuels les plus populaires.\"}]},{\"@type\":\"WebSite\",\"@id\":\"https:\/\/viqtor.eu\/#website\",\"url\":\"https:\/\/viqtor.eu\/\",\"name\":\"Viqtor\",\"description\":\"Faites du RGPD une opportunit\u00e9 pour votre entreprise.\",\"publisher\":{\"@id\":\"https:\/\/viqtor.eu\/#organization\"},\"potentialAction\":[{\"@type\":\"SearchAction\",\"target\":{\"@type\":\"EntryPoint\",\"urlTemplate\":\"https:\/\/viqtor.eu\/?s={search_term_string}\"},\"query-input\":{\"@type\":\"PropertyValueSpecification\",\"valueRequired\":true,\"valueName\":\"search_term_string\"}}],\"inLanguage\":\"de-AT\"},{\"@type\":\"Organization\",\"@id\":\"https:\/\/viqtor.eu\/#organization\",\"name\":\"viqtor.eu\",\"url\":\"https:\/\/viqtor.eu\/\",\"logo\":{\"@type\":\"ImageObject\",\"inLanguage\":\"de-AT\",\"@id\":\"https:\/\/viqtor.eu\/#\/schema\/logo\/image\/\",\"url\":\"https:\/\/viqtor.eu\/wp-content\/uploads\/2023\/06\/favicon-noir.svg\",\"contentUrl\":\"https:\/\/viqtor.eu\/wp-content\/uploads\/2023\/06\/favicon-noir.svg\",\"width\":108,\"height\":86,\"caption\":\"viqtor.eu\"},\"image\":{\"@id\":\"https:\/\/viqtor.eu\/#\/schema\/logo\/image\/\"}},{\"@type\":\"Person\",\"@id\":\"https:\/\/viqtor.eu\/#\/schema\/person\/3dbd9cc82a28f6cf1695c92eda0099ad\",\"name\":\"Bruno\",\"image\":{\"@type\":\"ImageObject\",\"inLanguage\":\"de-AT\",\"@id\":\"https:\/\/viqtor.eu\/#\/schema\/person\/image\/\",\"url\":\"https:\/\/secure.gravatar.com\/avatar\/e5a596f9489de15bfe046e97fb771f63589b601ca7e81ccc2bb9a23582f441a3?s=96&d=mm&r=g\",\"contentUrl\":\"https:\/\/secure.gravatar.com\/avatar\/e5a596f9489de15bfe046e97fb771f63589b601ca7e81ccc2bb9a23582f441a3?s=96&d=mm&r=g\",\"caption\":\"Bruno\"},\"sameAs\":[\"https:\/\/exciting-panini.13-37-234-21.plesk.page\"],\"url\":\"https:\/\/viqtor.eu\/de_at\/author\/mouad_zxum2ebi\/\"}]}<\/script>\n<!-- \/ Yoast SEO plugin. -->","yoast_head_json":{"title":"Metaverse Fashion Week dans Decentraland, l'un des mondes virtuels les plus populaires. - Viqtor","description":"Metaverse Fashion Week dans Decentraland, l'un des mondes virtuels les plus populaires. Veille juridique - Viqtor","robots":{"index":"index","follow":"follow","max-snippet":"max-snippet:-1","max-image-preview":"max-image-preview:large","max-video-preview":"max-video-preview:-1"},"canonical":"https:\/\/viqtor.eu\/de_at\/metaverse-fashion-week-dans-decentraland\/","og_locale":"de_DE","og_type":"article","og_title":"Metaverse Fashion Week dans Decentraland, l'un des mondes virtuels les plus populaires. - Viqtor","og_description":"Metaverse Fashion Week dans Decentraland, l'un des mondes virtuels les plus populaires. Veille juridique - Viqtor","og_url":"https:\/\/viqtor.eu\/de_at\/metaverse-fashion-week-dans-decentraland\/","og_site_name":"Viqtor","article_published_time":"2023-04-19T13:18:17+00:00","article_modified_time":"2024-07-26T16:04:19+00:00","og_image":[{"width":500,"height":334,"url":"https:\/\/viqtor.eu\/wp-content\/uploads\/2026\/04\/widget-viqtor.png","type":"image\/jpeg"}],"author":"Bruno","twitter_card":"summary_large_image","twitter_misc":{"Verfasst von":"Bruno","Gesch\u00e4tzte Lesezeit":"11 Minuten"},"schema":{"@context":"https:\/\/schema.org","@graph":[{"@type":"Article","@id":"https:\/\/viqtor.eu\/metaverse-fashion-week-dans-decentraland\/#article","isPartOf":{"@id":"https:\/\/viqtor.eu\/metaverse-fashion-week-dans-decentraland\/"},"author":{"name":"Bruno","@id":"https:\/\/viqtor.eu\/#\/schema\/person\/3dbd9cc82a28f6cf1695c92eda0099ad"},"headline":"Metaverse Fashion Week dans Decentraland, l&rsquo;un des mondes virtuels les plus populaires.","datePublished":"2023-04-19T13:18:17+00:00","dateModified":"2024-07-26T16:04:19+00:00","mainEntityOfPage":{"@id":"https:\/\/viqtor.eu\/metaverse-fashion-week-dans-decentraland\/"},"wordCount":2428,"publisher":{"@id":"https:\/\/viqtor.eu\/#organization"},"image":{"@id":"https:\/\/viqtor.eu\/metaverse-fashion-week-dans-decentraland\/#primaryimage"},"thumbnailUrl":"https:\/\/viqtor.eu\/wp-content\/uploads\/2023\/04\/shutterstock_1944426163.jpg","articleSection":["Veille juridique"],"inLanguage":"de-AT"},{"@type":"WebPage","@id":"https:\/\/viqtor.eu\/metaverse-fashion-week-dans-decentraland\/","url":"https:\/\/viqtor.eu\/metaverse-fashion-week-dans-decentraland\/","name":"Metaverse Fashion Week dans Decentraland, l'un des mondes virtuels les plus populaires. - Viqtor","isPartOf":{"@id":"https:\/\/viqtor.eu\/#website"},"primaryImageOfPage":{"@id":"https:\/\/viqtor.eu\/metaverse-fashion-week-dans-decentraland\/#primaryimage"},"image":{"@id":"https:\/\/viqtor.eu\/metaverse-fashion-week-dans-decentraland\/#primaryimage"},"thumbnailUrl":"https:\/\/viqtor.eu\/wp-content\/uploads\/2023\/04\/shutterstock_1944426163.jpg","datePublished":"2023-04-19T13:18:17+00:00","dateModified":"2024-07-26T16:04:19+00:00","description":"Metaverse Fashion Week dans Decentraland, l'un des mondes virtuels les plus populaires. Veille juridique - Viqtor","breadcrumb":{"@id":"https:\/\/viqtor.eu\/metaverse-fashion-week-dans-decentraland\/#breadcrumb"},"inLanguage":"de-AT","potentialAction":[{"@type":"ReadAction","target":["https:\/\/viqtor.eu\/metaverse-fashion-week-dans-decentraland\/"]}]},{"@type":"ImageObject","inLanguage":"de-AT","@id":"https:\/\/viqtor.eu\/metaverse-fashion-week-dans-decentraland\/#primaryimage","url":"https:\/\/viqtor.eu\/wp-content\/uploads\/2023\/04\/shutterstock_1944426163.jpg","contentUrl":"https:\/\/viqtor.eu\/wp-content\/uploads\/2023\/04\/shutterstock_1944426163.jpg","width":500,"height":334},{"@type":"BreadcrumbList","@id":"https:\/\/viqtor.eu\/metaverse-fashion-week-dans-decentraland\/#breadcrumb","itemListElement":[{"@type":"ListItem","position":1,"name":"Accueil","item":"https:\/\/viqtor.eu\/"},{"@type":"ListItem","position":2,"name":"Metaverse Fashion Week dans Decentraland, l&rsquo;un des mondes virtuels les plus populaires."}]},{"@type":"WebSite","@id":"https:\/\/viqtor.eu\/#website","url":"https:\/\/viqtor.eu\/","name":"Viqtor","description":"Faites du RGPD une opportunit\u00e9 pour votre entreprise.","publisher":{"@id":"https:\/\/viqtor.eu\/#organization"},"potentialAction":[{"@type":"SearchAction","target":{"@type":"EntryPoint","urlTemplate":"https:\/\/viqtor.eu\/?s={search_term_string}"},"query-input":{"@type":"PropertyValueSpecification","valueRequired":true,"valueName":"search_term_string"}}],"inLanguage":"de-AT"},{"@type":"Organization","@id":"https:\/\/viqtor.eu\/#organization","name":"viqtor.eu","url":"https:\/\/viqtor.eu\/","logo":{"@type":"ImageObject","inLanguage":"de-AT","@id":"https:\/\/viqtor.eu\/#\/schema\/logo\/image\/","url":"https:\/\/viqtor.eu\/wp-content\/uploads\/2023\/06\/favicon-noir.svg","contentUrl":"https:\/\/viqtor.eu\/wp-content\/uploads\/2023\/06\/favicon-noir.svg","width":108,"height":86,"caption":"viqtor.eu"},"image":{"@id":"https:\/\/viqtor.eu\/#\/schema\/logo\/image\/"}},{"@type":"Person","@id":"https:\/\/viqtor.eu\/#\/schema\/person\/3dbd9cc82a28f6cf1695c92eda0099ad","name":"Bruno","image":{"@type":"ImageObject","inLanguage":"de-AT","@id":"https:\/\/viqtor.eu\/#\/schema\/person\/image\/","url":"https:\/\/secure.gravatar.com\/avatar\/e5a596f9489de15bfe046e97fb771f63589b601ca7e81ccc2bb9a23582f441a3?s=96&d=mm&r=g","contentUrl":"https:\/\/secure.gravatar.com\/avatar\/e5a596f9489de15bfe046e97fb771f63589b601ca7e81ccc2bb9a23582f441a3?s=96&d=mm&r=g","caption":"Bruno"},"sameAs":["https:\/\/exciting-panini.13-37-234-21.plesk.page"],"url":"https:\/\/viqtor.eu\/de_at\/author\/mouad_zxum2ebi\/"}]}},"_links":{"self":[{"href":"https:\/\/viqtor.eu\/de_at\/wp-json\/wp\/v2\/posts\/5493","targetHints":{"allow":["GET"]}}],"collection":[{"href":"https:\/\/viqtor.eu\/de_at\/wp-json\/wp\/v2\/posts"}],"about":[{"href":"https:\/\/viqtor.eu\/de_at\/wp-json\/wp\/v2\/types\/post"}],"author":[{"embeddable":true,"href":"https:\/\/viqtor.eu\/de_at\/wp-json\/wp\/v2\/users\/1"}],"replies":[{"embeddable":true,"href":"https:\/\/viqtor.eu\/de_at\/wp-json\/wp\/v2\/comments?post=5493"}],"version-history":[{"count":8,"href":"https:\/\/viqtor.eu\/de_at\/wp-json\/wp\/v2\/posts\/5493\/revisions"}],"predecessor-version":[{"id":12028,"href":"https:\/\/viqtor.eu\/de_at\/wp-json\/wp\/v2\/posts\/5493\/revisions\/12028"}],"wp:featuredmedia":[{"embeddable":true,"href":"https:\/\/viqtor.eu\/de_at\/wp-json\/wp\/v2\/media\/5659"}],"wp:attachment":[{"href":"https:\/\/viqtor.eu\/de_at\/wp-json\/wp\/v2\/media?parent=5493"}],"wp:term":[{"taxonomy":"category","embeddable":true,"href":"https:\/\/viqtor.eu\/de_at\/wp-json\/wp\/v2\/categories?post=5493"},{"taxonomy":"post_tag","embeddable":true,"href":"https:\/\/viqtor.eu\/de_at\/wp-json\/wp\/v2\/tags?post=5493"}],"curies":[{"name":"wp","href":"https:\/\/api.w.org\/{rel}","templated":true}]}}